{"id":35184,"date":"2026-08-20T16:00:11","date_gmt":"2026-08-20T14:00:11","guid":{"rendered":"https:\/\/www.welovecycling.com\/cs\/?p=35184"},"modified":"2026-08-20T10:00:46","modified_gmt":"2026-08-20T08:00:46","slug":"monako-stadion-o-rozmeru-statu","status":"publish","type":"post","link":"https:\/\/www.welovecycling.com\/cs\/2026\/08\/20\/monako-stadion-o-rozmeru-statu\/","title":{"rendered":"Kasino jako p\u0159\u00edhodn\u00fd start . Aneb Monako jako stadion"},"content":{"rendered":"<p><strong>Je to zvl\u00e1\u0161tn\u00ed m\u00edsto. Tak mal\u00e9, \u017ee ne\u017e si sta\u010d\u00edte po\u0159\u00e1dn\u011b nastavit navigaci v aut\u011b, budete mo\u017en\u00e1 na druh\u00e9 stran\u011b. A p\u0159esto se do Monaka vejde Grand Prix formule 1, jeden z nejslavn\u011bj\u0161\u00edch tenisov\u00fdch turnaj\u016f sv\u011bta, rallye, jachting, atletika, fotbal. A od soboty tak\u00e9 cel\u00e1 Vuelta.<\/strong><\/p>\n<p>Z Place du Casino, kde se obvykle sp\u00ed\u0161 srocuj\u00ed boh\u00e1\u010di s nutk\u00e1n\u00edm po\u0161k\u00e1dlit v tamn\u00edm kasinu \u0161t\u011bst\u00ed, odstartuje v sobotu 22. srpna Vuelta. Dev\u011bt kilometr\u016f a \u010dty\u0159i sta metr\u016f dlouh\u00e1 \u010dasovka se odehraje kompletn\u011b na \u00fazem\u00ed kn\u00ed\u017eectv\u00ed a bude to historick\u00e1 ud\u00e1lost: Monako se stane v\u016fbec prvn\u00edm m\u00edstem, kter\u00e9 hostilo start v\u0161ech t\u0159\u00ed Grand Tour. Giro d\u2019Italia tu za\u010dalo v roce 1966, Tour de France v roce 2009 a letos Vuelta.<\/p>\n<h2><strong>V ulic\u00edch, kde se proh\u00e1n\u00ed milionov\u00e9 bour\u00e1ky<\/strong><\/h2>\n<p>V \u017e\u00e1dn\u00e9m jin\u00e9m kout\u011b sv\u011bta se toho na tak mal\u00e9m prostoru nesna\u017e\u00ed d\u011blat tolik. Minist\u00e1te\u010dek, kter\u00fd je vlastn\u011b jeden velk\u00fd stadion a kter\u00fd m\u00e1 jednu z\u00e1sadn\u00ed nev\u00fdhodu \u2013 postr\u00e1d\u00e1 prostor. Tak\u017ee co nejde do \u0161\u00ed\u0159e, buduje se tu do v\u00fd\u0161ky. Proto tolik obytn\u00fdch mrakodrap\u016f.<\/p>\n<p>A to je pon\u011bkud probl\u00e9m, pokud chcete po\u0159\u00e1dat velk\u00e9 sportovn\u00ed podniky. Nem\u016f\u017eete jen tak zbudovat nov\u00fd stadion n\u011bkde za m\u011bstem a kolem n\u011bj parkovi\u0161t\u011b, nem\u016f\u017eete nat\u00e1hnout bulv\u00e1r. Tak si prost\u011b vezmete cel\u00e9 m\u011bsto.<\/p>\n<p>Kdy\u017e se tu jede formule 1, m\u011bsto se prom\u011bn\u00ed v z\u00e1vodn\u00ed okruh. Kdy\u017e se hraje tenis, \u010d\u00e1st Monte Carla je tenisov\u00fdm chr\u00e1mem. Pokud p\u0159ijede rallye, auta vyraz\u00ed do okoln\u00edch hor. A kdy\u017e doraz\u00ed Vuelta, z\u00e1vodn\u00edci si vezmou do par\u00e1dy ulice, po kter\u00fdch se jinak proh\u00e1n\u011bj\u00ed Ferrari, Porsche a dal\u0161\u00ed bour\u00e1ky, jejich\u017e cena p\u0159esahuje mo\u017enosti kdekoho z n\u00e1s. Monako je zkr\u00e1tka sportovi\u0161t\u011b, kter\u00e9 nemuselo b\u00fdt postaveno, ono u\u017e tam bylo.<\/p>\n<p><a href=\"https:\/\/d2p6e6u75xmxt8.cloudfront.net\/13\/2026\/08\/profimedia-0675728553.webp\"><img loading=\"lazy\" decoding=\"async\" class=\"alignnone size-full wp-image-35189\" src=\"https:\/\/d2p6e6u75xmxt8.cloudfront.net\/13\/2026\/08\/profimedia-0675728553.webp\" alt=\"\" width=\"1800\" height=\"1350\" srcset=\"https:\/\/d2p6e6u75xmxt8.cloudfront.net\/13\/2026\/08\/profimedia-0675728553.webp 1800w, https:\/\/d2p6e6u75xmxt8.cloudfront.net\/13\/2026\/08\/profimedia-0675728553-300x225.webp 300w, https:\/\/d2p6e6u75xmxt8.cloudfront.net\/13\/2026\/08\/profimedia-0675728553-1024x768.webp 1024w, https:\/\/d2p6e6u75xmxt8.cloudfront.net\/13\/2026\/08\/profimedia-0675728553-768x576.webp 768w, https:\/\/d2p6e6u75xmxt8.cloudfront.net\/13\/2026\/08\/profimedia-0675728553-1536x1152.webp 1536w, https:\/\/d2p6e6u75xmxt8.cloudfront.net\/13\/2026\/08\/profimedia-0675728553-400x300.webp 400w\" sizes=\"auto, (max-width: 1800px) 100vw, 1800px\" \/><\/a><\/p>\n<p>\u010casovka Vuelty bude kr\u00e1tk\u00e1, ale rozhodn\u011b ne nudn\u00e1. Za\u010d\u00edn\u00e1 u kasina, co\u017e je docela p\u0159\u00edhodn\u00e9: z\u00e1vodn\u00edk taky nikdy nev\u00ed, co z n\u00ed vyleze. Potom se jezdci vydaj\u00ed p\u0159es Boulevard des Moulins, oto\u010d\u00ed se o 180 stup\u0148\u016f, zam\u00ed\u0159\u00ed na Avenue de la Madone a d\u00e1l po Avenue Princesse Grace. Pak p\u0159ijdou tunel, p\u0159\u00edstav, dal\u0161\u00ed zat\u00e1\u010dky a je\u0161t\u011b tunel.<\/p>\n<p>Je to \u010dasovka, ale z\u00e1rove\u0148 tak trochu turistick\u00e1 prohl\u00eddka Monaka v rychlosti kolem pades\u00e1ti kilometr\u016f za hodinu. Jen pr\u016fvodce chyb\u00ed. Ono ale stejn\u011b nebude moc \u010dasu d\u00edvat se kolem na mo\u0159e, jachty, kn\u00ed\u017eec\u00ed pal\u00e1c, luxusn\u00ed hotely. M\u00edsto toho bude ka\u017ed\u00fd \u0159e\u0161it, jestli v dal\u0161\u00ed zat\u00e1\u010dce neud\u011bl\u00e1 chybu v cen\u011b n\u011bkolika de\/setin sekundy.<\/p>\n<h2><strong>Monako se za \u0159\u00edd\u00edtky ned\u00e1 pochopit<\/strong><\/h2>\n<p>Pro cyklistu je Monako zvl\u00e1\u0161tn\u00ed prost\u0159ed\u00ed. V\u011bt\u0161ina m\u011bst se d\u00e1 na kole n\u011bjak pochopit, Monako m\u00e9n\u011b. Silnice se po\u0159\u00e1d n\u011bkam zvedaj\u00ed nebo padaj\u00ed, ulice miz\u00ed v tunelech a kdy\u017e u\u017e m\u00e1te pocit, \u017ee jste kone\u010dn\u011b na\u0161li rovinu, zjist\u00edte, \u017ee je dlouh\u00e1 sotva t\u0159icet metr\u016f.<\/p>\n<blockquote class=\"instagram-media\" style=\"background: #FFF; border: 0; border-radius: 3px; box-shadow: 0 0 1px 0 rgba(0,0,0,0.5),0 1px 10px 0 rgba(0,0,0,0.15); margin: 1px; max-width: 540px; min-width: 326px; padding: 0; width: calc(100% - 2px);\" data-instgrm-captioned=\"\" data-instgrm-permalink=\"https:\/\/www.instagram.com\/reel\/DcOkG4gKCQi\/?utm_source=ig_embed&amp;utm_campaign=loading\" data-instgrm-version=\"14\">\n<div style=\"padding: 16px;\">\n<p>&nbsp;<\/p>\n<div style=\"display: flex; flex-direction: row; align-items: center;\">\n<div style=\"background-color: #f4f4f4; border-radius: 50%; flex-grow: 0; height: 40px; margin-right: 14px; width: 40px;\"><\/div>\n<div style=\"display: flex; flex-direction: column; flex-grow: 1; justify-content: center;\">\n<div style=\"background-color: #f4f4f4; border-radius: 4px; flex-grow: 0; height: 14px; margin-bottom: 6px; width: 100px;\"><\/div>\n<div style=\"background-color: #f4f4f4; border-radius: 4px; flex-grow: 0; height: 14px; width: 60px;\"><\/div>\n<\/div>\n<\/div>\n<div style=\"padding: 19% 0;\"><\/div>\n<div style=\"display: block; height: 50px; margin: 0 auto 12px; width: 50px;\"><\/div>\n<div style=\"padding-top: 8px;\">\n<div style=\"color: #3897f0; font-family: Arial,sans-serif; font-size: 14px; font-style: normal; font-weight: 550; line-height: 18px;\">Zobrazit p\u0159\u00edsp\u011bvek na Instagramu<\/div>\n<\/div>\n<div style=\"padding: 12.5% 0;\"><\/div>\n<div style=\"display: flex; flex-direction: row; margin-bottom: 14px; align-items: center;\">\n<div>\n<div style=\"background-color: #f4f4f4; border-radius: 50%; height: 12.5px; width: 12.5px; transform: translateX(0px) translateY(7px);\"><\/div>\n<div style=\"background-color: #f4f4f4; height: 12.5px; transform: rotate(-45deg) translateX(3px) translateY(1px); width: 12.5px; flex-grow: 0; margin-right: 14px; margin-left: 2px;\"><\/div>\n<div style=\"background-color: #f4f4f4; border-radius: 50%; height: 12.5px; width: 12.5px; transform: translateX(9px) translateY(-18px);\"><\/div>\n<\/div>\n<div style=\"margin-left: 8px;\">\n<div style=\"background-color: #f4f4f4; border-radius: 50%; flex-grow: 0; height: 20px; width: 20px;\"><\/div>\n<div style=\"width: 0; height: 0; border-top: 2px solid transparent; border-left: 6px solid #f4f4f4; border-bottom: 2px solid transparent; transform: translateX(16px) translateY(-4px) rotate(30deg);\"><\/div>\n<\/div>\n<div style=\"margin-left: auto;\">\n<div style=\"width: 0px; border-top: 8px solid #F4F4F4; border-right: 8px solid transparent; transform: translateY(16px);\"><\/div>\n<div style=\"background-color: #f4f4f4; flex-grow: 0; height: 12px; width: 16px; transform: translateY(-4px);\"><\/div>\n<div style=\"width: 0; height: 0; border-top: 8px solid #F4F4F4; border-left: 8px solid transparent; transform: translateY(-4px) translateX(8px);\"><\/div>\n<\/div>\n<\/div>\n<div style=\"display: flex; flex-direction: column; flex-grow: 1; justify-content: center; margin-bottom: 24px;\">\n<div style=\"background-color: #f4f4f4; border-radius: 4px; flex-grow: 0; height: 14px; margin-bottom: 6px; width: 224px;\"><\/div>\n<div style=\"background-color: #f4f4f4; border-radius: 4px; flex-grow: 0; height: 14px; width: 144px;\"><\/div>\n<\/div>\n<p>&nbsp;<\/p>\n<p style=\"color: #c9c8cd; font-family: Arial,sans-serif; font-size: 14px; line-height: 17px; margin-bottom: 0; margin-top: 8px; overflow: hidden; padding: 8px 0 7px; text-align: center; text-overflow: ellipsis; white-space: nowrap;\"><a style=\"color: #c9c8cd; font-family: Arial,sans-serif; font-size: 14px; font-style: normal; font-weight: normal; line-height: 17px; text-decoration: none;\" href=\"https:\/\/www.instagram.com\/reel\/DcOkG4gKCQi\/?utm_source=ig_embed&amp;utm_campaign=loading\" target=\"_blank\" rel=\"noopener\">P\u0159\u00edsp\u011bvek sd\u00edlen\u00fd deporvillage (@deporvillage)<\/a><\/p>\n<\/div>\n<\/blockquote>\n<p><script async src=\"\/\/www.instagram.com\/embed.js\"><\/script>\u00a0Pro z\u00e1vodn\u00edka ov\u0161em p\u0159edstavuje okol\u00ed Monaka t\u00e9m\u011b\u0159 ide\u00e1ln\u00ed z\u00e1kladnu. K rovin\u00e1m pod\u00e9l mo\u0159e sm\u011br Nice nebo naopak do It\u00e1lie to maj\u00ed kousek, do kopc\u016f taky. Azurov\u00e9 pob\u0159e\u017e\u00ed nab\u00edz\u00ed i v zim\u011b p\u0159\u00edjemn\u00e9 podm\u00ednky a Alpy za\u010d\u00ednaj\u00ed prakticky za dve\u0159mi.<\/p>\n<p>Monako pochopilo s\u00edlu sportu d\u00e1vno p\u0159edt\u00edm, ne\u017e vznikly soci\u00e1ln\u00ed s\u00edt\u011b. Sport je pro n\u011bj dokonalou reklamou. Formule sem ka\u017ed\u00fd rok p\u0159ivedou sv\u011bt. Monte-Carlo Masters ud\u011bl\u00e1 tot\u00e9\u017e s tenisov\u00fdm publikem. Jachting ukazuje kn\u00ed\u017eectv\u00ed z mo\u0159e, rallye z hor a te\u010f Vuelta zpoza \u0159\u00edd\u00edtek.<\/p>\n<h2><strong>I s dom\u00e1c\u00edm vrcha\u0159em<\/strong><\/h2>\n<p>Monako u\u017e ostatn\u011b cyklistiku dob\u0159e zn\u00e1. Giro tu za\u010dalo p\u0159ed \u0161edes\u00e1ti lety. Tour de France p\u0159ijela v roce 2009 a pr\u00e1v\u011b tehdy se na p\u00f3diu objevil tak\u00e9 mal\u00fd monack\u00fd cyklista Victor Langellotti. Ten se pozd\u011bji stal profesion\u00e1lem a v roce 2022 jako prvn\u00ed jezdec monack\u00e9 n\u00e1rodnosti obl\u00e9kl dres l\u00eddra vrcha\u0159sk\u00e9 sout\u011b\u017ee na Grand Tour, punt\u00edkat\u00fd dres na\u2026 <a href=\"https:\/\/www.welovecycling.com\/cs\/2026\/08\/19\/vuelta-2026-program-a-klicove-etapy\/\">Vuelt\u011b<\/a>.<\/p>\n<p><a href=\"https:\/\/d2p6e6u75xmxt8.cloudfront.net\/13\/2026\/08\/profimedia-0677475555.webp\"><img loading=\"lazy\" decoding=\"async\" class=\"alignnone size-full wp-image-35188\" src=\"https:\/\/d2p6e6u75xmxt8.cloudfront.net\/13\/2026\/08\/profimedia-0677475555.webp\" alt=\"\" width=\"1800\" height=\"1320\" srcset=\"https:\/\/d2p6e6u75xmxt8.cloudfront.net\/13\/2026\/08\/profimedia-0677475555.webp 1800w, https:\/\/d2p6e6u75xmxt8.cloudfront.net\/13\/2026\/08\/profimedia-0677475555-300x220.webp 300w, https:\/\/d2p6e6u75xmxt8.cloudfront.net\/13\/2026\/08\/profimedia-0677475555-1024x751.webp 1024w, https:\/\/d2p6e6u75xmxt8.cloudfront.net\/13\/2026\/08\/profimedia-0677475555-768x563.webp 768w, https:\/\/d2p6e6u75xmxt8.cloudfront.net\/13\/2026\/08\/profimedia-0677475555-1536x1126.webp 1536w, https:\/\/d2p6e6u75xmxt8.cloudfront.net\/13\/2026\/08\/profimedia-0677475555-400x293.webp 400w\" sizes=\"auto, (max-width: 1800px) 100vw, 1800px\" \/><\/a><\/p>\n<p>A te\u010f se p\u0159\u00edb\u011bh vrac\u00ed na za\u010d\u00e1tek. Langellotti u\u017e nen\u00ed d\u00edt\u011btem stoj\u00edc\u00edm vedle sv\u00fdch idol\u016f, je profesion\u00e1lem a po pon\u011bkud n\u00e1hl\u00e9m p\u0159estupu z Ineosu do Astany uprost\u0159ed sezony se v dresu monack\u00e9ho mistra postav\u00ed doma na start.<\/p>\n<p>V sobotu odpoledne bude sta\u010dit stoupnout si n\u011bkam k trati, pod\u00edvat se na va\u0161e p\u0159\u00ed\u0161ern\u011b drah\u00e9 hodinky a po\u010dkat, a\u017e se kolem kasina a jachet pro\u017eene prvn\u00ed cyklista. Jen jedno tu mo\u017en\u00e1 bude trochu jin\u00e9 ne\u017e na jin\u00fdch z\u00e1vodech. V Monaku se ned\u00e1 vylou\u010dit, \u017ee za n\u00edm nepojede n\u011bjak\u00e9 Lamborghini.<\/p>\n","protected":false},"excerpt":{"rendered":"<p>Je to zvl\u00e1\u0161tn\u00ed m\u00edsto. Tak mal\u00e9, \u017ee ne\u017e si sta\u010d\u00edte po\u0159\u00e1dn\u011b nastavit navigaci v aut\u011b, budete mo\u017en\u00e1 na druh\u00e9 stran\u011b. [&hellip;]<\/p>\n","protected":false},"author":138,"featured_media":35190,"comment_status":"open","ping_status":"open","sticky":false,"template":"","format":"standard","meta":{"footnotes":""},"categories":[10],"tags":[126,2875,9,4416],"global-categories":[411],"class_list":["post-35184","post","type-post","status-publish","format-standard","has-post-thumbnail","hentry","category-silnicni-cyklistika","tag-cyklistika","tag-monako","tag-silnicni-cyklistika","tag-vuelta-2026","global-categories-cycling"],"yoast_head":"<!-- This site is optimized with the Yoast SEO Premium plugin v25.3 (Yoast SEO v25.9) - https:\/\/yoast.com\/wordpress\/plugins\/seo\/ -->\n<title>Kasino jako p\u0159\u00edhodn\u00fd start . Aneb Monako jako stadion | \u0160koda We Love Cycling - \u010cesk\u00e1 republika<\/title>\n<meta name=\"description\" content=\"Je to zvl\u00e1\u0161tn\u00ed m\u00edsto. Tak mal\u00e9, \u017ee ne\u017e si sta\u010d\u00edte po\u0159\u00e1dn\u011b nastavit navigaci v aut\u011b, budete mo\u017en\u00e1 na druh\u00e9 stran\u011b. A p\u0159esto se do Monaka vejde Grand Prix formule 1, jeden z nejslavn\u011bj\u0161\u00edch tenisov\u00fdch turnaj\u016f sv\u011bta, rallye, jachting, atletika, fotbal. A od soboty tak\u00e9 cel\u00e1 Vuelta.\" \/>\n<meta name=\"robots\" content=\"index, follow, max-snippet:-1, max-image-preview:large, max-video-preview:-1\" \/>\n<link rel=\"canonical\" href=\"https:\/\/www.welovecycling.com\/cs\/2026\/08\/20\/monako-stadion-o-rozmeru-statu\/\" \/>\n<meta property=\"og:locale\" content=\"cs_CZ\" \/>\n<meta property=\"og:type\" content=\"article\" \/>\n<meta property=\"og:title\" content=\"Kasino jako p\u0159\u00edhodn\u00fd start . Aneb Monako jako stadion\" \/>\n<meta property=\"og:description\" content=\"Je to zvl\u00e1\u0161tn\u00ed m\u00edsto. Tak mal\u00e9, \u017ee ne\u017e si sta\u010d\u00edte po\u0159\u00e1dn\u011b nastavit navigaci v aut\u011b, budete mo\u017en\u00e1 na druh\u00e9 stran\u011b. A p\u0159esto se do Monaka vejde Grand Prix formule 1, jeden z nejslavn\u011bj\u0161\u00edch tenisov\u00fdch turnaj\u016f sv\u011bta, rallye, jachting, atletika, fotbal. A od soboty tak\u00e9 cel\u00e1 Vuelta.\" \/>\n<meta property=\"og:url\" content=\"https:\/\/www.welovecycling.com\/cs\/2026\/08\/20\/monako-stadion-o-rozmeru-statu\/\" \/>\n<meta property=\"og:site_name\" content=\"\u0160koda We Love Cycling - \u010cesk\u00e1 republika\" \/>\n<meta property=\"article:published_time\" content=\"2026-08-20T14:00:11+00:00\" \/>\n<meta property=\"og:image\" content=\"https:\/\/d2p6e6u75xmxt8.cloudfront.net\/13\/2026\/08\/profimedia-0677475756.webp\" \/>\n\t<meta property=\"og:image:width\" content=\"1800\" \/>\n\t<meta property=\"og:image:height\" content=\"1148\" \/>\n\t<meta property=\"og:image:type\" content=\"image\/webp\" \/>\n<meta name=\"author\" content=\"radekmalina\" \/>\n<meta name=\"twitter:card\" content=\"summary_large_image\" \/>\n<meta name=\"twitter:label1\" content=\"Written by\" \/>\n\t<meta name=\"twitter:data1\" content=\"Radek Malina\" \/>\n\t<meta name=\"twitter:label2\" content=\"Est. reading time\" \/>\n\t<meta name=\"twitter:data2\" content=\"6\" \/>\n<script type=\"application\/ld+json\" class=\"yoast-schema-graph\">{\"@context\":\"https:\/\/schema.org\",\"@graph\":[{\"@type\":\"WebPage\",\"@id\":\"https:\/\/www.welovecycling.com\/cs\/2026\/08\/20\/monako-stadion-o-rozmeru-statu\/\",\"url\":\"https:\/\/www.welovecycling.com\/cs\/2026\/08\/20\/monako-stadion-o-rozmeru-statu\/\",\"name\":\"Kasino jako p\u0159\u00edhodn\u00fd start . Aneb Monako jako stadion | \u0160koda We Love Cycling - \u010cesk\u00e1 republika\",\"isPartOf\":{\"@id\":\"https:\/\/www.welovecycling.com\/cs\/#website\"},\"primaryImageOfPage\":{\"@id\":\"https:\/\/www.welovecycling.com\/cs\/2026\/08\/20\/monako-stadion-o-rozmeru-statu\/#primaryimage\"},\"image\":{\"@id\":\"https:\/\/www.welovecycling.com\/cs\/2026\/08\/20\/monako-stadion-o-rozmeru-statu\/#primaryimage\"},\"thumbnailUrl\":\"https:\/\/d2p6e6u75xmxt8.cloudfront.net\/13\/2026\/08\/profimedia-0677475756.webp\",\"datePublished\":\"2026-08-20T14:00:11+00:00\",\"author\":{\"@id\":\"https:\/\/www.welovecycling.com\/cs\/#\/schema\/person\/d9eeb0a378f3a7e4a6d12d2b536b04b8\"},\"description\":\"Je to zvl\u00e1\u0161tn\u00ed m\u00edsto. Tak mal\u00e9, \u017ee ne\u017e si sta\u010d\u00edte po\u0159\u00e1dn\u011b nastavit navigaci v aut\u011b, budete mo\u017en\u00e1 na druh\u00e9 stran\u011b. A p\u0159esto se do Monaka vejde Grand Prix formule 1, jeden z nejslavn\u011bj\u0161\u00edch tenisov\u00fdch turnaj\u016f sv\u011bta, rallye, jachting, atletika, fotbal. A od soboty tak\u00e9 cel\u00e1 Vuelta.\",\"inLanguage\":\"cs\",\"potentialAction\":[{\"@type\":\"ReadAction\",\"target\":[\"https:\/\/www.welovecycling.com\/cs\/2026\/08\/20\/monako-stadion-o-rozmeru-statu\/\"]}]},{\"@type\":\"ImageObject\",\"inLanguage\":\"cs\",\"@id\":\"https:\/\/www.welovecycling.com\/cs\/2026\/08\/20\/monako-stadion-o-rozmeru-statu\/#primaryimage\",\"url\":\"https:\/\/d2p6e6u75xmxt8.cloudfront.net\/13\/2026\/08\/profimedia-0677475756.webp\",\"contentUrl\":\"https:\/\/d2p6e6u75xmxt8.cloudfront.net\/13\/2026\/08\/profimedia-0677475756.webp\",\"width\":1800,\"height\":1148,\"caption\":\"Monako vuelta\"},{\"@type\":\"WebSite\",\"@id\":\"https:\/\/www.welovecycling.com\/cs\/#website\",\"url\":\"https:\/\/www.welovecycling.com\/cs\/\",\"name\":\"\u0160koda We Love Cycling - \u010cesk\u00e1 republika\",\"description\":\"WeLoveCycling.cz je online magaz\u00edn, kter\u00fd v\u00e1m pravideln\u011b p\u0159in\u00e1\u0161\u00ed rady a tipy, zaj\u00edmav\u00e9 \u010dl\u00e1nky, videa a jedine\u010dn\u00e9 report\u00e1\u017ee ze sv\u011bta cyklistiky.\",\"potentialAction\":[{\"@type\":\"SearchAction\",\"target\":{\"@type\":\"EntryPoint\",\"urlTemplate\":\"https:\/\/www.welovecycling.com\/cs\/?s={search_term_string}\"},\"query-input\":{\"@type\":\"PropertyValueSpecification\",\"valueRequired\":true,\"valueName\":\"search_term_string\"}}],\"inLanguage\":\"cs\"},{\"@type\":\"Person\",\"@id\":\"https:\/\/www.welovecycling.com\/cs\/#\/schema\/person\/d9eeb0a378f3a7e4a6d12d2b536b04b8\",\"name\":\"radekmalina\",\"image\":{\"@type\":\"ImageObject\",\"inLanguage\":\"cs\",\"@id\":\"https:\/\/www.welovecycling.com\/cs\/#\/schema\/person\/image\/\",\"url\":\"https:\/\/secure.gravatar.com\/avatar\/66994b632cb8c39a46b9f54afa3ae07201b678d32a54275b6f1c9ffec356bfc0?s=96&d=mm&r=g\",\"contentUrl\":\"https:\/\/secure.gravatar.com\/avatar\/66994b632cb8c39a46b9f54afa3ae07201b678d32a54275b6f1c9ffec356bfc0?s=96&d=mm&r=g\",\"caption\":\"radekmalina\"},\"url\":\"https:\/\/www.welovecycling.com\/cs\/author\/radekmalina\/\"}]}<\/script>\n<!-- \/ Yoast SEO Premium plugin. -->","yoast_head_json":{"title":"Kasino jako p\u0159\u00edhodn\u00fd start . Aneb Monako jako stadion | \u0160koda We Love Cycling - \u010cesk\u00e1 republika","description":"Je to zvl\u00e1\u0161tn\u00ed m\u00edsto. Tak mal\u00e9, \u017ee ne\u017e si sta\u010d\u00edte po\u0159\u00e1dn\u011b nastavit navigaci v aut\u011b, budete mo\u017en\u00e1 na druh\u00e9 stran\u011b. A p\u0159esto se do Monaka vejde Grand Prix formule 1, jeden z nejslavn\u011bj\u0161\u00edch tenisov\u00fdch turnaj\u016f sv\u011bta, rallye, jachting, atletika, fotbal. A od soboty tak\u00e9 cel\u00e1 Vuelta.","robots":{"index":"index","follow":"follow","max-snippet":"max-snippet:-1","max-image-preview":"max-image-preview:large","max-video-preview":"max-video-preview:-1"},"canonical":"https:\/\/www.welovecycling.com\/cs\/2026\/08\/20\/monako-stadion-o-rozmeru-statu\/","og_locale":"cs_CZ","og_type":"article","og_title":"Kasino jako p\u0159\u00edhodn\u00fd start . Aneb Monako jako stadion","og_description":"Je to zvl\u00e1\u0161tn\u00ed m\u00edsto. Tak mal\u00e9, \u017ee ne\u017e si sta\u010d\u00edte po\u0159\u00e1dn\u011b nastavit navigaci v aut\u011b, budete mo\u017en\u00e1 na druh\u00e9 stran\u011b. A p\u0159esto se do Monaka vejde Grand Prix formule 1, jeden z nejslavn\u011bj\u0161\u00edch tenisov\u00fdch turnaj\u016f sv\u011bta, rallye, jachting, atletika, fotbal. A od soboty tak\u00e9 cel\u00e1 Vuelta.","og_url":"https:\/\/www.welovecycling.com\/cs\/2026\/08\/20\/monako-stadion-o-rozmeru-statu\/","og_site_name":"\u0160koda We Love Cycling - \u010cesk\u00e1 republika","article_published_time":"2026-08-20T14:00:11+00:00","og_image":[{"width":1800,"height":1148,"url":"https:\/\/d2p6e6u75xmxt8.cloudfront.net\/13\/2026\/08\/profimedia-0677475756.webp","type":"image\/webp"}],"author":"radekmalina","twitter_card":"summary_large_image","twitter_misc":{"Written by":"Radek Malina","Est. reading time":"6"},"schema":{"@context":"https:\/\/schema.org","@graph":[{"@type":"WebPage","@id":"https:\/\/www.welovecycling.com\/cs\/2026\/08\/20\/monako-stadion-o-rozmeru-statu\/","url":"https:\/\/www.welovecycling.com\/cs\/2026\/08\/20\/monako-stadion-o-rozmeru-statu\/","name":"Kasino jako p\u0159\u00edhodn\u00fd start . Aneb Monako jako stadion | \u0160koda We Love Cycling - \u010cesk\u00e1 republika","isPartOf":{"@id":"https:\/\/www.welovecycling.com\/cs\/#website"},"primaryImageOfPage":{"@id":"https:\/\/www.welovecycling.com\/cs\/2026\/08\/20\/monako-stadion-o-rozmeru-statu\/#primaryimage"},"image":{"@id":"https:\/\/www.welovecycling.com\/cs\/2026\/08\/20\/monako-stadion-o-rozmeru-statu\/#primaryimage"},"thumbnailUrl":"https:\/\/d2p6e6u75xmxt8.cloudfront.net\/13\/2026\/08\/profimedia-0677475756.webp","datePublished":"2026-08-20T14:00:11+00:00","author":{"@id":"https:\/\/www.welovecycling.com\/cs\/#\/schema\/person\/d9eeb0a378f3a7e4a6d12d2b536b04b8"},"description":"Je to zvl\u00e1\u0161tn\u00ed m\u00edsto. Tak mal\u00e9, \u017ee ne\u017e si sta\u010d\u00edte po\u0159\u00e1dn\u011b nastavit navigaci v aut\u011b, budete mo\u017en\u00e1 na druh\u00e9 stran\u011b. A p\u0159esto se do Monaka vejde Grand Prix formule 1, jeden z nejslavn\u011bj\u0161\u00edch tenisov\u00fdch turnaj\u016f sv\u011bta, rallye, jachting, atletika, fotbal. A od soboty tak\u00e9 cel\u00e1 Vuelta.","inLanguage":"cs","potentialAction":[{"@type":"ReadAction","target":["https:\/\/www.welovecycling.com\/cs\/2026\/08\/20\/monako-stadion-o-rozmeru-statu\/"]}]},{"@type":"ImageObject","inLanguage":"cs","@id":"https:\/\/www.welovecycling.com\/cs\/2026\/08\/20\/monako-stadion-o-rozmeru-statu\/#primaryimage","url":"https:\/\/d2p6e6u75xmxt8.cloudfront.net\/13\/2026\/08\/profimedia-0677475756.webp","contentUrl":"https:\/\/d2p6e6u75xmxt8.cloudfront.net\/13\/2026\/08\/profimedia-0677475756.webp","width":1800,"height":1148,"caption":"Monako vuelta"},{"@type":"WebSite","@id":"https:\/\/www.welovecycling.com\/cs\/#website","url":"https:\/\/www.welovecycling.com\/cs\/","name":"\u0160koda We Love Cycling - \u010cesk\u00e1 republika","description":"WeLoveCycling.cz je online magaz\u00edn, kter\u00fd v\u00e1m pravideln\u011b p\u0159in\u00e1\u0161\u00ed rady a tipy, zaj\u00edmav\u00e9 \u010dl\u00e1nky, videa a jedine\u010dn\u00e9 report\u00e1\u017ee ze sv\u011bta cyklistiky.","potentialAction":[{"@type":"SearchAction","target":{"@type":"EntryPoint","urlTemplate":"https:\/\/www.welovecycling.com\/cs\/?s={search_term_string}"},"query-input":{"@type":"PropertyValueSpecification","valueRequired":true,"valueName":"search_term_string"}}],"inLanguage":"cs"},{"@type":"Person","@id":"https:\/\/www.welovecycling.com\/cs\/#\/schema\/person\/d9eeb0a378f3a7e4a6d12d2b536b04b8","name":"radekmalina","image":{"@type":"ImageObject","inLanguage":"cs","@id":"https:\/\/www.welovecycling.com\/cs\/#\/schema\/person\/image\/","url":"https:\/\/secure.gravatar.com\/avatar\/66994b632cb8c39a46b9f54afa3ae07201b678d32a54275b6f1c9ffec356bfc0?s=96&d=mm&r=g","contentUrl":"https:\/\/secure.gravatar.com\/avatar\/66994b632cb8c39a46b9f54afa3ae07201b678d32a54275b6f1c9ffec356bfc0?s=96&d=mm&r=g","caption":"radekmalina"},"url":"https:\/\/www.welovecycling.com\/cs\/author\/radekmalina\/"}]}},"_links":{"self":[{"href":"https:\/\/www.welovecycling.com\/cs\/wp-json\/wp\/v2\/posts\/35184","targetHints":{"allow":["GET"]}}],"collection":[{"href":"https:\/\/www.welovecycling.com\/cs\/wp-json\/wp\/v2\/posts"}],"about":[{"href":"https:\/\/www.welovecycling.com\/cs\/wp-json\/wp\/v2\/types\/post"}],"author":[{"embeddable":true,"href":"https:\/\/www.welovecycling.com\/cs\/wp-json\/wp\/v2\/users\/138"}],"replies":[{"embeddable":true,"href":"https:\/\/www.welovecycling.com\/cs\/wp-json\/wp\/v2\/comments?post=35184"}],"version-history":[{"count":4,"href":"https:\/\/www.welovecycling.com\/cs\/wp-json\/wp\/v2\/posts\/35184\/revisions"}],"predecessor-version":[{"id":35191,"href":"https:\/\/www.welovecycling.com\/cs\/wp-json\/wp\/v2\/posts\/35184\/revisions\/35191"}],"wp:featuredmedia":[{"embeddable":true,"href":"https:\/\/www.welovecycling.com\/cs\/wp-json\/wp\/v2\/media\/35190"}],"wp:attachment":[{"href":"https:\/\/www.welovecycling.com\/cs\/wp-json\/wp\/v2\/media?parent=35184"}],"wp:term":[{"taxonomy":"category","embeddable":true,"href":"https:\/\/www.welovecycling.com\/cs\/wp-json\/wp\/v2\/categories?post=35184"},{"taxonomy":"post_tag","embeddable":true,"href":"https:\/\/www.welovecycling.com\/cs\/wp-json\/wp\/v2\/tags?post=35184"},{"taxonomy":"global-categories","embeddable":true,"href":"https:\/\/www.welovecycling.com\/cs\/wp-json\/wp\/v2\/global-categories?post=35184"}],"curies":[{"name":"wp","href":"https:\/\/api.w.org\/{rel}","templated":true}]}}