{"id":35170,"date":"2026-08-20T06:20:28","date_gmt":"2026-08-20T04:20:28","guid":{"rendered":"https:\/\/www.welovecycling.com\/cs\/?p=35170"},"modified":"2026-08-20T09:11:23","modified_gmt":"2026-08-20T07:11:23","slug":"trestni-zakonik-ceskeho-cyklisty-za-co-by-vas-klidne-mohli-zabasnout","status":"publish","type":"post","link":"https:\/\/www.welovecycling.com\/cs\/2026\/08\/20\/trestni-zakonik-ceskeho-cyklisty-za-co-by-vas-klidne-mohli-zabasnout\/","title":{"rendered":"Trestn\u00ed z\u00e1kon\u00edk \u010desk\u00e9ho cyklisty: za co by v\u00e1s klidn\u011b mohli \u201ezab\u00e1snout\u201c"},"content":{"rendered":"<p><strong>Poj\u010fme si te\u010f chv\u00edli hr\u00e1t na ministerstvo cyklistick\u00e9 spravedlnosti a sestavme z\u00e1vaznou Sb\u00edrku z\u00e1kon\u016f \u010desk\u00e9ho cyklisty. Proto\u017ee k sob\u011b budeme up\u0159\u00edmn\u00ed, zjist\u00edme, \u017ee v\u011bt\u0161ina z n\u00e1s u\u017e m\u00e1 za sebou nejeden trestn\u00fd \u010din. A n\u011bkte\u0159\u00ed dokonce aspiruj\u00ed na titul recidivista. A trest?<\/strong><\/p>\n<p><span style=\"font-weight: 400;\">Proto\u017ee cyklistika je p\u0159edev\u0161\u00edm o f\u00e9rovosti, p\u0159ipravili jsme p\u0159ehled nejz\u00e1va\u017en\u011bj\u0161\u00edch delikt\u016f v\u010detn\u011b doporu\u010den\u00fdch trest\u016f. Soud p\u0159itom p\u0159ihl\u00ed\u017e\u00ed k okolnostem, po\u010dtu watt\u016f i tomu, zda pachatel sv\u016fj \u010din sp\u00e1chal v kopci.<\/span><\/p>\n<h3><strong>Neopr\u00e1vn\u011bn\u00e9 pou\u017e\u00edv\u00e1n\u00ed slova \u201ejenom\u201c p\u0159ed kopcem<\/strong><\/h3>\n<p>\u201eJe tam jenom jeden kopec.\u201c Jedna z nejnebezpe\u010dn\u011bj\u0161\u00edch v\u011bt v cyklistice. Pachatel zpravidla p\u0159edem zataj\u00ed jeho d\u00e9lku, sklon i skute\u010dnost, \u017ee za n\u00edm n\u00e1sleduj\u00ed dal\u0161\u00ed t\u0159i.<\/p>\n<p><strong>Trest<\/strong>: nucen\u00e9 absolvov\u00e1n\u00ed dan\u00e9ho kopce znovu, tentokr\u00e1t bez mo\u017enosti \u0159adit na leh\u010d\u00ed p\u0159evod.<\/p>\n<h3><strong>\u00damysln\u00e9 zatajen\u00ed skute\u010dn\u00e9 d\u00e9lky vyj\u00ed\u017e\u010fky<\/strong><\/h3>\n<p>\u201eD\u00e1me tak \u0161ede, maxim\u00e1ln\u011b sedmdes\u00e1t.\u201c Ve skute\u010dnosti 113 kilometr\u016f, 1800 v\u00fd\u0161kov\u00fdch metr\u016f a n\u00e1vrat dom\u016f po setm\u011bn\u00ed. Za p\u0159it\u011b\u017euj\u00edc\u00ed okolnost se pova\u017euje, pokud pachatel je\u0161t\u011b p\u0159ed startem prohl\u00e1s\u00ed: \u201eMus\u00edm b\u00fdt ve dv\u011b doma.&#8220;<\/p>\n<p><a href=\"https:\/\/d2p6e6u75xmxt8.cloudfront.net\/13\/2025\/06\/superior-kolo-5-scaled.webp\"><img loading=\"lazy\" decoding=\"async\" class=\"alignnone size-extra-large wp-image-29337\" src=\"https:\/\/d2p6e6u75xmxt8.cloudfront.net\/13\/2025\/06\/superior-kolo-5-1920x1280.webp\" alt=\"\" width=\"1920\" height=\"1280\" srcset=\"https:\/\/d2p6e6u75xmxt8.cloudfront.net\/13\/2025\/06\/superior-kolo-5-1920x1280.webp 1920w, https:\/\/d2p6e6u75xmxt8.cloudfront.net\/13\/2025\/06\/superior-kolo-5-300x200.webp 300w, https:\/\/d2p6e6u75xmxt8.cloudfront.net\/13\/2025\/06\/superior-kolo-5-1024x683.webp 1024w, https:\/\/d2p6e6u75xmxt8.cloudfront.net\/13\/2025\/06\/superior-kolo-5-768x512.webp 768w, https:\/\/d2p6e6u75xmxt8.cloudfront.net\/13\/2025\/06\/superior-kolo-5-1536x1024.webp 1536w, https:\/\/d2p6e6u75xmxt8.cloudfront.net\/13\/2025\/06\/superior-kolo-5-2048x1365.webp 2048w, https:\/\/d2p6e6u75xmxt8.cloudfront.net\/13\/2025\/06\/superior-kolo-5-400x267.webp 400w, https:\/\/d2p6e6u75xmxt8.cloudfront.net\/13\/2025\/06\/superior-kolo-5-272x182.webp 272w, https:\/\/d2p6e6u75xmxt8.cloudfront.net\/13\/2025\/06\/superior-kolo-5-1920x1280.webp 1920w\" sizes=\"auto, (max-width: 1920px) 100vw, 1920px\" \/><\/a><\/p>\n<p><strong>Trest<\/strong>: \u00fatrata cel\u00e9 skupiny v kav\u00e1rn\u011b a povinnost vysv\u011btlit partnerovi, pro\u010d se z kr\u00e1tk\u00e9 vyj\u00ed\u017e\u010fky stala celodenn\u00ed expedice.<\/p>\n<h3><b>Nedovolen\u00e9 dr\u017een\u00ed nadm\u011brn\u00e9ho po\u010dtu j\u00edzdn\u00edch kol<\/b><\/h3>\n<p><span style=\"font-weight: 400;\">P\u011bt kol v gar\u00e1\u017ei je je\u0161t\u011b p\u0159estupek. \u0160est\u00e9 u\u017e zakl\u00e1d\u00e1 d\u016fvodn\u00e9 podez\u0159en\u00ed, \u017ee pachatel provozuje cyklistiku jako organizovan\u00fd zlo\u010din. Obhajoba typu \u201eale ka\u017ed\u00e9 je na n\u011bco jin\u00e9ho\u201c se nep\u0159ipou\u0161t\u00ed. Zvl\u00e1\u0161\u0165 pokud je jedno na silnici, druh\u00e9 na gravel, t\u0159et\u00ed na z\u00e1vody, \u010dtvrt\u00e9 na tr\u00e9nink a p\u00e1t\u00e9 \u201ena hor\u0161\u00ed po\u010das\u00ed\u201c.<\/span><\/p>\n<p><span style=\"font-weight: 400;\"><strong>Trest<\/strong>: zabaven\u00ed jednoho kola. Pachatel si v\u0161ak sm\u00ed vybrat kter\u00e9ho.<\/span><\/p>\n<h3><b>P\u0159edst\u00edr\u00e1n\u00ed, \u017ee jde o pohodovou vyj\u00ed\u017e\u010fku<\/b><\/h3>\n<p><span style=\"font-weight: 400;\">\u201eDneska fakt voln\u011b. \u017d\u00e1dn\u00e9 z\u00e1vod\u011bn\u00ed.\u201c O osm minut pozd\u011bji prvn\u00ed n\u00e1stup. O dal\u0161\u00edch p\u011bt minut pozd\u011bji se skupina rozd\u011bl\u00ed na t\u0159i \u010d\u00e1sti a posledn\u00ed \u010dlov\u011bk za\u010dne nen\u00e1vid\u011bt v\u0161echny p\u0159\u00edtomn\u00e9.<\/span><\/p>\n<p><span style=\"font-weight: 400;\"><strong>Trest<\/strong>: n\u00e1sleduj\u00edc\u00ed vyj\u00ed\u017e\u010fka v\u00fdhradn\u011b s lidmi, kte\u0159\u00ed skute\u010dn\u011b jezd\u00ed voln\u011b.<\/span><\/p>\n<h3><b>Zaml\u010den\u00ed protiv\u011btru<\/b><\/h3>\n<p><span style=\"font-weight: 400;\">\u201eJe to tam kr\u00e1sn\u011b po rovin\u011b.\u201c Pachatel opomene zm\u00ednit, \u017ee posledn\u00edch 35 kilometr\u016f vede trasa p\u0159\u00edmo proti v\u011btru o rychlosti 28 km\/h.<\/span><\/p>\n<p><span style=\"font-weight: 400;\"><strong>Trest<\/strong>: pachatel mus\u00ed p\u0159\u00ed\u0161t\u011b pl\u00e1novat trasu v\u00fdhradn\u011b podle v\u011btru. A nesm\u00ed pou\u017e\u00edt v\u011btu \u201ezp\u00e1tky u\u017e to polet\u00ed\u201c.<\/span><\/p>\n<h3><strong>Vyd\u00e1v\u00e1n\u00ed n\u00e1kupu nov\u00e9ho kola za \u201einvestici\u201c<\/strong><\/h3>\n<p><span style=\"font-weight: 400;\">\u201eNen\u00ed to n\u00e1klad. Je to investice do zdrav\u00ed.\u201c Jedn\u00e1 se o velmi z\u00e1va\u017en\u00fd trestn\u00fd \u010din, zejm\u00e9na pokud pachatel vlastn\u00ed ji\u017e \u010dty\u0159i kola a nov\u00e9 m\u00e1 st\u00e1t v\u00edce ne\u017e jeho prvn\u00ed auto. Za p\u0159it\u011b\u017euj\u00edc\u00ed okolnost se pova\u017euje pou\u017eit\u00ed argumentu: \u201eAle je te\u010f ve slev\u011b.\u201c<\/span><\/p>\n<p><a href=\"https:\/\/d2p6e6u75xmxt8.cloudfront.net\/13\/2025\/03\/581242-_STE0807-5bfd71-original-1741623830-scaled.webp\"><img loading=\"lazy\" decoding=\"async\" class=\"alignnone size-extra-large wp-image-28542\" src=\"https:\/\/d2p6e6u75xmxt8.cloudfront.net\/13\/2025\/03\/581242-_STE0807-5bfd71-original-1741623830-1920x1344.webp\" alt=\"\" width=\"1920\" height=\"1344\" srcset=\"https:\/\/d2p6e6u75xmxt8.cloudfront.net\/13\/2025\/03\/581242-_STE0807-5bfd71-original-1741623830-1920x1344.webp 1920w, https:\/\/d2p6e6u75xmxt8.cloudfront.net\/13\/2025\/03\/581242-_STE0807-5bfd71-original-1741623830-300x210.webp 300w, https:\/\/d2p6e6u75xmxt8.cloudfront.net\/13\/2025\/03\/581242-_STE0807-5bfd71-original-1741623830-1024x717.webp 1024w, https:\/\/d2p6e6u75xmxt8.cloudfront.net\/13\/2025\/03\/581242-_STE0807-5bfd71-original-1741623830-768x538.webp 768w, https:\/\/d2p6e6u75xmxt8.cloudfront.net\/13\/2025\/03\/581242-_STE0807-5bfd71-original-1741623830-1536x1076.webp 1536w, https:\/\/d2p6e6u75xmxt8.cloudfront.net\/13\/2025\/03\/581242-_STE0807-5bfd71-original-1741623830-2048x1434.webp 2048w, https:\/\/d2p6e6u75xmxt8.cloudfront.net\/13\/2025\/03\/581242-_STE0807-5bfd71-original-1741623830-400x280.webp 400w, https:\/\/d2p6e6u75xmxt8.cloudfront.net\/13\/2025\/03\/581242-_STE0807-5bfd71-original-1741623830-1920x1344.webp 1920w\" sizes=\"auto, (max-width: 1920px) 100vw, 1920px\" \/><\/a><\/p>\n<p><span style=\"font-weight: 400;\"><strong>Trest<\/strong>: povinnost t\u00fdden jezdit na kole partnera. Pokud se nav\u00edc zjist\u00ed, \u017ee <a href=\"https:\/\/www.welovecycling.com\/cs\/2023\/05\/02\/proc-nekoupit-nove-kolo\/\">nov\u00e9 kolo<\/a> bylo zakoupeno bez p\u0159edchoz\u00edho ozn\u00e1men\u00ed, n\u00e1sleduje zabaven\u00ed platebn\u00ed karty.<\/span><\/p>\n<p><b style=\"color: inherit; font-family: 'SKODA Next', 'Adjusted Arial Fallback', sans-serif; font-size: 1.25em;\">Nejt\u011b\u017e\u0161\u00ed zlo\u010din: \u201eZ\u00edtra si d\u00e1m volno\u201c<\/b><\/p>\n<p>Pachatel po n\u00e1ro\u010dn\u00e9 vyj\u00ed\u017e\u010fce slavnostn\u011b ozn\u00e1m\u00ed, \u017ee n\u00e1sleduj\u00edc\u00ed den na kolo rozhodn\u011b nejde. R\u00e1no v 7:12 ale kontroluje p\u0159edpov\u011b\u010f, v 7:18 Stravu a v 7:26 hust\u00ed pneumatiky.<\/p>\n<p><span style=\"font-weight: 400;\"><strong>Trest<\/strong>: \u017e\u00e1dn\u00fd. Tady u\u017e je pozd\u011b. Pachatel je ztracen\u00fd p\u0159\u00edpad.<\/span><\/p>\n<h3><strong>A kone\u010dn\u011b: nejvy\u0161\u0161\u00ed sazba<\/strong><\/h3>\n<p><span style=\"font-weight: 400;\">Za zvl\u00e1\u0161\u0165 z\u00e1va\u017en\u00e9 provin\u011bn\u00ed m\u016f\u017ee cyklistick\u00fd soud ulo\u017eit nepodm\u00edn\u011bn\u00fd trest \u00fa\u010dasti na vyj\u00ed\u017e\u010fce s elektrokolem. Bez wattmetru, bez mo\u017enosti p\u0159edjet a hlavn\u011b bez mo\u017enosti \u0159\u00edct: \u201eTohle bych norm\u00e1ln\u011b jel rychleji.\u201c Proti tomuto rozsudku nen\u00ed odvol\u00e1n\u00ed!<\/span><\/p>\n<p>Tak co, jak vypad\u00e1 v\u00e1\u0161 trestn\u00ed rejst\u0159\u00edk?<\/p>\n","protected":false},"excerpt":{"rendered":"<p>Poj\u010fme si te\u010f chv\u00edli hr\u00e1t na ministerstvo cyklistick\u00e9 spravedlnosti a sestavme z\u00e1vaznou Sb\u00edrku z\u00e1kon\u016f \u010desk\u00e9ho cyklisty. Proto\u017ee k sob\u011b budeme [&hellip;]<\/p>\n","protected":false},"author":138,"featured_media":35171,"comment_status":"open","ping_status":"open","sticky":false,"template":"","format":"standard","meta":{"footnotes":""},"categories":[660],"tags":[4003,126,9,4781],"global-categories":[411],"class_list":["post-35170","post","type-post","status-publish","format-standard","has-post-thumbnail","hentry","category-https-www-welovecycling-com-cs-category-zabava","tag-cyklisticke-tresty","tag-cyklistika","tag-silnicni-cyklistika","tag-trestni-zakonik","global-categories-cycling"],"yoast_head":"<!-- This site is optimized with the Yoast SEO Premium plugin v25.3 (Yoast SEO v25.9) - https:\/\/yoast.com\/wordpress\/plugins\/seo\/ -->\n<title>Trestn\u00ed z\u00e1kon\u00edk \u010desk\u00e9ho cyklisty: za co by v\u00e1s klidn\u011b mohli \u201ezab\u00e1snout\u201c | \u0160koda We Love Cycling - \u010cesk\u00e1 republika<\/title>\n<meta name=\"description\" content=\"Poj\u010fme si te\u010f chv\u00edli hr\u00e1t na ministerstvo cyklistick\u00e9 spravedlnosti a sestavme z\u00e1vaznou Sb\u00edrku z\u00e1kon\u016f \u010desk\u00e9ho cyklisty. Proto\u017ee k sob\u011b budeme up\u0159\u00edmn\u00ed, zjist\u00edme, \u017ee v\u011bt\u0161ina z n\u00e1s u\u017e m\u00e1 za sebou nejeden trestn\u00fd \u010din. A n\u011bkte\u0159\u00ed dokonce aspiruj\u00ed na titul recidivista. A trest?\" \/>\n<meta name=\"robots\" content=\"index, follow, max-snippet:-1, max-image-preview:large, max-video-preview:-1\" \/>\n<link rel=\"canonical\" href=\"https:\/\/www.welovecycling.com\/cs\/2026\/08\/20\/trestni-zakonik-ceskeho-cyklisty-za-co-by-vas-klidne-mohli-zabasnout\/\" \/>\n<meta property=\"og:locale\" content=\"cs_CZ\" \/>\n<meta property=\"og:type\" content=\"article\" \/>\n<meta property=\"og:title\" content=\"Trestn\u00ed z\u00e1kon\u00edk \u010desk\u00e9ho cyklisty: za co by v\u00e1s klidn\u011b mohli \u201ezab\u00e1snout\u201c\" \/>\n<meta property=\"og:description\" content=\"Poj\u010fme si te\u010f chv\u00edli hr\u00e1t na ministerstvo cyklistick\u00e9 spravedlnosti a sestavme z\u00e1vaznou Sb\u00edrku z\u00e1kon\u016f \u010desk\u00e9ho cyklisty. Proto\u017ee k sob\u011b budeme up\u0159\u00edmn\u00ed, zjist\u00edme, \u017ee v\u011bt\u0161ina z n\u00e1s u\u017e m\u00e1 za sebou nejeden trestn\u00fd \u010din. A n\u011bkte\u0159\u00ed dokonce aspiruj\u00ed na titul recidivista. A trest?\" \/>\n<meta property=\"og:url\" content=\"https:\/\/www.welovecycling.com\/cs\/2026\/08\/20\/trestni-zakonik-ceskeho-cyklisty-za-co-by-vas-klidne-mohli-zabasnout\/\" \/>\n<meta property=\"og:site_name\" content=\"\u0160koda We Love Cycling - \u010cesk\u00e1 republika\" \/>\n<meta property=\"article:published_time\" content=\"2026-08-20T04:20:28+00:00\" \/>\n<meta property=\"article:modified_time\" content=\"2026-08-20T07:11:23+00:00\" \/>\n<meta property=\"og:image\" content=\"https:\/\/d2p6e6u75xmxt8.cloudfront.net\/13\/2026\/08\/20260805TDFFAZ1065-A.S.O.-Billy_Ceusters.webp\" \/>\n\t<meta property=\"og:image:width\" content=\"1680\" \/>\n\t<meta property=\"og:image:height\" content=\"1120\" \/>\n\t<meta property=\"og:image:type\" content=\"image\/webp\" \/>\n<meta name=\"author\" content=\"radekmalina\" \/>\n<meta name=\"twitter:card\" content=\"summary_large_image\" \/>\n<meta name=\"twitter:label1\" content=\"Written by\" \/>\n\t<meta name=\"twitter:data1\" content=\"We Love Cycling\" \/>\n\t<meta name=\"twitter:label2\" content=\"Est. reading time\" \/>\n\t<meta name=\"twitter:data2\" content=\"6\" \/>\n<script type=\"application\/ld+json\" class=\"yoast-schema-graph\">{\"@context\":\"https:\/\/schema.org\",\"@graph\":[{\"@type\":\"WebPage\",\"@id\":\"https:\/\/www.welovecycling.com\/cs\/2026\/08\/20\/trestni-zakonik-ceskeho-cyklisty-za-co-by-vas-klidne-mohli-zabasnout\/\",\"url\":\"https:\/\/www.welovecycling.com\/cs\/2026\/08\/20\/trestni-zakonik-ceskeho-cyklisty-za-co-by-vas-klidne-mohli-zabasnout\/\",\"name\":\"Trestn\u00ed z\u00e1kon\u00edk \u010desk\u00e9ho cyklisty: za co by v\u00e1s klidn\u011b mohli \u201ezab\u00e1snout\u201c | \u0160koda We Love Cycling - \u010cesk\u00e1 republika\",\"isPartOf\":{\"@id\":\"https:\/\/www.welovecycling.com\/cs\/#website\"},\"primaryImageOfPage\":{\"@id\":\"https:\/\/www.welovecycling.com\/cs\/2026\/08\/20\/trestni-zakonik-ceskeho-cyklisty-za-co-by-vas-klidne-mohli-zabasnout\/#primaryimage\"},\"image\":{\"@id\":\"https:\/\/www.welovecycling.com\/cs\/2026\/08\/20\/trestni-zakonik-ceskeho-cyklisty-za-co-by-vas-klidne-mohli-zabasnout\/#primaryimage\"},\"thumbnailUrl\":\"https:\/\/d2p6e6u75xmxt8.cloudfront.net\/13\/2026\/08\/20260805TDFFAZ1065-A.S.O.-Billy_Ceusters.webp\",\"datePublished\":\"2026-08-20T04:20:28+00:00\",\"dateModified\":\"2026-08-20T07:11:23+00:00\",\"author\":{\"@id\":\"https:\/\/www.welovecycling.com\/cs\/#\/schema\/person\/d9eeb0a378f3a7e4a6d12d2b536b04b8\"},\"description\":\"Poj\u010fme si te\u010f chv\u00edli hr\u00e1t na ministerstvo cyklistick\u00e9 spravedlnosti a sestavme z\u00e1vaznou Sb\u00edrku z\u00e1kon\u016f \u010desk\u00e9ho cyklisty. Proto\u017ee k sob\u011b budeme up\u0159\u00edmn\u00ed, zjist\u00edme, \u017ee v\u011bt\u0161ina z n\u00e1s u\u017e m\u00e1 za sebou nejeden trestn\u00fd \u010din. A n\u011bkte\u0159\u00ed dokonce aspiruj\u00ed na titul recidivista. A trest?\",\"inLanguage\":\"cs\",\"potentialAction\":[{\"@type\":\"ReadAction\",\"target\":[\"https:\/\/www.welovecycling.com\/cs\/2026\/08\/20\/trestni-zakonik-ceskeho-cyklisty-za-co-by-vas-klidne-mohli-zabasnout\/\"]}]},{\"@type\":\"ImageObject\",\"inLanguage\":\"cs\",\"@id\":\"https:\/\/www.welovecycling.com\/cs\/2026\/08\/20\/trestni-zakonik-ceskeho-cyklisty-za-co-by-vas-klidne-mohli-zabasnout\/#primaryimage\",\"url\":\"https:\/\/d2p6e6u75xmxt8.cloudfront.net\/13\/2026\/08\/20260805TDFFAZ1065-A.S.O.-Billy_Ceusters.webp\",\"contentUrl\":\"https:\/\/d2p6e6u75xmxt8.cloudfront.net\/13\/2026\/08\/20260805TDFFAZ1065-A.S.O.-Billy_Ceusters.webp\",\"width\":1680,\"height\":1120,\"caption\":\"trest\"},{\"@type\":\"WebSite\",\"@id\":\"https:\/\/www.welovecycling.com\/cs\/#website\",\"url\":\"https:\/\/www.welovecycling.com\/cs\/\",\"name\":\"\u0160koda We Love Cycling - \u010cesk\u00e1 republika\",\"description\":\"WeLoveCycling.cz je online magaz\u00edn, kter\u00fd v\u00e1m pravideln\u011b p\u0159in\u00e1\u0161\u00ed rady a tipy, zaj\u00edmav\u00e9 \u010dl\u00e1nky, videa a jedine\u010dn\u00e9 report\u00e1\u017ee ze sv\u011bta cyklistiky.\",\"potentialAction\":[{\"@type\":\"SearchAction\",\"target\":{\"@type\":\"EntryPoint\",\"urlTemplate\":\"https:\/\/www.welovecycling.com\/cs\/?s={search_term_string}\"},\"query-input\":{\"@type\":\"PropertyValueSpecification\",\"valueRequired\":true,\"valueName\":\"search_term_string\"}}],\"inLanguage\":\"cs\"},{\"@type\":\"Person\",\"@id\":\"https:\/\/www.welovecycling.com\/cs\/#\/schema\/person\/d9eeb0a378f3a7e4a6d12d2b536b04b8\",\"name\":\"radekmalina\",\"image\":{\"@type\":\"ImageObject\",\"inLanguage\":\"cs\",\"@id\":\"https:\/\/www.welovecycling.com\/cs\/#\/schema\/person\/image\/\",\"url\":\"https:\/\/secure.gravatar.com\/avatar\/66994b632cb8c39a46b9f54afa3ae07201b678d32a54275b6f1c9ffec356bfc0?s=96&d=mm&r=g\",\"contentUrl\":\"https:\/\/secure.gravatar.com\/avatar\/66994b632cb8c39a46b9f54afa3ae07201b678d32a54275b6f1c9ffec356bfc0?s=96&d=mm&r=g\",\"caption\":\"radekmalina\"},\"url\":\"https:\/\/www.welovecycling.com\/cs\/author\/radekmalina\/\"}]}<\/script>\n<!-- \/ Yoast SEO Premium plugin. -->","yoast_head_json":{"title":"Trestn\u00ed z\u00e1kon\u00edk \u010desk\u00e9ho cyklisty: za co by v\u00e1s klidn\u011b mohli \u201ezab\u00e1snout\u201c | \u0160koda We Love Cycling - \u010cesk\u00e1 republika","description":"Poj\u010fme si te\u010f chv\u00edli hr\u00e1t na ministerstvo cyklistick\u00e9 spravedlnosti a sestavme z\u00e1vaznou Sb\u00edrku z\u00e1kon\u016f \u010desk\u00e9ho cyklisty. Proto\u017ee k sob\u011b budeme up\u0159\u00edmn\u00ed, zjist\u00edme, \u017ee v\u011bt\u0161ina z n\u00e1s u\u017e m\u00e1 za sebou nejeden trestn\u00fd \u010din. A n\u011bkte\u0159\u00ed dokonce aspiruj\u00ed na titul recidivista. A trest?","robots":{"index":"index","follow":"follow","max-snippet":"max-snippet:-1","max-image-preview":"max-image-preview:large","max-video-preview":"max-video-preview:-1"},"canonical":"https:\/\/www.welovecycling.com\/cs\/2026\/08\/20\/trestni-zakonik-ceskeho-cyklisty-za-co-by-vas-klidne-mohli-zabasnout\/","og_locale":"cs_CZ","og_type":"article","og_title":"Trestn\u00ed z\u00e1kon\u00edk \u010desk\u00e9ho cyklisty: za co by v\u00e1s klidn\u011b mohli \u201ezab\u00e1snout\u201c","og_description":"Poj\u010fme si te\u010f chv\u00edli hr\u00e1t na ministerstvo cyklistick\u00e9 spravedlnosti a sestavme z\u00e1vaznou Sb\u00edrku z\u00e1kon\u016f \u010desk\u00e9ho cyklisty. Proto\u017ee k sob\u011b budeme up\u0159\u00edmn\u00ed, zjist\u00edme, \u017ee v\u011bt\u0161ina z n\u00e1s u\u017e m\u00e1 za sebou nejeden trestn\u00fd \u010din. A n\u011bkte\u0159\u00ed dokonce aspiruj\u00ed na titul recidivista. A trest?","og_url":"https:\/\/www.welovecycling.com\/cs\/2026\/08\/20\/trestni-zakonik-ceskeho-cyklisty-za-co-by-vas-klidne-mohli-zabasnout\/","og_site_name":"\u0160koda We Love Cycling - \u010cesk\u00e1 republika","article_published_time":"2026-08-20T04:20:28+00:00","article_modified_time":"2026-08-20T07:11:23+00:00","og_image":[{"width":1680,"height":1120,"url":"https:\/\/d2p6e6u75xmxt8.cloudfront.net\/13\/2026\/08\/20260805TDFFAZ1065-A.S.O.-Billy_Ceusters.webp","type":"image\/webp"}],"author":"radekmalina","twitter_card":"summary_large_image","twitter_misc":{"Written by":"We Love Cycling","Est. reading time":"6"},"schema":{"@context":"https:\/\/schema.org","@graph":[{"@type":"WebPage","@id":"https:\/\/www.welovecycling.com\/cs\/2026\/08\/20\/trestni-zakonik-ceskeho-cyklisty-za-co-by-vas-klidne-mohli-zabasnout\/","url":"https:\/\/www.welovecycling.com\/cs\/2026\/08\/20\/trestni-zakonik-ceskeho-cyklisty-za-co-by-vas-klidne-mohli-zabasnout\/","name":"Trestn\u00ed z\u00e1kon\u00edk \u010desk\u00e9ho cyklisty: za co by v\u00e1s klidn\u011b mohli \u201ezab\u00e1snout\u201c | \u0160koda We Love Cycling - \u010cesk\u00e1 republika","isPartOf":{"@id":"https:\/\/www.welovecycling.com\/cs\/#website"},"primaryImageOfPage":{"@id":"https:\/\/www.welovecycling.com\/cs\/2026\/08\/20\/trestni-zakonik-ceskeho-cyklisty-za-co-by-vas-klidne-mohli-zabasnout\/#primaryimage"},"image":{"@id":"https:\/\/www.welovecycling.com\/cs\/2026\/08\/20\/trestni-zakonik-ceskeho-cyklisty-za-co-by-vas-klidne-mohli-zabasnout\/#primaryimage"},"thumbnailUrl":"https:\/\/d2p6e6u75xmxt8.cloudfront.net\/13\/2026\/08\/20260805TDFFAZ1065-A.S.O.-Billy_Ceusters.webp","datePublished":"2026-08-20T04:20:28+00:00","dateModified":"2026-08-20T07:11:23+00:00","author":{"@id":"https:\/\/www.welovecycling.com\/cs\/#\/schema\/person\/d9eeb0a378f3a7e4a6d12d2b536b04b8"},"description":"Poj\u010fme si te\u010f chv\u00edli hr\u00e1t na ministerstvo cyklistick\u00e9 spravedlnosti a sestavme z\u00e1vaznou Sb\u00edrku z\u00e1kon\u016f \u010desk\u00e9ho cyklisty. Proto\u017ee k sob\u011b budeme up\u0159\u00edmn\u00ed, zjist\u00edme, \u017ee v\u011bt\u0161ina z n\u00e1s u\u017e m\u00e1 za sebou nejeden trestn\u00fd \u010din. A n\u011bkte\u0159\u00ed dokonce aspiruj\u00ed na titul recidivista. A trest?","inLanguage":"cs","potentialAction":[{"@type":"ReadAction","target":["https:\/\/www.welovecycling.com\/cs\/2026\/08\/20\/trestni-zakonik-ceskeho-cyklisty-za-co-by-vas-klidne-mohli-zabasnout\/"]}]},{"@type":"ImageObject","inLanguage":"cs","@id":"https:\/\/www.welovecycling.com\/cs\/2026\/08\/20\/trestni-zakonik-ceskeho-cyklisty-za-co-by-vas-klidne-mohli-zabasnout\/#primaryimage","url":"https:\/\/d2p6e6u75xmxt8.cloudfront.net\/13\/2026\/08\/20260805TDFFAZ1065-A.S.O.-Billy_Ceusters.webp","contentUrl":"https:\/\/d2p6e6u75xmxt8.cloudfront.net\/13\/2026\/08\/20260805TDFFAZ1065-A.S.O.-Billy_Ceusters.webp","width":1680,"height":1120,"caption":"trest"},{"@type":"WebSite","@id":"https:\/\/www.welovecycling.com\/cs\/#website","url":"https:\/\/www.welovecycling.com\/cs\/","name":"\u0160koda We Love Cycling - \u010cesk\u00e1 republika","description":"WeLoveCycling.cz je online magaz\u00edn, kter\u00fd v\u00e1m pravideln\u011b p\u0159in\u00e1\u0161\u00ed rady a tipy, zaj\u00edmav\u00e9 \u010dl\u00e1nky, videa a jedine\u010dn\u00e9 report\u00e1\u017ee ze sv\u011bta cyklistiky.","potentialAction":[{"@type":"SearchAction","target":{"@type":"EntryPoint","urlTemplate":"https:\/\/www.welovecycling.com\/cs\/?s={search_term_string}"},"query-input":{"@type":"PropertyValueSpecification","valueRequired":true,"valueName":"search_term_string"}}],"inLanguage":"cs"},{"@type":"Person","@id":"https:\/\/www.welovecycling.com\/cs\/#\/schema\/person\/d9eeb0a378f3a7e4a6d12d2b536b04b8","name":"radekmalina","image":{"@type":"ImageObject","inLanguage":"cs","@id":"https:\/\/www.welovecycling.com\/cs\/#\/schema\/person\/image\/","url":"https:\/\/secure.gravatar.com\/avatar\/66994b632cb8c39a46b9f54afa3ae07201b678d32a54275b6f1c9ffec356bfc0?s=96&d=mm&r=g","contentUrl":"https:\/\/secure.gravatar.com\/avatar\/66994b632cb8c39a46b9f54afa3ae07201b678d32a54275b6f1c9ffec356bfc0?s=96&d=mm&r=g","caption":"radekmalina"},"url":"https:\/\/www.welovecycling.com\/cs\/author\/radekmalina\/"}]}},"_links":{"self":[{"href":"https:\/\/www.welovecycling.com\/cs\/wp-json\/wp\/v2\/posts\/35170","targetHints":{"allow":["GET"]}}],"collection":[{"href":"https:\/\/www.welovecycling.com\/cs\/wp-json\/wp\/v2\/posts"}],"about":[{"href":"https:\/\/www.welovecycling.com\/cs\/wp-json\/wp\/v2\/types\/post"}],"author":[{"embeddable":true,"href":"https:\/\/www.welovecycling.com\/cs\/wp-json\/wp\/v2\/users\/138"}],"replies":[{"embeddable":true,"href":"https:\/\/www.welovecycling.com\/cs\/wp-json\/wp\/v2\/comments?post=35170"}],"version-history":[{"count":8,"href":"https:\/\/www.welovecycling.com\/cs\/wp-json\/wp\/v2\/posts\/35170\/revisions"}],"predecessor-version":[{"id":35177,"href":"https:\/\/www.welovecycling.com\/cs\/wp-json\/wp\/v2\/posts\/35170\/revisions\/35177"}],"wp:featuredmedia":[{"embeddable":true,"href":"https:\/\/www.welovecycling.com\/cs\/wp-json\/wp\/v2\/media\/35171"}],"wp:attachment":[{"href":"https:\/\/www.welovecycling.com\/cs\/wp-json\/wp\/v2\/media?parent=35170"}],"wp:term":[{"taxonomy":"category","embeddable":true,"href":"https:\/\/www.welovecycling.com\/cs\/wp-json\/wp\/v2\/categories?post=35170"},{"taxonomy":"post_tag","embeddable":true,"href":"https:\/\/www.welovecycling.com\/cs\/wp-json\/wp\/v2\/tags?post=35170"},{"taxonomy":"global-categories","embeddable":true,"href":"https:\/\/www.welovecycling.com\/cs\/wp-json\/wp\/v2\/global-categories?post=35170"}],"curies":[{"name":"wp","href":"https:\/\/api.w.org\/{rel}","templated":true}]}}