{"id":3421,"date":"2019-08-06T11:15:42","date_gmt":"2019-08-06T09:15:42","guid":{"rendered":"https:\/\/www.welovecycling.com\/cs\/?p=3421"},"modified":"2019-09-09T08:58:57","modified_gmt":"2019-09-09T06:58:57","slug":"skoda-we-love-cycling-tym-nejvetsim-uspechem-neni-vyhra","status":"publish","type":"post","link":"https:\/\/www.welovecycling.com\/cs\/2019\/08\/06\/skoda-we-love-cycling-tym-nejvetsim-uspechem-neni-vyhra\/","title":{"rendered":"\u0160koda We Love Cycling T\u00fdm: Nejv\u011bt\u0161\u00edm \u00fasp\u011bchem nen\u00ed v\u00fdhra!"},"content":{"rendered":"<p><strong>Z\u00e1vod, ve kter\u00e9m nen\u00ed nejd\u016fle\u017eit\u011bj\u0161\u00ed v\u00edt\u011bzstv\u00ed, ale vz\u00e1jemn\u00e1 spolupr\u00e1ce. To je Metrostav Handy Cyklo Maraton \u2013 non stop etapov\u00fd cyklistick\u00fd podnik, kter\u00fd spojuje handicapovan\u00e9 i nehandicapovan\u00e9 sportovce. Letos si na n\u011bm premi\u00e9ru u\u017eil tak\u00e9 t\u00fdm \u0160koda We Love Cycling, veden\u00fd paralympijsk\u00fdm v\u00edt\u011bzem Ji\u0159\u00edm Je\u017ekem pod patronac\u00ed <a href=\"https:\/\/www.facebook.com\/alexborska\/\">Alex Borsk\u00e9<\/a>, kter\u00e1 se state\u010dn\u011b pere se sv\u00fdm fyzick\u00fdm handicapem a sn\u00ed o \u00fa\u010dastni na paralympi\u00e1d\u011b v\u00a0Pa\u0159\u00ed\u017ei.<\/strong><\/p>\n<p><!--more--><\/p>\n<p>Sedm\u00fd ro\u010dn\u00edk <a href=\"https:\/\/www.cestazasnem.cz\/propozice-1-40\">Metrostav Handy Cyklo Maratonu<\/a> letos odstartoval v\u00a0\u00fater\u00fd 30. \u010dervence z\u00a0Prahy. Na startu nechyb\u011bl ani osmi\u010dlenn\u00fd t\u00fdm \u0160koda We Love Cycling. Z\u00e1vod vedl nap\u0159\u00ed\u010d \u010ceskou republikou, zavedl z\u00e1vodn\u00edky i do Polska. Trasu dlouhou p\u0159es 2\u00a0000 kilometr\u016f m\u011bly t\u00fdmy slo\u017een\u00e9 ze zdrav\u00fdch a handicapovan\u00fdch, mu\u017e\u016f a \u017een, amat\u00e9r\u016f i profesion\u00e1l\u016f, urazit b\u011bhem p\u011bti dn\u016f v\u00a0celkov\u00e9m limitu 111 hodin, d\u016fle\u017eit\u00e9 p\u0159itom bylo projet \u010dty\u0159mi Base Campy a dorazit v\u00a0prvn\u00ed srpnovou sobotu do c\u00edle na pra\u017esk\u00e9 Kamp\u011b, kde se z\u00e1rove\u0148 uskute\u010dnilo slavnostn\u00ed zakon\u010den\u00ed cel\u00e9ho podniku.<\/p>\n<figure id=\"attachment_3404\" aria-describedby=\"caption-attachment-3404\" style=\"width: 1024px\" class=\"wp-caption alignnone\"><a href=\"https:\/\/d2p6e6u75xmxt8.cloudfront.net\/13\/2019\/08\/MG_1943_optimized.jpg\"><img loading=\"lazy\" decoding=\"async\" class=\"size-large wp-image-3404\" src=\"https:\/\/d2p6e6u75xmxt8.cloudfront.net\/13\/2019\/08\/MG_1943_optimized-1024x683.jpg\" alt=\"\" width=\"1024\" height=\"683\" \/><\/a><figcaption id=\"caption-attachment-3404\" class=\"wp-caption-text\">Kapit\u00e1n \u0160koda We Love Cycling T\u00fdmu Ji\u0159\u00ed Je\u017eek.<\/figcaption><\/figure>\n<p><em>\u201eByla to pro n\u00e1s pro v\u0161echny prvn\u00ed zku\u0161enost s t\u00edmto z\u00e1vodem, ale mysl\u00edm, \u017ee jsme to zvl\u00e1dli skv\u011ble. K tomu p\u0159isp\u011blo i naprosto skv\u011bl\u00e9 z\u00e1zem\u00ed od na\u0161eho podp\u016frn\u00e9ho t\u00fdmu \u0159idi\u010d\u016f a dal\u0161\u00edch pomocn\u00edk\u016f. Tahle parta se fakt povedla,\u201c<\/em> pochvaloval si kapit\u00e1n t\u00fdmu Ji\u0159\u00ed Je\u017eek, kter\u00fd pr\u00e1v\u011b t\u00fdmovost a p\u0159\u00e1telskou atmosf\u00e9ru \u0159ad\u00ed mezi nejsiln\u011bj\u0161\u00ed z\u00e1\u017eitky cel\u00e9ho z\u00e1vodu. <em>\u201eJako cyklista jsem si pak u\u017e\u00edval mo\u017enost proj\u00ed\u017ed\u011bt r\u016fzn\u00e1 z\u00e1kout\u00ed \u010cesk\u00e9 republiky, objevovat n\u00e1dhern\u00e1 m\u00edsta a u\u017e\u00edval jsem si i chv\u00edle p\u0159i no\u010dn\u00edch etap\u00e1ch, kter\u00e9 jsem absolvoval na pr\u00e1zdn\u00fdch silnic\u00edch, kdy mi na cestu sv\u00edtila pouze sv\u011btla na\u0161ich doprovodn\u00fdch Kodiak\u016f,\u201c <\/em>\u0159\u00edk\u00e1 Ji\u0159\u00ed Je\u017eek a dal\u0161\u00ed \u010dlen &#8222;jeho&#8220; t\u00fdmu, Miss Andrea Bezd\u011bkov\u00e1, k tomu dod\u00e1v\u00e1: <em>&#8222;\u017d\u00e1dn\u00fd velk\u00fd p\u0159\u00edb\u011bh neza\u010d\u00edn\u00e1 doma na gau\u010di a tenhle, tenhle se mi vryl hluboko do pam\u011bti. D\u011bkuju, \u017ee jsem byla jedna z v\u00e1s.&#8220;<\/em><\/p>\n<p>https:\/\/www.instagram.com\/p\/B0vbuBAHKmu\/<\/p>\n<p>\u0160koda We Love Cycling T\u00fdm nakonec trasu o d\u00e9lce 2\u00a0030 km zvl\u00e1dl za 78 hodin a do c\u00edle p\u0159ijel s\u00a0denn\u00edm n\u00e1skokem p\u0159ed o\u010dek\u00e1van\u00fdm dojezdem \u2013 tedy u\u017e v\u00a0p\u00e1tek. V\u00a0celkov\u00e9m hodnocen\u00ed mu pat\u0159\u00ed \u0161est\u00e9 m\u00edsto z\u00a0celkov\u00e9ho po\u010dtu t\u0159iceti \u00fa\u010dastn\u00edk\u016f z\u00e1vodu osmi\u010dlenn\u00fdch t\u00fdm\u016f. <em>\u201e<\/em><em>Z\u00e1vodn\u00edci ze sebe na trati dok\u00e1zali\u00a0vym\u00e1\u010dkout maximum. P\u0159es \u00fanavu a nevyspalost ani na chvili\u010dku neztr\u00e1celi dobrou n\u00e1ladu a t\u00fdmov\u00e9ho ducha.\u00a0Pokud bych m\u011bl ozna\u010dit n\u011bjt\u011b\u017e\u0161\u00ed okam\u017eik z\u00e1vodu, tak to pro n\u00e1s byla etapa v\u00a0polovin\u011b z\u00e1vodu na ostravsko-polsk\u00e9m \u00fazem\u00ed. <\/em><em>Pr\u0161elo, za\u010d\u00ednala se hl\u00e1sit \u00fanava a do c\u00edle bylo daleko. Ale r\u00e1no na ji\u017en\u00ed Morav\u011b op\u011bt vy\u0161lo slunce, a to doslova i obrazn\u011b,\u201c <\/em>vrac\u00ed se k\u00a0okam\u017eik\u016fm na trati kapit\u00e1n t\u00fdmu Ji\u0159\u00ed Je\u017eek.<\/p>\n<p><a href=\"https:\/\/d2p6e6u75xmxt8.cloudfront.net\/13\/2019\/08\/MG_2059_optimized.jpg\"><img loading=\"lazy\" decoding=\"async\" class=\"alignnone size-large wp-image-3406\" src=\"https:\/\/d2p6e6u75xmxt8.cloudfront.net\/13\/2019\/08\/MG_2059_optimized-1024x683.jpg\" alt=\"\" width=\"1024\" height=\"683\" \/><\/a><\/p>\n<p>\u00da\u010dast t\u00fdmu na sedm\u00e9m ro\u010dn\u00edku Handy Cyklo Maratonu vych\u00e1z\u00ed z\u00a0my\u0161lenky programu <a href=\"https:\/\/www.skoda-auto.cz\/servis-a-prislusenstvi\/skoda-handy?gclsrc=aw.ds&amp;&amp;gclid=CjwKCAjwyqTqBRAyEiwA8K_4O4zC6Jfa4Zqaw5bdyadodxIRSN85fBccn7Ml0C6NFUagIhvfuBYS5RoCOBUQAvD_BwE&amp;gclsrc=aw.ds\">\u0160koda Handy<\/a>, jen\u017e se sna\u017e\u00ed pom\u00e1hat osob\u00e1m se sn\u00ed\u017eenou pohyblivosti op\u011bt z\u00edskat mobilitu. T\u00fdm jel pod patronac\u00ed dvan\u00e1ctilet\u00e9 Alex Borsk\u00e9, kter\u00e1 se od narozen\u00ed pot\u00fdk\u00e1 s\u00a0t\u011b\u017ek\u00fdm posti\u017een\u00edm nohou a p\u00e1te\u0159e. Pro\u0161la spoustou operac\u00ed a d\u00edky neuv\u011b\u0159iteln\u00e9 hou\u017eevnatosti a v\u016fli se dnes py\u0161n\u00ed triumfem na \u010cesk\u00e9m poh\u00e1ru junior\u016f, na kter\u00fd dos\u00e1hla se sv\u00fdm handbikem, kolem s\u00a0ru\u010dn\u00edm pohonem.<\/p>\n<figure id=\"attachment_3424\" aria-describedby=\"caption-attachment-3424\" style=\"width: 1024px\" class=\"wp-caption alignnone\"><a href=\"https:\/\/d2p6e6u75xmxt8.cloudfront.net\/13\/2019\/08\/MG_1644_optimized.jpg\"><img loading=\"lazy\" decoding=\"async\" class=\"size-large wp-image-3424\" src=\"https:\/\/d2p6e6u75xmxt8.cloudfront.net\/13\/2019\/08\/MG_1644_optimized-1024x683.jpg\" alt=\"\" width=\"1024\" height=\"683\" \/><\/a><figcaption id=\"caption-attachment-3424\" class=\"wp-caption-text\">Alex Borsk\u00e1.<\/figcaption><\/figure>\n<p>Alex nechyb\u011bla ani v\u00a0t\u00fdmu \u0160koda We Love Cycling, pro kter\u00fd byla hnac\u00edm motorem a patronem. Odm\u011bnou za jej\u00ed podporu pak byl finan\u010dn\u00ed p\u0159\u00edsp\u011bvek, kter\u00fd ji v\u00a0c\u00edli z\u00e1vodu darovala \u0160koda AUTO ve spolupr\u00e1ci s Kontem bari\u00e9ry. <em>\u201eMoc d\u011bkuji cel\u00e9mu t\u00fdmu nejen za \u010das str\u00e1ven\u00fd s\u00a0\u00fa\u017easn\u00fdmi lidmi, ale za dofinancov\u00e1n\u00ed m\u00e9ho snu. D\u00edky finan\u010dn\u00ed podpo\u0159e mohu zadat do v\u00fdroby Carbon handbike, kter\u00fd mi pom\u016f\u017ee na cest\u011b za velk\u00fdmi v\u00fdkony,\u201c<\/em> prohl\u00e1sila v\u00a0c\u00edli dojat\u00e1 Alex, jej\u00edm\u017e snem je reprezentovat \u010ceskou republiku na mezin\u00e1rodn\u00ed \u00farovni a p\u0159edev\u0161\u00edm se kvalifikovat na paralympijsk\u00e9 hry v\u00a0Pa\u0159\u00ed\u017e\u00ed 2024. Ji\u0159\u00ed Je\u017eek v\u011b\u0159\u00ed v\u00a0odhodl\u00e1n\u00ed a ment\u00e1ln\u00ed s\u00edlu Alex a nepochybuje, \u017ee sv\u00e9ho snu dos\u00e1hne. <em>\u201e<\/em><em>S\u00e1m dob\u0159e v\u00edm, jak je pro ni a jej\u00ed \u017eivotn\u00ed p\u0159\u00edb\u011bh odhodl\u00e1n\u00ed d\u016fle\u017eit\u00e9. J\u00e1 ve stejn\u00e9m v\u011bku p\u0159i\u0161el o nohu a p\u0159es to v\u0161echno jsem sv\u016fj sen, st\u00e1t se \u00fasp\u011b\u0161n\u00fdm sportovcem, neopustil. Nakonec se mi to povedlo, a tak chci Alex pop\u0159\u00e1t, a\u0165 j\u00ed to nad\u0161en\u00ed vydr\u017e\u00ed, a\u0165 si udr\u017e\u00ed i tu pot\u0159ebnou l\u00e1sku ke sportu a a\u0165 j\u00ed sport p\u0159in\u00e1\u0161\u00ed radost!\u201c<\/em><\/p>\n","protected":false},"excerpt":{"rendered":"<p>Z\u00e1vod, ve kter\u00e9m nen\u00ed nejd\u016fle\u017eit\u011bj\u0161\u00ed v\u00edt\u011bzstv\u00ed, ale vz\u00e1jemn\u00e1 spolupr\u00e1ce. To je Metrostav Handy Cyklo Maraton \u2013 non stop etapov\u00fd cyklistick\u00fd [&hellip;]<\/p>\n","protected":false},"author":95,"featured_media":3402,"comment_status":"open","ping_status":"open","sticky":false,"template":"","format":"standard","meta":{"footnotes":""},"categories":[6],"tags":[397,398,130,372,374,373],"global-categories":[],"class_list":["post-3421","post","type-post","status-publish","format-standard","has-post-thumbnail","hentry","category-zdravi-a-trenink","tag-alex-borska","tag-andrea-bezdekova","tag-jiri-jezek","tag-metrostav-cyklo-handy-maraton-2019","tag-skoda-handy","tag-skoda-we-love-cycling-tym"],"yoast_head":"<!-- This site is optimized with the Yoast SEO Premium plugin v25.3 (Yoast SEO v25.9) - https:\/\/yoast.com\/wordpress\/plugins\/seo\/ -->\n<title>\u0160koda We Love Cycling T\u00fdm: Nejv\u011bt\u0161\u00edm \u00fasp\u011bchem nen\u00ed v\u00fdhra! | \u0160koda We Love Cycling - \u010cesk\u00e1 republika<\/title>\n<meta name=\"description\" content=\"Z\u00e1vod, ve kter\u00e9m nejde o v\u00edt\u011bzstv\u00ed, ale o spolupr\u00e1ci. To je Metrostav Handy Cyklo Maraton 2019, na kter\u00e9m se letos p\u0159edstavil i \u0160koda We Love Cycling T\u00fdm!\" \/>\n<meta name=\"robots\" content=\"index, follow, max-snippet:-1, max-image-preview:large, max-video-preview:-1\" \/>\n<link rel=\"canonical\" href=\"https:\/\/www.welovecycling.com\/cs\/2019\/08\/06\/skoda-we-love-cycling-tym-nejvetsim-uspechem-neni-vyhra\/\" \/>\n<meta property=\"og:locale\" content=\"cs_CZ\" \/>\n<meta property=\"og:type\" content=\"article\" \/>\n<meta property=\"og:title\" content=\"\u0160koda We Love Cycling T\u00fdm: Nejv\u011bt\u0161\u00edm \u00fasp\u011bchem nen\u00ed v\u00fdhra!\" \/>\n<meta property=\"og:description\" content=\"Z\u00e1vod, ve kter\u00e9m nejde o v\u00edt\u011bzstv\u00ed, ale o spolupr\u00e1ci. To je Metrostav Handy Cyklo Maraton 2019, na kter\u00e9m se letos p\u0159edstavil i \u0160koda We Love Cycling T\u00fdm!\" \/>\n<meta property=\"og:url\" content=\"https:\/\/www.welovecycling.com\/cs\/2019\/08\/06\/skoda-we-love-cycling-tym-nejvetsim-uspechem-neni-vyhra\/\" \/>\n<meta property=\"og:site_name\" content=\"\u0160koda We Love Cycling - \u010cesk\u00e1 republika\" \/>\n<meta property=\"article:published_time\" content=\"2019-08-06T09:15:42+00:00\" \/>\n<meta property=\"article:modified_time\" content=\"2019-09-09T06:58:57+00:00\" \/>\n<meta property=\"og:image\" content=\"https:\/\/d2p6e6u75xmxt8.cloudfront.net\/13\/2019\/08\/MG_1677_optimized.webp\" \/>\n\t<meta property=\"og:image:width\" content=\"2048\" \/>\n\t<meta property=\"og:image:height\" content=\"1365\" \/>\n\t<meta property=\"og:image:type\" content=\"image\/webp\" \/>\n<meta name=\"twitter:card\" content=\"summary_large_image\" \/>\n<meta name=\"twitter:label1\" content=\"Written by\" \/>\n\t<meta name=\"twitter:data1\" content=\"\" \/>\n\t<meta name=\"twitter:label2\" content=\"Est. reading time\" \/>\n\t<meta name=\"twitter:data2\" content=\"5 minut\" \/>\n<script type=\"application\/ld+json\" class=\"yoast-schema-graph\">{\"@context\":\"https:\/\/schema.org\",\"@graph\":[{\"@type\":\"WebPage\",\"@id\":\"https:\/\/www.welovecycling.com\/cs\/2019\/08\/06\/skoda-we-love-cycling-tym-nejvetsim-uspechem-neni-vyhra\/\",\"url\":\"https:\/\/www.welovecycling.com\/cs\/2019\/08\/06\/skoda-we-love-cycling-tym-nejvetsim-uspechem-neni-vyhra\/\",\"name\":\"\u0160koda We Love Cycling T\u00fdm: Nejv\u011bt\u0161\u00edm \u00fasp\u011bchem nen\u00ed v\u00fdhra! | \u0160koda We Love Cycling - \u010cesk\u00e1 republika\",\"isPartOf\":{\"@id\":\"https:\/\/www.welovecycling.com\/cs\/#website\"},\"primaryImageOfPage\":{\"@id\":\"https:\/\/www.welovecycling.com\/cs\/2019\/08\/06\/skoda-we-love-cycling-tym-nejvetsim-uspechem-neni-vyhra\/#primaryimage\"},\"image\":{\"@id\":\"https:\/\/www.welovecycling.com\/cs\/2019\/08\/06\/skoda-we-love-cycling-tym-nejvetsim-uspechem-neni-vyhra\/#primaryimage\"},\"thumbnailUrl\":\"https:\/\/d2p6e6u75xmxt8.cloudfront.net\/13\/2019\/08\/MG_1677_optimized.webp\",\"datePublished\":\"2019-08-06T09:15:42+00:00\",\"dateModified\":\"2019-09-09T06:58:57+00:00\",\"author\":{\"@id\":\"\"},\"description\":\"Z\u00e1vod, ve kter\u00e9m nejde o v\u00edt\u011bzstv\u00ed, ale o spolupr\u00e1ci. To je Metrostav Handy Cyklo Maraton 2019, na kter\u00e9m se letos p\u0159edstavil i \u0160koda We Love Cycling T\u00fdm!\",\"inLanguage\":\"cs\",\"potentialAction\":[{\"@type\":\"ReadAction\",\"target\":[\"https:\/\/www.welovecycling.com\/cs\/2019\/08\/06\/skoda-we-love-cycling-tym-nejvetsim-uspechem-neni-vyhra\/\"]}]},{\"@type\":\"ImageObject\",\"inLanguage\":\"cs\",\"@id\":\"https:\/\/www.welovecycling.com\/cs\/2019\/08\/06\/skoda-we-love-cycling-tym-nejvetsim-uspechem-neni-vyhra\/#primaryimage\",\"url\":\"https:\/\/d2p6e6u75xmxt8.cloudfront.net\/13\/2019\/08\/MG_1677_optimized.webp\",\"contentUrl\":\"https:\/\/d2p6e6u75xmxt8.cloudfront.net\/13\/2019\/08\/MG_1677_optimized.webp\",\"width\":2048,\"height\":1365,\"caption\":\"Alex Borsk\u00e1 se sv\u00fdm t\u00fdmem \u0160koda We Love Cycling.\"},{\"@type\":\"WebSite\",\"@id\":\"https:\/\/www.welovecycling.com\/cs\/#website\",\"url\":\"https:\/\/www.welovecycling.com\/cs\/\",\"name\":\"\u0160koda We Love Cycling - \u010cesk\u00e1 republika\",\"description\":\"WeLoveCycling.cz je online magaz\u00edn, kter\u00fd v\u00e1m pravideln\u011b p\u0159in\u00e1\u0161\u00ed rady a tipy, zaj\u00edmav\u00e9 \u010dl\u00e1nky, videa a jedine\u010dn\u00e9 report\u00e1\u017ee ze sv\u011bta cyklistiky.\",\"potentialAction\":[{\"@type\":\"SearchAction\",\"target\":{\"@type\":\"EntryPoint\",\"urlTemplate\":\"https:\/\/www.welovecycling.com\/cs\/?s={search_term_string}\"},\"query-input\":{\"@type\":\"PropertyValueSpecification\",\"valueRequired\":true,\"valueName\":\"search_term_string\"}}],\"inLanguage\":\"cs\"},{\"@type\":\"Person\",\"@id\":\"\",\"url\":\"https:\/\/www.welovecycling.com\/cs\/author\/\"}]}<\/script>\n<!-- \/ Yoast SEO Premium plugin. -->","yoast_head_json":{"title":"\u0160koda We Love Cycling T\u00fdm: Nejv\u011bt\u0161\u00edm \u00fasp\u011bchem nen\u00ed v\u00fdhra! | \u0160koda We Love Cycling - \u010cesk\u00e1 republika","description":"Z\u00e1vod, ve kter\u00e9m nejde o v\u00edt\u011bzstv\u00ed, ale o spolupr\u00e1ci. To je Metrostav Handy Cyklo Maraton 2019, na kter\u00e9m se letos p\u0159edstavil i \u0160koda We Love Cycling T\u00fdm!","robots":{"index":"index","follow":"follow","max-snippet":"max-snippet:-1","max-image-preview":"max-image-preview:large","max-video-preview":"max-video-preview:-1"},"canonical":"https:\/\/www.welovecycling.com\/cs\/2019\/08\/06\/skoda-we-love-cycling-tym-nejvetsim-uspechem-neni-vyhra\/","og_locale":"cs_CZ","og_type":"article","og_title":"\u0160koda We Love Cycling T\u00fdm: Nejv\u011bt\u0161\u00edm \u00fasp\u011bchem nen\u00ed v\u00fdhra!","og_description":"Z\u00e1vod, ve kter\u00e9m nejde o v\u00edt\u011bzstv\u00ed, ale o spolupr\u00e1ci. To je Metrostav Handy Cyklo Maraton 2019, na kter\u00e9m se letos p\u0159edstavil i \u0160koda We Love Cycling T\u00fdm!","og_url":"https:\/\/www.welovecycling.com\/cs\/2019\/08\/06\/skoda-we-love-cycling-tym-nejvetsim-uspechem-neni-vyhra\/","og_site_name":"\u0160koda We Love Cycling - \u010cesk\u00e1 republika","article_published_time":"2019-08-06T09:15:42+00:00","article_modified_time":"2019-09-09T06:58:57+00:00","og_image":[{"width":2048,"height":1365,"url":"https:\/\/d2p6e6u75xmxt8.cloudfront.net\/13\/2019\/08\/MG_1677_optimized.webp","type":"image\/webp"}],"twitter_card":"summary_large_image","twitter_misc":{"Written by":"","Est. reading time":"5 minut"},"schema":{"@context":"https:\/\/schema.org","@graph":[{"@type":"WebPage","@id":"https:\/\/www.welovecycling.com\/cs\/2019\/08\/06\/skoda-we-love-cycling-tym-nejvetsim-uspechem-neni-vyhra\/","url":"https:\/\/www.welovecycling.com\/cs\/2019\/08\/06\/skoda-we-love-cycling-tym-nejvetsim-uspechem-neni-vyhra\/","name":"\u0160koda We Love Cycling T\u00fdm: Nejv\u011bt\u0161\u00edm \u00fasp\u011bchem nen\u00ed v\u00fdhra! | \u0160koda We Love Cycling - \u010cesk\u00e1 republika","isPartOf":{"@id":"https:\/\/www.welovecycling.com\/cs\/#website"},"primaryImageOfPage":{"@id":"https:\/\/www.welovecycling.com\/cs\/2019\/08\/06\/skoda-we-love-cycling-tym-nejvetsim-uspechem-neni-vyhra\/#primaryimage"},"image":{"@id":"https:\/\/www.welovecycling.com\/cs\/2019\/08\/06\/skoda-we-love-cycling-tym-nejvetsim-uspechem-neni-vyhra\/#primaryimage"},"thumbnailUrl":"https:\/\/d2p6e6u75xmxt8.cloudfront.net\/13\/2019\/08\/MG_1677_optimized.webp","datePublished":"2019-08-06T09:15:42+00:00","dateModified":"2019-09-09T06:58:57+00:00","author":{"@id":""},"description":"Z\u00e1vod, ve kter\u00e9m nejde o v\u00edt\u011bzstv\u00ed, ale o spolupr\u00e1ci. To je Metrostav Handy Cyklo Maraton 2019, na kter\u00e9m se letos p\u0159edstavil i \u0160koda We Love Cycling T\u00fdm!","inLanguage":"cs","potentialAction":[{"@type":"ReadAction","target":["https:\/\/www.welovecycling.com\/cs\/2019\/08\/06\/skoda-we-love-cycling-tym-nejvetsim-uspechem-neni-vyhra\/"]}]},{"@type":"ImageObject","inLanguage":"cs","@id":"https:\/\/www.welovecycling.com\/cs\/2019\/08\/06\/skoda-we-love-cycling-tym-nejvetsim-uspechem-neni-vyhra\/#primaryimage","url":"https:\/\/d2p6e6u75xmxt8.cloudfront.net\/13\/2019\/08\/MG_1677_optimized.webp","contentUrl":"https:\/\/d2p6e6u75xmxt8.cloudfront.net\/13\/2019\/08\/MG_1677_optimized.webp","width":2048,"height":1365,"caption":"Alex Borsk\u00e1 se sv\u00fdm t\u00fdmem \u0160koda We Love Cycling."},{"@type":"WebSite","@id":"https:\/\/www.welovecycling.com\/cs\/#website","url":"https:\/\/www.welovecycling.com\/cs\/","name":"\u0160koda We Love Cycling - \u010cesk\u00e1 republika","description":"WeLoveCycling.cz je online magaz\u00edn, kter\u00fd v\u00e1m pravideln\u011b p\u0159in\u00e1\u0161\u00ed rady a tipy, zaj\u00edmav\u00e9 \u010dl\u00e1nky, videa a jedine\u010dn\u00e9 report\u00e1\u017ee ze sv\u011bta cyklistiky.","potentialAction":[{"@type":"SearchAction","target":{"@type":"EntryPoint","urlTemplate":"https:\/\/www.welovecycling.com\/cs\/?s={search_term_string}"},"query-input":{"@type":"PropertyValueSpecification","valueRequired":true,"valueName":"search_term_string"}}],"inLanguage":"cs"},{"@type":"Person","@id":"","url":"https:\/\/www.welovecycling.com\/cs\/author\/"}]}},"_links":{"self":[{"href":"https:\/\/www.welovecycling.com\/cs\/wp-json\/wp\/v2\/posts\/3421","targetHints":{"allow":["GET"]}}],"collection":[{"href":"https:\/\/www.welovecycling.com\/cs\/wp-json\/wp\/v2\/posts"}],"about":[{"href":"https:\/\/www.welovecycling.com\/cs\/wp-json\/wp\/v2\/types\/post"}],"author":[{"embeddable":true,"href":"https:\/\/www.welovecycling.com\/cs\/wp-json\/wp\/v2\/users\/95"}],"replies":[{"embeddable":true,"href":"https:\/\/www.welovecycling.com\/cs\/wp-json\/wp\/v2\/comments?post=3421"}],"version-history":[{"count":2,"href":"https:\/\/www.welovecycling.com\/cs\/wp-json\/wp\/v2\/posts\/3421\/revisions"}],"predecessor-version":[{"id":3464,"href":"https:\/\/www.welovecycling.com\/cs\/wp-json\/wp\/v2\/posts\/3421\/revisions\/3464"}],"wp:featuredmedia":[{"embeddable":true,"href":"https:\/\/www.welovecycling.com\/cs\/wp-json\/wp\/v2\/media\/3402"}],"wp:attachment":[{"href":"https:\/\/www.welovecycling.com\/cs\/wp-json\/wp\/v2\/media?parent=3421"}],"wp:term":[{"taxonomy":"category","embeddable":true,"href":"https:\/\/www.welovecycling.com\/cs\/wp-json\/wp\/v2\/categories?post=3421"},{"taxonomy":"post_tag","embeddable":true,"href":"https:\/\/www.welovecycling.com\/cs\/wp-json\/wp\/v2\/tags?post=3421"},{"taxonomy":"global-categories","embeddable":true,"href":"https:\/\/www.welovecycling.com\/cs\/wp-json\/wp\/v2\/global-categories?post=3421"}],"curies":[{"name":"wp","href":"https:\/\/api.w.org\/{rel}","templated":true}]}}