{"id":337,"date":"2019-02-19T08:46:13","date_gmt":"2019-02-19T07:46:13","guid":{"rendered":"https:\/\/www.welovecycling.com\/cs\/?p=337"},"modified":"2019-02-20T09:30:41","modified_gmt":"2019-02-20T08:30:41","slug":"svetovi-hvezdy-specialni-diety-chris-froome","status":"publish","type":"post","link":"https:\/\/www.welovecycling.com\/cs\/2019\/02\/19\/svetovi-hvezdy-specialni-diety-chris-froome\/","title":{"rendered":"Sv\u011btov\u00e9 hv\u011bzdy a speci\u00e1ln\u00ed diety \u2013 Chris Froome"},"content":{"rendered":"<p><strong>Chris Froome, pravd\u011bpodobn\u011b nejlep\u0161\u00ed silni\u010dn\u00ed cyklista sou\u010dasnosti, je \u017eivouc\u00edm d\u016fkazem toho, \u017ee bez spr\u00e1vn\u00e9 stravy to nejde. Jedn\u00edm z kl\u00ed\u010dov\u00fdch faktor\u016f, kter\u00e9 zm\u011bnily jeho kari\u00e9ru z pr\u016fm\u011brn\u00e9 na vele\u00fasp\u011b\u0161nou, byl fakt, \u017ee dok\u00e1zal v\u00fdrazn\u011b zhubnout. A t\u00edm to neskon\u010dilo. D\u00edky p\u0159\u00edstupu \u201emal\u00fdch pokrok\u016f\u201c teamu Sky Chris st\u00e1le posouv\u00e1 hranice v\u00fd\u017eivy v cyklistice. Poj\u010fme se pod\u00edvat, jak jeho strava vypad\u00e1 nyn\u00ed.<\/strong><\/p>\n<p>Kdy\u017e se Chris Froome v roce 2007 stal profesion\u00e1ln\u00edm cyklistou, v\u00e1\u017eil 75,7 kg. Na jeho prvn\u00ed Tour de France, kterou v roce 2013 vyhr\u00e1l, v\u0161ak v\u00e1\u017eil pouh\u00fdch 65,8 kg. To znamen\u00e1, \u017ee musel sn\u00ed\u017eit svou v\u00e1hu o deset kilogram\u016f v dob\u011b, kdy u\u017e pat\u0159il mezi profesion\u00e1ln\u00ed sportovce. Samoz\u0159ejm\u011b, \u017ee m\u00e1 Chris v\u00fdjime\u010dn\u00e9 geny, velice siln\u00fd t\u00fdm a spr\u00e1vn\u00fd p\u0159\u00edstup. Jeden parametr mu v\u0161ak spousta cyklist\u016f z\u00e1vid\u00ed nejv\u00edce, a t\u00edm je jeho pom\u011br v\u00fdkonu na t\u011blesnou v\u00e1hu 6,25 W\/kg, kter\u00e9ho dos\u00e1hl pr\u00e1v\u011b d\u00edky spr\u00e1vn\u00e9 strav\u011b.<\/p>\n<h2>Zhubnul s pomoc\u00ed b\u00edlkovin<\/h2>\n<p>Na za\u010d\u00e1tku sv\u00e9 kari\u00e9ry se vydal \u0161patnou cestou \u2013 hladov\u011bl p\u0159ed ka\u017ed\u00fdm velk\u00fdm z\u00e1vodem, aby zhubl na z\u00e1vodn\u00ed v\u00e1hu. Na podn\u011bt sv\u00e9 \u017eeny ale zkusil se stravou experimentovat. Za\u010dal j\u00edst v\u00edce b\u00edlkovin a strategicky omezil sacharidy. Jeho t\u011blo na to zareagovalo pozitivn\u011b a umo\u017enilo mu excelovat na Tour de France, kde sv\u016fj \u00fasp\u011bch n\u011bkolikr\u00e1t zopakoval. Jak\u00e9 je jeho tajemstv\u00ed?<\/p>\n<div class=\"embed-controller-wrapper\">\n<blockquote class=\"twitter-tweet\" data-width=\"500\" data-dnt=\"true\">\n<p lang=\"en\" dir=\"ltr\">There&#39;s a reason my wife keeps me out the kitchen&#8230;\ud83c\udf4d\ud83c\udf4c <a href=\"https:\/\/twitter.com\/hashtag\/smoothie?src=hash&amp;ref_src=twsrc%5Etfw\">#smoothie<\/a> <a href=\"https:\/\/twitter.com\/hashtag\/healthy?src=hash&amp;ref_src=twsrc%5Etfw\">#healthy<\/a> <a href=\"https:\/\/twitter.com\/hashtag\/oops?src=hash&amp;ref_src=twsrc%5Etfw\">#oops<\/a> <a href=\"http:\/\/t.co\/s2o52ugELl\">pic.twitter.com\/s2o52ugELl<\/a><\/p>\n<p>&mdash; Chris Froome (@chrisfroome) <a href=\"https:\/\/twitter.com\/chrisfroome\/status\/564747350867210240?ref_src=twsrc%5Etfw\">February 9, 2015<\/a><\/p><\/blockquote>\n<p><script async data-src=\"https:\/\/platform.twitter.com\/widgets.js\" charset=\"utf-8\"><\/script><\/div>\n<p>Lid\u00e9 se \u010dasto myln\u011b domn\u00edvaj\u00ed, \u017ee profesion\u00e1ln\u00ed cyklist\u00e9 mohou j\u00edst cokoli, proto\u017ee v\u0161e sp\u00e1l\u00ed b\u011bhem sv\u00fdch n\u011bkolikahodinov\u00fdch tr\u00e9nink\u016f. Chris ale potvrzuje, \u017ee realita je \u00fapln\u011b jin\u00e1. Mus\u00ed si striktn\u011b hl\u00eddat \u00fapln\u011b ka\u017ed\u00fd kousek j\u00eddla, kter\u00fd vlo\u017e\u00ed do \u00fast. Ve sv\u00e9 autobiografii, The Climb, \u0159\u00edk\u00e1: \u201eSna\u017e\u00edm se, aby moje strava byla velmi lehk\u00e1. R\u00e1no si dovol\u00edm jednu misku ovesn\u00e9 ka\u0161e a omeletu ze dvou vajec, bez jak\u00e9koli p\u0159\u00edlohy k tomu. \u017d\u00e1dn\u00e9 p\u0159id\u00e1v\u00e1n\u00ed, \u017e\u00e1dn\u00e1 vyb\u00edravost, nic. Kdy\u017e m\u011b \u010dek\u00e1 n\u00e1ro\u010dn\u00e1 etapa, tak si d\u00e1m omeletu ze t\u0159\u00ed vajec a p\u0159id\u00e1m trochu b\u00edl\u00e9 r\u00fd\u017ee do ka\u0161e.\u201c<\/p>\n<p>https:\/\/www.instagram.com\/p\/BBZuYv7mxkt\/<\/p>\n<h2>Adaptace na tuky mimo sez\u00f3nu<\/h2>\n<p>Dos\u00e1hnout z\u00e1vodn\u00ed v\u00e1hy byl pouze prvn\u00ed krok. Dal\u0161\u00ed zm\u011bna ve v\u00fd\u017eiv\u011b p\u0159i\u0161la jako sou\u010d\u00e1st strategie t\u00fdmu Sky. James Morton, sou\u010dasn\u00fd vedouc\u00ed v\u00fd\u017eivy pro t\u00fdm Sky, shrnul z\u00e1klady takto: \u201eZ na\u0161eho v\u00fdzkumu na Liverpool John Moores University v\u00edme, \u017ee c\u00edlen\u00e1 restrikce sacharid\u016f okolo pe\u010dliv\u011b vybran\u00fdch tr\u00e9nink\u016f m\u016f\u017ee vylep\u0161it tr\u00e9ninkov\u00e9 adaptace. Potom ale mus\u00edme op\u011bt zajistit vy\u0161\u0161\u00ed p\u0159\u00edjem sacharid\u016f pro kl\u00ed\u010dov\u00e9 tr\u00e9ninky a n\u00e1ro\u010dn\u00e9 etapy v z\u00e1vodech. Mysl\u00edm si, \u017ee tento koncept periodizace denn\u00edho p\u0159\u00edjmu sacharid\u016f je nejzaj\u00edmav\u011bj\u0161\u00edm aspektem sportovn\u00ed v\u00fd\u017eivy za posledn\u00edch deset let.\u201c<\/p>\n<div class=\"embed-controller-wrapper\">\n<blockquote class=\"twitter-tweet\" data-width=\"500\" data-dnt=\"true\">\n<p lang=\"en\" dir=\"ltr\">Rest day breakfast \ud83d\udc4c\ud83c\udf73 <a href=\"https:\/\/twitter.com\/hashtag\/TDF?src=hash&amp;ref_src=twsrc%5Etfw\">#TDF<\/a> <a href=\"https:\/\/twitter.com\/hashtag\/TDF2016?src=hash&amp;ref_src=twsrc%5Etfw\">#TDF2016<\/a> <a href=\"https:\/\/t.co\/gRjKMJtL2K\">pic.twitter.com\/gRjKMJtL2K<\/a><\/p>\n<p>&mdash; Chris Froome (@chrisfroome) <a href=\"https:\/\/twitter.com\/chrisfroome\/status\/755341376515141632?ref_src=twsrc%5Etfw\">July 19, 2016<\/a><\/p><\/blockquote>\n<p><script async data-src=\"https:\/\/platform.twitter.com\/widgets.js\" charset=\"utf-8\"><\/script><\/div>\n<p>V praxi to znamen\u00e1, \u017ee se Chris zam\u011b\u0159uje na b\u00edlkoviny a zdrav\u00e9 tuky mimo sez\u00f3nu, aby t\u011blo nau\u010dil vyu\u017e\u00edvat tuk jako palivo. Pr\u00e1v\u011b proto na jeho sn\u00edda\u0148ov\u00e9m tal\u00ed\u0159i najdeme vejce, avok\u00e1do a lososa a na ob\u011bdov\u00e9m pak steak se zeleninou.<br \/>\nhttps:\/\/www.instagram.com\/p\/7u0Wt4mxqd\/<\/p>\n<p>P\u0159i z\u00e1vodech jako Tour de France a p\u0159i n\u00e1ro\u010dn\u00fdch tr\u00e9ninc\u00edch se Chris samoz\u0159ejm\u011b vrac\u00ed k vy\u0161\u0161\u00edmu pod\u00edlu sacharid\u016f ve strav\u011b, aby udr\u017eel sv\u00e9 z\u00e1soby glykogenu vrchovat\u00e9, a mohl tak pod\u00e1vat maxim\u00e1ln\u00ed v\u00fdkon. Zd\u00e1 se, \u017ee tento p\u0159\u00edstup mu umo\u017e\u0148uje z\u00edskat to nejlep\u0161\u00ed z obou sv\u011bt\u016f. Udr\u017e\u00ed si z\u00e1vodn\u00ed v\u00e1hu, ani\u017e by musel hladov\u011bt, a z\u00e1rove\u0148 m\u00e1 dostatek energie, kterou pro sv\u00e9 neskute\u010dn\u00e9 v\u00fdkony pot\u0159ebuje. Stravu Chrise Frooma v podstat\u011b nelze kritizovat, naopak si v\u0161ichni m\u00e1me vz\u00edt p\u0159\u00edklad z jeho chytr\u00e9ho a disciplinovan\u00e9ho p\u0159\u00edstupu.<\/p>\n","protected":false},"excerpt":{"rendered":"<p>Chris Froome, pravd\u011bpodobn\u011b nejlep\u0161\u00ed silni\u010dn\u00ed cyklista sou\u010dasnosti, je \u017eivouc\u00edm d\u016fkazem toho, \u017ee bez spr\u00e1vn\u00e9 stravy to nejde. Jedn\u00edm z kl\u00ed\u010dov\u00fdch [&hellip;]<\/p>\n","protected":false},"author":91,"featured_media":371,"comment_status":"open","ping_status":"open","sticky":false,"template":"","format":"standard","meta":{"footnotes":""},"categories":[10,6],"tags":[19,41,21,9,20,22,23,17],"global-categories":[],"class_list":["post-337","post","type-post","status-publish","format-standard","has-post-thumbnail","hentry","category-silnicni-cyklistika","category-zdravi-a-trenink","tag-chris-froome","tag-gurmanska-jizda","tag-jidlo","tag-silnicni-cyklistika","tag-stravovani","tag-tdf","tag-tour-de-france","tag-vyziva"],"yoast_head":"<!-- This site is optimized with the Yoast SEO Premium plugin v25.3 (Yoast SEO v25.9) - https:\/\/yoast.com\/wordpress\/plugins\/seo\/ -->\n<title>Sv\u011btov\u00e9 hv\u011bzdy a speci\u00e1ln\u00ed diety \u2013 Chris Froome | \u0160koda We Love Cycling - \u010cesk\u00e1 republika<\/title>\n<meta name=\"robots\" content=\"index, follow, max-snippet:-1, max-image-preview:large, max-video-preview:-1\" \/>\n<link rel=\"canonical\" href=\"https:\/\/www.welovecycling.com\/cs\/2019\/02\/19\/svetovi-hvezdy-specialni-diety-chris-froome\/\" \/>\n<meta property=\"og:locale\" content=\"cs_CZ\" \/>\n<meta property=\"og:type\" content=\"article\" \/>\n<meta property=\"og:title\" content=\"Sv\u011btov\u00e9 hv\u011bzdy a speci\u00e1ln\u00ed diety \u2013 Chris Froome\" \/>\n<meta property=\"og:description\" content=\"Chris Froome, pravd\u011bpodobn\u011b nejlep\u0161\u00ed silni\u010dn\u00ed cyklista sou\u010dasnosti, je \u017eivouc\u00edm d\u016fkazem toho, \u017ee bez spr\u00e1vn\u00e9 stravy to nejde. Jedn\u00edm z kl\u00ed\u010dov\u00fdch [&hellip;]\" \/>\n<meta property=\"og:url\" content=\"https:\/\/www.welovecycling.com\/cs\/2019\/02\/19\/svetovi-hvezdy-specialni-diety-chris-froome\/\" \/>\n<meta property=\"og:site_name\" content=\"\u0160koda We Love Cycling - \u010cesk\u00e1 republika\" \/>\n<meta property=\"article:published_time\" content=\"2019-02-19T07:46:13+00:00\" \/>\n<meta property=\"article:modified_time\" content=\"2019-02-20T08:30:41+00:00\" \/>\n<meta property=\"og:image\" content=\"https:\/\/d2p6e6u75xmxt8.cloudfront.net\/13\/2019\/02\/0340097700.webp\" \/>\n\t<meta property=\"og:image:width\" content=\"1800\" \/>\n\t<meta property=\"og:image:height\" content=\"785\" \/>\n\t<meta property=\"og:image:type\" content=\"image\/webp\" \/>\n<meta name=\"twitter:card\" content=\"summary_large_image\" \/>\n<meta name=\"twitter:label1\" content=\"Written by\" \/>\n\t<meta name=\"twitter:data1\" content=\"Ji\u0159\u00ed Kalo\u010d\" \/>\n\t<meta name=\"twitter:label2\" content=\"Est. reading time\" \/>\n\t<meta name=\"twitter:data2\" content=\"4\" \/>\n<script type=\"application\/ld+json\" class=\"yoast-schema-graph\">{\"@context\":\"https:\/\/schema.org\",\"@graph\":[{\"@type\":\"WebPage\",\"@id\":\"https:\/\/www.welovecycling.com\/cs\/2019\/02\/19\/svetovi-hvezdy-specialni-diety-chris-froome\/\",\"url\":\"https:\/\/www.welovecycling.com\/cs\/2019\/02\/19\/svetovi-hvezdy-specialni-diety-chris-froome\/\",\"name\":\"Sv\u011btov\u00e9 hv\u011bzdy a speci\u00e1ln\u00ed diety \u2013 Chris Froome | \u0160koda We Love Cycling - \u010cesk\u00e1 republika\",\"isPartOf\":{\"@id\":\"https:\/\/www.welovecycling.com\/cs\/#website\"},\"primaryImageOfPage\":{\"@id\":\"https:\/\/www.welovecycling.com\/cs\/2019\/02\/19\/svetovi-hvezdy-specialni-diety-chris-froome\/#primaryimage\"},\"image\":{\"@id\":\"https:\/\/www.welovecycling.com\/cs\/2019\/02\/19\/svetovi-hvezdy-specialni-diety-chris-froome\/#primaryimage\"},\"thumbnailUrl\":\"https:\/\/d2p6e6u75xmxt8.cloudfront.net\/13\/2019\/02\/0340097700.webp\",\"datePublished\":\"2019-02-19T07:46:13+00:00\",\"dateModified\":\"2019-02-20T08:30:41+00:00\",\"author\":{\"@id\":\"\"},\"inLanguage\":\"cs\",\"potentialAction\":[{\"@type\":\"ReadAction\",\"target\":[\"https:\/\/www.welovecycling.com\/cs\/2019\/02\/19\/svetovi-hvezdy-specialni-diety-chris-froome\/\"]}]},{\"@type\":\"ImageObject\",\"inLanguage\":\"cs\",\"@id\":\"https:\/\/www.welovecycling.com\/cs\/2019\/02\/19\/svetovi-hvezdy-specialni-diety-chris-froome\/#primaryimage\",\"url\":\"https:\/\/d2p6e6u75xmxt8.cloudfront.net\/13\/2019\/02\/0340097700.webp\",\"contentUrl\":\"https:\/\/d2p6e6u75xmxt8.cloudfront.net\/13\/2019\/02\/0340097700.webp\",\"width\":1800,\"height\":785},{\"@type\":\"WebSite\",\"@id\":\"https:\/\/www.welovecycling.com\/cs\/#website\",\"url\":\"https:\/\/www.welovecycling.com\/cs\/\",\"name\":\"\u0160koda We Love Cycling - \u010cesk\u00e1 republika\",\"description\":\"WeLoveCycling.cz je online magaz\u00edn, kter\u00fd v\u00e1m pravideln\u011b p\u0159in\u00e1\u0161\u00ed rady a tipy, zaj\u00edmav\u00e9 \u010dl\u00e1nky, videa a jedine\u010dn\u00e9 report\u00e1\u017ee ze sv\u011bta cyklistiky.\",\"potentialAction\":[{\"@type\":\"SearchAction\",\"target\":{\"@type\":\"EntryPoint\",\"urlTemplate\":\"https:\/\/www.welovecycling.com\/cs\/?s={search_term_string}\"},\"query-input\":{\"@type\":\"PropertyValueSpecification\",\"valueRequired\":true,\"valueName\":\"search_term_string\"}}],\"inLanguage\":\"cs\"},{\"@type\":\"Person\",\"@id\":\"\",\"url\":\"https:\/\/www.welovecycling.com\/cs\/author\/\"}]}<\/script>\n<!-- \/ Yoast SEO Premium plugin. -->","yoast_head_json":{"title":"Sv\u011btov\u00e9 hv\u011bzdy a speci\u00e1ln\u00ed diety \u2013 Chris Froome | \u0160koda We Love Cycling - \u010cesk\u00e1 republika","robots":{"index":"index","follow":"follow","max-snippet":"max-snippet:-1","max-image-preview":"max-image-preview:large","max-video-preview":"max-video-preview:-1"},"canonical":"https:\/\/www.welovecycling.com\/cs\/2019\/02\/19\/svetovi-hvezdy-specialni-diety-chris-froome\/","og_locale":"cs_CZ","og_type":"article","og_title":"Sv\u011btov\u00e9 hv\u011bzdy a speci\u00e1ln\u00ed diety \u2013 Chris Froome","og_description":"Chris Froome, pravd\u011bpodobn\u011b nejlep\u0161\u00ed silni\u010dn\u00ed cyklista sou\u010dasnosti, je \u017eivouc\u00edm d\u016fkazem toho, \u017ee bez spr\u00e1vn\u00e9 stravy to nejde. Jedn\u00edm z kl\u00ed\u010dov\u00fdch [&hellip;]","og_url":"https:\/\/www.welovecycling.com\/cs\/2019\/02\/19\/svetovi-hvezdy-specialni-diety-chris-froome\/","og_site_name":"\u0160koda We Love Cycling - \u010cesk\u00e1 republika","article_published_time":"2019-02-19T07:46:13+00:00","article_modified_time":"2019-02-20T08:30:41+00:00","og_image":[{"width":1800,"height":785,"url":"https:\/\/d2p6e6u75xmxt8.cloudfront.net\/13\/2019\/02\/0340097700.webp","type":"image\/webp"}],"twitter_card":"summary_large_image","twitter_misc":{"Written by":"Ji\u0159\u00ed Kalo\u010d","Est. reading time":"4"},"schema":{"@context":"https:\/\/schema.org","@graph":[{"@type":"WebPage","@id":"https:\/\/www.welovecycling.com\/cs\/2019\/02\/19\/svetovi-hvezdy-specialni-diety-chris-froome\/","url":"https:\/\/www.welovecycling.com\/cs\/2019\/02\/19\/svetovi-hvezdy-specialni-diety-chris-froome\/","name":"Sv\u011btov\u00e9 hv\u011bzdy a speci\u00e1ln\u00ed diety \u2013 Chris Froome | \u0160koda We Love Cycling - \u010cesk\u00e1 republika","isPartOf":{"@id":"https:\/\/www.welovecycling.com\/cs\/#website"},"primaryImageOfPage":{"@id":"https:\/\/www.welovecycling.com\/cs\/2019\/02\/19\/svetovi-hvezdy-specialni-diety-chris-froome\/#primaryimage"},"image":{"@id":"https:\/\/www.welovecycling.com\/cs\/2019\/02\/19\/svetovi-hvezdy-specialni-diety-chris-froome\/#primaryimage"},"thumbnailUrl":"https:\/\/d2p6e6u75xmxt8.cloudfront.net\/13\/2019\/02\/0340097700.webp","datePublished":"2019-02-19T07:46:13+00:00","dateModified":"2019-02-20T08:30:41+00:00","author":{"@id":""},"inLanguage":"cs","potentialAction":[{"@type":"ReadAction","target":["https:\/\/www.welovecycling.com\/cs\/2019\/02\/19\/svetovi-hvezdy-specialni-diety-chris-froome\/"]}]},{"@type":"ImageObject","inLanguage":"cs","@id":"https:\/\/www.welovecycling.com\/cs\/2019\/02\/19\/svetovi-hvezdy-specialni-diety-chris-froome\/#primaryimage","url":"https:\/\/d2p6e6u75xmxt8.cloudfront.net\/13\/2019\/02\/0340097700.webp","contentUrl":"https:\/\/d2p6e6u75xmxt8.cloudfront.net\/13\/2019\/02\/0340097700.webp","width":1800,"height":785},{"@type":"WebSite","@id":"https:\/\/www.welovecycling.com\/cs\/#website","url":"https:\/\/www.welovecycling.com\/cs\/","name":"\u0160koda We Love Cycling - \u010cesk\u00e1 republika","description":"WeLoveCycling.cz je online magaz\u00edn, kter\u00fd v\u00e1m pravideln\u011b p\u0159in\u00e1\u0161\u00ed rady a tipy, zaj\u00edmav\u00e9 \u010dl\u00e1nky, videa a jedine\u010dn\u00e9 report\u00e1\u017ee ze sv\u011bta cyklistiky.","potentialAction":[{"@type":"SearchAction","target":{"@type":"EntryPoint","urlTemplate":"https:\/\/www.welovecycling.com\/cs\/?s={search_term_string}"},"query-input":{"@type":"PropertyValueSpecification","valueRequired":true,"valueName":"search_term_string"}}],"inLanguage":"cs"},{"@type":"Person","@id":"","url":"https:\/\/www.welovecycling.com\/cs\/author\/"}]}},"_links":{"self":[{"href":"https:\/\/www.welovecycling.com\/cs\/wp-json\/wp\/v2\/posts\/337","targetHints":{"allow":["GET"]}}],"collection":[{"href":"https:\/\/www.welovecycling.com\/cs\/wp-json\/wp\/v2\/posts"}],"about":[{"href":"https:\/\/www.welovecycling.com\/cs\/wp-json\/wp\/v2\/types\/post"}],"author":[{"embeddable":true,"href":"https:\/\/www.welovecycling.com\/cs\/wp-json\/wp\/v2\/users\/91"}],"replies":[{"embeddable":true,"href":"https:\/\/www.welovecycling.com\/cs\/wp-json\/wp\/v2\/comments?post=337"}],"version-history":[{"count":2,"href":"https:\/\/www.welovecycling.com\/cs\/wp-json\/wp\/v2\/posts\/337\/revisions"}],"predecessor-version":[{"id":572,"href":"https:\/\/www.welovecycling.com\/cs\/wp-json\/wp\/v2\/posts\/337\/revisions\/572"}],"wp:featuredmedia":[{"embeddable":true,"href":"https:\/\/www.welovecycling.com\/cs\/wp-json\/wp\/v2\/media\/371"}],"wp:attachment":[{"href":"https:\/\/www.welovecycling.com\/cs\/wp-json\/wp\/v2\/media?parent=337"}],"wp:term":[{"taxonomy":"category","embeddable":true,"href":"https:\/\/www.welovecycling.com\/cs\/wp-json\/wp\/v2\/categories?post=337"},{"taxonomy":"post_tag","embeddable":true,"href":"https:\/\/www.welovecycling.com\/cs\/wp-json\/wp\/v2\/tags?post=337"},{"taxonomy":"global-categories","embeddable":true,"href":"https:\/\/www.welovecycling.com\/cs\/wp-json\/wp\/v2\/global-categories?post=337"}],"curies":[{"name":"wp","href":"https:\/\/api.w.org\/{rel}","templated":true}]}}