{"id":33337,"date":"2026-05-01T14:28:08","date_gmt":"2026-05-01T12:28:08","guid":{"rendered":"https:\/\/www.welovecycling.com\/cs\/?p=33337"},"modified":"2026-05-01T14:28:08","modified_gmt":"2026-05-01T12:28:08","slug":"zakroucena-obruc-proc-je-trofej-gira-nekonecna","status":"publish","type":"post","link":"https:\/\/www.welovecycling.com\/cs\/2026\/05\/01\/zakroucena-obruc-proc-je-trofej-gira-nekonecna\/","title":{"rendered":"Zakroucen\u00e1 obru\u010d. Pro\u010d je trofej Gira nekone\u010dn\u00e1?"},"content":{"rendered":"<p><strong>Kdy\u017e se v roce 1909 jelo Giro d\u2019Italia poprv\u00e9, \u017e\u00e1dn\u00fd ikonick\u00fd r\u016f\u017eov\u00fd dres ani legend\u00e1rn\u00ed trofej pro v\u00edt\u011bze je\u0161t\u011b neexistovaly. Maglia rosa se narodila a\u017e v roce 1931 a dnes slavn\u00e1 trofej Trofeo Senza Fine \u2013 tedy \u201etrofej bez konce\u201c \u2013 je vlastn\u011b pom\u011brn\u011b mlad\u00fdm symbolem. Vznikla teprve p\u0159ed p\u011btadvaceti lety.<\/strong><\/p>\n<p><span style=\"font-weight: 400;\">Dlouh\u00fd spir\u00e1lovit\u00fd p\u00e1s m\u011bdi pokryt\u00fd osmn\u00e1ctikar\u00e1tov\u00fdm zlatem se vine vzh\u016fru jako nekone\u010dn\u00e1 silnice. Na jeho povrchu jsou vyryta jm\u00e9na v\u0161ech v\u00edt\u011bz\u016f italsk\u00e9 Grand Tour od roku 1909 a ka\u017ed\u00fd rok p\u0159ib\u00fdv\u00e1 dal\u0161\u00ed. Trofej m\u011b\u0159\u00ed 54 centimetr\u016f, v\u00e1\u017e\u00ed zhruba 9,5 kilogramu a jej\u00ed konstrukce z\u00e1rove\u0148 umo\u017e\u0148uje, aby na n\u00ed bylo dost m\u00edsta pro dal\u0161\u00ed generace \u0161ampion\u016f.<\/span><\/p>\n<p><span style=\"font-weight: 400;\">Symbolika je z\u0159ejm\u00e1. Zakroucen\u00e1 linie p\u0159ipom\u00edn\u00e1 nekone\u010dn\u00e9 silnice, horsk\u00e9 serpentiny i t\u0159i t\u00fddny n\u00e1mahy, kter\u00e9 mus\u00ed v\u00edt\u011bz absolvovat b\u011bhem tradi\u010dn\u00edch 21 etap. Je to z\u00e1rove\u0148 metafora nekone\u010dn\u00e9 historie z\u00e1vodu.<\/span><\/p>\n<h2><strong>Pantaniho triumf prov\u00e1zel trapas<\/strong><\/h2>\n<p><span style=\"font-weight: 400;\">Vznik ikonick\u00e9 trofeje nep\u0159\u00edmo odstartoval organiza\u010dn\u00ed probl\u00e9m. V roce 1998 Marco Pantani p\u0159edt\u00edm, ne\u017e ovl\u00e1dl v\u00a0\u010dervenci Tour de France, z\u00edskal v\u00a0kv\u011btnu i sv\u00e9 jedin\u00e9 Giro d\u2019Italia kari\u00e9ry. Jen\u017ee v c\u00edli v Mil\u00e1n\u011b se uk\u00e1zalo, \u017ee p\u0159ipraven\u00e1 trofej v\u016fbec nedorazila. Dodavatel ji jednodu\u0161e nestihl vyrobit.<\/span><\/p>\n<p><span style=\"font-weight: 400;\">Situaci tehdy na posledn\u00ed chv\u00edli zachra\u0148oval Roberto Maffezzonni, majitel spole\u010dnosti Egidio Logistica, kter\u00e1 je dodnes v It\u00e1lii specialistou v oboru v\u0161emo\u017en\u00fdch trofej\u00ed, poh\u00e1r\u016f i medail\u00ed. A zajistil n\u00e1hra\u017eku.<\/span><\/p>\n<figure id=\"attachment_22265\" aria-describedby=\"caption-attachment-22265\" style=\"width: 1800px\" class=\"wp-caption alignnone\"><a href=\"https:\/\/d2p6e6u75xmxt8.cloudfront.net\/13\/2023\/05\/giro-2023-profimedia-0770414519.webp\"><img loading=\"lazy\" decoding=\"async\" class=\"size-full wp-image-22265\" src=\"https:\/\/d2p6e6u75xmxt8.cloudfront.net\/13\/2023\/05\/giro-2023-profimedia-0770414519.webp\" alt=\"Giro di Italia\" width=\"1800\" height=\"1200\" srcset=\"https:\/\/d2p6e6u75xmxt8.cloudfront.net\/13\/2023\/05\/giro-2023-profimedia-0770414519.webp 1800w, https:\/\/d2p6e6u75xmxt8.cloudfront.net\/13\/2023\/05\/giro-2023-profimedia-0770414519-300x200.webp 300w, https:\/\/d2p6e6u75xmxt8.cloudfront.net\/13\/2023\/05\/giro-2023-profimedia-0770414519-1024x683.webp 1024w, https:\/\/d2p6e6u75xmxt8.cloudfront.net\/13\/2023\/05\/giro-2023-profimedia-0770414519-768x512.webp 768w, https:\/\/d2p6e6u75xmxt8.cloudfront.net\/13\/2023\/05\/giro-2023-profimedia-0770414519-1536x1024.webp 1536w, https:\/\/d2p6e6u75xmxt8.cloudfront.net\/13\/2023\/05\/giro-2023-profimedia-0770414519-400x267.webp 400w, https:\/\/d2p6e6u75xmxt8.cloudfront.net\/13\/2023\/05\/giro-2023-profimedia-0770414519-272x182.webp 272w\" sizes=\"auto, (max-width: 1800px) 100vw, 1800px\" \/><\/a><figcaption id=\"caption-attachment-22265\" class=\"wp-caption-text\"><em>Trofej pro v\u00edt\u011bze italsk\u00e9 Grand Tour v roce, kdy slavila sto let.\u00a0 Kdo vyhraje sto dev\u00e1t\u00fd ro\u010dn\u00edk?<\/em><\/figcaption><\/figure>\n<p><span style=\"font-weight: 400;\">Tento trapas ale p\u0159im\u011bl tehdej\u0161\u00edho \u0159editele z\u00e1vodu Carmineho Castellana k z\u00e1sadn\u00edmu rozhodnut\u00ed: v\u00edt\u011bz Gira mus\u00ed dost\u00e1vat trofej, kter\u00e1 bude m\u00edt trvalou hodnotu a stane se symbolem z\u00e1vodu. Bude v\u011b\u010dn\u00e1 a nikdy nekon\u010d\u00edc\u00ed. Cht\u011bli zkr\u00e1tka nem\u011bnnou stabilitu, jakou se chlub\u00ed slavn\u011bj\u0161\u00ed francouzsk\u00e1 sestra Gira v\u00a0podob\u011b mod\u0159e sklen\u011bn\u00e9ho poh\u00e1ru Coupe Omnisports ud\u011blovan\u00e9ho od roku 1971 \u0161ampion\u016fm Tour de France.<\/span><\/p>\n<div class=\"shortcode-ys-post-pinup\"><article class=\"loop-simple post-33311 post type-post status-publish format-standard has-post-thumbnail hentry category-silnicni-cyklistika tag-ambasador-letape-czech-republic-by-tour-de-france tag-cyklistika tag-letape-2026 tag-peter-sagan tag-silnicni-cyklistika global-categories-cycling\" data-postid=\"33311\" role=\"article\" data-post-id=\"33311\" data-word-count=\"733\" data-headline-length=\"44\" data-category=\"Silni\u010dn\u00ed cyklistika\" data-global-category=\"Cycling\" data-author=\"Radek Malina\" data-published=\"2026-04-29T12:00:19+02:00\" data-published-day=\"Wednesday\">\n    <div class=\"entry-thumbnail article-thumbnail\" content=\"https:\/\/d2p6e6u75xmxt8.cloudfront.net\/13\/2022\/08\/zeleny-sagan-profimedia-0461065075-150x150.webp\"><a href=\"https:\/\/www.welovecycling.com\/cs\/2026\/04\/29\/kral-zeleneho-dresu-bude-zavodit-v-cesku\/\" class=\"image-holder\" target=\"_self\"><img decoding=\"async\" loading=\"lazy\" class=\"\" src=\"https:\/\/d2p6e6u75xmxt8.cloudfront.net\/13\/2022\/08\/zeleny-sagan-profimedia-0461065075-1024x683.webp\" srcset=\"https:\/\/d2p6e6u75xmxt8.cloudfront.net\/13\/2022\/08\/zeleny-sagan-profimedia-0461065075.webp 1800w, https:\/\/d2p6e6u75xmxt8.cloudfront.net\/13\/2022\/08\/zeleny-sagan-profimedia-0461065075-300x200.webp 300w, https:\/\/d2p6e6u75xmxt8.cloudfront.net\/13\/2022\/08\/zeleny-sagan-profimedia-0461065075-1024x683.webp 1024w, https:\/\/d2p6e6u75xmxt8.cloudfront.net\/13\/2022\/08\/zeleny-sagan-profimedia-0461065075-768x512.webp 768w, https:\/\/d2p6e6u75xmxt8.cloudfront.net\/13\/2022\/08\/zeleny-sagan-profimedia-0461065075-1536x1024.webp 1536w, https:\/\/d2p6e6u75xmxt8.cloudfront.net\/13\/2022\/08\/zeleny-sagan-profimedia-0461065075-272x182.webp 272w\" width=\"1024\" height=\"683\" sizes=\"auto, (min-width: 1200px) 300px, (min-width: 768px) 25vw, 100vw\" alt=\"kral-zeleneho-dresu-bude-zavodit-v-cesku\"\/><\/a><\/div>    <div class=\"entry-meta\">\n        <a class=\"label label-secondary post-category\" href=\"https:\/\/www.welovecycling.com\/cs\/category\/silnicni-cyklistika\/\" title=\"Silni\u010dn\u00ed cyklistika\">Silni\u010dn\u00ed cyklistika<\/a>\n    <\/div>\n    <div class=\"entry-details\">\n        <a href=\"https:\/\/www.welovecycling.com\/cs\/2026\/04\/29\/kral-zeleneho-dresu-bude-zavodit-v-cesku\/\" class='entry-title-wrapper'>\n            <h3 class=\"entry-title\"><span>Kr\u00e1l zelen\u00e9ho dresu bude z\u00e1vodit v \u010cesku<\/span><\/h3>\n        <\/a>\n    <\/div>\n    <\/article>\n<\/div>\n<p><span style=\"font-weight: 400;\">Organiz\u00e1to\u0159i proto vyhl\u00e1sili mezin\u00e1rodn\u00ed sout\u011b\u017e design\u00e9r\u016f. Ze \u010dtrn\u00e1cti finalist\u016f nakonec vox populi \u010dten\u00e1\u0159\u016f den\u00edku La Gazzetta dello Sport zvolil n\u00e1vrh Fabrizia Galliho: spir\u00e1lu symbolizuj\u00edc\u00ed cestu k v\u00edt\u011bzstv\u00ed i nekone\u010dnost historie z\u00e1vodu, jen\u017e letos nap\u00ed\u0161e svoji 109. kapitolu.<\/span><\/p>\n<h2><strong>Trofej vznik\u00e1 na mu\u010d\u00edc\u00edm n\u00e1stroji&#8230;<\/strong><\/h2>\n<p><span style=\"font-weight: 400;\">Od roku 1999 vznik\u00e1 Trofeo Senza Fine v mal\u00e9 manufaktu\u0159e Penello Mario nedaleko Padovy. Jej\u00ed v\u00fdroba trv\u00e1 p\u0159ibli\u017en\u011b m\u011bs\u00edc. M\u011bd\u011bn\u00fd pl\u00e1t se nejprve tvaruje, le\u0161t\u00ed a zah\u0159\u00edv\u00e1, aby z\u00edskal pot\u0159ebnou pru\u017enost. N\u00e1sledn\u011b se pomoc\u00ed speci\u00e1ln\u00ed formy postupn\u011b oh\u00fdb\u00e1 do charakteristick\u00e9 \u0161roubovice. K tomu se pou\u017e\u00edv\u00e1 cosi jako mu\u010dic\u00ed n\u00e1stroj podobn\u00fd \u0161pan\u011blsk\u00e9 bot\u011b, jen s t\u00edm rozd\u00edlem, \u017ee tady hroty tr\u010d\u00ed ven.<\/span><\/p>\n<blockquote class=\"instagram-media\" style=\"background: #FFF; border: 0; border-radius: 3px; box-shadow: 0 0 1px 0 rgba(0,0,0,0.5),0 1px 10px 0 rgba(0,0,0,0.15); margin: 1px; max-width: 540px; min-width: 326px; padding: 0; width: calc(100% - 2px);\" data-instgrm-captioned=\"\" data-instgrm-permalink=\"https:\/\/www.instagram.com\/reel\/DXyXYiSM9mq\/?utm_source=ig_embed&amp;utm_campaign=loading\" data-instgrm-version=\"14\">\n<div style=\"padding: 16px;\">\n<p>&nbsp;<\/p>\n<div style=\"display: flex; flex-direction: row; align-items: center;\">\n<div style=\"background-color: #f4f4f4; border-radius: 50%; flex-grow: 0; height: 40px; margin-right: 14px; width: 40px;\"><\/div>\n<div style=\"display: flex; flex-direction: column; flex-grow: 1; justify-content: center;\">\n<div style=\"background-color: #f4f4f4; border-radius: 4px; flex-grow: 0; height: 14px; margin-bottom: 6px; width: 100px;\"><\/div>\n<div style=\"background-color: #f4f4f4; border-radius: 4px; flex-grow: 0; height: 14px; width: 60px;\"><\/div>\n<\/div>\n<\/div>\n<div style=\"padding: 19% 0;\"><\/div>\n<div style=\"display: block; height: 50px; margin: 0 auto 12px; width: 50px;\"><\/div>\n<div style=\"padding-top: 8px;\">\n<div style=\"color: #3897f0; font-family: Arial,sans-serif; font-size: 14px; font-style: normal; font-weight: 550; line-height: 18px;\">Zobrazit p\u0159\u00edsp\u011bvek na Instagramu<\/div>\n<\/div>\n<div style=\"padding: 12.5% 0;\"><\/div>\n<div style=\"display: flex; flex-direction: row; margin-bottom: 14px; align-items: center;\">\n<div>\n<div style=\"background-color: #f4f4f4; border-radius: 50%; height: 12.5px; width: 12.5px; transform: translateX(0px) translateY(7px);\"><\/div>\n<div style=\"background-color: #f4f4f4; height: 12.5px; transform: rotate(-45deg) translateX(3px) translateY(1px); width: 12.5px; flex-grow: 0; margin-right: 14px; margin-left: 2px;\"><\/div>\n<div style=\"background-color: #f4f4f4; border-radius: 50%; height: 12.5px; width: 12.5px; transform: translateX(9px) translateY(-18px);\"><\/div>\n<\/div>\n<div style=\"margin-left: 8px;\">\n<div style=\"background-color: #f4f4f4; border-radius: 50%; flex-grow: 0; height: 20px; width: 20px;\"><\/div>\n<div style=\"width: 0; height: 0; border-top: 2px solid transparent; border-left: 6px solid #f4f4f4; border-bottom: 2px solid transparent; transform: translateX(16px) translateY(-4px) rotate(30deg);\"><\/div>\n<\/div>\n<div style=\"margin-left: auto;\">\n<div style=\"width: 0px; border-top: 8px solid #F4F4F4; border-right: 8px solid transparent; transform: translateY(16px);\"><\/div>\n<div style=\"background-color: #f4f4f4; flex-grow: 0; height: 12px; width: 16px; transform: translateY(-4px);\"><\/div>\n<div style=\"width: 0; height: 0; border-top: 8px solid #F4F4F4; border-left: 8px solid transparent; transform: translateY(-4px) translateX(8px);\"><\/div>\n<\/div>\n<\/div>\n<div style=\"display: flex; flex-direction: column; flex-grow: 1; justify-content: center; margin-bottom: 24px;\">\n<div style=\"background-color: #f4f4f4; border-radius: 4px; flex-grow: 0; height: 14px; margin-bottom: 6px; width: 224px;\"><\/div>\n<div style=\"background-color: #f4f4f4; border-radius: 4px; flex-grow: 0; height: 14px; width: 144px;\"><\/div>\n<\/div>\n<p>&nbsp;<\/p>\n<p style=\"color: #c9c8cd; font-family: Arial,sans-serif; font-size: 14px; line-height: 17px; margin-bottom: 0; margin-top: 8px; overflow: hidden; padding: 8px 0 7px; text-align: center; text-overflow: ellipsis; white-space: nowrap;\"><a style=\"color: #c9c8cd; font-family: Arial,sans-serif; font-size: 14px; font-style: normal; font-weight: normal; line-height: 17px; text-decoration: none;\" href=\"https:\/\/www.instagram.com\/reel\/DXyXYiSM9mq\/?utm_source=ig_embed&amp;utm_campaign=loading\" target=\"_blank\" rel=\"noopener\">P\u0159\u00edsp\u011bvek sd\u00edlen\u00fd Giro d&#8217;Italia (@giroditalia)<\/a><\/p>\n<\/div>\n<\/blockquote>\n<p><script async src=\"\/\/www.instagram.com\/embed.js\"><\/script> \u201ePot\u0159ebujeme v\u0161echny ty \u010depy, za kter\u00e9 se pl\u00e1t m\u011bdi zap\u00edr\u00e1, a t\u00edm vznik\u00e1 osobit\u00fd tvar,\u201c vysv\u011btlil majitel Luca Penello. Teprve potom p\u0159ich\u00e1z\u00ed na \u0159adu fin\u00e1ln\u00ed \u00fapravy, z\u00e1kladna a laserov\u00e9 grav\u00edrov\u00e1n\u00ed jmen v\u00edt\u011bz\u016f.<\/p>\n<figure id=\"attachment_17381\" aria-describedby=\"caption-attachment-17381\" style=\"width: 1800px\" class=\"wp-caption alignnone\"><a href=\"https:\/\/d2p6e6u75xmxt8.cloudfront.net\/13\/2022\/05\/Giro-trofej-profimedia-0694408746.webp\"><img loading=\"lazy\" decoding=\"async\" class=\"size-full wp-image-17381\" src=\"https:\/\/d2p6e6u75xmxt8.cloudfront.net\/13\/2022\/05\/Giro-trofej-profimedia-0694408746.webp\" alt=\"Trofeo Senza Fine nechyb\u00ed na \u017e\u00e1dn\u00e9 etap\u011b Giro di Italia.\" width=\"1800\" height=\"1200\" srcset=\"https:\/\/d2p6e6u75xmxt8.cloudfront.net\/13\/2022\/05\/Giro-trofej-profimedia-0694408746.webp 1800w, https:\/\/d2p6e6u75xmxt8.cloudfront.net\/13\/2022\/05\/Giro-trofej-profimedia-0694408746-300x200.webp 300w, https:\/\/d2p6e6u75xmxt8.cloudfront.net\/13\/2022\/05\/Giro-trofej-profimedia-0694408746-1024x683.webp 1024w, https:\/\/d2p6e6u75xmxt8.cloudfront.net\/13\/2022\/05\/Giro-trofej-profimedia-0694408746-768x512.webp 768w, https:\/\/d2p6e6u75xmxt8.cloudfront.net\/13\/2022\/05\/Giro-trofej-profimedia-0694408746-1536x1024.webp 1536w, https:\/\/d2p6e6u75xmxt8.cloudfront.net\/13\/2022\/05\/Giro-trofej-profimedia-0694408746-272x182.webp 272w\" sizes=\"auto, (max-width: 1800px) 100vw, 1800px\" \/><\/a><figcaption id=\"caption-attachment-17381\" class=\"wp-caption-text\"><em>Trofeo Senza Fine nechyb\u00ed na \u017e\u00e1dn\u00e9 etap\u011b Giro di Italia.<\/em><\/figcaption><\/figure>\n<p><span style=\"font-weight: 400;\">Ka\u017ed\u00fd rok vznik\u00e1 pouze jeden origin\u00e1l, kter\u00fd je dopln\u011bn o jm\u00e9no nov\u00e9ho v\u00edt\u011bze. \u0160ampion p\u0159eb\u00edr\u00e1 jeho kopii, zat\u00edmco origin\u00e1l z\u016fst\u00e1v\u00e1 sou\u010d\u00e1st\u00ed historie z\u00e1vodu. Prvn\u00edm dr\u017eitelem trofeje se v roce 2000 stal symbolicky Ital Stefano Garzelli. Jm\u00e9na jeho p\u0159edch\u016fdc\u016f byla na trofej dopln\u011bna zp\u011btn\u011b.<\/span><\/p>\n<div class=\"shortcode-ys-post-pinup\"><article class=\"loop-simple post-33267 post type-post status-publish format-standard has-post-thumbnail hentry category-silnicni-cyklistika tag-cyklistika tag-lutych-bastogne-lutych tag-mur-de-huy tag-paul-seixas tag-silnicni-cyklistika tag-tadej-pogacar tag-valonsky-sip global-categories-cycling\" data-postid=\"33267\" role=\"article\" data-post-id=\"33267\" data-word-count=\"549\" data-headline-length=\"55\" data-category=\"Silni\u010dn\u00ed cyklistika\" data-global-category=\"Cycling\" data-author=\"Radek Malina\" data-published=\"2026-04-24T07:59:10+02:00\" data-published-day=\"Friday\">\n    <div class=\"entry-thumbnail article-thumbnail\" content=\"https:\/\/d2p6e6u75xmxt8.cloudfront.net\/13\/2026\/04\/20260422FWH1031-150x150.webp\"><a href=\"https:\/\/www.welovecycling.com\/cs\/2026\/04\/24\/co-nesvede-teenager-jenz-lame-pogacarovy-rekordy\/\" class=\"image-holder\" target=\"_self\"><img decoding=\"async\" loading=\"lazy\" class=\"\" src=\"https:\/\/d2p6e6u75xmxt8.cloudfront.net\/13\/2026\/04\/20260422FWH1031-1024x683.webp\" srcset=\"https:\/\/d2p6e6u75xmxt8.cloudfront.net\/13\/2026\/04\/20260422FWH1031-scaled.webp 2560w, https:\/\/d2p6e6u75xmxt8.cloudfront.net\/13\/2026\/04\/20260422FWH1031-300x200.webp 300w, https:\/\/d2p6e6u75xmxt8.cloudfront.net\/13\/2026\/04\/20260422FWH1031-1024x683.webp 1024w, https:\/\/d2p6e6u75xmxt8.cloudfront.net\/13\/2026\/04\/20260422FWH1031-768x512.webp 768w, https:\/\/d2p6e6u75xmxt8.cloudfront.net\/13\/2026\/04\/20260422FWH1031-1536x1024.webp 1536w, https:\/\/d2p6e6u75xmxt8.cloudfront.net\/13\/2026\/04\/20260422FWH1031-2048x1365.webp 2048w, https:\/\/d2p6e6u75xmxt8.cloudfront.net\/13\/2026\/04\/20260422FWH1031-1920x1280.webp 1920w, https:\/\/d2p6e6u75xmxt8.cloudfront.net\/13\/2026\/04\/20260422FWH1031-400x267.webp 400w, https:\/\/d2p6e6u75xmxt8.cloudfront.net\/13\/2026\/04\/20260422FWH1031-272x182.webp 272w, https:\/\/d2p6e6u75xmxt8.cloudfront.net\/13\/2026\/04\/20260422FWH1031-1920x1280.webp 1920w\" width=\"1024\" height=\"683\" sizes=\"auto, (min-width: 1200px) 300px, (min-width: 768px) 25vw, 100vw\" alt=\"co-nesvede-teenager-jenz-lame-pogacarovy-rekordy\"\/><\/a><\/div>    <div class=\"entry-meta\">\n        <a class=\"label label-secondary post-category\" href=\"https:\/\/www.welovecycling.com\/cs\/category\/silnicni-cyklistika\/\" title=\"Silni\u010dn\u00ed cyklistika\">Silni\u010dn\u00ed cyklistika<\/a>\n    <\/div>\n    <div class=\"entry-details\">\n        <a href=\"https:\/\/www.welovecycling.com\/cs\/2026\/04\/24\/co-nesvede-teenager-jenz-lame-pogacarovy-rekordy\/\" class='entry-title-wrapper'>\n            <h3 class=\"entry-title\"><span>Co (ne)svede teenager, jen\u017e l\u00e1me Poga\u010darovy rekordy?<\/span><\/h3>\n        <\/a>\n    <\/div>\n    <\/article>\n<\/div>\n<p><span style=\"font-weight: 400;\">Pr\u00e1ce kov\u00e1\u0159e Penella nekon\u010d\u00ed momentem, kdy jeho 18kar\u00e1tov\u00fdm zlatem zdoben\u00e1 kr\u00e1ska opust\u00ed zdi d\u00edlny. Od roku 2017 je osobn\u011b p\u0159\u00edtomen v c\u00edli z\u00e1vodu, aby tam za pomoci ru\u010dn\u00edho pantografu grav\u00edroval jm\u00e9no nov\u00e9ho \u0161ampiona. Loni brousil deset p\u00edsmen jm\u00e9na <a href=\"https:\/\/www.welovecycling.com\/cs\/2025\/06\/01\/simon-yates-zahnal-demony-z-finestre-a-slavi-ruzovy-trikot\/\">Simon Yates<\/a>. Bude jich letos 16, jak se v\u0161eobecn\u011b o\u010dek\u00e1v\u00e1?<\/span><\/p>\n","protected":false},"excerpt":{"rendered":"<p>Kdy\u017e se v roce 1909 jelo Giro d\u2019Italia poprv\u00e9, \u017e\u00e1dn\u00fd ikonick\u00fd r\u016f\u017eov\u00fd dres ani legend\u00e1rn\u00ed trofej pro v\u00edt\u011bze je\u0161t\u011b neexistovaly. [&hellip;]<\/p>\n","protected":false},"author":138,"featured_media":29119,"comment_status":"open","ping_status":"open","sticky":false,"template":"","format":"standard","meta":{"footnotes":""},"categories":[660],"tags":[126,161,4644,9,2415],"global-categories":[411],"class_list":["post-33337","post","type-post","status-publish","format-standard","has-post-thumbnail","hentry","category-https-www-welovecycling-com-cs-category-zabava","tag-cyklistika","tag-giro-ditalia","tag-nekonecna-trofej","tag-silnicni-cyklistika","tag-trofeo-senza-fine","global-categories-cycling"],"yoast_head":"<!-- This site is optimized with the Yoast SEO Premium plugin v25.3 (Yoast SEO v25.9) - https:\/\/yoast.com\/wordpress\/plugins\/seo\/ -->\n<title>Zakroucen\u00e1 obru\u010d. Pro\u010d je trofej Gira nekone\u010dn\u00e1? | \u0160koda We Love Cycling - \u010cesk\u00e1 republika<\/title>\n<meta name=\"description\" content=\"Kdy\u017e se v roce 1909 jelo Giro d\u2019Italia poprv\u00e9, \u017e\u00e1dn\u00fd ikonick\u00fd r\u016f\u017eov\u00fd dres ani legend\u00e1rn\u00ed trofej pro v\u00edt\u011bze je\u0161t\u011b neexistovaly. Maglia rosa se narodila a\u017e v roce 1931 a dnes slavn\u00e1 Trofeo Senza Fine \u2013 tedy \u201etrofej bez konce\u201c \u2013 je vlastn\u011b pom\u011brn\u011b mlad\u00fdm symbolem. Vznikla teprve p\u0159ed p\u011btadvaceti lety.\" \/>\n<meta name=\"robots\" content=\"index, follow, max-snippet:-1, max-image-preview:large, max-video-preview:-1\" \/>\n<link rel=\"canonical\" href=\"https:\/\/www.welovecycling.com\/cs\/2026\/05\/01\/zakroucena-obruc-proc-je-trofej-gira-nekonecna\/\" \/>\n<meta property=\"og:locale\" content=\"cs_CZ\" \/>\n<meta property=\"og:type\" content=\"article\" \/>\n<meta property=\"og:title\" content=\"Zakroucen\u00e1 obru\u010d. Pro\u010d je trofej Gira nekone\u010dn\u00e1?\" \/>\n<meta property=\"og:description\" content=\"Kdy\u017e se v roce 1909 jelo Giro d\u2019Italia poprv\u00e9, \u017e\u00e1dn\u00fd ikonick\u00fd r\u016f\u017eov\u00fd dres ani legend\u00e1rn\u00ed trofej pro v\u00edt\u011bze je\u0161t\u011b neexistovaly. Maglia rosa se narodila a\u017e v roce 1931 a dnes slavn\u00e1 Trofeo Senza Fine \u2013 tedy \u201etrofej bez konce\u201c \u2013 je vlastn\u011b pom\u011brn\u011b mlad\u00fdm symbolem. Vznikla teprve p\u0159ed p\u011btadvaceti lety.\" \/>\n<meta property=\"og:url\" content=\"https:\/\/www.welovecycling.com\/cs\/2026\/05\/01\/zakroucena-obruc-proc-je-trofej-gira-nekonecna\/\" \/>\n<meta property=\"og:site_name\" content=\"\u0160koda We Love Cycling - \u010cesk\u00e1 republika\" \/>\n<meta property=\"article:published_time\" content=\"2026-05-01T12:28:08+00:00\" \/>\n<meta property=\"og:image\" content=\"https:\/\/d2p6e6u75xmxt8.cloudfront.net\/13\/2025\/05\/profimedia-0690950740.webp\" \/>\n\t<meta property=\"og:image:width\" content=\"1800\" \/>\n\t<meta property=\"og:image:height\" content=\"1200\" \/>\n\t<meta property=\"og:image:type\" content=\"image\/webp\" \/>\n<meta name=\"author\" content=\"radekmalina\" \/>\n<meta name=\"twitter:card\" content=\"summary_large_image\" \/>\n<meta name=\"twitter:label1\" content=\"Written by\" \/>\n\t<meta name=\"twitter:data1\" content=\"Radek Malina\" \/>\n\t<meta name=\"twitter:label2\" content=\"Est. reading time\" \/>\n\t<meta name=\"twitter:data2\" content=\"6\" \/>\n<script type=\"application\/ld+json\" class=\"yoast-schema-graph\">{\"@context\":\"https:\/\/schema.org\",\"@graph\":[{\"@type\":\"WebPage\",\"@id\":\"https:\/\/www.welovecycling.com\/cs\/2026\/05\/01\/zakroucena-obruc-proc-je-trofej-gira-nekonecna\/\",\"url\":\"https:\/\/www.welovecycling.com\/cs\/2026\/05\/01\/zakroucena-obruc-proc-je-trofej-gira-nekonecna\/\",\"name\":\"Zakroucen\u00e1 obru\u010d. Pro\u010d je trofej Gira nekone\u010dn\u00e1? | \u0160koda We Love Cycling - \u010cesk\u00e1 republika\",\"isPartOf\":{\"@id\":\"https:\/\/www.welovecycling.com\/cs\/#website\"},\"primaryImageOfPage\":{\"@id\":\"https:\/\/www.welovecycling.com\/cs\/2026\/05\/01\/zakroucena-obruc-proc-je-trofej-gira-nekonecna\/#primaryimage\"},\"image\":{\"@id\":\"https:\/\/www.welovecycling.com\/cs\/2026\/05\/01\/zakroucena-obruc-proc-je-trofej-gira-nekonecna\/#primaryimage\"},\"thumbnailUrl\":\"https:\/\/d2p6e6u75xmxt8.cloudfront.net\/13\/2025\/05\/profimedia-0690950740.webp\",\"datePublished\":\"2026-05-01T12:28:08+00:00\",\"author\":{\"@id\":\"https:\/\/www.welovecycling.com\/cs\/#\/schema\/person\/d9eeb0a378f3a7e4a6d12d2b536b04b8\"},\"description\":\"Kdy\u017e se v roce 1909 jelo Giro d\u2019Italia poprv\u00e9, \u017e\u00e1dn\u00fd ikonick\u00fd r\u016f\u017eov\u00fd dres ani legend\u00e1rn\u00ed trofej pro v\u00edt\u011bze je\u0161t\u011b neexistovaly. Maglia rosa se narodila a\u017e v roce 1931 a dnes slavn\u00e1 Trofeo Senza Fine \u2013 tedy \u201etrofej bez konce\u201c \u2013 je vlastn\u011b pom\u011brn\u011b mlad\u00fdm symbolem. Vznikla teprve p\u0159ed p\u011btadvaceti lety.\",\"inLanguage\":\"cs\",\"potentialAction\":[{\"@type\":\"ReadAction\",\"target\":[\"https:\/\/www.welovecycling.com\/cs\/2026\/05\/01\/zakroucena-obruc-proc-je-trofej-gira-nekonecna\/\"]}]},{\"@type\":\"ImageObject\",\"inLanguage\":\"cs\",\"@id\":\"https:\/\/www.welovecycling.com\/cs\/2026\/05\/01\/zakroucena-obruc-proc-je-trofej-gira-nekonecna\/#primaryimage\",\"url\":\"https:\/\/d2p6e6u75xmxt8.cloudfront.net\/13\/2025\/05\/profimedia-0690950740.webp\",\"contentUrl\":\"https:\/\/d2p6e6u75xmxt8.cloudfront.net\/13\/2025\/05\/profimedia-0690950740.webp\",\"width\":1800,\"height\":1200,\"caption\":\"Giro 2025 odstartuje 9. kv\u011btna v Alb\u00e1nii. Trofej - Trofeo Senza Fine\"},{\"@type\":\"WebSite\",\"@id\":\"https:\/\/www.welovecycling.com\/cs\/#website\",\"url\":\"https:\/\/www.welovecycling.com\/cs\/\",\"name\":\"\u0160koda We Love Cycling - \u010cesk\u00e1 republika\",\"description\":\"WeLoveCycling.cz je online magaz\u00edn, kter\u00fd v\u00e1m pravideln\u011b p\u0159in\u00e1\u0161\u00ed rady a tipy, zaj\u00edmav\u00e9 \u010dl\u00e1nky, videa a jedine\u010dn\u00e9 report\u00e1\u017ee ze sv\u011bta cyklistiky.\",\"potentialAction\":[{\"@type\":\"SearchAction\",\"target\":{\"@type\":\"EntryPoint\",\"urlTemplate\":\"https:\/\/www.welovecycling.com\/cs\/?s={search_term_string}\"},\"query-input\":{\"@type\":\"PropertyValueSpecification\",\"valueRequired\":true,\"valueName\":\"search_term_string\"}}],\"inLanguage\":\"cs\"},{\"@type\":\"Person\",\"@id\":\"https:\/\/www.welovecycling.com\/cs\/#\/schema\/person\/d9eeb0a378f3a7e4a6d12d2b536b04b8\",\"name\":\"radekmalina\",\"image\":{\"@type\":\"ImageObject\",\"inLanguage\":\"cs\",\"@id\":\"https:\/\/www.welovecycling.com\/cs\/#\/schema\/person\/image\/\",\"url\":\"https:\/\/secure.gravatar.com\/avatar\/66994b632cb8c39a46b9f54afa3ae07201b678d32a54275b6f1c9ffec356bfc0?s=96&d=mm&r=g\",\"contentUrl\":\"https:\/\/secure.gravatar.com\/avatar\/66994b632cb8c39a46b9f54afa3ae07201b678d32a54275b6f1c9ffec356bfc0?s=96&d=mm&r=g\",\"caption\":\"radekmalina\"},\"url\":\"https:\/\/www.welovecycling.com\/cs\/author\/radekmalina\/\"}]}<\/script>\n<!-- \/ Yoast SEO Premium plugin. -->","yoast_head_json":{"title":"Zakroucen\u00e1 obru\u010d. Pro\u010d je trofej Gira nekone\u010dn\u00e1? | \u0160koda We Love Cycling - \u010cesk\u00e1 republika","description":"Kdy\u017e se v roce 1909 jelo Giro d\u2019Italia poprv\u00e9, \u017e\u00e1dn\u00fd ikonick\u00fd r\u016f\u017eov\u00fd dres ani legend\u00e1rn\u00ed trofej pro v\u00edt\u011bze je\u0161t\u011b neexistovaly. Maglia rosa se narodila a\u017e v roce 1931 a dnes slavn\u00e1 Trofeo Senza Fine \u2013 tedy \u201etrofej bez konce\u201c \u2013 je vlastn\u011b pom\u011brn\u011b mlad\u00fdm symbolem. Vznikla teprve p\u0159ed p\u011btadvaceti lety.","robots":{"index":"index","follow":"follow","max-snippet":"max-snippet:-1","max-image-preview":"max-image-preview:large","max-video-preview":"max-video-preview:-1"},"canonical":"https:\/\/www.welovecycling.com\/cs\/2026\/05\/01\/zakroucena-obruc-proc-je-trofej-gira-nekonecna\/","og_locale":"cs_CZ","og_type":"article","og_title":"Zakroucen\u00e1 obru\u010d. Pro\u010d je trofej Gira nekone\u010dn\u00e1?","og_description":"Kdy\u017e se v roce 1909 jelo Giro d\u2019Italia poprv\u00e9, \u017e\u00e1dn\u00fd ikonick\u00fd r\u016f\u017eov\u00fd dres ani legend\u00e1rn\u00ed trofej pro v\u00edt\u011bze je\u0161t\u011b neexistovaly. Maglia rosa se narodila a\u017e v roce 1931 a dnes slavn\u00e1 Trofeo Senza Fine \u2013 tedy \u201etrofej bez konce\u201c \u2013 je vlastn\u011b pom\u011brn\u011b mlad\u00fdm symbolem. Vznikla teprve p\u0159ed p\u011btadvaceti lety.","og_url":"https:\/\/www.welovecycling.com\/cs\/2026\/05\/01\/zakroucena-obruc-proc-je-trofej-gira-nekonecna\/","og_site_name":"\u0160koda We Love Cycling - \u010cesk\u00e1 republika","article_published_time":"2026-05-01T12:28:08+00:00","og_image":[{"width":1800,"height":1200,"url":"https:\/\/d2p6e6u75xmxt8.cloudfront.net\/13\/2025\/05\/profimedia-0690950740.webp","type":"image\/webp"}],"author":"radekmalina","twitter_card":"summary_large_image","twitter_misc":{"Written by":"Radek Malina","Est. reading time":"6"},"schema":{"@context":"https:\/\/schema.org","@graph":[{"@type":"WebPage","@id":"https:\/\/www.welovecycling.com\/cs\/2026\/05\/01\/zakroucena-obruc-proc-je-trofej-gira-nekonecna\/","url":"https:\/\/www.welovecycling.com\/cs\/2026\/05\/01\/zakroucena-obruc-proc-je-trofej-gira-nekonecna\/","name":"Zakroucen\u00e1 obru\u010d. Pro\u010d je trofej Gira nekone\u010dn\u00e1? | \u0160koda We Love Cycling - \u010cesk\u00e1 republika","isPartOf":{"@id":"https:\/\/www.welovecycling.com\/cs\/#website"},"primaryImageOfPage":{"@id":"https:\/\/www.welovecycling.com\/cs\/2026\/05\/01\/zakroucena-obruc-proc-je-trofej-gira-nekonecna\/#primaryimage"},"image":{"@id":"https:\/\/www.welovecycling.com\/cs\/2026\/05\/01\/zakroucena-obruc-proc-je-trofej-gira-nekonecna\/#primaryimage"},"thumbnailUrl":"https:\/\/d2p6e6u75xmxt8.cloudfront.net\/13\/2025\/05\/profimedia-0690950740.webp","datePublished":"2026-05-01T12:28:08+00:00","author":{"@id":"https:\/\/www.welovecycling.com\/cs\/#\/schema\/person\/d9eeb0a378f3a7e4a6d12d2b536b04b8"},"description":"Kdy\u017e se v roce 1909 jelo Giro d\u2019Italia poprv\u00e9, \u017e\u00e1dn\u00fd ikonick\u00fd r\u016f\u017eov\u00fd dres ani legend\u00e1rn\u00ed trofej pro v\u00edt\u011bze je\u0161t\u011b neexistovaly. Maglia rosa se narodila a\u017e v roce 1931 a dnes slavn\u00e1 Trofeo Senza Fine \u2013 tedy \u201etrofej bez konce\u201c \u2013 je vlastn\u011b pom\u011brn\u011b mlad\u00fdm symbolem. Vznikla teprve p\u0159ed p\u011btadvaceti lety.","inLanguage":"cs","potentialAction":[{"@type":"ReadAction","target":["https:\/\/www.welovecycling.com\/cs\/2026\/05\/01\/zakroucena-obruc-proc-je-trofej-gira-nekonecna\/"]}]},{"@type":"ImageObject","inLanguage":"cs","@id":"https:\/\/www.welovecycling.com\/cs\/2026\/05\/01\/zakroucena-obruc-proc-je-trofej-gira-nekonecna\/#primaryimage","url":"https:\/\/d2p6e6u75xmxt8.cloudfront.net\/13\/2025\/05\/profimedia-0690950740.webp","contentUrl":"https:\/\/d2p6e6u75xmxt8.cloudfront.net\/13\/2025\/05\/profimedia-0690950740.webp","width":1800,"height":1200,"caption":"Giro 2025 odstartuje 9. kv\u011btna v Alb\u00e1nii. Trofej - Trofeo Senza Fine"},{"@type":"WebSite","@id":"https:\/\/www.welovecycling.com\/cs\/#website","url":"https:\/\/www.welovecycling.com\/cs\/","name":"\u0160koda We Love Cycling - \u010cesk\u00e1 republika","description":"WeLoveCycling.cz je online magaz\u00edn, kter\u00fd v\u00e1m pravideln\u011b p\u0159in\u00e1\u0161\u00ed rady a tipy, zaj\u00edmav\u00e9 \u010dl\u00e1nky, videa a jedine\u010dn\u00e9 report\u00e1\u017ee ze sv\u011bta cyklistiky.","potentialAction":[{"@type":"SearchAction","target":{"@type":"EntryPoint","urlTemplate":"https:\/\/www.welovecycling.com\/cs\/?s={search_term_string}"},"query-input":{"@type":"PropertyValueSpecification","valueRequired":true,"valueName":"search_term_string"}}],"inLanguage":"cs"},{"@type":"Person","@id":"https:\/\/www.welovecycling.com\/cs\/#\/schema\/person\/d9eeb0a378f3a7e4a6d12d2b536b04b8","name":"radekmalina","image":{"@type":"ImageObject","inLanguage":"cs","@id":"https:\/\/www.welovecycling.com\/cs\/#\/schema\/person\/image\/","url":"https:\/\/secure.gravatar.com\/avatar\/66994b632cb8c39a46b9f54afa3ae07201b678d32a54275b6f1c9ffec356bfc0?s=96&d=mm&r=g","contentUrl":"https:\/\/secure.gravatar.com\/avatar\/66994b632cb8c39a46b9f54afa3ae07201b678d32a54275b6f1c9ffec356bfc0?s=96&d=mm&r=g","caption":"radekmalina"},"url":"https:\/\/www.welovecycling.com\/cs\/author\/radekmalina\/"}]}},"_links":{"self":[{"href":"https:\/\/www.welovecycling.com\/cs\/wp-json\/wp\/v2\/posts\/33337","targetHints":{"allow":["GET"]}}],"collection":[{"href":"https:\/\/www.welovecycling.com\/cs\/wp-json\/wp\/v2\/posts"}],"about":[{"href":"https:\/\/www.welovecycling.com\/cs\/wp-json\/wp\/v2\/types\/post"}],"author":[{"embeddable":true,"href":"https:\/\/www.welovecycling.com\/cs\/wp-json\/wp\/v2\/users\/138"}],"replies":[{"embeddable":true,"href":"https:\/\/www.welovecycling.com\/cs\/wp-json\/wp\/v2\/comments?post=33337"}],"version-history":[{"count":1,"href":"https:\/\/www.welovecycling.com\/cs\/wp-json\/wp\/v2\/posts\/33337\/revisions"}],"predecessor-version":[{"id":33338,"href":"https:\/\/www.welovecycling.com\/cs\/wp-json\/wp\/v2\/posts\/33337\/revisions\/33338"}],"wp:featuredmedia":[{"embeddable":true,"href":"https:\/\/www.welovecycling.com\/cs\/wp-json\/wp\/v2\/media\/29119"}],"wp:attachment":[{"href":"https:\/\/www.welovecycling.com\/cs\/wp-json\/wp\/v2\/media?parent=33337"}],"wp:term":[{"taxonomy":"category","embeddable":true,"href":"https:\/\/www.welovecycling.com\/cs\/wp-json\/wp\/v2\/categories?post=33337"},{"taxonomy":"post_tag","embeddable":true,"href":"https:\/\/www.welovecycling.com\/cs\/wp-json\/wp\/v2\/tags?post=33337"},{"taxonomy":"global-categories","embeddable":true,"href":"https:\/\/www.welovecycling.com\/cs\/wp-json\/wp\/v2\/global-categories?post=33337"}],"curies":[{"name":"wp","href":"https:\/\/api.w.org\/{rel}","templated":true}]}}