{"id":33311,"date":"2026-04-29T12:00:19","date_gmt":"2026-04-29T10:00:19","guid":{"rendered":"https:\/\/www.welovecycling.com\/cs\/?p=33311"},"modified":"2026-04-29T14:26:53","modified_gmt":"2026-04-29T12:26:53","slug":"kral-zeleneho-dresu-bude-zavodit-v-cesku","status":"publish","type":"post","link":"https:\/\/www.welovecycling.com\/cs\/2026\/04\/29\/kral-zeleneho-dresu-bude-zavodit-v-cesku\/","title":{"rendered":"Kr\u00e1l zelen\u00e9ho dresu bude z\u00e1vodit v \u010cesku"},"content":{"rendered":"<p><strong>Rekordman Tour de France, nejslavn\u011bj\u0161\u00edho cyklistick\u00e9ho z\u00e1vodu planety, bude z\u00e1vodit v \u010cesku! Peter Sagan, kter\u00fd jako jedin\u00fd v historii sedmkr\u00e1t z\u00edskal zelen\u00fd trikot \u0160koda Auto pro v\u00edt\u011bze bodovac\u00ed sout\u011b\u017ee Grande Boucle, je ambasadorem \u0160koda We Love Cycling a Kopcovit\u00e9 L&#8217;Etape Czech Republic by Tour de France, kter\u00e1 se pojede v Praze a St\u0159edo\u010desk\u00e9m kraji 20. \u010dervna.<\/strong><\/p>\n<p>&#8222;Jsme hrd\u00ed, \u017ee se n\u00e1m poda\u0159ilo domluvit na spolupr\u00e1ci a Peter Sagan nav\u00e1\u017ee na tradici hv\u011bzdn\u00fdch ambasador\u016f, kte\u0159\u00ed se z\u00fa\u010dastnili L&#8217;Etape Czech Republic v minul\u00fdch sezon\u00e1ch,&#8220; prohl\u00e1sil P\u0159emysl Nov\u00e1k, \u0161\u00e9f projektu. V p\u0159ede\u0161l\u00fdch letech v pelotonu nejv\u011bt\u0161\u00edho amat\u00e9rsk\u00e9ho z\u00e1vodu v \u010cesku \u0161lapali Bradley Wiggins (v\u00edt\u011bz Tour de France 2012 a p\u011btin\u00e1sobn\u00fd olympijsk\u00fd v\u00edt\u011bz), Alberto Contador (v\u00edt\u011bz Tour de France 2007 a 2009) a Andy Schleck (v\u00edt\u011bz Tour de France 2010).<\/p>\n<p>\u201eM\u00e1me radost, \u017ee jsme st\u00e1le sou\u010d\u00e1st\u00ed projektu, kter\u00fd si na \u010desk\u00e9 sportovn\u00ed sc\u00e9n\u011b vybudoval siln\u00e9 a jedine\u010dn\u00e9 m\u00edsto. Partnerstv\u00ed s L\u2019Etape Czech Republic jen potvrzuje na\u0161i l\u00e1sku k cyklistice, proto\u017ee jako zna\u010dka fand\u00edme v\u0161em cyklist\u016fm, profesion\u00e1ln\u00edm i rekrea\u010dn\u00edm. Spole\u010dn\u011b s organiz\u00e1tory proto hled\u00e1me cesty, jak posunout kvalitu z\u00e1vodu zase o kus d\u00e1l. Peter Sagan v roli ambasadora coby sedmin\u00e1sobn\u00fd v\u00edt\u011bz zelen\u00e9ho dresu na Tour de France nepochybn\u011b toto o\u010dek\u00e1v\u00e1n\u00ed spl\u0148uje. V\u011b\u0159\u00edme, \u017ee to p\u0159inese skv\u011bl\u00e9 z\u00e1\u017eitky v\u0161em \u00fa\u010dastn\u00edk\u016fm i skv\u011blou atmosf\u00e9ru pod\u00e9l cel\u00e9 trati,\u201c \u0159\u00edk\u00e1 Kate\u0159ina Cermanov\u00e1 Smolov\u00e1, koordin\u00e1torka Sponzoringu \u0160koda Auto \u010cesk\u00e1 republika.<\/p>\n<h2><strong>Mu\u017e, co zm\u011bnil cyklistiku<\/strong><\/h2>\n<p>Kopcovit\u00e1 etapa, kter\u00e1 v p\u0159ede\u0161l\u00fdch p\u011bti letech startovala na Strahov\u011b, ukroj\u00ed tentokr\u00e1t prvn\u00ed metry z\u00e1vodu na Pankr\u00e1ci a pojede sm\u011brem k S\u00e1zav\u011b. Z\u00e1vodnici si mohou vyb\u00edrat ze t\u0159\u00ed variant trasy (Kr\u00e1tk\u00e1 &#8211; 57 km, St\u0159edn\u00ed &#8211; 102 km, Dlouh\u00e1 &#8211; 132 km). Na startu jsou pravideln\u011b velk\u00e9 sportovn\u00ed hv\u011bzdy tuzemsk\u00e9 sc\u00e9ny jako Martina S\u00e1bl\u00edkov\u00e1, Zden\u011bk \u0160tybar, J\u00e1n Svorada, Tereza Hu\u0159\u00edkov\u00e1, Tom\u00e1\u0161 B\u00e1bek, Milan Gula\u0161 nebo Petr \u010cech, kter\u00fd v lo\u0148sk\u00e9m roce absolvoval premi\u00e9ru na St\u0159edn\u00ed trase.<\/p>\n<figure id=\"attachment_20514\" aria-describedby=\"caption-attachment-20514\" style=\"width: 1800px\" class=\"wp-caption alignnone\"><a href=\"https:\/\/d2p6e6u75xmxt8.cloudfront.net\/13\/2023\/01\/sagan-profimedia-0461132389.webp\"><img loading=\"lazy\" decoding=\"async\" class=\"size-full wp-image-20514\" src=\"https:\/\/d2p6e6u75xmxt8.cloudfront.net\/13\/2023\/01\/sagan-profimedia-0461132389.webp\" alt=\"Peter Sagan\" width=\"1800\" height=\"1197\" srcset=\"https:\/\/d2p6e6u75xmxt8.cloudfront.net\/13\/2023\/01\/sagan-profimedia-0461132389.webp 1800w, https:\/\/d2p6e6u75xmxt8.cloudfront.net\/13\/2023\/01\/sagan-profimedia-0461132389-300x200.webp 300w, https:\/\/d2p6e6u75xmxt8.cloudfront.net\/13\/2023\/01\/sagan-profimedia-0461132389-1024x681.webp 1024w, https:\/\/d2p6e6u75xmxt8.cloudfront.net\/13\/2023\/01\/sagan-profimedia-0461132389-768x511.webp 768w, https:\/\/d2p6e6u75xmxt8.cloudfront.net\/13\/2023\/01\/sagan-profimedia-0461132389-1536x1021.webp 1536w, https:\/\/d2p6e6u75xmxt8.cloudfront.net\/13\/2023\/01\/sagan-profimedia-0461132389-272x182.webp 272w\" sizes=\"auto, (max-width: 1800px) 100vw, 1800px\" \/><\/a><figcaption id=\"caption-attachment-20514\" class=\"wp-caption-text\"><em>Peter Sagan v zelen\u00e9m trikotu vedouc\u00edho mu\u017ee bodovac\u00ed sout\u011b\u017ee Tour de France.<\/em><\/figcaption><\/figure>\n<p>Cyklistickou megahv\u011bzdu ze Slovenska l\u00e1kali organiz\u00e1to\u0159i n\u011bkolik t\u00fddn\u016f. Peter Sagan je absolutn\u00ed fenom\u00e9n sv\u011bta cyklistiky. Tot\u00e1ln\u011b zm\u011bnil cyklistiku. Po \u00e9\u0159e, kter\u00e1 byla po\u0161ramocena dopingov\u00fdmi skand\u00e1ly, vnesl do pelotonu naprosto nov\u00fd p\u0159\u00edstup. Stal se bez nads\u00e1zky superstar bal\u00edku. N\u011bco jako rockov\u00e1 hv\u011bzda na kolech.<\/p>\n<p>Nosil dlouh\u00e9 vlasy. Na start z\u00e1vodu dorazil t\u0159eba s vousy obarven\u00fdmi na zeleno. Neb\u00e1l se prost\u0159ednictv\u00edm soci\u00e1ln\u00edch s\u00edt\u00ed kritizovat soupe\u0159e. Na kole p\u0159edv\u00e1d\u011bl Hulka, jindy slavil gestem jako Vlk z Wall Streetu. Sponzo\u0159i byli u vytr\u017een\u00ed z jeho kousk\u016f. A jakkoliv n\u011bkdy p\u016fsobil slovensk\u00fd bou\u0159liv\u00e1k kontroverzn\u011b, byli ochotn\u00ed zaplatit po\u0159\u00e1dn\u00fd bal\u00edk, aby propagoval pr\u00e1v\u011b jejich jm\u00e9no.<\/p>\n<div class=\"shortcode-ys-post-pinup\"><article class=\"loop-simple post-33251 post type-post status-publish format-standard has-post-thumbnail hentry category-silnicni-cyklistika tag-cyklistika tag-jesenik tag-mistrovstvi-ceske-republiky tag-silnicni-cyklistika global-categories-cycling\" data-postid=\"33251\" role=\"article\" data-post-id=\"33251\" data-word-count=\"330\" data-headline-length=\"50\" data-category=\"Silni\u010dn\u00ed cyklistika\" data-global-category=\"Cycling\" data-author=\"We Love Cycling\" data-published=\"2026-04-23T11:22:28+02:00\" data-published-day=\"Thursday\">\n    <div class=\"entry-thumbnail article-thumbnail\" content=\"https:\/\/d2p6e6u75xmxt8.cloudfront.net\/13\/2026\/04\/MCRMSR-Banovce-nad-Bebravou-Muzi-Elite-_-\u00a9Filip-Bezdek-2025-116-150x150.webp\"><a href=\"https:\/\/www.welovecycling.com\/cs\/2026\/04\/23\/brutalni-sampionat-urci-skutecne-jednicky\/\" class=\"image-holder\" target=\"_self\"><img decoding=\"async\" loading=\"lazy\" class=\"\" src=\"https:\/\/d2p6e6u75xmxt8.cloudfront.net\/13\/2026\/04\/MCRMSR-Banovce-nad-Bebravou-Muzi-Elite-_-\u00a9Filip-Bezdek-2025-116-1024x683.webp\" srcset=\"https:\/\/d2p6e6u75xmxt8.cloudfront.net\/13\/2026\/04\/MCRMSR-Banovce-nad-Bebravou-Muzi-Elite-_-\u00a9Filip-Bezdek-2025-116-scaled.webp 2560w, https:\/\/d2p6e6u75xmxt8.cloudfront.net\/13\/2026\/04\/MCRMSR-Banovce-nad-Bebravou-Muzi-Elite-_-\u00a9Filip-Bezdek-2025-116-300x200.webp 300w, https:\/\/d2p6e6u75xmxt8.cloudfront.net\/13\/2026\/04\/MCRMSR-Banovce-nad-Bebravou-Muzi-Elite-_-\u00a9Filip-Bezdek-2025-116-1024x683.webp 1024w, https:\/\/d2p6e6u75xmxt8.cloudfront.net\/13\/2026\/04\/MCRMSR-Banovce-nad-Bebravou-Muzi-Elite-_-\u00a9Filip-Bezdek-2025-116-768x512.webp 768w, https:\/\/d2p6e6u75xmxt8.cloudfront.net\/13\/2026\/04\/MCRMSR-Banovce-nad-Bebravou-Muzi-Elite-_-\u00a9Filip-Bezdek-2025-116-1536x1024.webp 1536w, https:\/\/d2p6e6u75xmxt8.cloudfront.net\/13\/2026\/04\/MCRMSR-Banovce-nad-Bebravou-Muzi-Elite-_-\u00a9Filip-Bezdek-2025-116-2048x1365.webp 2048w, https:\/\/d2p6e6u75xmxt8.cloudfront.net\/13\/2026\/04\/MCRMSR-Banovce-nad-Bebravou-Muzi-Elite-_-\u00a9Filip-Bezdek-2025-116-1920x1280.webp 1920w, https:\/\/d2p6e6u75xmxt8.cloudfront.net\/13\/2026\/04\/MCRMSR-Banovce-nad-Bebravou-Muzi-Elite-_-\u00a9Filip-Bezdek-2025-116-400x267.webp 400w, https:\/\/d2p6e6u75xmxt8.cloudfront.net\/13\/2026\/04\/MCRMSR-Banovce-nad-Bebravou-Muzi-Elite-_-\u00a9Filip-Bezdek-2025-116-272x182.webp 272w, https:\/\/d2p6e6u75xmxt8.cloudfront.net\/13\/2026\/04\/MCRMSR-Banovce-nad-Bebravou-Muzi-Elite-_-\u00a9Filip-Bezdek-2025-116-1920x1280.webp 1920w\" width=\"1024\" height=\"683\" sizes=\"auto, (min-width: 1200px) 300px, (min-width: 768px) 25vw, 100vw\" alt=\"brutalni-sampionat-urci-skutecne-jednicky\"\/><\/a><\/div>    <div class=\"entry-meta\">\n        <a class=\"label label-secondary post-category\" href=\"https:\/\/www.welovecycling.com\/cs\/category\/silnicni-cyklistika\/\" title=\"Silni\u010dn\u00ed cyklistika\">Silni\u010dn\u00ed cyklistika<\/a>\n    <\/div>\n    <div class=\"entry-details\">\n        <a href=\"https:\/\/www.welovecycling.com\/cs\/2026\/04\/23\/brutalni-sampionat-urci-skutecne-jednicky\/\" class='entry-title-wrapper'>\n            <h3 class=\"entry-title\"><span>Brut\u00e1ln\u00ed \u0161ampion\u00e1t ur\u010d\u00ed skute\u010dn\u00e9 jedni\u010dky<\/span><\/h3>\n        <\/a>\n    <\/div>\n    <\/article>\n<\/div>\n<p>\u201ePro\u010d br\u00e1t \u017eivot tak v\u00e1\u017en\u011b,\u201c bylo jeho motto, kter\u00e9 \u010dasto zmi\u0148uje i v poutav\u00e9 autobiografii. Spousta cyklist\u016f, kte\u0159\u00ed se nyn\u00ed derou na v\u00fdslun\u00ed, p\u0159izn\u00e1v\u00e1, \u017ee pr\u00e1v\u011b Peter Sagan pro n\u011b byl motivac\u00ed sednout na kolo a z\u00e1vodit.<\/p>\n<p>\u201eZm\u011bnil cyklistiku. Ud\u011blal z n\u00ed show. P\u0159it\u00e1hl lidi. Nejezdil pouze na kole. Zm\u011bnil obraz na\u0161eho sportu. Ud\u011blal z\u00e1vody a v\u0161e kolem z\u00e1bavn\u00fdmi,\u201c prohl\u00e1sil J\u00e1n Valach, sportovn\u00ed \u0159editel Saganov\u00fdch t\u00fdm\u016f, kter\u00fd byl hodn\u011b bl\u00edzk\u00fd mu\u017ei, jen\u017e si vyslou\u017eil p\u0159ezd\u00edvku Tourmin\u00e1tor.<\/p>\n<h2><strong>Sedm zelen\u00fdch dres\u016f z dvan\u00e1cti start\u016f<\/strong><\/h2>\n<p>Nejslavn\u011bj\u0161\u00ed z\u00e1vod planety jel Peter Sagan dvan\u00e1ctkr\u00e1t. Poprv\u00e9 v roce 2012. Hned p\u0159i debutu vyhr\u00e1l t\u0159i etapy a slavil i celkov\u00e9 prvenstv\u00ed v bodovac\u00ed sout\u011b\u017ei.<\/p>\n<p>\u201eTour de France zm\u011bnila m\u016fj \u017eivot. Jde o nejv\u011bt\u0161\u00ed z\u00e1vod planety. Ale nen\u00ed to moc z\u00e1bavn\u00e9. Jde o obrovsk\u00fd tlak, obrovsk\u00e9 o\u010dek\u00e1v\u00e1n\u00ed. Vy\u017eaduje obrovsk\u00e9 soust\u0159ed\u011bn\u00ed,\u201c neskr\u00fdval Peter Sagan, \u017ee Star\u00e1 d\u00e1ma se stala pro jeho \u017eivot zcela osudovou z\u00e1le\u017eitost\u00ed.<\/p>\n<figure id=\"attachment_4933\" aria-describedby=\"caption-attachment-4933\" style=\"width: 1366px\" class=\"wp-caption alignnone\"><a href=\"https:\/\/d2p6e6u75xmxt8.cloudfront.net\/13\/2019\/12\/Peter-Sagan-Mark-Cavendish-CVR-profimedia-0305245116.webp\"><img loading=\"lazy\" decoding=\"async\" class=\"size-full wp-image-4933\" src=\"https:\/\/d2p6e6u75xmxt8.cloudfront.net\/13\/2019\/12\/Peter-Sagan-Mark-Cavendish-CVR-profimedia-0305245116.webp\" alt=\"Mark Cavendish (vpravo) a Peter Sagan na Tour de France.\" width=\"1366\" height=\"600\" srcset=\"https:\/\/d2p6e6u75xmxt8.cloudfront.net\/13\/2019\/12\/Peter-Sagan-Mark-Cavendish-CVR-profimedia-0305245116.webp 1366w, https:\/\/d2p6e6u75xmxt8.cloudfront.net\/13\/2019\/12\/Peter-Sagan-Mark-Cavendish-CVR-profimedia-0305245116-300x132.webp 300w, https:\/\/d2p6e6u75xmxt8.cloudfront.net\/13\/2019\/12\/Peter-Sagan-Mark-Cavendish-CVR-profimedia-0305245116-1024x450.webp 1024w, https:\/\/d2p6e6u75xmxt8.cloudfront.net\/13\/2019\/12\/Peter-Sagan-Mark-Cavendish-CVR-profimedia-0305245116-768x337.webp 768w\" sizes=\"auto, (max-width: 1366px) 100vw, 1366px\" \/><\/a><figcaption id=\"caption-attachment-4933\" class=\"wp-caption-text\"><em>Mark Cavendish (vpravo) a Peter Sagan na Tour de France. Slovensk\u00e1 hv\u011bzda ve \u017elut\u00e9m trikotu l\u00eddra cel\u00e9ho z\u00e1vodu.<\/em><\/figcaption><\/figure>\n<p>V l\u00e9t\u011b 2013 triumf v bodovac\u00ed sout\u011b\u017ei zopakoval a p\u0159idal dal\u0161\u00ed d\u00edl\u010d\u00ed v\u00edt\u011bzstv\u00ed. V sezon\u00e1ch 2014 a 2015 sice na etapov\u00e9 prvenstv\u00ed nedos\u00e1hl, ale p\u0159esto v Pa\u0159\u00ed\u017ei slavil zisk zelen\u00e9ho trikotu. Spanilou j\u00edzdu p\u0159eru\u0161ila jen sezona 2017, kdy byl <a href=\"https:\/\/www.welovecycling.com\/cs\/2024\/07\/03\/tour-de-france-2017-misto-stupnu-vitezu-miri-peter-sagan-domu\/\">kontroverzn\u011b vylou\u010den<\/a> po kolizi s Markem Cavendishem, rekordmanem v po\u010dtu vyhran\u00fdch etap na Tour de France.<\/p>\n<p>P\u0159i n\u00e1vratu o rok pozd\u011bji Peter Sagan vyhr\u00e1l t\u0159i etapy a po\u0161est\u00e9 v kari\u00e9\u0159e zelen\u00fd trikot, jeho\u017e partnerem je mladoboleslavsk\u00e1 automobilka \u0160koda Auto.<\/p>\n<div class=\"shortcode-ys-post-pinup\"><article class=\"loop-simple post-33135 post type-post status-publish format-standard has-post-thumbnail hentry category-silnicni-cyklistika tag-alex-carera tag-karel-vacek tag-mathias-vacek tag-trenink tag-trenovani tag-vacek-performance global-categories-cycling\" data-postid=\"33135\" role=\"article\" data-post-id=\"33135\" data-word-count=\"653\" data-headline-length=\"70\" data-category=\"Silni\u010dn\u00ed cyklistika\" data-global-category=\"Cycling\" data-author=\"Radek Malina\" data-published=\"2026-04-17T09:17:07+02:00\" data-published-day=\"Friday\">\n    <div class=\"entry-thumbnail article-thumbnail\" content=\"https:\/\/d2p6e6u75xmxt8.cloudfront.net\/13\/2025\/12\/karel-vacek-mathias-vacek-carera-150x150.webp\"><a href=\"https:\/\/www.welovecycling.com\/cs\/2026\/04\/17\/trenerska-alchymie-me-pohltila-rika-karel-vacek-o-nove-vyzve\/\" class=\"image-holder\" target=\"_self\"><img decoding=\"async\" loading=\"lazy\" class=\"\" src=\"https:\/\/d2p6e6u75xmxt8.cloudfront.net\/13\/2025\/12\/karel-vacek-mathias-vacek-carera.webp\" srcset=\"https:\/\/d2p6e6u75xmxt8.cloudfront.net\/13\/2025\/12\/karel-vacek-mathias-vacek-carera.webp 806w, https:\/\/d2p6e6u75xmxt8.cloudfront.net\/13\/2025\/12\/karel-vacek-mathias-vacek-carera-300x185.webp 300w, https:\/\/d2p6e6u75xmxt8.cloudfront.net\/13\/2025\/12\/karel-vacek-mathias-vacek-carera-768x474.webp 768w, https:\/\/d2p6e6u75xmxt8.cloudfront.net\/13\/2025\/12\/karel-vacek-mathias-vacek-carera-400x247.webp 400w\" width=\"806\" height=\"497\" sizes=\"auto, (min-width: 1200px) 324px, (min-width: 768px) 27vw, 100vw\" alt=\"trenerska-alchymie-me-pohltila-rika-karel-vacek-o-nove-vyzve\"\/><\/a><\/div>    <div class=\"entry-meta\">\n        <a class=\"label label-secondary post-category\" href=\"https:\/\/www.welovecycling.com\/cs\/category\/silnicni-cyklistika\/\" title=\"Silni\u010dn\u00ed cyklistika\">Silni\u010dn\u00ed cyklistika<\/a>\n    <\/div>\n    <div class=\"entry-details\">\n        <a href=\"https:\/\/www.welovecycling.com\/cs\/2026\/04\/17\/trenerska-alchymie-me-pohltila-rika-karel-vacek-o-nove-vyzve\/\" class='entry-title-wrapper'>\n            <h3 class=\"entry-title\"><span>Tren\u00e9rsk\u00e1 alchymie m\u011b pohltila, \u0159\u00edk\u00e1 Karel Vacek o nov\u00e9 v\u00fdzv\u011b<\/span><\/h3>\n        <\/a>\n    <\/div>\n    <\/article>\n<\/div>\n<p>Sedm\u00fdm prvenstv\u00edm ve sprintersk\u00e9 sout\u011b\u017ei na Tour de France 2019 vytvo\u0159il jedine\u010dn\u00fd rekord slavn\u00e9ho z\u00e1vodu, kde si p\u0159ipsal celkem dvan\u00e1ct etapov\u00fdch prvenstv\u00ed.<\/p>\n<h2><strong>Sagan snil o OH v Pa\u0159\u00ed\u017ei<\/strong><\/h2>\n<p>Jako jedin\u00fd v historii dok\u00e1zal nyn\u00ed \u0161estat\u0159icetilet\u00fd Peter Sagan vyhr\u00e1t t\u0159ikr\u00e1t v \u0159ad\u011b titul mistra sv\u011bta v silni\u010dn\u00ed cyklistice (2015, 2016 a 2017). Py\u0161n\u00ed se rovn\u011b\u017e triumfy z Monument\u016f Pa\u0159\u00ed\u017e-Roubaix (2018) a Kolem Flander (2016). Vyhr\u00e1l \u010dty\u0159i etapy na \u0161pan\u011blsk\u00e9 Vuelt\u011b a v roce 2021 bodovac\u00ed sout\u011b\u017e na italsk\u00e9m Giru, z n\u011bho\u017e m\u00e1 dv\u011b d\u00edl\u010d\u00ed prvenstv\u00ed.<\/p>\n<p>\u201eU\u017e nem\u00e1m za \u010d\u00edm bych se hnal. V\u00edc dok\u00e1zat nemohu,\u201c komentoval skvostnou kari\u00e9ru na silni\u010dn\u00edm kole. \u201eNikdy jsem necht\u011bl z\u00e1vodit do \u010dty\u0159iceti let. Chci tr\u00e1vit \u010das se synem Marlonem a vid\u011bt \u017eivot z r\u016fzn\u00fdch \u00fahl\u016f. Nikoliv pouze jako cyklista,\u201c vysv\u011btlil rod\u00e1k ze \u017diliny, kdy\u017e v pouh\u00fdch t\u0159iat\u0159iceti letech ukon\u010dil kari\u00e9ru.<\/p>\n<figure id=\"attachment_4016\" aria-describedby=\"caption-attachment-4016\" style=\"width: 1800px\" class=\"wp-caption alignnone\"><a href=\"https:\/\/d2p6e6u75xmxt8.cloudfront.net\/13\/2019\/09\/profimedia-0302981991.webp\"><img loading=\"lazy\" decoding=\"async\" class=\"size-full wp-image-4016\" src=\"https:\/\/d2p6e6u75xmxt8.cloudfront.net\/13\/2019\/09\/profimedia-0302981991.webp\" alt=\"\" width=\"1800\" height=\"1198\" srcset=\"https:\/\/d2p6e6u75xmxt8.cloudfront.net\/13\/2019\/09\/profimedia-0302981991.webp 1800w, https:\/\/d2p6e6u75xmxt8.cloudfront.net\/13\/2019\/09\/profimedia-0302981991-300x200.webp 300w, https:\/\/d2p6e6u75xmxt8.cloudfront.net\/13\/2019\/09\/profimedia-0302981991-1024x682.webp 1024w, https:\/\/d2p6e6u75xmxt8.cloudfront.net\/13\/2019\/09\/profimedia-0302981991-768x511.webp 768w, https:\/\/d2p6e6u75xmxt8.cloudfront.net\/13\/2019\/09\/profimedia-0302981991-1536x1022.webp 1536w, https:\/\/d2p6e6u75xmxt8.cloudfront.net\/13\/2019\/09\/profimedia-0302981991-272x182.webp 272w\" sizes=\"auto, (max-width: 1800px) 100vw, 1800px\" \/><\/a><figcaption id=\"caption-attachment-4016\" class=\"wp-caption-text\"><em>Peter Sagan po zisku titulu mistra sv\u011bta 2016. Vlevo st\u0159\u00edbrn\u00fd Mark Cavendish, vpravo Tom Boonen..<\/em><\/figcaption><\/figure>\n<p>Snil o \u00fa\u010dasti na olympijsk\u00fdch hr\u00e1ch v Pa\u0159\u00ed\u017ei na horsk\u00e9m kole, v jeho\u017e sedle kari\u00e9ru nastartoval a z\u00edskal titul mistra sv\u011bta a Evropy mezi juniory. Jen\u017ee jeho snahu p\u0159eru\u0161ily probl\u00e9my se srdcem a dv\u011b vynucen\u00e9 operace v rozmez\u00ed jednoho m\u011bs\u00edce v b\u0159eznu 2024. Lou\u010den\u00ed pod p\u011bti kruhy se nekonalo. A tak Peter Sagan napsal definitivn\u00ed te\u010dku za kari\u00e9rou stylov\u011b p\u0159i silni\u010dn\u00edm z\u00e1vod\u011b Okolo Slovenska 2024.<\/p>\n<p>L&#8217;Etape Czech Republic by Tour de France nen\u00ed jenom o z\u00e1vod\u011b. Ve vesni\u010dce v lokalit\u011b startu jsou aktivity pro mal\u00e9 i velk\u00e9. Partne\u0159i z\u00e1vodu zaji\u0161\u0165uj\u00ed sout\u011b\u017ee pro d\u011bti, k dispozici je EXPO z\u00f3na, muzeum Tour de France, fanshop Tour de France a pochopiteln\u011b \u0161irok\u00e1 nab\u00eddka ob\u010derstven\u00ed.<\/p>\n<div class=\"shortcode-ys-post-pinup\"><article class=\"loop-simple post-31654 post type-post status-publish format-standard has-post-thumbnail hentry category-letape-czech-republic tag-cyklistika tag-letape-2026 tag-letape-czech-republic-2026 tag-silnicni-cyklistika global-categories-cycling\" data-postid=\"31654\" role=\"article\" data-post-id=\"31654\" data-word-count=\"641\" data-headline-length=\"37\" data-category=\"L&#039;Etape Czech Republic\" data-global-category=\"Cycling\" data-author=\"We Love Cycling\" data-published=\"2025-11-25T20:55:49+02:00\" data-published-day=\"Tuesday\">\n    <div class=\"entry-thumbnail article-thumbnail\" content=\"https:\/\/d2p6e6u75xmxt8.cloudfront.net\/13\/2025\/11\/3C9A9966-1-150x150.webp\"><a href=\"https:\/\/www.welovecycling.com\/cs\/2025\/11\/25\/alpy-te-ohromi-letape-dojme\/\" class=\"image-holder\" target=\"_self\"><img decoding=\"async\" loading=\"lazy\" class=\"\" src=\"https:\/\/d2p6e6u75xmxt8.cloudfront.net\/13\/2025\/11\/3C9A9966-1-1024x683.webp\" srcset=\"https:\/\/d2p6e6u75xmxt8.cloudfront.net\/13\/2025\/11\/3C9A9966-1-scaled.webp 2560w, https:\/\/d2p6e6u75xmxt8.cloudfront.net\/13\/2025\/11\/3C9A9966-1-300x200.webp 300w, https:\/\/d2p6e6u75xmxt8.cloudfront.net\/13\/2025\/11\/3C9A9966-1-1024x683.webp 1024w, https:\/\/d2p6e6u75xmxt8.cloudfront.net\/13\/2025\/11\/3C9A9966-1-768x512.webp 768w, https:\/\/d2p6e6u75xmxt8.cloudfront.net\/13\/2025\/11\/3C9A9966-1-1536x1024.webp 1536w, https:\/\/d2p6e6u75xmxt8.cloudfront.net\/13\/2025\/11\/3C9A9966-1-2048x1365.webp 2048w, https:\/\/d2p6e6u75xmxt8.cloudfront.net\/13\/2025\/11\/3C9A9966-1-1920x1280.webp 1920w, https:\/\/d2p6e6u75xmxt8.cloudfront.net\/13\/2025\/11\/3C9A9966-1-400x267.webp 400w, https:\/\/d2p6e6u75xmxt8.cloudfront.net\/13\/2025\/11\/3C9A9966-1-272x182.webp 272w, https:\/\/d2p6e6u75xmxt8.cloudfront.net\/13\/2025\/11\/3C9A9966-1-1920x1280.webp 1920w\" width=\"1024\" height=\"683\" sizes=\"auto, (min-width: 1200px) 300px, (min-width: 768px) 25vw, 100vw\" alt=\"alpy-te-ohromi-letape-dojme\"\/><\/a><\/div>    <div class=\"entry-meta\">\n        <a class=\"label label-secondary post-category\" href=\"https:\/\/www.welovecycling.com\/cs\/category\/letape-czech-republic\/\" title=\"L'Etape Czech Republic\">L'Etape Czech Republic<\/a>\n    <\/div>\n    <div class=\"entry-details\">\n        <a href=\"https:\/\/www.welovecycling.com\/cs\/2025\/11\/25\/alpy-te-ohromi-letape-dojme\/\" class='entry-title-wrapper'>\n            <h3 class=\"entry-title\"><span>Alpy t\u011b ohrom\u00ed, L&#8217;Etape dojme<\/span><\/h3>\n        <\/a>\n    <\/div>\n    <\/article>\n<\/div>\n<p>Akce pat\u0159\u00ed do s\u00e9rie z\u00e1vod\u016f L&#8217;Etape Series pro \u0161irokou ve\u0159ejnost pod patronac\u00ed spole\u010dnosti A.S.O., organiz\u00e1tora Tour de France. Jednotliv\u00e9 akce se konaj\u00ed v Ji\u017en\u00ed Americe, Asii, Evrop\u011b a na St\u0159edn\u00edm v\u00fdchod\u011b ve v\u00edce ne\u017e t\u0159iceti zem\u00edch sv\u011bta. V \u010cesku se u\u017e t\u0159et\u00ed rok uskute\u010dn\u00ed dva z\u00e1vody b\u011bhem jedin\u00e9 sezony. Kopcovit\u00e1 etapa startuj\u00edc\u00ed v Praze 20. \u010dervna a Rovinat\u00e1 3. \u0159\u00edjna v Pardubic\u00edch.<\/p>\n","protected":false},"excerpt":{"rendered":"<p>Rekordman Tour de France, nejslavn\u011bj\u0161\u00edho cyklistick\u00e9ho z\u00e1vodu planety, bude z\u00e1vodit v \u010cesku! Peter Sagan, kter\u00fd jako jedin\u00fd v historii sedmkr\u00e1t [&hellip;]<\/p>\n","protected":false},"author":138,"featured_media":18237,"comment_status":"open","ping_status":"open","sticky":false,"template":"","format":"standard","meta":{"footnotes":""},"categories":[10],"tags":[4160,126,4447,18,9],"global-categories":[411],"class_list":["post-33311","post","type-post","status-publish","format-standard","has-post-thumbnail","hentry","category-silnicni-cyklistika","tag-ambasador-letape-czech-republic-by-tour-de-france","tag-cyklistika","tag-letape-2026","tag-peter-sagan","tag-silnicni-cyklistika","global-categories-cycling"],"yoast_head":"<!-- This site is optimized with the Yoast SEO Premium plugin v25.3 (Yoast SEO v25.9) - https:\/\/yoast.com\/wordpress\/plugins\/seo\/ -->\n<title>Kr\u00e1l zelen\u00e9ho dresu bude z\u00e1vodit v \u010cesku | \u0160koda We Love Cycling - \u010cesk\u00e1 republika<\/title>\n<meta name=\"description\" content=\"Rekordman Tour de France, nejslavn\u011bj\u0161\u00edho cyklistick\u00e9ho z\u00e1vodu planety, bude z\u00e1vodit v \u010cesku! Peter Sagan, kter\u00fd jako jedin\u00fd v historii sedmkr\u00e1t z\u00edskal zelen\u00fd trikot \u0160koda Auto pro v\u00edt\u011bze bodovac\u00ed sout\u011b\u017ee Grande Boucle, je ambasadorem \u0160koda We Love Cycling a Kopcovit\u00e9 L&#039;Etape Czech Republic by Tour de France, kter\u00e1 se pojede v Praze a St\u0159edo\u010desk\u00e9m kraji 20. \u010dervna.\" \/>\n<meta name=\"robots\" content=\"index, follow, max-snippet:-1, max-image-preview:large, max-video-preview:-1\" \/>\n<link rel=\"canonical\" href=\"https:\/\/www.welovecycling.com\/cs\/2026\/04\/29\/kral-zeleneho-dresu-bude-zavodit-v-cesku\/\" \/>\n<meta property=\"og:locale\" content=\"cs_CZ\" \/>\n<meta property=\"og:type\" content=\"article\" \/>\n<meta property=\"og:title\" content=\"Kr\u00e1l zelen\u00e9ho dresu bude z\u00e1vodit v \u010cesku\" \/>\n<meta property=\"og:description\" content=\"Rekordman Tour de France, nejslavn\u011bj\u0161\u00edho cyklistick\u00e9ho z\u00e1vodu planety, bude z\u00e1vodit v \u010cesku! Peter Sagan, kter\u00fd jako jedin\u00fd v historii sedmkr\u00e1t z\u00edskal zelen\u00fd trikot \u0160koda Auto pro v\u00edt\u011bze bodovac\u00ed sout\u011b\u017ee Grande Boucle, je ambasadorem \u0160koda We Love Cycling a Kopcovit\u00e9 L&#039;Etape Czech Republic by Tour de France, kter\u00e1 se pojede v Praze a St\u0159edo\u010desk\u00e9m kraji 20. \u010dervna.\" \/>\n<meta property=\"og:url\" content=\"https:\/\/www.welovecycling.com\/cs\/2026\/04\/29\/kral-zeleneho-dresu-bude-zavodit-v-cesku\/\" \/>\n<meta property=\"og:site_name\" content=\"\u0160koda We Love Cycling - \u010cesk\u00e1 republika\" \/>\n<meta property=\"article:published_time\" content=\"2026-04-29T10:00:19+00:00\" \/>\n<meta property=\"article:modified_time\" content=\"2026-04-29T12:26:53+00:00\" \/>\n<meta property=\"og:image\" content=\"https:\/\/d2p6e6u75xmxt8.cloudfront.net\/13\/2022\/08\/zeleny-sagan-profimedia-0461065075.webp\" \/>\n\t<meta property=\"og:image:width\" content=\"1800\" \/>\n\t<meta property=\"og:image:height\" content=\"1200\" \/>\n\t<meta property=\"og:image:type\" content=\"image\/webp\" \/>\n<meta name=\"author\" content=\"radekmalina\" \/>\n<meta name=\"twitter:card\" content=\"summary_large_image\" \/>\n<meta name=\"twitter:label1\" content=\"Written by\" \/>\n\t<meta name=\"twitter:data1\" content=\"We Love Cycling\" \/>\n\t<meta name=\"twitter:label2\" content=\"Est. reading time\" \/>\n\t<meta name=\"twitter:data2\" content=\"5\" \/>\n<script type=\"application\/ld+json\" class=\"yoast-schema-graph\">{\"@context\":\"https:\/\/schema.org\",\"@graph\":[{\"@type\":\"WebPage\",\"@id\":\"https:\/\/www.welovecycling.com\/cs\/2026\/04\/29\/kral-zeleneho-dresu-bude-zavodit-v-cesku\/\",\"url\":\"https:\/\/www.welovecycling.com\/cs\/2026\/04\/29\/kral-zeleneho-dresu-bude-zavodit-v-cesku\/\",\"name\":\"Kr\u00e1l zelen\u00e9ho dresu bude z\u00e1vodit v \u010cesku | \u0160koda We Love Cycling - \u010cesk\u00e1 republika\",\"isPartOf\":{\"@id\":\"https:\/\/www.welovecycling.com\/cs\/#website\"},\"primaryImageOfPage\":{\"@id\":\"https:\/\/www.welovecycling.com\/cs\/2026\/04\/29\/kral-zeleneho-dresu-bude-zavodit-v-cesku\/#primaryimage\"},\"image\":{\"@id\":\"https:\/\/www.welovecycling.com\/cs\/2026\/04\/29\/kral-zeleneho-dresu-bude-zavodit-v-cesku\/#primaryimage\"},\"thumbnailUrl\":\"https:\/\/d2p6e6u75xmxt8.cloudfront.net\/13\/2022\/08\/zeleny-sagan-profimedia-0461065075.webp\",\"datePublished\":\"2026-04-29T10:00:19+00:00\",\"dateModified\":\"2026-04-29T12:26:53+00:00\",\"author\":{\"@id\":\"https:\/\/www.welovecycling.com\/cs\/#\/schema\/person\/d9eeb0a378f3a7e4a6d12d2b536b04b8\"},\"description\":\"Rekordman Tour de France, nejslavn\u011bj\u0161\u00edho cyklistick\u00e9ho z\u00e1vodu planety, bude z\u00e1vodit v \u010cesku! Peter Sagan, kter\u00fd jako jedin\u00fd v historii sedmkr\u00e1t z\u00edskal zelen\u00fd trikot \u0160koda Auto pro v\u00edt\u011bze bodovac\u00ed sout\u011b\u017ee Grande Boucle, je ambasadorem \u0160koda We Love Cycling a Kopcovit\u00e9 L'Etape Czech Republic by Tour de France, kter\u00e1 se pojede v Praze a St\u0159edo\u010desk\u00e9m kraji 20. \u010dervna.\",\"inLanguage\":\"cs\",\"potentialAction\":[{\"@type\":\"ReadAction\",\"target\":[\"https:\/\/www.welovecycling.com\/cs\/2026\/04\/29\/kral-zeleneho-dresu-bude-zavodit-v-cesku\/\"]}]},{\"@type\":\"ImageObject\",\"inLanguage\":\"cs\",\"@id\":\"https:\/\/www.welovecycling.com\/cs\/2026\/04\/29\/kral-zeleneho-dresu-bude-zavodit-v-cesku\/#primaryimage\",\"url\":\"https:\/\/d2p6e6u75xmxt8.cloudfront.net\/13\/2022\/08\/zeleny-sagan-profimedia-0461065075.webp\",\"contentUrl\":\"https:\/\/d2p6e6u75xmxt8.cloudfront.net\/13\/2022\/08\/zeleny-sagan-profimedia-0461065075.webp\",\"width\":1800,\"height\":1200,\"caption\":\"Peter Sgana v zelen\u00e9m dresu pro v\u00edt\u011bze bodovac\u00ed sout\u011b\u017ee Tour de France.\"},{\"@type\":\"WebSite\",\"@id\":\"https:\/\/www.welovecycling.com\/cs\/#website\",\"url\":\"https:\/\/www.welovecycling.com\/cs\/\",\"name\":\"\u0160koda We Love Cycling - \u010cesk\u00e1 republika\",\"description\":\"WeLoveCycling.cz je online magaz\u00edn, kter\u00fd v\u00e1m pravideln\u011b p\u0159in\u00e1\u0161\u00ed rady a tipy, zaj\u00edmav\u00e9 \u010dl\u00e1nky, videa a jedine\u010dn\u00e9 report\u00e1\u017ee ze sv\u011bta cyklistiky.\",\"potentialAction\":[{\"@type\":\"SearchAction\",\"target\":{\"@type\":\"EntryPoint\",\"urlTemplate\":\"https:\/\/www.welovecycling.com\/cs\/?s={search_term_string}\"},\"query-input\":{\"@type\":\"PropertyValueSpecification\",\"valueRequired\":true,\"valueName\":\"search_term_string\"}}],\"inLanguage\":\"cs\"},{\"@type\":\"Person\",\"@id\":\"https:\/\/www.welovecycling.com\/cs\/#\/schema\/person\/d9eeb0a378f3a7e4a6d12d2b536b04b8\",\"name\":\"radekmalina\",\"image\":{\"@type\":\"ImageObject\",\"inLanguage\":\"cs\",\"@id\":\"https:\/\/www.welovecycling.com\/cs\/#\/schema\/person\/image\/\",\"url\":\"https:\/\/secure.gravatar.com\/avatar\/66994b632cb8c39a46b9f54afa3ae07201b678d32a54275b6f1c9ffec356bfc0?s=96&d=mm&r=g\",\"contentUrl\":\"https:\/\/secure.gravatar.com\/avatar\/66994b632cb8c39a46b9f54afa3ae07201b678d32a54275b6f1c9ffec356bfc0?s=96&d=mm&r=g\",\"caption\":\"radekmalina\"},\"url\":\"https:\/\/www.welovecycling.com\/cs\/author\/radekmalina\/\"}]}<\/script>\n<!-- \/ Yoast SEO Premium plugin. -->","yoast_head_json":{"title":"Kr\u00e1l zelen\u00e9ho dresu bude z\u00e1vodit v \u010cesku | \u0160koda We Love Cycling - \u010cesk\u00e1 republika","description":"Rekordman Tour de France, nejslavn\u011bj\u0161\u00edho cyklistick\u00e9ho z\u00e1vodu planety, bude z\u00e1vodit v \u010cesku! Peter Sagan, kter\u00fd jako jedin\u00fd v historii sedmkr\u00e1t z\u00edskal zelen\u00fd trikot \u0160koda Auto pro v\u00edt\u011bze bodovac\u00ed sout\u011b\u017ee Grande Boucle, je ambasadorem \u0160koda We Love Cycling a Kopcovit\u00e9 L'Etape Czech Republic by Tour de France, kter\u00e1 se pojede v Praze a St\u0159edo\u010desk\u00e9m kraji 20. \u010dervna.","robots":{"index":"index","follow":"follow","max-snippet":"max-snippet:-1","max-image-preview":"max-image-preview:large","max-video-preview":"max-video-preview:-1"},"canonical":"https:\/\/www.welovecycling.com\/cs\/2026\/04\/29\/kral-zeleneho-dresu-bude-zavodit-v-cesku\/","og_locale":"cs_CZ","og_type":"article","og_title":"Kr\u00e1l zelen\u00e9ho dresu bude z\u00e1vodit v \u010cesku","og_description":"Rekordman Tour de France, nejslavn\u011bj\u0161\u00edho cyklistick\u00e9ho z\u00e1vodu planety, bude z\u00e1vodit v \u010cesku! Peter Sagan, kter\u00fd jako jedin\u00fd v historii sedmkr\u00e1t z\u00edskal zelen\u00fd trikot \u0160koda Auto pro v\u00edt\u011bze bodovac\u00ed sout\u011b\u017ee Grande Boucle, je ambasadorem \u0160koda We Love Cycling a Kopcovit\u00e9 L'Etape Czech Republic by Tour de France, kter\u00e1 se pojede v Praze a St\u0159edo\u010desk\u00e9m kraji 20. \u010dervna.","og_url":"https:\/\/www.welovecycling.com\/cs\/2026\/04\/29\/kral-zeleneho-dresu-bude-zavodit-v-cesku\/","og_site_name":"\u0160koda We Love Cycling - \u010cesk\u00e1 republika","article_published_time":"2026-04-29T10:00:19+00:00","article_modified_time":"2026-04-29T12:26:53+00:00","og_image":[{"width":1800,"height":1200,"url":"https:\/\/d2p6e6u75xmxt8.cloudfront.net\/13\/2022\/08\/zeleny-sagan-profimedia-0461065075.webp","type":"image\/webp"}],"author":"radekmalina","twitter_card":"summary_large_image","twitter_misc":{"Written by":"We Love Cycling","Est. reading time":"5"},"schema":{"@context":"https:\/\/schema.org","@graph":[{"@type":"WebPage","@id":"https:\/\/www.welovecycling.com\/cs\/2026\/04\/29\/kral-zeleneho-dresu-bude-zavodit-v-cesku\/","url":"https:\/\/www.welovecycling.com\/cs\/2026\/04\/29\/kral-zeleneho-dresu-bude-zavodit-v-cesku\/","name":"Kr\u00e1l zelen\u00e9ho dresu bude z\u00e1vodit v \u010cesku | \u0160koda We Love Cycling - \u010cesk\u00e1 republika","isPartOf":{"@id":"https:\/\/www.welovecycling.com\/cs\/#website"},"primaryImageOfPage":{"@id":"https:\/\/www.welovecycling.com\/cs\/2026\/04\/29\/kral-zeleneho-dresu-bude-zavodit-v-cesku\/#primaryimage"},"image":{"@id":"https:\/\/www.welovecycling.com\/cs\/2026\/04\/29\/kral-zeleneho-dresu-bude-zavodit-v-cesku\/#primaryimage"},"thumbnailUrl":"https:\/\/d2p6e6u75xmxt8.cloudfront.net\/13\/2022\/08\/zeleny-sagan-profimedia-0461065075.webp","datePublished":"2026-04-29T10:00:19+00:00","dateModified":"2026-04-29T12:26:53+00:00","author":{"@id":"https:\/\/www.welovecycling.com\/cs\/#\/schema\/person\/d9eeb0a378f3a7e4a6d12d2b536b04b8"},"description":"Rekordman Tour de France, nejslavn\u011bj\u0161\u00edho cyklistick\u00e9ho z\u00e1vodu planety, bude z\u00e1vodit v \u010cesku! Peter Sagan, kter\u00fd jako jedin\u00fd v historii sedmkr\u00e1t z\u00edskal zelen\u00fd trikot \u0160koda Auto pro v\u00edt\u011bze bodovac\u00ed sout\u011b\u017ee Grande Boucle, je ambasadorem \u0160koda We Love Cycling a Kopcovit\u00e9 L'Etape Czech Republic by Tour de France, kter\u00e1 se pojede v Praze a St\u0159edo\u010desk\u00e9m kraji 20. \u010dervna.","inLanguage":"cs","potentialAction":[{"@type":"ReadAction","target":["https:\/\/www.welovecycling.com\/cs\/2026\/04\/29\/kral-zeleneho-dresu-bude-zavodit-v-cesku\/"]}]},{"@type":"ImageObject","inLanguage":"cs","@id":"https:\/\/www.welovecycling.com\/cs\/2026\/04\/29\/kral-zeleneho-dresu-bude-zavodit-v-cesku\/#primaryimage","url":"https:\/\/d2p6e6u75xmxt8.cloudfront.net\/13\/2022\/08\/zeleny-sagan-profimedia-0461065075.webp","contentUrl":"https:\/\/d2p6e6u75xmxt8.cloudfront.net\/13\/2022\/08\/zeleny-sagan-profimedia-0461065075.webp","width":1800,"height":1200,"caption":"Peter Sgana v zelen\u00e9m dresu pro v\u00edt\u011bze bodovac\u00ed sout\u011b\u017ee Tour de France."},{"@type":"WebSite","@id":"https:\/\/www.welovecycling.com\/cs\/#website","url":"https:\/\/www.welovecycling.com\/cs\/","name":"\u0160koda We Love Cycling - \u010cesk\u00e1 republika","description":"WeLoveCycling.cz je online magaz\u00edn, kter\u00fd v\u00e1m pravideln\u011b p\u0159in\u00e1\u0161\u00ed rady a tipy, zaj\u00edmav\u00e9 \u010dl\u00e1nky, videa a jedine\u010dn\u00e9 report\u00e1\u017ee ze sv\u011bta cyklistiky.","potentialAction":[{"@type":"SearchAction","target":{"@type":"EntryPoint","urlTemplate":"https:\/\/www.welovecycling.com\/cs\/?s={search_term_string}"},"query-input":{"@type":"PropertyValueSpecification","valueRequired":true,"valueName":"search_term_string"}}],"inLanguage":"cs"},{"@type":"Person","@id":"https:\/\/www.welovecycling.com\/cs\/#\/schema\/person\/d9eeb0a378f3a7e4a6d12d2b536b04b8","name":"radekmalina","image":{"@type":"ImageObject","inLanguage":"cs","@id":"https:\/\/www.welovecycling.com\/cs\/#\/schema\/person\/image\/","url":"https:\/\/secure.gravatar.com\/avatar\/66994b632cb8c39a46b9f54afa3ae07201b678d32a54275b6f1c9ffec356bfc0?s=96&d=mm&r=g","contentUrl":"https:\/\/secure.gravatar.com\/avatar\/66994b632cb8c39a46b9f54afa3ae07201b678d32a54275b6f1c9ffec356bfc0?s=96&d=mm&r=g","caption":"radekmalina"},"url":"https:\/\/www.welovecycling.com\/cs\/author\/radekmalina\/"}]}},"_links":{"self":[{"href":"https:\/\/www.welovecycling.com\/cs\/wp-json\/wp\/v2\/posts\/33311","targetHints":{"allow":["GET"]}}],"collection":[{"href":"https:\/\/www.welovecycling.com\/cs\/wp-json\/wp\/v2\/posts"}],"about":[{"href":"https:\/\/www.welovecycling.com\/cs\/wp-json\/wp\/v2\/types\/post"}],"author":[{"embeddable":true,"href":"https:\/\/www.welovecycling.com\/cs\/wp-json\/wp\/v2\/users\/138"}],"replies":[{"embeddable":true,"href":"https:\/\/www.welovecycling.com\/cs\/wp-json\/wp\/v2\/comments?post=33311"}],"version-history":[{"count":3,"href":"https:\/\/www.welovecycling.com\/cs\/wp-json\/wp\/v2\/posts\/33311\/revisions"}],"predecessor-version":[{"id":33330,"href":"https:\/\/www.welovecycling.com\/cs\/wp-json\/wp\/v2\/posts\/33311\/revisions\/33330"}],"wp:featuredmedia":[{"embeddable":true,"href":"https:\/\/www.welovecycling.com\/cs\/wp-json\/wp\/v2\/media\/18237"}],"wp:attachment":[{"href":"https:\/\/www.welovecycling.com\/cs\/wp-json\/wp\/v2\/media?parent=33311"}],"wp:term":[{"taxonomy":"category","embeddable":true,"href":"https:\/\/www.welovecycling.com\/cs\/wp-json\/wp\/v2\/categories?post=33311"},{"taxonomy":"post_tag","embeddable":true,"href":"https:\/\/www.welovecycling.com\/cs\/wp-json\/wp\/v2\/tags?post=33311"},{"taxonomy":"global-categories","embeddable":true,"href":"https:\/\/www.welovecycling.com\/cs\/wp-json\/wp\/v2\/global-categories?post=33311"}],"curies":[{"name":"wp","href":"https:\/\/api.w.org\/{rel}","templated":true}]}}