{"id":33309,"date":"2026-04-30T06:00:51","date_gmt":"2026-04-30T04:00:51","guid":{"rendered":"https:\/\/www.welovecycling.com\/cs\/?p=33309"},"modified":"2026-04-29T14:24:58","modified_gmt":"2026-04-29T12:24:58","slug":"pavel-bittner-nejlepsi-jaro-zivota-jen-to-cekani","status":"publish","type":"post","link":"https:\/\/www.welovecycling.com\/cs\/2026\/04\/30\/pavel-bittner-nejlepsi-jaro-zivota-jen-to-cekani\/","title":{"rendered":"Pavel Bittner: Nejlep\u0161\u00ed jaro \u017eivota. Jen to \u010dek\u00e1n\u00ed&#8230;"},"content":{"rendered":"<p><strong>Pln\u00fdmi dou\u0161ky ochutnal krutost Kr\u00e1lovny klasik. Podruh\u00e9 v kari\u00e9\u0159e Pa\u0159\u00ed\u017e-Roubaix nedokon\u010dil. Ho\u0159k\u00e1 te\u010dka za jarn\u00ed \u010d\u00e1sti sezony, v n\u00ed\u017e byl Pavel Bittner t\u0159ikr\u00e1t na stupn\u00edch v\u00edt\u011bz\u016f a p\u0159idal dal\u0161\u00ed t\u0159i um\u00edst\u011bn\u00ed v top deset. Ale v\u00edt\u011bzstv\u00ed hv\u011bzd\u011b Picnic PostNL unik\u00e1.<\/strong><\/p>\n<h2><strong>M\u00e1te za sebou prvn\u00ed \u010d\u00e1st sezony v podob\u011b jarn\u00edch etapov\u00fdch z\u00e1vod\u016f a vystoupen\u00ed na klasik\u00e1ch, kdy bylo vrcholem Scheldeprijs a Pa\u0159\u00ed\u017e-Roubaix. Jak jste spokojen\u00fd?<\/strong><\/h2>\n<p>Pro\u017eil jsem nejlep\u0161\u00ed jaro dosavadn\u00ed kari\u00e9ry. Samoz\u0159ejm\u011b mi chyb\u00ed v\u00edt\u011bzstv\u00ed. N\u011bkolikr\u00e1t k n\u011bmu bylo bl\u00edzko, ale ve statistik\u00e1ch nen\u00ed. Ka\u017edop\u00e1dn\u011b t\u0159i um\u00edst\u011bn\u00ed na stupn\u00edch v\u00edt\u011bz\u016f mi dod\u00e1vaj\u00ed sebev\u011bdom\u00ed a jsou motivac\u00ed, proto\u017ee jsem hodn\u011b bl\u00edzko.<\/p>\n<figure id=\"attachment_33320\" aria-describedby=\"caption-attachment-33320\" style=\"width: 1800px\" class=\"wp-caption alignnone\"><a href=\"https:\/\/d2p6e6u75xmxt8.cloudfront.net\/13\/2026\/04\/profimedia-1089528022.webp\"><img loading=\"lazy\" decoding=\"async\" class=\"size-full wp-image-33320\" src=\"https:\/\/d2p6e6u75xmxt8.cloudfront.net\/13\/2026\/04\/profimedia-1089528022.webp\" alt=\"\" width=\"1800\" height=\"1200\" srcset=\"https:\/\/d2p6e6u75xmxt8.cloudfront.net\/13\/2026\/04\/profimedia-1089528022.webp 1800w, https:\/\/d2p6e6u75xmxt8.cloudfront.net\/13\/2026\/04\/profimedia-1089528022-300x200.webp 300w, https:\/\/d2p6e6u75xmxt8.cloudfront.net\/13\/2026\/04\/profimedia-1089528022-1024x683.webp 1024w, https:\/\/d2p6e6u75xmxt8.cloudfront.net\/13\/2026\/04\/profimedia-1089528022-768x512.webp 768w, https:\/\/d2p6e6u75xmxt8.cloudfront.net\/13\/2026\/04\/profimedia-1089528022-1536x1024.webp 1536w, https:\/\/d2p6e6u75xmxt8.cloudfront.net\/13\/2026\/04\/profimedia-1089528022-400x267.webp 400w, https:\/\/d2p6e6u75xmxt8.cloudfront.net\/13\/2026\/04\/profimedia-1089528022-272x182.webp 272w\" sizes=\"auto, (max-width: 1800px) 100vw, 1800px\" \/><\/a><figcaption id=\"caption-attachment-33320\" class=\"wp-caption-text\"><em>Pavel Bittner bojuje o v\u00edt\u011bzstv\u00ed v klasice Scheldeprijs, kde projel c\u00edlem dr\u00e1h. Vyhr\u00e1l Tim Merlier (vpravo).<\/em><\/figcaption><\/figure>\n<h2><strong>Z cel\u00e9ho t\u00fdmu jste vybojoval druh\u00fdm m\u00edstem v Scheldeprijs nejlep\u0161\u00ed v\u00fdsledek a zapsal i t\u0159i nejhodnotn\u011bj\u0161\u00ed vystoupen\u00ed Picnic PostNL. Jak\u00e1 je n\u00e1lada v t\u00fdmu?<\/strong><\/h2>\n<p>Samoz\u0159ejm\u011b je v\u017edy super m\u00edt v\u00edt\u011bzstv\u00ed. Triumf sejme tlak, znamen\u00e1 uvoln\u011bn\u00ed. Z osobn\u00edho pohledu m\u00e1m v\u00fdsledky, kter\u00e9 jsou skv\u011bl\u00e9. A pokud budeme coby t\u00fdm pokra\u010dovat ve v\u00fdkonech jako na Scheldeprijs, kde jsme bojovali jeden za druh\u00e9ho, triumf se dostav\u00ed. P\u0159i t\u011bch p\u0159ede\u0161l\u00fdch z\u00e1vodech nebyla souhra stoprocentn\u00ed a j\u00e1 musel v dojezdech tro\u0161ku \u010darovat.<\/p>\n<h2><strong>Do za\u010d\u00e1tku kv\u011btna jste nezapsali \u017e\u00e1dn\u00fd triumf. Roste tlak na z\u00e1vodn\u00edky ze strany veden\u00ed?<\/strong><\/h2>\n<p>M\u00e1m pocit, \u017ee ne. V\u0161ichni se sna\u017e\u00ed vydat ze sebe maximum. Nen\u00ed tud\u00ed\u017e t\u0159eba vytv\u00e1\u0159et extra tlak, proto\u017ee v\u0161ichni jsou hladov\u00ed po v\u00edt\u011bzstv\u00ed. Vstupujeme do ka\u017ed\u00e9ho z\u00e1vodu s c\u00edlem vyhr\u00e1t, co\u017e samo o sob\u011b p\u0159edstavuje dostate\u010dnou z\u00e1t\u011b\u017e pro ka\u017ed\u00e9ho jedince. V\u00edt\u011bzstv\u00ed by samoz\u0159ejm\u011b pozvedlo n\u00e1ladu, ale neztr\u00e1c\u00edme motivaci.<\/p>\n<div class=\"shortcode-ys-post-pinup\"><article class=\"loop-simple post-33185 post type-post status-publish format-standard has-post-thumbnail hentry category-silnicni-cyklistika tag-chris-froome tag-cyklistika tag-giro-ditalia tag-konec-kariery tag-nehoda tag-silnicni-cyklistika tag-tour-de-france tag-vuelta tag-zraneni\" data-postid=\"33185\" role=\"article\" data-post-id=\"33185\" data-word-count=\"465\" data-headline-length=\"52\" data-category=\"Silni\u010dn\u00ed cyklistika\" data-author=\"We Love Cycling\" data-published=\"2026-04-20T15:30:24+02:00\" data-published-day=\"Monday\">\n    <div class=\"entry-thumbnail article-thumbnail\" content=\"https:\/\/d2p6e6u75xmxt8.cloudfront.net\/13\/2026\/04\/20181025TDF1032-150x150.webp\"><a href=\"https:\/\/www.welovecycling.com\/cs\/2026\/04\/20\/pripad-froome-kde-je-konec-sampionovi-bez-konce\/\" class=\"image-holder\" target=\"_self\"><img decoding=\"async\" loading=\"lazy\" class=\"\" src=\"https:\/\/d2p6e6u75xmxt8.cloudfront.net\/13\/2026\/04\/20181025TDF1032-1024x683.webp\" srcset=\"https:\/\/d2p6e6u75xmxt8.cloudfront.net\/13\/2026\/04\/20181025TDF1032-scaled.webp 2560w, https:\/\/d2p6e6u75xmxt8.cloudfront.net\/13\/2026\/04\/20181025TDF1032-300x200.webp 300w, https:\/\/d2p6e6u75xmxt8.cloudfront.net\/13\/2026\/04\/20181025TDF1032-1024x683.webp 1024w, https:\/\/d2p6e6u75xmxt8.cloudfront.net\/13\/2026\/04\/20181025TDF1032-768x512.webp 768w, https:\/\/d2p6e6u75xmxt8.cloudfront.net\/13\/2026\/04\/20181025TDF1032-1536x1024.webp 1536w, https:\/\/d2p6e6u75xmxt8.cloudfront.net\/13\/2026\/04\/20181025TDF1032-2048x1365.webp 2048w, https:\/\/d2p6e6u75xmxt8.cloudfront.net\/13\/2026\/04\/20181025TDF1032-1920x1280.webp 1920w, https:\/\/d2p6e6u75xmxt8.cloudfront.net\/13\/2026\/04\/20181025TDF1032-400x267.webp 400w, https:\/\/d2p6e6u75xmxt8.cloudfront.net\/13\/2026\/04\/20181025TDF1032-272x182.webp 272w, https:\/\/d2p6e6u75xmxt8.cloudfront.net\/13\/2026\/04\/20181025TDF1032-1920x1280.webp 1920w\" width=\"1024\" height=\"683\" sizes=\"auto, (min-width: 1200px) 300px, (min-width: 768px) 25vw, 100vw\" alt=\"pripad-froome-kde-je-konec-sampionovi-bez-konce\"\/><\/a><\/div>    <div class=\"entry-meta\">\n        <a class=\"label label-secondary post-category\" href=\"https:\/\/www.welovecycling.com\/cs\/category\/silnicni-cyklistika\/\" title=\"Silni\u010dn\u00ed cyklistika\">Silni\u010dn\u00ed cyklistika<\/a>\n    <\/div>\n    <div class=\"entry-details\">\n        <a href=\"https:\/\/www.welovecycling.com\/cs\/2026\/04\/20\/pripad-froome-kde-je-konec-sampionovi-bez-konce\/\" class='entry-title-wrapper'>\n            <h3 class=\"entry-title\"><span>P\u0159\u00edpad Froome. Kde je konec \u0161ampionovi bez konce?<\/span><\/h3>\n        <\/a>\n    <\/div>\n    <\/article>\n<\/div>\n<h2><strong>Up\u00ednaj\u00ed se s ohledem na va\u0161e t\u0159i nejhodnotn\u011bj\u0161\u00ed v\u00fdsledky zraky koleg\u016f k va\u0161im v\u00fdkon\u016fm?<\/strong><\/h2>\n<p>Ne. Kluci jsou ur\u010dit\u011b r\u00e1di, \u017ee jezd\u00edm na dobr\u00e9 \u00farovni a dok\u00e1\u017eu vybojovat stupn\u011b v\u00edt\u011bz\u016f. Ale rozhodn\u011b bych situaci nevid\u011bl tak, \u017ee j\u00e1 dr\u017e\u00edm cel\u00fd t\u00fdm.<\/p>\n<h2><strong>Kde bylo k v\u00edt\u011bzstv\u00ed nejbl\u00ed\u017ee? Na pomysln\u00e9m mistrovstv\u00ed sv\u011bta sprinter\u016f v podob\u011b jednor\u00e1zovky Scheldeprijs, kde jste projel c\u00edlem druh\u00fd? Nebo p\u0159i t\u0159et\u00ed p\u0159\u00ed\u010dce na Bredene Koksijde Classic?<\/strong><\/h2>\n<p>P\u0159i t\u0159et\u00ed etap\u011b na Tirreno-Adriatico. Byl jsem na super pozici za Tobiasem Andresenem z Decathlonu, kter\u00fd vyhr\u00e1l. C\u00edtil jsem se super, nohy byly skv\u011bl\u00e9. Jen\u017ee v rozhoduj\u00edc\u00edm okam\u017eiku m\u011b jeden ze soupe\u0159\u016f sk\u0159\u00edpnul takov\u00fdm zp\u016fsobem, \u017ee jsem musel p\u0159estat \u0161lapat. Tohle byla promarn\u011bn\u00e1 p\u0159\u00edle\u017eitost na v\u00edt\u011bzstv\u00ed&#8230;<\/p>\n<figure id=\"attachment_33322\" aria-describedby=\"caption-attachment-33322\" style=\"width: 1920px\" class=\"wp-caption alignnone\"><a href=\"https:\/\/d2p6e6u75xmxt8.cloudfront.net\/13\/2026\/04\/Bittner-2.webp\"><img loading=\"lazy\" decoding=\"async\" class=\"size-full wp-image-33322\" src=\"https:\/\/d2p6e6u75xmxt8.cloudfront.net\/13\/2026\/04\/Bittner-2.webp\" alt=\"\" width=\"1920\" height=\"1080\" srcset=\"https:\/\/d2p6e6u75xmxt8.cloudfront.net\/13\/2026\/04\/Bittner-2.webp 1920w, https:\/\/d2p6e6u75xmxt8.cloudfront.net\/13\/2026\/04\/Bittner-2-300x169.webp 300w, https:\/\/d2p6e6u75xmxt8.cloudfront.net\/13\/2026\/04\/Bittner-2-1024x576.webp 1024w, https:\/\/d2p6e6u75xmxt8.cloudfront.net\/13\/2026\/04\/Bittner-2-768x432.webp 768w, https:\/\/d2p6e6u75xmxt8.cloudfront.net\/13\/2026\/04\/Bittner-2-1536x864.webp 1536w, https:\/\/d2p6e6u75xmxt8.cloudfront.net\/13\/2026\/04\/Bittner-2-400x225.webp 400w\" sizes=\"auto, (max-width: 1920px) 100vw, 1920px\" \/><\/a><figcaption id=\"caption-attachment-33322\" class=\"wp-caption-text\"><em>Pavel Bittner jako \u010destn\u00fd host a start\u00e9r v \u00favodn\u00edm d\u011bjstv\u00ed seri\u00e1lu Kolo pro \u017eivot v Beroun\u011b, kde prvn\u00ed skupin\u011b rozjel tempo na Zdejcinu.<\/em><\/figcaption><\/figure>\n<h2><strong>Jak jste vst\u0159ebal \u010dtvrt\u00e9 vystoupen\u00ed na Pa\u0159\u00ed\u017e-Roubaix, kter\u00e9 jste podruh\u00e9 v kari\u00e9\u0159e nedokon\u010dil?<\/strong><\/h2>\n<p>Byl jsem hodn\u011b zklaman\u00fd. Do prvn\u00edch sektor\u016f pav\u00e9 jsem byl v dobr\u00e9 pozici. Na prvn\u00ed \u00fasek kostek jsme naj\u00ed\u017ed\u011bli jako t\u00fdm hodn\u011b vp\u0159edu, m\u011bli jsme p\u011bti\u010dlenn\u00e9 zastoupen\u00ed a byli jsme aktivn\u00ed. Da\u0159ilo se mi \u0161et\u0159it energii a t\u011b\u0161il se, \u017ee se dostanu za Arenberg v dobr\u00e9 skupin\u011b a ide\u00e1ln\u00edm rozpolo\u017een\u00ed. Jen\u017ee na to nedo\u0161lo&#8230;<\/p>\n<h2><strong>Skon\u010dil jste v p\u0159\u00edkopu po karambolu, kter\u00fd vypadal docela drsn\u011b&#8230;<\/strong><\/h2>\n<p>V jedin\u00e9 sekund\u011b se v\u0161echno pokazilo. Klasick\u00e1 tla\u010denice, t\u00fdmov\u00fd kolega do m\u011b nezavin\u011bn\u011b drcnul a u\u017e jsem let\u011bl. Dostal jsem velkou r\u00e1nu do zad, kolo bylo nepou\u017eiteln\u00e9 a musel jsem ho vym\u011bnit. Je\u0161t\u011b jsem se sna\u017eil st\u00edhat skupinu, ale m\u011bl jsem defekt, co\u017e byl definitivn\u00ed konec nad\u011bj\u00ed na dobr\u00fd v\u00fdsledek. Skon\u010dil jsem ve sb\u011brn\u00e9m voze. A byl jsem za to v\u00fdjime\u010dn\u011b r\u00e1d, proto\u017ee jsem byl cel\u00fd bolav\u00fd a je\u0161t\u011b zb\u00fdvalo p\u011btapades\u00e1t kilometr\u016f. Z\u00e1da se oz\u00fdvala, krk byl pohmo\u017ed\u011bn\u00fd. Pot\u0159eboval jsem t\u00fdden, abych se z Roubaix vzpamatoval. Ale to je prost\u011b Peklo severu. Nic se ned\u00e1 p\u0159edv\u00eddat.<\/p>\n<h2><strong>Vrcholem l\u00e9ta pro v\u00e1s bude druh\u00e1 \u00fa\u010dast na Tour de France. P\u0159edstavuje jistota nominace s velk\u00fdm p\u0159edstihem v\u011bt\u0161\u00ed klid na p\u0159\u00edpravu?<\/strong><\/h2>\n<p>Minul\u00fd rok jsem m\u011bl jistotu tak na osmdes\u00e1t \u010di p\u011btaosmdes\u00e1t procent. Ale nemohl jsem nic zve\u0159ejnit. Letos t\u00fdm zm\u011bnil strategii a program zve\u0159ej\u0148uje v p\u0159edstihu. Nejen pro sprintery je ur\u010dit\u011b super, kdy\u017e v\u011bd\u00ed, k jak\u00fdm z\u00e1vod\u016fm sm\u011b\u0159uj\u00ed. Stejn\u011b jako minul\u00fd rok pracuji na sto procent. Tour de France je z\u00e1vazek. Obrovsk\u00e1 motivace.<\/p>\n<p><a href=\"https:\/\/d2p6e6u75xmxt8.cloudfront.net\/13\/2026\/04\/profimedia-1090591714.webp\"><img loading=\"lazy\" decoding=\"async\" class=\"size-full wp-image-33319\" src=\"https:\/\/d2p6e6u75xmxt8.cloudfront.net\/13\/2026\/04\/profimedia-1090591714.webp\" alt=\"\" width=\"1800\" height=\"1200\" srcset=\"https:\/\/d2p6e6u75xmxt8.cloudfront.net\/13\/2026\/04\/profimedia-1090591714.webp 1800w, https:\/\/d2p6e6u75xmxt8.cloudfront.net\/13\/2026\/04\/profimedia-1090591714-300x200.webp 300w, https:\/\/d2p6e6u75xmxt8.cloudfront.net\/13\/2026\/04\/profimedia-1090591714-1024x683.webp 1024w, https:\/\/d2p6e6u75xmxt8.cloudfront.net\/13\/2026\/04\/profimedia-1090591714-768x512.webp 768w, https:\/\/d2p6e6u75xmxt8.cloudfront.net\/13\/2026\/04\/profimedia-1090591714-1536x1024.webp 1536w, https:\/\/d2p6e6u75xmxt8.cloudfront.net\/13\/2026\/04\/profimedia-1090591714-400x267.webp 400w, https:\/\/d2p6e6u75xmxt8.cloudfront.net\/13\/2026\/04\/profimedia-1090591714-272x182.webp 272w\" sizes=\"auto, (max-width: 1800px) 100vw, 1800px\" \/><\/a><\/p>\n<h2><strong>P\u0159edstavuje jistota nominace na nejpresti\u017en\u011bj\u0161\u00ed z\u00e1vod planety velk\u00e9 vyj\u00e1d\u0159en\u00ed d\u016fv\u011bry ze strany t\u00fdmu?<\/strong><\/h2>\n<p>M\u00e1m obrovskou radost. Z m\u00e9ho pohledu, a\u0165 jede \u010dlov\u011bk jakoukoliv <a href=\"https:\/\/www.welovecycling.com\/cs\/2025\/01\/09\/pavel-bittner-prolomil-jsem-barieru\/\">Grand Tour<\/a>, posouv\u00e1 ho to. Jestli jde o Giro, Tour nebo Vueltu nen\u00ed podstatn\u00e9.<\/p>\n<h2><strong>Ale Tour je p\u0159eci jen v\u00fdjime\u010dn\u00e1. V sestav\u011b m\u00e1te 28 z\u00e1vodn\u00edk\u016f a ur\u010dit\u011b by cht\u011bl b\u00fdt ka\u017ed\u00fd na startu v Barcelon\u011b 4. \u010dervence.<\/strong><\/h2>\n<p>Nepochybn\u011b. Ale i kdyby m\u011b t\u00fdm nominoval na Giro, makal bych \u00fapln\u011b stejn\u011b. Jde o to, \u017ee \u010dty\u0159i nebo p\u011bt lid\u00ed m\u00e1 jistotu startu na Tour de France, a tak si buduje ur\u010dit\u00e9 z\u00e1vodn\u00ed vazby. A tak\u00e9 se p\u0159ipravuje psychicky. Proto\u017ee Tour je prost\u011b jin\u00fd level. Z\u00e1jem m\u00e9di\u00ed a fanou\u0161k\u016f je extr\u00e9mn\u00ed. Na startu je 184 z\u00e1vodn\u00edk\u016f a v\u0161ichni jsou v top form\u011b. Prvn\u00ed etapy p\u0159edstavuj\u00ed obrovsk\u00fd stres. Doslova stra\u0161ideln\u00fd. Je fajn b\u00fdt nachystan\u00fd.<\/p>\n<div class=\"shortcode-ys-post-pinup\"><article class=\"loop-simple post-31369 post type-post status-publish format-standard has-post-thumbnail hentry category-silnicni-cyklistika tag-alpe-dhuez tag-cyklistika tag-silnicni-cyklistika tag-tadej-pogacar tag-tour-de-france-2026 global-categories-cycling\" data-postid=\"31369\" role=\"article\" data-post-id=\"31369\" data-word-count=\"603\" data-headline-length=\"78\" data-category=\"Silni\u010dn\u00ed cyklistika\" data-global-category=\"Cycling\" data-author=\"Radek Malina\" data-published=\"2025-10-23T14:40:52+02:00\" data-published-day=\"Thursday\">\n    <div class=\"entry-thumbnail article-thumbnail\" content=\"https:\/\/d2p6e6u75xmxt8.cloudfront.net\/13\/2025\/10\/profimedia-1047599846-150x150.webp\"><a href=\"https:\/\/www.welovecycling.com\/cs\/2025\/10\/23\/tour-2026-snad-i-vrcharum-se-z-bestialniho-finale-toci-hlava\/\" class=\"image-holder\" target=\"_self\"><img decoding=\"async\" loading=\"lazy\" class=\"\" src=\"https:\/\/d2p6e6u75xmxt8.cloudfront.net\/13\/2025\/10\/profimedia-1047599846-1024x683.webp\" srcset=\"https:\/\/d2p6e6u75xmxt8.cloudfront.net\/13\/2025\/10\/profimedia-1047599846.webp 1800w, https:\/\/d2p6e6u75xmxt8.cloudfront.net\/13\/2025\/10\/profimedia-1047599846-300x200.webp 300w, https:\/\/d2p6e6u75xmxt8.cloudfront.net\/13\/2025\/10\/profimedia-1047599846-1024x683.webp 1024w, https:\/\/d2p6e6u75xmxt8.cloudfront.net\/13\/2025\/10\/profimedia-1047599846-768x512.webp 768w, https:\/\/d2p6e6u75xmxt8.cloudfront.net\/13\/2025\/10\/profimedia-1047599846-1536x1024.webp 1536w, https:\/\/d2p6e6u75xmxt8.cloudfront.net\/13\/2025\/10\/profimedia-1047599846-400x267.webp 400w, https:\/\/d2p6e6u75xmxt8.cloudfront.net\/13\/2025\/10\/profimedia-1047599846-272x182.webp 272w\" width=\"1024\" height=\"683\" sizes=\"auto, (min-width: 1200px) 300px, (min-width: 768px) 25vw, 100vw\" alt=\"tour-2026-snad-i-vrcharum-se-z-bestialniho-finale-toci-hlava\"\/><\/a><\/div>    <div class=\"entry-meta\">\n        <a class=\"label label-secondary post-category\" href=\"https:\/\/www.welovecycling.com\/cs\/category\/silnicni-cyklistika\/\" title=\"Silni\u010dn\u00ed cyklistika\">Silni\u010dn\u00ed cyklistika<\/a>\n    <\/div>\n    <div class=\"entry-details\">\n        <a href=\"https:\/\/www.welovecycling.com\/cs\/2025\/10\/23\/tour-2026-snad-i-vrcharum-se-z-bestialniho-finale-toci-hlava\/\" class='entry-title-wrapper'>\n            <h3 class=\"entry-title\"><span>Tour de France 2026: snad i vrcha\u0159\u016fm se z besti\u00e1ln\u00edho fin\u00e1le to\u010d\u00ed hlava<\/span><\/h3>\n        <\/a>\n    <\/div>\n    <\/article>\n<\/div>\n<h2><strong>Studoval jste u\u017e, co v\u00e1s p\u0159i Grande Boucle \u010dek\u00e1?<\/strong><\/h2>\n<p>Popravd\u011b? V\u00edm, \u017ee se startuje v Barcelon\u011b t\u00fdmovou \u010dasovkou. A potom, \u017ee prvn\u00ed \u0161ance pro sprintery jsou na konci \u00favodn\u00edho t\u00fddne. T\u00edm kon\u010d\u00edm&#8230;<\/p>\n<h2><strong>Jak bude vypadat v\u00e1\u0161 program do startu Tour de France?<\/strong><\/h2>\n<p>Pojedu klasiku v Dunkerk, n\u00e1sledn\u011b etap\u00e1k 4 dny Dunkerk a jednor\u00e1zovky Brussels Cycling Classic i Copenhagen Sprint. Tam budou dobr\u00e9 p\u0159\u00edle\u017eitosti slavit prvn\u00ed v\u00edt\u011bzstv\u00ed a nabrat sebev\u011bdom\u00ed pro Tour de France.<\/p>\n","protected":false},"excerpt":{"rendered":"<p>Pln\u00fdmi dou\u0161ky ochutnal krutost Kr\u00e1lovny klasik. Podruh\u00e9 v kari\u00e9\u0159e Pa\u0159\u00ed\u017e-Roubaix nedokon\u010dil. Ho\u0159k\u00e1 te\u010dka za jarn\u00ed \u010d\u00e1sti sezony, v n\u00ed\u017e byl [&hellip;]<\/p>\n","protected":false},"author":138,"featured_media":33321,"comment_status":"open","ping_status":"open","sticky":false,"template":"","format":"standard","meta":{"footnotes":""},"categories":[10],"tags":[126,168,1676,9,23],"global-categories":[411],"class_list":["post-33309","post","type-post","status-publish","format-standard","has-post-thumbnail","hentry","category-silnicni-cyklistika","tag-cyklistika","tag-pariz-roubaix","tag-pavel-bittner","tag-silnicni-cyklistika","tag-tour-de-france","global-categories-cycling"],"yoast_head":"<!-- This site is optimized with the Yoast SEO Premium plugin v25.3 (Yoast SEO v25.9) - https:\/\/yoast.com\/wordpress\/plugins\/seo\/ -->\n<title>Pavel Bittner: Nejlep\u0161\u00ed jaro \u017eivota. Jen to \u010dek\u00e1n\u00ed... | \u0160koda We Love Cycling - \u010cesk\u00e1 republika<\/title>\n<meta name=\"description\" content=\"Pln\u00fdmi dou\u0161ky ochutnal krutost Kr\u00e1lovny klasik. Podruh\u00e9 v kari\u00e9\u0159e Pa\u0159\u00ed\u017e-Roubaix nedokon\u010dil. Ho\u0159k\u00e1 te\u010dka za jarn\u00ed \u010d\u00e1sti sezony, v n\u00ed\u017e byl Pavel Bittner t\u0159ikr\u00e1t na stupn\u00edch v\u00edt\u011bz\u016f a p\u0159idal dal\u0161\u00ed t\u0159i um\u00edst\u011bn\u00ed v top deset. Ale v\u00edt\u011bzstv\u00ed hv\u011bzd\u011b Picnic PostNL unik\u00e1.\" \/>\n<meta name=\"robots\" content=\"index, follow, max-snippet:-1, max-image-preview:large, max-video-preview:-1\" \/>\n<link rel=\"canonical\" href=\"https:\/\/www.welovecycling.com\/cs\/2026\/04\/30\/pavel-bittner-nejlepsi-jaro-zivota-jen-to-cekani\/\" \/>\n<meta property=\"og:locale\" content=\"cs_CZ\" \/>\n<meta property=\"og:type\" content=\"article\" \/>\n<meta property=\"og:title\" content=\"Pavel Bittner: Nejlep\u0161\u00ed jaro \u017eivota. Jen to \u010dek\u00e1n\u00ed...\" \/>\n<meta property=\"og:description\" content=\"Pln\u00fdmi dou\u0161ky ochutnal krutost Kr\u00e1lovny klasik. Podruh\u00e9 v kari\u00e9\u0159e Pa\u0159\u00ed\u017e-Roubaix nedokon\u010dil. Ho\u0159k\u00e1 te\u010dka za jarn\u00ed \u010d\u00e1sti sezony, v n\u00ed\u017e byl Pavel Bittner t\u0159ikr\u00e1t na stupn\u00edch v\u00edt\u011bz\u016f a p\u0159idal dal\u0161\u00ed t\u0159i um\u00edst\u011bn\u00ed v top deset. Ale v\u00edt\u011bzstv\u00ed hv\u011bzd\u011b Picnic PostNL unik\u00e1.\" \/>\n<meta property=\"og:url\" content=\"https:\/\/www.welovecycling.com\/cs\/2026\/04\/30\/pavel-bittner-nejlepsi-jaro-zivota-jen-to-cekani\/\" \/>\n<meta property=\"og:site_name\" content=\"\u0160koda We Love Cycling - \u010cesk\u00e1 republika\" \/>\n<meta property=\"article:published_time\" content=\"2026-04-30T04:00:51+00:00\" \/>\n<meta property=\"og:image\" content=\"https:\/\/d2p6e6u75xmxt8.cloudfront.net\/13\/2026\/04\/profimedia-1043096168.webp\" \/>\n\t<meta property=\"og:image:width\" content=\"1800\" \/>\n\t<meta property=\"og:image:height\" content=\"1200\" \/>\n\t<meta property=\"og:image:type\" content=\"image\/webp\" \/>\n<meta name=\"author\" content=\"radekmalina\" \/>\n<meta name=\"twitter:card\" content=\"summary_large_image\" \/>\n<meta name=\"twitter:label1\" content=\"Written by\" \/>\n\t<meta name=\"twitter:data1\" content=\"Radek Malina\" \/>\n\t<meta name=\"twitter:label2\" content=\"Est. reading time\" \/>\n\t<meta name=\"twitter:data2\" content=\"7\" \/>\n<script type=\"application\/ld+json\" class=\"yoast-schema-graph\">{\"@context\":\"https:\/\/schema.org\",\"@graph\":[{\"@type\":\"WebPage\",\"@id\":\"https:\/\/www.welovecycling.com\/cs\/2026\/04\/30\/pavel-bittner-nejlepsi-jaro-zivota-jen-to-cekani\/\",\"url\":\"https:\/\/www.welovecycling.com\/cs\/2026\/04\/30\/pavel-bittner-nejlepsi-jaro-zivota-jen-to-cekani\/\",\"name\":\"Pavel Bittner: Nejlep\u0161\u00ed jaro \u017eivota. Jen to \u010dek\u00e1n\u00ed... | \u0160koda We Love Cycling - \u010cesk\u00e1 republika\",\"isPartOf\":{\"@id\":\"https:\/\/www.welovecycling.com\/cs\/#website\"},\"primaryImageOfPage\":{\"@id\":\"https:\/\/www.welovecycling.com\/cs\/2026\/04\/30\/pavel-bittner-nejlepsi-jaro-zivota-jen-to-cekani\/#primaryimage\"},\"image\":{\"@id\":\"https:\/\/www.welovecycling.com\/cs\/2026\/04\/30\/pavel-bittner-nejlepsi-jaro-zivota-jen-to-cekani\/#primaryimage\"},\"thumbnailUrl\":\"https:\/\/d2p6e6u75xmxt8.cloudfront.net\/13\/2026\/04\/profimedia-1043096168.webp\",\"datePublished\":\"2026-04-30T04:00:51+00:00\",\"author\":{\"@id\":\"https:\/\/www.welovecycling.com\/cs\/#\/schema\/person\/d9eeb0a378f3a7e4a6d12d2b536b04b8\"},\"description\":\"Pln\u00fdmi dou\u0161ky ochutnal krutost Kr\u00e1lovny klasik. Podruh\u00e9 v kari\u00e9\u0159e Pa\u0159\u00ed\u017e-Roubaix nedokon\u010dil. Ho\u0159k\u00e1 te\u010dka za jarn\u00ed \u010d\u00e1sti sezony, v n\u00ed\u017e byl Pavel Bittner t\u0159ikr\u00e1t na stupn\u00edch v\u00edt\u011bz\u016f a p\u0159idal dal\u0161\u00ed t\u0159i um\u00edst\u011bn\u00ed v top deset. Ale v\u00edt\u011bzstv\u00ed hv\u011bzd\u011b Picnic PostNL unik\u00e1.\",\"inLanguage\":\"cs\",\"potentialAction\":[{\"@type\":\"ReadAction\",\"target\":[\"https:\/\/www.welovecycling.com\/cs\/2026\/04\/30\/pavel-bittner-nejlepsi-jaro-zivota-jen-to-cekani\/\"]}]},{\"@type\":\"ImageObject\",\"inLanguage\":\"cs\",\"@id\":\"https:\/\/www.welovecycling.com\/cs\/2026\/04\/30\/pavel-bittner-nejlepsi-jaro-zivota-jen-to-cekani\/#primaryimage\",\"url\":\"https:\/\/d2p6e6u75xmxt8.cloudfront.net\/13\/2026\/04\/profimedia-1043096168.webp\",\"contentUrl\":\"https:\/\/d2p6e6u75xmxt8.cloudfront.net\/13\/2026\/04\/profimedia-1043096168.webp\",\"width\":1800,\"height\":1200,\"caption\":\"Pavel Bittner Tour de France\"},{\"@type\":\"WebSite\",\"@id\":\"https:\/\/www.welovecycling.com\/cs\/#website\",\"url\":\"https:\/\/www.welovecycling.com\/cs\/\",\"name\":\"\u0160koda We Love Cycling - \u010cesk\u00e1 republika\",\"description\":\"WeLoveCycling.cz je online magaz\u00edn, kter\u00fd v\u00e1m pravideln\u011b p\u0159in\u00e1\u0161\u00ed rady a tipy, zaj\u00edmav\u00e9 \u010dl\u00e1nky, videa a jedine\u010dn\u00e9 report\u00e1\u017ee ze sv\u011bta cyklistiky.\",\"potentialAction\":[{\"@type\":\"SearchAction\",\"target\":{\"@type\":\"EntryPoint\",\"urlTemplate\":\"https:\/\/www.welovecycling.com\/cs\/?s={search_term_string}\"},\"query-input\":{\"@type\":\"PropertyValueSpecification\",\"valueRequired\":true,\"valueName\":\"search_term_string\"}}],\"inLanguage\":\"cs\"},{\"@type\":\"Person\",\"@id\":\"https:\/\/www.welovecycling.com\/cs\/#\/schema\/person\/d9eeb0a378f3a7e4a6d12d2b536b04b8\",\"name\":\"radekmalina\",\"image\":{\"@type\":\"ImageObject\",\"inLanguage\":\"cs\",\"@id\":\"https:\/\/www.welovecycling.com\/cs\/#\/schema\/person\/image\/\",\"url\":\"https:\/\/secure.gravatar.com\/avatar\/66994b632cb8c39a46b9f54afa3ae07201b678d32a54275b6f1c9ffec356bfc0?s=96&d=mm&r=g\",\"contentUrl\":\"https:\/\/secure.gravatar.com\/avatar\/66994b632cb8c39a46b9f54afa3ae07201b678d32a54275b6f1c9ffec356bfc0?s=96&d=mm&r=g\",\"caption\":\"radekmalina\"},\"url\":\"https:\/\/www.welovecycling.com\/cs\/author\/radekmalina\/\"}]}<\/script>\n<!-- \/ Yoast SEO Premium plugin. -->","yoast_head_json":{"title":"Pavel Bittner: Nejlep\u0161\u00ed jaro \u017eivota. Jen to \u010dek\u00e1n\u00ed... | \u0160koda We Love Cycling - \u010cesk\u00e1 republika","description":"Pln\u00fdmi dou\u0161ky ochutnal krutost Kr\u00e1lovny klasik. Podruh\u00e9 v kari\u00e9\u0159e Pa\u0159\u00ed\u017e-Roubaix nedokon\u010dil. Ho\u0159k\u00e1 te\u010dka za jarn\u00ed \u010d\u00e1sti sezony, v n\u00ed\u017e byl Pavel Bittner t\u0159ikr\u00e1t na stupn\u00edch v\u00edt\u011bz\u016f a p\u0159idal dal\u0161\u00ed t\u0159i um\u00edst\u011bn\u00ed v top deset. Ale v\u00edt\u011bzstv\u00ed hv\u011bzd\u011b Picnic PostNL unik\u00e1.","robots":{"index":"index","follow":"follow","max-snippet":"max-snippet:-1","max-image-preview":"max-image-preview:large","max-video-preview":"max-video-preview:-1"},"canonical":"https:\/\/www.welovecycling.com\/cs\/2026\/04\/30\/pavel-bittner-nejlepsi-jaro-zivota-jen-to-cekani\/","og_locale":"cs_CZ","og_type":"article","og_title":"Pavel Bittner: Nejlep\u0161\u00ed jaro \u017eivota. Jen to \u010dek\u00e1n\u00ed...","og_description":"Pln\u00fdmi dou\u0161ky ochutnal krutost Kr\u00e1lovny klasik. Podruh\u00e9 v kari\u00e9\u0159e Pa\u0159\u00ed\u017e-Roubaix nedokon\u010dil. Ho\u0159k\u00e1 te\u010dka za jarn\u00ed \u010d\u00e1sti sezony, v n\u00ed\u017e byl Pavel Bittner t\u0159ikr\u00e1t na stupn\u00edch v\u00edt\u011bz\u016f a p\u0159idal dal\u0161\u00ed t\u0159i um\u00edst\u011bn\u00ed v top deset. Ale v\u00edt\u011bzstv\u00ed hv\u011bzd\u011b Picnic PostNL unik\u00e1.","og_url":"https:\/\/www.welovecycling.com\/cs\/2026\/04\/30\/pavel-bittner-nejlepsi-jaro-zivota-jen-to-cekani\/","og_site_name":"\u0160koda We Love Cycling - \u010cesk\u00e1 republika","article_published_time":"2026-04-30T04:00:51+00:00","og_image":[{"width":1800,"height":1200,"url":"https:\/\/d2p6e6u75xmxt8.cloudfront.net\/13\/2026\/04\/profimedia-1043096168.webp","type":"image\/webp"}],"author":"radekmalina","twitter_card":"summary_large_image","twitter_misc":{"Written by":"Radek Malina","Est. reading time":"7"},"schema":{"@context":"https:\/\/schema.org","@graph":[{"@type":"WebPage","@id":"https:\/\/www.welovecycling.com\/cs\/2026\/04\/30\/pavel-bittner-nejlepsi-jaro-zivota-jen-to-cekani\/","url":"https:\/\/www.welovecycling.com\/cs\/2026\/04\/30\/pavel-bittner-nejlepsi-jaro-zivota-jen-to-cekani\/","name":"Pavel Bittner: Nejlep\u0161\u00ed jaro \u017eivota. Jen to \u010dek\u00e1n\u00ed... | \u0160koda We Love Cycling - \u010cesk\u00e1 republika","isPartOf":{"@id":"https:\/\/www.welovecycling.com\/cs\/#website"},"primaryImageOfPage":{"@id":"https:\/\/www.welovecycling.com\/cs\/2026\/04\/30\/pavel-bittner-nejlepsi-jaro-zivota-jen-to-cekani\/#primaryimage"},"image":{"@id":"https:\/\/www.welovecycling.com\/cs\/2026\/04\/30\/pavel-bittner-nejlepsi-jaro-zivota-jen-to-cekani\/#primaryimage"},"thumbnailUrl":"https:\/\/d2p6e6u75xmxt8.cloudfront.net\/13\/2026\/04\/profimedia-1043096168.webp","datePublished":"2026-04-30T04:00:51+00:00","author":{"@id":"https:\/\/www.welovecycling.com\/cs\/#\/schema\/person\/d9eeb0a378f3a7e4a6d12d2b536b04b8"},"description":"Pln\u00fdmi dou\u0161ky ochutnal krutost Kr\u00e1lovny klasik. Podruh\u00e9 v kari\u00e9\u0159e Pa\u0159\u00ed\u017e-Roubaix nedokon\u010dil. Ho\u0159k\u00e1 te\u010dka za jarn\u00ed \u010d\u00e1sti sezony, v n\u00ed\u017e byl Pavel Bittner t\u0159ikr\u00e1t na stupn\u00edch v\u00edt\u011bz\u016f a p\u0159idal dal\u0161\u00ed t\u0159i um\u00edst\u011bn\u00ed v top deset. Ale v\u00edt\u011bzstv\u00ed hv\u011bzd\u011b Picnic PostNL unik\u00e1.","inLanguage":"cs","potentialAction":[{"@type":"ReadAction","target":["https:\/\/www.welovecycling.com\/cs\/2026\/04\/30\/pavel-bittner-nejlepsi-jaro-zivota-jen-to-cekani\/"]}]},{"@type":"ImageObject","inLanguage":"cs","@id":"https:\/\/www.welovecycling.com\/cs\/2026\/04\/30\/pavel-bittner-nejlepsi-jaro-zivota-jen-to-cekani\/#primaryimage","url":"https:\/\/d2p6e6u75xmxt8.cloudfront.net\/13\/2026\/04\/profimedia-1043096168.webp","contentUrl":"https:\/\/d2p6e6u75xmxt8.cloudfront.net\/13\/2026\/04\/profimedia-1043096168.webp","width":1800,"height":1200,"caption":"Pavel Bittner Tour de France"},{"@type":"WebSite","@id":"https:\/\/www.welovecycling.com\/cs\/#website","url":"https:\/\/www.welovecycling.com\/cs\/","name":"\u0160koda We Love Cycling - \u010cesk\u00e1 republika","description":"WeLoveCycling.cz je online magaz\u00edn, kter\u00fd v\u00e1m pravideln\u011b p\u0159in\u00e1\u0161\u00ed rady a tipy, zaj\u00edmav\u00e9 \u010dl\u00e1nky, videa a jedine\u010dn\u00e9 report\u00e1\u017ee ze sv\u011bta cyklistiky.","potentialAction":[{"@type":"SearchAction","target":{"@type":"EntryPoint","urlTemplate":"https:\/\/www.welovecycling.com\/cs\/?s={search_term_string}"},"query-input":{"@type":"PropertyValueSpecification","valueRequired":true,"valueName":"search_term_string"}}],"inLanguage":"cs"},{"@type":"Person","@id":"https:\/\/www.welovecycling.com\/cs\/#\/schema\/person\/d9eeb0a378f3a7e4a6d12d2b536b04b8","name":"radekmalina","image":{"@type":"ImageObject","inLanguage":"cs","@id":"https:\/\/www.welovecycling.com\/cs\/#\/schema\/person\/image\/","url":"https:\/\/secure.gravatar.com\/avatar\/66994b632cb8c39a46b9f54afa3ae07201b678d32a54275b6f1c9ffec356bfc0?s=96&d=mm&r=g","contentUrl":"https:\/\/secure.gravatar.com\/avatar\/66994b632cb8c39a46b9f54afa3ae07201b678d32a54275b6f1c9ffec356bfc0?s=96&d=mm&r=g","caption":"radekmalina"},"url":"https:\/\/www.welovecycling.com\/cs\/author\/radekmalina\/"}]}},"_links":{"self":[{"href":"https:\/\/www.welovecycling.com\/cs\/wp-json\/wp\/v2\/posts\/33309","targetHints":{"allow":["GET"]}}],"collection":[{"href":"https:\/\/www.welovecycling.com\/cs\/wp-json\/wp\/v2\/posts"}],"about":[{"href":"https:\/\/www.welovecycling.com\/cs\/wp-json\/wp\/v2\/types\/post"}],"author":[{"embeddable":true,"href":"https:\/\/www.welovecycling.com\/cs\/wp-json\/wp\/v2\/users\/138"}],"replies":[{"embeddable":true,"href":"https:\/\/www.welovecycling.com\/cs\/wp-json\/wp\/v2\/comments?post=33309"}],"version-history":[{"count":3,"href":"https:\/\/www.welovecycling.com\/cs\/wp-json\/wp\/v2\/posts\/33309\/revisions"}],"predecessor-version":[{"id":33328,"href":"https:\/\/www.welovecycling.com\/cs\/wp-json\/wp\/v2\/posts\/33309\/revisions\/33328"}],"wp:featuredmedia":[{"embeddable":true,"href":"https:\/\/www.welovecycling.com\/cs\/wp-json\/wp\/v2\/media\/33321"}],"wp:attachment":[{"href":"https:\/\/www.welovecycling.com\/cs\/wp-json\/wp\/v2\/media?parent=33309"}],"wp:term":[{"taxonomy":"category","embeddable":true,"href":"https:\/\/www.welovecycling.com\/cs\/wp-json\/wp\/v2\/categories?post=33309"},{"taxonomy":"post_tag","embeddable":true,"href":"https:\/\/www.welovecycling.com\/cs\/wp-json\/wp\/v2\/tags?post=33309"},{"taxonomy":"global-categories","embeddable":true,"href":"https:\/\/www.welovecycling.com\/cs\/wp-json\/wp\/v2\/global-categories?post=33309"}],"curies":[{"name":"wp","href":"https:\/\/api.w.org\/{rel}","templated":true}]}}