{"id":33293,"date":"2026-04-27T15:30:03","date_gmt":"2026-04-27T13:30:03","guid":{"rendered":"https:\/\/www.welovecycling.com\/cs\/?p=33293"},"modified":"2026-04-27T11:21:24","modified_gmt":"2026-04-27T09:21:24","slug":"triumf-misto-porodnice","status":"publish","type":"post","link":"https:\/\/www.welovecycling.com\/cs\/2026\/04\/27\/triumf-misto-porodnice\/","title":{"rendered":"Triumf m\u00edsto porodnice!"},"content":{"rendered":"<p><strong>M\u011bl na kole tr\u00e9ninkov\u011b jezdit kolem bar\u00e1ku, proto\u017ee s man\u017eelkou o\u010dek\u00e1vaj\u00ed ka\u017ed\u00fdm dnem narozen\u00ed potomka. Nakonec ale po dom\u00e1c\u00ed konzultaci a podpory rodi\u010d\u016f vyrazil z\u00e1vodit. A vyplatilo se. Mat\u011bj Zah\u00e1lka slavil v\u00edt\u011bzstv\u00ed v druh\u00e9m d\u011bjstv\u00ed seri\u00e1lu \u0160koda Cup, j\u00edm\u017e byl z\u00e1vod v Kr\u00e1sn\u00e9 L\u00edp\u011b. O den pozd\u011bji podtrhl dokonal\u00fd v\u00edkend sestavy Kasper Crypto4me V\u00e1clav Je\u017eek prvenstv\u00edm v \u010cesk\u00e9 Kamenici, co\u017e mu vyneslo pr\u016fb\u011b\u017en\u00e9 veden\u00ed v seri\u00e1lu.<\/strong><\/p>\n<p>&#8222;V\u016fbec jsem nem\u011bl v Kr\u00e1sn\u00e9 L\u00edp\u011b ani v \u010cesk\u00e9 Kamenici z\u00e1vodit. Myslel jsem, \u017ee se pojedu jenom projet n\u011bkde kolem bar\u00e1ku, proto\u017ee narozen\u00ed potomka prob\u011bhne ka\u017ed\u00fdm dnem. Ale nakonec jsem vyrazil na z\u00e1vody a byl jsem domluven\u00fd s rodi\u010di, kte\u0159\u00ed byli u trasy, \u017ee na m\u011b houknou, kdyby n\u00e1hodou \u017eena jela do porodnice. Pak bych slezl a upaloval za man\u017eelkou. Ale je\u0161t\u011b vydr\u017eela a j\u00e1 tak mohl vyhr\u00e1t pro dcerku Al\u017eb\u011btu, kter\u00e1 mi fandila p\u0159\u00edmo u trati,&#8220; sm\u00e1l se Mat\u011bj Zah\u00e1lka, po sobotn\u00edm z\u00e1vod\u011b v Kr\u00e1sn\u00e9 L\u00edp\u011b.<\/p>\n<figure id=\"attachment_33296\" aria-describedby=\"caption-attachment-33296\" style=\"width: 1920px\" class=\"wp-caption alignnone\"><a href=\"https:\/\/d2p6e6u75xmxt8.cloudfront.net\/13\/2026\/04\/850_0401-scaled.webp\"><img loading=\"lazy\" decoding=\"async\" class=\"size-extra-large wp-image-33296\" src=\"https:\/\/d2p6e6u75xmxt8.cloudfront.net\/13\/2026\/04\/850_0401-1920x1280.webp\" alt=\"\" width=\"1920\" height=\"1280\" srcset=\"https:\/\/d2p6e6u75xmxt8.cloudfront.net\/13\/2026\/04\/850_0401-1920x1280.webp 1920w, https:\/\/d2p6e6u75xmxt8.cloudfront.net\/13\/2026\/04\/850_0401-300x200.webp 300w, https:\/\/d2p6e6u75xmxt8.cloudfront.net\/13\/2026\/04\/850_0401-1024x683.webp 1024w, https:\/\/d2p6e6u75xmxt8.cloudfront.net\/13\/2026\/04\/850_0401-768x512.webp 768w, https:\/\/d2p6e6u75xmxt8.cloudfront.net\/13\/2026\/04\/850_0401-1536x1024.webp 1536w, https:\/\/d2p6e6u75xmxt8.cloudfront.net\/13\/2026\/04\/850_0401-2048x1365.webp 2048w, https:\/\/d2p6e6u75xmxt8.cloudfront.net\/13\/2026\/04\/850_0401-400x267.webp 400w, https:\/\/d2p6e6u75xmxt8.cloudfront.net\/13\/2026\/04\/850_0401-272x182.webp 272w, https:\/\/d2p6e6u75xmxt8.cloudfront.net\/13\/2026\/04\/850_0401-1920x1280.webp 1920w\" sizes=\"auto, (max-width: 1920px) 100vw, 1920px\" \/><\/a><figcaption id=\"caption-attachment-33296\" class=\"wp-caption-text\"><em>\u0160koda Cup v \u010cesk\u00e9 Kamenici&#8230; Foto: Jan Brychta\/\u010cSC<\/em><\/figcaption><\/figure>\n<p>Jeho t\u00fdm Kasper Crypto4me se od za\u010d\u00e1tku sna\u017eil tvo\u0159it z\u00e1vod. &#8222;B\u011bhem okruh\u016f se tvo\u0159ily r\u016fzn\u00e9 skupiny, v nich\u017e jsme v\u017edy byli v po\u010detn\u00ed p\u0159evaze. Pak tro\u0161ku znenad\u00e1n\u00ed prob\u011bhla selekce, po n\u00ed\u017e z\u016fstalo na \u010dele patn\u00e1ct lid\u00ed. A proto\u017ee tam chyb\u011bl <a href=\"https:\/\/www.welovecycling.com\/cs\/2026\/04\/23\/vyhry-sroubuji-sebevedomi-kluka-co-posloucha-rady-sagana\/\">Martin Voltr<\/a> jako l\u00eddr seri\u00e1lu, jeli jsme, abychom ho zlomili,&#8220; vysv\u011btloval taktick\u00fd pl\u00e1n pozd\u011bj\u0161\u00ed v\u00edt\u011bz.<\/p>\n<div class=\"shortcode-ys-post-pinup\"><article class=\"loop-simple post-33282 post type-post status-publish format-standard has-post-thumbnail hentry category-cyklistika category-silnicni-cyklistika tag-cyklistika tag-lutych-bastogne-lutych tag-paul-seixas tag-remco-evenepoel tag-silnicni-cyklistika tag-tadej-pogacar global-categories-cycling\" data-postid=\"33282\" role=\"article\" data-post-id=\"33282\" data-word-count=\"477\" data-headline-length=\"64\" data-category=\"Cyklistika\" data-global-category=\"Cycling\" data-author=\"Radek Malina\" data-published=\"2026-04-27T09:11:43+02:00\" data-published-day=\"Monday\">\n    <div class=\"entry-thumbnail article-thumbnail\" content=\"https:\/\/d2p6e6u75xmxt8.cloudfront.net\/13\/2026\/04\/profimedia-1094583236-150x150.webp\"><a href=\"https:\/\/www.welovecycling.com\/cs\/2026\/04\/27\/od-strachu-k-oslnive-vyhre-jak-pogacar-ulovil-13-monument\/\" class=\"image-holder\" target=\"_self\"><img decoding=\"async\" loading=\"lazy\" class=\"\" src=\"https:\/\/d2p6e6u75xmxt8.cloudfront.net\/13\/2026\/04\/profimedia-1094583236-1024x683.webp\" srcset=\"https:\/\/d2p6e6u75xmxt8.cloudfront.net\/13\/2026\/04\/profimedia-1094583236.webp 1800w, https:\/\/d2p6e6u75xmxt8.cloudfront.net\/13\/2026\/04\/profimedia-1094583236-300x200.webp 300w, https:\/\/d2p6e6u75xmxt8.cloudfront.net\/13\/2026\/04\/profimedia-1094583236-1024x683.webp 1024w, https:\/\/d2p6e6u75xmxt8.cloudfront.net\/13\/2026\/04\/profimedia-1094583236-768x512.webp 768w, https:\/\/d2p6e6u75xmxt8.cloudfront.net\/13\/2026\/04\/profimedia-1094583236-1536x1024.webp 1536w, https:\/\/d2p6e6u75xmxt8.cloudfront.net\/13\/2026\/04\/profimedia-1094583236-400x267.webp 400w, https:\/\/d2p6e6u75xmxt8.cloudfront.net\/13\/2026\/04\/profimedia-1094583236-272x182.webp 272w\" width=\"1024\" height=\"683\" sizes=\"auto, (min-width: 1200px) 300px, (min-width: 768px) 25vw, 100vw\" alt=\"od-strachu-k-oslnive-vyhre-jak-pogacar-ulovil-13-monument\"\/><\/a><\/div>    <div class=\"entry-meta\">\n        <a class=\"label label-secondary post-category\" href=\"https:\/\/www.welovecycling.com\/cs\/category\/cyklistika\/\" title=\"Cyklistika\">Cyklistika<\/a>\n    <\/div>\n    <div class=\"entry-details\">\n        <a href=\"https:\/\/www.welovecycling.com\/cs\/2026\/04\/27\/od-strachu-k-oslnive-vyhre-jak-pogacar-ulovil-13-monument\/\" class='entry-title-wrapper'>\n            <h3 class=\"entry-title\"><span>Od strachu k oslniv\u00e9 v\u00fdh\u0159e. Jak Poga\u010dar ulovil 13. Monument?<\/span><\/h3>\n        <\/a>\n    <\/div>\n    <\/article>\n<\/div>\n<p>&#8222;Kdy\u017e chyb\u011blo kolo a p\u016fl do c\u00edle, za\u010dalo se znovu z\u00e1vodit. Na \u010dele z\u016fstalo p\u011bt lid\u00ed. P\u0159esto\u017ee pokus\u016f o \u00fanik bylo n\u011bkolik, zjistili jsme, \u017ee nikdo nem\u00e1 nohy, aby odjel. Byli jsme na tom podobn\u011b. A tak jsme si to rozdali ve spurtu. J\u00e1 byl nejsiln\u011bj\u0161\u00ed,&#8220; popisoval Mat\u011bj Zah\u00e1lka dramatick\u00fd dojezd druh\u00e9ho podniku seri\u00e1lu \u0160koda Cup. O den pozd\u011bji dojel \u0161est\u00fd a celkov\u00fd sou\u010det bod\u016f ho vynesl na druh\u00e9 m\u00edsto seri\u00e1lu.<\/p>\n<h2><strong>L\u00eddrem seri\u00e1lu Je\u017eek, Zah\u00e1lka druh\u00fd<\/strong><\/h2>\n<p>Do \u010dela se vy\u0161vihl V\u00e1clav Je\u017eek, pro n\u011bho\u017e \u0161lo o prvn\u00ed v\u00edt\u011bzstv\u00ed v trikotu Kasper Crypto4me, kter\u00fd obl\u00e9k\u00e1 od leto\u0161n\u00ed sezony. &#8222;Je to skv\u011bl\u00e9. Po sobotn\u00edm z\u00e1vod\u011b v Kr\u00e1sn\u00e9 L\u00edp\u011b, kde jsem byl dlouho v \u00faniku a vybojoval druhou p\u0159\u00ed\u010dku, jsem c\u00edtil \u00fanavu. Ale mysl\u00edm, \u017ee jsem p\u0159edvedl dobr\u00fd v\u00fdkon,&#8220; vykl\u00e1dal v c\u00edli V\u00e1clav Je\u017eek, jen\u017e je sou\u010dasn\u011b i l\u00eddrem bodov\u00e1n\u00ed kategorie do 23 let.<\/p>\n<p><a href=\"https:\/\/d2p6e6u75xmxt8.cloudfront.net\/13\/2026\/04\/850_0379-scaled.webp\"><img loading=\"lazy\" decoding=\"async\" class=\"alignnone size-extra-large wp-image-33297\" src=\"https:\/\/d2p6e6u75xmxt8.cloudfront.net\/13\/2026\/04\/850_0379-1920x1280.webp\" alt=\"\" width=\"1920\" height=\"1280\" srcset=\"https:\/\/d2p6e6u75xmxt8.cloudfront.net\/13\/2026\/04\/850_0379-1920x1280.webp 1920w, https:\/\/d2p6e6u75xmxt8.cloudfront.net\/13\/2026\/04\/850_0379-300x200.webp 300w, https:\/\/d2p6e6u75xmxt8.cloudfront.net\/13\/2026\/04\/850_0379-1024x683.webp 1024w, https:\/\/d2p6e6u75xmxt8.cloudfront.net\/13\/2026\/04\/850_0379-768x512.webp 768w, https:\/\/d2p6e6u75xmxt8.cloudfront.net\/13\/2026\/04\/850_0379-1536x1024.webp 1536w, https:\/\/d2p6e6u75xmxt8.cloudfront.net\/13\/2026\/04\/850_0379-2048x1365.webp 2048w, https:\/\/d2p6e6u75xmxt8.cloudfront.net\/13\/2026\/04\/850_0379-400x267.webp 400w, https:\/\/d2p6e6u75xmxt8.cloudfront.net\/13\/2026\/04\/850_0379-272x182.webp 272w, https:\/\/d2p6e6u75xmxt8.cloudfront.net\/13\/2026\/04\/850_0379-1920x1280.webp 1920w\" sizes=\"auto, (max-width: 1920px) 100vw, 1920px\" \/><\/a><\/p>\n<p>U\u017e kr\u00e1tce po vstupu do z\u00e1vodu se dalo tu\u0161it, \u017ee o v\u00edt\u011bzstv\u00ed budou bojovat borci jeho t\u00fdmu. Z pelotonu toti\u017e odjel v z\u00e1v\u011bru druh\u00e9ho okruhu Jan Bittner a Josef \u010cern\u00fd. Na dvojici v \u00faniku se dot\u00e1hl V\u00e1clav Je\u017eek s Martinem B\u00e1rtou z t\u00fdmu ATT Investments. &#8222;Opakovan\u011b jsem zkusil Martinovi nastoupit. Ale byl siln\u00fd a z\u016fstal s n\u00e1mi ve skupin\u011b,&#8220; popisoval v c\u00edli v\u00edt\u011bz.<\/p>\n<figure id=\"attachment_33294\" aria-describedby=\"caption-attachment-33294\" style=\"width: 1920px\" class=\"wp-caption alignnone\"><a href=\"https:\/\/d2p6e6u75xmxt8.cloudfront.net\/13\/2026\/04\/DSC_1053-scaled.webp\"><img loading=\"lazy\" decoding=\"async\" class=\"size-extra-large wp-image-33294\" src=\"https:\/\/d2p6e6u75xmxt8.cloudfront.net\/13\/2026\/04\/DSC_1053-1920x1280.webp\" alt=\"\" width=\"1920\" height=\"1280\" srcset=\"https:\/\/d2p6e6u75xmxt8.cloudfront.net\/13\/2026\/04\/DSC_1053-1920x1280.webp 1920w, https:\/\/d2p6e6u75xmxt8.cloudfront.net\/13\/2026\/04\/DSC_1053-300x200.webp 300w, https:\/\/d2p6e6u75xmxt8.cloudfront.net\/13\/2026\/04\/DSC_1053-1024x683.webp 1024w, https:\/\/d2p6e6u75xmxt8.cloudfront.net\/13\/2026\/04\/DSC_1053-768x512.webp 768w, https:\/\/d2p6e6u75xmxt8.cloudfront.net\/13\/2026\/04\/DSC_1053-1536x1024.webp 1536w, https:\/\/d2p6e6u75xmxt8.cloudfront.net\/13\/2026\/04\/DSC_1053-2048x1365.webp 2048w, https:\/\/d2p6e6u75xmxt8.cloudfront.net\/13\/2026\/04\/DSC_1053-400x267.webp 400w, https:\/\/d2p6e6u75xmxt8.cloudfront.net\/13\/2026\/04\/DSC_1053-272x182.webp 272w, https:\/\/d2p6e6u75xmxt8.cloudfront.net\/13\/2026\/04\/DSC_1053-1920x1280.webp 1920w\" sizes=\"auto, (max-width: 1920px) 100vw, 1920px\" \/><\/a><figcaption id=\"caption-attachment-33294\" class=\"wp-caption-text\"><em>V\u00e1clav Je\u017eek slav\u00ed v\u00edt\u011bzstv\u00ed v t\u0159et\u00edm d\u00edle seri\u00e1lu \u0160koda Cup 2026.<\/em><\/figcaption><\/figure>\n<p>&#8222;Martin se s n\u00e1mi na \u010dele st\u0159\u00eddal p\u0159i st\u0159\u00edd\u00e1n\u00ed a ud\u00e1v\u00e1n\u00ed tempa, ale pak dostal z auta pokyn, aby p\u0159estal st\u0159\u00eddat. Zkou\u0161eli jsme tud\u00ed\u017e r\u016fzn\u00e9 varianty a v\u00fdsledkem bylo, \u017ee jsem s Pepou \u010cern\u00fdm odjel. Jeli jsme vysok\u00e9 tempo a posledn\u00ed kolo jsem hodn\u011b trp\u011bl. Nicm\u00e9n\u011b n\u00e1skok jsme uh\u00e1jili. A ve fini\u0161i to vy\u0161lo na m\u011b,&#8220; usm\u00edval se spokojen\u011b V\u00e1clav Je\u017eek, kter\u00fd m\u00e1 na kont\u011b 105 bod\u016f. Druh\u00fd Mat\u011bj Zah\u00e1lka nashrom\u00e1\u017edil 104 bod\u016f, t\u0159et\u00ed Daniel Turek z Fany Gastro Integray L27 m\u00e1 po t\u0159ech z\u00e1vodech 88 bod\u016f.<\/p>\n","protected":false},"excerpt":{"rendered":"<p>M\u011bl na kole tr\u00e9ninkov\u011b jezdit kolem bar\u00e1ku, proto\u017ee s man\u017eelkou o\u010dek\u00e1vaj\u00ed ka\u017ed\u00fdm dnem narozen\u00ed potomka. Nakonec ale po dom\u00e1c\u00ed konzultaci [&hellip;]<\/p>\n","protected":false},"author":138,"featured_media":33302,"comment_status":"open","ping_status":"open","sticky":false,"template":"","format":"standard","meta":{"footnotes":""},"categories":[10],"tags":[126,215,4485,2437,9,136,2020],"global-categories":[411],"class_list":["post-33293","post","type-post","status-publish","format-standard","has-post-thumbnail","hentry","category-silnicni-cyklistika","tag-cyklistika","tag-jan-hirt","tag-kasper-crypto4me","tag-matej-zahalka","tag-silnicni-cyklistika","tag-skoda-cup","tag-vaclav-jezek","global-categories-cycling"],"yoast_head":"<!-- This site is optimized with the Yoast SEO Premium plugin v25.3 (Yoast SEO v25.9) - https:\/\/yoast.com\/wordpress\/plugins\/seo\/ -->\n<title>Triumf m\u00edsto porodnice! | \u0160koda We Love Cycling - \u010cesk\u00e1 republika<\/title>\n<meta name=\"description\" content=\"M\u011bl na kole tr\u00e9ninkov\u011b jezdit kolem bar\u00e1ku, proto\u017ee s man\u017eelkou o\u010dek\u00e1vaj\u00ed ka\u017ed\u00fdm dnem narozen\u00ed potomka. Nakonec ale po dom\u00e1c\u00ed konzultaci a podpory rodi\u010d\u016f vyrazil z\u00e1vodit. A vyplatilo se. Mat\u011bj Zah\u00e1lka slavil v\u00edt\u011bzstv\u00ed v druh\u00e9m d\u011bjstv\u00ed seri\u00e1lu \u0160koda Cup, j\u00edm\u017e byl z\u00e1vod v Kr\u00e1sn\u00e9 L\u00edp\u011b. O den pozd\u011bji podtrhl dokonal\u00fd v\u00edkend sestavy Kasper Crypto4me V\u00e1clav Je\u017eek prvenstv\u00edm v \u010cesk\u00e9 Kamenici, co\u017e mu vyneslo pr\u016fb\u011b\u017en\u00e9 veden\u00ed v seri\u00e1lu.\" \/>\n<meta name=\"robots\" content=\"index, follow, max-snippet:-1, max-image-preview:large, max-video-preview:-1\" \/>\n<link rel=\"canonical\" href=\"https:\/\/www.welovecycling.com\/cs\/2026\/04\/27\/triumf-misto-porodnice\/\" \/>\n<meta property=\"og:locale\" content=\"cs_CZ\" \/>\n<meta property=\"og:type\" content=\"article\" \/>\n<meta property=\"og:title\" content=\"Triumf m\u00edsto porodnice!\" \/>\n<meta property=\"og:description\" content=\"M\u011bl na kole tr\u00e9ninkov\u011b jezdit kolem bar\u00e1ku, proto\u017ee s man\u017eelkou o\u010dek\u00e1vaj\u00ed ka\u017ed\u00fdm dnem narozen\u00ed potomka. Nakonec ale po dom\u00e1c\u00ed konzultaci a podpory rodi\u010d\u016f vyrazil z\u00e1vodit. A vyplatilo se. Mat\u011bj Zah\u00e1lka slavil v\u00edt\u011bzstv\u00ed v druh\u00e9m d\u011bjstv\u00ed seri\u00e1lu \u0160koda Cup, j\u00edm\u017e byl z\u00e1vod v Kr\u00e1sn\u00e9 L\u00edp\u011b. O den pozd\u011bji podtrhl dokonal\u00fd v\u00edkend sestavy Kasper Crypto4me V\u00e1clav Je\u017eek prvenstv\u00edm v \u010cesk\u00e9 Kamenici, co\u017e mu vyneslo pr\u016fb\u011b\u017en\u00e9 veden\u00ed v seri\u00e1lu.\" \/>\n<meta property=\"og:url\" content=\"https:\/\/www.welovecycling.com\/cs\/2026\/04\/27\/triumf-misto-porodnice\/\" \/>\n<meta property=\"og:site_name\" content=\"\u0160koda We Love Cycling - \u010cesk\u00e1 republika\" \/>\n<meta property=\"article:published_time\" content=\"2026-04-27T13:30:03+00:00\" \/>\n<meta property=\"og:image\" content=\"https:\/\/d2p6e6u75xmxt8.cloudfront.net\/13\/2026\/04\/zahalka-krasna-lipa-scaled.webp\" \/>\n\t<meta property=\"og:image:width\" content=\"2560\" \/>\n\t<meta property=\"og:image:height\" content=\"1707\" \/>\n\t<meta property=\"og:image:type\" content=\"image\/webp\" \/>\n<meta name=\"author\" content=\"radekmalina\" \/>\n<meta name=\"twitter:card\" content=\"summary_large_image\" \/>\n<meta name=\"twitter:label1\" content=\"Written by\" \/>\n\t<meta name=\"twitter:data1\" content=\"Radek Malina\" \/>\n\t<meta name=\"twitter:label2\" content=\"Est. reading time\" \/>\n\t<meta name=\"twitter:data2\" content=\"5\" \/>\n<script type=\"application\/ld+json\" class=\"yoast-schema-graph\">{\"@context\":\"https:\/\/schema.org\",\"@graph\":[{\"@type\":\"WebPage\",\"@id\":\"https:\/\/www.welovecycling.com\/cs\/2026\/04\/27\/triumf-misto-porodnice\/\",\"url\":\"https:\/\/www.welovecycling.com\/cs\/2026\/04\/27\/triumf-misto-porodnice\/\",\"name\":\"Triumf m\u00edsto porodnice! | \u0160koda We Love Cycling - \u010cesk\u00e1 republika\",\"isPartOf\":{\"@id\":\"https:\/\/www.welovecycling.com\/cs\/#website\"},\"primaryImageOfPage\":{\"@id\":\"https:\/\/www.welovecycling.com\/cs\/2026\/04\/27\/triumf-misto-porodnice\/#primaryimage\"},\"image\":{\"@id\":\"https:\/\/www.welovecycling.com\/cs\/2026\/04\/27\/triumf-misto-porodnice\/#primaryimage\"},\"thumbnailUrl\":\"https:\/\/d2p6e6u75xmxt8.cloudfront.net\/13\/2026\/04\/zahalka-krasna-lipa-scaled.webp\",\"datePublished\":\"2026-04-27T13:30:03+00:00\",\"author\":{\"@id\":\"https:\/\/www.welovecycling.com\/cs\/#\/schema\/person\/d9eeb0a378f3a7e4a6d12d2b536b04b8\"},\"description\":\"M\u011bl na kole tr\u00e9ninkov\u011b jezdit kolem bar\u00e1ku, proto\u017ee s man\u017eelkou o\u010dek\u00e1vaj\u00ed ka\u017ed\u00fdm dnem narozen\u00ed potomka. Nakonec ale po dom\u00e1c\u00ed konzultaci a podpory rodi\u010d\u016f vyrazil z\u00e1vodit. A vyplatilo se. Mat\u011bj Zah\u00e1lka slavil v\u00edt\u011bzstv\u00ed v druh\u00e9m d\u011bjstv\u00ed seri\u00e1lu \u0160koda Cup, j\u00edm\u017e byl z\u00e1vod v Kr\u00e1sn\u00e9 L\u00edp\u011b. O den pozd\u011bji podtrhl dokonal\u00fd v\u00edkend sestavy Kasper Crypto4me V\u00e1clav Je\u017eek prvenstv\u00edm v \u010cesk\u00e9 Kamenici, co\u017e mu vyneslo pr\u016fb\u011b\u017en\u00e9 veden\u00ed v seri\u00e1lu.\",\"inLanguage\":\"cs\",\"potentialAction\":[{\"@type\":\"ReadAction\",\"target\":[\"https:\/\/www.welovecycling.com\/cs\/2026\/04\/27\/triumf-misto-porodnice\/\"]}]},{\"@type\":\"ImageObject\",\"inLanguage\":\"cs\",\"@id\":\"https:\/\/www.welovecycling.com\/cs\/2026\/04\/27\/triumf-misto-porodnice\/#primaryimage\",\"url\":\"https:\/\/d2p6e6u75xmxt8.cloudfront.net\/13\/2026\/04\/zahalka-krasna-lipa-scaled.webp\",\"contentUrl\":\"https:\/\/d2p6e6u75xmxt8.cloudfront.net\/13\/2026\/04\/zahalka-krasna-lipa-scaled.webp\",\"width\":2560,\"height\":1707,\"caption\":\"Mat\u011bj Zah\u00e1lka \u0160koda Cup\"},{\"@type\":\"WebSite\",\"@id\":\"https:\/\/www.welovecycling.com\/cs\/#website\",\"url\":\"https:\/\/www.welovecycling.com\/cs\/\",\"name\":\"\u0160koda We Love Cycling - \u010cesk\u00e1 republika\",\"description\":\"WeLoveCycling.cz je online magaz\u00edn, kter\u00fd v\u00e1m pravideln\u011b p\u0159in\u00e1\u0161\u00ed rady a tipy, zaj\u00edmav\u00e9 \u010dl\u00e1nky, videa a jedine\u010dn\u00e9 report\u00e1\u017ee ze sv\u011bta cyklistiky.\",\"potentialAction\":[{\"@type\":\"SearchAction\",\"target\":{\"@type\":\"EntryPoint\",\"urlTemplate\":\"https:\/\/www.welovecycling.com\/cs\/?s={search_term_string}\"},\"query-input\":{\"@type\":\"PropertyValueSpecification\",\"valueRequired\":true,\"valueName\":\"search_term_string\"}}],\"inLanguage\":\"cs\"},{\"@type\":\"Person\",\"@id\":\"https:\/\/www.welovecycling.com\/cs\/#\/schema\/person\/d9eeb0a378f3a7e4a6d12d2b536b04b8\",\"name\":\"radekmalina\",\"image\":{\"@type\":\"ImageObject\",\"inLanguage\":\"cs\",\"@id\":\"https:\/\/www.welovecycling.com\/cs\/#\/schema\/person\/image\/\",\"url\":\"https:\/\/secure.gravatar.com\/avatar\/66994b632cb8c39a46b9f54afa3ae07201b678d32a54275b6f1c9ffec356bfc0?s=96&d=mm&r=g\",\"contentUrl\":\"https:\/\/secure.gravatar.com\/avatar\/66994b632cb8c39a46b9f54afa3ae07201b678d32a54275b6f1c9ffec356bfc0?s=96&d=mm&r=g\",\"caption\":\"radekmalina\"},\"url\":\"https:\/\/www.welovecycling.com\/cs\/author\/radekmalina\/\"}]}<\/script>\n<!-- \/ Yoast SEO Premium plugin. -->","yoast_head_json":{"title":"Triumf m\u00edsto porodnice! | \u0160koda We Love Cycling - \u010cesk\u00e1 republika","description":"M\u011bl na kole tr\u00e9ninkov\u011b jezdit kolem bar\u00e1ku, proto\u017ee s man\u017eelkou o\u010dek\u00e1vaj\u00ed ka\u017ed\u00fdm dnem narozen\u00ed potomka. Nakonec ale po dom\u00e1c\u00ed konzultaci a podpory rodi\u010d\u016f vyrazil z\u00e1vodit. A vyplatilo se. Mat\u011bj Zah\u00e1lka slavil v\u00edt\u011bzstv\u00ed v druh\u00e9m d\u011bjstv\u00ed seri\u00e1lu \u0160koda Cup, j\u00edm\u017e byl z\u00e1vod v Kr\u00e1sn\u00e9 L\u00edp\u011b. O den pozd\u011bji podtrhl dokonal\u00fd v\u00edkend sestavy Kasper Crypto4me V\u00e1clav Je\u017eek prvenstv\u00edm v \u010cesk\u00e9 Kamenici, co\u017e mu vyneslo pr\u016fb\u011b\u017en\u00e9 veden\u00ed v seri\u00e1lu.","robots":{"index":"index","follow":"follow","max-snippet":"max-snippet:-1","max-image-preview":"max-image-preview:large","max-video-preview":"max-video-preview:-1"},"canonical":"https:\/\/www.welovecycling.com\/cs\/2026\/04\/27\/triumf-misto-porodnice\/","og_locale":"cs_CZ","og_type":"article","og_title":"Triumf m\u00edsto porodnice!","og_description":"M\u011bl na kole tr\u00e9ninkov\u011b jezdit kolem bar\u00e1ku, proto\u017ee s man\u017eelkou o\u010dek\u00e1vaj\u00ed ka\u017ed\u00fdm dnem narozen\u00ed potomka. Nakonec ale po dom\u00e1c\u00ed konzultaci a podpory rodi\u010d\u016f vyrazil z\u00e1vodit. A vyplatilo se. Mat\u011bj Zah\u00e1lka slavil v\u00edt\u011bzstv\u00ed v druh\u00e9m d\u011bjstv\u00ed seri\u00e1lu \u0160koda Cup, j\u00edm\u017e byl z\u00e1vod v Kr\u00e1sn\u00e9 L\u00edp\u011b. O den pozd\u011bji podtrhl dokonal\u00fd v\u00edkend sestavy Kasper Crypto4me V\u00e1clav Je\u017eek prvenstv\u00edm v \u010cesk\u00e9 Kamenici, co\u017e mu vyneslo pr\u016fb\u011b\u017en\u00e9 veden\u00ed v seri\u00e1lu.","og_url":"https:\/\/www.welovecycling.com\/cs\/2026\/04\/27\/triumf-misto-porodnice\/","og_site_name":"\u0160koda We Love Cycling - \u010cesk\u00e1 republika","article_published_time":"2026-04-27T13:30:03+00:00","og_image":[{"width":2560,"height":1707,"url":"https:\/\/d2p6e6u75xmxt8.cloudfront.net\/13\/2026\/04\/zahalka-krasna-lipa-scaled.webp","type":"image\/webp"}],"author":"radekmalina","twitter_card":"summary_large_image","twitter_misc":{"Written by":"Radek Malina","Est. reading time":"5"},"schema":{"@context":"https:\/\/schema.org","@graph":[{"@type":"WebPage","@id":"https:\/\/www.welovecycling.com\/cs\/2026\/04\/27\/triumf-misto-porodnice\/","url":"https:\/\/www.welovecycling.com\/cs\/2026\/04\/27\/triumf-misto-porodnice\/","name":"Triumf m\u00edsto porodnice! | \u0160koda We Love Cycling - \u010cesk\u00e1 republika","isPartOf":{"@id":"https:\/\/www.welovecycling.com\/cs\/#website"},"primaryImageOfPage":{"@id":"https:\/\/www.welovecycling.com\/cs\/2026\/04\/27\/triumf-misto-porodnice\/#primaryimage"},"image":{"@id":"https:\/\/www.welovecycling.com\/cs\/2026\/04\/27\/triumf-misto-porodnice\/#primaryimage"},"thumbnailUrl":"https:\/\/d2p6e6u75xmxt8.cloudfront.net\/13\/2026\/04\/zahalka-krasna-lipa-scaled.webp","datePublished":"2026-04-27T13:30:03+00:00","author":{"@id":"https:\/\/www.welovecycling.com\/cs\/#\/schema\/person\/d9eeb0a378f3a7e4a6d12d2b536b04b8"},"description":"M\u011bl na kole tr\u00e9ninkov\u011b jezdit kolem bar\u00e1ku, proto\u017ee s man\u017eelkou o\u010dek\u00e1vaj\u00ed ka\u017ed\u00fdm dnem narozen\u00ed potomka. Nakonec ale po dom\u00e1c\u00ed konzultaci a podpory rodi\u010d\u016f vyrazil z\u00e1vodit. A vyplatilo se. Mat\u011bj Zah\u00e1lka slavil v\u00edt\u011bzstv\u00ed v druh\u00e9m d\u011bjstv\u00ed seri\u00e1lu \u0160koda Cup, j\u00edm\u017e byl z\u00e1vod v Kr\u00e1sn\u00e9 L\u00edp\u011b. O den pozd\u011bji podtrhl dokonal\u00fd v\u00edkend sestavy Kasper Crypto4me V\u00e1clav Je\u017eek prvenstv\u00edm v \u010cesk\u00e9 Kamenici, co\u017e mu vyneslo pr\u016fb\u011b\u017en\u00e9 veden\u00ed v seri\u00e1lu.","inLanguage":"cs","potentialAction":[{"@type":"ReadAction","target":["https:\/\/www.welovecycling.com\/cs\/2026\/04\/27\/triumf-misto-porodnice\/"]}]},{"@type":"ImageObject","inLanguage":"cs","@id":"https:\/\/www.welovecycling.com\/cs\/2026\/04\/27\/triumf-misto-porodnice\/#primaryimage","url":"https:\/\/d2p6e6u75xmxt8.cloudfront.net\/13\/2026\/04\/zahalka-krasna-lipa-scaled.webp","contentUrl":"https:\/\/d2p6e6u75xmxt8.cloudfront.net\/13\/2026\/04\/zahalka-krasna-lipa-scaled.webp","width":2560,"height":1707,"caption":"Mat\u011bj Zah\u00e1lka \u0160koda Cup"},{"@type":"WebSite","@id":"https:\/\/www.welovecycling.com\/cs\/#website","url":"https:\/\/www.welovecycling.com\/cs\/","name":"\u0160koda We Love Cycling - \u010cesk\u00e1 republika","description":"WeLoveCycling.cz je online magaz\u00edn, kter\u00fd v\u00e1m pravideln\u011b p\u0159in\u00e1\u0161\u00ed rady a tipy, zaj\u00edmav\u00e9 \u010dl\u00e1nky, videa a jedine\u010dn\u00e9 report\u00e1\u017ee ze sv\u011bta cyklistiky.","potentialAction":[{"@type":"SearchAction","target":{"@type":"EntryPoint","urlTemplate":"https:\/\/www.welovecycling.com\/cs\/?s={search_term_string}"},"query-input":{"@type":"PropertyValueSpecification","valueRequired":true,"valueName":"search_term_string"}}],"inLanguage":"cs"},{"@type":"Person","@id":"https:\/\/www.welovecycling.com\/cs\/#\/schema\/person\/d9eeb0a378f3a7e4a6d12d2b536b04b8","name":"radekmalina","image":{"@type":"ImageObject","inLanguage":"cs","@id":"https:\/\/www.welovecycling.com\/cs\/#\/schema\/person\/image\/","url":"https:\/\/secure.gravatar.com\/avatar\/66994b632cb8c39a46b9f54afa3ae07201b678d32a54275b6f1c9ffec356bfc0?s=96&d=mm&r=g","contentUrl":"https:\/\/secure.gravatar.com\/avatar\/66994b632cb8c39a46b9f54afa3ae07201b678d32a54275b6f1c9ffec356bfc0?s=96&d=mm&r=g","caption":"radekmalina"},"url":"https:\/\/www.welovecycling.com\/cs\/author\/radekmalina\/"}]}},"_links":{"self":[{"href":"https:\/\/www.welovecycling.com\/cs\/wp-json\/wp\/v2\/posts\/33293","targetHints":{"allow":["GET"]}}],"collection":[{"href":"https:\/\/www.welovecycling.com\/cs\/wp-json\/wp\/v2\/posts"}],"about":[{"href":"https:\/\/www.welovecycling.com\/cs\/wp-json\/wp\/v2\/types\/post"}],"author":[{"embeddable":true,"href":"https:\/\/www.welovecycling.com\/cs\/wp-json\/wp\/v2\/users\/138"}],"replies":[{"embeddable":true,"href":"https:\/\/www.welovecycling.com\/cs\/wp-json\/wp\/v2\/comments?post=33293"}],"version-history":[{"count":2,"href":"https:\/\/www.welovecycling.com\/cs\/wp-json\/wp\/v2\/posts\/33293\/revisions"}],"predecessor-version":[{"id":33304,"href":"https:\/\/www.welovecycling.com\/cs\/wp-json\/wp\/v2\/posts\/33293\/revisions\/33304"}],"wp:featuredmedia":[{"embeddable":true,"href":"https:\/\/www.welovecycling.com\/cs\/wp-json\/wp\/v2\/media\/33302"}],"wp:attachment":[{"href":"https:\/\/www.welovecycling.com\/cs\/wp-json\/wp\/v2\/media?parent=33293"}],"wp:term":[{"taxonomy":"category","embeddable":true,"href":"https:\/\/www.welovecycling.com\/cs\/wp-json\/wp\/v2\/categories?post=33293"},{"taxonomy":"post_tag","embeddable":true,"href":"https:\/\/www.welovecycling.com\/cs\/wp-json\/wp\/v2\/tags?post=33293"},{"taxonomy":"global-categories","embeddable":true,"href":"https:\/\/www.welovecycling.com\/cs\/wp-json\/wp\/v2\/global-categories?post=33293"}],"curies":[{"name":"wp","href":"https:\/\/api.w.org\/{rel}","templated":true}]}}