{"id":33282,"date":"2026-04-27T09:11:43","date_gmt":"2026-04-27T07:11:43","guid":{"rendered":"https:\/\/www.welovecycling.com\/cs\/?p=33282"},"modified":"2026-04-27T10:08:44","modified_gmt":"2026-04-27T08:08:44","slug":"od-strachu-k-oslnive-vyhre-jak-pogacar-ulovil-13-monument","status":"publish","type":"post","link":"https:\/\/www.welovecycling.com\/cs\/2026\/04\/27\/od-strachu-k-oslnive-vyhre-jak-pogacar-ulovil-13-monument\/","title":{"rendered":"Od strachu k oslniv\u00e9 v\u00fdh\u0159e. Jak Poga\u010dar ulovil 13. Monument?"},"content":{"rendered":"<p><strong>A\u010d \u00favod &#8222;prospal&#8220;, stejn\u011b byl c\u00edlov\u00fd sc\u00e9n\u00e1\u0159 podle jeho p\u0159edstav. Tadej Poga\u010dar z UAE Emirates XRG slav\u00ed triumf z Lutych-Bastogne-Lutych. Jde o t\u0159in\u00e1ct\u00e9 prvenstv\u00ed slovinsk\u00e9ho cyklisty na n\u011bkter\u00e9m z Monument\u016f, p\u011bti nejv\u00fdznamn\u011bj\u0161\u00edch jarn\u00edch klasik\u00e1ch.<\/strong><\/p>\n<p>&#8222;P\u0159\u00edli\u0161 \u0161anc\u00ed na v\u00edt\u011bzstv\u00ed b\u011bhem jara nem\u00e1m. Moc \u010dasto nez\u00e1vod\u00edm. A kdy\u017e u\u017e jsem na startu, je na m\u011b obrovsk\u00fd tlak. Mus\u00edm podat dokonal\u00fd v\u00fdkon. Tak\u017ee oslavit triumf ve v\u00fdjime\u010dn\u00e9m z\u00e1vod\u011b, j\u00edm\u017e je Lutych, pro m\u011b p\u0159edstavuje obrovskou poctu,&#8220; vysv\u011btloval Tadej Poga\u010dar obrovskou euforii, kterou pro\u017e\u00edval po dojezdu sto dvan\u00e1ct\u00e9ho ro\u010dn\u00edku nejstar\u0161\u00ed jednor\u00e1zovky planety.<\/p>\n<h2><strong>Evenepol v \u00faniku jako hrozba?<\/strong><\/h2>\n<p>V minulosti u\u017e Lutych-Bastogne-Lutych vyhr\u00e1l t\u0159ikr\u00e1t v letech 2021, 2024 a 2025. A ro\u010dn\u00edk 2026 se rozhodn\u011b nevyv\u00edjel podle p\u0159edstav dvojn\u00e1sobn\u00e9ho sv\u011btov\u00e9ho \u0161ampiona.\u00a0&#8222;Ud\u00e1lo se toho opravdu hodn\u011b,&#8220; sm\u00e1l se Tadej Poga\u010dar v c\u00edli z\u00e1vodu dlouh\u00e9ho 259 kilometr\u016f.<\/p>\n<figure id=\"attachment_33288\" aria-describedby=\"caption-attachment-33288\" style=\"width: 1920px\" class=\"wp-caption alignnone\"><a href=\"https:\/\/d2p6e6u75xmxt8.cloudfront.net\/13\/2026\/04\/20260426LBL1093-scaled.webp\"><img loading=\"lazy\" decoding=\"async\" class=\"size-extra-large wp-image-33288\" src=\"https:\/\/d2p6e6u75xmxt8.cloudfront.net\/13\/2026\/04\/20260426LBL1093-1920x1282.webp\" alt=\"\" width=\"1920\" height=\"1282\" srcset=\"https:\/\/d2p6e6u75xmxt8.cloudfront.net\/13\/2026\/04\/20260426LBL1093-1920x1282.webp 1920w, https:\/\/d2p6e6u75xmxt8.cloudfront.net\/13\/2026\/04\/20260426LBL1093-300x200.webp 300w, https:\/\/d2p6e6u75xmxt8.cloudfront.net\/13\/2026\/04\/20260426LBL1093-1024x684.webp 1024w, https:\/\/d2p6e6u75xmxt8.cloudfront.net\/13\/2026\/04\/20260426LBL1093-768x513.webp 768w, https:\/\/d2p6e6u75xmxt8.cloudfront.net\/13\/2026\/04\/20260426LBL1093-1536x1026.webp 1536w, https:\/\/d2p6e6u75xmxt8.cloudfront.net\/13\/2026\/04\/20260426LBL1093-2048x1368.webp 2048w, https:\/\/d2p6e6u75xmxt8.cloudfront.net\/13\/2026\/04\/20260426LBL1093-400x267.webp 400w, https:\/\/d2p6e6u75xmxt8.cloudfront.net\/13\/2026\/04\/20260426LBL1093-272x182.webp 272w, https:\/\/d2p6e6u75xmxt8.cloudfront.net\/13\/2026\/04\/20260426LBL1093-1920x1282.webp 1920w\" sizes=\"auto, (max-width: 1920px) 100vw, 1920px\" \/><\/a><figcaption id=\"caption-attachment-33288\" class=\"wp-caption-text\"><em>Mezi uprchl\u00edky p\u0159i Lutych-Bastogne-Lutych, kde slavil v\u00fdhru Tadej Poga\u010dar, byl i \u010desk\u00fd cyklista Jakub Otruba. Foto: Billy Ceusters\/A.S.O.<\/em><\/figcaption><\/figure>\n<p>Kr\u00e1tce po startu se toti\u017e od hlavn\u00edho pole odd\u011blila skupina \u010d\u00edtaj\u00edc\u00ed pades\u00e1t jezdc\u016f, kde byl i jeden z hlavn\u00edch rival\u016f Remco Evenepoel z Red Bull Bora Hansgrohe. Postupn\u011b n\u00e1skok uprchl\u00edk\u016f narostl a\u017e na \u010dty\u0159i minuty. V\u00edt\u011bz z let 2022 a 2023 v tak velk\u00e9 skupin\u011b slovinsk\u00e9ho favorita znerv\u00f3zn\u011bl.<\/p>\n<p>&#8222;Byl jsem vzadu. Klidn\u00fd. Uvoln\u011bn\u00fd. A najednou jsem si v\u0161iml, \u017ee peloton jede hodn\u011b rychle. Zvedl jsem hlavu a vid\u011bl jsem, \u017ee odjela v\u00e1\u017en\u011b velk\u00e1 skupina,&#8220; popisoval Tadej Poga\u010dar situaci, kterou jeho t\u00fdm UAE Emirates XRG rozhodn\u011b nem\u011bl v pl\u00e1nu.<\/p>\n<p>&#8222;M\u011bl jsem strach. Cel\u00fd t\u00fdm se tro\u0161ku b\u00e1l. V\u011bd\u011bli jsme, \u017ee Remco Evenepoel dok\u00e1\u017ee odjet z hodn\u011b velk\u00e9 d\u00e1lky. Nenech\u00e1v\u00e1te takov\u00e9ho kluka v \u00faniku, ned\u00e1v\u00e1te mu z\u00e1m\u011brn\u011b prostor,&#8220; p\u0159izn\u00e1val pozd\u011bj\u0161\u00ed v\u00edt\u011bz.<\/p>\n<p><a href=\"https:\/\/d2p6e6u75xmxt8.cloudfront.net\/13\/2026\/04\/20260426LBL1114-scaled.webp\"><img loading=\"lazy\" decoding=\"async\" class=\"alignnone size-extra-large wp-image-33287\" src=\"https:\/\/d2p6e6u75xmxt8.cloudfront.net\/13\/2026\/04\/20260426LBL1114-1920x1280.webp\" alt=\"\" width=\"1920\" height=\"1280\" srcset=\"https:\/\/d2p6e6u75xmxt8.cloudfront.net\/13\/2026\/04\/20260426LBL1114-1920x1280.webp 1920w, https:\/\/d2p6e6u75xmxt8.cloudfront.net\/13\/2026\/04\/20260426LBL1114-300x200.webp 300w, https:\/\/d2p6e6u75xmxt8.cloudfront.net\/13\/2026\/04\/20260426LBL1114-1024x683.webp 1024w, https:\/\/d2p6e6u75xmxt8.cloudfront.net\/13\/2026\/04\/20260426LBL1114-768x512.webp 768w, https:\/\/d2p6e6u75xmxt8.cloudfront.net\/13\/2026\/04\/20260426LBL1114-1536x1024.webp 1536w, https:\/\/d2p6e6u75xmxt8.cloudfront.net\/13\/2026\/04\/20260426LBL1114-2048x1365.webp 2048w, https:\/\/d2p6e6u75xmxt8.cloudfront.net\/13\/2026\/04\/20260426LBL1114-400x267.webp 400w, https:\/\/d2p6e6u75xmxt8.cloudfront.net\/13\/2026\/04\/20260426LBL1114-272x182.webp 272w, https:\/\/d2p6e6u75xmxt8.cloudfront.net\/13\/2026\/04\/20260426LBL1114-1920x1280.webp 1920w\" sizes=\"auto, (max-width: 1920px) 100vw, 1920px\" \/><\/a><\/p>\n<p>Nicm\u00e9n\u011b jeho t\u00fdmov\u00ed kolegov\u00e9 odv\u00e1d\u011bli na \u0161pici skv\u011blou pr\u00e1ci. A kdy\u017e se k nim p\u0159ipojili z\u00e1stupci Decathlon CMA CGM s touhou vytvo\u0159it pozici pro sv\u016fj klenot jm\u00e9nem Paul Seixas, byli uprchl\u00edci v beznad\u011bjn\u00e9 situaci. &#8222;Tak velk\u00e1 skupina m\u00e1 i jednu nev\u00fdhodu. Spolupr\u00e1ce nikdy nefunguje dob\u0159e,&#8220; v\u011bd\u011bl Tadej Poga\u010dar.<\/p>\n<div class=\"shortcode-ys-post-pinup\"><article class=\"loop-simple post-33075 post type-post status-publish format-standard has-post-thumbnail hentry category-silnicni-cyklistika tag-cyklistika tag-mathieu-van-der-poel tag-pariz-roubaix-2026 tag-rivalita tag-silnicni-cyklistika tag-wout-van-aert tag-zdenek-stybar global-categories-cycling\" data-postid=\"33075\" role=\"article\" data-post-id=\"33075\" data-word-count=\"367\" data-headline-length=\"50\" data-category=\"Silni\u010dn\u00ed cyklistika\" data-global-category=\"Cycling\" data-author=\"We Love Cycling\" data-published=\"2026-04-16T07:00:13+02:00\" data-published-day=\"Thursday\">\n    <div class=\"entry-thumbnail article-thumbnail\" content=\"https:\/\/d2p6e6u75xmxt8.cloudfront.net\/13\/2026\/04\/20260412PRX1238-150x150.webp\"><a href=\"https:\/\/www.welovecycling.com\/cs\/2026\/04\/16\/milacek-lidu-jehoz-popularitu-posilily-prohry\/\" class=\"image-holder\" target=\"_self\"><img decoding=\"async\" loading=\"lazy\" class=\"\" src=\"https:\/\/d2p6e6u75xmxt8.cloudfront.net\/13\/2026\/04\/20260412PRX1238-1024x683.webp\" srcset=\"https:\/\/d2p6e6u75xmxt8.cloudfront.net\/13\/2026\/04\/20260412PRX1238-scaled.webp 2560w, https:\/\/d2p6e6u75xmxt8.cloudfront.net\/13\/2026\/04\/20260412PRX1238-300x200.webp 300w, https:\/\/d2p6e6u75xmxt8.cloudfront.net\/13\/2026\/04\/20260412PRX1238-1024x683.webp 1024w, https:\/\/d2p6e6u75xmxt8.cloudfront.net\/13\/2026\/04\/20260412PRX1238-768x512.webp 768w, https:\/\/d2p6e6u75xmxt8.cloudfront.net\/13\/2026\/04\/20260412PRX1238-1536x1024.webp 1536w, https:\/\/d2p6e6u75xmxt8.cloudfront.net\/13\/2026\/04\/20260412PRX1238-2048x1365.webp 2048w, https:\/\/d2p6e6u75xmxt8.cloudfront.net\/13\/2026\/04\/20260412PRX1238-1920x1280.webp 1920w, https:\/\/d2p6e6u75xmxt8.cloudfront.net\/13\/2026\/04\/20260412PRX1238-400x267.webp 400w, https:\/\/d2p6e6u75xmxt8.cloudfront.net\/13\/2026\/04\/20260412PRX1238-272x182.webp 272w, https:\/\/d2p6e6u75xmxt8.cloudfront.net\/13\/2026\/04\/20260412PRX1238-1920x1280.webp 1920w\" width=\"1024\" height=\"683\" sizes=\"auto, (min-width: 1200px) 300px, (min-width: 768px) 25vw, 100vw\" alt=\"milacek-lidu-jehoz-popularitu-posilily-prohry\"\/><\/a><\/div>    <div class=\"entry-meta\">\n        <a class=\"label label-secondary post-category\" href=\"https:\/\/www.welovecycling.com\/cs\/category\/silnicni-cyklistika\/\" title=\"Silni\u010dn\u00ed cyklistika\">Silni\u010dn\u00ed cyklistika<\/a>\n    <\/div>\n    <div class=\"entry-details\">\n        <a href=\"https:\/\/www.welovecycling.com\/cs\/2026\/04\/16\/milacek-lidu-jehoz-popularitu-posilily-prohry\/\" class='entry-title-wrapper'>\n            <h3 class=\"entry-title\"><span>Mil\u00e1\u010dek lidu, jeho\u017e popularitu pos\u00edlily prohry<\/span><\/h3>\n        <\/a>\n    <\/div>\n    <\/article>\n<\/div>\n<p>Nakonec dostali uprchl\u00edci prostor cel\u00fdch sto pades\u00e1t kilometr\u016f. Pak v kopc\u00edch, co se stav\u00ed do cesty pelotonu v Arden\u00e1ch, promluvily nohy hlavn\u00edho favorita, jeho\u017e n\u00e1sledoval Paul Seixas. Francouzsk\u00fd mlad\u00ed\u010dek v dresu Decathlonu, co ovl\u00e1dl Valonsk\u00fd \u0161\u00edp a ohromil v\u00fdstupem na Mur de Huy.<\/p>\n<h2><strong>Kdo vydr\u017eel, kdy\u017e Poga\u010dar za\u00fato\u010dil?<\/strong><\/h2>\n<p>O\u010dek\u00e1van\u00fd v\u00fdstup v podob\u011b La Redoute se uk\u00e1zal b\u00fdt op\u011bt kl\u00ed\u010dov\u00fdm pro cel\u00fd z\u00e1vod. Jako u\u017e mnohokr\u00e1t. Par\u0165\u00e1ci Tadeje Poga\u010dara rozjeli tempo, z n\u011bho\u017e u\u017e nebylo mo\u017en\u00e9 \u00fato\u010dit. Tedy a\u017e na jezdce, co jsou v\u00fdjime\u010dn\u00ed. Slovinec zrychlil. Zat\u00edmco Remco Evenepoel odpadl, hou\u017eevnat\u00fd Paul Seixas vydr\u017eel. &#8222;Ale vid\u011bl jsem v\u0161echno rozmazan\u011b,&#8220; p\u0159izn\u00e1val devaten\u00e1ctilet\u00fd z\u00e1vodn\u00edk, \u017ee si s\u00e1hl na dno.<\/p>\n<figure id=\"attachment_33286\" aria-describedby=\"caption-attachment-33286\" style=\"width: 1800px\" class=\"wp-caption alignnone\"><a href=\"https:\/\/d2p6e6u75xmxt8.cloudfront.net\/13\/2026\/04\/profimedia-1094681195.webp\"><img loading=\"lazy\" decoding=\"async\" class=\"size-full wp-image-33286\" src=\"https:\/\/d2p6e6u75xmxt8.cloudfront.net\/13\/2026\/04\/profimedia-1094681195.webp\" alt=\"\" width=\"1800\" height=\"1200\" srcset=\"https:\/\/d2p6e6u75xmxt8.cloudfront.net\/13\/2026\/04\/profimedia-1094681195.webp 1800w, https:\/\/d2p6e6u75xmxt8.cloudfront.net\/13\/2026\/04\/profimedia-1094681195-300x200.webp 300w, https:\/\/d2p6e6u75xmxt8.cloudfront.net\/13\/2026\/04\/profimedia-1094681195-1024x683.webp 1024w, https:\/\/d2p6e6u75xmxt8.cloudfront.net\/13\/2026\/04\/profimedia-1094681195-768x512.webp 768w, https:\/\/d2p6e6u75xmxt8.cloudfront.net\/13\/2026\/04\/profimedia-1094681195-1536x1024.webp 1536w, https:\/\/d2p6e6u75xmxt8.cloudfront.net\/13\/2026\/04\/profimedia-1094681195-400x267.webp 400w, https:\/\/d2p6e6u75xmxt8.cloudfront.net\/13\/2026\/04\/profimedia-1094681195-272x182.webp 272w\" sizes=\"auto, (max-width: 1800px) 100vw, 1800px\" \/><\/a><figcaption id=\"caption-attachment-33286\" class=\"wp-caption-text\"><em>Tadej Poga\u010dar a Paul Seixas (vpravo) p\u0159i Lutych-Bastogne-Lutych 2026. Foto: profimedia<\/em><\/figcaption><\/figure>\n<p>Matador v trikotu UAE Emirates XRG a teenager zastupuj\u00edc\u00ed novou generaci uh\u00e1n\u011bli do c\u00edle. Rozhodnut\u00ed padlo \u010dtrn\u00e1ct kilometr\u016f p\u0159ed c\u00edlem. Ve stoup\u00e1n\u00ed Roche-aux-Faucons se na posledn\u00edch p\u011bti stech metrech Paul Seixas zlomil a Tadej Poga\u010dar uh\u00e1n\u011bl osamocen\u011b pro v\u00edt\u011bzstv\u00ed.<\/p>\n<p>&#8222;Nem\u011bl jsem dost sil. Poga\u010dar byl lep\u0161\u00ed. Ale dojet p\u0159i premi\u00e9\u0159e na Lutych-Bastogne-Lutych druh\u00fd za mistrem sv\u011bta je hodn\u011b uspokojiv\u00e9,&#8220; usm\u00edval se v c\u00edli Paul <a href=\"https:\/\/www.welovecycling.com\/cs\/2026\/04\/24\/co-nesvede-teenager-jenz-lame-pogacarovy-rekordy\/\">Seixas<\/a>. H\u0159\u00e1t ho jist\u011b musela i poklona od v\u00edt\u011bze.<\/p>\n<div class=\"shortcode-ys-post-pinup\"><article class=\"loop-simple post-33242 post type-post status-publish format-standard has-post-thumbnail hentry category-zdravi-a-trenink tag-cyklistika tag-elektrolyty tag-gravel tag-horska-cyklistika tag-hydratace tag-hydratace-ve-sportu tag-silnicni-cyklistika tag-sul tag-zdravi-a-trenink global-categories-cycling\" data-postid=\"33242\" role=\"article\" data-post-id=\"33242\" data-word-count=\"383\" data-headline-length=\"52\" data-category=\"Zdrav\u00ed a tr\u00e9nink\" data-global-category=\"Cycling\" data-author=\"We Love Cycling\" data-published=\"2026-04-22T16:30:46+02:00\" data-published-day=\"Wednesday\">\n    <div class=\"entry-thumbnail article-thumbnail\" content=\"https:\/\/d2p6e6u75xmxt8.cloudfront.net\/13\/2026\/04\/lw-250628-kolo-pro-zivot-drasal-holesov-cz-lq-0038-photo-pg-826-1920--150x150.webp\"><a href=\"https:\/\/www.welovecycling.com\/cs\/2026\/04\/22\/proc-je-sul-nezbytny-partak-kazdeho-cyklisty\/\" class=\"image-holder\" target=\"_self\"><img decoding=\"async\" loading=\"lazy\" class=\"\" src=\"https:\/\/d2p6e6u75xmxt8.cloudfront.net\/13\/2026\/04\/lw-250628-kolo-pro-zivot-drasal-holesov-cz-lq-0038-photo-pg-826-1920--1024x683.webp\" srcset=\"https:\/\/d2p6e6u75xmxt8.cloudfront.net\/13\/2026\/04\/lw-250628-kolo-pro-zivot-drasal-holesov-cz-lq-0038-photo-pg-826-1920-.webp 1920w, https:\/\/d2p6e6u75xmxt8.cloudfront.net\/13\/2026\/04\/lw-250628-kolo-pro-zivot-drasal-holesov-cz-lq-0038-photo-pg-826-1920--300x200.webp 300w, https:\/\/d2p6e6u75xmxt8.cloudfront.net\/13\/2026\/04\/lw-250628-kolo-pro-zivot-drasal-holesov-cz-lq-0038-photo-pg-826-1920--1024x683.webp 1024w, https:\/\/d2p6e6u75xmxt8.cloudfront.net\/13\/2026\/04\/lw-250628-kolo-pro-zivot-drasal-holesov-cz-lq-0038-photo-pg-826-1920--768x512.webp 768w, https:\/\/d2p6e6u75xmxt8.cloudfront.net\/13\/2026\/04\/lw-250628-kolo-pro-zivot-drasal-holesov-cz-lq-0038-photo-pg-826-1920--1536x1024.webp 1536w, https:\/\/d2p6e6u75xmxt8.cloudfront.net\/13\/2026\/04\/lw-250628-kolo-pro-zivot-drasal-holesov-cz-lq-0038-photo-pg-826-1920--400x267.webp 400w, https:\/\/d2p6e6u75xmxt8.cloudfront.net\/13\/2026\/04\/lw-250628-kolo-pro-zivot-drasal-holesov-cz-lq-0038-photo-pg-826-1920--272x182.webp 272w\" width=\"1024\" height=\"683\" sizes=\"auto, (min-width: 1200px) 300px, (min-width: 768px) 25vw, 100vw\" alt=\"proc-je-sul-nezbytny-partak-kazdeho-cyklisty\"\/><\/a><\/div>    <div class=\"entry-meta\">\n        <a class=\"label label-secondary post-category\" href=\"https:\/\/www.welovecycling.com\/cs\/category\/zdravi-a-trenink\/\" title=\"Zdrav\u00ed a tr\u00e9nink\">Zdrav\u00ed a tr\u00e9nink<\/a>\n    <\/div>\n    <div class=\"entry-details\">\n        <a href=\"https:\/\/www.welovecycling.com\/cs\/2026\/04\/22\/proc-je-sul-nezbytny-partak-kazdeho-cyklisty\/\" class='entry-title-wrapper'>\n            <h3 class=\"entry-title\"><span>Pro\u010d je s\u016fl nezbytn\u00fd par\u0165\u00e1k ka\u017ed\u00e9ho cyklisty?<\/span><\/h3>\n        <\/a>\n    <\/div>\n    <\/article>\n<\/div>\n<p>&#8222;P\u0159edvedl ohromuj\u00edc\u00ed v\u00fdkon. Na La Redoute jsem hr\u00e1bl hluboko do z\u00e1sobn\u00edku sil. A kdy\u017e Paul vydr\u017eel, u\u017e jsem p\u0159em\u00fd\u0161lel o sprintu a jeho pr\u016fb\u011bhu,&#8220; p\u0159izn\u00e1val Tadej Poga\u010dar. Nakonec zu\u017eitkoval posledn\u00ed p\u0159\u00edle\u017eitost. &#8222;V\u011bd\u011bl jsem, \u017ee stoup\u00e1n\u00ed Roche-aux-Faucons mi vyhovuje.&#8220;<\/p>\n<div class=\"mceTemp\"><a href=\"https:\/\/d2p6e6u75xmxt8.cloudfront.net\/13\/2026\/04\/profimedia-1094540500.webp\"><img loading=\"lazy\" decoding=\"async\" class=\"alignnone size-extra-large wp-image-33289\" src=\"https:\/\/d2p6e6u75xmxt8.cloudfront.net\/13\/2026\/04\/profimedia-1094540500.webp\" alt=\"\" width=\"1800\" height=\"1199\" srcset=\"https:\/\/d2p6e6u75xmxt8.cloudfront.net\/13\/2026\/04\/profimedia-1094540500.webp 1800w, https:\/\/d2p6e6u75xmxt8.cloudfront.net\/13\/2026\/04\/profimedia-1094540500-300x200.webp 300w, https:\/\/d2p6e6u75xmxt8.cloudfront.net\/13\/2026\/04\/profimedia-1094540500-1024x682.webp 1024w, https:\/\/d2p6e6u75xmxt8.cloudfront.net\/13\/2026\/04\/profimedia-1094540500-768x512.webp 768w, https:\/\/d2p6e6u75xmxt8.cloudfront.net\/13\/2026\/04\/profimedia-1094540500-1536x1023.webp 1536w, https:\/\/d2p6e6u75xmxt8.cloudfront.net\/13\/2026\/04\/profimedia-1094540500-400x266.webp 400w, https:\/\/d2p6e6u75xmxt8.cloudfront.net\/13\/2026\/04\/profimedia-1094540500-272x182.webp 272w\" sizes=\"auto, (max-width: 1800px) 100vw, 1800px\" \/><\/a>L\u00eddr UAE Emirates XRG zakon\u010dil v\u00fdhrou p\u016fsobiv\u00e9 jaro. Z p\u011bti z\u00e1vodn\u00edch dn\u016f m\u00e1 \u010dty\u0159i v\u00fdjime\u010dn\u00e1 prvenstv\u00ed. Vyhr\u00e1l Strade Bianche, Mil\u00e1n-San Remo, Kolem Flander a Lutych. Jen p\u0159i Pa\u0159\u00ed\u017e-Roubaix byl druh\u00fd.<\/p>\n<p>Slovinsk\u00fd \u0161ampion ovl\u00e1dl Lutych-Bastogne-Lutych po\u010dtvrt\u00e9 v kari\u00e9\u0159e. Celkem m\u00e1 na kont\u011b u\u017e t\u0159in\u00e1ct\u00fd prvenstv\u00ed z Monument\u016f. Jednou vyhr\u00e1l Mil\u00e1n-San Remo, t\u0159ikr\u00e1t Kolem Flander, p\u011btkr\u00e1t Kolem Lombardie. Jedin\u00e1 z p\u011bti nejv\u011bt\u0161\u00edch klasik mu ve v\u00fd\u010dtu chyb\u00ed: Pa\u0159\u00ed\u017e-Roubaix. V absolutn\u00edm po\u0159ad\u00ed prvenstv\u00ed z Monument\u016f je na druh\u00e9 pozici. Prvn\u00ed zauj\u00edm\u00e1 Eddy Merckx. Belgi\u010dan se py\u0161n\u00ed devaten\u00e1cti triumfy.<\/p>\n<\/div>\n","protected":false},"excerpt":{"rendered":"<p>A\u010d \u00favod &#8222;prospal&#8220;, stejn\u011b byl c\u00edlov\u00fd sc\u00e9n\u00e1\u0159 podle jeho p\u0159edstav. Tadej Poga\u010dar z UAE Emirates XRG slav\u00ed triumf z Lutych-Bastogne-Lutych. [&hellip;]<\/p>\n","protected":false},"author":138,"featured_media":33283,"comment_status":"open","ping_status":"open","sticky":false,"template":"","format":"standard","meta":{"footnotes":""},"categories":[4018,10],"tags":[126,203,4565,1072,9,502],"global-categories":[411],"class_list":["post-33282","post","type-post","status-publish","format-standard","has-post-thumbnail","hentry","category-cyklistika","category-silnicni-cyklistika","tag-cyklistika","tag-lutych-bastogne-lutych","tag-paul-seixas","tag-remco-evenepoel","tag-silnicni-cyklistika","tag-tadej-pogacar","global-categories-cycling"],"yoast_head":"<!-- This site is optimized with the Yoast SEO Premium plugin v25.3 (Yoast SEO v25.9) - https:\/\/yoast.com\/wordpress\/plugins\/seo\/ -->\n<title>Od strachu k oslniv\u00e9 v\u00fdh\u0159e. Jak Poga\u010dar ulovil 13. Monument? | \u0160koda We Love Cycling - \u010cesk\u00e1 republika<\/title>\n<meta name=\"description\" content=\"A\u010d \u00favod &quot;prospal&quot;, stejn\u011b byl c\u00edlov\u00fd sc\u00e9n\u00e1\u0159 podle jeho p\u0159edstav. Tadej Poga\u010dar z UAE Emirates XRG slav\u00ed triumf z Lutych-Bastogne-Lutych. Jde o t\u0159in\u00e1ct\u00e9 prvenstv\u00ed slovinsk\u00e9ho cyklisty na n\u011bkter\u00e9m z Monument\u016f, p\u011bti nejv\u00fdznamn\u011bj\u0161\u00edch jarn\u00edch klasik\u00e1ch.\" \/>\n<meta name=\"robots\" content=\"index, follow, max-snippet:-1, max-image-preview:large, max-video-preview:-1\" \/>\n<link rel=\"canonical\" href=\"https:\/\/www.welovecycling.com\/cs\/2026\/04\/27\/od-strachu-k-oslnive-vyhre-jak-pogacar-ulovil-13-monument\/\" \/>\n<meta property=\"og:locale\" content=\"cs_CZ\" \/>\n<meta property=\"og:type\" content=\"article\" \/>\n<meta property=\"og:title\" content=\"Od strachu k oslniv\u00e9 v\u00fdh\u0159e. Jak Poga\u010dar ulovil 13. Monument?\" \/>\n<meta property=\"og:description\" content=\"A\u010d \u00favod &quot;prospal&quot;, stejn\u011b byl c\u00edlov\u00fd sc\u00e9n\u00e1\u0159 podle jeho p\u0159edstav. Tadej Poga\u010dar z UAE Emirates XRG slav\u00ed triumf z Lutych-Bastogne-Lutych. Jde o t\u0159in\u00e1ct\u00e9 prvenstv\u00ed slovinsk\u00e9ho cyklisty na n\u011bkter\u00e9m z Monument\u016f, p\u011bti nejv\u00fdznamn\u011bj\u0161\u00edch jarn\u00edch klasik\u00e1ch.\" \/>\n<meta property=\"og:url\" content=\"https:\/\/www.welovecycling.com\/cs\/2026\/04\/27\/od-strachu-k-oslnive-vyhre-jak-pogacar-ulovil-13-monument\/\" \/>\n<meta property=\"og:site_name\" content=\"\u0160koda We Love Cycling - \u010cesk\u00e1 republika\" \/>\n<meta property=\"article:published_time\" content=\"2026-04-27T07:11:43+00:00\" \/>\n<meta property=\"article:modified_time\" content=\"2026-04-27T08:08:44+00:00\" \/>\n<meta property=\"og:image\" content=\"https:\/\/d2p6e6u75xmxt8.cloudfront.net\/13\/2026\/04\/profimedia-1094583236.webp\" \/>\n\t<meta property=\"og:image:width\" content=\"1800\" \/>\n\t<meta property=\"og:image:height\" content=\"1200\" \/>\n\t<meta property=\"og:image:type\" content=\"image\/webp\" \/>\n<meta name=\"author\" content=\"radekmalina\" \/>\n<meta name=\"twitter:card\" content=\"summary_large_image\" \/>\n<meta name=\"twitter:label1\" content=\"Written by\" \/>\n\t<meta name=\"twitter:data1\" content=\"We Love Cycling\" \/>\n\t<meta name=\"twitter:label2\" content=\"Est. reading time\" \/>\n\t<meta name=\"twitter:data2\" content=\"6\" \/>\n<script type=\"application\/ld+json\" class=\"yoast-schema-graph\">{\"@context\":\"https:\/\/schema.org\",\"@graph\":[{\"@type\":\"WebPage\",\"@id\":\"https:\/\/www.welovecycling.com\/cs\/2026\/04\/27\/od-strachu-k-oslnive-vyhre-jak-pogacar-ulovil-13-monument\/\",\"url\":\"https:\/\/www.welovecycling.com\/cs\/2026\/04\/27\/od-strachu-k-oslnive-vyhre-jak-pogacar-ulovil-13-monument\/\",\"name\":\"Od strachu k oslniv\u00e9 v\u00fdh\u0159e. Jak Poga\u010dar ulovil 13. Monument? | \u0160koda We Love Cycling - \u010cesk\u00e1 republika\",\"isPartOf\":{\"@id\":\"https:\/\/www.welovecycling.com\/cs\/#website\"},\"primaryImageOfPage\":{\"@id\":\"https:\/\/www.welovecycling.com\/cs\/2026\/04\/27\/od-strachu-k-oslnive-vyhre-jak-pogacar-ulovil-13-monument\/#primaryimage\"},\"image\":{\"@id\":\"https:\/\/www.welovecycling.com\/cs\/2026\/04\/27\/od-strachu-k-oslnive-vyhre-jak-pogacar-ulovil-13-monument\/#primaryimage\"},\"thumbnailUrl\":\"https:\/\/d2p6e6u75xmxt8.cloudfront.net\/13\/2026\/04\/profimedia-1094583236.webp\",\"datePublished\":\"2026-04-27T07:11:43+00:00\",\"dateModified\":\"2026-04-27T08:08:44+00:00\",\"author\":{\"@id\":\"https:\/\/www.welovecycling.com\/cs\/#\/schema\/person\/d9eeb0a378f3a7e4a6d12d2b536b04b8\"},\"description\":\"A\u010d \u00favod \\\"prospal\\\", stejn\u011b byl c\u00edlov\u00fd sc\u00e9n\u00e1\u0159 podle jeho p\u0159edstav. Tadej Poga\u010dar z UAE Emirates XRG slav\u00ed triumf z Lutych-Bastogne-Lutych. Jde o t\u0159in\u00e1ct\u00e9 prvenstv\u00ed slovinsk\u00e9ho cyklisty na n\u011bkter\u00e9m z Monument\u016f, p\u011bti nejv\u00fdznamn\u011bj\u0161\u00edch jarn\u00edch klasik\u00e1ch.\",\"inLanguage\":\"cs\",\"potentialAction\":[{\"@type\":\"ReadAction\",\"target\":[\"https:\/\/www.welovecycling.com\/cs\/2026\/04\/27\/od-strachu-k-oslnive-vyhre-jak-pogacar-ulovil-13-monument\/\"]}]},{\"@type\":\"ImageObject\",\"inLanguage\":\"cs\",\"@id\":\"https:\/\/www.welovecycling.com\/cs\/2026\/04\/27\/od-strachu-k-oslnive-vyhre-jak-pogacar-ulovil-13-monument\/#primaryimage\",\"url\":\"https:\/\/d2p6e6u75xmxt8.cloudfront.net\/13\/2026\/04\/profimedia-1094583236.webp\",\"contentUrl\":\"https:\/\/d2p6e6u75xmxt8.cloudfront.net\/13\/2026\/04\/profimedia-1094583236.webp\",\"width\":1800,\"height\":1200,\"caption\":\"Tadej Poga\u010dar Lutych-Bastogne-Lutych 2026\"},{\"@type\":\"WebSite\",\"@id\":\"https:\/\/www.welovecycling.com\/cs\/#website\",\"url\":\"https:\/\/www.welovecycling.com\/cs\/\",\"name\":\"\u0160koda We Love Cycling - \u010cesk\u00e1 republika\",\"description\":\"WeLoveCycling.cz je online magaz\u00edn, kter\u00fd v\u00e1m pravideln\u011b p\u0159in\u00e1\u0161\u00ed rady a tipy, zaj\u00edmav\u00e9 \u010dl\u00e1nky, videa a jedine\u010dn\u00e9 report\u00e1\u017ee ze sv\u011bta cyklistiky.\",\"potentialAction\":[{\"@type\":\"SearchAction\",\"target\":{\"@type\":\"EntryPoint\",\"urlTemplate\":\"https:\/\/www.welovecycling.com\/cs\/?s={search_term_string}\"},\"query-input\":{\"@type\":\"PropertyValueSpecification\",\"valueRequired\":true,\"valueName\":\"search_term_string\"}}],\"inLanguage\":\"cs\"},{\"@type\":\"Person\",\"@id\":\"https:\/\/www.welovecycling.com\/cs\/#\/schema\/person\/d9eeb0a378f3a7e4a6d12d2b536b04b8\",\"name\":\"radekmalina\",\"image\":{\"@type\":\"ImageObject\",\"inLanguage\":\"cs\",\"@id\":\"https:\/\/www.welovecycling.com\/cs\/#\/schema\/person\/image\/\",\"url\":\"https:\/\/secure.gravatar.com\/avatar\/66994b632cb8c39a46b9f54afa3ae07201b678d32a54275b6f1c9ffec356bfc0?s=96&d=mm&r=g\",\"contentUrl\":\"https:\/\/secure.gravatar.com\/avatar\/66994b632cb8c39a46b9f54afa3ae07201b678d32a54275b6f1c9ffec356bfc0?s=96&d=mm&r=g\",\"caption\":\"radekmalina\"},\"url\":\"https:\/\/www.welovecycling.com\/cs\/author\/radekmalina\/\"}]}<\/script>\n<!-- \/ Yoast SEO Premium plugin. -->","yoast_head_json":{"title":"Od strachu k oslniv\u00e9 v\u00fdh\u0159e. Jak Poga\u010dar ulovil 13. Monument? | \u0160koda We Love Cycling - \u010cesk\u00e1 republika","description":"A\u010d \u00favod \"prospal\", stejn\u011b byl c\u00edlov\u00fd sc\u00e9n\u00e1\u0159 podle jeho p\u0159edstav. Tadej Poga\u010dar z UAE Emirates XRG slav\u00ed triumf z Lutych-Bastogne-Lutych. Jde o t\u0159in\u00e1ct\u00e9 prvenstv\u00ed slovinsk\u00e9ho cyklisty na n\u011bkter\u00e9m z Monument\u016f, p\u011bti nejv\u00fdznamn\u011bj\u0161\u00edch jarn\u00edch klasik\u00e1ch.","robots":{"index":"index","follow":"follow","max-snippet":"max-snippet:-1","max-image-preview":"max-image-preview:large","max-video-preview":"max-video-preview:-1"},"canonical":"https:\/\/www.welovecycling.com\/cs\/2026\/04\/27\/od-strachu-k-oslnive-vyhre-jak-pogacar-ulovil-13-monument\/","og_locale":"cs_CZ","og_type":"article","og_title":"Od strachu k oslniv\u00e9 v\u00fdh\u0159e. Jak Poga\u010dar ulovil 13. Monument?","og_description":"A\u010d \u00favod \"prospal\", stejn\u011b byl c\u00edlov\u00fd sc\u00e9n\u00e1\u0159 podle jeho p\u0159edstav. Tadej Poga\u010dar z UAE Emirates XRG slav\u00ed triumf z Lutych-Bastogne-Lutych. Jde o t\u0159in\u00e1ct\u00e9 prvenstv\u00ed slovinsk\u00e9ho cyklisty na n\u011bkter\u00e9m z Monument\u016f, p\u011bti nejv\u00fdznamn\u011bj\u0161\u00edch jarn\u00edch klasik\u00e1ch.","og_url":"https:\/\/www.welovecycling.com\/cs\/2026\/04\/27\/od-strachu-k-oslnive-vyhre-jak-pogacar-ulovil-13-monument\/","og_site_name":"\u0160koda We Love Cycling - \u010cesk\u00e1 republika","article_published_time":"2026-04-27T07:11:43+00:00","article_modified_time":"2026-04-27T08:08:44+00:00","og_image":[{"width":1800,"height":1200,"url":"https:\/\/d2p6e6u75xmxt8.cloudfront.net\/13\/2026\/04\/profimedia-1094583236.webp","type":"image\/webp"}],"author":"radekmalina","twitter_card":"summary_large_image","twitter_misc":{"Written by":"We Love Cycling","Est. reading time":"6"},"schema":{"@context":"https:\/\/schema.org","@graph":[{"@type":"WebPage","@id":"https:\/\/www.welovecycling.com\/cs\/2026\/04\/27\/od-strachu-k-oslnive-vyhre-jak-pogacar-ulovil-13-monument\/","url":"https:\/\/www.welovecycling.com\/cs\/2026\/04\/27\/od-strachu-k-oslnive-vyhre-jak-pogacar-ulovil-13-monument\/","name":"Od strachu k oslniv\u00e9 v\u00fdh\u0159e. Jak Poga\u010dar ulovil 13. Monument? | \u0160koda We Love Cycling - \u010cesk\u00e1 republika","isPartOf":{"@id":"https:\/\/www.welovecycling.com\/cs\/#website"},"primaryImageOfPage":{"@id":"https:\/\/www.welovecycling.com\/cs\/2026\/04\/27\/od-strachu-k-oslnive-vyhre-jak-pogacar-ulovil-13-monument\/#primaryimage"},"image":{"@id":"https:\/\/www.welovecycling.com\/cs\/2026\/04\/27\/od-strachu-k-oslnive-vyhre-jak-pogacar-ulovil-13-monument\/#primaryimage"},"thumbnailUrl":"https:\/\/d2p6e6u75xmxt8.cloudfront.net\/13\/2026\/04\/profimedia-1094583236.webp","datePublished":"2026-04-27T07:11:43+00:00","dateModified":"2026-04-27T08:08:44+00:00","author":{"@id":"https:\/\/www.welovecycling.com\/cs\/#\/schema\/person\/d9eeb0a378f3a7e4a6d12d2b536b04b8"},"description":"A\u010d \u00favod \"prospal\", stejn\u011b byl c\u00edlov\u00fd sc\u00e9n\u00e1\u0159 podle jeho p\u0159edstav. Tadej Poga\u010dar z UAE Emirates XRG slav\u00ed triumf z Lutych-Bastogne-Lutych. Jde o t\u0159in\u00e1ct\u00e9 prvenstv\u00ed slovinsk\u00e9ho cyklisty na n\u011bkter\u00e9m z Monument\u016f, p\u011bti nejv\u00fdznamn\u011bj\u0161\u00edch jarn\u00edch klasik\u00e1ch.","inLanguage":"cs","potentialAction":[{"@type":"ReadAction","target":["https:\/\/www.welovecycling.com\/cs\/2026\/04\/27\/od-strachu-k-oslnive-vyhre-jak-pogacar-ulovil-13-monument\/"]}]},{"@type":"ImageObject","inLanguage":"cs","@id":"https:\/\/www.welovecycling.com\/cs\/2026\/04\/27\/od-strachu-k-oslnive-vyhre-jak-pogacar-ulovil-13-monument\/#primaryimage","url":"https:\/\/d2p6e6u75xmxt8.cloudfront.net\/13\/2026\/04\/profimedia-1094583236.webp","contentUrl":"https:\/\/d2p6e6u75xmxt8.cloudfront.net\/13\/2026\/04\/profimedia-1094583236.webp","width":1800,"height":1200,"caption":"Tadej Poga\u010dar Lutych-Bastogne-Lutych 2026"},{"@type":"WebSite","@id":"https:\/\/www.welovecycling.com\/cs\/#website","url":"https:\/\/www.welovecycling.com\/cs\/","name":"\u0160koda We Love Cycling - \u010cesk\u00e1 republika","description":"WeLoveCycling.cz je online magaz\u00edn, kter\u00fd v\u00e1m pravideln\u011b p\u0159in\u00e1\u0161\u00ed rady a tipy, zaj\u00edmav\u00e9 \u010dl\u00e1nky, videa a jedine\u010dn\u00e9 report\u00e1\u017ee ze sv\u011bta cyklistiky.","potentialAction":[{"@type":"SearchAction","target":{"@type":"EntryPoint","urlTemplate":"https:\/\/www.welovecycling.com\/cs\/?s={search_term_string}"},"query-input":{"@type":"PropertyValueSpecification","valueRequired":true,"valueName":"search_term_string"}}],"inLanguage":"cs"},{"@type":"Person","@id":"https:\/\/www.welovecycling.com\/cs\/#\/schema\/person\/d9eeb0a378f3a7e4a6d12d2b536b04b8","name":"radekmalina","image":{"@type":"ImageObject","inLanguage":"cs","@id":"https:\/\/www.welovecycling.com\/cs\/#\/schema\/person\/image\/","url":"https:\/\/secure.gravatar.com\/avatar\/66994b632cb8c39a46b9f54afa3ae07201b678d32a54275b6f1c9ffec356bfc0?s=96&d=mm&r=g","contentUrl":"https:\/\/secure.gravatar.com\/avatar\/66994b632cb8c39a46b9f54afa3ae07201b678d32a54275b6f1c9ffec356bfc0?s=96&d=mm&r=g","caption":"radekmalina"},"url":"https:\/\/www.welovecycling.com\/cs\/author\/radekmalina\/"}]}},"_links":{"self":[{"href":"https:\/\/www.welovecycling.com\/cs\/wp-json\/wp\/v2\/posts\/33282","targetHints":{"allow":["GET"]}}],"collection":[{"href":"https:\/\/www.welovecycling.com\/cs\/wp-json\/wp\/v2\/posts"}],"about":[{"href":"https:\/\/www.welovecycling.com\/cs\/wp-json\/wp\/v2\/types\/post"}],"author":[{"embeddable":true,"href":"https:\/\/www.welovecycling.com\/cs\/wp-json\/wp\/v2\/users\/138"}],"replies":[{"embeddable":true,"href":"https:\/\/www.welovecycling.com\/cs\/wp-json\/wp\/v2\/comments?post=33282"}],"version-history":[{"count":3,"href":"https:\/\/www.welovecycling.com\/cs\/wp-json\/wp\/v2\/posts\/33282\/revisions"}],"predecessor-version":[{"id":33292,"href":"https:\/\/www.welovecycling.com\/cs\/wp-json\/wp\/v2\/posts\/33282\/revisions\/33292"}],"wp:featuredmedia":[{"embeddable":true,"href":"https:\/\/www.welovecycling.com\/cs\/wp-json\/wp\/v2\/media\/33283"}],"wp:attachment":[{"href":"https:\/\/www.welovecycling.com\/cs\/wp-json\/wp\/v2\/media?parent=33282"}],"wp:term":[{"taxonomy":"category","embeddable":true,"href":"https:\/\/www.welovecycling.com\/cs\/wp-json\/wp\/v2\/categories?post=33282"},{"taxonomy":"post_tag","embeddable":true,"href":"https:\/\/www.welovecycling.com\/cs\/wp-json\/wp\/v2\/tags?post=33282"},{"taxonomy":"global-categories","embeddable":true,"href":"https:\/\/www.welovecycling.com\/cs\/wp-json\/wp\/v2\/global-categories?post=33282"}],"curies":[{"name":"wp","href":"https:\/\/api.w.org\/{rel}","templated":true}]}}