{"id":33146,"date":"2026-04-19T13:13:45","date_gmt":"2026-04-19T11:13:45","guid":{"rendered":"https:\/\/www.welovecycling.com\/cs\/?p=33146"},"modified":"2026-04-19T20:00:56","modified_gmt":"2026-04-19T18:00:56","slug":"cink-slavil-i-pres-treninkovy-vypadek","status":"publish","type":"post","link":"https:\/\/www.welovecycling.com\/cs\/2026\/04\/19\/cink-slavil-i-pres-treninkovy-vypadek\/","title":{"rendered":"Cink slavil prvn\u00ed v\u00fdhru i p\u0159es tr\u00e9ninkov\u00fd v\u00fdpadek"},"content":{"rendered":"<p><strong>Ond\u0159ej Cink v dresu t\u00fdmu Cube Factory ovl\u00e1dl \u00favodn\u00ed d\u011bjstv\u00ed \u010cesk\u00e9ho poh\u00e1ru v cross country, kter\u00fd se v sobotu uskute\u010dnil v Tou\u0161kov\u011b. Mezi elitou \u017een byla nejlep\u0161\u00ed z \u010desk\u00fdch z\u00e1vodnic na t\u0159et\u00ed pozici Ad\u00e9la Holubov\u00e1.<\/strong><\/p>\n<p>&#8222;M\u011bl jsem \u010dtrn\u00e1ct dn\u016f v\u00fdpadek z tr\u00e9ninku kv\u016fli nemoci. Zima byla skv\u011bl\u00e1, tak\u017ee m\u011b moc mrzelo, jak se v\u0161e pokazilo. Teprve v t\u00fddnu p\u0159ed z\u00e1vodem jsem se v p\u0159\u00edprav\u011b vr\u00e1til k intenzit\u00e1m. Nohy byly p\u0159ed z\u00e1vodem docela unaven\u00e9 a mus\u00edm p\u0159iznat, \u017ee jsem byl nerv\u00f3zn\u00ed,&#8220; vypr\u00e1v\u011bl Ond\u0159ej Cink v okam\u017eiku, kdy si vychutnal v\u00edt\u011bzstv\u00ed na obl\u00edben\u00e9 trati.<\/p>\n<figure id=\"attachment_33149\" aria-describedby=\"caption-attachment-33149\" style=\"width: 1920px\" class=\"wp-caption alignnone\"><a href=\"https:\/\/d2p6e6u75xmxt8.cloudfront.net\/13\/2026\/04\/CR312649.webp\"><img loading=\"lazy\" decoding=\"async\" class=\"size-extra-large wp-image-33149\" src=\"https:\/\/d2p6e6u75xmxt8.cloudfront.net\/13\/2026\/04\/CR312649-1920x1280.webp\" alt=\"\" width=\"1920\" height=\"1280\" srcset=\"https:\/\/d2p6e6u75xmxt8.cloudfront.net\/13\/2026\/04\/CR312649-1920x1280.webp 1920w, https:\/\/d2p6e6u75xmxt8.cloudfront.net\/13\/2026\/04\/CR312649-300x200.webp 300w, https:\/\/d2p6e6u75xmxt8.cloudfront.net\/13\/2026\/04\/CR312649-1024x683.webp 1024w, https:\/\/d2p6e6u75xmxt8.cloudfront.net\/13\/2026\/04\/CR312649-768x512.webp 768w, https:\/\/d2p6e6u75xmxt8.cloudfront.net\/13\/2026\/04\/CR312649-1536x1024.webp 1536w, https:\/\/d2p6e6u75xmxt8.cloudfront.net\/13\/2026\/04\/CR312649-400x267.webp 400w, https:\/\/d2p6e6u75xmxt8.cloudfront.net\/13\/2026\/04\/CR312649-272x182.webp 272w, https:\/\/d2p6e6u75xmxt8.cloudfront.net\/13\/2026\/04\/CR312649.webp 2048w, https:\/\/d2p6e6u75xmxt8.cloudfront.net\/13\/2026\/04\/CR312649-1920x1280.webp 1920w\" sizes=\"auto, (max-width: 1920px) 100vw, 1920px\" \/><\/a><figcaption id=\"caption-attachment-33149\" class=\"wp-caption-text\"><em>Ond\u0159ej Cink na trati \u00favodn\u00edho d\u011bjstv\u00ed \u010cesk\u00e9ho poh\u00e1ru v cross country v Tou\u0161kov\u011b. Foto: Pavel K\u0159ikava\/\u010cSC (3x)<\/em><\/figcaption><\/figure>\n<p>&#8222;Otestoval jsem kluky n\u00e1stupem hned v \u00favodn\u00edm kole, ale v\u0161ichni se zd\u00e1li v pohod\u011b. Sv\u011bsil jsem tud\u00ed\u017e nohy a \u010dekal, jestli n\u011bco zkus\u00ed vymyslet soupe\u0159i,&#8220; vykl\u00e1dal zku\u0161en\u00fd <a href=\"https:\/\/www.welovecycling.com\/cs\/2025\/12\/09\/i-ledove-lazne-jsou-cestou-k-uspechu-co-na-ne-rika-zena-ceske-hvezdy\/\">\u010desk\u00fd reprezentant<\/a>.<\/p>\n<p>&#8222;Zejm\u00e9na Patrik \u010cern\u00fd jel moc p\u011bkn\u011b a j\u00e1 u\u017e jsem chvilkami myslel, \u017ee na v\u00fdhru nedos\u00e1hnu. Kolo a p\u016fl jsem musel jet tot\u00e1ln\u00ed hranu, abych si vybudoval n\u00e1skok. Moc m\u011b t\u011b\u0161\u00ed, jak bojoval, proto\u017ee div\u00e1ci alespo\u0148 vid\u011bli zaj\u00edmav\u00fd z\u00e1vod,&#8220; p\u0159em\u00edtal Ond\u0159ej Cink po z\u00e1vod\u011b dlouh\u00e9m 28,7 km, kter\u00e9 projel pr\u016fm\u011brnou rychlostn\u00ed 19,92 kilometr\u016f v hodin\u011b.<\/p>\n<p>Mezi \u017eenami byla v Tou\u0161kov\u011b nejlep\u0161\u00ed z \u010desk\u00fdch z\u00e1stupky\u0148 Ad\u00e9la Holubov\u00e1. V\u00edt\u011bzstv\u00ed slavila p\u011btat\u0159icetilet\u00e1 Anne Terpstra z Nizozemska. Bikera t\u00fdmu Rouvy na bronzov\u00e9 pozici ztratila lehce p\u0159es \u010dty\u0159i minuty. Na \u010dtvrtou Terezu Tvar\u016f\u017ekovu z formace \u010cesk\u00e1 Spo\u0159itelna &#8211; Accolade m\u011bla k dobru t\u00e9m\u011b\u0159 p\u016fl minuty.<\/p>\n<figure id=\"attachment_33151\" aria-describedby=\"caption-attachment-33151\" style=\"width: 1920px\" class=\"wp-caption alignnone\"><a href=\"https:\/\/d2p6e6u75xmxt8.cloudfront.net\/13\/2026\/04\/CR310106.webp\"><img loading=\"lazy\" decoding=\"async\" class=\"size-extra-large wp-image-33151\" src=\"https:\/\/d2p6e6u75xmxt8.cloudfront.net\/13\/2026\/04\/CR310106-1920x1280.webp\" alt=\"\" width=\"1920\" height=\"1280\" srcset=\"https:\/\/d2p6e6u75xmxt8.cloudfront.net\/13\/2026\/04\/CR310106-1920x1280.webp 1920w, https:\/\/d2p6e6u75xmxt8.cloudfront.net\/13\/2026\/04\/CR310106-300x200.webp 300w, https:\/\/d2p6e6u75xmxt8.cloudfront.net\/13\/2026\/04\/CR310106-1024x683.webp 1024w, https:\/\/d2p6e6u75xmxt8.cloudfront.net\/13\/2026\/04\/CR310106-768x512.webp 768w, https:\/\/d2p6e6u75xmxt8.cloudfront.net\/13\/2026\/04\/CR310106-1536x1024.webp 1536w, https:\/\/d2p6e6u75xmxt8.cloudfront.net\/13\/2026\/04\/CR310106-400x267.webp 400w, https:\/\/d2p6e6u75xmxt8.cloudfront.net\/13\/2026\/04\/CR310106-272x182.webp 272w, https:\/\/d2p6e6u75xmxt8.cloudfront.net\/13\/2026\/04\/CR310106.webp 2048w, https:\/\/d2p6e6u75xmxt8.cloudfront.net\/13\/2026\/04\/CR310106-1920x1280.webp 1920w\" sizes=\"auto, (max-width: 1920px) 100vw, 1920px\" \/><\/a><figcaption id=\"caption-attachment-33151\" class=\"wp-caption-text\"><em>Ad\u00e9la Holubov\u00e1 dojela v Tou\u0161kov\u011b t\u0159et\u00ed p\u0159i \u00favodn\u00edm d\u011bjstv\u00ed \u010cesk\u00e9ho poh\u00e1ru v cross country. Byla nejlep\u0161\u00ed z \u010desk\u00fdch z\u00e1vodnic.<\/em><\/figcaption><\/figure>\n<p>&#8222;\u00davod se jel opravdu na hran\u011b. V\u011bd\u011bla jsem, \u017ee bych na \u010dele v takov\u00e9 rychlosti \u0161est kol nevydr\u017eela. Tak\u017ee jsem si zvolnila do sv\u00e9ho tempa a jela si podle sebe. Moc dob\u0159e jsem v\u011bd\u011bla, \u017ee Terka Tvar\u016f\u017ekov\u00e1 je kousek za mnou. Nedop\u0159\u00e1la mi prostor na odpo\u010dinek absolutn\u011b nikde. Hodn\u011b m\u011b prohnala. Nutilo m\u011b to jet a\u017e do konce,&#8220; popisovala z\u00e1vod Ad\u00e9la Holubov\u00e1.<\/p>\n<p>Mezi juniorkami slavila v\u00edt\u011bzstv\u00ed Barbora Bukovsk\u00e1 z DK Bikeshop Racing t\u00fdmu, kter\u00e1 byla v c\u00edli t\u00e9m\u011b\u0159 o minutu rychleji ne\u017e Lucie Grohov\u00e1 z pra\u017esk\u00e9 Dukly.<\/p>\n<p>&#8222;V \u00favodu jsem jela hodn\u011b ost\u0159e. V n\u00e1jezdu do druh\u00e9ho kola jsem zkusila v prostoru startu nastoupit a n\u00e1sledn\u011b jsem si dr\u017eela odstup a\u017e do c\u00edle. Tra\u0165 v Tou\u0161kov\u011b pat\u0159\u00ed mezi moje obl\u00edben\u00e9, tak\u017ee jsem si z\u00e1vod par\u00e1dn\u011b u\u017eila,&#8220; \u0159\u00edkala Barbora Bukovsk\u00e1 po z\u00e1vod\u011b \u010cesk\u00e9ho poh\u00e1ru, jeho\u017e partnerem je \u0160koda Auto.<\/p>\n<p><strong>\u010cP cross country v Tou\u0161kov\u011b\u00a0 &#8211; mu\u017ei:<\/strong> 1. Cink (Cube Factory) 1:26:28 hod., 2. \u010cern\u00fd (Expres CZ Elmtrade Kol\u00edn) +1:01 min., 3. Zatloukal (Nutrend Specialized) +1:24 min. <strong>\u017deny<\/strong>: 1. Terpstra (Niz.\/Lapierre PXR) 1:25:20 hod., 2. Schrievers (N\u011bm.\/KMC Nukeproof) +1:08 min., 3. Holubov\u00e1 (\u010cR\/Rouvy) +4:09 min.<\/p>\n","protected":false},"excerpt":{"rendered":"<p>Ond\u0159ej Cink v dresu t\u00fdmu Cube Factory ovl\u00e1dl \u00favodn\u00ed d\u011bjstv\u00ed \u010cesk\u00e9ho poh\u00e1ru v cross country, kter\u00fd se v sobotu uskute\u010dnil [&hellip;]<\/p>\n","protected":false},"author":138,"featured_media":33152,"comment_status":"open","ping_status":"open","sticky":false,"template":"","format":"standard","meta":{"footnotes":""},"categories":[11],"tags":[1824,4025,138,157,126,56,205],"global-categories":[411],"class_list":["post-33146","post","type-post","status-publish","format-standard","has-post-thumbnail","hentry","category-horska-cyklistika","tag-adela-holubova","tag-barbora-bukovska","tag-cesky-pohar","tag-cross-country","tag-cyklistika","tag-horska-cyklistika","tag-ondrej-cink","global-categories-cycling"],"yoast_head":"<!-- This site is optimized with the Yoast SEO Premium plugin v25.3 (Yoast SEO v25.9) - https:\/\/yoast.com\/wordpress\/plugins\/seo\/ -->\n<title>Cink slavil prvn\u00ed v\u00fdhru i p\u0159es tr\u00e9ninkov\u00fd v\u00fdpadek | \u0160koda We Love Cycling - \u010cesk\u00e1 republika<\/title>\n<meta name=\"description\" content=\"Ond\u0159ej Cink v dresu t\u00fdmu Cube Factory ovl\u00e1dl \u00favodn\u00ed d\u011bjstv\u00ed \u010cesk\u00e9ho poh\u00e1ru v cross country, kter\u00fd se v sobotu uskute\u010dnil v Tou\u0161kov\u011b. Mezi elitou \u017een byla nejlep\u0161\u00ed z \u010desk\u00fdch z\u00e1vodnic na t\u0159et\u00ed pozici Ad\u00e9la Holubov\u00e1.\" \/>\n<meta name=\"robots\" content=\"index, follow, max-snippet:-1, max-image-preview:large, max-video-preview:-1\" \/>\n<link rel=\"canonical\" href=\"https:\/\/www.welovecycling.com\/cs\/2026\/04\/19\/cink-slavil-i-pres-treninkovy-vypadek\/\" \/>\n<meta property=\"og:locale\" content=\"cs_CZ\" \/>\n<meta property=\"og:type\" content=\"article\" \/>\n<meta property=\"og:title\" content=\"Cink slavil prvn\u00ed v\u00fdhru i p\u0159es tr\u00e9ninkov\u00fd v\u00fdpadek\" \/>\n<meta property=\"og:description\" content=\"Ond\u0159ej Cink v dresu t\u00fdmu Cube Factory ovl\u00e1dl \u00favodn\u00ed d\u011bjstv\u00ed \u010cesk\u00e9ho poh\u00e1ru v cross country, kter\u00fd se v sobotu uskute\u010dnil v Tou\u0161kov\u011b. Mezi elitou \u017een byla nejlep\u0161\u00ed z \u010desk\u00fdch z\u00e1vodnic na t\u0159et\u00ed pozici Ad\u00e9la Holubov\u00e1.\" \/>\n<meta property=\"og:url\" content=\"https:\/\/www.welovecycling.com\/cs\/2026\/04\/19\/cink-slavil-i-pres-treninkovy-vypadek\/\" \/>\n<meta property=\"og:site_name\" content=\"\u0160koda We Love Cycling - \u010cesk\u00e1 republika\" \/>\n<meta property=\"article:published_time\" content=\"2026-04-19T11:13:45+00:00\" \/>\n<meta property=\"article:modified_time\" content=\"2026-04-19T18:00:56+00:00\" \/>\n<meta property=\"og:image\" content=\"https:\/\/d2p6e6u75xmxt8.cloudfront.net\/13\/2026\/04\/CR312068.webp\" \/>\n\t<meta property=\"og:image:width\" content=\"2048\" \/>\n\t<meta property=\"og:image:height\" content=\"1365\" \/>\n\t<meta property=\"og:image:type\" content=\"image\/webp\" \/>\n<meta name=\"author\" content=\"radekmalina\" \/>\n<meta name=\"twitter:card\" content=\"summary_large_image\" \/>\n<meta name=\"twitter:label1\" content=\"Written by\" \/>\n\t<meta name=\"twitter:data1\" content=\"We Love Cycling\" \/>\n\t<meta name=\"twitter:label2\" content=\"Est. reading time\" \/>\n\t<meta name=\"twitter:data2\" content=\"5\" \/>\n<script type=\"application\/ld+json\" class=\"yoast-schema-graph\">{\"@context\":\"https:\/\/schema.org\",\"@graph\":[{\"@type\":\"WebPage\",\"@id\":\"https:\/\/www.welovecycling.com\/cs\/2026\/04\/19\/cink-slavil-i-pres-treninkovy-vypadek\/\",\"url\":\"https:\/\/www.welovecycling.com\/cs\/2026\/04\/19\/cink-slavil-i-pres-treninkovy-vypadek\/\",\"name\":\"Cink slavil prvn\u00ed v\u00fdhru i p\u0159es tr\u00e9ninkov\u00fd v\u00fdpadek | \u0160koda We Love Cycling - \u010cesk\u00e1 republika\",\"isPartOf\":{\"@id\":\"https:\/\/www.welovecycling.com\/cs\/#website\"},\"primaryImageOfPage\":{\"@id\":\"https:\/\/www.welovecycling.com\/cs\/2026\/04\/19\/cink-slavil-i-pres-treninkovy-vypadek\/#primaryimage\"},\"image\":{\"@id\":\"https:\/\/www.welovecycling.com\/cs\/2026\/04\/19\/cink-slavil-i-pres-treninkovy-vypadek\/#primaryimage\"},\"thumbnailUrl\":\"https:\/\/d2p6e6u75xmxt8.cloudfront.net\/13\/2026\/04\/CR312068.webp\",\"datePublished\":\"2026-04-19T11:13:45+00:00\",\"dateModified\":\"2026-04-19T18:00:56+00:00\",\"author\":{\"@id\":\"https:\/\/www.welovecycling.com\/cs\/#\/schema\/person\/d9eeb0a378f3a7e4a6d12d2b536b04b8\"},\"description\":\"Ond\u0159ej Cink v dresu t\u00fdmu Cube Factory ovl\u00e1dl \u00favodn\u00ed d\u011bjstv\u00ed \u010cesk\u00e9ho poh\u00e1ru v cross country, kter\u00fd se v sobotu uskute\u010dnil v Tou\u0161kov\u011b. Mezi elitou \u017een byla nejlep\u0161\u00ed z \u010desk\u00fdch z\u00e1vodnic na t\u0159et\u00ed pozici Ad\u00e9la Holubov\u00e1.\",\"inLanguage\":\"cs\",\"potentialAction\":[{\"@type\":\"ReadAction\",\"target\":[\"https:\/\/www.welovecycling.com\/cs\/2026\/04\/19\/cink-slavil-i-pres-treninkovy-vypadek\/\"]}]},{\"@type\":\"ImageObject\",\"inLanguage\":\"cs\",\"@id\":\"https:\/\/www.welovecycling.com\/cs\/2026\/04\/19\/cink-slavil-i-pres-treninkovy-vypadek\/#primaryimage\",\"url\":\"https:\/\/d2p6e6u75xmxt8.cloudfront.net\/13\/2026\/04\/CR312068.webp\",\"contentUrl\":\"https:\/\/d2p6e6u75xmxt8.cloudfront.net\/13\/2026\/04\/CR312068.webp\",\"width\":2048,\"height\":1365,\"caption\":\"Ond\u0159ej Cink\"},{\"@type\":\"WebSite\",\"@id\":\"https:\/\/www.welovecycling.com\/cs\/#website\",\"url\":\"https:\/\/www.welovecycling.com\/cs\/\",\"name\":\"\u0160koda We Love Cycling - \u010cesk\u00e1 republika\",\"description\":\"WeLoveCycling.cz je online magaz\u00edn, kter\u00fd v\u00e1m pravideln\u011b p\u0159in\u00e1\u0161\u00ed rady a tipy, zaj\u00edmav\u00e9 \u010dl\u00e1nky, videa a jedine\u010dn\u00e9 report\u00e1\u017ee ze sv\u011bta cyklistiky.\",\"potentialAction\":[{\"@type\":\"SearchAction\",\"target\":{\"@type\":\"EntryPoint\",\"urlTemplate\":\"https:\/\/www.welovecycling.com\/cs\/?s={search_term_string}\"},\"query-input\":{\"@type\":\"PropertyValueSpecification\",\"valueRequired\":true,\"valueName\":\"search_term_string\"}}],\"inLanguage\":\"cs\"},{\"@type\":\"Person\",\"@id\":\"https:\/\/www.welovecycling.com\/cs\/#\/schema\/person\/d9eeb0a378f3a7e4a6d12d2b536b04b8\",\"name\":\"radekmalina\",\"image\":{\"@type\":\"ImageObject\",\"inLanguage\":\"cs\",\"@id\":\"https:\/\/www.welovecycling.com\/cs\/#\/schema\/person\/image\/\",\"url\":\"https:\/\/secure.gravatar.com\/avatar\/66994b632cb8c39a46b9f54afa3ae07201b678d32a54275b6f1c9ffec356bfc0?s=96&d=mm&r=g\",\"contentUrl\":\"https:\/\/secure.gravatar.com\/avatar\/66994b632cb8c39a46b9f54afa3ae07201b678d32a54275b6f1c9ffec356bfc0?s=96&d=mm&r=g\",\"caption\":\"radekmalina\"},\"url\":\"https:\/\/www.welovecycling.com\/cs\/author\/radekmalina\/\"}]}<\/script>\n<!-- \/ Yoast SEO Premium plugin. -->","yoast_head_json":{"title":"Cink slavil prvn\u00ed v\u00fdhru i p\u0159es tr\u00e9ninkov\u00fd v\u00fdpadek | \u0160koda We Love Cycling - \u010cesk\u00e1 republika","description":"Ond\u0159ej Cink v dresu t\u00fdmu Cube Factory ovl\u00e1dl \u00favodn\u00ed d\u011bjstv\u00ed \u010cesk\u00e9ho poh\u00e1ru v cross country, kter\u00fd se v sobotu uskute\u010dnil v Tou\u0161kov\u011b. Mezi elitou \u017een byla nejlep\u0161\u00ed z \u010desk\u00fdch z\u00e1vodnic na t\u0159et\u00ed pozici Ad\u00e9la Holubov\u00e1.","robots":{"index":"index","follow":"follow","max-snippet":"max-snippet:-1","max-image-preview":"max-image-preview:large","max-video-preview":"max-video-preview:-1"},"canonical":"https:\/\/www.welovecycling.com\/cs\/2026\/04\/19\/cink-slavil-i-pres-treninkovy-vypadek\/","og_locale":"cs_CZ","og_type":"article","og_title":"Cink slavil prvn\u00ed v\u00fdhru i p\u0159es tr\u00e9ninkov\u00fd v\u00fdpadek","og_description":"Ond\u0159ej Cink v dresu t\u00fdmu Cube Factory ovl\u00e1dl \u00favodn\u00ed d\u011bjstv\u00ed \u010cesk\u00e9ho poh\u00e1ru v cross country, kter\u00fd se v sobotu uskute\u010dnil v Tou\u0161kov\u011b. Mezi elitou \u017een byla nejlep\u0161\u00ed z \u010desk\u00fdch z\u00e1vodnic na t\u0159et\u00ed pozici Ad\u00e9la Holubov\u00e1.","og_url":"https:\/\/www.welovecycling.com\/cs\/2026\/04\/19\/cink-slavil-i-pres-treninkovy-vypadek\/","og_site_name":"\u0160koda We Love Cycling - \u010cesk\u00e1 republika","article_published_time":"2026-04-19T11:13:45+00:00","article_modified_time":"2026-04-19T18:00:56+00:00","og_image":[{"width":2048,"height":1365,"url":"https:\/\/d2p6e6u75xmxt8.cloudfront.net\/13\/2026\/04\/CR312068.webp","type":"image\/webp"}],"author":"radekmalina","twitter_card":"summary_large_image","twitter_misc":{"Written by":"We Love Cycling","Est. reading time":"5"},"schema":{"@context":"https:\/\/schema.org","@graph":[{"@type":"WebPage","@id":"https:\/\/www.welovecycling.com\/cs\/2026\/04\/19\/cink-slavil-i-pres-treninkovy-vypadek\/","url":"https:\/\/www.welovecycling.com\/cs\/2026\/04\/19\/cink-slavil-i-pres-treninkovy-vypadek\/","name":"Cink slavil prvn\u00ed v\u00fdhru i p\u0159es tr\u00e9ninkov\u00fd v\u00fdpadek | \u0160koda We Love Cycling - \u010cesk\u00e1 republika","isPartOf":{"@id":"https:\/\/www.welovecycling.com\/cs\/#website"},"primaryImageOfPage":{"@id":"https:\/\/www.welovecycling.com\/cs\/2026\/04\/19\/cink-slavil-i-pres-treninkovy-vypadek\/#primaryimage"},"image":{"@id":"https:\/\/www.welovecycling.com\/cs\/2026\/04\/19\/cink-slavil-i-pres-treninkovy-vypadek\/#primaryimage"},"thumbnailUrl":"https:\/\/d2p6e6u75xmxt8.cloudfront.net\/13\/2026\/04\/CR312068.webp","datePublished":"2026-04-19T11:13:45+00:00","dateModified":"2026-04-19T18:00:56+00:00","author":{"@id":"https:\/\/www.welovecycling.com\/cs\/#\/schema\/person\/d9eeb0a378f3a7e4a6d12d2b536b04b8"},"description":"Ond\u0159ej Cink v dresu t\u00fdmu Cube Factory ovl\u00e1dl \u00favodn\u00ed d\u011bjstv\u00ed \u010cesk\u00e9ho poh\u00e1ru v cross country, kter\u00fd se v sobotu uskute\u010dnil v Tou\u0161kov\u011b. Mezi elitou \u017een byla nejlep\u0161\u00ed z \u010desk\u00fdch z\u00e1vodnic na t\u0159et\u00ed pozici Ad\u00e9la Holubov\u00e1.","inLanguage":"cs","potentialAction":[{"@type":"ReadAction","target":["https:\/\/www.welovecycling.com\/cs\/2026\/04\/19\/cink-slavil-i-pres-treninkovy-vypadek\/"]}]},{"@type":"ImageObject","inLanguage":"cs","@id":"https:\/\/www.welovecycling.com\/cs\/2026\/04\/19\/cink-slavil-i-pres-treninkovy-vypadek\/#primaryimage","url":"https:\/\/d2p6e6u75xmxt8.cloudfront.net\/13\/2026\/04\/CR312068.webp","contentUrl":"https:\/\/d2p6e6u75xmxt8.cloudfront.net\/13\/2026\/04\/CR312068.webp","width":2048,"height":1365,"caption":"Ond\u0159ej Cink"},{"@type":"WebSite","@id":"https:\/\/www.welovecycling.com\/cs\/#website","url":"https:\/\/www.welovecycling.com\/cs\/","name":"\u0160koda We Love Cycling - \u010cesk\u00e1 republika","description":"WeLoveCycling.cz je online magaz\u00edn, kter\u00fd v\u00e1m pravideln\u011b p\u0159in\u00e1\u0161\u00ed rady a tipy, zaj\u00edmav\u00e9 \u010dl\u00e1nky, videa a jedine\u010dn\u00e9 report\u00e1\u017ee ze sv\u011bta cyklistiky.","potentialAction":[{"@type":"SearchAction","target":{"@type":"EntryPoint","urlTemplate":"https:\/\/www.welovecycling.com\/cs\/?s={search_term_string}"},"query-input":{"@type":"PropertyValueSpecification","valueRequired":true,"valueName":"search_term_string"}}],"inLanguage":"cs"},{"@type":"Person","@id":"https:\/\/www.welovecycling.com\/cs\/#\/schema\/person\/d9eeb0a378f3a7e4a6d12d2b536b04b8","name":"radekmalina","image":{"@type":"ImageObject","inLanguage":"cs","@id":"https:\/\/www.welovecycling.com\/cs\/#\/schema\/person\/image\/","url":"https:\/\/secure.gravatar.com\/avatar\/66994b632cb8c39a46b9f54afa3ae07201b678d32a54275b6f1c9ffec356bfc0?s=96&d=mm&r=g","contentUrl":"https:\/\/secure.gravatar.com\/avatar\/66994b632cb8c39a46b9f54afa3ae07201b678d32a54275b6f1c9ffec356bfc0?s=96&d=mm&r=g","caption":"radekmalina"},"url":"https:\/\/www.welovecycling.com\/cs\/author\/radekmalina\/"}]}},"_links":{"self":[{"href":"https:\/\/www.welovecycling.com\/cs\/wp-json\/wp\/v2\/posts\/33146","targetHints":{"allow":["GET"]}}],"collection":[{"href":"https:\/\/www.welovecycling.com\/cs\/wp-json\/wp\/v2\/posts"}],"about":[{"href":"https:\/\/www.welovecycling.com\/cs\/wp-json\/wp\/v2\/types\/post"}],"author":[{"embeddable":true,"href":"https:\/\/www.welovecycling.com\/cs\/wp-json\/wp\/v2\/users\/138"}],"replies":[{"embeddable":true,"href":"https:\/\/www.welovecycling.com\/cs\/wp-json\/wp\/v2\/comments?post=33146"}],"version-history":[{"count":4,"href":"https:\/\/www.welovecycling.com\/cs\/wp-json\/wp\/v2\/posts\/33146\/revisions"}],"predecessor-version":[{"id":33156,"href":"https:\/\/www.welovecycling.com\/cs\/wp-json\/wp\/v2\/posts\/33146\/revisions\/33156"}],"wp:featuredmedia":[{"embeddable":true,"href":"https:\/\/www.welovecycling.com\/cs\/wp-json\/wp\/v2\/media\/33152"}],"wp:attachment":[{"href":"https:\/\/www.welovecycling.com\/cs\/wp-json\/wp\/v2\/media?parent=33146"}],"wp:term":[{"taxonomy":"category","embeddable":true,"href":"https:\/\/www.welovecycling.com\/cs\/wp-json\/wp\/v2\/categories?post=33146"},{"taxonomy":"post_tag","embeddable":true,"href":"https:\/\/www.welovecycling.com\/cs\/wp-json\/wp\/v2\/tags?post=33146"},{"taxonomy":"global-categories","embeddable":true,"href":"https:\/\/www.welovecycling.com\/cs\/wp-json\/wp\/v2\/global-categories?post=33146"}],"curies":[{"name":"wp","href":"https:\/\/api.w.org\/{rel}","templated":true}]}}