{"id":32834,"date":"2026-03-17T07:00:22","date_gmt":"2026-03-17T05:00:22","guid":{"rendered":"https:\/\/www.welovecycling.com\/cs\/?p=32834"},"modified":"2026-03-16T18:25:00","modified_gmt":"2026-03-16T16:25:00","slug":"jako-robin-hood-proc-dela-pogacar-charitu-potichu","status":"publish","type":"post","link":"https:\/\/www.welovecycling.com\/cs\/2026\/03\/17\/jako-robin-hood-proc-dela-pogacar-charitu-potichu\/","title":{"rendered":"Jako Robin Hood! Pro\u010d d\u011bl\u00e1 Poga\u010dar charitu potichu?"},"content":{"rendered":"<p><strong>Miliony pos\u00edl\u00e1 ro\u010dn\u011b Tadej Poga\u010dar, slovinsk\u00fd cyklista sestavy UAE Emirates XRG na charitu. Podporuje d\u011btsk\u00fd t\u00fdm. Zalo\u017eil nadaci, kter\u00e1 slou\u017e\u00ed na podporu lid\u00ed bojuj\u00edc\u00edch s rakovinou. A stejn\u011b \u010del\u00ed kritice kv\u016fli osobn\u00edm sponzor\u016fm, s nimi\u017e se paktuje. Pro\u010d?<\/strong><\/p>\n<p>&#8222;Poga\u010dar m\u00e1 velk\u00e9 srdce. Chce pom\u00e1hat lidem. U\u017e po prvn\u00edm v\u00edt\u011bzstv\u00ed na Tour de France 2020 se rozhodl zalo\u017eit t\u00fdm Pogi, kter\u00fd se zam\u011b\u0159uje na v\u00fdchovu nov\u00fdch cyklist\u016f v jeho rodn\u00e9m Slovinsku,&#8220; vysv\u011btluje Alex Carera, osobn\u00ed mana\u017eer Poga\u010dara a \u0161\u00e9f agentury A&amp;J ALL SPORTS SA, kter\u00e1 zastupuje i Mathiase Vacka.<\/p>\n<p>&#8222;Tadej m\u00e1 takov\u00fd kontrakt, \u017ee \u017e\u00e1dn\u00e9 osobn\u00ed sponzory nepot\u0159ebuje. Jen\u017ee on nepou\u017e\u00edv\u00e1 finance od vlastn\u00edch partner\u016f pro svoje pot\u0159eby. Investuje do generace nov\u00fdch sportovc\u016f. A do lid\u00ed, kte\u0159\u00ed je pot\u0159ebuj\u00ed v\u00edc, ne\u017e on. To je jeho priorita u\u017e od roku 2020,&#8220; \u0159\u00edk\u00e1 Alex Carera v rozhovoru pro sever Domestique.<\/p>\n<h2><strong>Zalo\u017eil t\u00fdmy pro d\u011bti a nadaci podporuj\u00edc\u00ed boj s rakovinou<\/strong><\/h2>\n<p>Slovinsk\u00fd fenom\u00e9n zalo\u017eil t\u00fdm Pogi pro za\u010d\u00ednaj\u00edc\u00ed slovinsk\u00e9 cyklisty. Je majitelem d\u00edv\u010d\u00edho cyklistick\u00e9ho t\u00fdmu Pika. Majitelem nadace Tadeje Poga\u010dara. Zalo\u017eil PogChamp Challenge a PogChamp Criterium.<\/p>\n<p>&#8222;Ka\u017ed\u00e1 iniciativa m\u00e1 za c\u00edl generovat finan\u010dn\u00ed prost\u0159edky pro d\u011btsk\u00e9 cyklisty a charitu. T\u00fdmu Pogi s\u00eddl\u00edc\u00edmu ve Slovinsku s v\u00edce ne\u017e dv\u011bma sty d\u011btsk\u00fdmi \u010dleny Poga\u010dar plat\u00ed cyklistick\u00e9 vybaven\u00ed jako jsou p\u0159ilby, dresy, tretry&#8230; Zkr\u00e1tka kompletn\u00ed sortiment pot\u0159ebn\u00fd k tr\u00e9nov\u00e1n\u00ed a z\u00e1vod\u011bn\u00ed. A pochopiteln\u011b plat\u00ed i zam\u011bstnance t\u00fdmu,&#8220; vysv\u011btluje mana\u017eer cyklistick\u00e9 superstar.<\/p>\n<p>S partnerkou Ur\u017ekou \u017digartovou, rovn\u011b\u017e profesion\u00e1ln\u00ed cyklistkou, zalo\u017eil p\u0159ed t\u0159emi lety Nadaci Tadeje Poga\u010dara, kter\u00e1 pom\u00e1h\u00e1 lidem bojuj\u00edc\u00edm s rakovinou. \u0160lo o reakci na okam\u017eik, kdy zem\u0159ela matka slovinsk\u00e9 cyklistky.<\/p>\n<blockquote class=\"instagram-media\" style=\"background: #FFF; border: 0; border-radius: 3px; box-shadow: 0 0 1px 0 rgba(0,0,0,0.5),0 1px 10px 0 rgba(0,0,0,0.15); margin: 1px; max-width: 540px; min-width: 326px; padding: 0; width: calc(100% - 2px);\" data-instgrm-captioned=\"\" data-instgrm-permalink=\"https:\/\/www.instagram.com\/p\/DV5UN7AiDYz\/?utm_source=ig_embed&amp;utm_campaign=loading\" data-instgrm-version=\"14\">\n<div style=\"padding: 16px;\">\n<p>&nbsp;<\/p>\n<div style=\"display: flex; flex-direction: row; align-items: center;\">\n<div style=\"background-color: #f4f4f4; border-radius: 50%; flex-grow: 0; height: 40px; margin-right: 14px; width: 40px;\"><\/div>\n<div style=\"display: flex; flex-direction: column; flex-grow: 1; justify-content: center;\">\n<div style=\"background-color: #f4f4f4; border-radius: 4px; flex-grow: 0; height: 14px; margin-bottom: 6px; width: 100px;\"><\/div>\n<div style=\"background-color: #f4f4f4; border-radius: 4px; flex-grow: 0; height: 14px; width: 60px;\"><\/div>\n<\/div>\n<\/div>\n<div style=\"padding: 19% 0;\"><\/div>\n<div style=\"display: block; height: 50px; margin: 0 auto 12px; width: 50px;\"><\/div>\n<div style=\"padding-top: 8px;\">\n<div style=\"color: #3897f0; font-family: Arial,sans-serif; font-size: 14px; font-style: normal; font-weight: 550; line-height: 18px;\">Zobrazit p\u0159\u00edsp\u011bvek na Instagramu<\/div>\n<\/div>\n<div style=\"padding: 12.5% 0;\"><\/div>\n<div style=\"display: flex; flex-direction: row; margin-bottom: 14px; align-items: center;\">\n<div>\n<div style=\"background-color: #f4f4f4; border-radius: 50%; height: 12.5px; width: 12.5px; transform: translateX(0px) translateY(7px);\"><\/div>\n<div style=\"background-color: #f4f4f4; height: 12.5px; transform: rotate(-45deg) translateX(3px) translateY(1px); width: 12.5px; flex-grow: 0; margin-right: 14px; margin-left: 2px;\"><\/div>\n<div style=\"background-color: #f4f4f4; border-radius: 50%; height: 12.5px; width: 12.5px; transform: translateX(9px) translateY(-18px);\"><\/div>\n<\/div>\n<div style=\"margin-left: 8px;\">\n<div style=\"background-color: #f4f4f4; border-radius: 50%; flex-grow: 0; height: 20px; width: 20px;\"><\/div>\n<div style=\"width: 0; height: 0; border-top: 2px solid transparent; border-left: 6px solid #f4f4f4; border-bottom: 2px solid transparent; transform: translateX(16px) translateY(-4px) rotate(30deg);\"><\/div>\n<\/div>\n<div style=\"margin-left: auto;\">\n<div style=\"width: 0px; border-top: 8px solid #F4F4F4; border-right: 8px solid transparent; transform: translateY(16px);\"><\/div>\n<div style=\"background-color: #f4f4f4; flex-grow: 0; height: 12px; width: 16px; transform: translateY(-4px);\"><\/div>\n<div style=\"width: 0; height: 0; border-top: 8px solid #F4F4F4; border-left: 8px solid transparent; transform: translateY(-4px) translateX(8px);\"><\/div>\n<\/div>\n<\/div>\n<div style=\"display: flex; flex-direction: column; flex-grow: 1; justify-content: center; margin-bottom: 24px;\">\n<div style=\"background-color: #f4f4f4; border-radius: 4px; flex-grow: 0; height: 14px; margin-bottom: 6px; width: 224px;\"><\/div>\n<div style=\"background-color: #f4f4f4; border-radius: 4px; flex-grow: 0; height: 14px; width: 144px;\"><\/div>\n<\/div>\n<p>&nbsp;<\/p>\n<p style=\"color: #c9c8cd; font-family: Arial,sans-serif; font-size: 14px; line-height: 17px; margin-bottom: 0; margin-top: 8px; overflow: hidden; padding: 8px 0 7px; text-align: center; text-overflow: ellipsis; white-space: nowrap;\"><a style=\"color: #c9c8cd; font-family: Arial,sans-serif; font-size: 14px; font-style: normal; font-weight: normal; line-height: 17px; text-decoration: none;\" href=\"https:\/\/www.instagram.com\/p\/DV5UN7AiDYz\/?utm_source=ig_embed&amp;utm_campaign=loading\" target=\"_blank\" rel=\"noopener\">P\u0159\u00edsp\u011bvek sd\u00edlen\u00fd Pogi Challenge (@pogi_challenge)<\/a><\/p>\n<\/div>\n<\/blockquote>\n<p><script async src=\"\/\/www.instagram.com\/embed.js\"><\/script>\u00a0Nyn\u00ed uzav\u0159el partnerstv\u00ed s kryptom\u011bnovou burzou KuCoin s\u00eddl\u00edc\u00ed na Seychel\u00e1ch, p\u016fvodn\u011b zalo\u017een\u00e9 v \u010c\u00edn\u011b p\u0159ed dev\u00edti lety. Nov\u00e9 partnerstv\u00ed vzbudilo velkou kritiku jindy velice pozitivn\u011b p\u0159ij\u00edman\u00e9ho \u0161ampiona.<\/p>\n<div class=\"shortcode-ys-post-pinup\"><article class=\"loop-simple post-32588 post type-post status-publish format-standard has-post-thumbnail hentry category-silnicni-cyklistika category-zdravi-a-trenink tag-cyklistika tag-jay-vine tag-silnicni-cyklistika tag-tadej-pogacar tag-trenink tag-treninkovy-plan tag-uae-emirates-xrg global-categories-cycling\" data-postid=\"32588\" role=\"article\" data-post-id=\"32588\" data-word-count=\"468\" data-headline-length=\"60\" data-category=\"Silni\u010dn\u00ed cyklistika\" data-global-category=\"Cycling\" data-author=\"Radek Malina\" data-published=\"2026-02-09T18:30:01+02:00\" data-published-day=\"Monday\">\n    <div class=\"entry-thumbnail article-thumbnail\" content=\"https:\/\/d2p6e6u75xmxt8.cloudfront.net\/13\/2025\/10\/profimedia-1044792242-150x150.webp\"><a href=\"https:\/\/www.welovecycling.com\/cs\/2026\/02\/09\/chcete-znat-treninkovy-plan-pogacara-a-jeho-partaku\/\" class=\"image-holder\" target=\"_self\"><img decoding=\"async\" loading=\"lazy\" class=\"\" src=\"https:\/\/d2p6e6u75xmxt8.cloudfront.net\/13\/2025\/10\/profimedia-1044792242-1024x682.webp\" srcset=\"https:\/\/d2p6e6u75xmxt8.cloudfront.net\/13\/2025\/10\/profimedia-1044792242.webp 1800w, https:\/\/d2p6e6u75xmxt8.cloudfront.net\/13\/2025\/10\/profimedia-1044792242-300x200.webp 300w, https:\/\/d2p6e6u75xmxt8.cloudfront.net\/13\/2025\/10\/profimedia-1044792242-1024x682.webp 1024w, https:\/\/d2p6e6u75xmxt8.cloudfront.net\/13\/2025\/10\/profimedia-1044792242-768x512.webp 768w, https:\/\/d2p6e6u75xmxt8.cloudfront.net\/13\/2025\/10\/profimedia-1044792242-1536x1023.webp 1536w, https:\/\/d2p6e6u75xmxt8.cloudfront.net\/13\/2025\/10\/profimedia-1044792242-400x266.webp 400w, https:\/\/d2p6e6u75xmxt8.cloudfront.net\/13\/2025\/10\/profimedia-1044792242-272x182.webp 272w\" width=\"1024\" height=\"682\" sizes=\"auto, (min-width: 1200px) 300px, (min-width: 768px) 25vw, 100vw\" alt=\"chcete-znat-treninkovy-plan-pogacara-a-jeho-partaku\"\/><\/a><\/div>    <div class=\"entry-meta\">\n        <a class=\"label label-secondary post-category\" href=\"https:\/\/www.welovecycling.com\/cs\/category\/silnicni-cyklistika\/\" title=\"Silni\u010dn\u00ed cyklistika\">Silni\u010dn\u00ed cyklistika<\/a>\n    <\/div>\n    <div class=\"entry-details\">\n        <a href=\"https:\/\/www.welovecycling.com\/cs\/2026\/02\/09\/chcete-znat-treninkovy-plan-pogacara-a-jeho-partaku\/\" class='entry-title-wrapper'>\n            <h3 class=\"entry-title\"><span>Chcete zn\u00e1t tr\u00e9ninkov\u00fd pl\u00e1n Poga\u010dara a jeho par\u0165\u00e1k\u016f?<\/span><\/h3>\n        <\/a>\n    <\/div>\n    <\/article>\n<\/div>\n<p>&#8222;Spole\u010dnosti zab\u00fdvaj\u00edc\u00ed se kryptom\u011bnami p\u016fsob\u00ed v NBA, fotbalov\u00fdch lig\u00e1ch a n\u011bjakou dobu u\u017e rovn\u011b\u017e v cyklistice. P\u0159ed t\u0159iceti lety bylo v na\u0161em sportu mnoho sponzor\u016f ze sv\u011bta tab\u00e1kov\u00e9ho pr\u016fmyslu \u010di zna\u010dky prod\u00e1vaj\u00edc\u00ed alkohol. Nav\u00edc KuCoin nen\u00ed prvn\u00ed firma zab\u00fdvaj\u00edc\u00ed se kryptem, co vstoupila do cyklistiky,&#8220; upozor\u0148uje mana\u017eer cyklisty.<\/p>\n<p>&#8222;P\u0159ijde mi nef\u00e9r, kdy\u017e lid\u00e9 kritizuj\u00ed m\u00e9ho klienta, proto\u017ee uzav\u0159el sponzorsk\u00fd kontrakt. Kdyby vzal pen\u00edze ze smlouvy a utratil je za n\u00e1kup nov\u00e9ho auta, nem\u011bl bych s v\u00fdtkami ze strany ve\u0159ejnosti probl\u00e9m. Ale vad\u00ed mi, \u017ee ho napadaj\u00ed kv\u016fli dobr\u00e9mu srdci,&#8220; zlob\u00ed se Alex Carera.<\/p>\n<h2><strong>Poga\u010dar se nechce chlubit dobr\u00fdm srdcem ve\u0159ejn\u011b<\/strong><\/h2>\n<p>Pro chov\u00e1n\u00ed sv\u00e9ho <a href=\"https:\/\/www.welovecycling.com\/cs\/2025\/09\/11\/pogacar-bojujici-s-draky-volno-jsem-si-uzil-smeje-se-slovinec\/\">klienta<\/a> m\u00e1 specifick\u00e9 p\u0159irovn\u00e1n\u00ed. &#8222;Tadej Poga\u010dar vezme pen\u00edze ze smlouvy a investuje je do lid\u00ed v nouzi. Pokud by finance nep\u0159ijal, k pot\u0159ebn\u00fdm by se nedostalo v\u016fbec nic. Je trochu jako Robin Hood,&#8220; tvrd\u00ed Alex Carera.<\/p>\n<figure id=\"attachment_29489\" aria-describedby=\"caption-attachment-29489\" style=\"width: 1800px\" class=\"wp-caption alignnone\"><a href=\"https:\/\/d2p6e6u75xmxt8.cloudfront.net\/13\/2025\/06\/profimedia-1011047568.webp\"><img loading=\"lazy\" decoding=\"async\" class=\"size-full wp-image-29489\" src=\"https:\/\/d2p6e6u75xmxt8.cloudfront.net\/13\/2025\/06\/profimedia-1011047568.webp\" alt=\"Cyklista\" width=\"1800\" height=\"1200\" srcset=\"https:\/\/d2p6e6u75xmxt8.cloudfront.net\/13\/2025\/06\/profimedia-1011047568.webp 1800w, https:\/\/d2p6e6u75xmxt8.cloudfront.net\/13\/2025\/06\/profimedia-1011047568-300x200.webp 300w, https:\/\/d2p6e6u75xmxt8.cloudfront.net\/13\/2025\/06\/profimedia-1011047568-1024x683.webp 1024w, https:\/\/d2p6e6u75xmxt8.cloudfront.net\/13\/2025\/06\/profimedia-1011047568-768x512.webp 768w, https:\/\/d2p6e6u75xmxt8.cloudfront.net\/13\/2025\/06\/profimedia-1011047568-1536x1024.webp 1536w, https:\/\/d2p6e6u75xmxt8.cloudfront.net\/13\/2025\/06\/profimedia-1011047568-400x267.webp 400w, https:\/\/d2p6e6u75xmxt8.cloudfront.net\/13\/2025\/06\/profimedia-1011047568-272x182.webp 272w\" sizes=\"auto, (max-width: 1800px) 100vw, 1800px\" \/><\/a><figcaption id=\"caption-attachment-29489\" class=\"wp-caption-text\"><em>Tadej Poga\u010dar je \u010dty\u0159n\u00e1sobn\u00fdm \u0161ampionem Tour de France.<\/em><\/figcaption><\/figure>\n<p>&#8222;Lid\u00e9 \u010dasto vyslovuj\u00ed kritiku a p\u0159itom neznaj\u00ed cel\u00fd p\u0159\u00edb\u011bh. Tadej nikde nevyk\u0159ikuje, co s pen\u011bzi d\u011bl\u00e1. Je p\u0159esv\u011bd\u010den\u00fd, \u017ee charita by se m\u011bla d\u011blat potichu. Proto\u017ee kdy\u017e za\u010dnete rozhla\u0161ovat, \u017ee se v\u011bnujete dobro\u010dinnosti, stejn\u011b v\u00e1s ve\u0159ejnost kritizuje s tvrzen\u00edm, \u017ee chcete jen vypadat jako dobr\u00fd \u010dlov\u011bk,&#8220; kr\u010d\u00ed rameny Alex Carera, kter\u00fd zastupuje slovinskou celebritu od jej\u00edho vstupu do pelotonu.<\/p>\n<p>&#8222;Kdy\u017e vyhr\u00e1l po\u010dtvrt\u00e9 Strade Bianche, sedl do letadla sm\u011br Lubla\u0148. Ve\u010der u\u017e byl na charitativn\u00ed akci, kde lid\u00e9 darovali \u0161edes\u00e1t tis\u00edc eur pro nadaci Tadeje Poga\u010dara a jeho Pogi t\u00fdm,&#8220; pouk\u00e1zal mana\u017eer cyklisty na u\u0161lechtil\u00e9 jedn\u00e1n\u00ed sv\u00e9ho chr\u00e1n\u011bnce, kter\u00fd se chyst\u00e1 k \u00fatoku na prvn\u00ed v\u00edt\u011bzstv\u00ed z Monumentu Mil\u00e1n-San Remo.<\/p>\n","protected":false},"excerpt":{"rendered":"<p>Miliony pos\u00edl\u00e1 ro\u010dn\u011b Tadej Poga\u010dar, slovinsk\u00fd cyklista sestavy UAE Emirates XRG na charitu. Podporuje d\u011btsk\u00fd t\u00fdm. Zalo\u017eil nadaci, kter\u00e1 slou\u017e\u00ed [&hellip;]<\/p>\n","protected":false},"author":138,"featured_media":30286,"comment_status":"open","ping_status":"open","sticky":false,"template":"","format":"standard","meta":{"footnotes":""},"categories":[10],"tags":[4472,796,126,4598,9,502],"global-categories":[411],"class_list":["post-32834","post","type-post","status-publish","format-standard","has-post-thumbnail","hentry","category-silnicni-cyklistika","tag-alex-carera","tag-charita","tag-cyklistika","tag-nadace","tag-silnicni-cyklistika","tag-tadej-pogacar","global-categories-cycling"],"yoast_head":"<!-- This site is optimized with the Yoast SEO Premium plugin v25.3 (Yoast SEO v25.9) - https:\/\/yoast.com\/wordpress\/plugins\/seo\/ -->\n<title>Jako Robin Hood! Pro\u010d d\u011bl\u00e1 Poga\u010dar charitu potichu? | \u0160koda We Love Cycling - \u010cesk\u00e1 republika<\/title>\n<meta name=\"description\" content=\"Miliony pos\u00edl\u00e1 ro\u010dn\u011b Tadej Poga\u010dar, slovinsk\u00fd cyklista sestavy UAE Emirates XRG na charitu. Podporuje d\u011btsk\u00fd t\u00fdm. Zalo\u017eil nadaci, kter\u00e1 slou\u017e\u00ed na podporu lid\u00ed bojuj\u00edc\u00edch s rakovinou. A stejn\u011b \u010del\u00ed kritice kv\u016fli osobn\u00edm sponzor\u016fm, s nimi\u017e se paktuje. Pro\u010d?\" \/>\n<meta name=\"robots\" content=\"index, follow, max-snippet:-1, max-image-preview:large, max-video-preview:-1\" \/>\n<link rel=\"canonical\" href=\"https:\/\/www.welovecycling.com\/cs\/2026\/03\/17\/jako-robin-hood-proc-dela-pogacar-charitu-potichu\/\" \/>\n<meta property=\"og:locale\" content=\"cs_CZ\" \/>\n<meta property=\"og:type\" content=\"article\" \/>\n<meta property=\"og:title\" content=\"Jako Robin Hood! Pro\u010d d\u011bl\u00e1 Poga\u010dar charitu potichu?\" \/>\n<meta property=\"og:description\" content=\"Miliony pos\u00edl\u00e1 ro\u010dn\u011b Tadej Poga\u010dar, slovinsk\u00fd cyklista sestavy UAE Emirates XRG na charitu. Podporuje d\u011btsk\u00fd t\u00fdm. Zalo\u017eil nadaci, kter\u00e1 slou\u017e\u00ed na podporu lid\u00ed bojuj\u00edc\u00edch s rakovinou. A stejn\u011b \u010del\u00ed kritice kv\u016fli osobn\u00edm sponzor\u016fm, s nimi\u017e se paktuje. Pro\u010d?\" \/>\n<meta property=\"og:url\" content=\"https:\/\/www.welovecycling.com\/cs\/2026\/03\/17\/jako-robin-hood-proc-dela-pogacar-charitu-potichu\/\" \/>\n<meta property=\"og:site_name\" content=\"\u0160koda We Love Cycling - \u010cesk\u00e1 republika\" \/>\n<meta property=\"article:published_time\" content=\"2026-03-17T05:00:22+00:00\" \/>\n<meta property=\"og:image\" content=\"https:\/\/d2p6e6u75xmxt8.cloudfront.net\/13\/2025\/07\/profimedia-1023206081-1.webp\" \/>\n\t<meta property=\"og:image:width\" content=\"1800\" \/>\n\t<meta property=\"og:image:height\" content=\"1199\" \/>\n\t<meta property=\"og:image:type\" content=\"image\/webp\" \/>\n<meta name=\"author\" content=\"radekmalina\" \/>\n<meta name=\"twitter:card\" content=\"summary_large_image\" \/>\n<meta name=\"twitter:label1\" content=\"Written by\" \/>\n\t<meta name=\"twitter:data1\" content=\"Radek Malina\" \/>\n\t<meta name=\"twitter:label2\" content=\"Est. reading time\" \/>\n\t<meta name=\"twitter:data2\" content=\"5\" \/>\n<script type=\"application\/ld+json\" class=\"yoast-schema-graph\">{\"@context\":\"https:\/\/schema.org\",\"@graph\":[{\"@type\":\"WebPage\",\"@id\":\"https:\/\/www.welovecycling.com\/cs\/2026\/03\/17\/jako-robin-hood-proc-dela-pogacar-charitu-potichu\/\",\"url\":\"https:\/\/www.welovecycling.com\/cs\/2026\/03\/17\/jako-robin-hood-proc-dela-pogacar-charitu-potichu\/\",\"name\":\"Jako Robin Hood! Pro\u010d d\u011bl\u00e1 Poga\u010dar charitu potichu? | \u0160koda We Love Cycling - \u010cesk\u00e1 republika\",\"isPartOf\":{\"@id\":\"https:\/\/www.welovecycling.com\/cs\/#website\"},\"primaryImageOfPage\":{\"@id\":\"https:\/\/www.welovecycling.com\/cs\/2026\/03\/17\/jako-robin-hood-proc-dela-pogacar-charitu-potichu\/#primaryimage\"},\"image\":{\"@id\":\"https:\/\/www.welovecycling.com\/cs\/2026\/03\/17\/jako-robin-hood-proc-dela-pogacar-charitu-potichu\/#primaryimage\"},\"thumbnailUrl\":\"https:\/\/d2p6e6u75xmxt8.cloudfront.net\/13\/2025\/07\/profimedia-1023206081-1.webp\",\"datePublished\":\"2026-03-17T05:00:22+00:00\",\"author\":{\"@id\":\"https:\/\/www.welovecycling.com\/cs\/#\/schema\/person\/d9eeb0a378f3a7e4a6d12d2b536b04b8\"},\"description\":\"Miliony pos\u00edl\u00e1 ro\u010dn\u011b Tadej Poga\u010dar, slovinsk\u00fd cyklista sestavy UAE Emirates XRG na charitu. Podporuje d\u011btsk\u00fd t\u00fdm. Zalo\u017eil nadaci, kter\u00e1 slou\u017e\u00ed na podporu lid\u00ed bojuj\u00edc\u00edch s rakovinou. A stejn\u011b \u010del\u00ed kritice kv\u016fli osobn\u00edm sponzor\u016fm, s nimi\u017e se paktuje. Pro\u010d?\",\"inLanguage\":\"cs\",\"potentialAction\":[{\"@type\":\"ReadAction\",\"target\":[\"https:\/\/www.welovecycling.com\/cs\/2026\/03\/17\/jako-robin-hood-proc-dela-pogacar-charitu-potichu\/\"]}]},{\"@type\":\"ImageObject\",\"inLanguage\":\"cs\",\"@id\":\"https:\/\/www.welovecycling.com\/cs\/2026\/03\/17\/jako-robin-hood-proc-dela-pogacar-charitu-potichu\/#primaryimage\",\"url\":\"https:\/\/d2p6e6u75xmxt8.cloudfront.net\/13\/2025\/07\/profimedia-1023206081-1.webp\",\"contentUrl\":\"https:\/\/d2p6e6u75xmxt8.cloudfront.net\/13\/2025\/07\/profimedia-1023206081-1.webp\",\"width\":1800,\"height\":1199,\"caption\":\"Tadej Poga\u010dar se do historie Tour de France zapsal jako nejmlad\u0161\u00ed \u010dty\u0159n\u00e1sobn\u00fd \u0161ampion. Pen\u00edze\"},{\"@type\":\"WebSite\",\"@id\":\"https:\/\/www.welovecycling.com\/cs\/#website\",\"url\":\"https:\/\/www.welovecycling.com\/cs\/\",\"name\":\"\u0160koda We Love Cycling - \u010cesk\u00e1 republika\",\"description\":\"WeLoveCycling.cz je online magaz\u00edn, kter\u00fd v\u00e1m pravideln\u011b p\u0159in\u00e1\u0161\u00ed rady a tipy, zaj\u00edmav\u00e9 \u010dl\u00e1nky, videa a jedine\u010dn\u00e9 report\u00e1\u017ee ze sv\u011bta cyklistiky.\",\"potentialAction\":[{\"@type\":\"SearchAction\",\"target\":{\"@type\":\"EntryPoint\",\"urlTemplate\":\"https:\/\/www.welovecycling.com\/cs\/?s={search_term_string}\"},\"query-input\":{\"@type\":\"PropertyValueSpecification\",\"valueRequired\":true,\"valueName\":\"search_term_string\"}}],\"inLanguage\":\"cs\"},{\"@type\":\"Person\",\"@id\":\"https:\/\/www.welovecycling.com\/cs\/#\/schema\/person\/d9eeb0a378f3a7e4a6d12d2b536b04b8\",\"name\":\"radekmalina\",\"image\":{\"@type\":\"ImageObject\",\"inLanguage\":\"cs\",\"@id\":\"https:\/\/www.welovecycling.com\/cs\/#\/schema\/person\/image\/\",\"url\":\"https:\/\/secure.gravatar.com\/avatar\/66994b632cb8c39a46b9f54afa3ae07201b678d32a54275b6f1c9ffec356bfc0?s=96&d=mm&r=g\",\"contentUrl\":\"https:\/\/secure.gravatar.com\/avatar\/66994b632cb8c39a46b9f54afa3ae07201b678d32a54275b6f1c9ffec356bfc0?s=96&d=mm&r=g\",\"caption\":\"radekmalina\"},\"url\":\"https:\/\/www.welovecycling.com\/cs\/author\/radekmalina\/\"}]}<\/script>\n<!-- \/ Yoast SEO Premium plugin. -->","yoast_head_json":{"title":"Jako Robin Hood! Pro\u010d d\u011bl\u00e1 Poga\u010dar charitu potichu? | \u0160koda We Love Cycling - \u010cesk\u00e1 republika","description":"Miliony pos\u00edl\u00e1 ro\u010dn\u011b Tadej Poga\u010dar, slovinsk\u00fd cyklista sestavy UAE Emirates XRG na charitu. Podporuje d\u011btsk\u00fd t\u00fdm. Zalo\u017eil nadaci, kter\u00e1 slou\u017e\u00ed na podporu lid\u00ed bojuj\u00edc\u00edch s rakovinou. A stejn\u011b \u010del\u00ed kritice kv\u016fli osobn\u00edm sponzor\u016fm, s nimi\u017e se paktuje. Pro\u010d?","robots":{"index":"index","follow":"follow","max-snippet":"max-snippet:-1","max-image-preview":"max-image-preview:large","max-video-preview":"max-video-preview:-1"},"canonical":"https:\/\/www.welovecycling.com\/cs\/2026\/03\/17\/jako-robin-hood-proc-dela-pogacar-charitu-potichu\/","og_locale":"cs_CZ","og_type":"article","og_title":"Jako Robin Hood! Pro\u010d d\u011bl\u00e1 Poga\u010dar charitu potichu?","og_description":"Miliony pos\u00edl\u00e1 ro\u010dn\u011b Tadej Poga\u010dar, slovinsk\u00fd cyklista sestavy UAE Emirates XRG na charitu. Podporuje d\u011btsk\u00fd t\u00fdm. Zalo\u017eil nadaci, kter\u00e1 slou\u017e\u00ed na podporu lid\u00ed bojuj\u00edc\u00edch s rakovinou. A stejn\u011b \u010del\u00ed kritice kv\u016fli osobn\u00edm sponzor\u016fm, s nimi\u017e se paktuje. Pro\u010d?","og_url":"https:\/\/www.welovecycling.com\/cs\/2026\/03\/17\/jako-robin-hood-proc-dela-pogacar-charitu-potichu\/","og_site_name":"\u0160koda We Love Cycling - \u010cesk\u00e1 republika","article_published_time":"2026-03-17T05:00:22+00:00","og_image":[{"width":1800,"height":1199,"url":"https:\/\/d2p6e6u75xmxt8.cloudfront.net\/13\/2025\/07\/profimedia-1023206081-1.webp","type":"image\/webp"}],"author":"radekmalina","twitter_card":"summary_large_image","twitter_misc":{"Written by":"Radek Malina","Est. reading time":"5"},"schema":{"@context":"https:\/\/schema.org","@graph":[{"@type":"WebPage","@id":"https:\/\/www.welovecycling.com\/cs\/2026\/03\/17\/jako-robin-hood-proc-dela-pogacar-charitu-potichu\/","url":"https:\/\/www.welovecycling.com\/cs\/2026\/03\/17\/jako-robin-hood-proc-dela-pogacar-charitu-potichu\/","name":"Jako Robin Hood! Pro\u010d d\u011bl\u00e1 Poga\u010dar charitu potichu? | \u0160koda We Love Cycling - \u010cesk\u00e1 republika","isPartOf":{"@id":"https:\/\/www.welovecycling.com\/cs\/#website"},"primaryImageOfPage":{"@id":"https:\/\/www.welovecycling.com\/cs\/2026\/03\/17\/jako-robin-hood-proc-dela-pogacar-charitu-potichu\/#primaryimage"},"image":{"@id":"https:\/\/www.welovecycling.com\/cs\/2026\/03\/17\/jako-robin-hood-proc-dela-pogacar-charitu-potichu\/#primaryimage"},"thumbnailUrl":"https:\/\/d2p6e6u75xmxt8.cloudfront.net\/13\/2025\/07\/profimedia-1023206081-1.webp","datePublished":"2026-03-17T05:00:22+00:00","author":{"@id":"https:\/\/www.welovecycling.com\/cs\/#\/schema\/person\/d9eeb0a378f3a7e4a6d12d2b536b04b8"},"description":"Miliony pos\u00edl\u00e1 ro\u010dn\u011b Tadej Poga\u010dar, slovinsk\u00fd cyklista sestavy UAE Emirates XRG na charitu. Podporuje d\u011btsk\u00fd t\u00fdm. Zalo\u017eil nadaci, kter\u00e1 slou\u017e\u00ed na podporu lid\u00ed bojuj\u00edc\u00edch s rakovinou. A stejn\u011b \u010del\u00ed kritice kv\u016fli osobn\u00edm sponzor\u016fm, s nimi\u017e se paktuje. Pro\u010d?","inLanguage":"cs","potentialAction":[{"@type":"ReadAction","target":["https:\/\/www.welovecycling.com\/cs\/2026\/03\/17\/jako-robin-hood-proc-dela-pogacar-charitu-potichu\/"]}]},{"@type":"ImageObject","inLanguage":"cs","@id":"https:\/\/www.welovecycling.com\/cs\/2026\/03\/17\/jako-robin-hood-proc-dela-pogacar-charitu-potichu\/#primaryimage","url":"https:\/\/d2p6e6u75xmxt8.cloudfront.net\/13\/2025\/07\/profimedia-1023206081-1.webp","contentUrl":"https:\/\/d2p6e6u75xmxt8.cloudfront.net\/13\/2025\/07\/profimedia-1023206081-1.webp","width":1800,"height":1199,"caption":"Tadej Poga\u010dar se do historie Tour de France zapsal jako nejmlad\u0161\u00ed \u010dty\u0159n\u00e1sobn\u00fd \u0161ampion. Pen\u00edze"},{"@type":"WebSite","@id":"https:\/\/www.welovecycling.com\/cs\/#website","url":"https:\/\/www.welovecycling.com\/cs\/","name":"\u0160koda We Love Cycling - \u010cesk\u00e1 republika","description":"WeLoveCycling.cz je online magaz\u00edn, kter\u00fd v\u00e1m pravideln\u011b p\u0159in\u00e1\u0161\u00ed rady a tipy, zaj\u00edmav\u00e9 \u010dl\u00e1nky, videa a jedine\u010dn\u00e9 report\u00e1\u017ee ze sv\u011bta cyklistiky.","potentialAction":[{"@type":"SearchAction","target":{"@type":"EntryPoint","urlTemplate":"https:\/\/www.welovecycling.com\/cs\/?s={search_term_string}"},"query-input":{"@type":"PropertyValueSpecification","valueRequired":true,"valueName":"search_term_string"}}],"inLanguage":"cs"},{"@type":"Person","@id":"https:\/\/www.welovecycling.com\/cs\/#\/schema\/person\/d9eeb0a378f3a7e4a6d12d2b536b04b8","name":"radekmalina","image":{"@type":"ImageObject","inLanguage":"cs","@id":"https:\/\/www.welovecycling.com\/cs\/#\/schema\/person\/image\/","url":"https:\/\/secure.gravatar.com\/avatar\/66994b632cb8c39a46b9f54afa3ae07201b678d32a54275b6f1c9ffec356bfc0?s=96&d=mm&r=g","contentUrl":"https:\/\/secure.gravatar.com\/avatar\/66994b632cb8c39a46b9f54afa3ae07201b678d32a54275b6f1c9ffec356bfc0?s=96&d=mm&r=g","caption":"radekmalina"},"url":"https:\/\/www.welovecycling.com\/cs\/author\/radekmalina\/"}]}},"_links":{"self":[{"href":"https:\/\/www.welovecycling.com\/cs\/wp-json\/wp\/v2\/posts\/32834","targetHints":{"allow":["GET"]}}],"collection":[{"href":"https:\/\/www.welovecycling.com\/cs\/wp-json\/wp\/v2\/posts"}],"about":[{"href":"https:\/\/www.welovecycling.com\/cs\/wp-json\/wp\/v2\/types\/post"}],"author":[{"embeddable":true,"href":"https:\/\/www.welovecycling.com\/cs\/wp-json\/wp\/v2\/users\/138"}],"replies":[{"embeddable":true,"href":"https:\/\/www.welovecycling.com\/cs\/wp-json\/wp\/v2\/comments?post=32834"}],"version-history":[{"count":2,"href":"https:\/\/www.welovecycling.com\/cs\/wp-json\/wp\/v2\/posts\/32834\/revisions"}],"predecessor-version":[{"id":32836,"href":"https:\/\/www.welovecycling.com\/cs\/wp-json\/wp\/v2\/posts\/32834\/revisions\/32836"}],"wp:featuredmedia":[{"embeddable":true,"href":"https:\/\/www.welovecycling.com\/cs\/wp-json\/wp\/v2\/media\/30286"}],"wp:attachment":[{"href":"https:\/\/www.welovecycling.com\/cs\/wp-json\/wp\/v2\/media?parent=32834"}],"wp:term":[{"taxonomy":"category","embeddable":true,"href":"https:\/\/www.welovecycling.com\/cs\/wp-json\/wp\/v2\/categories?post=32834"},{"taxonomy":"post_tag","embeddable":true,"href":"https:\/\/www.welovecycling.com\/cs\/wp-json\/wp\/v2\/tags?post=32834"},{"taxonomy":"global-categories","embeddable":true,"href":"https:\/\/www.welovecycling.com\/cs\/wp-json\/wp\/v2\/global-categories?post=32834"}],"curies":[{"name":"wp","href":"https:\/\/api.w.org\/{rel}","templated":true}]}}