{"id":32831,"date":"2026-03-16T18:08:14","date_gmt":"2026-03-16T16:08:14","guid":{"rendered":"https:\/\/www.welovecycling.com\/cs\/?p=32831"},"modified":"2026-03-16T18:08:14","modified_gmt":"2026-03-16T16:08:14","slug":"proc-van-der-poel-zavodil-pri-tirrenu-jako-utrzeny-ze-retezu","status":"publish","type":"post","link":"https:\/\/www.welovecycling.com\/cs\/2026\/03\/16\/proc-van-der-poel-zavodil-pri-tirrenu-jako-utrzeny-ze-retezu\/","title":{"rendered":"Pro\u010d van der Poel z\u00e1vodil p\u0159i Tirrenu jako utr\u017een\u00fd ze \u0159et\u011bzu?"},"content":{"rendered":"<p><strong>Ohromuj\u00edc\u00ed nasazen\u00ed! Mathieu van der Poel z\u00e1vodil v etapov\u00e9m souboji Tirreno\u2013Adriatico jako utr\u017een\u00fd ze \u0159et\u011bzu. Jednat\u0159icetilet\u00fd l\u00eddr formace Alpecin PremierTech vyhr\u00e1l dv\u011b etapy a p\u0159i z\u00e1v\u011bre\u010dn\u00e9m d\u011bjstv\u00ed p\u0159edvedl t\u0159icetikilometrovou j\u00edzdu na \u0161pici v pln\u00e9 intenzit\u011b.<\/strong><\/p>\n<p>Po triumfu v otv\u00edr\u00e1ku sezony Omloop Nieuwsblad nastoupil Mathieu van der Poel v r\u00e1mci p\u0159\u00edpravy na jarn\u00ed klasiky do etapov\u00e9ho z\u00e1vodu Tirreno\u2013Adriatico. Druh\u00e9 d\u011bjstv\u00ed s etapov\u00fdm dojezdem v San Gimignanu, vy\u0161perkovan\u00e9 \u0161otolinovou pas\u00e1\u017e\u00ed, ovl\u00e1dl, kdy\u017e ve spurtu na mokr\u00e9 dla\u017eb\u011b historick\u00e9ho m\u011bsta set\u0159\u00e1sl Isaaca del Tora (UAE Emirates XRG), pozd\u011bj\u0161\u00edho celkov\u00e9ho v\u00edt\u011bze, a Giulia Pellizzariho (Red Bull Bora Hansgrohe). P\u0159i \u010dtvrt\u00e9m d\u011bjstv\u00ed slavil nizozemsk\u00fd fenom\u00e9n znovu, ve sprintu mal\u00e9 skupinky.<\/p>\n<h2><strong>Dv\u011b etapy a \u00fa\u017easn\u00e1 \u0161pice<\/strong><\/h2>\n<p>A pak, v posledn\u00ed den z\u00e1vodu <strong>Tirreno\u2013Adriatico<\/strong>, ve stoup\u00e1n\u00ed sto kilometr\u016f p\u0159ed c\u00edlem najel na \u010delo a t\u0159icet kilometr\u016f diktoval tempo, ani\u017e by se nechal jedinkr\u00e1t vyst\u0159\u00eddat. Byla to jako \u010dasovka, p\u0159i kter\u00e9 si kr\u00e1l klasik veze v h\u00e1ku cel\u00e9 startovn\u00ed pole. Matado\u0159i Julian Alaphilippe (Tudor) a Primo\u017e Rogli\u010d (Red Bull Bora Hansgrohe) se nev\u011b\u0159\u00edcn\u011b sm\u00e1li selekci, kterou Mathieu van der Poel p\u0159edv\u00e1d\u011bl. V posledn\u00ed den z\u00e1vodu si st\u0159ihl dokonal\u00fd tr\u00e9nink na bl\u00ed\u017e\u00edc\u00ed se Monument Mil\u00e1n\u2013San Remo, kter\u00fd je hlavn\u00edm c\u00edlem b\u0159eznov\u00e9ho programu nizozemsk\u00e9 legendy.<\/p>\n<blockquote class=\"instagram-media\" style=\"background: #FFF; border: 0; border-radius: 3px; box-shadow: 0 0 1px 0 rgba(0,0,0,0.5),0 1px 10px 0 rgba(0,0,0,0.15); margin: 1px; max-width: 540px; min-width: 326px; padding: 0; width: calc(100% - 2px);\" data-instgrm-captioned=\"\" data-instgrm-permalink=\"https:\/\/www.instagram.com\/reel\/DV58z8EgU_Q\/?utm_source=ig_embed&amp;utm_campaign=loading\" data-instgrm-version=\"14\">\n<div style=\"padding: 16px;\">\n<p>&nbsp;<\/p>\n<div style=\"display: flex; flex-direction: row; align-items: center;\">\n<div style=\"background-color: #f4f4f4; border-radius: 50%; flex-grow: 0; height: 40px; margin-right: 14px; width: 40px;\"><\/div>\n<div style=\"display: flex; flex-direction: column; flex-grow: 1; justify-content: center;\">\n<div style=\"background-color: #f4f4f4; border-radius: 4px; flex-grow: 0; height: 14px; margin-bottom: 6px; width: 100px;\"><\/div>\n<div style=\"background-color: #f4f4f4; border-radius: 4px; flex-grow: 0; height: 14px; width: 60px;\"><\/div>\n<\/div>\n<\/div>\n<div style=\"padding: 19% 0;\"><\/div>\n<div style=\"display: block; height: 50px; margin: 0 auto 12px; width: 50px;\"><\/div>\n<div style=\"padding-top: 8px;\">\n<div style=\"color: #3897f0; font-family: Arial,sans-serif; font-size: 14px; font-style: normal; font-weight: 550; line-height: 18px;\">Zobrazit p\u0159\u00edsp\u011bvek na Instagramu<\/div>\n<\/div>\n<div style=\"padding: 12.5% 0;\"><\/div>\n<div style=\"display: flex; flex-direction: row; margin-bottom: 14px; align-items: center;\">\n<div>\n<div style=\"background-color: #f4f4f4; border-radius: 50%; height: 12.5px; width: 12.5px; transform: translateX(0px) translateY(7px);\"><\/div>\n<div style=\"background-color: #f4f4f4; height: 12.5px; transform: rotate(-45deg) translateX(3px) translateY(1px); width: 12.5px; flex-grow: 0; margin-right: 14px; margin-left: 2px;\"><\/div>\n<div style=\"background-color: #f4f4f4; border-radius: 50%; height: 12.5px; width: 12.5px; transform: translateX(9px) translateY(-18px);\"><\/div>\n<\/div>\n<div style=\"margin-left: 8px;\">\n<div style=\"background-color: #f4f4f4; border-radius: 50%; flex-grow: 0; height: 20px; width: 20px;\"><\/div>\n<div style=\"width: 0; height: 0; border-top: 2px solid transparent; border-left: 6px solid #f4f4f4; border-bottom: 2px solid transparent; transform: translateX(16px) translateY(-4px) rotate(30deg);\"><\/div>\n<\/div>\n<div style=\"margin-left: auto;\">\n<div style=\"width: 0px; border-top: 8px solid #F4F4F4; border-right: 8px solid transparent; transform: translateY(16px);\"><\/div>\n<div style=\"background-color: #f4f4f4; flex-grow: 0; height: 12px; width: 16px; transform: translateY(-4px);\"><\/div>\n<div style=\"width: 0; height: 0; border-top: 8px solid #F4F4F4; border-left: 8px solid transparent; transform: translateY(-4px) translateX(8px);\"><\/div>\n<\/div>\n<\/div>\n<div style=\"display: flex; flex-direction: column; flex-grow: 1; justify-content: center; margin-bottom: 24px;\">\n<div style=\"background-color: #f4f4f4; border-radius: 4px; flex-grow: 0; height: 14px; margin-bottom: 6px; width: 224px;\"><\/div>\n<div style=\"background-color: #f4f4f4; border-radius: 4px; flex-grow: 0; height: 14px; width: 144px;\"><\/div>\n<\/div>\n<p>&nbsp;<\/p>\n<p style=\"color: #c9c8cd; font-family: Arial,sans-serif; font-size: 14px; line-height: 17px; margin-bottom: 0; margin-top: 8px; overflow: hidden; padding: 8px 0 7px; text-align: center; text-overflow: ellipsis; white-space: nowrap;\"><a style=\"color: #c9c8cd; font-family: Arial,sans-serif; font-size: 14px; font-style: normal; font-weight: normal; line-height: 17px; text-decoration: none;\" href=\"https:\/\/www.instagram.com\/reel\/DV58z8EgU_Q\/?utm_source=ig_embed&amp;utm_campaign=loading\" target=\"_blank\" rel=\"noopener\">P\u0159\u00edsp\u011bvek sd\u00edlen\u00fd TNT Sports Cycling (@tntsportscycling)<\/a><\/p>\n<\/div>\n<\/blockquote>\n<p><script async src=\"\/\/www.instagram.com\/embed.js\"><\/script>Kdy\u017e zb\u00fdvalo \u0161edes\u00e1t kilometr\u016f do c\u00edle, Mathieu van der Poel si ze \u0161pice pelotonu &#8222;vystoupil&#8220; a v poklidu dojel do c\u00edle. Cel\u00fd peloton si tak\u0159ka sly\u0161iteln\u011b odfrknul. &#8222;Bylo to naprosto \u0161\u00edlen\u00e9. V\u0161ichni kluci z t\u00fdmu mi pom\u00e1hali, jel jsem p\u0159es 500 watt\u016f, ale stejn\u011b jsme skupinu v \u010dele nestahovali,&#8220; neskr\u00fdval obdiv k v\u00fdkonu nizozemsk\u00e9 legendy Sam Welsford z Ineosu, v c\u00edli nakonec druh\u00fd. &#8222;\u010cekal jsem pohodov\u00fd den se sprintem. Ve skute\u010dnosti to bylo obrovsk\u00e9 utrpen\u00ed,&#8220; komentoval etapu Pavel Bittner, \u010desk\u00fd sprinter t\u00fdmu PicnicPostNL.<\/p>\n<p>Mathieu van der Poel cht\u011bl unavit sprintery a p\u0159ipravit pozici pro t\u00fdmov\u00e9ho kolegu Jaspera Philipsena, jen\u017ee ten dva kilometry p\u0159ed c\u00edlem spadl. Ka\u017edop\u00e1dn\u011b nizozemsk\u00fd z\u00e1vodn\u00edk na <strong>Tirreno\u2013Adriatico <\/strong>p\u0159edv\u00e1d\u011bl \u00fa\u017easnou formu.<\/p>\n<div class=\"shortcode-ys-post-pinup\"><article class=\"loop-simple post-32794 post type-post status-publish format-standard has-post-thumbnail hentry category-silnicni-cyklistika tag-cyklistika tag-financni-odmeny tag-jonas-vingegaard tag-minimalni-mzda tag-platy-cyklistu tag-remco-evenepoel tag-silnicni-cyklistika tag-tadej-pogacar tag-vyplaty\" data-postid=\"32794\" role=\"article\" data-post-id=\"32794\" data-word-count=\"492\" data-headline-length=\"40\" data-category=\"Silni\u010dn\u00ed cyklistika\" data-author=\"Radek Malina\" data-published=\"2026-03-11T06:01:49+02:00\" data-published-day=\"Wednesday\">\n    <div class=\"entry-thumbnail article-thumbnail\" content=\"https:\/\/d2p6e6u75xmxt8.cloudfront.net\/13\/2026\/03\/SI202602104116-150x150.webp\"><a href=\"https:\/\/www.welovecycling.com\/cs\/2026\/03\/11\/remco-si-polepsil-o-75-milionu-rocne\/\" class=\"image-holder\" target=\"_self\"><img decoding=\"async\" loading=\"lazy\" class=\"\" src=\"https:\/\/d2p6e6u75xmxt8.cloudfront.net\/13\/2026\/03\/SI202602104116-1024x683.webp\" srcset=\"https:\/\/d2p6e6u75xmxt8.cloudfront.net\/13\/2026\/03\/SI202602104116-scaled.webp 2560w, https:\/\/d2p6e6u75xmxt8.cloudfront.net\/13\/2026\/03\/SI202602104116-300x200.webp 300w, https:\/\/d2p6e6u75xmxt8.cloudfront.net\/13\/2026\/03\/SI202602104116-1024x683.webp 1024w, https:\/\/d2p6e6u75xmxt8.cloudfront.net\/13\/2026\/03\/SI202602104116-768x512.webp 768w, https:\/\/d2p6e6u75xmxt8.cloudfront.net\/13\/2026\/03\/SI202602104116-1536x1024.webp 1536w, https:\/\/d2p6e6u75xmxt8.cloudfront.net\/13\/2026\/03\/SI202602104116-2048x1366.webp 2048w, https:\/\/d2p6e6u75xmxt8.cloudfront.net\/13\/2026\/03\/SI202602104116-1920x1281.webp 1920w, https:\/\/d2p6e6u75xmxt8.cloudfront.net\/13\/2026\/03\/SI202602104116-400x267.webp 400w, https:\/\/d2p6e6u75xmxt8.cloudfront.net\/13\/2026\/03\/SI202602104116-272x182.webp 272w, https:\/\/d2p6e6u75xmxt8.cloudfront.net\/13\/2026\/03\/SI202602104116-1920x1281.webp 1920w\" width=\"1024\" height=\"683\" sizes=\"auto, (min-width: 1200px) 300px, (min-width: 768px) 25vw, 100vw\" alt=\"remco-si-polepsil-o-75-milionu-rocne\"\/><\/a><\/div>    <div class=\"entry-meta\">\n        <a class=\"label label-secondary post-category\" href=\"https:\/\/www.welovecycling.com\/cs\/category\/silnicni-cyklistika\/\" title=\"Silni\u010dn\u00ed cyklistika\">Silni\u010dn\u00ed cyklistika<\/a>\n    <\/div>\n    <div class=\"entry-details\">\n        <a href=\"https:\/\/www.welovecycling.com\/cs\/2026\/03\/11\/remco-si-polepsil-o-75-milionu-rocne\/\" class='entry-title-wrapper'>\n            <h3 class=\"entry-title\"><span>Remco si polep\u0161il o 75 milion\u016f ro\u010dn\u011b<\/span><\/h3>\n        <\/a>\n    <\/div>\n    <\/article>\n<\/div>\n<p>&#8222;Po \u010dtvrt\u00e9 etap\u011b jsem se Wouta van Aerta ptal, jestli je pravda, \u017ee jel posledn\u00ed stoup\u00e1n\u00ed \u010dty\u0159i minuty pr\u016fm\u011brn\u011b 590 watt\u016f. Odpov\u011bd\u011bl, \u017ee ve skute\u010dnosti p\u011bt minut. Kdy\u017e jsem pak narazil na v\u00edt\u011bzn\u00e9ho Mathieu van der Poela a on mi \u0159ekl, \u017ee necht\u011bl \u00fato\u010dit moc brzy a dr\u017eel se zp\u00e1tky,&#8220; \u017easnul pro server Nieuwsblad Oliver Naesen, Belgi\u010dan ve slu\u017eb\u00e1ch t\u00fdmu Decathlon.<\/p>\n<h2><strong>Van der Poel: Jsem bl\u00edzko nejlep\u0161\u00ed form\u011b<\/strong><\/h2>\n<p>Obh\u00e1jce trofeje z Mil\u00e1n\u2013San Remo je nepochybn\u011b skv\u011ble p\u0159ipraven\u00fd. Na <strong>Tirreno\u2013Adriatico <\/strong>uk\u00e1zal obrovsk\u00fd motor. A v dojezdech etap zabij\u00e1ck\u00fd instinkt. Ten bude nepochybn\u011b pot\u0159ebovat, a\u017e bude s Poga\u010darem soupe\u0159it o triumf z \u00favodn\u00edho monumentu sezony.<\/p>\n<p>A zat\u00edmco Tadej Poga\u010dar z UAE Emirates XRG na prvn\u00ed v\u00edt\u011bzstv\u00ed z Primavery \u010dek\u00e1, Mathieu van der Poel chce nav\u00e1zat na prvenstv\u00ed z let 2023 a 2025.<\/p>\n<div class=\"shortcode-ys-post-pinup\"><article class=\"loop-simple post-32775 post type-post status-publish format-standard has-post-thumbnail hentry category-zdravi-a-trenink tag-cyklisticke-kratasy tag-cyklistika tag-gravel tag-horska-cyklistika tag-jak-vybrat-cyklisticke-kratasy tag-silnicni-cyklistika tag-spodni-pradlo tag-vlozka global-categories-cycling\" data-postid=\"32775\" role=\"article\" data-post-id=\"32775\" data-word-count=\"476\" data-headline-length=\"34\" data-category=\"Zdrav\u00ed a tr\u00e9nink\" data-global-category=\"Cycling\" data-author=\"Radek Malina\" data-published=\"2026-03-09T09:30:42+02:00\" data-published-day=\"Monday\">\n    <div class=\"entry-thumbnail article-thumbnail\" content=\"https:\/\/d2p6e6u75xmxt8.cloudfront.net\/13\/2026\/03\/bibs-women-150x150.webp\"><a href=\"https:\/\/www.welovecycling.com\/cs\/2026\/03\/09\/proc-spodary-na-kolo-nepatri\/\" class=\"image-holder\" target=\"_self\"><img decoding=\"async\" loading=\"lazy\" class=\"\" src=\"https:\/\/d2p6e6u75xmxt8.cloudfront.net\/13\/2026\/03\/bibs-women-1024x614.webp\" srcset=\"https:\/\/d2p6e6u75xmxt8.cloudfront.net\/13\/2026\/03\/bibs-women-scaled.webp 2560w, https:\/\/d2p6e6u75xmxt8.cloudfront.net\/13\/2026\/03\/bibs-women-300x180.webp 300w, https:\/\/d2p6e6u75xmxt8.cloudfront.net\/13\/2026\/03\/bibs-women-1024x614.webp 1024w, https:\/\/d2p6e6u75xmxt8.cloudfront.net\/13\/2026\/03\/bibs-women-768x461.webp 768w, https:\/\/d2p6e6u75xmxt8.cloudfront.net\/13\/2026\/03\/bibs-women-1536x922.webp 1536w, https:\/\/d2p6e6u75xmxt8.cloudfront.net\/13\/2026\/03\/bibs-women-2048x1229.webp 2048w, https:\/\/d2p6e6u75xmxt8.cloudfront.net\/13\/2026\/03\/bibs-women-1920x1152.webp 1920w, https:\/\/d2p6e6u75xmxt8.cloudfront.net\/13\/2026\/03\/bibs-women-400x240.webp 400w, https:\/\/d2p6e6u75xmxt8.cloudfront.net\/13\/2026\/03\/bibs-women-1920x1152.webp 1920w\" width=\"1024\" height=\"614\" sizes=\"auto, (min-width: 1200px) 334px, (min-width: 768px) 28vw, 100vw\" alt=\"proc-spodary-na-kolo-nepatri\"\/><\/a><\/div>    <div class=\"entry-meta\">\n        <a class=\"label label-secondary post-category\" href=\"https:\/\/www.welovecycling.com\/cs\/category\/zdravi-a-trenink\/\" title=\"Zdrav\u00ed a tr\u00e9nink\">Zdrav\u00ed a tr\u00e9nink<\/a>\n    <\/div>\n    <div class=\"entry-details\">\n        <a href=\"https:\/\/www.welovecycling.com\/cs\/2026\/03\/09\/proc-spodary-na-kolo-nepatri\/\" class='entry-title-wrapper'>\n            <h3 class=\"entry-title\"><span>Pro\u010d spo\u010f\u00e1ry na kolo nepat\u0159\u00ed?<\/span><\/h3>\n        <\/a>\n    <\/div>\n    <\/article>\n<\/div>\n<p>&#8222;Moje nohy jsou velmi dobr\u00e9. Na\u010derpal jsem dobr\u00fd pocit. \u0160lo o skv\u011blou p\u0159\u00edpravu. Moc prostoru pro zlep\u0161en\u00ed nezb\u00fdv\u00e1,&#8220; prohl\u00e1sil Mathieu van der Poel.<\/p>\n<p>Hattrick z \u00favodn\u00edho monumentu sezony by mu mohl p\u0159ekazit snad jedin\u011b Slovinec. &#8222;Tadej Poga\u010dar rozhodn\u011b Mil\u00e1n\u2013San Remo zm\u011bnil. V minulosti nebylo nutn\u00e9 sahat na Cipresse tak hluboko do z\u00e1sobn\u00edku sil. Jestli budu o jedno procento hor\u0161\u00ed ne\u017e minul\u00fd rok, <a href=\"https:\/\/www.welovecycling.com\/cs\/2026\/01\/05\/tadej-pogacar-a-jeho-ultimatni-vyzva\/\">Tadej<\/a> mi v p\u0159edposledn\u00edm stoup\u00e1n\u00ed ujede,&#8220; neskr\u00fdval Mathieu van der Poel, jak je bitva se slovinsk\u00fdm soupe\u0159em t\u011bsn\u00e1. &#8222;Jednou Tadej ur\u010dit\u011b Primaveru vyhraje. Je to jen ot\u00e1zka \u010dasu. Ale jsem bl\u00edzko nejlep\u0161\u00ed form\u011b,&#8220; nazna\u010dil nizozemsk\u00fd borec, \u017ee nehodl\u00e1 tr\u016fn vyklidit bez boje.<\/p>\n","protected":false},"excerpt":{"rendered":"<p>Ohromuj\u00edc\u00ed nasazen\u00ed! Mathieu van der Poel z\u00e1vodil v etapov\u00e9m souboji Tirreno\u2013Adriatico jako utr\u017een\u00fd ze \u0159et\u011bzu. Jednat\u0159icetilet\u00fd l\u00eddr formace Alpecin PremierTech [&hellip;]<\/p>\n","protected":false},"author":138,"featured_media":32832,"comment_status":"open","ping_status":"open","sticky":false,"template":"","format":"standard","meta":{"footnotes":""},"categories":[10],"tags":[126,178,110,1521,9,502,100],"global-categories":[411],"class_list":["post-32831","post","type-post","status-publish","format-standard","has-post-thumbnail","hentry","category-silnicni-cyklistika","tag-cyklistika","tag-mathieu-van-der-poel","tag-milan-san-remo","tag-primavera","tag-silnicni-cyklistika","tag-tadej-pogacar","tag-tirreno-adriatico","global-categories-cycling"],"yoast_head":"<!-- This site is optimized with the Yoast SEO Premium plugin v25.3 (Yoast SEO v25.9) - https:\/\/yoast.com\/wordpress\/plugins\/seo\/ -->\n<title>Pro\u010d van der Poel z\u00e1vodil p\u0159i Tirrenu jako utr\u017een\u00fd ze \u0159et\u011bzu? | \u0160koda We Love Cycling - \u010cesk\u00e1 republika<\/title>\n<meta name=\"description\" content=\"Ohromuj\u00edc\u00ed nasazen\u00ed! Mathieu van der Poel z\u00e1vodil v etapov\u00e9m souboji Tirreno\u2013Adriatico jako utr\u017een\u00fd ze \u0159et\u011bzu. Jednat\u0159icetilet\u00fd l\u00eddr formace Alpecin PremierTech vyhr\u00e1l dv\u011b etapy a p\u0159i z\u00e1v\u011bre\u010dn\u00e9m d\u011bjstv\u00ed p\u0159edvedl t\u0159icetikilometrovou j\u00edzdu na \u0161pici v pln\u00e9 intenzit\u011b.\" \/>\n<meta name=\"robots\" content=\"index, follow, max-snippet:-1, max-image-preview:large, max-video-preview:-1\" \/>\n<link rel=\"canonical\" href=\"https:\/\/www.welovecycling.com\/cs\/2026\/03\/16\/proc-van-der-poel-zavodil-pri-tirrenu-jako-utrzeny-ze-retezu\/\" \/>\n<meta property=\"og:locale\" content=\"cs_CZ\" \/>\n<meta property=\"og:type\" content=\"article\" \/>\n<meta property=\"og:title\" content=\"Pro\u010d van der Poel z\u00e1vodil p\u0159i Tirrenu jako utr\u017een\u00fd ze \u0159et\u011bzu?\" \/>\n<meta property=\"og:description\" content=\"Ohromuj\u00edc\u00ed nasazen\u00ed! Mathieu van der Poel z\u00e1vodil v etapov\u00e9m souboji Tirreno\u2013Adriatico jako utr\u017een\u00fd ze \u0159et\u011bzu. Jednat\u0159icetilet\u00fd l\u00eddr formace Alpecin PremierTech vyhr\u00e1l dv\u011b etapy a p\u0159i z\u00e1v\u011bre\u010dn\u00e9m d\u011bjstv\u00ed p\u0159edvedl t\u0159icetikilometrovou j\u00edzdu na \u0161pici v pln\u00e9 intenzit\u011b.\" \/>\n<meta property=\"og:url\" content=\"https:\/\/www.welovecycling.com\/cs\/2026\/03\/16\/proc-van-der-poel-zavodil-pri-tirrenu-jako-utrzeny-ze-retezu\/\" \/>\n<meta property=\"og:site_name\" content=\"\u0160koda We Love Cycling - \u010cesk\u00e1 republika\" \/>\n<meta property=\"article:published_time\" content=\"2026-03-16T16:08:14+00:00\" \/>\n<meta property=\"og:image\" content=\"https:\/\/d2p6e6u75xmxt8.cloudfront.net\/13\/2026\/03\/profimedia-1083123969.webp\" \/>\n\t<meta property=\"og:image:width\" content=\"1800\" \/>\n\t<meta property=\"og:image:height\" content=\"1199\" \/>\n\t<meta property=\"og:image:type\" content=\"image\/webp\" \/>\n<meta name=\"author\" content=\"radekmalina\" \/>\n<meta name=\"twitter:card\" content=\"summary_large_image\" \/>\n<meta name=\"twitter:label1\" content=\"Written by\" \/>\n\t<meta name=\"twitter:data1\" content=\"Radek Malina\" \/>\n\t<meta name=\"twitter:label2\" content=\"Est. reading time\" \/>\n\t<meta name=\"twitter:data2\" content=\"5\" \/>\n<script type=\"application\/ld+json\" class=\"yoast-schema-graph\">{\"@context\":\"https:\/\/schema.org\",\"@graph\":[{\"@type\":\"WebPage\",\"@id\":\"https:\/\/www.welovecycling.com\/cs\/2026\/03\/16\/proc-van-der-poel-zavodil-pri-tirrenu-jako-utrzeny-ze-retezu\/\",\"url\":\"https:\/\/www.welovecycling.com\/cs\/2026\/03\/16\/proc-van-der-poel-zavodil-pri-tirrenu-jako-utrzeny-ze-retezu\/\",\"name\":\"Pro\u010d van der Poel z\u00e1vodil p\u0159i Tirrenu jako utr\u017een\u00fd ze \u0159et\u011bzu? | \u0160koda We Love Cycling - \u010cesk\u00e1 republika\",\"isPartOf\":{\"@id\":\"https:\/\/www.welovecycling.com\/cs\/#website\"},\"primaryImageOfPage\":{\"@id\":\"https:\/\/www.welovecycling.com\/cs\/2026\/03\/16\/proc-van-der-poel-zavodil-pri-tirrenu-jako-utrzeny-ze-retezu\/#primaryimage\"},\"image\":{\"@id\":\"https:\/\/www.welovecycling.com\/cs\/2026\/03\/16\/proc-van-der-poel-zavodil-pri-tirrenu-jako-utrzeny-ze-retezu\/#primaryimage\"},\"thumbnailUrl\":\"https:\/\/d2p6e6u75xmxt8.cloudfront.net\/13\/2026\/03\/profimedia-1083123969.webp\",\"datePublished\":\"2026-03-16T16:08:14+00:00\",\"author\":{\"@id\":\"https:\/\/www.welovecycling.com\/cs\/#\/schema\/person\/d9eeb0a378f3a7e4a6d12d2b536b04b8\"},\"description\":\"Ohromuj\u00edc\u00ed nasazen\u00ed! Mathieu van der Poel z\u00e1vodil v etapov\u00e9m souboji Tirreno\u2013Adriatico jako utr\u017een\u00fd ze \u0159et\u011bzu. Jednat\u0159icetilet\u00fd l\u00eddr formace Alpecin PremierTech vyhr\u00e1l dv\u011b etapy a p\u0159i z\u00e1v\u011bre\u010dn\u00e9m d\u011bjstv\u00ed p\u0159edvedl t\u0159icetikilometrovou j\u00edzdu na \u0161pici v pln\u00e9 intenzit\u011b.\",\"inLanguage\":\"cs\",\"potentialAction\":[{\"@type\":\"ReadAction\",\"target\":[\"https:\/\/www.welovecycling.com\/cs\/2026\/03\/16\/proc-van-der-poel-zavodil-pri-tirrenu-jako-utrzeny-ze-retezu\/\"]}]},{\"@type\":\"ImageObject\",\"inLanguage\":\"cs\",\"@id\":\"https:\/\/www.welovecycling.com\/cs\/2026\/03\/16\/proc-van-der-poel-zavodil-pri-tirrenu-jako-utrzeny-ze-retezu\/#primaryimage\",\"url\":\"https:\/\/d2p6e6u75xmxt8.cloudfront.net\/13\/2026\/03\/profimedia-1083123969.webp\",\"contentUrl\":\"https:\/\/d2p6e6u75xmxt8.cloudfront.net\/13\/2026\/03\/profimedia-1083123969.webp\",\"width\":1800,\"height\":1199,\"caption\":\"Mathieu van der Poel Tirreno\u2013Adriatico\"},{\"@type\":\"WebSite\",\"@id\":\"https:\/\/www.welovecycling.com\/cs\/#website\",\"url\":\"https:\/\/www.welovecycling.com\/cs\/\",\"name\":\"\u0160koda We Love Cycling - \u010cesk\u00e1 republika\",\"description\":\"WeLoveCycling.cz je online magaz\u00edn, kter\u00fd v\u00e1m pravideln\u011b p\u0159in\u00e1\u0161\u00ed rady a tipy, zaj\u00edmav\u00e9 \u010dl\u00e1nky, videa a jedine\u010dn\u00e9 report\u00e1\u017ee ze sv\u011bta cyklistiky.\",\"potentialAction\":[{\"@type\":\"SearchAction\",\"target\":{\"@type\":\"EntryPoint\",\"urlTemplate\":\"https:\/\/www.welovecycling.com\/cs\/?s={search_term_string}\"},\"query-input\":{\"@type\":\"PropertyValueSpecification\",\"valueRequired\":true,\"valueName\":\"search_term_string\"}}],\"inLanguage\":\"cs\"},{\"@type\":\"Person\",\"@id\":\"https:\/\/www.welovecycling.com\/cs\/#\/schema\/person\/d9eeb0a378f3a7e4a6d12d2b536b04b8\",\"name\":\"radekmalina\",\"image\":{\"@type\":\"ImageObject\",\"inLanguage\":\"cs\",\"@id\":\"https:\/\/www.welovecycling.com\/cs\/#\/schema\/person\/image\/\",\"url\":\"https:\/\/secure.gravatar.com\/avatar\/66994b632cb8c39a46b9f54afa3ae07201b678d32a54275b6f1c9ffec356bfc0?s=96&d=mm&r=g\",\"contentUrl\":\"https:\/\/secure.gravatar.com\/avatar\/66994b632cb8c39a46b9f54afa3ae07201b678d32a54275b6f1c9ffec356bfc0?s=96&d=mm&r=g\",\"caption\":\"radekmalina\"},\"url\":\"https:\/\/www.welovecycling.com\/cs\/author\/radekmalina\/\"}]}<\/script>\n<!-- \/ Yoast SEO Premium plugin. -->","yoast_head_json":{"title":"Pro\u010d van der Poel z\u00e1vodil p\u0159i Tirrenu jako utr\u017een\u00fd ze \u0159et\u011bzu? | \u0160koda We Love Cycling - \u010cesk\u00e1 republika","description":"Ohromuj\u00edc\u00ed nasazen\u00ed! Mathieu van der Poel z\u00e1vodil v etapov\u00e9m souboji Tirreno\u2013Adriatico jako utr\u017een\u00fd ze \u0159et\u011bzu. Jednat\u0159icetilet\u00fd l\u00eddr formace Alpecin PremierTech vyhr\u00e1l dv\u011b etapy a p\u0159i z\u00e1v\u011bre\u010dn\u00e9m d\u011bjstv\u00ed p\u0159edvedl t\u0159icetikilometrovou j\u00edzdu na \u0161pici v pln\u00e9 intenzit\u011b.","robots":{"index":"index","follow":"follow","max-snippet":"max-snippet:-1","max-image-preview":"max-image-preview:large","max-video-preview":"max-video-preview:-1"},"canonical":"https:\/\/www.welovecycling.com\/cs\/2026\/03\/16\/proc-van-der-poel-zavodil-pri-tirrenu-jako-utrzeny-ze-retezu\/","og_locale":"cs_CZ","og_type":"article","og_title":"Pro\u010d van der Poel z\u00e1vodil p\u0159i Tirrenu jako utr\u017een\u00fd ze \u0159et\u011bzu?","og_description":"Ohromuj\u00edc\u00ed nasazen\u00ed! Mathieu van der Poel z\u00e1vodil v etapov\u00e9m souboji Tirreno\u2013Adriatico jako utr\u017een\u00fd ze \u0159et\u011bzu. Jednat\u0159icetilet\u00fd l\u00eddr formace Alpecin PremierTech vyhr\u00e1l dv\u011b etapy a p\u0159i z\u00e1v\u011bre\u010dn\u00e9m d\u011bjstv\u00ed p\u0159edvedl t\u0159icetikilometrovou j\u00edzdu na \u0161pici v pln\u00e9 intenzit\u011b.","og_url":"https:\/\/www.welovecycling.com\/cs\/2026\/03\/16\/proc-van-der-poel-zavodil-pri-tirrenu-jako-utrzeny-ze-retezu\/","og_site_name":"\u0160koda We Love Cycling - \u010cesk\u00e1 republika","article_published_time":"2026-03-16T16:08:14+00:00","og_image":[{"width":1800,"height":1199,"url":"https:\/\/d2p6e6u75xmxt8.cloudfront.net\/13\/2026\/03\/profimedia-1083123969.webp","type":"image\/webp"}],"author":"radekmalina","twitter_card":"summary_large_image","twitter_misc":{"Written by":"Radek Malina","Est. reading time":"5"},"schema":{"@context":"https:\/\/schema.org","@graph":[{"@type":"WebPage","@id":"https:\/\/www.welovecycling.com\/cs\/2026\/03\/16\/proc-van-der-poel-zavodil-pri-tirrenu-jako-utrzeny-ze-retezu\/","url":"https:\/\/www.welovecycling.com\/cs\/2026\/03\/16\/proc-van-der-poel-zavodil-pri-tirrenu-jako-utrzeny-ze-retezu\/","name":"Pro\u010d van der Poel z\u00e1vodil p\u0159i Tirrenu jako utr\u017een\u00fd ze \u0159et\u011bzu? | \u0160koda We Love Cycling - \u010cesk\u00e1 republika","isPartOf":{"@id":"https:\/\/www.welovecycling.com\/cs\/#website"},"primaryImageOfPage":{"@id":"https:\/\/www.welovecycling.com\/cs\/2026\/03\/16\/proc-van-der-poel-zavodil-pri-tirrenu-jako-utrzeny-ze-retezu\/#primaryimage"},"image":{"@id":"https:\/\/www.welovecycling.com\/cs\/2026\/03\/16\/proc-van-der-poel-zavodil-pri-tirrenu-jako-utrzeny-ze-retezu\/#primaryimage"},"thumbnailUrl":"https:\/\/d2p6e6u75xmxt8.cloudfront.net\/13\/2026\/03\/profimedia-1083123969.webp","datePublished":"2026-03-16T16:08:14+00:00","author":{"@id":"https:\/\/www.welovecycling.com\/cs\/#\/schema\/person\/d9eeb0a378f3a7e4a6d12d2b536b04b8"},"description":"Ohromuj\u00edc\u00ed nasazen\u00ed! Mathieu van der Poel z\u00e1vodil v etapov\u00e9m souboji Tirreno\u2013Adriatico jako utr\u017een\u00fd ze \u0159et\u011bzu. Jednat\u0159icetilet\u00fd l\u00eddr formace Alpecin PremierTech vyhr\u00e1l dv\u011b etapy a p\u0159i z\u00e1v\u011bre\u010dn\u00e9m d\u011bjstv\u00ed p\u0159edvedl t\u0159icetikilometrovou j\u00edzdu na \u0161pici v pln\u00e9 intenzit\u011b.","inLanguage":"cs","potentialAction":[{"@type":"ReadAction","target":["https:\/\/www.welovecycling.com\/cs\/2026\/03\/16\/proc-van-der-poel-zavodil-pri-tirrenu-jako-utrzeny-ze-retezu\/"]}]},{"@type":"ImageObject","inLanguage":"cs","@id":"https:\/\/www.welovecycling.com\/cs\/2026\/03\/16\/proc-van-der-poel-zavodil-pri-tirrenu-jako-utrzeny-ze-retezu\/#primaryimage","url":"https:\/\/d2p6e6u75xmxt8.cloudfront.net\/13\/2026\/03\/profimedia-1083123969.webp","contentUrl":"https:\/\/d2p6e6u75xmxt8.cloudfront.net\/13\/2026\/03\/profimedia-1083123969.webp","width":1800,"height":1199,"caption":"Mathieu van der Poel Tirreno\u2013Adriatico"},{"@type":"WebSite","@id":"https:\/\/www.welovecycling.com\/cs\/#website","url":"https:\/\/www.welovecycling.com\/cs\/","name":"\u0160koda We Love Cycling - \u010cesk\u00e1 republika","description":"WeLoveCycling.cz je online magaz\u00edn, kter\u00fd v\u00e1m pravideln\u011b p\u0159in\u00e1\u0161\u00ed rady a tipy, zaj\u00edmav\u00e9 \u010dl\u00e1nky, videa a jedine\u010dn\u00e9 report\u00e1\u017ee ze sv\u011bta cyklistiky.","potentialAction":[{"@type":"SearchAction","target":{"@type":"EntryPoint","urlTemplate":"https:\/\/www.welovecycling.com\/cs\/?s={search_term_string}"},"query-input":{"@type":"PropertyValueSpecification","valueRequired":true,"valueName":"search_term_string"}}],"inLanguage":"cs"},{"@type":"Person","@id":"https:\/\/www.welovecycling.com\/cs\/#\/schema\/person\/d9eeb0a378f3a7e4a6d12d2b536b04b8","name":"radekmalina","image":{"@type":"ImageObject","inLanguage":"cs","@id":"https:\/\/www.welovecycling.com\/cs\/#\/schema\/person\/image\/","url":"https:\/\/secure.gravatar.com\/avatar\/66994b632cb8c39a46b9f54afa3ae07201b678d32a54275b6f1c9ffec356bfc0?s=96&d=mm&r=g","contentUrl":"https:\/\/secure.gravatar.com\/avatar\/66994b632cb8c39a46b9f54afa3ae07201b678d32a54275b6f1c9ffec356bfc0?s=96&d=mm&r=g","caption":"radekmalina"},"url":"https:\/\/www.welovecycling.com\/cs\/author\/radekmalina\/"}]}},"_links":{"self":[{"href":"https:\/\/www.welovecycling.com\/cs\/wp-json\/wp\/v2\/posts\/32831","targetHints":{"allow":["GET"]}}],"collection":[{"href":"https:\/\/www.welovecycling.com\/cs\/wp-json\/wp\/v2\/posts"}],"about":[{"href":"https:\/\/www.welovecycling.com\/cs\/wp-json\/wp\/v2\/types\/post"}],"author":[{"embeddable":true,"href":"https:\/\/www.welovecycling.com\/cs\/wp-json\/wp\/v2\/users\/138"}],"replies":[{"embeddable":true,"href":"https:\/\/www.welovecycling.com\/cs\/wp-json\/wp\/v2\/comments?post=32831"}],"version-history":[{"count":1,"href":"https:\/\/www.welovecycling.com\/cs\/wp-json\/wp\/v2\/posts\/32831\/revisions"}],"predecessor-version":[{"id":32833,"href":"https:\/\/www.welovecycling.com\/cs\/wp-json\/wp\/v2\/posts\/32831\/revisions\/32833"}],"wp:featuredmedia":[{"embeddable":true,"href":"https:\/\/www.welovecycling.com\/cs\/wp-json\/wp\/v2\/media\/32832"}],"wp:attachment":[{"href":"https:\/\/www.welovecycling.com\/cs\/wp-json\/wp\/v2\/media?parent=32831"}],"wp:term":[{"taxonomy":"category","embeddable":true,"href":"https:\/\/www.welovecycling.com\/cs\/wp-json\/wp\/v2\/categories?post=32831"},{"taxonomy":"post_tag","embeddable":true,"href":"https:\/\/www.welovecycling.com\/cs\/wp-json\/wp\/v2\/tags?post=32831"},{"taxonomy":"global-categories","embeddable":true,"href":"https:\/\/www.welovecycling.com\/cs\/wp-json\/wp\/v2\/global-categories?post=32831"}],"curies":[{"name":"wp","href":"https:\/\/api.w.org\/{rel}","templated":true}]}}