{"id":32826,"date":"2026-03-16T10:14:20","date_gmt":"2026-03-16T08:14:20","guid":{"rendered":"https:\/\/www.welovecycling.com\/cs\/?p=32826"},"modified":"2026-03-16T10:14:20","modified_gmt":"2026-03-16T08:14:20","slug":"tricet-tisic-zasluhuje-magicke-cislo-nasledovani","status":"publish","type":"post","link":"https:\/\/www.welovecycling.com\/cs\/2026\/03\/16\/tricet-tisic-zasluhuje-magicke-cislo-nasledovani\/","title":{"rendered":"T\u0159icet tis\u00edc! Zasluhuje magick\u00e9 \u010d\u00edslo n\u00e1sledov\u00e1n\u00ed?"},"content":{"rendered":"<p><strong>V profesion\u00e1ln\u00edm pelotonu existuje \u010d\u00edslo, kter\u00e9 p\u016fsob\u00ed t\u00e9m\u011b\u0159 jako nepsan\u00e9 pravidlo. A\u0165 u\u017e jde o sprintery, vrcha\u0159e nebo t\u00fdmov\u00e9 domestiky, jejich tachometr po sezon\u011b \u010dasto ukazuje cifru kolem 30 tis\u00edc kilometr\u016f. Hodnoty se mohou li\u0161it o tis\u00edc kilometr\u016f nahoru \u010di dol\u016f, ale v\u011bt\u0161ina z\u00e1vodn\u00edk\u016f se dr\u017e\u00ed bl\u00edzko tohoto symbolick\u00e9ho miln\u00edku.<\/strong><\/p>\n<p>A b\u011bda tomu, kdo takovou la\u0165ku nep\u0159esko\u010d\u00ed. Francouzsk\u00fd cyklista Quentin Pacher ze st\u00e1je Groupama-FDJ v \u017eertu, ale dost mo\u017en\u00e1 velmi v\u00fdsti\u017en\u011b, poznamenal, \u017ee \u010d\u00edslo 27 tis\u00edc u\u017e je v profesion\u00e1ln\u00edm prost\u0159ed\u00ed \u201epodez\u0159ele m\u00e1lo\u201c. Naopak dosa\u017een\u00ed t\u0159icetitis\u00edcov\u00e9 hranice je pova\u017eov\u00e1no za znamen\u00ed stabiln\u00ed a plnohodnotn\u00e9 sezony. Sezony bez zran\u011bn\u00ed a v\u00fdpadk\u016f.<\/p>\n<h2><strong>\u010c\u00edslo 45 je minulost\u00ed<\/strong><\/h2>\n<p>Historicky nebyl objem tr\u00e9ninku v\u017edy nastaven takto. V 60. a 70. letech pat\u0159ily k b\u011b\u017en\u00fdm sezon\u00e1m i n\u00e1jezdy kolem 45 tis\u00edc. Tehdej\u0161\u00ed p\u0159\u00edprava stav\u011bla p\u0159edev\u0161\u00edm na dlouh\u00e9 vytrvalostn\u00ed j\u00edzd\u011b, kdy cyklist\u00e9 \u010dasto absolvovali stovky kilometr\u016f denn\u011b a z\u00e1vody b\u00fdvaly del\u0161\u00ed ne\u017e dnes.<\/p>\n<p>Modern\u00ed sport ale pro\u0161el v\u00fdraznou prom\u011bnou. D\u016fraz se p\u0159esunul od \u010dist\u00e9 kvantity k promy\u0161len\u00e9 kombinaci objemu a intenzity. Podle odborn\u00edk\u016f na v\u00fdkon a tr\u00e9ninkovou fyziologii p\u0159edstavuje \u201e30 litr\u016f\u201c sp\u00ed\u0161e d\u016fsledek optim\u00e1ln\u011b nastaven\u00e9ho tr\u00e9ninkov\u00e9ho pl\u00e1nu ne\u017e pevn\u011b dan\u00fd c\u00edl.<\/p>\n<p><a href=\"https:\/\/d2p6e6u75xmxt8.cloudfront.net\/13\/2026\/03\/SI202602104116-scaled.webp\"><img loading=\"lazy\" decoding=\"async\" class=\"size-extra-large wp-image-32795\" src=\"https:\/\/d2p6e6u75xmxt8.cloudfront.net\/13\/2026\/03\/SI202602104116-1920x1281.webp\" alt=\"\" width=\"1920\" height=\"1281\" srcset=\"https:\/\/d2p6e6u75xmxt8.cloudfront.net\/13\/2026\/03\/SI202602104116-1920x1281.webp 1920w, https:\/\/d2p6e6u75xmxt8.cloudfront.net\/13\/2026\/03\/SI202602104116-300x200.webp 300w, https:\/\/d2p6e6u75xmxt8.cloudfront.net\/13\/2026\/03\/SI202602104116-1024x683.webp 1024w, https:\/\/d2p6e6u75xmxt8.cloudfront.net\/13\/2026\/03\/SI202602104116-768x512.webp 768w, https:\/\/d2p6e6u75xmxt8.cloudfront.net\/13\/2026\/03\/SI202602104116-1536x1024.webp 1536w, https:\/\/d2p6e6u75xmxt8.cloudfront.net\/13\/2026\/03\/SI202602104116-2048x1366.webp 2048w, https:\/\/d2p6e6u75xmxt8.cloudfront.net\/13\/2026\/03\/SI202602104116-400x267.webp 400w, https:\/\/d2p6e6u75xmxt8.cloudfront.net\/13\/2026\/03\/SI202602104116-272x182.webp 272w, https:\/\/d2p6e6u75xmxt8.cloudfront.net\/13\/2026\/03\/SI202602104116-1920x1281.webp 1920w\" sizes=\"auto, (max-width: 1920px) 100vw, 1920px\" \/><\/a><\/p>\n<p>Sezonn\u00ed objem lze rozd\u011blit zhruba takto: asi 10 tis\u00edc kilometr\u016f p\u0159ipad\u00e1 na z\u00e1vodn\u00ed kilometry, zbytek tvo\u0159\u00ed tr\u00e9nink, soust\u0159ed\u011bn\u00ed a individu\u00e1ln\u00ed p\u0159\u00edprava. D\u016fle\u017eit\u011bj\u0161\u00ed ne\u017e samotn\u00e1 kilometr\u00e1\u017e je sp\u00ed\u0161 celkov\u00fd objem pr\u00e1ce vyj\u00e1d\u0159en\u00fd v hodin\u00e1ch \u2013 typicky mezi 800 a 1200 hodinami ro\u010dn\u011b \u2013 a tak\u00e9 rozlo\u017een\u00ed intenzity tr\u00e9ninku.<\/p>\n<p>Tren\u00e9rsk\u00e1 filozofie sou\u010dasn\u00e9ho profesion\u00e1ln\u00edho sportu stoj\u00ed na hled\u00e1n\u00ed rovnov\u00e1hy. P\u0159\u00edli\u0161 n\u00edzk\u00fd objem m\u016f\u017ee znamenat nedostate\u010dnou aerobn\u00ed z\u00e1kladnu, zat\u00edmco nadm\u011bre\u010dn\u00e9 \u201evyt\u00e1\u010den\u00ed motoru\u201c m\u016f\u017ee v\u00e9st k \u00fanav\u011b a stagnaci v\u00fdkonnosti.<\/p>\n<h2><strong>Minimum profesion\u00e1l\u016f?<\/strong><\/h2>\n<p>Odborn\u00edci \u010dasto uv\u00e1d\u011bj\u00ed orienta\u010dn\u00ed minimum \u010d\u00edslo kolem 28 000 kilometr\u016f, kter\u00e9 m\u00e1 zajistit dostate\u010dnou fyziologickou p\u0159ipravenost na z\u00e1vodn\u00ed sezonu. P\u0159ekra\u010dovat v\u00fdrazn\u011b 30 tis\u00edc u\u017e v\u011bt\u0161inou nep\u0159in\u00e1\u0161\u00ed dal\u0161\u00ed v\u00fdkonov\u00fd benefit a m\u016f\u017ee zvy\u0161ovat riziko p\u0159et\u00ed\u017een\u00ed.<\/p>\n<div class=\"shortcode-ys-post-pinup\"><article class=\"loop-simple post-32775 post type-post status-publish format-standard has-post-thumbnail hentry category-zdravi-a-trenink tag-cyklisticke-kratasy tag-cyklistika tag-gravel tag-horska-cyklistika tag-jak-vybrat-cyklisticke-kratasy tag-silnicni-cyklistika tag-spodni-pradlo tag-vlozka global-categories-cycling\" data-postid=\"32775\" role=\"article\" data-post-id=\"32775\" data-word-count=\"476\" data-headline-length=\"34\" data-category=\"Zdrav\u00ed a tr\u00e9nink\" data-global-category=\"Cycling\" data-author=\"Radek Malina\" data-published=\"2026-03-09T09:30:42+02:00\" data-published-day=\"Monday\">\n    <div class=\"entry-thumbnail article-thumbnail\" content=\"https:\/\/d2p6e6u75xmxt8.cloudfront.net\/13\/2026\/03\/bibs-women-150x150.webp\"><a href=\"https:\/\/www.welovecycling.com\/cs\/2026\/03\/09\/proc-spodary-na-kolo-nepatri\/\" class=\"image-holder\" target=\"_self\"><img decoding=\"async\" loading=\"lazy\" class=\"\" src=\"https:\/\/d2p6e6u75xmxt8.cloudfront.net\/13\/2026\/03\/bibs-women-1024x614.webp\" srcset=\"https:\/\/d2p6e6u75xmxt8.cloudfront.net\/13\/2026\/03\/bibs-women-scaled.webp 2560w, https:\/\/d2p6e6u75xmxt8.cloudfront.net\/13\/2026\/03\/bibs-women-300x180.webp 300w, https:\/\/d2p6e6u75xmxt8.cloudfront.net\/13\/2026\/03\/bibs-women-1024x614.webp 1024w, https:\/\/d2p6e6u75xmxt8.cloudfront.net\/13\/2026\/03\/bibs-women-768x461.webp 768w, https:\/\/d2p6e6u75xmxt8.cloudfront.net\/13\/2026\/03\/bibs-women-1536x922.webp 1536w, https:\/\/d2p6e6u75xmxt8.cloudfront.net\/13\/2026\/03\/bibs-women-2048x1229.webp 2048w, https:\/\/d2p6e6u75xmxt8.cloudfront.net\/13\/2026\/03\/bibs-women-1920x1152.webp 1920w, https:\/\/d2p6e6u75xmxt8.cloudfront.net\/13\/2026\/03\/bibs-women-400x240.webp 400w, https:\/\/d2p6e6u75xmxt8.cloudfront.net\/13\/2026\/03\/bibs-women-1920x1152.webp 1920w\" width=\"1024\" height=\"614\" sizes=\"auto, (min-width: 1200px) 334px, (min-width: 768px) 28vw, 100vw\" alt=\"proc-spodary-na-kolo-nepatri\"\/><\/a><\/div>    <div class=\"entry-meta\">\n        <a class=\"label label-secondary post-category\" href=\"https:\/\/www.welovecycling.com\/cs\/category\/zdravi-a-trenink\/\" title=\"Zdrav\u00ed a tr\u00e9nink\">Zdrav\u00ed a tr\u00e9nink<\/a>\n    <\/div>\n    <div class=\"entry-details\">\n        <a href=\"https:\/\/www.welovecycling.com\/cs\/2026\/03\/09\/proc-spodary-na-kolo-nepatri\/\" class='entry-title-wrapper'>\n            <h3 class=\"entry-title\"><span>Pro\u010d spo\u010f\u00e1ry na kolo nepat\u0159\u00ed?<\/span><\/h3>\n        <\/a>\n    <\/div>\n    <\/article>\n<\/div>\n<p>T\u0159icetitis\u00edcov\u00e1 hranice nen\u00ed jen fyziologick\u00e1, ale tak\u00e9 ment\u00e1ln\u00ed. Pro mnoho z\u00e1vodn\u00edk\u016f p\u0159edstavuje symbol dob\u0159e odveden\u00e9 pr\u00e1ce a sezony bez zran\u011bn\u00ed. Nen\u00ed proto v\u00fdjimkou, \u017ee n\u011bkte\u0159\u00ed sportovci na konci roku p\u0159idaj\u00ed p\u00e1r des\u00edtek kilometr\u016f jen proto, aby se p\u0159ibl\u00ed\u017eili kulat\u00e9mu sou\u010dtu. Podobn\u011b jako my rekrea\u010dn\u00ed cyklist\u00e9, kte\u0159\u00ed po n\u00e1vratu dom\u016f je\u0161t\u011b obj\u00ed\u017ed\u011bj\u00ed d\u016fm, aby jim na po\u010d\u00edtadle chyb\u011blo co nejm\u00e9n\u011b.<\/p>\n<h2><strong>Kupen\u00ed kilometr\u016f nen\u00ed z\u00e1ruka v\u00fdkonu?<\/strong><\/h2>\n<p>Pro v\u011bt\u0161inu hobby cyklist\u016f je profesion\u00e1ln\u00ed kilometr\u00e1\u017e nedosa\u017eiteln\u00e1. Rekrea\u010dn\u00ed jezdec m\u016f\u017ee b\u00fdt spokojen\u00fd s p\u011bti tis\u00edcovkami kilometry ro\u010dn\u011b, velmi aktivn\u00ed amat\u00e9r se m\u016f\u017ee p\u0159ibl\u00ed\u017eit hranici 10 000 kilometr\u016f.<\/p>\n<blockquote class=\"instagram-media\" style=\"background: #FFF; border: 0; border-radius: 3px; box-shadow: 0 0 1px 0 rgba(0,0,0,0.5),0 1px 10px 0 rgba(0,0,0,0.15); margin: 1px; max-width: 540px; min-width: 326px; padding: 0; width: calc(100% - 2px);\" data-instgrm-captioned=\"\" data-instgrm-permalink=\"https:\/\/www.instagram.com\/p\/DU_JKoxiC-f\/?utm_source=ig_embed&amp;utm_campaign=loading\" data-instgrm-version=\"14\">\n<div style=\"padding: 16px;\">\n<p>&nbsp;<\/p>\n<div style=\"display: flex; flex-direction: row; align-items: center;\">\n<div style=\"background-color: #f4f4f4; border-radius: 50%; flex-grow: 0; height: 40px; margin-right: 14px; width: 40px;\"><\/div>\n<div style=\"display: flex; flex-direction: column; flex-grow: 1; justify-content: center;\">\n<div style=\"background-color: #f4f4f4; border-radius: 4px; flex-grow: 0; height: 14px; margin-bottom: 6px; width: 100px;\"><\/div>\n<div style=\"background-color: #f4f4f4; border-radius: 4px; flex-grow: 0; height: 14px; width: 60px;\"><\/div>\n<\/div>\n<\/div>\n<div style=\"padding: 19% 0;\"><\/div>\n<div style=\"display: block; height: 50px; margin: 0 auto 12px; width: 50px;\"><\/div>\n<div style=\"padding-top: 8px;\">\n<div style=\"color: #3897f0; font-family: Arial,sans-serif; font-size: 14px; font-style: normal; font-weight: 550; line-height: 18px;\">Zobrazit p\u0159\u00edsp\u011bvek na Instagramu<\/div>\n<\/div>\n<div style=\"padding: 12.5% 0;\"><\/div>\n<div style=\"display: flex; flex-direction: row; margin-bottom: 14px; align-items: center;\">\n<div>\n<div style=\"background-color: #f4f4f4; border-radius: 50%; height: 12.5px; width: 12.5px; transform: translateX(0px) translateY(7px);\"><\/div>\n<div style=\"background-color: #f4f4f4; height: 12.5px; transform: rotate(-45deg) translateX(3px) translateY(1px); width: 12.5px; flex-grow: 0; margin-right: 14px; margin-left: 2px;\"><\/div>\n<div style=\"background-color: #f4f4f4; border-radius: 50%; height: 12.5px; width: 12.5px; transform: translateX(9px) translateY(-18px);\"><\/div>\n<\/div>\n<div style=\"margin-left: 8px;\">\n<div style=\"background-color: #f4f4f4; border-radius: 50%; flex-grow: 0; height: 20px; width: 20px;\"><\/div>\n<div style=\"width: 0; height: 0; border-top: 2px solid transparent; border-left: 6px solid #f4f4f4; border-bottom: 2px solid transparent; transform: translateX(16px) translateY(-4px) rotate(30deg);\"><\/div>\n<\/div>\n<div style=\"margin-left: auto;\">\n<div style=\"width: 0px; border-top: 8px solid #F4F4F4; border-right: 8px solid transparent; transform: translateY(16px);\"><\/div>\n<div style=\"background-color: #f4f4f4; flex-grow: 0; height: 12px; width: 16px; transform: translateY(-4px);\"><\/div>\n<div style=\"width: 0; height: 0; border-top: 8px solid #F4F4F4; border-left: 8px solid transparent; transform: translateY(-4px) translateX(8px);\"><\/div>\n<\/div>\n<\/div>\n<div style=\"display: flex; flex-direction: column; flex-grow: 1; justify-content: center; margin-bottom: 24px;\">\n<div style=\"background-color: #f4f4f4; border-radius: 4px; flex-grow: 0; height: 14px; margin-bottom: 6px; width: 224px;\"><\/div>\n<div style=\"background-color: #f4f4f4; border-radius: 4px; flex-grow: 0; height: 14px; width: 144px;\"><\/div>\n<\/div>\n<p>&nbsp;<\/p>\n<p style=\"color: #c9c8cd; font-family: Arial,sans-serif; font-size: 14px; line-height: 17px; margin-bottom: 0; margin-top: 8px; overflow: hidden; padding: 8px 0 7px; text-align: center; text-overflow: ellipsis; white-space: nowrap;\"><a style=\"color: #c9c8cd; font-family: Arial,sans-serif; font-size: 14px; font-style: normal; font-weight: normal; line-height: 17px; text-decoration: none;\" href=\"https:\/\/www.instagram.com\/p\/DU_JKoxiC-f\/?utm_source=ig_embed&amp;utm_campaign=loading\" target=\"_blank\" rel=\"noopener\">P\u0159\u00edsp\u011bvek sd\u00edlen\u00fd AG Insurance &#8211; Soudal cycling team (@aginsurancesoudal)<\/a><\/p>\n<\/div>\n<\/blockquote>\n<p><script async src=\"\/\/www.instagram.com\/embed.js\"><\/script>\u00a0Je\u0161t\u011b vy\u0161\u0161\u00ed objemy, nap\u0159\u00edklad 15 000 kilometr\u016f, u\u017e vy\u017eaduj\u00ed zna\u010dn\u00e9 osobn\u00ed ob\u011bti a t\u00e9m\u011b\u0159 poloprofesion\u00e1ln\u00ed re\u017eim. N\u011bkte\u0159\u00ed vysoce v\u00fdkonnostn\u00ed amat\u00e9\u0159i nebo mo\u017en\u00e1 p\u0159ekvapiv\u011b kur\u00fd\u0159i mohou b\u011bhem roku dosahovat vysok\u00fdch denn\u00edch n\u00e1jezd\u016f, ale i oni se pohybuj\u00ed v\u00fdrazn\u011b pod profesion\u00e1ln\u00edm standardem.<\/p>\n<p>Sou\u010dasn\u00e9 pojet\u00ed tr\u00e9ninku ukazuje, \u017ee samotn\u00e9 kupen\u00ed kilometr\u016f nen\u00ed z\u00e1rukou v\u00fdkonu. Modern\u00ed cyklistika klade d\u016fraz na kvalitu intervalov\u00fdch tr\u00e9nink\u016f, regeneraci i spr\u00e1vn\u00e9 rozlo\u017een\u00ed z\u00e1t\u011b\u017ee b\u011bhem sezony.<\/p>\n<div class=\"shortcode-ys-post-pinup\"><article class=\"loop-simple post-32794 post type-post status-publish format-standard has-post-thumbnail hentry category-silnicni-cyklistika tag-cyklistika tag-financni-odmeny tag-jonas-vingegaard tag-minimalni-mzda tag-platy-cyklistu tag-remco-evenepoel tag-silnicni-cyklistika tag-tadej-pogacar tag-vyplaty\" data-postid=\"32794\" role=\"article\" data-post-id=\"32794\" data-word-count=\"492\" data-headline-length=\"40\" data-category=\"Silni\u010dn\u00ed cyklistika\" data-author=\"Radek Malina\" data-published=\"2026-03-11T06:01:49+02:00\" data-published-day=\"Wednesday\">\n    <div class=\"entry-thumbnail article-thumbnail\" content=\"https:\/\/d2p6e6u75xmxt8.cloudfront.net\/13\/2026\/03\/SI202602104116-150x150.webp\"><a href=\"https:\/\/www.welovecycling.com\/cs\/2026\/03\/11\/remco-si-polepsil-o-75-milionu-rocne\/\" class=\"image-holder\" target=\"_self\"><img decoding=\"async\" loading=\"lazy\" class=\"\" src=\"https:\/\/d2p6e6u75xmxt8.cloudfront.net\/13\/2026\/03\/SI202602104116-1024x683.webp\" srcset=\"https:\/\/d2p6e6u75xmxt8.cloudfront.net\/13\/2026\/03\/SI202602104116-scaled.webp 2560w, https:\/\/d2p6e6u75xmxt8.cloudfront.net\/13\/2026\/03\/SI202602104116-300x200.webp 300w, https:\/\/d2p6e6u75xmxt8.cloudfront.net\/13\/2026\/03\/SI202602104116-1024x683.webp 1024w, https:\/\/d2p6e6u75xmxt8.cloudfront.net\/13\/2026\/03\/SI202602104116-768x512.webp 768w, https:\/\/d2p6e6u75xmxt8.cloudfront.net\/13\/2026\/03\/SI202602104116-1536x1024.webp 1536w, https:\/\/d2p6e6u75xmxt8.cloudfront.net\/13\/2026\/03\/SI202602104116-2048x1366.webp 2048w, https:\/\/d2p6e6u75xmxt8.cloudfront.net\/13\/2026\/03\/SI202602104116-1920x1281.webp 1920w, https:\/\/d2p6e6u75xmxt8.cloudfront.net\/13\/2026\/03\/SI202602104116-400x267.webp 400w, https:\/\/d2p6e6u75xmxt8.cloudfront.net\/13\/2026\/03\/SI202602104116-272x182.webp 272w, https:\/\/d2p6e6u75xmxt8.cloudfront.net\/13\/2026\/03\/SI202602104116-1920x1281.webp 1920w\" width=\"1024\" height=\"683\" sizes=\"auto, (min-width: 1200px) 300px, (min-width: 768px) 25vw, 100vw\" alt=\"remco-si-polepsil-o-75-milionu-rocne\"\/><\/a><\/div>    <div class=\"entry-meta\">\n        <a class=\"label label-secondary post-category\" href=\"https:\/\/www.welovecycling.com\/cs\/category\/silnicni-cyklistika\/\" title=\"Silni\u010dn\u00ed cyklistika\">Silni\u010dn\u00ed cyklistika<\/a>\n    <\/div>\n    <div class=\"entry-details\">\n        <a href=\"https:\/\/www.welovecycling.com\/cs\/2026\/03\/11\/remco-si-polepsil-o-75-milionu-rocne\/\" class='entry-title-wrapper'>\n            <h3 class=\"entry-title\"><span>Remco si polep\u0161il o 75 milion\u016f ro\u010dn\u011b<\/span><\/h3>\n        <\/a>\n    <\/div>\n    <\/article>\n<\/div>\n<p>Nav\u00edc se z\u00e1vodn\u00ed kalend\u00e1\u0159 postupn\u011b prodlu\u017euje, sezony \u010dasto za\u010d\u00ednaj\u00ed u\u017e v lednu a kon\u010d\u00ed skoro a\u017e v listopadu. Budouc\u00ed v\u00fdvoj proto m\u016f\u017ee kilometr\u00e1\u017e profesion\u00e1ln\u00edch jezdc\u016f je\u0161t\u011b m\u00edrn\u011b prom\u011bnit \u2013 i kdy\u017e zat\u00edm v\u0161e nasv\u011bd\u010duje tomu, \u017ee t\u0159icetitis\u00edcov\u00e1 hranice z\u016fstane <a href=\"https:\/\/www.welovecycling.com\/cs\/2026\/03\/11\/jak-dlouhy-ma-byt-trenink\/\">symbolem vyv\u00e1\u017een\u00e9ho v\u00fdkonu.<\/a><\/p>\n","protected":false},"excerpt":{"rendered":"<p>V profesion\u00e1ln\u00edm pelotonu existuje \u010d\u00edslo, kter\u00e9 p\u016fsob\u00ed t\u00e9m\u011b\u0159 jako nepsan\u00e9 pravidlo. A\u0165 u\u017e jde o sprintery, vrcha\u0159e nebo t\u00fdmov\u00e9 domestiky, [&hellip;]<\/p>\n","protected":false},"author":138,"featured_media":32790,"comment_status":"open","ping_status":"open","sticky":false,"template":"","format":"standard","meta":{"footnotes":""},"categories":[6],"tags":[4594,126,4111,4595,4596,9,27],"global-categories":[411],"class_list":["post-32826","post","type-post","status-publish","format-standard","has-post-thumbnail","hentry","category-zdravi-a-trenink","tag-cislo","tag-cyklistika","tag-magicke-cislo","tag-najezd-kilometru","tag-rocni-najezd","tag-silnicni-cyklistika","tag-trenink","global-categories-cycling"],"yoast_head":"<!-- This site is optimized with the Yoast SEO Premium plugin v25.3 (Yoast SEO v25.9) - https:\/\/yoast.com\/wordpress\/plugins\/seo\/ -->\n<title>T\u0159icet tis\u00edc! Zasluhuje magick\u00e9 \u010d\u00edslo n\u00e1sledov\u00e1n\u00ed? | \u0160koda We Love Cycling - \u010cesk\u00e1 republika<\/title>\n<meta name=\"description\" content=\"V profesion\u00e1ln\u00edm pelotonu existuje \u010d\u00edslo, kter\u00e9 p\u016fsob\u00ed t\u00e9m\u011b\u0159 jako nepsan\u00e9 pravidlo. A\u0165 u\u017e jde o sprintery, vrcha\u0159e nebo t\u00fdmov\u00e9 domestiky, jejich tachometr po sezon\u011b \u010dasto ukazuje cifru kolem 30 tis\u00edc kilometr\u016f. Hodnoty se mohou li\u0161it o tis\u00edc kilometr\u016f nahoru \u010di dol\u016f, ale v\u011bt\u0161ina z\u00e1vodn\u00edk\u016f se dr\u017e\u00ed bl\u00edzko tohoto symbolick\u00e9ho miln\u00edku.\" \/>\n<meta name=\"robots\" content=\"index, follow, max-snippet:-1, max-image-preview:large, max-video-preview:-1\" \/>\n<link rel=\"canonical\" href=\"https:\/\/www.welovecycling.com\/cs\/2026\/03\/16\/tricet-tisic-zasluhuje-magicke-cislo-nasledovani\/\" \/>\n<meta property=\"og:locale\" content=\"cs_CZ\" \/>\n<meta property=\"og:type\" content=\"article\" \/>\n<meta property=\"og:title\" content=\"T\u0159icet tis\u00edc! Zasluhuje magick\u00e9 \u010d\u00edslo n\u00e1sledov\u00e1n\u00ed?\" \/>\n<meta property=\"og:description\" content=\"V profesion\u00e1ln\u00edm pelotonu existuje \u010d\u00edslo, kter\u00e9 p\u016fsob\u00ed t\u00e9m\u011b\u0159 jako nepsan\u00e9 pravidlo. A\u0165 u\u017e jde o sprintery, vrcha\u0159e nebo t\u00fdmov\u00e9 domestiky, jejich tachometr po sezon\u011b \u010dasto ukazuje cifru kolem 30 tis\u00edc kilometr\u016f. Hodnoty se mohou li\u0161it o tis\u00edc kilometr\u016f nahoru \u010di dol\u016f, ale v\u011bt\u0161ina z\u00e1vodn\u00edk\u016f se dr\u017e\u00ed bl\u00edzko tohoto symbolick\u00e9ho miln\u00edku.\" \/>\n<meta property=\"og:url\" content=\"https:\/\/www.welovecycling.com\/cs\/2026\/03\/16\/tricet-tisic-zasluhuje-magicke-cislo-nasledovani\/\" \/>\n<meta property=\"og:site_name\" content=\"\u0160koda We Love Cycling - \u010cesk\u00e1 republika\" \/>\n<meta property=\"article:published_time\" content=\"2026-03-16T08:14:20+00:00\" \/>\n<meta property=\"og:image\" content=\"https:\/\/d2p6e6u75xmxt8.cloudfront.net\/13\/2026\/03\/SI202601070286-scaled.webp\" \/>\n\t<meta property=\"og:image:width\" content=\"2560\" \/>\n\t<meta property=\"og:image:height\" content=\"1707\" \/>\n\t<meta property=\"og:image:type\" content=\"image\/webp\" \/>\n<meta name=\"author\" content=\"radekmalina\" \/>\n<meta name=\"twitter:card\" content=\"summary_large_image\" \/>\n<meta name=\"twitter:label1\" content=\"Written by\" \/>\n\t<meta name=\"twitter:data1\" content=\"Radek Malina\" \/>\n\t<meta name=\"twitter:label2\" content=\"Est. reading time\" \/>\n\t<meta name=\"twitter:data2\" content=\"7\" \/>\n<script type=\"application\/ld+json\" class=\"yoast-schema-graph\">{\"@context\":\"https:\/\/schema.org\",\"@graph\":[{\"@type\":\"WebPage\",\"@id\":\"https:\/\/www.welovecycling.com\/cs\/2026\/03\/16\/tricet-tisic-zasluhuje-magicke-cislo-nasledovani\/\",\"url\":\"https:\/\/www.welovecycling.com\/cs\/2026\/03\/16\/tricet-tisic-zasluhuje-magicke-cislo-nasledovani\/\",\"name\":\"T\u0159icet tis\u00edc! Zasluhuje magick\u00e9 \u010d\u00edslo n\u00e1sledov\u00e1n\u00ed? | \u0160koda We Love Cycling - \u010cesk\u00e1 republika\",\"isPartOf\":{\"@id\":\"https:\/\/www.welovecycling.com\/cs\/#website\"},\"primaryImageOfPage\":{\"@id\":\"https:\/\/www.welovecycling.com\/cs\/2026\/03\/16\/tricet-tisic-zasluhuje-magicke-cislo-nasledovani\/#primaryimage\"},\"image\":{\"@id\":\"https:\/\/www.welovecycling.com\/cs\/2026\/03\/16\/tricet-tisic-zasluhuje-magicke-cislo-nasledovani\/#primaryimage\"},\"thumbnailUrl\":\"https:\/\/d2p6e6u75xmxt8.cloudfront.net\/13\/2026\/03\/SI202601070286-scaled.webp\",\"datePublished\":\"2026-03-16T08:14:20+00:00\",\"author\":{\"@id\":\"https:\/\/www.welovecycling.com\/cs\/#\/schema\/person\/d9eeb0a378f3a7e4a6d12d2b536b04b8\"},\"description\":\"V profesion\u00e1ln\u00edm pelotonu existuje \u010d\u00edslo, kter\u00e9 p\u016fsob\u00ed t\u00e9m\u011b\u0159 jako nepsan\u00e9 pravidlo. A\u0165 u\u017e jde o sprintery, vrcha\u0159e nebo t\u00fdmov\u00e9 domestiky, jejich tachometr po sezon\u011b \u010dasto ukazuje cifru kolem 30 tis\u00edc kilometr\u016f. Hodnoty se mohou li\u0161it o tis\u00edc kilometr\u016f nahoru \u010di dol\u016f, ale v\u011bt\u0161ina z\u00e1vodn\u00edk\u016f se dr\u017e\u00ed bl\u00edzko tohoto symbolick\u00e9ho miln\u00edku.\",\"inLanguage\":\"cs\",\"potentialAction\":[{\"@type\":\"ReadAction\",\"target\":[\"https:\/\/www.welovecycling.com\/cs\/2026\/03\/16\/tricet-tisic-zasluhuje-magicke-cislo-nasledovani\/\"]}]},{\"@type\":\"ImageObject\",\"inLanguage\":\"cs\",\"@id\":\"https:\/\/www.welovecycling.com\/cs\/2026\/03\/16\/tricet-tisic-zasluhuje-magicke-cislo-nasledovani\/#primaryimage\",\"url\":\"https:\/\/d2p6e6u75xmxt8.cloudfront.net\/13\/2026\/03\/SI202601070286-scaled.webp\",\"contentUrl\":\"https:\/\/d2p6e6u75xmxt8.cloudfront.net\/13\/2026\/03\/SI202601070286-scaled.webp\",\"width\":2560,\"height\":1707,\"caption\":\"Rogli\u010d evenepoel \u010d\u00edslo kilometr\u016f\"},{\"@type\":\"WebSite\",\"@id\":\"https:\/\/www.welovecycling.com\/cs\/#website\",\"url\":\"https:\/\/www.welovecycling.com\/cs\/\",\"name\":\"\u0160koda We Love Cycling - \u010cesk\u00e1 republika\",\"description\":\"WeLoveCycling.cz je online magaz\u00edn, kter\u00fd v\u00e1m pravideln\u011b p\u0159in\u00e1\u0161\u00ed rady a tipy, zaj\u00edmav\u00e9 \u010dl\u00e1nky, videa a jedine\u010dn\u00e9 report\u00e1\u017ee ze sv\u011bta cyklistiky.\",\"potentialAction\":[{\"@type\":\"SearchAction\",\"target\":{\"@type\":\"EntryPoint\",\"urlTemplate\":\"https:\/\/www.welovecycling.com\/cs\/?s={search_term_string}\"},\"query-input\":{\"@type\":\"PropertyValueSpecification\",\"valueRequired\":true,\"valueName\":\"search_term_string\"}}],\"inLanguage\":\"cs\"},{\"@type\":\"Person\",\"@id\":\"https:\/\/www.welovecycling.com\/cs\/#\/schema\/person\/d9eeb0a378f3a7e4a6d12d2b536b04b8\",\"name\":\"radekmalina\",\"image\":{\"@type\":\"ImageObject\",\"inLanguage\":\"cs\",\"@id\":\"https:\/\/www.welovecycling.com\/cs\/#\/schema\/person\/image\/\",\"url\":\"https:\/\/secure.gravatar.com\/avatar\/66994b632cb8c39a46b9f54afa3ae07201b678d32a54275b6f1c9ffec356bfc0?s=96&d=mm&r=g\",\"contentUrl\":\"https:\/\/secure.gravatar.com\/avatar\/66994b632cb8c39a46b9f54afa3ae07201b678d32a54275b6f1c9ffec356bfc0?s=96&d=mm&r=g\",\"caption\":\"radekmalina\"},\"url\":\"https:\/\/www.welovecycling.com\/cs\/author\/radekmalina\/\"}]}<\/script>\n<!-- \/ Yoast SEO Premium plugin. -->","yoast_head_json":{"title":"T\u0159icet tis\u00edc! Zasluhuje magick\u00e9 \u010d\u00edslo n\u00e1sledov\u00e1n\u00ed? | \u0160koda We Love Cycling - \u010cesk\u00e1 republika","description":"V profesion\u00e1ln\u00edm pelotonu existuje \u010d\u00edslo, kter\u00e9 p\u016fsob\u00ed t\u00e9m\u011b\u0159 jako nepsan\u00e9 pravidlo. A\u0165 u\u017e jde o sprintery, vrcha\u0159e nebo t\u00fdmov\u00e9 domestiky, jejich tachometr po sezon\u011b \u010dasto ukazuje cifru kolem 30 tis\u00edc kilometr\u016f. Hodnoty se mohou li\u0161it o tis\u00edc kilometr\u016f nahoru \u010di dol\u016f, ale v\u011bt\u0161ina z\u00e1vodn\u00edk\u016f se dr\u017e\u00ed bl\u00edzko tohoto symbolick\u00e9ho miln\u00edku.","robots":{"index":"index","follow":"follow","max-snippet":"max-snippet:-1","max-image-preview":"max-image-preview:large","max-video-preview":"max-video-preview:-1"},"canonical":"https:\/\/www.welovecycling.com\/cs\/2026\/03\/16\/tricet-tisic-zasluhuje-magicke-cislo-nasledovani\/","og_locale":"cs_CZ","og_type":"article","og_title":"T\u0159icet tis\u00edc! Zasluhuje magick\u00e9 \u010d\u00edslo n\u00e1sledov\u00e1n\u00ed?","og_description":"V profesion\u00e1ln\u00edm pelotonu existuje \u010d\u00edslo, kter\u00e9 p\u016fsob\u00ed t\u00e9m\u011b\u0159 jako nepsan\u00e9 pravidlo. A\u0165 u\u017e jde o sprintery, vrcha\u0159e nebo t\u00fdmov\u00e9 domestiky, jejich tachometr po sezon\u011b \u010dasto ukazuje cifru kolem 30 tis\u00edc kilometr\u016f. Hodnoty se mohou li\u0161it o tis\u00edc kilometr\u016f nahoru \u010di dol\u016f, ale v\u011bt\u0161ina z\u00e1vodn\u00edk\u016f se dr\u017e\u00ed bl\u00edzko tohoto symbolick\u00e9ho miln\u00edku.","og_url":"https:\/\/www.welovecycling.com\/cs\/2026\/03\/16\/tricet-tisic-zasluhuje-magicke-cislo-nasledovani\/","og_site_name":"\u0160koda We Love Cycling - \u010cesk\u00e1 republika","article_published_time":"2026-03-16T08:14:20+00:00","og_image":[{"width":2560,"height":1707,"url":"https:\/\/d2p6e6u75xmxt8.cloudfront.net\/13\/2026\/03\/SI202601070286-scaled.webp","type":"image\/webp"}],"author":"radekmalina","twitter_card":"summary_large_image","twitter_misc":{"Written by":"Radek Malina","Est. reading time":"7"},"schema":{"@context":"https:\/\/schema.org","@graph":[{"@type":"WebPage","@id":"https:\/\/www.welovecycling.com\/cs\/2026\/03\/16\/tricet-tisic-zasluhuje-magicke-cislo-nasledovani\/","url":"https:\/\/www.welovecycling.com\/cs\/2026\/03\/16\/tricet-tisic-zasluhuje-magicke-cislo-nasledovani\/","name":"T\u0159icet tis\u00edc! Zasluhuje magick\u00e9 \u010d\u00edslo n\u00e1sledov\u00e1n\u00ed? | \u0160koda We Love Cycling - \u010cesk\u00e1 republika","isPartOf":{"@id":"https:\/\/www.welovecycling.com\/cs\/#website"},"primaryImageOfPage":{"@id":"https:\/\/www.welovecycling.com\/cs\/2026\/03\/16\/tricet-tisic-zasluhuje-magicke-cislo-nasledovani\/#primaryimage"},"image":{"@id":"https:\/\/www.welovecycling.com\/cs\/2026\/03\/16\/tricet-tisic-zasluhuje-magicke-cislo-nasledovani\/#primaryimage"},"thumbnailUrl":"https:\/\/d2p6e6u75xmxt8.cloudfront.net\/13\/2026\/03\/SI202601070286-scaled.webp","datePublished":"2026-03-16T08:14:20+00:00","author":{"@id":"https:\/\/www.welovecycling.com\/cs\/#\/schema\/person\/d9eeb0a378f3a7e4a6d12d2b536b04b8"},"description":"V profesion\u00e1ln\u00edm pelotonu existuje \u010d\u00edslo, kter\u00e9 p\u016fsob\u00ed t\u00e9m\u011b\u0159 jako nepsan\u00e9 pravidlo. A\u0165 u\u017e jde o sprintery, vrcha\u0159e nebo t\u00fdmov\u00e9 domestiky, jejich tachometr po sezon\u011b \u010dasto ukazuje cifru kolem 30 tis\u00edc kilometr\u016f. Hodnoty se mohou li\u0161it o tis\u00edc kilometr\u016f nahoru \u010di dol\u016f, ale v\u011bt\u0161ina z\u00e1vodn\u00edk\u016f se dr\u017e\u00ed bl\u00edzko tohoto symbolick\u00e9ho miln\u00edku.","inLanguage":"cs","potentialAction":[{"@type":"ReadAction","target":["https:\/\/www.welovecycling.com\/cs\/2026\/03\/16\/tricet-tisic-zasluhuje-magicke-cislo-nasledovani\/"]}]},{"@type":"ImageObject","inLanguage":"cs","@id":"https:\/\/www.welovecycling.com\/cs\/2026\/03\/16\/tricet-tisic-zasluhuje-magicke-cislo-nasledovani\/#primaryimage","url":"https:\/\/d2p6e6u75xmxt8.cloudfront.net\/13\/2026\/03\/SI202601070286-scaled.webp","contentUrl":"https:\/\/d2p6e6u75xmxt8.cloudfront.net\/13\/2026\/03\/SI202601070286-scaled.webp","width":2560,"height":1707,"caption":"Rogli\u010d evenepoel \u010d\u00edslo kilometr\u016f"},{"@type":"WebSite","@id":"https:\/\/www.welovecycling.com\/cs\/#website","url":"https:\/\/www.welovecycling.com\/cs\/","name":"\u0160koda We Love Cycling - \u010cesk\u00e1 republika","description":"WeLoveCycling.cz je online magaz\u00edn, kter\u00fd v\u00e1m pravideln\u011b p\u0159in\u00e1\u0161\u00ed rady a tipy, zaj\u00edmav\u00e9 \u010dl\u00e1nky, videa a jedine\u010dn\u00e9 report\u00e1\u017ee ze sv\u011bta cyklistiky.","potentialAction":[{"@type":"SearchAction","target":{"@type":"EntryPoint","urlTemplate":"https:\/\/www.welovecycling.com\/cs\/?s={search_term_string}"},"query-input":{"@type":"PropertyValueSpecification","valueRequired":true,"valueName":"search_term_string"}}],"inLanguage":"cs"},{"@type":"Person","@id":"https:\/\/www.welovecycling.com\/cs\/#\/schema\/person\/d9eeb0a378f3a7e4a6d12d2b536b04b8","name":"radekmalina","image":{"@type":"ImageObject","inLanguage":"cs","@id":"https:\/\/www.welovecycling.com\/cs\/#\/schema\/person\/image\/","url":"https:\/\/secure.gravatar.com\/avatar\/66994b632cb8c39a46b9f54afa3ae07201b678d32a54275b6f1c9ffec356bfc0?s=96&d=mm&r=g","contentUrl":"https:\/\/secure.gravatar.com\/avatar\/66994b632cb8c39a46b9f54afa3ae07201b678d32a54275b6f1c9ffec356bfc0?s=96&d=mm&r=g","caption":"radekmalina"},"url":"https:\/\/www.welovecycling.com\/cs\/author\/radekmalina\/"}]}},"_links":{"self":[{"href":"https:\/\/www.welovecycling.com\/cs\/wp-json\/wp\/v2\/posts\/32826","targetHints":{"allow":["GET"]}}],"collection":[{"href":"https:\/\/www.welovecycling.com\/cs\/wp-json\/wp\/v2\/posts"}],"about":[{"href":"https:\/\/www.welovecycling.com\/cs\/wp-json\/wp\/v2\/types\/post"}],"author":[{"embeddable":true,"href":"https:\/\/www.welovecycling.com\/cs\/wp-json\/wp\/v2\/users\/138"}],"replies":[{"embeddable":true,"href":"https:\/\/www.welovecycling.com\/cs\/wp-json\/wp\/v2\/comments?post=32826"}],"version-history":[{"count":2,"href":"https:\/\/www.welovecycling.com\/cs\/wp-json\/wp\/v2\/posts\/32826\/revisions"}],"predecessor-version":[{"id":32828,"href":"https:\/\/www.welovecycling.com\/cs\/wp-json\/wp\/v2\/posts\/32826\/revisions\/32828"}],"wp:featuredmedia":[{"embeddable":true,"href":"https:\/\/www.welovecycling.com\/cs\/wp-json\/wp\/v2\/media\/32790"}],"wp:attachment":[{"href":"https:\/\/www.welovecycling.com\/cs\/wp-json\/wp\/v2\/media?parent=32826"}],"wp:term":[{"taxonomy":"category","embeddable":true,"href":"https:\/\/www.welovecycling.com\/cs\/wp-json\/wp\/v2\/categories?post=32826"},{"taxonomy":"post_tag","embeddable":true,"href":"https:\/\/www.welovecycling.com\/cs\/wp-json\/wp\/v2\/tags?post=32826"},{"taxonomy":"global-categories","embeddable":true,"href":"https:\/\/www.welovecycling.com\/cs\/wp-json\/wp\/v2\/global-categories?post=32826"}],"curies":[{"name":"wp","href":"https:\/\/api.w.org\/{rel}","templated":true}]}}