{"id":32820,"date":"2026-03-13T17:00:15","date_gmt":"2026-03-13T15:00:15","guid":{"rendered":"https:\/\/www.welovecycling.com\/cs\/?p=32820"},"modified":"2026-03-12T22:58:54","modified_gmt":"2026-03-12T20:58:54","slug":"tour-de-france-v-africe-nema-favority","status":"publish","type":"post","link":"https:\/\/www.welovecycling.com\/cs\/2026\/03\/13\/tour-de-france-v-africe-nema-favority\/","title":{"rendered":"Tour de France v Africe nem\u00e1 favority"},"content":{"rendered":"<p><strong>Tour de France horsk\u00fdch kol! Tak je ozna\u010dov\u00e1n Absa Cape Epic, nejpresti\u017en\u011bj\u0161\u00ed etapov\u00fd z\u00e1vod biker\u016f, kter\u00fd se od 15. do 22. b\u0159ezna jede v Jihoafrick\u00e9 republice. Startovn\u00ed listina je mimo\u0159\u00e1dn\u011b nabit\u00e1, ale sou\u010dasn\u011b nem\u00e1 vylo\u017een\u00e9 favority. Tak\u017ee fanou\u0161ci bik\u016f se mohou t\u011b\u0161it na mimo\u0159\u00e1dn\u011b vzru\u0161uj\u00edc\u00ed ro\u010dn\u00edk.<\/strong><\/p>\n<p>Osm dn\u016f, 692 kilometr\u016f, p\u0159ev\u00fd\u0161en\u00ed 15 900 metr\u016f! T\u0159et\u00ed etapa dlouh\u00e1 134 kilometr\u016f je nejdel\u0161\u00ed z cel\u00e9ho programu. Jako kr\u00e1lovsk\u00e9 je v\u0161ak ozna\u010dov\u00e1no p\u00e1t\u00e9 d\u011bjstv\u00ed, kter\u00e9 m\u011b\u0159\u00ed 128 kilometr\u016f a celkem 1500 startuj\u00edc\u00edch mus\u00ed poko\u0159it 2700 v\u00fd\u0161kov\u00fdch metr\u016f.<\/p>\n<p>Cel\u00e1 tra\u0165 je pro\u0161pikovan\u00e1 technick\u00fdmi pas\u00e1\u017eemi. P\u0159ipo\u010dt\u011bte dlouh\u00e1 stoup\u00e1n\u00ed, technick\u00e9 sjezdy a n\u00e1ro\u010dn\u00e9 pov\u011btrnostn\u00ed podm\u00ednky. V\u00fdsledkem je nejt\u011b\u017e\u0161\u00ed etapov\u00fd z\u00e1vod horsk\u00fdch kol.<\/p>\n<h2><strong>Na podium p\u0159i Absa Cape Epic mysl\u00ed i Sto\u0161ek<\/strong><\/h2>\n<p>Startovn\u00ed listina Absa Cape Epic 2026 zahrnuje mnoho v\u00edt\u011bz\u016f p\u0159ede\u0161l\u00fdch ro\u010dn\u00edk\u016f. P\u0159esto je \u0161k\u00e1la adept\u016f na celkov\u00e9 prvenstv\u00ed hodn\u011b \u0161irok\u00e1. Jednozna\u010dn\u00fdm favoritem m\u011bl b\u00fdt t\u00fdm Matthew Beers-Keegan Swenson, jen\u017ee druh\u00fd jmenovan\u00fd bude kv\u016fli zran\u011bn\u00ed v Africe chyb\u011bt. A jeho n\u00e1hradn\u00edk Tristan Nortje zdaleka nen\u00ed tak siln\u00fd.<\/p>\n<blockquote class=\"instagram-media\" style=\"background: #FFF; border: 0; border-radius: 3px; box-shadow: 0 0 1px 0 rgba(0,0,0,0.5),0 1px 10px 0 rgba(0,0,0,0.15); margin: 1px; max-width: 540px; min-width: 326px; padding: 0; width: calc(100% - 2px);\" data-instgrm-captioned=\"\" data-instgrm-permalink=\"https:\/\/www.instagram.com\/p\/DVyokNnAZah\/?utm_source=ig_embed&amp;utm_campaign=loading\" data-instgrm-version=\"14\">\n<div style=\"padding: 16px;\">\n<p>&nbsp;<\/p>\n<div style=\"display: flex; flex-direction: row; align-items: center;\">\n<div style=\"background-color: #f4f4f4; border-radius: 50%; flex-grow: 0; height: 40px; margin-right: 14px; width: 40px;\"><\/div>\n<div style=\"display: flex; flex-direction: column; flex-grow: 1; justify-content: center;\">\n<div style=\"background-color: #f4f4f4; border-radius: 4px; flex-grow: 0; height: 14px; margin-bottom: 6px; width: 100px;\"><\/div>\n<div style=\"background-color: #f4f4f4; border-radius: 4px; flex-grow: 0; height: 14px; width: 60px;\"><\/div>\n<\/div>\n<\/div>\n<div style=\"padding: 19% 0;\"><\/div>\n<div style=\"display: block; height: 50px; margin: 0 auto 12px; width: 50px;\"><\/div>\n<div style=\"padding-top: 8px;\">\n<div style=\"color: #3897f0; font-family: Arial,sans-serif; font-size: 14px; font-style: normal; font-weight: 550; line-height: 18px;\">Zobrazit p\u0159\u00edsp\u011bvek na Instagramu<\/div>\n<\/div>\n<div style=\"padding: 12.5% 0;\"><\/div>\n<div style=\"display: flex; flex-direction: row; margin-bottom: 14px; align-items: center;\">\n<div>\n<div style=\"background-color: #f4f4f4; border-radius: 50%; height: 12.5px; width: 12.5px; transform: translateX(0px) translateY(7px);\"><\/div>\n<div style=\"background-color: #f4f4f4; height: 12.5px; transform: rotate(-45deg) translateX(3px) translateY(1px); width: 12.5px; flex-grow: 0; margin-right: 14px; margin-left: 2px;\"><\/div>\n<div style=\"background-color: #f4f4f4; border-radius: 50%; height: 12.5px; width: 12.5px; transform: translateX(9px) translateY(-18px);\"><\/div>\n<\/div>\n<div style=\"margin-left: 8px;\">\n<div style=\"background-color: #f4f4f4; border-radius: 50%; flex-grow: 0; height: 20px; width: 20px;\"><\/div>\n<div style=\"width: 0; height: 0; border-top: 2px solid transparent; border-left: 6px solid #f4f4f4; border-bottom: 2px solid transparent; transform: translateX(16px) translateY(-4px) rotate(30deg);\"><\/div>\n<\/div>\n<div style=\"margin-left: auto;\">\n<div style=\"width: 0px; border-top: 8px solid #F4F4F4; border-right: 8px solid transparent; transform: translateY(16px);\"><\/div>\n<div style=\"background-color: #f4f4f4; flex-grow: 0; height: 12px; width: 16px; transform: translateY(-4px);\"><\/div>\n<div style=\"width: 0; height: 0; border-top: 8px solid #F4F4F4; border-left: 8px solid transparent; transform: translateY(-4px) translateX(8px);\"><\/div>\n<\/div>\n<\/div>\n<div style=\"display: flex; flex-direction: column; flex-grow: 1; justify-content: center; margin-bottom: 24px;\">\n<div style=\"background-color: #f4f4f4; border-radius: 4px; flex-grow: 0; height: 14px; margin-bottom: 6px; width: 224px;\"><\/div>\n<div style=\"background-color: #f4f4f4; border-radius: 4px; flex-grow: 0; height: 14px; width: 144px;\"><\/div>\n<\/div>\n<p>&nbsp;<\/p>\n<p style=\"color: #c9c8cd; font-family: Arial,sans-serif; font-size: 14px; line-height: 17px; margin-bottom: 0; margin-top: 8px; overflow: hidden; padding: 8px 0 7px; text-align: center; text-overflow: ellipsis; white-space: nowrap;\"><a style=\"color: #c9c8cd; font-family: Arial,sans-serif; font-size: 14px; font-style: normal; font-weight: normal; line-height: 17px; text-decoration: none;\" href=\"https:\/\/www.instagram.com\/p\/DVyokNnAZah\/?utm_source=ig_embed&amp;utm_campaign=loading\" target=\"_blank\" rel=\"noopener\">P\u0159\u00edsp\u011bvek sd\u00edlen\u00fd Cape Epic (@capeepic)<\/a><\/p>\n<\/div>\n<\/blockquote>\n<p><script async src=\"\/\/www.instagram.com\/embed.js\"><\/script> Marc Stutzmann a David Valero (Orbea) maj\u00ed zku\u0161enosti a sebev\u011bdom\u00ed z mnoha \u00fasp\u011b\u0161n\u00fdch vystoupen\u00ed. Luca Braidot a Simone Avondett (Wilier) maj\u00ed rovn\u011b\u017e obrovsk\u00fd potenci\u00e1l.<\/p>\n<div class=\"shortcode-ys-post-pinup\"><article class=\"loop-simple post-32811 post type-post status-publish format-standard has-post-thumbnail hentry category-silnicni-cyklistika tag-cyklistika tag-jonas-vingegaard tag-pariz-nice tag-silnicni-cyklistika tag-visma-lease-a-bike global-categories-cycling\" data-postid=\"32811\" role=\"article\" data-post-id=\"32811\" data-word-count=\"499\" data-headline-length=\"60\" data-category=\"Silni\u010dn\u00ed cyklistika\" data-global-category=\"Cycling\" data-author=\"Radek Malina\" data-published=\"2026-03-12T07:00:41+02:00\" data-published-day=\"Thursday\">\n    <div class=\"entry-thumbnail article-thumbnail\" content=\"https:\/\/d2p6e6u75xmxt8.cloudfront.net\/13\/2026\/03\/profimedia-1082001330-150x150.webp\"><a href=\"https:\/\/www.welovecycling.com\/cs\/2026\/03\/12\/nenapadny-a-nudny-zaslouzi-si-vingegaard-pochybnosti\/\" class=\"image-holder\" target=\"_self\"><img decoding=\"async\" loading=\"lazy\" class=\"\" src=\"https:\/\/d2p6e6u75xmxt8.cloudfront.net\/13\/2026\/03\/profimedia-1082001330-1024x683.webp\" srcset=\"https:\/\/d2p6e6u75xmxt8.cloudfront.net\/13\/2026\/03\/profimedia-1082001330.webp 1800w, https:\/\/d2p6e6u75xmxt8.cloudfront.net\/13\/2026\/03\/profimedia-1082001330-300x200.webp 300w, https:\/\/d2p6e6u75xmxt8.cloudfront.net\/13\/2026\/03\/profimedia-1082001330-1024x683.webp 1024w, https:\/\/d2p6e6u75xmxt8.cloudfront.net\/13\/2026\/03\/profimedia-1082001330-768x512.webp 768w, https:\/\/d2p6e6u75xmxt8.cloudfront.net\/13\/2026\/03\/profimedia-1082001330-1536x1024.webp 1536w, https:\/\/d2p6e6u75xmxt8.cloudfront.net\/13\/2026\/03\/profimedia-1082001330-400x267.webp 400w, https:\/\/d2p6e6u75xmxt8.cloudfront.net\/13\/2026\/03\/profimedia-1082001330-272x182.webp 272w\" width=\"1024\" height=\"683\" sizes=\"auto, (min-width: 1200px) 300px, (min-width: 768px) 25vw, 100vw\" alt=\"nenapadny-a-nudny-zaslouzi-si-vingegaard-pochybnosti\"\/><\/a><\/div>    <div class=\"entry-meta\">\n        <a class=\"label label-secondary post-category\" href=\"https:\/\/www.welovecycling.com\/cs\/category\/silnicni-cyklistika\/\" title=\"Silni\u010dn\u00ed cyklistika\">Silni\u010dn\u00ed cyklistika<\/a>\n    <\/div>\n    <div class=\"entry-details\">\n        <a href=\"https:\/\/www.welovecycling.com\/cs\/2026\/03\/12\/nenapadny-a-nudny-zaslouzi-si-vingegaard-pochybnosti\/\" class='entry-title-wrapper'>\n            <h3 class=\"entry-title\"><span>Nudn\u00fd a nen\u00e1padn\u00fd?! Zaslou\u017e\u00ed si Vingegaard pochybnosti?<\/span><\/h3>\n        <\/a>\n    <\/div>\n    <\/article>\n<\/div>\n<p>A mezi adepty na v\u00edt\u011bzstv\u00ed rozhodn\u011b pat\u0159\u00ed <a href=\"https:\/\/www.welovecycling.com\/cs\/2022\/04\/25\/podcast-martin-stosek-maratonem-se-da-uzivit-ale-az-skoncim-budu-pracovat\/\">Martin Sto\u0161ek<\/a> jedouc\u00ed po boku Wouta Allemana v dresech Buff BH. N\u011bmeck\u00e1 dvojice Lukas Baum a Georg Egger v minulosti slavili v\u00edt\u011bzstv\u00ed a jednou skon\u010dili druz\u00ed, tud\u00ed\u017e pat\u0159\u00ed mezi \u017ehav\u00e9 adepty i na triumf z Absa Cape Epic 2026.<\/p>\n<blockquote class=\"instagram-media\" style=\"background: #FFF; border: 0; border-radius: 3px; box-shadow: 0 0 1px 0 rgba(0,0,0,0.5),0 1px 10px 0 rgba(0,0,0,0.15); margin: 1px; max-width: 540px; min-width: 326px; padding: 0; width: calc(100% - 2px);\" data-instgrm-captioned=\"\" data-instgrm-permalink=\"https:\/\/www.instagram.com\/reel\/DVwRcrtAp1T\/?utm_source=ig_embed&amp;utm_campaign=loading\" data-instgrm-version=\"14\">\n<div style=\"padding: 16px;\">\n<p>&nbsp;<\/p>\n<div style=\"display: flex; flex-direction: row; align-items: center;\">\n<div style=\"background-color: #f4f4f4; border-radius: 50%; flex-grow: 0; height: 40px; margin-right: 14px; width: 40px;\"><\/div>\n<div style=\"display: flex; flex-direction: column; flex-grow: 1; justify-content: center;\">\n<div style=\"background-color: #f4f4f4; border-radius: 4px; flex-grow: 0; height: 14px; margin-bottom: 6px; width: 100px;\"><\/div>\n<div style=\"background-color: #f4f4f4; border-radius: 4px; flex-grow: 0; height: 14px; width: 60px;\"><\/div>\n<\/div>\n<\/div>\n<div style=\"padding: 19% 0;\"><\/div>\n<div style=\"display: block; height: 50px; margin: 0 auto 12px; width: 50px;\"><\/div>\n<div style=\"padding-top: 8px;\">\n<div style=\"color: #3897f0; font-family: Arial,sans-serif; font-size: 14px; font-style: normal; font-weight: 550; line-height: 18px;\">Zobrazit p\u0159\u00edsp\u011bvek na Instagramu<\/div>\n<\/div>\n<div style=\"padding: 12.5% 0;\"><\/div>\n<div style=\"display: flex; flex-direction: row; margin-bottom: 14px; align-items: center;\">\n<div>\n<div style=\"background-color: #f4f4f4; border-radius: 50%; height: 12.5px; width: 12.5px; transform: translateX(0px) translateY(7px);\"><\/div>\n<div style=\"background-color: #f4f4f4; height: 12.5px; transform: rotate(-45deg) translateX(3px) translateY(1px); width: 12.5px; flex-grow: 0; margin-right: 14px; margin-left: 2px;\"><\/div>\n<div style=\"background-color: #f4f4f4; border-radius: 50%; height: 12.5px; width: 12.5px; transform: translateX(9px) translateY(-18px);\"><\/div>\n<\/div>\n<div style=\"margin-left: 8px;\">\n<div style=\"background-color: #f4f4f4; border-radius: 50%; flex-grow: 0; height: 20px; width: 20px;\"><\/div>\n<div style=\"width: 0; height: 0; border-top: 2px solid transparent; border-left: 6px solid #f4f4f4; border-bottom: 2px solid transparent; transform: translateX(16px) translateY(-4px) rotate(30deg);\"><\/div>\n<\/div>\n<div style=\"margin-left: auto;\">\n<div style=\"width: 0px; border-top: 8px solid #F4F4F4; border-right: 8px solid transparent; transform: translateY(16px);\"><\/div>\n<div style=\"background-color: #f4f4f4; flex-grow: 0; height: 12px; width: 16px; transform: translateY(-4px);\"><\/div>\n<div style=\"width: 0; height: 0; border-top: 8px solid #F4F4F4; border-left: 8px solid transparent; transform: translateY(-4px) translateX(8px);\"><\/div>\n<\/div>\n<\/div>\n<div style=\"display: flex; flex-direction: column; flex-grow: 1; justify-content: center; margin-bottom: 24px;\">\n<div style=\"background-color: #f4f4f4; border-radius: 4px; flex-grow: 0; height: 14px; margin-bottom: 6px; width: 224px;\"><\/div>\n<div style=\"background-color: #f4f4f4; border-radius: 4px; flex-grow: 0; height: 14px; width: 144px;\"><\/div>\n<\/div>\n<p>&nbsp;<\/p>\n<p style=\"color: #c9c8cd; font-family: Arial,sans-serif; font-size: 14px; line-height: 17px; margin-bottom: 0; margin-top: 8px; overflow: hidden; padding: 8px 0 7px; text-align: center; text-overflow: ellipsis; white-space: nowrap;\"><a style=\"color: #c9c8cd; font-family: Arial,sans-serif; font-size: 14px; font-style: normal; font-weight: normal; line-height: 17px; text-decoration: none;\" href=\"https:\/\/www.instagram.com\/reel\/DVwRcrtAp1T\/?utm_source=ig_embed&amp;utm_campaign=loading\" target=\"_blank\" rel=\"noopener\">P\u0159\u00edsp\u011bvek sd\u00edlen\u00fd Superior Bikes (@superior_bikes)<\/a><\/p>\n<\/div>\n<\/blockquote>\n<p><script async src=\"\/\/www.instagram.com\/embed.js\"><\/script>\u00a0\u010cesk\u00fdm t\u00fdmem, kter\u00fd by mohl bojovat o elitn\u00ed des\u00edtku, je dvojice Filip Adel a Vojt\u011bch Neradil v barv\u00e1ch sestavy Superior. Celkem bude \u010deskou cyklistiku zastupovat jednadvacet z\u00e1vodn\u00edk\u016f.<\/p>\n<p><em>Tituln\u00ed foto: Michal \u010cerven\u00fd<\/em><\/p>\n","protected":false},"excerpt":{"rendered":"<p>Tour de France horsk\u00fdch kol! Tak je ozna\u010dov\u00e1n Absa Cape Epic, nejpresti\u017en\u011bj\u0161\u00ed etapov\u00fd z\u00e1vod biker\u016f, kter\u00fd se od 15. do [&hellip;]<\/p>\n","protected":false},"author":138,"featured_media":14863,"comment_status":"open","ping_status":"open","sticky":false,"template":"","format":"standard","meta":{"footnotes":""},"categories":[11],"tags":[4590,201,57,863,4593],"global-categories":[],"class_list":["post-32820","post","type-post","status-publish","format-standard","has-post-thumbnail","hentry","category-horska-cyklistika","tag-absa-cape-epic-2026","tag-filip-adel","tag-horska-kola","tag-martin-stosek","tag-vojtech-neradil"],"yoast_head":"<!-- This site is optimized with the Yoast SEO Premium plugin v25.3 (Yoast SEO v25.9) - https:\/\/yoast.com\/wordpress\/plugins\/seo\/ -->\n<title>Tour de France v Africe nem\u00e1 favority | \u0160koda We Love Cycling - \u010cesk\u00e1 republika<\/title>\n<meta name=\"description\" content=\"Tour de France horsk\u00fdch kol! Tak je ozna\u010dov\u00e1n Absa Cape Epic, nejpresti\u017en\u011bj\u0161\u00ed etapov\u00fd z\u00e1vod biker\u016f, kter\u00fd se od 15. do 22. b\u0159ezna jede v Jihoafrick\u00e9 republice. Startovn\u00ed listina je mimo\u0159\u00e1dn\u011b nabit\u00e1, ale sou\u010dasn\u011b nem\u00e1 vylo\u017een\u00e9 favority. Tak\u017ee fanou\u0161ci bik\u016f se mohou t\u011b\u0161it na mimo\u0159\u00e1dn\u011b vzru\u0161uj\u00edc\u00ed ro\u010dn\u00edk.\" \/>\n<meta name=\"robots\" content=\"index, follow, max-snippet:-1, max-image-preview:large, max-video-preview:-1\" \/>\n<link rel=\"canonical\" href=\"https:\/\/www.welovecycling.com\/cs\/2026\/03\/13\/tour-de-france-v-africe-nema-favority\/\" \/>\n<meta property=\"og:locale\" content=\"cs_CZ\" \/>\n<meta property=\"og:type\" content=\"article\" \/>\n<meta property=\"og:title\" content=\"Tour de France v Africe nem\u00e1 favority\" \/>\n<meta property=\"og:description\" content=\"Tour de France horsk\u00fdch kol! Tak je ozna\u010dov\u00e1n Absa Cape Epic, nejpresti\u017en\u011bj\u0161\u00ed etapov\u00fd z\u00e1vod biker\u016f, kter\u00fd se od 15. do 22. b\u0159ezna jede v Jihoafrick\u00e9 republice. Startovn\u00ed listina je mimo\u0159\u00e1dn\u011b nabit\u00e1, ale sou\u010dasn\u011b nem\u00e1 vylo\u017een\u00e9 favority. Tak\u017ee fanou\u0161ci bik\u016f se mohou t\u011b\u0161it na mimo\u0159\u00e1dn\u011b vzru\u0161uj\u00edc\u00ed ro\u010dn\u00edk.\" \/>\n<meta property=\"og:url\" content=\"https:\/\/www.welovecycling.com\/cs\/2026\/03\/13\/tour-de-france-v-africe-nema-favority\/\" \/>\n<meta property=\"og:site_name\" content=\"\u0160koda We Love Cycling - \u010cesk\u00e1 republika\" \/>\n<meta property=\"article:published_time\" content=\"2026-03-13T15:00:15+00:00\" \/>\n<meta property=\"og:image\" content=\"https:\/\/d2p6e6u75xmxt8.cloudfront.net\/13\/2021\/10\/cape-epic-14-michal-cerveny.webp\" \/>\n\t<meta property=\"og:image:width\" content=\"1600\" \/>\n\t<meta property=\"og:image:height\" content=\"1067\" \/>\n\t<meta property=\"og:image:type\" content=\"image\/webp\" \/>\n<meta name=\"author\" content=\"radekmalina\" \/>\n<meta name=\"twitter:card\" content=\"summary_large_image\" \/>\n<meta name=\"twitter:label1\" content=\"Written by\" \/>\n\t<meta name=\"twitter:data1\" content=\"Radek Malina\" \/>\n\t<meta name=\"twitter:label2\" content=\"Est. reading time\" \/>\n\t<meta name=\"twitter:data2\" content=\"6\" \/>\n<script type=\"application\/ld+json\" class=\"yoast-schema-graph\">{\"@context\":\"https:\/\/schema.org\",\"@graph\":[{\"@type\":\"WebPage\",\"@id\":\"https:\/\/www.welovecycling.com\/cs\/2026\/03\/13\/tour-de-france-v-africe-nema-favority\/\",\"url\":\"https:\/\/www.welovecycling.com\/cs\/2026\/03\/13\/tour-de-france-v-africe-nema-favority\/\",\"name\":\"Tour de France v Africe nem\u00e1 favority | \u0160koda We Love Cycling - \u010cesk\u00e1 republika\",\"isPartOf\":{\"@id\":\"https:\/\/www.welovecycling.com\/cs\/#website\"},\"primaryImageOfPage\":{\"@id\":\"https:\/\/www.welovecycling.com\/cs\/2026\/03\/13\/tour-de-france-v-africe-nema-favority\/#primaryimage\"},\"image\":{\"@id\":\"https:\/\/www.welovecycling.com\/cs\/2026\/03\/13\/tour-de-france-v-africe-nema-favority\/#primaryimage\"},\"thumbnailUrl\":\"https:\/\/d2p6e6u75xmxt8.cloudfront.net\/13\/2021\/10\/cape-epic-14-michal-cerveny.webp\",\"datePublished\":\"2026-03-13T15:00:15+00:00\",\"author\":{\"@id\":\"https:\/\/www.welovecycling.com\/cs\/#\/schema\/person\/d9eeb0a378f3a7e4a6d12d2b536b04b8\"},\"description\":\"Tour de France horsk\u00fdch kol! Tak je ozna\u010dov\u00e1n Absa Cape Epic, nejpresti\u017en\u011bj\u0161\u00ed etapov\u00fd z\u00e1vod biker\u016f, kter\u00fd se od 15. do 22. b\u0159ezna jede v Jihoafrick\u00e9 republice. Startovn\u00ed listina je mimo\u0159\u00e1dn\u011b nabit\u00e1, ale sou\u010dasn\u011b nem\u00e1 vylo\u017een\u00e9 favority. Tak\u017ee fanou\u0161ci bik\u016f se mohou t\u011b\u0161it na mimo\u0159\u00e1dn\u011b vzru\u0161uj\u00edc\u00ed ro\u010dn\u00edk.\",\"inLanguage\":\"cs\",\"potentialAction\":[{\"@type\":\"ReadAction\",\"target\":[\"https:\/\/www.welovecycling.com\/cs\/2026\/03\/13\/tour-de-france-v-africe-nema-favority\/\"]}]},{\"@type\":\"ImageObject\",\"inLanguage\":\"cs\",\"@id\":\"https:\/\/www.welovecycling.com\/cs\/2026\/03\/13\/tour-de-france-v-africe-nema-favority\/#primaryimage\",\"url\":\"https:\/\/d2p6e6u75xmxt8.cloudfront.net\/13\/2021\/10\/cape-epic-14-michal-cerveny.webp\",\"contentUrl\":\"https:\/\/d2p6e6u75xmxt8.cloudfront.net\/13\/2021\/10\/cape-epic-14-michal-cerveny.webp\",\"width\":1600,\"height\":1067,\"caption\":\"Absa Cape Epic\"},{\"@type\":\"WebSite\",\"@id\":\"https:\/\/www.welovecycling.com\/cs\/#website\",\"url\":\"https:\/\/www.welovecycling.com\/cs\/\",\"name\":\"\u0160koda We Love Cycling - \u010cesk\u00e1 republika\",\"description\":\"WeLoveCycling.cz je online magaz\u00edn, kter\u00fd v\u00e1m pravideln\u011b p\u0159in\u00e1\u0161\u00ed rady a tipy, zaj\u00edmav\u00e9 \u010dl\u00e1nky, videa a jedine\u010dn\u00e9 report\u00e1\u017ee ze sv\u011bta cyklistiky.\",\"potentialAction\":[{\"@type\":\"SearchAction\",\"target\":{\"@type\":\"EntryPoint\",\"urlTemplate\":\"https:\/\/www.welovecycling.com\/cs\/?s={search_term_string}\"},\"query-input\":{\"@type\":\"PropertyValueSpecification\",\"valueRequired\":true,\"valueName\":\"search_term_string\"}}],\"inLanguage\":\"cs\"},{\"@type\":\"Person\",\"@id\":\"https:\/\/www.welovecycling.com\/cs\/#\/schema\/person\/d9eeb0a378f3a7e4a6d12d2b536b04b8\",\"name\":\"radekmalina\",\"image\":{\"@type\":\"ImageObject\",\"inLanguage\":\"cs\",\"@id\":\"https:\/\/www.welovecycling.com\/cs\/#\/schema\/person\/image\/\",\"url\":\"https:\/\/secure.gravatar.com\/avatar\/66994b632cb8c39a46b9f54afa3ae07201b678d32a54275b6f1c9ffec356bfc0?s=96&d=mm&r=g\",\"contentUrl\":\"https:\/\/secure.gravatar.com\/avatar\/66994b632cb8c39a46b9f54afa3ae07201b678d32a54275b6f1c9ffec356bfc0?s=96&d=mm&r=g\",\"caption\":\"radekmalina\"},\"url\":\"https:\/\/www.welovecycling.com\/cs\/author\/radekmalina\/\"}]}<\/script>\n<!-- \/ Yoast SEO Premium plugin. -->","yoast_head_json":{"title":"Tour de France v Africe nem\u00e1 favority | \u0160koda We Love Cycling - \u010cesk\u00e1 republika","description":"Tour de France horsk\u00fdch kol! Tak je ozna\u010dov\u00e1n Absa Cape Epic, nejpresti\u017en\u011bj\u0161\u00ed etapov\u00fd z\u00e1vod biker\u016f, kter\u00fd se od 15. do 22. b\u0159ezna jede v Jihoafrick\u00e9 republice. Startovn\u00ed listina je mimo\u0159\u00e1dn\u011b nabit\u00e1, ale sou\u010dasn\u011b nem\u00e1 vylo\u017een\u00e9 favority. Tak\u017ee fanou\u0161ci bik\u016f se mohou t\u011b\u0161it na mimo\u0159\u00e1dn\u011b vzru\u0161uj\u00edc\u00ed ro\u010dn\u00edk.","robots":{"index":"index","follow":"follow","max-snippet":"max-snippet:-1","max-image-preview":"max-image-preview:large","max-video-preview":"max-video-preview:-1"},"canonical":"https:\/\/www.welovecycling.com\/cs\/2026\/03\/13\/tour-de-france-v-africe-nema-favority\/","og_locale":"cs_CZ","og_type":"article","og_title":"Tour de France v Africe nem\u00e1 favority","og_description":"Tour de France horsk\u00fdch kol! Tak je ozna\u010dov\u00e1n Absa Cape Epic, nejpresti\u017en\u011bj\u0161\u00ed etapov\u00fd z\u00e1vod biker\u016f, kter\u00fd se od 15. do 22. b\u0159ezna jede v Jihoafrick\u00e9 republice. Startovn\u00ed listina je mimo\u0159\u00e1dn\u011b nabit\u00e1, ale sou\u010dasn\u011b nem\u00e1 vylo\u017een\u00e9 favority. Tak\u017ee fanou\u0161ci bik\u016f se mohou t\u011b\u0161it na mimo\u0159\u00e1dn\u011b vzru\u0161uj\u00edc\u00ed ro\u010dn\u00edk.","og_url":"https:\/\/www.welovecycling.com\/cs\/2026\/03\/13\/tour-de-france-v-africe-nema-favority\/","og_site_name":"\u0160koda We Love Cycling - \u010cesk\u00e1 republika","article_published_time":"2026-03-13T15:00:15+00:00","og_image":[{"width":1600,"height":1067,"url":"https:\/\/d2p6e6u75xmxt8.cloudfront.net\/13\/2021\/10\/cape-epic-14-michal-cerveny.webp","type":"image\/webp"}],"author":"radekmalina","twitter_card":"summary_large_image","twitter_misc":{"Written by":"Radek Malina","Est. reading time":"6"},"schema":{"@context":"https:\/\/schema.org","@graph":[{"@type":"WebPage","@id":"https:\/\/www.welovecycling.com\/cs\/2026\/03\/13\/tour-de-france-v-africe-nema-favority\/","url":"https:\/\/www.welovecycling.com\/cs\/2026\/03\/13\/tour-de-france-v-africe-nema-favority\/","name":"Tour de France v Africe nem\u00e1 favority | \u0160koda We Love Cycling - \u010cesk\u00e1 republika","isPartOf":{"@id":"https:\/\/www.welovecycling.com\/cs\/#website"},"primaryImageOfPage":{"@id":"https:\/\/www.welovecycling.com\/cs\/2026\/03\/13\/tour-de-france-v-africe-nema-favority\/#primaryimage"},"image":{"@id":"https:\/\/www.welovecycling.com\/cs\/2026\/03\/13\/tour-de-france-v-africe-nema-favority\/#primaryimage"},"thumbnailUrl":"https:\/\/d2p6e6u75xmxt8.cloudfront.net\/13\/2021\/10\/cape-epic-14-michal-cerveny.webp","datePublished":"2026-03-13T15:00:15+00:00","author":{"@id":"https:\/\/www.welovecycling.com\/cs\/#\/schema\/person\/d9eeb0a378f3a7e4a6d12d2b536b04b8"},"description":"Tour de France horsk\u00fdch kol! Tak je ozna\u010dov\u00e1n Absa Cape Epic, nejpresti\u017en\u011bj\u0161\u00ed etapov\u00fd z\u00e1vod biker\u016f, kter\u00fd se od 15. do 22. b\u0159ezna jede v Jihoafrick\u00e9 republice. Startovn\u00ed listina je mimo\u0159\u00e1dn\u011b nabit\u00e1, ale sou\u010dasn\u011b nem\u00e1 vylo\u017een\u00e9 favority. Tak\u017ee fanou\u0161ci bik\u016f se mohou t\u011b\u0161it na mimo\u0159\u00e1dn\u011b vzru\u0161uj\u00edc\u00ed ro\u010dn\u00edk.","inLanguage":"cs","potentialAction":[{"@type":"ReadAction","target":["https:\/\/www.welovecycling.com\/cs\/2026\/03\/13\/tour-de-france-v-africe-nema-favority\/"]}]},{"@type":"ImageObject","inLanguage":"cs","@id":"https:\/\/www.welovecycling.com\/cs\/2026\/03\/13\/tour-de-france-v-africe-nema-favority\/#primaryimage","url":"https:\/\/d2p6e6u75xmxt8.cloudfront.net\/13\/2021\/10\/cape-epic-14-michal-cerveny.webp","contentUrl":"https:\/\/d2p6e6u75xmxt8.cloudfront.net\/13\/2021\/10\/cape-epic-14-michal-cerveny.webp","width":1600,"height":1067,"caption":"Absa Cape Epic"},{"@type":"WebSite","@id":"https:\/\/www.welovecycling.com\/cs\/#website","url":"https:\/\/www.welovecycling.com\/cs\/","name":"\u0160koda We Love Cycling - \u010cesk\u00e1 republika","description":"WeLoveCycling.cz je online magaz\u00edn, kter\u00fd v\u00e1m pravideln\u011b p\u0159in\u00e1\u0161\u00ed rady a tipy, zaj\u00edmav\u00e9 \u010dl\u00e1nky, videa a jedine\u010dn\u00e9 report\u00e1\u017ee ze sv\u011bta cyklistiky.","potentialAction":[{"@type":"SearchAction","target":{"@type":"EntryPoint","urlTemplate":"https:\/\/www.welovecycling.com\/cs\/?s={search_term_string}"},"query-input":{"@type":"PropertyValueSpecification","valueRequired":true,"valueName":"search_term_string"}}],"inLanguage":"cs"},{"@type":"Person","@id":"https:\/\/www.welovecycling.com\/cs\/#\/schema\/person\/d9eeb0a378f3a7e4a6d12d2b536b04b8","name":"radekmalina","image":{"@type":"ImageObject","inLanguage":"cs","@id":"https:\/\/www.welovecycling.com\/cs\/#\/schema\/person\/image\/","url":"https:\/\/secure.gravatar.com\/avatar\/66994b632cb8c39a46b9f54afa3ae07201b678d32a54275b6f1c9ffec356bfc0?s=96&d=mm&r=g","contentUrl":"https:\/\/secure.gravatar.com\/avatar\/66994b632cb8c39a46b9f54afa3ae07201b678d32a54275b6f1c9ffec356bfc0?s=96&d=mm&r=g","caption":"radekmalina"},"url":"https:\/\/www.welovecycling.com\/cs\/author\/radekmalina\/"}]}},"_links":{"self":[{"href":"https:\/\/www.welovecycling.com\/cs\/wp-json\/wp\/v2\/posts\/32820","targetHints":{"allow":["GET"]}}],"collection":[{"href":"https:\/\/www.welovecycling.com\/cs\/wp-json\/wp\/v2\/posts"}],"about":[{"href":"https:\/\/www.welovecycling.com\/cs\/wp-json\/wp\/v2\/types\/post"}],"author":[{"embeddable":true,"href":"https:\/\/www.welovecycling.com\/cs\/wp-json\/wp\/v2\/users\/138"}],"replies":[{"embeddable":true,"href":"https:\/\/www.welovecycling.com\/cs\/wp-json\/wp\/v2\/comments?post=32820"}],"version-history":[{"count":3,"href":"https:\/\/www.welovecycling.com\/cs\/wp-json\/wp\/v2\/posts\/32820\/revisions"}],"predecessor-version":[{"id":32823,"href":"https:\/\/www.welovecycling.com\/cs\/wp-json\/wp\/v2\/posts\/32820\/revisions\/32823"}],"wp:featuredmedia":[{"embeddable":true,"href":"https:\/\/www.welovecycling.com\/cs\/wp-json\/wp\/v2\/media\/14863"}],"wp:attachment":[{"href":"https:\/\/www.welovecycling.com\/cs\/wp-json\/wp\/v2\/media?parent=32820"}],"wp:term":[{"taxonomy":"category","embeddable":true,"href":"https:\/\/www.welovecycling.com\/cs\/wp-json\/wp\/v2\/categories?post=32820"},{"taxonomy":"post_tag","embeddable":true,"href":"https:\/\/www.welovecycling.com\/cs\/wp-json\/wp\/v2\/tags?post=32820"},{"taxonomy":"global-categories","embeddable":true,"href":"https:\/\/www.welovecycling.com\/cs\/wp-json\/wp\/v2\/global-categories?post=32820"}],"curies":[{"name":"wp","href":"https:\/\/api.w.org\/{rel}","templated":true}]}}