{"id":32811,"date":"2026-03-12T07:00:41","date_gmt":"2026-03-12T05:00:41","guid":{"rendered":"https:\/\/www.welovecycling.com\/cs\/?p=32811"},"modified":"2026-03-11T23:17:46","modified_gmt":"2026-03-11T21:17:46","slug":"nenapadny-a-nudny-zaslouzi-si-vingegaard-pochybnosti","status":"publish","type":"post","link":"https:\/\/www.welovecycling.com\/cs\/2026\/03\/12\/nenapadny-a-nudny-zaslouzi-si-vingegaard-pochybnosti\/","title":{"rendered":"Nudn\u00fd a nen\u00e1padn\u00fd?! Zaslou\u017e\u00ed si Vingegaard pochybnosti?"},"content":{"rendered":"<p><strong>Mu\u017e v \u00fapadku? Z\u00e1vodn\u00edk odepsan\u00fd t\u00edhou \u0161patn\u00e9ho p\u0159\u00edpravn\u00e9ho obdob\u00ed? Zrazen\u00fd dv\u011bma nejbli\u017e\u0161\u00edmi par\u0165\u00e1ky? Neschopn\u00fd konkurovat Poga\u010darovi? V\u00e1\u017en\u011b si Jonas Vingegaard z Visma Lease a Bike, z\u00e1vod\u00edc\u00ed letos poprv\u00e9 p\u0159i Pa\u0159\u00ed\u017e-Nice, zaslou\u017e\u00ed tolik pochybnost\u00ed?<\/strong><\/p>\n<p>Jenom pro p\u0159ipomenut\u00ed: Jonas Vingegaard je dvojn\u00e1sobn\u00fd v\u00edt\u011bz Tour de France a \u0161ampion Vuelty. V dev\u011btadvaceti letech m\u00e1 daleko do sportovn\u00edho d\u016fchodu. Tak kde se vzaly klevety, \u017ee d\u00e1nsk\u00fd cyklista u\u017e nen\u00ed pro Tadeje Poga\u010dara, \u010dty\u0159n\u00e1sobn\u00e9ho kr\u00e1le Star\u00e9 d\u00e1my, soupe\u0159em?<\/p>\n<p>Jonas Vingegaard pro\u017eil turbulentn\u00ed zimu. V lednu jej potkala kalv\u00e1rie v podob\u011b karambolu s nespecifikovan\u00fdmi n\u00e1sledky po kolizi s dot\u011brn\u00fdm fanou\u0161kem v sedle kola. Kdy\u017e se zm\u00e1to\u0159il a m\u011bl jet na UAE Tour, vy\u0159adila D\u00e1na nemoc. Pak jeho dlouholet\u00fd tren\u00e9r Tim Heemskerk dal v\u00fdpov\u011b\u010f a na minutu opustil formaci Visma Lease a Bike. Vz\u00e1p\u011bt\u00ed Simon Yates, t\u00fdmov\u00fd kolega a superdomestik pro zam\u00fd\u0161len\u00fd \u00fatok na v\u00edt\u011bzstv\u00ed z Tour de France, ukon\u010dil kari\u00e9ru. Kdy\u017e se p\u0159idaly zv\u011bsti o napjat\u00e9m rozpo\u010dtu nizozemsk\u00e9 sestavy, spekulace o Vingegaardov\u011b rozpolo\u017een\u00ed nabraly na intenzit\u011b.<\/p>\n<h2><strong>\u017d\u00e1dn\u00e9 divadlo, ale \u00fa\u010deln\u00fd v\u00fdkon<\/strong><\/h2>\n<p>Jedni\u010dka nizozemsk\u00e9 sestavy vstupuj\u00edc\u00ed do sezony p\u0159i Pa\u0159\u00ed\u017e-Nice nav\u00edc podtrhla rozpaky, kdy\u017e v dojezdu t\u00fdmov\u00e9 \u010dasovky ve srovn\u00e1n\u00ed s ostatn\u00edmi l\u00eddry nespurtovala pro nejlep\u0161\u00ed \u010das, ale z\u016fstala po boku dvou t\u00fdmov\u00fdch koleg\u016f. P\u0159itom form\u00e1t pou\u017eit\u00fd v t\u0159et\u00edm d\u011bjstv\u00ed coby test pro \u00favodn\u00ed etapu \u010dervencov\u00e9 Tour de France s\u00f3lov\u00fdm j\u00edzd\u00e1m l\u00eddr\u016f nahr\u00e1val.<\/p>\n<blockquote class=\"instagram-media\" style=\"background: #FFF; border: 0; border-radius: 3px; box-shadow: 0 0 1px 0 rgba(0,0,0,0.5),0 1px 10px 0 rgba(0,0,0,0.15); margin: 1px; max-width: 540px; min-width: 326px; padding: 0; width: calc(100% - 2px);\" data-instgrm-captioned=\"\" data-instgrm-permalink=\"https:\/\/www.instagram.com\/reel\/DVwLz5mAOUL\/?utm_source=ig_embed&amp;utm_campaign=loading\" data-instgrm-version=\"14\">\n<div style=\"padding: 16px;\">\n<p>&nbsp;<\/p>\n<div style=\"display: flex; flex-direction: row; align-items: center;\">\n<div style=\"background-color: #f4f4f4; border-radius: 50%; flex-grow: 0; height: 40px; margin-right: 14px; width: 40px;\"><\/div>\n<div style=\"display: flex; flex-direction: column; flex-grow: 1; justify-content: center;\">\n<div style=\"background-color: #f4f4f4; border-radius: 4px; flex-grow: 0; height: 14px; margin-bottom: 6px; width: 100px;\"><\/div>\n<div style=\"background-color: #f4f4f4; border-radius: 4px; flex-grow: 0; height: 14px; width: 60px;\"><\/div>\n<\/div>\n<\/div>\n<div style=\"padding: 19% 0;\"><\/div>\n<div style=\"display: block; height: 50px; margin: 0 auto 12px; width: 50px;\"><\/div>\n<div style=\"padding-top: 8px;\">\n<div style=\"color: #3897f0; font-family: Arial,sans-serif; font-size: 14px; font-style: normal; font-weight: 550; line-height: 18px;\">Zobrazit p\u0159\u00edsp\u011bvek na Instagramu<\/div>\n<\/div>\n<div style=\"padding: 12.5% 0;\"><\/div>\n<div style=\"display: flex; flex-direction: row; margin-bottom: 14px; align-items: center;\">\n<div>\n<div style=\"background-color: #f4f4f4; border-radius: 50%; height: 12.5px; width: 12.5px; transform: translateX(0px) translateY(7px);\"><\/div>\n<div style=\"background-color: #f4f4f4; height: 12.5px; transform: rotate(-45deg) translateX(3px) translateY(1px); width: 12.5px; flex-grow: 0; margin-right: 14px; margin-left: 2px;\"><\/div>\n<div style=\"background-color: #f4f4f4; border-radius: 50%; height: 12.5px; width: 12.5px; transform: translateX(9px) translateY(-18px);\"><\/div>\n<\/div>\n<div style=\"margin-left: 8px;\">\n<div style=\"background-color: #f4f4f4; border-radius: 50%; flex-grow: 0; height: 20px; width: 20px;\"><\/div>\n<div style=\"width: 0; height: 0; border-top: 2px solid transparent; border-left: 6px solid #f4f4f4; border-bottom: 2px solid transparent; transform: translateX(16px) translateY(-4px) rotate(30deg);\"><\/div>\n<\/div>\n<div style=\"margin-left: auto;\">\n<div style=\"width: 0px; border-top: 8px solid #F4F4F4; border-right: 8px solid transparent; transform: translateY(16px);\"><\/div>\n<div style=\"background-color: #f4f4f4; flex-grow: 0; height: 12px; width: 16px; transform: translateY(-4px);\"><\/div>\n<div style=\"width: 0; height: 0; border-top: 8px solid #F4F4F4; border-left: 8px solid transparent; transform: translateY(-4px) translateX(8px);\"><\/div>\n<\/div>\n<\/div>\n<div style=\"display: flex; flex-direction: column; flex-grow: 1; justify-content: center; margin-bottom: 24px;\">\n<div style=\"background-color: #f4f4f4; border-radius: 4px; flex-grow: 0; height: 14px; margin-bottom: 6px; width: 224px;\"><\/div>\n<div style=\"background-color: #f4f4f4; border-radius: 4px; flex-grow: 0; height: 14px; width: 144px;\"><\/div>\n<\/div>\n<p>&nbsp;<\/p>\n<p style=\"color: #c9c8cd; font-family: Arial,sans-serif; font-size: 14px; line-height: 17px; margin-bottom: 0; margin-top: 8px; overflow: hidden; padding: 8px 0 7px; text-align: center; text-overflow: ellipsis; white-space: nowrap;\"><a style=\"color: #c9c8cd; font-family: Arial,sans-serif; font-size: 14px; font-style: normal; font-weight: normal; line-height: 17px; text-decoration: none;\" href=\"https:\/\/www.instagram.com\/reel\/DVwLz5mAOUL\/?utm_source=ig_embed&amp;utm_campaign=loading\" target=\"_blank\" rel=\"noopener\">P\u0159\u00edsp\u011bvek sd\u00edlen\u00fd Velon CC (@veloncc)<\/a><\/p>\n<\/div>\n<\/blockquote>\n<p><script async src=\"\/\/www.instagram.com\/embed.js\"><\/script>\u00a0Jen\u017ee D\u00e1n\u016fv \u010das p\u0159i\u0161el. Jonas Vingegaard ve \u010dtvrt\u00e9m d\u00edle z\u00e1vodu za sluncem uk\u00e1zal, \u017ee si rozhodn\u011b nezaslou\u017e\u00ed pochybnosti. Dojezd etapy v pod\u00e1n\u00ed d\u00e1nsk\u00e9ho borce nebyl nijak spektakul\u00e1rn\u00ed. Vlastn\u011b sp\u00ed\u0161e nudn\u00fd. Nebo p\u0159inejlep\u0161\u00edm nen\u00e1padn\u00fd.<\/p>\n<p>Daleko od ohromuj\u00edc\u00edho p\u0159edstaven\u00ed, co p\u0159edvedl cestou pro prvn\u00ed v\u00edt\u011bzstv\u00ed sezony 2026 p\u0159i Strade Bianche Tadej Poga\u010dar. I Remco Evenepoel, Belgi\u010dan v Red Bull Bora Hansgrohe, poutal velkou pozornost, kdy\u017e na \u00favod roku kosil jedno v\u00edt\u011bzstv\u00ed za druh\u00fdm. Jakmile p\u0159idali oslniv\u00e9 v\u00fdkony Isaac del Toro, Paul Seixas \u010di Juan Ayuso, m\u011bl b\u00fdt Vingegaardov\u00fdm ambic\u00edm konec.<\/p>\n<figure id=\"attachment_32812\" aria-describedby=\"caption-attachment-32812\" style=\"width: 1800px\" class=\"wp-caption alignnone\"><a href=\"https:\/\/d2p6e6u75xmxt8.cloudfront.net\/13\/2026\/03\/profimedia-1081990134.webp\"><img loading=\"lazy\" decoding=\"async\" class=\"size-full wp-image-32812\" src=\"https:\/\/d2p6e6u75xmxt8.cloudfront.net\/13\/2026\/03\/profimedia-1081990134.webp\" alt=\"\" width=\"1800\" height=\"1200\" srcset=\"https:\/\/d2p6e6u75xmxt8.cloudfront.net\/13\/2026\/03\/profimedia-1081990134.webp 1800w, https:\/\/d2p6e6u75xmxt8.cloudfront.net\/13\/2026\/03\/profimedia-1081990134-300x200.webp 300w, https:\/\/d2p6e6u75xmxt8.cloudfront.net\/13\/2026\/03\/profimedia-1081990134-1024x683.webp 1024w, https:\/\/d2p6e6u75xmxt8.cloudfront.net\/13\/2026\/03\/profimedia-1081990134-768x512.webp 768w, https:\/\/d2p6e6u75xmxt8.cloudfront.net\/13\/2026\/03\/profimedia-1081990134-1536x1024.webp 1536w, https:\/\/d2p6e6u75xmxt8.cloudfront.net\/13\/2026\/03\/profimedia-1081990134-400x267.webp 400w, https:\/\/d2p6e6u75xmxt8.cloudfront.net\/13\/2026\/03\/profimedia-1081990134-272x182.webp 272w\" sizes=\"auto, (max-width: 1800px) 100vw, 1800px\" \/><\/a><figcaption id=\"caption-attachment-32812\" class=\"wp-caption-text\"><em>Jonas Vingeaard p\u0159i \u010dtvrt\u00e9m d\u011bjstv\u00ed Pa\u0159\u00ed\u017e-Nice postupn\u011b odhazoval svr\u0161ky. Nast\u0159i\u017een\u00e9 zimn\u00ed kalhoty v\u0161ak sundat nedok\u00e1zal. Foto: profimedia (2x)<\/em><\/figcaption><\/figure>\n<p>Pa\u0159\u00ed\u017e-Nice je z\u00e1vod, kde se m\u016f\u017ee st\u00e1t cokoliv. Mnohdy neexistuje racion\u00e1ln\u00ed vysv\u011btlen\u00ed. Jeho st\u0159ede\u010dn\u00ed d\u011bjstv\u00ed prov\u00e1zelo po\u010das\u00ed tak hnusn\u00e9, \u017ee v sedle vydr\u017eeli jen profesion\u00e1lov\u00e9, co na kolo mus\u00ed i tak b\u00eddn\u00fdch podm\u00ednk\u00e1ch. Bo\u010dn\u00ed v\u00edtr, mlha, prudk\u00fd d\u00e9\u0161\u0165 a zima takov\u00e1, \u017ee by \u010dlov\u011bk nejrad\u011bji sed\u011bl jen u krbu. V\u017edy\u0165 v dojezdu byly jen dva stupn\u011b nad nulou.<\/p>\n<h2><strong>S outfitem jako z k\u016flny<\/strong><\/h2>\n<p>Ale Jonas Vingegaard demonstroval s\u00edlu. Ani jednou ne\u0161l\u00e1pl zbyte\u010dn\u011b. V\u017edy byl ve spr\u00e1vn\u00e9 pozici. Kdy\u017e se z\u00e1vod rozpadl. Kdy\u017e se rodil \u00fanik. A v neposledn\u00ed \u0159ad\u011b, kdy\u017e vyrazil pro v\u00edt\u011bzstv\u00ed. A v\u011bt\u0161inu \u010dasu s\u00e1m, bez pomoci odpadl\u00fdch t\u00fdmov\u00fdch koleg\u016f.<\/p>\n<div class=\"shortcode-ys-post-pinup\"><article class=\"loop-simple post-32745 post type-post status-publish format-standard has-post-thumbnail hentry category-silnicni-cyklistika tag-cyklistika tag-eminem tag-silnicni-cyklistika tag-strade-bianche tag-tadej-pogacar tag-uae-emirates-xrg global-categories-cycling\" data-postid=\"32745\" role=\"article\" data-post-id=\"32745\" data-word-count=\"453\" data-headline-length=\"61\" data-category=\"Silni\u010dn\u00ed cyklistika\" data-global-category=\"Cycling\" data-author=\"Radek Malina\" data-published=\"2026-03-06T11:39:43+02:00\" data-published-day=\"Friday\">\n    <div class=\"entry-thumbnail article-thumbnail\" content=\"https:\/\/d2p6e6u75xmxt8.cloudfront.net\/13\/2026\/03\/profimedia-1080300829-150x150.webp\"><a href=\"https:\/\/www.welovecycling.com\/cs\/2026\/03\/06\/eminem-pelotonu-je-zpet-bude-tadej-jeste-agresivnejsi\/\" class=\"image-holder\" target=\"_self\"><img decoding=\"async\" loading=\"lazy\" class=\"\" src=\"https:\/\/d2p6e6u75xmxt8.cloudfront.net\/13\/2026\/03\/profimedia-1080300829-1024x683.webp\" srcset=\"https:\/\/d2p6e6u75xmxt8.cloudfront.net\/13\/2026\/03\/profimedia-1080300829.webp 1800w, https:\/\/d2p6e6u75xmxt8.cloudfront.net\/13\/2026\/03\/profimedia-1080300829-300x200.webp 300w, https:\/\/d2p6e6u75xmxt8.cloudfront.net\/13\/2026\/03\/profimedia-1080300829-1024x683.webp 1024w, https:\/\/d2p6e6u75xmxt8.cloudfront.net\/13\/2026\/03\/profimedia-1080300829-768x512.webp 768w, https:\/\/d2p6e6u75xmxt8.cloudfront.net\/13\/2026\/03\/profimedia-1080300829-1536x1024.webp 1536w, https:\/\/d2p6e6u75xmxt8.cloudfront.net\/13\/2026\/03\/profimedia-1080300829-400x267.webp 400w, https:\/\/d2p6e6u75xmxt8.cloudfront.net\/13\/2026\/03\/profimedia-1080300829-272x182.webp 272w\" width=\"1024\" height=\"683\" sizes=\"auto, (min-width: 1200px) 300px, (min-width: 768px) 25vw, 100vw\" alt=\"eminem-pelotonu-je-zpet-bude-tadej-jeste-agresivnejsi\"\/><\/a><\/div>    <div class=\"entry-meta\">\n        <a class=\"label label-secondary post-category\" href=\"https:\/\/www.welovecycling.com\/cs\/category\/silnicni-cyklistika\/\" title=\"Silni\u010dn\u00ed cyklistika\">Silni\u010dn\u00ed cyklistika<\/a>\n    <\/div>\n    <div class=\"entry-details\">\n        <a href=\"https:\/\/www.welovecycling.com\/cs\/2026\/03\/06\/eminem-pelotonu-je-zpet-bude-tadej-jeste-agresivnejsi\/\" class='entry-title-wrapper'>\n            <h3 class=\"entry-title\"><span>Eminem pelotonu je zp\u011bt. Bude Tadej je\u0161t\u011b agresivn\u011bj\u0161\u00ed?<\/span><\/h3>\n        <\/a>\n    <\/div>\n    <\/article>\n<\/div>\n<p>Zb\u00fdvalo \u010dty\u0159icet kilometr\u016f do c\u00edle \u010dtvrt\u00e9ho d\u011bjstv\u00ed Pa\u0159\u00ed\u017e-Nice. Jonas Vingegaard byl v sedmi\u010dlenn\u00e9 skupin\u011b, kde figurovalo p\u011bt z\u00e1vodn\u00edk\u016f formace Red Bull Bora Hansgrohe. T\u00fdmov\u00fd par\u0165\u00e1k ani jeden. A p\u0159ece se na konci dne radoval z prvn\u00edho etapov\u00e9ho v\u00edt\u011bzstv\u00ed na Pa\u0159\u00ed\u017e-Nice. A pr\u016fb\u011b\u017en\u00e9ho veden\u00ed.<\/p>\n<p>I proto, \u017ee uk\u00e1zal p\u0159edv\u00eddavost. &#8222;Tu\u0161ili jsme drsn\u00e9 podm\u00ednky. Spousta kluk\u016f zmrzla. J\u00e1 se nabalil. M\u011bl jsem tolik vrstev, \u017ee jsem se c\u00edtil komfortn\u011b,&#8220; sm\u00e1l se Jonas Vingegaard.<\/p>\n<blockquote class=\"instagram-media\" style=\"background: #FFF; border: 0; border-radius: 3px; box-shadow: 0 0 1px 0 rgba(0,0,0,0.5),0 1px 10px 0 rgba(0,0,0,0.15); margin: 1px; max-width: 540px; min-width: 326px; padding: 0; width: calc(100% - 2px);\" data-instgrm-captioned=\"\" data-instgrm-permalink=\"https:\/\/www.instagram.com\/reel\/DVwGIVBjFSi\/?utm_source=ig_embed&amp;utm_campaign=loading\" data-instgrm-version=\"14\">\n<div style=\"padding: 16px;\">\n<p>&nbsp;<\/p>\n<div style=\"display: flex; flex-direction: row; align-items: center;\">\n<div style=\"background-color: #f4f4f4; border-radius: 50%; flex-grow: 0; height: 40px; margin-right: 14px; width: 40px;\"><\/div>\n<div style=\"display: flex; flex-direction: column; flex-grow: 1; justify-content: center;\">\n<div style=\"background-color: #f4f4f4; border-radius: 4px; flex-grow: 0; height: 14px; margin-bottom: 6px; width: 100px;\"><\/div>\n<div style=\"background-color: #f4f4f4; border-radius: 4px; flex-grow: 0; height: 14px; width: 60px;\"><\/div>\n<\/div>\n<\/div>\n<div style=\"padding: 19% 0;\"><\/div>\n<div style=\"display: block; height: 50px; margin: 0 auto 12px; width: 50px;\"><\/div>\n<div style=\"padding-top: 8px;\">\n<div style=\"color: #3897f0; font-family: Arial,sans-serif; font-size: 14px; font-style: normal; font-weight: 550; line-height: 18px;\">Zobrazit p\u0159\u00edsp\u011bvek na Instagramu<\/div>\n<\/div>\n<div style=\"padding: 12.5% 0;\"><\/div>\n<div style=\"display: flex; flex-direction: row; margin-bottom: 14px; align-items: center;\">\n<div>\n<div style=\"background-color: #f4f4f4; border-radius: 50%; height: 12.5px; width: 12.5px; transform: translateX(0px) translateY(7px);\"><\/div>\n<div style=\"background-color: #f4f4f4; height: 12.5px; transform: rotate(-45deg) translateX(3px) translateY(1px); width: 12.5px; flex-grow: 0; margin-right: 14px; margin-left: 2px;\"><\/div>\n<div style=\"background-color: #f4f4f4; border-radius: 50%; height: 12.5px; width: 12.5px; transform: translateX(9px) translateY(-18px);\"><\/div>\n<\/div>\n<div style=\"margin-left: 8px;\">\n<div style=\"background-color: #f4f4f4; border-radius: 50%; flex-grow: 0; height: 20px; width: 20px;\"><\/div>\n<div style=\"width: 0; height: 0; border-top: 2px solid transparent; border-left: 6px solid #f4f4f4; border-bottom: 2px solid transparent; transform: translateX(16px) translateY(-4px) rotate(30deg);\"><\/div>\n<\/div>\n<div style=\"margin-left: auto;\">\n<div style=\"width: 0px; border-top: 8px solid #F4F4F4; border-right: 8px solid transparent; transform: translateY(16px);\"><\/div>\n<div style=\"background-color: #f4f4f4; flex-grow: 0; height: 12px; width: 16px; transform: translateY(-4px);\"><\/div>\n<div style=\"width: 0; height: 0; border-top: 8px solid #F4F4F4; border-left: 8px solid transparent; transform: translateY(-4px) translateX(8px);\"><\/div>\n<\/div>\n<\/div>\n<div style=\"display: flex; flex-direction: column; flex-grow: 1; justify-content: center; margin-bottom: 24px;\">\n<div style=\"background-color: #f4f4f4; border-radius: 4px; flex-grow: 0; height: 14px; margin-bottom: 6px; width: 224px;\"><\/div>\n<div style=\"background-color: #f4f4f4; border-radius: 4px; flex-grow: 0; height: 14px; width: 144px;\"><\/div>\n<\/div>\n<p>&nbsp;<\/p>\n<p style=\"color: #c9c8cd; font-family: Arial,sans-serif; font-size: 14px; line-height: 17px; margin-bottom: 0; margin-top: 8px; overflow: hidden; padding: 8px 0 7px; text-align: center; text-overflow: ellipsis; white-space: nowrap;\"><a style=\"color: #c9c8cd; font-family: Arial,sans-serif; font-size: 14px; font-style: normal; font-weight: normal; line-height: 17px; text-decoration: none;\" href=\"https:\/\/www.instagram.com\/reel\/DVwGIVBjFSi\/?utm_source=ig_embed&amp;utm_campaign=loading\" target=\"_blank\" rel=\"noopener\">P\u0159\u00edsp\u011bvek sd\u00edlen\u00fd Team Visma | Lease a Bike (@teamvisma_leaseabike)<\/a><\/p>\n<\/div>\n<\/blockquote>\n<p><script async src=\"\/\/www.instagram.com\/embed.js\"><\/script>\u00a0Z\u00e1b\u011bry na D\u00e1na, kterak \u0161lape s laclov\u00fdmi popruhy p\u0159es dres, pobavily v\u0161echny. &#8222;Vypad\u00e1 jako soused z ulice, co t\u0159ikr\u00e1t do roka vyt\u00e1hne z k\u016flny rezav\u00e9 kolo a vyraz\u00ed na proj\u00ed\u017e\u010fku v kalhot\u00e1ch, co m\u00e1 t\u0159icet let,&#8220; uvedl server Sporza.<\/p>\n<div class=\"shortcode-ys-post-pinup\"><article class=\"loop-simple post-32754 post type-post status-publish format-standard has-post-thumbnail hentry category-silnicni-cyklistika tag-cyklistika tag-jonas-vingegaard tag-mathias-vacek tag-pariz-nice tag-silnicni-cyklistika tag-tadej-pogacar global-categories-cycling\" data-postid=\"32754\" role=\"article\" data-post-id=\"32754\" data-word-count=\"452\" data-headline-length=\"63\" data-category=\"Silni\u010dn\u00ed cyklistika\" data-global-category=\"Cycling\" data-author=\"We Love Cycling\" data-published=\"2026-03-08T10:00:59+02:00\" data-published-day=\"Sunday\">\n    <div class=\"entry-thumbnail article-thumbnail\" content=\"https:\/\/d2p6e6u75xmxt8.cloudfront.net\/13\/2023\/03\/vingegaard-profimedia-0762067982-150x150.webp\"><a href=\"https:\/\/www.welovecycling.com\/cs\/2026\/03\/08\/proc-je-pariz-nice-klicem-k-uspechu-v-tour-de-france\/\" class=\"image-holder\" target=\"_self\"><img decoding=\"async\" loading=\"lazy\" class=\"\" src=\"https:\/\/d2p6e6u75xmxt8.cloudfront.net\/13\/2023\/03\/vingegaard-profimedia-0762067982-1024x683.webp\" srcset=\"https:\/\/d2p6e6u75xmxt8.cloudfront.net\/13\/2023\/03\/vingegaard-profimedia-0762067982.webp 1800w, https:\/\/d2p6e6u75xmxt8.cloudfront.net\/13\/2023\/03\/vingegaard-profimedia-0762067982-300x200.webp 300w, https:\/\/d2p6e6u75xmxt8.cloudfront.net\/13\/2023\/03\/vingegaard-profimedia-0762067982-1024x683.webp 1024w, https:\/\/d2p6e6u75xmxt8.cloudfront.net\/13\/2023\/03\/vingegaard-profimedia-0762067982-768x512.webp 768w, https:\/\/d2p6e6u75xmxt8.cloudfront.net\/13\/2023\/03\/vingegaard-profimedia-0762067982-1536x1025.webp 1536w, https:\/\/d2p6e6u75xmxt8.cloudfront.net\/13\/2023\/03\/vingegaard-profimedia-0762067982-400x267.webp 400w, https:\/\/d2p6e6u75xmxt8.cloudfront.net\/13\/2023\/03\/vingegaard-profimedia-0762067982-272x182.webp 272w\" width=\"1024\" height=\"683\" sizes=\"auto, (min-width: 1200px) 300px, (min-width: 768px) 25vw, 100vw\" alt=\"proc-je-pariz-nice-klicem-k-uspechu-v-tour-de-france\"\/><\/a><\/div>    <div class=\"entry-meta\">\n        <a class=\"label label-secondary post-category\" href=\"https:\/\/www.welovecycling.com\/cs\/category\/silnicni-cyklistika\/\" title=\"Silni\u010dn\u00ed cyklistika\">Silni\u010dn\u00ed cyklistika<\/a>\n    <\/div>\n    <div class=\"entry-details\">\n        <a href=\"https:\/\/www.welovecycling.com\/cs\/2026\/03\/08\/proc-je-pariz-nice-klicem-k-uspechu-v-tour-de-france\/\" class='entry-title-wrapper'>\n            <h3 class=\"entry-title\"><span>Pro\u010d je Pa\u0159\u00ed\u017e\u2013Nice kl\u00ed\u010dem k \u00fasp\u011bchu v Tour de France?<\/span><\/h3>\n        <\/a>\n    <\/div>\n    <\/article>\n<\/div>\n<p>D\u00e1n m\u011bl toti\u017e zimn\u00ed kalhoty nast\u0159i\u017een\u00e9 na obou stran\u00e1ch. P\u016fvodn\u00edm pl\u00e1nem bylo pod fin\u00e1ln\u00edm v\u00fdstupem druh\u00e9 kalhoty strhnout. Pot\u0159eboval v\u0161ak pomoc n\u011bkter\u00e9ho z koleg\u016f. Probl\u00e9m byl, \u017ee nikdo dal\u0161\u00ed v dresu Visma Lease a Bike nebyl v dosahu. A tak si Vingegaard dojel pro triumf v pon\u011bkud nekonven\u010dn\u00edm outfitu.<\/p>\n<p>Ka\u017edop\u00e1dn\u011b s v\u00fdhledem debutu na italsk\u00e9m Giru nabral D\u00e1n po\u0159\u00e1dnou porci sebev\u011bdom\u00ed. Po \u010dtvrt\u00e9m d\u011bjstv\u00ed Pa\u0159\u00ed\u017e-Nice u\u017e si z\u0159ejm\u011b nikdo nedovol\u00ed spekulovat, zda <a href=\"https:\/\/www.welovecycling.com\/cs\/2024\/11\/26\/jonas-vingegaard-a-jeho-nejvetsi-inspirace\/\">Jonas Vingegaard<\/a> za\u017e\u00edv\u00e1 \u00fapadek a nen\u00ed pro Poga\u010dara soupe\u0159em.<\/p>\n","protected":false},"excerpt":{"rendered":"<p>Mu\u017e v \u00fapadku? Z\u00e1vodn\u00edk odepsan\u00fd t\u00edhou \u0161patn\u00e9ho p\u0159\u00edpravn\u00e9ho obdob\u00ed? Zrazen\u00fd dv\u011bma nejbli\u017e\u0161\u00edmi par\u0165\u00e1ky? Neschopn\u00fd konkurovat Poga\u010darovi? V\u00e1\u017en\u011b si Jonas Vingegaard [&hellip;]<\/p>\n","protected":false},"author":138,"featured_media":32813,"comment_status":"open","ping_status":"open","sticky":false,"template":"","format":"standard","meta":{"footnotes":""},"categories":[10],"tags":[126,1601,101,9,3566],"global-categories":[411],"class_list":["post-32811","post","type-post","status-publish","format-standard","has-post-thumbnail","hentry","category-silnicni-cyklistika","tag-cyklistika","tag-jonas-vingegaard","tag-pariz-nice","tag-silnicni-cyklistika","tag-visma-lease-a-bike","global-categories-cycling"],"yoast_head":"<!-- This site is optimized with the Yoast SEO Premium plugin v25.3 (Yoast SEO v25.9) - https:\/\/yoast.com\/wordpress\/plugins\/seo\/ -->\n<title>Nudn\u00fd a nen\u00e1padn\u00fd?! Zaslou\u017e\u00ed si Vingegaard pochybnosti? | \u0160koda We Love Cycling - \u010cesk\u00e1 republika<\/title>\n<meta name=\"description\" content=\"Mu\u017e v \u00fapadku? Z\u00e1vodn\u00edk odepsan\u00fd t\u00edhou \u0161patn\u00e9ho p\u0159\u00edpravn\u00e9ho obdob\u00ed? Zrazen\u00fd dv\u011bma nejbli\u017e\u0161\u00edmi par\u0165\u00e1ky? Neschopn\u00fd konkurovat Poga\u010darovi? V\u00e1\u017en\u011b si Jonas Vingegaard z Visma Lease a Bike, z\u00e1vod\u00edc\u00ed letos poprv\u00e9 p\u0159i Pa\u0159\u00ed\u017e-Nice, zaslou\u017e\u00ed tolik pochybnost\u00ed?\" \/>\n<meta name=\"robots\" content=\"index, follow, max-snippet:-1, max-image-preview:large, max-video-preview:-1\" \/>\n<link rel=\"canonical\" href=\"https:\/\/www.welovecycling.com\/cs\/2026\/03\/12\/nenapadny-a-nudny-zaslouzi-si-vingegaard-pochybnosti\/\" \/>\n<meta property=\"og:locale\" content=\"cs_CZ\" \/>\n<meta property=\"og:type\" content=\"article\" \/>\n<meta property=\"og:title\" content=\"Nudn\u00fd a nen\u00e1padn\u00fd?! Zaslou\u017e\u00ed si Vingegaard pochybnosti?\" \/>\n<meta property=\"og:description\" content=\"Mu\u017e v \u00fapadku? Z\u00e1vodn\u00edk odepsan\u00fd t\u00edhou \u0161patn\u00e9ho p\u0159\u00edpravn\u00e9ho obdob\u00ed? Zrazen\u00fd dv\u011bma nejbli\u017e\u0161\u00edmi par\u0165\u00e1ky? Neschopn\u00fd konkurovat Poga\u010darovi? V\u00e1\u017en\u011b si Jonas Vingegaard z Visma Lease a Bike, z\u00e1vod\u00edc\u00ed letos poprv\u00e9 p\u0159i Pa\u0159\u00ed\u017e-Nice, zaslou\u017e\u00ed tolik pochybnost\u00ed?\" \/>\n<meta property=\"og:url\" content=\"https:\/\/www.welovecycling.com\/cs\/2026\/03\/12\/nenapadny-a-nudny-zaslouzi-si-vingegaard-pochybnosti\/\" \/>\n<meta property=\"og:site_name\" content=\"\u0160koda We Love Cycling - \u010cesk\u00e1 republika\" \/>\n<meta property=\"article:published_time\" content=\"2026-03-12T05:00:41+00:00\" \/>\n<meta property=\"og:image\" content=\"https:\/\/d2p6e6u75xmxt8.cloudfront.net\/13\/2026\/03\/profimedia-1082001330.webp\" \/>\n\t<meta property=\"og:image:width\" content=\"1800\" \/>\n\t<meta property=\"og:image:height\" content=\"1200\" \/>\n\t<meta property=\"og:image:type\" content=\"image\/webp\" \/>\n<meta name=\"author\" content=\"radekmalina\" \/>\n<meta name=\"twitter:card\" content=\"summary_large_image\" \/>\n<meta name=\"twitter:label1\" content=\"Written by\" \/>\n\t<meta name=\"twitter:data1\" content=\"We Love Cycling\" \/>\n\t<meta name=\"twitter:label2\" content=\"Est. reading time\" \/>\n\t<meta name=\"twitter:data2\" content=\"6\" \/>\n<script type=\"application\/ld+json\" class=\"yoast-schema-graph\">{\"@context\":\"https:\/\/schema.org\",\"@graph\":[{\"@type\":\"WebPage\",\"@id\":\"https:\/\/www.welovecycling.com\/cs\/2026\/03\/12\/nenapadny-a-nudny-zaslouzi-si-vingegaard-pochybnosti\/\",\"url\":\"https:\/\/www.welovecycling.com\/cs\/2026\/03\/12\/nenapadny-a-nudny-zaslouzi-si-vingegaard-pochybnosti\/\",\"name\":\"Nudn\u00fd a nen\u00e1padn\u00fd?! Zaslou\u017e\u00ed si Vingegaard pochybnosti? | \u0160koda We Love Cycling - \u010cesk\u00e1 republika\",\"isPartOf\":{\"@id\":\"https:\/\/www.welovecycling.com\/cs\/#website\"},\"primaryImageOfPage\":{\"@id\":\"https:\/\/www.welovecycling.com\/cs\/2026\/03\/12\/nenapadny-a-nudny-zaslouzi-si-vingegaard-pochybnosti\/#primaryimage\"},\"image\":{\"@id\":\"https:\/\/www.welovecycling.com\/cs\/2026\/03\/12\/nenapadny-a-nudny-zaslouzi-si-vingegaard-pochybnosti\/#primaryimage\"},\"thumbnailUrl\":\"https:\/\/d2p6e6u75xmxt8.cloudfront.net\/13\/2026\/03\/profimedia-1082001330.webp\",\"datePublished\":\"2026-03-12T05:00:41+00:00\",\"author\":{\"@id\":\"https:\/\/www.welovecycling.com\/cs\/#\/schema\/person\/d9eeb0a378f3a7e4a6d12d2b536b04b8\"},\"description\":\"Mu\u017e v \u00fapadku? Z\u00e1vodn\u00edk odepsan\u00fd t\u00edhou \u0161patn\u00e9ho p\u0159\u00edpravn\u00e9ho obdob\u00ed? Zrazen\u00fd dv\u011bma nejbli\u017e\u0161\u00edmi par\u0165\u00e1ky? Neschopn\u00fd konkurovat Poga\u010darovi? V\u00e1\u017en\u011b si Jonas Vingegaard z Visma Lease a Bike, z\u00e1vod\u00edc\u00ed letos poprv\u00e9 p\u0159i Pa\u0159\u00ed\u017e-Nice, zaslou\u017e\u00ed tolik pochybnost\u00ed?\",\"inLanguage\":\"cs\",\"potentialAction\":[{\"@type\":\"ReadAction\",\"target\":[\"https:\/\/www.welovecycling.com\/cs\/2026\/03\/12\/nenapadny-a-nudny-zaslouzi-si-vingegaard-pochybnosti\/\"]}]},{\"@type\":\"ImageObject\",\"inLanguage\":\"cs\",\"@id\":\"https:\/\/www.welovecycling.com\/cs\/2026\/03\/12\/nenapadny-a-nudny-zaslouzi-si-vingegaard-pochybnosti\/#primaryimage\",\"url\":\"https:\/\/d2p6e6u75xmxt8.cloudfront.net\/13\/2026\/03\/profimedia-1082001330.webp\",\"contentUrl\":\"https:\/\/d2p6e6u75xmxt8.cloudfront.net\/13\/2026\/03\/profimedia-1082001330.webp\",\"width\":1800,\"height\":1200,\"caption\":\"Jonas Vingegaard Visma Lease a Bike Pa\u0159\u00ed\u017e-Nice\"},{\"@type\":\"WebSite\",\"@id\":\"https:\/\/www.welovecycling.com\/cs\/#website\",\"url\":\"https:\/\/www.welovecycling.com\/cs\/\",\"name\":\"\u0160koda We Love Cycling - \u010cesk\u00e1 republika\",\"description\":\"WeLoveCycling.cz je online magaz\u00edn, kter\u00fd v\u00e1m pravideln\u011b p\u0159in\u00e1\u0161\u00ed rady a tipy, zaj\u00edmav\u00e9 \u010dl\u00e1nky, videa a jedine\u010dn\u00e9 report\u00e1\u017ee ze sv\u011bta cyklistiky.\",\"potentialAction\":[{\"@type\":\"SearchAction\",\"target\":{\"@type\":\"EntryPoint\",\"urlTemplate\":\"https:\/\/www.welovecycling.com\/cs\/?s={search_term_string}\"},\"query-input\":{\"@type\":\"PropertyValueSpecification\",\"valueRequired\":true,\"valueName\":\"search_term_string\"}}],\"inLanguage\":\"cs\"},{\"@type\":\"Person\",\"@id\":\"https:\/\/www.welovecycling.com\/cs\/#\/schema\/person\/d9eeb0a378f3a7e4a6d12d2b536b04b8\",\"name\":\"radekmalina\",\"image\":{\"@type\":\"ImageObject\",\"inLanguage\":\"cs\",\"@id\":\"https:\/\/www.welovecycling.com\/cs\/#\/schema\/person\/image\/\",\"url\":\"https:\/\/secure.gravatar.com\/avatar\/66994b632cb8c39a46b9f54afa3ae07201b678d32a54275b6f1c9ffec356bfc0?s=96&d=mm&r=g\",\"contentUrl\":\"https:\/\/secure.gravatar.com\/avatar\/66994b632cb8c39a46b9f54afa3ae07201b678d32a54275b6f1c9ffec356bfc0?s=96&d=mm&r=g\",\"caption\":\"radekmalina\"},\"url\":\"https:\/\/www.welovecycling.com\/cs\/author\/radekmalina\/\"}]}<\/script>\n<!-- \/ Yoast SEO Premium plugin. -->","yoast_head_json":{"title":"Nudn\u00fd a nen\u00e1padn\u00fd?! Zaslou\u017e\u00ed si Vingegaard pochybnosti? | \u0160koda We Love Cycling - \u010cesk\u00e1 republika","description":"Mu\u017e v \u00fapadku? Z\u00e1vodn\u00edk odepsan\u00fd t\u00edhou \u0161patn\u00e9ho p\u0159\u00edpravn\u00e9ho obdob\u00ed? Zrazen\u00fd dv\u011bma nejbli\u017e\u0161\u00edmi par\u0165\u00e1ky? Neschopn\u00fd konkurovat Poga\u010darovi? V\u00e1\u017en\u011b si Jonas Vingegaard z Visma Lease a Bike, z\u00e1vod\u00edc\u00ed letos poprv\u00e9 p\u0159i Pa\u0159\u00ed\u017e-Nice, zaslou\u017e\u00ed tolik pochybnost\u00ed?","robots":{"index":"index","follow":"follow","max-snippet":"max-snippet:-1","max-image-preview":"max-image-preview:large","max-video-preview":"max-video-preview:-1"},"canonical":"https:\/\/www.welovecycling.com\/cs\/2026\/03\/12\/nenapadny-a-nudny-zaslouzi-si-vingegaard-pochybnosti\/","og_locale":"cs_CZ","og_type":"article","og_title":"Nudn\u00fd a nen\u00e1padn\u00fd?! Zaslou\u017e\u00ed si Vingegaard pochybnosti?","og_description":"Mu\u017e v \u00fapadku? Z\u00e1vodn\u00edk odepsan\u00fd t\u00edhou \u0161patn\u00e9ho p\u0159\u00edpravn\u00e9ho obdob\u00ed? Zrazen\u00fd dv\u011bma nejbli\u017e\u0161\u00edmi par\u0165\u00e1ky? Neschopn\u00fd konkurovat Poga\u010darovi? V\u00e1\u017en\u011b si Jonas Vingegaard z Visma Lease a Bike, z\u00e1vod\u00edc\u00ed letos poprv\u00e9 p\u0159i Pa\u0159\u00ed\u017e-Nice, zaslou\u017e\u00ed tolik pochybnost\u00ed?","og_url":"https:\/\/www.welovecycling.com\/cs\/2026\/03\/12\/nenapadny-a-nudny-zaslouzi-si-vingegaard-pochybnosti\/","og_site_name":"\u0160koda We Love Cycling - \u010cesk\u00e1 republika","article_published_time":"2026-03-12T05:00:41+00:00","og_image":[{"width":1800,"height":1200,"url":"https:\/\/d2p6e6u75xmxt8.cloudfront.net\/13\/2026\/03\/profimedia-1082001330.webp","type":"image\/webp"}],"author":"radekmalina","twitter_card":"summary_large_image","twitter_misc":{"Written by":"We Love Cycling","Est. reading time":"6"},"schema":{"@context":"https:\/\/schema.org","@graph":[{"@type":"WebPage","@id":"https:\/\/www.welovecycling.com\/cs\/2026\/03\/12\/nenapadny-a-nudny-zaslouzi-si-vingegaard-pochybnosti\/","url":"https:\/\/www.welovecycling.com\/cs\/2026\/03\/12\/nenapadny-a-nudny-zaslouzi-si-vingegaard-pochybnosti\/","name":"Nudn\u00fd a nen\u00e1padn\u00fd?! Zaslou\u017e\u00ed si Vingegaard pochybnosti? | \u0160koda We Love Cycling - \u010cesk\u00e1 republika","isPartOf":{"@id":"https:\/\/www.welovecycling.com\/cs\/#website"},"primaryImageOfPage":{"@id":"https:\/\/www.welovecycling.com\/cs\/2026\/03\/12\/nenapadny-a-nudny-zaslouzi-si-vingegaard-pochybnosti\/#primaryimage"},"image":{"@id":"https:\/\/www.welovecycling.com\/cs\/2026\/03\/12\/nenapadny-a-nudny-zaslouzi-si-vingegaard-pochybnosti\/#primaryimage"},"thumbnailUrl":"https:\/\/d2p6e6u75xmxt8.cloudfront.net\/13\/2026\/03\/profimedia-1082001330.webp","datePublished":"2026-03-12T05:00:41+00:00","author":{"@id":"https:\/\/www.welovecycling.com\/cs\/#\/schema\/person\/d9eeb0a378f3a7e4a6d12d2b536b04b8"},"description":"Mu\u017e v \u00fapadku? Z\u00e1vodn\u00edk odepsan\u00fd t\u00edhou \u0161patn\u00e9ho p\u0159\u00edpravn\u00e9ho obdob\u00ed? Zrazen\u00fd dv\u011bma nejbli\u017e\u0161\u00edmi par\u0165\u00e1ky? Neschopn\u00fd konkurovat Poga\u010darovi? V\u00e1\u017en\u011b si Jonas Vingegaard z Visma Lease a Bike, z\u00e1vod\u00edc\u00ed letos poprv\u00e9 p\u0159i Pa\u0159\u00ed\u017e-Nice, zaslou\u017e\u00ed tolik pochybnost\u00ed?","inLanguage":"cs","potentialAction":[{"@type":"ReadAction","target":["https:\/\/www.welovecycling.com\/cs\/2026\/03\/12\/nenapadny-a-nudny-zaslouzi-si-vingegaard-pochybnosti\/"]}]},{"@type":"ImageObject","inLanguage":"cs","@id":"https:\/\/www.welovecycling.com\/cs\/2026\/03\/12\/nenapadny-a-nudny-zaslouzi-si-vingegaard-pochybnosti\/#primaryimage","url":"https:\/\/d2p6e6u75xmxt8.cloudfront.net\/13\/2026\/03\/profimedia-1082001330.webp","contentUrl":"https:\/\/d2p6e6u75xmxt8.cloudfront.net\/13\/2026\/03\/profimedia-1082001330.webp","width":1800,"height":1200,"caption":"Jonas Vingegaard Visma Lease a Bike Pa\u0159\u00ed\u017e-Nice"},{"@type":"WebSite","@id":"https:\/\/www.welovecycling.com\/cs\/#website","url":"https:\/\/www.welovecycling.com\/cs\/","name":"\u0160koda We Love Cycling - \u010cesk\u00e1 republika","description":"WeLoveCycling.cz je online magaz\u00edn, kter\u00fd v\u00e1m pravideln\u011b p\u0159in\u00e1\u0161\u00ed rady a tipy, zaj\u00edmav\u00e9 \u010dl\u00e1nky, videa a jedine\u010dn\u00e9 report\u00e1\u017ee ze sv\u011bta cyklistiky.","potentialAction":[{"@type":"SearchAction","target":{"@type":"EntryPoint","urlTemplate":"https:\/\/www.welovecycling.com\/cs\/?s={search_term_string}"},"query-input":{"@type":"PropertyValueSpecification","valueRequired":true,"valueName":"search_term_string"}}],"inLanguage":"cs"},{"@type":"Person","@id":"https:\/\/www.welovecycling.com\/cs\/#\/schema\/person\/d9eeb0a378f3a7e4a6d12d2b536b04b8","name":"radekmalina","image":{"@type":"ImageObject","inLanguage":"cs","@id":"https:\/\/www.welovecycling.com\/cs\/#\/schema\/person\/image\/","url":"https:\/\/secure.gravatar.com\/avatar\/66994b632cb8c39a46b9f54afa3ae07201b678d32a54275b6f1c9ffec356bfc0?s=96&d=mm&r=g","contentUrl":"https:\/\/secure.gravatar.com\/avatar\/66994b632cb8c39a46b9f54afa3ae07201b678d32a54275b6f1c9ffec356bfc0?s=96&d=mm&r=g","caption":"radekmalina"},"url":"https:\/\/www.welovecycling.com\/cs\/author\/radekmalina\/"}]}},"_links":{"self":[{"href":"https:\/\/www.welovecycling.com\/cs\/wp-json\/wp\/v2\/posts\/32811","targetHints":{"allow":["GET"]}}],"collection":[{"href":"https:\/\/www.welovecycling.com\/cs\/wp-json\/wp\/v2\/posts"}],"about":[{"href":"https:\/\/www.welovecycling.com\/cs\/wp-json\/wp\/v2\/types\/post"}],"author":[{"embeddable":true,"href":"https:\/\/www.welovecycling.com\/cs\/wp-json\/wp\/v2\/users\/138"}],"replies":[{"embeddable":true,"href":"https:\/\/www.welovecycling.com\/cs\/wp-json\/wp\/v2\/comments?post=32811"}],"version-history":[{"count":3,"href":"https:\/\/www.welovecycling.com\/cs\/wp-json\/wp\/v2\/posts\/32811\/revisions"}],"predecessor-version":[{"id":32816,"href":"https:\/\/www.welovecycling.com\/cs\/wp-json\/wp\/v2\/posts\/32811\/revisions\/32816"}],"wp:featuredmedia":[{"embeddable":true,"href":"https:\/\/www.welovecycling.com\/cs\/wp-json\/wp\/v2\/media\/32813"}],"wp:attachment":[{"href":"https:\/\/www.welovecycling.com\/cs\/wp-json\/wp\/v2\/media?parent=32811"}],"wp:term":[{"taxonomy":"category","embeddable":true,"href":"https:\/\/www.welovecycling.com\/cs\/wp-json\/wp\/v2\/categories?post=32811"},{"taxonomy":"post_tag","embeddable":true,"href":"https:\/\/www.welovecycling.com\/cs\/wp-json\/wp\/v2\/tags?post=32811"},{"taxonomy":"global-categories","embeddable":true,"href":"https:\/\/www.welovecycling.com\/cs\/wp-json\/wp\/v2\/global-categories?post=32811"}],"curies":[{"name":"wp","href":"https:\/\/api.w.org\/{rel}","templated":true}]}}