{"id":32806,"date":"2026-03-13T06:30:49","date_gmt":"2026-03-13T04:30:49","guid":{"rendered":"https:\/\/www.welovecycling.com\/cs\/?p=32806"},"modified":"2026-03-12T22:44:14","modified_gmt":"2026-03-12T20:44:14","slug":"5-tipu-ktere-zlepsi-vase-brzdeni","status":"publish","type":"post","link":"https:\/\/www.welovecycling.com\/cs\/2026\/03\/13\/5-tipu-ktere-zlepsi-vase-brzdeni\/","title":{"rendered":"5 tip\u016f, kter\u00e9 zlep\u0161\u00ed va\u0161e brzd\u011bn\u00ed"},"content":{"rendered":"<p><strong>Boj\u00edte se, \u017ee v\u010das nedobrzd\u00edte nebo \u017ee p\u0159i brzd\u011bn\u00ed spadnete? Aby k tomu nedo\u0161lo, mus\u00edte m\u00edt spr\u00e1vn\u011b nastaven\u00e9 brzdov\u00e9 p\u00e1\u010dky a pracovat s rovnov\u00e1hou t\u011bla. Richard Gasperotti, profesion\u00e1ln\u00ed biker a ambasador Bosch eBike Systems,\u00a0 vypo\u010d\u00edt\u00e1v\u00e1 nej\u010dast\u011bj\u0161\u00ed chyby, kter\u00e9 cyklist\u00e9 p\u0159i brzd\u011bn\u00ed na elektrokole d\u011blaj\u00ed. A prozrazuje tipy, jak je napravit.<\/strong><\/p>\n<h2><strong>Nastavte si spr\u00e1vn\u011b brzdov\u00e9 p\u00e1\u010dky<\/strong><\/h2>\n<p>Kdy\u017e chcete dob\u0159e brzdit, mus\u00edte m\u00edt po ruce n\u00e1stroj, kter\u00fdm brzd\u011bn\u00ed vyvol\u00e1te, co\u017e znamen\u00e1 brzdov\u00e9 p\u00e1\u010dky. P\u0159ekvapiv\u011b mnoho lid\u00ed si sedne na kolo tak, jak je poskl\u00e1dan\u00e9 ze servisu, a \u0159e\u0161\u00ed maxim\u00e1ln\u011b v\u00fd\u0161ku sedla. Postaven\u00ed p\u00e1\u010dek na \u0159\u00edd\u00edtk\u00e1ch p\u0159itom ur\u010duje, jak rychle dok\u00e1\u017eete na situaci reagovat.<\/p>\n<p>Jsou-li brzdov\u00e9 p\u00e1\u010dky p\u0159\u00edli\u0161 vysoko, p\u0159i brzd\u011bn\u00ed si \u201el\u00e1mete\u201c z\u00e1p\u011bst\u00ed. Naopak jsou-li p\u0159\u00edli\u0161 n\u00edzko, h\u016f\u0159e na n\u011b dos\u00e1hnete a p\u0159i brzd\u011bn\u00ed ztr\u00e1c\u00edte cenn\u00fd \u010das. V obou p\u0159\u00edpadech nav\u00edc ztr\u00e1c\u00edte kontrolu nad \u0159\u00edd\u00edtky a t\u00edm i nad cel\u00fdm kolem.<\/p>\n<p>Spr\u00e1vn\u00e9 nastaven\u00ed je takov\u00e9, kdy ukazov\u00e1\u010dky polo\u017een\u00e9 na p\u00e1\u010dk\u00e1ch tvo\u0159\u00ed s p\u0159edlokt\u00edm p\u0159\u00edmku.<\/p>\n<h2><strong>Pou\u017e\u00edvejte ob\u011b brzdy z\u00e1rove\u0148<\/strong><\/h2>\n<p>Brzd\u00ed se jedn\u00edm prstem polo\u017een\u00fdm na konci brzdov\u00e9 p\u00e1\u010dky, kde m\u00e1 p\u00e1\u010dka nejdel\u0161\u00ed chod. D\u00edky tomu m\u016f\u017eete brzd\u011bn\u00ed citliv\u011b d\u00e1vkovat a naplno vyu\u017e\u00edt p\u00e1kov\u00fd efekt.<\/p>\n<div class=\"shortcode-ys-post-pinup\"><article class=\"loop-simple post-32811 post type-post status-publish format-standard has-post-thumbnail hentry category-silnicni-cyklistika tag-cyklistika tag-jonas-vingegaard tag-pariz-nice tag-silnicni-cyklistika tag-visma-lease-a-bike global-categories-cycling\" data-postid=\"32811\" role=\"article\" data-post-id=\"32811\" data-word-count=\"499\" data-headline-length=\"60\" data-category=\"Silni\u010dn\u00ed cyklistika\" data-global-category=\"Cycling\" data-author=\"Radek Malina\" data-published=\"2026-03-12T07:00:41+02:00\" data-published-day=\"Thursday\">\n    <div class=\"entry-thumbnail article-thumbnail\" content=\"https:\/\/d2p6e6u75xmxt8.cloudfront.net\/13\/2026\/03\/profimedia-1082001330-150x150.webp\"><a href=\"https:\/\/www.welovecycling.com\/cs\/2026\/03\/12\/nenapadny-a-nudny-zaslouzi-si-vingegaard-pochybnosti\/\" class=\"image-holder\" target=\"_self\"><img decoding=\"async\" loading=\"lazy\" class=\"\" src=\"https:\/\/d2p6e6u75xmxt8.cloudfront.net\/13\/2026\/03\/profimedia-1082001330-1024x683.webp\" srcset=\"https:\/\/d2p6e6u75xmxt8.cloudfront.net\/13\/2026\/03\/profimedia-1082001330.webp 1800w, https:\/\/d2p6e6u75xmxt8.cloudfront.net\/13\/2026\/03\/profimedia-1082001330-300x200.webp 300w, https:\/\/d2p6e6u75xmxt8.cloudfront.net\/13\/2026\/03\/profimedia-1082001330-1024x683.webp 1024w, https:\/\/d2p6e6u75xmxt8.cloudfront.net\/13\/2026\/03\/profimedia-1082001330-768x512.webp 768w, https:\/\/d2p6e6u75xmxt8.cloudfront.net\/13\/2026\/03\/profimedia-1082001330-1536x1024.webp 1536w, https:\/\/d2p6e6u75xmxt8.cloudfront.net\/13\/2026\/03\/profimedia-1082001330-400x267.webp 400w, https:\/\/d2p6e6u75xmxt8.cloudfront.net\/13\/2026\/03\/profimedia-1082001330-272x182.webp 272w\" width=\"1024\" height=\"683\" sizes=\"auto, (min-width: 1200px) 300px, (min-width: 768px) 25vw, 100vw\" alt=\"nenapadny-a-nudny-zaslouzi-si-vingegaard-pochybnosti\"\/><\/a><\/div>    <div class=\"entry-meta\">\n        <a class=\"label label-secondary post-category\" href=\"https:\/\/www.welovecycling.com\/cs\/category\/silnicni-cyklistika\/\" title=\"Silni\u010dn\u00ed cyklistika\">Silni\u010dn\u00ed cyklistika<\/a>\n    <\/div>\n    <div class=\"entry-details\">\n        <a href=\"https:\/\/www.welovecycling.com\/cs\/2026\/03\/12\/nenapadny-a-nudny-zaslouzi-si-vingegaard-pochybnosti\/\" class='entry-title-wrapper'>\n            <h3 class=\"entry-title\"><span>Nudn\u00fd a nen\u00e1padn\u00fd?! Zaslou\u017e\u00ed si Vingegaard pochybnosti?<\/span><\/h3>\n        <\/a>\n    <\/div>\n    <\/article>\n<\/div>\n<p>Lid\u00e9 se n\u011bkdy boj\u00ed, \u017ee p\u0159i pou\u017eit\u00ed p\u0159edn\u00ed brzdy p\u0159elet\u00ed p\u0159es \u0159\u00edd\u00edtka, a proto ji rad\u011bji vynech\u00e1vaj\u00ed. To je obrovsk\u00e1 chyba, proto\u017ee p\u0159i brzd\u011bn\u00ed pouze zadn\u00ed brzdou se m\u016f\u017ee brzdn\u00e1 dr\u00e1ha prodlou\u017eit o 150 a\u017e 200 procent.<\/p>\n<h2><strong>Vyu\u017eijte ABS<\/strong><\/h2>\n<p>Tuto v\u00fdhodu mohou vyu\u017e\u00edt jezdci na elektrokolech, pro kter\u00e9 spole\u010dnost Bosch eBike Systems vyvinula syst\u00e9m analogick\u00fd brzdov\u00e9mu asistentovi ABS z automobil\u016f a motocykl\u016f.<\/p>\n<p><a href=\"https:\/\/d2p6e6u75xmxt8.cloudfront.net\/13\/2026\/03\/Bosch-eBike-Sport-Sintra-MY2026-2368-Print-scaled.webp\"><img loading=\"lazy\" decoding=\"async\" class=\"alignnone size-extra-large wp-image-32808\" src=\"https:\/\/d2p6e6u75xmxt8.cloudfront.net\/13\/2026\/03\/Bosch-eBike-Sport-Sintra-MY2026-2368-Print-1920x1280.webp\" alt=\"\" width=\"1920\" height=\"1280\" srcset=\"https:\/\/d2p6e6u75xmxt8.cloudfront.net\/13\/2026\/03\/Bosch-eBike-Sport-Sintra-MY2026-2368-Print-1920x1280.webp 1920w, https:\/\/d2p6e6u75xmxt8.cloudfront.net\/13\/2026\/03\/Bosch-eBike-Sport-Sintra-MY2026-2368-Print-300x200.webp 300w, https:\/\/d2p6e6u75xmxt8.cloudfront.net\/13\/2026\/03\/Bosch-eBike-Sport-Sintra-MY2026-2368-Print-1024x683.webp 1024w, https:\/\/d2p6e6u75xmxt8.cloudfront.net\/13\/2026\/03\/Bosch-eBike-Sport-Sintra-MY2026-2368-Print-768x512.webp 768w, https:\/\/d2p6e6u75xmxt8.cloudfront.net\/13\/2026\/03\/Bosch-eBike-Sport-Sintra-MY2026-2368-Print-1536x1024.webp 1536w, https:\/\/d2p6e6u75xmxt8.cloudfront.net\/13\/2026\/03\/Bosch-eBike-Sport-Sintra-MY2026-2368-Print-2048x1366.webp 2048w, https:\/\/d2p6e6u75xmxt8.cloudfront.net\/13\/2026\/03\/Bosch-eBike-Sport-Sintra-MY2026-2368-Print-400x267.webp 400w, https:\/\/d2p6e6u75xmxt8.cloudfront.net\/13\/2026\/03\/Bosch-eBike-Sport-Sintra-MY2026-2368-Print-272x182.webp 272w, https:\/\/d2p6e6u75xmxt8.cloudfront.net\/13\/2026\/03\/Bosch-eBike-Sport-Sintra-MY2026-2368-Print-1920x1280.webp 1920w\" sizes=\"auto, (max-width: 1920px) 100vw, 1920px\" \/><\/a><\/p>\n<p>Elektrokola jsou kv\u016fli motoru a baterii t\u011b\u017e\u0161\u00ed ne\u017e klasick\u00e1 kola, a vy\u0161\u0161\u00ed hmotnost p\u0159irozen\u011b prodlu\u017euje brzdnou dr\u00e1hu. ABS br\u00e1n\u00ed zablokov\u00e1n\u00ed kol p\u0159i prudk\u00e9m brzd\u011bn\u00ed a podle v\u00fdrobce m\u016f\u017ee p\u0159edej\u00edt a\u017e 30 procent\u016fm p\u00e1d\u016f. Sou\u010dasn\u011b pom\u00e1h\u00e1 zabr\u00e1nit p\u0159el\u00e9tnut\u00ed p\u0159es p\u0159edn\u00ed kolo.<\/p>\n<p>Jezdci s ABS tak mohou brzdit intenzivn\u011b a bezpe\u010dn\u011bji, ani\u017e by se museli ob\u00e1vat smyku.<\/p>\n<h2><strong>Udr\u017eujte brzdovou soustavu v perfektn\u00edm stavu<\/strong><\/h2>\n<p>\u017de maj\u00ed b\u00fdt brzdy v po\u0159\u00e1dku, je samoz\u0159ejmost. Doporu\u010duji p\u0159ed za\u010d\u00e1tkem ka\u017ed\u00e9 sez\u00f3ny nechat kolo zkontrolovat a se\u0159\u00eddit v kvalitn\u00edm cykloservisu.<\/p>\n<p>Nej\u010dast\u011bj\u0161\u00edm probl\u00e9mem u dnes nejroz\u0161\u00ed\u0159en\u011bj\u0161\u00edch kotou\u010dov\u00fdch brzd b\u00fdvaj\u00ed sjet\u00e9 brzdov\u00e9 desti\u010dky. Pot\u0159ebu jejich v\u00fdm\u011bny pozn\u00e1te nejen podle extr\u00e9mn\u00ed situace, kdy od kotou\u010d\u016f l\u00e9taj\u00ed jiskry, proto\u017ee to u\u017e je skute\u010dn\u011b kritick\u00fd stav. \u010casto sta\u010d\u00ed, kdy\u017e p\u0159i brzd\u011bn\u00ed za\u010dnou vyd\u00e1vat kovov\u00fd zvuk.<\/p>\n<div class=\"shortcode-ys-post-pinup\"><article class=\"loop-simple post-32775 post type-post status-publish format-standard has-post-thumbnail hentry category-zdravi-a-trenink tag-cyklisticke-kratasy tag-cyklistika tag-gravel tag-horska-cyklistika tag-jak-vybrat-cyklisticke-kratasy tag-silnicni-cyklistika tag-spodni-pradlo tag-vlozka global-categories-cycling\" data-postid=\"32775\" role=\"article\" data-post-id=\"32775\" data-word-count=\"476\" data-headline-length=\"34\" data-category=\"Zdrav\u00ed a tr\u00e9nink\" data-global-category=\"Cycling\" data-author=\"Radek Malina\" data-published=\"2026-03-09T09:30:42+02:00\" data-published-day=\"Monday\">\n    <div class=\"entry-thumbnail article-thumbnail\" content=\"https:\/\/d2p6e6u75xmxt8.cloudfront.net\/13\/2026\/03\/bibs-women-150x150.webp\"><a href=\"https:\/\/www.welovecycling.com\/cs\/2026\/03\/09\/proc-spodary-na-kolo-nepatri\/\" class=\"image-holder\" target=\"_self\"><img decoding=\"async\" loading=\"lazy\" class=\"\" src=\"https:\/\/d2p6e6u75xmxt8.cloudfront.net\/13\/2026\/03\/bibs-women-1024x614.webp\" srcset=\"https:\/\/d2p6e6u75xmxt8.cloudfront.net\/13\/2026\/03\/bibs-women-scaled.webp 2560w, https:\/\/d2p6e6u75xmxt8.cloudfront.net\/13\/2026\/03\/bibs-women-300x180.webp 300w, https:\/\/d2p6e6u75xmxt8.cloudfront.net\/13\/2026\/03\/bibs-women-1024x614.webp 1024w, https:\/\/d2p6e6u75xmxt8.cloudfront.net\/13\/2026\/03\/bibs-women-768x461.webp 768w, https:\/\/d2p6e6u75xmxt8.cloudfront.net\/13\/2026\/03\/bibs-women-1536x922.webp 1536w, https:\/\/d2p6e6u75xmxt8.cloudfront.net\/13\/2026\/03\/bibs-women-2048x1229.webp 2048w, https:\/\/d2p6e6u75xmxt8.cloudfront.net\/13\/2026\/03\/bibs-women-1920x1152.webp 1920w, https:\/\/d2p6e6u75xmxt8.cloudfront.net\/13\/2026\/03\/bibs-women-400x240.webp 400w, https:\/\/d2p6e6u75xmxt8.cloudfront.net\/13\/2026\/03\/bibs-women-1920x1152.webp 1920w\" width=\"1024\" height=\"614\" sizes=\"auto, (min-width: 1200px) 334px, (min-width: 768px) 28vw, 100vw\" alt=\"proc-spodary-na-kolo-nepatri\"\/><\/a><\/div>    <div class=\"entry-meta\">\n        <a class=\"label label-secondary post-category\" href=\"https:\/\/www.welovecycling.com\/cs\/category\/zdravi-a-trenink\/\" title=\"Zdrav\u00ed a tr\u00e9nink\">Zdrav\u00ed a tr\u00e9nink<\/a>\n    <\/div>\n    <div class=\"entry-details\">\n        <a href=\"https:\/\/www.welovecycling.com\/cs\/2026\/03\/09\/proc-spodary-na-kolo-nepatri\/\" class='entry-title-wrapper'>\n            <h3 class=\"entry-title\"><span>Pro\u010d spo\u010f\u00e1ry na kolo nepat\u0159\u00ed?<\/span><\/h3>\n        <\/a>\n    <\/div>\n    <\/article>\n<\/div>\n<p>Nov\u00e9 desti\u010dky nejsou drah\u00e9 a jejich v\u00fdm\u011bnu zvl\u00e1dne v\u011bt\u0161ina cyklist\u016f podle n\u00e1vodu. U elektrokol je vhodn\u00e9 stav desti\u010dek kontrolovat \u010dast\u011bji, proto\u017ee kv\u016fli vy\u0161\u0161\u00ed hmotnosti doch\u00e1z\u00ed k rychlej\u0161\u00edmu opot\u0159eben\u00ed.<\/p>\n<h2><strong>Polo\u017ete nohu spr\u00e1vn\u011b na ped\u00e1l a pracujte s rovnov\u00e1hou<\/strong><\/h2>\n<p>To, jak efektivn\u011b vyu\u017eijete s\u00edlu brzd, z\u00e1le\u017e\u00ed i na va\u0161em postaven\u00ed na kole. Za\u010d\u00edn\u00e1 to spr\u00e1vnou polohou nohy na ped\u00e1lu a kon\u010d\u00ed postojem t\u011bla.<\/p>\n<p>Chodidlo by m\u011blo b\u00fdt na ped\u00e1lu tak, aby osa ped\u00e1lu proch\u00e1zela pod kloubem palce, tedy p\u0159ibli\u017en\u011b mezi prvn\u00ed a druhou t\u0159etinou chodidla.<\/p>\n<p>T\u011b\u017ei\u0161t\u011b t\u011bla by m\u011blo b\u00fdt nad horn\u00ed r\u00e1movou trubkou. Ide\u00e1ln\u011b p\u0159i intenzivn\u00edm brzd\u011bn\u00ed nese\u010fte na sedle, ale m\u011bjte t\u011blo lehce p\u0159ikr\u010den\u00e9 nad r\u00e1mem.<\/p>\n<p>\u010castou chybou je, \u017ee lid\u00e9 p\u0159i <a href=\"https:\/\/www.welovecycling.com\/cs\/2026\/03\/04\/jak-pecovat-o-brzdy\/\">brzd\u011bn\u00ed<\/a> posouvaj\u00ed t\u011b\u017ei\u0161t\u011b za sedlo ze strachu, aby nep\u0159el\u00e9tli p\u0159es \u0159\u00edd\u00edtka. T\u00edm v\u0161ak v\u00fdrazn\u011b sni\u017euj\u00ed \u00fa\u010dinnost p\u0159edn\u00ed brzdy a z\u00e1rove\u0148 zvy\u0161uj\u00ed riziko smyku zadn\u00edho kola. Pokud takto odleh\u010d\u00ed p\u0159edn\u00ed kolo v zat\u00e1\u010dce \u2013 a to i m\u00edrn\u00e9 \u2013 snadno ztrat\u00ed trakci a ust\u0159el\u00ed, co\u017e t\u00e9m\u011b\u0159 v\u017edy vede k rychl\u00e9mu p\u00e1du.<\/p>\n","protected":false},"excerpt":{"rendered":"<p>Boj\u00edte se, \u017ee v\u010das nedobrzd\u00edte nebo \u017ee p\u0159i brzd\u011bn\u00ed spadnete? Aby k tomu nedo\u0161lo, mus\u00edte m\u00edt spr\u00e1vn\u011b nastaven\u00e9 brzdov\u00e9 p\u00e1\u010dky [&hellip;]<\/p>\n","protected":false},"author":138,"featured_media":32810,"comment_status":"open","ping_status":"open","sticky":false,"template":"","format":"standard","meta":{"footnotes":""},"categories":[4018],"tags":[4592,3294,3295,4591,126,9,67],"global-categories":[411],"class_list":["post-32806","post","type-post","status-publish","format-standard","has-post-thumbnail","hentry","category-cyklistika","tag-brzdeni","tag-brzdove-desticky","tag-brzdove-kotouce","tag-brzdove-packy","tag-cyklistika","tag-silnicni-cyklistika","tag-zdravi-a-trenink","global-categories-cycling"],"yoast_head":"<!-- This site is optimized with the Yoast SEO Premium plugin v25.3 (Yoast SEO v25.9) - https:\/\/yoast.com\/wordpress\/plugins\/seo\/ -->\n<title>5 tip\u016f, kter\u00e9 zlep\u0161\u00ed va\u0161e brzd\u011bn\u00ed | \u0160koda We Love Cycling - \u010cesk\u00e1 republika<\/title>\n<meta name=\"description\" content=\"Boj\u00edte se, \u017ee v\u010das nedobrzd\u00edte nebo \u017ee p\u0159i brzd\u011bn\u00ed spadnete? Aby k tomu nedo\u0161lo, mus\u00edte m\u00edt spr\u00e1vn\u011b nastaven\u00e9 brzdov\u00e9 p\u00e1\u010dky a pracovat s rovnov\u00e1hou t\u011bla. Richard Gasperotti, profesion\u00e1ln\u00ed biker a ambasador Bosch eBike Systems,\u00a0 vypo\u010d\u00edt\u00e1v\u00e1 nej\u010dast\u011bj\u0161\u00ed chyby, kter\u00e9 cyklist\u00e9 p\u0159i brzd\u011bn\u00ed na elektrokole d\u011blaj\u00ed. A prozrazuje tipy, jak je napravit.\" \/>\n<meta name=\"robots\" content=\"index, follow, max-snippet:-1, max-image-preview:large, max-video-preview:-1\" \/>\n<link rel=\"canonical\" href=\"https:\/\/www.welovecycling.com\/cs\/2026\/03\/13\/5-tipu-ktere-zlepsi-vase-brzdeni\/\" \/>\n<meta property=\"og:locale\" content=\"cs_CZ\" \/>\n<meta property=\"og:type\" content=\"article\" \/>\n<meta property=\"og:title\" content=\"5 tip\u016f, kter\u00e9 zlep\u0161\u00ed va\u0161e brzd\u011bn\u00ed\" \/>\n<meta property=\"og:description\" content=\"Boj\u00edte se, \u017ee v\u010das nedobrzd\u00edte nebo \u017ee p\u0159i brzd\u011bn\u00ed spadnete? Aby k tomu nedo\u0161lo, mus\u00edte m\u00edt spr\u00e1vn\u011b nastaven\u00e9 brzdov\u00e9 p\u00e1\u010dky a pracovat s rovnov\u00e1hou t\u011bla. Richard Gasperotti, profesion\u00e1ln\u00ed biker a ambasador Bosch eBike Systems,\u00a0 vypo\u010d\u00edt\u00e1v\u00e1 nej\u010dast\u011bj\u0161\u00ed chyby, kter\u00e9 cyklist\u00e9 p\u0159i brzd\u011bn\u00ed na elektrokole d\u011blaj\u00ed. A prozrazuje tipy, jak je napravit.\" \/>\n<meta property=\"og:url\" content=\"https:\/\/www.welovecycling.com\/cs\/2026\/03\/13\/5-tipu-ktere-zlepsi-vase-brzdeni\/\" \/>\n<meta property=\"og:site_name\" content=\"\u0160koda We Love Cycling - \u010cesk\u00e1 republika\" \/>\n<meta property=\"article:published_time\" content=\"2026-03-13T04:30:49+00:00\" \/>\n<meta property=\"og:image\" content=\"https:\/\/d2p6e6u75xmxt8.cloudfront.net\/13\/2026\/03\/DSC02764-scaled.webp\" \/>\n\t<meta property=\"og:image:width\" content=\"2560\" \/>\n\t<meta property=\"og:image:height\" content=\"1707\" \/>\n\t<meta property=\"og:image:type\" content=\"image\/webp\" \/>\n<meta name=\"author\" content=\"radekmalina\" \/>\n<meta name=\"twitter:card\" content=\"summary_large_image\" \/>\n<meta name=\"twitter:label1\" content=\"Written by\" \/>\n\t<meta name=\"twitter:data1\" content=\"Radek Malina\" \/>\n\t<meta name=\"twitter:label2\" content=\"Est. reading time\" \/>\n\t<meta name=\"twitter:data2\" content=\"5\" \/>\n<script type=\"application\/ld+json\" class=\"yoast-schema-graph\">{\"@context\":\"https:\/\/schema.org\",\"@graph\":[{\"@type\":\"WebPage\",\"@id\":\"https:\/\/www.welovecycling.com\/cs\/2026\/03\/13\/5-tipu-ktere-zlepsi-vase-brzdeni\/\",\"url\":\"https:\/\/www.welovecycling.com\/cs\/2026\/03\/13\/5-tipu-ktere-zlepsi-vase-brzdeni\/\",\"name\":\"5 tip\u016f, kter\u00e9 zlep\u0161\u00ed va\u0161e brzd\u011bn\u00ed | \u0160koda We Love Cycling - \u010cesk\u00e1 republika\",\"isPartOf\":{\"@id\":\"https:\/\/www.welovecycling.com\/cs\/#website\"},\"primaryImageOfPage\":{\"@id\":\"https:\/\/www.welovecycling.com\/cs\/2026\/03\/13\/5-tipu-ktere-zlepsi-vase-brzdeni\/#primaryimage\"},\"image\":{\"@id\":\"https:\/\/www.welovecycling.com\/cs\/2026\/03\/13\/5-tipu-ktere-zlepsi-vase-brzdeni\/#primaryimage\"},\"thumbnailUrl\":\"https:\/\/d2p6e6u75xmxt8.cloudfront.net\/13\/2026\/03\/DSC02764-scaled.webp\",\"datePublished\":\"2026-03-13T04:30:49+00:00\",\"author\":{\"@id\":\"https:\/\/www.welovecycling.com\/cs\/#\/schema\/person\/d9eeb0a378f3a7e4a6d12d2b536b04b8\"},\"description\":\"Boj\u00edte se, \u017ee v\u010das nedobrzd\u00edte nebo \u017ee p\u0159i brzd\u011bn\u00ed spadnete? Aby k tomu nedo\u0161lo, mus\u00edte m\u00edt spr\u00e1vn\u011b nastaven\u00e9 brzdov\u00e9 p\u00e1\u010dky a pracovat s rovnov\u00e1hou t\u011bla. Richard Gasperotti, profesion\u00e1ln\u00ed biker a ambasador Bosch eBike Systems,\u00a0 vypo\u010d\u00edt\u00e1v\u00e1 nej\u010dast\u011bj\u0161\u00ed chyby, kter\u00e9 cyklist\u00e9 p\u0159i brzd\u011bn\u00ed na elektrokole d\u011blaj\u00ed. A prozrazuje tipy, jak je napravit.\",\"inLanguage\":\"cs\",\"potentialAction\":[{\"@type\":\"ReadAction\",\"target\":[\"https:\/\/www.welovecycling.com\/cs\/2026\/03\/13\/5-tipu-ktere-zlepsi-vase-brzdeni\/\"]}]},{\"@type\":\"ImageObject\",\"inLanguage\":\"cs\",\"@id\":\"https:\/\/www.welovecycling.com\/cs\/2026\/03\/13\/5-tipu-ktere-zlepsi-vase-brzdeni\/#primaryimage\",\"url\":\"https:\/\/d2p6e6u75xmxt8.cloudfront.net\/13\/2026\/03\/DSC02764-scaled.webp\",\"contentUrl\":\"https:\/\/d2p6e6u75xmxt8.cloudfront.net\/13\/2026\/03\/DSC02764-scaled.webp\",\"width\":2560,\"height\":1707,\"caption\":\"Brzdov\u00e9 p\u00e1\u010dky brzd\u011bn\u00ed\"},{\"@type\":\"WebSite\",\"@id\":\"https:\/\/www.welovecycling.com\/cs\/#website\",\"url\":\"https:\/\/www.welovecycling.com\/cs\/\",\"name\":\"\u0160koda We Love Cycling - \u010cesk\u00e1 republika\",\"description\":\"WeLoveCycling.cz je online magaz\u00edn, kter\u00fd v\u00e1m pravideln\u011b p\u0159in\u00e1\u0161\u00ed rady a tipy, zaj\u00edmav\u00e9 \u010dl\u00e1nky, videa a jedine\u010dn\u00e9 report\u00e1\u017ee ze sv\u011bta cyklistiky.\",\"potentialAction\":[{\"@type\":\"SearchAction\",\"target\":{\"@type\":\"EntryPoint\",\"urlTemplate\":\"https:\/\/www.welovecycling.com\/cs\/?s={search_term_string}\"},\"query-input\":{\"@type\":\"PropertyValueSpecification\",\"valueRequired\":true,\"valueName\":\"search_term_string\"}}],\"inLanguage\":\"cs\"},{\"@type\":\"Person\",\"@id\":\"https:\/\/www.welovecycling.com\/cs\/#\/schema\/person\/d9eeb0a378f3a7e4a6d12d2b536b04b8\",\"name\":\"radekmalina\",\"image\":{\"@type\":\"ImageObject\",\"inLanguage\":\"cs\",\"@id\":\"https:\/\/www.welovecycling.com\/cs\/#\/schema\/person\/image\/\",\"url\":\"https:\/\/secure.gravatar.com\/avatar\/66994b632cb8c39a46b9f54afa3ae07201b678d32a54275b6f1c9ffec356bfc0?s=96&d=mm&r=g\",\"contentUrl\":\"https:\/\/secure.gravatar.com\/avatar\/66994b632cb8c39a46b9f54afa3ae07201b678d32a54275b6f1c9ffec356bfc0?s=96&d=mm&r=g\",\"caption\":\"radekmalina\"},\"url\":\"https:\/\/www.welovecycling.com\/cs\/author\/radekmalina\/\"}]}<\/script>\n<!-- \/ Yoast SEO Premium plugin. -->","yoast_head_json":{"title":"5 tip\u016f, kter\u00e9 zlep\u0161\u00ed va\u0161e brzd\u011bn\u00ed | \u0160koda We Love Cycling - \u010cesk\u00e1 republika","description":"Boj\u00edte se, \u017ee v\u010das nedobrzd\u00edte nebo \u017ee p\u0159i brzd\u011bn\u00ed spadnete? Aby k tomu nedo\u0161lo, mus\u00edte m\u00edt spr\u00e1vn\u011b nastaven\u00e9 brzdov\u00e9 p\u00e1\u010dky a pracovat s rovnov\u00e1hou t\u011bla. Richard Gasperotti, profesion\u00e1ln\u00ed biker a ambasador Bosch eBike Systems,\u00a0 vypo\u010d\u00edt\u00e1v\u00e1 nej\u010dast\u011bj\u0161\u00ed chyby, kter\u00e9 cyklist\u00e9 p\u0159i brzd\u011bn\u00ed na elektrokole d\u011blaj\u00ed. A prozrazuje tipy, jak je napravit.","robots":{"index":"index","follow":"follow","max-snippet":"max-snippet:-1","max-image-preview":"max-image-preview:large","max-video-preview":"max-video-preview:-1"},"canonical":"https:\/\/www.welovecycling.com\/cs\/2026\/03\/13\/5-tipu-ktere-zlepsi-vase-brzdeni\/","og_locale":"cs_CZ","og_type":"article","og_title":"5 tip\u016f, kter\u00e9 zlep\u0161\u00ed va\u0161e brzd\u011bn\u00ed","og_description":"Boj\u00edte se, \u017ee v\u010das nedobrzd\u00edte nebo \u017ee p\u0159i brzd\u011bn\u00ed spadnete? Aby k tomu nedo\u0161lo, mus\u00edte m\u00edt spr\u00e1vn\u011b nastaven\u00e9 brzdov\u00e9 p\u00e1\u010dky a pracovat s rovnov\u00e1hou t\u011bla. Richard Gasperotti, profesion\u00e1ln\u00ed biker a ambasador Bosch eBike Systems,\u00a0 vypo\u010d\u00edt\u00e1v\u00e1 nej\u010dast\u011bj\u0161\u00ed chyby, kter\u00e9 cyklist\u00e9 p\u0159i brzd\u011bn\u00ed na elektrokole d\u011blaj\u00ed. A prozrazuje tipy, jak je napravit.","og_url":"https:\/\/www.welovecycling.com\/cs\/2026\/03\/13\/5-tipu-ktere-zlepsi-vase-brzdeni\/","og_site_name":"\u0160koda We Love Cycling - \u010cesk\u00e1 republika","article_published_time":"2026-03-13T04:30:49+00:00","og_image":[{"width":2560,"height":1707,"url":"https:\/\/d2p6e6u75xmxt8.cloudfront.net\/13\/2026\/03\/DSC02764-scaled.webp","type":"image\/webp"}],"author":"radekmalina","twitter_card":"summary_large_image","twitter_misc":{"Written by":"Radek Malina","Est. reading time":"5"},"schema":{"@context":"https:\/\/schema.org","@graph":[{"@type":"WebPage","@id":"https:\/\/www.welovecycling.com\/cs\/2026\/03\/13\/5-tipu-ktere-zlepsi-vase-brzdeni\/","url":"https:\/\/www.welovecycling.com\/cs\/2026\/03\/13\/5-tipu-ktere-zlepsi-vase-brzdeni\/","name":"5 tip\u016f, kter\u00e9 zlep\u0161\u00ed va\u0161e brzd\u011bn\u00ed | \u0160koda We Love Cycling - \u010cesk\u00e1 republika","isPartOf":{"@id":"https:\/\/www.welovecycling.com\/cs\/#website"},"primaryImageOfPage":{"@id":"https:\/\/www.welovecycling.com\/cs\/2026\/03\/13\/5-tipu-ktere-zlepsi-vase-brzdeni\/#primaryimage"},"image":{"@id":"https:\/\/www.welovecycling.com\/cs\/2026\/03\/13\/5-tipu-ktere-zlepsi-vase-brzdeni\/#primaryimage"},"thumbnailUrl":"https:\/\/d2p6e6u75xmxt8.cloudfront.net\/13\/2026\/03\/DSC02764-scaled.webp","datePublished":"2026-03-13T04:30:49+00:00","author":{"@id":"https:\/\/www.welovecycling.com\/cs\/#\/schema\/person\/d9eeb0a378f3a7e4a6d12d2b536b04b8"},"description":"Boj\u00edte se, \u017ee v\u010das nedobrzd\u00edte nebo \u017ee p\u0159i brzd\u011bn\u00ed spadnete? Aby k tomu nedo\u0161lo, mus\u00edte m\u00edt spr\u00e1vn\u011b nastaven\u00e9 brzdov\u00e9 p\u00e1\u010dky a pracovat s rovnov\u00e1hou t\u011bla. Richard Gasperotti, profesion\u00e1ln\u00ed biker a ambasador Bosch eBike Systems,\u00a0 vypo\u010d\u00edt\u00e1v\u00e1 nej\u010dast\u011bj\u0161\u00ed chyby, kter\u00e9 cyklist\u00e9 p\u0159i brzd\u011bn\u00ed na elektrokole d\u011blaj\u00ed. A prozrazuje tipy, jak je napravit.","inLanguage":"cs","potentialAction":[{"@type":"ReadAction","target":["https:\/\/www.welovecycling.com\/cs\/2026\/03\/13\/5-tipu-ktere-zlepsi-vase-brzdeni\/"]}]},{"@type":"ImageObject","inLanguage":"cs","@id":"https:\/\/www.welovecycling.com\/cs\/2026\/03\/13\/5-tipu-ktere-zlepsi-vase-brzdeni\/#primaryimage","url":"https:\/\/d2p6e6u75xmxt8.cloudfront.net\/13\/2026\/03\/DSC02764-scaled.webp","contentUrl":"https:\/\/d2p6e6u75xmxt8.cloudfront.net\/13\/2026\/03\/DSC02764-scaled.webp","width":2560,"height":1707,"caption":"Brzdov\u00e9 p\u00e1\u010dky brzd\u011bn\u00ed"},{"@type":"WebSite","@id":"https:\/\/www.welovecycling.com\/cs\/#website","url":"https:\/\/www.welovecycling.com\/cs\/","name":"\u0160koda We Love Cycling - \u010cesk\u00e1 republika","description":"WeLoveCycling.cz je online magaz\u00edn, kter\u00fd v\u00e1m pravideln\u011b p\u0159in\u00e1\u0161\u00ed rady a tipy, zaj\u00edmav\u00e9 \u010dl\u00e1nky, videa a jedine\u010dn\u00e9 report\u00e1\u017ee ze sv\u011bta cyklistiky.","potentialAction":[{"@type":"SearchAction","target":{"@type":"EntryPoint","urlTemplate":"https:\/\/www.welovecycling.com\/cs\/?s={search_term_string}"},"query-input":{"@type":"PropertyValueSpecification","valueRequired":true,"valueName":"search_term_string"}}],"inLanguage":"cs"},{"@type":"Person","@id":"https:\/\/www.welovecycling.com\/cs\/#\/schema\/person\/d9eeb0a378f3a7e4a6d12d2b536b04b8","name":"radekmalina","image":{"@type":"ImageObject","inLanguage":"cs","@id":"https:\/\/www.welovecycling.com\/cs\/#\/schema\/person\/image\/","url":"https:\/\/secure.gravatar.com\/avatar\/66994b632cb8c39a46b9f54afa3ae07201b678d32a54275b6f1c9ffec356bfc0?s=96&d=mm&r=g","contentUrl":"https:\/\/secure.gravatar.com\/avatar\/66994b632cb8c39a46b9f54afa3ae07201b678d32a54275b6f1c9ffec356bfc0?s=96&d=mm&r=g","caption":"radekmalina"},"url":"https:\/\/www.welovecycling.com\/cs\/author\/radekmalina\/"}]}},"_links":{"self":[{"href":"https:\/\/www.welovecycling.com\/cs\/wp-json\/wp\/v2\/posts\/32806","targetHints":{"allow":["GET"]}}],"collection":[{"href":"https:\/\/www.welovecycling.com\/cs\/wp-json\/wp\/v2\/posts"}],"about":[{"href":"https:\/\/www.welovecycling.com\/cs\/wp-json\/wp\/v2\/types\/post"}],"author":[{"embeddable":true,"href":"https:\/\/www.welovecycling.com\/cs\/wp-json\/wp\/v2\/users\/138"}],"replies":[{"embeddable":true,"href":"https:\/\/www.welovecycling.com\/cs\/wp-json\/wp\/v2\/comments?post=32806"}],"version-history":[{"count":2,"href":"https:\/\/www.welovecycling.com\/cs\/wp-json\/wp\/v2\/posts\/32806\/revisions"}],"predecessor-version":[{"id":32818,"href":"https:\/\/www.welovecycling.com\/cs\/wp-json\/wp\/v2\/posts\/32806\/revisions\/32818"}],"wp:featuredmedia":[{"embeddable":true,"href":"https:\/\/www.welovecycling.com\/cs\/wp-json\/wp\/v2\/media\/32810"}],"wp:attachment":[{"href":"https:\/\/www.welovecycling.com\/cs\/wp-json\/wp\/v2\/media?parent=32806"}],"wp:term":[{"taxonomy":"category","embeddable":true,"href":"https:\/\/www.welovecycling.com\/cs\/wp-json\/wp\/v2\/categories?post=32806"},{"taxonomy":"post_tag","embeddable":true,"href":"https:\/\/www.welovecycling.com\/cs\/wp-json\/wp\/v2\/tags?post=32806"},{"taxonomy":"global-categories","embeddable":true,"href":"https:\/\/www.welovecycling.com\/cs\/wp-json\/wp\/v2\/global-categories?post=32806"}],"curies":[{"name":"wp","href":"https:\/\/api.w.org\/{rel}","templated":true}]}}