{"id":32801,"date":"2026-03-12T16:00:31","date_gmt":"2026-03-12T14:00:31","guid":{"rendered":"https:\/\/www.welovecycling.com\/cs\/?p=32801"},"modified":"2026-03-11T23:59:05","modified_gmt":"2026-03-11T21:59:05","slug":"czech-tour-ziska-na-sile-a-prestizi","status":"publish","type":"post","link":"https:\/\/www.welovecycling.com\/cs\/2026\/03\/12\/czech-tour-ziska-na-sile-a-prestizi\/","title":{"rendered":"Czech Tour z\u00edsk\u00e1 na s\u00edle a presti\u017ei"},"content":{"rendered":"<p><strong>Atraktivn\u011bj\u0161\u00ed, sledovan\u011bj\u0161\u00ed, presti\u017en\u011bj\u0161\u00ed! Czech Tour, nejv\u011bt\u0161\u00ed etapov\u00e1 bitva na tuzemsk\u00e9 cyklistick\u00e9 sc\u00e9n\u011b, se z\u00e1sadn\u011b zm\u011bn\u00ed. Osmn\u00e1ct\u00fd ro\u010dn\u00edk z\u00e1vodu, kter\u00fd odstartuje za p\u016fl roku, je toti\u017e za\u0159azen do kategorie UCI ProSeries!<\/strong><\/p>\n<p>A\u017e se od 13. do 16. srpna pojede Czech Tour, fanou\u0161ci se mohou t\u011b\u0161it na mnohem pest\u0159ej\u0161\u00ed a atraktivn\u011bj\u0161\u00ed startovn\u00ed pole. UCI ProSeries p\u0159edstavuje pro z\u00e1vod obrovsk\u00fd posun. Jde o druhou nejvy\u0161\u0161\u00ed \u00farove\u0148 profesion\u00e1ln\u00edch silni\u010dn\u00edch z\u00e1vod\u016f pod hlavi\u010dkou Mezin\u00e1rodn\u00ed cyklistick\u00e9 unie. Presti\u017en\u011bj\u0161\u00ed u\u017e jsou jen podniky kategorie World Tour.<\/p>\n<h2><strong>Czech Tour po boku presti\u017en\u00edch etap\u00e1k\u016f z Brit\u00e1nie \u010di Romandie<\/strong><\/h2>\n<p>Do &#8222;rodiny&#8220; UCI ProSeries pat\u0159\u00ed podniky jako je Tour of Britain, Deutschland Tour, Tour de Romandie, Vuelta Andalucia \u010di Tour of Oman. Czech Tour se tak posunula do u\u017e\u0161\u00edho v\u00fdb\u011bru podnik\u016f, kter\u00e9 t\u00fdmy sleduj\u00ed jako prioritu. Sportovn\u00ed \u00farove\u0148 bude mnohem vy\u0161\u0161\u00ed.<\/p>\n<p>Zat\u00edmco dosud se p\u0159i etap\u00e1ch bojovalo o 125 bod\u016f pro celkov\u00e9ho v\u00edt\u011bze, nov\u011b se pojede o 200 bod\u016f. Atraktivn\u011bj\u0161\u00ed budou pochopiteln\u011b i d\u00edl\u010d\u00ed \u00fasp\u011bchy v jednotliv\u00fdch d\u011bjstv\u00edch. Tud\u00ed\u017e formace bojuj\u00edc\u00ed o setrv\u00e1n\u00ed \u010di postup do World Tour z\u00edsk\u00e1vaj\u00ed z\u00e1sadn\u00ed motivac\u00ed nechyb\u011bt na startu Czech Tour.<\/p>\n<figure id=\"attachment_30664\" aria-describedby=\"caption-attachment-30664\" style=\"width: 1920px\" class=\"wp-caption alignnone\"><a href=\"https:\/\/d2p6e6u75xmxt8.cloudfront.net\/13\/2025\/08\/lw_250816_czech_tour_prostejov_cz_lq_0015.webp\"><img loading=\"lazy\" decoding=\"async\" class=\"size-extra-large wp-image-30664\" src=\"https:\/\/d2p6e6u75xmxt8.cloudfront.net\/13\/2025\/08\/lw_250816_czech_tour_prostejov_cz_lq_0015-1920x1279.webp\" alt=\"\" width=\"1920\" height=\"1279\" srcset=\"https:\/\/d2p6e6u75xmxt8.cloudfront.net\/13\/2025\/08\/lw_250816_czech_tour_prostejov_cz_lq_0015-1920x1279.webp 1920w, https:\/\/d2p6e6u75xmxt8.cloudfront.net\/13\/2025\/08\/lw_250816_czech_tour_prostejov_cz_lq_0015-300x200.webp 300w, https:\/\/d2p6e6u75xmxt8.cloudfront.net\/13\/2025\/08\/lw_250816_czech_tour_prostejov_cz_lq_0015-1024x682.webp 1024w, https:\/\/d2p6e6u75xmxt8.cloudfront.net\/13\/2025\/08\/lw_250816_czech_tour_prostejov_cz_lq_0015-768x511.webp 768w, https:\/\/d2p6e6u75xmxt8.cloudfront.net\/13\/2025\/08\/lw_250816_czech_tour_prostejov_cz_lq_0015-1536x1023.webp 1536w, https:\/\/d2p6e6u75xmxt8.cloudfront.net\/13\/2025\/08\/lw_250816_czech_tour_prostejov_cz_lq_0015-400x266.webp 400w, https:\/\/d2p6e6u75xmxt8.cloudfront.net\/13\/2025\/08\/lw_250816_czech_tour_prostejov_cz_lq_0015-272x182.webp 272w, https:\/\/d2p6e6u75xmxt8.cloudfront.net\/13\/2025\/08\/lw_250816_czech_tour_prostejov_cz_lq_0015.webp 2000w, https:\/\/d2p6e6u75xmxt8.cloudfront.net\/13\/2025\/08\/lw_250816_czech_tour_prostejov_cz_lq_0015-1920x1279.webp 1920w\" sizes=\"auto, (max-width: 1920px) 100vw, 1920px\" \/><\/a><figcaption id=\"caption-attachment-30664\" class=\"wp-caption-text\"><em>Junior Lecerf, Belgi\u010dan co po Czech Tour z\u00e1\u0159il na Vuelt\u011b, a \u0159editel nejpresti\u017en\u011bj\u0161\u00ed tuzemsk\u00e9ho etapov\u00e9ho podniku Leopold K\u00f6nig.<\/em><\/figcaption><\/figure>\n<p>Pro sestavy s licencemi UCI Pro pak v honb\u011b za postaven\u00edm p\u0159edstavuje takov\u00fd podnik doslova terno. Dynamick\u00fd v\u00fdvoj v pelotonu m\u016f\u017ee v p\u0159\u00edpad\u011b dostate\u010dn\u00e9ho bodov\u00e9ho \u00fasp\u011bchu b\u011bhem sezony zajistit pozv\u00e1nku na nejvy\u0161\u0161\u00ed podniky, co\u017e ukazuje p\u0159\u00edklad \u0161pan\u011blsk\u00e9 sestavy Caja Rural Seguros RGA. Ta se t\u011b\u0161\u00ed z pozv\u00e1nky na Tour de France a v\u00fdznamn\u00e9 jednor\u00e1zovky jako jsou Amstel Gold Race \u010di Lutych-Bastogne-Lutych. Druhodivizn\u00ed t\u00fdm se vz\u00e1cn\u00fdch nominac\u00ed do\u010dkal pr\u00e1v\u011b d\u00edky vysok\u00e9mu postaven\u00ed v \u017eeb\u0159\u00ed\u010dku UCI Pro.<\/p>\n<h2><strong>\u00da\u010dast potvrdil Iniest\u016fv t\u00fdm<\/strong><\/h2>\n<p>Pro elitn\u00ed t\u00fdmy sice nejsou podniky UCI ProSeries povinn\u00e9, nicm\u00e9n\u011b s ohledem na kalend\u00e1\u0159, bodovou strategii a p\u0159\u00edpravu na Grand Tour pochopiteln\u011b preferuj\u00ed z\u00e1vody jako Czech Tour p\u0159ed etapov\u00fdmi bitvami s ozna\u010den\u00edm 2.1.<\/p>\n<div class=\"shortcode-ys-post-pinup\"><article class=\"loop-simple post-32775 post type-post status-publish format-standard has-post-thumbnail hentry category-zdravi-a-trenink tag-cyklisticke-kratasy tag-cyklistika tag-gravel tag-horska-cyklistika tag-jak-vybrat-cyklisticke-kratasy tag-silnicni-cyklistika tag-spodni-pradlo tag-vlozka global-categories-cycling\" data-postid=\"32775\" role=\"article\" data-post-id=\"32775\" data-word-count=\"476\" data-headline-length=\"34\" data-category=\"Zdrav\u00ed a tr\u00e9nink\" data-global-category=\"Cycling\" data-author=\"Radek Malina\" data-published=\"2026-03-09T09:30:42+02:00\" data-published-day=\"Monday\">\n    <div class=\"entry-thumbnail article-thumbnail\" content=\"https:\/\/d2p6e6u75xmxt8.cloudfront.net\/13\/2026\/03\/bibs-women-150x150.webp\"><a href=\"https:\/\/www.welovecycling.com\/cs\/2026\/03\/09\/proc-spodary-na-kolo-nepatri\/\" class=\"image-holder\" target=\"_self\"><img decoding=\"async\" loading=\"lazy\" class=\"\" src=\"https:\/\/d2p6e6u75xmxt8.cloudfront.net\/13\/2026\/03\/bibs-women-1024x614.webp\" srcset=\"https:\/\/d2p6e6u75xmxt8.cloudfront.net\/13\/2026\/03\/bibs-women-scaled.webp 2560w, https:\/\/d2p6e6u75xmxt8.cloudfront.net\/13\/2026\/03\/bibs-women-300x180.webp 300w, https:\/\/d2p6e6u75xmxt8.cloudfront.net\/13\/2026\/03\/bibs-women-1024x614.webp 1024w, https:\/\/d2p6e6u75xmxt8.cloudfront.net\/13\/2026\/03\/bibs-women-768x461.webp 768w, https:\/\/d2p6e6u75xmxt8.cloudfront.net\/13\/2026\/03\/bibs-women-1536x922.webp 1536w, https:\/\/d2p6e6u75xmxt8.cloudfront.net\/13\/2026\/03\/bibs-women-2048x1229.webp 2048w, https:\/\/d2p6e6u75xmxt8.cloudfront.net\/13\/2026\/03\/bibs-women-1920x1152.webp 1920w, https:\/\/d2p6e6u75xmxt8.cloudfront.net\/13\/2026\/03\/bibs-women-400x240.webp 400w, https:\/\/d2p6e6u75xmxt8.cloudfront.net\/13\/2026\/03\/bibs-women-1920x1152.webp 1920w\" width=\"1024\" height=\"614\" sizes=\"auto, (min-width: 1200px) 334px, (min-width: 768px) 28vw, 100vw\" alt=\"proc-spodary-na-kolo-nepatri\"\/><\/a><\/div>    <div class=\"entry-meta\">\n        <a class=\"label label-secondary post-category\" href=\"https:\/\/www.welovecycling.com\/cs\/category\/zdravi-a-trenink\/\" title=\"Zdrav\u00ed a tr\u00e9nink\">Zdrav\u00ed a tr\u00e9nink<\/a>\n    <\/div>\n    <div class=\"entry-details\">\n        <a href=\"https:\/\/www.welovecycling.com\/cs\/2026\/03\/09\/proc-spodary-na-kolo-nepatri\/\" class='entry-title-wrapper'>\n            <h3 class=\"entry-title\"><span>Pro\u010d spo\u010f\u00e1ry na kolo nepat\u0159\u00ed?<\/span><\/h3>\n        <\/a>\n    <\/div>\n    <\/article>\n<\/div>\n<p>Obsazen\u00ed lep\u0161\u00edmi z\u00e1vodn\u00edky pochopiteln\u011b p\u0159in\u00e1\u0161\u00ed v\u011bt\u0161\u00ed sledovanost a vy\u0161\u0161\u00ed medi\u00e1ln\u00ed status. \u00da\u010dast u\u017e v p\u0159edstihu avizoval t\u00fdm NSN Cycling, co\u017e je b\u00fdval\u00e1 sestava Israel PremierTech, jej\u00edm\u017e vlastn\u00edkem je spole\u010dnost slavn\u00e9ho fotbalisty Iniesty.<\/p>\n<blockquote class=\"instagram-media\" style=\"background: #FFF; border: 0; border-radius: 3px; box-shadow: 0 0 1px 0 rgba(0,0,0,0.5),0 1px 10px 0 rgba(0,0,0,0.15); margin: 1px; max-width: 540px; min-width: 326px; padding: 0; width: calc(100% - 2px);\" data-instgrm-captioned=\"\" data-instgrm-permalink=\"https:\/\/www.instagram.com\/p\/DVfuKIeDOYC\/?utm_source=ig_embed&amp;utm_campaign=loading\" data-instgrm-version=\"14\">\n<div style=\"padding: 16px;\">\n<p>&nbsp;<\/p>\n<div style=\"display: flex; flex-direction: row; align-items: center;\">\n<div style=\"background-color: #f4f4f4; border-radius: 50%; flex-grow: 0; height: 40px; margin-right: 14px; width: 40px;\"><\/div>\n<div style=\"display: flex; flex-direction: column; flex-grow: 1; justify-content: center;\">\n<div style=\"background-color: #f4f4f4; border-radius: 4px; flex-grow: 0; height: 14px; margin-bottom: 6px; width: 100px;\"><\/div>\n<div style=\"background-color: #f4f4f4; border-radius: 4px; flex-grow: 0; height: 14px; width: 60px;\"><\/div>\n<\/div>\n<\/div>\n<div style=\"padding: 19% 0;\"><\/div>\n<div style=\"display: block; height: 50px; margin: 0 auto 12px; width: 50px;\"><\/div>\n<div style=\"padding-top: 8px;\">\n<div style=\"color: #3897f0; font-family: Arial,sans-serif; font-size: 14px; font-style: normal; font-weight: 550; line-height: 18px;\">Zobrazit p\u0159\u00edsp\u011bvek na Instagramu<\/div>\n<\/div>\n<div style=\"padding: 12.5% 0;\"><\/div>\n<div style=\"display: flex; flex-direction: row; margin-bottom: 14px; align-items: center;\">\n<div>\n<div style=\"background-color: #f4f4f4; border-radius: 50%; height: 12.5px; width: 12.5px; transform: translateX(0px) translateY(7px);\"><\/div>\n<div style=\"background-color: #f4f4f4; height: 12.5px; transform: rotate(-45deg) translateX(3px) translateY(1px); width: 12.5px; flex-grow: 0; margin-right: 14px; margin-left: 2px;\"><\/div>\n<div style=\"background-color: #f4f4f4; border-radius: 50%; height: 12.5px; width: 12.5px; transform: translateX(9px) translateY(-18px);\"><\/div>\n<\/div>\n<div style=\"margin-left: 8px;\">\n<div style=\"background-color: #f4f4f4; border-radius: 50%; flex-grow: 0; height: 20px; width: 20px;\"><\/div>\n<div style=\"width: 0; height: 0; border-top: 2px solid transparent; border-left: 6px solid #f4f4f4; border-bottom: 2px solid transparent; transform: translateX(16px) translateY(-4px) rotate(30deg);\"><\/div>\n<\/div>\n<div style=\"margin-left: auto;\">\n<div style=\"width: 0px; border-top: 8px solid #F4F4F4; border-right: 8px solid transparent; transform: translateY(16px);\"><\/div>\n<div style=\"background-color: #f4f4f4; flex-grow: 0; height: 12px; width: 16px; transform: translateY(-4px);\"><\/div>\n<div style=\"width: 0; height: 0; border-top: 8px solid #F4F4F4; border-left: 8px solid transparent; transform: translateY(-4px) translateX(8px);\"><\/div>\n<\/div>\n<\/div>\n<div style=\"display: flex; flex-direction: column; flex-grow: 1; justify-content: center; margin-bottom: 24px;\">\n<div style=\"background-color: #f4f4f4; border-radius: 4px; flex-grow: 0; height: 14px; margin-bottom: 6px; width: 224px;\"><\/div>\n<div style=\"background-color: #f4f4f4; border-radius: 4px; flex-grow: 0; height: 14px; width: 144px;\"><\/div>\n<\/div>\n<p>&nbsp;<\/p>\n<p style=\"color: #c9c8cd; font-family: Arial,sans-serif; font-size: 14px; line-height: 17px; margin-bottom: 0; margin-top: 8px; overflow: hidden; padding: 8px 0 7px; text-align: center; text-overflow: ellipsis; white-space: nowrap;\"><a style=\"color: #c9c8cd; font-family: Arial,sans-serif; font-size: 14px; font-style: normal; font-weight: normal; line-height: 17px; text-decoration: none;\" href=\"https:\/\/www.instagram.com\/p\/DVfuKIeDOYC\/?utm_source=ig_embed&amp;utm_campaign=loading\" target=\"_blank\" rel=\"noopener\">P\u0159\u00edsp\u011bvek sd\u00edlen\u00fd Czech Tour (@czechtour_cycling)<\/a><\/p>\n<\/div>\n<\/blockquote>\n<p><script async src=\"\/\/www.instagram.com\/embed.js\"><\/script>\u00a0Start potvrdily rovn\u011b\u017e formace Bardiani CSF 7 Saber, Burgos Burpellet BH, a Solution Tech Nippo Rali. Z\u00e1vodit do srdce Evropy p\u0159ijede rovn\u011b\u017e americk\u00e1 sestava Modern Adventure spojen\u00e1 se jm\u00e9nem b\u00fdval\u00e9ho hv\u011bzdn\u00e9ho profesion\u00e1la George Hincapieho.<\/p>\n<div class=\"shortcode-ys-post-pinup\"><article class=\"loop-simple post-32794 post type-post status-publish format-standard has-post-thumbnail hentry category-silnicni-cyklistika tag-cyklistika tag-financni-odmeny tag-jonas-vingegaard tag-minimalni-mzda tag-platy-cyklistu tag-remco-evenepoel tag-silnicni-cyklistika tag-tadej-pogacar tag-vyplaty\" data-postid=\"32794\" role=\"article\" data-post-id=\"32794\" data-word-count=\"492\" data-headline-length=\"40\" data-category=\"Silni\u010dn\u00ed cyklistika\" data-author=\"Radek Malina\" data-published=\"2026-03-11T06:01:49+02:00\" data-published-day=\"Wednesday\">\n    <div class=\"entry-thumbnail article-thumbnail\" content=\"https:\/\/d2p6e6u75xmxt8.cloudfront.net\/13\/2026\/03\/SI202602104116-150x150.webp\"><a href=\"https:\/\/www.welovecycling.com\/cs\/2026\/03\/11\/remco-si-polepsil-o-75-milionu-rocne\/\" class=\"image-holder\" target=\"_self\"><img decoding=\"async\" loading=\"lazy\" class=\"\" src=\"https:\/\/d2p6e6u75xmxt8.cloudfront.net\/13\/2026\/03\/SI202602104116-1024x683.webp\" srcset=\"https:\/\/d2p6e6u75xmxt8.cloudfront.net\/13\/2026\/03\/SI202602104116-scaled.webp 2560w, https:\/\/d2p6e6u75xmxt8.cloudfront.net\/13\/2026\/03\/SI202602104116-300x200.webp 300w, https:\/\/d2p6e6u75xmxt8.cloudfront.net\/13\/2026\/03\/SI202602104116-1024x683.webp 1024w, https:\/\/d2p6e6u75xmxt8.cloudfront.net\/13\/2026\/03\/SI202602104116-768x512.webp 768w, https:\/\/d2p6e6u75xmxt8.cloudfront.net\/13\/2026\/03\/SI202602104116-1536x1024.webp 1536w, https:\/\/d2p6e6u75xmxt8.cloudfront.net\/13\/2026\/03\/SI202602104116-2048x1366.webp 2048w, https:\/\/d2p6e6u75xmxt8.cloudfront.net\/13\/2026\/03\/SI202602104116-1920x1281.webp 1920w, https:\/\/d2p6e6u75xmxt8.cloudfront.net\/13\/2026\/03\/SI202602104116-400x267.webp 400w, https:\/\/d2p6e6u75xmxt8.cloudfront.net\/13\/2026\/03\/SI202602104116-272x182.webp 272w, https:\/\/d2p6e6u75xmxt8.cloudfront.net\/13\/2026\/03\/SI202602104116-1920x1281.webp 1920w\" width=\"1024\" height=\"683\" sizes=\"auto, (min-width: 1200px) 300px, (min-width: 768px) 25vw, 100vw\" alt=\"remco-si-polepsil-o-75-milionu-rocne\"\/><\/a><\/div>    <div class=\"entry-meta\">\n        <a class=\"label label-secondary post-category\" href=\"https:\/\/www.welovecycling.com\/cs\/category\/silnicni-cyklistika\/\" title=\"Silni\u010dn\u00ed cyklistika\">Silni\u010dn\u00ed cyklistika<\/a>\n    <\/div>\n    <div class=\"entry-details\">\n        <a href=\"https:\/\/www.welovecycling.com\/cs\/2026\/03\/11\/remco-si-polepsil-o-75-milionu-rocne\/\" class='entry-title-wrapper'>\n            <h3 class=\"entry-title\"><span>Remco si polep\u0161il o 75 milion\u016f ro\u010dn\u011b<\/span><\/h3>\n        <\/a>\n    <\/div>\n    <\/article>\n<\/div>\n<p>Czech Tour 2026 odstartuje 13. srpna v Praze. Organiz\u00e1to\u0159i avizuj\u00ed, \u017ee p\u016fjde o nejt\u011b\u017e\u0161\u00ed ro\u010dn\u00edk v historii. Detailn\u00ed trasa bude p\u0159edstavena v nejbli\u017e\u0161\u00edch t\u00fddnech.<\/p>\n","protected":false},"excerpt":{"rendered":"<p>Atraktivn\u011bj\u0161\u00ed, sledovan\u011bj\u0161\u00ed, presti\u017en\u011bj\u0161\u00ed! Czech Tour, nejv\u011bt\u0161\u00ed etapov\u00e1 bitva na tuzemsk\u00e9 cyklistick\u00e9 sc\u00e9n\u011b, se z\u00e1sadn\u011b zm\u011bn\u00ed. Osmn\u00e1ct\u00fd ro\u010dn\u00edk z\u00e1vodu, kter\u00fd odstartuje [&hellip;]<\/p>\n","protected":false},"author":138,"featured_media":30666,"comment_status":"open","ping_status":"open","sticky":false,"template":"","format":"standard","meta":{"footnotes":""},"categories":[10],"tags":[126,2963,9],"global-categories":[411],"class_list":["post-32801","post","type-post","status-publish","format-standard","has-post-thumbnail","hentry","category-silnicni-cyklistika","tag-cyklistika","tag-czech-tour","tag-silnicni-cyklistika","global-categories-cycling"],"yoast_head":"<!-- This site is optimized with the Yoast SEO Premium plugin v25.3 (Yoast SEO v25.9) - https:\/\/yoast.com\/wordpress\/plugins\/seo\/ -->\n<title>Czech Tour z\u00edsk\u00e1 na s\u00edle a presti\u017ei | \u0160koda We Love Cycling - \u010cesk\u00e1 republika<\/title>\n<meta name=\"description\" content=\"Atraktivn\u011bj\u0161\u00ed, sledovan\u011bj\u0161\u00ed, presti\u017en\u011bj\u0161\u00ed! Czech Tour, nejv\u011bt\u0161\u00ed etapov\u00e1 bitva na tuzemsk\u00e9 cyklistick\u00e9 sc\u00e9n\u011b, se z\u00e1sadn\u011b zm\u011bn\u00ed. Osmn\u00e1ct\u00fd ro\u010dn\u00edk z\u00e1vodu, kter\u00fd odstartuje za p\u016fl roku, je toti\u017e za\u0159azen do kategorie UCI ProSeries!\" \/>\n<meta name=\"robots\" content=\"index, follow, max-snippet:-1, max-image-preview:large, max-video-preview:-1\" \/>\n<link rel=\"canonical\" href=\"https:\/\/www.welovecycling.com\/cs\/2026\/03\/12\/czech-tour-ziska-na-sile-a-prestizi\/\" \/>\n<meta property=\"og:locale\" content=\"cs_CZ\" \/>\n<meta property=\"og:type\" content=\"article\" \/>\n<meta property=\"og:title\" content=\"Czech Tour z\u00edsk\u00e1 na s\u00edle a presti\u017ei\" \/>\n<meta property=\"og:description\" content=\"Atraktivn\u011bj\u0161\u00ed, sledovan\u011bj\u0161\u00ed, presti\u017en\u011bj\u0161\u00ed! Czech Tour, nejv\u011bt\u0161\u00ed etapov\u00e1 bitva na tuzemsk\u00e9 cyklistick\u00e9 sc\u00e9n\u011b, se z\u00e1sadn\u011b zm\u011bn\u00ed. Osmn\u00e1ct\u00fd ro\u010dn\u00edk z\u00e1vodu, kter\u00fd odstartuje za p\u016fl roku, je toti\u017e za\u0159azen do kategorie UCI ProSeries!\" \/>\n<meta property=\"og:url\" content=\"https:\/\/www.welovecycling.com\/cs\/2026\/03\/12\/czech-tour-ziska-na-sile-a-prestizi\/\" \/>\n<meta property=\"og:site_name\" content=\"\u0160koda We Love Cycling - \u010cesk\u00e1 republika\" \/>\n<meta property=\"article:published_time\" content=\"2026-03-12T14:00:31+00:00\" \/>\n<meta property=\"og:image\" content=\"https:\/\/d2p6e6u75xmxt8.cloudfront.net\/13\/2025\/08\/czech-tour1104635.webp\" \/>\n\t<meta property=\"og:image:width\" content=\"2000\" \/>\n\t<meta property=\"og:image:height\" content=\"1332\" \/>\n\t<meta property=\"og:image:type\" content=\"image\/webp\" \/>\n<meta name=\"author\" content=\"radekmalina\" \/>\n<meta name=\"twitter:card\" content=\"summary_large_image\" \/>\n<meta name=\"twitter:label1\" content=\"Written by\" \/>\n\t<meta name=\"twitter:data1\" content=\"Radek Malina\" \/>\n\t<meta name=\"twitter:label2\" content=\"Est. reading time\" \/>\n\t<meta name=\"twitter:data2\" content=\"7\" \/>\n<script type=\"application\/ld+json\" class=\"yoast-schema-graph\">{\"@context\":\"https:\/\/schema.org\",\"@graph\":[{\"@type\":\"WebPage\",\"@id\":\"https:\/\/www.welovecycling.com\/cs\/2026\/03\/12\/czech-tour-ziska-na-sile-a-prestizi\/\",\"url\":\"https:\/\/www.welovecycling.com\/cs\/2026\/03\/12\/czech-tour-ziska-na-sile-a-prestizi\/\",\"name\":\"Czech Tour z\u00edsk\u00e1 na s\u00edle a presti\u017ei | \u0160koda We Love Cycling - \u010cesk\u00e1 republika\",\"isPartOf\":{\"@id\":\"https:\/\/www.welovecycling.com\/cs\/#website\"},\"primaryImageOfPage\":{\"@id\":\"https:\/\/www.welovecycling.com\/cs\/2026\/03\/12\/czech-tour-ziska-na-sile-a-prestizi\/#primaryimage\"},\"image\":{\"@id\":\"https:\/\/www.welovecycling.com\/cs\/2026\/03\/12\/czech-tour-ziska-na-sile-a-prestizi\/#primaryimage\"},\"thumbnailUrl\":\"https:\/\/d2p6e6u75xmxt8.cloudfront.net\/13\/2025\/08\/czech-tour1104635.webp\",\"datePublished\":\"2026-03-12T14:00:31+00:00\",\"author\":{\"@id\":\"https:\/\/www.welovecycling.com\/cs\/#\/schema\/person\/d9eeb0a378f3a7e4a6d12d2b536b04b8\"},\"description\":\"Atraktivn\u011bj\u0161\u00ed, sledovan\u011bj\u0161\u00ed, presti\u017en\u011bj\u0161\u00ed! Czech Tour, nejv\u011bt\u0161\u00ed etapov\u00e1 bitva na tuzemsk\u00e9 cyklistick\u00e9 sc\u00e9n\u011b, se z\u00e1sadn\u011b zm\u011bn\u00ed. Osmn\u00e1ct\u00fd ro\u010dn\u00edk z\u00e1vodu, kter\u00fd odstartuje za p\u016fl roku, je toti\u017e za\u0159azen do kategorie UCI ProSeries!\",\"inLanguage\":\"cs\",\"potentialAction\":[{\"@type\":\"ReadAction\",\"target\":[\"https:\/\/www.welovecycling.com\/cs\/2026\/03\/12\/czech-tour-ziska-na-sile-a-prestizi\/\"]}]},{\"@type\":\"ImageObject\",\"inLanguage\":\"cs\",\"@id\":\"https:\/\/www.welovecycling.com\/cs\/2026\/03\/12\/czech-tour-ziska-na-sile-a-prestizi\/#primaryimage\",\"url\":\"https:\/\/d2p6e6u75xmxt8.cloudfront.net\/13\/2025\/08\/czech-tour1104635.webp\",\"contentUrl\":\"https:\/\/d2p6e6u75xmxt8.cloudfront.net\/13\/2025\/08\/czech-tour1104635.webp\",\"width\":2000,\"height\":1332,\"caption\":\"Czech Tour\"},{\"@type\":\"WebSite\",\"@id\":\"https:\/\/www.welovecycling.com\/cs\/#website\",\"url\":\"https:\/\/www.welovecycling.com\/cs\/\",\"name\":\"\u0160koda We Love Cycling - \u010cesk\u00e1 republika\",\"description\":\"WeLoveCycling.cz je online magaz\u00edn, kter\u00fd v\u00e1m pravideln\u011b p\u0159in\u00e1\u0161\u00ed rady a tipy, zaj\u00edmav\u00e9 \u010dl\u00e1nky, videa a jedine\u010dn\u00e9 report\u00e1\u017ee ze sv\u011bta cyklistiky.\",\"potentialAction\":[{\"@type\":\"SearchAction\",\"target\":{\"@type\":\"EntryPoint\",\"urlTemplate\":\"https:\/\/www.welovecycling.com\/cs\/?s={search_term_string}\"},\"query-input\":{\"@type\":\"PropertyValueSpecification\",\"valueRequired\":true,\"valueName\":\"search_term_string\"}}],\"inLanguage\":\"cs\"},{\"@type\":\"Person\",\"@id\":\"https:\/\/www.welovecycling.com\/cs\/#\/schema\/person\/d9eeb0a378f3a7e4a6d12d2b536b04b8\",\"name\":\"radekmalina\",\"image\":{\"@type\":\"ImageObject\",\"inLanguage\":\"cs\",\"@id\":\"https:\/\/www.welovecycling.com\/cs\/#\/schema\/person\/image\/\",\"url\":\"https:\/\/secure.gravatar.com\/avatar\/66994b632cb8c39a46b9f54afa3ae07201b678d32a54275b6f1c9ffec356bfc0?s=96&d=mm&r=g\",\"contentUrl\":\"https:\/\/secure.gravatar.com\/avatar\/66994b632cb8c39a46b9f54afa3ae07201b678d32a54275b6f1c9ffec356bfc0?s=96&d=mm&r=g\",\"caption\":\"radekmalina\"},\"url\":\"https:\/\/www.welovecycling.com\/cs\/author\/radekmalina\/\"}]}<\/script>\n<!-- \/ Yoast SEO Premium plugin. -->","yoast_head_json":{"title":"Czech Tour z\u00edsk\u00e1 na s\u00edle a presti\u017ei | \u0160koda We Love Cycling - \u010cesk\u00e1 republika","description":"Atraktivn\u011bj\u0161\u00ed, sledovan\u011bj\u0161\u00ed, presti\u017en\u011bj\u0161\u00ed! Czech Tour, nejv\u011bt\u0161\u00ed etapov\u00e1 bitva na tuzemsk\u00e9 cyklistick\u00e9 sc\u00e9n\u011b, se z\u00e1sadn\u011b zm\u011bn\u00ed. Osmn\u00e1ct\u00fd ro\u010dn\u00edk z\u00e1vodu, kter\u00fd odstartuje za p\u016fl roku, je toti\u017e za\u0159azen do kategorie UCI ProSeries!","robots":{"index":"index","follow":"follow","max-snippet":"max-snippet:-1","max-image-preview":"max-image-preview:large","max-video-preview":"max-video-preview:-1"},"canonical":"https:\/\/www.welovecycling.com\/cs\/2026\/03\/12\/czech-tour-ziska-na-sile-a-prestizi\/","og_locale":"cs_CZ","og_type":"article","og_title":"Czech Tour z\u00edsk\u00e1 na s\u00edle a presti\u017ei","og_description":"Atraktivn\u011bj\u0161\u00ed, sledovan\u011bj\u0161\u00ed, presti\u017en\u011bj\u0161\u00ed! Czech Tour, nejv\u011bt\u0161\u00ed etapov\u00e1 bitva na tuzemsk\u00e9 cyklistick\u00e9 sc\u00e9n\u011b, se z\u00e1sadn\u011b zm\u011bn\u00ed. Osmn\u00e1ct\u00fd ro\u010dn\u00edk z\u00e1vodu, kter\u00fd odstartuje za p\u016fl roku, je toti\u017e za\u0159azen do kategorie UCI ProSeries!","og_url":"https:\/\/www.welovecycling.com\/cs\/2026\/03\/12\/czech-tour-ziska-na-sile-a-prestizi\/","og_site_name":"\u0160koda We Love Cycling - \u010cesk\u00e1 republika","article_published_time":"2026-03-12T14:00:31+00:00","og_image":[{"width":2000,"height":1332,"url":"https:\/\/d2p6e6u75xmxt8.cloudfront.net\/13\/2025\/08\/czech-tour1104635.webp","type":"image\/webp"}],"author":"radekmalina","twitter_card":"summary_large_image","twitter_misc":{"Written by":"Radek Malina","Est. reading time":"7"},"schema":{"@context":"https:\/\/schema.org","@graph":[{"@type":"WebPage","@id":"https:\/\/www.welovecycling.com\/cs\/2026\/03\/12\/czech-tour-ziska-na-sile-a-prestizi\/","url":"https:\/\/www.welovecycling.com\/cs\/2026\/03\/12\/czech-tour-ziska-na-sile-a-prestizi\/","name":"Czech Tour z\u00edsk\u00e1 na s\u00edle a presti\u017ei | \u0160koda We Love Cycling - \u010cesk\u00e1 republika","isPartOf":{"@id":"https:\/\/www.welovecycling.com\/cs\/#website"},"primaryImageOfPage":{"@id":"https:\/\/www.welovecycling.com\/cs\/2026\/03\/12\/czech-tour-ziska-na-sile-a-prestizi\/#primaryimage"},"image":{"@id":"https:\/\/www.welovecycling.com\/cs\/2026\/03\/12\/czech-tour-ziska-na-sile-a-prestizi\/#primaryimage"},"thumbnailUrl":"https:\/\/d2p6e6u75xmxt8.cloudfront.net\/13\/2025\/08\/czech-tour1104635.webp","datePublished":"2026-03-12T14:00:31+00:00","author":{"@id":"https:\/\/www.welovecycling.com\/cs\/#\/schema\/person\/d9eeb0a378f3a7e4a6d12d2b536b04b8"},"description":"Atraktivn\u011bj\u0161\u00ed, sledovan\u011bj\u0161\u00ed, presti\u017en\u011bj\u0161\u00ed! Czech Tour, nejv\u011bt\u0161\u00ed etapov\u00e1 bitva na tuzemsk\u00e9 cyklistick\u00e9 sc\u00e9n\u011b, se z\u00e1sadn\u011b zm\u011bn\u00ed. Osmn\u00e1ct\u00fd ro\u010dn\u00edk z\u00e1vodu, kter\u00fd odstartuje za p\u016fl roku, je toti\u017e za\u0159azen do kategorie UCI ProSeries!","inLanguage":"cs","potentialAction":[{"@type":"ReadAction","target":["https:\/\/www.welovecycling.com\/cs\/2026\/03\/12\/czech-tour-ziska-na-sile-a-prestizi\/"]}]},{"@type":"ImageObject","inLanguage":"cs","@id":"https:\/\/www.welovecycling.com\/cs\/2026\/03\/12\/czech-tour-ziska-na-sile-a-prestizi\/#primaryimage","url":"https:\/\/d2p6e6u75xmxt8.cloudfront.net\/13\/2025\/08\/czech-tour1104635.webp","contentUrl":"https:\/\/d2p6e6u75xmxt8.cloudfront.net\/13\/2025\/08\/czech-tour1104635.webp","width":2000,"height":1332,"caption":"Czech Tour"},{"@type":"WebSite","@id":"https:\/\/www.welovecycling.com\/cs\/#website","url":"https:\/\/www.welovecycling.com\/cs\/","name":"\u0160koda We Love Cycling - \u010cesk\u00e1 republika","description":"WeLoveCycling.cz je online magaz\u00edn, kter\u00fd v\u00e1m pravideln\u011b p\u0159in\u00e1\u0161\u00ed rady a tipy, zaj\u00edmav\u00e9 \u010dl\u00e1nky, videa a jedine\u010dn\u00e9 report\u00e1\u017ee ze sv\u011bta cyklistiky.","potentialAction":[{"@type":"SearchAction","target":{"@type":"EntryPoint","urlTemplate":"https:\/\/www.welovecycling.com\/cs\/?s={search_term_string}"},"query-input":{"@type":"PropertyValueSpecification","valueRequired":true,"valueName":"search_term_string"}}],"inLanguage":"cs"},{"@type":"Person","@id":"https:\/\/www.welovecycling.com\/cs\/#\/schema\/person\/d9eeb0a378f3a7e4a6d12d2b536b04b8","name":"radekmalina","image":{"@type":"ImageObject","inLanguage":"cs","@id":"https:\/\/www.welovecycling.com\/cs\/#\/schema\/person\/image\/","url":"https:\/\/secure.gravatar.com\/avatar\/66994b632cb8c39a46b9f54afa3ae07201b678d32a54275b6f1c9ffec356bfc0?s=96&d=mm&r=g","contentUrl":"https:\/\/secure.gravatar.com\/avatar\/66994b632cb8c39a46b9f54afa3ae07201b678d32a54275b6f1c9ffec356bfc0?s=96&d=mm&r=g","caption":"radekmalina"},"url":"https:\/\/www.welovecycling.com\/cs\/author\/radekmalina\/"}]}},"_links":{"self":[{"href":"https:\/\/www.welovecycling.com\/cs\/wp-json\/wp\/v2\/posts\/32801","targetHints":{"allow":["GET"]}}],"collection":[{"href":"https:\/\/www.welovecycling.com\/cs\/wp-json\/wp\/v2\/posts"}],"about":[{"href":"https:\/\/www.welovecycling.com\/cs\/wp-json\/wp\/v2\/types\/post"}],"author":[{"embeddable":true,"href":"https:\/\/www.welovecycling.com\/cs\/wp-json\/wp\/v2\/users\/138"}],"replies":[{"embeddable":true,"href":"https:\/\/www.welovecycling.com\/cs\/wp-json\/wp\/v2\/comments?post=32801"}],"version-history":[{"count":2,"href":"https:\/\/www.welovecycling.com\/cs\/wp-json\/wp\/v2\/posts\/32801\/revisions"}],"predecessor-version":[{"id":32817,"href":"https:\/\/www.welovecycling.com\/cs\/wp-json\/wp\/v2\/posts\/32801\/revisions\/32817"}],"wp:featuredmedia":[{"embeddable":true,"href":"https:\/\/www.welovecycling.com\/cs\/wp-json\/wp\/v2\/media\/30666"}],"wp:attachment":[{"href":"https:\/\/www.welovecycling.com\/cs\/wp-json\/wp\/v2\/media?parent=32801"}],"wp:term":[{"taxonomy":"category","embeddable":true,"href":"https:\/\/www.welovecycling.com\/cs\/wp-json\/wp\/v2\/categories?post=32801"},{"taxonomy":"post_tag","embeddable":true,"href":"https:\/\/www.welovecycling.com\/cs\/wp-json\/wp\/v2\/tags?post=32801"},{"taxonomy":"global-categories","embeddable":true,"href":"https:\/\/www.welovecycling.com\/cs\/wp-json\/wp\/v2\/global-categories?post=32801"}],"curies":[{"name":"wp","href":"https:\/\/api.w.org\/{rel}","templated":true}]}}