{"id":32798,"date":"2026-03-11T14:30:16","date_gmt":"2026-03-11T12:30:16","guid":{"rendered":"https:\/\/www.welovecycling.com\/cs\/?p=32798"},"modified":"2026-03-11T12:50:24","modified_gmt":"2026-03-11T10:50:24","slug":"jak-dlouhy-ma-byt-trenink","status":"publish","type":"post","link":"https:\/\/www.welovecycling.com\/cs\/2026\/03\/11\/jak-dlouhy-ma-byt-trenink\/","title":{"rendered":"Jak dlouh\u00fd m\u00e1 b\u00fdt tr\u00e9nink?"},"content":{"rendered":"<p><strong>Jak dlouh\u00fd m\u00fd b\u00fdt tr\u00e9nink? Existuje ide\u00e1ln\u00ed doba, kterou pro\u017eijete v r\u00e1mci jedn\u00e9 p\u0159\u00edpravn\u00e9 jednotky sportov\u00e1n\u00edm a n\u00e1sledn\u011b budete p\u0159i pravideln\u00e9m opakov\u00e1n\u00ed ve form\u011b? A je\u0161t\u011b sn\u00ed\u017e\u00edte v\u00e1hu?\u00a0Funguje n\u011bco jako kouzeln\u00fd interval?<\/strong><\/p>\n<p>Tr\u00e9nink p\u0159edstavuje velice individu\u00e1ln\u00ed z\u00e1le\u017eitost. Ka\u017ed\u00e9 cvi\u010den\u00ed m\u00e1 trvat tak dlouho, aby \u010dlov\u011bku p\u0159in\u00e1\u0161elo radost a bylo zdrojem pot\u011b\u0161en\u00ed.<\/p>\n<h2><strong>Navy\u0161ujte tr\u00e9nink postupn\u011b o t\u0159icet procent<\/strong><\/h2>\n<p>Smyslem ka\u017ed\u00e9 sportovn\u00ed aktivity v\u00a0p\u0159\u00edpad\u011b hobby sportovc\u016f je n\u00e1sledn\u00fd zdravotn\u00ed benefit. A nic se nem\u00e1 p\u0159eh\u00e1n\u011bt. Pokud se dostaneme do f\u00e1ze, \u017ee si budeme ubli\u017eovat soci\u00e1ln\u011b nebo zdravotn\u011b, nejde o \u017e\u00e1dn\u00fd p\u0159\u00ednos. Prim\u00e1rn\u011b by m\u011bl \u010dlov\u011bk vyu\u017e\u00edt voln\u00fd \u010das ke sportu v\u00a0takov\u00e9 m\u00ed\u0159e, aby prosp\u011bl t\u011blu.<\/p>\n<p>Jestli\u017ee m\u00e1te patn\u00e1ct minut a vyraz\u00edte do parku alespo\u0148 kv\u016fli kr\u00e1tk\u00e9mu prota\u017een\u00ed, je to lep\u0161\u00ed ne\u017e nic. Z\u00a0hlediska psychick\u00e9ho rozpolo\u017een\u00ed jde o skv\u011bl\u00fd impuls. Kr\u00e1tk\u00e1 j\u00f3ga, p\u00e1r posilovac\u00edch cvik\u016f&#8230; V\u0161e, co \u010dlov\u011bka vytrhne z\u00a0pracovn\u00edho procesu vede k\u00a0odpo\u010dinku pro mozek. T\u011blo se prokrv\u00ed, rozproud\u011bn\u00e1 krev povzbud\u00ed mozkovou aktivitu a n\u00e1sledn\u011b bude v\u00e1\u0161 pracovn\u00ed v\u00fdkon lep\u0161\u00ed.<\/p>\n<p>&nbsp;<\/p>\n<blockquote class=\"instagram-media\" style=\"background: #FFF; border: 0; border-radius: 3px; box-shadow: 0 0 1px 0 rgba(0,0,0,0.5),0 1px 10px 0 rgba(0,0,0,0.15); margin: 1px; max-width: 540px; min-width: 326px; padding: 0; width: calc(100% - 2px);\" data-instgrm-captioned=\"\" data-instgrm-permalink=\"https:\/\/www.instagram.com\/reel\/DVRsbVrkvj2\/?utm_source=ig_embed&amp;utm_campaign=loading\" data-instgrm-version=\"14\">\n<div style=\"padding: 16px;\">\n<p>&nbsp;<\/p>\n<div style=\"display: flex; flex-direction: row; align-items: center;\">\n<div style=\"background-color: #f4f4f4; border-radius: 50%; flex-grow: 0; height: 40px; margin-right: 14px; width: 40px;\"><\/div>\n<div style=\"display: flex; flex-direction: column; flex-grow: 1; justify-content: center;\">\n<div style=\"background-color: #f4f4f4; border-radius: 4px; flex-grow: 0; height: 14px; margin-bottom: 6px; width: 100px;\"><\/div>\n<div style=\"background-color: #f4f4f4; border-radius: 4px; flex-grow: 0; height: 14px; width: 60px;\"><\/div>\n<\/div>\n<\/div>\n<div style=\"padding: 19% 0;\"><\/div>\n<div style=\"display: block; height: 50px; margin: 0 auto 12px; width: 50px;\"><\/div>\n<div style=\"padding-top: 8px;\">\n<div style=\"color: #3897f0; font-family: Arial,sans-serif; font-size: 14px; font-style: normal; font-weight: 550; line-height: 18px;\">Zobrazit p\u0159\u00edsp\u011bvek na Instagramu<\/div>\n<\/div>\n<div style=\"padding: 12.5% 0;\"><\/div>\n<div style=\"display: flex; flex-direction: row; margin-bottom: 14px; align-items: center;\">\n<div>\n<div style=\"background-color: #f4f4f4; border-radius: 50%; height: 12.5px; width: 12.5px; transform: translateX(0px) translateY(7px);\"><\/div>\n<div style=\"background-color: #f4f4f4; height: 12.5px; transform: rotate(-45deg) translateX(3px) translateY(1px); width: 12.5px; flex-grow: 0; margin-right: 14px; margin-left: 2px;\"><\/div>\n<div style=\"background-color: #f4f4f4; border-radius: 50%; height: 12.5px; width: 12.5px; transform: translateX(9px) translateY(-18px);\"><\/div>\n<\/div>\n<div style=\"margin-left: 8px;\">\n<div style=\"background-color: #f4f4f4; border-radius: 50%; flex-grow: 0; height: 20px; width: 20px;\"><\/div>\n<div style=\"width: 0; height: 0; border-top: 2px solid transparent; border-left: 6px solid #f4f4f4; border-bottom: 2px solid transparent; transform: translateX(16px) translateY(-4px) rotate(30deg);\"><\/div>\n<\/div>\n<div style=\"margin-left: auto;\">\n<div style=\"width: 0px; border-top: 8px solid #F4F4F4; border-right: 8px solid transparent; transform: translateY(16px);\"><\/div>\n<div style=\"background-color: #f4f4f4; flex-grow: 0; height: 12px; width: 16px; transform: translateY(-4px);\"><\/div>\n<div style=\"width: 0; height: 0; border-top: 8px solid #F4F4F4; border-left: 8px solid transparent; transform: translateY(-4px) translateX(8px);\"><\/div>\n<\/div>\n<\/div>\n<div style=\"display: flex; flex-direction: column; flex-grow: 1; justify-content: center; margin-bottom: 24px;\">\n<div style=\"background-color: #f4f4f4; border-radius: 4px; flex-grow: 0; height: 14px; margin-bottom: 6px; width: 224px;\"><\/div>\n<div style=\"background-color: #f4f4f4; border-radius: 4px; flex-grow: 0; height: 14px; width: 144px;\"><\/div>\n<\/div>\n<p>&nbsp;<\/p>\n<p style=\"color: #c9c8cd; font-family: Arial,sans-serif; font-size: 14px; line-height: 17px; margin-bottom: 0; margin-top: 8px; overflow: hidden; padding: 8px 0 7px; text-align: center; text-overflow: ellipsis; white-space: nowrap;\"><a style=\"color: #c9c8cd; font-family: Arial,sans-serif; font-size: 14px; font-style: normal; font-weight: normal; line-height: 17px; text-decoration: none;\" href=\"https:\/\/www.instagram.com\/reel\/DVRsbVrkvj2\/?utm_source=ig_embed&amp;utm_campaign=loading\" target=\"_blank\" rel=\"noopener\">P\u0159\u00edsp\u011bvek sd\u00edlen\u00fd TrainingPeaks (@trainingpeaks)<\/a><\/p>\n<\/div>\n<\/blockquote>\n<p><script async src=\"\/\/www.instagram.com\/embed.js\"><\/script><\/p>\n<p>Samoz\u0159ejm\u011b s\u00a0rozvojem fyzick\u00e9 kondice se m\u011bn\u00ed c\u00edle pro ka\u017edou konkr\u00e9tn\u00ed aktivitu. N\u011bkomu patn\u00e1ct minut sta\u010d\u00ed, ale jestli\u017ee se chyst\u00e1te na maraton nebo cyklistick\u00fd z\u00e1vod dlouh\u00fd sto a v\u00edce kilometr\u016f, pochopiteln\u011b pot\u0159ebujete del\u0161\u00ed tr\u00e9nink.<\/p>\n<p>Z\u00e1kladn\u00ed doporu\u010den\u00ed zn\u00ed navy\u0161ovat fyzickou aktivitu o t\u0159icet procent v\u017edy kdy\u017e dan\u00e9 mno\u017estv\u00ed tr\u00e9nink\u016f p\u0159estane b\u00fdt dostate\u010dn\u00e9 pro dal\u0161\u00ed fyzick\u00fd \u201er\u016fst\u201c v intervalech (pokud chceme a m\u016f\u017eeme si dal\u0161\u00ed n\u00e1r\u016fst dovolit). Tud\u00ed\u017e pokud \u010dlov\u011bk za\u010d\u00edn\u00e1 z\u00a0nuly, m\u011bl by si napl\u00e1novat b\u011bhem t\u00fddne t\u0159i hodiny sportu. A po chv\u00edli se n\u00e1sledn\u011b aktivita navy\u0161uje. Nejde t\u011blo \u00fapln\u011b zahltit.<\/p>\n<h2><strong>Za jak dlouho p\u0159ijde rutina?<\/strong><\/h2>\n<p>V\u0161e je o budov\u00e1n\u00ed n\u00e1vyk\u016f. Zlomov\u00e1 rozhodnut\u00ed jsou velice obt\u00ed\u017en\u00e1 psychicky a ka\u017ed\u00fd fyzick\u00fd posun \u017e\u00e1d\u00e1 trp\u011blivost. Nic nejde ze dne na den. Pokud si n\u011bco budete extr\u00e9mn\u011b zakazovat a sou\u010dasn\u011b p\u0159ed sebe stav\u011bt radik\u00e1ln\u00ed c\u00edle, motivace bude rychle klesat.<\/p>\n<p>Jak dlouh\u00fd by m\u011bl b\u00fdt ide\u00e1ln\u011b tr\u00e9nink? Myslete hlavn\u011b na zdravotn\u00ed benefit sportovn\u00ed aktivity.<\/p>\n<figure id=\"attachment_32783\" aria-describedby=\"caption-attachment-32783\" style=\"width: 1184px\" class=\"wp-caption alignnone\"><a href=\"https:\/\/d2p6e6u75xmxt8.cloudfront.net\/13\/2026\/03\/bibs-women11-1698672127-1758262401.jpg\"><img loading=\"lazy\" decoding=\"async\" class=\"size-full wp-image-32783\" src=\"https:\/\/d2p6e6u75xmxt8.cloudfront.net\/13\/2026\/03\/bibs-women11-1698672127-1758262401.jpg\" alt=\"\" width=\"1184\" height=\"1300\" srcset=\"https:\/\/d2p6e6u75xmxt8.cloudfront.net\/13\/2026\/03\/bibs-women11-1698672127-1758262401.jpg 1184w, https:\/\/d2p6e6u75xmxt8.cloudfront.net\/13\/2026\/03\/bibs-women11-1698672127-1758262401-273x300.jpg 273w, https:\/\/d2p6e6u75xmxt8.cloudfront.net\/13\/2026\/03\/bibs-women11-1698672127-1758262401-933x1024.jpg 933w, https:\/\/d2p6e6u75xmxt8.cloudfront.net\/13\/2026\/03\/bibs-women11-1698672127-1758262401-768x843.jpg 768w, https:\/\/d2p6e6u75xmxt8.cloudfront.net\/13\/2026\/03\/bibs-women11-1698672127-1758262401-364x400.jpg 364w\" sizes=\"auto, (max-width: 1184px) 100vw, 1184px\" \/><\/a><figcaption id=\"caption-attachment-32783\" class=\"wp-caption-text\"><em>Jak dlouh\u00fd by m\u011bl b\u00fdt tr\u00e9nink? Existuje n\u011bco jako kouzeln\u00fd interval? Foto: <a href=\"https:\/\/www.kalas.cz\/\">kalas.cz<\/a><\/em><\/figcaption><\/figure>\n<p>V\u011bt\u0161inou je probl\u00e9m, \u017ee lid\u00e9 si d\u00e1vaj\u00ed v\u00fdrazn\u011b snov\u00e1 p\u0159edsevzet\u00ed a postr\u00e1daj\u00ed skute\u010dnou motivaci. P\u0159ebudov\u00e1n\u00ed zab\u011bhnut\u00fdch n\u00e1vyk\u016f nen\u00ed ot\u00e1zka jednoho m\u011bs\u00edce, ale v\u00edce t\u00fddn\u016f.<\/p>\n<p>Je ov\u011b\u0159en\u00e9, \u017ee hrani\u010dn\u00ed doba pro zm\u011bnu je p\u011bt a\u017e sedm t\u00fddn\u016f. Pak se z\u00a0nov\u00fdch n\u00e1vyk\u016f st\u00e1v\u00e1 rutina. Teprve pot\u00e9 m\u00e1 smysl \u0159e\u0161it d\u00e9lku tr\u00e9ninku, <a href=\"https:\/\/www.welovecycling.com\/cs\/2026\/01\/28\/co-jste-meli-vedet-nez-vas-cyklistika-pohltila\/\">individualizovan\u00fd tr\u00e9ninkov\u00fd pl\u00e1n<\/a>, p\u0159\u00edpravu rozepsanou do podoby konkr\u00e9tn\u00edch cvi\u010den\u00ed s\u00a0intervaly.<\/p>\n","protected":false},"excerpt":{"rendered":"<p>Jak dlouh\u00fd m\u00fd b\u00fdt tr\u00e9nink? Existuje ide\u00e1ln\u00ed doba, kterou pro\u017eijete v r\u00e1mci jedn\u00e9 p\u0159\u00edpravn\u00e9 jednotky sportov\u00e1n\u00edm a n\u00e1sledn\u011b budete p\u0159i [&hellip;]<\/p>\n","protected":false},"author":138,"featured_media":24034,"comment_status":"open","ping_status":"open","sticky":false,"template":"","format":"standard","meta":{"footnotes":""},"categories":[10,6],"tags":[126,4588,4589,9,27,67],"global-categories":[411],"class_list":["post-32798","post","type-post","status-publish","format-standard","has-post-thumbnail","hentry","category-silnicni-cyklistika","category-zdravi-a-trenink","tag-cyklistika","tag-interval","tag-jak-dlouhy-ma-byt-trenink","tag-silnicni-cyklistika","tag-trenink","tag-zdravi-a-trenink","global-categories-cycling"],"yoast_head":"<!-- This site is optimized with the Yoast SEO Premium plugin v25.3 (Yoast SEO v25.9) - https:\/\/yoast.com\/wordpress\/plugins\/seo\/ -->\n<title>Jak dlouh\u00fd m\u00e1 b\u00fdt tr\u00e9nink? | \u0160koda We Love Cycling - \u010cesk\u00e1 republika<\/title>\n<meta name=\"description\" content=\"Jak dlouh\u00fd m\u00fd b\u00fdt tr\u00e9nink? Existuje ide\u00e1ln\u00ed doba, kterou pro\u017eijete v r\u00e1mci jedn\u00e9 p\u0159\u00edpravn\u00e9 jednotky sportov\u00e1n\u00edm a n\u00e1sledn\u011b budete p\u0159i pravideln\u00e9m opakov\u00e1n\u00ed ve form\u011b? A je\u0161t\u011b sn\u00ed\u017e\u00edte v\u00e1hu?\u00a0Funguje n\u011bco jako kouzeln\u00fd interval?\" \/>\n<meta name=\"robots\" content=\"index, follow, max-snippet:-1, max-image-preview:large, max-video-preview:-1\" \/>\n<link rel=\"canonical\" href=\"https:\/\/www.welovecycling.com\/cs\/2026\/03\/11\/jak-dlouhy-ma-byt-trenink\/\" \/>\n<meta property=\"og:locale\" content=\"cs_CZ\" \/>\n<meta property=\"og:type\" content=\"article\" \/>\n<meta property=\"og:title\" content=\"Jak dlouh\u00fd m\u00e1 b\u00fdt tr\u00e9nink?\" \/>\n<meta property=\"og:description\" content=\"Jak dlouh\u00fd m\u00fd b\u00fdt tr\u00e9nink? Existuje ide\u00e1ln\u00ed doba, kterou pro\u017eijete v r\u00e1mci jedn\u00e9 p\u0159\u00edpravn\u00e9 jednotky sportov\u00e1n\u00edm a n\u00e1sledn\u011b budete p\u0159i pravideln\u00e9m opakov\u00e1n\u00ed ve form\u011b? A je\u0161t\u011b sn\u00ed\u017e\u00edte v\u00e1hu?\u00a0Funguje n\u011bco jako kouzeln\u00fd interval?\" \/>\n<meta property=\"og:url\" content=\"https:\/\/www.welovecycling.com\/cs\/2026\/03\/11\/jak-dlouhy-ma-byt-trenink\/\" \/>\n<meta property=\"og:site_name\" content=\"\u0160koda We Love Cycling - \u010cesk\u00e1 republika\" \/>\n<meta property=\"article:published_time\" content=\"2026-03-11T12:30:16+00:00\" \/>\n<meta property=\"og:image\" content=\"https:\/\/d2p6e6u75xmxt8.cloudfront.net\/13\/2023\/11\/emilia-romagna-5-scaled.webp\" \/>\n\t<meta property=\"og:image:width\" content=\"2560\" \/>\n\t<meta property=\"og:image:height\" content=\"1707\" \/>\n\t<meta property=\"og:image:type\" content=\"image\/webp\" \/>\n<meta name=\"author\" content=\"radekmalina\" \/>\n<meta name=\"twitter:card\" content=\"summary_large_image\" \/>\n<meta name=\"twitter:label1\" content=\"Written by\" \/>\n\t<meta name=\"twitter:data1\" content=\"Radek malina\" \/>\n\t<meta name=\"twitter:label2\" content=\"Est. reading time\" \/>\n\t<meta name=\"twitter:data2\" content=\"5\" \/>\n<script type=\"application\/ld+json\" class=\"yoast-schema-graph\">{\"@context\":\"https:\/\/schema.org\",\"@graph\":[{\"@type\":\"WebPage\",\"@id\":\"https:\/\/www.welovecycling.com\/cs\/2026\/03\/11\/jak-dlouhy-ma-byt-trenink\/\",\"url\":\"https:\/\/www.welovecycling.com\/cs\/2026\/03\/11\/jak-dlouhy-ma-byt-trenink\/\",\"name\":\"Jak dlouh\u00fd m\u00e1 b\u00fdt tr\u00e9nink? | \u0160koda We Love Cycling - \u010cesk\u00e1 republika\",\"isPartOf\":{\"@id\":\"https:\/\/www.welovecycling.com\/cs\/#website\"},\"primaryImageOfPage\":{\"@id\":\"https:\/\/www.welovecycling.com\/cs\/2026\/03\/11\/jak-dlouhy-ma-byt-trenink\/#primaryimage\"},\"image\":{\"@id\":\"https:\/\/www.welovecycling.com\/cs\/2026\/03\/11\/jak-dlouhy-ma-byt-trenink\/#primaryimage\"},\"thumbnailUrl\":\"https:\/\/d2p6e6u75xmxt8.cloudfront.net\/13\/2023\/11\/emilia-romagna-5-scaled.webp\",\"datePublished\":\"2026-03-11T12:30:16+00:00\",\"author\":{\"@id\":\"https:\/\/www.welovecycling.com\/cs\/#\/schema\/person\/d9eeb0a378f3a7e4a6d12d2b536b04b8\"},\"description\":\"Jak dlouh\u00fd m\u00fd b\u00fdt tr\u00e9nink? Existuje ide\u00e1ln\u00ed doba, kterou pro\u017eijete v r\u00e1mci jedn\u00e9 p\u0159\u00edpravn\u00e9 jednotky sportov\u00e1n\u00edm a n\u00e1sledn\u011b budete p\u0159i pravideln\u00e9m opakov\u00e1n\u00ed ve form\u011b? A je\u0161t\u011b sn\u00ed\u017e\u00edte v\u00e1hu?\u00a0Funguje n\u011bco jako kouzeln\u00fd interval?\",\"inLanguage\":\"cs\",\"potentialAction\":[{\"@type\":\"ReadAction\",\"target\":[\"https:\/\/www.welovecycling.com\/cs\/2026\/03\/11\/jak-dlouhy-ma-byt-trenink\/\"]}]},{\"@type\":\"ImageObject\",\"inLanguage\":\"cs\",\"@id\":\"https:\/\/www.welovecycling.com\/cs\/2026\/03\/11\/jak-dlouhy-ma-byt-trenink\/#primaryimage\",\"url\":\"https:\/\/d2p6e6u75xmxt8.cloudfront.net\/13\/2023\/11\/emilia-romagna-5-scaled.webp\",\"contentUrl\":\"https:\/\/d2p6e6u75xmxt8.cloudfront.net\/13\/2023\/11\/emilia-romagna-5-scaled.webp\",\"width\":2560,\"height\":1707,\"caption\":\"Jarn\u00ed tr\u00e9nink\"},{\"@type\":\"WebSite\",\"@id\":\"https:\/\/www.welovecycling.com\/cs\/#website\",\"url\":\"https:\/\/www.welovecycling.com\/cs\/\",\"name\":\"\u0160koda We Love Cycling - \u010cesk\u00e1 republika\",\"description\":\"WeLoveCycling.cz je online magaz\u00edn, kter\u00fd v\u00e1m pravideln\u011b p\u0159in\u00e1\u0161\u00ed rady a tipy, zaj\u00edmav\u00e9 \u010dl\u00e1nky, videa a jedine\u010dn\u00e9 report\u00e1\u017ee ze sv\u011bta cyklistiky.\",\"potentialAction\":[{\"@type\":\"SearchAction\",\"target\":{\"@type\":\"EntryPoint\",\"urlTemplate\":\"https:\/\/www.welovecycling.com\/cs\/?s={search_term_string}\"},\"query-input\":{\"@type\":\"PropertyValueSpecification\",\"valueRequired\":true,\"valueName\":\"search_term_string\"}}],\"inLanguage\":\"cs\"},{\"@type\":\"Person\",\"@id\":\"https:\/\/www.welovecycling.com\/cs\/#\/schema\/person\/d9eeb0a378f3a7e4a6d12d2b536b04b8\",\"name\":\"radekmalina\",\"image\":{\"@type\":\"ImageObject\",\"inLanguage\":\"cs\",\"@id\":\"https:\/\/www.welovecycling.com\/cs\/#\/schema\/person\/image\/\",\"url\":\"https:\/\/secure.gravatar.com\/avatar\/66994b632cb8c39a46b9f54afa3ae07201b678d32a54275b6f1c9ffec356bfc0?s=96&d=mm&r=g\",\"contentUrl\":\"https:\/\/secure.gravatar.com\/avatar\/66994b632cb8c39a46b9f54afa3ae07201b678d32a54275b6f1c9ffec356bfc0?s=96&d=mm&r=g\",\"caption\":\"radekmalina\"},\"url\":\"https:\/\/www.welovecycling.com\/cs\/author\/radekmalina\/\"}]}<\/script>\n<!-- \/ Yoast SEO Premium plugin. -->","yoast_head_json":{"title":"Jak dlouh\u00fd m\u00e1 b\u00fdt tr\u00e9nink? | \u0160koda We Love Cycling - \u010cesk\u00e1 republika","description":"Jak dlouh\u00fd m\u00fd b\u00fdt tr\u00e9nink? Existuje ide\u00e1ln\u00ed doba, kterou pro\u017eijete v r\u00e1mci jedn\u00e9 p\u0159\u00edpravn\u00e9 jednotky sportov\u00e1n\u00edm a n\u00e1sledn\u011b budete p\u0159i pravideln\u00e9m opakov\u00e1n\u00ed ve form\u011b? A je\u0161t\u011b sn\u00ed\u017e\u00edte v\u00e1hu?\u00a0Funguje n\u011bco jako kouzeln\u00fd interval?","robots":{"index":"index","follow":"follow","max-snippet":"max-snippet:-1","max-image-preview":"max-image-preview:large","max-video-preview":"max-video-preview:-1"},"canonical":"https:\/\/www.welovecycling.com\/cs\/2026\/03\/11\/jak-dlouhy-ma-byt-trenink\/","og_locale":"cs_CZ","og_type":"article","og_title":"Jak dlouh\u00fd m\u00e1 b\u00fdt tr\u00e9nink?","og_description":"Jak dlouh\u00fd m\u00fd b\u00fdt tr\u00e9nink? Existuje ide\u00e1ln\u00ed doba, kterou pro\u017eijete v r\u00e1mci jedn\u00e9 p\u0159\u00edpravn\u00e9 jednotky sportov\u00e1n\u00edm a n\u00e1sledn\u011b budete p\u0159i pravideln\u00e9m opakov\u00e1n\u00ed ve form\u011b? A je\u0161t\u011b sn\u00ed\u017e\u00edte v\u00e1hu?\u00a0Funguje n\u011bco jako kouzeln\u00fd interval?","og_url":"https:\/\/www.welovecycling.com\/cs\/2026\/03\/11\/jak-dlouhy-ma-byt-trenink\/","og_site_name":"\u0160koda We Love Cycling - \u010cesk\u00e1 republika","article_published_time":"2026-03-11T12:30:16+00:00","og_image":[{"width":2560,"height":1707,"url":"https:\/\/d2p6e6u75xmxt8.cloudfront.net\/13\/2023\/11\/emilia-romagna-5-scaled.webp","type":"image\/webp"}],"author":"radekmalina","twitter_card":"summary_large_image","twitter_misc":{"Written by":"Radek malina","Est. reading time":"5"},"schema":{"@context":"https:\/\/schema.org","@graph":[{"@type":"WebPage","@id":"https:\/\/www.welovecycling.com\/cs\/2026\/03\/11\/jak-dlouhy-ma-byt-trenink\/","url":"https:\/\/www.welovecycling.com\/cs\/2026\/03\/11\/jak-dlouhy-ma-byt-trenink\/","name":"Jak dlouh\u00fd m\u00e1 b\u00fdt tr\u00e9nink? | \u0160koda We Love Cycling - \u010cesk\u00e1 republika","isPartOf":{"@id":"https:\/\/www.welovecycling.com\/cs\/#website"},"primaryImageOfPage":{"@id":"https:\/\/www.welovecycling.com\/cs\/2026\/03\/11\/jak-dlouhy-ma-byt-trenink\/#primaryimage"},"image":{"@id":"https:\/\/www.welovecycling.com\/cs\/2026\/03\/11\/jak-dlouhy-ma-byt-trenink\/#primaryimage"},"thumbnailUrl":"https:\/\/d2p6e6u75xmxt8.cloudfront.net\/13\/2023\/11\/emilia-romagna-5-scaled.webp","datePublished":"2026-03-11T12:30:16+00:00","author":{"@id":"https:\/\/www.welovecycling.com\/cs\/#\/schema\/person\/d9eeb0a378f3a7e4a6d12d2b536b04b8"},"description":"Jak dlouh\u00fd m\u00fd b\u00fdt tr\u00e9nink? Existuje ide\u00e1ln\u00ed doba, kterou pro\u017eijete v r\u00e1mci jedn\u00e9 p\u0159\u00edpravn\u00e9 jednotky sportov\u00e1n\u00edm a n\u00e1sledn\u011b budete p\u0159i pravideln\u00e9m opakov\u00e1n\u00ed ve form\u011b? A je\u0161t\u011b sn\u00ed\u017e\u00edte v\u00e1hu?\u00a0Funguje n\u011bco jako kouzeln\u00fd interval?","inLanguage":"cs","potentialAction":[{"@type":"ReadAction","target":["https:\/\/www.welovecycling.com\/cs\/2026\/03\/11\/jak-dlouhy-ma-byt-trenink\/"]}]},{"@type":"ImageObject","inLanguage":"cs","@id":"https:\/\/www.welovecycling.com\/cs\/2026\/03\/11\/jak-dlouhy-ma-byt-trenink\/#primaryimage","url":"https:\/\/d2p6e6u75xmxt8.cloudfront.net\/13\/2023\/11\/emilia-romagna-5-scaled.webp","contentUrl":"https:\/\/d2p6e6u75xmxt8.cloudfront.net\/13\/2023\/11\/emilia-romagna-5-scaled.webp","width":2560,"height":1707,"caption":"Jarn\u00ed tr\u00e9nink"},{"@type":"WebSite","@id":"https:\/\/www.welovecycling.com\/cs\/#website","url":"https:\/\/www.welovecycling.com\/cs\/","name":"\u0160koda We Love Cycling - \u010cesk\u00e1 republika","description":"WeLoveCycling.cz je online magaz\u00edn, kter\u00fd v\u00e1m pravideln\u011b p\u0159in\u00e1\u0161\u00ed rady a tipy, zaj\u00edmav\u00e9 \u010dl\u00e1nky, videa a jedine\u010dn\u00e9 report\u00e1\u017ee ze sv\u011bta cyklistiky.","potentialAction":[{"@type":"SearchAction","target":{"@type":"EntryPoint","urlTemplate":"https:\/\/www.welovecycling.com\/cs\/?s={search_term_string}"},"query-input":{"@type":"PropertyValueSpecification","valueRequired":true,"valueName":"search_term_string"}}],"inLanguage":"cs"},{"@type":"Person","@id":"https:\/\/www.welovecycling.com\/cs\/#\/schema\/person\/d9eeb0a378f3a7e4a6d12d2b536b04b8","name":"radekmalina","image":{"@type":"ImageObject","inLanguage":"cs","@id":"https:\/\/www.welovecycling.com\/cs\/#\/schema\/person\/image\/","url":"https:\/\/secure.gravatar.com\/avatar\/66994b632cb8c39a46b9f54afa3ae07201b678d32a54275b6f1c9ffec356bfc0?s=96&d=mm&r=g","contentUrl":"https:\/\/secure.gravatar.com\/avatar\/66994b632cb8c39a46b9f54afa3ae07201b678d32a54275b6f1c9ffec356bfc0?s=96&d=mm&r=g","caption":"radekmalina"},"url":"https:\/\/www.welovecycling.com\/cs\/author\/radekmalina\/"}]}},"_links":{"self":[{"href":"https:\/\/www.welovecycling.com\/cs\/wp-json\/wp\/v2\/posts\/32798","targetHints":{"allow":["GET"]}}],"collection":[{"href":"https:\/\/www.welovecycling.com\/cs\/wp-json\/wp\/v2\/posts"}],"about":[{"href":"https:\/\/www.welovecycling.com\/cs\/wp-json\/wp\/v2\/types\/post"}],"author":[{"embeddable":true,"href":"https:\/\/www.welovecycling.com\/cs\/wp-json\/wp\/v2\/users\/138"}],"replies":[{"embeddable":true,"href":"https:\/\/www.welovecycling.com\/cs\/wp-json\/wp\/v2\/comments?post=32798"}],"version-history":[{"count":2,"href":"https:\/\/www.welovecycling.com\/cs\/wp-json\/wp\/v2\/posts\/32798\/revisions"}],"predecessor-version":[{"id":32800,"href":"https:\/\/www.welovecycling.com\/cs\/wp-json\/wp\/v2\/posts\/32798\/revisions\/32800"}],"wp:featuredmedia":[{"embeddable":true,"href":"https:\/\/www.welovecycling.com\/cs\/wp-json\/wp\/v2\/media\/24034"}],"wp:attachment":[{"href":"https:\/\/www.welovecycling.com\/cs\/wp-json\/wp\/v2\/media?parent=32798"}],"wp:term":[{"taxonomy":"category","embeddable":true,"href":"https:\/\/www.welovecycling.com\/cs\/wp-json\/wp\/v2\/categories?post=32798"},{"taxonomy":"post_tag","embeddable":true,"href":"https:\/\/www.welovecycling.com\/cs\/wp-json\/wp\/v2\/tags?post=32798"},{"taxonomy":"global-categories","embeddable":true,"href":"https:\/\/www.welovecycling.com\/cs\/wp-json\/wp\/v2\/global-categories?post=32798"}],"curies":[{"name":"wp","href":"https:\/\/api.w.org\/{rel}","templated":true}]}}