{"id":32415,"date":"2026-01-25T19:06:19","date_gmt":"2026-01-25T17:06:19","guid":{"rendered":"https:\/\/www.welovecycling.com\/cs\/?p=32415"},"modified":"2026-01-25T19:06:19","modified_gmt":"2026-01-25T17:06:19","slug":"rekordnich-51-cisare-cyklokrosu-tesi-brilantni-nastupce","status":"publish","type":"post","link":"https:\/\/www.welovecycling.com\/cs\/2026\/01\/25\/rekordnich-51-cisare-cyklokrosu-tesi-brilantni-nastupce\/","title":{"rendered":"Rekordn\u00edch 51! C\u00edsa\u0159e cyklokrosu t\u011b\u0161\u00ed brilantn\u00ed n\u00e1stupce"},"content":{"rendered":"<p><strong>Pades\u00e1t jedna v\u00edt\u011bzstv\u00ed. \u00da\u017easn\u00e1 bilance, co bere dech. Mathieu van der Poel, cyklistick\u00fd fenom\u00e9n sou\u010dasnosti, si p\u0159ipsal dal\u0161\u00ed rekord. V jednat\u0159iceti letech se m\u016f\u017ee py\u0161nit jedine\u010dn\u00fdm z\u00e1pisem ze z\u00e1vod\u016f sv\u011btov\u00e9ho poh\u00e1ru v cyklokrosu.<\/strong><\/p>\n<p>Mathieu van der Poel je fenom\u00e9n. Vyhr\u00e1l t\u0159ikr\u00e1t Roubaix, t\u0159ikr\u00e1t Kolem Flander, dvakr\u00e1t Mil\u00e1n-San Remo, dv\u011b etapy na Tour, kde vezl \u017elut\u00fd trikot l\u00eddra. Byl mistrem sv\u011bta. Duhov\u00fd trikot m\u00e1 i z gravelu a sedmkr\u00e1t byl \u0161ampion cyklokrosu. Te\u010f zapsal rekord v po\u010dtu v\u00edt\u011bzstv\u00ed ze sv\u011btov\u00fdch poh\u00e1r\u016f.<\/p>\n<h2><strong>Nys: Je pocta, \u017ee m\u011b p\u0159ekonal Mathieu van der Poel<\/strong><\/h2>\n<p>Dosud byl v \u010dele historick\u00fdch statistik Sven Nys. Dr\u017eel rekord deset let. A pot\u0159eboval na n\u011bj osmn\u00e1ct sezon. Belgi\u010dan, co letos oslav\u00ed pades\u00e1tku, poprv\u00e9 triumfoval 21. listopadu 1998 v T\u00e1bo\u0159e. A posledn\u00ed v\u00edt\u011bzstv\u00ed v z\u00e1vod\u011b sv\u011btov\u00e9ho poh\u00e1ru bral 22. listopadu 2015 v Koksijde. Tehdy mu bylo dev\u011btat\u0159icet let. Druhou p\u0159\u00ed\u010dku obsadil jednadvacetilet\u00fd Wout van Aert, t\u0159et\u00ed byl je\u0161t\u011b o rok mlad\u0161\u00ed Mathieu van der Poel. V tehdej\u0161\u00edm z\u00e1vod\u011b se p\u0159edstavili kup\u0159\u00edkladu i Michael Boro\u0161 \u010di Radomir \u0160im\u016fnek mlad\u0161\u00ed.<\/p>\n<p>&#8222;Kon\u010dil jsem s generac\u00ed nov\u00fdch \u0161ampion\u016f. Jsem si jist\u00fd, \u017ee Mathieu van der Poel v dev\u011btat\u0159iceti na kole z\u00e1vodit nebude,&#8220; sm\u011bje se Sven Nys.<\/p>\n<figure id=\"attachment_32412\" aria-describedby=\"caption-attachment-32412\" style=\"width: 1800px\" class=\"wp-caption alignnone\"><a href=\"https:\/\/d2p6e6u75xmxt8.cloudfront.net\/13\/2026\/01\/profimedia-0267312754.webp\"><img loading=\"lazy\" decoding=\"async\" class=\"size-full wp-image-32412\" src=\"https:\/\/d2p6e6u75xmxt8.cloudfront.net\/13\/2026\/01\/profimedia-0267312754.webp\" alt=\"\" width=\"1800\" height=\"1200\" srcset=\"https:\/\/d2p6e6u75xmxt8.cloudfront.net\/13\/2026\/01\/profimedia-0267312754.webp 1800w, https:\/\/d2p6e6u75xmxt8.cloudfront.net\/13\/2026\/01\/profimedia-0267312754-300x200.webp 300w, https:\/\/d2p6e6u75xmxt8.cloudfront.net\/13\/2026\/01\/profimedia-0267312754-1024x683.webp 1024w, https:\/\/d2p6e6u75xmxt8.cloudfront.net\/13\/2026\/01\/profimedia-0267312754-768x512.webp 768w, https:\/\/d2p6e6u75xmxt8.cloudfront.net\/13\/2026\/01\/profimedia-0267312754-1536x1024.webp 1536w, https:\/\/d2p6e6u75xmxt8.cloudfront.net\/13\/2026\/01\/profimedia-0267312754-400x267.webp 400w, https:\/\/d2p6e6u75xmxt8.cloudfront.net\/13\/2026\/01\/profimedia-0267312754-272x182.webp 272w\" sizes=\"auto, (max-width: 1800px) 100vw, 1800px\" \/><\/a><figcaption id=\"caption-attachment-32412\" class=\"wp-caption-text\"><em>Wout van Aert, Sven Nys a Mathieu van der Poel (zleva) p\u0159i posledn\u00edm triumfu legend\u00e1rn\u00edho belgick\u00e9ho cyklokrosa\u0159e. Nizozemsk\u00fd mlad\u00edk tehdy asi p\u0159\u00edli\u0161 nad\u0161en\u00ed pro matador\u016fv \u00fasp\u011bch nesd\u00edlel&#8230; Foto: profimedia<\/em><\/figcaption><\/figure>\n<p>&#8222;Nec\u00edt\u00edm ho\u0159kost, \u017ee jsem o v\u00fdjime\u010dn\u00fd rekord p\u0159i\u0161el. Pova\u017euji za \u010dest, \u017ee jsem dok\u00e1zal ovl\u00e1dnout pades\u00e1t z\u00e1vod\u016f sv\u011btov\u00e9ho poh\u00e1ru,&#8220; vypo\u010d\u00edt\u00e1v\u00e1 Sven Nys.<\/p>\n<div class=\"shortcode-ys-post-pinup\"><article class=\"loop-simple post-32198 post type-post status-publish format-standard has-post-thumbnail hentry category-silnicni-cyklistika tag-cyklistika tag-jay-vine tag-joao-almeida tag-marc-soler tag-silnicni-cyklistika tag-tadej-pogacar tag-uae global-categories-cycling\" data-postid=\"32198\" role=\"article\" data-post-id=\"32198\" data-word-count=\"463\" data-headline-length=\"59\" data-category=\"Silni\u010dn\u00ed cyklistika\" data-global-category=\"Cycling\" data-author=\"We Love Cycling\" data-published=\"2026-01-20T09:00:52+02:00\" data-published-day=\"Tuesday\">\n    <div class=\"entry-thumbnail article-thumbnail\" content=\"https:\/\/d2p6e6u75xmxt8.cloudfront.net\/13\/2026\/01\/20240721TDF1169-150x150.webp\"><a href=\"https:\/\/www.welovecycling.com\/cs\/2026\/01\/20\/jako-pytel-blech-ukociruje-uae-ambice-hvezdne-armady\/\" class=\"image-holder\" target=\"_self\"><img decoding=\"async\" loading=\"lazy\" class=\"\" src=\"https:\/\/d2p6e6u75xmxt8.cloudfront.net\/13\/2026\/01\/20240721TDF1169-1024x683.webp\" srcset=\"https:\/\/d2p6e6u75xmxt8.cloudfront.net\/13\/2026\/01\/20240721TDF1169-scaled.webp 2560w, https:\/\/d2p6e6u75xmxt8.cloudfront.net\/13\/2026\/01\/20240721TDF1169-300x200.webp 300w, https:\/\/d2p6e6u75xmxt8.cloudfront.net\/13\/2026\/01\/20240721TDF1169-1024x683.webp 1024w, https:\/\/d2p6e6u75xmxt8.cloudfront.net\/13\/2026\/01\/20240721TDF1169-768x512.webp 768w, https:\/\/d2p6e6u75xmxt8.cloudfront.net\/13\/2026\/01\/20240721TDF1169-1536x1024.webp 1536w, https:\/\/d2p6e6u75xmxt8.cloudfront.net\/13\/2026\/01\/20240721TDF1169-2048x1365.webp 2048w, https:\/\/d2p6e6u75xmxt8.cloudfront.net\/13\/2026\/01\/20240721TDF1169-1920x1280.webp 1920w, https:\/\/d2p6e6u75xmxt8.cloudfront.net\/13\/2026\/01\/20240721TDF1169-400x267.webp 400w, https:\/\/d2p6e6u75xmxt8.cloudfront.net\/13\/2026\/01\/20240721TDF1169-272x182.webp 272w, https:\/\/d2p6e6u75xmxt8.cloudfront.net\/13\/2026\/01\/20240721TDF1169-1920x1280.webp 1920w\" width=\"1024\" height=\"683\" sizes=\"auto, (min-width: 1200px) 300px, (min-width: 768px) 25vw, 100vw\" alt=\"jako-pytel-blech-ukociruje-uae-ambice-hvezdne-armady\"\/><\/a><\/div>    <div class=\"entry-meta\">\n        <a class=\"label label-secondary post-category\" href=\"https:\/\/www.welovecycling.com\/cs\/category\/silnicni-cyklistika\/\" title=\"Silni\u010dn\u00ed cyklistika\">Silni\u010dn\u00ed cyklistika<\/a>\n    <\/div>\n    <div class=\"entry-details\">\n        <a href=\"https:\/\/www.welovecycling.com\/cs\/2026\/01\/20\/jako-pytel-blech-ukociruje-uae-ambice-hvezdne-armady\/\" class='entry-title-wrapper'>\n            <h3 class=\"entry-title\"><span>Jako pytel blech. Uko\u010d\u00edruje UAE ambice hv\u011bzdn\u00e9 arm\u00e1dy?<\/span><\/h3>\n        <\/a>\n    <\/div>\n    <\/article>\n<\/div>\n<p>&#8222;Deset let jsem byl na vrcholu statistik. A p\u0159ekonal m\u011b kluk, kter\u00fd je nejlep\u0161\u00edm cyklokrosa\u0159em historie. Ud\u011blal jsem b\u011bhem kari\u00e9ry, co bylo v m\u00fdch sil\u00e1ch. Se v\u0161\u00edm talentem, co jsem m\u011bl. I v\u0161emi nedostatky, jimi\u017e jsem trp\u011bl,&#8220; pokr\u010dil rameny Sven Nys.<\/p>\n<p>&#8222;Je vlastn\u011b poctou, \u017ee m\u011b p\u0159ekonal Van der Poel. On je brilatnn\u00ed. V\u00fdjime\u010dn\u00fd. Vyhr\u00e1v\u00e1 nap\u0159\u00ed\u010d discipl\u00ednami. To se mn\u011b b\u011bhem kari\u00e9ry nikdy nepoda\u0159ilo,&#8220; p\u0159ipou\u0161t\u00ed Sven Nys.<\/p>\n<h2><strong>MVDP zm\u011bnil tr\u00e9nink a je nep\u0159emo\u017eiteln\u00fd<\/strong><\/h2>\n<p>Nar\u00e1\u017e\u00ed na fakt, \u017ee Mathieu van der Poel je ozna\u010dovan\u00fd jako multidisciplin\u00e1rn\u00ed cyklistick\u00fd talent. Bav\u00ed se gravelem, vl\u00e1dne cyklokrosu, sn\u00ed o duhov\u00e9m trikotu z horsk\u00fdch kol. Je fenomen\u00e1ln\u00ed na silnici.<\/p>\n<p>I p\u0159es opakovan\u00e9 v\u00fdhrady veden\u00ed jeho domovsk\u00e9 st\u00e1je Alpecin PremierTech k zapojen\u00ed nizozemsk\u00e9ho cyklisty do cyklokrosov\u00e9ho koloto\u010de se do ter\u00e9nu pravideln\u011b vrac\u00ed. A je nep\u0159emo\u017eiteln\u00fd. Z osmi leto\u0161n\u00edch start\u016f osmkr\u00e1t slavil v\u00edt\u011bzstv\u00ed.<\/p>\n<p>Cesta k jubilejn\u00edmu triumfu v Maasmechelenu v\u0161ak byla slo\u017eit\u011bj\u0161\u00ed, ne\u017e si p\u0159edstavoval. Ve \u010dtvrt\u00e9m kole kv\u016fli defektu ztratil dvacet sekund. Pak se jen t\u011bsn\u011b vyhnul p\u00e1du po souboji s Thibau Nysem, synem Svena Nyse. V posledn\u00edm kole m\u011bl pak Van der Poel dal\u0161\u00ed defekt. Ale i na pr\u00e1zdn\u00e9 pneumatice dok\u00e1zal uh\u00e1jit prvn\u00ed p\u0159\u00ed\u010dku.<\/p>\n<figure id=\"attachment_31977\" aria-describedby=\"caption-attachment-31977\" style=\"width: 1800px\" class=\"wp-caption alignnone\"><a href=\"https:\/\/d2p6e6u75xmxt8.cloudfront.net\/13\/2026\/01\/profimedia-1063285462.webp\"><img loading=\"lazy\" decoding=\"async\" class=\"size-full wp-image-31977\" src=\"https:\/\/d2p6e6u75xmxt8.cloudfront.net\/13\/2026\/01\/profimedia-1063285462.webp\" alt=\"Cyklista\" width=\"1800\" height=\"1200\" srcset=\"https:\/\/d2p6e6u75xmxt8.cloudfront.net\/13\/2026\/01\/profimedia-1063285462.webp 1800w, https:\/\/d2p6e6u75xmxt8.cloudfront.net\/13\/2026\/01\/profimedia-1063285462-300x200.webp 300w, https:\/\/d2p6e6u75xmxt8.cloudfront.net\/13\/2026\/01\/profimedia-1063285462-1024x683.webp 1024w, https:\/\/d2p6e6u75xmxt8.cloudfront.net\/13\/2026\/01\/profimedia-1063285462-768x512.webp 768w, https:\/\/d2p6e6u75xmxt8.cloudfront.net\/13\/2026\/01\/profimedia-1063285462-1536x1024.webp 1536w, https:\/\/d2p6e6u75xmxt8.cloudfront.net\/13\/2026\/01\/profimedia-1063285462-400x267.webp 400w, https:\/\/d2p6e6u75xmxt8.cloudfront.net\/13\/2026\/01\/profimedia-1063285462-272x182.webp 272w\" sizes=\"auto, (max-width: 1800px) 100vw, 1800px\" \/><\/a><figcaption id=\"caption-attachment-31977\" class=\"wp-caption-text\"><em>Mathieu van der Poel p\u0159i v\u00edt\u011bzstv\u00ed v Zonhovenu v z\u00e1vod\u011b Sv\u011btov\u00e9ho poh\u00e1ru.\u00a0<\/em><\/figcaption><\/figure>\n<p>Na rekord pot\u0159eboval t\u00e9m\u011b\u0159 p\u0159esn\u011b jeden\u00e1ct let. Poprv\u00e9 vyhr\u00e1l 25. ledna 2015 v Hoogerheide. Tamt\u00e9\u017e 25. ledna 2026 oslavil v\u00edt\u011bzstv\u00ed s po\u0159adov\u00fdm \u010d\u00edslem 51!<\/p>\n<p>&#8222;Jsem na <a href=\"https:\/\/www.welovecycling.com\/cs\/2026\/01\/15\/rekordy-roku-2026-kdo-se-muze-zapsat-do-dejin\/\">rekord<\/a> v\u00e1\u017en\u011b hrd\u00fd,&#8220; usm\u00e1l se nizozemsk\u00fd cyklokrosa\u0159, kter\u00fd m\u00e1 na kont\u011b sedm titul\u016f mistra sv\u011bta. A zd\u00e1 se, \u017ee rekordn\u00ed osm\u00fd bude v Hulstu prvn\u00ed \u00fanorov\u00fd den roku 2026 jen formalitou.<\/p>\n<div class=\"shortcode-ys-post-pinup\"><article class=\"loop-simple post-32318 post type-post status-publish format-standard has-post-thumbnail hentry category-silnicni-cyklistika category-zeny tag-cyklistika tag-daniela-hezinova tag-grouwels-watersley-rd-road-team tag-hokej tag-picnic-postnl tag-silnicni-cyklistika tag-zeny global-categories-cycling\" data-postid=\"32318\" role=\"article\" data-post-id=\"32318\" data-word-count=\"785\" data-headline-length=\"68\" data-category=\"Silni\u010dn\u00ed cyklistika\" data-global-category=\"Cycling\" data-author=\"We Love Cycling\" data-published=\"2026-01-22T07:00:55+02:00\" data-published-day=\"Thursday\">\n    <div class=\"entry-thumbnail article-thumbnail\" content=\"https:\/\/d2p6e6u75xmxt8.cloudfront.net\/13\/2026\/01\/MCRMSR-Banovce-nad-Bebravou-Zeny-Elite-_-\u00a9Filip-Bezdek-2025-34-150x150.webp\"><a href=\"https:\/\/www.welovecycling.com\/cs\/2026\/01\/22\/daniela-hezinova\/\" class=\"image-holder\" target=\"_self\"><img decoding=\"async\" loading=\"lazy\" class=\"\" src=\"https:\/\/d2p6e6u75xmxt8.cloudfront.net\/13\/2026\/01\/MCRMSR-Banovce-nad-Bebravou-Zeny-Elite-_-\u00a9Filip-Bezdek-2025-34-1024x683.webp\" srcset=\"https:\/\/d2p6e6u75xmxt8.cloudfront.net\/13\/2026\/01\/MCRMSR-Banovce-nad-Bebravou-Zeny-Elite-_-\u00a9Filip-Bezdek-2025-34-scaled.webp 2560w, https:\/\/d2p6e6u75xmxt8.cloudfront.net\/13\/2026\/01\/MCRMSR-Banovce-nad-Bebravou-Zeny-Elite-_-\u00a9Filip-Bezdek-2025-34-300x200.webp 300w, https:\/\/d2p6e6u75xmxt8.cloudfront.net\/13\/2026\/01\/MCRMSR-Banovce-nad-Bebravou-Zeny-Elite-_-\u00a9Filip-Bezdek-2025-34-1024x683.webp 1024w, https:\/\/d2p6e6u75xmxt8.cloudfront.net\/13\/2026\/01\/MCRMSR-Banovce-nad-Bebravou-Zeny-Elite-_-\u00a9Filip-Bezdek-2025-34-768x512.webp 768w, https:\/\/d2p6e6u75xmxt8.cloudfront.net\/13\/2026\/01\/MCRMSR-Banovce-nad-Bebravou-Zeny-Elite-_-\u00a9Filip-Bezdek-2025-34-1536x1024.webp 1536w, https:\/\/d2p6e6u75xmxt8.cloudfront.net\/13\/2026\/01\/MCRMSR-Banovce-nad-Bebravou-Zeny-Elite-_-\u00a9Filip-Bezdek-2025-34-2048x1365.webp 2048w, https:\/\/d2p6e6u75xmxt8.cloudfront.net\/13\/2026\/01\/MCRMSR-Banovce-nad-Bebravou-Zeny-Elite-_-\u00a9Filip-Bezdek-2025-34-1920x1280.webp 1920w, https:\/\/d2p6e6u75xmxt8.cloudfront.net\/13\/2026\/01\/MCRMSR-Banovce-nad-Bebravou-Zeny-Elite-_-\u00a9Filip-Bezdek-2025-34-400x267.webp 400w, https:\/\/d2p6e6u75xmxt8.cloudfront.net\/13\/2026\/01\/MCRMSR-Banovce-nad-Bebravou-Zeny-Elite-_-\u00a9Filip-Bezdek-2025-34-272x182.webp 272w, https:\/\/d2p6e6u75xmxt8.cloudfront.net\/13\/2026\/01\/MCRMSR-Banovce-nad-Bebravou-Zeny-Elite-_-\u00a9Filip-Bezdek-2025-34-1920x1280.webp 1920w\" width=\"1024\" height=\"683\" sizes=\"auto, (min-width: 1200px) 300px, (min-width: 768px) 25vw, 100vw\" alt=\"daniela-hezinova\"\/><\/a><\/div>    <div class=\"entry-meta\">\n        <a class=\"label label-secondary post-category\" href=\"https:\/\/www.welovecycling.com\/cs\/category\/silnicni-cyklistika\/\" title=\"Silni\u010dn\u00ed cyklistika\">Silni\u010dn\u00ed cyklistika<\/a>\n    <\/div>\n    <div class=\"entry-details\">\n        <a href=\"https:\/\/www.welovecycling.com\/cs\/2026\/01\/22\/daniela-hezinova\/\" class='entry-title-wrapper'>\n            <h3 class=\"entry-title\"><span>Daniela Hezinov\u00e1: Plat jsem p\u0159i p\u0159estupu do World Tour ne\u0159e\u0161ila<\/span><\/h3>\n        <\/a>\n    <\/div>\n    <\/article>\n<\/div>\n<p>\u201eUd\u011blali jsme v\u011bci v p\u0159\u00edprav\u011b trochu jinak ne\u017e loni a zd\u00e1 se, \u017ee v\u0161e funguje, i kdy\u017e se to mus\u00ed st\u00e1t p\u0159\u00ed\u0161t\u00ed t\u00fdden. Jsem se svou formou velmi spokojen\u00fd a jsem mnohem lep\u0161\u00ed ne\u017e v prvn\u00ed \u010d\u00e1sti m\u00e9 cyklokrosov\u00e9 sez\u00f3ny. Tr\u00e9noval jsem intervalov\u011b, pracoval na VO2 Max. Bylo to trochu intenzivn\u011bj\u0161\u00ed ne\u017e jen dlouh\u00fd vytrvalostn\u00ed tr\u00e9nink.\u201c<\/p>\n","protected":false},"excerpt":{"rendered":"<p>Pades\u00e1t jedna v\u00edt\u011bzstv\u00ed. \u00da\u017easn\u00e1 bilance, co bere dech. Mathieu van der Poel, cyklistick\u00fd fenom\u00e9n sou\u010dasnosti, si p\u0159ipsal dal\u0161\u00ed rekord. V [&hellip;]<\/p>\n","protected":false},"author":138,"featured_media":32411,"comment_status":"open","ping_status":"open","sticky":false,"template":"","format":"standard","meta":{"footnotes":""},"categories":[1303],"tags":[723,1439,178,1154,4518,3131,3663,918],"global-categories":[411],"class_list":["post-32415","post","type-post","status-publish","format-standard","has-post-thumbnail","hentry","category-cyklokros","tag-cyklokros","tag-hoogerheide","tag-mathieu-van-der-poel","tag-mistrovstvi-sveta","tag-pocet-vitezstvi","tag-rekord","tag-rekordni-vitezstvi","tag-svetovy-pohar","global-categories-cycling"],"yoast_head":"<!-- This site is optimized with the Yoast SEO Premium plugin v25.3 (Yoast SEO v25.9) - https:\/\/yoast.com\/wordpress\/plugins\/seo\/ -->\n<title>Rekordn\u00edch 51! C\u00edsa\u0159e cyklokrosu t\u011b\u0161\u00ed brilantn\u00ed n\u00e1stupce | \u0160koda We Love Cycling - \u010cesk\u00e1 republika<\/title>\n<meta name=\"description\" content=\"Pades\u00e1t jedna v\u00edt\u011bzstv\u00ed. \u00da\u017easn\u00e1 bilance, co bere dech. Mathieu van der Poel, cyklistick\u00fd fenom\u00e9n sou\u010dasnosti, si p\u0159ipsal dal\u0161\u00ed rekord. V jednat\u0159iceti letech se m\u016f\u017ee py\u0161nit jedine\u010dn\u00fdm z\u00e1pisem ze z\u00e1vod\u016f sv\u011btov\u00e9ho poh\u00e1ru v cyklokrosu.\" \/>\n<meta name=\"robots\" content=\"index, follow, max-snippet:-1, max-image-preview:large, max-video-preview:-1\" \/>\n<link rel=\"canonical\" href=\"https:\/\/www.welovecycling.com\/cs\/2026\/01\/25\/rekordnich-51-cisare-cyklokrosu-tesi-brilantni-nastupce\/\" \/>\n<meta property=\"og:locale\" content=\"cs_CZ\" \/>\n<meta property=\"og:type\" content=\"article\" \/>\n<meta property=\"og:title\" content=\"Rekordn\u00edch 51! C\u00edsa\u0159e cyklokrosu t\u011b\u0161\u00ed brilantn\u00ed n\u00e1stupce\" \/>\n<meta property=\"og:description\" content=\"Pades\u00e1t jedna v\u00edt\u011bzstv\u00ed. \u00da\u017easn\u00e1 bilance, co bere dech. Mathieu van der Poel, cyklistick\u00fd fenom\u00e9n sou\u010dasnosti, si p\u0159ipsal dal\u0161\u00ed rekord. V jednat\u0159iceti letech se m\u016f\u017ee py\u0161nit jedine\u010dn\u00fdm z\u00e1pisem ze z\u00e1vod\u016f sv\u011btov\u00e9ho poh\u00e1ru v cyklokrosu.\" \/>\n<meta property=\"og:url\" content=\"https:\/\/www.welovecycling.com\/cs\/2026\/01\/25\/rekordnich-51-cisare-cyklokrosu-tesi-brilantni-nastupce\/\" \/>\n<meta property=\"og:site_name\" content=\"\u0160koda We Love Cycling - \u010cesk\u00e1 republika\" \/>\n<meta property=\"article:published_time\" content=\"2026-01-25T17:06:19+00:00\" \/>\n<meta property=\"og:image\" content=\"https:\/\/d2p6e6u75xmxt8.cloudfront.net\/13\/2026\/01\/profimedia-1067343247.webp\" \/>\n\t<meta property=\"og:image:width\" content=\"1800\" \/>\n\t<meta property=\"og:image:height\" content=\"1200\" \/>\n\t<meta property=\"og:image:type\" content=\"image\/webp\" \/>\n<meta name=\"author\" content=\"radekmalina\" \/>\n<meta name=\"twitter:card\" content=\"summary_large_image\" \/>\n<meta name=\"twitter:label1\" content=\"Written by\" \/>\n\t<meta name=\"twitter:data1\" content=\"We Love Cycling\" \/>\n\t<meta name=\"twitter:label2\" content=\"Est. reading time\" \/>\n\t<meta name=\"twitter:data2\" content=\"6\" \/>\n<script type=\"application\/ld+json\" class=\"yoast-schema-graph\">{\"@context\":\"https:\/\/schema.org\",\"@graph\":[{\"@type\":\"WebPage\",\"@id\":\"https:\/\/www.welovecycling.com\/cs\/2026\/01\/25\/rekordnich-51-cisare-cyklokrosu-tesi-brilantni-nastupce\/\",\"url\":\"https:\/\/www.welovecycling.com\/cs\/2026\/01\/25\/rekordnich-51-cisare-cyklokrosu-tesi-brilantni-nastupce\/\",\"name\":\"Rekordn\u00edch 51! C\u00edsa\u0159e cyklokrosu t\u011b\u0161\u00ed brilantn\u00ed n\u00e1stupce | \u0160koda We Love Cycling - \u010cesk\u00e1 republika\",\"isPartOf\":{\"@id\":\"https:\/\/www.welovecycling.com\/cs\/#website\"},\"primaryImageOfPage\":{\"@id\":\"https:\/\/www.welovecycling.com\/cs\/2026\/01\/25\/rekordnich-51-cisare-cyklokrosu-tesi-brilantni-nastupce\/#primaryimage\"},\"image\":{\"@id\":\"https:\/\/www.welovecycling.com\/cs\/2026\/01\/25\/rekordnich-51-cisare-cyklokrosu-tesi-brilantni-nastupce\/#primaryimage\"},\"thumbnailUrl\":\"https:\/\/d2p6e6u75xmxt8.cloudfront.net\/13\/2026\/01\/profimedia-1067343247.webp\",\"datePublished\":\"2026-01-25T17:06:19+00:00\",\"author\":{\"@id\":\"https:\/\/www.welovecycling.com\/cs\/#\/schema\/person\/d9eeb0a378f3a7e4a6d12d2b536b04b8\"},\"description\":\"Pades\u00e1t jedna v\u00edt\u011bzstv\u00ed. \u00da\u017easn\u00e1 bilance, co bere dech. Mathieu van der Poel, cyklistick\u00fd fenom\u00e9n sou\u010dasnosti, si p\u0159ipsal dal\u0161\u00ed rekord. V jednat\u0159iceti letech se m\u016f\u017ee py\u0161nit jedine\u010dn\u00fdm z\u00e1pisem ze z\u00e1vod\u016f sv\u011btov\u00e9ho poh\u00e1ru v cyklokrosu.\",\"inLanguage\":\"cs\",\"potentialAction\":[{\"@type\":\"ReadAction\",\"target\":[\"https:\/\/www.welovecycling.com\/cs\/2026\/01\/25\/rekordnich-51-cisare-cyklokrosu-tesi-brilantni-nastupce\/\"]}]},{\"@type\":\"ImageObject\",\"inLanguage\":\"cs\",\"@id\":\"https:\/\/www.welovecycling.com\/cs\/2026\/01\/25\/rekordnich-51-cisare-cyklokrosu-tesi-brilantni-nastupce\/#primaryimage\",\"url\":\"https:\/\/d2p6e6u75xmxt8.cloudfront.net\/13\/2026\/01\/profimedia-1067343247.webp\",\"contentUrl\":\"https:\/\/d2p6e6u75xmxt8.cloudfront.net\/13\/2026\/01\/profimedia-1067343247.webp\",\"width\":1800,\"height\":1200,\"caption\":\"Mathieu van der Poel\"},{\"@type\":\"WebSite\",\"@id\":\"https:\/\/www.welovecycling.com\/cs\/#website\",\"url\":\"https:\/\/www.welovecycling.com\/cs\/\",\"name\":\"\u0160koda We Love Cycling - \u010cesk\u00e1 republika\",\"description\":\"WeLoveCycling.cz je online magaz\u00edn, kter\u00fd v\u00e1m pravideln\u011b p\u0159in\u00e1\u0161\u00ed rady a tipy, zaj\u00edmav\u00e9 \u010dl\u00e1nky, videa a jedine\u010dn\u00e9 report\u00e1\u017ee ze sv\u011bta cyklistiky.\",\"potentialAction\":[{\"@type\":\"SearchAction\",\"target\":{\"@type\":\"EntryPoint\",\"urlTemplate\":\"https:\/\/www.welovecycling.com\/cs\/?s={search_term_string}\"},\"query-input\":{\"@type\":\"PropertyValueSpecification\",\"valueRequired\":true,\"valueName\":\"search_term_string\"}}],\"inLanguage\":\"cs\"},{\"@type\":\"Person\",\"@id\":\"https:\/\/www.welovecycling.com\/cs\/#\/schema\/person\/d9eeb0a378f3a7e4a6d12d2b536b04b8\",\"name\":\"radekmalina\",\"image\":{\"@type\":\"ImageObject\",\"inLanguage\":\"cs\",\"@id\":\"https:\/\/www.welovecycling.com\/cs\/#\/schema\/person\/image\/\",\"url\":\"https:\/\/secure.gravatar.com\/avatar\/66994b632cb8c39a46b9f54afa3ae07201b678d32a54275b6f1c9ffec356bfc0?s=96&d=mm&r=g\",\"contentUrl\":\"https:\/\/secure.gravatar.com\/avatar\/66994b632cb8c39a46b9f54afa3ae07201b678d32a54275b6f1c9ffec356bfc0?s=96&d=mm&r=g\",\"caption\":\"radekmalina\"},\"url\":\"https:\/\/www.welovecycling.com\/cs\/author\/radekmalina\/\"}]}<\/script>\n<!-- \/ Yoast SEO Premium plugin. -->","yoast_head_json":{"title":"Rekordn\u00edch 51! C\u00edsa\u0159e cyklokrosu t\u011b\u0161\u00ed brilantn\u00ed n\u00e1stupce | \u0160koda We Love Cycling - \u010cesk\u00e1 republika","description":"Pades\u00e1t jedna v\u00edt\u011bzstv\u00ed. \u00da\u017easn\u00e1 bilance, co bere dech. Mathieu van der Poel, cyklistick\u00fd fenom\u00e9n sou\u010dasnosti, si p\u0159ipsal dal\u0161\u00ed rekord. V jednat\u0159iceti letech se m\u016f\u017ee py\u0161nit jedine\u010dn\u00fdm z\u00e1pisem ze z\u00e1vod\u016f sv\u011btov\u00e9ho poh\u00e1ru v cyklokrosu.","robots":{"index":"index","follow":"follow","max-snippet":"max-snippet:-1","max-image-preview":"max-image-preview:large","max-video-preview":"max-video-preview:-1"},"canonical":"https:\/\/www.welovecycling.com\/cs\/2026\/01\/25\/rekordnich-51-cisare-cyklokrosu-tesi-brilantni-nastupce\/","og_locale":"cs_CZ","og_type":"article","og_title":"Rekordn\u00edch 51! C\u00edsa\u0159e cyklokrosu t\u011b\u0161\u00ed brilantn\u00ed n\u00e1stupce","og_description":"Pades\u00e1t jedna v\u00edt\u011bzstv\u00ed. \u00da\u017easn\u00e1 bilance, co bere dech. Mathieu van der Poel, cyklistick\u00fd fenom\u00e9n sou\u010dasnosti, si p\u0159ipsal dal\u0161\u00ed rekord. V jednat\u0159iceti letech se m\u016f\u017ee py\u0161nit jedine\u010dn\u00fdm z\u00e1pisem ze z\u00e1vod\u016f sv\u011btov\u00e9ho poh\u00e1ru v cyklokrosu.","og_url":"https:\/\/www.welovecycling.com\/cs\/2026\/01\/25\/rekordnich-51-cisare-cyklokrosu-tesi-brilantni-nastupce\/","og_site_name":"\u0160koda We Love Cycling - \u010cesk\u00e1 republika","article_published_time":"2026-01-25T17:06:19+00:00","og_image":[{"width":1800,"height":1200,"url":"https:\/\/d2p6e6u75xmxt8.cloudfront.net\/13\/2026\/01\/profimedia-1067343247.webp","type":"image\/webp"}],"author":"radekmalina","twitter_card":"summary_large_image","twitter_misc":{"Written by":"We Love Cycling","Est. reading time":"6"},"schema":{"@context":"https:\/\/schema.org","@graph":[{"@type":"WebPage","@id":"https:\/\/www.welovecycling.com\/cs\/2026\/01\/25\/rekordnich-51-cisare-cyklokrosu-tesi-brilantni-nastupce\/","url":"https:\/\/www.welovecycling.com\/cs\/2026\/01\/25\/rekordnich-51-cisare-cyklokrosu-tesi-brilantni-nastupce\/","name":"Rekordn\u00edch 51! C\u00edsa\u0159e cyklokrosu t\u011b\u0161\u00ed brilantn\u00ed n\u00e1stupce | \u0160koda We Love Cycling - \u010cesk\u00e1 republika","isPartOf":{"@id":"https:\/\/www.welovecycling.com\/cs\/#website"},"primaryImageOfPage":{"@id":"https:\/\/www.welovecycling.com\/cs\/2026\/01\/25\/rekordnich-51-cisare-cyklokrosu-tesi-brilantni-nastupce\/#primaryimage"},"image":{"@id":"https:\/\/www.welovecycling.com\/cs\/2026\/01\/25\/rekordnich-51-cisare-cyklokrosu-tesi-brilantni-nastupce\/#primaryimage"},"thumbnailUrl":"https:\/\/d2p6e6u75xmxt8.cloudfront.net\/13\/2026\/01\/profimedia-1067343247.webp","datePublished":"2026-01-25T17:06:19+00:00","author":{"@id":"https:\/\/www.welovecycling.com\/cs\/#\/schema\/person\/d9eeb0a378f3a7e4a6d12d2b536b04b8"},"description":"Pades\u00e1t jedna v\u00edt\u011bzstv\u00ed. \u00da\u017easn\u00e1 bilance, co bere dech. Mathieu van der Poel, cyklistick\u00fd fenom\u00e9n sou\u010dasnosti, si p\u0159ipsal dal\u0161\u00ed rekord. V jednat\u0159iceti letech se m\u016f\u017ee py\u0161nit jedine\u010dn\u00fdm z\u00e1pisem ze z\u00e1vod\u016f sv\u011btov\u00e9ho poh\u00e1ru v cyklokrosu.","inLanguage":"cs","potentialAction":[{"@type":"ReadAction","target":["https:\/\/www.welovecycling.com\/cs\/2026\/01\/25\/rekordnich-51-cisare-cyklokrosu-tesi-brilantni-nastupce\/"]}]},{"@type":"ImageObject","inLanguage":"cs","@id":"https:\/\/www.welovecycling.com\/cs\/2026\/01\/25\/rekordnich-51-cisare-cyklokrosu-tesi-brilantni-nastupce\/#primaryimage","url":"https:\/\/d2p6e6u75xmxt8.cloudfront.net\/13\/2026\/01\/profimedia-1067343247.webp","contentUrl":"https:\/\/d2p6e6u75xmxt8.cloudfront.net\/13\/2026\/01\/profimedia-1067343247.webp","width":1800,"height":1200,"caption":"Mathieu van der Poel"},{"@type":"WebSite","@id":"https:\/\/www.welovecycling.com\/cs\/#website","url":"https:\/\/www.welovecycling.com\/cs\/","name":"\u0160koda We Love Cycling - \u010cesk\u00e1 republika","description":"WeLoveCycling.cz je online magaz\u00edn, kter\u00fd v\u00e1m pravideln\u011b p\u0159in\u00e1\u0161\u00ed rady a tipy, zaj\u00edmav\u00e9 \u010dl\u00e1nky, videa a jedine\u010dn\u00e9 report\u00e1\u017ee ze sv\u011bta cyklistiky.","potentialAction":[{"@type":"SearchAction","target":{"@type":"EntryPoint","urlTemplate":"https:\/\/www.welovecycling.com\/cs\/?s={search_term_string}"},"query-input":{"@type":"PropertyValueSpecification","valueRequired":true,"valueName":"search_term_string"}}],"inLanguage":"cs"},{"@type":"Person","@id":"https:\/\/www.welovecycling.com\/cs\/#\/schema\/person\/d9eeb0a378f3a7e4a6d12d2b536b04b8","name":"radekmalina","image":{"@type":"ImageObject","inLanguage":"cs","@id":"https:\/\/www.welovecycling.com\/cs\/#\/schema\/person\/image\/","url":"https:\/\/secure.gravatar.com\/avatar\/66994b632cb8c39a46b9f54afa3ae07201b678d32a54275b6f1c9ffec356bfc0?s=96&d=mm&r=g","contentUrl":"https:\/\/secure.gravatar.com\/avatar\/66994b632cb8c39a46b9f54afa3ae07201b678d32a54275b6f1c9ffec356bfc0?s=96&d=mm&r=g","caption":"radekmalina"},"url":"https:\/\/www.welovecycling.com\/cs\/author\/radekmalina\/"}]}},"_links":{"self":[{"href":"https:\/\/www.welovecycling.com\/cs\/wp-json\/wp\/v2\/posts\/32415","targetHints":{"allow":["GET"]}}],"collection":[{"href":"https:\/\/www.welovecycling.com\/cs\/wp-json\/wp\/v2\/posts"}],"about":[{"href":"https:\/\/www.welovecycling.com\/cs\/wp-json\/wp\/v2\/types\/post"}],"author":[{"embeddable":true,"href":"https:\/\/www.welovecycling.com\/cs\/wp-json\/wp\/v2\/users\/138"}],"replies":[{"embeddable":true,"href":"https:\/\/www.welovecycling.com\/cs\/wp-json\/wp\/v2\/comments?post=32415"}],"version-history":[{"count":1,"href":"https:\/\/www.welovecycling.com\/cs\/wp-json\/wp\/v2\/posts\/32415\/revisions"}],"predecessor-version":[{"id":32416,"href":"https:\/\/www.welovecycling.com\/cs\/wp-json\/wp\/v2\/posts\/32415\/revisions\/32416"}],"wp:featuredmedia":[{"embeddable":true,"href":"https:\/\/www.welovecycling.com\/cs\/wp-json\/wp\/v2\/media\/32411"}],"wp:attachment":[{"href":"https:\/\/www.welovecycling.com\/cs\/wp-json\/wp\/v2\/media?parent=32415"}],"wp:term":[{"taxonomy":"category","embeddable":true,"href":"https:\/\/www.welovecycling.com\/cs\/wp-json\/wp\/v2\/categories?post=32415"},{"taxonomy":"post_tag","embeddable":true,"href":"https:\/\/www.welovecycling.com\/cs\/wp-json\/wp\/v2\/tags?post=32415"},{"taxonomy":"global-categories","embeddable":true,"href":"https:\/\/www.welovecycling.com\/cs\/wp-json\/wp\/v2\/global-categories?post=32415"}],"curies":[{"name":"wp","href":"https:\/\/api.w.org\/{rel}","templated":true}]}}