{"id":32413,"date":"2026-01-25T18:52:11","date_gmt":"2026-01-25T16:52:11","guid":{"rendered":"https:\/\/www.welovecycling.com\/cs\/?p=32413"},"modified":"2026-01-25T18:52:11","modified_gmt":"2026-01-25T16:52:11","slug":"fantasticke-cesky-zemanova-i-bukovska-maji-z-generalky-na-ms-stribro","status":"publish","type":"post","link":"https:\/\/www.welovecycling.com\/cs\/2026\/01\/25\/fantasticke-cesky-zemanova-i-bukovska-maji-z-generalky-na-ms-stribro\/","title":{"rendered":"Fantastick\u00e9 \u010ce\u0161ky! Zemanov\u00e1 i Bukovsk\u00e1 maj\u00ed z gener\u00e1lky na MS st\u0159\u00edbro"},"content":{"rendered":"<p><strong>Skv\u011ble se prezentovaly dv\u011b nejv\u011bt\u0161\u00ed \u010desk\u00e9 nad\u011bje v gener\u00e1lce na cyklokrosov\u00e9 mistrovstv\u00ed sv\u011bta v Hulstu. V posledn\u00edm z\u00e1vod\u011b Sv\u011btov\u00e9ho poh\u00e1ru v nizozemsk\u00e9m Hoogerheide skon\u010dila Krist\u00fdna Zemanov\u00e1 v \u017eensk\u00e9 elitn\u00ed kategorii druh\u00e1 a poprv\u00e9 v kari\u00e9\u0159e se dostala v z\u00e1vod\u011b SP na p\u00f3dium!<\/strong><\/p>\n<p>Mezi juniorkami byla rovn\u011b\u017e druh\u00e1 Barbora Bukovsk\u00e1, kter\u00e1 jela na v\u00edt\u011bzstv\u00ed, ale dva p\u00e1dy t\u011bsn\u011b p\u0159ed c\u00edlem ji odsunuly na druh\u00e9 m\u00edsto. Krom\u011b skv\u011bl\u00e9 druh\u00e9 p\u0159\u00ed\u010dky dok\u00e1zala je\u0161t\u011b skon\u010dit celkov\u011b t\u0159et\u00ed ve Sv\u011btov\u00e9m poh\u00e1ru, p\u0159esto\u017ee odjela jen \u010dty\u0159i z \u0161esti z\u00e1vod\u016f.<\/p>\n<h2><strong>Zemanov\u00e1 nesta\u010dila jen na Pietersovou<\/strong><\/h2>\n<p>Zemanov\u00e1 nesta\u010dila v z\u00e1vod\u011b \u017een, kde nestartovaly nejv\u011bt\u0161\u00ed favoritky Brandov\u00e1 a Alvaradovou, jen na Pietersovou z Nizozemska, za n\u00ed\u017e zaostala o 6 vte\u0159in.<\/p>\n<p>\u201eJe to neskute\u010dn\u00e9, je\u0161t\u011b jsem to ani po\u0159\u00e1dn\u011b nepobrala. Sna\u017eila jsem se vyu\u017e\u00edt, \u017ee nejely dv\u011b nejlep\u0161\u00ed z\u00e1vodnice a na\u0161t\u011bst\u00ed se to povedlo. Jde o kr\u00e1sn\u00fd pocit a obrovsk\u00e9 uspokojen\u00ed po v\u0161em, \u010d\u00edm jsem si pro\u0161la. Takov\u00fd v\u00fdsledek p\u0159i\u0161el v prav\u00fd \u010das. Pro mistrovstv\u00ed sv\u011bta je to velk\u00e1 vzpruha, ale mus\u00edm z\u016fstat nohama na zemi. V Hoogerheide nebyla kompletn\u00ed \u0161pi\u010dka,\u201c \u0159ekla Zemanov\u00e1, kter\u00e1 se je\u0161t\u011b vrac\u00ed na p\u00e1r dn\u00ed dom\u016f a do d\u011bji\u0161t\u011b MS cestuje ve \u010dtvrtek.<\/p>\n<figure id=\"attachment_32395\" aria-describedby=\"caption-attachment-32395\" style=\"width: 1920px\" class=\"wp-caption alignnone\"><a href=\"https:\/\/d2p6e6u75xmxt8.cloudfront.net\/13\/2026\/01\/foto-Zemanova-scaled.webp\"><img loading=\"lazy\" decoding=\"async\" class=\"size-extra-large wp-image-32395\" src=\"https:\/\/d2p6e6u75xmxt8.cloudfront.net\/13\/2026\/01\/foto-Zemanova-1920x1280.webp\" alt=\"\" width=\"1920\" height=\"1280\" srcset=\"https:\/\/d2p6e6u75xmxt8.cloudfront.net\/13\/2026\/01\/foto-Zemanova-1920x1280.webp 1920w, https:\/\/d2p6e6u75xmxt8.cloudfront.net\/13\/2026\/01\/foto-Zemanova-300x200.webp 300w, https:\/\/d2p6e6u75xmxt8.cloudfront.net\/13\/2026\/01\/foto-Zemanova-1024x683.webp 1024w, https:\/\/d2p6e6u75xmxt8.cloudfront.net\/13\/2026\/01\/foto-Zemanova-768x512.webp 768w, https:\/\/d2p6e6u75xmxt8.cloudfront.net\/13\/2026\/01\/foto-Zemanova-1536x1024.webp 1536w, https:\/\/d2p6e6u75xmxt8.cloudfront.net\/13\/2026\/01\/foto-Zemanova-2048x1365.webp 2048w, https:\/\/d2p6e6u75xmxt8.cloudfront.net\/13\/2026\/01\/foto-Zemanova-400x267.webp 400w, https:\/\/d2p6e6u75xmxt8.cloudfront.net\/13\/2026\/01\/foto-Zemanova-272x182.webp 272w, https:\/\/d2p6e6u75xmxt8.cloudfront.net\/13\/2026\/01\/foto-Zemanova-1920x1280.webp 1920w\" sizes=\"auto, (max-width: 1920px) 100vw, 1920px\" \/><\/a><figcaption id=\"caption-attachment-32395\" class=\"wp-caption-text\"><em>Krist\u00fdna Zemanov\u00e1 se zaskv\u011bla v gener\u00e1lce na MS druh\u00fdm m\u00edstem.<\/em><\/figcaption><\/figure>\n<p>\u201eJela super z\u00e1vod. I po t\u011b\u017ek\u00e9m sobotn\u00edm p\u0159edstaven\u00ed v Maasmechelenu se dok\u00e1zala zm\u00e1\u010dknout a jakmile se j\u00ed otev\u0159ela \u0161ance bojovat u p\u00f3dium, dodalo j\u00ed to motivaci. Podala skv\u011bl\u00fd v\u00fdkon,\u201c chv\u00e1lil tren\u00e9r reprezentace Michal Bedn\u00e1\u0159.<\/p>\n<p>\u201eZ\u00e1vod byl hodn\u011b hektick\u00fd a t\u011b\u017ek\u00fd. Bylo to dost h\u00e1kov\u00e9, do minuty bylo v po\u0159ad\u00ed skoro dvacet holek. J\u00e1 se do p\u016flky z\u00e1vodu po Maasmechelenu trochu hledala, ale pak jsme se rozjela a dosko\u010dila jsem do prvn\u00ed skupinky. To m\u011b namotivovalo,\u201c l\u00ed\u010dila z\u00e1vodnice VIF Cycling Teamu.<\/p>\n<p>\u201eKdy\u017e jsem vid\u011bla, jak nastupuje Pietersov\u00e1, \u0159\u00edkala jsem si, \u017ee se j\u00ed mus\u00edm udr\u017eet v h\u00e1ku, \u017ee by z toho mohla b\u00fdt \u0161ance na dobr\u00e9 um\u00edst\u011bn\u00ed. To se povedlo, jsem moc \u0161\u0165astn\u00e1. Ona pak je\u0161t\u011b trochu zrychlila a na to u\u017e jsem nem\u011bla. P\u0159ece jen je tro\u0161ku jinde ne\u017e j\u00e1,\u201c dodala Zemanov\u00e1.<\/p>\n<h2><strong>Bukovsk\u00e1 litovala chyb v z\u00e1v\u011bru<\/strong><\/h2>\n<p>Bukovsk\u00e1 rozjela z\u00e1vod juniorek tak, jak si p\u0159edstavovala. \u201eStart byl lep\u0161\u00ed ne\u017e obvykle. Na za\u010d\u00e1tku jsem se trochu \u0161et\u0159ila, a na \u010delo jsem se dot\u00e1hla a\u017e ve druh\u00e9m kole. Pak jsem si cht\u011bla holky otestovat a trochu to roztrhat. Ud\u011blala jsem p\u00e1r n\u00e1stup\u016f a set\u0159\u00e1sla jsem mistryni sv\u011bta Revolovou. Z\u016fstala se mnou Italka Pellizottiov\u00e1, kter\u00e1 m\u00e1 fakt dobrou formu,\u201c popisovala Bukovsk\u00e1.<\/p>\n<figure id=\"attachment_31513\" aria-describedby=\"caption-attachment-31513\" style=\"width: 1920px\" class=\"wp-caption alignnone\"><a href=\"https:\/\/d2p6e6u75xmxt8.cloudfront.net\/13\/2025\/11\/Bukovska-scaled.webp\"><img loading=\"lazy\" decoding=\"async\" class=\"size-extra-large wp-image-31513\" src=\"https:\/\/d2p6e6u75xmxt8.cloudfront.net\/13\/2025\/11\/Bukovska-1920x1280.webp\" alt=\"\" width=\"1920\" height=\"1280\" srcset=\"https:\/\/d2p6e6u75xmxt8.cloudfront.net\/13\/2025\/11\/Bukovska-1920x1280.webp 1920w, https:\/\/d2p6e6u75xmxt8.cloudfront.net\/13\/2025\/11\/Bukovska-300x200.webp 300w, https:\/\/d2p6e6u75xmxt8.cloudfront.net\/13\/2025\/11\/Bukovska-1024x683.webp 1024w, https:\/\/d2p6e6u75xmxt8.cloudfront.net\/13\/2025\/11\/Bukovska-768x512.webp 768w, https:\/\/d2p6e6u75xmxt8.cloudfront.net\/13\/2025\/11\/Bukovska-1536x1024.webp 1536w, https:\/\/d2p6e6u75xmxt8.cloudfront.net\/13\/2025\/11\/Bukovska-2048x1365.webp 2048w, https:\/\/d2p6e6u75xmxt8.cloudfront.net\/13\/2025\/11\/Bukovska-400x267.webp 400w, https:\/\/d2p6e6u75xmxt8.cloudfront.net\/13\/2025\/11\/Bukovska-272x182.webp 272w, https:\/\/d2p6e6u75xmxt8.cloudfront.net\/13\/2025\/11\/Bukovska-1920x1280.webp 1920w\" sizes=\"auto, (max-width: 1920px) 100vw, 1920px\" \/><\/a><figcaption id=\"caption-attachment-31513\" class=\"wp-caption-text\"><em>Barbora Bukovsk\u00e1 je velkou \u010deskou nad\u011bj\u00ed pro MS v Hulstu.<\/em><\/figcaption><\/figure>\n<p>V posledn\u00edm kole se \u00fa\u0159aduj\u00edc\u00ed mistryni Evropy poda\u0159ilo Italce trochu odjet. \u201eM\u011bla jsem n\u00e1skok, ale n\u011bjak\u00fdch 500 metr\u016f p\u0159ed c\u00edlem p\u0159i\u0161ly dva p\u00e1dy. Nejd\u0159\u00edv mi to podjelo v zat\u00e1\u010dce a pak jsem \u0161kobrtla na p\u0159ek\u00e1\u017ek\u00e1ch. Do c\u00edle u\u017e bylo bl\u00edzko a ona m\u011b p\u0159edjela. Je to sm\u016fla, ale snad jsem si to vybrala. Jinak jsem se c\u00edtila moc dob\u0159e a kdybych neud\u011blala chyby, vyhr\u00e1la bych,\u201c \u0159\u00edkala Bukovsk\u00e1.<\/p>\n<p>Pot\u011b\u0161ilo j\u00ed i kone\u010dn\u00e9 t\u0159et\u00ed m\u00edsto v seri\u00e1lu. \u201eOproti soupe\u0159k\u00e1m jsem dva sv\u011b\u0165\u00e1ky vynechala, a je\u0161t\u011b mi nevy\u0161el z\u00e1vod v Koksijde. T\u0159et\u00ed m\u00edsto je skv\u011bl\u00e9, v\u016fbec jsem to ne\u010dekala,\u201c dodala st\u0159\u00edbrn\u00e1 juniorka z Hoogerheide. Do des\u00edtky se ve\u0161la je\u0161t\u011b \u0161est\u00e1 Eva Drhov\u00e1.<\/p>\n<h2><strong>V\u00fdsledky z Hoogerheide<\/strong><\/h2>\n<p><strong>Mu\u017ei<\/strong>: 1. Van der Poel 58:41, 2. Del Grosso (oba Niz.), 3. Vandeputte, 4. Nys v\u0161. +1:20, 5. Aerts (v\u0161. Belg.) +1:21, \u2026 17. Boro\u0161 +2:08, 30. Fiala (oba \u010cR) +4:48. <strong>Kone\u010dn\u00e9 po\u0159ad\u00ed SP<\/strong> (po 12 z\u00e1vodech): 1. Van der Poel 320 b., 2. Nys 264, 3. Vandeputte 247, 4. Del Grosso 221, 5. Aerts 192, \u2026 20. Boro\u0161 85, 62. Je\u017eek 2.<br \/>\n<strong>\u017deny<\/strong>: 1. Pieterseov\u00e1 (Niz.) 51:54, 2. Zemanov\u00e1 (\u010cR) +6, 3. Fouquenetov\u00e1 (Fr.) +10, 4. Backstedtov\u00e1 (Brit.) +11, 5. Van Anrooijov\u00e1 (Niz.) +18, \u2026 43. Gottwaldov\u00e1 (\u010cR) +4:19. <strong>Kone\u010dn\u00e9 po\u0159ad\u00ed SP<\/strong> (po 12 z\u00e1vodech): 1. Brandov\u00e1 366 b., 2. Van Alphenov\u00e1 (ob\u011b Niz.) 269, 3. Fouquenetov\u00e1 255, 4. Alvaradov\u00e1 (Niz.) 234, 5. Pieterseov\u00e1 225, \u2026 8. Zemanov\u00e1 185, 52. Hlad\u00edkov\u00e1 (ob\u011b \u010cR) 8.<br \/>\n<strong>Mu\u017ei do 23 let:<\/strong> 1. Sparfel (Fr.) 47:38, 2. Haverdings (Niz.) +4, 3. Viezzi (It.) +14, \u2026 15. Ba\u017eant +1:14, 20. Kerl +1:48, 34. Hojka (v\u0161. \u010cR) +4:02.<br \/>\n<strong>Kone\u010dn\u00e9 po\u0159ad\u00ed SP<\/strong> (po 6 z\u00e1vodech): 1. Haverdings 160 b., 2. Sparfel 140, 3. Corsus (Belg.) 106, \u2026 15. Ba\u017eant 51, 25. Je\u017eek 30, 29. Kerl 16, 42. Hojka (v\u0161. \u010cR) 4.<br \/>\n<strong>Junio\u0159i<\/strong>: 1. Bruyere Joumard 41:40, 2. Pezzo Rosola (It.) +1, 3. Noval Suarez (\u0160p.) +2, \u2026 13. A. John +1:21, 25. Svoboda +2:21, 39. Pazourek +3:25, 40. E. John (v\u0161. \u010cR) +3:36. <strong>Kone\u010dn\u00e9 po\u0159ad\u00ed SP<\/strong> (po 6 z\u00e1vodech): 1. Pezzo Rosola 135 b., 2. Bruyere Joumard 126, 3. Grigolini (It.) 120, \u2026 15. A. John 50, 26. Svoboda 21, 45. Pazourek (v\u0161. \u010cR) 2.<br \/>\n<strong>Juniorky<\/strong>: 1. Pellizottiov\u00e1 (It.) 38:54, 2. Bukovsk\u00e1 (\u010cR) +8, 3. Huberov\u00e1 (\u0160v\u00fdc.) +18, \u2026 6. Drhov\u00e1 +1:10, 26. Grohov\u00e1 +2:56, 37. Rothbauerov\u00e1 (v\u0161. \u010cR) +4:27. <strong>Kone\u010dn\u00e9 po\u0159ad\u00ed SP<\/strong> (po 6 z\u00e1vodech): 1. Revolov\u00e1 (Fr.) 150 b., 2. Pellizottiov\u00e1 135, 3. Bukovsk\u00e1 105, 13. Grohov\u00e1 64, 17. Drhov\u00e1 53, 22. \u0160\u00edslov\u00e1 29, 30. Rothbauerov\u00e1 11, 49. Cermanov\u00e1 (v\u0161. \u010cR) 1.<\/p>\n","protected":false},"excerpt":{"rendered":"<p>Skv\u011ble se prezentovaly dv\u011b nejv\u011bt\u0161\u00ed \u010desk\u00e9 nad\u011bje v gener\u00e1lce na cyklokrosov\u00e9 mistrovstv\u00ed sv\u011bta v Hulstu. V posledn\u00edm z\u00e1vod\u011b Sv\u011btov\u00e9ho poh\u00e1ru [&hellip;]<\/p>\n","protected":false},"author":138,"featured_media":31737,"comment_status":"open","ping_status":"open","sticky":false,"template":"","format":"standard","meta":{"footnotes":""},"categories":[1303],"tags":[4025,723,1439,2026],"global-categories":[411],"class_list":["post-32413","post","type-post","status-publish","format-standard","has-post-thumbnail","hentry","category-cyklokros","tag-barbora-bukovska","tag-cyklokros","tag-hoogerheide","tag-kristyna-zemanova","global-categories-cycling"],"yoast_head":"<!-- This site is optimized with the Yoast SEO Premium plugin v25.3 (Yoast SEO v25.9) - https:\/\/yoast.com\/wordpress\/plugins\/seo\/ -->\n<title>Fantastick\u00e9 \u010ce\u0161ky! Zemanov\u00e1 i Bukovsk\u00e1 maj\u00ed z gener\u00e1lky na MS st\u0159\u00edbro | \u0160koda We Love Cycling - \u010cesk\u00e1 republika<\/title>\n<meta name=\"description\" content=\"Skv\u011ble se prezentovaly dv\u011b nejv\u011bt\u0161\u00ed \u010desk\u00e9 nad\u011bje v gener\u00e1lce na cyklokrosov\u00e9 mistrovstv\u00ed sv\u011bta v Hulstu. V posledn\u00edm z\u00e1vod\u011b Sv\u011btov\u00e9ho poh\u00e1ru v nizozemsk\u00e9m Hoogerheide skon\u010dila Krist\u00fdna Zemanov\u00e1 v \u017eensk\u00e9 elitn\u00ed kategorii druh\u00e1 a poprv\u00e9 v kari\u00e9\u0159e se dostala v z\u00e1vod\u011b SP na p\u00f3dium!\" \/>\n<meta name=\"robots\" content=\"index, follow, max-snippet:-1, max-image-preview:large, max-video-preview:-1\" \/>\n<link rel=\"canonical\" href=\"https:\/\/www.welovecycling.com\/cs\/2026\/01\/25\/fantasticke-cesky-zemanova-i-bukovska-maji-z-generalky-na-ms-stribro\/\" \/>\n<meta property=\"og:locale\" content=\"cs_CZ\" \/>\n<meta property=\"og:type\" content=\"article\" \/>\n<meta property=\"og:title\" content=\"Fantastick\u00e9 \u010ce\u0161ky! Zemanov\u00e1 i Bukovsk\u00e1 maj\u00ed z gener\u00e1lky na MS st\u0159\u00edbro\" \/>\n<meta property=\"og:description\" content=\"Skv\u011ble se prezentovaly dv\u011b nejv\u011bt\u0161\u00ed \u010desk\u00e9 nad\u011bje v gener\u00e1lce na cyklokrosov\u00e9 mistrovstv\u00ed sv\u011bta v Hulstu. V posledn\u00edm z\u00e1vod\u011b Sv\u011btov\u00e9ho poh\u00e1ru v nizozemsk\u00e9m Hoogerheide skon\u010dila Krist\u00fdna Zemanov\u00e1 v \u017eensk\u00e9 elitn\u00ed kategorii druh\u00e1 a poprv\u00e9 v kari\u00e9\u0159e se dostala v z\u00e1vod\u011b SP na p\u00f3dium!\" \/>\n<meta property=\"og:url\" content=\"https:\/\/www.welovecycling.com\/cs\/2026\/01\/25\/fantasticke-cesky-zemanova-i-bukovska-maji-z-generalky-na-ms-stribro\/\" \/>\n<meta property=\"og:site_name\" content=\"\u0160koda We Love Cycling - \u010cesk\u00e1 republika\" \/>\n<meta property=\"article:published_time\" content=\"2026-01-25T16:52:11+00:00\" \/>\n<meta property=\"og:image\" content=\"https:\/\/d2p6e6u75xmxt8.cloudfront.net\/13\/2025\/11\/SP-Tabor-2025-FLASHEDIT-\u00a9Filip-Bezdek-2025-4.webp\" \/>\n\t<meta property=\"og:image:width\" content=\"1280\" \/>\n\t<meta property=\"og:image:height\" content=\"853\" \/>\n\t<meta property=\"og:image:type\" content=\"image\/webp\" \/>\n<meta name=\"author\" content=\"radekmalina\" \/>\n<meta name=\"twitter:card\" content=\"summary_large_image\" \/>\n<meta name=\"twitter:label1\" content=\"Written by\" \/>\n\t<meta name=\"twitter:data1\" content=\"We Love Cycling\" \/>\n\t<meta name=\"twitter:label2\" content=\"Est. reading time\" \/>\n\t<meta name=\"twitter:data2\" content=\"6\" \/>\n<script type=\"application\/ld+json\" class=\"yoast-schema-graph\">{\"@context\":\"https:\/\/schema.org\",\"@graph\":[{\"@type\":\"WebPage\",\"@id\":\"https:\/\/www.welovecycling.com\/cs\/2026\/01\/25\/fantasticke-cesky-zemanova-i-bukovska-maji-z-generalky-na-ms-stribro\/\",\"url\":\"https:\/\/www.welovecycling.com\/cs\/2026\/01\/25\/fantasticke-cesky-zemanova-i-bukovska-maji-z-generalky-na-ms-stribro\/\",\"name\":\"Fantastick\u00e9 \u010ce\u0161ky! Zemanov\u00e1 i Bukovsk\u00e1 maj\u00ed z gener\u00e1lky na MS st\u0159\u00edbro | \u0160koda We Love Cycling - \u010cesk\u00e1 republika\",\"isPartOf\":{\"@id\":\"https:\/\/www.welovecycling.com\/cs\/#website\"},\"primaryImageOfPage\":{\"@id\":\"https:\/\/www.welovecycling.com\/cs\/2026\/01\/25\/fantasticke-cesky-zemanova-i-bukovska-maji-z-generalky-na-ms-stribro\/#primaryimage\"},\"image\":{\"@id\":\"https:\/\/www.welovecycling.com\/cs\/2026\/01\/25\/fantasticke-cesky-zemanova-i-bukovska-maji-z-generalky-na-ms-stribro\/#primaryimage\"},\"thumbnailUrl\":\"https:\/\/d2p6e6u75xmxt8.cloudfront.net\/13\/2025\/11\/SP-Tabor-2025-FLASHEDIT-\u00a9Filip-Bezdek-2025-4.webp\",\"datePublished\":\"2026-01-25T16:52:11+00:00\",\"author\":{\"@id\":\"https:\/\/www.welovecycling.com\/cs\/#\/schema\/person\/d9eeb0a378f3a7e4a6d12d2b536b04b8\"},\"description\":\"Skv\u011ble se prezentovaly dv\u011b nejv\u011bt\u0161\u00ed \u010desk\u00e9 nad\u011bje v gener\u00e1lce na cyklokrosov\u00e9 mistrovstv\u00ed sv\u011bta v Hulstu. V posledn\u00edm z\u00e1vod\u011b Sv\u011btov\u00e9ho poh\u00e1ru v nizozemsk\u00e9m Hoogerheide skon\u010dila Krist\u00fdna Zemanov\u00e1 v \u017eensk\u00e9 elitn\u00ed kategorii druh\u00e1 a poprv\u00e9 v kari\u00e9\u0159e se dostala v z\u00e1vod\u011b SP na p\u00f3dium!\",\"inLanguage\":\"cs\",\"potentialAction\":[{\"@type\":\"ReadAction\",\"target\":[\"https:\/\/www.welovecycling.com\/cs\/2026\/01\/25\/fantasticke-cesky-zemanova-i-bukovska-maji-z-generalky-na-ms-stribro\/\"]}]},{\"@type\":\"ImageObject\",\"inLanguage\":\"cs\",\"@id\":\"https:\/\/www.welovecycling.com\/cs\/2026\/01\/25\/fantasticke-cesky-zemanova-i-bukovska-maji-z-generalky-na-ms-stribro\/#primaryimage\",\"url\":\"https:\/\/d2p6e6u75xmxt8.cloudfront.net\/13\/2025\/11\/SP-Tabor-2025-FLASHEDIT-\u00a9Filip-Bezdek-2025-4.webp\",\"contentUrl\":\"https:\/\/d2p6e6u75xmxt8.cloudfront.net\/13\/2025\/11\/SP-Tabor-2025-FLASHEDIT-\u00a9Filip-Bezdek-2025-4.webp\",\"width\":1280,\"height\":853,\"caption\":\"Krist\u00fdna Zemanov\u00e1\"},{\"@type\":\"WebSite\",\"@id\":\"https:\/\/www.welovecycling.com\/cs\/#website\",\"url\":\"https:\/\/www.welovecycling.com\/cs\/\",\"name\":\"\u0160koda We Love Cycling - \u010cesk\u00e1 republika\",\"description\":\"WeLoveCycling.cz je online magaz\u00edn, kter\u00fd v\u00e1m pravideln\u011b p\u0159in\u00e1\u0161\u00ed rady a tipy, zaj\u00edmav\u00e9 \u010dl\u00e1nky, videa a jedine\u010dn\u00e9 report\u00e1\u017ee ze sv\u011bta cyklistiky.\",\"potentialAction\":[{\"@type\":\"SearchAction\",\"target\":{\"@type\":\"EntryPoint\",\"urlTemplate\":\"https:\/\/www.welovecycling.com\/cs\/?s={search_term_string}\"},\"query-input\":{\"@type\":\"PropertyValueSpecification\",\"valueRequired\":true,\"valueName\":\"search_term_string\"}}],\"inLanguage\":\"cs\"},{\"@type\":\"Person\",\"@id\":\"https:\/\/www.welovecycling.com\/cs\/#\/schema\/person\/d9eeb0a378f3a7e4a6d12d2b536b04b8\",\"name\":\"radekmalina\",\"image\":{\"@type\":\"ImageObject\",\"inLanguage\":\"cs\",\"@id\":\"https:\/\/www.welovecycling.com\/cs\/#\/schema\/person\/image\/\",\"url\":\"https:\/\/secure.gravatar.com\/avatar\/66994b632cb8c39a46b9f54afa3ae07201b678d32a54275b6f1c9ffec356bfc0?s=96&d=mm&r=g\",\"contentUrl\":\"https:\/\/secure.gravatar.com\/avatar\/66994b632cb8c39a46b9f54afa3ae07201b678d32a54275b6f1c9ffec356bfc0?s=96&d=mm&r=g\",\"caption\":\"radekmalina\"},\"url\":\"https:\/\/www.welovecycling.com\/cs\/author\/radekmalina\/\"}]}<\/script>\n<!-- \/ Yoast SEO Premium plugin. -->","yoast_head_json":{"title":"Fantastick\u00e9 \u010ce\u0161ky! Zemanov\u00e1 i Bukovsk\u00e1 maj\u00ed z gener\u00e1lky na MS st\u0159\u00edbro | \u0160koda We Love Cycling - \u010cesk\u00e1 republika","description":"Skv\u011ble se prezentovaly dv\u011b nejv\u011bt\u0161\u00ed \u010desk\u00e9 nad\u011bje v gener\u00e1lce na cyklokrosov\u00e9 mistrovstv\u00ed sv\u011bta v Hulstu. V posledn\u00edm z\u00e1vod\u011b Sv\u011btov\u00e9ho poh\u00e1ru v nizozemsk\u00e9m Hoogerheide skon\u010dila Krist\u00fdna Zemanov\u00e1 v \u017eensk\u00e9 elitn\u00ed kategorii druh\u00e1 a poprv\u00e9 v kari\u00e9\u0159e se dostala v z\u00e1vod\u011b SP na p\u00f3dium!","robots":{"index":"index","follow":"follow","max-snippet":"max-snippet:-1","max-image-preview":"max-image-preview:large","max-video-preview":"max-video-preview:-1"},"canonical":"https:\/\/www.welovecycling.com\/cs\/2026\/01\/25\/fantasticke-cesky-zemanova-i-bukovska-maji-z-generalky-na-ms-stribro\/","og_locale":"cs_CZ","og_type":"article","og_title":"Fantastick\u00e9 \u010ce\u0161ky! Zemanov\u00e1 i Bukovsk\u00e1 maj\u00ed z gener\u00e1lky na MS st\u0159\u00edbro","og_description":"Skv\u011ble se prezentovaly dv\u011b nejv\u011bt\u0161\u00ed \u010desk\u00e9 nad\u011bje v gener\u00e1lce na cyklokrosov\u00e9 mistrovstv\u00ed sv\u011bta v Hulstu. V posledn\u00edm z\u00e1vod\u011b Sv\u011btov\u00e9ho poh\u00e1ru v nizozemsk\u00e9m Hoogerheide skon\u010dila Krist\u00fdna Zemanov\u00e1 v \u017eensk\u00e9 elitn\u00ed kategorii druh\u00e1 a poprv\u00e9 v kari\u00e9\u0159e se dostala v z\u00e1vod\u011b SP na p\u00f3dium!","og_url":"https:\/\/www.welovecycling.com\/cs\/2026\/01\/25\/fantasticke-cesky-zemanova-i-bukovska-maji-z-generalky-na-ms-stribro\/","og_site_name":"\u0160koda We Love Cycling - \u010cesk\u00e1 republika","article_published_time":"2026-01-25T16:52:11+00:00","og_image":[{"width":1280,"height":853,"url":"https:\/\/d2p6e6u75xmxt8.cloudfront.net\/13\/2025\/11\/SP-Tabor-2025-FLASHEDIT-\u00a9Filip-Bezdek-2025-4.webp","type":"image\/webp"}],"author":"radekmalina","twitter_card":"summary_large_image","twitter_misc":{"Written by":"We Love Cycling","Est. reading time":"6"},"schema":{"@context":"https:\/\/schema.org","@graph":[{"@type":"WebPage","@id":"https:\/\/www.welovecycling.com\/cs\/2026\/01\/25\/fantasticke-cesky-zemanova-i-bukovska-maji-z-generalky-na-ms-stribro\/","url":"https:\/\/www.welovecycling.com\/cs\/2026\/01\/25\/fantasticke-cesky-zemanova-i-bukovska-maji-z-generalky-na-ms-stribro\/","name":"Fantastick\u00e9 \u010ce\u0161ky! Zemanov\u00e1 i Bukovsk\u00e1 maj\u00ed z gener\u00e1lky na MS st\u0159\u00edbro | \u0160koda We Love Cycling - \u010cesk\u00e1 republika","isPartOf":{"@id":"https:\/\/www.welovecycling.com\/cs\/#website"},"primaryImageOfPage":{"@id":"https:\/\/www.welovecycling.com\/cs\/2026\/01\/25\/fantasticke-cesky-zemanova-i-bukovska-maji-z-generalky-na-ms-stribro\/#primaryimage"},"image":{"@id":"https:\/\/www.welovecycling.com\/cs\/2026\/01\/25\/fantasticke-cesky-zemanova-i-bukovska-maji-z-generalky-na-ms-stribro\/#primaryimage"},"thumbnailUrl":"https:\/\/d2p6e6u75xmxt8.cloudfront.net\/13\/2025\/11\/SP-Tabor-2025-FLASHEDIT-\u00a9Filip-Bezdek-2025-4.webp","datePublished":"2026-01-25T16:52:11+00:00","author":{"@id":"https:\/\/www.welovecycling.com\/cs\/#\/schema\/person\/d9eeb0a378f3a7e4a6d12d2b536b04b8"},"description":"Skv\u011ble se prezentovaly dv\u011b nejv\u011bt\u0161\u00ed \u010desk\u00e9 nad\u011bje v gener\u00e1lce na cyklokrosov\u00e9 mistrovstv\u00ed sv\u011bta v Hulstu. V posledn\u00edm z\u00e1vod\u011b Sv\u011btov\u00e9ho poh\u00e1ru v nizozemsk\u00e9m Hoogerheide skon\u010dila Krist\u00fdna Zemanov\u00e1 v \u017eensk\u00e9 elitn\u00ed kategorii druh\u00e1 a poprv\u00e9 v kari\u00e9\u0159e se dostala v z\u00e1vod\u011b SP na p\u00f3dium!","inLanguage":"cs","potentialAction":[{"@type":"ReadAction","target":["https:\/\/www.welovecycling.com\/cs\/2026\/01\/25\/fantasticke-cesky-zemanova-i-bukovska-maji-z-generalky-na-ms-stribro\/"]}]},{"@type":"ImageObject","inLanguage":"cs","@id":"https:\/\/www.welovecycling.com\/cs\/2026\/01\/25\/fantasticke-cesky-zemanova-i-bukovska-maji-z-generalky-na-ms-stribro\/#primaryimage","url":"https:\/\/d2p6e6u75xmxt8.cloudfront.net\/13\/2025\/11\/SP-Tabor-2025-FLASHEDIT-\u00a9Filip-Bezdek-2025-4.webp","contentUrl":"https:\/\/d2p6e6u75xmxt8.cloudfront.net\/13\/2025\/11\/SP-Tabor-2025-FLASHEDIT-\u00a9Filip-Bezdek-2025-4.webp","width":1280,"height":853,"caption":"Krist\u00fdna Zemanov\u00e1"},{"@type":"WebSite","@id":"https:\/\/www.welovecycling.com\/cs\/#website","url":"https:\/\/www.welovecycling.com\/cs\/","name":"\u0160koda We Love Cycling - \u010cesk\u00e1 republika","description":"WeLoveCycling.cz je online magaz\u00edn, kter\u00fd v\u00e1m pravideln\u011b p\u0159in\u00e1\u0161\u00ed rady a tipy, zaj\u00edmav\u00e9 \u010dl\u00e1nky, videa a jedine\u010dn\u00e9 report\u00e1\u017ee ze sv\u011bta cyklistiky.","potentialAction":[{"@type":"SearchAction","target":{"@type":"EntryPoint","urlTemplate":"https:\/\/www.welovecycling.com\/cs\/?s={search_term_string}"},"query-input":{"@type":"PropertyValueSpecification","valueRequired":true,"valueName":"search_term_string"}}],"inLanguage":"cs"},{"@type":"Person","@id":"https:\/\/www.welovecycling.com\/cs\/#\/schema\/person\/d9eeb0a378f3a7e4a6d12d2b536b04b8","name":"radekmalina","image":{"@type":"ImageObject","inLanguage":"cs","@id":"https:\/\/www.welovecycling.com\/cs\/#\/schema\/person\/image\/","url":"https:\/\/secure.gravatar.com\/avatar\/66994b632cb8c39a46b9f54afa3ae07201b678d32a54275b6f1c9ffec356bfc0?s=96&d=mm&r=g","contentUrl":"https:\/\/secure.gravatar.com\/avatar\/66994b632cb8c39a46b9f54afa3ae07201b678d32a54275b6f1c9ffec356bfc0?s=96&d=mm&r=g","caption":"radekmalina"},"url":"https:\/\/www.welovecycling.com\/cs\/author\/radekmalina\/"}]}},"_links":{"self":[{"href":"https:\/\/www.welovecycling.com\/cs\/wp-json\/wp\/v2\/posts\/32413","targetHints":{"allow":["GET"]}}],"collection":[{"href":"https:\/\/www.welovecycling.com\/cs\/wp-json\/wp\/v2\/posts"}],"about":[{"href":"https:\/\/www.welovecycling.com\/cs\/wp-json\/wp\/v2\/types\/post"}],"author":[{"embeddable":true,"href":"https:\/\/www.welovecycling.com\/cs\/wp-json\/wp\/v2\/users\/138"}],"replies":[{"embeddable":true,"href":"https:\/\/www.welovecycling.com\/cs\/wp-json\/wp\/v2\/comments?post=32413"}],"version-history":[{"count":1,"href":"https:\/\/www.welovecycling.com\/cs\/wp-json\/wp\/v2\/posts\/32413\/revisions"}],"predecessor-version":[{"id":32414,"href":"https:\/\/www.welovecycling.com\/cs\/wp-json\/wp\/v2\/posts\/32413\/revisions\/32414"}],"wp:featuredmedia":[{"embeddable":true,"href":"https:\/\/www.welovecycling.com\/cs\/wp-json\/wp\/v2\/media\/31737"}],"wp:attachment":[{"href":"https:\/\/www.welovecycling.com\/cs\/wp-json\/wp\/v2\/media?parent=32413"}],"wp:term":[{"taxonomy":"category","embeddable":true,"href":"https:\/\/www.welovecycling.com\/cs\/wp-json\/wp\/v2\/categories?post=32413"},{"taxonomy":"post_tag","embeddable":true,"href":"https:\/\/www.welovecycling.com\/cs\/wp-json\/wp\/v2\/tags?post=32413"},{"taxonomy":"global-categories","embeddable":true,"href":"https:\/\/www.welovecycling.com\/cs\/wp-json\/wp\/v2\/global-categories?post=32413"}],"curies":[{"name":"wp","href":"https:\/\/api.w.org\/{rel}","templated":true}]}}