{"id":32388,"date":"2026-01-28T07:00:03","date_gmt":"2026-01-28T05:00:03","guid":{"rendered":"https:\/\/www.welovecycling.com\/cs\/?p=32388"},"modified":"2026-01-21T21:42:37","modified_gmt":"2026-01-21T19:42:37","slug":"co-jste-meli-vedet-nez-vas-cyklistika-pohltila","status":"publish","type":"post","link":"https:\/\/www.welovecycling.com\/cs\/2026\/01\/28\/co-jste-meli-vedet-nez-vas-cyklistika-pohltila\/","title":{"rendered":"Co jste m\u011bli v\u011bd\u011bt, ne\u017e v\u00e1s cyklistika pohltila"},"content":{"rendered":"<p><strong>Je to n\u00e1dhern\u00fd sport. Cyklistika d\u00e1v\u00e1 svobodu, endorfiny, op\u00e1len\u00e9 pruhy a neodolateln\u00e9 nutk\u00e1n\u00ed mluvit o p\u0159evodech i u rodinn\u00e9ho ob\u011bda. Jen\u017ee n\u011bkter\u00e9 z\u00e1konitosti odhal\u00edte a\u017e pot\u00e9, co m\u00e1te za sebou tis\u00edce kilometr\u016f, p\u00e1r trapn\u00fdch moment\u016f a minim\u00e1ln\u011b jednu existenci\u00e1ln\u00ed krizi v kopci. Kdybyste se mohli vr\u00e1tit v \u010dase, u\u0161et\u0159ili byste si spoustu bolesti, pen\u011bz i n\u00e1v\u0161t\u011bv odborn\u00edk\u016f. Tak\u017ee pokud s cyklistikou teprve za\u010d\u00edn\u00e1te, \u010dt\u011bte pozorn\u011b.<\/strong><\/p>\n<p>Za\u010dn\u011bme t\u00edm, \u017ee cukr nen\u00ed v\u017edycky kamar\u00e1d. Mo\u017en\u00e1 u\u017e jste taky objevili energetick\u00e9 gely a sladk\u00e9 ion\u0165\u00e1ky, proto\u017ee Poga\u010dar p\u0159ece taky tankuje cukr. A nav\u00edc dnes v neskute\u010dn\u00fdch objemech, proto\u017ee zn\u00e1te to: ameri\u010dt\u00ed v\u011bdci zjistili, \u017ee&#8230; M\u00e1te tedy pocit, \u017ee jste v tub\u011b gelu na\u0161li svat\u00fd gr\u00e1l v\u00fdkonu, \u017ee te\u010f jste jako ti prof\u00edci.<\/p>\n<p>O p\u00e1r m\u011bs\u00edc\u016f pozd\u011bji budete sed\u011bt u zuba\u0159e a oplak\u00e1vat zub, kter\u00fd do t\u00e9 doby cel\u00fd \u017eivot bez probl\u00e9m\u016f slou\u017eil. N\u00e1hoda? Sp\u00ed\u0161 da\u0148 za to, \u017ee se z v\u00e1s stala poj\u00edzdn\u00e1 cukr\u00e1rna. Sladk\u00e9 palivo k cyklistice pat\u0159\u00ed, to bezesporu, ale hlavn\u011b do z\u00e1vod\u016f a tvrd\u00fdch tr\u00e9nink\u016f. Na b\u011b\u017en\u00e9 je\u017ed\u011bn\u00ed sta\u010d\u00ed voda, elektrolyty a norm\u00e1ln\u00ed j\u00eddlo. Va\u0161e zuby v\u00e1m pod\u011bkuj\u00ed.<\/p>\n<h2><strong>Pokud za\u010d\u00edn\u00e1te, nekupujte levn\u011bj\u0161\u00ed&#8230;<\/strong><\/h2>\n<p>Dal\u0161\u00ed v\u011bc, kterou dost mo\u017en\u00e1 taky dlouho ignorujete, a nejen pokud za\u010d\u00edn\u00e1te, je stre\u010dink. \u010ctete o n\u011bm v\u0161ude, d\u00edky soci\u00e1ln\u00edm s\u00edt\u00edm vid\u00edte kdejak\u00e9ho prof\u00edka, jak se protahuje. Proto\u017ee na to samoz\u0159ejm\u011b m\u00e1 cel\u00fd den a nesed\u00ed v pr\u00e1ci. Vy sami ale ke stre\u010dinku p\u0159istupujete, jako by se v\u00e1s net\u00fdkal. V\u00fdsledkem je kondice slu\u0161n\u00e9ho atleta v t\u011ble ztuhl\u00e9m jako k\u00e1men. Kdy\u017e v\u00e1m l\u00e9ka\u0159 \u0159ekne, \u017ee m\u00e1te flexibilitu ocelov\u00e9 traverzy, nen\u00ed to kompliment. Sta\u010dilo by p\u0159itom p\u00e1r minut denn\u011b: trochu prot\u00e1hnout hamstringy, otev\u0159\u00edt ky\u010dle, rozh\u00fdbat z\u00e1da. A spoust\u011b bolest\u00ed se tak d\u00e1 p\u0159edej\u00edt. Nen\u00ed to sexy, ale funguje to.<\/p>\n<figure id=\"attachment_31620\" aria-describedby=\"caption-attachment-31620\" style=\"width: 1440px\" class=\"wp-caption alignnone\"><a href=\"https:\/\/d2p6e6u75xmxt8.cloudfront.net\/13\/2025\/11\/garmin-550-C-scaled.webp\"><img loading=\"lazy\" decoding=\"async\" class=\"size-extra-large wp-image-31620\" src=\"https:\/\/d2p6e6u75xmxt8.cloudfront.net\/13\/2025\/11\/garmin-550-C-1440x1920.webp\" alt=\"\" width=\"1440\" height=\"1920\" srcset=\"https:\/\/d2p6e6u75xmxt8.cloudfront.net\/13\/2025\/11\/garmin-550-C-1440x1920.webp 1440w, https:\/\/d2p6e6u75xmxt8.cloudfront.net\/13\/2025\/11\/garmin-550-C-225x300.webp 225w, https:\/\/d2p6e6u75xmxt8.cloudfront.net\/13\/2025\/11\/garmin-550-C-768x1024.webp 768w, https:\/\/d2p6e6u75xmxt8.cloudfront.net\/13\/2025\/11\/garmin-550-C-1152x1536.webp 1152w, https:\/\/d2p6e6u75xmxt8.cloudfront.net\/13\/2025\/11\/garmin-550-C-1536x2048.webp 1536w, https:\/\/d2p6e6u75xmxt8.cloudfront.net\/13\/2025\/11\/garmin-550-C-300x400.webp 300w, https:\/\/d2p6e6u75xmxt8.cloudfront.net\/13\/2025\/11\/garmin-550-C-scaled.webp 1920w, https:\/\/d2p6e6u75xmxt8.cloudfront.net\/13\/2025\/11\/garmin-550-C-1440x1920.webp 1440w\" sizes=\"auto, (max-width: 1440px) 100vw, 1440px\" \/><\/a><figcaption id=\"caption-attachment-31620\" class=\"wp-caption-text\"><em>I v p\u0159\u00edpad\u011b, \u017ee s cyklistikou za\u010d\u00edn\u00e1te, investujte do kvalitn\u00edho cyklopo\u010d\u00edta\u010de. T\u0159eba Garmin Edge 550 je skv\u011blou volbou.<\/em><\/figcaption><\/figure>\n<p>Pak je tu t\u00e9ma kola samotn\u00e9ho. Pokud si mysl\u00edte, \u017ee \u201e<a href=\"https:\/\/www.welovecycling.com\/cs\/2023\/05\/02\/proc-nekoupit-nove-kolo\/\">za\u010dnu s n\u011b\u010d\u00edm levn\u011bj\u0161\u00edm<\/a>, a pak se uvid\u00ed\u201c, m\u00e1me pro v\u00e1s zpr\u00e1vu z budoucnosti: neuvid\u00edte nic jin\u00e9ho ne\u017e karbon. Silni\u010dn\u00ed cyklistika je kluzk\u00fd svah a nad\u0161en\u00ed v\u00e1m vydr\u017e\u00ed d\u00e9le, ne\u017e si mysl\u00edte. Levn\u00e9 kolo rychle p\u0159estane sta\u010dit a vy budete hledat n\u011bco lep\u0161\u00edho. Star\u00fd r\u00e1m skon\u010d\u00ed v p\u0159eds\u00edni a v\u00e1m z\u016fstane pocit, \u017ee jste zaplatili dvakr\u00e1t. Kdybychom dnes mohli radit sv\u00e9mu mlad\u0161\u00edmu j\u00e1, \u0159ekli bychom: kup rovnou lep\u0161\u00ed kolo a neokec\u00e1vej to.<\/p>\n<div class=\"shortcode-ys-post-pinup\"><article class=\"loop-simple post-32225 post type-post status-publish format-standard has-post-thumbnail hentry category-zdravi-a-trenink tag-cyklista-a-posilovna tag-cyklisticke-rady tag-cyklistika tag-horska-cyklistika tag-odpocinek tag-silnicni-cyklistika tag-zima-a-cyklistika tag-zimni-trenink global-categories-cycling\" data-postid=\"32225\" role=\"article\" data-post-id=\"32225\" data-word-count=\"427\" data-headline-length=\"37\" data-category=\"Zdrav\u00ed a tr\u00e9nink\" data-global-category=\"Cycling\" data-author=\"We Love Cycling\" data-published=\"2026-01-14T06:00:54+02:00\" data-published-day=\"Wednesday\">\n    <div class=\"entry-thumbnail article-thumbnail\" content=\"https:\/\/d2p6e6u75xmxt8.cloudfront.net\/13\/2026\/01\/profimedia-0253487471-150x150.webp\"><a href=\"https:\/\/www.welovecycling.com\/cs\/2026\/01\/14\/nejlepsi-cyklisticka-rada-na-zimu\/\" class=\"image-holder\" target=\"_self\"><img decoding=\"async\" loading=\"lazy\" class=\"\" src=\"https:\/\/d2p6e6u75xmxt8.cloudfront.net\/13\/2026\/01\/profimedia-0253487471-1024x683.webp\" srcset=\"https:\/\/d2p6e6u75xmxt8.cloudfront.net\/13\/2026\/01\/profimedia-0253487471.webp 1800w, https:\/\/d2p6e6u75xmxt8.cloudfront.net\/13\/2026\/01\/profimedia-0253487471-300x200.webp 300w, https:\/\/d2p6e6u75xmxt8.cloudfront.net\/13\/2026\/01\/profimedia-0253487471-1024x683.webp 1024w, https:\/\/d2p6e6u75xmxt8.cloudfront.net\/13\/2026\/01\/profimedia-0253487471-768x512.webp 768w, https:\/\/d2p6e6u75xmxt8.cloudfront.net\/13\/2026\/01\/profimedia-0253487471-1536x1024.webp 1536w, https:\/\/d2p6e6u75xmxt8.cloudfront.net\/13\/2026\/01\/profimedia-0253487471-400x267.webp 400w, https:\/\/d2p6e6u75xmxt8.cloudfront.net\/13\/2026\/01\/profimedia-0253487471-272x182.webp 272w\" width=\"1024\" height=\"683\" sizes=\"auto, (min-width: 1200px) 300px, (min-width: 768px) 25vw, 100vw\" alt=\"nejlepsi-cyklisticka-rada-na-zimu\"\/><\/a><\/div>    <div class=\"entry-meta\">\n        <a class=\"label label-secondary post-category\" href=\"https:\/\/www.welovecycling.com\/cs\/category\/zdravi-a-trenink\/\" title=\"Zdrav\u00ed a tr\u00e9nink\">Zdrav\u00ed a tr\u00e9nink<\/a>\n    <\/div>\n    <div class=\"entry-details\">\n        <a href=\"https:\/\/www.welovecycling.com\/cs\/2026\/01\/14\/nejlepsi-cyklisticka-rada-na-zimu\/\" class='entry-title-wrapper'>\n            <h3 class=\"entry-title\"><span>Nejlep\u0161\u00ed cyklistick\u00e1 rada na zimu?<\/span><\/h3>\n        <\/a>\n    <\/div>\n    <\/article>\n<\/div>\n<p>Stejn\u011b tak bychom si asi d\u0159\u00edve po\u0159\u00eddili inteligentn\u00ed cyklopo\u010d\u00edta\u010d. Ne kv\u016fli honb\u011b za watty a Strav\u011b, ale kv\u016fli objevov\u00e1n\u00ed. Jakmile za\u010dnete pl\u00e1novat trasy, najednou nach\u00e1z\u00edte kav\u00e1rny, kopce a zapadl\u00e9 silni\u010dky, o kter\u00fdch jste nem\u011bli tu\u0161en\u00ed. Nav\u00edc sledovat data je p\u0159ekvapiv\u011b motiva\u010dn\u00ed. \u010clov\u011bk zjist\u00ed, \u017ee i oby\u010dejn\u00e1 vyj\u00ed\u017e\u010fka m\u00e1 p\u0159\u00edb\u011bh.<\/p>\n<h2><strong>Bolest nen\u00ed zn\u00e1mka hrdinstv\u00ed<\/strong><\/h2>\n<p>Velk\u00fdm t\u00e9matem, o kter\u00e9m se nemluv\u00ed dob\u0159e, ale m\u011blo by, je sedlo. Zejm\u00e9na, pokud s cyklistikou za\u010d\u00edn\u00e1te. Ano, mluv\u00edme o intimn\u00edch parti\u00edch. Pokud v\u00e1s na kole n\u011bco bol\u00ed nebo brn\u00ed, nen\u00ed to zn\u00e1mka hrdinstv\u00ed, ale \u0161patn\u00e9ho nastaven\u00ed. Spr\u00e1vn\u00e9 sedlo dok\u00e1\u017ee zm\u011bnit cyklistiku z utrpen\u00ed na radost. \u017d\u00e1dn\u00e9 sedlo nen\u00ed pohovka z ob\u00fdv\u00e1ku, ale bolest a necitlivost by rozhodn\u011b nem\u011bly b\u00fdt normou.<\/p>\n<p>Hodn\u011b pen\u011bz se d\u00e1 u\u0161et\u0159it tak\u00e9 t\u00edm, \u017ee absolvujete kurz alespo\u0148 z\u00e1kladn\u00ed \u00fadr\u017eby kola. V\u00fdm\u011bna lanka, se\u0159\u00edzen\u00ed p\u0159ehazova\u010dky nebo brzdy nejsou \u010dern\u00e1 magie. Sta\u010d\u00ed p\u00e1r vide\u00ed a chu\u0165 se u\u010dit. A hlavn\u011b \u2013 u\u0161et\u0159\u00edte si ten trapn\u00fd telefon\u00e1t, kdy n\u011bkde v hor\u00e1ch vysv\u011btlujete, \u017ee \u201eto trochu cvak\u00e1\u201c.<\/p>\n<figure id=\"attachment_15239\" aria-describedby=\"caption-attachment-15239\" style=\"width: 1600px\" class=\"wp-caption alignnone\"><a href=\"https:\/\/d2p6e6u75xmxt8.cloudfront.net\/13\/2021\/11\/wlc-udrzba-kola-prevodnik-lozika-cerveny-kolecko-prehazovacka.webp\"><img loading=\"lazy\" decoding=\"async\" class=\"size-full wp-image-15239\" src=\"https:\/\/d2p6e6u75xmxt8.cloudfront.net\/13\/2021\/11\/wlc-udrzba-kola-prevodnik-lozika-cerveny-kolecko-prehazovacka.webp\" alt=\"\" width=\"1600\" height=\"1067\" srcset=\"https:\/\/d2p6e6u75xmxt8.cloudfront.net\/13\/2021\/11\/wlc-udrzba-kola-prevodnik-lozika-cerveny-kolecko-prehazovacka.webp 1600w, https:\/\/d2p6e6u75xmxt8.cloudfront.net\/13\/2021\/11\/wlc-udrzba-kola-prevodnik-lozika-cerveny-kolecko-prehazovacka-300x200.webp 300w, https:\/\/d2p6e6u75xmxt8.cloudfront.net\/13\/2021\/11\/wlc-udrzba-kola-prevodnik-lozika-cerveny-kolecko-prehazovacka-1024x683.webp 1024w, https:\/\/d2p6e6u75xmxt8.cloudfront.net\/13\/2021\/11\/wlc-udrzba-kola-prevodnik-lozika-cerveny-kolecko-prehazovacka-768x512.webp 768w, https:\/\/d2p6e6u75xmxt8.cloudfront.net\/13\/2021\/11\/wlc-udrzba-kola-prevodnik-lozika-cerveny-kolecko-prehazovacka-1536x1024.webp 1536w, https:\/\/d2p6e6u75xmxt8.cloudfront.net\/13\/2021\/11\/wlc-udrzba-kola-prevodnik-lozika-cerveny-kolecko-prehazovacka-272x182.webp 272w\" sizes=\"auto, (max-width: 1600px) 100vw, 1600px\" \/><\/a><figcaption id=\"caption-attachment-15239\" class=\"wp-caption-text\"><em>I kdy\u017e za\u010d\u00edn\u00e1te a je\u0161t\u011b nev\u00edte, zda v\u00e1s cyklistika pohlt\u00ed, zvl\u00e1dat z\u00e1kladn\u00ed servis je fajn. Foto: Michal \u010cerven\u00fd<\/em><\/figcaption><\/figure>\n<p>Dal\u0161\u00ed lekce p\u0159ich\u00e1z\u00ed s prvn\u00ed zimou, kdy kolo pov\u011bs\u00edte na h\u0159eb\u00edk a \u010dek\u00e1te na jaro. M\u00e1me to stejn\u011b, ale je to chyba! Forma zmiz\u00ed, n\u00e1lada taky. Jakmile se ale nau\u010d\u00edte jezdit konzistentn\u011b i v hor\u0161\u00edm po\u010das\u00ed, v\u011bci se zlep\u0161\u00ed. A na on\u00e9 star\u00e9 pravd\u011b, jakkoliv u\u017e v\u00e1m m\u016f\u017ee l\u00e9zt krkem, asi n\u011bco bude. Neexistuje toti\u017e \u0161patn\u00e9 po\u010das\u00ed, jen \u0161patn\u011b zvolen\u00e9 oble\u010den\u00ed. A ob\u010das trena\u017e\u00e9r.<\/p>\n<h2><strong>Jenom kolo nesta\u010d\u00ed<\/strong><\/h2>\n<p>Postupn\u011b taky zjist\u00edte, \u017ee kolo samo o sob\u011b nesta\u010d\u00ed. Cyklistika je skv\u011bl\u00e1 pro vytrvalost, ale \u017eivot je v\u00edc ne\u017e jen \u0161lap\u00e1n\u00ed. Trocha b\u011bhu, turistika, posilov\u00e1n\u00ed nebo jin\u00fd sport udr\u017e\u00ed t\u011blo funk\u010dn\u00ed i mimo sedlo.<\/p>\n<div class=\"shortcode-ys-post-pinup\"><article class=\"loop-simple post-32281 post type-post status-publish format-standard has-post-thumbnail hentry category-silnicni-cyklistika tag-cyklistika tag-monako tag-petr-kelemen tag-silnicni-cyklistika tag-tadej-pogacar tag-tour-down-under global-categories-cycling\" data-postid=\"32281\" role=\"article\" data-post-id=\"32281\" data-word-count=\"926\" data-headline-length=\"61\" data-category=\"Silni\u010dn\u00ed cyklistika\" data-global-category=\"Cycling\" data-author=\"Radek Malina\" data-published=\"2026-01-19T11:00:03+02:00\" data-published-day=\"Monday\">\n    <div class=\"entry-thumbnail article-thumbnail\" content=\"https:\/\/d2p6e6u75xmxt8.cloudfront.net\/13\/2026\/01\/MCRMSR-Banovce-nad-Bebravou-Muzi-Elite-_-\u00a9Filip-Bezdek-2025-21-150x150.webp\"><a href=\"https:\/\/www.welovecycling.com\/cs\/2026\/01\/19\/pogacaruv-soused-proc-petr-kelemen-presidlil-do-monaka\/\" class=\"image-holder\" target=\"_self\"><img decoding=\"async\" loading=\"lazy\" class=\"\" src=\"https:\/\/d2p6e6u75xmxt8.cloudfront.net\/13\/2026\/01\/MCRMSR-Banovce-nad-Bebravou-Muzi-Elite-_-\u00a9Filip-Bezdek-2025-21-1024x683.webp\" srcset=\"https:\/\/d2p6e6u75xmxt8.cloudfront.net\/13\/2026\/01\/MCRMSR-Banovce-nad-Bebravou-Muzi-Elite-_-\u00a9Filip-Bezdek-2025-21-scaled.webp 2560w, https:\/\/d2p6e6u75xmxt8.cloudfront.net\/13\/2026\/01\/MCRMSR-Banovce-nad-Bebravou-Muzi-Elite-_-\u00a9Filip-Bezdek-2025-21-300x200.webp 300w, https:\/\/d2p6e6u75xmxt8.cloudfront.net\/13\/2026\/01\/MCRMSR-Banovce-nad-Bebravou-Muzi-Elite-_-\u00a9Filip-Bezdek-2025-21-1024x683.webp 1024w, https:\/\/d2p6e6u75xmxt8.cloudfront.net\/13\/2026\/01\/MCRMSR-Banovce-nad-Bebravou-Muzi-Elite-_-\u00a9Filip-Bezdek-2025-21-768x512.webp 768w, https:\/\/d2p6e6u75xmxt8.cloudfront.net\/13\/2026\/01\/MCRMSR-Banovce-nad-Bebravou-Muzi-Elite-_-\u00a9Filip-Bezdek-2025-21-1536x1024.webp 1536w, https:\/\/d2p6e6u75xmxt8.cloudfront.net\/13\/2026\/01\/MCRMSR-Banovce-nad-Bebravou-Muzi-Elite-_-\u00a9Filip-Bezdek-2025-21-2048x1365.webp 2048w, https:\/\/d2p6e6u75xmxt8.cloudfront.net\/13\/2026\/01\/MCRMSR-Banovce-nad-Bebravou-Muzi-Elite-_-\u00a9Filip-Bezdek-2025-21-1920x1280.webp 1920w, https:\/\/d2p6e6u75xmxt8.cloudfront.net\/13\/2026\/01\/MCRMSR-Banovce-nad-Bebravou-Muzi-Elite-_-\u00a9Filip-Bezdek-2025-21-400x267.webp 400w, https:\/\/d2p6e6u75xmxt8.cloudfront.net\/13\/2026\/01\/MCRMSR-Banovce-nad-Bebravou-Muzi-Elite-_-\u00a9Filip-Bezdek-2025-21-272x182.webp 272w, https:\/\/d2p6e6u75xmxt8.cloudfront.net\/13\/2026\/01\/MCRMSR-Banovce-nad-Bebravou-Muzi-Elite-_-\u00a9Filip-Bezdek-2025-21-1920x1280.webp 1920w\" width=\"1024\" height=\"683\" sizes=\"auto, (min-width: 1200px) 300px, (min-width: 768px) 25vw, 100vw\" alt=\"pogacaruv-soused-proc-petr-kelemen-presidlil-do-monaka\"\/><\/a><\/div>    <div class=\"entry-meta\">\n        <a class=\"label label-secondary post-category\" href=\"https:\/\/www.welovecycling.com\/cs\/category\/silnicni-cyklistika\/\" title=\"Silni\u010dn\u00ed cyklistika\">Silni\u010dn\u00ed cyklistika<\/a>\n    <\/div>\n    <div class=\"entry-details\">\n        <a href=\"https:\/\/www.welovecycling.com\/cs\/2026\/01\/19\/pogacaruv-soused-proc-petr-kelemen-presidlil-do-monaka\/\" class='entry-title-wrapper'>\n            <h3 class=\"entry-title\"><span>Poga\u010dar\u016fv soused! Pro\u010d Petr Kelemen p\u0159es\u00eddlil do Monaka?<\/span><\/h3>\n        <\/a>\n    <\/div>\n    <\/article>\n<\/div>\n<p>A nakonec to nejd\u016fle\u017eit\u011bj\u0161\u00ed. Nikdy nezapome\u0148te, \u017ee jste za\u010dali jezdit proto, \u017ee v\u00e1s to bavilo. Honba za \u010d\u00edsly, v\u00fdkony a v\u00fdzvami je opojn\u00e1, ale dok\u00e1\u017ee z v\u00e1s n\u011bkdy samotnou radost vys\u00e1t. Kdy\u017e to p\u0159ep\u00edsknete, m\u016f\u017ee to skon\u010dit n\u011bjakou dobou nen\u00e1visti. Jakmile se vr\u00e1t\u00edte k oby\u010dejn\u00e9 radosti z j\u00edzdy, v\u0161echno se zase srovn\u00e1.<\/p>\n<p>Tak\u017ee jezdit ano. Tr\u00e9novat ano. Zlep\u0161ovat se ur\u010dit\u011b. Ale hlavn\u011b si zachovejte ten d\u011btsk\u00fd \u00fasm\u011bv, kdy\u017e vyraz\u00edte na cestu. Proto\u017ee p\u0159esn\u011b kv\u016fli n\u011bmu za\u010d\u00edn\u00e1te, kv\u016fli n\u011bmu cyklistika stoj\u00ed za to.<\/p>\n<p><em>Tituln\u00ed foto: <a href=\"https:\/\/www.kalas.cz\/\">kalas.cz<\/a><\/em><\/p>\n","protected":false},"excerpt":{"rendered":"<p>Je to n\u00e1dhern\u00fd sport. Cyklistika d\u00e1v\u00e1 svobodu, endorfiny, op\u00e1len\u00e9 pruhy a neodolateln\u00e9 nutk\u00e1n\u00ed mluvit o p\u0159evodech i u rodinn\u00e9ho ob\u011bda. [&hellip;]<\/p>\n","protected":false},"author":138,"featured_media":25001,"comment_status":"open","ping_status":"open","sticky":false,"template":"","format":"standard","meta":{"footnotes":""},"categories":[4018,15],"tags":[126,56,1972,4514,4510,67],"global-categories":[411],"class_list":["post-32388","post","type-post","status-publish","format-standard","has-post-thumbnail","hentry","category-cyklistika","category-rady-tipy","tag-cyklistika","tag-horska-cyklistika","tag-jak-zacit-s-cyklistikou","tag-pokud-s-cyklistikou-zacinate","tag-zaciname-s-cyklistikou","tag-zdravi-a-trenink","global-categories-cycling"],"yoast_head":"<!-- This site is optimized with the Yoast SEO Premium plugin v25.3 (Yoast SEO v25.9) - https:\/\/yoast.com\/wordpress\/plugins\/seo\/ -->\n<title>Co jste m\u011bli v\u011bd\u011bt, ne\u017e v\u00e1s cyklistika pohltila | \u0160koda We Love Cycling - \u010cesk\u00e1 republika<\/title>\n<meta name=\"description\" content=\"Je to n\u00e1dhern\u00fd sport. D\u00e1v\u00e1 svobodu, endorfiny, op\u00e1len\u00e9 pruhy a neodolateln\u00e9 nutk\u00e1n\u00ed mluvit o p\u0159evodech i u rodinn\u00e9ho ob\u011bda. Jen\u017ee n\u011bkter\u00e9 z\u00e1konitosti cyklistiky odhal\u00edte a\u017e pot\u00e9, co m\u00e1te za sebou tis\u00edce kilometr\u016f, p\u00e1r trapn\u00fdch moment\u016f a minim\u00e1ln\u011b jednu existenci\u00e1ln\u00ed krizi v kopci. Kdybyste se mohli vr\u00e1tit v \u010dase, u\u0161et\u0159ili byste si spoustu bolesti, pen\u011bz i n\u00e1v\u0161t\u011bv odborn\u00edk\u016f. Tak\u017ee pokud s cyklistikou teprve za\u010d\u00edn\u00e1te, \u010dt\u011bte pozorn\u011b.\" \/>\n<meta name=\"robots\" content=\"index, follow, max-snippet:-1, max-image-preview:large, max-video-preview:-1\" \/>\n<link rel=\"canonical\" href=\"https:\/\/www.welovecycling.com\/cs\/2026\/01\/28\/co-jste-meli-vedet-nez-vas-cyklistika-pohltila\/\" \/>\n<meta property=\"og:locale\" content=\"cs_CZ\" \/>\n<meta property=\"og:type\" content=\"article\" \/>\n<meta property=\"og:title\" content=\"Co jste m\u011bli v\u011bd\u011bt, ne\u017e v\u00e1s cyklistika pohltila\" \/>\n<meta property=\"og:description\" content=\"Je to n\u00e1dhern\u00fd sport. D\u00e1v\u00e1 svobodu, endorfiny, op\u00e1len\u00e9 pruhy a neodolateln\u00e9 nutk\u00e1n\u00ed mluvit o p\u0159evodech i u rodinn\u00e9ho ob\u011bda. Jen\u017ee n\u011bkter\u00e9 z\u00e1konitosti cyklistiky odhal\u00edte a\u017e pot\u00e9, co m\u00e1te za sebou tis\u00edce kilometr\u016f, p\u00e1r trapn\u00fdch moment\u016f a minim\u00e1ln\u011b jednu existenci\u00e1ln\u00ed krizi v kopci. Kdybyste se mohli vr\u00e1tit v \u010dase, u\u0161et\u0159ili byste si spoustu bolesti, pen\u011bz i n\u00e1v\u0161t\u011bv odborn\u00edk\u016f. Tak\u017ee pokud s cyklistikou teprve za\u010d\u00edn\u00e1te, \u010dt\u011bte pozorn\u011b.\" \/>\n<meta property=\"og:url\" content=\"https:\/\/www.welovecycling.com\/cs\/2026\/01\/28\/co-jste-meli-vedet-nez-vas-cyklistika-pohltila\/\" \/>\n<meta property=\"og:site_name\" content=\"\u0160koda We Love Cycling - \u010cesk\u00e1 republika\" \/>\n<meta property=\"article:published_time\" content=\"2026-01-28T05:00:03+00:00\" \/>\n<meta property=\"og:image\" content=\"https:\/\/d2p6e6u75xmxt8.cloudfront.net\/13\/2024\/03\/fear11-scaled.webp\" \/>\n\t<meta property=\"og:image:width\" content=\"2560\" \/>\n\t<meta property=\"og:image:height\" content=\"1461\" \/>\n\t<meta property=\"og:image:type\" content=\"image\/webp\" \/>\n<meta name=\"author\" content=\"radekmalina\" \/>\n<meta name=\"twitter:card\" content=\"summary_large_image\" \/>\n<meta name=\"twitter:label1\" content=\"Written by\" \/>\n\t<meta name=\"twitter:data1\" content=\"Radek Malina\" \/>\n\t<meta name=\"twitter:label2\" content=\"Est. reading time\" \/>\n\t<meta name=\"twitter:data2\" content=\"7\" \/>\n<script type=\"application\/ld+json\" class=\"yoast-schema-graph\">{\"@context\":\"https:\/\/schema.org\",\"@graph\":[{\"@type\":\"WebPage\",\"@id\":\"https:\/\/www.welovecycling.com\/cs\/2026\/01\/28\/co-jste-meli-vedet-nez-vas-cyklistika-pohltila\/\",\"url\":\"https:\/\/www.welovecycling.com\/cs\/2026\/01\/28\/co-jste-meli-vedet-nez-vas-cyklistika-pohltila\/\",\"name\":\"Co jste m\u011bli v\u011bd\u011bt, ne\u017e v\u00e1s cyklistika pohltila | \u0160koda We Love Cycling - \u010cesk\u00e1 republika\",\"isPartOf\":{\"@id\":\"https:\/\/www.welovecycling.com\/cs\/#website\"},\"primaryImageOfPage\":{\"@id\":\"https:\/\/www.welovecycling.com\/cs\/2026\/01\/28\/co-jste-meli-vedet-nez-vas-cyklistika-pohltila\/#primaryimage\"},\"image\":{\"@id\":\"https:\/\/www.welovecycling.com\/cs\/2026\/01\/28\/co-jste-meli-vedet-nez-vas-cyklistika-pohltila\/#primaryimage\"},\"thumbnailUrl\":\"https:\/\/d2p6e6u75xmxt8.cloudfront.net\/13\/2024\/03\/fear11-scaled.webp\",\"datePublished\":\"2026-01-28T05:00:03+00:00\",\"author\":{\"@id\":\"https:\/\/www.welovecycling.com\/cs\/#\/schema\/person\/d9eeb0a378f3a7e4a6d12d2b536b04b8\"},\"description\":\"Je to n\u00e1dhern\u00fd sport. D\u00e1v\u00e1 svobodu, endorfiny, op\u00e1len\u00e9 pruhy a neodolateln\u00e9 nutk\u00e1n\u00ed mluvit o p\u0159evodech i u rodinn\u00e9ho ob\u011bda. Jen\u017ee n\u011bkter\u00e9 z\u00e1konitosti cyklistiky odhal\u00edte a\u017e pot\u00e9, co m\u00e1te za sebou tis\u00edce kilometr\u016f, p\u00e1r trapn\u00fdch moment\u016f a minim\u00e1ln\u011b jednu existenci\u00e1ln\u00ed krizi v kopci. Kdybyste se mohli vr\u00e1tit v \u010dase, u\u0161et\u0159ili byste si spoustu bolesti, pen\u011bz i n\u00e1v\u0161t\u011bv odborn\u00edk\u016f. Tak\u017ee pokud s cyklistikou teprve za\u010d\u00edn\u00e1te, \u010dt\u011bte pozorn\u011b.\",\"inLanguage\":\"cs\",\"potentialAction\":[{\"@type\":\"ReadAction\",\"target\":[\"https:\/\/www.welovecycling.com\/cs\/2026\/01\/28\/co-jste-meli-vedet-nez-vas-cyklistika-pohltila\/\"]}]},{\"@type\":\"ImageObject\",\"inLanguage\":\"cs\",\"@id\":\"https:\/\/www.welovecycling.com\/cs\/2026\/01\/28\/co-jste-meli-vedet-nez-vas-cyklistika-pohltila\/#primaryimage\",\"url\":\"https:\/\/d2p6e6u75xmxt8.cloudfront.net\/13\/2024\/03\/fear11-scaled.webp\",\"contentUrl\":\"https:\/\/d2p6e6u75xmxt8.cloudfront.net\/13\/2024\/03\/fear11-scaled.webp\",\"width\":2560,\"height\":1461,\"caption\":\"Cyklistika by m\u011bla p\u0159in\u00e1\u0161et radost, zejm\u00e9na kdy\u017e za\u010d\u00edn\u00e1me\"},{\"@type\":\"WebSite\",\"@id\":\"https:\/\/www.welovecycling.com\/cs\/#website\",\"url\":\"https:\/\/www.welovecycling.com\/cs\/\",\"name\":\"\u0160koda We Love Cycling - \u010cesk\u00e1 republika\",\"description\":\"WeLoveCycling.cz je online magaz\u00edn, kter\u00fd v\u00e1m pravideln\u011b p\u0159in\u00e1\u0161\u00ed rady a tipy, zaj\u00edmav\u00e9 \u010dl\u00e1nky, videa a jedine\u010dn\u00e9 report\u00e1\u017ee ze sv\u011bta cyklistiky.\",\"potentialAction\":[{\"@type\":\"SearchAction\",\"target\":{\"@type\":\"EntryPoint\",\"urlTemplate\":\"https:\/\/www.welovecycling.com\/cs\/?s={search_term_string}\"},\"query-input\":{\"@type\":\"PropertyValueSpecification\",\"valueRequired\":true,\"valueName\":\"search_term_string\"}}],\"inLanguage\":\"cs\"},{\"@type\":\"Person\",\"@id\":\"https:\/\/www.welovecycling.com\/cs\/#\/schema\/person\/d9eeb0a378f3a7e4a6d12d2b536b04b8\",\"name\":\"radekmalina\",\"image\":{\"@type\":\"ImageObject\",\"inLanguage\":\"cs\",\"@id\":\"https:\/\/www.welovecycling.com\/cs\/#\/schema\/person\/image\/\",\"url\":\"https:\/\/secure.gravatar.com\/avatar\/66994b632cb8c39a46b9f54afa3ae07201b678d32a54275b6f1c9ffec356bfc0?s=96&d=mm&r=g\",\"contentUrl\":\"https:\/\/secure.gravatar.com\/avatar\/66994b632cb8c39a46b9f54afa3ae07201b678d32a54275b6f1c9ffec356bfc0?s=96&d=mm&r=g\",\"caption\":\"radekmalina\"},\"url\":\"https:\/\/www.welovecycling.com\/cs\/author\/radekmalina\/\"}]}<\/script>\n<!-- \/ Yoast SEO Premium plugin. -->","yoast_head_json":{"title":"Co jste m\u011bli v\u011bd\u011bt, ne\u017e v\u00e1s cyklistika pohltila | \u0160koda We Love Cycling - \u010cesk\u00e1 republika","description":"Je to n\u00e1dhern\u00fd sport. D\u00e1v\u00e1 svobodu, endorfiny, op\u00e1len\u00e9 pruhy a neodolateln\u00e9 nutk\u00e1n\u00ed mluvit o p\u0159evodech i u rodinn\u00e9ho ob\u011bda. Jen\u017ee n\u011bkter\u00e9 z\u00e1konitosti cyklistiky odhal\u00edte a\u017e pot\u00e9, co m\u00e1te za sebou tis\u00edce kilometr\u016f, p\u00e1r trapn\u00fdch moment\u016f a minim\u00e1ln\u011b jednu existenci\u00e1ln\u00ed krizi v kopci. Kdybyste se mohli vr\u00e1tit v \u010dase, u\u0161et\u0159ili byste si spoustu bolesti, pen\u011bz i n\u00e1v\u0161t\u011bv odborn\u00edk\u016f. Tak\u017ee pokud s cyklistikou teprve za\u010d\u00edn\u00e1te, \u010dt\u011bte pozorn\u011b.","robots":{"index":"index","follow":"follow","max-snippet":"max-snippet:-1","max-image-preview":"max-image-preview:large","max-video-preview":"max-video-preview:-1"},"canonical":"https:\/\/www.welovecycling.com\/cs\/2026\/01\/28\/co-jste-meli-vedet-nez-vas-cyklistika-pohltila\/","og_locale":"cs_CZ","og_type":"article","og_title":"Co jste m\u011bli v\u011bd\u011bt, ne\u017e v\u00e1s cyklistika pohltila","og_description":"Je to n\u00e1dhern\u00fd sport. D\u00e1v\u00e1 svobodu, endorfiny, op\u00e1len\u00e9 pruhy a neodolateln\u00e9 nutk\u00e1n\u00ed mluvit o p\u0159evodech i u rodinn\u00e9ho ob\u011bda. Jen\u017ee n\u011bkter\u00e9 z\u00e1konitosti cyklistiky odhal\u00edte a\u017e pot\u00e9, co m\u00e1te za sebou tis\u00edce kilometr\u016f, p\u00e1r trapn\u00fdch moment\u016f a minim\u00e1ln\u011b jednu existenci\u00e1ln\u00ed krizi v kopci. Kdybyste se mohli vr\u00e1tit v \u010dase, u\u0161et\u0159ili byste si spoustu bolesti, pen\u011bz i n\u00e1v\u0161t\u011bv odborn\u00edk\u016f. Tak\u017ee pokud s cyklistikou teprve za\u010d\u00edn\u00e1te, \u010dt\u011bte pozorn\u011b.","og_url":"https:\/\/www.welovecycling.com\/cs\/2026\/01\/28\/co-jste-meli-vedet-nez-vas-cyklistika-pohltila\/","og_site_name":"\u0160koda We Love Cycling - \u010cesk\u00e1 republika","article_published_time":"2026-01-28T05:00:03+00:00","og_image":[{"width":2560,"height":1461,"url":"https:\/\/d2p6e6u75xmxt8.cloudfront.net\/13\/2024\/03\/fear11-scaled.webp","type":"image\/webp"}],"author":"radekmalina","twitter_card":"summary_large_image","twitter_misc":{"Written by":"Radek Malina","Est. reading time":"7"},"schema":{"@context":"https:\/\/schema.org","@graph":[{"@type":"WebPage","@id":"https:\/\/www.welovecycling.com\/cs\/2026\/01\/28\/co-jste-meli-vedet-nez-vas-cyklistika-pohltila\/","url":"https:\/\/www.welovecycling.com\/cs\/2026\/01\/28\/co-jste-meli-vedet-nez-vas-cyklistika-pohltila\/","name":"Co jste m\u011bli v\u011bd\u011bt, ne\u017e v\u00e1s cyklistika pohltila | \u0160koda We Love Cycling - \u010cesk\u00e1 republika","isPartOf":{"@id":"https:\/\/www.welovecycling.com\/cs\/#website"},"primaryImageOfPage":{"@id":"https:\/\/www.welovecycling.com\/cs\/2026\/01\/28\/co-jste-meli-vedet-nez-vas-cyklistika-pohltila\/#primaryimage"},"image":{"@id":"https:\/\/www.welovecycling.com\/cs\/2026\/01\/28\/co-jste-meli-vedet-nez-vas-cyklistika-pohltila\/#primaryimage"},"thumbnailUrl":"https:\/\/d2p6e6u75xmxt8.cloudfront.net\/13\/2024\/03\/fear11-scaled.webp","datePublished":"2026-01-28T05:00:03+00:00","author":{"@id":"https:\/\/www.welovecycling.com\/cs\/#\/schema\/person\/d9eeb0a378f3a7e4a6d12d2b536b04b8"},"description":"Je to n\u00e1dhern\u00fd sport. D\u00e1v\u00e1 svobodu, endorfiny, op\u00e1len\u00e9 pruhy a neodolateln\u00e9 nutk\u00e1n\u00ed mluvit o p\u0159evodech i u rodinn\u00e9ho ob\u011bda. Jen\u017ee n\u011bkter\u00e9 z\u00e1konitosti cyklistiky odhal\u00edte a\u017e pot\u00e9, co m\u00e1te za sebou tis\u00edce kilometr\u016f, p\u00e1r trapn\u00fdch moment\u016f a minim\u00e1ln\u011b jednu existenci\u00e1ln\u00ed krizi v kopci. Kdybyste se mohli vr\u00e1tit v \u010dase, u\u0161et\u0159ili byste si spoustu bolesti, pen\u011bz i n\u00e1v\u0161t\u011bv odborn\u00edk\u016f. Tak\u017ee pokud s cyklistikou teprve za\u010d\u00edn\u00e1te, \u010dt\u011bte pozorn\u011b.","inLanguage":"cs","potentialAction":[{"@type":"ReadAction","target":["https:\/\/www.welovecycling.com\/cs\/2026\/01\/28\/co-jste-meli-vedet-nez-vas-cyklistika-pohltila\/"]}]},{"@type":"ImageObject","inLanguage":"cs","@id":"https:\/\/www.welovecycling.com\/cs\/2026\/01\/28\/co-jste-meli-vedet-nez-vas-cyklistika-pohltila\/#primaryimage","url":"https:\/\/d2p6e6u75xmxt8.cloudfront.net\/13\/2024\/03\/fear11-scaled.webp","contentUrl":"https:\/\/d2p6e6u75xmxt8.cloudfront.net\/13\/2024\/03\/fear11-scaled.webp","width":2560,"height":1461,"caption":"Cyklistika by m\u011bla p\u0159in\u00e1\u0161et radost, zejm\u00e9na kdy\u017e za\u010d\u00edn\u00e1me"},{"@type":"WebSite","@id":"https:\/\/www.welovecycling.com\/cs\/#website","url":"https:\/\/www.welovecycling.com\/cs\/","name":"\u0160koda We Love Cycling - \u010cesk\u00e1 republika","description":"WeLoveCycling.cz je online magaz\u00edn, kter\u00fd v\u00e1m pravideln\u011b p\u0159in\u00e1\u0161\u00ed rady a tipy, zaj\u00edmav\u00e9 \u010dl\u00e1nky, videa a jedine\u010dn\u00e9 report\u00e1\u017ee ze sv\u011bta cyklistiky.","potentialAction":[{"@type":"SearchAction","target":{"@type":"EntryPoint","urlTemplate":"https:\/\/www.welovecycling.com\/cs\/?s={search_term_string}"},"query-input":{"@type":"PropertyValueSpecification","valueRequired":true,"valueName":"search_term_string"}}],"inLanguage":"cs"},{"@type":"Person","@id":"https:\/\/www.welovecycling.com\/cs\/#\/schema\/person\/d9eeb0a378f3a7e4a6d12d2b536b04b8","name":"radekmalina","image":{"@type":"ImageObject","inLanguage":"cs","@id":"https:\/\/www.welovecycling.com\/cs\/#\/schema\/person\/image\/","url":"https:\/\/secure.gravatar.com\/avatar\/66994b632cb8c39a46b9f54afa3ae07201b678d32a54275b6f1c9ffec356bfc0?s=96&d=mm&r=g","contentUrl":"https:\/\/secure.gravatar.com\/avatar\/66994b632cb8c39a46b9f54afa3ae07201b678d32a54275b6f1c9ffec356bfc0?s=96&d=mm&r=g","caption":"radekmalina"},"url":"https:\/\/www.welovecycling.com\/cs\/author\/radekmalina\/"}]}},"_links":{"self":[{"href":"https:\/\/www.welovecycling.com\/cs\/wp-json\/wp\/v2\/posts\/32388","targetHints":{"allow":["GET"]}}],"collection":[{"href":"https:\/\/www.welovecycling.com\/cs\/wp-json\/wp\/v2\/posts"}],"about":[{"href":"https:\/\/www.welovecycling.com\/cs\/wp-json\/wp\/v2\/types\/post"}],"author":[{"embeddable":true,"href":"https:\/\/www.welovecycling.com\/cs\/wp-json\/wp\/v2\/users\/138"}],"replies":[{"embeddable":true,"href":"https:\/\/www.welovecycling.com\/cs\/wp-json\/wp\/v2\/comments?post=32388"}],"version-history":[{"count":3,"href":"https:\/\/www.welovecycling.com\/cs\/wp-json\/wp\/v2\/posts\/32388\/revisions"}],"predecessor-version":[{"id":32391,"href":"https:\/\/www.welovecycling.com\/cs\/wp-json\/wp\/v2\/posts\/32388\/revisions\/32391"}],"wp:featuredmedia":[{"embeddable":true,"href":"https:\/\/www.welovecycling.com\/cs\/wp-json\/wp\/v2\/media\/25001"}],"wp:attachment":[{"href":"https:\/\/www.welovecycling.com\/cs\/wp-json\/wp\/v2\/media?parent=32388"}],"wp:term":[{"taxonomy":"category","embeddable":true,"href":"https:\/\/www.welovecycling.com\/cs\/wp-json\/wp\/v2\/categories?post=32388"},{"taxonomy":"post_tag","embeddable":true,"href":"https:\/\/www.welovecycling.com\/cs\/wp-json\/wp\/v2\/tags?post=32388"},{"taxonomy":"global-categories","embeddable":true,"href":"https:\/\/www.welovecycling.com\/cs\/wp-json\/wp\/v2\/global-categories?post=32388"}],"curies":[{"name":"wp","href":"https:\/\/api.w.org\/{rel}","templated":true}]}}