{"id":3236,"date":"2019-07-29T10:18:54","date_gmt":"2019-07-29T09:18:54","guid":{"rendered":"https:\/\/www.welovecycling.com\/cs\/?p=3236"},"modified":"2019-07-29T10:18:54","modified_gmt":"2019-07-29T09:18:54","slug":"vitezove-a-porazeni-tour-de-france-2019-welovecycling-cr","status":"publish","type":"post","link":"https:\/\/www.welovecycling.com\/cs\/2019\/07\/29\/vitezove-a-porazeni-tour-de-france-2019-welovecycling-cr\/","title":{"rendered":"V\u00edt\u011bzov\u00e9 a pora\u017een\u00ed Tour de France 2019"},"content":{"rendered":"<p><strong>Leto\u0161n\u00ed 106. ro\u010dn\u00edk <a href=\"https:\/\/www.letour.fr\/en\/\">Tour de France<\/a> je minulost\u00ed. Jeho kr\u00e1lem se stal teprve 22let\u00fd Kolumbijec Egan Bernal ze st\u00e1je Ineos. I d\u00edky spoust\u011b nejr\u016fzn\u011bj\u0161\u00edch okolnost\u00ed a n\u00e1hod, proto\u017ee na Tour p\u016fvodn\u011b v\u016fbec startovat nem\u011bl. Poj\u010fme si p\u0159edstavit nejv\u011bt\u0161\u00ed hrdiny i smola\u0159e leto\u0161n\u00ed Tour.<\/strong><\/p>\n<p><!--more--><\/p>\n<h2><strong>V\u00edt\u011bzov\u00e9<\/strong><\/h2>\n<p><strong>Egan Bernal<\/strong><\/p>\n<p>Kolumbie m\u016f\u017ee sp\u0159\u00e1dat velk\u00e9 oslavy. Je\u0161t\u011b nikdy nem\u011bla tato jihoamerick\u00e1 zem\u011b \u0161ampi\u00f3na Tour de France. A\u017e nyn\u00ed. A Egan Bernal se stal nejmlad\u0161\u00edm v\u00edt\u011bzem Tour v\u00a0pov\u00e1le\u010dn\u00e9 \u00e9\u0159e.\u00a0<em>\u201eKolumbie u\u017e vyhr\u00e1la Giro i Vueltu, ale Tour dosud ne. Jsem opravdu r\u00e1d, \u017ee jsem to pro svou zemi dok\u00e1zal,\u201c<\/em> p\u0159iznal dojat\u00fd Bernal.<\/p>\n<div class=\"embed-controller-wrapper\">\n<blockquote class=\"twitter-tweet\" data-width=\"500\" data-dnt=\"true\">\n<p lang=\"es\" dir=\"ltr\">\u00a1Hola! \u26aa\ufe0f\ud83d\udc4b <a href=\"https:\/\/t.co\/FwN1NCNxkN\">pic.twitter.com\/FwN1NCNxkN<\/a><\/p>\n<p>&mdash; INEOS Grenadiers (@INEOSGrenadiers) <a href=\"https:\/\/twitter.com\/INEOSGrenadiers\/status\/1151446407959781376?ref_src=twsrc%5Etfw\">July 17, 2019<\/a><\/p><\/blockquote>\n<p><script async data-src=\"https:\/\/platform.twitter.com\/widgets.js\" charset=\"utf-8\"><\/script><\/div>\n<p>Na Tour p\u016fvodn\u011b jet nem\u011bl. T\u00fdm Ineos ho s\u00a0p\u0159edstihem ustanovil jako l\u00eddra pro Giro. Jen\u017ee p\u0159i tr\u00e9ninku si t\u00fdden p\u0159ed startem Gira zlomil kl\u00ed\u010dn\u00ed kost. P\u0159i\u0161el tedy pl\u00e1n B. Pojede\u0161 na Tour a bude\u0161 v\u00a0hor\u00e1ch pom\u00e1hat Froomovi s\u00a0Thomasem, \u0159ekli mu v\u00a0britsk\u00e9m t\u00fdmu.<\/p>\n<div class=\"embed-controller-wrapper\">\n<blockquote class=\"twitter-tweet\" data-width=\"500\" data-dnt=\"true\">\n<p lang=\"en\" dir=\"ltr\">We&#39;d like to say a massive thank you for all the incredible support across the last three weeks, both on the roadside and from the fans watching at home <a href=\"https:\/\/twitter.com\/hashtag\/TDF2019?src=hash&amp;ref_src=twsrc%5Etfw\">#TDF2019<\/a> <a href=\"https:\/\/twitter.com\/hashtag\/7eamINEOS?src=hash&amp;ref_src=twsrc%5Etfw\">#7eamINEOS<\/a> <a href=\"https:\/\/t.co\/ulV8waCu1H\">pic.twitter.com\/ulV8waCu1H<\/a><\/p>\n<p>&mdash; INEOS Grenadiers (@INEOSGrenadiers) <a href=\"https:\/\/twitter.com\/INEOSGrenadiers\/status\/1155543542611267585?ref_src=twsrc%5Etfw\">July 28, 2019<\/a><\/p><\/blockquote>\n<p><script async data-src=\"https:\/\/platform.twitter.com\/widgets.js\" charset=\"utf-8\"><\/script><\/div>\n<p>Ale co se nestalo. Froome se zranil na Dauphin\u00e9, tak\u017ee se najednou Bernal posunul na pozici \u010d. 2. A kdy\u017e pak v\u00a0z\u00e1v\u011bru Tour ukazoval lep\u0161\u00ed formu ne\u017e obh\u00e1jce prvenstv\u00ed Thomas, dostal zelenou a dojel si pro v\u00edt\u011bzstv\u00ed.\u00a0<em>\u201eTohle bylo jen prvn\u00ed z\u00a0mnoha velk\u00fdch v\u00edt\u011bzstv\u00ed, kter\u00e1 ho je\u0161t\u011b \u010dekaj\u00ed. Je to skv\u011bl\u00fd cyklista, kter\u00fd se bude je\u0161t\u011b zlep\u0161ovat,\u201c<\/em> vysekl st\u00e1jov\u00e9mu kolegovi poklonu Thomas, jen\u017e skon\u010dil druh\u00fd, tak\u017ee Ineos slav\u00ed skv\u011blou Tour i bez Frooma, kter\u00fd z\u0159ejm\u011b bude v\u00a0pokro\u010dilej\u0161\u00edm v\u011bku u\u017e pomalu na \u00fastupu z\u00a0pozic.<\/p>\n<p>Jen pro zaj\u00edmavost, Kolumbie m\u011bla v\u00a0top 10 hned t\u0159i z\u00e1vodn\u00edky. Vt\u011bsnali se tam je\u0161t\u011b sedm\u00fd Rigoberto Ur\u00e1n (EF Education First) a osm\u00fd Nairo Quintana (Movistar).<\/p>\n<p><strong>Julian Alaphilippe<\/strong><\/p>\n<p>S\u00a0t\u00edmhle excelentn\u00edm francouzsk\u00fdm klasik\u00e1\u0159em z\u00a0t\u00fdmu Deceuninck-Quick Step nikdo na Tour nepo\u010d\u00edtal mezi favority. Pro\u010d taky. Um\u00ed klasiky, um\u00ed vyhr\u00e1t etapu z\u00a0\u00faniku, sed\u00ed mu kr\u00e1tk\u00e9 prudk\u00e9 kopce, ale co hory nebo \u010dasovky. P\u0159ed startem se nad t\u00edm vzn\u00e1\u0161ely otazn\u00edky.<\/p>\n<div class=\"embed-controller-wrapper\">\n<blockquote class=\"twitter-tweet\" data-width=\"500\" data-dnt=\"true\">\n<p lang=\"en\" dir=\"ltr\">From Paris, with love!<a href=\"https:\/\/twitter.com\/hashtag\/TheWolfpack?src=hash&amp;ref_src=twsrc%5Etfw\">#TheWolfpack<\/a><a href=\"https:\/\/twitter.com\/hashtag\/TDF2019?src=hash&amp;ref_src=twsrc%5Etfw\">#TDF2019<\/a> <a href=\"https:\/\/t.co\/9lQdt8FZCk\">pic.twitter.com\/9lQdt8FZCk<\/a><\/p>\n<p>&mdash; Soudal Quick-Step Pro Cycling Team (@soudalquickstep) <a href=\"https:\/\/twitter.com\/soudalquickstep\/status\/1155651832821276679?ref_src=twsrc%5Etfw\">July 29, 2019<\/a><\/p><\/blockquote>\n<p><script async data-src=\"https:\/\/platform.twitter.com\/widgets.js\" charset=\"utf-8\"><\/script><\/div>\n<p>Jen\u017ee Alaphilippe \u0161okoval den po dni. Vyhr\u00e1l dv\u011b etapy v\u010detn\u011b \u010dasovky jednotlivc\u016f v\u00a0Pau, celkem p\u011btkr\u00e1t vybojoval p\u00f3diov\u00e9 um\u00edst\u011bn\u00ed, 14 dn\u00ed vezl \u017elut\u00fd dres a p\u0159i\u0161el o n\u011bj a\u017e v\u00a0z\u00e1v\u011bru v\u00a0Alp\u00e1ch, konkr\u00e9tn\u011b po 18. etap\u011b. A celkov\u011b skon\u010dil p\u00e1t\u00fd. Francie m\u016f\u017ee b\u00fdt na sv\u00e9ho hrdinu py\u0161n\u00e1.<\/p>\n<p><strong>Team Jumbo-Visma<\/strong><\/p>\n<p>Tenhle nizozemsk\u00fd t\u00fdm, kter\u00fd byl dlouho zn\u00e1m\u00fd pod n\u00e1zvem LottoNL-Jumbo, nikdy nehr\u00e1l na Grand Tours prim. Jen\u017ee do leto\u0161n\u00edho ro\u010dn\u00edku Tour vlet\u011bl jako tajfun. Vyhr\u00e1l t\u0159i etapy s\u00a0t\u0159emi r\u016fzn\u00fdmi lidmi (Teunisen, Groenewegen, van Aert) a nav\u00edc t\u00fdmovou \u010dasovku!<\/p>\n<div class=\"embed-controller-wrapper\">\n<blockquote class=\"twitter-tweet\" data-width=\"500\" data-dnt=\"true\">\n<p lang=\"en\" dir=\"ltr\">\ud83c\uddeb\ud83c\uddf7\u00a0<a href=\"https:\/\/twitter.com\/hashtag\/TDF2019?src=hash&amp;ref_src=twsrc%5Etfw\">#TDF2019<\/a><\/p>\n<p>Unique Tour for Team Jumbo-Visma with overall podium and four stage wins<\/p>\n<p>&mdash; Team Visma | Lease a Bike (@vismaleaseabike) <a href=\"https:\/\/twitter.com\/vismaleaseabike\/status\/1155598270556725248?ref_src=twsrc%5Etfw\">July 28, 2019<\/a><\/p><\/blockquote>\n<p><script async data-src=\"https:\/\/platform.twitter.com\/widgets.js\" charset=\"utf-8\"><\/script><\/div>\n<p>Po p\u00e1du v\u00a0\u010dasovce v\u00a0Pau, kde si d\u011blal velk\u00e9 ambice, musel odstoupit van Aert, ale t\u00fdm to nepolo\u017eilo a je\u0161t\u011b pomohl ke skv\u011bl\u00e9mu t\u0159et\u00edmu m\u00edstu v\u00a0celkov\u00e9 klasifikaci Stevenu Kruijswijkovi! Nizozemsk\u00e1 st\u00e1j ukazovala velkou s\u00edlu, jezdila aktivn\u011b a zaslou\u017e\u00ed jen slova uzn\u00e1n\u00ed.<\/p>\n<p><strong>Peter Sagan<\/strong><\/p>\n<p>U\u017e je to trochu obehran\u00e1 p\u00edsni\u010dka, ale slovensk\u00fd expres Peter Sagan (Bora-Hansgrohe) znovu vyhr\u00e1l zelen\u00fd dres pro v\u00edt\u011bze bodovac\u00ed sout\u011b\u017ee. U\u017e posedm\u00e9! V\u00a0historick\u00fdch statistik\u00e1ch Tour se v\u00a0t\u00e9to sout\u011b\u017ei osamostatnil na \u010dele, dosud se o prvenstv\u00ed d\u011blil s\u00a0Erikem Zabelem. Sagan sice letos vyhr\u00e1l jen jednu etapu, ale \u00fakol splnil.<\/p>\n<figure id=\"attachment_3233\" aria-describedby=\"caption-attachment-3233\" style=\"width: 1024px\" class=\"wp-caption alignnone\"><a href=\"https:\/\/d2p6e6u75xmxt8.cloudfront.net\/13\/2019\/07\/profimedia-0461132431.jpg\"><img loading=\"lazy\" decoding=\"async\" class=\"size-large wp-image-3233\" src=\"https:\/\/d2p6e6u75xmxt8.cloudfront.net\/13\/2019\/07\/profimedia-0461132431-1024x682.jpg\" alt=\"\" width=\"1024\" height=\"682\" \/><\/a><figcaption id=\"caption-attachment-3233\" class=\"wp-caption-text\">Peter Sagan. Foto: Profimedia.<\/figcaption><\/figure>\n<p>Nav\u00edc i b\u011bhem leto\u0161n\u00ed Tour n\u011bkolikr\u00e1t uk\u00e1zal, jak\u00fd je to showman. Fanou\u0161ci vid\u011bli j\u00edzdu po zadn\u00edm kole p\u0159i stoup\u00e1n\u00ed, n\u011bkolika z\u00a0nich se p\u0159i j\u00edzd\u011b do kopce podepsal a znovu dost\u00e1l sv\u00e9 pov\u011bsti jedn\u00e9 z\u00a0nejpopul\u00e1rn\u011bj\u0161\u00edch osobnost\u00ed v\u00a0profipelotonu. Jeho t\u00fdm nav\u00edc vybojoval celkov\u00e9 \u010dtvrt\u00e9 m\u00edsto d\u00edky Emanuelu Buchmannovi, tak\u017ee bude jist\u011b panovat velk\u00e1 spokojenost.<\/p>\n<p><strong>Caleb Ewan<\/strong><\/p>\n<p>Tenhle postavou mal\u00fd Australan z\u00a0t\u00fdmu Lotto-Soudal byl na Tour nejlep\u0161\u00edm sprinterem co do po\u010dtu v\u00edt\u011bzstv\u00ed v\u00a0hromadn\u00fdch dojezdech. Vyhr\u00e1l celkem t\u0159i etapy v\u010detn\u011b t\u00e9 z\u00e1v\u011bre\u010dn\u00e9 na Champs Elys\u00e9es v\u00a0Pa\u0159\u00ed\u017ei, kter\u00e1 m\u00e1 mezi sprintery velkou presti\u017e. 165 cm vysok\u00fd cyklista byl nav\u00edc je\u0161t\u011b 3x t\u0159et\u00ed a jednou druh\u00fd. Dok\u00e1zal zast\u00ednit esa kalibru Sagana nebo Vivianiho.<\/p>\n<p><strong>155 cyklist\u016f<\/strong><\/p>\n<p>V\u0161ech 155 z\u00e1vodn\u00edk\u016f, kte\u0159\u00ed dojeli do pa\u0159\u00ed\u017esk\u00e9ho c\u00edle, zaslou\u017e\u00ed obdiv a potleskl. Byla to pekeln\u011b t\u011b\u017ek\u00e1 Tour a v\u0161ichni mohou b\u00fdt oslavov\u00e1ni jako hrdinov\u00e9. I kdy\u017e si za p\u00e1r let budou v\u0161ichni pamatovat jen v\u00edt\u011bze.<\/p>\n<p><a href=\"https:\/\/d2p6e6u75xmxt8.cloudfront.net\/13\/2019\/07\/Tour-de-France-Peloton-CVR-profimedia-0460582476.jpg\"><img loading=\"lazy\" decoding=\"async\" class=\"alignnone size-large wp-image-3248\" src=\"https:\/\/d2p6e6u75xmxt8.cloudfront.net\/13\/2019\/07\/Tour-de-France-Peloton-CVR-profimedia-0460582476-1024x450.jpg\" alt=\"\" width=\"1024\" height=\"450\" \/><\/a><\/p>\n<h2><strong>Pora\u017een\u00ed<\/strong><\/h2>\n<p><strong>Thibaut Pinot<\/strong><\/p>\n<p>Tour je pro n\u011bj z\u0159ejm\u011b zaklet\u00e1. Tenhle Francouz z\u00a0t\u00fdmu Groupama-FDJ st\u00e1le \u010dek\u00e1 na vysn\u011bn\u00e9 v\u00edt\u011bzstv\u00ed. Letos ukazoval skv\u011blou formu v\u00a0Pyrenej\u00edch, vyhr\u00e1l etapu na Tourmalet a p\u0159ed z\u00e1v\u011brem v\u00a0Alp\u00e1ch ho v\u0161ichni experti pasovali do role nejv\u011bt\u0161\u00edho favorita na v\u00edt\u011bzstv\u00ed. Jen\u017ee v\u00a0p\u00e1tek musel kv\u016fli nata\u017een\u00e9mu svalu v\u00a0pr\u016fb\u011bhu etapy odstoupit.<\/p>\n<div class=\"embed-controller-wrapper\">\n<blockquote class=\"twitter-tweet\" data-width=\"500\" data-dnt=\"true\">\n<p lang=\"fr\" dir=\"ltr\">1\/2 Je quitte la route du Tour les larmes pleins les yeux, des souvenirs plein la t\u00eate &#8230; je pense \u00e0 mon \u00e9quipe toute enti\u00e8re, ma famille, \u00e0 vous qui m\u2019avez donn\u00e9 des frissons et une force incroyable pendant 3 semaines. <a href=\"https:\/\/t.co\/CIIQ2RGlfZ\">pic.twitter.com\/CIIQ2RGlfZ<\/a><\/p>\n<p>&mdash; PINOT Thibaut (@ThibautPinot) <a href=\"https:\/\/twitter.com\/ThibautPinot\/status\/1155023864826662912?ref_src=twsrc%5Etfw\">July 27, 2019<\/a><\/p><\/blockquote>\n<p><script async data-src=\"https:\/\/platform.twitter.com\/widgets.js\" charset=\"utf-8\"><\/script><\/div>\n<p><em>\u201ePo Pyrenej\u00edch jsem v\u011b\u0159il, \u017ee m\u00e1m na to Tour vyhr\u00e1t. Ale bohu\u017eel p\u0159i\u0161lo n\u011bco, s\u00a0\u010d\u00edm nikdo nepo\u010d\u00edtal. I kdy\u017e i tyhle chv\u00edle ke sportu pat\u0159\u00ed, hodn\u011b m\u011b to vzalo a budu se z\u00a0toho n\u011bjakou dobu dost\u00e1vat,\u201c<\/em> \u0159ekl zklaman\u00fd Pinot.<\/p>\n<p><strong>Tejay, Rohan, Jakob a dal\u0161\u00ed<\/strong><\/p>\n<p>Stejn\u011b jako Pinot musela \u0159ada lid\u00ed vzd\u00e1t sv\u00e9 sna\u017een\u00ed na Tour kv\u016fli zran\u011bn\u00edm z\u00a0p\u00e1d\u016f. Tejay van Garderen z\u00a0t\u00fdmu EF Education First si zlomil ruku a musel zapomenout na solidn\u00ed um\u00edst\u011bn\u00ed i pomoc l\u00eddrovi t\u00fdmu Ur\u00e1novi.<\/p>\n<p>Australan Rohan Dennis z\u00a0t\u00fdmu Bahrain Merida je mistrem sv\u011bta v\u00a0\u010dasovce a pr\u00e1v\u011b v\u00a0\u010dasovce jednotlivc\u016f v\u00a0Pau byl velk\u00fdm favoritem. Jen\u017ee den p\u0159ed n\u00ed bez jak\u00e9hokoli d\u016fvodu i zdravotn\u00edho handicapu zastavil a odstoupil. Podle v\u0161eho k\u00a0tomu nem\u011bl d\u016fvod a bude to z\u0159ejm\u011b m\u00edt je\u0161t\u011b dohru.<\/p>\n<div class=\"embed-controller-wrapper\">\n<blockquote class=\"twitter-tweet\" data-width=\"500\" data-dnt=\"true\">\n<p lang=\"en\" dir=\"ltr\">\ud83c\uddeb\ud83c\uddf7 <a href=\"https:\/\/twitter.com\/hashtag\/TDF2019?src=hash&amp;ref_src=twsrc%5Etfw\">#TDF2019<\/a><\/p>\n<p>\ud83d\udde3 <a href=\"https:\/\/twitter.com\/RohanDennis?ref_src=twsrc%5Etfw\">@RohanDennis<\/a> &quot;I am very disappointed to leave the race at this point. Obviously tomorrow\u2019s ITT had been a big goal for me and the team, but given my current feeling it was the right decision to withdraw earlier today&quot;.<\/p>\n<p>\ud83d\udcdd Read more &gt; <a href=\"https:\/\/t.co\/nqaj0izWKa\">https:\/\/t.co\/nqaj0izWKa<\/a> <a href=\"https:\/\/t.co\/iwqZePW98N\">pic.twitter.com\/iwqZePW98N<\/a><\/p>\n<p>&mdash; Team Bahrain Victorious (@BHRVictorious) <a href=\"https:\/\/twitter.com\/BHRVictorious\/status\/1151976729717747713?ref_src=twsrc%5Etfw\">July 18, 2019<\/a><\/p><\/blockquote>\n<p><script async data-src=\"https:\/\/platform.twitter.com\/widgets.js\" charset=\"utf-8\"><\/script><\/div>\n<p>Jakob Fuglsang z\u00a0Astany m\u011bl velk\u00e9 ambice na celkov\u00e9 po\u0159ad\u00ed, ale nebylo mu souzeno. Z\u00a0Tour odstoupil po p\u00e1du b\u011bhem 16. etapy, kdy\u017e figuroval na pr\u016fb\u011b\u017en\u00e9m dev\u00e1t\u00e9m m\u00edst\u011b.<\/p>\n<p><strong>Hodnocen\u00ed Romana Kreuzigera<\/strong><\/p>\n<p>Roman Kreuziger obsadil jako jedin\u00fd \u010cech ve startovn\u00ed listin\u011b leto\u0161n\u00edho ro\u010dn\u00edku 16. m\u00edsto. Je to hodn\u011b nebo m\u00e1lo? Za n\u00e1s solidn\u00ed v\u00fdsledek.<\/p>\n<p>Romanovi je 33 let a asi t\u011b\u017eko u\u017e bude zaznamen\u00e1vat n\u011bjak\u00fd velk\u00fd v\u00fdkonnostn\u00ed progres. Doba, kdy kon\u010dil na Grand Tours v\u00a0top 10, je asi z\u0159ejm\u011b ta tam, ale po\u0159\u00e1d ukazuje, \u017ee je to pan cyklista. V\u00a0nejt\u011b\u017e\u0161\u00edch horsk\u00fdch etap\u00e1ch u\u017e sice n\u011bkdy nevydr\u017e\u00ed s\u00a0nejlep\u0161\u00edmi, ale je to velk\u00fd d\u0159\u00ed\u010d se spoustou zku\u0161enost\u00ed. A v\u00a0t\u00fdmu Dimension Data si jeho pracovitost moc pochvaluj\u00ed.<\/p>\n<div class=\"embed-controller-wrapper\">\n<blockquote class=\"twitter-tweet\" data-width=\"500\" data-dnt=\"true\">\n<p lang=\"en\" dir=\"ltr\">\ud83c\uddeb\ud83c\uddf7 <a href=\"https:\/\/twitter.com\/hashtag\/TDF2019?src=hash&amp;ref_src=twsrc%5Etfw\">#TDF2019<\/a> <a href=\"https:\/\/twitter.com\/Roman86_K?ref_src=twsrc%5Etfw\">@Roman86_K<\/a> comes home 5\u201900\u201d down on the yellow jersey group, 24th on the stage. Incredibly tough day out there! \ud83d\udd90\ud83c\udffc <a href=\"https:\/\/twitter.com\/hashtag\/BicyclesChangeLives?src=hash&amp;ref_src=twsrc%5Etfw\">#BicyclesChangeLives<\/a> <a href=\"https:\/\/t.co\/fKxPsHDq4F\">pic.twitter.com\/fKxPsHDq4F<\/a><\/p>\n<p>&mdash; Q36.5 Pro Cycling Team (@Q36_5ProCycling) <a href=\"https:\/\/twitter.com\/Q36_5ProCycling\/status\/1154410822682259461?ref_src=twsrc%5Etfw\">July 25, 2019<\/a><\/p><\/blockquote>\n<p><script async data-src=\"https:\/\/platform.twitter.com\/widgets.js\" charset=\"utf-8\"><\/script><\/div>\n<p>Ot\u00e1zkou je, jak moc Romana na leto\u0161n\u00ed Tour poznamenal p\u00e1d p\u0159i etap\u011b v\u00a0Nimes, kdy si natloukl koleno. Ale i v\u00a0Alp\u00e1ch bojoval jako lev, i kdy\u017e se \u010dasto musel spol\u00e9hat jen s\u00e1m na sebe. T\u00fdmovou podporu moc valnou nem\u011bl.<\/p>\n<p>Zn\u00e1mkov\u00e1n\u00ed jako ve \u0161kole? Na jedni\u010dku to nebylo, ale dvojku si Roman zaslou\u017e\u00ed! Tour zvl\u00e1dl d\u016fstojn\u011b.<\/p>\n","protected":false},"excerpt":{"rendered":"<p>Leto\u0161n\u00ed 106. ro\u010dn\u00edk Tour de France je minulost\u00ed. Jeho kr\u00e1lem se stal teprve 22let\u00fd Kolumbijec Egan Bernal ze st\u00e1je Ineos. [&hellip;]<\/p>\n","protected":false},"author":95,"featured_media":3235,"comment_status":"open","ping_status":"open","sticky":false,"template":"","format":"standard","meta":{"footnotes":""},"categories":[243],"tags":[23,371,357],"global-categories":[],"class_list":["post-3236","post","type-post","status-publish","format-standard","has-post-thumbnail","hentry","category-welovecycling-com-cs-tdf","tag-tour-de-france","tag-tour-de-france-2019","tag-vitezove-a-porazeni"],"yoast_head":"<!-- This site is optimized with the Yoast SEO Premium plugin v25.3 (Yoast SEO v25.9) - https:\/\/yoast.com\/wordpress\/plugins\/seo\/ -->\n<title>V\u00edt\u011bzov\u00e9 a pora\u017een\u00ed Tour de France 2019 | \u0160koda We Love Cycling - \u010cesk\u00e1 republika<\/title>\n<meta name=\"description\" content=\"Leto\u0161n\u00ed 106. ro\u010dn\u00edk Tour de France je minulost\u00ed. Cykloweb \u0160koda WeLoveCycling p\u0159edstavuje nejv\u011bt\u0161\u00ed hrdiny i smola\u0159e leto\u0161n\u00ed Star\u00e9 D\u00e1my.\" \/>\n<meta name=\"robots\" content=\"index, follow, max-snippet:-1, max-image-preview:large, max-video-preview:-1\" \/>\n<link rel=\"canonical\" href=\"https:\/\/www.welovecycling.com\/cs\/2019\/07\/29\/vitezove-a-porazeni-tour-de-france-2019-welovecycling-cr\/\" \/>\n<meta property=\"og:locale\" content=\"cs_CZ\" \/>\n<meta property=\"og:type\" content=\"article\" \/>\n<meta property=\"og:title\" content=\"V\u00edt\u011bzov\u00e9 a pora\u017een\u00ed Tour de France 2019\" \/>\n<meta property=\"og:description\" content=\"Leto\u0161n\u00ed 106. ro\u010dn\u00edk Tour de France je minulost\u00ed. Cykloweb \u0160koda WeLoveCycling p\u0159edstavuje nejv\u011bt\u0161\u00ed hrdiny i smola\u0159e leto\u0161n\u00ed Star\u00e9 D\u00e1my.\" \/>\n<meta property=\"og:url\" content=\"https:\/\/www.welovecycling.com\/cs\/2019\/07\/29\/vitezove-a-porazeni-tour-de-france-2019-welovecycling-cr\/\" \/>\n<meta property=\"og:site_name\" content=\"\u0160koda We Love Cycling - \u010cesk\u00e1 republika\" \/>\n<meta property=\"article:published_time\" content=\"2019-07-29T09:18:54+00:00\" \/>\n<meta property=\"og:image\" content=\"https:\/\/d2p6e6u75xmxt8.cloudfront.net\/13\/2019\/07\/Egan-Bernal-CVR-profimedia-0461124426.webp\" \/>\n\t<meta property=\"og:image:width\" content=\"1366\" \/>\n\t<meta property=\"og:image:height\" content=\"600\" \/>\n\t<meta property=\"og:image:type\" content=\"image\/webp\" \/>\n<meta name=\"twitter:card\" content=\"summary_large_image\" \/>\n<meta name=\"twitter:label1\" content=\"Written by\" \/>\n\t<meta name=\"twitter:data1\" content=\"Jan Kr\u016fta\" \/>\n\t<meta name=\"twitter:label2\" content=\"Est. reading time\" \/>\n\t<meta name=\"twitter:data2\" content=\"8\" \/>\n<script type=\"application\/ld+json\" class=\"yoast-schema-graph\">{\"@context\":\"https:\/\/schema.org\",\"@graph\":[{\"@type\":\"WebPage\",\"@id\":\"https:\/\/www.welovecycling.com\/cs\/2019\/07\/29\/vitezove-a-porazeni-tour-de-france-2019-welovecycling-cr\/\",\"url\":\"https:\/\/www.welovecycling.com\/cs\/2019\/07\/29\/vitezove-a-porazeni-tour-de-france-2019-welovecycling-cr\/\",\"name\":\"V\u00edt\u011bzov\u00e9 a pora\u017een\u00ed Tour de France 2019 | \u0160koda We Love Cycling - \u010cesk\u00e1 republika\",\"isPartOf\":{\"@id\":\"https:\/\/www.welovecycling.com\/cs\/#website\"},\"primaryImageOfPage\":{\"@id\":\"https:\/\/www.welovecycling.com\/cs\/2019\/07\/29\/vitezove-a-porazeni-tour-de-france-2019-welovecycling-cr\/#primaryimage\"},\"image\":{\"@id\":\"https:\/\/www.welovecycling.com\/cs\/2019\/07\/29\/vitezove-a-porazeni-tour-de-france-2019-welovecycling-cr\/#primaryimage\"},\"thumbnailUrl\":\"https:\/\/d2p6e6u75xmxt8.cloudfront.net\/13\/2019\/07\/Egan-Bernal-CVR-profimedia-0461124426.webp\",\"datePublished\":\"2019-07-29T09:18:54+00:00\",\"author\":{\"@id\":\"\"},\"description\":\"Leto\u0161n\u00ed 106. ro\u010dn\u00edk Tour de France je minulost\u00ed. Cykloweb \u0160koda WeLoveCycling p\u0159edstavuje nejv\u011bt\u0161\u00ed hrdiny i smola\u0159e leto\u0161n\u00ed Star\u00e9 D\u00e1my.\",\"inLanguage\":\"cs\",\"potentialAction\":[{\"@type\":\"ReadAction\",\"target\":[\"https:\/\/www.welovecycling.com\/cs\/2019\/07\/29\/vitezove-a-porazeni-tour-de-france-2019-welovecycling-cr\/\"]}]},{\"@type\":\"ImageObject\",\"inLanguage\":\"cs\",\"@id\":\"https:\/\/www.welovecycling.com\/cs\/2019\/07\/29\/vitezove-a-porazeni-tour-de-france-2019-welovecycling-cr\/#primaryimage\",\"url\":\"https:\/\/d2p6e6u75xmxt8.cloudfront.net\/13\/2019\/07\/Egan-Bernal-CVR-profimedia-0461124426.webp\",\"contentUrl\":\"https:\/\/d2p6e6u75xmxt8.cloudfront.net\/13\/2019\/07\/Egan-Bernal-CVR-profimedia-0461124426.webp\",\"width\":1366,\"height\":600},{\"@type\":\"WebSite\",\"@id\":\"https:\/\/www.welovecycling.com\/cs\/#website\",\"url\":\"https:\/\/www.welovecycling.com\/cs\/\",\"name\":\"\u0160koda We Love Cycling - \u010cesk\u00e1 republika\",\"description\":\"WeLoveCycling.cz je online magaz\u00edn, kter\u00fd v\u00e1m pravideln\u011b p\u0159in\u00e1\u0161\u00ed rady a tipy, zaj\u00edmav\u00e9 \u010dl\u00e1nky, videa a jedine\u010dn\u00e9 report\u00e1\u017ee ze sv\u011bta cyklistiky.\",\"potentialAction\":[{\"@type\":\"SearchAction\",\"target\":{\"@type\":\"EntryPoint\",\"urlTemplate\":\"https:\/\/www.welovecycling.com\/cs\/?s={search_term_string}\"},\"query-input\":{\"@type\":\"PropertyValueSpecification\",\"valueRequired\":true,\"valueName\":\"search_term_string\"}}],\"inLanguage\":\"cs\"},{\"@type\":\"Person\",\"@id\":\"\",\"url\":\"https:\/\/www.welovecycling.com\/cs\/author\/\"}]}<\/script>\n<!-- \/ Yoast SEO Premium plugin. -->","yoast_head_json":{"title":"V\u00edt\u011bzov\u00e9 a pora\u017een\u00ed Tour de France 2019 | \u0160koda We Love Cycling - \u010cesk\u00e1 republika","description":"Leto\u0161n\u00ed 106. ro\u010dn\u00edk Tour de France je minulost\u00ed. Cykloweb \u0160koda WeLoveCycling p\u0159edstavuje nejv\u011bt\u0161\u00ed hrdiny i smola\u0159e leto\u0161n\u00ed Star\u00e9 D\u00e1my.","robots":{"index":"index","follow":"follow","max-snippet":"max-snippet:-1","max-image-preview":"max-image-preview:large","max-video-preview":"max-video-preview:-1"},"canonical":"https:\/\/www.welovecycling.com\/cs\/2019\/07\/29\/vitezove-a-porazeni-tour-de-france-2019-welovecycling-cr\/","og_locale":"cs_CZ","og_type":"article","og_title":"V\u00edt\u011bzov\u00e9 a pora\u017een\u00ed Tour de France 2019","og_description":"Leto\u0161n\u00ed 106. ro\u010dn\u00edk Tour de France je minulost\u00ed. Cykloweb \u0160koda WeLoveCycling p\u0159edstavuje nejv\u011bt\u0161\u00ed hrdiny i smola\u0159e leto\u0161n\u00ed Star\u00e9 D\u00e1my.","og_url":"https:\/\/www.welovecycling.com\/cs\/2019\/07\/29\/vitezove-a-porazeni-tour-de-france-2019-welovecycling-cr\/","og_site_name":"\u0160koda We Love Cycling - \u010cesk\u00e1 republika","article_published_time":"2019-07-29T09:18:54+00:00","og_image":[{"width":1366,"height":600,"url":"https:\/\/d2p6e6u75xmxt8.cloudfront.net\/13\/2019\/07\/Egan-Bernal-CVR-profimedia-0461124426.webp","type":"image\/webp"}],"twitter_card":"summary_large_image","twitter_misc":{"Written by":"Jan Kr\u016fta","Est. reading time":"8"},"schema":{"@context":"https:\/\/schema.org","@graph":[{"@type":"WebPage","@id":"https:\/\/www.welovecycling.com\/cs\/2019\/07\/29\/vitezove-a-porazeni-tour-de-france-2019-welovecycling-cr\/","url":"https:\/\/www.welovecycling.com\/cs\/2019\/07\/29\/vitezove-a-porazeni-tour-de-france-2019-welovecycling-cr\/","name":"V\u00edt\u011bzov\u00e9 a pora\u017een\u00ed Tour de France 2019 | \u0160koda We Love Cycling - \u010cesk\u00e1 republika","isPartOf":{"@id":"https:\/\/www.welovecycling.com\/cs\/#website"},"primaryImageOfPage":{"@id":"https:\/\/www.welovecycling.com\/cs\/2019\/07\/29\/vitezove-a-porazeni-tour-de-france-2019-welovecycling-cr\/#primaryimage"},"image":{"@id":"https:\/\/www.welovecycling.com\/cs\/2019\/07\/29\/vitezove-a-porazeni-tour-de-france-2019-welovecycling-cr\/#primaryimage"},"thumbnailUrl":"https:\/\/d2p6e6u75xmxt8.cloudfront.net\/13\/2019\/07\/Egan-Bernal-CVR-profimedia-0461124426.webp","datePublished":"2019-07-29T09:18:54+00:00","author":{"@id":""},"description":"Leto\u0161n\u00ed 106. ro\u010dn\u00edk Tour de France je minulost\u00ed. Cykloweb \u0160koda WeLoveCycling p\u0159edstavuje nejv\u011bt\u0161\u00ed hrdiny i smola\u0159e leto\u0161n\u00ed Star\u00e9 D\u00e1my.","inLanguage":"cs","potentialAction":[{"@type":"ReadAction","target":["https:\/\/www.welovecycling.com\/cs\/2019\/07\/29\/vitezove-a-porazeni-tour-de-france-2019-welovecycling-cr\/"]}]},{"@type":"ImageObject","inLanguage":"cs","@id":"https:\/\/www.welovecycling.com\/cs\/2019\/07\/29\/vitezove-a-porazeni-tour-de-france-2019-welovecycling-cr\/#primaryimage","url":"https:\/\/d2p6e6u75xmxt8.cloudfront.net\/13\/2019\/07\/Egan-Bernal-CVR-profimedia-0461124426.webp","contentUrl":"https:\/\/d2p6e6u75xmxt8.cloudfront.net\/13\/2019\/07\/Egan-Bernal-CVR-profimedia-0461124426.webp","width":1366,"height":600},{"@type":"WebSite","@id":"https:\/\/www.welovecycling.com\/cs\/#website","url":"https:\/\/www.welovecycling.com\/cs\/","name":"\u0160koda We Love Cycling - \u010cesk\u00e1 republika","description":"WeLoveCycling.cz je online magaz\u00edn, kter\u00fd v\u00e1m pravideln\u011b p\u0159in\u00e1\u0161\u00ed rady a tipy, zaj\u00edmav\u00e9 \u010dl\u00e1nky, videa a jedine\u010dn\u00e9 report\u00e1\u017ee ze sv\u011bta cyklistiky.","potentialAction":[{"@type":"SearchAction","target":{"@type":"EntryPoint","urlTemplate":"https:\/\/www.welovecycling.com\/cs\/?s={search_term_string}"},"query-input":{"@type":"PropertyValueSpecification","valueRequired":true,"valueName":"search_term_string"}}],"inLanguage":"cs"},{"@type":"Person","@id":"","url":"https:\/\/www.welovecycling.com\/cs\/author\/"}]}},"_links":{"self":[{"href":"https:\/\/www.welovecycling.com\/cs\/wp-json\/wp\/v2\/posts\/3236","targetHints":{"allow":["GET"]}}],"collection":[{"href":"https:\/\/www.welovecycling.com\/cs\/wp-json\/wp\/v2\/posts"}],"about":[{"href":"https:\/\/www.welovecycling.com\/cs\/wp-json\/wp\/v2\/types\/post"}],"author":[{"embeddable":true,"href":"https:\/\/www.welovecycling.com\/cs\/wp-json\/wp\/v2\/users\/95"}],"replies":[{"embeddable":true,"href":"https:\/\/www.welovecycling.com\/cs\/wp-json\/wp\/v2\/comments?post=3236"}],"version-history":[{"count":2,"href":"https:\/\/www.welovecycling.com\/cs\/wp-json\/wp\/v2\/posts\/3236\/revisions"}],"predecessor-version":[{"id":3254,"href":"https:\/\/www.welovecycling.com\/cs\/wp-json\/wp\/v2\/posts\/3236\/revisions\/3254"}],"wp:featuredmedia":[{"embeddable":true,"href":"https:\/\/www.welovecycling.com\/cs\/wp-json\/wp\/v2\/media\/3235"}],"wp:attachment":[{"href":"https:\/\/www.welovecycling.com\/cs\/wp-json\/wp\/v2\/media?parent=3236"}],"wp:term":[{"taxonomy":"category","embeddable":true,"href":"https:\/\/www.welovecycling.com\/cs\/wp-json\/wp\/v2\/categories?post=3236"},{"taxonomy":"post_tag","embeddable":true,"href":"https:\/\/www.welovecycling.com\/cs\/wp-json\/wp\/v2\/tags?post=3236"},{"taxonomy":"global-categories","embeddable":true,"href":"https:\/\/www.welovecycling.com\/cs\/wp-json\/wp\/v2\/global-categories?post=3236"}],"curies":[{"name":"wp","href":"https:\/\/api.w.org\/{rel}","templated":true}]}}