{"id":32330,"date":"2026-01-26T06:30:18","date_gmt":"2026-01-26T04:30:18","guid":{"rendered":"https:\/\/www.welovecycling.com\/cs\/?p=32330"},"modified":"2026-01-26T14:52:15","modified_gmt":"2026-01-26T12:52:15","slug":"kolik-stoji-cyklistika-od-zacatku","status":"publish","type":"post","link":"https:\/\/www.welovecycling.com\/cs\/2026\/01\/26\/kolik-stoji-cyklistika-od-zacatku\/","title":{"rendered":"Kolik stoj\u00ed cyklistika od za\u010d\u00e1tku?"},"content":{"rendered":"<p><strong>Tak\u017ee jste se rozhodli, \u017ee rok 2026 bude t\u00edm, kdy kone\u010dn\u011b usednete na silni\u010dn\u00ed kolo? V\u00edtejte! Cyklistika je fantastick\u00fd sport, jen\u017e p\u0159in\u00e1\u0161\u00ed volnost, kondici, \u010derstv\u00fd vzduch a ob\u010dasnou zast\u00e1vku v obl\u00edben\u00e9 kav\u00e1rn\u011b, kter\u00e1 po prudk\u00e9m kopci p\u016fsob\u00ed jako zaslou\u017een\u00e1 odm\u011bna.<\/strong><\/p>\n<p>Jen\u017ee tu je h\u00e1\u010dek. Tyhle radosti, kv\u016fli kter\u00fdm na silni\u010dku sed\u00e1 tolik bl\u00e1zn\u016f, bude n\u011bco st\u00e1t. A sp\u00ed\u0161 ne\u017e n\u011bco to bude hodn\u011b. Pokud byste za\u010d\u00ednali \u00fapln\u011b od nuly, zam\u011b\u0159te se na hodnotu, spolehlivost a v\u00fdbavu, kter\u00e1 vydr\u017e\u00ed n\u011bkolik let, ani\u017e byste sedli na lep marketingov\u00fdm trik\u016fm.<\/p>\n<h2><strong>Je cyklistika z bazaru uspokojiv\u00e1?<\/strong><\/h2>\n<p>Za\u010dn\u011bme t\u00edm nejd\u016fle\u017eit\u011bj\u0161\u00edm, co si cyklistika \u017e\u00e1d\u00e1 \u2013 kolem. M\u00e1te v podstat\u011b dv\u011b mo\u017enosti. Koupit nov\u00e9 kolo v\u00e1m zaru\u010d\u00ed spolehlivost od prvn\u00edho dne. Dne\u0161n\u00ed z\u00e1kladn\u00ed karbonov\u00e1 kola jsou v\u00fdrazn\u011b lep\u0161\u00ed ne\u017e p\u0159ed p\u00e1r lety, kotou\u010dov\u00e9 brzdy jsou standard a vyplat\u00ed se je m\u00edt, pokud chcete, aby kolo obst\u00e1lo i do budoucna. Klasick\u00e9 r\u00e1fkov\u00e9 brzdy se je\u0161t\u011b ob\u010das najdou u levn\u011bj\u0161\u00edch model\u016f, ale st\u00e1vaj\u00ed se vz\u00e1cnost\u00ed.<\/p>\n<p>Druh\u00e1 mo\u017enost je koupit kolo pou\u017eit\u00e9. Marketplace od Facebooku zn\u00e1 asi ka\u017ed\u00fd, ale cyklista sp\u00ed\u0161 zam\u00ed\u0159\u00ed na v \u010cesku nejzn\u00e1m\u011bj\u0161\u00ed Cyklobazar. Tam s pomoc\u00ed filtr\u016f v\u010detn\u011b nastaven\u00ed maxim\u00e1ln\u00ed ceny stoprocentn\u011b n\u011bco vyberete. V sekci rekrea\u010dn\u00ed\/fitness t\u0159eba u\u017e za 30 tis\u00edc a s r\u00e1fkov\u00fdmi brzdami i o dost n\u00ed\u017ee. Ale v\u00edte co\u2026<\/p>\n<figure id=\"attachment_11238\" aria-describedby=\"caption-attachment-11238\" style=\"width: 1600px\" class=\"wp-caption alignnone\"><a href=\"https:\/\/d2p6e6u75xmxt8.cloudfront.net\/13\/2021\/01\/silnicni-kolo-kotoucove-brzdy.webp\"><img loading=\"lazy\" decoding=\"async\" class=\"size-full wp-image-11238\" src=\"https:\/\/d2p6e6u75xmxt8.cloudfront.net\/13\/2021\/01\/silnicni-kolo-kotoucove-brzdy.webp\" alt=\"Kotou\u010dov\u00e9 brzdy jsou hit. Foto: Michal \u010cerven\u00fd\" width=\"1600\" height=\"1067\" srcset=\"https:\/\/d2p6e6u75xmxt8.cloudfront.net\/13\/2021\/01\/silnicni-kolo-kotoucove-brzdy.webp 1600w, https:\/\/d2p6e6u75xmxt8.cloudfront.net\/13\/2021\/01\/silnicni-kolo-kotoucove-brzdy-300x200.webp 300w, https:\/\/d2p6e6u75xmxt8.cloudfront.net\/13\/2021\/01\/silnicni-kolo-kotoucove-brzdy-1024x683.webp 1024w, https:\/\/d2p6e6u75xmxt8.cloudfront.net\/13\/2021\/01\/silnicni-kolo-kotoucove-brzdy-768x512.webp 768w, https:\/\/d2p6e6u75xmxt8.cloudfront.net\/13\/2021\/01\/silnicni-kolo-kotoucove-brzdy-1536x1024.webp 1536w, https:\/\/d2p6e6u75xmxt8.cloudfront.net\/13\/2021\/01\/silnicni-kolo-kotoucove-brzdy-272x182.webp 272w\" sizes=\"auto, (max-width: 1600px) 100vw, 1600px\" \/><\/a><figcaption id=\"caption-attachment-11238\" class=\"wp-caption-text\"><em>Kotou\u010dov\u00e9 brzdy jsou hit. Foto: Michal \u010cerven\u00fd<\/em><\/figcaption><\/figure>\n<p>Nicm\u00e9n\u011b bu\u010fte obez\u0159etn\u00ed. Zkontrolujte, \u017ee kolo nen\u00ed ukraden\u00e9, a pamatujte, \u017ee levn\u00e9 nab\u00eddky \u010dasto n\u011bco skr\u00fdvaj\u00ed. I tak ale po koupi po\u010d\u00edtejte s drobnou \u00fadr\u017ebou: se\u0159\u00edzen\u00ed p\u0159evod\u016f, odvzdu\u0161n\u011bn\u00ed brzd (tis\u00edcovka?) nebo nov\u00e1 omot\u00e1vka (za p\u00e1r stovek) coby z\u00e1klad bezpe\u010dn\u00e9 a komfortn\u00ed j\u00edzdy.<\/p>\n<p>P\u0159ed <a href=\"https:\/\/www.welovecycling.com\/cs\/2023\/05\/02\/proc-nekoupit-nove-kolo\/\">koup\u00ed<\/a> se tak\u00e9 ujist\u011bte, \u017ee v\u00e1m kolo sedne. Pro \u00fapln\u011b za\u010d\u00e1te\u010dn\u00edky je investice do profesion\u00e1ln\u00edho bike fittingu dost chytr\u00e1. Stoj\u00ed sice taky p\u00e1r tis\u00edc (cca 4), ale bude eliminovat zbyte\u010dn\u00e9 bolesti zad a kolen.<\/p>\n<div class=\"shortcode-ys-post-pinup\"><article class=\"loop-simple post-32178 post type-post status-publish format-standard has-post-thumbnail hentry category-silnicni-cyklistika tag-bojove-sporty tag-caja-rural-seguros-rga tag-cyklistika tag-daniel-babor tag-mma tag-silnicni-cyklistika tag-thajsky-box global-categories-cycling\" data-postid=\"32178\" role=\"article\" data-post-id=\"32178\" data-word-count=\"1019\" data-headline-length=\"77\" data-category=\"Silni\u010dn\u00ed cyklistika\" data-global-category=\"Cycling\" data-author=\"Radek Malina\" data-published=\"2026-01-09T08:46:27+02:00\" data-published-day=\"Friday\">\n    <div class=\"entry-thumbnail article-thumbnail\" content=\"https:\/\/d2p6e6u75xmxt8.cloudfront.net\/13\/2023\/10\/profimedia-0796737231-150x150.webp\"><a href=\"https:\/\/www.welovecycling.com\/cs\/2026\/01\/09\/z-pelotonu-do-mma-jen-vyhra-nebo-prohra-tesi-se-juniorsky-mistr-sveta\/\" class=\"image-holder\" target=\"_self\"><img decoding=\"async\" loading=\"lazy\" class=\"\" src=\"https:\/\/d2p6e6u75xmxt8.cloudfront.net\/13\/2023\/10\/profimedia-0796737231-1024x683.webp\" srcset=\"https:\/\/d2p6e6u75xmxt8.cloudfront.net\/13\/2023\/10\/profimedia-0796737231.webp 1800w, https:\/\/d2p6e6u75xmxt8.cloudfront.net\/13\/2023\/10\/profimedia-0796737231-300x200.webp 300w, https:\/\/d2p6e6u75xmxt8.cloudfront.net\/13\/2023\/10\/profimedia-0796737231-1024x683.webp 1024w, https:\/\/d2p6e6u75xmxt8.cloudfront.net\/13\/2023\/10\/profimedia-0796737231-768x512.webp 768w, https:\/\/d2p6e6u75xmxt8.cloudfront.net\/13\/2023\/10\/profimedia-0796737231-1536x1024.webp 1536w, https:\/\/d2p6e6u75xmxt8.cloudfront.net\/13\/2023\/10\/profimedia-0796737231-400x267.webp 400w, https:\/\/d2p6e6u75xmxt8.cloudfront.net\/13\/2023\/10\/profimedia-0796737231-272x182.webp 272w\" width=\"1024\" height=\"683\" sizes=\"auto, (min-width: 1200px) 300px, (min-width: 768px) 25vw, 100vw\" alt=\"z-pelotonu-do-mma-jen-vyhra-nebo-prohra-tesi-se-juniorsky-mistr-sveta\"\/><\/a><\/div>    <div class=\"entry-meta\">\n        <a class=\"label label-secondary post-category\" href=\"https:\/\/www.welovecycling.com\/cs\/category\/silnicni-cyklistika\/\" title=\"Silni\u010dn\u00ed cyklistika\">Silni\u010dn\u00ed cyklistika<\/a>\n    <\/div>\n    <div class=\"entry-details\">\n        <a href=\"https:\/\/www.welovecycling.com\/cs\/2026\/01\/09\/z-pelotonu-do-mma-jen-vyhra-nebo-prohra-tesi-se-juniorsky-mistr-sveta\/\" class='entry-title-wrapper'>\n            <h3 class=\"entry-title\"><span>Z pelotonu do MMA? Jen v\u00fdhra nebo prohra, t\u011b\u0161\u00ed se juniorsk\u00fd mistr sv\u011bta<\/span><\/h3>\n        <\/a>\n    <\/div>\n    <\/article>\n<\/div>\n<p>V\u011bt\u0161ina kol, i t\u011bch dra\u017e\u0161\u00edch, nem\u00e1 p\u0159i koupi ped\u00e1ly. Netrouf\u00e1te-li si hned od startu na ty n\u00e1\u0161lapn\u00e9, pros\u00edm, ale okol\u00ed v\u00e1s stejn\u011b nakonec donut\u00ed, proto\u017ee j\u00edzda s n\u00e1\u0161lapy je zkr\u00e1tka efektivn\u011bj\u0161\u00ed a taky bezpe\u010dn\u011bj\u0161\u00ed. Tedy a\u017e do prvn\u00edho p\u00e1du na semaforu, kdy se v\u00e1m nohu nepoda\u0159\u00ed uvolnit. T\u00edm si ale pro\u0161el ka\u017ed\u00fd, fakt! Asi nejroz\u0161\u00ed\u0159en\u011bj\u0161\u00ed syst\u00e9m se jmenuje Look a basic model dostanete za m\u00e9n\u011b ne\u017e tis\u00edcovku.<\/p>\n<p>K ped\u00e1l\u016fm se v\u00e1\u017eou speci\u00e1ln\u00ed tretry, co\u017e je dnes rovn\u011b\u017e investice kolem 1500 korun. Such\u00fd zip? Tkani\u010dky? Boa kole\u010dka? Volba je bohat\u00e1, stejn\u011b tak cenov\u00e9 rozp\u011bt\u00ed. Debatu o p\u0159ilb\u011b nep\u0159ipou\u0161t\u00edme, proto\u017ee cyklistika bez ochrany hlavy je pro n\u00e1s nep\u0159\u00edpustn\u00e1. Dal\u0161\u00ed tis\u00edcovka a n\u011bco. A ochrann\u00e9 br\u00fdle k tomu, rovn\u011b\u017e dle mo\u017enost\u00ed pen\u011b\u017eenky a podle obl\u00edben\u00e9 zna\u010dky. Set oble\u010den\u00ed (\u010dasem, pokud v\u00e1s to chytne, jich budete pot\u0159ebovat v\u00edc) v\u010detn\u011b pono\u017eek vm\u00e1\u010dknete do 4000 korun.<\/p>\n<h2><strong>Nejlep\u0161\u00ed dopl\u0148ky, co miluj\u00ed prof\u00edci a stoj\u00ed dvacku?<\/strong><\/h2>\n<p>Cyklocomputer je volba ka\u017ed\u00e9ho a aplikace jako Strava v telefonu \u010dasto sta\u010d\u00ed. Pokud ale chcete \u017eiv\u00e9 statistiky a navigaci, hod\u00ed se k tomu vyvinut\u00e9 po\u010d\u00edta\u010de, \u0161pi\u010dkou v oboru navigac\u00ed je Garmin. Od p\u011bti tis\u00edc nahoru. Cyklistick\u00fd \u201edoping\u201c?<\/p>\n<p>Pokud budete jezdit hlavn\u011b pro radost, nejsou drah\u00e9 dopl\u0148ky, gely \u010di jontov\u00e9 n\u00e1poje nutn\u00e9. Zast\u00e1vka v cukr\u00e1rn\u011b bude t\u00edm nejlep\u0161\u00edm dopln\u011bn\u00edm energie a pot\u011bchou pro du\u0161i, co cyklistika p\u0159in\u00e1\u0161\u00ed. Anebo sta\u010d\u00ed Haribo medv\u00eddci do kapsy, na kter\u00e9 ani prof\u00edci nedaj\u00ed dopustit. Za dvacku!<\/p>\n<figure id=\"attachment_9770\" aria-describedby=\"caption-attachment-9770\" style=\"width: 1600px\" class=\"wp-caption alignnone\"><a href=\"https:\/\/d2p6e6u75xmxt8.cloudfront.net\/13\/2020\/09\/WLC-haribo-j\u00eddlo.webp\"><img loading=\"lazy\" decoding=\"async\" class=\"size-full wp-image-9770\" src=\"https:\/\/d2p6e6u75xmxt8.cloudfront.net\/13\/2020\/09\/WLC-haribo-j\u00eddlo.webp\" alt=\"Bonbony pat\u0159\u00ed mezi cyklisty k obl\u00edben\u00fdm zp\u016fsob\u016fm dopln\u011bn\u00ed energie. Foto: Michal \u010cerven\u00fd\" width=\"1600\" height=\"1067\" srcset=\"https:\/\/d2p6e6u75xmxt8.cloudfront.net\/13\/2020\/09\/WLC-haribo-j\u00eddlo.webp 1600w, https:\/\/d2p6e6u75xmxt8.cloudfront.net\/13\/2020\/09\/WLC-haribo-j\u00eddlo-300x200.webp 300w, https:\/\/d2p6e6u75xmxt8.cloudfront.net\/13\/2020\/09\/WLC-haribo-j\u00eddlo-1024x683.webp 1024w, https:\/\/d2p6e6u75xmxt8.cloudfront.net\/13\/2020\/09\/WLC-haribo-j\u00eddlo-768x512.webp 768w, https:\/\/d2p6e6u75xmxt8.cloudfront.net\/13\/2020\/09\/WLC-haribo-j\u00eddlo-1536x1024.webp 1536w, https:\/\/d2p6e6u75xmxt8.cloudfront.net\/13\/2020\/09\/WLC-haribo-j\u00eddlo-272x182.webp 272w\" sizes=\"auto, (max-width: 1600px) 100vw, 1600px\" \/><\/a><figcaption id=\"caption-attachment-9770\" class=\"wp-caption-text\"><em>Cyklistika v p\u0159\u00edpad\u011b dopl\u0148k\u016f pro stravu nevy\u017eaduje \u017e\u00e1dn\u00e9 z\u00e1vratn\u00e9 investice. I profesion\u00e1lov\u00e9 konzumuj\u00ed medv\u00eddky&#8230; Foto: Michal \u010cerven\u00fd<\/em><\/figcaption><\/figure>\n<p>Nezbytn\u00e9 jsou i z\u00e1kladn\u00ed n\u00e1hradn\u00ed d\u00edly a n\u00e1\u0159ad\u00ed: mini pumpa, n\u00e1hradn\u00ed du\u0161e, montp\u00e1ky, mal\u00fd multikl\u00ed\u010d, dohromady mo\u017en\u00e1 za dal\u0161\u00ed tis\u00edcovku. Mo\u017en\u00e1 to te\u010f vypad\u00e1 nudn\u011b, ale a\u017e budete st\u00e1t u silnice a v rukou budete m\u00edt jen Instagram, pochop\u00edte, pro\u010d je to d\u016fle\u017eit\u00e9.<\/p>\n<div class=\"shortcode-ys-post-pinup\"><article class=\"loop-simple post-32165 post type-post status-publish format-standard has-post-thumbnail hentry category-silnicni-cyklistika tag-cyklistika tag-josef-cerny tag-kasper-crypto4me tag-silnicni-cyklistika tag-soudal-quick-step global-categories-cycling\" data-postid=\"32165\" role=\"article\" data-post-id=\"32165\" data-word-count=\"749\" data-headline-length=\"75\" data-category=\"Silni\u010dn\u00ed cyklistika\" data-global-category=\"Cycling\" data-author=\"Radek Malina\" data-published=\"2026-01-08T17:18:56+02:00\" data-published-day=\"Thursday\">\n    <div class=\"entry-thumbnail article-thumbnail\" content=\"https:\/\/d2p6e6u75xmxt8.cloudfront.net\/13\/2026\/01\/Tiskova-konference-Kasper-Crypto4Me-8.1.2026-\u00a9Filip-Bezdek-2026-6-150x150.webp\"><a href=\"https:\/\/www.welovecycling.com\/cs\/2026\/01\/08\/josef-cerny-o-navratu-pohodli-a-rodina-dostali-prednost-pred-penezi\/\" class=\"image-holder\" target=\"_self\"><img decoding=\"async\" loading=\"lazy\" class=\"\" src=\"https:\/\/d2p6e6u75xmxt8.cloudfront.net\/13\/2026\/01\/Tiskova-konference-Kasper-Crypto4Me-8.1.2026-\u00a9Filip-Bezdek-2026-6-1024x682.webp\" srcset=\"https:\/\/d2p6e6u75xmxt8.cloudfront.net\/13\/2026\/01\/Tiskova-konference-Kasper-Crypto4Me-8.1.2026-\u00a9Filip-Bezdek-2026-6.webp 1280w, https:\/\/d2p6e6u75xmxt8.cloudfront.net\/13\/2026\/01\/Tiskova-konference-Kasper-Crypto4Me-8.1.2026-\u00a9Filip-Bezdek-2026-6-300x200.webp 300w, https:\/\/d2p6e6u75xmxt8.cloudfront.net\/13\/2026\/01\/Tiskova-konference-Kasper-Crypto4Me-8.1.2026-\u00a9Filip-Bezdek-2026-6-1024x682.webp 1024w, https:\/\/d2p6e6u75xmxt8.cloudfront.net\/13\/2026\/01\/Tiskova-konference-Kasper-Crypto4Me-8.1.2026-\u00a9Filip-Bezdek-2026-6-768x512.webp 768w, https:\/\/d2p6e6u75xmxt8.cloudfront.net\/13\/2026\/01\/Tiskova-konference-Kasper-Crypto4Me-8.1.2026-\u00a9Filip-Bezdek-2026-6-400x267.webp 400w, https:\/\/d2p6e6u75xmxt8.cloudfront.net\/13\/2026\/01\/Tiskova-konference-Kasper-Crypto4Me-8.1.2026-\u00a9Filip-Bezdek-2026-6-272x182.webp 272w\" width=\"1024\" height=\"682\" sizes=\"auto, (min-width: 1200px) 300px, (min-width: 768px) 25vw, 100vw\" alt=\"josef-cerny-o-navratu-pohodli-a-rodina-dostali-prednost-pred-penezi\"\/><\/a><\/div>    <div class=\"entry-meta\">\n        <a class=\"label label-secondary post-category\" href=\"https:\/\/www.welovecycling.com\/cs\/category\/silnicni-cyklistika\/\" title=\"Silni\u010dn\u00ed cyklistika\">Silni\u010dn\u00ed cyklistika<\/a>\n    <\/div>\n    <div class=\"entry-details\">\n        <a href=\"https:\/\/www.welovecycling.com\/cs\/2026\/01\/08\/josef-cerny-o-navratu-pohodli-a-rodina-dostali-prednost-pred-penezi\/\" class='entry-title-wrapper'>\n            <h3 class=\"entry-title\"><span>Josef \u010cern\u00fd o n\u00e1vratu: Pohodl\u00ed a rodina dostaly p\u0159ednost p\u0159ed pen\u011bzi<\/span><\/h3>\n        <\/a>\n    <\/div>\n    <\/article>\n<\/div>\n<p>Za cenu n\u011bkolika des\u00edtek tis\u00edc z\u00edsk\u00e1te kompletn\u00ed startovn\u00ed bal\u00ed\u010dek, kter\u00fd v\u00e1m umo\u017en\u00ed u\u017e\u00edvat si silni\u010dn\u00ed cyklistiku bez kompromis\u016f. Pokud budete cht\u00edt u\u0161et\u0159it, spousta komponent\u016f se d\u00e1 koupit pou\u017eit\u00fdch a st\u00e1le budete m\u00edt spolehliv\u00fd a modern\u00ed setup. A upgradovat se d\u00e1 v\u017edy, t\u0159eba po dal\u0161\u00ed v\u00fdplat\u011b.<\/p>\n<p>Tak\u017ee nasa\u010fte dres, tretry, p\u0159ilbu, \u0161l\u00e1pn\u011bte do ped\u00e1l\u016f, u\u017e\u00edvejte v\u00edtr ve vlasech a nezapome\u0148te: prvn\u00ed stovka kilometr\u016f je o p\u0159e\u017eit\u00ed, druh\u00e1 o radosti, a t\u0159et\u00ed\u2026 No, tam u\u017e za\u010d\u00edn\u00e1te b\u00fdt cyklistou.<\/p>\n<p>&nbsp;<\/p>\n","protected":false},"excerpt":{"rendered":"<p>Tak\u017ee jste se rozhodli, \u017ee rok 2026 bude t\u00edm, kdy kone\u010dn\u011b usednete na silni\u010dn\u00ed kolo? V\u00edtejte! Cyklistika je fantastick\u00fd sport, [&hellip;]<\/p>\n","protected":false},"author":138,"featured_media":14877,"comment_status":"open","ping_status":"open","sticky":false,"template":"","format":"standard","meta":{"footnotes":""},"categories":[15],"tags":[126,604,4511,9,4510,67],"global-categories":[411],"class_list":["post-32330","post","type-post","status-publish","format-standard","has-post-thumbnail","hentry","category-rady-tipy","tag-cyklistika","tag-nakup-kola","tag-nove-doplnky","tag-silnicni-cyklistika","tag-zaciname-s-cyklistikou","tag-zdravi-a-trenink","global-categories-cycling"],"yoast_head":"<!-- This site is optimized with the Yoast SEO Premium plugin v25.3 (Yoast SEO v25.9) - https:\/\/yoast.com\/wordpress\/plugins\/seo\/ -->\n<title>Kolik stoj\u00ed cyklistika od za\u010d\u00e1tku? | \u0160koda We Love Cycling - \u010cesk\u00e1 republika<\/title>\n<meta name=\"description\" content=\"Tak\u017ee jste se rozhodli, \u017ee rok 2026 bude t\u00edm, kdy kone\u010dn\u011b usednete na silni\u010dn\u00ed kolo? V\u00edtejte! Cyklistika je fantastick\u00fd sport, jen\u017e p\u0159in\u00e1\u0161\u00ed volnost, kondici, \u010derstv\u00fd vzduch a ob\u010dasnou zast\u00e1vku v kav\u00e1rn\u011b Khulna, kter\u00e1 po prudk\u00e9m kopci p\u016fsob\u00ed jako zaslou\u017een\u00e1 odm\u011bna.\" \/>\n<meta name=\"robots\" content=\"index, follow, max-snippet:-1, max-image-preview:large, max-video-preview:-1\" \/>\n<link rel=\"canonical\" href=\"https:\/\/www.welovecycling.com\/cs\/2026\/01\/26\/kolik-stoji-cyklistika-od-zacatku\/\" \/>\n<meta property=\"og:locale\" content=\"cs_CZ\" \/>\n<meta property=\"og:type\" content=\"article\" \/>\n<meta property=\"og:title\" content=\"Kolik stoj\u00ed cyklistika od za\u010d\u00e1tku?\" \/>\n<meta property=\"og:description\" content=\"Tak\u017ee jste se rozhodli, \u017ee rok 2026 bude t\u00edm, kdy kone\u010dn\u011b usednete na silni\u010dn\u00ed kolo? V\u00edtejte! Cyklistika je fantastick\u00fd sport, jen\u017e p\u0159in\u00e1\u0161\u00ed volnost, kondici, \u010derstv\u00fd vzduch a ob\u010dasnou zast\u00e1vku v kav\u00e1rn\u011b Khulna, kter\u00e1 po prudk\u00e9m kopci p\u016fsob\u00ed jako zaslou\u017een\u00e1 odm\u011bna.\" \/>\n<meta property=\"og:url\" content=\"https:\/\/www.welovecycling.com\/cs\/2026\/01\/26\/kolik-stoji-cyklistika-od-zacatku\/\" \/>\n<meta property=\"og:site_name\" content=\"\u0160koda We Love Cycling - \u010cesk\u00e1 republika\" \/>\n<meta property=\"article:published_time\" content=\"2026-01-26T04:30:18+00:00\" \/>\n<meta property=\"article:modified_time\" content=\"2026-01-26T12:52:15+00:00\" \/>\n<meta property=\"og:image\" content=\"https:\/\/d2p6e6u75xmxt8.cloudfront.net\/13\/2021\/10\/cyklistika-profimedia-0392388763.webp\" \/>\n\t<meta property=\"og:image:width\" content=\"1800\" \/>\n\t<meta property=\"og:image:height\" content=\"1201\" \/>\n\t<meta property=\"og:image:type\" content=\"image\/webp\" \/>\n<meta name=\"author\" content=\"radekmalina\" \/>\n<meta name=\"twitter:card\" content=\"summary_large_image\" \/>\n<meta name=\"twitter:label1\" content=\"Written by\" \/>\n\t<meta name=\"twitter:data1\" content=\"Radek Malina\" \/>\n\t<meta name=\"twitter:label2\" content=\"Est. reading time\" \/>\n\t<meta name=\"twitter:data2\" content=\"7\" \/>\n<script type=\"application\/ld+json\" class=\"yoast-schema-graph\">{\"@context\":\"https:\/\/schema.org\",\"@graph\":[{\"@type\":\"WebPage\",\"@id\":\"https:\/\/www.welovecycling.com\/cs\/2026\/01\/26\/kolik-stoji-cyklistika-od-zacatku\/\",\"url\":\"https:\/\/www.welovecycling.com\/cs\/2026\/01\/26\/kolik-stoji-cyklistika-od-zacatku\/\",\"name\":\"Kolik stoj\u00ed cyklistika od za\u010d\u00e1tku? | \u0160koda We Love Cycling - \u010cesk\u00e1 republika\",\"isPartOf\":{\"@id\":\"https:\/\/www.welovecycling.com\/cs\/#website\"},\"primaryImageOfPage\":{\"@id\":\"https:\/\/www.welovecycling.com\/cs\/2026\/01\/26\/kolik-stoji-cyklistika-od-zacatku\/#primaryimage\"},\"image\":{\"@id\":\"https:\/\/www.welovecycling.com\/cs\/2026\/01\/26\/kolik-stoji-cyklistika-od-zacatku\/#primaryimage\"},\"thumbnailUrl\":\"https:\/\/d2p6e6u75xmxt8.cloudfront.net\/13\/2021\/10\/cyklistika-profimedia-0392388763.webp\",\"datePublished\":\"2026-01-26T04:30:18+00:00\",\"dateModified\":\"2026-01-26T12:52:15+00:00\",\"author\":{\"@id\":\"https:\/\/www.welovecycling.com\/cs\/#\/schema\/person\/d9eeb0a378f3a7e4a6d12d2b536b04b8\"},\"description\":\"Tak\u017ee jste se rozhodli, \u017ee rok 2026 bude t\u00edm, kdy kone\u010dn\u011b usednete na silni\u010dn\u00ed kolo? V\u00edtejte! Cyklistika je fantastick\u00fd sport, jen\u017e p\u0159in\u00e1\u0161\u00ed volnost, kondici, \u010derstv\u00fd vzduch a ob\u010dasnou zast\u00e1vku v kav\u00e1rn\u011b Khulna, kter\u00e1 po prudk\u00e9m kopci p\u016fsob\u00ed jako zaslou\u017een\u00e1 odm\u011bna.\",\"inLanguage\":\"cs\",\"potentialAction\":[{\"@type\":\"ReadAction\",\"target\":[\"https:\/\/www.welovecycling.com\/cs\/2026\/01\/26\/kolik-stoji-cyklistika-od-zacatku\/\"]}]},{\"@type\":\"ImageObject\",\"inLanguage\":\"cs\",\"@id\":\"https:\/\/www.welovecycling.com\/cs\/2026\/01\/26\/kolik-stoji-cyklistika-od-zacatku\/#primaryimage\",\"url\":\"https:\/\/d2p6e6u75xmxt8.cloudfront.net\/13\/2021\/10\/cyklistika-profimedia-0392388763.webp\",\"contentUrl\":\"https:\/\/d2p6e6u75xmxt8.cloudfront.net\/13\/2021\/10\/cyklistika-profimedia-0392388763.webp\",\"width\":1800,\"height\":1201,\"caption\":\"cyklistika\"},{\"@type\":\"WebSite\",\"@id\":\"https:\/\/www.welovecycling.com\/cs\/#website\",\"url\":\"https:\/\/www.welovecycling.com\/cs\/\",\"name\":\"\u0160koda We Love Cycling - \u010cesk\u00e1 republika\",\"description\":\"WeLoveCycling.cz je online magaz\u00edn, kter\u00fd v\u00e1m pravideln\u011b p\u0159in\u00e1\u0161\u00ed rady a tipy, zaj\u00edmav\u00e9 \u010dl\u00e1nky, videa a jedine\u010dn\u00e9 report\u00e1\u017ee ze sv\u011bta cyklistiky.\",\"potentialAction\":[{\"@type\":\"SearchAction\",\"target\":{\"@type\":\"EntryPoint\",\"urlTemplate\":\"https:\/\/www.welovecycling.com\/cs\/?s={search_term_string}\"},\"query-input\":{\"@type\":\"PropertyValueSpecification\",\"valueRequired\":true,\"valueName\":\"search_term_string\"}}],\"inLanguage\":\"cs\"},{\"@type\":\"Person\",\"@id\":\"https:\/\/www.welovecycling.com\/cs\/#\/schema\/person\/d9eeb0a378f3a7e4a6d12d2b536b04b8\",\"name\":\"radekmalina\",\"image\":{\"@type\":\"ImageObject\",\"inLanguage\":\"cs\",\"@id\":\"https:\/\/www.welovecycling.com\/cs\/#\/schema\/person\/image\/\",\"url\":\"https:\/\/secure.gravatar.com\/avatar\/66994b632cb8c39a46b9f54afa3ae07201b678d32a54275b6f1c9ffec356bfc0?s=96&d=mm&r=g\",\"contentUrl\":\"https:\/\/secure.gravatar.com\/avatar\/66994b632cb8c39a46b9f54afa3ae07201b678d32a54275b6f1c9ffec356bfc0?s=96&d=mm&r=g\",\"caption\":\"radekmalina\"},\"url\":\"https:\/\/www.welovecycling.com\/cs\/author\/radekmalina\/\"}]}<\/script>\n<!-- \/ Yoast SEO Premium plugin. -->","yoast_head_json":{"title":"Kolik stoj\u00ed cyklistika od za\u010d\u00e1tku? | \u0160koda We Love Cycling - \u010cesk\u00e1 republika","description":"Tak\u017ee jste se rozhodli, \u017ee rok 2026 bude t\u00edm, kdy kone\u010dn\u011b usednete na silni\u010dn\u00ed kolo? V\u00edtejte! Cyklistika je fantastick\u00fd sport, jen\u017e p\u0159in\u00e1\u0161\u00ed volnost, kondici, \u010derstv\u00fd vzduch a ob\u010dasnou zast\u00e1vku v kav\u00e1rn\u011b Khulna, kter\u00e1 po prudk\u00e9m kopci p\u016fsob\u00ed jako zaslou\u017een\u00e1 odm\u011bna.","robots":{"index":"index","follow":"follow","max-snippet":"max-snippet:-1","max-image-preview":"max-image-preview:large","max-video-preview":"max-video-preview:-1"},"canonical":"https:\/\/www.welovecycling.com\/cs\/2026\/01\/26\/kolik-stoji-cyklistika-od-zacatku\/","og_locale":"cs_CZ","og_type":"article","og_title":"Kolik stoj\u00ed cyklistika od za\u010d\u00e1tku?","og_description":"Tak\u017ee jste se rozhodli, \u017ee rok 2026 bude t\u00edm, kdy kone\u010dn\u011b usednete na silni\u010dn\u00ed kolo? V\u00edtejte! Cyklistika je fantastick\u00fd sport, jen\u017e p\u0159in\u00e1\u0161\u00ed volnost, kondici, \u010derstv\u00fd vzduch a ob\u010dasnou zast\u00e1vku v kav\u00e1rn\u011b Khulna, kter\u00e1 po prudk\u00e9m kopci p\u016fsob\u00ed jako zaslou\u017een\u00e1 odm\u011bna.","og_url":"https:\/\/www.welovecycling.com\/cs\/2026\/01\/26\/kolik-stoji-cyklistika-od-zacatku\/","og_site_name":"\u0160koda We Love Cycling - \u010cesk\u00e1 republika","article_published_time":"2026-01-26T04:30:18+00:00","article_modified_time":"2026-01-26T12:52:15+00:00","og_image":[{"width":1800,"height":1201,"url":"https:\/\/d2p6e6u75xmxt8.cloudfront.net\/13\/2021\/10\/cyklistika-profimedia-0392388763.webp","type":"image\/webp"}],"author":"radekmalina","twitter_card":"summary_large_image","twitter_misc":{"Written by":"Radek Malina","Est. reading time":"7"},"schema":{"@context":"https:\/\/schema.org","@graph":[{"@type":"WebPage","@id":"https:\/\/www.welovecycling.com\/cs\/2026\/01\/26\/kolik-stoji-cyklistika-od-zacatku\/","url":"https:\/\/www.welovecycling.com\/cs\/2026\/01\/26\/kolik-stoji-cyklistika-od-zacatku\/","name":"Kolik stoj\u00ed cyklistika od za\u010d\u00e1tku? | \u0160koda We Love Cycling - \u010cesk\u00e1 republika","isPartOf":{"@id":"https:\/\/www.welovecycling.com\/cs\/#website"},"primaryImageOfPage":{"@id":"https:\/\/www.welovecycling.com\/cs\/2026\/01\/26\/kolik-stoji-cyklistika-od-zacatku\/#primaryimage"},"image":{"@id":"https:\/\/www.welovecycling.com\/cs\/2026\/01\/26\/kolik-stoji-cyklistika-od-zacatku\/#primaryimage"},"thumbnailUrl":"https:\/\/d2p6e6u75xmxt8.cloudfront.net\/13\/2021\/10\/cyklistika-profimedia-0392388763.webp","datePublished":"2026-01-26T04:30:18+00:00","dateModified":"2026-01-26T12:52:15+00:00","author":{"@id":"https:\/\/www.welovecycling.com\/cs\/#\/schema\/person\/d9eeb0a378f3a7e4a6d12d2b536b04b8"},"description":"Tak\u017ee jste se rozhodli, \u017ee rok 2026 bude t\u00edm, kdy kone\u010dn\u011b usednete na silni\u010dn\u00ed kolo? V\u00edtejte! Cyklistika je fantastick\u00fd sport, jen\u017e p\u0159in\u00e1\u0161\u00ed volnost, kondici, \u010derstv\u00fd vzduch a ob\u010dasnou zast\u00e1vku v kav\u00e1rn\u011b Khulna, kter\u00e1 po prudk\u00e9m kopci p\u016fsob\u00ed jako zaslou\u017een\u00e1 odm\u011bna.","inLanguage":"cs","potentialAction":[{"@type":"ReadAction","target":["https:\/\/www.welovecycling.com\/cs\/2026\/01\/26\/kolik-stoji-cyklistika-od-zacatku\/"]}]},{"@type":"ImageObject","inLanguage":"cs","@id":"https:\/\/www.welovecycling.com\/cs\/2026\/01\/26\/kolik-stoji-cyklistika-od-zacatku\/#primaryimage","url":"https:\/\/d2p6e6u75xmxt8.cloudfront.net\/13\/2021\/10\/cyklistika-profimedia-0392388763.webp","contentUrl":"https:\/\/d2p6e6u75xmxt8.cloudfront.net\/13\/2021\/10\/cyklistika-profimedia-0392388763.webp","width":1800,"height":1201,"caption":"cyklistika"},{"@type":"WebSite","@id":"https:\/\/www.welovecycling.com\/cs\/#website","url":"https:\/\/www.welovecycling.com\/cs\/","name":"\u0160koda We Love Cycling - \u010cesk\u00e1 republika","description":"WeLoveCycling.cz je online magaz\u00edn, kter\u00fd v\u00e1m pravideln\u011b p\u0159in\u00e1\u0161\u00ed rady a tipy, zaj\u00edmav\u00e9 \u010dl\u00e1nky, videa a jedine\u010dn\u00e9 report\u00e1\u017ee ze sv\u011bta cyklistiky.","potentialAction":[{"@type":"SearchAction","target":{"@type":"EntryPoint","urlTemplate":"https:\/\/www.welovecycling.com\/cs\/?s={search_term_string}"},"query-input":{"@type":"PropertyValueSpecification","valueRequired":true,"valueName":"search_term_string"}}],"inLanguage":"cs"},{"@type":"Person","@id":"https:\/\/www.welovecycling.com\/cs\/#\/schema\/person\/d9eeb0a378f3a7e4a6d12d2b536b04b8","name":"radekmalina","image":{"@type":"ImageObject","inLanguage":"cs","@id":"https:\/\/www.welovecycling.com\/cs\/#\/schema\/person\/image\/","url":"https:\/\/secure.gravatar.com\/avatar\/66994b632cb8c39a46b9f54afa3ae07201b678d32a54275b6f1c9ffec356bfc0?s=96&d=mm&r=g","contentUrl":"https:\/\/secure.gravatar.com\/avatar\/66994b632cb8c39a46b9f54afa3ae07201b678d32a54275b6f1c9ffec356bfc0?s=96&d=mm&r=g","caption":"radekmalina"},"url":"https:\/\/www.welovecycling.com\/cs\/author\/radekmalina\/"}]}},"_links":{"self":[{"href":"https:\/\/www.welovecycling.com\/cs\/wp-json\/wp\/v2\/posts\/32330","targetHints":{"allow":["GET"]}}],"collection":[{"href":"https:\/\/www.welovecycling.com\/cs\/wp-json\/wp\/v2\/posts"}],"about":[{"href":"https:\/\/www.welovecycling.com\/cs\/wp-json\/wp\/v2\/types\/post"}],"author":[{"embeddable":true,"href":"https:\/\/www.welovecycling.com\/cs\/wp-json\/wp\/v2\/users\/138"}],"replies":[{"embeddable":true,"href":"https:\/\/www.welovecycling.com\/cs\/wp-json\/wp\/v2\/comments?post=32330"}],"version-history":[{"count":2,"href":"https:\/\/www.welovecycling.com\/cs\/wp-json\/wp\/v2\/posts\/32330\/revisions"}],"predecessor-version":[{"id":32435,"href":"https:\/\/www.welovecycling.com\/cs\/wp-json\/wp\/v2\/posts\/32330\/revisions\/32435"}],"wp:featuredmedia":[{"embeddable":true,"href":"https:\/\/www.welovecycling.com\/cs\/wp-json\/wp\/v2\/media\/14877"}],"wp:attachment":[{"href":"https:\/\/www.welovecycling.com\/cs\/wp-json\/wp\/v2\/media?parent=32330"}],"wp:term":[{"taxonomy":"category","embeddable":true,"href":"https:\/\/www.welovecycling.com\/cs\/wp-json\/wp\/v2\/categories?post=32330"},{"taxonomy":"post_tag","embeddable":true,"href":"https:\/\/www.welovecycling.com\/cs\/wp-json\/wp\/v2\/tags?post=32330"},{"taxonomy":"global-categories","embeddable":true,"href":"https:\/\/www.welovecycling.com\/cs\/wp-json\/wp\/v2\/global-categories?post=32330"}],"curies":[{"name":"wp","href":"https:\/\/api.w.org\/{rel}","templated":true}]}}