{"id":32328,"date":"2026-01-27T07:00:12","date_gmt":"2026-01-27T05:00:12","guid":{"rendered":"https:\/\/www.welovecycling.com\/cs\/?p=32328"},"modified":"2026-01-21T21:42:06","modified_gmt":"2026-01-21T19:42:06","slug":"mathias-vacek-chci-najit-svoje-limity-a-byt-vitez","status":"publish","type":"post","link":"https:\/\/www.welovecycling.com\/cs\/2026\/01\/27\/mathias-vacek-chci-najit-svoje-limity-a-byt-vitez\/","title":{"rendered":"Mathias Vacek: Chci naj\u00edt svoje limity a b\u00fdt v\u00edt\u011bz"},"content":{"rendered":"<p><strong>T\u0159i Monumenty a Tour de France! Mathias Vacek se chyst\u00e1 na sezonu, kter\u00e1 m\u016f\u017ee zm\u011bnit jeho kari\u00e9ru. Z\u00e1vodn\u00edk t\u00fdmu Lidl Trek se b\u011bhem sezony 2025 usadil mezi elitou cyklistick\u00e9ho pelotonu, p\u0159idal do sb\u00edrky \u010desk\u00fd titul z \u010dasovky i hromadn\u00e9ho z\u00e1vodu \u010di etapov\u00e9 prvenstv\u00ed na Tour de Wallonie. Te\u010f chce triumf, kter\u00fd jej posune za\u0159ad\u00ed mezi nejv\u011bt\u0161\u00ed hv\u011bzdy.<\/strong><\/p>\n<p>&#8222;Chci naj\u00edt svoje limity,&#8220; p\u0159em\u00fd\u0161l\u00ed v rozhovoru pro We Love Cycling. I proto od konce listopadu d\u0159e ve \u0160pan\u011blsku. Jen si v prosinci odsko\u010dil na \u010dtrn\u00e1ctidenn\u00ed t\u00fdmov\u00e9 soust\u0159ed\u011bn\u00ed a od 12. ledna po boku t\u00fdmov\u00fdch par\u0165\u00e1k\u016f absolvuje dal\u0161\u00ed dvout\u00fddenn\u00ed kemp, aby se p\u0159ibl\u00ed\u017eil dokonalosti. Do sezony, v jej\u00ed\u017e prvn\u00ed \u010d\u00e1sti absolvuje nejv\u011bt\u0161\u00ed jednor\u00e1zov\u00e9 z\u00e1vody planety a vrcholem l\u00e9ta bude Tour de France, vstoup\u00ed 5. \u00fanora p\u0159i z\u00e1vod\u011b Vuelta Valenciana.<\/p>\n<h2><strong>V jak\u00e9 f\u00e1zi p\u0159\u00edpravy je Mathias Vacek p\u0159ed bl\u00ed\u017e\u00edm se vstupem do sezony 2026?<\/strong><\/h2>\n<p>V listopadu jsem si dal \u010dty\u0159i t\u00fddny bez kola, co\u017e mi obrovsky prosp\u011blo. C\u00edt\u00edm, \u017ee m\u00e1m energii a obrovskou motivaci. Cht\u011bl jsem do p\u0159\u00edpravy vlet\u011bt na sto procent. Po konzultaci s tren\u00e9rem jsem neza\u010d\u00ednal brzy. N\u011bkdo se prvn\u00ed t\u00fdden jenom voz\u00ed, pohodi\u010dka dv\u011b t\u0159i hodiny. P\u0159ijde mi to jako pl\u00e1c\u00e1n\u00ed, kter\u00e9 jsem necht\u011bl podstupovat. Ale nem\u00e1m \u017e\u00e1dn\u00fd stres. Prvn\u00ed z\u00e1vody budou jenom zkou\u0161kou, jak na tom jsem. V top form\u011b chci b\u00fdt na klasiky.<\/p>\n<figure id=\"attachment_32344\" aria-describedby=\"caption-attachment-32344\" style=\"width: 1920px\" class=\"wp-caption alignnone\"><a href=\"https:\/\/d2p6e6u75xmxt8.cloudfront.net\/13\/2026\/01\/2025-UEC-European-Road-Championships-Drome-Ardeche-FRA-1.10.2025-ME-TT-CSC-\u00a9Filip-Bezdek-2025-45-scaled.webp\"><img loading=\"lazy\" decoding=\"async\" class=\"size-extra-large wp-image-32344\" src=\"https:\/\/d2p6e6u75xmxt8.cloudfront.net\/13\/2026\/01\/2025-UEC-European-Road-Championships-Drome-Ardeche-FRA-1.10.2025-ME-TT-CSC-\u00a9Filip-Bezdek-2025-45-1920x1280.webp\" alt=\"\" width=\"1920\" height=\"1280\" srcset=\"https:\/\/d2p6e6u75xmxt8.cloudfront.net\/13\/2026\/01\/2025-UEC-European-Road-Championships-Drome-Ardeche-FRA-1.10.2025-ME-TT-CSC-\u00a9Filip-Bezdek-2025-45-1920x1280.webp 1920w, https:\/\/d2p6e6u75xmxt8.cloudfront.net\/13\/2026\/01\/2025-UEC-European-Road-Championships-Drome-Ardeche-FRA-1.10.2025-ME-TT-CSC-\u00a9Filip-Bezdek-2025-45-300x200.webp 300w, https:\/\/d2p6e6u75xmxt8.cloudfront.net\/13\/2026\/01\/2025-UEC-European-Road-Championships-Drome-Ardeche-FRA-1.10.2025-ME-TT-CSC-\u00a9Filip-Bezdek-2025-45-1024x683.webp 1024w, https:\/\/d2p6e6u75xmxt8.cloudfront.net\/13\/2026\/01\/2025-UEC-European-Road-Championships-Drome-Ardeche-FRA-1.10.2025-ME-TT-CSC-\u00a9Filip-Bezdek-2025-45-768x512.webp 768w, https:\/\/d2p6e6u75xmxt8.cloudfront.net\/13\/2026\/01\/2025-UEC-European-Road-Championships-Drome-Ardeche-FRA-1.10.2025-ME-TT-CSC-\u00a9Filip-Bezdek-2025-45-1536x1024.webp 1536w, https:\/\/d2p6e6u75xmxt8.cloudfront.net\/13\/2026\/01\/2025-UEC-European-Road-Championships-Drome-Ardeche-FRA-1.10.2025-ME-TT-CSC-\u00a9Filip-Bezdek-2025-45-2048x1365.webp 2048w, https:\/\/d2p6e6u75xmxt8.cloudfront.net\/13\/2026\/01\/2025-UEC-European-Road-Championships-Drome-Ardeche-FRA-1.10.2025-ME-TT-CSC-\u00a9Filip-Bezdek-2025-45-400x267.webp 400w, https:\/\/d2p6e6u75xmxt8.cloudfront.net\/13\/2026\/01\/2025-UEC-European-Road-Championships-Drome-Ardeche-FRA-1.10.2025-ME-TT-CSC-\u00a9Filip-Bezdek-2025-45-272x182.webp 272w, https:\/\/d2p6e6u75xmxt8.cloudfront.net\/13\/2026\/01\/2025-UEC-European-Road-Championships-Drome-Ardeche-FRA-1.10.2025-ME-TT-CSC-\u00a9Filip-Bezdek-2025-45-1920x1280.webp 1920w\" sizes=\"auto, (max-width: 1920px) 100vw, 1920px\" \/><\/a><figcaption id=\"caption-attachment-32344\" class=\"wp-caption-text\"><em>Mathias Vacek v dresu reprezentace p\u0159i mistrovstv\u00ed Evropy. Foto: Filip Bezd\u011bk\/\u010cSC (4x)<\/em><\/figcaption><\/figure>\n<h2><strong>Co sch\u00e1zelo v roce 2025 k velk\u00e9mu v\u00edt\u011bzstv\u00ed?<\/strong><\/h2>\n<p>N\u011bkdy mi triumf proklouzl mezi prsty kv\u016fli men\u0161\u00edm zku\u0161enostem. P\u0159i z\u00e1vod\u011b Kolem Polska jsem byl ve v\u00fdborn\u00e9 pozici, stejn\u011b jako v \u00favodu sezony na Valencian\u011b. Jen\u017ee jet na celkov\u00fd triumf je jina\u010d\u00ed ne\u017e b\u00fdt v roli domestika. A stejn\u011b tak jsem nikdy neza\u017eil pozici na etapov\u00e9 v\u00edt\u011bzstv\u00ed p\u0159i Grand Tour. Roli hraj\u00ed i emoce. M\u011bl jsem zachovat v\u011bt\u0161\u00ed klid. Ur\u010dit\u011b se ze sezony dalo vym\u00e1\u010dknout v\u00edce. Ale \u010dlov\u011bk se u\u010d\u00ed cel\u00fd \u017eivot&#8230;<\/p>\n<div class=\"shortcode-ys-post-pinup\"><article class=\"loop-simple post-32318 post type-post status-publish format-standard has-post-thumbnail hentry category-silnicni-cyklistika category-zeny tag-cyklistika tag-daniela-hezinova tag-grouwels-watersley-rd-road-team tag-hokej tag-picnic-postnl tag-silnicni-cyklistika tag-zeny global-categories-cycling\" data-postid=\"32318\" role=\"article\" data-post-id=\"32318\" data-word-count=\"785\" data-headline-length=\"68\" data-category=\"Silni\u010dn\u00ed cyklistika\" data-global-category=\"Cycling\" data-author=\"We Love Cycling\" data-published=\"2026-01-22T07:00:55+02:00\" data-published-day=\"Thursday\">\n    <div class=\"entry-thumbnail article-thumbnail\" content=\"https:\/\/d2p6e6u75xmxt8.cloudfront.net\/13\/2026\/01\/MCRMSR-Banovce-nad-Bebravou-Zeny-Elite-_-\u00a9Filip-Bezdek-2025-34-150x150.webp\"><a href=\"https:\/\/www.welovecycling.com\/cs\/2026\/01\/22\/daniela-hezinova\/\" class=\"image-holder\" target=\"_self\"><img decoding=\"async\" loading=\"lazy\" class=\"\" src=\"https:\/\/d2p6e6u75xmxt8.cloudfront.net\/13\/2026\/01\/MCRMSR-Banovce-nad-Bebravou-Zeny-Elite-_-\u00a9Filip-Bezdek-2025-34-1024x683.webp\" srcset=\"https:\/\/d2p6e6u75xmxt8.cloudfront.net\/13\/2026\/01\/MCRMSR-Banovce-nad-Bebravou-Zeny-Elite-_-\u00a9Filip-Bezdek-2025-34-scaled.webp 2560w, https:\/\/d2p6e6u75xmxt8.cloudfront.net\/13\/2026\/01\/MCRMSR-Banovce-nad-Bebravou-Zeny-Elite-_-\u00a9Filip-Bezdek-2025-34-300x200.webp 300w, https:\/\/d2p6e6u75xmxt8.cloudfront.net\/13\/2026\/01\/MCRMSR-Banovce-nad-Bebravou-Zeny-Elite-_-\u00a9Filip-Bezdek-2025-34-1024x683.webp 1024w, https:\/\/d2p6e6u75xmxt8.cloudfront.net\/13\/2026\/01\/MCRMSR-Banovce-nad-Bebravou-Zeny-Elite-_-\u00a9Filip-Bezdek-2025-34-768x512.webp 768w, https:\/\/d2p6e6u75xmxt8.cloudfront.net\/13\/2026\/01\/MCRMSR-Banovce-nad-Bebravou-Zeny-Elite-_-\u00a9Filip-Bezdek-2025-34-1536x1024.webp 1536w, https:\/\/d2p6e6u75xmxt8.cloudfront.net\/13\/2026\/01\/MCRMSR-Banovce-nad-Bebravou-Zeny-Elite-_-\u00a9Filip-Bezdek-2025-34-2048x1365.webp 2048w, https:\/\/d2p6e6u75xmxt8.cloudfront.net\/13\/2026\/01\/MCRMSR-Banovce-nad-Bebravou-Zeny-Elite-_-\u00a9Filip-Bezdek-2025-34-1920x1280.webp 1920w, https:\/\/d2p6e6u75xmxt8.cloudfront.net\/13\/2026\/01\/MCRMSR-Banovce-nad-Bebravou-Zeny-Elite-_-\u00a9Filip-Bezdek-2025-34-400x267.webp 400w, https:\/\/d2p6e6u75xmxt8.cloudfront.net\/13\/2026\/01\/MCRMSR-Banovce-nad-Bebravou-Zeny-Elite-_-\u00a9Filip-Bezdek-2025-34-272x182.webp 272w, https:\/\/d2p6e6u75xmxt8.cloudfront.net\/13\/2026\/01\/MCRMSR-Banovce-nad-Bebravou-Zeny-Elite-_-\u00a9Filip-Bezdek-2025-34-1920x1280.webp 1920w\" width=\"1024\" height=\"683\" sizes=\"auto, (min-width: 1200px) 300px, (min-width: 768px) 25vw, 100vw\" alt=\"daniela-hezinova\"\/><\/a><\/div>    <div class=\"entry-meta\">\n        <a class=\"label label-secondary post-category\" href=\"https:\/\/www.welovecycling.com\/cs\/category\/silnicni-cyklistika\/\" title=\"Silni\u010dn\u00ed cyklistika\">Silni\u010dn\u00ed cyklistika<\/a>\n    <\/div>\n    <div class=\"entry-details\">\n        <a href=\"https:\/\/www.welovecycling.com\/cs\/2026\/01\/22\/daniela-hezinova\/\" class='entry-title-wrapper'>\n            <h3 class=\"entry-title\"><span>Daniela Hezinov\u00e1: Plat jsem p\u0159i p\u0159estupu do World Tour ne\u0159e\u0161ila<\/span><\/h3>\n        <\/a>\n    <\/div>\n    <\/article>\n<\/div>\n<h2><strong>Bude v pelotonu lep\u0161\u00ed Mathias Vacek ve srovn\u00e1n\u00ed s p\u0159ede\u0161lou sezonou?<\/strong><\/h2>\n<p>M\u00e1m za sebou dal\u0161\u00ed Grand Tour. Giro m\u011b zase posunulo. Loni jsem m\u011bl dobrou formu hned od za\u010d\u00e1tku sezony. Pro nadch\u00e1zej\u00edc\u00ed rok jsem po konzultaci s tren\u00e9rem zm\u011bnil strategii. \u0158ekl jsem si, \u017ee tro\u0161ku uberu a budu se soust\u0159edit, abych byl v \u00favodu b\u0159ezna v top form\u011b a nedr\u017eel j\u00ed moc dlouho a t\u011blo nebylo na limitu a pod tlakem n\u011bkolik t\u00fddn\u016f. Ale to neznamen\u00e1, \u017ee je moje v\u00fdkonnost hor\u0161\u00ed. Sp\u00ed\u0161e se budu sna\u017eit vyladit na kl\u00ed\u010dov\u00e9 bitvy jakou jsou Flandry \u010di Roubaix, kde chci b\u00fdt v top form\u011b. Snad si ji nech\u00e1m na nejd\u016fle\u017eit\u011bj\u0161\u00ed momenty sezony. Hlavn\u00ed je vyvarovat se \u00fanav\u011b.<\/p>\n<h2><strong>Co pot\u0159ebujete, abyste se posunul do \u00fapln\u00e9 \u0161pi\u010dky, mezi absolutn\u00ed hv\u011bzdy pelotonu?<\/strong><\/h2>\n<p>M\u00edt pocit v\u00edt\u011bze. Posunout sebev\u011bdom\u00ed je\u0161t\u011b o n\u011bco v\u00fd\u0161e. Ud\u011blat v z\u00e1vodech rozhoduj\u00edc\u00ed krok, kter\u00fd mi zat\u00edm v\u017edy chyb\u011bl. N\u011bkdy jsem byl nejsiln\u011bj\u0161\u00ed z bal\u00edku, ale zav\u00e1hal jsem. Nebo si dostate\u010dn\u011b nev\u011b\u0159il. V\u011b\u0159it v pr\u00e1ci, co jsem odvezl. Za\u010d\u00edt v\u00edt\u011bzit.<\/p>\n<figure id=\"attachment_32337\" aria-describedby=\"caption-attachment-32337\" style=\"width: 1920px\" class=\"wp-caption alignnone\"><a href=\"https:\/\/d2p6e6u75xmxt8.cloudfront.net\/13\/2026\/01\/2025-UEC-European-Road-Championships-Drome-Ardeche-FRA-5.10.2025-ME-RR-CSC-\u00a9Filip-Bezdek-2025-36-scaled.webp\"><img loading=\"lazy\" decoding=\"async\" class=\"size-extra-large wp-image-32337\" src=\"https:\/\/d2p6e6u75xmxt8.cloudfront.net\/13\/2026\/01\/2025-UEC-European-Road-Championships-Drome-Ardeche-FRA-5.10.2025-ME-RR-CSC-\u00a9Filip-Bezdek-2025-36-1920x1280.webp\" alt=\"\" width=\"1920\" height=\"1280\" srcset=\"https:\/\/d2p6e6u75xmxt8.cloudfront.net\/13\/2026\/01\/2025-UEC-European-Road-Championships-Drome-Ardeche-FRA-5.10.2025-ME-RR-CSC-\u00a9Filip-Bezdek-2025-36-1920x1280.webp 1920w, https:\/\/d2p6e6u75xmxt8.cloudfront.net\/13\/2026\/01\/2025-UEC-European-Road-Championships-Drome-Ardeche-FRA-5.10.2025-ME-RR-CSC-\u00a9Filip-Bezdek-2025-36-300x200.webp 300w, https:\/\/d2p6e6u75xmxt8.cloudfront.net\/13\/2026\/01\/2025-UEC-European-Road-Championships-Drome-Ardeche-FRA-5.10.2025-ME-RR-CSC-\u00a9Filip-Bezdek-2025-36-1024x683.webp 1024w, https:\/\/d2p6e6u75xmxt8.cloudfront.net\/13\/2026\/01\/2025-UEC-European-Road-Championships-Drome-Ardeche-FRA-5.10.2025-ME-RR-CSC-\u00a9Filip-Bezdek-2025-36-768x512.webp 768w, https:\/\/d2p6e6u75xmxt8.cloudfront.net\/13\/2026\/01\/2025-UEC-European-Road-Championships-Drome-Ardeche-FRA-5.10.2025-ME-RR-CSC-\u00a9Filip-Bezdek-2025-36-1536x1024.webp 1536w, https:\/\/d2p6e6u75xmxt8.cloudfront.net\/13\/2026\/01\/2025-UEC-European-Road-Championships-Drome-Ardeche-FRA-5.10.2025-ME-RR-CSC-\u00a9Filip-Bezdek-2025-36-2048x1365.webp 2048w, https:\/\/d2p6e6u75xmxt8.cloudfront.net\/13\/2026\/01\/2025-UEC-European-Road-Championships-Drome-Ardeche-FRA-5.10.2025-ME-RR-CSC-\u00a9Filip-Bezdek-2025-36-400x267.webp 400w, https:\/\/d2p6e6u75xmxt8.cloudfront.net\/13\/2026\/01\/2025-UEC-European-Road-Championships-Drome-Ardeche-FRA-5.10.2025-ME-RR-CSC-\u00a9Filip-Bezdek-2025-36-272x182.webp 272w, https:\/\/d2p6e6u75xmxt8.cloudfront.net\/13\/2026\/01\/2025-UEC-European-Road-Championships-Drome-Ardeche-FRA-5.10.2025-ME-RR-CSC-\u00a9Filip-Bezdek-2025-36-1920x1280.webp 1920w\" sizes=\"auto, (max-width: 1920px) 100vw, 1920px\" \/><\/a><figcaption id=\"caption-attachment-32337\" class=\"wp-caption-text\">Vacek<\/figcaption><\/figure>\n<h2><strong>M\u00e1te je\u0161t\u011b rezervy v tr\u00e9ninku nebo na va\u0161\u00ed \u00farovni u\u017e rozd\u00edly v p\u0159\u00edprav\u011b mezi jezdci neexistuj\u00ed?<\/strong><\/h2>\n<p>Tr\u00e9ninkov\u00e9 programy jsou tak detailn\u011b lad\u011bn\u00e9, \u017ee v\u0161ichni tr\u00e9nuj\u00ed podobn\u011b. Tren\u00e9\u0159i v\u011bd\u00ed, jak se chystaj\u00ed ostatn\u00ed. V r\u00e1mci t\u00fdmu stoprocentn\u011b, v p\u0159\u00edpad\u011b ostatn\u00edch formac\u00ed maj\u00ed informace rovn\u011b\u017e. Tak\u017ee jde hlavn\u011b o mentalitu, o hlavu. Jestli je \u010dlov\u011bk v\u00edt\u011bz nebo se schov\u00e1v\u00e1 ve st\u00ednu ostatn\u00edch. Nesm\u00edm se b\u00e1t vyhr\u00e1vat.<\/p>\n<h2><strong>M\u016f\u017eete p\u0159ibl\u00ed\u017eit, jak velk\u00fd posun je mo\u017en\u00e9 ud\u011blat mezi dv\u011bma sezonami?<\/strong><\/h2>\n<p>Aspekt\u016f je p\u0159\u00edli\u0161 mnoho, tak\u017ee ud\u00e1vat n\u011bjak\u00e1 \u010d\u00edsla by bylo zav\u00e1d\u011bj\u00edc\u00ed. Z\u00e1le\u017e\u00ed, jak si \u010dlov\u011bk odpo\u010dine. Kolik m\u00e1 motivace. Zda je kontinuita tr\u00e9nink\u016f na nejvy\u0161\u0161\u00ed mo\u017en\u00e9 \u00farovni.<\/p>\n<div class=\"shortcode-ys-post-pinup\"><article class=\"loop-simple post-32165 post type-post status-publish format-standard has-post-thumbnail hentry category-silnicni-cyklistika tag-cyklistika tag-josef-cerny tag-kasper-crypto4me tag-silnicni-cyklistika tag-soudal-quick-step global-categories-cycling\" data-postid=\"32165\" role=\"article\" data-post-id=\"32165\" data-word-count=\"749\" data-headline-length=\"75\" data-category=\"Silni\u010dn\u00ed cyklistika\" data-global-category=\"Cycling\" data-author=\"Radek Malina\" data-published=\"2026-01-08T17:18:56+02:00\" data-published-day=\"Thursday\">\n    <div class=\"entry-thumbnail article-thumbnail\" content=\"https:\/\/d2p6e6u75xmxt8.cloudfront.net\/13\/2026\/01\/Tiskova-konference-Kasper-Crypto4Me-8.1.2026-\u00a9Filip-Bezdek-2026-6-150x150.webp\"><a href=\"https:\/\/www.welovecycling.com\/cs\/2026\/01\/08\/josef-cerny-o-navratu-pohodli-a-rodina-dostali-prednost-pred-penezi\/\" class=\"image-holder\" target=\"_self\"><img decoding=\"async\" loading=\"lazy\" class=\"\" src=\"https:\/\/d2p6e6u75xmxt8.cloudfront.net\/13\/2026\/01\/Tiskova-konference-Kasper-Crypto4Me-8.1.2026-\u00a9Filip-Bezdek-2026-6-1024x682.webp\" srcset=\"https:\/\/d2p6e6u75xmxt8.cloudfront.net\/13\/2026\/01\/Tiskova-konference-Kasper-Crypto4Me-8.1.2026-\u00a9Filip-Bezdek-2026-6.webp 1280w, https:\/\/d2p6e6u75xmxt8.cloudfront.net\/13\/2026\/01\/Tiskova-konference-Kasper-Crypto4Me-8.1.2026-\u00a9Filip-Bezdek-2026-6-300x200.webp 300w, https:\/\/d2p6e6u75xmxt8.cloudfront.net\/13\/2026\/01\/Tiskova-konference-Kasper-Crypto4Me-8.1.2026-\u00a9Filip-Bezdek-2026-6-1024x682.webp 1024w, https:\/\/d2p6e6u75xmxt8.cloudfront.net\/13\/2026\/01\/Tiskova-konference-Kasper-Crypto4Me-8.1.2026-\u00a9Filip-Bezdek-2026-6-768x512.webp 768w, https:\/\/d2p6e6u75xmxt8.cloudfront.net\/13\/2026\/01\/Tiskova-konference-Kasper-Crypto4Me-8.1.2026-\u00a9Filip-Bezdek-2026-6-400x267.webp 400w, https:\/\/d2p6e6u75xmxt8.cloudfront.net\/13\/2026\/01\/Tiskova-konference-Kasper-Crypto4Me-8.1.2026-\u00a9Filip-Bezdek-2026-6-272x182.webp 272w\" width=\"1024\" height=\"682\" sizes=\"auto, (min-width: 1200px) 300px, (min-width: 768px) 25vw, 100vw\" alt=\"josef-cerny-o-navratu-pohodli-a-rodina-dostali-prednost-pred-penezi\"\/><\/a><\/div>    <div class=\"entry-meta\">\n        <a class=\"label label-secondary post-category\" href=\"https:\/\/www.welovecycling.com\/cs\/category\/silnicni-cyklistika\/\" title=\"Silni\u010dn\u00ed cyklistika\">Silni\u010dn\u00ed cyklistika<\/a>\n    <\/div>\n    <div class=\"entry-details\">\n        <a href=\"https:\/\/www.welovecycling.com\/cs\/2026\/01\/08\/josef-cerny-o-navratu-pohodli-a-rodina-dostali-prednost-pred-penezi\/\" class='entry-title-wrapper'>\n            <h3 class=\"entry-title\"><span>Josef \u010cern\u00fd o n\u00e1vratu: Pohodl\u00ed a rodina dostaly p\u0159ednost p\u0159ed pen\u011bzi<\/span><\/h3>\n        <\/a>\n    <\/div>\n    <\/article>\n<\/div>\n<h2><strong>A ve va\u0161em p\u0159\u00edpad\u011b do sebe v\u0161echno zapadlo?<\/strong><\/h2>\n<p>Po dovolen\u00e9 jsem byl od konce listopadu ve \u0160pan\u011blsku s br\u00e1chou Karlem. Nikam jsem necestoval. Zam\u011b\u0159il jsem se jen na tr\u00e9ninky. Nevynechal jsem jedinou p\u0159edepsanou hodinu, co\u017e by v \u010cesku s ohledem na klimatick\u00e9 podm\u00ednky nebylo mo\u017en\u00e9. Soust\u0159ed\u00edm se, abych ned\u011blal zbyte\u010dn\u00e9 chyby. \u010clov\u011bka n\u00e1sledn\u011b p\u0159iprav\u00ed o kus sezony. A j\u00e1 si nechci nic vy\u010d\u00edtat. V\u00e1noce a Nov\u00fd rok jsem pro\u017eil ur\u010dit\u011b odli\u0161n\u011bji ne\u017e p\u0159ed p\u011bti lety. Na \u0160t\u011bdr\u00fd den jsem jel p\u011bt hodin, prvn\u00ed den roku \u0161est. Dal jsem si ve\u010de\u0159i, p\u0159ipili jsme si s br\u00e1chou. Chci se posunout mezi \u00faplnou \u0161pi\u010dku. Pod\u0159izuji tomu v\u0161e.<\/p>\n<h2><strong>Nehroz\u00ed p\u0159i dan\u00e9m pojet\u00ed, \u017ee bude Mathias Vacek na startu sezony p\u0159etr\u00e9novan\u00fd?<\/strong><\/h2>\n<p>V\u0161echno pochopiteln\u011b \u0159e\u0161\u00edm a konzultuji s tren\u00e9rem. Ale pokud m\u00e1m v rozpisu osmadvacet hodin tr\u00e9ninku v t\u00fddnu, odjedu je. Kdy\u017e t\u0159icet, neulevuji si. Chci naj\u00edt svoje limity. Nehodl\u00e1m si jednou d\u00e1vat ot\u00e1zky, co by kdyby. M\u00e1m osud ve sv\u00fdch rukou. Svoji kari\u00e9ru. Leto\u0161n\u00ed a p\u0159\u00ed\u0161t\u00ed rok je rozhoduj\u00edc\u00ed. Tak\u017ee ze sebe hodl\u00e1m vym\u00e1\u010dknout, co v sob\u011b m\u00e1m. Kdy\u017e budu d\u011blat v\u0161echno perfektn\u011b, budu skv\u011bl\u00fd. Nen\u00ed na co \u010dekat.<\/p>\n<figure id=\"attachment_29216\" aria-describedby=\"caption-attachment-29216\" style=\"width: 1800px\" class=\"wp-caption alignnone\"><a href=\"https:\/\/d2p6e6u75xmxt8.cloudfront.net\/13\/2025\/05\/profimedia-0999867996.webp\"><img loading=\"lazy\" decoding=\"async\" class=\"size-full wp-image-29216\" src=\"https:\/\/d2p6e6u75xmxt8.cloudfront.net\/13\/2025\/05\/profimedia-0999867996.webp\" alt=\"\" width=\"1800\" height=\"1201\" srcset=\"https:\/\/d2p6e6u75xmxt8.cloudfront.net\/13\/2025\/05\/profimedia-0999867996.webp 1800w, https:\/\/d2p6e6u75xmxt8.cloudfront.net\/13\/2025\/05\/profimedia-0999867996-300x200.webp 300w, https:\/\/d2p6e6u75xmxt8.cloudfront.net\/13\/2025\/05\/profimedia-0999867996-1024x683.webp 1024w, https:\/\/d2p6e6u75xmxt8.cloudfront.net\/13\/2025\/05\/profimedia-0999867996-768x512.webp 768w, https:\/\/d2p6e6u75xmxt8.cloudfront.net\/13\/2025\/05\/profimedia-0999867996-1536x1025.webp 1536w, https:\/\/d2p6e6u75xmxt8.cloudfront.net\/13\/2025\/05\/profimedia-0999867996-400x267.webp 400w, https:\/\/d2p6e6u75xmxt8.cloudfront.net\/13\/2025\/05\/profimedia-0999867996-272x182.webp 272w\" sizes=\"auto, (max-width: 1800px) 100vw, 1800px\" \/><\/a><figcaption id=\"caption-attachment-29216\" class=\"wp-caption-text\"><em>Mathias Vacek v b\u00edl\u00e9m z t\u00fdmu Lidl Trek a jeho l\u00eddr Mads Pedersen je\u0161t\u011b v r\u016f\u017eov\u00e9m trikotu italsk\u00e9ho Gira 2025.<\/em><\/figcaption><\/figure>\n<h2><strong>V pr\u016fb\u011bhu podzimu jste podepsal v Lidl Trek kontrakt do konce roku 2029, ale p\u016fsob\u00edte, jako kdy\u017e o smlouvu teprve bojujete.<\/strong><\/h2>\n<p>Chci v\u00edc, ne\u017e m\u00e1m te\u010f. Nemysl\u00edm finan\u010dn\u011b. Ale sportovn\u011b. Sice jsem se domluvil s Lidl Trek na \u010dty\u0159let\u00e9 spolupr\u00e1ci, ale to neznamen\u00e1, \u017ee mohu b\u00fdt v klidu a jezdit si po k\u00e1vi\u010dk\u00e1ch. Veden\u00ed m\u011b plat\u00ed, proto\u017ee m\u00e1 n\u011bjakou vizi. Celkov\u011b s t\u00fdmem, se mnou. Chci dok\u00e1zat, \u017ee za to stoj\u00edm. A do budoucna chci zvednout svoji cenu. Nejsem uspokojen\u00fd. Chci vyhr\u00e1vat. Naj\u00edt svoje limity. B\u00fdt mezi \u0161pi\u010dkou. S\u00e1m si na sebe kladu tlak. Je d\u016fle\u017eit\u00e9 m\u00edt drive a c\u00edl. Jak se toho \u010dlov\u011bk vzd\u00e1, je t\u011b\u017ek\u00e9 nasko\u010dit zp\u00e1tky. Jsem na spr\u00e1vn\u00e9 cest\u011b.<\/p>\n<h2><strong>M\u00e1te vybran\u00fd jeden konkr\u00e9tn\u00ed z\u00e1vod, na kter\u00fd se zam\u011b\u0159ujete?<\/strong><\/h2>\n<p>Lad\u00edm formu, abych mohl vyhr\u00e1t n\u011bkterou z jarn\u00edch klasik.<\/p>\n<div class=\"shortcode-ys-post-pinup\"><article class=\"loop-simple post-32281 post type-post status-publish format-standard has-post-thumbnail hentry category-silnicni-cyklistika tag-cyklistika tag-monako tag-petr-kelemen tag-silnicni-cyklistika tag-tadej-pogacar tag-tour-down-under global-categories-cycling\" data-postid=\"32281\" role=\"article\" data-post-id=\"32281\" data-word-count=\"926\" data-headline-length=\"61\" data-category=\"Silni\u010dn\u00ed cyklistika\" data-global-category=\"Cycling\" data-author=\"Radek Malina\" data-published=\"2026-01-19T11:00:03+02:00\" data-published-day=\"Monday\">\n    <div class=\"entry-thumbnail article-thumbnail\" content=\"https:\/\/d2p6e6u75xmxt8.cloudfront.net\/13\/2026\/01\/MCRMSR-Banovce-nad-Bebravou-Muzi-Elite-_-\u00a9Filip-Bezdek-2025-21-150x150.webp\"><a href=\"https:\/\/www.welovecycling.com\/cs\/2026\/01\/19\/pogacaruv-soused-proc-petr-kelemen-presidlil-do-monaka\/\" class=\"image-holder\" target=\"_self\"><img decoding=\"async\" loading=\"lazy\" class=\"\" src=\"https:\/\/d2p6e6u75xmxt8.cloudfront.net\/13\/2026\/01\/MCRMSR-Banovce-nad-Bebravou-Muzi-Elite-_-\u00a9Filip-Bezdek-2025-21-1024x683.webp\" srcset=\"https:\/\/d2p6e6u75xmxt8.cloudfront.net\/13\/2026\/01\/MCRMSR-Banovce-nad-Bebravou-Muzi-Elite-_-\u00a9Filip-Bezdek-2025-21-scaled.webp 2560w, https:\/\/d2p6e6u75xmxt8.cloudfront.net\/13\/2026\/01\/MCRMSR-Banovce-nad-Bebravou-Muzi-Elite-_-\u00a9Filip-Bezdek-2025-21-300x200.webp 300w, https:\/\/d2p6e6u75xmxt8.cloudfront.net\/13\/2026\/01\/MCRMSR-Banovce-nad-Bebravou-Muzi-Elite-_-\u00a9Filip-Bezdek-2025-21-1024x683.webp 1024w, https:\/\/d2p6e6u75xmxt8.cloudfront.net\/13\/2026\/01\/MCRMSR-Banovce-nad-Bebravou-Muzi-Elite-_-\u00a9Filip-Bezdek-2025-21-768x512.webp 768w, https:\/\/d2p6e6u75xmxt8.cloudfront.net\/13\/2026\/01\/MCRMSR-Banovce-nad-Bebravou-Muzi-Elite-_-\u00a9Filip-Bezdek-2025-21-1536x1024.webp 1536w, https:\/\/d2p6e6u75xmxt8.cloudfront.net\/13\/2026\/01\/MCRMSR-Banovce-nad-Bebravou-Muzi-Elite-_-\u00a9Filip-Bezdek-2025-21-2048x1365.webp 2048w, https:\/\/d2p6e6u75xmxt8.cloudfront.net\/13\/2026\/01\/MCRMSR-Banovce-nad-Bebravou-Muzi-Elite-_-\u00a9Filip-Bezdek-2025-21-1920x1280.webp 1920w, https:\/\/d2p6e6u75xmxt8.cloudfront.net\/13\/2026\/01\/MCRMSR-Banovce-nad-Bebravou-Muzi-Elite-_-\u00a9Filip-Bezdek-2025-21-400x267.webp 400w, https:\/\/d2p6e6u75xmxt8.cloudfront.net\/13\/2026\/01\/MCRMSR-Banovce-nad-Bebravou-Muzi-Elite-_-\u00a9Filip-Bezdek-2025-21-272x182.webp 272w, https:\/\/d2p6e6u75xmxt8.cloudfront.net\/13\/2026\/01\/MCRMSR-Banovce-nad-Bebravou-Muzi-Elite-_-\u00a9Filip-Bezdek-2025-21-1920x1280.webp 1920w\" width=\"1024\" height=\"683\" sizes=\"auto, (min-width: 1200px) 300px, (min-width: 768px) 25vw, 100vw\" alt=\"pogacaruv-soused-proc-petr-kelemen-presidlil-do-monaka\"\/><\/a><\/div>    <div class=\"entry-meta\">\n        <a class=\"label label-secondary post-category\" href=\"https:\/\/www.welovecycling.com\/cs\/category\/silnicni-cyklistika\/\" title=\"Silni\u010dn\u00ed cyklistika\">Silni\u010dn\u00ed cyklistika<\/a>\n    <\/div>\n    <div class=\"entry-details\">\n        <a href=\"https:\/\/www.welovecycling.com\/cs\/2026\/01\/19\/pogacaruv-soused-proc-petr-kelemen-presidlil-do-monaka\/\" class='entry-title-wrapper'>\n            <h3 class=\"entry-title\"><span>Poga\u010dar\u016fv soused! Pro\u010d Petr Kelemen p\u0159es\u00eddlil do Monaka?<\/span><\/h3>\n        <\/a>\n    <\/div>\n    <\/article>\n<\/div>\n<h2><strong>By\u0165 jde moment\u00e1ln\u011b o hodn\u011b vzd\u00e1len\u00fd z\u00e1vod, m\u011bl byste po boku Madse Pedersena startovat na Tour de France. Napl\u0148uje v\u00e1s p\u0159edb\u011b\u017en\u00e1 nominace p\u00fdchou a hrdost\u00ed?<\/strong><\/h2>\n<p>Tour de France byl a je velk\u00fd c\u00edl. Pro ka\u017ed\u00e9ho. V\u011b\u0159il jsem, \u017ee m\u011b t\u00fdm nominuje. I proto, \u017ee spolupr\u00e1ce s Madsem Pedersenem funguje. Dok\u00e1\u017eeme spole\u010dn\u011b vyhr\u00e1t v\u00edce typ\u016f etap ne\u017e n\u00e1\u0161 t\u00fdmov\u00fd kolega Jonathan Milan. On je vylo\u017een\u011b sprinter, Mads Pedersen m\u016f\u017ee vyhr\u00e1t zvln\u011bn\u00e9 etapy, p\u0159ejede kopec pokud je p\u0159ed sprintersk\u00fdm dojezdem. V t\u00fdmu to pochopiteln\u011b v\u011bd\u00ed.<\/p>\n<h2><strong>P\u0159i italsk\u00e9m Giru 2025 jste byl kl\u00ed\u010dov\u00fd p\u0159i Pedersenov\u011b \u00fatoku na v\u00edt\u011bzstv\u00ed v bodovac\u00ed sout\u011b\u017ei a rovn\u011b\u017e pro jeho \u010dty\u0159i d\u00edl\u010d\u00ed triumfy. Jak\u00e9 budou ambice pro Tour?<\/strong><\/h2>\n<p>Jednozna\u010dn\u011b pojedeme pro zelen\u00fd dres. J\u00e1 budu fungovat jako jeho prav\u00e1 ruka. A pokud bude startovat Juan Ayuso, pojedu i jako jeho domestik.<\/p>\n<figure id=\"attachment_32335\" aria-describedby=\"caption-attachment-32335\" style=\"width: 1536px\" class=\"wp-caption alignnone\"><a href=\"https:\/\/d2p6e6u75xmxt8.cloudfront.net\/13\/2026\/01\/MCRMSR-Banovce-nad-Bebravou-Muzi-Elite-_-\u00a9Filip-Bezdek-2025-58-scaled.webp\"><img loading=\"lazy\" decoding=\"async\" class=\"size-extra-large wp-image-32335\" src=\"https:\/\/d2p6e6u75xmxt8.cloudfront.net\/13\/2026\/01\/MCRMSR-Banovce-nad-Bebravou-Muzi-Elite-_-\u00a9Filip-Bezdek-2025-58-1536x1920.webp\" alt=\"\" width=\"1536\" height=\"1920\" srcset=\"https:\/\/d2p6e6u75xmxt8.cloudfront.net\/13\/2026\/01\/MCRMSR-Banovce-nad-Bebravou-Muzi-Elite-_-\u00a9Filip-Bezdek-2025-58-1536x1920.webp 1536w, https:\/\/d2p6e6u75xmxt8.cloudfront.net\/13\/2026\/01\/MCRMSR-Banovce-nad-Bebravou-Muzi-Elite-_-\u00a9Filip-Bezdek-2025-58-240x300.webp 240w, https:\/\/d2p6e6u75xmxt8.cloudfront.net\/13\/2026\/01\/MCRMSR-Banovce-nad-Bebravou-Muzi-Elite-_-\u00a9Filip-Bezdek-2025-58-819x1024.webp 819w, https:\/\/d2p6e6u75xmxt8.cloudfront.net\/13\/2026\/01\/MCRMSR-Banovce-nad-Bebravou-Muzi-Elite-_-\u00a9Filip-Bezdek-2025-58-768x960.webp 768w, https:\/\/d2p6e6u75xmxt8.cloudfront.net\/13\/2026\/01\/MCRMSR-Banovce-nad-Bebravou-Muzi-Elite-_-\u00a9Filip-Bezdek-2025-58-1229x1536.webp 1229w, https:\/\/d2p6e6u75xmxt8.cloudfront.net\/13\/2026\/01\/MCRMSR-Banovce-nad-Bebravou-Muzi-Elite-_-\u00a9Filip-Bezdek-2025-58-1638x2048.webp 1638w, https:\/\/d2p6e6u75xmxt8.cloudfront.net\/13\/2026\/01\/MCRMSR-Banovce-nad-Bebravou-Muzi-Elite-_-\u00a9Filip-Bezdek-2025-58-320x400.webp 320w, https:\/\/d2p6e6u75xmxt8.cloudfront.net\/13\/2026\/01\/MCRMSR-Banovce-nad-Bebravou-Muzi-Elite-_-\u00a9Filip-Bezdek-2025-58-scaled.webp 2048w, https:\/\/d2p6e6u75xmxt8.cloudfront.net\/13\/2026\/01\/MCRMSR-Banovce-nad-Bebravou-Muzi-Elite-_-\u00a9Filip-Bezdek-2025-58-1536x1920.webp 1536w\" sizes=\"auto, (max-width: 1536px) 100vw, 1536px\" \/><\/a><figcaption id=\"caption-attachment-32335\" class=\"wp-caption-text\"><em>Mathias Vacek si na mistrovstv\u00ed \u010cesk\u00e9 republiky 2025 dojel s\u00f3lov\u011b pro titul \u0161ampiona.<\/em><\/figcaption><\/figure>\n<h2><strong>U\u017e si p\u0159ipou\u0161t\u00edte tlak spojen\u00fd s nejv\u011bt\u0161\u00edm z\u00e1vodem planety nebo je \u010dervencov\u00fd start Tour de France p\u0159\u00edli\u0161 daleko?<\/strong><\/h2>\n<p>Tlak bude velik\u00fd. Ale j\u00e1 se t\u011b\u0161\u00edm. M\u00e1m z toho radost. Po Vuelt\u011b a Giru jsem se dopracoval do ur\u010dit\u00e9 pozice. A moje nominace je zaslou\u017een\u00e1.<\/p>\n<h2><strong>Jak vlastn\u011b vznikla mimo\u0159\u00e1dn\u00e1 chemie mezi v\u00e1mi a Madsem Pedersenem?<\/strong><\/h2>\n<p>Netu\u0161\u00edm, proto\u017ee ur\u010dit\u011b nejsem \u010dlov\u011bk, co by ostatn\u00edm lezl do zadku, tud\u00ed\u017e nejde o v\u00fdsledek n\u011bjak\u00e9ho podl\u00e9z\u00e1n\u00ed \u010di vnucov\u00e1n\u00ed. Ale je fakt, \u017ee mezi n\u00e1mi to funguje skv\u011ble. Na prosincov\u00e9m soust\u0159ed\u011bn\u00ed jsme byli spole\u010dn\u011b na pokoji. Sed\u00edme spolu u stolu, tr\u00e1v\u00edme spolu \u010das. Je mezi n\u00e1mi pohoda. Chemie fungovala u\u017e p\u0159ed Girem. A italsk\u00e9 vystoupen\u00ed v\u0161e jen umocnilo. Jsme podobn\u00ed typologicky, na\u0161e kari\u00e9ry se v mnoh\u00e9m prol\u00ednaj\u00ed. A spojuje n\u00e1s v\u00edce v\u011bc\u00ed, ne\u017e jenom kolo a stejn\u00fd dres. Nicm\u00e9n\u011b nijak na\u0161eho spojen\u00ed nezneu\u017e\u00edv\u00e1m. Nemachruju proto, \u017ee jezd\u00edm na <a href=\"https:\/\/www.welovecycling.com\/cs\/2025\/12\/28\/siamska-dvojcata-s-ceskym-pasem-chystaji-utok-na-monument\/\">Madse Pedersena<\/a>. M\u00e1m k n\u011bmu respekt a vzhl\u00ed\u017e\u00edm k n\u011bmu.<\/p>\n<h2><strong>Prozrad\u00edte, co m\u00e1 spole\u010dn\u00e9ho Mathias Vacek a Mads Pedersen krom\u011b dresu a cyklistiky?<\/strong><\/h2>\n<p>P\u0159i ka\u017ed\u00e9m setk\u00e1n\u00ed se m\u00e1me o \u010dem bavit. Nikdy neciv\u00edme jenom do zdi a neml\u010d\u00edme. Mads r\u00e1d jezd\u00ed do p\u0159\u00edrody, tr\u00e1v\u00ed \u010das stranou civilizace jako j\u00e1. Kdy\u017e m\u011bl po sezon\u011b, vzal karavan a jel road trip mezi fjordy. Kempoval \u00fapln\u011b stranou, mimo m\u011bsta a vesnice. N\u011bkomu, kdy\u017e \u0159ekne\u0161, \u017ee jsi byl v lese na posedu, div\u00ed se, pro\u010d nejde\u0161 rad\u0161i ven s kamar\u00e1dy. S Madsem to m\u00e1me podobn\u011b. Dok\u00e1\u017eeme se bavit rovn\u011b\u017e o autech, m\u00e1me dal\u0161\u00ed spole\u010dn\u00e1 t\u00e9mata. D\u011bl\u00e1me si vtipy jeden na \u00fakor druh\u00e9ho, proto\u017ee m\u00e1me podobn\u00fd styl humoru. A druh\u00fd se nijak neur\u00e1\u017e\u00ed.<\/p>\n","protected":false},"excerpt":{"rendered":"<p>T\u0159i Monumenty a Tour de France! Mathias Vacek se chyst\u00e1 na sezonu, kter\u00e1 m\u016f\u017ee zm\u011bnit jeho kari\u00e9ru. Z\u00e1vodn\u00edk t\u00fdmu Lidl [&hellip;]<\/p>\n","protected":false},"author":138,"featured_media":32283,"comment_status":"open","ping_status":"open","sticky":false,"template":"","format":"standard","meta":{"footnotes":""},"categories":[10],"tags":[126,3152,305,4512,9,23,4513],"global-categories":[411],"class_list":["post-32328","post","type-post","status-publish","format-standard","has-post-thumbnail","hentry","category-silnicni-cyklistika","tag-cyklistika","tag-lidl-trek","tag-mathias-vacek","tag-sezon-2026","tag-silnicni-cyklistika","tag-tour-de-france","tag-world-tour-2026","global-categories-cycling"],"yoast_head":"<!-- This site is optimized with the Yoast SEO Premium plugin v25.3 (Yoast SEO v25.9) - https:\/\/yoast.com\/wordpress\/plugins\/seo\/ -->\n<title>Mathias Vacek: Chci naj\u00edt svoje limity a b\u00fdt v\u00edt\u011bz | \u0160koda We Love Cycling - \u010cesk\u00e1 republika<\/title>\n<meta name=\"description\" content=\"T\u0159i Monumenty a Tour de France! Mathias Vacek se chyst\u00e1 na sezonu, kter\u00e1 m\u016f\u017ee zm\u011bnit jeho kari\u00e9ru. Z\u00e1vodn\u00edk t\u00fdmu Lidl Trek se b\u011bhem sezony 2025 usadil mezi elitou cyklistick\u00e9ho pelotonu, p\u0159idal do sb\u00edrky \u010desk\u00fd titul z \u010dasovky i hromadn\u00e9ho z\u00e1vodu \u010di etapov\u00e9 prvenstv\u00ed na Tour de Wallonie. Te\u010f chce triumf, kter\u00fd jej posune za\u0159ad\u00ed mezi nejv\u011bt\u0161\u00ed hv\u011bzdy.\" \/>\n<meta name=\"robots\" content=\"index, follow, max-snippet:-1, max-image-preview:large, max-video-preview:-1\" \/>\n<link rel=\"canonical\" href=\"https:\/\/www.welovecycling.com\/cs\/2026\/01\/27\/mathias-vacek-chci-najit-svoje-limity-a-byt-vitez\/\" \/>\n<meta property=\"og:locale\" content=\"cs_CZ\" \/>\n<meta property=\"og:type\" content=\"article\" \/>\n<meta property=\"og:title\" content=\"Mathias Vacek: Chci naj\u00edt svoje limity a b\u00fdt v\u00edt\u011bz\" \/>\n<meta property=\"og:description\" content=\"T\u0159i Monumenty a Tour de France! Mathias Vacek se chyst\u00e1 na sezonu, kter\u00e1 m\u016f\u017ee zm\u011bnit jeho kari\u00e9ru. Z\u00e1vodn\u00edk t\u00fdmu Lidl Trek se b\u011bhem sezony 2025 usadil mezi elitou cyklistick\u00e9ho pelotonu, p\u0159idal do sb\u00edrky \u010desk\u00fd titul z \u010dasovky i hromadn\u00e9ho z\u00e1vodu \u010di etapov\u00e9 prvenstv\u00ed na Tour de Wallonie. Te\u010f chce triumf, kter\u00fd jej posune za\u0159ad\u00ed mezi nejv\u011bt\u0161\u00ed hv\u011bzdy.\" \/>\n<meta property=\"og:url\" content=\"https:\/\/www.welovecycling.com\/cs\/2026\/01\/27\/mathias-vacek-chci-najit-svoje-limity-a-byt-vitez\/\" \/>\n<meta property=\"og:site_name\" content=\"\u0160koda We Love Cycling - \u010cesk\u00e1 republika\" \/>\n<meta property=\"article:published_time\" content=\"2026-01-27T05:00:12+00:00\" \/>\n<meta property=\"og:image\" content=\"https:\/\/d2p6e6u75xmxt8.cloudfront.net\/13\/2026\/01\/BrychtaJan_MR_Banovce_20250629_153641_850_7550-scaled.webp\" \/>\n\t<meta property=\"og:image:width\" content=\"2560\" \/>\n\t<meta property=\"og:image:height\" content=\"1707\" \/>\n\t<meta property=\"og:image:type\" content=\"image\/webp\" \/>\n<meta name=\"author\" content=\"radekmalina\" \/>\n<meta name=\"twitter:card\" content=\"summary_large_image\" \/>\n<meta name=\"twitter:label1\" content=\"Written by\" \/>\n\t<meta name=\"twitter:data1\" content=\"Radek Malina\" \/>\n\t<meta name=\"twitter:label2\" content=\"Est. reading time\" \/>\n\t<meta name=\"twitter:data2\" content=\"7\" \/>\n<script type=\"application\/ld+json\" class=\"yoast-schema-graph\">{\"@context\":\"https:\/\/schema.org\",\"@graph\":[{\"@type\":\"WebPage\",\"@id\":\"https:\/\/www.welovecycling.com\/cs\/2026\/01\/27\/mathias-vacek-chci-najit-svoje-limity-a-byt-vitez\/\",\"url\":\"https:\/\/www.welovecycling.com\/cs\/2026\/01\/27\/mathias-vacek-chci-najit-svoje-limity-a-byt-vitez\/\",\"name\":\"Mathias Vacek: Chci naj\u00edt svoje limity a b\u00fdt v\u00edt\u011bz | \u0160koda We Love Cycling - \u010cesk\u00e1 republika\",\"isPartOf\":{\"@id\":\"https:\/\/www.welovecycling.com\/cs\/#website\"},\"primaryImageOfPage\":{\"@id\":\"https:\/\/www.welovecycling.com\/cs\/2026\/01\/27\/mathias-vacek-chci-najit-svoje-limity-a-byt-vitez\/#primaryimage\"},\"image\":{\"@id\":\"https:\/\/www.welovecycling.com\/cs\/2026\/01\/27\/mathias-vacek-chci-najit-svoje-limity-a-byt-vitez\/#primaryimage\"},\"thumbnailUrl\":\"https:\/\/d2p6e6u75xmxt8.cloudfront.net\/13\/2026\/01\/BrychtaJan_MR_Banovce_20250629_153641_850_7550-scaled.webp\",\"datePublished\":\"2026-01-27T05:00:12+00:00\",\"author\":{\"@id\":\"https:\/\/www.welovecycling.com\/cs\/#\/schema\/person\/d9eeb0a378f3a7e4a6d12d2b536b04b8\"},\"description\":\"T\u0159i Monumenty a Tour de France! Mathias Vacek se chyst\u00e1 na sezonu, kter\u00e1 m\u016f\u017ee zm\u011bnit jeho kari\u00e9ru. Z\u00e1vodn\u00edk t\u00fdmu Lidl Trek se b\u011bhem sezony 2025 usadil mezi elitou cyklistick\u00e9ho pelotonu, p\u0159idal do sb\u00edrky \u010desk\u00fd titul z \u010dasovky i hromadn\u00e9ho z\u00e1vodu \u010di etapov\u00e9 prvenstv\u00ed na Tour de Wallonie. Te\u010f chce triumf, kter\u00fd jej posune za\u0159ad\u00ed mezi nejv\u011bt\u0161\u00ed hv\u011bzdy.\",\"inLanguage\":\"cs\",\"potentialAction\":[{\"@type\":\"ReadAction\",\"target\":[\"https:\/\/www.welovecycling.com\/cs\/2026\/01\/27\/mathias-vacek-chci-najit-svoje-limity-a-byt-vitez\/\"]}]},{\"@type\":\"ImageObject\",\"inLanguage\":\"cs\",\"@id\":\"https:\/\/www.welovecycling.com\/cs\/2026\/01\/27\/mathias-vacek-chci-najit-svoje-limity-a-byt-vitez\/#primaryimage\",\"url\":\"https:\/\/d2p6e6u75xmxt8.cloudfront.net\/13\/2026\/01\/BrychtaJan_MR_Banovce_20250629_153641_850_7550-scaled.webp\",\"contentUrl\":\"https:\/\/d2p6e6u75xmxt8.cloudfront.net\/13\/2026\/01\/BrychtaJan_MR_Banovce_20250629_153641_850_7550-scaled.webp\",\"width\":2560,\"height\":1707,\"caption\":\"Mathias Vacek\"},{\"@type\":\"WebSite\",\"@id\":\"https:\/\/www.welovecycling.com\/cs\/#website\",\"url\":\"https:\/\/www.welovecycling.com\/cs\/\",\"name\":\"\u0160koda We Love Cycling - \u010cesk\u00e1 republika\",\"description\":\"WeLoveCycling.cz je online magaz\u00edn, kter\u00fd v\u00e1m pravideln\u011b p\u0159in\u00e1\u0161\u00ed rady a tipy, zaj\u00edmav\u00e9 \u010dl\u00e1nky, videa a jedine\u010dn\u00e9 report\u00e1\u017ee ze sv\u011bta cyklistiky.\",\"potentialAction\":[{\"@type\":\"SearchAction\",\"target\":{\"@type\":\"EntryPoint\",\"urlTemplate\":\"https:\/\/www.welovecycling.com\/cs\/?s={search_term_string}\"},\"query-input\":{\"@type\":\"PropertyValueSpecification\",\"valueRequired\":true,\"valueName\":\"search_term_string\"}}],\"inLanguage\":\"cs\"},{\"@type\":\"Person\",\"@id\":\"https:\/\/www.welovecycling.com\/cs\/#\/schema\/person\/d9eeb0a378f3a7e4a6d12d2b536b04b8\",\"name\":\"radekmalina\",\"image\":{\"@type\":\"ImageObject\",\"inLanguage\":\"cs\",\"@id\":\"https:\/\/www.welovecycling.com\/cs\/#\/schema\/person\/image\/\",\"url\":\"https:\/\/secure.gravatar.com\/avatar\/66994b632cb8c39a46b9f54afa3ae07201b678d32a54275b6f1c9ffec356bfc0?s=96&d=mm&r=g\",\"contentUrl\":\"https:\/\/secure.gravatar.com\/avatar\/66994b632cb8c39a46b9f54afa3ae07201b678d32a54275b6f1c9ffec356bfc0?s=96&d=mm&r=g\",\"caption\":\"radekmalina\"},\"url\":\"https:\/\/www.welovecycling.com\/cs\/author\/radekmalina\/\"}]}<\/script>\n<!-- \/ Yoast SEO Premium plugin. -->","yoast_head_json":{"title":"Mathias Vacek: Chci naj\u00edt svoje limity a b\u00fdt v\u00edt\u011bz | \u0160koda We Love Cycling - \u010cesk\u00e1 republika","description":"T\u0159i Monumenty a Tour de France! Mathias Vacek se chyst\u00e1 na sezonu, kter\u00e1 m\u016f\u017ee zm\u011bnit jeho kari\u00e9ru. Z\u00e1vodn\u00edk t\u00fdmu Lidl Trek se b\u011bhem sezony 2025 usadil mezi elitou cyklistick\u00e9ho pelotonu, p\u0159idal do sb\u00edrky \u010desk\u00fd titul z \u010dasovky i hromadn\u00e9ho z\u00e1vodu \u010di etapov\u00e9 prvenstv\u00ed na Tour de Wallonie. Te\u010f chce triumf, kter\u00fd jej posune za\u0159ad\u00ed mezi nejv\u011bt\u0161\u00ed hv\u011bzdy.","robots":{"index":"index","follow":"follow","max-snippet":"max-snippet:-1","max-image-preview":"max-image-preview:large","max-video-preview":"max-video-preview:-1"},"canonical":"https:\/\/www.welovecycling.com\/cs\/2026\/01\/27\/mathias-vacek-chci-najit-svoje-limity-a-byt-vitez\/","og_locale":"cs_CZ","og_type":"article","og_title":"Mathias Vacek: Chci naj\u00edt svoje limity a b\u00fdt v\u00edt\u011bz","og_description":"T\u0159i Monumenty a Tour de France! Mathias Vacek se chyst\u00e1 na sezonu, kter\u00e1 m\u016f\u017ee zm\u011bnit jeho kari\u00e9ru. Z\u00e1vodn\u00edk t\u00fdmu Lidl Trek se b\u011bhem sezony 2025 usadil mezi elitou cyklistick\u00e9ho pelotonu, p\u0159idal do sb\u00edrky \u010desk\u00fd titul z \u010dasovky i hromadn\u00e9ho z\u00e1vodu \u010di etapov\u00e9 prvenstv\u00ed na Tour de Wallonie. Te\u010f chce triumf, kter\u00fd jej posune za\u0159ad\u00ed mezi nejv\u011bt\u0161\u00ed hv\u011bzdy.","og_url":"https:\/\/www.welovecycling.com\/cs\/2026\/01\/27\/mathias-vacek-chci-najit-svoje-limity-a-byt-vitez\/","og_site_name":"\u0160koda We Love Cycling - \u010cesk\u00e1 republika","article_published_time":"2026-01-27T05:00:12+00:00","og_image":[{"width":2560,"height":1707,"url":"https:\/\/d2p6e6u75xmxt8.cloudfront.net\/13\/2026\/01\/BrychtaJan_MR_Banovce_20250629_153641_850_7550-scaled.webp","type":"image\/webp"}],"author":"radekmalina","twitter_card":"summary_large_image","twitter_misc":{"Written by":"Radek Malina","Est. reading time":"7"},"schema":{"@context":"https:\/\/schema.org","@graph":[{"@type":"WebPage","@id":"https:\/\/www.welovecycling.com\/cs\/2026\/01\/27\/mathias-vacek-chci-najit-svoje-limity-a-byt-vitez\/","url":"https:\/\/www.welovecycling.com\/cs\/2026\/01\/27\/mathias-vacek-chci-najit-svoje-limity-a-byt-vitez\/","name":"Mathias Vacek: Chci naj\u00edt svoje limity a b\u00fdt v\u00edt\u011bz | \u0160koda We Love Cycling - \u010cesk\u00e1 republika","isPartOf":{"@id":"https:\/\/www.welovecycling.com\/cs\/#website"},"primaryImageOfPage":{"@id":"https:\/\/www.welovecycling.com\/cs\/2026\/01\/27\/mathias-vacek-chci-najit-svoje-limity-a-byt-vitez\/#primaryimage"},"image":{"@id":"https:\/\/www.welovecycling.com\/cs\/2026\/01\/27\/mathias-vacek-chci-najit-svoje-limity-a-byt-vitez\/#primaryimage"},"thumbnailUrl":"https:\/\/d2p6e6u75xmxt8.cloudfront.net\/13\/2026\/01\/BrychtaJan_MR_Banovce_20250629_153641_850_7550-scaled.webp","datePublished":"2026-01-27T05:00:12+00:00","author":{"@id":"https:\/\/www.welovecycling.com\/cs\/#\/schema\/person\/d9eeb0a378f3a7e4a6d12d2b536b04b8"},"description":"T\u0159i Monumenty a Tour de France! Mathias Vacek se chyst\u00e1 na sezonu, kter\u00e1 m\u016f\u017ee zm\u011bnit jeho kari\u00e9ru. Z\u00e1vodn\u00edk t\u00fdmu Lidl Trek se b\u011bhem sezony 2025 usadil mezi elitou cyklistick\u00e9ho pelotonu, p\u0159idal do sb\u00edrky \u010desk\u00fd titul z \u010dasovky i hromadn\u00e9ho z\u00e1vodu \u010di etapov\u00e9 prvenstv\u00ed na Tour de Wallonie. Te\u010f chce triumf, kter\u00fd jej posune za\u0159ad\u00ed mezi nejv\u011bt\u0161\u00ed hv\u011bzdy.","inLanguage":"cs","potentialAction":[{"@type":"ReadAction","target":["https:\/\/www.welovecycling.com\/cs\/2026\/01\/27\/mathias-vacek-chci-najit-svoje-limity-a-byt-vitez\/"]}]},{"@type":"ImageObject","inLanguage":"cs","@id":"https:\/\/www.welovecycling.com\/cs\/2026\/01\/27\/mathias-vacek-chci-najit-svoje-limity-a-byt-vitez\/#primaryimage","url":"https:\/\/d2p6e6u75xmxt8.cloudfront.net\/13\/2026\/01\/BrychtaJan_MR_Banovce_20250629_153641_850_7550-scaled.webp","contentUrl":"https:\/\/d2p6e6u75xmxt8.cloudfront.net\/13\/2026\/01\/BrychtaJan_MR_Banovce_20250629_153641_850_7550-scaled.webp","width":2560,"height":1707,"caption":"Mathias Vacek"},{"@type":"WebSite","@id":"https:\/\/www.welovecycling.com\/cs\/#website","url":"https:\/\/www.welovecycling.com\/cs\/","name":"\u0160koda We Love Cycling - \u010cesk\u00e1 republika","description":"WeLoveCycling.cz je online magaz\u00edn, kter\u00fd v\u00e1m pravideln\u011b p\u0159in\u00e1\u0161\u00ed rady a tipy, zaj\u00edmav\u00e9 \u010dl\u00e1nky, videa a jedine\u010dn\u00e9 report\u00e1\u017ee ze sv\u011bta cyklistiky.","potentialAction":[{"@type":"SearchAction","target":{"@type":"EntryPoint","urlTemplate":"https:\/\/www.welovecycling.com\/cs\/?s={search_term_string}"},"query-input":{"@type":"PropertyValueSpecification","valueRequired":true,"valueName":"search_term_string"}}],"inLanguage":"cs"},{"@type":"Person","@id":"https:\/\/www.welovecycling.com\/cs\/#\/schema\/person\/d9eeb0a378f3a7e4a6d12d2b536b04b8","name":"radekmalina","image":{"@type":"ImageObject","inLanguage":"cs","@id":"https:\/\/www.welovecycling.com\/cs\/#\/schema\/person\/image\/","url":"https:\/\/secure.gravatar.com\/avatar\/66994b632cb8c39a46b9f54afa3ae07201b678d32a54275b6f1c9ffec356bfc0?s=96&d=mm&r=g","contentUrl":"https:\/\/secure.gravatar.com\/avatar\/66994b632cb8c39a46b9f54afa3ae07201b678d32a54275b6f1c9ffec356bfc0?s=96&d=mm&r=g","caption":"radekmalina"},"url":"https:\/\/www.welovecycling.com\/cs\/author\/radekmalina\/"}]}},"_links":{"self":[{"href":"https:\/\/www.welovecycling.com\/cs\/wp-json\/wp\/v2\/posts\/32328","targetHints":{"allow":["GET"]}}],"collection":[{"href":"https:\/\/www.welovecycling.com\/cs\/wp-json\/wp\/v2\/posts"}],"about":[{"href":"https:\/\/www.welovecycling.com\/cs\/wp-json\/wp\/v2\/types\/post"}],"author":[{"embeddable":true,"href":"https:\/\/www.welovecycling.com\/cs\/wp-json\/wp\/v2\/users\/138"}],"replies":[{"embeddable":true,"href":"https:\/\/www.welovecycling.com\/cs\/wp-json\/wp\/v2\/comments?post=32328"}],"version-history":[{"count":3,"href":"https:\/\/www.welovecycling.com\/cs\/wp-json\/wp\/v2\/posts\/32328\/revisions"}],"predecessor-version":[{"id":32347,"href":"https:\/\/www.welovecycling.com\/cs\/wp-json\/wp\/v2\/posts\/32328\/revisions\/32347"}],"wp:featuredmedia":[{"embeddable":true,"href":"https:\/\/www.welovecycling.com\/cs\/wp-json\/wp\/v2\/media\/32283"}],"wp:attachment":[{"href":"https:\/\/www.welovecycling.com\/cs\/wp-json\/wp\/v2\/media?parent=32328"}],"wp:term":[{"taxonomy":"category","embeddable":true,"href":"https:\/\/www.welovecycling.com\/cs\/wp-json\/wp\/v2\/categories?post=32328"},{"taxonomy":"post_tag","embeddable":true,"href":"https:\/\/www.welovecycling.com\/cs\/wp-json\/wp\/v2\/tags?post=32328"},{"taxonomy":"global-categories","embeddable":true,"href":"https:\/\/www.welovecycling.com\/cs\/wp-json\/wp\/v2\/global-categories?post=32328"}],"curies":[{"name":"wp","href":"https:\/\/api.w.org\/{rel}","templated":true}]}}