{"id":31982,"date":"2026-01-06T15:51:48","date_gmt":"2026-01-06T13:51:48","guid":{"rendered":"https:\/\/www.welovecycling.com\/cs\/?p=31982"},"modified":"2026-01-06T15:51:48","modified_gmt":"2026-01-06T13:51:48","slug":"kral-cyklistiky-v-novem-kabatu","status":"publish","type":"post","link":"https:\/\/www.welovecycling.com\/cs\/2026\/01\/06\/kral-cyklistiky-v-novem-kabatu\/","title":{"rendered":"Kr\u00e1l cyklistiky v nov\u00e9m kab\u00e1tu!"},"content":{"rendered":"<p><strong>Ve zcela nov\u00e9m h\u00e1vu prob\u011bhne jedna\u0161edes\u00e1t\u00fd ro\u010dn\u00edk tradi\u010dn\u00ed sportovn\u00ed ankety Kr\u00e1l cyklistiky. Vyhl\u00e1\u0161en\u00ed za sezonu 2025, kter\u00e1 se uskute\u010dn\u00ed 12. ledna, nab\u00eddne mnoho novinek.<\/strong><\/p>\n<p>Prvn\u00ed ro\u010dn\u00edk ankety Kr\u00e1l cyklistiky se konal ji\u017e v roce 1965. Za v\u00edce ne\u017e \u0161est desetilet\u00ed sv\u00e9 existence poznala celou \u0159adu v\u00fdrazn\u00fdch osobnost\u00ed a v\u00edt\u011bz\u016f. Mezi nej\u00fasp\u011b\u0161n\u011bj\u0161\u00ed pat\u0159\u00ed bezesporu brat\u0159i Posp\u00ed\u0161ilov\u00e9, kte\u0159\u00ed v dob\u011b sv\u00e9 nejv\u011bt\u0161\u00ed sl\u00e1vy dok\u00e1zali celkov\u00e9 po\u0159ad\u00ed ankety ovl\u00e1dnout hned osmkr\u00e1t. Krom\u011b hlavn\u00edho v\u00edt\u011bze byli v minulosti pravideln\u011b oce\u0148ov\u00e1ni tak\u00e9 nejlep\u0161\u00ed z\u00e1vodn\u00edci jednotliv\u00fdch discipl\u00edn a ud\u011blov\u00e1ny byly i dal\u0161\u00ed vlo\u017een\u00e9 kategorie, jako nap\u0159\u00edklad S\u00ed\u0148 sl\u00e1vy, Junior roku \u010di Juniorka roku.<\/p>\n<p>Pr\u00e1v\u011b form\u00e1t ankety v\u0161ak nyn\u00ed proch\u00e1z\u00ed v\u00fdznamnou prom\u011bnou. Po vzoru jin\u00fdch sportovn\u00edch ocen\u011bn\u00ed se nov\u011b v r\u00e1mci ankety Kr\u00e1l cyklistiky nebudou vyhla\u0161ovat v\u00edt\u011bzov\u00e9 jednotliv\u00fdch discipl\u00edn. M\u00edsto toho bude b\u011bhem slavnostn\u00edho ve\u010dera p\u0159edstavena TOP 5 nejlep\u0161\u00edch \u010desk\u00fdch cyklist\u016f nap\u0159\u00ed\u010d cel\u00fdm cyklistick\u00fdm spektrem, jejich\u017e po\u0159ad\u00ed vzejde z hlasov\u00e1n\u00ed odborn\u00e9 ve\u0159ejnosti. Tento krok m\u00e1 za c\u00edl nejen zatraktivnit anketu pro \u0161ir\u0161\u00ed ve\u0159ejnost, ale tak\u00e9 zd\u016fraznit z\u00e1kladn\u00ed my\u0161lenku \u2013 a\u010dkoliv se jednotliv\u00e1 odv\u011btv\u00ed cyklistiky mohou v\u00fdrazn\u011b li\u0161it, cyklistika je jen jedna.<\/p>\n<div class=\"shortcode-ys-post-pinup\"><article class=\"loop-simple post-28178 post type-post status-publish format-standard has-post-thumbnail hentry category-silnicni-cyklistika tag-cyklistika tag-kral-cyklistiky tag-kral-cyklistiky-2025 tag-pavel-bittner tag-silnicni-cyklistika global-categories-cycling\" data-postid=\"28178\" role=\"article\" data-post-id=\"28178\" data-word-count=\"571\" data-headline-length=\"74\" data-category=\"Silni\u010dn\u00ed cyklistika\" data-global-category=\"Cycling\" data-author=\"We Love Cycling\" data-published=\"2025-02-05T23:30:58+02:00\" data-published-day=\"Wednesday\">\n    <div class=\"entry-thumbnail article-thumbnail\" content=\"https:\/\/d2p6e6u75xmxt8.cloudfront.net\/13\/2024\/08\/profimedia-0896244117-150x150.webp\"><a href=\"https:\/\/www.welovecycling.com\/cs\/2025\/02\/05\/kral-cyklistiky-pavel-bittner-jsem-v-sirsi-nominaci-na-tour-de-france\/\" class=\"image-holder\" target=\"_self\"><img decoding=\"async\" loading=\"lazy\" class=\"\" src=\"https:\/\/d2p6e6u75xmxt8.cloudfront.net\/13\/2024\/08\/profimedia-0896244117-1024x683.webp\" srcset=\"https:\/\/d2p6e6u75xmxt8.cloudfront.net\/13\/2024\/08\/profimedia-0896244117.webp 1800w, https:\/\/d2p6e6u75xmxt8.cloudfront.net\/13\/2024\/08\/profimedia-0896244117-300x200.webp 300w, https:\/\/d2p6e6u75xmxt8.cloudfront.net\/13\/2024\/08\/profimedia-0896244117-1024x683.webp 1024w, https:\/\/d2p6e6u75xmxt8.cloudfront.net\/13\/2024\/08\/profimedia-0896244117-768x512.webp 768w, https:\/\/d2p6e6u75xmxt8.cloudfront.net\/13\/2024\/08\/profimedia-0896244117-1536x1024.webp 1536w, https:\/\/d2p6e6u75xmxt8.cloudfront.net\/13\/2024\/08\/profimedia-0896244117-400x267.webp 400w, https:\/\/d2p6e6u75xmxt8.cloudfront.net\/13\/2024\/08\/profimedia-0896244117-272x182.webp 272w\" width=\"1024\" height=\"683\" sizes=\"auto, (min-width: 1200px) 300px, (min-width: 768px) 25vw, 100vw\" alt=\"kral-cyklistiky-pavel-bittner-jsem-v-sirsi-nominaci-na-tour-de-france\"\/><\/a><\/div>    <div class=\"entry-meta\">\n        <a class=\"label label-secondary post-category\" href=\"https:\/\/www.welovecycling.com\/cs\/category\/silnicni-cyklistika\/\" title=\"Silni\u010dn\u00ed cyklistika\">Silni\u010dn\u00ed cyklistika<\/a>\n    <\/div>\n    <div class=\"entry-details\">\n        <a href=\"https:\/\/www.welovecycling.com\/cs\/2025\/02\/05\/kral-cyklistiky-pavel-bittner-jsem-v-sirsi-nominaci-na-tour-de-france\/\" class='entry-title-wrapper'>\n            <h3 class=\"entry-title\"><span>Kr\u00e1l cyklistiky Pavel Bittner: Jsem v \u0161ir\u0161\u00ed nominaci na Tour de France<\/span><\/h3>\n        <\/a>\n    <\/div>\n    <\/article>\n<\/div>\n<p>Nejlep\u0161\u00ed p\u011btici \u010desk\u00fdch cyklist\u016f uplynul\u00e9ho roku na p\u00f3diu dopln\u00ed i vlo\u017een\u00e9 kategorie. Tradi\u010dn\u00ed sou\u010d\u00e1st\u00ed ve\u010dera z\u016fst\u00e1v\u00e1 S\u00ed\u0148 sl\u00e1vy, do n\u00ed\u017e ji\u017e v\u00edce ne\u017e deset let vstupuj\u00ed legendy \u010desk\u00e9 cyklistiky \u2013 a\u0165 u\u017e v roli z\u00e1vodn\u00edk\u016f, tren\u00e9r\u016f \u010di organiz\u00e1tor\u016f. Tato kategorie z\u016fst\u00e1v\u00e1 i do dal\u0161\u00edch let beze zm\u011bny a nad\u00e1le p\u0159ipom\u00edn\u00e1 osobnosti, kter\u00e9 se nesmazateln\u011b zapsaly do historie tohoto sportu.<\/p>\n<p><a href=\"https:\/\/d2p6e6u75xmxt8.cloudfront.net\/13\/2026\/01\/KRAL25_RGB_4x5.webp\"><img loading=\"lazy\" decoding=\"async\" class=\"alignnone size-full wp-image-32045\" src=\"https:\/\/d2p6e6u75xmxt8.cloudfront.net\/13\/2026\/01\/KRAL25_RGB_4x5.webp\" alt=\"\" width=\"1080\" height=\"1350\" srcset=\"https:\/\/d2p6e6u75xmxt8.cloudfront.net\/13\/2026\/01\/KRAL25_RGB_4x5.webp 1080w, https:\/\/d2p6e6u75xmxt8.cloudfront.net\/13\/2026\/01\/KRAL25_RGB_4x5-240x300.webp 240w, https:\/\/d2p6e6u75xmxt8.cloudfront.net\/13\/2026\/01\/KRAL25_RGB_4x5-819x1024.webp 819w, https:\/\/d2p6e6u75xmxt8.cloudfront.net\/13\/2026\/01\/KRAL25_RGB_4x5-768x960.webp 768w, https:\/\/d2p6e6u75xmxt8.cloudfront.net\/13\/2026\/01\/KRAL25_RGB_4x5-320x400.webp 320w\" sizes=\"auto, (max-width: 1080px) 100vw, 1080px\" \/><\/a><\/p>\n<p>V\u00fdraznou obm\u011bnou pro\u0161la kategorie zam\u011b\u0159en\u00e1 na mlad\u00e9 z\u00e1vodn\u00edky. Dosavadn\u00ed ocen\u011bn\u00ed Junior roku \/ Juniorka roku nahrazuje nov\u00e1 kategorie Talent roku, kter\u00e1 se roz\u0161i\u0159uje tak\u00e9 na kadety a jezdce kategorie U23. D\u00edky tomu dostane \u0161anci na ocen\u011bn\u00ed \u0161ir\u0161\u00ed spektrum mlad\u00fdch cyklist\u016f, kte\u0159\u00ed v uplynul\u00e9 sezon\u011b prok\u00e1zali v\u00fdjime\u010dn\u00fd potenci\u00e1l a mohou p\u0159edstavovat budoucnost \u010desk\u00e9 cyklistiky.<\/p>\n<p>Posledn\u00ed kategori\u00ed ankety Kr\u00e1l cyklistiky je pak \u00fapln\u00e1 novinka, do kter\u00e9 se zapojila \u0161irok\u00e1 ve\u0159ejnost. Po\u010din roku je ocen\u011bn\u00ed, o jeho\u017e v\u00edt\u011bzi rozhodovali fanou\u0161ci prost\u0159ednictv\u00edm online hlasov\u00e1n\u00ed. Kdokoli mohl nominovat v\u00fdkon, projekt, ud\u00e1lost \u010di \u010din, kter\u00fd m\u011bl v uplynul\u00e9m roce v\u00fdrazn\u00fd dopad na \u010deskou cyklistiku. Ne\u0161lo p\u0159itom pouze o sportovn\u00ed v\u00fdsledky \u2013 ocen\u011bny mohly b\u00fdt i projevy fair play, organiza\u010dn\u00ed po\u010diny nebo aktivity, kter\u00e9 pomohly \u010deskou cyklistiku posunout d\u00e1l.<\/p>\n<p>Kr\u00e1lem cyklistiky za rok 2024 se stal silni\u010d\u00e1\u0159 Pavel Bittner, p\u0159ed n\u00edm triumfovaly dv\u011b \u017eeny: cyklokrosa\u0159ka Krist\u00fdna Zemanov\u00e1 a Iveta Miculy\u010dov\u00e1, reprezentantka ve freestyle BMX. P\u0159\u00edm\u00fd p\u0159enos z p\u0159ed\u00e1v\u00e1n\u00ed bude ji\u017e tradi\u010dn\u011b odvys\u00edl\u00e1n \u017eiv\u011b na kan\u00e1le \u010cT Sport od 20:15.<\/p>\n","protected":false},"excerpt":{"rendered":"<p>Ve zcela nov\u00e9m h\u00e1vu prob\u011bhne jedna\u0161edes\u00e1t\u00fd ro\u010dn\u00edk tradi\u010dn\u00ed sportovn\u00ed ankety Kr\u00e1l cyklistiky. Vyhl\u00e1\u0161en\u00ed za sezonu 2025, kter\u00e1 se uskute\u010dn\u00ed 12. [&hellip;]<\/p>\n","protected":false},"author":138,"featured_media":32046,"comment_status":"open","ping_status":"open","sticky":false,"template":"","format":"standard","meta":{"footnotes":""},"categories":[660],"tags":[4044],"global-categories":[411],"class_list":["post-31982","post","type-post","status-publish","format-standard","has-post-thumbnail","hentry","category-https-www-welovecycling-com-cs-category-zabava","tag-kral-cyklistiky","global-categories-cycling"],"yoast_head":"<!-- This site is optimized with the Yoast SEO Premium plugin v25.3 (Yoast SEO v25.9) - https:\/\/yoast.com\/wordpress\/plugins\/seo\/ -->\n<title>Kr\u00e1l cyklistiky v nov\u00e9m kab\u00e1tu! | \u0160koda We Love Cycling - \u010cesk\u00e1 republika<\/title>\n<meta name=\"description\" content=\"Ve zcela nov\u00e9m h\u00e1vu prob\u011bhne jedna\u0161edes\u00e1t\u00fd ro\u010dn\u00edk tradi\u010dn\u00ed sportovn\u00ed ankety Kr\u00e1l cyklistiky. Vyhl\u00e1\u0161en\u00ed za sezonu 2025, kter\u00e1 se uskute\u010dn\u00ed 12. ledna, nab\u00eddne mnoho novinek.\" \/>\n<meta name=\"robots\" content=\"index, follow, max-snippet:-1, max-image-preview:large, max-video-preview:-1\" \/>\n<link rel=\"canonical\" href=\"https:\/\/www.welovecycling.com\/cs\/2026\/01\/06\/kral-cyklistiky-v-novem-kabatu\/\" \/>\n<meta property=\"og:locale\" content=\"cs_CZ\" \/>\n<meta property=\"og:type\" content=\"article\" \/>\n<meta property=\"og:title\" content=\"Kr\u00e1l cyklistiky v nov\u00e9m kab\u00e1tu!\" \/>\n<meta property=\"og:description\" content=\"Ve zcela nov\u00e9m h\u00e1vu prob\u011bhne jedna\u0161edes\u00e1t\u00fd ro\u010dn\u00edk tradi\u010dn\u00ed sportovn\u00ed ankety Kr\u00e1l cyklistiky. Vyhl\u00e1\u0161en\u00ed za sezonu 2025, kter\u00e1 se uskute\u010dn\u00ed 12. ledna, nab\u00eddne mnoho novinek.\" \/>\n<meta property=\"og:url\" content=\"https:\/\/www.welovecycling.com\/cs\/2026\/01\/06\/kral-cyklistiky-v-novem-kabatu\/\" \/>\n<meta property=\"og:site_name\" content=\"\u0160koda We Love Cycling - \u010cesk\u00e1 republika\" \/>\n<meta property=\"article:published_time\" content=\"2026-01-06T13:51:48+00:00\" \/>\n<meta property=\"og:image\" content=\"https:\/\/d2p6e6u75xmxt8.cloudfront.net\/13\/2026\/01\/Kral-cyklistiky_2024_124-scaled.webp\" \/>\n\t<meta property=\"og:image:width\" content=\"2560\" \/>\n\t<meta property=\"og:image:height\" content=\"1708\" \/>\n\t<meta property=\"og:image:type\" content=\"image\/webp\" \/>\n<meta name=\"author\" content=\"radekmalina\" \/>\n<meta name=\"twitter:card\" content=\"summary_large_image\" \/>\n<meta name=\"twitter:label1\" content=\"Written by\" \/>\n\t<meta name=\"twitter:data1\" content=\"We Love Cycling\" \/>\n\t<meta name=\"twitter:label2\" content=\"Est. reading time\" \/>\n\t<meta name=\"twitter:data2\" content=\"5\" \/>\n<script type=\"application\/ld+json\" class=\"yoast-schema-graph\">{\"@context\":\"https:\/\/schema.org\",\"@graph\":[{\"@type\":\"WebPage\",\"@id\":\"https:\/\/www.welovecycling.com\/cs\/2026\/01\/06\/kral-cyklistiky-v-novem-kabatu\/\",\"url\":\"https:\/\/www.welovecycling.com\/cs\/2026\/01\/06\/kral-cyklistiky-v-novem-kabatu\/\",\"name\":\"Kr\u00e1l cyklistiky v nov\u00e9m kab\u00e1tu! | \u0160koda We Love Cycling - \u010cesk\u00e1 republika\",\"isPartOf\":{\"@id\":\"https:\/\/www.welovecycling.com\/cs\/#website\"},\"primaryImageOfPage\":{\"@id\":\"https:\/\/www.welovecycling.com\/cs\/2026\/01\/06\/kral-cyklistiky-v-novem-kabatu\/#primaryimage\"},\"image\":{\"@id\":\"https:\/\/www.welovecycling.com\/cs\/2026\/01\/06\/kral-cyklistiky-v-novem-kabatu\/#primaryimage\"},\"thumbnailUrl\":\"https:\/\/d2p6e6u75xmxt8.cloudfront.net\/13\/2026\/01\/Kral-cyklistiky_2024_124-scaled.webp\",\"datePublished\":\"2026-01-06T13:51:48+00:00\",\"author\":{\"@id\":\"https:\/\/www.welovecycling.com\/cs\/#\/schema\/person\/d9eeb0a378f3a7e4a6d12d2b536b04b8\"},\"description\":\"Ve zcela nov\u00e9m h\u00e1vu prob\u011bhne jedna\u0161edes\u00e1t\u00fd ro\u010dn\u00edk tradi\u010dn\u00ed sportovn\u00ed ankety Kr\u00e1l cyklistiky. Vyhl\u00e1\u0161en\u00ed za sezonu 2025, kter\u00e1 se uskute\u010dn\u00ed 12. ledna, nab\u00eddne mnoho novinek.\",\"inLanguage\":\"cs\",\"potentialAction\":[{\"@type\":\"ReadAction\",\"target\":[\"https:\/\/www.welovecycling.com\/cs\/2026\/01\/06\/kral-cyklistiky-v-novem-kabatu\/\"]}]},{\"@type\":\"ImageObject\",\"inLanguage\":\"cs\",\"@id\":\"https:\/\/www.welovecycling.com\/cs\/2026\/01\/06\/kral-cyklistiky-v-novem-kabatu\/#primaryimage\",\"url\":\"https:\/\/d2p6e6u75xmxt8.cloudfront.net\/13\/2026\/01\/Kral-cyklistiky_2024_124-scaled.webp\",\"contentUrl\":\"https:\/\/d2p6e6u75xmxt8.cloudfront.net\/13\/2026\/01\/Kral-cyklistiky_2024_124-scaled.webp\",\"width\":2560,\"height\":1708,\"caption\":\"Kr\u00e1l cyklistiky Kry\u0161tof Ba\u017eant\"},{\"@type\":\"WebSite\",\"@id\":\"https:\/\/www.welovecycling.com\/cs\/#website\",\"url\":\"https:\/\/www.welovecycling.com\/cs\/\",\"name\":\"\u0160koda We Love Cycling - \u010cesk\u00e1 republika\",\"description\":\"WeLoveCycling.cz je online magaz\u00edn, kter\u00fd v\u00e1m pravideln\u011b p\u0159in\u00e1\u0161\u00ed rady a tipy, zaj\u00edmav\u00e9 \u010dl\u00e1nky, videa a jedine\u010dn\u00e9 report\u00e1\u017ee ze sv\u011bta cyklistiky.\",\"potentialAction\":[{\"@type\":\"SearchAction\",\"target\":{\"@type\":\"EntryPoint\",\"urlTemplate\":\"https:\/\/www.welovecycling.com\/cs\/?s={search_term_string}\"},\"query-input\":{\"@type\":\"PropertyValueSpecification\",\"valueRequired\":true,\"valueName\":\"search_term_string\"}}],\"inLanguage\":\"cs\"},{\"@type\":\"Person\",\"@id\":\"https:\/\/www.welovecycling.com\/cs\/#\/schema\/person\/d9eeb0a378f3a7e4a6d12d2b536b04b8\",\"name\":\"radekmalina\",\"image\":{\"@type\":\"ImageObject\",\"inLanguage\":\"cs\",\"@id\":\"https:\/\/www.welovecycling.com\/cs\/#\/schema\/person\/image\/\",\"url\":\"https:\/\/secure.gravatar.com\/avatar\/66994b632cb8c39a46b9f54afa3ae07201b678d32a54275b6f1c9ffec356bfc0?s=96&d=mm&r=g\",\"contentUrl\":\"https:\/\/secure.gravatar.com\/avatar\/66994b632cb8c39a46b9f54afa3ae07201b678d32a54275b6f1c9ffec356bfc0?s=96&d=mm&r=g\",\"caption\":\"radekmalina\"},\"url\":\"https:\/\/www.welovecycling.com\/cs\/author\/radekmalina\/\"}]}<\/script>\n<!-- \/ Yoast SEO Premium plugin. -->","yoast_head_json":{"title":"Kr\u00e1l cyklistiky v nov\u00e9m kab\u00e1tu! | \u0160koda We Love Cycling - \u010cesk\u00e1 republika","description":"Ve zcela nov\u00e9m h\u00e1vu prob\u011bhne jedna\u0161edes\u00e1t\u00fd ro\u010dn\u00edk tradi\u010dn\u00ed sportovn\u00ed ankety Kr\u00e1l cyklistiky. Vyhl\u00e1\u0161en\u00ed za sezonu 2025, kter\u00e1 se uskute\u010dn\u00ed 12. ledna, nab\u00eddne mnoho novinek.","robots":{"index":"index","follow":"follow","max-snippet":"max-snippet:-1","max-image-preview":"max-image-preview:large","max-video-preview":"max-video-preview:-1"},"canonical":"https:\/\/www.welovecycling.com\/cs\/2026\/01\/06\/kral-cyklistiky-v-novem-kabatu\/","og_locale":"cs_CZ","og_type":"article","og_title":"Kr\u00e1l cyklistiky v nov\u00e9m kab\u00e1tu!","og_description":"Ve zcela nov\u00e9m h\u00e1vu prob\u011bhne jedna\u0161edes\u00e1t\u00fd ro\u010dn\u00edk tradi\u010dn\u00ed sportovn\u00ed ankety Kr\u00e1l cyklistiky. Vyhl\u00e1\u0161en\u00ed za sezonu 2025, kter\u00e1 se uskute\u010dn\u00ed 12. ledna, nab\u00eddne mnoho novinek.","og_url":"https:\/\/www.welovecycling.com\/cs\/2026\/01\/06\/kral-cyklistiky-v-novem-kabatu\/","og_site_name":"\u0160koda We Love Cycling - \u010cesk\u00e1 republika","article_published_time":"2026-01-06T13:51:48+00:00","og_image":[{"width":2560,"height":1708,"url":"https:\/\/d2p6e6u75xmxt8.cloudfront.net\/13\/2026\/01\/Kral-cyklistiky_2024_124-scaled.webp","type":"image\/webp"}],"author":"radekmalina","twitter_card":"summary_large_image","twitter_misc":{"Written by":"We Love Cycling","Est. reading time":"5"},"schema":{"@context":"https:\/\/schema.org","@graph":[{"@type":"WebPage","@id":"https:\/\/www.welovecycling.com\/cs\/2026\/01\/06\/kral-cyklistiky-v-novem-kabatu\/","url":"https:\/\/www.welovecycling.com\/cs\/2026\/01\/06\/kral-cyklistiky-v-novem-kabatu\/","name":"Kr\u00e1l cyklistiky v nov\u00e9m kab\u00e1tu! | \u0160koda We Love Cycling - \u010cesk\u00e1 republika","isPartOf":{"@id":"https:\/\/www.welovecycling.com\/cs\/#website"},"primaryImageOfPage":{"@id":"https:\/\/www.welovecycling.com\/cs\/2026\/01\/06\/kral-cyklistiky-v-novem-kabatu\/#primaryimage"},"image":{"@id":"https:\/\/www.welovecycling.com\/cs\/2026\/01\/06\/kral-cyklistiky-v-novem-kabatu\/#primaryimage"},"thumbnailUrl":"https:\/\/d2p6e6u75xmxt8.cloudfront.net\/13\/2026\/01\/Kral-cyklistiky_2024_124-scaled.webp","datePublished":"2026-01-06T13:51:48+00:00","author":{"@id":"https:\/\/www.welovecycling.com\/cs\/#\/schema\/person\/d9eeb0a378f3a7e4a6d12d2b536b04b8"},"description":"Ve zcela nov\u00e9m h\u00e1vu prob\u011bhne jedna\u0161edes\u00e1t\u00fd ro\u010dn\u00edk tradi\u010dn\u00ed sportovn\u00ed ankety Kr\u00e1l cyklistiky. Vyhl\u00e1\u0161en\u00ed za sezonu 2025, kter\u00e1 se uskute\u010dn\u00ed 12. ledna, nab\u00eddne mnoho novinek.","inLanguage":"cs","potentialAction":[{"@type":"ReadAction","target":["https:\/\/www.welovecycling.com\/cs\/2026\/01\/06\/kral-cyklistiky-v-novem-kabatu\/"]}]},{"@type":"ImageObject","inLanguage":"cs","@id":"https:\/\/www.welovecycling.com\/cs\/2026\/01\/06\/kral-cyklistiky-v-novem-kabatu\/#primaryimage","url":"https:\/\/d2p6e6u75xmxt8.cloudfront.net\/13\/2026\/01\/Kral-cyklistiky_2024_124-scaled.webp","contentUrl":"https:\/\/d2p6e6u75xmxt8.cloudfront.net\/13\/2026\/01\/Kral-cyklistiky_2024_124-scaled.webp","width":2560,"height":1708,"caption":"Kr\u00e1l cyklistiky Kry\u0161tof Ba\u017eant"},{"@type":"WebSite","@id":"https:\/\/www.welovecycling.com\/cs\/#website","url":"https:\/\/www.welovecycling.com\/cs\/","name":"\u0160koda We Love Cycling - \u010cesk\u00e1 republika","description":"WeLoveCycling.cz je online magaz\u00edn, kter\u00fd v\u00e1m pravideln\u011b p\u0159in\u00e1\u0161\u00ed rady a tipy, zaj\u00edmav\u00e9 \u010dl\u00e1nky, videa a jedine\u010dn\u00e9 report\u00e1\u017ee ze sv\u011bta cyklistiky.","potentialAction":[{"@type":"SearchAction","target":{"@type":"EntryPoint","urlTemplate":"https:\/\/www.welovecycling.com\/cs\/?s={search_term_string}"},"query-input":{"@type":"PropertyValueSpecification","valueRequired":true,"valueName":"search_term_string"}}],"inLanguage":"cs"},{"@type":"Person","@id":"https:\/\/www.welovecycling.com\/cs\/#\/schema\/person\/d9eeb0a378f3a7e4a6d12d2b536b04b8","name":"radekmalina","image":{"@type":"ImageObject","inLanguage":"cs","@id":"https:\/\/www.welovecycling.com\/cs\/#\/schema\/person\/image\/","url":"https:\/\/secure.gravatar.com\/avatar\/66994b632cb8c39a46b9f54afa3ae07201b678d32a54275b6f1c9ffec356bfc0?s=96&d=mm&r=g","contentUrl":"https:\/\/secure.gravatar.com\/avatar\/66994b632cb8c39a46b9f54afa3ae07201b678d32a54275b6f1c9ffec356bfc0?s=96&d=mm&r=g","caption":"radekmalina"},"url":"https:\/\/www.welovecycling.com\/cs\/author\/radekmalina\/"}]}},"_links":{"self":[{"href":"https:\/\/www.welovecycling.com\/cs\/wp-json\/wp\/v2\/posts\/31982","targetHints":{"allow":["GET"]}}],"collection":[{"href":"https:\/\/www.welovecycling.com\/cs\/wp-json\/wp\/v2\/posts"}],"about":[{"href":"https:\/\/www.welovecycling.com\/cs\/wp-json\/wp\/v2\/types\/post"}],"author":[{"embeddable":true,"href":"https:\/\/www.welovecycling.com\/cs\/wp-json\/wp\/v2\/users\/138"}],"replies":[{"embeddable":true,"href":"https:\/\/www.welovecycling.com\/cs\/wp-json\/wp\/v2\/comments?post=31982"}],"version-history":[{"count":3,"href":"https:\/\/www.welovecycling.com\/cs\/wp-json\/wp\/v2\/posts\/31982\/revisions"}],"predecessor-version":[{"id":32109,"href":"https:\/\/www.welovecycling.com\/cs\/wp-json\/wp\/v2\/posts\/31982\/revisions\/32109"}],"wp:featuredmedia":[{"embeddable":true,"href":"https:\/\/www.welovecycling.com\/cs\/wp-json\/wp\/v2\/media\/32046"}],"wp:attachment":[{"href":"https:\/\/www.welovecycling.com\/cs\/wp-json\/wp\/v2\/media?parent=31982"}],"wp:term":[{"taxonomy":"category","embeddable":true,"href":"https:\/\/www.welovecycling.com\/cs\/wp-json\/wp\/v2\/categories?post=31982"},{"taxonomy":"post_tag","embeddable":true,"href":"https:\/\/www.welovecycling.com\/cs\/wp-json\/wp\/v2\/tags?post=31982"},{"taxonomy":"global-categories","embeddable":true,"href":"https:\/\/www.welovecycling.com\/cs\/wp-json\/wp\/v2\/global-categories?post=31982"}],"curies":[{"name":"wp","href":"https:\/\/api.w.org\/{rel}","templated":true}]}}