{"id":31867,"date":"2025-12-12T15:08:54","date_gmt":"2025-12-12T13:08:54","guid":{"rendered":"https:\/\/www.welovecycling.com\/cs\/?p=31867"},"modified":"2025-12-12T15:08:54","modified_gmt":"2025-12-12T13:08:54","slug":"mathieu-van-der-poel-jestli-jsem-se-nudil-radeji-zavodim-nez-trenuji","status":"publish","type":"post","link":"https:\/\/www.welovecycling.com\/cs\/2025\/12\/12\/mathieu-van-der-poel-jestli-jsem-se-nudil-radeji-zavodim-nez-trenuji\/","title":{"rendered":"Mathieu van der Poel: Jestli jsem se nudil? Rad\u011bji z\u00e1vod\u00edm ne\u017e tr\u00e9nuji!"},"content":{"rendered":"<p><strong>Konec z\u00e1vodn\u00ed zah\u00e1lky! Mathieu van der Poel, sedmin\u00e1sobn\u00fd mistr sv\u011bta v cyklokrosu, se vrac\u00ed do ter\u00e9nu pln\u00fd odhodl\u00e1n\u00ed a energie. Po dvou bikov\u00fdch p\u0159edstaven\u00edch na konci pr\u00e1zdnin si t\u0159icetilet\u00fd z\u00e1vodn\u00edk t\u00fdmu Alpecin Deceuninck dop\u0159\u00e1l p\u0159es t\u0159i m\u011bs\u00edce trvaj\u00edc\u00ed odpo\u010dinek od ostr\u00fdch bitev. Na st\u0159\u00edbrnou adventn\u00ed ned\u011bli si znovu p\u0159ipne na dres startovn\u00ed \u010d\u00edslo. Z\u00e1vod sv\u011btov\u00e9ho poh\u00e1ru v cyklokrosu v Namuru bude sv\u011bdkem restartu programu nizozemsk\u00e9ho cyklisty.<\/strong><\/p>\n<p>Borec, pro n\u011bho\u017e bude hlavn\u00edm vrcholem sezony \u00fatok na osm\u00fd titul mistra sv\u011bta v Hulstu, p\u0159ed n\u00e1vratem k z\u00e1vod\u016fm poskytl pro m\u00e9dia rozhovor o charakteru p\u0159\u00edpravy i aktu\u00e1ln\u00edm rozpolo\u017een\u00ed.<\/p>\n<h2><strong>Jak Mathieu van der Poel pro\u017eil nezvykle dlouh\u00e9 obdob\u00ed bez z\u00e1vod\u016f?<\/strong><\/h2>\n<p>Je fakt, \u017ee moje pauza byla del\u0161\u00ed ve srovn\u00e1n\u00ed s minulost\u00ed. Po mistrovstv\u00ed sv\u011bta horsk\u00fdch kol ve \u0160v\u00fdcarsku jsem c\u00edtil, \u017ee pot\u0159ebuji odpo\u010dinek. A sestaven\u00ed m\u00e9ho programu to umo\u017e\u0148ovalo. Tak\u017ee jsem si dal cel\u00fd m\u011bs\u00edc \u00fapln\u011b bez kola. N\u00e1sledn\u011b jsem obnovil tr\u00e9nink v Belgii a o dva t\u00fddny pozd\u011bji jsem se p\u0159esunul do sv\u00e9 obvykl\u00e9 tr\u00e9ninkov\u00e9 z\u00e1kladny ve \u0160pan\u011blsku, abych pokra\u010doval v budov\u00e1n\u00ed sil a postupn\u011b zvy\u0161oval intenzitu.<\/p>\n<h2><strong>Nadch\u00e1zej\u00edc\u00ed zimu se chyst\u00e1te absolvovat dvan\u00e1ct nebo t\u0159in\u00e1ct cyklokrosov\u00fdch akc\u00ed, co\u017e je docela dlouh\u00e1 s\u00e9rie. Jak vznikl tento program?<\/strong><\/h2>\n<p>Rozhodn\u011b jsem se pod\u00edval na trat\u011b a vybral si z\u00e1vody, kter\u00e9 m\u011b nejv\u00edce bav\u00ed. Skute\u010dnost, \u017ee n\u011bkolik z nich se kon\u00e1 v Antverp\u00e1ch a jejich okol\u00ed, je p\u0159\u00edjemn\u00fdm bonusem. A del\u0161\u00ed program d\u00e1v\u00e1 smysl. Druh\u00e1 polovina prosince v\u017edy nab\u00edz\u00ed v\u00edce z\u00e1vodn\u00edch p\u0159\u00edle\u017eitost\u00ed. Dokud jsem v Belgii, d\u00e1v\u00e1m p\u0159ednost sout\u011b\u017een\u00ed p\u0159ed tr\u00e9ninkem.<\/p>\n<figure id=\"attachment_24641\" aria-describedby=\"caption-attachment-24641\" style=\"width: 1800px\" class=\"wp-caption alignnone\"><a href=\"https:\/\/d2p6e6u75xmxt8.cloudfront.net\/13\/2024\/01\/profimedia-0839164754.webp\"><img loading=\"lazy\" decoding=\"async\" class=\"size-full wp-image-24641\" src=\"https:\/\/d2p6e6u75xmxt8.cloudfront.net\/13\/2024\/01\/profimedia-0839164754.webp\" alt=\"Mathieu van der Poel\" width=\"1800\" height=\"1199\" srcset=\"https:\/\/d2p6e6u75xmxt8.cloudfront.net\/13\/2024\/01\/profimedia-0839164754.webp 1800w, https:\/\/d2p6e6u75xmxt8.cloudfront.net\/13\/2024\/01\/profimedia-0839164754-300x200.webp 300w, https:\/\/d2p6e6u75xmxt8.cloudfront.net\/13\/2024\/01\/profimedia-0839164754-1024x682.webp 1024w, https:\/\/d2p6e6u75xmxt8.cloudfront.net\/13\/2024\/01\/profimedia-0839164754-768x512.webp 768w, https:\/\/d2p6e6u75xmxt8.cloudfront.net\/13\/2024\/01\/profimedia-0839164754-1536x1023.webp 1536w, https:\/\/d2p6e6u75xmxt8.cloudfront.net\/13\/2024\/01\/profimedia-0839164754-400x266.webp 400w, https:\/\/d2p6e6u75xmxt8.cloudfront.net\/13\/2024\/01\/profimedia-0839164754-272x182.webp 272w\" sizes=\"auto, (max-width: 1800px) 100vw, 1800px\" \/><\/a><figcaption id=\"caption-attachment-24641\" class=\"wp-caption-text\"><em>Mathieu van der Poel p\u0159i cyklokrosu v Benidormu v prosinci minul\u00e9ho roku.\u00a0<\/em><\/figcaption><\/figure>\n<h2><strong>Va\u0161\u00edm hlavn\u00edm c\u00edlem je mistrovstv\u00ed sv\u011bta v Nizozemsku. V\u00edt\u011bzstv\u00ed by z v\u00e1s ud\u011blalo absolutn\u00edho rekordmana s osmi tituly mistra sv\u011bta.<\/strong><\/h2>\n<p>Sv\u011btov\u00fd \u0161ampion\u00e1t v Hulstu je rozhodn\u011b hlavn\u00edm c\u00edlem. Stejn\u011b jako ka\u017ed\u00fd rok. St\u00e1t se jedin\u00fdm rekordmanem by bylo jen d\u016fsledkem v\u00edt\u011bzstv\u00ed, ne c\u00edlem samo o sob\u011b.<\/p>\n<h2><strong>Mana\u017eer t\u00fdmu Christoph Roodhooft minul\u00fd t\u00fdden \u0159ekl, \u017ee v\u00e1s za\u010d\u00ednaj\u00ed svrb\u011bt nohy a mo\u017en\u00e1 v\u00e1s tr\u00e9nink trochu unavuje\u2026<\/strong><\/h2>\n<p>To je trochu p\u0159ehnan\u00e9. Tr\u00e9nink si vlastn\u011b u\u017e\u00edv\u00e1m. Ale je pravda, \u017ee mi z\u00e1vody chyb\u011bly. Po Tour de France jsem absolvoval u\u017e jen Renewi Tour a dva z\u00e1vody horsk\u00fdch kol. Jsem nad\u0161en\u00fd, \u017ee do cyklokrosov\u00e9ho koloto\u010de nasko\u010d\u00edm o t\u00fdden d\u0159\u00edve ne\u017e minul\u00fd rok.<\/p>\n<div class=\"shortcode-ys-post-pinup\"><article class=\"loop-simple post-31751 post type-post status-publish format-standard has-post-thumbnail hentry category-cyklokros tag-alpecin-deceuninck tag-cyklokros tag-mathieu-van-der-poel tag-mistrovstvi-sveta tag-program tag-svetovy-pohar global-categories-cycling\" data-postid=\"31751\" role=\"article\" data-post-id=\"31751\" data-word-count=\"337\" data-headline-length=\"55\" data-category=\"Cyklokros\" data-global-category=\"Cycling\" data-author=\"Radek Malina\" data-published=\"2025-11-28T21:14:25+02:00\" data-published-day=\"Friday\">\n    <div class=\"entry-thumbnail article-thumbnail\" content=\"https:\/\/d2p6e6u75xmxt8.cloudfront.net\/13\/2025\/02\/profimedia-0959632582-150x150.webp\"><a href=\"https:\/\/www.welovecycling.com\/cs\/2025\/11\/28\/konec-tajnosti-van-der-poel-vyhlasil-utok-na-rekord\/\" class=\"image-holder\" target=\"_self\"><img decoding=\"async\" loading=\"lazy\" class=\"\" src=\"https:\/\/d2p6e6u75xmxt8.cloudfront.net\/13\/2025\/02\/profimedia-0959632582-1024x683.webp\" srcset=\"https:\/\/d2p6e6u75xmxt8.cloudfront.net\/13\/2025\/02\/profimedia-0959632582.webp 1800w, https:\/\/d2p6e6u75xmxt8.cloudfront.net\/13\/2025\/02\/profimedia-0959632582-300x200.webp 300w, https:\/\/d2p6e6u75xmxt8.cloudfront.net\/13\/2025\/02\/profimedia-0959632582-1024x683.webp 1024w, https:\/\/d2p6e6u75xmxt8.cloudfront.net\/13\/2025\/02\/profimedia-0959632582-768x512.webp 768w, https:\/\/d2p6e6u75xmxt8.cloudfront.net\/13\/2025\/02\/profimedia-0959632582-1536x1024.webp 1536w, https:\/\/d2p6e6u75xmxt8.cloudfront.net\/13\/2025\/02\/profimedia-0959632582-400x267.webp 400w, https:\/\/d2p6e6u75xmxt8.cloudfront.net\/13\/2025\/02\/profimedia-0959632582-272x182.webp 272w\" width=\"1024\" height=\"683\" sizes=\"auto, (min-width: 1200px) 300px, (min-width: 768px) 25vw, 100vw\" alt=\"konec-tajnosti-van-der-poel-vyhlasil-utok-na-rekord\"\/><\/a><\/div>    <div class=\"entry-meta\">\n        <a class=\"label label-secondary post-category\" href=\"https:\/\/www.welovecycling.com\/cs\/category\/cyklokros\/\" title=\"Cyklokros\">Cyklokros<\/a>\n    <\/div>\n    <div class=\"entry-details\">\n        <a href=\"https:\/\/www.welovecycling.com\/cs\/2025\/11\/28\/konec-tajnosti-van-der-poel-vyhlasil-utok-na-rekord\/\" class='entry-title-wrapper'>\n            <h3 class=\"entry-title\"><span>Konec tajnost\u00ed! Van der Poel vyhl\u00e1sil \u00fatok na rekord<\/span><\/h3>\n        <\/a>\n    <\/div>\n    <\/article>\n<\/div>\n<h2><strong>Sv\u011btov\u00fd poh\u00e1r v Namuru je na rozjezd skute\u010dnou klasikou\u2026<\/strong><\/h2>\n<p>Je to u\u017e dlouho, co jsem v Namuru z\u00e1vodil. Tra\u0165 se mi v\u017edycky l\u00edbila. C\u00edt\u00edm se na ni p\u0159ipraven\u00fd. V\u0161echno jsem sm\u011b\u0159oval hlavn\u011b tak, abych byl na startu sv\u00e9ho prvn\u00edho cyklokrosov\u00e9ho z\u00e1vodu sv\u011b\u017e\u00ed a odpo\u010dat\u00fd.<\/p>\n<h2><strong>Kolik cyklokrosov\u00fdch tr\u00e9nink\u016f zat\u00edm Mathieu van der Poel absolvoval?<\/strong><\/h2>\n<p>Dva. Jeden v \u00fater\u00fd, druh\u00fd ve \u010dtvrtek. Uzn\u00e1v\u00e1m, \u017ee nejde o velk\u00e9 \u010d\u00edslo. Ale minul\u00fd rok byla situace stejn\u00e1 a uk\u00e1zalo se, \u017ee jde o dosta\u010duj\u00edc\u00ed po\u010det. Douf\u00e1m, \u017ee letos budou v\u00fdsledky stejn\u00e9.<\/p>\n<figure id=\"attachment_28084\" aria-describedby=\"caption-attachment-28084\" style=\"width: 1800px\" class=\"wp-caption alignnone\"><a href=\"https:\/\/d2p6e6u75xmxt8.cloudfront.net\/13\/2025\/01\/profimedia-0957809269.webp\"><img loading=\"lazy\" decoding=\"async\" class=\"size-full wp-image-28084\" src=\"https:\/\/d2p6e6u75xmxt8.cloudfront.net\/13\/2025\/01\/profimedia-0957809269.webp\" alt=\"\" width=\"1800\" height=\"1200\" srcset=\"https:\/\/d2p6e6u75xmxt8.cloudfront.net\/13\/2025\/01\/profimedia-0957809269.webp 1800w, https:\/\/d2p6e6u75xmxt8.cloudfront.net\/13\/2025\/01\/profimedia-0957809269-300x200.webp 300w, https:\/\/d2p6e6u75xmxt8.cloudfront.net\/13\/2025\/01\/profimedia-0957809269-1024x683.webp 1024w, https:\/\/d2p6e6u75xmxt8.cloudfront.net\/13\/2025\/01\/profimedia-0957809269-768x512.webp 768w, https:\/\/d2p6e6u75xmxt8.cloudfront.net\/13\/2025\/01\/profimedia-0957809269-1536x1024.webp 1536w, https:\/\/d2p6e6u75xmxt8.cloudfront.net\/13\/2025\/01\/profimedia-0957809269-400x267.webp 400w, https:\/\/d2p6e6u75xmxt8.cloudfront.net\/13\/2025\/01\/profimedia-0957809269-272x182.webp 272w\" sizes=\"auto, (max-width: 1800px) 100vw, 1800px\" \/><\/a><figcaption id=\"caption-attachment-28084\" class=\"wp-caption-text\"><em>Mathieu van der Poel v\u0161e sm\u011b\u0159uje k mistrovstv\u00ed sv\u011bta v cyklokrosu, kde chce z\u00edskat osm\u00fd titul.<\/em><\/figcaption><\/figure>\n<h2><strong>Vn\u00edm\u00e1te obrovsk\u00e1 o\u010dek\u00e1v\u00e1n\u00ed ve\u0159ejnosti i cyklistick\u00fdch expert\u016f?<\/strong><\/h2>\n<p>Jde o logick\u00fd v\u00fdsledek m\u00fdch v\u00fdkon\u016f v posledn\u00edch letech. O\u010dek\u00e1v\u00e1n\u00ed mohou b\u00fdt vysok\u00e1. I j\u00e1 si nastavuji la\u0165ku vysoko. Osobn\u011b si mysl\u00edm, \u017ee jsem moment\u00e1ln\u011b st\u00e1le o zlomek pod \u00farovn\u00ed lo\u0148ska. Ale v\u011b\u0159\u00edm, \u017ee by to m\u011blo sta\u010dit, abych se hned zapojil do boje o v\u00edt\u011bzstv\u00ed.<\/p>\n<h2><strong>Sledoval <a href=\"https:\/\/www.welovecycling.com\/cs\/2025\/02\/02\/goat-mathieu-van-der-poel-sedmy-titul-soupere-demoralizoval-v-prvnich-metrech\/\">Mathieu van der Poel<\/a> dosavadn\u00ed pr\u016fb\u011bh cyklokrosov\u00e9 sezony nebo se soust\u0159edil v\u00fdhradn\u011b na vlastn\u00ed p\u0159\u00edpravu?<\/strong><\/h2>\n<p>Nesledoval jsem z\u00e1vody moc detailn\u011b. Ale v\u0161echno nasv\u011bd\u010duje, \u017ee se Thibau Nys p\u0159edstavuje nov\u00e9 m\u011b\u0159\u00edtko. Joris Nieuwenhuis neust\u00e1le potvrzuje vysokou v\u00fdkonnost. Konkr\u00e9tn\u011b u Namuru je v\u017edycky t\u0159eba zm\u00ednit Michaela Vanthourenhouta a Toona Aertse. A Cameron Mason jasn\u011b ud\u011blal krok vp\u0159ed. Je evidentn\u00ed, \u017ee m\u011b \u010dek\u00e1 spousta skv\u011bl\u00fdch soupe\u0159\u016f.<\/p>\n<div class=\"shortcode-ys-post-pinup\"><article class=\"loop-simple post-31769 post type-post status-publish format-standard has-post-thumbnail hentry category-cyklistika tag-bezpecnost tag-bezpecnost-pelotonu tag-cyklistika tag-giro tag-giro-2026 tag-giro-ditalia tag-mauro-vegni tag-nehody tag-zraneni global-categories-cycling\" data-postid=\"31769\" role=\"article\" data-post-id=\"31769\" data-word-count=\"224\" data-headline-length=\"66\" data-category=\"Cyklistika\" data-global-category=\"Cycling\" data-author=\"We Love Cycling\" data-published=\"2025-12-02T15:30:51+02:00\" data-published-day=\"Tuesday\">\n    <div class=\"entry-thumbnail article-thumbnail\" content=\"https:\/\/d2p6e6u75xmxt8.cloudfront.net\/13\/2021\/07\/pady-profimedia-0618356516-150x150.webp\"><a href=\"https:\/\/www.welovecycling.com\/cs\/2025\/12\/02\/proc-je-tolik-nehod-tvoje-smrt-muj-zivot-vysvetluje-legenda\/\" class=\"image-holder\" target=\"_self\"><img decoding=\"async\" loading=\"lazy\" class=\"\" src=\"https:\/\/d2p6e6u75xmxt8.cloudfront.net\/13\/2021\/07\/pady-profimedia-0618356516-1024x675.webp\" srcset=\"https:\/\/d2p6e6u75xmxt8.cloudfront.net\/13\/2021\/07\/pady-profimedia-0618356516.webp 1800w, https:\/\/d2p6e6u75xmxt8.cloudfront.net\/13\/2021\/07\/pady-profimedia-0618356516-300x198.webp 300w, https:\/\/d2p6e6u75xmxt8.cloudfront.net\/13\/2021\/07\/pady-profimedia-0618356516-1024x675.webp 1024w, https:\/\/d2p6e6u75xmxt8.cloudfront.net\/13\/2021\/07\/pady-profimedia-0618356516-768x506.webp 768w, https:\/\/d2p6e6u75xmxt8.cloudfront.net\/13\/2021\/07\/pady-profimedia-0618356516-1536x1013.webp 1536w\" width=\"1024\" height=\"675\" sizes=\"auto, (min-width: 1200px) 304px, (min-width: 768px) 25vw, 100vw\" alt=\"proc-je-tolik-nehod-tvoje-smrt-muj-zivot-vysvetluje-legenda\"\/><\/a><\/div>    <div class=\"entry-meta\">\n        <a class=\"label label-secondary post-category\" href=\"https:\/\/www.welovecycling.com\/cs\/category\/cyklistika\/\" title=\"Cyklistika\">Cyklistika<\/a>\n    <\/div>\n    <div class=\"entry-details\">\n        <a href=\"https:\/\/www.welovecycling.com\/cs\/2025\/12\/02\/proc-je-tolik-nehod-tvoje-smrt-muj-zivot-vysvetluje-legenda\/\" class='entry-title-wrapper'>\n            <h3 class=\"entry-title\"><span>Pro\u010d je tolik nehod? Tvoje smrt, m\u016fj \u017eivot, vysv\u011btluje legenda<\/span><\/h3>\n        <\/a>\n    <\/div>\n    <\/article>\n<\/div>\n<h2><strong>Rovn\u011b\u017e v\u00e1s \u010dek\u00e1 n\u011bkolik ost\u0159e sledovan\u00fdch souboj\u016f s odv\u011bk\u00fdm rivalem Woutem van Aertem?<\/strong><\/h2>\n<p>Stejn\u011b jako ka\u017ed\u00fd rok. Ka\u017ed\u00fd z n\u00e1s m\u00e1 svou vlastn\u00ed p\u0159\u00edpravu, zejm\u00e9na na jarn\u00ed klasiky. To znamen\u00e1, \u017ee se na\u0161e cesty ob\u010das zk\u0159\u00ed\u017e\u00ed. Jak se budeme tuto zimu porovn\u00e1vat, se brzy uk\u00e1\u017ee. Doufejme, \u017ee se n\u00e1m poda\u0159\u00ed fanou\u0161k\u016fm p\u0159edv\u00e9st dobrou show.<\/p>\n","protected":false},"excerpt":{"rendered":"<p>Konec z\u00e1vodn\u00ed zah\u00e1lky! Mathieu van der Poel, sedmin\u00e1sobn\u00fd mistr sv\u011bta v cyklokrosu, se vrac\u00ed do ter\u00e9nu pln\u00fd odhodl\u00e1n\u00ed a energie. [&hellip;]<\/p>\n","protected":false},"author":138,"featured_media":30484,"comment_status":"open","ping_status":"open","sticky":false,"template":"","format":"standard","meta":{"footnotes":""},"categories":[1303],"tags":[126,723,178,9,918],"global-categories":[411],"class_list":["post-31867","post","type-post","status-publish","format-standard","has-post-thumbnail","hentry","category-cyklokros","tag-cyklistika","tag-cyklokros","tag-mathieu-van-der-poel","tag-silnicni-cyklistika","tag-svetovy-pohar","global-categories-cycling"],"yoast_head":"<!-- This site is optimized with the Yoast SEO Premium plugin v25.3 (Yoast SEO v25.9) - https:\/\/yoast.com\/wordpress\/plugins\/seo\/ -->\n<title>Mathieu van der Poel: Jestli jsem se nudil? Rad\u011bji z\u00e1vod\u00edm ne\u017e tr\u00e9nuji! | \u0160koda We Love Cycling - \u010cesk\u00e1 republika<\/title>\n<meta name=\"description\" content=\"Konec z\u00e1vodn\u00ed zah\u00e1lky! Mathieu van der Poel, sedmin\u00e1sobn\u00fd mistr sv\u011bta v cyklokrosu, se vrac\u00ed do ter\u00e9nu pln\u00fd odhodl\u00e1n\u00ed a energie. Po dvou bikov\u00fdch p\u0159edstaven\u00edch na konci pr\u00e1zdnin si t\u0159icetilet\u00fd z\u00e1vodn\u00edk t\u00fdmu Alpecin Deceuninck dop\u0159\u00e1l p\u0159es t\u0159i m\u011bs\u00edce trvaj\u00edc\u00ed odpo\u010dinek od ostr\u00fdch bitev. Na st\u0159\u00edbrnou adventn\u00ed ned\u011bli si znovu p\u0159ipne na dres startovn\u00ed \u010d\u00edslo. Z\u00e1vod sv\u011btov\u00e9ho poh\u00e1ru v cyklokrosu v Namuru bude sv\u011bdkem restartu nizozemsk\u00e9ho cyklisty.\" \/>\n<meta name=\"robots\" content=\"index, follow, max-snippet:-1, max-image-preview:large, max-video-preview:-1\" \/>\n<link rel=\"canonical\" href=\"https:\/\/www.welovecycling.com\/cs\/2025\/12\/12\/mathieu-van-der-poel-jestli-jsem-se-nudil-radeji-zavodim-nez-trenuji\/\" \/>\n<meta property=\"og:locale\" content=\"cs_CZ\" \/>\n<meta property=\"og:type\" content=\"article\" \/>\n<meta property=\"og:title\" content=\"Mathieu van der Poel: Jestli jsem se nudil? Rad\u011bji z\u00e1vod\u00edm ne\u017e tr\u00e9nuji!\" \/>\n<meta property=\"og:description\" content=\"Konec z\u00e1vodn\u00ed zah\u00e1lky! Mathieu van der Poel, sedmin\u00e1sobn\u00fd mistr sv\u011bta v cyklokrosu, se vrac\u00ed do ter\u00e9nu pln\u00fd odhodl\u00e1n\u00ed a energie. Po dvou bikov\u00fdch p\u0159edstaven\u00edch na konci pr\u00e1zdnin si t\u0159icetilet\u00fd z\u00e1vodn\u00edk t\u00fdmu Alpecin Deceuninck dop\u0159\u00e1l p\u0159es t\u0159i m\u011bs\u00edce trvaj\u00edc\u00ed odpo\u010dinek od ostr\u00fdch bitev. Na st\u0159\u00edbrnou adventn\u00ed ned\u011bli si znovu p\u0159ipne na dres startovn\u00ed \u010d\u00edslo. Z\u00e1vod sv\u011btov\u00e9ho poh\u00e1ru v cyklokrosu v Namuru bude sv\u011bdkem restartu nizozemsk\u00e9ho cyklisty.\" \/>\n<meta property=\"og:url\" content=\"https:\/\/www.welovecycling.com\/cs\/2025\/12\/12\/mathieu-van-der-poel-jestli-jsem-se-nudil-radeji-zavodim-nez-trenuji\/\" \/>\n<meta property=\"og:site_name\" content=\"\u0160koda We Love Cycling - \u010cesk\u00e1 republika\" \/>\n<meta property=\"article:published_time\" content=\"2025-12-12T13:08:54+00:00\" \/>\n<meta property=\"og:image\" content=\"https:\/\/d2p6e6u75xmxt8.cloudfront.net\/13\/2025\/08\/20250713TDF1105-scaled.webp\" \/>\n\t<meta property=\"og:image:width\" content=\"2560\" \/>\n\t<meta property=\"og:image:height\" content=\"1707\" \/>\n\t<meta property=\"og:image:type\" content=\"image\/webp\" \/>\n<meta name=\"author\" content=\"radekmalina\" \/>\n<meta name=\"twitter:card\" content=\"summary_large_image\" \/>\n<meta name=\"twitter:label1\" content=\"Written by\" \/>\n\t<meta name=\"twitter:data1\" content=\"We Love Cycling\" \/>\n\t<meta name=\"twitter:label2\" content=\"Est. reading time\" \/>\n\t<meta name=\"twitter:data2\" content=\"5\" \/>\n<script type=\"application\/ld+json\" class=\"yoast-schema-graph\">{\"@context\":\"https:\/\/schema.org\",\"@graph\":[{\"@type\":\"WebPage\",\"@id\":\"https:\/\/www.welovecycling.com\/cs\/2025\/12\/12\/mathieu-van-der-poel-jestli-jsem-se-nudil-radeji-zavodim-nez-trenuji\/\",\"url\":\"https:\/\/www.welovecycling.com\/cs\/2025\/12\/12\/mathieu-van-der-poel-jestli-jsem-se-nudil-radeji-zavodim-nez-trenuji\/\",\"name\":\"Mathieu van der Poel: Jestli jsem se nudil? Rad\u011bji z\u00e1vod\u00edm ne\u017e tr\u00e9nuji! | \u0160koda We Love Cycling - \u010cesk\u00e1 republika\",\"isPartOf\":{\"@id\":\"https:\/\/www.welovecycling.com\/cs\/#website\"},\"primaryImageOfPage\":{\"@id\":\"https:\/\/www.welovecycling.com\/cs\/2025\/12\/12\/mathieu-van-der-poel-jestli-jsem-se-nudil-radeji-zavodim-nez-trenuji\/#primaryimage\"},\"image\":{\"@id\":\"https:\/\/www.welovecycling.com\/cs\/2025\/12\/12\/mathieu-van-der-poel-jestli-jsem-se-nudil-radeji-zavodim-nez-trenuji\/#primaryimage\"},\"thumbnailUrl\":\"https:\/\/d2p6e6u75xmxt8.cloudfront.net\/13\/2025\/08\/20250713TDF1105-scaled.webp\",\"datePublished\":\"2025-12-12T13:08:54+00:00\",\"author\":{\"@id\":\"https:\/\/www.welovecycling.com\/cs\/#\/schema\/person\/d9eeb0a378f3a7e4a6d12d2b536b04b8\"},\"description\":\"Konec z\u00e1vodn\u00ed zah\u00e1lky! Mathieu van der Poel, sedmin\u00e1sobn\u00fd mistr sv\u011bta v cyklokrosu, se vrac\u00ed do ter\u00e9nu pln\u00fd odhodl\u00e1n\u00ed a energie. Po dvou bikov\u00fdch p\u0159edstaven\u00edch na konci pr\u00e1zdnin si t\u0159icetilet\u00fd z\u00e1vodn\u00edk t\u00fdmu Alpecin Deceuninck dop\u0159\u00e1l p\u0159es t\u0159i m\u011bs\u00edce trvaj\u00edc\u00ed odpo\u010dinek od ostr\u00fdch bitev. Na st\u0159\u00edbrnou adventn\u00ed ned\u011bli si znovu p\u0159ipne na dres startovn\u00ed \u010d\u00edslo. Z\u00e1vod sv\u011btov\u00e9ho poh\u00e1ru v cyklokrosu v Namuru bude sv\u011bdkem restartu nizozemsk\u00e9ho cyklisty.\",\"inLanguage\":\"cs\",\"potentialAction\":[{\"@type\":\"ReadAction\",\"target\":[\"https:\/\/www.welovecycling.com\/cs\/2025\/12\/12\/mathieu-van-der-poel-jestli-jsem-se-nudil-radeji-zavodim-nez-trenuji\/\"]}]},{\"@type\":\"ImageObject\",\"inLanguage\":\"cs\",\"@id\":\"https:\/\/www.welovecycling.com\/cs\/2025\/12\/12\/mathieu-van-der-poel-jestli-jsem-se-nudil-radeji-zavodim-nez-trenuji\/#primaryimage\",\"url\":\"https:\/\/d2p6e6u75xmxt8.cloudfront.net\/13\/2025\/08\/20250713TDF1105-scaled.webp\",\"contentUrl\":\"https:\/\/d2p6e6u75xmxt8.cloudfront.net\/13\/2025\/08\/20250713TDF1105-scaled.webp\",\"width\":2560,\"height\":1707,\"caption\":\"Mathieu van der Poel . Jak\u00e9 rekordy mohou padnout v roce 2026? Foto: Charly Lopez\"},{\"@type\":\"WebSite\",\"@id\":\"https:\/\/www.welovecycling.com\/cs\/#website\",\"url\":\"https:\/\/www.welovecycling.com\/cs\/\",\"name\":\"\u0160koda We Love Cycling - \u010cesk\u00e1 republika\",\"description\":\"WeLoveCycling.cz je online magaz\u00edn, kter\u00fd v\u00e1m pravideln\u011b p\u0159in\u00e1\u0161\u00ed rady a tipy, zaj\u00edmav\u00e9 \u010dl\u00e1nky, videa a jedine\u010dn\u00e9 report\u00e1\u017ee ze sv\u011bta cyklistiky.\",\"potentialAction\":[{\"@type\":\"SearchAction\",\"target\":{\"@type\":\"EntryPoint\",\"urlTemplate\":\"https:\/\/www.welovecycling.com\/cs\/?s={search_term_string}\"},\"query-input\":{\"@type\":\"PropertyValueSpecification\",\"valueRequired\":true,\"valueName\":\"search_term_string\"}}],\"inLanguage\":\"cs\"},{\"@type\":\"Person\",\"@id\":\"https:\/\/www.welovecycling.com\/cs\/#\/schema\/person\/d9eeb0a378f3a7e4a6d12d2b536b04b8\",\"name\":\"radekmalina\",\"image\":{\"@type\":\"ImageObject\",\"inLanguage\":\"cs\",\"@id\":\"https:\/\/www.welovecycling.com\/cs\/#\/schema\/person\/image\/\",\"url\":\"https:\/\/secure.gravatar.com\/avatar\/66994b632cb8c39a46b9f54afa3ae07201b678d32a54275b6f1c9ffec356bfc0?s=96&d=mm&r=g\",\"contentUrl\":\"https:\/\/secure.gravatar.com\/avatar\/66994b632cb8c39a46b9f54afa3ae07201b678d32a54275b6f1c9ffec356bfc0?s=96&d=mm&r=g\",\"caption\":\"radekmalina\"},\"url\":\"https:\/\/www.welovecycling.com\/cs\/author\/radekmalina\/\"}]}<\/script>\n<!-- \/ Yoast SEO Premium plugin. -->","yoast_head_json":{"title":"Mathieu van der Poel: Jestli jsem se nudil? Rad\u011bji z\u00e1vod\u00edm ne\u017e tr\u00e9nuji! | \u0160koda We Love Cycling - \u010cesk\u00e1 republika","description":"Konec z\u00e1vodn\u00ed zah\u00e1lky! Mathieu van der Poel, sedmin\u00e1sobn\u00fd mistr sv\u011bta v cyklokrosu, se vrac\u00ed do ter\u00e9nu pln\u00fd odhodl\u00e1n\u00ed a energie. Po dvou bikov\u00fdch p\u0159edstaven\u00edch na konci pr\u00e1zdnin si t\u0159icetilet\u00fd z\u00e1vodn\u00edk t\u00fdmu Alpecin Deceuninck dop\u0159\u00e1l p\u0159es t\u0159i m\u011bs\u00edce trvaj\u00edc\u00ed odpo\u010dinek od ostr\u00fdch bitev. Na st\u0159\u00edbrnou adventn\u00ed ned\u011bli si znovu p\u0159ipne na dres startovn\u00ed \u010d\u00edslo. Z\u00e1vod sv\u011btov\u00e9ho poh\u00e1ru v cyklokrosu v Namuru bude sv\u011bdkem restartu nizozemsk\u00e9ho cyklisty.","robots":{"index":"index","follow":"follow","max-snippet":"max-snippet:-1","max-image-preview":"max-image-preview:large","max-video-preview":"max-video-preview:-1"},"canonical":"https:\/\/www.welovecycling.com\/cs\/2025\/12\/12\/mathieu-van-der-poel-jestli-jsem-se-nudil-radeji-zavodim-nez-trenuji\/","og_locale":"cs_CZ","og_type":"article","og_title":"Mathieu van der Poel: Jestli jsem se nudil? Rad\u011bji z\u00e1vod\u00edm ne\u017e tr\u00e9nuji!","og_description":"Konec z\u00e1vodn\u00ed zah\u00e1lky! Mathieu van der Poel, sedmin\u00e1sobn\u00fd mistr sv\u011bta v cyklokrosu, se vrac\u00ed do ter\u00e9nu pln\u00fd odhodl\u00e1n\u00ed a energie. Po dvou bikov\u00fdch p\u0159edstaven\u00edch na konci pr\u00e1zdnin si t\u0159icetilet\u00fd z\u00e1vodn\u00edk t\u00fdmu Alpecin Deceuninck dop\u0159\u00e1l p\u0159es t\u0159i m\u011bs\u00edce trvaj\u00edc\u00ed odpo\u010dinek od ostr\u00fdch bitev. Na st\u0159\u00edbrnou adventn\u00ed ned\u011bli si znovu p\u0159ipne na dres startovn\u00ed \u010d\u00edslo. Z\u00e1vod sv\u011btov\u00e9ho poh\u00e1ru v cyklokrosu v Namuru bude sv\u011bdkem restartu nizozemsk\u00e9ho cyklisty.","og_url":"https:\/\/www.welovecycling.com\/cs\/2025\/12\/12\/mathieu-van-der-poel-jestli-jsem-se-nudil-radeji-zavodim-nez-trenuji\/","og_site_name":"\u0160koda We Love Cycling - \u010cesk\u00e1 republika","article_published_time":"2025-12-12T13:08:54+00:00","og_image":[{"width":2560,"height":1707,"url":"https:\/\/d2p6e6u75xmxt8.cloudfront.net\/13\/2025\/08\/20250713TDF1105-scaled.webp","type":"image\/webp"}],"author":"radekmalina","twitter_card":"summary_large_image","twitter_misc":{"Written by":"We Love Cycling","Est. reading time":"5"},"schema":{"@context":"https:\/\/schema.org","@graph":[{"@type":"WebPage","@id":"https:\/\/www.welovecycling.com\/cs\/2025\/12\/12\/mathieu-van-der-poel-jestli-jsem-se-nudil-radeji-zavodim-nez-trenuji\/","url":"https:\/\/www.welovecycling.com\/cs\/2025\/12\/12\/mathieu-van-der-poel-jestli-jsem-se-nudil-radeji-zavodim-nez-trenuji\/","name":"Mathieu van der Poel: Jestli jsem se nudil? Rad\u011bji z\u00e1vod\u00edm ne\u017e tr\u00e9nuji! | \u0160koda We Love Cycling - \u010cesk\u00e1 republika","isPartOf":{"@id":"https:\/\/www.welovecycling.com\/cs\/#website"},"primaryImageOfPage":{"@id":"https:\/\/www.welovecycling.com\/cs\/2025\/12\/12\/mathieu-van-der-poel-jestli-jsem-se-nudil-radeji-zavodim-nez-trenuji\/#primaryimage"},"image":{"@id":"https:\/\/www.welovecycling.com\/cs\/2025\/12\/12\/mathieu-van-der-poel-jestli-jsem-se-nudil-radeji-zavodim-nez-trenuji\/#primaryimage"},"thumbnailUrl":"https:\/\/d2p6e6u75xmxt8.cloudfront.net\/13\/2025\/08\/20250713TDF1105-scaled.webp","datePublished":"2025-12-12T13:08:54+00:00","author":{"@id":"https:\/\/www.welovecycling.com\/cs\/#\/schema\/person\/d9eeb0a378f3a7e4a6d12d2b536b04b8"},"description":"Konec z\u00e1vodn\u00ed zah\u00e1lky! Mathieu van der Poel, sedmin\u00e1sobn\u00fd mistr sv\u011bta v cyklokrosu, se vrac\u00ed do ter\u00e9nu pln\u00fd odhodl\u00e1n\u00ed a energie. Po dvou bikov\u00fdch p\u0159edstaven\u00edch na konci pr\u00e1zdnin si t\u0159icetilet\u00fd z\u00e1vodn\u00edk t\u00fdmu Alpecin Deceuninck dop\u0159\u00e1l p\u0159es t\u0159i m\u011bs\u00edce trvaj\u00edc\u00ed odpo\u010dinek od ostr\u00fdch bitev. Na st\u0159\u00edbrnou adventn\u00ed ned\u011bli si znovu p\u0159ipne na dres startovn\u00ed \u010d\u00edslo. Z\u00e1vod sv\u011btov\u00e9ho poh\u00e1ru v cyklokrosu v Namuru bude sv\u011bdkem restartu nizozemsk\u00e9ho cyklisty.","inLanguage":"cs","potentialAction":[{"@type":"ReadAction","target":["https:\/\/www.welovecycling.com\/cs\/2025\/12\/12\/mathieu-van-der-poel-jestli-jsem-se-nudil-radeji-zavodim-nez-trenuji\/"]}]},{"@type":"ImageObject","inLanguage":"cs","@id":"https:\/\/www.welovecycling.com\/cs\/2025\/12\/12\/mathieu-van-der-poel-jestli-jsem-se-nudil-radeji-zavodim-nez-trenuji\/#primaryimage","url":"https:\/\/d2p6e6u75xmxt8.cloudfront.net\/13\/2025\/08\/20250713TDF1105-scaled.webp","contentUrl":"https:\/\/d2p6e6u75xmxt8.cloudfront.net\/13\/2025\/08\/20250713TDF1105-scaled.webp","width":2560,"height":1707,"caption":"Mathieu van der Poel . Jak\u00e9 rekordy mohou padnout v roce 2026? Foto: Charly Lopez"},{"@type":"WebSite","@id":"https:\/\/www.welovecycling.com\/cs\/#website","url":"https:\/\/www.welovecycling.com\/cs\/","name":"\u0160koda We Love Cycling - \u010cesk\u00e1 republika","description":"WeLoveCycling.cz je online magaz\u00edn, kter\u00fd v\u00e1m pravideln\u011b p\u0159in\u00e1\u0161\u00ed rady a tipy, zaj\u00edmav\u00e9 \u010dl\u00e1nky, videa a jedine\u010dn\u00e9 report\u00e1\u017ee ze sv\u011bta cyklistiky.","potentialAction":[{"@type":"SearchAction","target":{"@type":"EntryPoint","urlTemplate":"https:\/\/www.welovecycling.com\/cs\/?s={search_term_string}"},"query-input":{"@type":"PropertyValueSpecification","valueRequired":true,"valueName":"search_term_string"}}],"inLanguage":"cs"},{"@type":"Person","@id":"https:\/\/www.welovecycling.com\/cs\/#\/schema\/person\/d9eeb0a378f3a7e4a6d12d2b536b04b8","name":"radekmalina","image":{"@type":"ImageObject","inLanguage":"cs","@id":"https:\/\/www.welovecycling.com\/cs\/#\/schema\/person\/image\/","url":"https:\/\/secure.gravatar.com\/avatar\/66994b632cb8c39a46b9f54afa3ae07201b678d32a54275b6f1c9ffec356bfc0?s=96&d=mm&r=g","contentUrl":"https:\/\/secure.gravatar.com\/avatar\/66994b632cb8c39a46b9f54afa3ae07201b678d32a54275b6f1c9ffec356bfc0?s=96&d=mm&r=g","caption":"radekmalina"},"url":"https:\/\/www.welovecycling.com\/cs\/author\/radekmalina\/"}]}},"_links":{"self":[{"href":"https:\/\/www.welovecycling.com\/cs\/wp-json\/wp\/v2\/posts\/31867","targetHints":{"allow":["GET"]}}],"collection":[{"href":"https:\/\/www.welovecycling.com\/cs\/wp-json\/wp\/v2\/posts"}],"about":[{"href":"https:\/\/www.welovecycling.com\/cs\/wp-json\/wp\/v2\/types\/post"}],"author":[{"embeddable":true,"href":"https:\/\/www.welovecycling.com\/cs\/wp-json\/wp\/v2\/users\/138"}],"replies":[{"embeddable":true,"href":"https:\/\/www.welovecycling.com\/cs\/wp-json\/wp\/v2\/comments?post=31867"}],"version-history":[{"count":1,"href":"https:\/\/www.welovecycling.com\/cs\/wp-json\/wp\/v2\/posts\/31867\/revisions"}],"predecessor-version":[{"id":31868,"href":"https:\/\/www.welovecycling.com\/cs\/wp-json\/wp\/v2\/posts\/31867\/revisions\/31868"}],"wp:featuredmedia":[{"embeddable":true,"href":"https:\/\/www.welovecycling.com\/cs\/wp-json\/wp\/v2\/media\/30484"}],"wp:attachment":[{"href":"https:\/\/www.welovecycling.com\/cs\/wp-json\/wp\/v2\/media?parent=31867"}],"wp:term":[{"taxonomy":"category","embeddable":true,"href":"https:\/\/www.welovecycling.com\/cs\/wp-json\/wp\/v2\/categories?post=31867"},{"taxonomy":"post_tag","embeddable":true,"href":"https:\/\/www.welovecycling.com\/cs\/wp-json\/wp\/v2\/tags?post=31867"},{"taxonomy":"global-categories","embeddable":true,"href":"https:\/\/www.welovecycling.com\/cs\/wp-json\/wp\/v2\/global-categories?post=31867"}],"curies":[{"name":"wp","href":"https:\/\/api.w.org\/{rel}","templated":true}]}}