{"id":31847,"date":"2025-12-11T12:23:08","date_gmt":"2025-12-11T10:23:08","guid":{"rendered":"https:\/\/www.welovecycling.com\/cs\/?p=31847"},"modified":"2025-12-11T22:25:19","modified_gmt":"2025-12-11T20:25:19","slug":"stybar-jako-pravnik-zlaty-kluk-ze-stribra-misto-talaru-zvolil-kolo","status":"publish","type":"post","link":"https:\/\/www.welovecycling.com\/cs\/2025\/12\/11\/stybar-jako-pravnik-zlaty-kluk-ze-stribra-misto-talaru-zvolil-kolo\/","title":{"rendered":"\u0160tybar jako pr\u00e1vn\u00edk? Zlat\u00fd kluk ze St\u0159\u00edbra m\u00edsto tal\u00e1ru zvolil kolo"},"content":{"rendered":"<p><strong>Uva\u017eoval, \u017ee by mohl b\u00fdt pr\u00e1vn\u00edkem! Na\u0161t\u011bst\u00ed podepsal kontrakt, kter\u00fd mu zm\u011bnil \u017eivot. A pro \u010deskou cyklistiku zajistil cyklistickou superstar. Zden\u011bk \u0160tybar slav\u00edc\u00ed 11. prosince \u010dty\u0159ic\u00e1t\u00e9 narozeniny pobral b\u011bhem kari\u00e9ry des\u00edtky profesion\u00e1ln\u00edch v\u00edt\u011bzstv\u00ed a\u0165 u\u017e na silnici nebo v ter\u00e9nu.<\/strong><\/p>\n<p>\u0160tybar, kter\u00fd je u\u017e druh\u00fdm rokem ambasadorem We Love Cycling, v\u017edy d\u00fdchal pro t\u00fdmov\u00e9 par\u0165\u00e1ky, byl vst\u0159\u00edcn\u00fd k fanou\u0161k\u016fm. I proto se stal mil\u00e1\u010dkem publika doma i v cyklokrosem pobl\u00e1zn\u011bn\u00e9 Belgii. Jak\u00e9 momenty definuj\u00ed jeho kari\u00e9ru?<\/p>\n<h2><strong>Etapa Tour de France (2015)<\/strong><\/h2>\n<p>\u010cesko m\u00e1 jen dva lidi, kte\u0159\u00ed okusili v\u00edt\u011bzstv\u00ed na Tour de France. Zden\u011bk \u0160tybar p\u0159i premi\u00e9\u0159e na Grande Boucle oslnil v \u0161est\u00e9 etap\u011b s dojezdem v Le Havru. Quick Step dr\u017e\u00ed \u017elut\u00fd trikot, v n\u011bm\u017e jede Tony Martin. Kamar\u00e1d \u010desk\u00e9ho reprezentanta. &#8222;R\u00e1no p\u0159i m\u00edtinku bylo jasn\u011b \u0159e\u010deno, \u017ee jedni\u010dkou pro sprint bude Mark Cavendish,&#8220; vzpom\u00edn\u00e1 Zden\u011bk \u0160tybar. V pr\u016fb\u011bhu etapy dostane s par\u0165\u00e1ky do vys\u00edla\u010dky informaci o zm\u011bn\u011b pl\u00e1nu a m\u00e1 volnost. &#8222;Je\u0161t\u011b n\u011bkde \u010dty\u0159i kil\u00e1ky do c\u00edle jsem byl kolem stovky. Prost\u011b ztracen\u00fd z\u00e1vod,&#8220; sm\u011bje se Zden\u011bk \u0160tybar, kdy\u017e si prom\u00edt\u00e1 jeden z \u017eivotn\u00edch z\u00e1vod\u016f.<\/p>\n<p>Posledn\u00edch patn\u00e1ct set metr\u016f etapy vede do kopce. Peloton se pod flamme rouge ozna\u010duj\u00edc\u00ed posledn\u00ed kilometr v\u0159\u00edt\u00ed jako lavina. Zb\u00fdv\u00e1 900 metr\u016f, kdy\u017e se silnice na p\u00e1r set metr\u016f prudce zvedne. Tony Martin n\u00e1hle zavr\u00e1vor\u00e1 a spadne. Rozd\u011bl\u00ed peloton. N\u011bkte\u0159\u00ed z adept\u016f na v\u00fdhru z\u016fstanou uv\u011bzn\u011bni za le\u017e\u00edc\u00edmi cyklisty. Na \u010dele se zvedne Zden\u011bk \u0160tybar a vyraz\u00ed. Je\u0161t\u011b zb\u00fdv\u00e1 n\u011bkolik set metr\u016f. I proto soupe\u0159i s reakc\u00ed vy\u010dk\u00e1vaj\u00ed a koukaj\u00ed po sob\u011b. Nikdo nechce pl\u00fdtvat silami v honb\u011b za mu\u017eem, kter\u00fd v o\u010d\u00edch v\u0161ech jen nahodile zkou\u0161\u00ed \u0161t\u011bst\u00ed.<\/p>\n<figure id=\"attachment_17801\" aria-describedby=\"caption-attachment-17801\" style=\"width: 1800px\" class=\"wp-caption alignnone\"><a href=\"https:\/\/d2p6e6u75xmxt8.cloudfront.net\/13\/2022\/07\/stybar-profimedia-0252407224.webp\"><img loading=\"lazy\" decoding=\"async\" class=\"size-full wp-image-17801\" src=\"https:\/\/d2p6e6u75xmxt8.cloudfront.net\/13\/2022\/07\/stybar-profimedia-0252407224.webp\" alt=\"Zden\u011bk \u0160tybar po v\u00edt\u011bzn\u00e9 etap\u011b na Tour de France.\" width=\"1800\" height=\"1198\" srcset=\"https:\/\/d2p6e6u75xmxt8.cloudfront.net\/13\/2022\/07\/stybar-profimedia-0252407224.webp 1800w, https:\/\/d2p6e6u75xmxt8.cloudfront.net\/13\/2022\/07\/stybar-profimedia-0252407224-300x200.webp 300w, https:\/\/d2p6e6u75xmxt8.cloudfront.net\/13\/2022\/07\/stybar-profimedia-0252407224-1024x682.webp 1024w, https:\/\/d2p6e6u75xmxt8.cloudfront.net\/13\/2022\/07\/stybar-profimedia-0252407224-768x511.webp 768w, https:\/\/d2p6e6u75xmxt8.cloudfront.net\/13\/2022\/07\/stybar-profimedia-0252407224-1536x1022.webp 1536w, https:\/\/d2p6e6u75xmxt8.cloudfront.net\/13\/2022\/07\/stybar-profimedia-0252407224-272x182.webp 272w\" sizes=\"auto, (max-width: 1800px) 100vw, 1800px\" \/><\/a><figcaption id=\"caption-attachment-17801\" class=\"wp-caption-text\"><em>Zden\u011bk \u0160tybar po v\u00edt\u011bzn\u00e9 etap\u011b na Tour de France.<\/em><\/figcaption><\/figure>\n<p>Jen\u017ee \u010desk\u00fd cyklista tla\u010d\u00ed do ped\u00e1l\u016f ze v\u0161ech sil. Kdy\u017e pron\u00e1sledovatel\u00e9 za\u010dnou to\u010dit klikami sv\u00fdch stroj\u016f se stejnou intenzitou jako Zden\u011bk \u0160tybar, je u\u017e p\u0159\u00edli\u0161 pozd\u011b. Silnice se narovn\u00e1 a \u010desk\u00fd cyklista let\u00ed pro v\u00edt\u011bzstv\u00ed! M\u00e1 takov\u00fd n\u00e1skok, \u017ee si triumf n\u00e1le\u017eit\u011b vychutn\u00e1. \u201eJe to sen,\u201c zalyk\u00e1 se \u0161t\u011bst\u00edm Zden\u011bk \u0160tybar. \u201eKa\u017ed\u00fd cyklista na Tour de France chce vyhr\u00e1t etapu. C\u00edt\u00edm se \u00fa\u017easn\u011b,\u201c raduje se, kdy\u017e coby druh\u00fd cyklista s \u010desk\u00fdm pasem po J\u00e1nu Svoradovi vyhraje etapu na Tour.<\/p>\n<p>Par\u0165\u00e1k Tony Martin se do c\u00edle dostane, ale m\u00e1 zlomenou kl\u00ed\u010dn\u00ed kost. &#8222;Byl jsem pln\u00fd emoc\u00ed. Tot\u00e1ln\u00ed euforie. Ale sou\u010dasn\u011b jsem v\u011bd\u011bl, \u017ee m\u016fj kamar\u00e1d na Tour kon\u010d\u00ed. Divn\u00fd okam\u017eik,&#8220; vybavuje si Zden\u011bk \u0160tybar. Po etap\u011b absolvoval kole\u010dko povinnost\u00ed. Rozhovor pro televizi, slavnostn\u00ed vyhl\u00e1\u0161en\u00ed na podiu, setk\u00e1n\u00ed s novin\u00e1\u0159i, dopingovou kontrolu, tiskovou konferenci. Pak putoval na hotel, sp\u011bchal na mas\u00e1\u017e, p\u0159i t\u00fdmov\u00e9 ve\u010de\u0159i pronesl p\u0159\u00edpitek a sp\u011bchal na pokoj.<\/p>\n<p>&#8222;Cht\u011bl jsem b\u00fdt s\u00e1m, u\u017e\u00edt si to. Proto\u017ee p\u0159i v\u00edt\u011bzstv\u00ed na mistrovstv\u00ed sv\u011bta v krosu nebo t\u0159eba po Strade je do dal\u0161\u00edho z\u00e1vodu daleko. Je \u010das si vychutnat triumf. Na Tour je to v\u0161echno d\u011bsn\u011b rychl\u00e9. Druh\u00fd den nov\u00e1 etapa a dal\u0161\u00ed v\u00edt\u011bz,&#8220; kr\u010d\u00ed rameny Zden\u011bk \u0160tybar, kdy\u017e si vybavil snov\u00fd debut na Tour.<\/p>\n<h2><strong>Prvn\u00ed cyklokrosov\u00e1 duha (2005)<\/strong><\/h2>\n<p>Prvn\u00ed titul sv\u011btov\u00e9ho \u0161ampiona z\u00edskal je\u0161t\u011b jako mal\u00fd klu\u010dina. Coby sedmilet\u00fd v roce 1993 vyhr\u00e1l mistrovstv\u00ed sv\u011bta v BMX. O dvan\u00e1ct let pozd\u011bji, \u010derstv\u011b 19let\u00fd \u0160tybar, v sezon\u011b zajel n\u011bkolikr\u00e1t na bednu ve Sv\u011btov\u00fdch poh\u00e1rech. A \u017ee m\u00e1 formu jako hrom dok\u00e1zal na lednov\u00e9m dom\u00e1c\u00edm \u0161ampion\u00e1tu v Mlad\u00e9 Boleslavi, kde ne\u010dekan\u011b vybojoval prvn\u00ed titul mezi mu\u017eskou elitou. Nechal za sebou v\u0161echna zku\u0161en\u011bj\u0161\u00ed esa. A formu si p\u0159ivezl i do n\u011bmeck\u00e9ho Sankt Wendelu, kde se jelo v lednu 2005 o sv\u011btov\u00e9 zlato.<\/p>\n<div class=\"shortcode-ys-post-pinup\"><article class=\"loop-simple post-31789 post type-post status-publish format-standard has-post-thumbnail hentry category-zdravi-a-trenink tag-cyklistika tag-gravel tag-horska-cyklistika tag-silnicni-cyklistika tag-trenink tag-zdravi-a-trenink global-categories-cycling\" data-postid=\"31789\" role=\"article\" data-post-id=\"31789\" data-word-count=\"478\" data-headline-length=\"39\" data-category=\"Zdrav\u00ed a tr\u00e9nink\" data-global-category=\"Cycling\" data-author=\"We Love Cycling\" data-published=\"2025-12-05T12:08:01+02:00\" data-published-day=\"Friday\">\n    <div class=\"entry-thumbnail article-thumbnail\" content=\"https:\/\/d2p6e6u75xmxt8.cloudfront.net\/13\/2020\/12\/zimni-cyklistika-snih-michal-cerveny-150x150.webp\"><a href=\"https:\/\/www.welovecycling.com\/cs\/2025\/12\/05\/cyklistika-pod-nulou-a-je-to-rozumne\/\" class=\"image-holder\" target=\"_self\"><img decoding=\"async\" loading=\"lazy\" class=\"\" src=\"https:\/\/d2p6e6u75xmxt8.cloudfront.net\/13\/2020\/12\/zimni-cyklistika-snih-michal-cerveny-1024x683.webp\" srcset=\"https:\/\/d2p6e6u75xmxt8.cloudfront.net\/13\/2020\/12\/zimni-cyklistika-snih-michal-cerveny.webp 1600w, https:\/\/d2p6e6u75xmxt8.cloudfront.net\/13\/2020\/12\/zimni-cyklistika-snih-michal-cerveny-300x200.webp 300w, https:\/\/d2p6e6u75xmxt8.cloudfront.net\/13\/2020\/12\/zimni-cyklistika-snih-michal-cerveny-1024x683.webp 1024w, https:\/\/d2p6e6u75xmxt8.cloudfront.net\/13\/2020\/12\/zimni-cyklistika-snih-michal-cerveny-768x512.webp 768w, https:\/\/d2p6e6u75xmxt8.cloudfront.net\/13\/2020\/12\/zimni-cyklistika-snih-michal-cerveny-1536x1024.webp 1536w, https:\/\/d2p6e6u75xmxt8.cloudfront.net\/13\/2020\/12\/zimni-cyklistika-snih-michal-cerveny-272x182.webp 272w\" width=\"1024\" height=\"683\" sizes=\"auto, (min-width: 1200px) 300px, (min-width: 768px) 25vw, 100vw\" alt=\"cyklistika-pod-nulou-a-je-to-rozumne\"\/><\/a><\/div>    <div class=\"entry-meta\">\n        <a class=\"label label-secondary post-category\" href=\"https:\/\/www.welovecycling.com\/cs\/category\/zdravi-a-trenink\/\" title=\"Zdrav\u00ed a tr\u00e9nink\">Zdrav\u00ed a tr\u00e9nink<\/a>\n    <\/div>\n    <div class=\"entry-details\">\n        <a href=\"https:\/\/www.welovecycling.com\/cs\/2025\/12\/05\/cyklistika-pod-nulou-a-je-to-rozumne\/\" class='entry-title-wrapper'>\n            <h3 class=\"entry-title\"><span>Cyklistika pod nulou. A je to rozumn\u00e9?<\/span><\/h3>\n        <\/a>\n    <\/div>\n    <\/article>\n<\/div>\n<p>Tra\u0165 byla pod sn\u011bhem, n\u011bkter\u00e9 \u00faseky rozbahn\u011bn\u00e9, a to \u0160tybarovi sed\u011blo. Do c\u00edle z\u00e1vodu kategorie U23 p\u0159ijel s\u00e1m p\u0159ed krajanem \u0160im\u016fnkem. \u201eJe to neskute\u010dn\u00e9, ty pocity se nedaj\u00ed popsat. Byl to spravedliv\u00fd cyklokros, podm\u00ednky mi hr\u00e1ly do karet. Byly podobn\u00e9, na jak\u00fdch jsem v uplynul\u00fdch t\u00fddnech tr\u00e9noval doma,\u201c \u0159\u00edkal dojat\u00fd \u0160tybar. Po zlat\u00e9m z\u00e1vod\u011b ozn\u00e1mil, \u017ee podepsal smlouvu do elitn\u00edho belgick\u00e9ho t\u00fdmu Fidea. O dvan\u00e1ct m\u011bs\u00edc\u016f pozd\u011bji v nizozemsk\u00e9m Zeddamu obh\u00e1jil titul a porazil jak dom\u00e1c\u00ed hv\u011bzdu Larse Booma, tak Belgi\u010dana Nielse Alberta.<\/p>\n<h2><strong>Osudov\u00fd T\u00e1bor (2010)<\/strong><\/h2>\n<p>Po st\u0159\u00edbrn\u00fdch sezon\u00e1ch 2008 v Trevisu a 2009 v Hoogerheide mezi mu\u017eskou elitou nade\u0161el \u010das sv\u011btov\u00e9ho \u0161ampion\u00e1tu v T\u00e1bo\u0159e. Ne\u017e v\u0161ak na jihu \u010cech v z\u00e1vod\u011b o duhov\u00fd trikot cyklokrosov\u00e9ho \u0161ampiona pozlatil kari\u00e9ru, jm\u00e9no m\u011bsta nen\u00e1vid\u011bl. &#8222;T\u00fddny p\u0159ed z\u00e1vodem jsem za\u017e\u00edval tlak jako prase. V\u0161ichni se m\u011b po\u0159\u00e1d ptali na T\u00e1bor. Na po\u010das\u00ed, okruh, podm\u00ednky. Po\u0159\u00e1d dokola,&#8220; vzpom\u00ednal Zden\u011bk \u0160tybar.<\/p>\n<p>Ale po p\u0159\u00edjezdu do d\u011bji\u0161t\u011b mistrovstv\u00ed na okruh Komora, p\u0159esto\u017ee byl tehdy favoritem na zlato, u\u017e byl naprosto uvoln\u011bn\u00fd. &#8222;V\u011bd\u011bl jsem, \u017ee m\u00e1m \u017eivotn\u00ed formu. C\u00edtil jsem se \u010derstv\u00fd. Odpo\u010dinut\u00fd. M\u011bl jsem suprov\u00e9 nohy,&#8220; vybavoval si okam\u017eik p\u0159ed \u00fatokem na zlato. M\u011bl tak obrovsk\u00e9 sebev\u011bdom\u00ed, \u017ee v\u016fbec ne\u0159e\u0161il, jak\u00e9 zvol\u00ed pneumatiky. P\u0159itom tehdy zasn\u011b\u017een\u00fd okruh se rychle m\u011bnil, proto\u017ee slunce ud\u011blalo sv\u00e9 a tra\u0165 pokryla hladk\u00e1 vrstva bl\u00e1ta. &#8222;Mysl\u00edm, \u017ee bych vyhr\u00e1l na \u010demkoliv,&#8220; sm\u00e1l se s odstupem.<\/p>\n<figure id=\"attachment_11466\" aria-describedby=\"caption-attachment-11466\" style=\"width: 1600px\" class=\"wp-caption alignnone\"><a href=\"https:\/\/d2p6e6u75xmxt8.cloudfront.net\/13\/2021\/01\/stybar-titul-2010-michal-cerveny.webp\"><img loading=\"lazy\" decoding=\"async\" class=\"size-full wp-image-11466\" src=\"https:\/\/d2p6e6u75xmxt8.cloudfront.net\/13\/2021\/01\/stybar-titul-2010-michal-cerveny.webp\" alt=\"Zden\u011bk \u0160tybar a jeho prvn\u00ed titul mistra sv\u011bta v cyklokrosu na trati v T\u00e1bo\u0159e. Foto: Michal \u010cerven\u00fd\" width=\"1600\" height=\"1022\" srcset=\"https:\/\/d2p6e6u75xmxt8.cloudfront.net\/13\/2021\/01\/stybar-titul-2010-michal-cerveny.webp 1600w, https:\/\/d2p6e6u75xmxt8.cloudfront.net\/13\/2021\/01\/stybar-titul-2010-michal-cerveny-300x192.webp 300w, https:\/\/d2p6e6u75xmxt8.cloudfront.net\/13\/2021\/01\/stybar-titul-2010-michal-cerveny-1024x654.webp 1024w, https:\/\/d2p6e6u75xmxt8.cloudfront.net\/13\/2021\/01\/stybar-titul-2010-michal-cerveny-768x491.webp 768w, https:\/\/d2p6e6u75xmxt8.cloudfront.net\/13\/2021\/01\/stybar-titul-2010-michal-cerveny-1536x981.webp 1536w\" sizes=\"auto, (max-width: 1600px) 100vw, 1600px\" \/><\/a><figcaption id=\"caption-attachment-11466\" class=\"wp-caption-text\"><em>Zden\u011bk \u0160tybar a jeho prvn\u00ed titul mistra sv\u011bta v cyklokrosu na trati v T\u00e1bo\u0159e. Foto: Michal \u010cerven\u00fd<\/em><\/figcaption><\/figure>\n<p>V pr\u016fb\u011bhu sezony spolupracoval v Belgii, kter\u00e1 se stala jeho druh\u00fdm domovem, se sportovn\u00edm psychologem. A efekt spolupr\u00e1ce se projevil, kdy\u017e Zden\u011bk \u0160tybar v pr\u016fb\u011bhu \u00favodn\u00edho okruhu p\u00edchnul p\u0159edn\u00ed kolo. A v nejdel\u0161\u00ed mo\u017en\u00e9 vzd\u00e1lenosti od depa. &#8222;Z\u016fstal jsem ale klidn\u00fd. V\u011b\u0159il jsem, \u017ee z\u00e1vod i tak zvl\u00e1dnu,&#8220; vypr\u00e1v\u011bl. P\u0159esto\u017ee ztratil dvan\u00e1ct pozic a hlavn\u011b mo\u0159e \u010dasu, let\u011bl po okruhu jako raketa. Chytil rytmus a u\u017e ve \u010dtvrt\u00e9m z dev\u00edti okruh\u016f byl na \u010dele. A na nic ne\u010dekal. Tla\u010dil do ped\u00e1l\u016f takovou silou, \u017ee rychle jel sv\u016fj vlastn\u00ed z\u00e1vod. Nezadr\u017eiteln\u011b m\u00ed\u0159il pro zlato mezi elitou. Po devaten\u00e1cti letech \u010cesko slavilo titul mistra sv\u011bta!<\/p>\n<p>P\u011btadvacet tis\u00edc div\u00e1k\u016f vytvo\u0159ilo neskute\u010dnou atmosf\u00e9ru. \u201eVyhr\u00e1t doma p\u0159ed \u010desk\u00fdmi fanou\u0161ky v tak par\u00e1dn\u00ed atmosf\u00e9\u0159e byla tot\u00e1ln\u00ed n\u00e1dhera. \u0160el jsem do z\u00e1vodu s t\u00edm, \u017ee nech\u00e1m na trati v\u0161echno a vy\u0161lo to. Posledn\u00edch pades\u00e1t metr\u016f jsem jel se zav\u0159en\u00fdma o\u010dima, jen jsem poslouchal ten kotel,\u201c vypravoval Zden\u011bk \u0160tybar. O rok pozd\u011bji zlato obh\u00e1jil.<\/p>\n<h2><strong>Pro zlato z domova (2014)<\/strong><\/h2>\n<p>M\u011bl za sebou triumf z etapy na Vuelt\u011b, celkov\u00e9 v\u00edt\u011bzstv\u00ed z Eneco Tour. Zkr\u00e1tka u\u017e d\u00e1vno nepat\u0159il mezi cyklokrosa\u0159e. Na sv\u011btov\u00fd \u0161ampion\u00e1t v Hoogerheide p\u0159ijel tehdy v sedle kola z domova. Bydlel jen dvan\u00e1ct kilometr\u016f od trati. Startoval ze \u010dtvrt\u00e9 \u0159ady. Z\u016fstal na \u010dele s favorizovan\u00fdm Svenem Nysem. Belgi\u010dan tlak neust\u00e1l. U\u017e dvakr\u00e1t prohr\u00e1l v bitvy s \u010desk\u00fdm z\u00e1vodn\u00edkem zlato na MS. P\u0159esto\u017ee Zden\u011bk \u0160tybar v p\u0159edposledn\u00edm kole upadl, soupe\u0159e dojel a slavil historicky t\u0159et\u00ed duhov\u00fd trikot!<\/p>\n<h2><strong>Strade Bianche (2015)<\/strong><\/h2>\n<p>P\u0159e\u010dkal n\u00e1strahy pra\u0161n\u00fdch b\u00edl\u00fdch cest Tosk\u00e1nska. A te\u010f dupe do ped\u00e1l\u016f v legend\u00e1rn\u00edm stoup\u00e1n\u00ed od m\u011bstsk\u00e9 br\u00e1ny Porta Fontebranda k Piazza del Campo v Sien\u011b. Bude bojovat o v\u00edt\u011bzstv\u00ed ve Strade Bianche, jarn\u00ed klasice ozna\u010dovan\u00e9 jako \u0161est\u00fd Monument. Jen\u017ee t\u0159\u00ed\u010dlennou skupinu tvo\u0159\u00ed je\u0161t\u011b veter\u00e1n a legenda Alejandro Valverde, s n\u00edm pak v\u00fdbu\u0161n\u00fd Greg van Avermaet. Zden\u011bk \u0160tybar jede z\u00e1vod poprv\u00e9 v kari\u00e9\u0159e.<\/p>\n<div class=\"shortcode-ys-post-pinup\"><article class=\"loop-simple post-31820 post type-post status-publish format-standard has-post-thumbnail hentry category-https-www-welovecycling-com-cs-category-zabava tag-aukce tag-cyklistika tag-drazba tag-lance-armstrong tag-nejdrazsi-kolo-historie tag-silnicni-cyklistika tag-tadej-pogacar global-categories-cycling\" data-postid=\"31820\" role=\"article\" data-post-id=\"31820\" data-word-count=\"340\" data-headline-length=\"58\" data-category=\"Z\u00c1BAVA\" data-global-category=\"Cycling\" data-author=\"We Love Cycling\" data-published=\"2025-12-08T17:46:55+02:00\" data-published-day=\"Monday\">\n    <div class=\"entry-thumbnail article-thumbnail\" content=\"https:\/\/d2p6e6u75xmxt8.cloudfront.net\/13\/2025\/12\/pogacar-kolo-2-150x150.webp\"><a href=\"https:\/\/www.welovecycling.com\/cs\/2025\/12\/08\/vanocni-darek-za-4-miliony-kolo-co-pouzival-tadej\/\" class=\"image-holder\" target=\"_self\"><img decoding=\"async\" loading=\"lazy\" class=\"\" src=\"https:\/\/d2p6e6u75xmxt8.cloudfront.net\/13\/2025\/12\/pogacar-kolo-2.webp\" srcset=\"https:\/\/d2p6e6u75xmxt8.cloudfront.net\/13\/2025\/12\/pogacar-kolo-2.webp 784w, https:\/\/d2p6e6u75xmxt8.cloudfront.net\/13\/2025\/12\/pogacar-kolo-2-300x193.webp 300w, https:\/\/d2p6e6u75xmxt8.cloudfront.net\/13\/2025\/12\/pogacar-kolo-2-768x495.webp 768w, https:\/\/d2p6e6u75xmxt8.cloudfront.net\/13\/2025\/12\/pogacar-kolo-2-400x258.webp 400w\" width=\"784\" height=\"505\" sizes=\"auto, (min-width: 1200px) 310px, (min-width: 768px) 26vw, 100vw\" alt=\"vanocni-darek-za-4-miliony-kolo-co-pouzival-tadej\"\/><\/a><\/div>    <div class=\"entry-meta\">\n        <a class=\"label label-secondary post-category\" href=\"https:\/\/www.welovecycling.com\/cs\/category\/https-www-welovecycling-com-cs-category-zabava\/\" title=\"Z\u00c1BAVA\">Z\u00c1BAVA<\/a>\n    <\/div>\n    <div class=\"entry-details\">\n        <a href=\"https:\/\/www.welovecycling.com\/cs\/2025\/12\/08\/vanocni-darek-za-4-miliony-kolo-co-pouzival-tadej\/\" class='entry-title-wrapper'>\n            <h3 class=\"entry-title\"><span>V\u00e1no\u010dn\u00ed d\u00e1rek za 4 miliony?! Kolo, co pou\u017e\u00edval Tadej<\/span><\/h3>\n        <\/a>\n    <\/div>\n    <\/article>\n<\/div>\n<p>Van Avermaet \u00fato\u010d\u00ed hodn\u011b brzy. \u010cesk\u00fd cyklista v\u00e1h\u00e1, zda jej n\u00e1sledovat nebo se dr\u017eet v h\u00e1ku Valverdeho. &#8222;M\u011bl jsem setinu na rozhodnut\u00ed. Zd\u00e1lo se mi, \u017ee \u0160pan\u011bl odpad\u00e1, a tak jsem vyrazil za Gregem,&#8220; vzpom\u00edn\u00e1. &#8222;V\u011bd\u011bl jsem, \u017ee mus\u00edm b\u00fdt prvn\u00ed na met\u011b dv\u011b st\u011b metr\u016f p\u0159ed c\u00edlem. Kdy\u017e projedu na prvn\u00ed figu\u0159e posledn\u00ed zat\u00e1\u010dku, u\u017e m\u011b nikdo nep\u0159edjede,&#8220; tu\u0161\u00ed Zden\u011bk \u0160tybar. A jeho pl\u00e1n se napln\u00ed. &#8222;P\u0159ipadal jsem si jako ve snu. Zapln\u011bn\u00e9 n\u00e1m\u011bst\u00ed a j\u00e1 na prvn\u00edm m\u00edt\u011b Strade Bianche. Nikdy na to nezapomenu,&#8220; sm\u011bje se jubilant.<\/p>\n<h2><strong>E3 Harelbeke (2019)<\/strong><\/h2>\n<p>Belgick\u00e1 klasika m\u00e1 p\u0159ezd\u00edvku Mal\u00e9 Flandry. Zden\u011bk \u0160tybar p\u0159ekypuje sebev\u011bdom\u00edm. Na ja\u0159e vyhr\u00e1l etapu Kolem Algarve, ovl\u00e1dl jednor\u00e1zovku Omloop Het Nieuwsblad. Dojel \u010dtvrt\u00fd ve Strade Bianche, kde pomohl k triumfu t\u00fdmov\u00e9mu kolegovi Julianu Alaphilippovi stejn\u011b jako p\u0159i Monumentu Mil\u00e1n-San Remo. Do spurtu se \u0159\u00edt\u00ed o\u010desan\u00e1 \u010dty\u0159\u010dlenn\u00e1 skupina. Ital Alberto Bettiol a Belgi\u010dan\u00e9 Wout van Aert se star\u00fdm zn\u00e1m\u00fdm Gregem van Avermaetem. Zden\u011bk \u0160tybar v t\u00e9hle spole\u010dnosti nen\u00ed favoritem. Ale&#8230; &#8222;Je n\u011bco jin\u00e9ho jet do spurtu p\u0159i etap\u011b Tour de France nebo Gira a v klasice, kde se bojuje na kostk\u00e1ch o pozice. M\u011bl jsem formu. V\u011b\u0159il jsem si,&#8220; vybavuje si Zden\u011bk \u0160tybar.<\/p>\n<figure id=\"attachment_1317\" aria-describedby=\"caption-attachment-1317\" style=\"width: 1920px\" class=\"wp-caption alignnone\"><a href=\"https:\/\/d2p6e6u75xmxt8.cloudfront.net\/13\/2019\/03\/Zdenek-Stybar-E3-Harelbeke-Victory-_Tim-De-Waele-Getty-Images-scaled.webp\"><img loading=\"lazy\" decoding=\"async\" class=\"size-extra-large wp-image-1317\" src=\"https:\/\/d2p6e6u75xmxt8.cloudfront.net\/13\/2019\/03\/Zdenek-Stybar-E3-Harelbeke-Victory-_Tim-De-Waele-Getty-Images-1920x1281.webp\" alt=\"\" width=\"1920\" height=\"1281\" srcset=\"https:\/\/d2p6e6u75xmxt8.cloudfront.net\/13\/2019\/03\/Zdenek-Stybar-E3-Harelbeke-Victory-_Tim-De-Waele-Getty-Images-1920x1281.webp 1920w, https:\/\/d2p6e6u75xmxt8.cloudfront.net\/13\/2019\/03\/Zdenek-Stybar-E3-Harelbeke-Victory-_Tim-De-Waele-Getty-Images-300x200.webp 300w, https:\/\/d2p6e6u75xmxt8.cloudfront.net\/13\/2019\/03\/Zdenek-Stybar-E3-Harelbeke-Victory-_Tim-De-Waele-Getty-Images-1024x683.webp 1024w, https:\/\/d2p6e6u75xmxt8.cloudfront.net\/13\/2019\/03\/Zdenek-Stybar-E3-Harelbeke-Victory-_Tim-De-Waele-Getty-Images-768x512.webp 768w, https:\/\/d2p6e6u75xmxt8.cloudfront.net\/13\/2019\/03\/Zdenek-Stybar-E3-Harelbeke-Victory-_Tim-De-Waele-Getty-Images-1536x1025.webp 1536w, https:\/\/d2p6e6u75xmxt8.cloudfront.net\/13\/2019\/03\/Zdenek-Stybar-E3-Harelbeke-Victory-_Tim-De-Waele-Getty-Images-2048x1366.webp 2048w, https:\/\/d2p6e6u75xmxt8.cloudfront.net\/13\/2019\/03\/Zdenek-Stybar-E3-Harelbeke-Victory-_Tim-De-Waele-Getty-Images-272x182.webp 272w, https:\/\/d2p6e6u75xmxt8.cloudfront.net\/13\/2019\/03\/Zdenek-Stybar-E3-Harelbeke-Victory-_Tim-De-Waele-Getty-Images-1920x1281.webp 1920w\" sizes=\"auto, (max-width: 1920px) 100vw, 1920px\" \/><\/a><figcaption id=\"caption-attachment-1317\" class=\"wp-caption-text\"><em>Zden\u011bk \u0160tybar v c\u00edli belgick\u00e9 klasiky E3. Foto: Tim de Waele\/Getty Images<\/em><\/figcaption><\/figure>\n<p>Jeho sebed\u016fv\u011bra byla opr\u00e1vn\u011bn\u00e1. Dvakr\u00e1t zkou\u0161el \u00fato\u010dit. Nejprve t\u0159i a p\u016fl kilometr\u016f p\u0159ed c\u00edlem. Pak je\u0161t\u011b o patn\u00e1ct set metr\u016f pozd\u011bji. Marn\u011b. I tak slavil. Ve spurtu byl d\u011blov\u00fd. &#8222;M\u011bl jsem skv\u011bl\u00e9 nohy.&#8220;<\/p>\n<h2><strong>Etapa na Vuelt\u011b (2013)<\/strong><\/h2>\n<p>Zden\u011bk \u0160tybar p\u0159ij\u00ed\u017ed\u00ed na z\u00e1vod povzbuzen celkov\u00fdm v\u00edt\u011bzstv\u00edm z etapov\u00e9ho z\u00e1vodu Eneco Tour. V sedm\u00e9 etap\u011b nastoup\u00ed v kopci p\u00e1r set metr\u016f p\u0159ed c\u00edlem Philippe Gilbert, \u00fa\u0159aduj\u00edc\u00ed mistr sv\u011bta. \u010cesk\u00fd cyklista je n\u00e1sleduje. Spole\u010dn\u011b udr\u017e\u00ed t\u011bsn\u00fd n\u00e1skok p\u0159ed pelotonem a\u017e na p\u00e1sku. A borec ze St\u0159\u00edbra hod\u00ed kolo do c\u00edle o setinu d\u0159\u00edve, tak\u017ee rozd\u00edlem galusky je v\u00edt\u011bzem dne. Kdy\u017e c\u00edlov\u00e1 fotografie ur\u010d\u00ed, co \u0160tybar tu\u0161il, slav\u00ed prvn\u00ed etapov\u00e9 v\u00edt\u011bzstv\u00ed na Grand Tour.<\/p>\n<h2><strong>Druh\u00fd v Pekle severu (2015)<\/strong><\/h2>\n<p>Byl v \u00faniku, kdy na triumf \u00fato\u010dil Bradely Wiggins. Jen\u017ee \u010delo z\u00e1vodu uprchl\u00edky dostihlo. Ze zbytku pelotonu pak t\u00fdmov\u00fd kolega Lampaert rozjel na velodromu spurt pro \u010desk\u00e9ho cyklistu. Jen\u017ee John Degenkolb byl protivn\u00edk, na jeho\u017e spurtersk\u00e9 kvality Zden\u011bk \u0160tybar t\u011bsn\u011b nesta\u010dil.<\/p>\n<figure id=\"attachment_14694\" aria-describedby=\"caption-attachment-14694\" style=\"width: 1200px\" class=\"wp-caption alignnone\"><a href=\"https:\/\/d2p6e6u75xmxt8.cloudfront.net\/13\/2021\/10\/stybar-1344592273_1633275306.webp\"><img loading=\"lazy\" decoding=\"async\" class=\"size-full wp-image-14694\" src=\"https:\/\/d2p6e6u75xmxt8.cloudfront.net\/13\/2021\/10\/stybar-1344592273_1633275306.webp\" alt=\"Wout van Aert\" width=\"1200\" height=\"762\" srcset=\"https:\/\/d2p6e6u75xmxt8.cloudfront.net\/13\/2021\/10\/stybar-1344592273_1633275306.webp 1200w, https:\/\/d2p6e6u75xmxt8.cloudfront.net\/13\/2021\/10\/stybar-1344592273_1633275306-300x191.webp 300w, https:\/\/d2p6e6u75xmxt8.cloudfront.net\/13\/2021\/10\/stybar-1344592273_1633275306-1024x650.webp 1024w, https:\/\/d2p6e6u75xmxt8.cloudfront.net\/13\/2021\/10\/stybar-1344592273_1633275306-768x488.webp 768w\" sizes=\"auto, (max-width: 1200px) 100vw, 1200px\" \/><\/a><figcaption id=\"caption-attachment-14694\" class=\"wp-caption-text\"><em>Zden\u011bk \u0160tybar na Pekle severu, nejdrsn\u011bj\u0161\u00ed klasice a jednom z p\u011bti Monument\u016f.<\/em><\/figcaption><\/figure>\n<p>Druh\u00e1 p\u0159\u00ed\u010dka znamenala historick\u00fd v\u00fdsledek pro \u010desk\u00e9ho z\u00e1vodn\u00edka v Pekle severu. &#8222;Vyhr\u00e1l siln\u011bj\u0161\u00ed,&#8220; pokr\u010dil sm\u00ed\u0159liv\u011b rameny pora\u017een\u00fd cyklista. O dva roky pozd\u011bji byl op\u011bt druh\u00fd. Sen o v\u00edt\u011bzstv\u00ed z nejdrsn\u011bj\u0161\u00edho z\u00e1vodu planety nikdy nenaplnil.<\/p>\n<h2><strong>\u0160tybar a jeho v\u00edt\u011bzstv\u00ed v\u016fle na MS (2021)<\/strong><\/h2>\n<p>Na mistrovstv\u00ed sv\u011bta 2021 rozhodn\u011b nep\u0159ij\u00ed\u017ed\u00ed jako favorit. Klasik\u00e1\u0159sk\u00e1 tra\u0165 v Lovani nahr\u00e1v\u00e1 jin\u00fdm. T\u00edm sp\u00ed\u0161e, \u017ee Zden\u011bk \u0160tybar za sebou m\u00e1 mnoho probl\u00e9m\u016f. Od jara jej postupn\u011b vy\u0159adila z tr\u00e9ninku operace srdce, pak covid, n\u00e1sledn\u011b z\u00e1n\u011bt st\u0159eva, op\u011bt covid a zlomen\u00fd prst na ruce.<\/p>\n<p><a href=\"https:\/\/d2p6e6u75xmxt8.cloudfront.net\/13\/2022\/10\/Stybar-BrychtaJan_ME_Mnichov_20220813_123248_DSC_8918.webp\"><img loading=\"lazy\" decoding=\"async\" class=\"size-extra-large wp-image-18927\" src=\"https:\/\/d2p6e6u75xmxt8.cloudfront.net\/13\/2022\/10\/Stybar-BrychtaJan_ME_Mnichov_20220813_123248_DSC_8918-1920x1278.webp\" alt=\"Zden\u011bk \u0160tybar, \u010desk\u00fd reprezentant, se chyst\u00e1 na mistrovstv\u00ed sv\u011bta v gravelu.\" width=\"1920\" height=\"1278\" srcset=\"https:\/\/d2p6e6u75xmxt8.cloudfront.net\/13\/2022\/10\/Stybar-BrychtaJan_ME_Mnichov_20220813_123248_DSC_8918-1920x1278.webp 1920w, https:\/\/d2p6e6u75xmxt8.cloudfront.net\/13\/2022\/10\/Stybar-BrychtaJan_ME_Mnichov_20220813_123248_DSC_8918-300x200.webp 300w, https:\/\/d2p6e6u75xmxt8.cloudfront.net\/13\/2022\/10\/Stybar-BrychtaJan_ME_Mnichov_20220813_123248_DSC_8918-1024x681.webp 1024w, https:\/\/d2p6e6u75xmxt8.cloudfront.net\/13\/2022\/10\/Stybar-BrychtaJan_ME_Mnichov_20220813_123248_DSC_8918-768x511.webp 768w, https:\/\/d2p6e6u75xmxt8.cloudfront.net\/13\/2022\/10\/Stybar-BrychtaJan_ME_Mnichov_20220813_123248_DSC_8918-1536x1022.webp 1536w, https:\/\/d2p6e6u75xmxt8.cloudfront.net\/13\/2022\/10\/Stybar-BrychtaJan_ME_Mnichov_20220813_123248_DSC_8918-272x182.webp 272w, https:\/\/d2p6e6u75xmxt8.cloudfront.net\/13\/2022\/10\/Stybar-BrychtaJan_ME_Mnichov_20220813_123248_DSC_8918.webp 2000w, https:\/\/d2p6e6u75xmxt8.cloudfront.net\/13\/2022\/10\/Stybar-BrychtaJan_ME_Mnichov_20220813_123248_DSC_8918-1920x1278.webp 1920w\" sizes=\"auto, (max-width: 1920px) 100vw, 1920px\" \/><\/a><\/p>\n<p>&#8222;Sedm\u00e9 m\u00edsto bylo moje osobn\u00ed v\u00edt\u011bzstv\u00ed. Po v\u0161ech pot\u00ed\u017e\u00edch jsem dok\u00e1zal z\u00e1vodit s nejlep\u0161\u00edmi a \u00fato\u010dit s nimi,&#8220; vysv\u011btluje Zden\u011bk \u0160tybar, pro\u010d si tolik cen\u00ed sedm\u00e9 pozice. &#8222;Kdy\u017e tehdy odj\u00ed\u017ed\u011bl nakonec t\u0159et\u00ed Valgren, vnit\u0159n\u00ed hlas mi radil, a\u0165 jedu s n\u00edm. Jen\u017ee j\u00e1 spol\u00e9hal na taktickou variantu, kde bude \u00fato\u010dit van der Poel a van Aert. Byla to chyba.&#8220;<\/p>\n<h2><strong>Hororov\u00fd p\u00e1d bez n\u00e1sledk\u016f (2014)<\/strong><\/h2>\n<p>V l\u00e9t\u011b 2014 Zden\u011bk \u0160tybar obhajuje na belgick\u00e9m etap\u00e1ku Eneco Tour celkov\u00e9 v\u00edt\u011bzstv\u00ed a dva d\u00edl\u010d\u00ed triumfy. Hned v druh\u00e9m d\u011bjstv\u00ed prolet\u00ed c\u00edlem prvn\u00ed. Jen\u017ee ve spurtu \u010dtvrt\u00e9 etapy odnese strkanici d\u011bsiv\u00fdm karambolem. Vraz\u00ed do pl\u00e1tk\u016f lemuj\u00edc\u00edch silnici. M\u00e1 p\u011bt vylomen\u00fdch zub\u016f, ot\u0159es mozku, frakturu \u010delisti, rozbit\u00fd ret. Jako z\u00e1zrakem nem\u00e1 \u017e\u00e1dn\u00e9 n\u00e1sledky ohro\u017euj\u00edc\u00ed kari\u00e9ru. U\u017e za m\u011bs\u00edc je zp\u00e1tky. Jen\u017ee pak si p\u0159i Kermiscrossu v Ardooi, c\u00edlov\u00e9m m\u00edst\u011b karambolu z Eneco Tour, poran\u00ed vazy v rameni. Mus\u00ed na operaci. A kv\u016fli jarn\u00edm klasik\u00e1m mu nezb\u00fdv\u00e1 ne\u017e odp\u00edskat \u00fa\u010dast na mistrovstv\u00ed sv\u011bta v cyklokrosu v T\u00e1bo\u0159e 2015. &#8222;Cht\u011blo se mi bre\u010det,&#8220; \u0159\u00edk\u00e1 i s odstupem.<\/p>\n<h2><strong>Cel\u00e1 kari\u00e9ra (skoro) v jednom t\u00fdmu<\/strong><\/h2>\n<p>Prvn\u00ed ze sedmi dom\u00e1c\u00edch cyklokrosov\u00fdch titul\u016f z\u00edskal jako devaten\u00e1ctilet\u00fd v dresu italsk\u00e9ho t\u00fdmu Selle Italia. Je\u0161t\u011b po z\u00e1vod\u011b v Mlad\u00e9 Boleslavi mu zavolal mana\u017eer cyklokrosov\u00e9ho t\u00fdmu Fidea. Belgick\u00fd t\u00fdm byl ve sv\u011bt\u011b cyklokrosu \u0161pi\u010dka. \u0160tybar z\u00edskal jistotu. A \u010desk\u00e1 cyklistika hv\u011bzdu.<\/p>\n<figure id=\"attachment_19069\" aria-describedby=\"caption-attachment-19069\" style=\"width: 1920px\" class=\"wp-caption alignnone\"><a href=\"https:\/\/d2p6e6u75xmxt8.cloudfront.net\/13\/2022\/10\/stybar-CEM_9371.webp\"><img loading=\"lazy\" decoding=\"async\" class=\"size-extra-large wp-image-19069\" src=\"https:\/\/d2p6e6u75xmxt8.cloudfront.net\/13\/2022\/10\/stybar-CEM_9371-1920x1281.webp\" alt=\"Zden\u011bk \u0160tybar\" width=\"1920\" height=\"1281\" srcset=\"https:\/\/d2p6e6u75xmxt8.cloudfront.net\/13\/2022\/10\/stybar-CEM_9371-1920x1281.webp 1920w, https:\/\/d2p6e6u75xmxt8.cloudfront.net\/13\/2022\/10\/stybar-CEM_9371-300x200.webp 300w, https:\/\/d2p6e6u75xmxt8.cloudfront.net\/13\/2022\/10\/stybar-CEM_9371-1024x683.webp 1024w, https:\/\/d2p6e6u75xmxt8.cloudfront.net\/13\/2022\/10\/stybar-CEM_9371-768x512.webp 768w, https:\/\/d2p6e6u75xmxt8.cloudfront.net\/13\/2022\/10\/stybar-CEM_9371-1536x1025.webp 1536w, https:\/\/d2p6e6u75xmxt8.cloudfront.net\/13\/2022\/10\/stybar-CEM_9371-272x182.webp 272w, https:\/\/d2p6e6u75xmxt8.cloudfront.net\/13\/2022\/10\/stybar-CEM_9371.webp 2000w, https:\/\/d2p6e6u75xmxt8.cloudfront.net\/13\/2022\/10\/stybar-CEM_9371-1920x1281.webp 1920w\" sizes=\"auto, (max-width: 1920px) 100vw, 1920px\" \/><\/a><figcaption id=\"caption-attachment-19069\" class=\"wp-caption-text\"><em>Zden\u011bk \u0160tybar je velk\u00fdm obl\u00edbencem cyklistick\u00fdch fanou\u0161k\u016f.<\/em><\/figcaption><\/figure>\n<p>&#8222;M\u011bl jsem tehdy p\u0159edsevzet\u00ed, \u017ee se do t\u0159\u00ed let mus\u00edm dostat do \u0161pi\u010dkov\u00e9ho t\u00fdmu, aby moje kari\u00e9ra m\u011bla spr\u00e1vn\u00fd v\u00fdvoj. Kdyby se tak nestalo, byl jsem rozhodnut\u00fd j\u00edt studovat pr\u00e1va, kter\u00e1 m\u011b moc l\u00e1kala.&#8220; Dres sestavy Fidea obl\u00e9kal p\u011bt let. Pak se p\u0159esunul do formace Quick Step. Ve Vl\u010d\u00ed sme\u010dce, jak se formaci p\u0159ezd\u00edv\u00e1, z\u016fstal dvan\u00e1ct let. A\u017e posledn\u00ed rok kari\u00e9ry si vyzkou\u0161el jinou \u0161taci v podob\u011b anga\u017em\u00e1 u Jayco AlUla.<\/p>\n<h2><strong>V\u00e1\u0161niv\u00fd sb\u011bratel hodinek<\/strong><\/h2>\n<p>V\u011bd\u011bli jste, \u017ee je Zden\u011bk \u0160tybar v\u00e1\u0161niv\u00fdm sb\u011bratelem hodinek. U\u017e od d\u011btstv\u00ed miluje mechanick\u00e9 hodinky. Jako patn\u00e1ctilet\u00fd byl na soust\u0159ed\u011bn\u00ed ve Svat\u00e9m Mo\u0159ici a ve \u0161v\u00fdcarsk\u00e9m horsk\u00e9m m\u011bst\u011b si tehdy p\u0159i pokukov\u00e1n\u00ed do v\u00fdloh po v\u00fdjime\u010dn\u00fdch hodin\u00e1\u0159sk\u00fdch kousc\u00edch sl\u00edbil, \u017ee jestli jednou bude mistrem sv\u011bta, odm\u011bn\u00ed se hodinkami. Kdy\u017e v T\u00e1bo\u0159e 2010 slavil duhov\u00fd trikot, do\u0161lo na spln\u011bn\u00ed p\u0159\u00e1n\u00ed. Hodinky od \u0161v\u00fdcarsk\u00e9 firmy, co si jako teenager vyhl\u00e9dl, skute\u010dn\u011b po\u0159\u00eddil. &#8222;Tro\u0161ku jsem v\u00e1hal. St\u00e1ly stejn\u011b jako z\u00e1novn\u00ed \u0160koda Octavia,&#8220; sm\u011bje se. Za velk\u00e1 v\u00edt\u011bzstv\u00ed se n\u00e1sledn\u011b v\u017edy odm\u011bnil. A tak se po kari\u00e9\u0159e m\u016f\u017ee chlubit slu\u0161nou sb\u011bratelskou kolekc\u00ed.<\/p>\n","protected":false},"excerpt":{"rendered":"<p>Uva\u017eoval, \u017ee by mohl b\u00fdt pr\u00e1vn\u00edkem! Na\u0161t\u011bst\u00ed podepsal kontrakt, kter\u00fd mu zm\u011bnil \u017eivot. A pro \u010deskou cyklistiku zajistil cyklistickou superstar. [&hellip;]<\/p>\n","protected":false},"author":138,"featured_media":2616,"comment_status":"open","ping_status":"open","sticky":false,"template":"","format":"standard","meta":{"footnotes":""},"categories":[4018],"tags":[126,723,748,4216,9,73],"global-categories":[411],"class_list":["post-31847","post","type-post","status-publish","format-standard","has-post-thumbnail","hentry","category-cyklistika","tag-cyklistika","tag-cyklokros","tag-kariera","tag-narozeniny","tag-silnicni-cyklistika","tag-zdenek-stybar","global-categories-cycling"],"yoast_head":"<!-- This site is optimized with the Yoast SEO Premium plugin v25.3 (Yoast SEO v25.9) - https:\/\/yoast.com\/wordpress\/plugins\/seo\/ -->\n<title>\u0160tybar jako pr\u00e1vn\u00edk? Zlat\u00fd kluk ze St\u0159\u00edbra m\u00edsto tal\u00e1ru zvolil kolo | \u0160koda We Love Cycling - \u010cesk\u00e1 republika<\/title>\n<meta name=\"description\" content=\"Uva\u017eoval, \u017ee by mohl b\u00fdt pr\u00e1vn\u00edkem! Na\u0161t\u011bst\u00ed podepsal kontrakt, kter\u00fd mu zm\u011bnil \u017eivot. A pro \u010deskou cyklistiku zajistil cyklistickou superstar. Zden\u011bk \u0160tybar slav\u00edc\u00ed 11. prosince \u010dty\u0159ic\u00e1t\u00e9 narozeniny pobral b\u011bhem kari\u00e9ry des\u00edtky profesion\u00e1ln\u00edch v\u00edt\u011bzstv\u00ed a\u0165 u\u017e na silnici nebo v ter\u00e9nu.\" \/>\n<meta name=\"robots\" content=\"index, follow, max-snippet:-1, max-image-preview:large, max-video-preview:-1\" \/>\n<link rel=\"canonical\" href=\"https:\/\/www.welovecycling.com\/cs\/2025\/12\/11\/stybar-jako-pravnik-zlaty-kluk-ze-stribra-misto-talaru-zvolil-kolo\/\" \/>\n<meta property=\"og:locale\" content=\"cs_CZ\" \/>\n<meta property=\"og:type\" content=\"article\" \/>\n<meta property=\"og:title\" content=\"\u0160tybar jako pr\u00e1vn\u00edk? Zlat\u00fd kluk ze St\u0159\u00edbra m\u00edsto tal\u00e1ru zvolil kolo\" \/>\n<meta property=\"og:description\" content=\"Uva\u017eoval, \u017ee by mohl b\u00fdt pr\u00e1vn\u00edkem! Na\u0161t\u011bst\u00ed podepsal kontrakt, kter\u00fd mu zm\u011bnil \u017eivot. A pro \u010deskou cyklistiku zajistil cyklistickou superstar. Zden\u011bk \u0160tybar slav\u00edc\u00ed 11. prosince \u010dty\u0159ic\u00e1t\u00e9 narozeniny pobral b\u011bhem kari\u00e9ry des\u00edtky profesion\u00e1ln\u00edch v\u00edt\u011bzstv\u00ed a\u0165 u\u017e na silnici nebo v ter\u00e9nu.\" \/>\n<meta property=\"og:url\" content=\"https:\/\/www.welovecycling.com\/cs\/2025\/12\/11\/stybar-jako-pravnik-zlaty-kluk-ze-stribra-misto-talaru-zvolil-kolo\/\" \/>\n<meta property=\"og:site_name\" content=\"\u0160koda We Love Cycling - \u010cesk\u00e1 republika\" \/>\n<meta property=\"article:published_time\" content=\"2025-12-11T10:23:08+00:00\" \/>\n<meta property=\"article:modified_time\" content=\"2025-12-11T20:25:19+00:00\" \/>\n<meta property=\"og:image\" content=\"https:\/\/d2p6e6u75xmxt8.cloudfront.net\/13\/2019\/07\/zdenek-stybar-beer-profimedia-0423170756.-CVR.webp\" \/>\n\t<meta property=\"og:image:width\" content=\"1366\" \/>\n\t<meta property=\"og:image:height\" content=\"600\" \/>\n\t<meta property=\"og:image:type\" content=\"image\/webp\" \/>\n<meta name=\"author\" content=\"radekmalina\" \/>\n<meta name=\"twitter:card\" content=\"summary_large_image\" \/>\n<meta name=\"twitter:label1\" content=\"Written by\" \/>\n\t<meta name=\"twitter:data1\" content=\"We Love Cycling\" \/>\n\t<meta name=\"twitter:label2\" content=\"Est. reading time\" \/>\n\t<meta name=\"twitter:data2\" content=\"5\" \/>\n<script type=\"application\/ld+json\" class=\"yoast-schema-graph\">{\"@context\":\"https:\/\/schema.org\",\"@graph\":[{\"@type\":\"WebPage\",\"@id\":\"https:\/\/www.welovecycling.com\/cs\/2025\/12\/11\/stybar-jako-pravnik-zlaty-kluk-ze-stribra-misto-talaru-zvolil-kolo\/\",\"url\":\"https:\/\/www.welovecycling.com\/cs\/2025\/12\/11\/stybar-jako-pravnik-zlaty-kluk-ze-stribra-misto-talaru-zvolil-kolo\/\",\"name\":\"\u0160tybar jako pr\u00e1vn\u00edk? Zlat\u00fd kluk ze St\u0159\u00edbra m\u00edsto tal\u00e1ru zvolil kolo | \u0160koda We Love Cycling - \u010cesk\u00e1 republika\",\"isPartOf\":{\"@id\":\"https:\/\/www.welovecycling.com\/cs\/#website\"},\"primaryImageOfPage\":{\"@id\":\"https:\/\/www.welovecycling.com\/cs\/2025\/12\/11\/stybar-jako-pravnik-zlaty-kluk-ze-stribra-misto-talaru-zvolil-kolo\/#primaryimage\"},\"image\":{\"@id\":\"https:\/\/www.welovecycling.com\/cs\/2025\/12\/11\/stybar-jako-pravnik-zlaty-kluk-ze-stribra-misto-talaru-zvolil-kolo\/#primaryimage\"},\"thumbnailUrl\":\"https:\/\/d2p6e6u75xmxt8.cloudfront.net\/13\/2019\/07\/zdenek-stybar-beer-profimedia-0423170756.-CVR.webp\",\"datePublished\":\"2025-12-11T10:23:08+00:00\",\"dateModified\":\"2025-12-11T20:25:19+00:00\",\"author\":{\"@id\":\"https:\/\/www.welovecycling.com\/cs\/#\/schema\/person\/d9eeb0a378f3a7e4a6d12d2b536b04b8\"},\"description\":\"Uva\u017eoval, \u017ee by mohl b\u00fdt pr\u00e1vn\u00edkem! Na\u0161t\u011bst\u00ed podepsal kontrakt, kter\u00fd mu zm\u011bnil \u017eivot. A pro \u010deskou cyklistiku zajistil cyklistickou superstar. Zden\u011bk \u0160tybar slav\u00edc\u00ed 11. prosince \u010dty\u0159ic\u00e1t\u00e9 narozeniny pobral b\u011bhem kari\u00e9ry des\u00edtky profesion\u00e1ln\u00edch v\u00edt\u011bzstv\u00ed a\u0165 u\u017e na silnici nebo v ter\u00e9nu.\",\"inLanguage\":\"cs\",\"potentialAction\":[{\"@type\":\"ReadAction\",\"target\":[\"https:\/\/www.welovecycling.com\/cs\/2025\/12\/11\/stybar-jako-pravnik-zlaty-kluk-ze-stribra-misto-talaru-zvolil-kolo\/\"]}]},{\"@type\":\"ImageObject\",\"inLanguage\":\"cs\",\"@id\":\"https:\/\/www.welovecycling.com\/cs\/2025\/12\/11\/stybar-jako-pravnik-zlaty-kluk-ze-stribra-misto-talaru-zvolil-kolo\/#primaryimage\",\"url\":\"https:\/\/d2p6e6u75xmxt8.cloudfront.net\/13\/2019\/07\/zdenek-stybar-beer-profimedia-0423170756.-CVR.webp\",\"contentUrl\":\"https:\/\/d2p6e6u75xmxt8.cloudfront.net\/13\/2019\/07\/zdenek-stybar-beer-profimedia-0423170756.-CVR.webp\",\"width\":1366,\"height\":600,\"caption\":\"Jarn\u00ed klasiky Zden\u011bk \u0160tybar\"},{\"@type\":\"WebSite\",\"@id\":\"https:\/\/www.welovecycling.com\/cs\/#website\",\"url\":\"https:\/\/www.welovecycling.com\/cs\/\",\"name\":\"\u0160koda We Love Cycling - \u010cesk\u00e1 republika\",\"description\":\"WeLoveCycling.cz je online magaz\u00edn, kter\u00fd v\u00e1m pravideln\u011b p\u0159in\u00e1\u0161\u00ed rady a tipy, zaj\u00edmav\u00e9 \u010dl\u00e1nky, videa a jedine\u010dn\u00e9 report\u00e1\u017ee ze sv\u011bta cyklistiky.\",\"potentialAction\":[{\"@type\":\"SearchAction\",\"target\":{\"@type\":\"EntryPoint\",\"urlTemplate\":\"https:\/\/www.welovecycling.com\/cs\/?s={search_term_string}\"},\"query-input\":{\"@type\":\"PropertyValueSpecification\",\"valueRequired\":true,\"valueName\":\"search_term_string\"}}],\"inLanguage\":\"cs\"},{\"@type\":\"Person\",\"@id\":\"https:\/\/www.welovecycling.com\/cs\/#\/schema\/person\/d9eeb0a378f3a7e4a6d12d2b536b04b8\",\"name\":\"radekmalina\",\"image\":{\"@type\":\"ImageObject\",\"inLanguage\":\"cs\",\"@id\":\"https:\/\/www.welovecycling.com\/cs\/#\/schema\/person\/image\/\",\"url\":\"https:\/\/secure.gravatar.com\/avatar\/66994b632cb8c39a46b9f54afa3ae07201b678d32a54275b6f1c9ffec356bfc0?s=96&d=mm&r=g\",\"contentUrl\":\"https:\/\/secure.gravatar.com\/avatar\/66994b632cb8c39a46b9f54afa3ae07201b678d32a54275b6f1c9ffec356bfc0?s=96&d=mm&r=g\",\"caption\":\"radekmalina\"},\"url\":\"https:\/\/www.welovecycling.com\/cs\/author\/radekmalina\/\"}]}<\/script>\n<!-- \/ Yoast SEO Premium plugin. -->","yoast_head_json":{"title":"\u0160tybar jako pr\u00e1vn\u00edk? Zlat\u00fd kluk ze St\u0159\u00edbra m\u00edsto tal\u00e1ru zvolil kolo | \u0160koda We Love Cycling - \u010cesk\u00e1 republika","description":"Uva\u017eoval, \u017ee by mohl b\u00fdt pr\u00e1vn\u00edkem! Na\u0161t\u011bst\u00ed podepsal kontrakt, kter\u00fd mu zm\u011bnil \u017eivot. A pro \u010deskou cyklistiku zajistil cyklistickou superstar. Zden\u011bk \u0160tybar slav\u00edc\u00ed 11. prosince \u010dty\u0159ic\u00e1t\u00e9 narozeniny pobral b\u011bhem kari\u00e9ry des\u00edtky profesion\u00e1ln\u00edch v\u00edt\u011bzstv\u00ed a\u0165 u\u017e na silnici nebo v ter\u00e9nu.","robots":{"index":"index","follow":"follow","max-snippet":"max-snippet:-1","max-image-preview":"max-image-preview:large","max-video-preview":"max-video-preview:-1"},"canonical":"https:\/\/www.welovecycling.com\/cs\/2025\/12\/11\/stybar-jako-pravnik-zlaty-kluk-ze-stribra-misto-talaru-zvolil-kolo\/","og_locale":"cs_CZ","og_type":"article","og_title":"\u0160tybar jako pr\u00e1vn\u00edk? Zlat\u00fd kluk ze St\u0159\u00edbra m\u00edsto tal\u00e1ru zvolil kolo","og_description":"Uva\u017eoval, \u017ee by mohl b\u00fdt pr\u00e1vn\u00edkem! Na\u0161t\u011bst\u00ed podepsal kontrakt, kter\u00fd mu zm\u011bnil \u017eivot. A pro \u010deskou cyklistiku zajistil cyklistickou superstar. Zden\u011bk \u0160tybar slav\u00edc\u00ed 11. prosince \u010dty\u0159ic\u00e1t\u00e9 narozeniny pobral b\u011bhem kari\u00e9ry des\u00edtky profesion\u00e1ln\u00edch v\u00edt\u011bzstv\u00ed a\u0165 u\u017e na silnici nebo v ter\u00e9nu.","og_url":"https:\/\/www.welovecycling.com\/cs\/2025\/12\/11\/stybar-jako-pravnik-zlaty-kluk-ze-stribra-misto-talaru-zvolil-kolo\/","og_site_name":"\u0160koda We Love Cycling - \u010cesk\u00e1 republika","article_published_time":"2025-12-11T10:23:08+00:00","article_modified_time":"2025-12-11T20:25:19+00:00","og_image":[{"width":1366,"height":600,"url":"https:\/\/d2p6e6u75xmxt8.cloudfront.net\/13\/2019\/07\/zdenek-stybar-beer-profimedia-0423170756.-CVR.webp","type":"image\/webp"}],"author":"radekmalina","twitter_card":"summary_large_image","twitter_misc":{"Written by":"We Love Cycling","Est. reading time":"5"},"schema":{"@context":"https:\/\/schema.org","@graph":[{"@type":"WebPage","@id":"https:\/\/www.welovecycling.com\/cs\/2025\/12\/11\/stybar-jako-pravnik-zlaty-kluk-ze-stribra-misto-talaru-zvolil-kolo\/","url":"https:\/\/www.welovecycling.com\/cs\/2025\/12\/11\/stybar-jako-pravnik-zlaty-kluk-ze-stribra-misto-talaru-zvolil-kolo\/","name":"\u0160tybar jako pr\u00e1vn\u00edk? Zlat\u00fd kluk ze St\u0159\u00edbra m\u00edsto tal\u00e1ru zvolil kolo | \u0160koda We Love Cycling - \u010cesk\u00e1 republika","isPartOf":{"@id":"https:\/\/www.welovecycling.com\/cs\/#website"},"primaryImageOfPage":{"@id":"https:\/\/www.welovecycling.com\/cs\/2025\/12\/11\/stybar-jako-pravnik-zlaty-kluk-ze-stribra-misto-talaru-zvolil-kolo\/#primaryimage"},"image":{"@id":"https:\/\/www.welovecycling.com\/cs\/2025\/12\/11\/stybar-jako-pravnik-zlaty-kluk-ze-stribra-misto-talaru-zvolil-kolo\/#primaryimage"},"thumbnailUrl":"https:\/\/d2p6e6u75xmxt8.cloudfront.net\/13\/2019\/07\/zdenek-stybar-beer-profimedia-0423170756.-CVR.webp","datePublished":"2025-12-11T10:23:08+00:00","dateModified":"2025-12-11T20:25:19+00:00","author":{"@id":"https:\/\/www.welovecycling.com\/cs\/#\/schema\/person\/d9eeb0a378f3a7e4a6d12d2b536b04b8"},"description":"Uva\u017eoval, \u017ee by mohl b\u00fdt pr\u00e1vn\u00edkem! Na\u0161t\u011bst\u00ed podepsal kontrakt, kter\u00fd mu zm\u011bnil \u017eivot. A pro \u010deskou cyklistiku zajistil cyklistickou superstar. Zden\u011bk \u0160tybar slav\u00edc\u00ed 11. prosince \u010dty\u0159ic\u00e1t\u00e9 narozeniny pobral b\u011bhem kari\u00e9ry des\u00edtky profesion\u00e1ln\u00edch v\u00edt\u011bzstv\u00ed a\u0165 u\u017e na silnici nebo v ter\u00e9nu.","inLanguage":"cs","potentialAction":[{"@type":"ReadAction","target":["https:\/\/www.welovecycling.com\/cs\/2025\/12\/11\/stybar-jako-pravnik-zlaty-kluk-ze-stribra-misto-talaru-zvolil-kolo\/"]}]},{"@type":"ImageObject","inLanguage":"cs","@id":"https:\/\/www.welovecycling.com\/cs\/2025\/12\/11\/stybar-jako-pravnik-zlaty-kluk-ze-stribra-misto-talaru-zvolil-kolo\/#primaryimage","url":"https:\/\/d2p6e6u75xmxt8.cloudfront.net\/13\/2019\/07\/zdenek-stybar-beer-profimedia-0423170756.-CVR.webp","contentUrl":"https:\/\/d2p6e6u75xmxt8.cloudfront.net\/13\/2019\/07\/zdenek-stybar-beer-profimedia-0423170756.-CVR.webp","width":1366,"height":600,"caption":"Jarn\u00ed klasiky Zden\u011bk \u0160tybar"},{"@type":"WebSite","@id":"https:\/\/www.welovecycling.com\/cs\/#website","url":"https:\/\/www.welovecycling.com\/cs\/","name":"\u0160koda We Love Cycling - \u010cesk\u00e1 republika","description":"WeLoveCycling.cz je online magaz\u00edn, kter\u00fd v\u00e1m pravideln\u011b p\u0159in\u00e1\u0161\u00ed rady a tipy, zaj\u00edmav\u00e9 \u010dl\u00e1nky, videa a jedine\u010dn\u00e9 report\u00e1\u017ee ze sv\u011bta cyklistiky.","potentialAction":[{"@type":"SearchAction","target":{"@type":"EntryPoint","urlTemplate":"https:\/\/www.welovecycling.com\/cs\/?s={search_term_string}"},"query-input":{"@type":"PropertyValueSpecification","valueRequired":true,"valueName":"search_term_string"}}],"inLanguage":"cs"},{"@type":"Person","@id":"https:\/\/www.welovecycling.com\/cs\/#\/schema\/person\/d9eeb0a378f3a7e4a6d12d2b536b04b8","name":"radekmalina","image":{"@type":"ImageObject","inLanguage":"cs","@id":"https:\/\/www.welovecycling.com\/cs\/#\/schema\/person\/image\/","url":"https:\/\/secure.gravatar.com\/avatar\/66994b632cb8c39a46b9f54afa3ae07201b678d32a54275b6f1c9ffec356bfc0?s=96&d=mm&r=g","contentUrl":"https:\/\/secure.gravatar.com\/avatar\/66994b632cb8c39a46b9f54afa3ae07201b678d32a54275b6f1c9ffec356bfc0?s=96&d=mm&r=g","caption":"radekmalina"},"url":"https:\/\/www.welovecycling.com\/cs\/author\/radekmalina\/"}]}},"_links":{"self":[{"href":"https:\/\/www.welovecycling.com\/cs\/wp-json\/wp\/v2\/posts\/31847","targetHints":{"allow":["GET"]}}],"collection":[{"href":"https:\/\/www.welovecycling.com\/cs\/wp-json\/wp\/v2\/posts"}],"about":[{"href":"https:\/\/www.welovecycling.com\/cs\/wp-json\/wp\/v2\/types\/post"}],"author":[{"embeddable":true,"href":"https:\/\/www.welovecycling.com\/cs\/wp-json\/wp\/v2\/users\/138"}],"replies":[{"embeddable":true,"href":"https:\/\/www.welovecycling.com\/cs\/wp-json\/wp\/v2\/comments?post=31847"}],"version-history":[{"count":4,"href":"https:\/\/www.welovecycling.com\/cs\/wp-json\/wp\/v2\/posts\/31847\/revisions"}],"predecessor-version":[{"id":31851,"href":"https:\/\/www.welovecycling.com\/cs\/wp-json\/wp\/v2\/posts\/31847\/revisions\/31851"}],"wp:featuredmedia":[{"embeddable":true,"href":"https:\/\/www.welovecycling.com\/cs\/wp-json\/wp\/v2\/media\/2616"}],"wp:attachment":[{"href":"https:\/\/www.welovecycling.com\/cs\/wp-json\/wp\/v2\/media?parent=31847"}],"wp:term":[{"taxonomy":"category","embeddable":true,"href":"https:\/\/www.welovecycling.com\/cs\/wp-json\/wp\/v2\/categories?post=31847"},{"taxonomy":"post_tag","embeddable":true,"href":"https:\/\/www.welovecycling.com\/cs\/wp-json\/wp\/v2\/tags?post=31847"},{"taxonomy":"global-categories","embeddable":true,"href":"https:\/\/www.welovecycling.com\/cs\/wp-json\/wp\/v2\/global-categories?post=31847"}],"curies":[{"name":"wp","href":"https:\/\/api.w.org\/{rel}","templated":true}]}}