{"id":31843,"date":"2025-12-10T11:54:03","date_gmt":"2025-12-10T09:54:03","guid":{"rendered":"https:\/\/www.welovecycling.com\/cs\/?p=31843"},"modified":"2025-12-10T11:54:03","modified_gmt":"2025-12-10T09:54:03","slug":"jak-poznat-ze-jste-pretrenovani","status":"publish","type":"post","link":"https:\/\/www.welovecycling.com\/cs\/2025\/12\/10\/jak-poznat-ze-jste-pretrenovani\/","title":{"rendered":"Jak poznat, \u017ee jste p\u0159etr\u00e9novan\u00ed?"},"content":{"rendered":"<p><strong>Tr\u00e9nink a zase tr\u00e9nink. V touze po zlep\u0161en\u00ed v\u00fdkon\u016f mnoho sportovc\u016f d\u0159e t\u011blo do \u00famoru. A zapom\u00edn\u00e1, \u017ee je pot\u0159eba dop\u0159\u00e1t si i odpo\u010dinek. Jen\u017ee n\u011bkdy nejde o pouhou \u00fanavu. Ob\u010das toti\u017e zajdete p\u0159\u00edli\u0161 daleko a jste p\u0159etr\u00e9novan\u00ed. Nej\u010dast\u011bji se tenhle stav objev\u00ed v p\u0159\u00edpravn\u00e9m obdob\u00ed.<\/strong><\/p>\n<p>Tot\u00e1ln\u00ed vy\u010derp\u00e1n\u00ed, apatie, letargie, nedostatek motivace a dokonce v krajn\u00edm p\u0159\u00edpad\u011b pokles v\u00fdkonu u zdrav\u00e9ho sportovce? P\u0159etr\u00e9nov\u00e1n\u00ed m\u016f\u017ee potkat ka\u017ed\u00e9ho, bez ohledu na v\u011bk, pohlav\u00ed \u010di v\u00fdkonnostn\u00ed \u00farove\u0148.<\/p>\n<p>V minulosti se \u010dasto tvrdilo, \u017ee p\u0159etr\u00e9nov\u00e1n\u00ed je fyzick\u00fd stav. A vyho\u0159en\u00ed je ot\u00e1zka psychick\u00e1. Ov\u0161em studie potvrzuj\u00ed, \u017ee jde o vz\u00e1jemn\u011b propojen\u00e9 stavy, kter\u00e9 spolu \u00fazce souvis\u00ed.<\/p>\n<h2><strong>P\u0159\u00edznaky p\u0159etr\u00e9nov\u00e1n\u00ed jsou snadno definovateln\u00e9<\/strong><\/h2>\n<p>Ka\u017ed\u00fdm tr\u00e9ninkem dost\u00e1v\u00e1 sportovec t\u011blo do jist\u00e9 stresov\u00e9 situace. V\u0161echny objemov\u00e9 i intervalov\u00e9 tr\u00e9ninky maj\u00ed jedin\u00fd motiv: zlep\u0161it se. Opakov\u00e1n\u00ed s\u00e9rie tr\u00e9nink\u016f si \u017e\u00e1daj\u00ed odpo\u010dinek. A pr\u00e1v\u011b p\u0159i odpo\u010dinku se paradoxn\u011b zlep\u0161ujete, proto\u017ee doch\u00e1z\u00ed k adaptaci. Jen\u017ee pokud sportovn\u00ed p\u0159\u00edpravu p\u0159e\u017eenete a stresu bude pro organismus p\u0159esp\u0159\u00edli\u0161, dojde k p\u0159etr\u00e9nov\u00e1n\u00ed.<\/p>\n<p>P\u0159etr\u00e9nov\u00e1n\u00ed se zrod\u00ed z mnoha d\u016fvod\u016f. Velmi \u010dastou p\u0159\u00ed\u010dinou je velk\u00e1 konkurence, co\u017e pochopiteln\u011b plat\u00ed hlavn\u011b pro z\u00e1vodn\u00ed obdob\u00ed. Mimo hlavn\u00ed f\u00e1zi sezony m\u016f\u017ee k p\u0159etr\u00e9nov\u00e1n\u00ed v\u00e9st snaha dodr\u017eet tr\u00e9ninkov\u00fd pl\u00e1n i p\u0159es zran\u011bn\u00ed \u010di nemoc. Dal\u0161\u00edm problematick\u00fdm faktorem je nav\u00fd\u0161en\u00ed objemu pr\u00e1v\u011b po odpo\u010dinku vynucen\u00e9m zran\u011bn\u00edm \u010di nemoc\u00ed nebo v krajn\u00edm p\u0159\u00edpad\u011b dovolenou.<\/p>\n<p><a href=\"https:\/\/d2p6e6u75xmxt8.cloudfront.net\/13\/2024\/09\/l-etape-trenink.webp\"><img loading=\"lazy\" decoding=\"async\" class=\"alignnone size-full wp-image-27173\" src=\"https:\/\/d2p6e6u75xmxt8.cloudfront.net\/13\/2024\/09\/l-etape-trenink.webp\" alt=\"\" width=\"1125\" height=\"1500\" srcset=\"https:\/\/d2p6e6u75xmxt8.cloudfront.net\/13\/2024\/09\/l-etape-trenink.webp 1125w, https:\/\/d2p6e6u75xmxt8.cloudfront.net\/13\/2024\/09\/l-etape-trenink-225x300.webp 225w, https:\/\/d2p6e6u75xmxt8.cloudfront.net\/13\/2024\/09\/l-etape-trenink-768x1024.webp 768w, https:\/\/d2p6e6u75xmxt8.cloudfront.net\/13\/2024\/09\/l-etape-trenink-300x400.webp 300w\" sizes=\"auto, (max-width: 1125px) 100vw, 1125px\" \/><\/a><\/p>\n<p>N\u011bkdy je p\u0159etr\u00e9nov\u00e1n\u00ed i z\u00e1le\u017eitost\u00ed nejen sportovn\u00ed. Proto\u017ee tr\u00e9ninkem se t\u011blo dostane na hranu, ale je\u0161t\u011b dr\u017e\u00ed nad propast\u00ed. Ov\u0161em v sou\u010dtu s dal\u0161\u00edmi stresov\u00fdmi faktory jako jsou pracovn\u00ed povinnosti \u010di rodinn\u00e9 z\u00e1le\u017eitosti se p\u0159ehoupneme za hranici.<\/p>\n<p>Tak\u017ee pokud tla\u010d\u00edte t\u011blo na maxim\u00e1ln\u00ed v\u00fdkon v tr\u00e9ninku, jste p\u0159epracovan\u00ed, \u0161patn\u011b se stravujete a m\u00e1te trable v osobn\u00edm \u017eivot\u011b, jste nejlep\u0161\u00edm adeptem na p\u0159etr\u00e9nov\u00e1n\u00ed.<\/p>\n<div class=\"shortcode-ys-post-pinup\"><article class=\"loop-simple post-31769 post type-post status-publish format-standard has-post-thumbnail hentry category-cyklistika tag-bezpecnost tag-bezpecnost-pelotonu tag-cyklistika tag-giro tag-giro-2026 tag-giro-ditalia tag-mauro-vegni tag-nehody tag-zraneni global-categories-cycling\" data-postid=\"31769\" role=\"article\" data-post-id=\"31769\" data-word-count=\"224\" data-headline-length=\"66\" data-category=\"Cyklistika\" data-global-category=\"Cycling\" data-author=\"We Love Cycling\" data-published=\"2025-12-02T15:30:51+02:00\" data-published-day=\"Tuesday\">\n    <div class=\"entry-thumbnail article-thumbnail\" content=\"https:\/\/d2p6e6u75xmxt8.cloudfront.net\/13\/2021\/07\/pady-profimedia-0618356516-150x150.webp\"><a href=\"https:\/\/www.welovecycling.com\/cs\/2025\/12\/02\/proc-je-tolik-nehod-tvoje-smrt-muj-zivot-vysvetluje-legenda\/\" class=\"image-holder\" target=\"_self\"><img decoding=\"async\" loading=\"lazy\" class=\"\" src=\"https:\/\/d2p6e6u75xmxt8.cloudfront.net\/13\/2021\/07\/pady-profimedia-0618356516-1024x675.webp\" srcset=\"https:\/\/d2p6e6u75xmxt8.cloudfront.net\/13\/2021\/07\/pady-profimedia-0618356516.webp 1800w, https:\/\/d2p6e6u75xmxt8.cloudfront.net\/13\/2021\/07\/pady-profimedia-0618356516-300x198.webp 300w, https:\/\/d2p6e6u75xmxt8.cloudfront.net\/13\/2021\/07\/pady-profimedia-0618356516-1024x675.webp 1024w, https:\/\/d2p6e6u75xmxt8.cloudfront.net\/13\/2021\/07\/pady-profimedia-0618356516-768x506.webp 768w, https:\/\/d2p6e6u75xmxt8.cloudfront.net\/13\/2021\/07\/pady-profimedia-0618356516-1536x1013.webp 1536w\" width=\"1024\" height=\"675\" sizes=\"auto, (min-width: 1200px) 304px, (min-width: 768px) 25vw, 100vw\" alt=\"proc-je-tolik-nehod-tvoje-smrt-muj-zivot-vysvetluje-legenda\"\/><\/a><\/div>    <div class=\"entry-meta\">\n        <a class=\"label label-secondary post-category\" href=\"https:\/\/www.welovecycling.com\/cs\/category\/cyklistika\/\" title=\"Cyklistika\">Cyklistika<\/a>\n    <\/div>\n    <div class=\"entry-details\">\n        <a href=\"https:\/\/www.welovecycling.com\/cs\/2025\/12\/02\/proc-je-tolik-nehod-tvoje-smrt-muj-zivot-vysvetluje-legenda\/\" class='entry-title-wrapper'>\n            <h3 class=\"entry-title\"><span>Pro\u010d je tolik nehod? Tvoje smrt, m\u016fj \u017eivot, vysv\u011btluje legenda<\/span><\/h3>\n        <\/a>\n    <\/div>\n    <\/article>\n<\/div>\n<p>P\u0159\u00edznaky jsou p\u0159itom snadno definovateln\u00e9.\u00a0 Slab\u00fd v\u00fdkon p\u0159i stejn\u00e9m charakteru tr\u00e9ninku. Zm\u011bny n\u00e1lady, \u00fazkost, podr\u00e1\u017ed\u011bnost. Nep\u0159edv\u00eddateln\u00e9 n\u00e1valy radosti a smutku. Neur\u010dit\u00e9 \u010di pro v\u00e1s neobvykl\u00e9 fyzick\u00e9 probl\u00e9my. Zv\u00fd\u0161en\u00ed z\u00e1kladn\u00ed tepov\u00e9 frekvence bez objektivn\u00edch d\u016fvod\u016f. N\u00e1hl\u00e1 zm\u011bna hmotnosti a pot\u00ed\u017ee s op\u011btovn\u00fdm dosazen\u00edm ide\u00e1ln\u00ed v\u00e1hy. \u0160patn\u00fd, p\u0159eru\u0161ovan\u00fd \u010di nedostate\u010dn\u00fd sp\u00e1nek, p\u0159i\u010dem\u017e probl\u00e9my nejsou zp\u016fsoben\u00e9 pracovn\u00edmi \u010di rodinn\u00fdmi z\u00e1le\u017eitostmi.<\/p>\n<h2><strong>Pom\u016f\u017ee jedin\u011b odpo\u010dinek<\/strong><\/h2>\n<p>Cel\u00fd proces je dlouhodob\u00fd. Nejprve se dostav\u00ed kr\u00e1tkodob\u00e1 \u00fanava. Snaha poko\u0159it vlastn\u00ed mo\u017enosti nav\u00fd\u0161en\u00edm objemu tr\u00e9ninku \u00fanavu jen prohloub\u00ed. V posledn\u00ed f\u00e1zi poci\u0165ujete \u00fanavu u\u017e permanentn\u011b. C\u00edt\u00edte se vy\u010derpan\u00ed, kdy\u017e r\u00e1no vst\u00e1v\u00e1te, m\u00edsto abyste byli pln\u00ed energie na dal\u0161\u00ed den. B\u011bhem pracovn\u00edho dne se o v\u00e1s \u010dasto pokou\u0161\u00ed sp\u00e1nek, v noci pak m\u00e1te probl\u00e9my se sp\u00e1nkem.<\/p>\n<figure id=\"attachment_31577\" aria-describedby=\"caption-attachment-31577\" style=\"width: 1920px\" class=\"wp-caption alignnone\"><a href=\"https:\/\/d2p6e6u75xmxt8.cloudfront.net\/13\/2025\/11\/FullSizeRender-2-scaled.webp\"><img loading=\"lazy\" decoding=\"async\" class=\"size-extra-large wp-image-31577\" src=\"https:\/\/d2p6e6u75xmxt8.cloudfront.net\/13\/2025\/11\/FullSizeRender-2-1920x1440.webp\" alt=\"\" width=\"1920\" height=\"1440\" srcset=\"https:\/\/d2p6e6u75xmxt8.cloudfront.net\/13\/2025\/11\/FullSizeRender-2-1920x1440.webp 1920w, https:\/\/d2p6e6u75xmxt8.cloudfront.net\/13\/2025\/11\/FullSizeRender-2-300x225.webp 300w, https:\/\/d2p6e6u75xmxt8.cloudfront.net\/13\/2025\/11\/FullSizeRender-2-1024x768.webp 1024w, https:\/\/d2p6e6u75xmxt8.cloudfront.net\/13\/2025\/11\/FullSizeRender-2-768x576.webp 768w, https:\/\/d2p6e6u75xmxt8.cloudfront.net\/13\/2025\/11\/FullSizeRender-2-1536x1152.webp 1536w, https:\/\/d2p6e6u75xmxt8.cloudfront.net\/13\/2025\/11\/FullSizeRender-2-2048x1536.webp 2048w, https:\/\/d2p6e6u75xmxt8.cloudfront.net\/13\/2025\/11\/FullSizeRender-2-400x300.webp 400w, https:\/\/d2p6e6u75xmxt8.cloudfront.net\/13\/2025\/11\/FullSizeRender-2-1920x1440.webp 1920w\" sizes=\"auto, (max-width: 1920px) 100vw, 1920px\" \/><\/a><figcaption id=\"caption-attachment-31577\" class=\"wp-caption-text\"><em>P\u0159ehnan\u00fd objem tr\u00e9ninku m\u016f\u017ee znamenat p\u0159etr\u00e9nov\u00e1n\u00ed&#8230;<\/em><\/figcaption><\/figure>\n<p>A jak ze stavu, kdy jste p\u0159etr\u00e9novan\u00ed? Jedin\u011b odpo\u010dinkem. Jen\u017ee podle studi\u00ed je t\u0159eba dlouh\u00e1 cesta. Minim\u00e1ln\u00ed doporu\u010den\u00e1 d\u00e9lka \u00fapln\u00e9 relaxace je p\u011bt pracovn\u00edch dn\u016f. Z\u00e1le\u017e\u00ed pochopiteln\u011b, jak moc jste p\u0159etr\u00e9novan\u00ed. Probl\u00e9m je, \u017ee pracovn\u00ed povinnosti, pokud neza\u010dnete \u010derpat dovolenou, odst\u0159ihnout nem\u016f\u017eete. A rodinn\u00fd \u017eivot v\u011bt\u0161inou tak\u00e9 ne.<\/p>\n<p>Tud\u00ed\u017e pro \u00fapln\u00fd restart pot\u0159ebujete t\u0159eba p\u011bt t\u00fddn\u016f. N\u011bkdy i v\u00edce. Fyzick\u00e1 kondice v takov\u00e9m p\u0159\u00edpad\u011b dramaticky utrp\u00ed. Je proto vhodn\u00e9 velmi pe\u010dliv\u011b db\u00e1t na <a href=\"https:\/\/www.welovecycling.com\/cs\/2022\/08\/12\/odpocinek-a-cyklisticky-trenink-kolik-dnu-v-tydnu-si-dat-pauzu\/\">odpo\u010dinek b\u011bhem tr\u00e9ninkov\u00e9ho procesu<\/a>, proto\u017ee jeden \u010di dva p\u0159edepsan\u00e9 odpo\u010dinkov\u00e9 dny v\u00e1s mohou v kone\u010dn\u00e9m d\u016fsledku posunout bl\u00ed\u017ee vysn\u011bn\u00e9 form\u011b, zat\u00edmco p\u0159etr\u00e9nov\u00e1n\u00ed a n\u00e1sledn\u00e1 pauza trvaj\u00edc\u00ed n\u011bkolik t\u00fddn\u016f, va\u0161e ambice zcela sraz\u00ed.<\/p>\n<p><em>Tituln\u00ed foto: Michal \u010cerven\u00fd<\/em><\/p>\n","protected":false},"excerpt":{"rendered":"<p>Tr\u00e9nink a zase tr\u00e9nink. V touze po zlep\u0161en\u00ed v\u00fdkon\u016f mnoho sportovc\u016f d\u0159e t\u011blo do \u00famoru. A zapom\u00edn\u00e1, \u017ee je pot\u0159eba [&hellip;]<\/p>\n","protected":false},"author":138,"featured_media":15271,"comment_status":"open","ping_status":"open","sticky":false,"template":"","format":"standard","meta":{"footnotes":""},"categories":[6],"tags":[126,2001,56,4464,9,27,28,67],"global-categories":[411],"class_list":["post-31843","post","type-post","status-publish","format-standard","has-post-thumbnail","hentry","category-zdravi-a-trenink","tag-cyklistika","tag-gravel","tag-horska-cyklistika","tag-pretrenovani","tag-silnicni-cyklistika","tag-trenink","tag-zdravi","tag-zdravi-a-trenink","global-categories-cycling"],"yoast_head":"<!-- This site is optimized with the Yoast SEO Premium plugin v25.3 (Yoast SEO v25.9) - https:\/\/yoast.com\/wordpress\/plugins\/seo\/ -->\n<title>Jak poznat, \u017ee jste p\u0159etr\u00e9novan\u00ed? | \u0160koda We Love Cycling - \u010cesk\u00e1 republika<\/title>\n<meta name=\"description\" content=\"Tr\u00e9nink a zase tr\u00e9nink. V touze po zlep\u0161en\u00ed v\u00fdkon\u016f mnoho sportovc\u016f d\u0159e t\u011blo do \u00famoru. A zapom\u00edn\u00e1, \u017ee je pot\u0159eba dop\u0159\u00e1t si i odpo\u010dinek. Jen\u017ee n\u011bkdy nejde o pouhou \u00fanavu. Ob\u010das toti\u017e zajdete p\u0159\u00edli\u0161 daleko a jste p\u0159etr\u00e9novan\u00ed. Nej\u010dast\u011bji se tenhle stav objev\u00ed v p\u0159\u00edpravn\u00e9m obdob\u00ed.\" \/>\n<meta name=\"robots\" content=\"index, follow, max-snippet:-1, max-image-preview:large, max-video-preview:-1\" \/>\n<link rel=\"canonical\" href=\"https:\/\/www.welovecycling.com\/cs\/2025\/12\/10\/jak-poznat-ze-jste-pretrenovani\/\" \/>\n<meta property=\"og:locale\" content=\"cs_CZ\" \/>\n<meta property=\"og:type\" content=\"article\" \/>\n<meta property=\"og:title\" content=\"Jak poznat, \u017ee jste p\u0159etr\u00e9novan\u00ed?\" \/>\n<meta property=\"og:description\" content=\"Tr\u00e9nink a zase tr\u00e9nink. V touze po zlep\u0161en\u00ed v\u00fdkon\u016f mnoho sportovc\u016f d\u0159e t\u011blo do \u00famoru. A zapom\u00edn\u00e1, \u017ee je pot\u0159eba dop\u0159\u00e1t si i odpo\u010dinek. Jen\u017ee n\u011bkdy nejde o pouhou \u00fanavu. Ob\u010das toti\u017e zajdete p\u0159\u00edli\u0161 daleko a jste p\u0159etr\u00e9novan\u00ed. Nej\u010dast\u011bji se tenhle stav objev\u00ed v p\u0159\u00edpravn\u00e9m obdob\u00ed.\" \/>\n<meta property=\"og:url\" content=\"https:\/\/www.welovecycling.com\/cs\/2025\/12\/10\/jak-poznat-ze-jste-pretrenovani\/\" \/>\n<meta property=\"og:site_name\" content=\"\u0160koda We Love Cycling - \u010cesk\u00e1 republika\" \/>\n<meta property=\"article:published_time\" content=\"2025-12-10T09:54:03+00:00\" \/>\n<meta property=\"og:image\" content=\"https:\/\/d2p6e6u75xmxt8.cloudfront.net\/13\/2021\/11\/wlc-unava-cerveny.webp\" \/>\n\t<meta property=\"og:image:width\" content=\"1600\" \/>\n\t<meta property=\"og:image:height\" content=\"1067\" \/>\n\t<meta property=\"og:image:type\" content=\"image\/webp\" \/>\n<meta name=\"author\" content=\"radekmalina\" \/>\n<meta name=\"twitter:card\" content=\"summary_large_image\" \/>\n<meta name=\"twitter:label1\" content=\"Written by\" \/>\n\t<meta name=\"twitter:data1\" content=\"We Love Cycling\" \/>\n\t<meta name=\"twitter:label2\" content=\"Est. reading time\" \/>\n\t<meta name=\"twitter:data2\" content=\"5\" \/>\n<script type=\"application\/ld+json\" class=\"yoast-schema-graph\">{\"@context\":\"https:\/\/schema.org\",\"@graph\":[{\"@type\":\"WebPage\",\"@id\":\"https:\/\/www.welovecycling.com\/cs\/2025\/12\/10\/jak-poznat-ze-jste-pretrenovani\/\",\"url\":\"https:\/\/www.welovecycling.com\/cs\/2025\/12\/10\/jak-poznat-ze-jste-pretrenovani\/\",\"name\":\"Jak poznat, \u017ee jste p\u0159etr\u00e9novan\u00ed? | \u0160koda We Love Cycling - \u010cesk\u00e1 republika\",\"isPartOf\":{\"@id\":\"https:\/\/www.welovecycling.com\/cs\/#website\"},\"primaryImageOfPage\":{\"@id\":\"https:\/\/www.welovecycling.com\/cs\/2025\/12\/10\/jak-poznat-ze-jste-pretrenovani\/#primaryimage\"},\"image\":{\"@id\":\"https:\/\/www.welovecycling.com\/cs\/2025\/12\/10\/jak-poznat-ze-jste-pretrenovani\/#primaryimage\"},\"thumbnailUrl\":\"https:\/\/d2p6e6u75xmxt8.cloudfront.net\/13\/2021\/11\/wlc-unava-cerveny.webp\",\"datePublished\":\"2025-12-10T09:54:03+00:00\",\"author\":{\"@id\":\"https:\/\/www.welovecycling.com\/cs\/#\/schema\/person\/d9eeb0a378f3a7e4a6d12d2b536b04b8\"},\"description\":\"Tr\u00e9nink a zase tr\u00e9nink. V touze po zlep\u0161en\u00ed v\u00fdkon\u016f mnoho sportovc\u016f d\u0159e t\u011blo do \u00famoru. A zapom\u00edn\u00e1, \u017ee je pot\u0159eba dop\u0159\u00e1t si i odpo\u010dinek. Jen\u017ee n\u011bkdy nejde o pouhou \u00fanavu. Ob\u010das toti\u017e zajdete p\u0159\u00edli\u0161 daleko a jste p\u0159etr\u00e9novan\u00ed. Nej\u010dast\u011bji se tenhle stav objev\u00ed v p\u0159\u00edpravn\u00e9m obdob\u00ed.\",\"inLanguage\":\"cs\",\"potentialAction\":[{\"@type\":\"ReadAction\",\"target\":[\"https:\/\/www.welovecycling.com\/cs\/2025\/12\/10\/jak-poznat-ze-jste-pretrenovani\/\"]}]},{\"@type\":\"ImageObject\",\"inLanguage\":\"cs\",\"@id\":\"https:\/\/www.welovecycling.com\/cs\/2025\/12\/10\/jak-poznat-ze-jste-pretrenovani\/#primaryimage\",\"url\":\"https:\/\/d2p6e6u75xmxt8.cloudfront.net\/13\/2021\/11\/wlc-unava-cerveny.webp\",\"contentUrl\":\"https:\/\/d2p6e6u75xmxt8.cloudfront.net\/13\/2021\/11\/wlc-unava-cerveny.webp\",\"width\":1600,\"height\":1067,\"caption\":\"Vyhodnotit intenzitu lze i na z\u00e1klad\u011b subjektivn\u00edho pocitu bez modern\u00edch m\u011b\u0159\u00ed\u010d\u016f. P\u0159etr\u00e9nov\u00e1n\u00ed se tak p\u0159edejde\"},{\"@type\":\"WebSite\",\"@id\":\"https:\/\/www.welovecycling.com\/cs\/#website\",\"url\":\"https:\/\/www.welovecycling.com\/cs\/\",\"name\":\"\u0160koda We Love Cycling - \u010cesk\u00e1 republika\",\"description\":\"WeLoveCycling.cz je online magaz\u00edn, kter\u00fd v\u00e1m pravideln\u011b p\u0159in\u00e1\u0161\u00ed rady a tipy, zaj\u00edmav\u00e9 \u010dl\u00e1nky, videa a jedine\u010dn\u00e9 report\u00e1\u017ee ze sv\u011bta cyklistiky.\",\"potentialAction\":[{\"@type\":\"SearchAction\",\"target\":{\"@type\":\"EntryPoint\",\"urlTemplate\":\"https:\/\/www.welovecycling.com\/cs\/?s={search_term_string}\"},\"query-input\":{\"@type\":\"PropertyValueSpecification\",\"valueRequired\":true,\"valueName\":\"search_term_string\"}}],\"inLanguage\":\"cs\"},{\"@type\":\"Person\",\"@id\":\"https:\/\/www.welovecycling.com\/cs\/#\/schema\/person\/d9eeb0a378f3a7e4a6d12d2b536b04b8\",\"name\":\"radekmalina\",\"image\":{\"@type\":\"ImageObject\",\"inLanguage\":\"cs\",\"@id\":\"https:\/\/www.welovecycling.com\/cs\/#\/schema\/person\/image\/\",\"url\":\"https:\/\/secure.gravatar.com\/avatar\/66994b632cb8c39a46b9f54afa3ae07201b678d32a54275b6f1c9ffec356bfc0?s=96&d=mm&r=g\",\"contentUrl\":\"https:\/\/secure.gravatar.com\/avatar\/66994b632cb8c39a46b9f54afa3ae07201b678d32a54275b6f1c9ffec356bfc0?s=96&d=mm&r=g\",\"caption\":\"radekmalina\"},\"url\":\"https:\/\/www.welovecycling.com\/cs\/author\/radekmalina\/\"}]}<\/script>\n<!-- \/ Yoast SEO Premium plugin. -->","yoast_head_json":{"title":"Jak poznat, \u017ee jste p\u0159etr\u00e9novan\u00ed? | \u0160koda We Love Cycling - \u010cesk\u00e1 republika","description":"Tr\u00e9nink a zase tr\u00e9nink. V touze po zlep\u0161en\u00ed v\u00fdkon\u016f mnoho sportovc\u016f d\u0159e t\u011blo do \u00famoru. A zapom\u00edn\u00e1, \u017ee je pot\u0159eba dop\u0159\u00e1t si i odpo\u010dinek. Jen\u017ee n\u011bkdy nejde o pouhou \u00fanavu. Ob\u010das toti\u017e zajdete p\u0159\u00edli\u0161 daleko a jste p\u0159etr\u00e9novan\u00ed. Nej\u010dast\u011bji se tenhle stav objev\u00ed v p\u0159\u00edpravn\u00e9m obdob\u00ed.","robots":{"index":"index","follow":"follow","max-snippet":"max-snippet:-1","max-image-preview":"max-image-preview:large","max-video-preview":"max-video-preview:-1"},"canonical":"https:\/\/www.welovecycling.com\/cs\/2025\/12\/10\/jak-poznat-ze-jste-pretrenovani\/","og_locale":"cs_CZ","og_type":"article","og_title":"Jak poznat, \u017ee jste p\u0159etr\u00e9novan\u00ed?","og_description":"Tr\u00e9nink a zase tr\u00e9nink. V touze po zlep\u0161en\u00ed v\u00fdkon\u016f mnoho sportovc\u016f d\u0159e t\u011blo do \u00famoru. A zapom\u00edn\u00e1, \u017ee je pot\u0159eba dop\u0159\u00e1t si i odpo\u010dinek. Jen\u017ee n\u011bkdy nejde o pouhou \u00fanavu. Ob\u010das toti\u017e zajdete p\u0159\u00edli\u0161 daleko a jste p\u0159etr\u00e9novan\u00ed. Nej\u010dast\u011bji se tenhle stav objev\u00ed v p\u0159\u00edpravn\u00e9m obdob\u00ed.","og_url":"https:\/\/www.welovecycling.com\/cs\/2025\/12\/10\/jak-poznat-ze-jste-pretrenovani\/","og_site_name":"\u0160koda We Love Cycling - \u010cesk\u00e1 republika","article_published_time":"2025-12-10T09:54:03+00:00","og_image":[{"width":1600,"height":1067,"url":"https:\/\/d2p6e6u75xmxt8.cloudfront.net\/13\/2021\/11\/wlc-unava-cerveny.webp","type":"image\/webp"}],"author":"radekmalina","twitter_card":"summary_large_image","twitter_misc":{"Written by":"We Love Cycling","Est. reading time":"5"},"schema":{"@context":"https:\/\/schema.org","@graph":[{"@type":"WebPage","@id":"https:\/\/www.welovecycling.com\/cs\/2025\/12\/10\/jak-poznat-ze-jste-pretrenovani\/","url":"https:\/\/www.welovecycling.com\/cs\/2025\/12\/10\/jak-poznat-ze-jste-pretrenovani\/","name":"Jak poznat, \u017ee jste p\u0159etr\u00e9novan\u00ed? | \u0160koda We Love Cycling - \u010cesk\u00e1 republika","isPartOf":{"@id":"https:\/\/www.welovecycling.com\/cs\/#website"},"primaryImageOfPage":{"@id":"https:\/\/www.welovecycling.com\/cs\/2025\/12\/10\/jak-poznat-ze-jste-pretrenovani\/#primaryimage"},"image":{"@id":"https:\/\/www.welovecycling.com\/cs\/2025\/12\/10\/jak-poznat-ze-jste-pretrenovani\/#primaryimage"},"thumbnailUrl":"https:\/\/d2p6e6u75xmxt8.cloudfront.net\/13\/2021\/11\/wlc-unava-cerveny.webp","datePublished":"2025-12-10T09:54:03+00:00","author":{"@id":"https:\/\/www.welovecycling.com\/cs\/#\/schema\/person\/d9eeb0a378f3a7e4a6d12d2b536b04b8"},"description":"Tr\u00e9nink a zase tr\u00e9nink. V touze po zlep\u0161en\u00ed v\u00fdkon\u016f mnoho sportovc\u016f d\u0159e t\u011blo do \u00famoru. A zapom\u00edn\u00e1, \u017ee je pot\u0159eba dop\u0159\u00e1t si i odpo\u010dinek. Jen\u017ee n\u011bkdy nejde o pouhou \u00fanavu. Ob\u010das toti\u017e zajdete p\u0159\u00edli\u0161 daleko a jste p\u0159etr\u00e9novan\u00ed. Nej\u010dast\u011bji se tenhle stav objev\u00ed v p\u0159\u00edpravn\u00e9m obdob\u00ed.","inLanguage":"cs","potentialAction":[{"@type":"ReadAction","target":["https:\/\/www.welovecycling.com\/cs\/2025\/12\/10\/jak-poznat-ze-jste-pretrenovani\/"]}]},{"@type":"ImageObject","inLanguage":"cs","@id":"https:\/\/www.welovecycling.com\/cs\/2025\/12\/10\/jak-poznat-ze-jste-pretrenovani\/#primaryimage","url":"https:\/\/d2p6e6u75xmxt8.cloudfront.net\/13\/2021\/11\/wlc-unava-cerveny.webp","contentUrl":"https:\/\/d2p6e6u75xmxt8.cloudfront.net\/13\/2021\/11\/wlc-unava-cerveny.webp","width":1600,"height":1067,"caption":"Vyhodnotit intenzitu lze i na z\u00e1klad\u011b subjektivn\u00edho pocitu bez modern\u00edch m\u011b\u0159\u00ed\u010d\u016f. P\u0159etr\u00e9nov\u00e1n\u00ed se tak p\u0159edejde"},{"@type":"WebSite","@id":"https:\/\/www.welovecycling.com\/cs\/#website","url":"https:\/\/www.welovecycling.com\/cs\/","name":"\u0160koda We Love Cycling - \u010cesk\u00e1 republika","description":"WeLoveCycling.cz je online magaz\u00edn, kter\u00fd v\u00e1m pravideln\u011b p\u0159in\u00e1\u0161\u00ed rady a tipy, zaj\u00edmav\u00e9 \u010dl\u00e1nky, videa a jedine\u010dn\u00e9 report\u00e1\u017ee ze sv\u011bta cyklistiky.","potentialAction":[{"@type":"SearchAction","target":{"@type":"EntryPoint","urlTemplate":"https:\/\/www.welovecycling.com\/cs\/?s={search_term_string}"},"query-input":{"@type":"PropertyValueSpecification","valueRequired":true,"valueName":"search_term_string"}}],"inLanguage":"cs"},{"@type":"Person","@id":"https:\/\/www.welovecycling.com\/cs\/#\/schema\/person\/d9eeb0a378f3a7e4a6d12d2b536b04b8","name":"radekmalina","image":{"@type":"ImageObject","inLanguage":"cs","@id":"https:\/\/www.welovecycling.com\/cs\/#\/schema\/person\/image\/","url":"https:\/\/secure.gravatar.com\/avatar\/66994b632cb8c39a46b9f54afa3ae07201b678d32a54275b6f1c9ffec356bfc0?s=96&d=mm&r=g","contentUrl":"https:\/\/secure.gravatar.com\/avatar\/66994b632cb8c39a46b9f54afa3ae07201b678d32a54275b6f1c9ffec356bfc0?s=96&d=mm&r=g","caption":"radekmalina"},"url":"https:\/\/www.welovecycling.com\/cs\/author\/radekmalina\/"}]}},"_links":{"self":[{"href":"https:\/\/www.welovecycling.com\/cs\/wp-json\/wp\/v2\/posts\/31843","targetHints":{"allow":["GET"]}}],"collection":[{"href":"https:\/\/www.welovecycling.com\/cs\/wp-json\/wp\/v2\/posts"}],"about":[{"href":"https:\/\/www.welovecycling.com\/cs\/wp-json\/wp\/v2\/types\/post"}],"author":[{"embeddable":true,"href":"https:\/\/www.welovecycling.com\/cs\/wp-json\/wp\/v2\/users\/138"}],"replies":[{"embeddable":true,"href":"https:\/\/www.welovecycling.com\/cs\/wp-json\/wp\/v2\/comments?post=31843"}],"version-history":[{"count":1,"href":"https:\/\/www.welovecycling.com\/cs\/wp-json\/wp\/v2\/posts\/31843\/revisions"}],"predecessor-version":[{"id":31844,"href":"https:\/\/www.welovecycling.com\/cs\/wp-json\/wp\/v2\/posts\/31843\/revisions\/31844"}],"wp:featuredmedia":[{"embeddable":true,"href":"https:\/\/www.welovecycling.com\/cs\/wp-json\/wp\/v2\/media\/15271"}],"wp:attachment":[{"href":"https:\/\/www.welovecycling.com\/cs\/wp-json\/wp\/v2\/media?parent=31843"}],"wp:term":[{"taxonomy":"category","embeddable":true,"href":"https:\/\/www.welovecycling.com\/cs\/wp-json\/wp\/v2\/categories?post=31843"},{"taxonomy":"post_tag","embeddable":true,"href":"https:\/\/www.welovecycling.com\/cs\/wp-json\/wp\/v2\/tags?post=31843"},{"taxonomy":"global-categories","embeddable":true,"href":"https:\/\/www.welovecycling.com\/cs\/wp-json\/wp\/v2\/global-categories?post=31843"}],"curies":[{"name":"wp","href":"https:\/\/api.w.org\/{rel}","templated":true}]}}