{"id":31820,"date":"2025-12-08T17:46:55","date_gmt":"2025-12-08T15:46:55","guid":{"rendered":"https:\/\/www.welovecycling.com\/cs\/?p=31820"},"modified":"2025-12-09T08:32:13","modified_gmt":"2025-12-09T06:32:13","slug":"vanocni-darek-za-4-miliony-kolo-co-pouzival-tadej","status":"publish","type":"post","link":"https:\/\/www.welovecycling.com\/cs\/2025\/12\/08\/vanocni-darek-za-4-miliony-kolo-co-pouzival-tadej\/","title":{"rendered":"V\u00e1no\u010dn\u00ed d\u00e1rek za 4 miliony?! Kolo, co pou\u017e\u00edval Tadej"},"content":{"rendered":"<p><strong>Sv\u011bt se zbl\u00e1znil! Nebo p\u0159esn\u011bji n\u011bkdo se zbl\u00e1znil? A pak je tu je\u0161t\u011b t\u0159et\u00ed varianta: n\u011bkdo si ud\u011blal kr\u00e1sn\u00e9 V\u00e1noce! Na\u0161el se toti\u017e kupec, co tuze st\u00e1l o kolo, na n\u011bm\u017e Tadej Poga\u010dar z t\u00fdmu UAE Emirates rozhodl o v\u00edt\u011bzstv\u00ed na Tour de France 2025! Nic divn\u00e9ho, kdyby za kolo nezaplatil desetin\u00e1sobek jeho ceny&#8230;<\/strong><\/p>\n<p>T\u0159in\u00e1ct\u00e1 etapa Tour de France 2025. Tadej Poga\u010dar, Slovinec v dresu UAE Emirates XRG, se na start \u010dasovky dlouh\u00e9 10,9 kilometr\u016f z Loudenvielle do Pyragudes postav\u00ed se speci\u00e1ln\u00edm kolem. Sed\u00ed na Colnagu Y1R vyroben\u00e9m pr\u00e1v\u011b pro horskou \u010dasovku.<\/p>\n<p>Kolo m\u00e1 speci\u00e1ln\u00ed povrchovou \u00fapravu v podob\u011b surov\u00e9ho karbonu, jen na konci horn\u00ed r\u00e1mov\u00e9 trubky je duhov\u00fd p\u0159eliv p\u0159ipom\u00ednaj\u00edc\u00ed, \u017ee majitelem je mistr sv\u011bta. Snoub\u00ed to nejlep\u0161\u00ed ze sv\u011bta aerodynamiky p\u0159i minim\u00e1ln\u00ed hmotnosti. V\u00e1ha kola byla 6,9 kilogramu. Na laku, kter\u00fd nebyl pou\u017eit, u\u0161et\u0159il Tadej Poga\u010dar \u00fadajn\u011b 200 gram\u016f v\u00e1hy. Slovinec \u010dasovku vyhraje a potvrd\u00ed veden\u00ed v z\u00e1vod\u011b.<\/p>\n<figure id=\"attachment_31821\" aria-describedby=\"caption-attachment-31821\" style=\"width: 1920px\" class=\"wp-caption alignnone\"><a href=\"https:\/\/d2p6e6u75xmxt8.cloudfront.net\/13\/2025\/12\/20250724TDF2140-scaled.webp\"><img loading=\"lazy\" decoding=\"async\" class=\"size-extra-large wp-image-31821\" src=\"https:\/\/d2p6e6u75xmxt8.cloudfront.net\/13\/2025\/12\/20250724TDF2140-1920x1284.webp\" alt=\"\" width=\"1920\" height=\"1284\" srcset=\"https:\/\/d2p6e6u75xmxt8.cloudfront.net\/13\/2025\/12\/20250724TDF2140-1920x1284.webp 1920w, https:\/\/d2p6e6u75xmxt8.cloudfront.net\/13\/2025\/12\/20250724TDF2140-300x201.webp 300w, https:\/\/d2p6e6u75xmxt8.cloudfront.net\/13\/2025\/12\/20250724TDF2140-1024x685.webp 1024w, https:\/\/d2p6e6u75xmxt8.cloudfront.net\/13\/2025\/12\/20250724TDF2140-768x514.webp 768w, https:\/\/d2p6e6u75xmxt8.cloudfront.net\/13\/2025\/12\/20250724TDF2140-1536x1027.webp 1536w, https:\/\/d2p6e6u75xmxt8.cloudfront.net\/13\/2025\/12\/20250724TDF2140-2048x1370.webp 2048w, https:\/\/d2p6e6u75xmxt8.cloudfront.net\/13\/2025\/12\/20250724TDF2140-400x268.webp 400w, https:\/\/d2p6e6u75xmxt8.cloudfront.net\/13\/2025\/12\/20250724TDF2140-272x182.webp 272w, https:\/\/d2p6e6u75xmxt8.cloudfront.net\/13\/2025\/12\/20250724TDF2140-1920x1284.webp 1920w\" sizes=\"auto, (max-width: 1920px) 100vw, 1920px\" \/><\/a><figcaption id=\"caption-attachment-31821\" class=\"wp-caption-text\"><em>Tadej Poga\u010dar p\u0159i v\u00fdstupu na Col de la Loze v 18. etap\u011b Tour de France 2025.<\/em><\/figcaption><\/figure>\n<p>Tadej Poga\u010dar si kolo natolik obl\u00edb\u00ed, \u017ee je vyu\u017eije je\u0161t\u011b n\u011bkolikr\u00e1t v pr\u016fb\u011bhu z\u00e1vodu. Nejprve p\u0159i v\u00fdstupu na Mont Ventoux, pozd\u011bji v etap\u011b na Col de la Loze.<\/p>\n<figure id=\"attachment_31831\" aria-describedby=\"caption-attachment-31831\" style=\"width: 1174px\" class=\"wp-caption alignnone\"><a href=\"https:\/\/d2p6e6u75xmxt8.cloudfront.net\/13\/2025\/12\/pogacar-kolo.webp\"><img loading=\"lazy\" decoding=\"async\" class=\"size-full wp-image-31831\" src=\"https:\/\/d2p6e6u75xmxt8.cloudfront.net\/13\/2025\/12\/pogacar-kolo.webp\" alt=\"\" width=\"1174\" height=\"781\" srcset=\"https:\/\/d2p6e6u75xmxt8.cloudfront.net\/13\/2025\/12\/pogacar-kolo.webp 1174w, https:\/\/d2p6e6u75xmxt8.cloudfront.net\/13\/2025\/12\/pogacar-kolo-300x200.webp 300w, https:\/\/d2p6e6u75xmxt8.cloudfront.net\/13\/2025\/12\/pogacar-kolo-1024x681.webp 1024w, https:\/\/d2p6e6u75xmxt8.cloudfront.net\/13\/2025\/12\/pogacar-kolo-768x511.webp 768w, https:\/\/d2p6e6u75xmxt8.cloudfront.net\/13\/2025\/12\/pogacar-kolo-400x266.webp 400w, https:\/\/d2p6e6u75xmxt8.cloudfront.net\/13\/2025\/12\/pogacar-kolo-272x182.webp 272w\" sizes=\"auto, (max-width: 1174px) 100vw, 1174px\" \/><\/a><figcaption id=\"caption-attachment-31831\" class=\"wp-caption-text\"><em>Detail kola, kter\u00e9 pou\u017eil Tadej Poga\u010dar na Tour de France 2025 a v prosinci bylo prod\u00e1no v aukci za 4 miliony korun.<\/em><\/figcaption><\/figure>\n<p>Kolo z Tour de France z\u016fstalo v tov\u00e1rn\u011b italsk\u00e9ho v\u00fdrobce. Slovinec pak v\u011brnou kopii pou\u017eil p\u0159i v\u00edt\u011bzstv\u00ed na mistrovstv\u00ed sv\u011bta v Kigali \u010di Monumentu Kolem Lombardie.<\/p>\n<h2><strong>Tadej zaostal za rekordem o 300 tis\u00edc dolar\u016f<\/strong><\/h2>\n<p>V\u00edt\u011bzn\u00fd stroj z Tour de France putoval do dra\u017eby v renomovan\u00e9 auk\u010dn\u00ed s\u00edni Sotheby&#8217;s. Aukce, kter\u00e1 za\u010dala v pond\u011bl\u00ed 1. prosince a skon\u010dila 5. prosince, vysoce p\u0159ed\u010dila ve\u0161ker\u00e1 o\u010dek\u00e1v\u00e1n\u00ed.<\/p>\n<div class=\"shortcode-ys-post-pinup\"><article class=\"loop-simple post-31760 post type-post status-publish format-standard has-post-thumbnail hentry category-https-www-welovecycling-com-cs-category-zabava tag-cyklistika tag-gravel tag-horska-cyklistika tag-silnicni-cyklistika tag-tipy-na-vanocni-darek tag-trenink tag-vanocni-darek global-categories-cycling\" data-postid=\"31760\" role=\"article\" data-post-id=\"31760\" data-word-count=\"775\" data-headline-length=\"25\" data-category=\"Z\u00c1BAVA\" data-global-category=\"Cycling\" data-author=\"We Love Cycling\" data-published=\"2025-12-01T13:00:05+02:00\" data-published-day=\"Monday\">\n    <div class=\"entry-thumbnail article-thumbnail\" content=\"https:\/\/d2p6e6u75xmxt8.cloudfront.net\/13\/2025\/12\/profimedia-1054499355-150x150.webp\"><a href=\"https:\/\/www.welovecycling.com\/cs\/2025\/12\/01\/tipy-na-vanocni-darky\/\" class=\"image-holder\" target=\"_self\"><img decoding=\"async\" loading=\"lazy\" class=\"\" src=\"https:\/\/d2p6e6u75xmxt8.cloudfront.net\/13\/2025\/12\/profimedia-1054499355-1024x683.webp\" srcset=\"https:\/\/d2p6e6u75xmxt8.cloudfront.net\/13\/2025\/12\/profimedia-1054499355.webp 1800w, https:\/\/d2p6e6u75xmxt8.cloudfront.net\/13\/2025\/12\/profimedia-1054499355-300x200.webp 300w, https:\/\/d2p6e6u75xmxt8.cloudfront.net\/13\/2025\/12\/profimedia-1054499355-1024x683.webp 1024w, https:\/\/d2p6e6u75xmxt8.cloudfront.net\/13\/2025\/12\/profimedia-1054499355-768x512.webp 768w, https:\/\/d2p6e6u75xmxt8.cloudfront.net\/13\/2025\/12\/profimedia-1054499355-1536x1025.webp 1536w, https:\/\/d2p6e6u75xmxt8.cloudfront.net\/13\/2025\/12\/profimedia-1054499355-400x267.webp 400w, https:\/\/d2p6e6u75xmxt8.cloudfront.net\/13\/2025\/12\/profimedia-1054499355-272x182.webp 272w\" width=\"1024\" height=\"683\" sizes=\"auto, (min-width: 1200px) 300px, (min-width: 768px) 25vw, 100vw\" alt=\"tipy-na-vanocni-darky\"\/><\/a><\/div>    <div class=\"entry-meta\">\n        <a class=\"label label-secondary post-category\" href=\"https:\/\/www.welovecycling.com\/cs\/category\/https-www-welovecycling-com-cs-category-zabava\/\" title=\"Z\u00c1BAVA\">Z\u00c1BAVA<\/a>\n    <\/div>\n    <div class=\"entry-details\">\n        <a href=\"https:\/\/www.welovecycling.com\/cs\/2025\/12\/01\/tipy-na-vanocni-darky\/\" class='entry-title-wrapper'>\n            <h3 class=\"entry-title\"><span>Tipy na v\u00e1no\u010dn\u00ed d\u00e1rky<\/span><\/h3>\n        <\/a>\n    <\/div>\n    <\/article>\n<\/div>\n<p>Prodejn\u00ed cena kola je p\u0159ibli\u017en\u011b v p\u0159epo\u010dtu na \u010desk\u00e9 koruny t\u0159i sta tis\u00edc. Auk\u010dn\u00ed s\u00ed\u0148 o\u010dek\u00e1vala, \u017ee kolo prod\u00e1 za patn\u00e1ct a\u017e dvacet tis\u00edc dolar\u016f, tedy p\u0159ibli\u017en\u011b 400 tis\u00edc korun. Jen\u017ee u\u017e v \u00favodn\u00edch hodin\u00e1ch n\u011bkdo nab\u00eddl \u010d\u00e1stku rovnaj\u00edc\u00ed se kone\u010dn\u00e9mu p\u0159edpokladu. Den p\u0159ed uzav\u0159en\u00edm aukce \u010dinila nejvy\u0161\u0161\u00ed nab\u00eddka v p\u0159epo\u010dtu 1,5 milionu korun. A v\u00fdsledek? N\u011bkdo za kolo, co na n\u011bm <a href=\"https:\/\/www.welovecycling.com\/cs\/2025\/07\/22\/tadej-pogacar-a-jeho-tajemstvi\/\">Tadej Poga\u010dar<\/a> potvrdil svoji v\u00fdjime\u010dnost, zaplatil neuv\u011b\u0159iteln\u00fdch 190 500 dolar\u016f, tedy v p\u0159epo\u010dtu 3 962 000 korun!<\/p>\n<figure id=\"attachment_31827\" aria-describedby=\"caption-attachment-31827\" style=\"width: 1200px\" class=\"wp-caption alignnone\"><a href=\"https:\/\/d2p6e6u75xmxt8.cloudfront.net\/13\/2025\/12\/trek-butterfly-madone-1200x1200-1.webp\"><img loading=\"lazy\" decoding=\"async\" class=\"size-full wp-image-31827\" src=\"https:\/\/d2p6e6u75xmxt8.cloudfront.net\/13\/2025\/12\/trek-butterfly-madone-1200x1200-1.webp\" alt=\"\" width=\"1200\" height=\"1200\" srcset=\"https:\/\/d2p6e6u75xmxt8.cloudfront.net\/13\/2025\/12\/trek-butterfly-madone-1200x1200-1.webp 1200w, https:\/\/d2p6e6u75xmxt8.cloudfront.net\/13\/2025\/12\/trek-butterfly-madone-1200x1200-1-300x300.webp 300w, https:\/\/d2p6e6u75xmxt8.cloudfront.net\/13\/2025\/12\/trek-butterfly-madone-1200x1200-1-1024x1024.webp 1024w, https:\/\/d2p6e6u75xmxt8.cloudfront.net\/13\/2025\/12\/trek-butterfly-madone-1200x1200-1-150x150.webp 150w, https:\/\/d2p6e6u75xmxt8.cloudfront.net\/13\/2025\/12\/trek-butterfly-madone-1200x1200-1-768x768.webp 768w, https:\/\/d2p6e6u75xmxt8.cloudfront.net\/13\/2025\/12\/trek-butterfly-madone-1200x1200-1-400x400.webp 400w\" sizes=\"auto, (max-width: 1200px) 100vw, 1200px\" \/><\/a><figcaption id=\"caption-attachment-31827\" class=\"wp-caption-text\"><em>Trek Madone Buttefly od britsk\u00e9ho v\u00fdtvarn\u00edka Damiena Hirsta, na n\u011bm\u017e Lance Armstrong jel posledn\u00ed etapu Tour de France 2009.<\/em><\/figcaption><\/figure>\n<p>Je velmi pravd\u011bpodobn\u00e9, \u017ee nov\u00fdm majitelem je z\u00e1mo\u017en\u00fd sb\u011bratel a kolo u\u017e se nikdy do b\u011b\u017en\u00e9ho provozu nedostane. Ale v\u011b\u0159te, \u017ee absurdn\u00ed \u010d\u00e1stka nen\u00ed rekordn\u00ed.<\/p>\n<div class=\"shortcode-ys-post-pinup\"><article class=\"loop-simple post-31769 post type-post status-publish format-standard has-post-thumbnail hentry category-cyklistika tag-bezpecnost tag-bezpecnost-pelotonu tag-cyklistika tag-giro tag-giro-2026 tag-giro-ditalia tag-mauro-vegni tag-nehody tag-zraneni global-categories-cycling\" data-postid=\"31769\" role=\"article\" data-post-id=\"31769\" data-word-count=\"224\" data-headline-length=\"66\" data-category=\"Cyklistika\" data-global-category=\"Cycling\" data-author=\"We Love Cycling\" data-published=\"2025-12-02T15:30:51+02:00\" data-published-day=\"Tuesday\">\n    <div class=\"entry-thumbnail article-thumbnail\" content=\"https:\/\/d2p6e6u75xmxt8.cloudfront.net\/13\/2021\/07\/pady-profimedia-0618356516-150x150.webp\"><a href=\"https:\/\/www.welovecycling.com\/cs\/2025\/12\/02\/proc-je-tolik-nehod-tvoje-smrt-muj-zivot-vysvetluje-legenda\/\" class=\"image-holder\" target=\"_self\"><img decoding=\"async\" loading=\"lazy\" class=\"\" src=\"https:\/\/d2p6e6u75xmxt8.cloudfront.net\/13\/2021\/07\/pady-profimedia-0618356516-1024x675.webp\" srcset=\"https:\/\/d2p6e6u75xmxt8.cloudfront.net\/13\/2021\/07\/pady-profimedia-0618356516.webp 1800w, https:\/\/d2p6e6u75xmxt8.cloudfront.net\/13\/2021\/07\/pady-profimedia-0618356516-300x198.webp 300w, https:\/\/d2p6e6u75xmxt8.cloudfront.net\/13\/2021\/07\/pady-profimedia-0618356516-1024x675.webp 1024w, https:\/\/d2p6e6u75xmxt8.cloudfront.net\/13\/2021\/07\/pady-profimedia-0618356516-768x506.webp 768w, https:\/\/d2p6e6u75xmxt8.cloudfront.net\/13\/2021\/07\/pady-profimedia-0618356516-1536x1013.webp 1536w\" width=\"1024\" height=\"675\" sizes=\"auto, (min-width: 1200px) 304px, (min-width: 768px) 25vw, 100vw\" alt=\"proc-je-tolik-nehod-tvoje-smrt-muj-zivot-vysvetluje-legenda\"\/><\/a><\/div>    <div class=\"entry-meta\">\n        <a class=\"label label-secondary post-category\" href=\"https:\/\/www.welovecycling.com\/cs\/category\/cyklistika\/\" title=\"Cyklistika\">Cyklistika<\/a>\n    <\/div>\n    <div class=\"entry-details\">\n        <a href=\"https:\/\/www.welovecycling.com\/cs\/2025\/12\/02\/proc-je-tolik-nehod-tvoje-smrt-muj-zivot-vysvetluje-legenda\/\" class='entry-title-wrapper'>\n            <h3 class=\"entry-title\"><span>Pro\u010d je tolik nehod? Tvoje smrt, m\u016fj \u017eivot, vysv\u011btluje legenda<\/span><\/h3>\n        <\/a>\n    <\/div>\n    <\/article>\n<\/div>\n<p>Pomysln\u00fd prim\u00e1t v d\u011bjin\u00e1ch aukc\u00ed cyklistick\u00fdch kol dr\u017e\u00ed stroj Trek Madone s motivem Butterfly od britsk\u00e9ho v\u00fdtvarn\u00edka Damiena Hirsta. Jednalo se o kolo, na n\u011bm\u017e Ameri\u010dan Lance Armstrong absolvoval posledn\u00ed etapu Tour de France v roce 2009 je\u0161t\u011b coby sedmin\u00e1sobn\u00fd \u0161ampion bitvy o \u017elut\u00fd trikot. Nezn\u00e1m\u00fd sb\u011bratel tehdy zaplatil 500 tis\u00edc dolar\u016f, kter\u00e9 putoval na konto nadace LiveStrong! O p\u00e1r let pozd\u011bji se Ameri\u010dan p\u0159iznal k u\u017e\u00edv\u00e1n\u00ed zak\u00e1zan\u00fdch l\u00e1tek p\u0159i v\u0161ech v\u00edt\u011bzn\u00fdch ro\u010dn\u00edc\u00edch&#8230;<\/p>\n<p><em>Tituln\u00ed foto: A.S.O.\/Billy Ceusters<\/em><\/p>\n","protected":false},"excerpt":{"rendered":"<p>Sv\u011bt se zbl\u00e1znil! Nebo p\u0159esn\u011bji n\u011bkdo se zbl\u00e1znil? A pak je tu je\u0161t\u011b t\u0159et\u00ed varianta: n\u011bkdo si ud\u011blal kr\u00e1sn\u00e9 V\u00e1noce! [&hellip;]<\/p>\n","protected":false},"author":138,"featured_media":31830,"comment_status":"open","ping_status":"open","sticky":false,"template":"","format":"standard","meta":{"footnotes":""},"categories":[660],"tags":[4462,126,4461,242,4463,9,502],"global-categories":[411],"class_list":["post-31820","post","type-post","status-publish","format-standard","has-post-thumbnail","hentry","category-https-www-welovecycling-com-cs-category-zabava","tag-aukce","tag-cyklistika","tag-drazba","tag-lance-armstrong","tag-nejdrazsi-kolo-historie","tag-silnicni-cyklistika","tag-tadej-pogacar","global-categories-cycling"],"yoast_head":"<!-- This site is optimized with the Yoast SEO Premium plugin v25.3 (Yoast SEO v25.9) - https:\/\/yoast.com\/wordpress\/plugins\/seo\/ -->\n<title>V\u00e1no\u010dn\u00ed d\u00e1rek za 4 miliony?! Kolo, co pou\u017e\u00edval Tadej | \u0160koda We Love Cycling - \u010cesk\u00e1 republika<\/title>\n<meta name=\"description\" content=\"Sv\u011bt se zbl\u00e1znil! Nebo p\u0159esn\u011bji n\u011bkdo se zbl\u00e1znil? A pak je tu je\u0161t\u011b t\u0159et\u00ed varianta: n\u011bkdo si ud\u011blal kr\u00e1sn\u00e9 V\u00e1noce! Na\u0161el se toti\u017e kupec, co tuze st\u00e1l o kolo, na n\u011bm\u017e Tadej Poga\u010dar z t\u00fdmu UAE Emirates rozhodl o v\u00edt\u011bzstv\u00ed na Tour de France 2025! Nic divn\u00e9ho, kdyby za kolo nezaplatil desetin\u00e1sobek jeho ceny...\" \/>\n<meta name=\"robots\" content=\"index, follow, max-snippet:-1, max-image-preview:large, max-video-preview:-1\" \/>\n<link rel=\"canonical\" href=\"https:\/\/www.welovecycling.com\/cs\/2025\/12\/08\/vanocni-darek-za-4-miliony-kolo-co-pouzival-tadej\/\" \/>\n<meta property=\"og:locale\" content=\"cs_CZ\" \/>\n<meta property=\"og:type\" content=\"article\" \/>\n<meta property=\"og:title\" content=\"V\u00e1no\u010dn\u00ed d\u00e1rek za 4 miliony?! Kolo, co pou\u017e\u00edval Tadej\" \/>\n<meta property=\"og:description\" content=\"Sv\u011bt se zbl\u00e1znil! Nebo p\u0159esn\u011bji n\u011bkdo se zbl\u00e1znil? A pak je tu je\u0161t\u011b t\u0159et\u00ed varianta: n\u011bkdo si ud\u011blal kr\u00e1sn\u00e9 V\u00e1noce! Na\u0161el se toti\u017e kupec, co tuze st\u00e1l o kolo, na n\u011bm\u017e Tadej Poga\u010dar z t\u00fdmu UAE Emirates rozhodl o v\u00edt\u011bzstv\u00ed na Tour de France 2025! Nic divn\u00e9ho, kdyby za kolo nezaplatil desetin\u00e1sobek jeho ceny...\" \/>\n<meta property=\"og:url\" content=\"https:\/\/www.welovecycling.com\/cs\/2025\/12\/08\/vanocni-darek-za-4-miliony-kolo-co-pouzival-tadej\/\" \/>\n<meta property=\"og:site_name\" content=\"\u0160koda We Love Cycling - \u010cesk\u00e1 republika\" \/>\n<meta property=\"article:published_time\" content=\"2025-12-08T15:46:55+00:00\" \/>\n<meta property=\"article:modified_time\" content=\"2025-12-09T06:32:13+00:00\" \/>\n<meta property=\"og:image\" content=\"https:\/\/d2p6e6u75xmxt8.cloudfront.net\/13\/2025\/12\/pogacar-kolo-2.webp\" \/>\n\t<meta property=\"og:image:width\" content=\"784\" \/>\n\t<meta property=\"og:image:height\" content=\"505\" \/>\n\t<meta property=\"og:image:type\" content=\"image\/webp\" \/>\n<meta name=\"author\" content=\"radekmalina\" \/>\n<meta name=\"twitter:card\" content=\"summary_large_image\" \/>\n<meta name=\"twitter:label1\" content=\"Written by\" \/>\n\t<meta name=\"twitter:data1\" content=\"We Love Cycling\" \/>\n\t<meta name=\"twitter:label2\" content=\"Est. reading time\" \/>\n\t<meta name=\"twitter:data2\" content=\"5\" \/>\n<script type=\"application\/ld+json\" class=\"yoast-schema-graph\">{\"@context\":\"https:\/\/schema.org\",\"@graph\":[{\"@type\":\"WebPage\",\"@id\":\"https:\/\/www.welovecycling.com\/cs\/2025\/12\/08\/vanocni-darek-za-4-miliony-kolo-co-pouzival-tadej\/\",\"url\":\"https:\/\/www.welovecycling.com\/cs\/2025\/12\/08\/vanocni-darek-za-4-miliony-kolo-co-pouzival-tadej\/\",\"name\":\"V\u00e1no\u010dn\u00ed d\u00e1rek za 4 miliony?! Kolo, co pou\u017e\u00edval Tadej | \u0160koda We Love Cycling - \u010cesk\u00e1 republika\",\"isPartOf\":{\"@id\":\"https:\/\/www.welovecycling.com\/cs\/#website\"},\"primaryImageOfPage\":{\"@id\":\"https:\/\/www.welovecycling.com\/cs\/2025\/12\/08\/vanocni-darek-za-4-miliony-kolo-co-pouzival-tadej\/#primaryimage\"},\"image\":{\"@id\":\"https:\/\/www.welovecycling.com\/cs\/2025\/12\/08\/vanocni-darek-za-4-miliony-kolo-co-pouzival-tadej\/#primaryimage\"},\"thumbnailUrl\":\"https:\/\/d2p6e6u75xmxt8.cloudfront.net\/13\/2025\/12\/pogacar-kolo-2.webp\",\"datePublished\":\"2025-12-08T15:46:55+00:00\",\"dateModified\":\"2025-12-09T06:32:13+00:00\",\"author\":{\"@id\":\"https:\/\/www.welovecycling.com\/cs\/#\/schema\/person\/d9eeb0a378f3a7e4a6d12d2b536b04b8\"},\"description\":\"Sv\u011bt se zbl\u00e1znil! Nebo p\u0159esn\u011bji n\u011bkdo se zbl\u00e1znil? A pak je tu je\u0161t\u011b t\u0159et\u00ed varianta: n\u011bkdo si ud\u011blal kr\u00e1sn\u00e9 V\u00e1noce! Na\u0161el se toti\u017e kupec, co tuze st\u00e1l o kolo, na n\u011bm\u017e Tadej Poga\u010dar z t\u00fdmu UAE Emirates rozhodl o v\u00edt\u011bzstv\u00ed na Tour de France 2025! Nic divn\u00e9ho, kdyby za kolo nezaplatil desetin\u00e1sobek jeho ceny...\",\"inLanguage\":\"cs\",\"potentialAction\":[{\"@type\":\"ReadAction\",\"target\":[\"https:\/\/www.welovecycling.com\/cs\/2025\/12\/08\/vanocni-darek-za-4-miliony-kolo-co-pouzival-tadej\/\"]}]},{\"@type\":\"ImageObject\",\"inLanguage\":\"cs\",\"@id\":\"https:\/\/www.welovecycling.com\/cs\/2025\/12\/08\/vanocni-darek-za-4-miliony-kolo-co-pouzival-tadej\/#primaryimage\",\"url\":\"https:\/\/d2p6e6u75xmxt8.cloudfront.net\/13\/2025\/12\/pogacar-kolo-2.webp\",\"contentUrl\":\"https:\/\/d2p6e6u75xmxt8.cloudfront.net\/13\/2025\/12\/pogacar-kolo-2.webp\",\"width\":784,\"height\":505,\"caption\":\"Tadej Poga\u010dar kolo aukce\"},{\"@type\":\"WebSite\",\"@id\":\"https:\/\/www.welovecycling.com\/cs\/#website\",\"url\":\"https:\/\/www.welovecycling.com\/cs\/\",\"name\":\"\u0160koda We Love Cycling - \u010cesk\u00e1 republika\",\"description\":\"WeLoveCycling.cz je online magaz\u00edn, kter\u00fd v\u00e1m pravideln\u011b p\u0159in\u00e1\u0161\u00ed rady a tipy, zaj\u00edmav\u00e9 \u010dl\u00e1nky, videa a jedine\u010dn\u00e9 report\u00e1\u017ee ze sv\u011bta cyklistiky.\",\"potentialAction\":[{\"@type\":\"SearchAction\",\"target\":{\"@type\":\"EntryPoint\",\"urlTemplate\":\"https:\/\/www.welovecycling.com\/cs\/?s={search_term_string}\"},\"query-input\":{\"@type\":\"PropertyValueSpecification\",\"valueRequired\":true,\"valueName\":\"search_term_string\"}}],\"inLanguage\":\"cs\"},{\"@type\":\"Person\",\"@id\":\"https:\/\/www.welovecycling.com\/cs\/#\/schema\/person\/d9eeb0a378f3a7e4a6d12d2b536b04b8\",\"name\":\"radekmalina\",\"image\":{\"@type\":\"ImageObject\",\"inLanguage\":\"cs\",\"@id\":\"https:\/\/www.welovecycling.com\/cs\/#\/schema\/person\/image\/\",\"url\":\"https:\/\/secure.gravatar.com\/avatar\/66994b632cb8c39a46b9f54afa3ae07201b678d32a54275b6f1c9ffec356bfc0?s=96&d=mm&r=g\",\"contentUrl\":\"https:\/\/secure.gravatar.com\/avatar\/66994b632cb8c39a46b9f54afa3ae07201b678d32a54275b6f1c9ffec356bfc0?s=96&d=mm&r=g\",\"caption\":\"radekmalina\"},\"url\":\"https:\/\/www.welovecycling.com\/cs\/author\/radekmalina\/\"}]}<\/script>\n<!-- \/ Yoast SEO Premium plugin. -->","yoast_head_json":{"title":"V\u00e1no\u010dn\u00ed d\u00e1rek za 4 miliony?! Kolo, co pou\u017e\u00edval Tadej | \u0160koda We Love Cycling - \u010cesk\u00e1 republika","description":"Sv\u011bt se zbl\u00e1znil! Nebo p\u0159esn\u011bji n\u011bkdo se zbl\u00e1znil? A pak je tu je\u0161t\u011b t\u0159et\u00ed varianta: n\u011bkdo si ud\u011blal kr\u00e1sn\u00e9 V\u00e1noce! Na\u0161el se toti\u017e kupec, co tuze st\u00e1l o kolo, na n\u011bm\u017e Tadej Poga\u010dar z t\u00fdmu UAE Emirates rozhodl o v\u00edt\u011bzstv\u00ed na Tour de France 2025! Nic divn\u00e9ho, kdyby za kolo nezaplatil desetin\u00e1sobek jeho ceny...","robots":{"index":"index","follow":"follow","max-snippet":"max-snippet:-1","max-image-preview":"max-image-preview:large","max-video-preview":"max-video-preview:-1"},"canonical":"https:\/\/www.welovecycling.com\/cs\/2025\/12\/08\/vanocni-darek-za-4-miliony-kolo-co-pouzival-tadej\/","og_locale":"cs_CZ","og_type":"article","og_title":"V\u00e1no\u010dn\u00ed d\u00e1rek za 4 miliony?! Kolo, co pou\u017e\u00edval Tadej","og_description":"Sv\u011bt se zbl\u00e1znil! Nebo p\u0159esn\u011bji n\u011bkdo se zbl\u00e1znil? A pak je tu je\u0161t\u011b t\u0159et\u00ed varianta: n\u011bkdo si ud\u011blal kr\u00e1sn\u00e9 V\u00e1noce! Na\u0161el se toti\u017e kupec, co tuze st\u00e1l o kolo, na n\u011bm\u017e Tadej Poga\u010dar z t\u00fdmu UAE Emirates rozhodl o v\u00edt\u011bzstv\u00ed na Tour de France 2025! Nic divn\u00e9ho, kdyby za kolo nezaplatil desetin\u00e1sobek jeho ceny...","og_url":"https:\/\/www.welovecycling.com\/cs\/2025\/12\/08\/vanocni-darek-za-4-miliony-kolo-co-pouzival-tadej\/","og_site_name":"\u0160koda We Love Cycling - \u010cesk\u00e1 republika","article_published_time":"2025-12-08T15:46:55+00:00","article_modified_time":"2025-12-09T06:32:13+00:00","og_image":[{"width":784,"height":505,"url":"https:\/\/d2p6e6u75xmxt8.cloudfront.net\/13\/2025\/12\/pogacar-kolo-2.webp","type":"image\/webp"}],"author":"radekmalina","twitter_card":"summary_large_image","twitter_misc":{"Written by":"We Love Cycling","Est. reading time":"5"},"schema":{"@context":"https:\/\/schema.org","@graph":[{"@type":"WebPage","@id":"https:\/\/www.welovecycling.com\/cs\/2025\/12\/08\/vanocni-darek-za-4-miliony-kolo-co-pouzival-tadej\/","url":"https:\/\/www.welovecycling.com\/cs\/2025\/12\/08\/vanocni-darek-za-4-miliony-kolo-co-pouzival-tadej\/","name":"V\u00e1no\u010dn\u00ed d\u00e1rek za 4 miliony?! Kolo, co pou\u017e\u00edval Tadej | \u0160koda We Love Cycling - \u010cesk\u00e1 republika","isPartOf":{"@id":"https:\/\/www.welovecycling.com\/cs\/#website"},"primaryImageOfPage":{"@id":"https:\/\/www.welovecycling.com\/cs\/2025\/12\/08\/vanocni-darek-za-4-miliony-kolo-co-pouzival-tadej\/#primaryimage"},"image":{"@id":"https:\/\/www.welovecycling.com\/cs\/2025\/12\/08\/vanocni-darek-za-4-miliony-kolo-co-pouzival-tadej\/#primaryimage"},"thumbnailUrl":"https:\/\/d2p6e6u75xmxt8.cloudfront.net\/13\/2025\/12\/pogacar-kolo-2.webp","datePublished":"2025-12-08T15:46:55+00:00","dateModified":"2025-12-09T06:32:13+00:00","author":{"@id":"https:\/\/www.welovecycling.com\/cs\/#\/schema\/person\/d9eeb0a378f3a7e4a6d12d2b536b04b8"},"description":"Sv\u011bt se zbl\u00e1znil! Nebo p\u0159esn\u011bji n\u011bkdo se zbl\u00e1znil? A pak je tu je\u0161t\u011b t\u0159et\u00ed varianta: n\u011bkdo si ud\u011blal kr\u00e1sn\u00e9 V\u00e1noce! Na\u0161el se toti\u017e kupec, co tuze st\u00e1l o kolo, na n\u011bm\u017e Tadej Poga\u010dar z t\u00fdmu UAE Emirates rozhodl o v\u00edt\u011bzstv\u00ed na Tour de France 2025! Nic divn\u00e9ho, kdyby za kolo nezaplatil desetin\u00e1sobek jeho ceny...","inLanguage":"cs","potentialAction":[{"@type":"ReadAction","target":["https:\/\/www.welovecycling.com\/cs\/2025\/12\/08\/vanocni-darek-za-4-miliony-kolo-co-pouzival-tadej\/"]}]},{"@type":"ImageObject","inLanguage":"cs","@id":"https:\/\/www.welovecycling.com\/cs\/2025\/12\/08\/vanocni-darek-za-4-miliony-kolo-co-pouzival-tadej\/#primaryimage","url":"https:\/\/d2p6e6u75xmxt8.cloudfront.net\/13\/2025\/12\/pogacar-kolo-2.webp","contentUrl":"https:\/\/d2p6e6u75xmxt8.cloudfront.net\/13\/2025\/12\/pogacar-kolo-2.webp","width":784,"height":505,"caption":"Tadej Poga\u010dar kolo aukce"},{"@type":"WebSite","@id":"https:\/\/www.welovecycling.com\/cs\/#website","url":"https:\/\/www.welovecycling.com\/cs\/","name":"\u0160koda We Love Cycling - \u010cesk\u00e1 republika","description":"WeLoveCycling.cz je online magaz\u00edn, kter\u00fd v\u00e1m pravideln\u011b p\u0159in\u00e1\u0161\u00ed rady a tipy, zaj\u00edmav\u00e9 \u010dl\u00e1nky, videa a jedine\u010dn\u00e9 report\u00e1\u017ee ze sv\u011bta cyklistiky.","potentialAction":[{"@type":"SearchAction","target":{"@type":"EntryPoint","urlTemplate":"https:\/\/www.welovecycling.com\/cs\/?s={search_term_string}"},"query-input":{"@type":"PropertyValueSpecification","valueRequired":true,"valueName":"search_term_string"}}],"inLanguage":"cs"},{"@type":"Person","@id":"https:\/\/www.welovecycling.com\/cs\/#\/schema\/person\/d9eeb0a378f3a7e4a6d12d2b536b04b8","name":"radekmalina","image":{"@type":"ImageObject","inLanguage":"cs","@id":"https:\/\/www.welovecycling.com\/cs\/#\/schema\/person\/image\/","url":"https:\/\/secure.gravatar.com\/avatar\/66994b632cb8c39a46b9f54afa3ae07201b678d32a54275b6f1c9ffec356bfc0?s=96&d=mm&r=g","contentUrl":"https:\/\/secure.gravatar.com\/avatar\/66994b632cb8c39a46b9f54afa3ae07201b678d32a54275b6f1c9ffec356bfc0?s=96&d=mm&r=g","caption":"radekmalina"},"url":"https:\/\/www.welovecycling.com\/cs\/author\/radekmalina\/"}]}},"_links":{"self":[{"href":"https:\/\/www.welovecycling.com\/cs\/wp-json\/wp\/v2\/posts\/31820","targetHints":{"allow":["GET"]}}],"collection":[{"href":"https:\/\/www.welovecycling.com\/cs\/wp-json\/wp\/v2\/posts"}],"about":[{"href":"https:\/\/www.welovecycling.com\/cs\/wp-json\/wp\/v2\/types\/post"}],"author":[{"embeddable":true,"href":"https:\/\/www.welovecycling.com\/cs\/wp-json\/wp\/v2\/users\/138"}],"replies":[{"embeddable":true,"href":"https:\/\/www.welovecycling.com\/cs\/wp-json\/wp\/v2\/comments?post=31820"}],"version-history":[{"count":6,"href":"https:\/\/www.welovecycling.com\/cs\/wp-json\/wp\/v2\/posts\/31820\/revisions"}],"predecessor-version":[{"id":31833,"href":"https:\/\/www.welovecycling.com\/cs\/wp-json\/wp\/v2\/posts\/31820\/revisions\/31833"}],"wp:featuredmedia":[{"embeddable":true,"href":"https:\/\/www.welovecycling.com\/cs\/wp-json\/wp\/v2\/media\/31830"}],"wp:attachment":[{"href":"https:\/\/www.welovecycling.com\/cs\/wp-json\/wp\/v2\/media?parent=31820"}],"wp:term":[{"taxonomy":"category","embeddable":true,"href":"https:\/\/www.welovecycling.com\/cs\/wp-json\/wp\/v2\/categories?post=31820"},{"taxonomy":"post_tag","embeddable":true,"href":"https:\/\/www.welovecycling.com\/cs\/wp-json\/wp\/v2\/tags?post=31820"},{"taxonomy":"global-categories","embeddable":true,"href":"https:\/\/www.welovecycling.com\/cs\/wp-json\/wp\/v2\/global-categories?post=31820"}],"curies":[{"name":"wp","href":"https:\/\/api.w.org\/{rel}","templated":true}]}}