{"id":31805,"date":"2025-12-08T12:55:56","date_gmt":"2025-12-08T10:55:56","guid":{"rendered":"https:\/\/www.welovecycling.com\/cs\/?p=31805"},"modified":"2025-12-08T13:22:14","modified_gmt":"2025-12-08T11:22:14","slug":"vysocina-novinkou-serialu-road-classics","status":"publish","type":"post","link":"https:\/\/www.welovecycling.com\/cs\/2025\/12\/08\/vysocina-novinkou-serialu-road-classics\/","title":{"rendered":"Vyso\u010dina novinkou seri\u00e1lu Road Classics"},"content":{"rendered":"<p><strong>Do \u010dtvrt\u00e9ho ro\u010dn\u00edku s velk\u00fdmi zm\u011bnami. Cyklistick\u00fd seri\u00e1l Road Classics m\u00e1 nov\u00e9ho titul\u00e1rn\u00edho partnera, kter\u00fdm je Direct poji\u0161\u0165ovna, a v p\u0159\u00ed\u0161t\u00ed sezon\u011b se mohou tis\u00edce milovn\u00edk\u016f silni\u010dn\u00edho kola t\u011b\u0161it na novou lokalitu. Vedle ji\u017e tradi\u010dn\u00edch \u201cmonument\u016f\u201d P\u00e1lava a Je\u0161t\u011bd nab\u00eddne s\u00e9rie z\u00e1\u017eitkovou j\u00edzdu po uzav\u0159en\u00fdch silnic\u00edch tak\u00e9 na Vyso\u010din\u011b.<\/strong><\/p>\n<p>Seri\u00e1l s nov\u00fdm n\u00e1zvem Direct Road Classics nab\u00eddne v roce 2026, stejn\u011b jako v p\u0159edchoz\u00edch dvou sezon\u00e1ch, t\u0159i zast\u00e1vky. Za\u010d\u00edn\u00e1 16. kv\u011btna na P\u00e1lav\u011b, pokra\u010duje 18. \u010dervence novinkou v podob\u011b Vyso\u010diny a fini\u0161 19. z\u00e1\u0159\u00ed ji\u017e tradi\u010dn\u011b nab\u00eddne Je\u0161t\u011bd.<\/p>\n<h2><strong>Road Classics prvn\u011b na Vyso\u010din\u011b<\/strong><\/h2>\n<p>Z kalend\u00e1\u0159e tak po dvou letech vypadly Kru\u0161n\u00e9 hory a uprost\u0159ed l\u00e9ta se amat\u00e9r\u0161t\u00ed silni\u010dn\u00ed cyklist\u00e9 sejdou na m\u00edst\u011b, kter\u00e9 proslavil zejm\u00e9na biatlon \u2013 ve Vyso\u010dina Aren\u011b.<\/p>\n<p>\u201eOd nov\u00e9 lokality si slibujeme nejen zatraktivn\u011bn\u00ed cel\u00e9ho seri\u00e1lu, ale tak\u00e9 v\u011bt\u0161\u00ed dostupnost pro \u0161ir\u0161\u00ed skupinu cyklist\u016f. Vyso\u010dina nab\u00eddne prvot\u0159\u00eddn\u00ed asfaltov\u00fd povrch a atraktivn\u00ed zvln\u011bn\u00fd profil, kter\u00fd bude z hlediska nastoupan\u00fdch metr\u016f jednozna\u010dn\u011b m\u00e9n\u011b n\u00e1ro\u010dn\u00fd ne\u017e monument na Kl\u00ednovci. V\u011b\u0159\u00edme proto, \u017ee si z\u00e1vod u\u017eije je\u0161t\u011b v\u00edce \u00fa\u010dastn\u00edk\u016f, v\u010detn\u011b t\u011bch, kte\u0159\u00ed preferuj\u00ed krat\u0161\u00ed trasu. V regionu z\u00e1rove\u0148 navazujeme na bohatou sportovn\u00ed tradici a jsme p\u0159esv\u011bd\u010deni, \u017ee z\u00e1zem\u00ed Vyso\u010dina Areny dod\u00e1 akci nov\u00fd rozm\u011br. Velk\u00e9 pod\u011bkov\u00e1n\u00ed pat\u0159\u00ed p\u0159edstavitel\u016fm Kraje Vyso\u010dina za jejich z\u00e1jem o akci a proaktivn\u00ed p\u0159\u00edstup,\u201c \u0159\u00edk\u00e1 Jan Hejda, \u0161\u00e9f projektu Direct <a href=\"https:\/\/www.welovecycling.com\/cs\/2025\/09\/22\/rekordni-tecka-serial-road-classics-uzavrel-sezonu-na-jestedu\/\">Road Classics<\/a>.<\/p>\n<p><a href=\"https:\/\/d2p6e6u75xmxt8.cloudfront.net\/13\/2025\/12\/Palava-25_RC_Slavik_V1_web_092.webp\"><img loading=\"lazy\" decoding=\"async\" class=\"alignnone size-extra-large wp-image-31806\" src=\"https:\/\/d2p6e6u75xmxt8.cloudfront.net\/13\/2025\/12\/Palava-25_RC_Slavik_V1_web_092-1920x1281.webp\" alt=\"\" width=\"1920\" height=\"1281\" srcset=\"https:\/\/d2p6e6u75xmxt8.cloudfront.net\/13\/2025\/12\/Palava-25_RC_Slavik_V1_web_092-1920x1281.webp 1920w, https:\/\/d2p6e6u75xmxt8.cloudfront.net\/13\/2025\/12\/Palava-25_RC_Slavik_V1_web_092-300x200.webp 300w, https:\/\/d2p6e6u75xmxt8.cloudfront.net\/13\/2025\/12\/Palava-25_RC_Slavik_V1_web_092-1024x683.webp 1024w, https:\/\/d2p6e6u75xmxt8.cloudfront.net\/13\/2025\/12\/Palava-25_RC_Slavik_V1_web_092-768x512.webp 768w, https:\/\/d2p6e6u75xmxt8.cloudfront.net\/13\/2025\/12\/Palava-25_RC_Slavik_V1_web_092-1536x1025.webp 1536w, https:\/\/d2p6e6u75xmxt8.cloudfront.net\/13\/2025\/12\/Palava-25_RC_Slavik_V1_web_092-2048x1366.webp 2048w, https:\/\/d2p6e6u75xmxt8.cloudfront.net\/13\/2025\/12\/Palava-25_RC_Slavik_V1_web_092-400x267.webp 400w, https:\/\/d2p6e6u75xmxt8.cloudfront.net\/13\/2025\/12\/Palava-25_RC_Slavik_V1_web_092-272x182.webp 272w, https:\/\/d2p6e6u75xmxt8.cloudfront.net\/13\/2025\/12\/Palava-25_RC_Slavik_V1_web_092-1920x1281.webp 1920w\" sizes=\"auto, (max-width: 1920px) 100vw, 1920px\" \/><\/a><\/p>\n<p>P\u0159esn\u00e1 podoba tras bude zve\u0159ejn\u011bna b\u011bhem zimy, p\u0159i\u010dem\u017e v\u0161echny lokality nab\u00eddnou dlouhou trasu o d\u00e9lce 100+ km a k n\u00ed krat\u0161\u00ed alternativu kolem 60 km.<\/p>\n<div class=\"shortcode-ys-post-pinup\"><article class=\"loop-simple post-31769 post type-post status-publish format-standard has-post-thumbnail hentry category-cyklistika tag-bezpecnost tag-bezpecnost-pelotonu tag-cyklistika tag-giro tag-giro-2026 tag-giro-ditalia tag-mauro-vegni tag-nehody tag-zraneni global-categories-cycling\" data-postid=\"31769\" role=\"article\" data-post-id=\"31769\" data-word-count=\"224\" data-headline-length=\"66\" data-category=\"Cyklistika\" data-global-category=\"Cycling\" data-author=\"We Love Cycling\" data-published=\"2025-12-02T15:30:51+02:00\" data-published-day=\"Tuesday\">\n    <div class=\"entry-thumbnail article-thumbnail\" content=\"https:\/\/d2p6e6u75xmxt8.cloudfront.net\/13\/2021\/07\/pady-profimedia-0618356516-150x150.webp\"><a href=\"https:\/\/www.welovecycling.com\/cs\/2025\/12\/02\/proc-je-tolik-nehod-tvoje-smrt-muj-zivot-vysvetluje-legenda\/\" class=\"image-holder\" target=\"_self\"><img decoding=\"async\" loading=\"lazy\" class=\"\" src=\"https:\/\/d2p6e6u75xmxt8.cloudfront.net\/13\/2021\/07\/pady-profimedia-0618356516-1024x675.webp\" srcset=\"https:\/\/d2p6e6u75xmxt8.cloudfront.net\/13\/2021\/07\/pady-profimedia-0618356516.webp 1800w, https:\/\/d2p6e6u75xmxt8.cloudfront.net\/13\/2021\/07\/pady-profimedia-0618356516-300x198.webp 300w, https:\/\/d2p6e6u75xmxt8.cloudfront.net\/13\/2021\/07\/pady-profimedia-0618356516-1024x675.webp 1024w, https:\/\/d2p6e6u75xmxt8.cloudfront.net\/13\/2021\/07\/pady-profimedia-0618356516-768x506.webp 768w, https:\/\/d2p6e6u75xmxt8.cloudfront.net\/13\/2021\/07\/pady-profimedia-0618356516-1536x1013.webp 1536w\" width=\"1024\" height=\"675\" sizes=\"auto, (min-width: 1200px) 304px, (min-width: 768px) 25vw, 100vw\" alt=\"proc-je-tolik-nehod-tvoje-smrt-muj-zivot-vysvetluje-legenda\"\/><\/a><\/div>    <div class=\"entry-meta\">\n        <a class=\"label label-secondary post-category\" href=\"https:\/\/www.welovecycling.com\/cs\/category\/cyklistika\/\" title=\"Cyklistika\">Cyklistika<\/a>\n    <\/div>\n    <div class=\"entry-details\">\n        <a href=\"https:\/\/www.welovecycling.com\/cs\/2025\/12\/02\/proc-je-tolik-nehod-tvoje-smrt-muj-zivot-vysvetluje-legenda\/\" class='entry-title-wrapper'>\n            <h3 class=\"entry-title\"><span>Pro\u010d je tolik nehod? Tvoje smrt, m\u016fj \u017eivot, vysv\u011btluje legenda<\/span><\/h3>\n        <\/a>\n    <\/div>\n    <\/article>\n<\/div>\n<p>S\u00e9rie zachov\u00e1v\u00e1 model dvou odli\u0161n\u00fdch form\u00e1t\u016f: z\u00e1vodu a \u0161vihu. V prvn\u00edm p\u0159\u00edpad\u011b se \u00fa\u010dastn\u00edk\u016fm m\u011b\u0159\u00ed \u010das klasick\u00fdm zp\u016fsobem od startu do c\u00edle. Druh\u00e1 varianta nab\u00edz\u00ed mo\u017enost pojmout cestu do fini\u0161e v\u00edce v\u00fdletnicky, proto\u017ee stopky se spou\u0161t\u00ed jen v p\u0159\u00edpad\u011b vybran\u00fdch vrcha\u0159sk\u00fdch a spurtersk\u00fdch segment\u016f, co\u017e nab\u00e1d\u00e1 k zast\u00e1vk\u00e1m na bohat\u011b vybaven\u00fdch ob\u010derstvovac\u00edch stanic\u00edch. Z\u016fst\u00e1v\u00e1 tak\u00e9 t\u00fdmov\u00fd form\u00e1t s n\u00e1zvem Squadra Classica.<\/p>\n<h2><strong>S nov\u00fdm titul\u00e1rn\u00edm partnerem<\/strong><\/h2>\n<p>Skupina Direct vstupuje do sv\u011bta cyklistiky, proto\u017ee v n\u011bm vid\u00ed p\u0159irozen\u00e9 propojen\u00ed se v\u0161emi sv\u00fdmi hodnotami \u2013 jednoduchost\u00ed, rychlost\u00ed, spolehlivost\u00ed i p\u0159\u00e1telskost\u00ed. Partnerstv\u00ed s Road Classics vn\u00edm\u00e1 jako p\u0159\u00edle\u017eitost podpo\u0159it bezpe\u010dn\u011bj\u0161\u00ed j\u00edzdu i cyklistickou komunitu, kter\u00e9 chce nab\u00eddnout praktick\u00e9 produkty \u0161it\u00e9 na m\u00edru.<\/p>\n<figure id=\"attachment_31807\" aria-describedby=\"caption-attachment-31807\" style=\"width: 1920px\" class=\"wp-caption alignnone\"><a href=\"https:\/\/d2p6e6u75xmxt8.cloudfront.net\/13\/2025\/12\/Jested-25_RC_Slavik_web_162.webp\"><img loading=\"lazy\" decoding=\"async\" class=\"size-extra-large wp-image-31807\" src=\"https:\/\/d2p6e6u75xmxt8.cloudfront.net\/13\/2025\/12\/Jested-25_RC_Slavik_web_162-1920x1281.webp\" alt=\"\" width=\"1920\" height=\"1281\" srcset=\"https:\/\/d2p6e6u75xmxt8.cloudfront.net\/13\/2025\/12\/Jested-25_RC_Slavik_web_162-1920x1281.webp 1920w, https:\/\/d2p6e6u75xmxt8.cloudfront.net\/13\/2025\/12\/Jested-25_RC_Slavik_web_162-300x200.webp 300w, https:\/\/d2p6e6u75xmxt8.cloudfront.net\/13\/2025\/12\/Jested-25_RC_Slavik_web_162-1024x683.webp 1024w, https:\/\/d2p6e6u75xmxt8.cloudfront.net\/13\/2025\/12\/Jested-25_RC_Slavik_web_162-768x512.webp 768w, https:\/\/d2p6e6u75xmxt8.cloudfront.net\/13\/2025\/12\/Jested-25_RC_Slavik_web_162-1536x1025.webp 1536w, https:\/\/d2p6e6u75xmxt8.cloudfront.net\/13\/2025\/12\/Jested-25_RC_Slavik_web_162-2048x1366.webp 2048w, https:\/\/d2p6e6u75xmxt8.cloudfront.net\/13\/2025\/12\/Jested-25_RC_Slavik_web_162-400x267.webp 400w, https:\/\/d2p6e6u75xmxt8.cloudfront.net\/13\/2025\/12\/Jested-25_RC_Slavik_web_162-272x182.webp 272w, https:\/\/d2p6e6u75xmxt8.cloudfront.net\/13\/2025\/12\/Jested-25_RC_Slavik_web_162-1920x1281.webp 1920w\" sizes=\"auto, (max-width: 1920px) 100vw, 1920px\" \/><\/a><figcaption id=\"caption-attachment-31807\" class=\"wp-caption-text\"><em>Road Classics 2026 vyvrchol\u00ed tradi\u010dn\u011b na Je\u0161t\u011bdu.<\/em><\/figcaption><\/figure>\n<p>\u201eCyklistika dokonale vystihuje n\u00e1\u0161 p\u0159\u00edstup. Nen\u00ed pro n\u00e1s jen sport, ale i zp\u016fsob fungov\u00e1n\u00ed. Se stejnou viz\u00ed vstupujeme do v\u0161ech obor\u016f, ve kter\u00fdch p\u016fsob\u00edme \u2013 klient na prvn\u00edm m\u00edst\u011b a z\u00e1\u017eitek, kter\u00fd stoj\u00ed za to. Na\u0161\u00edm c\u00edlem je, aby si ka\u017ed\u00fd cyklista u\u017eil z\u00e1vod naplno, bez starost\u00ed, kter\u00e9 m\u016f\u017eeme jako poji\u0161\u0165ovna vy\u0159e\u0161it za n\u011bj,\u201c \u0159\u00edk\u00e1 Michal \u0158ezn\u00ed\u010dek, p\u0159edseda p\u0159edstavenstva poji\u0161\u0165ovny Direct. \u201ePartnerstv\u00ed s Road Classics vn\u00edm\u00e1me jako dlouhodobou spolupr\u00e1ci, v n\u00ed\u017e nechceme b\u00fdt jen sponzorem, ale i garantem bezpe\u010dnosti \u2013 n\u011bk\u00fdm, kdo pom\u00e1h\u00e1, kdy\u017e se n\u011bco stane a z\u00e1rove\u0148 d\u011bl\u00e1 maximum pro to, aby k tomu v\u016fbec nedo\u0161lo,\u201c dod\u00e1v\u00e1 \u0158ezn\u00ed\u010dek.<\/p>\n<div class=\"shortcode-ys-post-pinup\"><article class=\"loop-simple post-31611 post type-post status-publish format-standard has-post-thumbnail hentry category-rady-tipy tag-cyklistika tag-garmin-550 tag-garmin-edge-550 tag-horska-cyklistika tag-silnicni-cyklistika tag-trenink global-categories-cycling\" data-postid=\"31611\" role=\"article\" data-post-id=\"31611\" data-word-count=\"415\" data-headline-length=\"72\" data-category=\"Rady &amp; tipy\" data-global-category=\"Cycling\" data-author=\"We Love Cycling\" data-published=\"2025-11-25T10:47:11+02:00\" data-published-day=\"Tuesday\">\n    <div class=\"entry-thumbnail article-thumbnail\" content=\"https:\/\/d2p6e6u75xmxt8.cloudfront.net\/13\/2025\/11\/Garmin-550-B-150x150.webp\"><a href=\"https:\/\/www.welovecycling.com\/cs\/2025\/11\/25\/garmin-edge-550-maly-genius-na-riditkach-ktery-keca-do-zivota\/\" class=\"image-holder\" target=\"_self\"><img decoding=\"async\" loading=\"lazy\" class=\"\" src=\"https:\/\/d2p6e6u75xmxt8.cloudfront.net\/13\/2025\/11\/Garmin-550-B-1024x768.webp\" srcset=\"https:\/\/d2p6e6u75xmxt8.cloudfront.net\/13\/2025\/11\/Garmin-550-B-scaled.webp 2560w, https:\/\/d2p6e6u75xmxt8.cloudfront.net\/13\/2025\/11\/Garmin-550-B-300x225.webp 300w, https:\/\/d2p6e6u75xmxt8.cloudfront.net\/13\/2025\/11\/Garmin-550-B-1024x768.webp 1024w, https:\/\/d2p6e6u75xmxt8.cloudfront.net\/13\/2025\/11\/Garmin-550-B-768x576.webp 768w, https:\/\/d2p6e6u75xmxt8.cloudfront.net\/13\/2025\/11\/Garmin-550-B-1536x1152.webp 1536w, https:\/\/d2p6e6u75xmxt8.cloudfront.net\/13\/2025\/11\/Garmin-550-B-2048x1536.webp 2048w, https:\/\/d2p6e6u75xmxt8.cloudfront.net\/13\/2025\/11\/Garmin-550-B-1920x1440.webp 1920w, https:\/\/d2p6e6u75xmxt8.cloudfront.net\/13\/2025\/11\/Garmin-550-B-400x300.webp 400w, https:\/\/d2p6e6u75xmxt8.cloudfront.net\/13\/2025\/11\/Garmin-550-B-1920x1440.webp 1920w\" width=\"1024\" height=\"768\" sizes=\"auto, (min-width: 1200px) 300px, (min-width: 768px) 25vw, 100vw\" alt=\"garmin-edge-550-maly-genius-na-riditkach-ktery-keca-do-zivota\"\/><\/a><\/div>    <div class=\"entry-meta\">\n        <a class=\"label label-secondary post-category\" href=\"https:\/\/www.welovecycling.com\/cs\/category\/rady-tipy\/\" title=\"Rady &amp; tipy\">Rady &amp; tipy<\/a>\n    <\/div>\n    <div class=\"entry-details\">\n        <a href=\"https:\/\/www.welovecycling.com\/cs\/2025\/11\/25\/garmin-edge-550-maly-genius-na-riditkach-ktery-keca-do-zivota\/\" class='entry-title-wrapper'>\n            <h3 class=\"entry-title\"><span>Garmin Edge 550: Mal\u00fd g\u00e9nius na \u0159\u00edd\u00edtk\u00e1ch, kter\u00fd kec\u00e1 do \u017eivota<\/span><\/h3>\n        <\/a>\n    <\/div>\n    <\/article>\n<\/div>\n<p>S p\u0159\u00edchodem Direct poji\u0161\u0165ovny se mohou \u00fa\u010dastn\u00edci t\u011b\u0161it na posunut\u00ed slu\u017eeb v z\u00e1zem\u00ed a z\u00e1rove\u0148 nov\u00fd titul\u00e1rn\u00ed partner p\u0159in\u00e1\u0161\u00ed do seri\u00e1lu poji\u0161t\u011bn\u00ed storna, kter\u00e9 si m\u016f\u017ee ka\u017ed\u00fd koupit spole\u010dn\u011b se startovn\u00fdm za zv\u00fdhodn\u011bnou cenu. D\u00edky tomu maj\u00ed p\u0159ihl\u00e1\u0161en\u00ed mo\u017enost z\u00edskat zp\u011bt 80 procent zaplacen\u00e9 \u010d\u00e1stky, pokud se z\u00e1vodu kv\u016fli z\u00e1va\u017en\u00fdm d\u016fvod\u016fm, nap\u0159\u00edklad nemoci nebo zran\u011bn\u00ed, nez\u00fa\u010dastn\u00ed.<\/p>\n<p><a href=\"https:\/\/d2p6e6u75xmxt8.cloudfront.net\/13\/2025\/12\/20250719_roadclassics_klinovec_14-05-58_JN8_7114_lowres.webp\"><img loading=\"lazy\" decoding=\"async\" class=\"alignnone size-extra-large wp-image-31808\" src=\"https:\/\/d2p6e6u75xmxt8.cloudfront.net\/13\/2025\/12\/20250719_roadclassics_klinovec_14-05-58_JN8_7114_lowres-1920x1280.webp\" alt=\"\" width=\"1920\" height=\"1280\" srcset=\"https:\/\/d2p6e6u75xmxt8.cloudfront.net\/13\/2025\/12\/20250719_roadclassics_klinovec_14-05-58_JN8_7114_lowres-1920x1280.webp 1920w, https:\/\/d2p6e6u75xmxt8.cloudfront.net\/13\/2025\/12\/20250719_roadclassics_klinovec_14-05-58_JN8_7114_lowres-300x200.webp 300w, https:\/\/d2p6e6u75xmxt8.cloudfront.net\/13\/2025\/12\/20250719_roadclassics_klinovec_14-05-58_JN8_7114_lowres-1024x683.webp 1024w, https:\/\/d2p6e6u75xmxt8.cloudfront.net\/13\/2025\/12\/20250719_roadclassics_klinovec_14-05-58_JN8_7114_lowres-768x512.webp 768w, https:\/\/d2p6e6u75xmxt8.cloudfront.net\/13\/2025\/12\/20250719_roadclassics_klinovec_14-05-58_JN8_7114_lowres-1536x1024.webp 1536w, https:\/\/d2p6e6u75xmxt8.cloudfront.net\/13\/2025\/12\/20250719_roadclassics_klinovec_14-05-58_JN8_7114_lowres-400x267.webp 400w, https:\/\/d2p6e6u75xmxt8.cloudfront.net\/13\/2025\/12\/20250719_roadclassics_klinovec_14-05-58_JN8_7114_lowres-272x182.webp 272w, https:\/\/d2p6e6u75xmxt8.cloudfront.net\/13\/2025\/12\/20250719_roadclassics_klinovec_14-05-58_JN8_7114_lowres.webp 2048w, https:\/\/d2p6e6u75xmxt8.cloudfront.net\/13\/2025\/12\/20250719_roadclassics_klinovec_14-05-58_JN8_7114_lowres-1920x1280.webp 1920w\" sizes=\"auto, (max-width: 1920px) 100vw, 1920px\" \/><\/a><\/p>\n<p>&#8222;M\u00e1me velkou radost, \u017ee se do na\u0161eho pelotonu p\u0159id\u00e1v\u00e1 takto siln\u00fd partner, d\u00edky n\u011bmu\u017e m\u016f\u017eeme \u00fa\u010dastn\u00edk\u016fm doru\u010dit je\u0161t\u011b lep\u0161\u00ed z\u00e1\u017eitek. Za t\u0159i ro\u010dn\u00edky si seri\u00e1l vybudoval skv\u011bl\u00e9 renom\u00e9 a tato v\u00fdznamn\u00e1 spolupr\u00e1ce je toho d\u016fkazem. T\u011b\u0161\u00edme se, kam seri\u00e1l spole\u010dn\u00fdmi silami s Direct poji\u0161\u0165ovnou posuneme,&#8220; uv\u00e1d\u00ed Petr Le\u0161ek, z\u00e1stupce agentury Raul, kter\u00e1 je marketingov\u00fdm partnerem Direct Road Classics.<\/p>\n<div class=\"shortcode-ys-post-pinup\"><article class=\"loop-simple post-31731 post type-post status-publish format-standard has-post-thumbnail hentry category-cyklokros tag-cyklistika tag-cyklokros tag-kristyna-zemanova tag-silnicni-cyklistika tag-vif-cycling global-categories-cycling\" data-postid=\"31731\" role=\"article\" data-post-id=\"31731\" data-word-count=\"800\" data-headline-length=\"87\" data-category=\"Cyklokros\" data-global-category=\"Cycling\" data-author=\"Radek Malina\" data-published=\"2025-11-27T06:00:07+02:00\" data-published-day=\"Thursday\">\n    <div class=\"entry-thumbnail article-thumbnail\" content=\"https:\/\/d2p6e6u75xmxt8.cloudfront.net\/13\/2025\/11\/zemanova-kristyna-1-150x150.webp\"><a href=\"https:\/\/www.welovecycling.com\/cs\/2025\/11\/27\/skrabu-se-ze-dna-rika-ceska-reprezentantka-nikdy-pritom-neprestala-vyhravat\/\" class=\"image-holder\" target=\"_self\"><img decoding=\"async\" loading=\"lazy\" class=\"\" src=\"https:\/\/d2p6e6u75xmxt8.cloudfront.net\/13\/2025\/11\/zemanova-kristyna-1-1024x683.webp\" srcset=\"https:\/\/d2p6e6u75xmxt8.cloudfront.net\/13\/2025\/11\/zemanova-kristyna-1-scaled.webp 2560w, https:\/\/d2p6e6u75xmxt8.cloudfront.net\/13\/2025\/11\/zemanova-kristyna-1-300x200.webp 300w, https:\/\/d2p6e6u75xmxt8.cloudfront.net\/13\/2025\/11\/zemanova-kristyna-1-1024x683.webp 1024w, https:\/\/d2p6e6u75xmxt8.cloudfront.net\/13\/2025\/11\/zemanova-kristyna-1-768x512.webp 768w, https:\/\/d2p6e6u75xmxt8.cloudfront.net\/13\/2025\/11\/zemanova-kristyna-1-1536x1024.webp 1536w, https:\/\/d2p6e6u75xmxt8.cloudfront.net\/13\/2025\/11\/zemanova-kristyna-1-2048x1366.webp 2048w, https:\/\/d2p6e6u75xmxt8.cloudfront.net\/13\/2025\/11\/zemanova-kristyna-1-1920x1280.webp 1920w, https:\/\/d2p6e6u75xmxt8.cloudfront.net\/13\/2025\/11\/zemanova-kristyna-1-400x267.webp 400w, https:\/\/d2p6e6u75xmxt8.cloudfront.net\/13\/2025\/11\/zemanova-kristyna-1-272x182.webp 272w, https:\/\/d2p6e6u75xmxt8.cloudfront.net\/13\/2025\/11\/zemanova-kristyna-1-1920x1280.webp 1920w\" width=\"1024\" height=\"683\" sizes=\"auto, (min-width: 1200px) 300px, (min-width: 768px) 25vw, 100vw\" alt=\"skrabu-se-ze-dna-rika-ceska-reprezentantka-nikdy-pritom-neprestala-vyhravat\"\/><\/a><\/div>    <div class=\"entry-meta\">\n        <a class=\"label label-secondary post-category\" href=\"https:\/\/www.welovecycling.com\/cs\/category\/cyklokros\/\" title=\"Cyklokros\">Cyklokros<\/a>\n    <\/div>\n    <div class=\"entry-details\">\n        <a href=\"https:\/\/www.welovecycling.com\/cs\/2025\/11\/27\/skrabu-se-ze-dna-rika-ceska-reprezentantka-nikdy-pritom-neprestala-vyhravat\/\" class='entry-title-wrapper'>\n            <h3 class=\"entry-title\"><span>\u0160kr\u00e1bu se ze dna, \u0159\u00edk\u00e1 \u010desk\u00e1 reprezentantka. Nikdy p\u0159itom nep\u0159estala vyhr\u00e1vat<\/span><\/h3>\n        <\/a>\n    <\/div>\n    <\/article>\n<\/div>\n<p>Nejlep\u0161\u00ed <a href=\"https:\/\/sportid.online\/event-list-view\/55\">cenu startovn\u00e9ho<\/a> maj\u00ed prvn\u00edch 14 dn\u00ed od spu\u0161t\u011bn\u00ed registrac\u00ed nejv\u011brn\u011bj\u0161\u00ed cyklist\u00e9 z minul\u00fdch let \u2013 \u00fa\u010dastn\u00edci v\u016fbec prvn\u00edho \u201cmonumentu\u201d v 2023. A pak \u00fa\u010dastn\u00edci v\u0161ech t\u0159\u00ed akc\u00ed v uplynul\u00e9 sezon\u011b, takzvan\u00ed Superklasici. V\u0161ichni ostatn\u00ed mohou po\u0159\u00eddit nejv\u00fdhodn\u011bj\u0161\u00ed \u201cvstupenku\u201d do pelotonu do 31. ledna 2026.<\/p>\n","protected":false},"excerpt":{"rendered":"<p>Do \u010dtvrt\u00e9ho ro\u010dn\u00edku s velk\u00fdmi zm\u011bnami. Cyklistick\u00fd seri\u00e1l Road Classics m\u00e1 nov\u00e9ho titul\u00e1rn\u00edho partnera, kter\u00fdm je Direct poji\u0161\u0165ovna, a v [&hellip;]<\/p>\n","protected":false},"author":138,"featured_media":31809,"comment_status":"open","ping_status":"open","sticky":false,"template":"","format":"standard","meta":{"footnotes":""},"categories":[10],"tags":[126,3146,4459,3516,3145,4460,9,4389],"global-categories":[411],"class_list":["post-31805","post","type-post","status-publish","format-standard","has-post-thumbnail","hentry","category-silnicni-cyklistika","tag-cyklistika","tag-jested","tag-monumenty-2026","tag-palava","tag-road-classics","tag-road-classics-2026","tag-silnicni-cyklistika","tag-vysocina","global-categories-cycling"],"yoast_head":"<!-- This site is optimized with the Yoast SEO Premium plugin v25.3 (Yoast SEO v25.9) - https:\/\/yoast.com\/wordpress\/plugins\/seo\/ -->\n<title>Vyso\u010dina novinkou seri\u00e1lu Road Classics | \u0160koda We Love Cycling - \u010cesk\u00e1 republika<\/title>\n<meta name=\"description\" content=\"Do \u010dtvrt\u00e9ho ro\u010dn\u00edku s velk\u00fdmi zm\u011bnami. Cyklistick\u00fd seri\u00e1l Road Classics m\u00e1 nov\u00e9ho titul\u00e1rn\u00edho partnera, kter\u00fdm je Direct poji\u0161\u0165ovna, a v p\u0159\u00ed\u0161t\u00ed sezon\u011b se mohou tis\u00edce milovn\u00edk\u016f silni\u010dn\u00edho kola t\u011b\u0161it na novou lokalitu. Vedle ji\u017e tradi\u010dn\u00edch \u201cmonument\u016f\u201d P\u00e1lava a Je\u0161t\u011bd nab\u00eddne s\u00e9rie z\u00e1\u017eitkovou j\u00edzdu po uzav\u0159en\u00fdch silnic\u00edch tak\u00e9 na Vyso\u010din\u011b.\" \/>\n<meta name=\"robots\" content=\"index, follow, max-snippet:-1, max-image-preview:large, max-video-preview:-1\" \/>\n<link rel=\"canonical\" href=\"https:\/\/www.welovecycling.com\/cs\/2025\/12\/08\/vysocina-novinkou-serialu-road-classics\/\" \/>\n<meta property=\"og:locale\" content=\"cs_CZ\" \/>\n<meta property=\"og:type\" content=\"article\" \/>\n<meta property=\"og:title\" content=\"Vyso\u010dina novinkou seri\u00e1lu Road Classics\" \/>\n<meta property=\"og:description\" content=\"Do \u010dtvrt\u00e9ho ro\u010dn\u00edku s velk\u00fdmi zm\u011bnami. Cyklistick\u00fd seri\u00e1l Road Classics m\u00e1 nov\u00e9ho titul\u00e1rn\u00edho partnera, kter\u00fdm je Direct poji\u0161\u0165ovna, a v p\u0159\u00ed\u0161t\u00ed sezon\u011b se mohou tis\u00edce milovn\u00edk\u016f silni\u010dn\u00edho kola t\u011b\u0161it na novou lokalitu. Vedle ji\u017e tradi\u010dn\u00edch \u201cmonument\u016f\u201d P\u00e1lava a Je\u0161t\u011bd nab\u00eddne s\u00e9rie z\u00e1\u017eitkovou j\u00edzdu po uzav\u0159en\u00fdch silnic\u00edch tak\u00e9 na Vyso\u010din\u011b.\" \/>\n<meta property=\"og:url\" content=\"https:\/\/www.welovecycling.com\/cs\/2025\/12\/08\/vysocina-novinkou-serialu-road-classics\/\" \/>\n<meta property=\"og:site_name\" content=\"\u0160koda We Love Cycling - \u010cesk\u00e1 republika\" \/>\n<meta property=\"article:published_time\" content=\"2025-12-08T10:55:56+00:00\" \/>\n<meta property=\"article:modified_time\" content=\"2025-12-08T11:22:14+00:00\" \/>\n<meta property=\"og:image\" content=\"https:\/\/d2p6e6u75xmxt8.cloudfront.net\/13\/2025\/12\/20250517_roadclassics_palava_12-38-47_JN5_9526_lowres.webp\" \/>\n\t<meta property=\"og:image:width\" content=\"2048\" \/>\n\t<meta property=\"og:image:height\" content=\"1365\" \/>\n\t<meta property=\"og:image:type\" content=\"image\/webp\" \/>\n<meta name=\"author\" content=\"radekmalina\" \/>\n<meta name=\"twitter:card\" content=\"summary_large_image\" \/>\n<meta name=\"twitter:label1\" content=\"Written by\" \/>\n\t<meta name=\"twitter:data1\" content=\"Radek Malina\" \/>\n\t<meta name=\"twitter:label2\" content=\"Est. reading time\" \/>\n\t<meta name=\"twitter:data2\" content=\"6\" \/>\n<script type=\"application\/ld+json\" class=\"yoast-schema-graph\">{\"@context\":\"https:\/\/schema.org\",\"@graph\":[{\"@type\":\"WebPage\",\"@id\":\"https:\/\/www.welovecycling.com\/cs\/2025\/12\/08\/vysocina-novinkou-serialu-road-classics\/\",\"url\":\"https:\/\/www.welovecycling.com\/cs\/2025\/12\/08\/vysocina-novinkou-serialu-road-classics\/\",\"name\":\"Vyso\u010dina novinkou seri\u00e1lu Road Classics | \u0160koda We Love Cycling - \u010cesk\u00e1 republika\",\"isPartOf\":{\"@id\":\"https:\/\/www.welovecycling.com\/cs\/#website\"},\"primaryImageOfPage\":{\"@id\":\"https:\/\/www.welovecycling.com\/cs\/2025\/12\/08\/vysocina-novinkou-serialu-road-classics\/#primaryimage\"},\"image\":{\"@id\":\"https:\/\/www.welovecycling.com\/cs\/2025\/12\/08\/vysocina-novinkou-serialu-road-classics\/#primaryimage\"},\"thumbnailUrl\":\"https:\/\/d2p6e6u75xmxt8.cloudfront.net\/13\/2025\/12\/20250517_roadclassics_palava_12-38-47_JN5_9526_lowres.webp\",\"datePublished\":\"2025-12-08T10:55:56+00:00\",\"dateModified\":\"2025-12-08T11:22:14+00:00\",\"author\":{\"@id\":\"https:\/\/www.welovecycling.com\/cs\/#\/schema\/person\/d9eeb0a378f3a7e4a6d12d2b536b04b8\"},\"description\":\"Do \u010dtvrt\u00e9ho ro\u010dn\u00edku s velk\u00fdmi zm\u011bnami. Cyklistick\u00fd seri\u00e1l Road Classics m\u00e1 nov\u00e9ho titul\u00e1rn\u00edho partnera, kter\u00fdm je Direct poji\u0161\u0165ovna, a v p\u0159\u00ed\u0161t\u00ed sezon\u011b se mohou tis\u00edce milovn\u00edk\u016f silni\u010dn\u00edho kola t\u011b\u0161it na novou lokalitu. Vedle ji\u017e tradi\u010dn\u00edch \u201cmonument\u016f\u201d P\u00e1lava a Je\u0161t\u011bd nab\u00eddne s\u00e9rie z\u00e1\u017eitkovou j\u00edzdu po uzav\u0159en\u00fdch silnic\u00edch tak\u00e9 na Vyso\u010din\u011b.\",\"inLanguage\":\"cs\",\"potentialAction\":[{\"@type\":\"ReadAction\",\"target\":[\"https:\/\/www.welovecycling.com\/cs\/2025\/12\/08\/vysocina-novinkou-serialu-road-classics\/\"]}]},{\"@type\":\"ImageObject\",\"inLanguage\":\"cs\",\"@id\":\"https:\/\/www.welovecycling.com\/cs\/2025\/12\/08\/vysocina-novinkou-serialu-road-classics\/#primaryimage\",\"url\":\"https:\/\/d2p6e6u75xmxt8.cloudfront.net\/13\/2025\/12\/20250517_roadclassics_palava_12-38-47_JN5_9526_lowres.webp\",\"contentUrl\":\"https:\/\/d2p6e6u75xmxt8.cloudfront.net\/13\/2025\/12\/20250517_roadclassics_palava_12-38-47_JN5_9526_lowres.webp\",\"width\":2048,\"height\":1365,\"caption\":\"Road Classics 2026 odstartuje tradi\u010dn\u011b podnikem na P\u00e1lav\u011b.\"},{\"@type\":\"WebSite\",\"@id\":\"https:\/\/www.welovecycling.com\/cs\/#website\",\"url\":\"https:\/\/www.welovecycling.com\/cs\/\",\"name\":\"\u0160koda We Love Cycling - \u010cesk\u00e1 republika\",\"description\":\"WeLoveCycling.cz je online magaz\u00edn, kter\u00fd v\u00e1m pravideln\u011b p\u0159in\u00e1\u0161\u00ed rady a tipy, zaj\u00edmav\u00e9 \u010dl\u00e1nky, videa a jedine\u010dn\u00e9 report\u00e1\u017ee ze sv\u011bta cyklistiky.\",\"potentialAction\":[{\"@type\":\"SearchAction\",\"target\":{\"@type\":\"EntryPoint\",\"urlTemplate\":\"https:\/\/www.welovecycling.com\/cs\/?s={search_term_string}\"},\"query-input\":{\"@type\":\"PropertyValueSpecification\",\"valueRequired\":true,\"valueName\":\"search_term_string\"}}],\"inLanguage\":\"cs\"},{\"@type\":\"Person\",\"@id\":\"https:\/\/www.welovecycling.com\/cs\/#\/schema\/person\/d9eeb0a378f3a7e4a6d12d2b536b04b8\",\"name\":\"radekmalina\",\"image\":{\"@type\":\"ImageObject\",\"inLanguage\":\"cs\",\"@id\":\"https:\/\/www.welovecycling.com\/cs\/#\/schema\/person\/image\/\",\"url\":\"https:\/\/secure.gravatar.com\/avatar\/66994b632cb8c39a46b9f54afa3ae07201b678d32a54275b6f1c9ffec356bfc0?s=96&d=mm&r=g\",\"contentUrl\":\"https:\/\/secure.gravatar.com\/avatar\/66994b632cb8c39a46b9f54afa3ae07201b678d32a54275b6f1c9ffec356bfc0?s=96&d=mm&r=g\",\"caption\":\"radekmalina\"},\"url\":\"https:\/\/www.welovecycling.com\/cs\/author\/radekmalina\/\"}]}<\/script>\n<!-- \/ Yoast SEO Premium plugin. -->","yoast_head_json":{"title":"Vyso\u010dina novinkou seri\u00e1lu Road Classics | \u0160koda We Love Cycling - \u010cesk\u00e1 republika","description":"Do \u010dtvrt\u00e9ho ro\u010dn\u00edku s velk\u00fdmi zm\u011bnami. Cyklistick\u00fd seri\u00e1l Road Classics m\u00e1 nov\u00e9ho titul\u00e1rn\u00edho partnera, kter\u00fdm je Direct poji\u0161\u0165ovna, a v p\u0159\u00ed\u0161t\u00ed sezon\u011b se mohou tis\u00edce milovn\u00edk\u016f silni\u010dn\u00edho kola t\u011b\u0161it na novou lokalitu. Vedle ji\u017e tradi\u010dn\u00edch \u201cmonument\u016f\u201d P\u00e1lava a Je\u0161t\u011bd nab\u00eddne s\u00e9rie z\u00e1\u017eitkovou j\u00edzdu po uzav\u0159en\u00fdch silnic\u00edch tak\u00e9 na Vyso\u010din\u011b.","robots":{"index":"index","follow":"follow","max-snippet":"max-snippet:-1","max-image-preview":"max-image-preview:large","max-video-preview":"max-video-preview:-1"},"canonical":"https:\/\/www.welovecycling.com\/cs\/2025\/12\/08\/vysocina-novinkou-serialu-road-classics\/","og_locale":"cs_CZ","og_type":"article","og_title":"Vyso\u010dina novinkou seri\u00e1lu Road Classics","og_description":"Do \u010dtvrt\u00e9ho ro\u010dn\u00edku s velk\u00fdmi zm\u011bnami. Cyklistick\u00fd seri\u00e1l Road Classics m\u00e1 nov\u00e9ho titul\u00e1rn\u00edho partnera, kter\u00fdm je Direct poji\u0161\u0165ovna, a v p\u0159\u00ed\u0161t\u00ed sezon\u011b se mohou tis\u00edce milovn\u00edk\u016f silni\u010dn\u00edho kola t\u011b\u0161it na novou lokalitu. Vedle ji\u017e tradi\u010dn\u00edch \u201cmonument\u016f\u201d P\u00e1lava a Je\u0161t\u011bd nab\u00eddne s\u00e9rie z\u00e1\u017eitkovou j\u00edzdu po uzav\u0159en\u00fdch silnic\u00edch tak\u00e9 na Vyso\u010din\u011b.","og_url":"https:\/\/www.welovecycling.com\/cs\/2025\/12\/08\/vysocina-novinkou-serialu-road-classics\/","og_site_name":"\u0160koda We Love Cycling - \u010cesk\u00e1 republika","article_published_time":"2025-12-08T10:55:56+00:00","article_modified_time":"2025-12-08T11:22:14+00:00","og_image":[{"width":2048,"height":1365,"url":"https:\/\/d2p6e6u75xmxt8.cloudfront.net\/13\/2025\/12\/20250517_roadclassics_palava_12-38-47_JN5_9526_lowres.webp","type":"image\/webp"}],"author":"radekmalina","twitter_card":"summary_large_image","twitter_misc":{"Written by":"Radek Malina","Est. reading time":"6"},"schema":{"@context":"https:\/\/schema.org","@graph":[{"@type":"WebPage","@id":"https:\/\/www.welovecycling.com\/cs\/2025\/12\/08\/vysocina-novinkou-serialu-road-classics\/","url":"https:\/\/www.welovecycling.com\/cs\/2025\/12\/08\/vysocina-novinkou-serialu-road-classics\/","name":"Vyso\u010dina novinkou seri\u00e1lu Road Classics | \u0160koda We Love Cycling - \u010cesk\u00e1 republika","isPartOf":{"@id":"https:\/\/www.welovecycling.com\/cs\/#website"},"primaryImageOfPage":{"@id":"https:\/\/www.welovecycling.com\/cs\/2025\/12\/08\/vysocina-novinkou-serialu-road-classics\/#primaryimage"},"image":{"@id":"https:\/\/www.welovecycling.com\/cs\/2025\/12\/08\/vysocina-novinkou-serialu-road-classics\/#primaryimage"},"thumbnailUrl":"https:\/\/d2p6e6u75xmxt8.cloudfront.net\/13\/2025\/12\/20250517_roadclassics_palava_12-38-47_JN5_9526_lowres.webp","datePublished":"2025-12-08T10:55:56+00:00","dateModified":"2025-12-08T11:22:14+00:00","author":{"@id":"https:\/\/www.welovecycling.com\/cs\/#\/schema\/person\/d9eeb0a378f3a7e4a6d12d2b536b04b8"},"description":"Do \u010dtvrt\u00e9ho ro\u010dn\u00edku s velk\u00fdmi zm\u011bnami. Cyklistick\u00fd seri\u00e1l Road Classics m\u00e1 nov\u00e9ho titul\u00e1rn\u00edho partnera, kter\u00fdm je Direct poji\u0161\u0165ovna, a v p\u0159\u00ed\u0161t\u00ed sezon\u011b se mohou tis\u00edce milovn\u00edk\u016f silni\u010dn\u00edho kola t\u011b\u0161it na novou lokalitu. Vedle ji\u017e tradi\u010dn\u00edch \u201cmonument\u016f\u201d P\u00e1lava a Je\u0161t\u011bd nab\u00eddne s\u00e9rie z\u00e1\u017eitkovou j\u00edzdu po uzav\u0159en\u00fdch silnic\u00edch tak\u00e9 na Vyso\u010din\u011b.","inLanguage":"cs","potentialAction":[{"@type":"ReadAction","target":["https:\/\/www.welovecycling.com\/cs\/2025\/12\/08\/vysocina-novinkou-serialu-road-classics\/"]}]},{"@type":"ImageObject","inLanguage":"cs","@id":"https:\/\/www.welovecycling.com\/cs\/2025\/12\/08\/vysocina-novinkou-serialu-road-classics\/#primaryimage","url":"https:\/\/d2p6e6u75xmxt8.cloudfront.net\/13\/2025\/12\/20250517_roadclassics_palava_12-38-47_JN5_9526_lowres.webp","contentUrl":"https:\/\/d2p6e6u75xmxt8.cloudfront.net\/13\/2025\/12\/20250517_roadclassics_palava_12-38-47_JN5_9526_lowres.webp","width":2048,"height":1365,"caption":"Road Classics 2026 odstartuje tradi\u010dn\u011b podnikem na P\u00e1lav\u011b."},{"@type":"WebSite","@id":"https:\/\/www.welovecycling.com\/cs\/#website","url":"https:\/\/www.welovecycling.com\/cs\/","name":"\u0160koda We Love Cycling - \u010cesk\u00e1 republika","description":"WeLoveCycling.cz je online magaz\u00edn, kter\u00fd v\u00e1m pravideln\u011b p\u0159in\u00e1\u0161\u00ed rady a tipy, zaj\u00edmav\u00e9 \u010dl\u00e1nky, videa a jedine\u010dn\u00e9 report\u00e1\u017ee ze sv\u011bta cyklistiky.","potentialAction":[{"@type":"SearchAction","target":{"@type":"EntryPoint","urlTemplate":"https:\/\/www.welovecycling.com\/cs\/?s={search_term_string}"},"query-input":{"@type":"PropertyValueSpecification","valueRequired":true,"valueName":"search_term_string"}}],"inLanguage":"cs"},{"@type":"Person","@id":"https:\/\/www.welovecycling.com\/cs\/#\/schema\/person\/d9eeb0a378f3a7e4a6d12d2b536b04b8","name":"radekmalina","image":{"@type":"ImageObject","inLanguage":"cs","@id":"https:\/\/www.welovecycling.com\/cs\/#\/schema\/person\/image\/","url":"https:\/\/secure.gravatar.com\/avatar\/66994b632cb8c39a46b9f54afa3ae07201b678d32a54275b6f1c9ffec356bfc0?s=96&d=mm&r=g","contentUrl":"https:\/\/secure.gravatar.com\/avatar\/66994b632cb8c39a46b9f54afa3ae07201b678d32a54275b6f1c9ffec356bfc0?s=96&d=mm&r=g","caption":"radekmalina"},"url":"https:\/\/www.welovecycling.com\/cs\/author\/radekmalina\/"}]}},"_links":{"self":[{"href":"https:\/\/www.welovecycling.com\/cs\/wp-json\/wp\/v2\/posts\/31805","targetHints":{"allow":["GET"]}}],"collection":[{"href":"https:\/\/www.welovecycling.com\/cs\/wp-json\/wp\/v2\/posts"}],"about":[{"href":"https:\/\/www.welovecycling.com\/cs\/wp-json\/wp\/v2\/types\/post"}],"author":[{"embeddable":true,"href":"https:\/\/www.welovecycling.com\/cs\/wp-json\/wp\/v2\/users\/138"}],"replies":[{"embeddable":true,"href":"https:\/\/www.welovecycling.com\/cs\/wp-json\/wp\/v2\/comments?post=31805"}],"version-history":[{"count":3,"href":"https:\/\/www.welovecycling.com\/cs\/wp-json\/wp\/v2\/posts\/31805\/revisions"}],"predecessor-version":[{"id":31812,"href":"https:\/\/www.welovecycling.com\/cs\/wp-json\/wp\/v2\/posts\/31805\/revisions\/31812"}],"wp:featuredmedia":[{"embeddable":true,"href":"https:\/\/www.welovecycling.com\/cs\/wp-json\/wp\/v2\/media\/31809"}],"wp:attachment":[{"href":"https:\/\/www.welovecycling.com\/cs\/wp-json\/wp\/v2\/media?parent=31805"}],"wp:term":[{"taxonomy":"category","embeddable":true,"href":"https:\/\/www.welovecycling.com\/cs\/wp-json\/wp\/v2\/categories?post=31805"},{"taxonomy":"post_tag","embeddable":true,"href":"https:\/\/www.welovecycling.com\/cs\/wp-json\/wp\/v2\/tags?post=31805"},{"taxonomy":"global-categories","embeddable":true,"href":"https:\/\/www.welovecycling.com\/cs\/wp-json\/wp\/v2\/global-categories?post=31805"}],"curies":[{"name":"wp","href":"https:\/\/api.w.org\/{rel}","templated":true}]}}