{"id":31796,"date":"2025-12-09T05:00:13","date_gmt":"2025-12-09T03:00:13","guid":{"rendered":"https:\/\/www.welovecycling.com\/cs\/?p=31796"},"modified":"2025-12-08T12:56:33","modified_gmt":"2025-12-08T10:56:33","slug":"i-ledove-lazne-jsou-cestou-k-uspechu-co-na-ne-rika-zena-ceske-hvezdy","status":"publish","type":"post","link":"https:\/\/www.welovecycling.com\/cs\/2025\/12\/09\/i-ledove-lazne-jsou-cestou-k-uspechu-co-na-ne-rika-zena-ceske-hvezdy\/","title":{"rendered":"I ledov\u00e9 l\u00e1zn\u011b jsou cestou k \u00fasp\u011bchu! Co na n\u011b \u0159\u00edk\u00e1 \u017eena \u010desk\u00e9 hv\u011bzdy?"},"content":{"rendered":"<p><strong>Rok, kdy prolomil bari\u00e9ru. Poprv\u00e9 v kari\u00e9\u0159e vyhr\u00e1l z\u00e1vod sv\u011btov\u00e9ho poh\u00e1ru! \u010cesk\u00fd biker Ond\u0159ej Cink se ve \u010dty\u0159iat\u0159iceti letech do\u010dkal vysn\u011bn\u00e9ho \u00fasp\u011bchu. Ovl\u00e1dl z\u00e1vod mu\u017esk\u00e9 elity p\u0159i z\u00e1vod\u011b horsk\u00fdch kol v olympijsk\u00e9m cross country na trati v Leogangu. &#8222;Euforie v c\u00edli byla okam\u017eikem, kter\u00fd od\u010dinil d\u0159inu cel\u00e9 kari\u00e9ry. Jednozna\u010dn\u011b nejv\u011bt\u0161\u00ed \u00fasp\u011bch m\u00e9ho sportovn\u00edho \u017eivota,&#8220; vrac\u00ed se k okam\u017eiku z \u00favodu \u010dervna 2025.<\/strong><\/p>\n<p>Ond\u0159ej Cink vypravuje v rozhovoru pro WeLoveCycling o boji s v\u011bkem, prom\u011bn\u011b p\u0159\u00edstupu k testov\u00e1n\u00ed, konkurenci, tr\u00e9ninku, budoucnosti i pl\u00e1nech nejen pro nejbli\u017e\u0161\u00ed sezonu.<\/p>\n<h2><strong>Bude dal\u0161\u00ed sezona snadn\u011bj\u0161\u00ed s v\u011bdom\u00edm, \u017ee jeden triumf ze sv\u011btov\u00e9ho poh\u00e1ru u\u017e m\u00e1te?<\/strong><\/h2>\n<p>Ur\u010dit\u011b ne. Sp\u00ed\u0161e to bude ka\u017ed\u00fdm rokem t\u011b\u017e\u0161\u00ed a t\u011b\u017e\u0161\u00ed. Konkurence roste. Tr\u00e9nink se zdokonaluje. Mlad\u00ed kluci um\u00ed kolo mnohem l\u00e9pe ovl\u00e1dat ne\u017e kdysi. Jsou lep\u0161\u00ed technicky. Obecn\u011b se sport zdokonaluje. Probl\u00e9m je i m\u016fj v\u011bk. Ka\u017edop\u00e1dn\u011b v\u00fdsledek mi dal hodn\u011b velkou motivaci a dal\u0161\u00ed chu\u0165 do pr\u00e1ce. Kdy\u017e \u010dlov\u011bk za\u017eije euforii z v\u00edt\u011bzstv\u00ed jednou, chce ji za\u017e\u00edvat znovu. Zapomene na sv\u016fj v\u011bk a nep\u0159em\u00fd\u0161l\u00ed nad t\u00edm, \u017ee by m\u011bl kon\u010dit.<\/p>\n<h2><strong>Dva dny po Mikul\u00e1\u0161i oslav\u00ed Ond\u0159ej Cink p\u011btat\u0159ic\u00e1t\u00e9 narozeniny. Je pro bikera tohle \u010d\u00edslo p\u0159ek\u00e1\u017ekou?<\/strong><\/h2>\n<p>Hodn\u011b odpo\u010d\u00edv\u00e1m. Dodr\u017euji zdrav\u00fd \u017eivotn\u00ed styl. Sna\u017e\u00edm se vyu\u017e\u00edt ka\u017edou volnou chvilku a v\u011bnovat ji regeneraci. Hled\u00e1m nejr\u016fzn\u011bj\u0161\u00ed vychyt\u00e1vky, abych byl zdrav\u00fd. Proto\u017ee kdy\u017e jsem zdrav\u00fd, dok\u00e1\u017eu z\u00e1vodit na \u0161pici.<\/p>\n<figure id=\"attachment_29417\" aria-describedby=\"caption-attachment-29417\" style=\"width: 1200px\" class=\"wp-caption alignnone\"><a href=\"https:\/\/d2p6e6u75xmxt8.cloudfront.net\/13\/2025\/06\/profimedia-1008584931.webp\"><img loading=\"lazy\" decoding=\"async\" class=\"size-full wp-image-29417\" src=\"https:\/\/d2p6e6u75xmxt8.cloudfront.net\/13\/2025\/06\/profimedia-1008584931.webp\" alt=\"\" width=\"1200\" height=\"1800\" srcset=\"https:\/\/d2p6e6u75xmxt8.cloudfront.net\/13\/2025\/06\/profimedia-1008584931.webp 1200w, https:\/\/d2p6e6u75xmxt8.cloudfront.net\/13\/2025\/06\/profimedia-1008584931-200x300.webp 200w, https:\/\/d2p6e6u75xmxt8.cloudfront.net\/13\/2025\/06\/profimedia-1008584931-683x1024.webp 683w, https:\/\/d2p6e6u75xmxt8.cloudfront.net\/13\/2025\/06\/profimedia-1008584931-768x1152.webp 768w, https:\/\/d2p6e6u75xmxt8.cloudfront.net\/13\/2025\/06\/profimedia-1008584931-1024x1536.webp 1024w, https:\/\/d2p6e6u75xmxt8.cloudfront.net\/13\/2025\/06\/profimedia-1008584931-267x400.webp 267w\" sizes=\"auto, (max-width: 1200px) 100vw, 1200px\" \/><\/a><figcaption id=\"caption-attachment-29417\" class=\"wp-caption-text\"><em>Ond\u0159ej Cink oslavuje v\u00edt\u011bzstv\u00ed v Leogangu p\u0159i z\u00e1vod\u011b sv\u011btov\u00e9ho poh\u00e1ru.<\/em><\/figcaption><\/figure>\n<h2><strong>Prozrad\u00edte, kter\u00e9 vychyt\u00e1vky se osv\u011bd\u010dily?<\/strong><\/h2>\n<p>Hodn\u011b pou\u017e\u00edv\u00e1m terapii \u010derven\u00fdm sv\u011btlem. A moc se mi osv\u011bd\u010dilo otu\u017eov\u00e1n\u00ed. Prvn\u011b jsem s n\u00edm experimentoval u\u017e p\u0159ed \u0161esti lety. Jen\u017ee nikdy jsem nevydr\u017eel. Ale minul\u00fd rok bylo t\u011bch probl\u00e9m\u016f tolik, \u017ee jsem se rozhodl n\u00e1sledn\u011b v zim\u011b otu\u017eovat systematicky. Vydr\u017eel jsem a skute\u010dn\u011b byl m\u00e9n\u011b nemocn\u00fd. Letos jsem za\u010dal u\u017e v \u0159\u00edjnu. Rozhodn\u011b se mi zlep\u0161ila imunita, l\u00e9pe sp\u00edm, jsem ment\u00e1ln\u011b siln\u011bj\u0161\u00ed. I proto jsem v barelu s ledovou vodou ka\u017ed\u00fd den.<\/p>\n<h2><strong>Existuje teplotn\u00ed hranice, kdy u\u017e Ond\u0159ej Cink do ledov\u00e9 vody nevstoup\u00ed?<\/strong><\/h2>\n<p>Vlastn\u011b u\u017e ani nerozli\u0161uji teplotu. Vydr\u017eel jsem ned\u00e1vno t\u0159i a p\u016fl minuty doslova v ledu, kter\u00fd jsem si musel r\u00e1no rozb\u00edt, a pak kolem m\u011b plaval. Jednou jsem sed\u011bl v barelu, padal sn\u00edh&#8230; Man\u017eelka mi \u0159\u00edk\u00e1, \u017ee jsem v tomhle sm\u011bru magor. Kdy\u017e se otepl\u00ed a jsou venku t\u0159eba dva t\u0159i nad nulou, vydr\u017e\u00edm del\u0161\u00ed dobu. Jde o v\u00fdstup z komfortn\u00ed z\u00f3ny. Hodn\u011b jsem posunul i psychickou odolnost. Nem\u00e1m probl\u00e9m absolvovat tr\u00e9nink na kole, pokud mrhol\u00ed. Kdy\u017e je minus p\u011bt, tak nejedu, abych neriskoval t\u0159eba p\u00e1d nebo n\u011bjakou nemoc. Ale sychrav\u00e9 po\u010das\u00ed nebo mokr\u00e9 podm\u00ednky m\u011b u\u017e neodrad\u00ed.<\/p>\n<div class=\"shortcode-ys-post-pinup\"><article class=\"loop-simple post-31731 post type-post status-publish format-standard has-post-thumbnail hentry category-cyklokros tag-cyklistika tag-cyklokros tag-kristyna-zemanova tag-silnicni-cyklistika tag-vif-cycling global-categories-cycling\" data-postid=\"31731\" role=\"article\" data-post-id=\"31731\" data-word-count=\"800\" data-headline-length=\"87\" data-category=\"Cyklokros\" data-global-category=\"Cycling\" data-author=\"Radek Malina\" data-published=\"2025-11-27T06:00:07+02:00\" data-published-day=\"Thursday\">\n    <div class=\"entry-thumbnail article-thumbnail\" content=\"https:\/\/d2p6e6u75xmxt8.cloudfront.net\/13\/2025\/11\/zemanova-kristyna-1-150x150.webp\"><a href=\"https:\/\/www.welovecycling.com\/cs\/2025\/11\/27\/skrabu-se-ze-dna-rika-ceska-reprezentantka-nikdy-pritom-neprestala-vyhravat\/\" class=\"image-holder\" target=\"_self\"><img decoding=\"async\" loading=\"lazy\" class=\"\" src=\"https:\/\/d2p6e6u75xmxt8.cloudfront.net\/13\/2025\/11\/zemanova-kristyna-1-1024x683.webp\" srcset=\"https:\/\/d2p6e6u75xmxt8.cloudfront.net\/13\/2025\/11\/zemanova-kristyna-1-scaled.webp 2560w, https:\/\/d2p6e6u75xmxt8.cloudfront.net\/13\/2025\/11\/zemanova-kristyna-1-300x200.webp 300w, https:\/\/d2p6e6u75xmxt8.cloudfront.net\/13\/2025\/11\/zemanova-kristyna-1-1024x683.webp 1024w, https:\/\/d2p6e6u75xmxt8.cloudfront.net\/13\/2025\/11\/zemanova-kristyna-1-768x512.webp 768w, https:\/\/d2p6e6u75xmxt8.cloudfront.net\/13\/2025\/11\/zemanova-kristyna-1-1536x1024.webp 1536w, https:\/\/d2p6e6u75xmxt8.cloudfront.net\/13\/2025\/11\/zemanova-kristyna-1-2048x1366.webp 2048w, https:\/\/d2p6e6u75xmxt8.cloudfront.net\/13\/2025\/11\/zemanova-kristyna-1-1920x1280.webp 1920w, https:\/\/d2p6e6u75xmxt8.cloudfront.net\/13\/2025\/11\/zemanova-kristyna-1-400x267.webp 400w, https:\/\/d2p6e6u75xmxt8.cloudfront.net\/13\/2025\/11\/zemanova-kristyna-1-272x182.webp 272w, https:\/\/d2p6e6u75xmxt8.cloudfront.net\/13\/2025\/11\/zemanova-kristyna-1-1920x1280.webp 1920w\" width=\"1024\" height=\"683\" sizes=\"auto, (min-width: 1200px) 300px, (min-width: 768px) 25vw, 100vw\" alt=\"skrabu-se-ze-dna-rika-ceska-reprezentantka-nikdy-pritom-neprestala-vyhravat\"\/><\/a><\/div>    <div class=\"entry-meta\">\n        <a class=\"label label-secondary post-category\" href=\"https:\/\/www.welovecycling.com\/cs\/category\/cyklokros\/\" title=\"Cyklokros\">Cyklokros<\/a>\n    <\/div>\n    <div class=\"entry-details\">\n        <a href=\"https:\/\/www.welovecycling.com\/cs\/2025\/11\/27\/skrabu-se-ze-dna-rika-ceska-reprezentantka-nikdy-pritom-neprestala-vyhravat\/\" class='entry-title-wrapper'>\n            <h3 class=\"entry-title\"><span>\u0160kr\u00e1bu se ze dna, \u0159\u00edk\u00e1 \u010desk\u00e1 reprezentantka. Nikdy p\u0159itom nep\u0159estala vyhr\u00e1vat<\/span><\/h3>\n        <\/a>\n    <\/div>\n    <\/article>\n<\/div>\n<h2><strong>Prozrad\u00edte ambice do dal\u0161\u00ed sezony, v kter\u00e9 znovu obl\u00e9knete dres t\u00fdmu Cube Factory?<\/strong><\/h2>\n<p>Za\u017e\u00edt znovu v\u00edt\u011bzstv\u00ed ve sv\u011b\u0165\u00e1ku. Ide\u00e1ln\u011b v <a href=\"https:\/\/www.welovecycling.com\/cs\/2025\/06\/08\/ondrej-cink-odmenen-za-vytrvalost-vyhral-svetovy-pohar-v-leogangu\/\">Leogangu<\/a>, kde r\u00e1d z\u00e1vod\u00edm. Ale nechci se na to up\u00ednat. I proto, \u017ee \u00fadajn\u011b cht\u011bj\u00ed v Rakousku m\u011bnit tra\u0165. Skv\u011bl\u00fd v\u00fdsledek je dneska elitn\u00ed des\u00edtka, vlastn\u011b i elitn\u00ed dvac\u00edtka. Kdy\u017e jsem m\u011bl p\u0159ed patn\u00e1cti lety blb\u00fd den p\u0159i z\u00e1vod\u011b, dojel jsem patn\u00e1ct\u00fd. Kdybych m\u011bl blb\u00fd den letos, kon\u010d\u00edm pades\u00e1t\u00fd. Je to v\u00e1\u017en\u011b brut\u00e1ln\u00ed. Ka\u017edop\u00e1dn\u011b s\u00e1m na sebe si budu vytv\u00e1\u0159et velk\u00fd tlak.<\/p>\n<h2><strong>A konkr\u00e9tn\u00ed pl\u00e1ny?<\/strong><\/h2>\n<p>Velk\u00fdm c\u00edlem bude v\u00edt\u011bzstv\u00ed na mistrovstv\u00ed republiky v cross country ve Stupn\u011b, kde se chci vr\u00e1tit na dom\u00e1c\u00ed tr\u016fn. Nav\u00edc m\u016f\u017eu p\u0159ekonat J\u00e1ru Kulhav\u00e9ho v po\u010dtu dom\u00e1c\u00edch titul\u016f. D\u011bl\u00edme se historicky o prvn\u00ed p\u0159\u00ed\u010dku se sedmi v\u00fdhrami. A je to snad jedin\u00e1 statistika, v n\u00ed\u017e mohu b\u00fdt lep\u0161\u00ed. Ka\u017edop\u00e1dn\u011b p\u0159ekonat J\u00e1ru na trati, kter\u00e1 je pro m\u011b srde\u010dn\u00ed z\u00e1le\u017eitost\u00ed, by pro m\u011b moc znamenalo.<\/p>\n<figure id=\"attachment_31797\" aria-describedby=\"caption-attachment-31797\" style=\"width: 1373px\" class=\"wp-caption alignnone\"><a href=\"https:\/\/d2p6e6u75xmxt8.cloudfront.net\/13\/2025\/12\/IMG-20251202-WA0006.webp\"><img loading=\"lazy\" decoding=\"async\" class=\"size-extra-large wp-image-31797\" src=\"https:\/\/d2p6e6u75xmxt8.cloudfront.net\/13\/2025\/12\/IMG-20251202-WA0006-1373x1920.webp\" alt=\"\" width=\"1373\" height=\"1920\" srcset=\"https:\/\/d2p6e6u75xmxt8.cloudfront.net\/13\/2025\/12\/IMG-20251202-WA0006-1373x1920.webp 1373w, https:\/\/d2p6e6u75xmxt8.cloudfront.net\/13\/2025\/12\/IMG-20251202-WA0006-214x300.webp 214w, https:\/\/d2p6e6u75xmxt8.cloudfront.net\/13\/2025\/12\/IMG-20251202-WA0006-732x1024.webp 732w, https:\/\/d2p6e6u75xmxt8.cloudfront.net\/13\/2025\/12\/IMG-20251202-WA0006-768x1074.webp 768w, https:\/\/d2p6e6u75xmxt8.cloudfront.net\/13\/2025\/12\/IMG-20251202-WA0006-1098x1536.webp 1098w, https:\/\/d2p6e6u75xmxt8.cloudfront.net\/13\/2025\/12\/IMG-20251202-WA0006-286x400.webp 286w, https:\/\/d2p6e6u75xmxt8.cloudfront.net\/13\/2025\/12\/IMG-20251202-WA0006.webp 1464w, https:\/\/d2p6e6u75xmxt8.cloudfront.net\/13\/2025\/12\/IMG-20251202-WA0006-1373x1920.webp 1373w\" sizes=\"auto, (max-width: 1373px) 100vw, 1373px\" \/><\/a><figcaption id=\"caption-attachment-31797\" class=\"wp-caption-text\"><em>Ond\u0159ej Cink v tov\u00e1rn\u011b Cube Factory, kde si okam\u017eik po v\u00edt\u011bzstv\u00ed v Leogangu zajistil m\u00edsto mezi t\u0159emi nejv\u011bt\u0161\u00edmi okam\u017eiky zna\u010dky. Foto: archiv Ond\u0159eje Cinka<\/em><\/figcaption><\/figure>\n<h2><strong>Zmi\u0148ujete rostouc\u00ed konkurenci. Jak moc se zm\u011bnilo cross country horsk\u00fdch kol z hlediska zaji\u0161t\u011bn\u00ed?<\/strong><\/h2>\n<p>Dramaticky. Posun je obrovsk\u00fd. T\u0159eba v \u00fanoru jsme byli na soust\u0159ed\u011bn\u00ed ve \u0160pan\u011blsku. Jeden den jsme \u0159e\u0161ili jenom tlumi\u010de. Ka\u017ed\u00fd ladil ide\u00e1ln\u00ed nastaven\u00ed pro sv\u016fj styl. V Nov\u00e9m M\u011bst\u011b na Morav\u011b p\u0159ed sv\u011btov\u00fdm poh\u00e1rem jsem na trati testoval tlumi\u010de znovu. M\u011bl jsem senzory na kole, data se p\u0159en\u00e1\u0161ela do po\u010d\u00edta\u010de a program vypo\u010d\u00edt\u00e1v\u00e1, jak se m\u00e1 kolo nastavit. Nikdy v minulosti jsem nic takov\u00e9ho ned\u011blal. Nebo jsme byli v It\u00e1lii testovat pl\u00e1\u0161t\u011b. Hledali jsme vylo\u017een\u011b nejlep\u0161\u00ed obut\u00ed pro jezdeck\u00fd styl ka\u017ed\u00e9ho z n\u00e1s. P\u0159ed deseti lety nic podobn\u00e9ho nebylo. Te\u010f se \u0159e\u0161\u00ed ka\u017ed\u00fd detail.<\/p>\n<div class=\"shortcode-ys-post-pinup\"><article class=\"loop-simple post-31753 post type-post status-publish format-standard has-post-thumbnail hentry category-silnicni-cyklistika tag-cyklistika tag-milos-hrazdira tag-silnicni-cyklistika tag-skoda-130-let global-categories-cycling\" data-postid=\"31753\" role=\"article\" data-post-id=\"31753\" data-word-count=\"517\" data-headline-length=\"52\" data-category=\"Silni\u010dn\u00ed cyklistika\" data-global-category=\"Cycling\" data-author=\"We Love Cycling\" data-published=\"2025-12-01T05:30:36+02:00\" data-published-day=\"Monday\">\n    <div class=\"entry-thumbnail article-thumbnail\" content=\"https:\/\/d2p6e6u75xmxt8.cloudfront.net\/13\/2025\/11\/profimedia-0664220989-150x150.webp\"><a href=\"https:\/\/www.welovecycling.com\/cs\/2025\/12\/01\/po-dvanacti-pivech-na-kole-stremhlav-pro-embecko\/\" class=\"image-holder\" target=\"_self\"><img decoding=\"async\" loading=\"lazy\" class=\"\" src=\"https:\/\/d2p6e6u75xmxt8.cloudfront.net\/13\/2025\/11\/profimedia-0664220989-1024x693.webp\" srcset=\"https:\/\/d2p6e6u75xmxt8.cloudfront.net\/13\/2025\/11\/profimedia-0664220989.webp 1800w, https:\/\/d2p6e6u75xmxt8.cloudfront.net\/13\/2025\/11\/profimedia-0664220989-300x203.webp 300w, https:\/\/d2p6e6u75xmxt8.cloudfront.net\/13\/2025\/11\/profimedia-0664220989-1024x693.webp 1024w, https:\/\/d2p6e6u75xmxt8.cloudfront.net\/13\/2025\/11\/profimedia-0664220989-768x520.webp 768w, https:\/\/d2p6e6u75xmxt8.cloudfront.net\/13\/2025\/11\/profimedia-0664220989-1536x1039.webp 1536w, https:\/\/d2p6e6u75xmxt8.cloudfront.net\/13\/2025\/11\/profimedia-0664220989-400x271.webp 400w\" width=\"1024\" height=\"693\" sizes=\"auto, (min-width: 1200px) 300px, (min-width: 768px) 25vw, 100vw\" alt=\"po-dvanacti-pivech-na-kole-stremhlav-pro-embecko\"\/><\/a><\/div>    <div class=\"entry-meta\">\n        <a class=\"label label-secondary post-category\" href=\"https:\/\/www.welovecycling.com\/cs\/category\/silnicni-cyklistika\/\" title=\"Silni\u010dn\u00ed cyklistika\">Silni\u010dn\u00ed cyklistika<\/a>\n    <\/div>\n    <div class=\"entry-details\">\n        <a href=\"https:\/\/www.welovecycling.com\/cs\/2025\/12\/01\/po-dvanacti-pivech-na-kole-stremhlav-pro-embecko\/\" class='entry-title-wrapper'>\n            <h3 class=\"entry-title\"><span>Po dvan\u00e1cti pivech na kole st\u0159emhlav pro emb\u00e9\u010dko<\/span><\/h3>\n        <\/a>\n    <\/div>\n    <\/article>\n<\/div>\n<h2><strong>Druh\u00fdm parametrem, v n\u011bm\u017e m\u016f\u017ee b\u00fdt Ond\u0159ej Cink lep\u0161\u00ed ne\u017e Jaroslav Kulhav\u00fd, je po\u010det \u00fa\u010dast\u00ed na olympijsk\u00fdch hr\u00e1ch. Moment\u00e1ln\u011b m\u00e1te shodn\u011b oba \u010dty\u0159i starty.<\/strong><\/h2>\n<p>P\u00e1t\u00e1 \u00fa\u010dast v boj\u00edch pod p\u011bti kruhy m\u011b moc l\u00e1k\u00e1. Prvn\u011b jsem jel v Lond\u00fdn\u011b. Pak v Riu, v Tokiu a v Pa\u0159\u00ed\u017ei. Kdyby se mi poda\u0159ilo udr\u017eet v\u00fdkonnost a kvalifikovat se do Los Angeles, \u0161lo by o spln\u011bn\u00fd sen. Jde o velk\u00fd c\u00edl.<\/p>\n<h2><strong>Budete tou dobou je\u0161t\u011b obl\u00e9kat trikot sestavy Cube? Pomohl \u00fasp\u011bch v Leogangu k dlouhodob\u011bj\u0161\u00edmu kontraktu?<\/strong><\/h2>\n<p>M\u011bl jsem kontrakt na rok s ro\u010dn\u00ed opc\u00ed. Do\u0161lo automaticky k prodlou\u017een\u00ed smlouvy. Vlastn\u011b na z\u00e1klad\u011b v\u00fdsledk\u016f, kter\u00fdch jsem dos\u00e1hl je\u0161t\u011b p\u0159ed v\u00edt\u011bzstv\u00edm v Leogangu. To u\u017e byl jenom bonus. Ka\u017edop\u00e1dn\u011b \u0161lo o velk\u00fd moment nejen pro m\u011b, ale i pro zna\u010dku. V centr\u00e1le spole\u010dnosti Cube je na chodb\u011b zelen\u00e9 silni\u010dn\u00ed kolo Bini Girmaye za v\u00edt\u011bzstv\u00ed v bodovac\u00ed sout\u011b\u017ei na Tour de France 2024. Pak \u010dasovk\u00e1\u0159sk\u00fd speci\u00e1l Lucy Charles Barlayov\u00e9, kter\u00e1 dvakr\u00e1t vyhr\u00e1la na Havaji Ironmana. A te\u010f se v\u00fdstava rozrostla o t\u0159et\u00ed expon\u00e1t v podob\u011b m\u00e9ho v\u00edt\u011bzn\u00e9ho stroje z Leogangu.<\/p>\n<figure id=\"attachment_30881\" aria-describedby=\"caption-attachment-30881\" style=\"width: 1800px\" class=\"wp-caption alignnone\"><a href=\"https:\/\/d2p6e6u75xmxt8.cloudfront.net\/13\/2025\/09\/profimedia-1032558459.webp\"><img loading=\"lazy\" decoding=\"async\" class=\"size-full wp-image-30881\" src=\"https:\/\/d2p6e6u75xmxt8.cloudfront.net\/13\/2025\/09\/profimedia-1032558459.webp\" alt=\"\" width=\"1800\" height=\"1200\" srcset=\"https:\/\/d2p6e6u75xmxt8.cloudfront.net\/13\/2025\/09\/profimedia-1032558459.webp 1800w, https:\/\/d2p6e6u75xmxt8.cloudfront.net\/13\/2025\/09\/profimedia-1032558459-300x200.webp 300w, https:\/\/d2p6e6u75xmxt8.cloudfront.net\/13\/2025\/09\/profimedia-1032558459-1024x683.webp 1024w, https:\/\/d2p6e6u75xmxt8.cloudfront.net\/13\/2025\/09\/profimedia-1032558459-768x512.webp 768w, https:\/\/d2p6e6u75xmxt8.cloudfront.net\/13\/2025\/09\/profimedia-1032558459-1536x1024.webp 1536w, https:\/\/d2p6e6u75xmxt8.cloudfront.net\/13\/2025\/09\/profimedia-1032558459-400x267.webp 400w, https:\/\/d2p6e6u75xmxt8.cloudfront.net\/13\/2025\/09\/profimedia-1032558459-272x182.webp 272w\" sizes=\"auto, (max-width: 1800px) 100vw, 1800px\" \/><\/a><figcaption id=\"caption-attachment-30881\" class=\"wp-caption-text\"><em>\u010cesk\u00fd biker Ond\u0159ej Cink p\u0159i z\u00e1vod\u011b sv\u011btov\u00e9ho poh\u00e1ru v Les Gets.<\/em><\/figcaption><\/figure>\n<h2><strong>O\u010dek\u00e1v\u00e1n\u00ed t\u00fdmu Ond\u0159ej Cink nepochybn\u011b naplnil na sto procent. M\u011bl jste b\u00fdt vzorem pro mlad\u00e9 z\u00e1vodn\u00edky Cube Factory a p\u0159itom jste pat\u0159il v\u00fdsledkov\u011b k nejlep\u0161\u00edm.<\/strong><\/h2>\n<p>Jsem jedin\u00fd star\u0161\u00ed. Kira B\u00f6hm oslavila t\u0159iadvacet, Finn Treudler dvaadvacet, Ella Maclean Howellov\u00e1 jednadvacet a Nikolaj Hougs dokonce jen devaten\u00e1ct. M\u00fdm posl\u00e1n\u00edm bylo p\u0159ed\u00e1vat zku\u0161enosti. Uk\u00e1zat cestu t\u0159eba v ot\u00e1zce stravov\u00e1n\u00ed, p\u0159\u00edstupu k regeneraci. Pr\u00e1v\u011b s Finnem Treudlerem jsem si hodn\u011b sednul. Po sezon\u011b mi napsal, jak moc ho t\u011b\u0161\u00ed, \u017ee jsme par\u0165\u00e1ci a kolik v\u011bc\u00ed se po m\u00e9m boku nau\u010dil. I \u0161\u00e9f t\u00fdmu vyzdvihl, \u017ee jsem dobr\u00fdm p\u0159\u00edkladem. Douf\u00e1m, \u017ee to bude platit i d\u00e1l.<\/p>\n<div class=\"shortcode-ys-post-pinup\"><article class=\"loop-simple post-31645 post type-post status-publish format-standard has-post-thumbnail hentry category-cyklokros tag-cyklistika tag-cyklokros tag-ms-v-cyklokrosu tag-sp-tabor tag-svetovy-pohar-v-cyklokrosu tag-tabor tag-zdenek-stybar global-categories-cycling\" data-postid=\"31645\" role=\"article\" data-post-id=\"31645\" data-word-count=\"555\" data-headline-length=\"50\" data-category=\"Cyklokros\" data-global-category=\"Cycling\" data-author=\"Radek Malina\" data-published=\"2025-11-24T18:03:30+02:00\" data-published-day=\"Monday\">\n    <div class=\"entry-thumbnail article-thumbnail\" content=\"https:\/\/d2p6e6u75xmxt8.cloudfront.net\/13\/2021\/01\/stybar-titul-2010-michal-cerveny-150x150.webp\"><a href=\"https:\/\/www.welovecycling.com\/cs\/2025\/11\/24\/osudovy-tabor-jehoz-jmeno-chvili-nenavidel\/\" class=\"image-holder\" target=\"_self\"><img decoding=\"async\" loading=\"lazy\" class=\"\" src=\"https:\/\/d2p6e6u75xmxt8.cloudfront.net\/13\/2021\/01\/stybar-titul-2010-michal-cerveny-1024x654.webp\" srcset=\"https:\/\/d2p6e6u75xmxt8.cloudfront.net\/13\/2021\/01\/stybar-titul-2010-michal-cerveny.webp 1600w, https:\/\/d2p6e6u75xmxt8.cloudfront.net\/13\/2021\/01\/stybar-titul-2010-michal-cerveny-300x192.webp 300w, https:\/\/d2p6e6u75xmxt8.cloudfront.net\/13\/2021\/01\/stybar-titul-2010-michal-cerveny-1024x654.webp 1024w, https:\/\/d2p6e6u75xmxt8.cloudfront.net\/13\/2021\/01\/stybar-titul-2010-michal-cerveny-768x491.webp 768w, https:\/\/d2p6e6u75xmxt8.cloudfront.net\/13\/2021\/01\/stybar-titul-2010-michal-cerveny-1536x981.webp 1536w\" width=\"1024\" height=\"654\" sizes=\"auto, (min-width: 1200px) 314px, (min-width: 768px) 26vw, 100vw\" alt=\"osudovy-tabor-jehoz-jmeno-chvili-nenavidel\"\/><\/a><\/div>    <div class=\"entry-meta\">\n        <a class=\"label label-secondary post-category\" href=\"https:\/\/www.welovecycling.com\/cs\/category\/cyklokros\/\" title=\"Cyklokros\">Cyklokros<\/a>\n    <\/div>\n    <div class=\"entry-details\">\n        <a href=\"https:\/\/www.welovecycling.com\/cs\/2025\/11\/24\/osudovy-tabor-jehoz-jmeno-chvili-nenavidel\/\" class='entry-title-wrapper'>\n            <h3 class=\"entry-title\"><span>Osudov\u00fd T\u00e1bor, jeho\u017e jm\u00e9no chv\u00edli nen\u00e1vid\u011bl<\/span><\/h3>\n        <\/a>\n    <\/div>\n    <\/article>\n<\/div>\n<h2><strong>Bude se p\u0159\u00edprava z\u00e1sadn\u011b li\u0161it ve srovn\u00e1n\u00ed s minulost\u00ed s ohledem na kv\u011btnov\u00fd start sv\u011btov\u00e9ho poh\u00e1ru?<\/strong><\/h2>\n<p>V prosinci absolvuji soust\u0159ed\u011bn\u00ed na Mallorce. Leden bude klidn\u011bj\u0161\u00ed. Z\u0159ejm\u011b vyraz\u00edm na hory. Budu tr\u00e9novat i na b\u011b\u017ek\u00e1ch. Na konci ledna m\u00e1me teambuilding v tov\u00e1rn\u011b Cube. N\u00e1sledn\u011b je v pl\u00e1nu t\u00fddenn\u00ed soust\u0159ed\u011bn\u00ed cel\u00e9ho t\u00fdmu v italsk\u00e9m Finale Ligure, kter\u00e9 bude zam\u011b\u0159en\u00e9 hlavn\u011b na techniku. A pak pojedu na t\u0159i t\u00fddny do \u0160pan\u011blska, abych u\u017e ladil v\u00fdkonnost sm\u011brem k prvn\u00edm z\u00e1vod\u016fm.<\/p>\n","protected":false},"excerpt":{"rendered":"<p>Rok, kdy prolomil bari\u00e9ru. Poprv\u00e9 v kari\u00e9\u0159e vyhr\u00e1l z\u00e1vod sv\u011btov\u00e9ho poh\u00e1ru! \u010cesk\u00fd biker Ond\u0159ej Cink se ve \u010dty\u0159iat\u0159iceti letech do\u010dkal [&hellip;]<\/p>\n","protected":false},"author":138,"featured_media":31000,"comment_status":"open","ping_status":"open","sticky":false,"template":"","format":"standard","meta":{"footnotes":""},"categories":[11],"tags":[157,126,56,1207,205],"global-categories":[411],"class_list":["post-31796","post","type-post","status-publish","format-standard","has-post-thumbnail","hentry","category-horska-cyklistika","tag-cross-country","tag-cyklistika","tag-horska-cyklistika","tag-leogang","tag-ondrej-cink","global-categories-cycling"],"yoast_head":"<!-- This site is optimized with the Yoast SEO Premium plugin v25.3 (Yoast SEO v25.9) - https:\/\/yoast.com\/wordpress\/plugins\/seo\/ -->\n<title>I ledov\u00e9 l\u00e1zn\u011b jsou cestou k \u00fasp\u011bchu! Co na n\u011b \u0159\u00edk\u00e1 \u017eena \u010desk\u00e9 hv\u011bzdy? | \u0160koda We Love Cycling - \u010cesk\u00e1 republika<\/title>\n<meta name=\"description\" content=\"Rok, kdy prolomil bari\u00e9ru. Poprv\u00e9 v kari\u00e9\u0159e vyhr\u00e1l z\u00e1vod sv\u011btov\u00e9ho poh\u00e1ru! \u010cesk\u00fd biker Ond\u0159ej Cink se ve \u010dty\u0159iat\u0159iceti letech do\u010dkal vysn\u011bn\u00e9ho \u00fasp\u011bchu. Ovl\u00e1dl z\u00e1vod mu\u017esk\u00e9 elity p\u0159i z\u00e1vod\u011b horsk\u00fdch kol v olympijsk\u00e9m cross country na trati v Leogangu. &quot;Euforie v c\u00edli byla okam\u017eikem, kter\u00fd od\u010dinil d\u0159inu cel\u00e9 kari\u00e9ry. Jednozna\u010dn\u011b nejv\u011bt\u0161\u00ed \u00fasp\u011bch m\u00e9ho sportovn\u00edho \u017eivota,&quot; vrac\u00ed se k okam\u017eiku z \u00favodu \u010dervna 2025.\" \/>\n<meta name=\"robots\" content=\"index, follow, max-snippet:-1, max-image-preview:large, max-video-preview:-1\" \/>\n<link rel=\"canonical\" href=\"https:\/\/www.welovecycling.com\/cs\/2025\/12\/09\/i-ledove-lazne-jsou-cestou-k-uspechu-co-na-ne-rika-zena-ceske-hvezdy\/\" \/>\n<meta property=\"og:locale\" content=\"cs_CZ\" \/>\n<meta property=\"og:type\" content=\"article\" \/>\n<meta property=\"og:title\" content=\"I ledov\u00e9 l\u00e1zn\u011b jsou cestou k \u00fasp\u011bchu! Co na n\u011b \u0159\u00edk\u00e1 \u017eena \u010desk\u00e9 hv\u011bzdy?\" \/>\n<meta property=\"og:description\" content=\"Rok, kdy prolomil bari\u00e9ru. Poprv\u00e9 v kari\u00e9\u0159e vyhr\u00e1l z\u00e1vod sv\u011btov\u00e9ho poh\u00e1ru! \u010cesk\u00fd biker Ond\u0159ej Cink se ve \u010dty\u0159iat\u0159iceti letech do\u010dkal vysn\u011bn\u00e9ho \u00fasp\u011bchu. Ovl\u00e1dl z\u00e1vod mu\u017esk\u00e9 elity p\u0159i z\u00e1vod\u011b horsk\u00fdch kol v olympijsk\u00e9m cross country na trati v Leogangu. &quot;Euforie v c\u00edli byla okam\u017eikem, kter\u00fd od\u010dinil d\u0159inu cel\u00e9 kari\u00e9ry. Jednozna\u010dn\u011b nejv\u011bt\u0161\u00ed \u00fasp\u011bch m\u00e9ho sportovn\u00edho \u017eivota,&quot; vrac\u00ed se k okam\u017eiku z \u00favodu \u010dervna 2025.\" \/>\n<meta property=\"og:url\" content=\"https:\/\/www.welovecycling.com\/cs\/2025\/12\/09\/i-ledove-lazne-jsou-cestou-k-uspechu-co-na-ne-rika-zena-ceske-hvezdy\/\" \/>\n<meta property=\"og:site_name\" content=\"\u0160koda We Love Cycling - \u010cesk\u00e1 republika\" \/>\n<meta property=\"article:published_time\" content=\"2025-12-09T03:00:13+00:00\" \/>\n<meta property=\"og:image\" content=\"https:\/\/d2p6e6u75xmxt8.cloudfront.net\/13\/2025\/09\/cink-2-scaled.webp\" \/>\n\t<meta property=\"og:image:width\" content=\"2560\" \/>\n\t<meta property=\"og:image:height\" content=\"1707\" \/>\n\t<meta property=\"og:image:type\" content=\"image\/webp\" \/>\n<meta name=\"author\" content=\"radekmalina\" \/>\n<meta name=\"twitter:card\" content=\"summary_large_image\" \/>\n<meta name=\"twitter:label1\" content=\"Written by\" \/>\n\t<meta name=\"twitter:data1\" content=\"Radek Malina\" \/>\n\t<meta name=\"twitter:label2\" content=\"Est. reading time\" \/>\n\t<meta name=\"twitter:data2\" content=\"5\" \/>\n<script type=\"application\/ld+json\" class=\"yoast-schema-graph\">{\"@context\":\"https:\/\/schema.org\",\"@graph\":[{\"@type\":\"WebPage\",\"@id\":\"https:\/\/www.welovecycling.com\/cs\/2025\/12\/09\/i-ledove-lazne-jsou-cestou-k-uspechu-co-na-ne-rika-zena-ceske-hvezdy\/\",\"url\":\"https:\/\/www.welovecycling.com\/cs\/2025\/12\/09\/i-ledove-lazne-jsou-cestou-k-uspechu-co-na-ne-rika-zena-ceske-hvezdy\/\",\"name\":\"I ledov\u00e9 l\u00e1zn\u011b jsou cestou k \u00fasp\u011bchu! Co na n\u011b \u0159\u00edk\u00e1 \u017eena \u010desk\u00e9 hv\u011bzdy? | \u0160koda We Love Cycling - \u010cesk\u00e1 republika\",\"isPartOf\":{\"@id\":\"https:\/\/www.welovecycling.com\/cs\/#website\"},\"primaryImageOfPage\":{\"@id\":\"https:\/\/www.welovecycling.com\/cs\/2025\/12\/09\/i-ledove-lazne-jsou-cestou-k-uspechu-co-na-ne-rika-zena-ceske-hvezdy\/#primaryimage\"},\"image\":{\"@id\":\"https:\/\/www.welovecycling.com\/cs\/2025\/12\/09\/i-ledove-lazne-jsou-cestou-k-uspechu-co-na-ne-rika-zena-ceske-hvezdy\/#primaryimage\"},\"thumbnailUrl\":\"https:\/\/d2p6e6u75xmxt8.cloudfront.net\/13\/2025\/09\/cink-2-scaled.webp\",\"datePublished\":\"2025-12-09T03:00:13+00:00\",\"author\":{\"@id\":\"https:\/\/www.welovecycling.com\/cs\/#\/schema\/person\/d9eeb0a378f3a7e4a6d12d2b536b04b8\"},\"description\":\"Rok, kdy prolomil bari\u00e9ru. Poprv\u00e9 v kari\u00e9\u0159e vyhr\u00e1l z\u00e1vod sv\u011btov\u00e9ho poh\u00e1ru! \u010cesk\u00fd biker Ond\u0159ej Cink se ve \u010dty\u0159iat\u0159iceti letech do\u010dkal vysn\u011bn\u00e9ho \u00fasp\u011bchu. Ovl\u00e1dl z\u00e1vod mu\u017esk\u00e9 elity p\u0159i z\u00e1vod\u011b horsk\u00fdch kol v olympijsk\u00e9m cross country na trati v Leogangu. \\\"Euforie v c\u00edli byla okam\u017eikem, kter\u00fd od\u010dinil d\u0159inu cel\u00e9 kari\u00e9ry. Jednozna\u010dn\u011b nejv\u011bt\u0161\u00ed \u00fasp\u011bch m\u00e9ho sportovn\u00edho \u017eivota,\\\" vrac\u00ed se k okam\u017eiku z \u00favodu \u010dervna 2025.\",\"inLanguage\":\"cs\",\"potentialAction\":[{\"@type\":\"ReadAction\",\"target\":[\"https:\/\/www.welovecycling.com\/cs\/2025\/12\/09\/i-ledove-lazne-jsou-cestou-k-uspechu-co-na-ne-rika-zena-ceske-hvezdy\/\"]}]},{\"@type\":\"ImageObject\",\"inLanguage\":\"cs\",\"@id\":\"https:\/\/www.welovecycling.com\/cs\/2025\/12\/09\/i-ledove-lazne-jsou-cestou-k-uspechu-co-na-ne-rika-zena-ceske-hvezdy\/#primaryimage\",\"url\":\"https:\/\/d2p6e6u75xmxt8.cloudfront.net\/13\/2025\/09\/cink-2-scaled.webp\",\"contentUrl\":\"https:\/\/d2p6e6u75xmxt8.cloudfront.net\/13\/2025\/09\/cink-2-scaled.webp\",\"width\":2560,\"height\":1707,\"caption\":\"Ond\u0159ej Cink po vystoupen\u00ed na MS ve \u0160v\u00fdcarsku. Foto: Filip Bezd\u011bk\/\u010cesk\u00fd svaz cyklistiky (2x)\"},{\"@type\":\"WebSite\",\"@id\":\"https:\/\/www.welovecycling.com\/cs\/#website\",\"url\":\"https:\/\/www.welovecycling.com\/cs\/\",\"name\":\"\u0160koda We Love Cycling - \u010cesk\u00e1 republika\",\"description\":\"WeLoveCycling.cz je online magaz\u00edn, kter\u00fd v\u00e1m pravideln\u011b p\u0159in\u00e1\u0161\u00ed rady a tipy, zaj\u00edmav\u00e9 \u010dl\u00e1nky, videa a jedine\u010dn\u00e9 report\u00e1\u017ee ze sv\u011bta cyklistiky.\",\"potentialAction\":[{\"@type\":\"SearchAction\",\"target\":{\"@type\":\"EntryPoint\",\"urlTemplate\":\"https:\/\/www.welovecycling.com\/cs\/?s={search_term_string}\"},\"query-input\":{\"@type\":\"PropertyValueSpecification\",\"valueRequired\":true,\"valueName\":\"search_term_string\"}}],\"inLanguage\":\"cs\"},{\"@type\":\"Person\",\"@id\":\"https:\/\/www.welovecycling.com\/cs\/#\/schema\/person\/d9eeb0a378f3a7e4a6d12d2b536b04b8\",\"name\":\"radekmalina\",\"image\":{\"@type\":\"ImageObject\",\"inLanguage\":\"cs\",\"@id\":\"https:\/\/www.welovecycling.com\/cs\/#\/schema\/person\/image\/\",\"url\":\"https:\/\/secure.gravatar.com\/avatar\/66994b632cb8c39a46b9f54afa3ae07201b678d32a54275b6f1c9ffec356bfc0?s=96&d=mm&r=g\",\"contentUrl\":\"https:\/\/secure.gravatar.com\/avatar\/66994b632cb8c39a46b9f54afa3ae07201b678d32a54275b6f1c9ffec356bfc0?s=96&d=mm&r=g\",\"caption\":\"radekmalina\"},\"url\":\"https:\/\/www.welovecycling.com\/cs\/author\/radekmalina\/\"}]}<\/script>\n<!-- \/ Yoast SEO Premium plugin. -->","yoast_head_json":{"title":"I ledov\u00e9 l\u00e1zn\u011b jsou cestou k \u00fasp\u011bchu! Co na n\u011b \u0159\u00edk\u00e1 \u017eena \u010desk\u00e9 hv\u011bzdy? | \u0160koda We Love Cycling - \u010cesk\u00e1 republika","description":"Rok, kdy prolomil bari\u00e9ru. Poprv\u00e9 v kari\u00e9\u0159e vyhr\u00e1l z\u00e1vod sv\u011btov\u00e9ho poh\u00e1ru! \u010cesk\u00fd biker Ond\u0159ej Cink se ve \u010dty\u0159iat\u0159iceti letech do\u010dkal vysn\u011bn\u00e9ho \u00fasp\u011bchu. Ovl\u00e1dl z\u00e1vod mu\u017esk\u00e9 elity p\u0159i z\u00e1vod\u011b horsk\u00fdch kol v olympijsk\u00e9m cross country na trati v Leogangu. \"Euforie v c\u00edli byla okam\u017eikem, kter\u00fd od\u010dinil d\u0159inu cel\u00e9 kari\u00e9ry. Jednozna\u010dn\u011b nejv\u011bt\u0161\u00ed \u00fasp\u011bch m\u00e9ho sportovn\u00edho \u017eivota,\" vrac\u00ed se k okam\u017eiku z \u00favodu \u010dervna 2025.","robots":{"index":"index","follow":"follow","max-snippet":"max-snippet:-1","max-image-preview":"max-image-preview:large","max-video-preview":"max-video-preview:-1"},"canonical":"https:\/\/www.welovecycling.com\/cs\/2025\/12\/09\/i-ledove-lazne-jsou-cestou-k-uspechu-co-na-ne-rika-zena-ceske-hvezdy\/","og_locale":"cs_CZ","og_type":"article","og_title":"I ledov\u00e9 l\u00e1zn\u011b jsou cestou k \u00fasp\u011bchu! Co na n\u011b \u0159\u00edk\u00e1 \u017eena \u010desk\u00e9 hv\u011bzdy?","og_description":"Rok, kdy prolomil bari\u00e9ru. Poprv\u00e9 v kari\u00e9\u0159e vyhr\u00e1l z\u00e1vod sv\u011btov\u00e9ho poh\u00e1ru! \u010cesk\u00fd biker Ond\u0159ej Cink se ve \u010dty\u0159iat\u0159iceti letech do\u010dkal vysn\u011bn\u00e9ho \u00fasp\u011bchu. Ovl\u00e1dl z\u00e1vod mu\u017esk\u00e9 elity p\u0159i z\u00e1vod\u011b horsk\u00fdch kol v olympijsk\u00e9m cross country na trati v Leogangu. \"Euforie v c\u00edli byla okam\u017eikem, kter\u00fd od\u010dinil d\u0159inu cel\u00e9 kari\u00e9ry. Jednozna\u010dn\u011b nejv\u011bt\u0161\u00ed \u00fasp\u011bch m\u00e9ho sportovn\u00edho \u017eivota,\" vrac\u00ed se k okam\u017eiku z \u00favodu \u010dervna 2025.","og_url":"https:\/\/www.welovecycling.com\/cs\/2025\/12\/09\/i-ledove-lazne-jsou-cestou-k-uspechu-co-na-ne-rika-zena-ceske-hvezdy\/","og_site_name":"\u0160koda We Love Cycling - \u010cesk\u00e1 republika","article_published_time":"2025-12-09T03:00:13+00:00","og_image":[{"width":2560,"height":1707,"url":"https:\/\/d2p6e6u75xmxt8.cloudfront.net\/13\/2025\/09\/cink-2-scaled.webp","type":"image\/webp"}],"author":"radekmalina","twitter_card":"summary_large_image","twitter_misc":{"Written by":"Radek Malina","Est. reading time":"5"},"schema":{"@context":"https:\/\/schema.org","@graph":[{"@type":"WebPage","@id":"https:\/\/www.welovecycling.com\/cs\/2025\/12\/09\/i-ledove-lazne-jsou-cestou-k-uspechu-co-na-ne-rika-zena-ceske-hvezdy\/","url":"https:\/\/www.welovecycling.com\/cs\/2025\/12\/09\/i-ledove-lazne-jsou-cestou-k-uspechu-co-na-ne-rika-zena-ceske-hvezdy\/","name":"I ledov\u00e9 l\u00e1zn\u011b jsou cestou k \u00fasp\u011bchu! Co na n\u011b \u0159\u00edk\u00e1 \u017eena \u010desk\u00e9 hv\u011bzdy? | \u0160koda We Love Cycling - \u010cesk\u00e1 republika","isPartOf":{"@id":"https:\/\/www.welovecycling.com\/cs\/#website"},"primaryImageOfPage":{"@id":"https:\/\/www.welovecycling.com\/cs\/2025\/12\/09\/i-ledove-lazne-jsou-cestou-k-uspechu-co-na-ne-rika-zena-ceske-hvezdy\/#primaryimage"},"image":{"@id":"https:\/\/www.welovecycling.com\/cs\/2025\/12\/09\/i-ledove-lazne-jsou-cestou-k-uspechu-co-na-ne-rika-zena-ceske-hvezdy\/#primaryimage"},"thumbnailUrl":"https:\/\/d2p6e6u75xmxt8.cloudfront.net\/13\/2025\/09\/cink-2-scaled.webp","datePublished":"2025-12-09T03:00:13+00:00","author":{"@id":"https:\/\/www.welovecycling.com\/cs\/#\/schema\/person\/d9eeb0a378f3a7e4a6d12d2b536b04b8"},"description":"Rok, kdy prolomil bari\u00e9ru. Poprv\u00e9 v kari\u00e9\u0159e vyhr\u00e1l z\u00e1vod sv\u011btov\u00e9ho poh\u00e1ru! \u010cesk\u00fd biker Ond\u0159ej Cink se ve \u010dty\u0159iat\u0159iceti letech do\u010dkal vysn\u011bn\u00e9ho \u00fasp\u011bchu. Ovl\u00e1dl z\u00e1vod mu\u017esk\u00e9 elity p\u0159i z\u00e1vod\u011b horsk\u00fdch kol v olympijsk\u00e9m cross country na trati v Leogangu. \"Euforie v c\u00edli byla okam\u017eikem, kter\u00fd od\u010dinil d\u0159inu cel\u00e9 kari\u00e9ry. Jednozna\u010dn\u011b nejv\u011bt\u0161\u00ed \u00fasp\u011bch m\u00e9ho sportovn\u00edho \u017eivota,\" vrac\u00ed se k okam\u017eiku z \u00favodu \u010dervna 2025.","inLanguage":"cs","potentialAction":[{"@type":"ReadAction","target":["https:\/\/www.welovecycling.com\/cs\/2025\/12\/09\/i-ledove-lazne-jsou-cestou-k-uspechu-co-na-ne-rika-zena-ceske-hvezdy\/"]}]},{"@type":"ImageObject","inLanguage":"cs","@id":"https:\/\/www.welovecycling.com\/cs\/2025\/12\/09\/i-ledove-lazne-jsou-cestou-k-uspechu-co-na-ne-rika-zena-ceske-hvezdy\/#primaryimage","url":"https:\/\/d2p6e6u75xmxt8.cloudfront.net\/13\/2025\/09\/cink-2-scaled.webp","contentUrl":"https:\/\/d2p6e6u75xmxt8.cloudfront.net\/13\/2025\/09\/cink-2-scaled.webp","width":2560,"height":1707,"caption":"Ond\u0159ej Cink po vystoupen\u00ed na MS ve \u0160v\u00fdcarsku. Foto: Filip Bezd\u011bk\/\u010cesk\u00fd svaz cyklistiky (2x)"},{"@type":"WebSite","@id":"https:\/\/www.welovecycling.com\/cs\/#website","url":"https:\/\/www.welovecycling.com\/cs\/","name":"\u0160koda We Love Cycling - \u010cesk\u00e1 republika","description":"WeLoveCycling.cz je online magaz\u00edn, kter\u00fd v\u00e1m pravideln\u011b p\u0159in\u00e1\u0161\u00ed rady a tipy, zaj\u00edmav\u00e9 \u010dl\u00e1nky, videa a jedine\u010dn\u00e9 report\u00e1\u017ee ze sv\u011bta cyklistiky.","potentialAction":[{"@type":"SearchAction","target":{"@type":"EntryPoint","urlTemplate":"https:\/\/www.welovecycling.com\/cs\/?s={search_term_string}"},"query-input":{"@type":"PropertyValueSpecification","valueRequired":true,"valueName":"search_term_string"}}],"inLanguage":"cs"},{"@type":"Person","@id":"https:\/\/www.welovecycling.com\/cs\/#\/schema\/person\/d9eeb0a378f3a7e4a6d12d2b536b04b8","name":"radekmalina","image":{"@type":"ImageObject","inLanguage":"cs","@id":"https:\/\/www.welovecycling.com\/cs\/#\/schema\/person\/image\/","url":"https:\/\/secure.gravatar.com\/avatar\/66994b632cb8c39a46b9f54afa3ae07201b678d32a54275b6f1c9ffec356bfc0?s=96&d=mm&r=g","contentUrl":"https:\/\/secure.gravatar.com\/avatar\/66994b632cb8c39a46b9f54afa3ae07201b678d32a54275b6f1c9ffec356bfc0?s=96&d=mm&r=g","caption":"radekmalina"},"url":"https:\/\/www.welovecycling.com\/cs\/author\/radekmalina\/"}]}},"_links":{"self":[{"href":"https:\/\/www.welovecycling.com\/cs\/wp-json\/wp\/v2\/posts\/31796","targetHints":{"allow":["GET"]}}],"collection":[{"href":"https:\/\/www.welovecycling.com\/cs\/wp-json\/wp\/v2\/posts"}],"about":[{"href":"https:\/\/www.welovecycling.com\/cs\/wp-json\/wp\/v2\/types\/post"}],"author":[{"embeddable":true,"href":"https:\/\/www.welovecycling.com\/cs\/wp-json\/wp\/v2\/users\/138"}],"replies":[{"embeddable":true,"href":"https:\/\/www.welovecycling.com\/cs\/wp-json\/wp\/v2\/comments?post=31796"}],"version-history":[{"count":4,"href":"https:\/\/www.welovecycling.com\/cs\/wp-json\/wp\/v2\/posts\/31796\/revisions"}],"predecessor-version":[{"id":31802,"href":"https:\/\/www.welovecycling.com\/cs\/wp-json\/wp\/v2\/posts\/31796\/revisions\/31802"}],"wp:featuredmedia":[{"embeddable":true,"href":"https:\/\/www.welovecycling.com\/cs\/wp-json\/wp\/v2\/media\/31000"}],"wp:attachment":[{"href":"https:\/\/www.welovecycling.com\/cs\/wp-json\/wp\/v2\/media?parent=31796"}],"wp:term":[{"taxonomy":"category","embeddable":true,"href":"https:\/\/www.welovecycling.com\/cs\/wp-json\/wp\/v2\/categories?post=31796"},{"taxonomy":"post_tag","embeddable":true,"href":"https:\/\/www.welovecycling.com\/cs\/wp-json\/wp\/v2\/tags?post=31796"},{"taxonomy":"global-categories","embeddable":true,"href":"https:\/\/www.welovecycling.com\/cs\/wp-json\/wp\/v2\/global-categories?post=31796"}],"curies":[{"name":"wp","href":"https:\/\/api.w.org\/{rel}","templated":true}]}}