{"id":31791,"date":"2025-12-08T08:38:53","date_gmt":"2025-12-08T06:38:53","guid":{"rendered":"https:\/\/www.welovecycling.com\/cs\/?p=31791"},"modified":"2025-12-08T08:38:53","modified_gmt":"2025-12-08T06:38:53","slug":"start-tour-de-france-v-cesku-splneny-sen","status":"publish","type":"post","link":"https:\/\/www.welovecycling.com\/cs\/2025\/12\/08\/start-tour-de-france-v-cesku-splneny-sen\/","title":{"rendered":"Start Tour de France v \u010cesku? Spln\u011bn\u00fd sen"},"content":{"rendered":"<p><strong>Je (nejen) sportovn\u00edm v\u0161eum\u011blem. Petr \u010cech vyhr\u00e1l fotbalovou Ligu mistr\u016f a stal se brank\u00e1\u0159skou hv\u011bzdou presti\u017en\u00ed anglick\u00e9 Premier League. \u00dasp\u011b\u0161n\u011b si zachytal i v britsk\u00e9 hokejov\u00e9 lize a ve velmi solidn\u00edm \u010dase zvl\u00e1dl v \u010dervnu 2025 i cyklistick\u00fd z\u00e1vod L&#8217;Etape. A co dal\u0161\u00ed sportovn\u00ed mety? \u201eM\u016fj sen je spojen\u00fd s Tour de France. Pokud by se \u010cesku povedlo p\u0159iv\u00e9st sem Grand D\u00e9part, byla by to opravdu velk\u00e1 ud\u00e1lost,\u201c \u0159\u00edk\u00e1 \u010cech, kter\u00fd chce i d\u00edky sv\u00e9mu slavn\u00e9mu jm\u00e9nu pomoct \u010cesku start slavn\u00e9ho kl\u00e1n\u00ed z\u00edskat.<\/strong><\/p>\n<h2><strong>Jste spoluvlastn\u00edkem firmy, kter\u00e1 po\u0159\u00e1d\u00e1 cyklistick\u00e9 z\u00e1vody na horsk\u00fdch i silni\u010dn\u00edch kolech. Ale jedna v\u011bc je vlastnit seri\u00e1l a jin\u00e1 s\u00e1m z\u00e1vodit. Kdy jste se rozhodl aktivn\u011b zapojit?<\/strong><\/h2>\n<p>Kolo pat\u0159\u00ed k m\u00e9mu \u017eivotu u\u017e dlouho. Jsem kluk z plze\u0148sk\u00e9ho s\u00eddli\u0161t\u011b, tak\u017ee kolo pro m\u011b bylo z\u00e1bavou i b\u011b\u017enou sou\u010d\u00e1st\u00ed m\u00fdch volno\u010dasov\u00fdch aktivit. Kousek ode m\u011b bydlel cyklokrosov\u00fd \u0161ampion Radom\u00edr \u0160im\u016fnek, sledovali jsme ho s kamar\u00e1dy, jak jezd\u00ed na tr\u00e9nink v reprezenta\u010dn\u00edm dresu s \u010deskou trikol\u00f3rou. V Lochot\u00edn\u011b se jezdily z\u00e1vody, chodil jsem se d\u00edvat a fandit. Kdy\u017e z\u00e1vody skon\u010dily, cht\u011bli jsme si trasy profesion\u00e1l\u016f projet taky a zjistit jejich n\u00e1ro\u010dnost. P\u0159es vesnici m\u00e9 babi\u010dky se jezdila etapa Z\u00e1vodu m\u00edru, sb\u00edrali jsme po trati fla\u0161ky, kter\u00e9 z\u00e1vodn\u00edci odhodili. Cyklistika byla pevnou sou\u010d\u00e1st\u00ed m\u00e9ho \u017eivota a d\u00edky m\u00fdm aktivit\u00e1m j\u00ed st\u00e1le je, za co\u017e jsem r\u00e1d. Ale ne\u0159ekl bych, \u017ee bych se do n\u00ed pustil n\u011bjak vehementn\u011b, je pro m\u011b v\u00edtanou sportovn\u00ed aktivitou, podobn\u011b jako t\u0159eba b\u011bh nebo tenis.<\/p>\n<figure id=\"attachment_29002\" aria-describedby=\"caption-attachment-29002\" style=\"width: 1920px\" class=\"wp-caption alignnone\"><a href=\"https:\/\/d2p6e6u75xmxt8.cloudfront.net\/13\/2025\/04\/tk2025_pcs_impresafilms-3-scaled.webp\"><img loading=\"lazy\" decoding=\"async\" class=\"size-extra-large wp-image-29002\" src=\"https:\/\/d2p6e6u75xmxt8.cloudfront.net\/13\/2025\/04\/tk2025_pcs_impresafilms-3-1920x1280.webp\" alt=\"\" width=\"1920\" height=\"1280\" srcset=\"https:\/\/d2p6e6u75xmxt8.cloudfront.net\/13\/2025\/04\/tk2025_pcs_impresafilms-3-1920x1280.webp 1920w, https:\/\/d2p6e6u75xmxt8.cloudfront.net\/13\/2025\/04\/tk2025_pcs_impresafilms-3-300x200.webp 300w, https:\/\/d2p6e6u75xmxt8.cloudfront.net\/13\/2025\/04\/tk2025_pcs_impresafilms-3-1024x683.webp 1024w, https:\/\/d2p6e6u75xmxt8.cloudfront.net\/13\/2025\/04\/tk2025_pcs_impresafilms-3-768x512.webp 768w, https:\/\/d2p6e6u75xmxt8.cloudfront.net\/13\/2025\/04\/tk2025_pcs_impresafilms-3-1536x1024.webp 1536w, https:\/\/d2p6e6u75xmxt8.cloudfront.net\/13\/2025\/04\/tk2025_pcs_impresafilms-3-2048x1365.webp 2048w, https:\/\/d2p6e6u75xmxt8.cloudfront.net\/13\/2025\/04\/tk2025_pcs_impresafilms-3-400x267.webp 400w, https:\/\/d2p6e6u75xmxt8.cloudfront.net\/13\/2025\/04\/tk2025_pcs_impresafilms-3-272x182.webp 272w, https:\/\/d2p6e6u75xmxt8.cloudfront.net\/13\/2025\/04\/tk2025_pcs_impresafilms-3-1920x1280.webp 1920w\" sizes=\"auto, (max-width: 1920px) 100vw, 1920px\" \/><\/a><figcaption id=\"caption-attachment-29002\" class=\"wp-caption-text\"><em>Zden\u011bk \u0160tybar (ambasador \u0160koda We Love Cycling), Petr \u010cech (majitel po\u0159\u00e1daj\u00edc\u00ed agentury) a Bradley Wiggins (v\u00edt\u011bz Tour 2012) p\u0159ed L&#8217;Etape 2025.<\/em><\/figcaption><\/figure>\n<h2><strong>Jak moc tr\u00e9nuje Petr \u010cech na kole a co mu cyklistika p\u0159in\u00e1\u0161\u00ed?<\/strong><\/h2>\n<p>Na kole jezd\u00edm v\u00edc a v\u00edc, ale sp\u00ed\u0161 tehdy, kdy\u017e m\u00e1m chu\u0165. N\u011bkdy jsem na kole t\u0159ikr\u00e1t t\u00fddn\u011b, jindy dvakr\u00e1t za deset dn\u00ed. \u010c\u00edm jsem star\u0161\u00ed, t\u00edm se sna\u017e\u00edm \u0161et\u0159it klouby a v tomhle je kolo ide\u00e1ln\u00ed. Cyklistika je pro m\u011b skv\u011bl\u00fd prost\u0159edek, jak se udr\u017eet fit. Ale m\u00e1m rad\u0161i horsk\u00e9 kolo, vyj\u00ed\u017e\u010fky v p\u0159\u00edrod\u011b, nenaj\u00ed\u017ed\u00edm stokilometrov\u00e9 objemy na silnici. Jezd\u00edm tak do 50 kilometr\u016f.<\/p>\n<div class=\"shortcode-ys-post-pinup\"><article class=\"loop-simple post-31369 post type-post status-publish format-standard has-post-thumbnail hentry category-silnicni-cyklistika tag-alpe-dhuez tag-cyklistika tag-silnicni-cyklistika tag-tadej-pogacar tag-tour-de-france-2026 global-categories-cycling\" data-postid=\"31369\" role=\"article\" data-post-id=\"31369\" data-word-count=\"603\" data-headline-length=\"78\" data-category=\"Silni\u010dn\u00ed cyklistika\" data-global-category=\"Cycling\" data-author=\"Radek Malina\" data-published=\"2025-10-23T14:40:52+02:00\" data-published-day=\"Thursday\">\n    <div class=\"entry-thumbnail article-thumbnail\" content=\"https:\/\/d2p6e6u75xmxt8.cloudfront.net\/13\/2025\/10\/profimedia-1047599846-150x150.webp\"><a href=\"https:\/\/www.welovecycling.com\/cs\/2025\/10\/23\/tour-2026-snad-i-vrcharum-se-z-bestialniho-finale-toci-hlava\/\" class=\"image-holder\" target=\"_self\"><img decoding=\"async\" loading=\"lazy\" class=\"\" src=\"https:\/\/d2p6e6u75xmxt8.cloudfront.net\/13\/2025\/10\/profimedia-1047599846-1024x683.webp\" srcset=\"https:\/\/d2p6e6u75xmxt8.cloudfront.net\/13\/2025\/10\/profimedia-1047599846.webp 1800w, https:\/\/d2p6e6u75xmxt8.cloudfront.net\/13\/2025\/10\/profimedia-1047599846-300x200.webp 300w, https:\/\/d2p6e6u75xmxt8.cloudfront.net\/13\/2025\/10\/profimedia-1047599846-1024x683.webp 1024w, https:\/\/d2p6e6u75xmxt8.cloudfront.net\/13\/2025\/10\/profimedia-1047599846-768x512.webp 768w, https:\/\/d2p6e6u75xmxt8.cloudfront.net\/13\/2025\/10\/profimedia-1047599846-1536x1024.webp 1536w, https:\/\/d2p6e6u75xmxt8.cloudfront.net\/13\/2025\/10\/profimedia-1047599846-400x267.webp 400w, https:\/\/d2p6e6u75xmxt8.cloudfront.net\/13\/2025\/10\/profimedia-1047599846-272x182.webp 272w\" width=\"1024\" height=\"683\" sizes=\"auto, (min-width: 1200px) 300px, (min-width: 768px) 25vw, 100vw\" alt=\"tour-2026-snad-i-vrcharum-se-z-bestialniho-finale-toci-hlava\"\/><\/a><\/div>    <div class=\"entry-meta\">\n        <a class=\"label label-secondary post-category\" href=\"https:\/\/www.welovecycling.com\/cs\/category\/silnicni-cyklistika\/\" title=\"Silni\u010dn\u00ed cyklistika\">Silni\u010dn\u00ed cyklistika<\/a>\n    <\/div>\n    <div class=\"entry-details\">\n        <a href=\"https:\/\/www.welovecycling.com\/cs\/2025\/10\/23\/tour-2026-snad-i-vrcharum-se-z-bestialniho-finale-toci-hlava\/\" class='entry-title-wrapper'>\n            <h3 class=\"entry-title\"><span>Tour de France 2026: snad i vrcha\u0159\u016fm se z besti\u00e1ln\u00edho fin\u00e1le to\u010d\u00ed hlava<\/span><\/h3>\n        <\/a>\n    <\/div>\n    <\/article>\n<\/div>\n<h2><strong>M\u00e1te za sebou premi\u00e9rovou \u00fa\u010dast na L&#8217;Etape, p\u0159id\u00e1te dal\u0161\u00ed starty? A zkus\u00edte si t\u0159eba n\u011bkdy i velik\u00e1ny z Tour?<\/strong><\/h2>\n<p>Pra\u017esk\u00e1 L&#8217;Etape byla par\u00e1dn\u00ed. Byl to m\u016fj prvn\u00ed z\u00e1vod na silni\u010dn\u00edm kole v \u017eivot\u011b a opravdu jsem si to u\u017eil. M\u011bl jsem trochu respekt k z j\u00edzdy v bal\u00edku, ale jel se mnou kamar\u00e1d, kter\u00fd je zku\u0161en\u00fdm cyklistou a d\u011blal mi \u201edomestika\u201c. Mohl jsem se za n\u011bj schovat, \u0159\u00edkal mi, jakou volit stopu, co a kdy j\u00edst, p\u00edt. Hodn\u011b mi pomohl. Tra\u0165 m\u011bla 97 kilometr\u016f, tolik jsem na kole nikdy na jeden z\u00e1tah neujel. Ale lid\u00e9 kolem trati byli fantasti\u010dt\u00ed, atmosf\u00e9ra byla b\u00e1je\u010dn\u00e1. Neskute\u010dn\u00e1. Cht\u011bl jsem b\u00fdt v c\u00edli pod 3 hodiny a 20 minut, nakonec z toho byl \u010das 3 hodiny a 7 minut. Je pro m\u011b d\u016fle\u017eit\u00e9 si takov\u00fd z\u00e1vod za\u017e\u00edt na vlastn\u00ed k\u016f\u017ei, abych celou L&#8217;Etape Czech Republic nevn\u00edmal jen z pozice spolumajitele po\u0159\u00e1daj\u00edc\u00ed spole\u010dnosti, ale tak\u00e9 z pohledu z\u00e1vodn\u00edka. Dal\u0161\u00ed start ur\u010dit\u011b nen\u00ed vylou\u010den\u00fd, ale bav\u00edme se o \u010desk\u00e9 L&#8217;Etape. Na velik\u00e1ny z Tour u\u017e mus\u00edte m\u00edt dob\u0159e natr\u00e9nov\u00e1no, v takov\u00e9 f\u00e1zi te\u010f nejsem.<\/p>\n<p><a href=\"https:\/\/d2p6e6u75xmxt8.cloudfront.net\/13\/2025\/06\/L39ETAPE2025-021.webp\"><img loading=\"lazy\" decoding=\"async\" class=\"alignnone size-extra-large wp-image-29573\" src=\"https:\/\/d2p6e6u75xmxt8.cloudfront.net\/13\/2025\/06\/L39ETAPE2025-021-1920x1281.webp\" alt=\"\" width=\"1920\" height=\"1281\" srcset=\"https:\/\/d2p6e6u75xmxt8.cloudfront.net\/13\/2025\/06\/L39ETAPE2025-021-1920x1281.webp 1920w, https:\/\/d2p6e6u75xmxt8.cloudfront.net\/13\/2025\/06\/L39ETAPE2025-021-300x200.webp 300w, https:\/\/d2p6e6u75xmxt8.cloudfront.net\/13\/2025\/06\/L39ETAPE2025-021-1024x683.webp 1024w, https:\/\/d2p6e6u75xmxt8.cloudfront.net\/13\/2025\/06\/L39ETAPE2025-021-768x512.webp 768w, https:\/\/d2p6e6u75xmxt8.cloudfront.net\/13\/2025\/06\/L39ETAPE2025-021-1536x1025.webp 1536w, https:\/\/d2p6e6u75xmxt8.cloudfront.net\/13\/2025\/06\/L39ETAPE2025-021-400x267.webp 400w, https:\/\/d2p6e6u75xmxt8.cloudfront.net\/13\/2025\/06\/L39ETAPE2025-021-272x182.webp 272w, https:\/\/d2p6e6u75xmxt8.cloudfront.net\/13\/2025\/06\/L39ETAPE2025-021.webp 2048w, https:\/\/d2p6e6u75xmxt8.cloudfront.net\/13\/2025\/06\/L39ETAPE2025-021-1920x1281.webp 1920w\" sizes=\"auto, (max-width: 1920px) 100vw, 1920px\" \/><\/a><\/p>\n<h2><strong>Fotbal je glob\u00e1ln\u00ed fenom\u00e9n, vy jste zn\u00e1m po cel\u00e9m sv\u011bt\u011b. Vn\u00edm\u00e1te, \u017ee i va\u0161e jm\u00e9no m\u016f\u017ee skrz agenturu pomoct ke startu Tour de France v \u010cesku a sna\u017e\u00edte se aktivn\u011b zapojovat?<\/strong><\/h2>\n<p>V\u011b\u0159\u00edm, \u017ee to pomoct m\u016f\u017ee a byl to i jeden z d\u016fvod\u016f, pro\u010d jsem se zapojil do aktivit Petr \u010cech Sport v\u00edce, ne\u017e tomu bylo d\u0159\u00edve. Tour de France a jej\u00ed atmosf\u00e9ru jsem nas\u00e1l p\u0159i m\u00e9m anga\u017em\u00e1 v Rennes, i d\u00edky tomu v\u00edm, co Tour pro Francii a Francouze znamen\u00e1.<\/p>\n<div class=\"shortcode-ys-post-pinup\"><article class=\"loop-simple post-30084 post type-post status-publish format-standard has-post-thumbnail hentry category-tour-de-france tag-cyklistika tag-martin-kuba tag-pracovni-skupina-tour-de-france tag-premysl-novak tag-roman-kreuziger tag-silnicni-cyklistika tag-tour-de-france tag-tour-de-france-2025 tag-tour-de-france-v-cesku global-categories-cycling\" data-postid=\"30084\" role=\"article\" data-post-id=\"30084\" data-word-count=\"925\" data-headline-length=\"43\" data-category=\"Tour de France\" data-global-category=\"Cycling\" data-author=\"Radek Malina\" data-published=\"2025-07-16T14:00:17+02:00\" data-published-day=\"Wednesday\">\n    <div class=\"entry-thumbnail article-thumbnail\" content=\"https:\/\/d2p6e6u75xmxt8.cloudfront.net\/13\/2025\/07\/20250711TDF1068-150x150.webp\"><a href=\"https:\/\/www.welovecycling.com\/cs\/2025\/07\/16\/tour-de-france-v-cesku-vlak-uz-se-rozjel\/\" class=\"image-holder\" target=\"_self\"><img decoding=\"async\" loading=\"lazy\" class=\"\" src=\"https:\/\/d2p6e6u75xmxt8.cloudfront.net\/13\/2025\/07\/20250711TDF1068-1024x683.webp\" srcset=\"https:\/\/d2p6e6u75xmxt8.cloudfront.net\/13\/2025\/07\/20250711TDF1068-scaled.webp 2560w, https:\/\/d2p6e6u75xmxt8.cloudfront.net\/13\/2025\/07\/20250711TDF1068-300x200.webp 300w, https:\/\/d2p6e6u75xmxt8.cloudfront.net\/13\/2025\/07\/20250711TDF1068-1024x683.webp 1024w, https:\/\/d2p6e6u75xmxt8.cloudfront.net\/13\/2025\/07\/20250711TDF1068-768x512.webp 768w, https:\/\/d2p6e6u75xmxt8.cloudfront.net\/13\/2025\/07\/20250711TDF1068-1536x1024.webp 1536w, https:\/\/d2p6e6u75xmxt8.cloudfront.net\/13\/2025\/07\/20250711TDF1068-2048x1365.webp 2048w, https:\/\/d2p6e6u75xmxt8.cloudfront.net\/13\/2025\/07\/20250711TDF1068-1920x1280.webp 1920w, https:\/\/d2p6e6u75xmxt8.cloudfront.net\/13\/2025\/07\/20250711TDF1068-400x267.webp 400w, https:\/\/d2p6e6u75xmxt8.cloudfront.net\/13\/2025\/07\/20250711TDF1068-272x182.webp 272w, https:\/\/d2p6e6u75xmxt8.cloudfront.net\/13\/2025\/07\/20250711TDF1068-1920x1280.webp 1920w\" width=\"1024\" height=\"683\" sizes=\"auto, (min-width: 1200px) 300px, (min-width: 768px) 25vw, 100vw\" alt=\"tour-de-france-v-cesku-vlak-uz-se-rozjel\"\/><\/a><\/div>    <div class=\"entry-meta\">\n        <a class=\"label label-secondary post-category\" href=\"https:\/\/www.welovecycling.com\/cs\/category\/tour-de-france\/\" title=\"Tour de France\">Tour de France<\/a>\n    <\/div>\n    <div class=\"entry-details\">\n        <a href=\"https:\/\/www.welovecycling.com\/cs\/2025\/07\/16\/tour-de-france-v-cesku-vlak-uz-se-rozjel\/\" class='entry-title-wrapper'>\n            <h3 class=\"entry-title\"><span>Tour de France v \u010cesku? Vlak u\u017e se rozjel<\/span><\/h3>\n        <\/a>\n    <\/div>\n    <\/article>\n<\/div>\n<h2><strong>Jak\u00e9 dal\u0161\u00ed sportovn\u00ed sny m\u00e1 Petr \u010cech?<\/strong><\/h2>\n<p>J\u00e1 m\u00e1m to \u0161t\u011bst\u00ed, \u017ee jsem si dost sportovn\u00edch sn\u016f splnil. M\u016fj sen je spojen\u00fd pr\u00e1v\u011b s Tour de France. Pokud by se \u010cesku povedlo p\u0159iv\u00e9st sem Grand D\u00e9part, byla by to opravdu velk\u00e1 ud\u00e1lost. A pokud tomu j\u00e1 \u010di na\u0161e spole\u010dnost Petr \u010cech Sport bude moct p\u0159isp\u011bt, ud\u011bl\u00e1me pro to maximum. M\u00e1me za sebou <a href=\"https:\/\/www.welovecycling.com\/cs\/2025\/06\/12\/petr-cech-exkluzivne-s-jidlem-jsem-se-jednou-spalil-uz-si-necham-poradit\/\">p\u011bt ro\u010dn\u00edk\u016f L&#8217;Etape Czech Republic<\/a> a mysl\u00edm, \u017ee od n\u00e1s nen\u00ed troufal\u00e9 \u0159\u00edct, \u017ee jsme opravdovou kopi\u00ed Tour de France. Kl\u00ed\u010dov\u00e9 je pro n\u00e1s partnerstv\u00ed se \u0160koda Auto, kter\u00e1 je i hlavn\u00edm partnerem velk\u00e9 Tour. Pr\u00e1v\u011b d\u00edky \u0160koda Auto jsme schopni p\u0159iv\u00e9st do \u010ceska legendy jako jsou Alberto Contador, Bradley Wiggins nebo Andy Schleck. A v\u0161ichni t\u0159i n\u00e1m \u0159ekli: Vy jste \u00fapln\u011b nejbl\u00ed\u017e tomu z\u00e1\u017eitku, kter\u00fd m\u00e1 cyklista na Tour de France. Toho si v\u00e1\u017e\u00edme. A z\u00e1rove\u0148 je to d\u016fle\u017eit\u00fd sign\u00e1l i sm\u011brem k po\u0159\u00e1daj\u00edc\u00ed agentu\u0159e A.S.O., jej\u00ed\u017e z\u00e1stupci se na\u0161ich z\u00e1vod\u016f \u00fa\u010dastn\u00ed a vid\u00ed, \u017ee je jsme schopn\u00ed zorganizovat v takov\u00e9 kvalit\u011b, kdy i v\u00edt\u011bzov\u00e9 Tour odj\u00ed\u017ed\u011bj\u00ed dom\u016f nad\u0161en\u00ed. Douf\u00e1me, \u017ee i tohle m\u016f\u017ee \u010cesku pomoct, abychom se jednou velk\u00e9 Tour u n\u00e1s do\u010dkali.<\/p>\n<p><em>\u0160koda Auto slav\u00ed 130 let existence. U p\u0159\u00edle\u017eitosti jubilea nachystala sto t\u0159icet sportovn\u00edch p\u0159\u00edb\u011bh\u016f spjat\u00fdch s histori\u00ed mladoboleslavsk\u00e9 automobilky. Vybran\u00e9 cyklistick\u00e9 p\u0159\u00edb\u011bhy naleznete na WeLoveCycling.cz, v\u0161ech sto t\u0159icet kapitol pak\u00a0<a href=\"https:\/\/www.skoda-storyboard.com\/cs\/category\/130let\/?ajax_archive_search=12&amp;_gl=1*1dnat8b*_gcl_au*MTk4NjIyNDU1NS4xNzYzODk0NjUx*GA4_ga*MWYwNmQ1Y2UtZWUwYi00YTc4LThlN2YtYzY5OGFiYjBjM2Qw*GA4_ga_QVX3D12V4T*czE3NjQ1MzYzMzUkbzI0OTYkZzEkdDE3NjQ1MzYzNTkkajM2JGwwJGgzMzQxMjE2OTg.\" target=\"_blank\" rel=\"noopener\">zde<\/a>.<\/em><\/p>\n","protected":false},"excerpt":{"rendered":"<p>Je (nejen) sportovn\u00edm v\u0161eum\u011blem. Petr \u010cech vyhr\u00e1l fotbalovou Ligu mistr\u016f a stal se brank\u00e1\u0159skou hv\u011bzdou presti\u017en\u00ed anglick\u00e9 Premier League. \u00dasp\u011b\u0161n\u011b [&hellip;]<\/p>\n","protected":false},"author":138,"featured_media":29017,"comment_status":"open","ping_status":"open","sticky":false,"template":"","format":"standard","meta":{"footnotes":""},"categories":[10,660],"tags":[126,1287,4213,9,23],"global-categories":[411],"class_list":["post-31791","post","type-post","status-publish","format-standard","has-post-thumbnail","hentry","category-silnicni-cyklistika","category-https-www-welovecycling-com-cs-category-zabava","tag-cyklistika","tag-letape-czech-republic","tag-petr-cech","tag-silnicni-cyklistika","tag-tour-de-france","global-categories-cycling"],"yoast_head":"<!-- This site is optimized with the Yoast SEO Premium plugin v25.3 (Yoast SEO v25.9) - https:\/\/yoast.com\/wordpress\/plugins\/seo\/ -->\n<title>Start Tour de France v \u010cesku? Spln\u011bn\u00fd sen | \u0160koda We Love Cycling - \u010cesk\u00e1 republika<\/title>\n<meta name=\"description\" content=\"Je (nejen) sportovn\u00edm v\u0161eum\u011blem. Petr \u010cech vyhr\u00e1l fotbalovou Ligu mistr\u016f a stal se brank\u00e1\u0159skou hv\u011bzdou presti\u017en\u00ed anglick\u00e9 Premier League. \u00dasp\u011b\u0161n\u011b si zachytal i v britsk\u00e9 hokejov\u00e9 lize a ve velmi solidn\u00edm \u010dase zvl\u00e1dl v \u010dervnu 2025 i cyklistick\u00fd z\u00e1vod L&#039;Etape. A co dal\u0161\u00ed sportovn\u00ed mety? \u201eM\u016fj sen je spojen\u00fd s Tour de France. Pokud by se \u010cesku povedlo p\u0159iv\u00e9st sem Grand D\u00e9part, byla by to opravdu velk\u00e1 ud\u00e1lost,\u201c \u0159\u00edk\u00e1 \u010cech, kter\u00fd chce i d\u00edky sv\u00e9mu slavn\u00e9mu jm\u00e9nu pomoct \u010cesku start slavn\u00e9ho kl\u00e1n\u00ed z\u00edskat.\" \/>\n<meta name=\"robots\" content=\"index, follow, max-snippet:-1, max-image-preview:large, max-video-preview:-1\" \/>\n<link rel=\"canonical\" href=\"https:\/\/www.welovecycling.com\/cs\/2025\/12\/08\/start-tour-de-france-v-cesku-splneny-sen\/\" \/>\n<meta property=\"og:locale\" content=\"cs_CZ\" \/>\n<meta property=\"og:type\" content=\"article\" \/>\n<meta property=\"og:title\" content=\"Start Tour de France v \u010cesku? Spln\u011bn\u00fd sen\" \/>\n<meta property=\"og:description\" content=\"Je (nejen) sportovn\u00edm v\u0161eum\u011blem. Petr \u010cech vyhr\u00e1l fotbalovou Ligu mistr\u016f a stal se brank\u00e1\u0159skou hv\u011bzdou presti\u017en\u00ed anglick\u00e9 Premier League. \u00dasp\u011b\u0161n\u011b si zachytal i v britsk\u00e9 hokejov\u00e9 lize a ve velmi solidn\u00edm \u010dase zvl\u00e1dl v \u010dervnu 2025 i cyklistick\u00fd z\u00e1vod L&#039;Etape. A co dal\u0161\u00ed sportovn\u00ed mety? \u201eM\u016fj sen je spojen\u00fd s Tour de France. Pokud by se \u010cesku povedlo p\u0159iv\u00e9st sem Grand D\u00e9part, byla by to opravdu velk\u00e1 ud\u00e1lost,\u201c \u0159\u00edk\u00e1 \u010cech, kter\u00fd chce i d\u00edky sv\u00e9mu slavn\u00e9mu jm\u00e9nu pomoct \u010cesku start slavn\u00e9ho kl\u00e1n\u00ed z\u00edskat.\" \/>\n<meta property=\"og:url\" content=\"https:\/\/www.welovecycling.com\/cs\/2025\/12\/08\/start-tour-de-france-v-cesku-splneny-sen\/\" \/>\n<meta property=\"og:site_name\" content=\"\u0160koda We Love Cycling - \u010cesk\u00e1 republika\" \/>\n<meta property=\"article:published_time\" content=\"2025-12-08T06:38:53+00:00\" \/>\n<meta property=\"og:image\" content=\"https:\/\/d2p6e6u75xmxt8.cloudfront.net\/13\/2025\/04\/3C9A2088-scaled.webp\" \/>\n\t<meta property=\"og:image:width\" content=\"2560\" \/>\n\t<meta property=\"og:image:height\" content=\"1707\" \/>\n\t<meta property=\"og:image:type\" content=\"image\/webp\" \/>\n<meta name=\"author\" content=\"radekmalina\" \/>\n<meta name=\"twitter:card\" content=\"summary_large_image\" \/>\n<meta name=\"twitter:label1\" content=\"Written by\" \/>\n\t<meta name=\"twitter:data1\" content=\"Radek Malina\" \/>\n\t<meta name=\"twitter:label2\" content=\"Est. reading time\" \/>\n\t<meta name=\"twitter:data2\" content=\"7\" \/>\n<script type=\"application\/ld+json\" class=\"yoast-schema-graph\">{\"@context\":\"https:\/\/schema.org\",\"@graph\":[{\"@type\":\"WebPage\",\"@id\":\"https:\/\/www.welovecycling.com\/cs\/2025\/12\/08\/start-tour-de-france-v-cesku-splneny-sen\/\",\"url\":\"https:\/\/www.welovecycling.com\/cs\/2025\/12\/08\/start-tour-de-france-v-cesku-splneny-sen\/\",\"name\":\"Start Tour de France v \u010cesku? Spln\u011bn\u00fd sen | \u0160koda We Love Cycling - \u010cesk\u00e1 republika\",\"isPartOf\":{\"@id\":\"https:\/\/www.welovecycling.com\/cs\/#website\"},\"primaryImageOfPage\":{\"@id\":\"https:\/\/www.welovecycling.com\/cs\/2025\/12\/08\/start-tour-de-france-v-cesku-splneny-sen\/#primaryimage\"},\"image\":{\"@id\":\"https:\/\/www.welovecycling.com\/cs\/2025\/12\/08\/start-tour-de-france-v-cesku-splneny-sen\/#primaryimage\"},\"thumbnailUrl\":\"https:\/\/d2p6e6u75xmxt8.cloudfront.net\/13\/2025\/04\/3C9A2088-scaled.webp\",\"datePublished\":\"2025-12-08T06:38:53+00:00\",\"author\":{\"@id\":\"https:\/\/www.welovecycling.com\/cs\/#\/schema\/person\/d9eeb0a378f3a7e4a6d12d2b536b04b8\"},\"description\":\"Je (nejen) sportovn\u00edm v\u0161eum\u011blem. Petr \u010cech vyhr\u00e1l fotbalovou Ligu mistr\u016f a stal se brank\u00e1\u0159skou hv\u011bzdou presti\u017en\u00ed anglick\u00e9 Premier League. \u00dasp\u011b\u0161n\u011b si zachytal i v britsk\u00e9 hokejov\u00e9 lize a ve velmi solidn\u00edm \u010dase zvl\u00e1dl v \u010dervnu 2025 i cyklistick\u00fd z\u00e1vod L'Etape. A co dal\u0161\u00ed sportovn\u00ed mety? \u201eM\u016fj sen je spojen\u00fd s Tour de France. Pokud by se \u010cesku povedlo p\u0159iv\u00e9st sem Grand D\u00e9part, byla by to opravdu velk\u00e1 ud\u00e1lost,\u201c \u0159\u00edk\u00e1 \u010cech, kter\u00fd chce i d\u00edky sv\u00e9mu slavn\u00e9mu jm\u00e9nu pomoct \u010cesku start slavn\u00e9ho kl\u00e1n\u00ed z\u00edskat.\",\"inLanguage\":\"cs\",\"potentialAction\":[{\"@type\":\"ReadAction\",\"target\":[\"https:\/\/www.welovecycling.com\/cs\/2025\/12\/08\/start-tour-de-france-v-cesku-splneny-sen\/\"]}]},{\"@type\":\"ImageObject\",\"inLanguage\":\"cs\",\"@id\":\"https:\/\/www.welovecycling.com\/cs\/2025\/12\/08\/start-tour-de-france-v-cesku-splneny-sen\/#primaryimage\",\"url\":\"https:\/\/d2p6e6u75xmxt8.cloudfront.net\/13\/2025\/04\/3C9A2088-scaled.webp\",\"contentUrl\":\"https:\/\/d2p6e6u75xmxt8.cloudfront.net\/13\/2025\/04\/3C9A2088-scaled.webp\",\"width\":2560,\"height\":1707,\"caption\":\"Petr \u010cech a Bradley Wiggins p\u0159i prohl\u00eddce trasy L\u2019Etape Czech Republic 2025.\"},{\"@type\":\"WebSite\",\"@id\":\"https:\/\/www.welovecycling.com\/cs\/#website\",\"url\":\"https:\/\/www.welovecycling.com\/cs\/\",\"name\":\"\u0160koda We Love Cycling - \u010cesk\u00e1 republika\",\"description\":\"WeLoveCycling.cz je online magaz\u00edn, kter\u00fd v\u00e1m pravideln\u011b p\u0159in\u00e1\u0161\u00ed rady a tipy, zaj\u00edmav\u00e9 \u010dl\u00e1nky, videa a jedine\u010dn\u00e9 report\u00e1\u017ee ze sv\u011bta cyklistiky.\",\"potentialAction\":[{\"@type\":\"SearchAction\",\"target\":{\"@type\":\"EntryPoint\",\"urlTemplate\":\"https:\/\/www.welovecycling.com\/cs\/?s={search_term_string}\"},\"query-input\":{\"@type\":\"PropertyValueSpecification\",\"valueRequired\":true,\"valueName\":\"search_term_string\"}}],\"inLanguage\":\"cs\"},{\"@type\":\"Person\",\"@id\":\"https:\/\/www.welovecycling.com\/cs\/#\/schema\/person\/d9eeb0a378f3a7e4a6d12d2b536b04b8\",\"name\":\"radekmalina\",\"image\":{\"@type\":\"ImageObject\",\"inLanguage\":\"cs\",\"@id\":\"https:\/\/www.welovecycling.com\/cs\/#\/schema\/person\/image\/\",\"url\":\"https:\/\/secure.gravatar.com\/avatar\/66994b632cb8c39a46b9f54afa3ae07201b678d32a54275b6f1c9ffec356bfc0?s=96&d=mm&r=g\",\"contentUrl\":\"https:\/\/secure.gravatar.com\/avatar\/66994b632cb8c39a46b9f54afa3ae07201b678d32a54275b6f1c9ffec356bfc0?s=96&d=mm&r=g\",\"caption\":\"radekmalina\"},\"url\":\"https:\/\/www.welovecycling.com\/cs\/author\/radekmalina\/\"}]}<\/script>\n<!-- \/ Yoast SEO Premium plugin. -->","yoast_head_json":{"title":"Start Tour de France v \u010cesku? Spln\u011bn\u00fd sen | \u0160koda We Love Cycling - \u010cesk\u00e1 republika","description":"Je (nejen) sportovn\u00edm v\u0161eum\u011blem. Petr \u010cech vyhr\u00e1l fotbalovou Ligu mistr\u016f a stal se brank\u00e1\u0159skou hv\u011bzdou presti\u017en\u00ed anglick\u00e9 Premier League. \u00dasp\u011b\u0161n\u011b si zachytal i v britsk\u00e9 hokejov\u00e9 lize a ve velmi solidn\u00edm \u010dase zvl\u00e1dl v \u010dervnu 2025 i cyklistick\u00fd z\u00e1vod L'Etape. A co dal\u0161\u00ed sportovn\u00ed mety? \u201eM\u016fj sen je spojen\u00fd s Tour de France. Pokud by se \u010cesku povedlo p\u0159iv\u00e9st sem Grand D\u00e9part, byla by to opravdu velk\u00e1 ud\u00e1lost,\u201c \u0159\u00edk\u00e1 \u010cech, kter\u00fd chce i d\u00edky sv\u00e9mu slavn\u00e9mu jm\u00e9nu pomoct \u010cesku start slavn\u00e9ho kl\u00e1n\u00ed z\u00edskat.","robots":{"index":"index","follow":"follow","max-snippet":"max-snippet:-1","max-image-preview":"max-image-preview:large","max-video-preview":"max-video-preview:-1"},"canonical":"https:\/\/www.welovecycling.com\/cs\/2025\/12\/08\/start-tour-de-france-v-cesku-splneny-sen\/","og_locale":"cs_CZ","og_type":"article","og_title":"Start Tour de France v \u010cesku? Spln\u011bn\u00fd sen","og_description":"Je (nejen) sportovn\u00edm v\u0161eum\u011blem. Petr \u010cech vyhr\u00e1l fotbalovou Ligu mistr\u016f a stal se brank\u00e1\u0159skou hv\u011bzdou presti\u017en\u00ed anglick\u00e9 Premier League. \u00dasp\u011b\u0161n\u011b si zachytal i v britsk\u00e9 hokejov\u00e9 lize a ve velmi solidn\u00edm \u010dase zvl\u00e1dl v \u010dervnu 2025 i cyklistick\u00fd z\u00e1vod L'Etape. A co dal\u0161\u00ed sportovn\u00ed mety? \u201eM\u016fj sen je spojen\u00fd s Tour de France. Pokud by se \u010cesku povedlo p\u0159iv\u00e9st sem Grand D\u00e9part, byla by to opravdu velk\u00e1 ud\u00e1lost,\u201c \u0159\u00edk\u00e1 \u010cech, kter\u00fd chce i d\u00edky sv\u00e9mu slavn\u00e9mu jm\u00e9nu pomoct \u010cesku start slavn\u00e9ho kl\u00e1n\u00ed z\u00edskat.","og_url":"https:\/\/www.welovecycling.com\/cs\/2025\/12\/08\/start-tour-de-france-v-cesku-splneny-sen\/","og_site_name":"\u0160koda We Love Cycling - \u010cesk\u00e1 republika","article_published_time":"2025-12-08T06:38:53+00:00","og_image":[{"width":2560,"height":1707,"url":"https:\/\/d2p6e6u75xmxt8.cloudfront.net\/13\/2025\/04\/3C9A2088-scaled.webp","type":"image\/webp"}],"author":"radekmalina","twitter_card":"summary_large_image","twitter_misc":{"Written by":"Radek Malina","Est. reading time":"7"},"schema":{"@context":"https:\/\/schema.org","@graph":[{"@type":"WebPage","@id":"https:\/\/www.welovecycling.com\/cs\/2025\/12\/08\/start-tour-de-france-v-cesku-splneny-sen\/","url":"https:\/\/www.welovecycling.com\/cs\/2025\/12\/08\/start-tour-de-france-v-cesku-splneny-sen\/","name":"Start Tour de France v \u010cesku? Spln\u011bn\u00fd sen | \u0160koda We Love Cycling - \u010cesk\u00e1 republika","isPartOf":{"@id":"https:\/\/www.welovecycling.com\/cs\/#website"},"primaryImageOfPage":{"@id":"https:\/\/www.welovecycling.com\/cs\/2025\/12\/08\/start-tour-de-france-v-cesku-splneny-sen\/#primaryimage"},"image":{"@id":"https:\/\/www.welovecycling.com\/cs\/2025\/12\/08\/start-tour-de-france-v-cesku-splneny-sen\/#primaryimage"},"thumbnailUrl":"https:\/\/d2p6e6u75xmxt8.cloudfront.net\/13\/2025\/04\/3C9A2088-scaled.webp","datePublished":"2025-12-08T06:38:53+00:00","author":{"@id":"https:\/\/www.welovecycling.com\/cs\/#\/schema\/person\/d9eeb0a378f3a7e4a6d12d2b536b04b8"},"description":"Je (nejen) sportovn\u00edm v\u0161eum\u011blem. Petr \u010cech vyhr\u00e1l fotbalovou Ligu mistr\u016f a stal se brank\u00e1\u0159skou hv\u011bzdou presti\u017en\u00ed anglick\u00e9 Premier League. \u00dasp\u011b\u0161n\u011b si zachytal i v britsk\u00e9 hokejov\u00e9 lize a ve velmi solidn\u00edm \u010dase zvl\u00e1dl v \u010dervnu 2025 i cyklistick\u00fd z\u00e1vod L'Etape. A co dal\u0161\u00ed sportovn\u00ed mety? \u201eM\u016fj sen je spojen\u00fd s Tour de France. Pokud by se \u010cesku povedlo p\u0159iv\u00e9st sem Grand D\u00e9part, byla by to opravdu velk\u00e1 ud\u00e1lost,\u201c \u0159\u00edk\u00e1 \u010cech, kter\u00fd chce i d\u00edky sv\u00e9mu slavn\u00e9mu jm\u00e9nu pomoct \u010cesku start slavn\u00e9ho kl\u00e1n\u00ed z\u00edskat.","inLanguage":"cs","potentialAction":[{"@type":"ReadAction","target":["https:\/\/www.welovecycling.com\/cs\/2025\/12\/08\/start-tour-de-france-v-cesku-splneny-sen\/"]}]},{"@type":"ImageObject","inLanguage":"cs","@id":"https:\/\/www.welovecycling.com\/cs\/2025\/12\/08\/start-tour-de-france-v-cesku-splneny-sen\/#primaryimage","url":"https:\/\/d2p6e6u75xmxt8.cloudfront.net\/13\/2025\/04\/3C9A2088-scaled.webp","contentUrl":"https:\/\/d2p6e6u75xmxt8.cloudfront.net\/13\/2025\/04\/3C9A2088-scaled.webp","width":2560,"height":1707,"caption":"Petr \u010cech a Bradley Wiggins p\u0159i prohl\u00eddce trasy L\u2019Etape Czech Republic 2025."},{"@type":"WebSite","@id":"https:\/\/www.welovecycling.com\/cs\/#website","url":"https:\/\/www.welovecycling.com\/cs\/","name":"\u0160koda We Love Cycling - \u010cesk\u00e1 republika","description":"WeLoveCycling.cz je online magaz\u00edn, kter\u00fd v\u00e1m pravideln\u011b p\u0159in\u00e1\u0161\u00ed rady a tipy, zaj\u00edmav\u00e9 \u010dl\u00e1nky, videa a jedine\u010dn\u00e9 report\u00e1\u017ee ze sv\u011bta cyklistiky.","potentialAction":[{"@type":"SearchAction","target":{"@type":"EntryPoint","urlTemplate":"https:\/\/www.welovecycling.com\/cs\/?s={search_term_string}"},"query-input":{"@type":"PropertyValueSpecification","valueRequired":true,"valueName":"search_term_string"}}],"inLanguage":"cs"},{"@type":"Person","@id":"https:\/\/www.welovecycling.com\/cs\/#\/schema\/person\/d9eeb0a378f3a7e4a6d12d2b536b04b8","name":"radekmalina","image":{"@type":"ImageObject","inLanguage":"cs","@id":"https:\/\/www.welovecycling.com\/cs\/#\/schema\/person\/image\/","url":"https:\/\/secure.gravatar.com\/avatar\/66994b632cb8c39a46b9f54afa3ae07201b678d32a54275b6f1c9ffec356bfc0?s=96&d=mm&r=g","contentUrl":"https:\/\/secure.gravatar.com\/avatar\/66994b632cb8c39a46b9f54afa3ae07201b678d32a54275b6f1c9ffec356bfc0?s=96&d=mm&r=g","caption":"radekmalina"},"url":"https:\/\/www.welovecycling.com\/cs\/author\/radekmalina\/"}]}},"_links":{"self":[{"href":"https:\/\/www.welovecycling.com\/cs\/wp-json\/wp\/v2\/posts\/31791","targetHints":{"allow":["GET"]}}],"collection":[{"href":"https:\/\/www.welovecycling.com\/cs\/wp-json\/wp\/v2\/posts"}],"about":[{"href":"https:\/\/www.welovecycling.com\/cs\/wp-json\/wp\/v2\/types\/post"}],"author":[{"embeddable":true,"href":"https:\/\/www.welovecycling.com\/cs\/wp-json\/wp\/v2\/users\/138"}],"replies":[{"embeddable":true,"href":"https:\/\/www.welovecycling.com\/cs\/wp-json\/wp\/v2\/comments?post=31791"}],"version-history":[{"count":3,"href":"https:\/\/www.welovecycling.com\/cs\/wp-json\/wp\/v2\/posts\/31791\/revisions"}],"predecessor-version":[{"id":31795,"href":"https:\/\/www.welovecycling.com\/cs\/wp-json\/wp\/v2\/posts\/31791\/revisions\/31795"}],"wp:featuredmedia":[{"embeddable":true,"href":"https:\/\/www.welovecycling.com\/cs\/wp-json\/wp\/v2\/media\/29017"}],"wp:attachment":[{"href":"https:\/\/www.welovecycling.com\/cs\/wp-json\/wp\/v2\/media?parent=31791"}],"wp:term":[{"taxonomy":"category","embeddable":true,"href":"https:\/\/www.welovecycling.com\/cs\/wp-json\/wp\/v2\/categories?post=31791"},{"taxonomy":"post_tag","embeddable":true,"href":"https:\/\/www.welovecycling.com\/cs\/wp-json\/wp\/v2\/tags?post=31791"},{"taxonomy":"global-categories","embeddable":true,"href":"https:\/\/www.welovecycling.com\/cs\/wp-json\/wp\/v2\/global-categories?post=31791"}],"curies":[{"name":"wp","href":"https:\/\/api.w.org\/{rel}","templated":true}]}}