{"id":3174,"date":"2019-07-24T09:56:53","date_gmt":"2019-07-24T08:56:53","guid":{"rendered":"https:\/\/www.welovecycling.com\/cs\/?p=3174"},"modified":"2019-07-24T10:36:51","modified_gmt":"2019-07-24T09:36:51","slug":"top-5-nejzajimavejsich-etap-v-historii-tour-de-france-welovecycling-cr","status":"publish","type":"post","link":"https:\/\/www.welovecycling.com\/cs\/2019\/07\/24\/top-5-nejzajimavejsich-etap-v-historii-tour-de-france-welovecycling-cr\/","title":{"rendered":"Top 5 nejzaj\u00edmav\u011bj\u0161\u00edch etap Tour de France"},"content":{"rendered":"<p><strong>Trasa <a href=\"https:\/\/www.letour.fr\/en\/\">Tour de France<\/a> vypad\u00e1 ka\u017ed\u00fd rok jinak, jistotou je pouze p\u0159ejezd Pyrenej\u00ed a Alp a fini\u0161 u Champs-\u00c9lys\u00e9es v\u00a0Pa\u0159\u00ed\u017ei. I p\u0159esto jsou v\u0161ak etapy, kter\u00e9 se pro svou popularitu opakuj\u00ed, i etapy, na je\u017e nelze zapomenout. Poj\u010fme se pod\u00edvat na ty nejzaj\u00edmav\u011bj\u0161\u00ed trasy cel\u00e9 historie Tour.<\/strong><\/p>\n<p><!--more--><\/p>\n<h2><strong>Nejdel\u0161\u00ed<\/strong><\/h2>\n<p>Prvn\u00ed ro\u010dn\u00edky Tour jsou proslul\u00e9 svou n\u00e1ro\u010dnost\u00ed a d\u00e9lkou, nen\u00ed se tedy co divit, \u017ee nejdel\u0161\u00ed etapa v\u00a0historii cel\u00e9 Tour se konala v\u00a0roce 1919. Trasa m\u011b\u0159ila ohromn\u00fdch 482 km, byla p\u0159ev\u00e1\u017en\u011b rovinat\u00e1 a vedla z Les Sables-d&#8217;Olonne do Bayonne. Tehdej\u0161\u00ed v\u00edt\u011bz Jean Alavoine na n\u00ed str\u00e1vil 18 hodin a 54 minut!<\/p>\n<figure id=\"attachment_2886\" aria-describedby=\"caption-attachment-2886\" style=\"width: 600px\" class=\"wp-caption alignnone\"><a href=\"https:\/\/d2p6e6u75xmxt8.cloudfront.net\/13\/2019\/07\/14.jpg\"><img loading=\"lazy\" decoding=\"async\" class=\"size-full wp-image-2886\" src=\"https:\/\/d2p6e6u75xmxt8.cloudfront.net\/13\/2019\/07\/14.jpg\" alt=\"\" width=\"600\" height=\"869\" \/><\/a><figcaption id=\"caption-attachment-2886\" class=\"wp-caption-text\">Premi\u00e9rov\u00fd ro\u010dn\u00edk Tour de France 1903.<\/figcaption><\/figure>\n<p>Po druh\u00e9 sv\u011btov\u00e9 v\u00e1lce d\u00e9lka etap v\u00a0pr\u016fm\u011bru v\u00fdrazn\u011b klesla, nejdel\u0161\u00ed m\u011b\u0159ily okolo 350 km. V posledn\u00edch p\u0159ibli\u017en\u011b 20 letech do\u0161lo k\u00a0dal\u0161\u00edmu zkracov\u00e1n\u00ed a etapy ji\u017e dnes v\u00a0podstat\u011b nep\u0159ekra\u010duj\u00ed 250 km. Klobouk dol\u016f p\u0159ed cyklisty ze za\u010d\u00e1tku 20. stolet\u00ed.<\/p>\n<h2><strong>Nejkrat\u0161\u00ed<\/strong><\/h2>\n<p>Dlouh\u00e9 a vy\u010derp\u00e1vaj\u00edc\u00ed trasy jsou pro Tour de France sice typick\u00e9, jej\u00ed kouzlo a n\u00e1ro\u010dnost se v\u0161ak skr\u00fdv\u00e1 v\u00a0rozmanitosti. Nejkrat\u0161\u00ed etapou s\u00a0hromadn\u00fdm startem v\u00a0historii byla 15. etapa na Tour v\u00a0roce 1971. Trasa z Luchon do Superbagn\u00e8res m\u011b\u0159ila pouh\u00fdch 19,6 km, zato v\u0161ak z\u00e1vodn\u00edky zavedla do v\u00fd\u0161ky 1 800 metr\u016f nad mo\u0159em hluboko v\u00a0Pyrenej\u00edch. V\u00edt\u011bzem t\u00e9to kr\u00e1tk\u00e9 horsk\u00e9 etapy se stal Jose Manuel Fuente, kter\u00fd ji dokon\u010dil za 47 minut 42 vte\u0159in. Nejkrat\u0161\u00ed rovinatou trasou pak byla 16. etapa na Tour v\u00a0roce 1988, je\u017e m\u011b\u0159ila 38 km a v\u00edt\u011bz Adri van der Poel ji dokon\u010dil za pouh\u00fdch 46 minut 36 vte\u0159in. V\u00a0tomt\u00e9\u017e ro\u010dn\u00edku Tour najdeme i nejkrat\u0161\u00ed \u010dasovku jednotlivc\u016f, kterou byl prolog p\u0159ed prvn\u00ed etapou, jen\u017e m\u011b\u0159il pouh\u00fd 1 km a vyhr\u00e1l jej Guido Bontempi v\u00a0\u010dase 1 minuta 14 vte\u0159in.<\/p>\n<h2><strong>Nejn\u00e1ro\u010dn\u011bj\u0161\u00ed<\/strong><\/h2>\n<p>Pov\u011bst nejn\u00e1ro\u010dn\u011bj\u0161\u00ed etapy v\u00a0historii si vyslou\u017eila 10. etapa na Tour v\u00a0roce 1926. Trasa z Bayonne do Luchon m\u011b\u0159ila 326 km a z\u00e1vodn\u00edci museli zdolat \u010dty\u0159i velmi n\u00e1ro\u010dn\u00e1 stoup\u00e1n\u00ed na Aubisque, Tourmalet, Aspin a Peyresourde, a to v\u0161e za velice \u0161patn\u00e9ho po\u010das\u00ed. Na tra\u0165 se o p\u016flnoci vydalo 76 cyklist\u016f a do c\u00edle se po 17 hodin\u00e1ch a 12 minut\u00e1ch dostal jako prvn\u00ed Lucien Buysse. Druh\u00fd z\u00e1vodn\u00edk dojel 25 minut po n\u011bm a b\u011bhem hodiny pouh\u00fdch 10 dal\u0161\u00edch.<\/p>\n<figure id=\"attachment_2873\" aria-describedby=\"caption-attachment-2873\" style=\"width: 850px\" class=\"wp-caption alignnone\"><a href=\"https:\/\/d2p6e6u75xmxt8.cloudfront.net\/13\/2019\/07\/1926.jpg\"><img loading=\"lazy\" decoding=\"async\" class=\"size-full wp-image-2873\" src=\"https:\/\/d2p6e6u75xmxt8.cloudfront.net\/13\/2019\/07\/1926.jpg\" alt=\"\" width=\"850\" height=\"612\" \/><\/a><figcaption id=\"caption-attachment-2873\" class=\"wp-caption-text\">Rok 1926 a 10. horsk\u00e1 etapa, kter\u00e1 m\u011b\u0159ila 326 km a zahrnovala 4 n\u00e1ro\u010dn\u00e1 stoup\u00e1n\u00ed.<\/figcaption><\/figure>\n<p>O p\u016flnoci bylo v\u00a0c\u00edli 47 z\u00e1vodn\u00edk\u016f, z\u00a0nich\u017e mnoz\u00ed vzdali a p\u0159ijeli autobusem. Zbytek z\u00e1vodn\u00edk\u016f organiz\u00e1to\u0159i posb\u00edrali v\u00a0autech ve zbytku noci. Z\u00a0novodob\u00fdch Tour si \u010destn\u00e9 uzn\u00e1n\u00ed zaslou\u017e\u00ed 18. etapa v\u00a0roce 1983, kde z\u00e1vodn\u00edci na 247,5 km dlouh\u00e9 trase z Le Bourg-d&#8217;Oisans do Morzine nastoupali rekordn\u00edch 6 685 metr\u016f. Jacques Michaud tuto etapu vyhr\u00e1l v \u010dase 7 hodin 45 minut.<\/p>\n<h2><strong>Nejkr\u00e1sn\u011bj\u0161\u00ed<\/strong><\/h2>\n<p>Kr\u00e1sa pyrenejsk\u00fdch i alpsk\u00fdch vrcholk\u016f d\u011bl\u00e1 z\u00a0ka\u017ed\u00e9 horsk\u00e9 etapy kandid\u00e1ta na tu nejkr\u00e1sn\u011bj\u0161\u00ed. Tento titul si v\u0161ak zaslou\u017e\u00ed 10. etapa Tour z\u00a0roku 1962, proto\u017ee pr\u00e1v\u011b tam se zrodil fenom\u00e9n Alpe d&#8217;Huez. V\u00a0roce 1962 se na Tour poprv\u00e9 objevily televizn\u00ed kamery na motork\u00e1ch, kter\u00e9 fanou\u0161k\u016fm umo\u017enily sledovat z\u00e1vodn\u00edky jako nikdy p\u0159edt\u00edm. A stejn\u011b tak poprv\u00e9 m\u011bla etapa Tour finish v hor\u00e1ch, a to dokonce na dnes ji\u017e ikonick\u00e9 Alpe d&#8217;Huez.<\/p>\n<p><a href=\"https:\/\/d2p6e6u75xmxt8.cloudfront.net\/13\/2019\/07\/Col-du-Galibier-600x420.jpg\"><img loading=\"lazy\" decoding=\"async\" class=\"alignnone size-full wp-image-3176\" src=\"https:\/\/d2p6e6u75xmxt8.cloudfront.net\/13\/2019\/07\/Col-du-Galibier-600x420.jpg\" alt=\"\" width=\"600\" height=\"420\" \/><\/a><\/p>\n<p>Dechberouc\u00ed z\u00e1b\u011bry z\u00a0tohoto stoup\u00e1n\u00ed si fanou\u0161ky okam\u017eit\u011b z\u00edskaly a Tour si tuto destinaci je\u0161t\u011b mnohokr\u00e1t zopakovala. V\u00a0roce 2013 dokonce z\u00e1vodn\u00edci museli zdolat Alpe d&#8217;Huez dvakr\u00e1t b\u011bhem jednoho dne. Rekord dr\u017e\u00ed Marco Pantani, kter\u00fd 14,5 km dlouh\u00e9 stoup\u00e1n\u00ed s\u00a0p\u0159ev\u00fd\u0161en\u00edm 1 135 m na Alpe d&#8217;Huez ujel za neuv\u011b\u0159iteln\u00fdch 37 minut a 35 vte\u0159in. B\u011b\u017en\u00fdm smrteln\u00edk\u016fm tato trasa trv\u00e1 i p\u0159es 90 minut.<\/p>\n<h2><strong>Nejob\u00e1van\u011bj\u0161\u00ed<\/strong><\/h2>\n<p>Nejob\u00e1van\u011bj\u0161\u00ed etapa zpravidla nen\u00ed ta nejdel\u0161\u00ed ani ta s\u00a0nejvy\u0161\u0161\u00edm po\u010dtem nastoupan\u00fdch metr\u016f. Nejv\u011bt\u0161\u00ed hr\u016fzu z\u00e1vodn\u00edk\u016fm na Tour naopak nah\u00e1n\u00ed kombinace relativn\u011b kr\u00e1tk\u00e9 vzd\u00e1lenosti a velk\u00e9ho p\u0159ev\u00fd\u0161en\u00ed. Takov\u00e1 etapa toti\u017e vy\u017eaduje, aby vra\u017eedn\u00e9 tempo bez \u0161ance se schovat v\u00a0pelotonu a vydechnout si. P\u0159esn\u011b takov\u00fd profil nab\u00eddla 17. etapa lo\u0148sk\u00e9 Tour de France. Na 65 km z Bagn\u00e8res-de-Luchon do Saint-Lary-Soulan z\u00e1vodn\u00edky \u010dekalo 38 km stoup\u00e1n\u00ed, t\u0159i kopce bez jedin\u00e9 rovinky s\u00a0fini\u0161em na Col du Portet. V\u00a0t\u00e9to etap\u011b bylo nav\u00edc poprv\u00e9 pou\u017eito rozm\u00edst\u011bn\u00ed z\u00e1vodn\u00edk\u016f na startu podobn\u00e9 formuli jedna.<\/p>\n<figure id=\"attachment_3175\" aria-describedby=\"caption-attachment-3175\" style=\"width: 630px\" class=\"wp-caption alignnone\"><a href=\"https:\/\/d2p6e6u75xmxt8.cloudfront.net\/13\/2019\/07\/QUINTANA-Nairo-Alexander430p.jpg\"><img loading=\"lazy\" decoding=\"async\" class=\"wp-image-3175 size-full\" src=\"https:\/\/d2p6e6u75xmxt8.cloudfront.net\/13\/2019\/07\/QUINTANA-Nairo-Alexander430p.jpg\" alt=\"\" width=\"630\" height=\"420\" \/><\/a><figcaption id=\"caption-attachment-3175\" class=\"wp-caption-text\">Nairo Quintana v c\u00edli 17. etapy Tour de France 2018. Photo: Yuzuru SUNADA.<\/figcaption><\/figure>\n<p>Prvn\u00edch dvacet vystartovalo z\u00a0nejlep\u0161\u00ed pozice, kde\u017eto zbytek a\u017e v\u00a0dal\u0161\u00edch \u010dty\u0159ech skupin\u00e1ch dle bod\u016f v\u00a0celkov\u00e9 klasifikaci. Etapa byla napjat\u00e1 a\u017e do posledn\u00edho stoup\u00e1n\u00ed, kde nastoupil Nairo Quintana. Neudr\u017eeli se jej ani borci jako \u010dty\u0159n\u00e1sobn\u00fd v\u00edt\u011bz Chris Froome nebo lo\u0148sk\u00fd \u0161ampi\u00f3n Geraint Thomas.<\/p>\n","protected":false},"excerpt":{"rendered":"<p>Trasa Tour de France vypad\u00e1 ka\u017ed\u00fd rok jinak, jistotou je pouze p\u0159ejezd Pyrenej\u00ed a Alp a fini\u0161 u Champs-\u00c9lys\u00e9es v\u00a0Pa\u0159\u00ed\u017ei. [&hellip;]<\/p>\n","protected":false},"author":95,"featured_media":2411,"comment_status":"open","ping_status":"open","sticky":false,"template":"","format":"standard","meta":{"footnotes":""},"categories":[243],"tags":[23,364],"global-categories":[],"class_list":["post-3174","post","type-post","status-publish","format-standard","has-post-thumbnail","hentry","category-welovecycling-com-cs-tdf","tag-tour-de-france","tag-trasy-na-tour-de-france"],"yoast_head":"<!-- This site is optimized with the Yoast SEO Premium plugin v25.3 (Yoast SEO v25.9) - https:\/\/yoast.com\/wordpress\/plugins\/seo\/ -->\n<title>Top 5 nejzaj\u00edmav\u011bj\u0161\u00edch etap Tour de France | \u0160koda We Love Cycling - \u010cesk\u00e1 republika<\/title>\n<meta name=\"description\" content=\"Trasa Tour de France vypad\u00e1 ka\u017ed\u00fd rok jinak, jistotou je jen p\u0159ejezd Pyrenej\u00ed a Alp a fini\u0161 u Champs-\u00c9lys\u00e9es v\u00a0Pa\u0159\u00ed\u017ei. Sestavili jsme nej trasy Star\u00e9 D\u00e1my.\" \/>\n<meta name=\"robots\" content=\"index, follow, max-snippet:-1, max-image-preview:large, max-video-preview:-1\" \/>\n<link rel=\"canonical\" href=\"https:\/\/www.welovecycling.com\/cs\/2019\/07\/24\/top-5-nejzajimavejsich-etap-v-historii-tour-de-france-welovecycling-cr\/\" \/>\n<meta property=\"og:locale\" content=\"cs_CZ\" \/>\n<meta property=\"og:type\" content=\"article\" \/>\n<meta property=\"og:title\" content=\"Top 5 nejzaj\u00edmav\u011bj\u0161\u00edch etap Tour de France\" \/>\n<meta property=\"og:description\" content=\"Trasa Tour de France vypad\u00e1 ka\u017ed\u00fd rok jinak, jistotou je jen p\u0159ejezd Pyrenej\u00ed a Alp a fini\u0161 u Champs-\u00c9lys\u00e9es v\u00a0Pa\u0159\u00ed\u017ei. Sestavili jsme nej trasy Star\u00e9 D\u00e1my.\" \/>\n<meta property=\"og:url\" content=\"https:\/\/www.welovecycling.com\/cs\/2019\/07\/24\/top-5-nejzajimavejsich-etap-v-historii-tour-de-france-welovecycling-cr\/\" \/>\n<meta property=\"og:site_name\" content=\"\u0160koda We Love Cycling - \u010cesk\u00e1 republika\" \/>\n<meta property=\"article:published_time\" content=\"2019-07-24T08:56:53+00:00\" \/>\n<meta property=\"article:modified_time\" content=\"2019-07-24T09:36:51+00:00\" \/>\n<meta property=\"og:image\" content=\"https:\/\/d2p6e6u75xmxt8.cloudfront.net\/13\/2019\/06\/tour-1-Foto-ASO-Tour-de-France.webp\" \/>\n\t<meta property=\"og:image:width\" content=\"960\" \/>\n\t<meta property=\"og:image:height\" content=\"639\" \/>\n\t<meta property=\"og:image:type\" content=\"image\/webp\" \/>\n<meta name=\"twitter:card\" content=\"summary_large_image\" \/>\n<meta name=\"twitter:label1\" content=\"Written by\" \/>\n\t<meta name=\"twitter:data1\" content=\"Ji\u0159\u00ed Kalo\u010d\" \/>\n\t<meta name=\"twitter:label2\" content=\"Est. reading time\" \/>\n\t<meta name=\"twitter:data2\" content=\"7\" \/>\n<script type=\"application\/ld+json\" class=\"yoast-schema-graph\">{\"@context\":\"https:\/\/schema.org\",\"@graph\":[{\"@type\":\"WebPage\",\"@id\":\"https:\/\/www.welovecycling.com\/cs\/2019\/07\/24\/top-5-nejzajimavejsich-etap-v-historii-tour-de-france-welovecycling-cr\/\",\"url\":\"https:\/\/www.welovecycling.com\/cs\/2019\/07\/24\/top-5-nejzajimavejsich-etap-v-historii-tour-de-france-welovecycling-cr\/\",\"name\":\"Top 5 nejzaj\u00edmav\u011bj\u0161\u00edch etap Tour de France | \u0160koda We Love Cycling - \u010cesk\u00e1 republika\",\"isPartOf\":{\"@id\":\"https:\/\/www.welovecycling.com\/cs\/#website\"},\"primaryImageOfPage\":{\"@id\":\"https:\/\/www.welovecycling.com\/cs\/2019\/07\/24\/top-5-nejzajimavejsich-etap-v-historii-tour-de-france-welovecycling-cr\/#primaryimage\"},\"image\":{\"@id\":\"https:\/\/www.welovecycling.com\/cs\/2019\/07\/24\/top-5-nejzajimavejsich-etap-v-historii-tour-de-france-welovecycling-cr\/#primaryimage\"},\"thumbnailUrl\":\"https:\/\/d2p6e6u75xmxt8.cloudfront.net\/13\/2019\/06\/tour-1-Foto-ASO-Tour-de-France.webp\",\"datePublished\":\"2019-07-24T08:56:53+00:00\",\"dateModified\":\"2019-07-24T09:36:51+00:00\",\"author\":{\"@id\":\"\"},\"description\":\"Trasa Tour de France vypad\u00e1 ka\u017ed\u00fd rok jinak, jistotou je jen p\u0159ejezd Pyrenej\u00ed a Alp a fini\u0161 u Champs-\u00c9lys\u00e9es v\u00a0Pa\u0159\u00ed\u017ei. Sestavili jsme nej trasy Star\u00e9 D\u00e1my.\",\"inLanguage\":\"cs\",\"potentialAction\":[{\"@type\":\"ReadAction\",\"target\":[\"https:\/\/www.welovecycling.com\/cs\/2019\/07\/24\/top-5-nejzajimavejsich-etap-v-historii-tour-de-france-welovecycling-cr\/\"]}]},{\"@type\":\"ImageObject\",\"inLanguage\":\"cs\",\"@id\":\"https:\/\/www.welovecycling.com\/cs\/2019\/07\/24\/top-5-nejzajimavejsich-etap-v-historii-tour-de-france-welovecycling-cr\/#primaryimage\",\"url\":\"https:\/\/d2p6e6u75xmxt8.cloudfront.net\/13\/2019\/06\/tour-1-Foto-ASO-Tour-de-France.webp\",\"contentUrl\":\"https:\/\/d2p6e6u75xmxt8.cloudfront.net\/13\/2019\/06\/tour-1-Foto-ASO-Tour-de-France.webp\",\"width\":960,\"height\":639,\"caption\":\"Foto: Tour de France\/ASO\"},{\"@type\":\"WebSite\",\"@id\":\"https:\/\/www.welovecycling.com\/cs\/#website\",\"url\":\"https:\/\/www.welovecycling.com\/cs\/\",\"name\":\"\u0160koda We Love Cycling - \u010cesk\u00e1 republika\",\"description\":\"WeLoveCycling.cz je online magaz\u00edn, kter\u00fd v\u00e1m pravideln\u011b p\u0159in\u00e1\u0161\u00ed rady a tipy, zaj\u00edmav\u00e9 \u010dl\u00e1nky, videa a jedine\u010dn\u00e9 report\u00e1\u017ee ze sv\u011bta cyklistiky.\",\"potentialAction\":[{\"@type\":\"SearchAction\",\"target\":{\"@type\":\"EntryPoint\",\"urlTemplate\":\"https:\/\/www.welovecycling.com\/cs\/?s={search_term_string}\"},\"query-input\":{\"@type\":\"PropertyValueSpecification\",\"valueRequired\":true,\"valueName\":\"search_term_string\"}}],\"inLanguage\":\"cs\"},{\"@type\":\"Person\",\"@id\":\"\",\"url\":\"https:\/\/www.welovecycling.com\/cs\/author\/\"}]}<\/script>\n<!-- \/ Yoast SEO Premium plugin. -->","yoast_head_json":{"title":"Top 5 nejzaj\u00edmav\u011bj\u0161\u00edch etap Tour de France | \u0160koda We Love Cycling - \u010cesk\u00e1 republika","description":"Trasa Tour de France vypad\u00e1 ka\u017ed\u00fd rok jinak, jistotou je jen p\u0159ejezd Pyrenej\u00ed a Alp a fini\u0161 u Champs-\u00c9lys\u00e9es v\u00a0Pa\u0159\u00ed\u017ei. Sestavili jsme nej trasy Star\u00e9 D\u00e1my.","robots":{"index":"index","follow":"follow","max-snippet":"max-snippet:-1","max-image-preview":"max-image-preview:large","max-video-preview":"max-video-preview:-1"},"canonical":"https:\/\/www.welovecycling.com\/cs\/2019\/07\/24\/top-5-nejzajimavejsich-etap-v-historii-tour-de-france-welovecycling-cr\/","og_locale":"cs_CZ","og_type":"article","og_title":"Top 5 nejzaj\u00edmav\u011bj\u0161\u00edch etap Tour de France","og_description":"Trasa Tour de France vypad\u00e1 ka\u017ed\u00fd rok jinak, jistotou je jen p\u0159ejezd Pyrenej\u00ed a Alp a fini\u0161 u Champs-\u00c9lys\u00e9es v\u00a0Pa\u0159\u00ed\u017ei. Sestavili jsme nej trasy Star\u00e9 D\u00e1my.","og_url":"https:\/\/www.welovecycling.com\/cs\/2019\/07\/24\/top-5-nejzajimavejsich-etap-v-historii-tour-de-france-welovecycling-cr\/","og_site_name":"\u0160koda We Love Cycling - \u010cesk\u00e1 republika","article_published_time":"2019-07-24T08:56:53+00:00","article_modified_time":"2019-07-24T09:36:51+00:00","og_image":[{"width":960,"height":639,"url":"https:\/\/d2p6e6u75xmxt8.cloudfront.net\/13\/2019\/06\/tour-1-Foto-ASO-Tour-de-France.webp","type":"image\/webp"}],"twitter_card":"summary_large_image","twitter_misc":{"Written by":"Ji\u0159\u00ed Kalo\u010d","Est. reading time":"7"},"schema":{"@context":"https:\/\/schema.org","@graph":[{"@type":"WebPage","@id":"https:\/\/www.welovecycling.com\/cs\/2019\/07\/24\/top-5-nejzajimavejsich-etap-v-historii-tour-de-france-welovecycling-cr\/","url":"https:\/\/www.welovecycling.com\/cs\/2019\/07\/24\/top-5-nejzajimavejsich-etap-v-historii-tour-de-france-welovecycling-cr\/","name":"Top 5 nejzaj\u00edmav\u011bj\u0161\u00edch etap Tour de France | \u0160koda We Love Cycling - \u010cesk\u00e1 republika","isPartOf":{"@id":"https:\/\/www.welovecycling.com\/cs\/#website"},"primaryImageOfPage":{"@id":"https:\/\/www.welovecycling.com\/cs\/2019\/07\/24\/top-5-nejzajimavejsich-etap-v-historii-tour-de-france-welovecycling-cr\/#primaryimage"},"image":{"@id":"https:\/\/www.welovecycling.com\/cs\/2019\/07\/24\/top-5-nejzajimavejsich-etap-v-historii-tour-de-france-welovecycling-cr\/#primaryimage"},"thumbnailUrl":"https:\/\/d2p6e6u75xmxt8.cloudfront.net\/13\/2019\/06\/tour-1-Foto-ASO-Tour-de-France.webp","datePublished":"2019-07-24T08:56:53+00:00","dateModified":"2019-07-24T09:36:51+00:00","author":{"@id":""},"description":"Trasa Tour de France vypad\u00e1 ka\u017ed\u00fd rok jinak, jistotou je jen p\u0159ejezd Pyrenej\u00ed a Alp a fini\u0161 u Champs-\u00c9lys\u00e9es v\u00a0Pa\u0159\u00ed\u017ei. Sestavili jsme nej trasy Star\u00e9 D\u00e1my.","inLanguage":"cs","potentialAction":[{"@type":"ReadAction","target":["https:\/\/www.welovecycling.com\/cs\/2019\/07\/24\/top-5-nejzajimavejsich-etap-v-historii-tour-de-france-welovecycling-cr\/"]}]},{"@type":"ImageObject","inLanguage":"cs","@id":"https:\/\/www.welovecycling.com\/cs\/2019\/07\/24\/top-5-nejzajimavejsich-etap-v-historii-tour-de-france-welovecycling-cr\/#primaryimage","url":"https:\/\/d2p6e6u75xmxt8.cloudfront.net\/13\/2019\/06\/tour-1-Foto-ASO-Tour-de-France.webp","contentUrl":"https:\/\/d2p6e6u75xmxt8.cloudfront.net\/13\/2019\/06\/tour-1-Foto-ASO-Tour-de-France.webp","width":960,"height":639,"caption":"Foto: Tour de France\/ASO"},{"@type":"WebSite","@id":"https:\/\/www.welovecycling.com\/cs\/#website","url":"https:\/\/www.welovecycling.com\/cs\/","name":"\u0160koda We Love Cycling - \u010cesk\u00e1 republika","description":"WeLoveCycling.cz je online magaz\u00edn, kter\u00fd v\u00e1m pravideln\u011b p\u0159in\u00e1\u0161\u00ed rady a tipy, zaj\u00edmav\u00e9 \u010dl\u00e1nky, videa a jedine\u010dn\u00e9 report\u00e1\u017ee ze sv\u011bta cyklistiky.","potentialAction":[{"@type":"SearchAction","target":{"@type":"EntryPoint","urlTemplate":"https:\/\/www.welovecycling.com\/cs\/?s={search_term_string}"},"query-input":{"@type":"PropertyValueSpecification","valueRequired":true,"valueName":"search_term_string"}}],"inLanguage":"cs"},{"@type":"Person","@id":"","url":"https:\/\/www.welovecycling.com\/cs\/author\/"}]}},"_links":{"self":[{"href":"https:\/\/www.welovecycling.com\/cs\/wp-json\/wp\/v2\/posts\/3174","targetHints":{"allow":["GET"]}}],"collection":[{"href":"https:\/\/www.welovecycling.com\/cs\/wp-json\/wp\/v2\/posts"}],"about":[{"href":"https:\/\/www.welovecycling.com\/cs\/wp-json\/wp\/v2\/types\/post"}],"author":[{"embeddable":true,"href":"https:\/\/www.welovecycling.com\/cs\/wp-json\/wp\/v2\/users\/95"}],"replies":[{"embeddable":true,"href":"https:\/\/www.welovecycling.com\/cs\/wp-json\/wp\/v2\/comments?post=3174"}],"version-history":[{"count":2,"href":"https:\/\/www.welovecycling.com\/cs\/wp-json\/wp\/v2\/posts\/3174\/revisions"}],"predecessor-version":[{"id":3179,"href":"https:\/\/www.welovecycling.com\/cs\/wp-json\/wp\/v2\/posts\/3174\/revisions\/3179"}],"wp:featuredmedia":[{"embeddable":true,"href":"https:\/\/www.welovecycling.com\/cs\/wp-json\/wp\/v2\/media\/2411"}],"wp:attachment":[{"href":"https:\/\/www.welovecycling.com\/cs\/wp-json\/wp\/v2\/media?parent=3174"}],"wp:term":[{"taxonomy":"category","embeddable":true,"href":"https:\/\/www.welovecycling.com\/cs\/wp-json\/wp\/v2\/categories?post=3174"},{"taxonomy":"post_tag","embeddable":true,"href":"https:\/\/www.welovecycling.com\/cs\/wp-json\/wp\/v2\/tags?post=3174"},{"taxonomy":"global-categories","embeddable":true,"href":"https:\/\/www.welovecycling.com\/cs\/wp-json\/wp\/v2\/global-categories?post=3174"}],"curies":[{"name":"wp","href":"https:\/\/api.w.org\/{rel}","templated":true}]}}