{"id":31654,"date":"2025-11-25T20:55:49","date_gmt":"2025-11-25T18:55:49","guid":{"rendered":"https:\/\/www.welovecycling.com\/cs\/?p=31654"},"modified":"2025-11-25T21:20:12","modified_gmt":"2025-11-25T19:20:12","slug":"alpy-te-ohromi-letape-dojme","status":"publish","type":"post","link":"https:\/\/www.welovecycling.com\/cs\/2025\/11\/25\/alpy-te-ohromi-letape-dojme\/","title":{"rendered":"Alpy t\u011b ohrom\u00ed, L&#8217;Etape dojme"},"content":{"rendered":"<p><strong>Nov\u00e9 kopce, nov\u00e1 startovn\u00ed m\u011bsta, nov\u00e9 lokality! L&#8217;Etape\u00a0Czech Republic by Tour de France 2026 nab\u00eddne p\u0159i \u0161est\u00e9m pokra\u010dov\u00e1n\u00ed na tuzemsk\u00e9m \u00fazem\u00ed dva zcela nov\u00e9 z\u00e1vody. Op\u011bt se pojede na zcela uzav\u0159en\u00fdch trat\u00edch, organiz\u00e1to\u0159i slibuj\u00ed stejn\u011b bou\u0159livou atmosf\u00e9ru jako v\u00a0p\u0159ede\u0161l\u00fdch ro\u010dn\u00edc\u00edch.<\/strong><\/p>\n<p>Kopcovit\u00e1 etapa napsala dosud p\u011bt d\u011bjstv\u00ed. \u0160est\u00e9 poprv\u00e9 v historii nebude startovat na Strahov\u011b a nepojede se na K\u0159ivokl\u00e1tsku. Peloton vyraz\u00ed na tra\u0165 z Centr\u00e1ln\u00edho parku Pankr\u00e1c a cyklist\u00e9 budou \u0161lapat sm\u011brem na Neveklov. Velkou \u010d\u00e1st trasy p\u0159itom z\u00e1vodn\u00edk\u016fm budou d\u011blat spole\u010dnost \u0159eky S\u00e1zava a Vltava.<\/p>\n<p>Velk\u00e1 porce kilometr\u016f je sm\u011b\u0159ov\u00e1na do oblasti, kde se to\u010dil legend\u00e1rn\u00ed film Vesni\u010dko m\u00e1 st\u0159ediskov\u00e1. V osmdes\u00e1t\u00fdch letech se jednalo o nejnav\u0161t\u011bvovan\u011bj\u0161\u00ed film v \u010ceskoslovensku, kter\u00fd dokonce z\u00edskal nominaci na Oscara.<\/p>\n<figure id=\"attachment_31682\" aria-describedby=\"caption-attachment-31682\" style=\"width: 1920px\" class=\"wp-caption alignnone\"><a href=\"https:\/\/d2p6e6u75xmxt8.cloudfront.net\/13\/2025\/11\/3C9A9335-scaled.webp\"><img loading=\"lazy\" decoding=\"async\" class=\"size-extra-large wp-image-31682\" src=\"https:\/\/d2p6e6u75xmxt8.cloudfront.net\/13\/2025\/11\/3C9A9335-1920x1280.webp\" alt=\"\" width=\"1920\" height=\"1280\" srcset=\"https:\/\/d2p6e6u75xmxt8.cloudfront.net\/13\/2025\/11\/3C9A9335-1920x1280.webp 1920w, https:\/\/d2p6e6u75xmxt8.cloudfront.net\/13\/2025\/11\/3C9A9335-300x200.webp 300w, https:\/\/d2p6e6u75xmxt8.cloudfront.net\/13\/2025\/11\/3C9A9335-1024x683.webp 1024w, https:\/\/d2p6e6u75xmxt8.cloudfront.net\/13\/2025\/11\/3C9A9335-768x512.webp 768w, https:\/\/d2p6e6u75xmxt8.cloudfront.net\/13\/2025\/11\/3C9A9335-1536x1024.webp 1536w, https:\/\/d2p6e6u75xmxt8.cloudfront.net\/13\/2025\/11\/3C9A9335-2048x1365.webp 2048w, https:\/\/d2p6e6u75xmxt8.cloudfront.net\/13\/2025\/11\/3C9A9335-400x267.webp 400w, https:\/\/d2p6e6u75xmxt8.cloudfront.net\/13\/2025\/11\/3C9A9335-272x182.webp 272w, https:\/\/d2p6e6u75xmxt8.cloudfront.net\/13\/2025\/11\/3C9A9335-1920x1280.webp 1920w\" sizes=\"auto, (max-width: 1920px) 100vw, 1920px\" \/><\/a><figcaption id=\"caption-attachment-31682\" class=\"wp-caption-text\"><em>Kopcovit\u00e1 L&#8217;Etape bude objevovat lokality z filmu Vesni\u010dko m\u00e1 st\u0159ediskov\u00e1.<\/em><\/figcaption><\/figure>\n<p>Peloton bude proj\u00ed\u017ed\u011bt kolem zn\u00e1m\u00e9 vjezdov\u00e9 br\u00e1ny s charakteristickou rudou hv\u011bzdou. Lokalitu, kde si to mezi pol\u00ed\u010dky \u0161tr\u00e1doval Rudolf Hru\u0161\u00ednsk\u00fd alias doktor Skru\u017en\u00fd, p\u0159itom re\u017eis\u00e9r Ji\u0159\u00ed Menzel objevil n\u00e1hodou. Do K\u0159e\u010dovic v\u0161ak i \u010dty\u0159icet let od premi\u00e9ry m\u00ed\u0159\u00ed stovky n\u00e1v\u0161t\u011bvn\u00edk\u016f pr\u00e1v\u011b kv\u016fli\u00a0 <a href=\"https:\/\/nfa.cz\/cs\/26375-vesnicko-ma-strediskova\">kultovn\u00edmu filmu<\/a>.<\/p>\n<div class=\"shortcode-ys-post-pinup\"><article class=\"loop-simple post-31613 post type-post status-publish format-standard has-post-thumbnail hentry category-cyklokros tag-cyklistika tag-cyklokros tag-elkov-kasper tag-michael-boros tag-silnicni-cyklistika tag-svetovy-pohar-v-cyklokrosu tag-tabor tag-vaclav-jezek global-categories-cycling\" data-postid=\"31613\" role=\"article\" data-post-id=\"31613\" data-word-count=\"632\" data-headline-length=\"57\" data-category=\"Cyklokros\" data-global-category=\"Cycling\" data-author=\"Radek Malina\" data-published=\"2025-11-21T05:00:51+02:00\" data-published-day=\"Friday\">\n    <div class=\"entry-thumbnail article-thumbnail\" content=\"https:\/\/d2p6e6u75xmxt8.cloudfront.net\/13\/2025\/11\/jezek-vaclav-150x150.webp\"><a href=\"https:\/\/www.welovecycling.com\/cs\/2025\/11\/21\/outsider-zmenil-trenink-i-vnimani-tela-a-je-lidrem\/\" class=\"image-holder\" target=\"_self\"><img decoding=\"async\" loading=\"lazy\" class=\"\" src=\"https:\/\/d2p6e6u75xmxt8.cloudfront.net\/13\/2025\/11\/jezek-vaclav-1024x683.webp\" srcset=\"https:\/\/d2p6e6u75xmxt8.cloudfront.net\/13\/2025\/11\/jezek-vaclav-scaled.webp 2560w, https:\/\/d2p6e6u75xmxt8.cloudfront.net\/13\/2025\/11\/jezek-vaclav-300x200.webp 300w, https:\/\/d2p6e6u75xmxt8.cloudfront.net\/13\/2025\/11\/jezek-vaclav-1024x683.webp 1024w, https:\/\/d2p6e6u75xmxt8.cloudfront.net\/13\/2025\/11\/jezek-vaclav-768x512.webp 768w, https:\/\/d2p6e6u75xmxt8.cloudfront.net\/13\/2025\/11\/jezek-vaclav-1536x1024.webp 1536w, https:\/\/d2p6e6u75xmxt8.cloudfront.net\/13\/2025\/11\/jezek-vaclav-2048x1366.webp 2048w, https:\/\/d2p6e6u75xmxt8.cloudfront.net\/13\/2025\/11\/jezek-vaclav-1920x1280.webp 1920w, https:\/\/d2p6e6u75xmxt8.cloudfront.net\/13\/2025\/11\/jezek-vaclav-400x267.webp 400w, https:\/\/d2p6e6u75xmxt8.cloudfront.net\/13\/2025\/11\/jezek-vaclav-272x182.webp 272w, https:\/\/d2p6e6u75xmxt8.cloudfront.net\/13\/2025\/11\/jezek-vaclav-1920x1280.webp 1920w\" width=\"1024\" height=\"683\" sizes=\"auto, (min-width: 1200px) 300px, (min-width: 768px) 25vw, 100vw\" alt=\"outsider-zmenil-trenink-i-vnimani-tela-a-je-lidrem\"\/><\/a><\/div>    <div class=\"entry-meta\">\n        <a class=\"label label-secondary post-category\" href=\"https:\/\/www.welovecycling.com\/cs\/category\/cyklokros\/\" title=\"Cyklokros\">Cyklokros<\/a>\n    <\/div>\n    <div class=\"entry-details\">\n        <a href=\"https:\/\/www.welovecycling.com\/cs\/2025\/11\/21\/outsider-zmenil-trenink-i-vnimani-tela-a-je-lidrem\/\" class='entry-title-wrapper'>\n            <h3 class=\"entry-title\"><span>Outsider zm\u011bnil tr\u00e9nink i vn\u00edm\u00e1n\u00ed t\u011bla a je l\u00eddrem<\/span><\/h3>\n        <\/a>\n    <\/div>\n    <\/article>\n<\/div>\n<p>\u201eJen se na to pod\u00edvej. Vid\u00ed\u0161 to. To nen\u00ed zem\u011b, to je zahr\u00e1dka. A jestli m\u00e1\u0161 srdce, tak to mus\u00ed\u0161 cejtit,\u201c \u0159\u00edk\u00e1 Rudolf Hru\u0161\u00ednsk\u00fd sm\u011brem ke sv\u00e9mu \u010dty\u0159noh\u00e9mu mazl\u00ed\u010dkovi, j\u00edm\u017e je pes Karl von Bahnhof. \u201eAlpy t\u011b ohrom\u00ed, ale tohle t\u011b dojme,\u201c prohod\u00ed mimo jin\u00e9 Rudolf Hru\u0161\u00ednsk\u00fd ve sn\u00edmku, kter\u00fd re\u017e\u00edroval Ji\u0159\u00ed Menzel.<\/p>\n<h2><strong>Na Kopcovit\u00e9 etap\u011b t\u0159i distance<\/strong><\/h2>\n<p>Re\u017eis\u00e9rem L&#8217;Etape Czech Republic je u\u017e p\u011bt let P\u0159emysl Nov\u00e1k. \u201eStrahov proch\u00e1z\u00ed rekonstrukc\u00ed. Pankr\u00e1c je ide\u00e1ln\u00ed n\u00e1hradn\u00ed lokalitou pro start nejv\u011bt\u0161\u00edho tuzemsk\u00e9ho silni\u010dn\u00edho z\u00e1vodu, proto\u017ee nab\u00edz\u00ed velmi dobr\u00e9 z\u00e1zem\u00ed. Je zde velk\u00fd park, po sjezdu do Mod\u0159an je mo\u017en\u00fd rychl\u00fd v\u00fdjezd z Prahy,&#8220; vysv\u011btluje P\u0159emysl Nov\u00e1k, \u0159editel projektu L&#8217;Etape Czech Republic by Tour de France.<\/p>\n<p><a href=\"https:\/\/d2p6e6u75xmxt8.cloudfront.net\/13\/2025\/11\/3C9A8527-1-scaled.webp\"><img loading=\"lazy\" decoding=\"async\" class=\"alignnone size-extra-large wp-image-31683\" src=\"https:\/\/d2p6e6u75xmxt8.cloudfront.net\/13\/2025\/11\/3C9A8527-1-1920x1280.webp\" alt=\"\" width=\"1920\" height=\"1280\" srcset=\"https:\/\/d2p6e6u75xmxt8.cloudfront.net\/13\/2025\/11\/3C9A8527-1-1920x1280.webp 1920w, https:\/\/d2p6e6u75xmxt8.cloudfront.net\/13\/2025\/11\/3C9A8527-1-300x200.webp 300w, https:\/\/d2p6e6u75xmxt8.cloudfront.net\/13\/2025\/11\/3C9A8527-1-1024x683.webp 1024w, https:\/\/d2p6e6u75xmxt8.cloudfront.net\/13\/2025\/11\/3C9A8527-1-768x512.webp 768w, https:\/\/d2p6e6u75xmxt8.cloudfront.net\/13\/2025\/11\/3C9A8527-1-1536x1024.webp 1536w, https:\/\/d2p6e6u75xmxt8.cloudfront.net\/13\/2025\/11\/3C9A8527-1-2048x1365.webp 2048w, https:\/\/d2p6e6u75xmxt8.cloudfront.net\/13\/2025\/11\/3C9A8527-1-400x267.webp 400w, https:\/\/d2p6e6u75xmxt8.cloudfront.net\/13\/2025\/11\/3C9A8527-1-272x182.webp 272w, https:\/\/d2p6e6u75xmxt8.cloudfront.net\/13\/2025\/11\/3C9A8527-1-1920x1280.webp 1920w\" sizes=\"auto, (max-width: 1920px) 100vw, 1920px\" \/><\/a><\/p>\n<p>K dispozici budou m\u00edt z\u00e1vodn\u00edci tradi\u010dn\u011b t\u0159i distance o vzd\u00e1lenosti 65 kilometr\u016f, 100 kilometr\u016f a 130 kilometr\u016f. Peloton projede p\u0159es Mod\u0159any, n\u00e1sledovat bude stoup\u00e1n\u00ed na To\u010dnou, d\u00e1le jsou na trase obce Doln\u00ed B\u0159e\u017eany, J\u00edlov\u00e9, Neveklov, zn\u00e1m\u00e1 st\u0159ediskov\u00e1 obec K\u0159e\u010dovice, Bojanovice, M\u011bchenice a pod\u00e9l Vltavy budou cyklist\u00e9 pokra\u010dovat zp\u011bt do Prahy.<\/p>\n<p><a href=\"https:\/\/d2p6e6u75xmxt8.cloudfront.net\/13\/2025\/11\/ETB26-CzechRep-PRAGUE-Cartes_01-scaled.webp\"><img loading=\"lazy\" decoding=\"async\" class=\"alignnone size-extra-large wp-image-31708\" src=\"https:\/\/d2p6e6u75xmxt8.cloudfront.net\/13\/2025\/11\/ETB26-CzechRep-PRAGUE-Cartes_01-1357x1920.webp\" alt=\"\" width=\"1357\" height=\"1920\" srcset=\"https:\/\/d2p6e6u75xmxt8.cloudfront.net\/13\/2025\/11\/ETB26-CzechRep-PRAGUE-Cartes_01-1357x1920.webp 1357w, https:\/\/d2p6e6u75xmxt8.cloudfront.net\/13\/2025\/11\/ETB26-CzechRep-PRAGUE-Cartes_01-212x300.webp 212w, https:\/\/d2p6e6u75xmxt8.cloudfront.net\/13\/2025\/11\/ETB26-CzechRep-PRAGUE-Cartes_01-724x1024.webp 724w, https:\/\/d2p6e6u75xmxt8.cloudfront.net\/13\/2025\/11\/ETB26-CzechRep-PRAGUE-Cartes_01-768x1086.webp 768w, https:\/\/d2p6e6u75xmxt8.cloudfront.net\/13\/2025\/11\/ETB26-CzechRep-PRAGUE-Cartes_01-1086x1536.webp 1086w, https:\/\/d2p6e6u75xmxt8.cloudfront.net\/13\/2025\/11\/ETB26-CzechRep-PRAGUE-Cartes_01-1448x2048.webp 1448w, https:\/\/d2p6e6u75xmxt8.cloudfront.net\/13\/2025\/11\/ETB26-CzechRep-PRAGUE-Cartes_01-283x400.webp 283w, https:\/\/d2p6e6u75xmxt8.cloudfront.net\/13\/2025\/11\/ETB26-CzechRep-PRAGUE-Cartes_01-scaled.webp 1810w, https:\/\/d2p6e6u75xmxt8.cloudfront.net\/13\/2025\/11\/ETB26-CzechRep-PRAGUE-Cartes_01-1357x1920.webp 1357w\" sizes=\"auto, (max-width: 1357px) 100vw, 1357px\" \/><\/a><\/p>\n<p>&#8222;Pojedeme p\u0159es obec, kde se nat\u00e1\u010del legend\u00e1rn\u00ed film Vesni\u010dko m\u00e1 st\u0159ediskov\u00e1. Cyklist\u00e9 budou prot\u00ednat kr\u00e1snou krajinu Slapsk\u00e9 p\u0159ehrady a dojde i na p\u0159ejezd\u00a0\u017divoho\u0161\u0165sk\u00e9ho\u00a0mostu,&#8220; vyzdvihuje nejatraktivn\u011bj\u0161\u00ed m\u00edsta P\u0159emysl Nov\u00e1k.<\/p>\n<p>\u201eKdy\u017e si pomohu parafr\u00e1z\u00ed hl\u00e1\u0161ky z\u00a0filmu Vesni\u010dko m\u00e1 st\u0159ediskov\u00e1, jsem si jist\u00fd, \u017ee nov\u00e1 L&#8217;Etape\u00a0dojme,\u201c uji\u0161\u0165uje P\u0159emysl Nov\u00e1k.<\/p>\n<h2><strong>Z\u00a0jihu m\u00ed\u0159\u00ed L&#8217;Etape\u00a0 na v\u00fdchod \u010cech<\/strong><\/h2>\n<p>Po dvou letech na jihu \u010cech m\u011bn\u00ed lokalitu i druh\u00fd \u010desk\u00fd podnik s\u00e9rie L&#8217;Etape Czech Republic by Tour de France. Z Prachatic, kde se jezdila Horsk\u00e1 etapa, se p\u0159esune na v\u00fdchod \u010cech. Z Pardubic odstartuje 4. \u0159\u00edjna 2026 poprv\u00e9 v historii \u010cesk\u00e9 republiky Rovinat\u00e1 L&#8217;Etape Czech Republic by Tour de France.<\/p>\n<p>&#8222;Jedn\u00edm z posl\u00e1n\u00ed z\u00e1vod\u016f s\u00e9rie\u00a0L&#8217;Etape\u00a0\u202fje objevov\u00e1n\u00ed nov\u00fdch m\u00edst. V cyklistick\u00e9 komunit\u011b panovala popt\u00e1vka po rovinat\u00e9 trase a Pardubicko je cyklisticky obl\u00edben\u00e9,&#8220; vysv\u011btluje P\u0159emysl Nov\u00e1k.<\/p>\n<figure id=\"attachment_31670\" aria-describedby=\"caption-attachment-31670\" style=\"width: 1920px\" class=\"wp-caption alignnone\"><a href=\"https:\/\/d2p6e6u75xmxt8.cloudfront.net\/13\/2025\/11\/LEtape_Czech2_2026_recon_0026-scaled.webp\"><img loading=\"lazy\" decoding=\"async\" class=\"size-extra-large wp-image-31670\" src=\"https:\/\/d2p6e6u75xmxt8.cloudfront.net\/13\/2025\/11\/LEtape_Czech2_2026_recon_0026-1920x1281.webp\" alt=\"\" width=\"1920\" height=\"1281\" srcset=\"https:\/\/d2p6e6u75xmxt8.cloudfront.net\/13\/2025\/11\/LEtape_Czech2_2026_recon_0026-1920x1281.webp 1920w, https:\/\/d2p6e6u75xmxt8.cloudfront.net\/13\/2025\/11\/LEtape_Czech2_2026_recon_0026-300x200.webp 300w, https:\/\/d2p6e6u75xmxt8.cloudfront.net\/13\/2025\/11\/LEtape_Czech2_2026_recon_0026-1024x683.webp 1024w, https:\/\/d2p6e6u75xmxt8.cloudfront.net\/13\/2025\/11\/LEtape_Czech2_2026_recon_0026-768x512.webp 768w, https:\/\/d2p6e6u75xmxt8.cloudfront.net\/13\/2025\/11\/LEtape_Czech2_2026_recon_0026-1536x1025.webp 1536w, https:\/\/d2p6e6u75xmxt8.cloudfront.net\/13\/2025\/11\/LEtape_Czech2_2026_recon_0026-2048x1366.webp 2048w, https:\/\/d2p6e6u75xmxt8.cloudfront.net\/13\/2025\/11\/LEtape_Czech2_2026_recon_0026-400x267.webp 400w, https:\/\/d2p6e6u75xmxt8.cloudfront.net\/13\/2025\/11\/LEtape_Czech2_2026_recon_0026-272x182.webp 272w, https:\/\/d2p6e6u75xmxt8.cloudfront.net\/13\/2025\/11\/LEtape_Czech2_2026_recon_0026-1920x1281.webp 1920w\" sizes=\"auto, (max-width: 1920px) 100vw, 1920px\" \/><\/a><figcaption id=\"caption-attachment-31670\" class=\"wp-caption-text\"><em>Rovinat\u00e1 L&#8217;Etape Czech Republic by Tour de France 2026 bude startovat v Pardubic\u00edch.<\/em><\/figcaption><\/figure>\n<p>A zat\u00edmco Horsk\u00e1 etapa se jezdila v srpnov\u00e9m term\u00ednu, do boje s rovinatou trasou se cyklist\u00e9 vydaj\u00ed a\u017e prvn\u00ed \u0159\u00edjnovou ned\u011bli roku 2026. &#8222;Dop\u0159ejeme z\u00e1jemc\u016fm podzimn\u00ed z\u00e1vod, tak\u017ee dostanou p\u0159\u00edle\u017eitost a motivaci nat\u00e1hnout sezonu. Sou\u010dasn\u011b p\u016fjde o z\u00e1v\u011bre\u010dn\u00fd z\u00e1vod silni\u010dn\u00edho kalend\u00e1\u0159e.&#8220;<\/p>\n<p><a href=\"https:\/\/d2p6e6u75xmxt8.cloudfront.net\/13\/2025\/11\/ETB26-CzechRep-PARDUBICE-Profil-scaled.webp\"><img loading=\"lazy\" decoding=\"async\" class=\"alignnone size-extra-large wp-image-31705\" src=\"https:\/\/d2p6e6u75xmxt8.cloudfront.net\/13\/2025\/11\/ETB26-CzechRep-PARDUBICE-Profil-1920x1376.webp\" alt=\"\" width=\"1920\" height=\"1376\" srcset=\"https:\/\/d2p6e6u75xmxt8.cloudfront.net\/13\/2025\/11\/ETB26-CzechRep-PARDUBICE-Profil-1920x1376.webp 1920w, https:\/\/d2p6e6u75xmxt8.cloudfront.net\/13\/2025\/11\/ETB26-CzechRep-PARDUBICE-Profil-300x215.webp 300w, https:\/\/d2p6e6u75xmxt8.cloudfront.net\/13\/2025\/11\/ETB26-CzechRep-PARDUBICE-Profil-1024x734.webp 1024w, https:\/\/d2p6e6u75xmxt8.cloudfront.net\/13\/2025\/11\/ETB26-CzechRep-PARDUBICE-Profil-768x550.webp 768w, https:\/\/d2p6e6u75xmxt8.cloudfront.net\/13\/2025\/11\/ETB26-CzechRep-PARDUBICE-Profil-1536x1101.webp 1536w, https:\/\/d2p6e6u75xmxt8.cloudfront.net\/13\/2025\/11\/ETB26-CzechRep-PARDUBICE-Profil-2048x1467.webp 2048w, https:\/\/d2p6e6u75xmxt8.cloudfront.net\/13\/2025\/11\/ETB26-CzechRep-PARDUBICE-Profil-400x287.webp 400w, https:\/\/d2p6e6u75xmxt8.cloudfront.net\/13\/2025\/11\/ETB26-CzechRep-PARDUBICE-Profil-1920x1376.webp 1920w\" sizes=\"auto, (max-width: 1920px) 100vw, 1920px\" \/><\/a><\/p>\n<p>Rovinat\u00e1 etapa bude m\u00edt jedinou trasu dlouhou 111 kilometr\u016f, p\u0159i\u010dem\u017e p\u0159ev\u00fd\u0161en\u00ed bude jen 250 v\u00fd\u0161kov\u00fdch metr\u016f. Start se odehraje ve vln\u00e1ch, kdy bude postupn\u011b na trasu vyr\u00e1\u017eet bal\u00edk 184 cyklist\u016f v jedn\u00e9 startovn\u00ed vln\u011b podle po\u010dtu cyklist\u016f na startu prvn\u00ed etapy Tour de France.<\/p>\n<p><a href=\"https:\/\/d2p6e6u75xmxt8.cloudfront.net\/13\/2025\/11\/ETB26-CzechRep-PARDUBICE-Carte-scaled.webp\"><img loading=\"lazy\" decoding=\"async\" class=\"alignnone size-extra-large wp-image-31715\" src=\"https:\/\/d2p6e6u75xmxt8.cloudfront.net\/13\/2025\/11\/ETB26-CzechRep-PARDUBICE-Carte-1920x1357.webp\" alt=\"\" width=\"1920\" height=\"1357\" srcset=\"https:\/\/d2p6e6u75xmxt8.cloudfront.net\/13\/2025\/11\/ETB26-CzechRep-PARDUBICE-Carte-1920x1357.webp 1920w, https:\/\/d2p6e6u75xmxt8.cloudfront.net\/13\/2025\/11\/ETB26-CzechRep-PARDUBICE-Carte-300x212.webp 300w, https:\/\/d2p6e6u75xmxt8.cloudfront.net\/13\/2025\/11\/ETB26-CzechRep-PARDUBICE-Carte-1024x724.webp 1024w, https:\/\/d2p6e6u75xmxt8.cloudfront.net\/13\/2025\/11\/ETB26-CzechRep-PARDUBICE-Carte-768x543.webp 768w, https:\/\/d2p6e6u75xmxt8.cloudfront.net\/13\/2025\/11\/ETB26-CzechRep-PARDUBICE-Carte-1536x1086.webp 1536w, https:\/\/d2p6e6u75xmxt8.cloudfront.net\/13\/2025\/11\/ETB26-CzechRep-PARDUBICE-Carte-2048x1448.webp 2048w, https:\/\/d2p6e6u75xmxt8.cloudfront.net\/13\/2025\/11\/ETB26-CzechRep-PARDUBICE-Carte-400x283.webp 400w, https:\/\/d2p6e6u75xmxt8.cloudfront.net\/13\/2025\/11\/ETB26-CzechRep-PARDUBICE-Carte-1920x1357.webp 1920w\" sizes=\"auto, (max-width: 1920px) 100vw, 1920px\" \/><\/a><\/p>\n<p>&#8222;Mysl\u00edme na bezpe\u010dnost, proto jednotliv\u00e9 skupiny odstartuj\u00ed v\u00a0t\u0159\u00edminutov\u00fdch intervalech,\u201c uji\u0161\u0165uje P\u0159emysl Nov\u00e1k, \u017ee cyklist\u00e9 jsou na L&#8217;Etape\u00a0na prvn\u00edm m\u00edst\u011b.<\/p>\n<h2><strong>Rovinat\u00e1 etapa uzav\u0159e sezonu<\/strong><\/h2>\n<p>Start v Pardubic\u00edch se odehraje na Sukov\u011b t\u0159\u00edd\u011b a p\u0159es obce Da\u0161ice, Holice, Borohr\u00e1dek, pod\u00e9l \u0159eky Orlice s v\u00fdhledem na Orlick\u00e9 hory, Albrechtice a Sezemice zam\u00ed\u0159\u00ed peloton zp\u011bt do Pardubic.<\/p>\n<p><a href=\"https:\/\/d2p6e6u75xmxt8.cloudfront.net\/13\/2025\/11\/LEtape_Czech2_2026_recon_0065-scaled.webp\"><img loading=\"lazy\" decoding=\"async\" class=\"alignnone size-extra-large wp-image-31664\" src=\"https:\/\/d2p6e6u75xmxt8.cloudfront.net\/13\/2025\/11\/LEtape_Czech2_2026_recon_0065-1920x1281.webp\" alt=\"\" width=\"1920\" height=\"1281\" srcset=\"https:\/\/d2p6e6u75xmxt8.cloudfront.net\/13\/2025\/11\/LEtape_Czech2_2026_recon_0065-1920x1281.webp 1920w, https:\/\/d2p6e6u75xmxt8.cloudfront.net\/13\/2025\/11\/LEtape_Czech2_2026_recon_0065-300x200.webp 300w, https:\/\/d2p6e6u75xmxt8.cloudfront.net\/13\/2025\/11\/LEtape_Czech2_2026_recon_0065-1024x683.webp 1024w, https:\/\/d2p6e6u75xmxt8.cloudfront.net\/13\/2025\/11\/LEtape_Czech2_2026_recon_0065-768x512.webp 768w, https:\/\/d2p6e6u75xmxt8.cloudfront.net\/13\/2025\/11\/LEtape_Czech2_2026_recon_0065-1536x1024.webp 1536w, https:\/\/d2p6e6u75xmxt8.cloudfront.net\/13\/2025\/11\/LEtape_Czech2_2026_recon_0065-2048x1366.webp 2048w, https:\/\/d2p6e6u75xmxt8.cloudfront.net\/13\/2025\/11\/LEtape_Czech2_2026_recon_0065-400x267.webp 400w, https:\/\/d2p6e6u75xmxt8.cloudfront.net\/13\/2025\/11\/LEtape_Czech2_2026_recon_0065-272x182.webp 272w, https:\/\/d2p6e6u75xmxt8.cloudfront.net\/13\/2025\/11\/LEtape_Czech2_2026_recon_0065-1920x1281.webp 1920w\" sizes=\"auto, (max-width: 1920px) 100vw, 1920px\" \/><\/a><\/p>\n<p>&#8222;V\u011b\u0159\u00edme, \u017ee cyklist\u00e9 podzimn\u00ed term\u00edn p\u0159ijmou. V pr\u016fb\u011bhu p\u0159\u00edpravy tras jsme se v jednotliv\u00fdch obc\u00edch setkali s pozitivn\u00edmi ohlasy, tak\u017ee o\u010dek\u00e1v\u00e1me, \u017ee atmosf\u00e9ra z\u00e1vodu bude stejn\u011b dokonal\u00e1 jako v Prachatic\u00edch. Sou\u010dasn\u011b bude ur\u010dit\u011b velk\u00fdm l\u00e1kadlem i j\u00edzda ve scen\u00e9ri\u00edch podzimn\u00ed p\u0159\u00edrody, kter\u00e1 dok\u00e1\u017ee vykouzlit jedine\u010dn\u00e9 kulisy,&#8220; \u0159\u00edk\u00e1 P\u0159emysl Nov\u00e1k a ani trochu se neob\u00e1v\u00e1 nep\u0159\u00edzniv\u00e9ho po\u010das\u00ed.<\/p>\n<div class=\"shortcode-ys-post-pinup\"><article class=\"loop-simple post-31631 post type-post status-publish format-standard has-post-thumbnail hentry category-silnicni-cyklistika tag-chris-froome tag-cyklistika tag-ineos-grenadiers tag-israel-premiertech tag-konec-kariery tag-penize tag-silnicni-cyklistika tag-team-sky tag-tour-de-france tag-zraneni global-categories-cycling\" data-postid=\"31631\" role=\"article\" data-post-id=\"31631\" data-word-count=\"539\" data-headline-length=\"41\" data-category=\"Silni\u010dn\u00ed cyklistika\" data-global-category=\"Cycling\" data-author=\"We Love Cycling\" data-published=\"2025-11-22T05:00:59+02:00\" data-published-day=\"Saturday\">\n    <div class=\"entry-thumbnail article-thumbnail\" content=\"https:\/\/d2p6e6u75xmxt8.cloudfront.net\/13\/2024\/06\/profimedia-0294076929-150x150.webp\"><a href=\"https:\/\/www.welovecycling.com\/cs\/2025\/11\/22\/froome-absolutni-omyl-posteskl-si-boss\/\" class=\"image-holder\" target=\"_self\"><img decoding=\"async\" loading=\"lazy\" class=\"\" src=\"https:\/\/d2p6e6u75xmxt8.cloudfront.net\/13\/2024\/06\/profimedia-0294076929-1024x683.webp\" srcset=\"https:\/\/d2p6e6u75xmxt8.cloudfront.net\/13\/2024\/06\/profimedia-0294076929.webp 1800w, https:\/\/d2p6e6u75xmxt8.cloudfront.net\/13\/2024\/06\/profimedia-0294076929-300x200.webp 300w, https:\/\/d2p6e6u75xmxt8.cloudfront.net\/13\/2024\/06\/profimedia-0294076929-1024x683.webp 1024w, https:\/\/d2p6e6u75xmxt8.cloudfront.net\/13\/2024\/06\/profimedia-0294076929-768x512.webp 768w, https:\/\/d2p6e6u75xmxt8.cloudfront.net\/13\/2024\/06\/profimedia-0294076929-1536x1024.webp 1536w, https:\/\/d2p6e6u75xmxt8.cloudfront.net\/13\/2024\/06\/profimedia-0294076929-400x267.webp 400w, https:\/\/d2p6e6u75xmxt8.cloudfront.net\/13\/2024\/06\/profimedia-0294076929-272x182.webp 272w\" width=\"1024\" height=\"683\" sizes=\"auto, (min-width: 1200px) 300px, (min-width: 768px) 25vw, 100vw\" alt=\"froome-absolutni-omyl-posteskl-si-boss\"\/><\/a><\/div>    <div class=\"entry-meta\">\n        <a class=\"label label-secondary post-category\" href=\"https:\/\/www.welovecycling.com\/cs\/category\/silnicni-cyklistika\/\" title=\"Silni\u010dn\u00ed cyklistika\">Silni\u010dn\u00ed cyklistika<\/a>\n    <\/div>\n    <div class=\"entry-details\">\n        <a href=\"https:\/\/www.welovecycling.com\/cs\/2025\/11\/22\/froome-absolutni-omyl-posteskl-si-boss\/\" class='entry-title-wrapper'>\n            <h3 class=\"entry-title\"><span>Froome? Absolutn\u00ed omyl, posteskl si boss<\/span><\/h3>\n        <\/a>\n    <\/div>\n    <\/article>\n<\/div>\n<p>\u201cD\u011blali jsme anal\u00fdzu klimatick\u00fdch podm\u00ednek pro prvn\u00ed \u0159\u00edjnovou ned\u011bli za posledn\u00edch patn\u00e1ct let. Pr\u016fm\u011brn\u00e1 teplota je sedmn\u00e1ct stup\u0148\u016f, mno\u017estv\u00ed sr\u00e1\u017eek prakticky nulov\u00e9. Nebudeme se pohybovat na hor\u00e1ch, tak\u017ee nen\u00ed d\u016fvod k obav\u00e1m,\u201d poznamen\u00e1v\u00e1 P\u0159emysl Nov\u00e1k k p\u0159esunu do podzimn\u00edho term\u00ednu.<\/p>\n<figure id=\"attachment_31660\" aria-describedby=\"caption-attachment-31660\" style=\"width: 1920px\" class=\"wp-caption alignnone\"><a href=\"https:\/\/d2p6e6u75xmxt8.cloudfront.net\/13\/2025\/11\/LEtape_Czech2_2026_recon_0073-scaled.webp\"><img loading=\"lazy\" decoding=\"async\" class=\"size-extra-large wp-image-31660\" src=\"https:\/\/d2p6e6u75xmxt8.cloudfront.net\/13\/2025\/11\/LEtape_Czech2_2026_recon_0073-1920x1280.webp\" alt=\"\" width=\"1920\" height=\"1280\" srcset=\"https:\/\/d2p6e6u75xmxt8.cloudfront.net\/13\/2025\/11\/LEtape_Czech2_2026_recon_0073-1920x1280.webp 1920w, https:\/\/d2p6e6u75xmxt8.cloudfront.net\/13\/2025\/11\/LEtape_Czech2_2026_recon_0073-300x200.webp 300w, https:\/\/d2p6e6u75xmxt8.cloudfront.net\/13\/2025\/11\/LEtape_Czech2_2026_recon_0073-1024x683.webp 1024w, https:\/\/d2p6e6u75xmxt8.cloudfront.net\/13\/2025\/11\/LEtape_Czech2_2026_recon_0073-768x512.webp 768w, https:\/\/d2p6e6u75xmxt8.cloudfront.net\/13\/2025\/11\/LEtape_Czech2_2026_recon_0073-1536x1024.webp 1536w, https:\/\/d2p6e6u75xmxt8.cloudfront.net\/13\/2025\/11\/LEtape_Czech2_2026_recon_0073-2048x1365.webp 2048w, https:\/\/d2p6e6u75xmxt8.cloudfront.net\/13\/2025\/11\/LEtape_Czech2_2026_recon_0073-400x267.webp 400w, https:\/\/d2p6e6u75xmxt8.cloudfront.net\/13\/2025\/11\/LEtape_Czech2_2026_recon_0073-272x182.webp 272w, https:\/\/d2p6e6u75xmxt8.cloudfront.net\/13\/2025\/11\/LEtape_Czech2_2026_recon_0073-1920x1280.webp 1920w\" sizes=\"auto, (max-width: 1920px) 100vw, 1920px\" \/><\/a><figcaption id=\"caption-attachment-31660\" class=\"wp-caption-text\"><em>Rovinat\u00e1 L&#8217;Etape\u00a0 zam\u00ed\u0159\u00ed do rodi\u0161t\u011b legend\u00e1rn\u00edho cestovatele Emila Holuba.<\/em><\/figcaption><\/figure>\n<p>A pro\u010d padla volba na ned\u011bli? \u201cL&#8217;Etape\u00a0se odehr\u00e1v\u00e1 na uzav\u0159en\u00fdch silnic\u00edch. A proto\u017ee jde o volebn\u00ed v\u00edkend, nechceme na\u0161imi uzav\u00edrkami zasahovat do mo\u017enosti obyvatel vyrazit do volebn\u00edch m\u00edstnost\u00ed,\u201d zd\u016fraz\u0148uje P\u0159emysl Nov\u00e1k, \u017ee p\u0159i pl\u00e1nov\u00e1n\u00ed z\u00e1vodu m\u011bli organiz\u00e1to\u0159i na z\u0159eteli nejen blaho cyklist\u016f, ale i m\u00edstn\u00edch ob\u010dan\u016f.<\/p>\n<div class=\"shortcode-ys-post-pinup\"><article class=\"loop-simple post-31542 post type-post status-publish format-standard has-post-thumbnail hentry category-https-www-welovecycling-com-cs-category-zabava tag-bile-tretry tag-cyklisticka-obuv tag-cyklisticke-tretry tag-cyklistika tag-gravel tag-horska-cyklistika tag-silnicni-cyklistika tag-tretry global-categories-cycling\" data-postid=\"31542\" role=\"article\" data-post-id=\"31542\" data-word-count=\"492\" data-headline-length=\"39\" data-category=\"Z\u00c1BAVA\" data-global-category=\"Cycling\" data-author=\"We Love Cycling\" data-published=\"2025-11-12T15:00:11+02:00\" data-published-day=\"Wednesday\">\n    <div class=\"entry-thumbnail article-thumbnail\" content=\"https:\/\/d2p6e6u75xmxt8.cloudfront.net\/13\/2025\/11\/unnamed-2-150x150.webp\"><a href=\"https:\/\/www.welovecycling.com\/cs\/2025\/11\/12\/bile-tretry-pod-pokutou-nejde-o-vtip\/\" class=\"image-holder\" target=\"_self\"><img decoding=\"async\" loading=\"lazy\" class=\"\" src=\"https:\/\/d2p6e6u75xmxt8.cloudfront.net\/13\/2025\/11\/unnamed-2-1024x667.webp\" srcset=\"https:\/\/d2p6e6u75xmxt8.cloudfront.net\/13\/2025\/11\/unnamed-2.webp 1693w, https:\/\/d2p6e6u75xmxt8.cloudfront.net\/13\/2025\/11\/unnamed-2-300x195.webp 300w, https:\/\/d2p6e6u75xmxt8.cloudfront.net\/13\/2025\/11\/unnamed-2-1024x667.webp 1024w, https:\/\/d2p6e6u75xmxt8.cloudfront.net\/13\/2025\/11\/unnamed-2-768x500.webp 768w, https:\/\/d2p6e6u75xmxt8.cloudfront.net\/13\/2025\/11\/unnamed-2-1536x1000.webp 1536w, https:\/\/d2p6e6u75xmxt8.cloudfront.net\/13\/2025\/11\/unnamed-2-400x260.webp 400w\" width=\"1024\" height=\"667\" sizes=\"auto, (min-width: 1200px) 308px, (min-width: 768px) 26vw, 100vw\" alt=\"bile-tretry-pod-pokutou-nejde-o-vtip\"\/><\/a><\/div>    <div class=\"entry-meta\">\n        <a class=\"label label-secondary post-category\" href=\"https:\/\/www.welovecycling.com\/cs\/category\/https-www-welovecycling-com-cs-category-zabava\/\" title=\"Z\u00c1BAVA\">Z\u00c1BAVA<\/a>\n    <\/div>\n    <div class=\"entry-details\">\n        <a href=\"https:\/\/www.welovecycling.com\/cs\/2025\/11\/12\/bile-tretry-pod-pokutou-nejde-o-vtip\/\" class='entry-title-wrapper'>\n            <h3 class=\"entry-title\"><span>B\u00edl\u00e9 tretry pod pokutou? Nejde o vtip<\/span><\/h3>\n        <\/a>\n    <\/div>\n    <\/article>\n<\/div>\n<p>Cyklist\u00e9 mohou do konce listopadu vyu\u017e\u00edt dvacetiprocentn\u00ed slevov\u00fd k\u00f3d v\u00a0r\u00e1mci Black Friday, kter\u00fd zn\u00ed \u201eletapefriday\u201c. Od 1. prosince pak bude pro v\u0161echny p\u0159ihl\u00e1\u0161en\u00e9 platit cena 3690 korun.<\/p>\n<p><a href=\"https:\/\/d2p6e6u75xmxt8.cloudfront.net\/13\/2025\/11\/LEtape_Czech2_2026_recon_0078-scaled.webp\"><img loading=\"lazy\" decoding=\"async\" class=\"alignnone size-extra-large wp-image-31656\" src=\"https:\/\/d2p6e6u75xmxt8.cloudfront.net\/13\/2025\/11\/LEtape_Czech2_2026_recon_0078-1920x1280.webp\" alt=\"\" width=\"1920\" height=\"1280\" srcset=\"https:\/\/d2p6e6u75xmxt8.cloudfront.net\/13\/2025\/11\/LEtape_Czech2_2026_recon_0078-1920x1280.webp 1920w, https:\/\/d2p6e6u75xmxt8.cloudfront.net\/13\/2025\/11\/LEtape_Czech2_2026_recon_0078-300x200.webp 300w, https:\/\/d2p6e6u75xmxt8.cloudfront.net\/13\/2025\/11\/LEtape_Czech2_2026_recon_0078-1024x683.webp 1024w, https:\/\/d2p6e6u75xmxt8.cloudfront.net\/13\/2025\/11\/LEtape_Czech2_2026_recon_0078-768x512.webp 768w, https:\/\/d2p6e6u75xmxt8.cloudfront.net\/13\/2025\/11\/LEtape_Czech2_2026_recon_0078-1536x1024.webp 1536w, https:\/\/d2p6e6u75xmxt8.cloudfront.net\/13\/2025\/11\/LEtape_Czech2_2026_recon_0078-2048x1365.webp 2048w, https:\/\/d2p6e6u75xmxt8.cloudfront.net\/13\/2025\/11\/LEtape_Czech2_2026_recon_0078-400x267.webp 400w, https:\/\/d2p6e6u75xmxt8.cloudfront.net\/13\/2025\/11\/LEtape_Czech2_2026_recon_0078-272x182.webp 272w, https:\/\/d2p6e6u75xmxt8.cloudfront.net\/13\/2025\/11\/LEtape_Czech2_2026_recon_0078-1920x1280.webp 1920w\" sizes=\"auto, (max-width: 1920px) 100vw, 1920px\" \/><\/a><\/p>\n<p>L&#8217;Etape \u202fCzech Republic by Tour de France pat\u0159\u00ed do s\u00e9rie organizovan\u00e9 pod patronac\u00ed A.S.O. nap\u0159\u00ed\u010d kontinenty v t\u00e9m\u011b\u0159 t\u0159iceti r\u016fzn\u00fdch destinac\u00edch.<\/p>\n","protected":false},"excerpt":{"rendered":"<p>Nov\u00e9 kopce, nov\u00e1 startovn\u00ed m\u011bsta, nov\u00e9 lokality! L&#8217;Etape\u00a0Czech Republic by Tour de France 2026 nab\u00eddne p\u0159i \u0161est\u00e9m pokra\u010dov\u00e1n\u00ed na tuzemsk\u00e9m [&hellip;]<\/p>\n","protected":false},"author":138,"featured_media":31675,"comment_status":"open","ping_status":"open","sticky":false,"template":"","format":"standard","meta":{"footnotes":""},"categories":[1564],"tags":[126,4447,4448,9],"global-categories":[411],"class_list":["post-31654","post","type-post","status-publish","format-standard","has-post-thumbnail","hentry","category-letape-czech-republic","tag-cyklistika","tag-letape-2026","tag-letape-czech-republic-2026","tag-silnicni-cyklistika","global-categories-cycling"],"yoast_head":"<!-- This site is optimized with the Yoast SEO Premium plugin v25.3 (Yoast SEO v25.9) - https:\/\/yoast.com\/wordpress\/plugins\/seo\/ -->\n<title>Alpy t\u011b ohrom\u00ed, L&#039;Etape dojme | \u0160koda We Love Cycling - \u010cesk\u00e1 republika<\/title>\n<meta name=\"description\" content=\"Nov\u00e9 kopce, nov\u00e1 startovn\u00ed m\u011bsta, nov\u00e9 lokality! L&#039;Etape\u00a0Czech Republic by Tour de France 2026 nab\u00eddne p\u0159i \u0161est\u00e9m pokra\u010dov\u00e1n\u00ed na tuzemsk\u00e9m \u00fazem\u00ed dva zcela nov\u00e9 z\u00e1vody. Op\u011bt se pojede na zcela uzav\u0159en\u00fdch trat\u00edch, organiz\u00e1to\u0159i slibuj\u00ed stejn\u011b bou\u0159livou atmosf\u00e9ru jako v\u00a0p\u0159ede\u0161l\u00fdch ro\u010dn\u00edc\u00edch.\" \/>\n<meta name=\"robots\" content=\"index, follow, max-snippet:-1, max-image-preview:large, max-video-preview:-1\" \/>\n<link rel=\"canonical\" href=\"https:\/\/www.welovecycling.com\/cs\/2025\/11\/25\/alpy-te-ohromi-letape-dojme\/\" \/>\n<meta property=\"og:locale\" content=\"cs_CZ\" \/>\n<meta property=\"og:type\" content=\"article\" \/>\n<meta property=\"og:title\" content=\"Alpy t\u011b ohrom\u00ed, L&#039;Etape dojme\" \/>\n<meta property=\"og:description\" content=\"Nov\u00e9 kopce, nov\u00e1 startovn\u00ed m\u011bsta, nov\u00e9 lokality! L&#039;Etape\u00a0Czech Republic by Tour de France 2026 nab\u00eddne p\u0159i \u0161est\u00e9m pokra\u010dov\u00e1n\u00ed na tuzemsk\u00e9m \u00fazem\u00ed dva zcela nov\u00e9 z\u00e1vody. Op\u011bt se pojede na zcela uzav\u0159en\u00fdch trat\u00edch, organiz\u00e1to\u0159i slibuj\u00ed stejn\u011b bou\u0159livou atmosf\u00e9ru jako v\u00a0p\u0159ede\u0161l\u00fdch ro\u010dn\u00edc\u00edch.\" \/>\n<meta property=\"og:url\" content=\"https:\/\/www.welovecycling.com\/cs\/2025\/11\/25\/alpy-te-ohromi-letape-dojme\/\" \/>\n<meta property=\"og:site_name\" content=\"\u0160koda We Love Cycling - \u010cesk\u00e1 republika\" \/>\n<meta property=\"article:published_time\" content=\"2025-11-25T18:55:49+00:00\" \/>\n<meta property=\"article:modified_time\" content=\"2025-11-25T19:20:12+00:00\" \/>\n<meta property=\"og:image\" content=\"https:\/\/d2p6e6u75xmxt8.cloudfront.net\/13\/2025\/11\/3C9A9966-1-scaled.webp\" \/>\n\t<meta property=\"og:image:width\" content=\"2560\" \/>\n\t<meta property=\"og:image:height\" content=\"1707\" \/>\n\t<meta property=\"og:image:type\" content=\"image\/webp\" \/>\n<meta name=\"author\" content=\"radekmalina\" \/>\n<meta name=\"twitter:card\" content=\"summary_large_image\" \/>\n<meta name=\"twitter:label1\" content=\"Written by\" \/>\n\t<meta name=\"twitter:data1\" content=\"We Love Cycling\" \/>\n\t<meta name=\"twitter:label2\" content=\"Est. reading time\" \/>\n\t<meta name=\"twitter:data2\" content=\"5\" \/>\n<script type=\"application\/ld+json\" class=\"yoast-schema-graph\">{\"@context\":\"https:\/\/schema.org\",\"@graph\":[{\"@type\":\"WebPage\",\"@id\":\"https:\/\/www.welovecycling.com\/cs\/2025\/11\/25\/alpy-te-ohromi-letape-dojme\/\",\"url\":\"https:\/\/www.welovecycling.com\/cs\/2025\/11\/25\/alpy-te-ohromi-letape-dojme\/\",\"name\":\"Alpy t\u011b ohrom\u00ed, L'Etape dojme | \u0160koda We Love Cycling - \u010cesk\u00e1 republika\",\"isPartOf\":{\"@id\":\"https:\/\/www.welovecycling.com\/cs\/#website\"},\"primaryImageOfPage\":{\"@id\":\"https:\/\/www.welovecycling.com\/cs\/2025\/11\/25\/alpy-te-ohromi-letape-dojme\/#primaryimage\"},\"image\":{\"@id\":\"https:\/\/www.welovecycling.com\/cs\/2025\/11\/25\/alpy-te-ohromi-letape-dojme\/#primaryimage\"},\"thumbnailUrl\":\"https:\/\/d2p6e6u75xmxt8.cloudfront.net\/13\/2025\/11\/3C9A9966-1-scaled.webp\",\"datePublished\":\"2025-11-25T18:55:49+00:00\",\"dateModified\":\"2025-11-25T19:20:12+00:00\",\"author\":{\"@id\":\"https:\/\/www.welovecycling.com\/cs\/#\/schema\/person\/d9eeb0a378f3a7e4a6d12d2b536b04b8\"},\"description\":\"Nov\u00e9 kopce, nov\u00e1 startovn\u00ed m\u011bsta, nov\u00e9 lokality! L'Etape\u00a0Czech Republic by Tour de France 2026 nab\u00eddne p\u0159i \u0161est\u00e9m pokra\u010dov\u00e1n\u00ed na tuzemsk\u00e9m \u00fazem\u00ed dva zcela nov\u00e9 z\u00e1vody. Op\u011bt se pojede na zcela uzav\u0159en\u00fdch trat\u00edch, organiz\u00e1to\u0159i slibuj\u00ed stejn\u011b bou\u0159livou atmosf\u00e9ru jako v\u00a0p\u0159ede\u0161l\u00fdch ro\u010dn\u00edc\u00edch.\",\"inLanguage\":\"cs\",\"potentialAction\":[{\"@type\":\"ReadAction\",\"target\":[\"https:\/\/www.welovecycling.com\/cs\/2025\/11\/25\/alpy-te-ohromi-letape-dojme\/\"]}]},{\"@type\":\"ImageObject\",\"inLanguage\":\"cs\",\"@id\":\"https:\/\/www.welovecycling.com\/cs\/2025\/11\/25\/alpy-te-ohromi-letape-dojme\/#primaryimage\",\"url\":\"https:\/\/d2p6e6u75xmxt8.cloudfront.net\/13\/2025\/11\/3C9A9966-1-scaled.webp\",\"contentUrl\":\"https:\/\/d2p6e6u75xmxt8.cloudfront.net\/13\/2025\/11\/3C9A9966-1-scaled.webp\",\"width\":2560,\"height\":1707,\"caption\":\"L'Etape\"},{\"@type\":\"WebSite\",\"@id\":\"https:\/\/www.welovecycling.com\/cs\/#website\",\"url\":\"https:\/\/www.welovecycling.com\/cs\/\",\"name\":\"\u0160koda We Love Cycling - \u010cesk\u00e1 republika\",\"description\":\"WeLoveCycling.cz je online magaz\u00edn, kter\u00fd v\u00e1m pravideln\u011b p\u0159in\u00e1\u0161\u00ed rady a tipy, zaj\u00edmav\u00e9 \u010dl\u00e1nky, videa a jedine\u010dn\u00e9 report\u00e1\u017ee ze sv\u011bta cyklistiky.\",\"potentialAction\":[{\"@type\":\"SearchAction\",\"target\":{\"@type\":\"EntryPoint\",\"urlTemplate\":\"https:\/\/www.welovecycling.com\/cs\/?s={search_term_string}\"},\"query-input\":{\"@type\":\"PropertyValueSpecification\",\"valueRequired\":true,\"valueName\":\"search_term_string\"}}],\"inLanguage\":\"cs\"},{\"@type\":\"Person\",\"@id\":\"https:\/\/www.welovecycling.com\/cs\/#\/schema\/person\/d9eeb0a378f3a7e4a6d12d2b536b04b8\",\"name\":\"radekmalina\",\"image\":{\"@type\":\"ImageObject\",\"inLanguage\":\"cs\",\"@id\":\"https:\/\/www.welovecycling.com\/cs\/#\/schema\/person\/image\/\",\"url\":\"https:\/\/secure.gravatar.com\/avatar\/66994b632cb8c39a46b9f54afa3ae07201b678d32a54275b6f1c9ffec356bfc0?s=96&d=mm&r=g\",\"contentUrl\":\"https:\/\/secure.gravatar.com\/avatar\/66994b632cb8c39a46b9f54afa3ae07201b678d32a54275b6f1c9ffec356bfc0?s=96&d=mm&r=g\",\"caption\":\"radekmalina\"},\"url\":\"https:\/\/www.welovecycling.com\/cs\/author\/radekmalina\/\"}]}<\/script>\n<!-- \/ Yoast SEO Premium plugin. -->","yoast_head_json":{"title":"Alpy t\u011b ohrom\u00ed, L'Etape dojme | \u0160koda We Love Cycling - \u010cesk\u00e1 republika","description":"Nov\u00e9 kopce, nov\u00e1 startovn\u00ed m\u011bsta, nov\u00e9 lokality! L'Etape\u00a0Czech Republic by Tour de France 2026 nab\u00eddne p\u0159i \u0161est\u00e9m pokra\u010dov\u00e1n\u00ed na tuzemsk\u00e9m \u00fazem\u00ed dva zcela nov\u00e9 z\u00e1vody. Op\u011bt se pojede na zcela uzav\u0159en\u00fdch trat\u00edch, organiz\u00e1to\u0159i slibuj\u00ed stejn\u011b bou\u0159livou atmosf\u00e9ru jako v\u00a0p\u0159ede\u0161l\u00fdch ro\u010dn\u00edc\u00edch.","robots":{"index":"index","follow":"follow","max-snippet":"max-snippet:-1","max-image-preview":"max-image-preview:large","max-video-preview":"max-video-preview:-1"},"canonical":"https:\/\/www.welovecycling.com\/cs\/2025\/11\/25\/alpy-te-ohromi-letape-dojme\/","og_locale":"cs_CZ","og_type":"article","og_title":"Alpy t\u011b ohrom\u00ed, L'Etape dojme","og_description":"Nov\u00e9 kopce, nov\u00e1 startovn\u00ed m\u011bsta, nov\u00e9 lokality! L'Etape\u00a0Czech Republic by Tour de France 2026 nab\u00eddne p\u0159i \u0161est\u00e9m pokra\u010dov\u00e1n\u00ed na tuzemsk\u00e9m \u00fazem\u00ed dva zcela nov\u00e9 z\u00e1vody. Op\u011bt se pojede na zcela uzav\u0159en\u00fdch trat\u00edch, organiz\u00e1to\u0159i slibuj\u00ed stejn\u011b bou\u0159livou atmosf\u00e9ru jako v\u00a0p\u0159ede\u0161l\u00fdch ro\u010dn\u00edc\u00edch.","og_url":"https:\/\/www.welovecycling.com\/cs\/2025\/11\/25\/alpy-te-ohromi-letape-dojme\/","og_site_name":"\u0160koda We Love Cycling - \u010cesk\u00e1 republika","article_published_time":"2025-11-25T18:55:49+00:00","article_modified_time":"2025-11-25T19:20:12+00:00","og_image":[{"width":2560,"height":1707,"url":"https:\/\/d2p6e6u75xmxt8.cloudfront.net\/13\/2025\/11\/3C9A9966-1-scaled.webp","type":"image\/webp"}],"author":"radekmalina","twitter_card":"summary_large_image","twitter_misc":{"Written by":"We Love Cycling","Est. reading time":"5"},"schema":{"@context":"https:\/\/schema.org","@graph":[{"@type":"WebPage","@id":"https:\/\/www.welovecycling.com\/cs\/2025\/11\/25\/alpy-te-ohromi-letape-dojme\/","url":"https:\/\/www.welovecycling.com\/cs\/2025\/11\/25\/alpy-te-ohromi-letape-dojme\/","name":"Alpy t\u011b ohrom\u00ed, L'Etape dojme | \u0160koda We Love Cycling - \u010cesk\u00e1 republika","isPartOf":{"@id":"https:\/\/www.welovecycling.com\/cs\/#website"},"primaryImageOfPage":{"@id":"https:\/\/www.welovecycling.com\/cs\/2025\/11\/25\/alpy-te-ohromi-letape-dojme\/#primaryimage"},"image":{"@id":"https:\/\/www.welovecycling.com\/cs\/2025\/11\/25\/alpy-te-ohromi-letape-dojme\/#primaryimage"},"thumbnailUrl":"https:\/\/d2p6e6u75xmxt8.cloudfront.net\/13\/2025\/11\/3C9A9966-1-scaled.webp","datePublished":"2025-11-25T18:55:49+00:00","dateModified":"2025-11-25T19:20:12+00:00","author":{"@id":"https:\/\/www.welovecycling.com\/cs\/#\/schema\/person\/d9eeb0a378f3a7e4a6d12d2b536b04b8"},"description":"Nov\u00e9 kopce, nov\u00e1 startovn\u00ed m\u011bsta, nov\u00e9 lokality! L'Etape\u00a0Czech Republic by Tour de France 2026 nab\u00eddne p\u0159i \u0161est\u00e9m pokra\u010dov\u00e1n\u00ed na tuzemsk\u00e9m \u00fazem\u00ed dva zcela nov\u00e9 z\u00e1vody. Op\u011bt se pojede na zcela uzav\u0159en\u00fdch trat\u00edch, organiz\u00e1to\u0159i slibuj\u00ed stejn\u011b bou\u0159livou atmosf\u00e9ru jako v\u00a0p\u0159ede\u0161l\u00fdch ro\u010dn\u00edc\u00edch.","inLanguage":"cs","potentialAction":[{"@type":"ReadAction","target":["https:\/\/www.welovecycling.com\/cs\/2025\/11\/25\/alpy-te-ohromi-letape-dojme\/"]}]},{"@type":"ImageObject","inLanguage":"cs","@id":"https:\/\/www.welovecycling.com\/cs\/2025\/11\/25\/alpy-te-ohromi-letape-dojme\/#primaryimage","url":"https:\/\/d2p6e6u75xmxt8.cloudfront.net\/13\/2025\/11\/3C9A9966-1-scaled.webp","contentUrl":"https:\/\/d2p6e6u75xmxt8.cloudfront.net\/13\/2025\/11\/3C9A9966-1-scaled.webp","width":2560,"height":1707,"caption":"L'Etape"},{"@type":"WebSite","@id":"https:\/\/www.welovecycling.com\/cs\/#website","url":"https:\/\/www.welovecycling.com\/cs\/","name":"\u0160koda We Love Cycling - \u010cesk\u00e1 republika","description":"WeLoveCycling.cz je online magaz\u00edn, kter\u00fd v\u00e1m pravideln\u011b p\u0159in\u00e1\u0161\u00ed rady a tipy, zaj\u00edmav\u00e9 \u010dl\u00e1nky, videa a jedine\u010dn\u00e9 report\u00e1\u017ee ze sv\u011bta cyklistiky.","potentialAction":[{"@type":"SearchAction","target":{"@type":"EntryPoint","urlTemplate":"https:\/\/www.welovecycling.com\/cs\/?s={search_term_string}"},"query-input":{"@type":"PropertyValueSpecification","valueRequired":true,"valueName":"search_term_string"}}],"inLanguage":"cs"},{"@type":"Person","@id":"https:\/\/www.welovecycling.com\/cs\/#\/schema\/person\/d9eeb0a378f3a7e4a6d12d2b536b04b8","name":"radekmalina","image":{"@type":"ImageObject","inLanguage":"cs","@id":"https:\/\/www.welovecycling.com\/cs\/#\/schema\/person\/image\/","url":"https:\/\/secure.gravatar.com\/avatar\/66994b632cb8c39a46b9f54afa3ae07201b678d32a54275b6f1c9ffec356bfc0?s=96&d=mm&r=g","contentUrl":"https:\/\/secure.gravatar.com\/avatar\/66994b632cb8c39a46b9f54afa3ae07201b678d32a54275b6f1c9ffec356bfc0?s=96&d=mm&r=g","caption":"radekmalina"},"url":"https:\/\/www.welovecycling.com\/cs\/author\/radekmalina\/"}]}},"_links":{"self":[{"href":"https:\/\/www.welovecycling.com\/cs\/wp-json\/wp\/v2\/posts\/31654","targetHints":{"allow":["GET"]}}],"collection":[{"href":"https:\/\/www.welovecycling.com\/cs\/wp-json\/wp\/v2\/posts"}],"about":[{"href":"https:\/\/www.welovecycling.com\/cs\/wp-json\/wp\/v2\/types\/post"}],"author":[{"embeddable":true,"href":"https:\/\/www.welovecycling.com\/cs\/wp-json\/wp\/v2\/users\/138"}],"replies":[{"embeddable":true,"href":"https:\/\/www.welovecycling.com\/cs\/wp-json\/wp\/v2\/comments?post=31654"}],"version-history":[{"count":8,"href":"https:\/\/www.welovecycling.com\/cs\/wp-json\/wp\/v2\/posts\/31654\/revisions"}],"predecessor-version":[{"id":31714,"href":"https:\/\/www.welovecycling.com\/cs\/wp-json\/wp\/v2\/posts\/31654\/revisions\/31714"}],"wp:featuredmedia":[{"embeddable":true,"href":"https:\/\/www.welovecycling.com\/cs\/wp-json\/wp\/v2\/media\/31675"}],"wp:attachment":[{"href":"https:\/\/www.welovecycling.com\/cs\/wp-json\/wp\/v2\/media?parent=31654"}],"wp:term":[{"taxonomy":"category","embeddable":true,"href":"https:\/\/www.welovecycling.com\/cs\/wp-json\/wp\/v2\/categories?post=31654"},{"taxonomy":"post_tag","embeddable":true,"href":"https:\/\/www.welovecycling.com\/cs\/wp-json\/wp\/v2\/tags?post=31654"},{"taxonomy":"global-categories","embeddable":true,"href":"https:\/\/www.welovecycling.com\/cs\/wp-json\/wp\/v2\/global-categories?post=31654"}],"curies":[{"name":"wp","href":"https:\/\/api.w.org\/{rel}","templated":true}]}}