{"id":31432,"date":"2025-10-31T12:45:05","date_gmt":"2025-10-31T10:45:05","guid":{"rendered":"https:\/\/www.welovecycling.com\/cs\/?p=31432"},"modified":"2025-10-31T12:45:05","modified_gmt":"2025-10-31T10:45:05","slug":"svetovy-unikat-prinesl-i-bolehlav","status":"publish","type":"post","link":"https:\/\/www.welovecycling.com\/cs\/2025\/10\/31\/svetovy-unikat-prinesl-i-bolehlav\/","title":{"rendered":"Sv\u011btov\u00fd unik\u00e1t p\u0159inesl i bolehlav"},"content":{"rendered":"<p><strong>Byli prvn\u00ed na sv\u011bt\u011b! \u017d\u00e1dn\u00fd t\u00fdm v historii cyklistiky nedok\u00e1zal vyhr\u00e1t bodovac\u00ed sout\u011b\u017e ve v\u0161ech t\u0159ech Grand Tour sezony. A\u017e borci z formace Lidl-Trek p\u0159epsali d\u011bjiny. Mads Pedersen a Jonathan Milan zm\u011bnili statistiky. Ov\u0161em sv\u011btov\u011b unik\u00e1tn\u00ed z\u00e1pis p\u0159inesl veden\u00ed i jeden velk\u00fd bolehlav pro budoucnost&#8230;<\/strong><\/p>\n<p>Jonathan Milan, kr\u00e1l zelen\u00e9ho dresu z Tour de France, i Mads Pedersen, \u0161ampion bodovac\u00ed sout\u011b\u017ee na Giru a \u0161pan\u011blsk\u00e9 Vuelt\u011b, cht\u011bj\u00ed na Tour de France 2026. &#8222;Ur\u010dit\u011b nemohou startovat spole\u010dn\u011b. Nefungovalo by to,&#8220; p\u0159ipustil asistent sportovn\u00edho \u0159editele formace Lidl Trek Kim Andersen.<\/p>\n<p>Dev\u011btadvacetilet\u00fd D\u00e1n dosud vyhr\u00e1l na Tour de France dv\u011b etapy. Prvn\u00ed v roce 2022, druhou o rok pozd\u011bji. Tehdy skon\u010dil druh\u00fd v bitv\u011b o zelen\u00fd trikot. Ale jeho manko na prvn\u00ed p\u0159\u00ed\u010dku bylo obrovsk\u00e9. V\u00edt\u011bzn\u00fd Jasper Philipsen z Alpecin Deceuninck z\u00edskal o sto devaten\u00e1ct bod\u016f v\u00edce! Kdy\u017e se vr\u00e1til na start Grande Boucle v l\u00e9t\u011b 2024, vydr\u017eel v pelotonu sedm etap ne\u017e p\u0159ed osm\u00fdm d\u011bjstv\u00edm odstoupil. A pro rok 2025 nedostal od veden\u00ed americk\u00e9 sestavy d\u016fv\u011bru. Sportovn\u00ed \u0159editel\u00e9 D\u00e1na, p\u0159es jeho nelibost, poslali na Giro a n\u00e1sledn\u011b Vueltu.<\/p>\n<figure id=\"attachment_31010\" aria-describedby=\"caption-attachment-31010\" style=\"width: 1920px\" class=\"wp-caption alignnone\"><a href=\"https:\/\/d2p6e6u75xmxt8.cloudfront.net\/13\/2025\/09\/20250907LV4001-scaled.webp\"><img loading=\"lazy\" decoding=\"async\" class=\"size-extra-large wp-image-31010\" src=\"https:\/\/d2p6e6u75xmxt8.cloudfront.net\/13\/2025\/09\/20250907LV4001-1920x1280.webp\" alt=\"\" width=\"1920\" height=\"1280\" srcset=\"https:\/\/d2p6e6u75xmxt8.cloudfront.net\/13\/2025\/09\/20250907LV4001-1920x1280.webp 1920w, https:\/\/d2p6e6u75xmxt8.cloudfront.net\/13\/2025\/09\/20250907LV4001-300x200.webp 300w, https:\/\/d2p6e6u75xmxt8.cloudfront.net\/13\/2025\/09\/20250907LV4001-1024x683.webp 1024w, https:\/\/d2p6e6u75xmxt8.cloudfront.net\/13\/2025\/09\/20250907LV4001-768x512.webp 768w, https:\/\/d2p6e6u75xmxt8.cloudfront.net\/13\/2025\/09\/20250907LV4001-1536x1024.webp 1536w, https:\/\/d2p6e6u75xmxt8.cloudfront.net\/13\/2025\/09\/20250907LV4001-2048x1365.webp 2048w, https:\/\/d2p6e6u75xmxt8.cloudfront.net\/13\/2025\/09\/20250907LV4001-400x267.webp 400w, https:\/\/d2p6e6u75xmxt8.cloudfront.net\/13\/2025\/09\/20250907LV4001-272x182.webp 272w, https:\/\/d2p6e6u75xmxt8.cloudfront.net\/13\/2025\/09\/20250907LV4001-1920x1280.webp 1920w\" sizes=\"auto, (max-width: 1920px) 100vw, 1920px\" \/><\/a><figcaption id=\"caption-attachment-31010\" class=\"wp-caption-text\"><em>Mads Pedersen slav\u00ed triumf na \u0161pan\u011blsk\u00e9 Vuelt\u011b. Foto: A.S.O.<\/em><\/figcaption><\/figure>\n<p>Pedersen, kter\u00fd m\u00e1 u t\u00fdmu do\u017eivotn\u00ed kontrakt, v obou p\u0159\u00edpadech z\u00e1\u0159il. V It\u00e1lii vyhr\u00e1l \u010dty\u0159i etapy a bodovac\u00ed sout\u011b\u017e ovl\u00e1dl s n\u00e1skokem 110 bod\u016f. Kr\u00e1lem bodovac\u00ed sout\u011b\u017ee byl i p\u0159i druh\u00e9 Grand Tour sezony 2025, do n\u00ed\u017e nastoupil. P\u0159i \u0161pan\u011blsk\u00e9 Vuelt\u011b vyhr\u00e1l patn\u00e1ctou etapu v ovl\u00e1dl bitvu o zelen\u00fd trikot \u0160koda Auto s n\u00e1skokem 120 bod\u016f na druh\u00e9ho Jonase Vingegaarda z Visma Lease a Bike, celkov\u00e9ho v\u00edt\u011bze z\u00e1vodu. &#8222;Te\u010f chce Mads Pedersen zelen\u00fd trikot z Tour de France,&#8220; p\u0159ipustil Kim Andersen, kam sm\u011b\u0159uj\u00ed pl\u00e1ny jeho krajana a mistra sv\u011bta z roku 2019.<\/p>\n<h2><strong>Pedersen nem\u00e1 ve sb\u00edrce jen bodovac\u00ed sout\u011b\u017e z Tour<\/strong><\/h2>\n<p>O \u010dty\u0159i roky mlad\u0161\u00ed Jonathan Milan dominoval bodovac\u00ed sout\u011b\u017ei na italsk\u00e9m Giru v letech 2023 a 2024. Pot\u00e9, co v lo\u0148sk\u00e9m roce ovl\u00e1dl pod Apeninami t\u0159i etapy jej veden\u00ed t\u00fdmu cht\u011blo otestovat v bitv\u00e1ch nejsledovan\u011bj\u0161\u00edho etapov\u00e9ho z\u00e1vodu sv\u011bta. A Ital si vedl bravurn\u011b. Na Tour de France 2025 opanoval dv\u011b etapy, p\u0159idal dv\u011b druh\u00e1 m\u00edsta v hromadn\u00fdch dojezdech a v kone\u010dn\u00e9m po\u0159ad\u00ed sout\u011b\u017ee o zelen\u00fd trikot sponzorovan\u00fd mladoboleslavskou automobilkou m\u011bl k dobru na druh\u00e9ho Tadeje Poga\u010dara z UAE Emirates XRG osmasedmdes\u00e1t bod\u016f.<\/p>\n<p>Profilov\u011b Tour de France 2026 vyhovuje sp\u00ed\u0161e univerz\u00e1lnosti d\u00e1nsk\u00e9ho borce. &#8222;V itiner\u00e1\u0159i jsou \u010dty\u0159i \u010dist\u011b sprintersk\u00e9 etapy a dv\u011b, kter\u00e9 by mohly vy\u00fastit sprintem mal\u00e9 skupiny po \u00faniku nebo se st\u00e1t c\u00edlem uprchl\u00edk\u016f,&#8220; p\u0159em\u00edtal sportovn\u00ed \u0159editel Lidl Trek, p\u0159i\u010dem\u017e odm\u00edtl, \u017ee by se mohla posledn\u00ed etapa Tour de France s p\u0159ejezdem Montmartru st\u00e1t ko\u0159ist\u00ed sprintera. &#8222;Je to p\u0159\u00edli\u0161 chaotick\u00e9.&#8220;<\/p>\n<figure id=\"attachment_30291\" aria-describedby=\"caption-attachment-30291\" style=\"width: 1920px\" class=\"wp-caption alignnone\"><a href=\"https:\/\/d2p6e6u75xmxt8.cloudfront.net\/13\/2025\/07\/20250719TDF6006-scaled.webp\"><img loading=\"lazy\" decoding=\"async\" class=\"size-extra-large wp-image-30291\" src=\"https:\/\/d2p6e6u75xmxt8.cloudfront.net\/13\/2025\/07\/20250719TDF6006-1920x1280.webp\" alt=\"\" width=\"1920\" height=\"1280\" srcset=\"https:\/\/d2p6e6u75xmxt8.cloudfront.net\/13\/2025\/07\/20250719TDF6006-1920x1280.webp 1920w, https:\/\/d2p6e6u75xmxt8.cloudfront.net\/13\/2025\/07\/20250719TDF6006-300x200.webp 300w, https:\/\/d2p6e6u75xmxt8.cloudfront.net\/13\/2025\/07\/20250719TDF6006-1024x683.webp 1024w, https:\/\/d2p6e6u75xmxt8.cloudfront.net\/13\/2025\/07\/20250719TDF6006-768x512.webp 768w, https:\/\/d2p6e6u75xmxt8.cloudfront.net\/13\/2025\/07\/20250719TDF6006-1536x1024.webp 1536w, https:\/\/d2p6e6u75xmxt8.cloudfront.net\/13\/2025\/07\/20250719TDF6006-2048x1365.webp 2048w, https:\/\/d2p6e6u75xmxt8.cloudfront.net\/13\/2025\/07\/20250719TDF6006-400x267.webp 400w, https:\/\/d2p6e6u75xmxt8.cloudfront.net\/13\/2025\/07\/20250719TDF6006-272x182.webp 272w, https:\/\/d2p6e6u75xmxt8.cloudfront.net\/13\/2025\/07\/20250719TDF6006-1920x1280.webp 1920w\" sizes=\"auto, (max-width: 1920px) 100vw, 1920px\" \/><\/a><figcaption id=\"caption-attachment-30291\" class=\"wp-caption-text\"><em>Jonathan Milan je \u0161ampionem bodovac\u00ed sout\u011b\u017ee Tour de France 2025.<\/em><\/figcaption><\/figure>\n<p>Americkou sestavu, na jej\u00ed\u017e soupisce figuruje i Mathias Vacek, tak \u010dek\u00e1 p\u0159i sestavov\u00e1n\u00ed kalend\u00e1\u0159\u016f dvou kl\u00ed\u010dov\u00fdch sprinter\u016f velk\u00e9 dilema. Pokud padne dostane \u0161anci ovl\u00e1dnout bodovac\u00ed sout\u011b\u017e na Tour de France <a href=\"https:\/\/www.welovecycling.com\/cs\/2022\/09\/12\/mads-pedersen-ziskem-zeleneho-trikotu-na-vuelte-uz-zase-prepsal-dejiny-sportu\/\">Mads Pedersen<\/a>, existuje velk\u00e1 pravd\u011bpodobnost \u00fa\u010dasti na francouzsk\u00e9 Grand Tour i pro \u010desk\u00e9ho reprezentanta v t\u00fdmu Lidl Trek, proto\u017ee pat\u0159\u00ed mezi obl\u00edben\u00e9 pomocn\u00edky d\u00e1nsk\u00e9ho borce.<\/p>\n","protected":false},"excerpt":{"rendered":"<p>Byli prvn\u00ed na sv\u011bt\u011b! \u017d\u00e1dn\u00fd t\u00fdm v historii cyklistiky nedok\u00e1zal vyhr\u00e1t bodovac\u00ed sout\u011b\u017e ve v\u0161ech t\u0159ech Grand Tour sezony. A\u017e [&hellip;]<\/p>\n","protected":false},"author":138,"featured_media":30288,"comment_status":"open","ping_status":"open","sticky":false,"template":"","format":"standard","meta":{"footnotes":""},"categories":[1711],"tags":[1117,126,3190,3152,534,305,9,4089],"global-categories":[411],"class_list":["post-31432","post","type-post","status-publish","format-standard","has-post-thumbnail","hentry","category-tour-de-france","tag-bodovaci-soutez","tag-cyklistika","tag-jonathan-milan","tag-lidl-trek","tag-mads-pedersen","tag-mathias-vacek","tag-silnicni-cyklistika","tag-tour-de-france-2026","global-categories-cycling"],"yoast_head":"<!-- This site is optimized with the Yoast SEO Premium plugin v25.3 (Yoast SEO v25.9) - https:\/\/yoast.com\/wordpress\/plugins\/seo\/ -->\n<title>Sv\u011btov\u00fd unik\u00e1t p\u0159inesl i bolehlav | \u0160koda We Love Cycling - \u010cesk\u00e1 republika<\/title>\n<meta name=\"description\" content=\"Byli prvn\u00ed na sv\u011bt\u011b! \u017d\u00e1dn\u00fd t\u00fdm v historii cyklistiky nedok\u00e1zal vyhr\u00e1t bodovac\u00ed sout\u011b\u017e ve v\u0161ech t\u0159ech Grand Tour sezony. A\u017e borci z formace Lidl-Trek p\u0159epsali d\u011bjiny. Mads Pedersen a Jonathan Milan zm\u011bnili statistiky. Ov\u0161em sv\u011btov\u011b unik\u00e1tn\u00ed z\u00e1pis p\u0159inesl veden\u00ed i jeden velk\u00fd bolehlav pro budoucnost...\" \/>\n<meta name=\"robots\" content=\"index, follow, max-snippet:-1, max-image-preview:large, max-video-preview:-1\" \/>\n<link rel=\"canonical\" href=\"https:\/\/www.welovecycling.com\/cs\/2025\/10\/31\/svetovy-unikat-prinesl-i-bolehlav\/\" \/>\n<meta property=\"og:locale\" content=\"cs_CZ\" \/>\n<meta property=\"og:type\" content=\"article\" \/>\n<meta property=\"og:title\" content=\"Sv\u011btov\u00fd unik\u00e1t p\u0159inesl i bolehlav\" \/>\n<meta property=\"og:description\" content=\"Byli prvn\u00ed na sv\u011bt\u011b! \u017d\u00e1dn\u00fd t\u00fdm v historii cyklistiky nedok\u00e1zal vyhr\u00e1t bodovac\u00ed sout\u011b\u017e ve v\u0161ech t\u0159ech Grand Tour sezony. A\u017e borci z formace Lidl-Trek p\u0159epsali d\u011bjiny. Mads Pedersen a Jonathan Milan zm\u011bnili statistiky. Ov\u0161em sv\u011btov\u011b unik\u00e1tn\u00ed z\u00e1pis p\u0159inesl veden\u00ed i jeden velk\u00fd bolehlav pro budoucnost...\" \/>\n<meta property=\"og:url\" content=\"https:\/\/www.welovecycling.com\/cs\/2025\/10\/31\/svetovy-unikat-prinesl-i-bolehlav\/\" \/>\n<meta property=\"og:site_name\" content=\"\u0160koda We Love Cycling - \u010cesk\u00e1 republika\" \/>\n<meta property=\"article:published_time\" content=\"2025-10-31T10:45:05+00:00\" \/>\n<meta property=\"og:image\" content=\"https:\/\/d2p6e6u75xmxt8.cloudfront.net\/13\/2025\/07\/20250727TDF1115-scaled.webp\" \/>\n\t<meta property=\"og:image:width\" content=\"2560\" \/>\n\t<meta property=\"og:image:height\" content=\"1707\" \/>\n\t<meta property=\"og:image:type\" content=\"image\/webp\" \/>\n<meta name=\"author\" content=\"radekmalina\" \/>\n<meta name=\"twitter:card\" content=\"summary_large_image\" \/>\n<meta name=\"twitter:label1\" content=\"Written by\" \/>\n\t<meta name=\"twitter:data1\" content=\"We Love Cycling\" \/>\n\t<meta name=\"twitter:label2\" content=\"Est. reading time\" \/>\n\t<meta name=\"twitter:data2\" content=\"5\" \/>\n<script type=\"application\/ld+json\" class=\"yoast-schema-graph\">{\"@context\":\"https:\/\/schema.org\",\"@graph\":[{\"@type\":\"WebPage\",\"@id\":\"https:\/\/www.welovecycling.com\/cs\/2025\/10\/31\/svetovy-unikat-prinesl-i-bolehlav\/\",\"url\":\"https:\/\/www.welovecycling.com\/cs\/2025\/10\/31\/svetovy-unikat-prinesl-i-bolehlav\/\",\"name\":\"Sv\u011btov\u00fd unik\u00e1t p\u0159inesl i bolehlav | \u0160koda We Love Cycling - \u010cesk\u00e1 republika\",\"isPartOf\":{\"@id\":\"https:\/\/www.welovecycling.com\/cs\/#website\"},\"primaryImageOfPage\":{\"@id\":\"https:\/\/www.welovecycling.com\/cs\/2025\/10\/31\/svetovy-unikat-prinesl-i-bolehlav\/#primaryimage\"},\"image\":{\"@id\":\"https:\/\/www.welovecycling.com\/cs\/2025\/10\/31\/svetovy-unikat-prinesl-i-bolehlav\/#primaryimage\"},\"thumbnailUrl\":\"https:\/\/d2p6e6u75xmxt8.cloudfront.net\/13\/2025\/07\/20250727TDF1115-scaled.webp\",\"datePublished\":\"2025-10-31T10:45:05+00:00\",\"author\":{\"@id\":\"https:\/\/www.welovecycling.com\/cs\/#\/schema\/person\/d9eeb0a378f3a7e4a6d12d2b536b04b8\"},\"description\":\"Byli prvn\u00ed na sv\u011bt\u011b! \u017d\u00e1dn\u00fd t\u00fdm v historii cyklistiky nedok\u00e1zal vyhr\u00e1t bodovac\u00ed sout\u011b\u017e ve v\u0161ech t\u0159ech Grand Tour sezony. A\u017e borci z formace Lidl-Trek p\u0159epsali d\u011bjiny. Mads Pedersen a Jonathan Milan zm\u011bnili statistiky. Ov\u0161em sv\u011btov\u011b unik\u00e1tn\u00ed z\u00e1pis p\u0159inesl veden\u00ed i jeden velk\u00fd bolehlav pro budoucnost...\",\"inLanguage\":\"cs\",\"potentialAction\":[{\"@type\":\"ReadAction\",\"target\":[\"https:\/\/www.welovecycling.com\/cs\/2025\/10\/31\/svetovy-unikat-prinesl-i-bolehlav\/\"]}]},{\"@type\":\"ImageObject\",\"inLanguage\":\"cs\",\"@id\":\"https:\/\/www.welovecycling.com\/cs\/2025\/10\/31\/svetovy-unikat-prinesl-i-bolehlav\/#primaryimage\",\"url\":\"https:\/\/d2p6e6u75xmxt8.cloudfront.net\/13\/2025\/07\/20250727TDF1115-scaled.webp\",\"contentUrl\":\"https:\/\/d2p6e6u75xmxt8.cloudfront.net\/13\/2025\/07\/20250727TDF1115-scaled.webp\",\"width\":2560,\"height\":1707,\"caption\":\"Jonathan Milan p\u0159i z\u00e1v\u011bre\u010dn\u00e9 etap\u011b Tour de France 2025, kde vyhr\u00e1l bodovac\u00ed sout\u011b\u017e\"},{\"@type\":\"WebSite\",\"@id\":\"https:\/\/www.welovecycling.com\/cs\/#website\",\"url\":\"https:\/\/www.welovecycling.com\/cs\/\",\"name\":\"\u0160koda We Love Cycling - \u010cesk\u00e1 republika\",\"description\":\"WeLoveCycling.cz je online magaz\u00edn, kter\u00fd v\u00e1m pravideln\u011b p\u0159in\u00e1\u0161\u00ed rady a tipy, zaj\u00edmav\u00e9 \u010dl\u00e1nky, videa a jedine\u010dn\u00e9 report\u00e1\u017ee ze sv\u011bta cyklistiky.\",\"potentialAction\":[{\"@type\":\"SearchAction\",\"target\":{\"@type\":\"EntryPoint\",\"urlTemplate\":\"https:\/\/www.welovecycling.com\/cs\/?s={search_term_string}\"},\"query-input\":{\"@type\":\"PropertyValueSpecification\",\"valueRequired\":true,\"valueName\":\"search_term_string\"}}],\"inLanguage\":\"cs\"},{\"@type\":\"Person\",\"@id\":\"https:\/\/www.welovecycling.com\/cs\/#\/schema\/person\/d9eeb0a378f3a7e4a6d12d2b536b04b8\",\"name\":\"radekmalina\",\"image\":{\"@type\":\"ImageObject\",\"inLanguage\":\"cs\",\"@id\":\"https:\/\/www.welovecycling.com\/cs\/#\/schema\/person\/image\/\",\"url\":\"https:\/\/secure.gravatar.com\/avatar\/66994b632cb8c39a46b9f54afa3ae07201b678d32a54275b6f1c9ffec356bfc0?s=96&d=mm&r=g\",\"contentUrl\":\"https:\/\/secure.gravatar.com\/avatar\/66994b632cb8c39a46b9f54afa3ae07201b678d32a54275b6f1c9ffec356bfc0?s=96&d=mm&r=g\",\"caption\":\"radekmalina\"},\"url\":\"https:\/\/www.welovecycling.com\/cs\/author\/radekmalina\/\"}]}<\/script>\n<!-- \/ Yoast SEO Premium plugin. -->","yoast_head_json":{"title":"Sv\u011btov\u00fd unik\u00e1t p\u0159inesl i bolehlav | \u0160koda We Love Cycling - \u010cesk\u00e1 republika","description":"Byli prvn\u00ed na sv\u011bt\u011b! \u017d\u00e1dn\u00fd t\u00fdm v historii cyklistiky nedok\u00e1zal vyhr\u00e1t bodovac\u00ed sout\u011b\u017e ve v\u0161ech t\u0159ech Grand Tour sezony. A\u017e borci z formace Lidl-Trek p\u0159epsali d\u011bjiny. Mads Pedersen a Jonathan Milan zm\u011bnili statistiky. Ov\u0161em sv\u011btov\u011b unik\u00e1tn\u00ed z\u00e1pis p\u0159inesl veden\u00ed i jeden velk\u00fd bolehlav pro budoucnost...","robots":{"index":"index","follow":"follow","max-snippet":"max-snippet:-1","max-image-preview":"max-image-preview:large","max-video-preview":"max-video-preview:-1"},"canonical":"https:\/\/www.welovecycling.com\/cs\/2025\/10\/31\/svetovy-unikat-prinesl-i-bolehlav\/","og_locale":"cs_CZ","og_type":"article","og_title":"Sv\u011btov\u00fd unik\u00e1t p\u0159inesl i bolehlav","og_description":"Byli prvn\u00ed na sv\u011bt\u011b! \u017d\u00e1dn\u00fd t\u00fdm v historii cyklistiky nedok\u00e1zal vyhr\u00e1t bodovac\u00ed sout\u011b\u017e ve v\u0161ech t\u0159ech Grand Tour sezony. A\u017e borci z formace Lidl-Trek p\u0159epsali d\u011bjiny. Mads Pedersen a Jonathan Milan zm\u011bnili statistiky. Ov\u0161em sv\u011btov\u011b unik\u00e1tn\u00ed z\u00e1pis p\u0159inesl veden\u00ed i jeden velk\u00fd bolehlav pro budoucnost...","og_url":"https:\/\/www.welovecycling.com\/cs\/2025\/10\/31\/svetovy-unikat-prinesl-i-bolehlav\/","og_site_name":"\u0160koda We Love Cycling - \u010cesk\u00e1 republika","article_published_time":"2025-10-31T10:45:05+00:00","og_image":[{"width":2560,"height":1707,"url":"https:\/\/d2p6e6u75xmxt8.cloudfront.net\/13\/2025\/07\/20250727TDF1115-scaled.webp","type":"image\/webp"}],"author":"radekmalina","twitter_card":"summary_large_image","twitter_misc":{"Written by":"We Love Cycling","Est. reading time":"5"},"schema":{"@context":"https:\/\/schema.org","@graph":[{"@type":"WebPage","@id":"https:\/\/www.welovecycling.com\/cs\/2025\/10\/31\/svetovy-unikat-prinesl-i-bolehlav\/","url":"https:\/\/www.welovecycling.com\/cs\/2025\/10\/31\/svetovy-unikat-prinesl-i-bolehlav\/","name":"Sv\u011btov\u00fd unik\u00e1t p\u0159inesl i bolehlav | \u0160koda We Love Cycling - \u010cesk\u00e1 republika","isPartOf":{"@id":"https:\/\/www.welovecycling.com\/cs\/#website"},"primaryImageOfPage":{"@id":"https:\/\/www.welovecycling.com\/cs\/2025\/10\/31\/svetovy-unikat-prinesl-i-bolehlav\/#primaryimage"},"image":{"@id":"https:\/\/www.welovecycling.com\/cs\/2025\/10\/31\/svetovy-unikat-prinesl-i-bolehlav\/#primaryimage"},"thumbnailUrl":"https:\/\/d2p6e6u75xmxt8.cloudfront.net\/13\/2025\/07\/20250727TDF1115-scaled.webp","datePublished":"2025-10-31T10:45:05+00:00","author":{"@id":"https:\/\/www.welovecycling.com\/cs\/#\/schema\/person\/d9eeb0a378f3a7e4a6d12d2b536b04b8"},"description":"Byli prvn\u00ed na sv\u011bt\u011b! \u017d\u00e1dn\u00fd t\u00fdm v historii cyklistiky nedok\u00e1zal vyhr\u00e1t bodovac\u00ed sout\u011b\u017e ve v\u0161ech t\u0159ech Grand Tour sezony. A\u017e borci z formace Lidl-Trek p\u0159epsali d\u011bjiny. Mads Pedersen a Jonathan Milan zm\u011bnili statistiky. Ov\u0161em sv\u011btov\u011b unik\u00e1tn\u00ed z\u00e1pis p\u0159inesl veden\u00ed i jeden velk\u00fd bolehlav pro budoucnost...","inLanguage":"cs","potentialAction":[{"@type":"ReadAction","target":["https:\/\/www.welovecycling.com\/cs\/2025\/10\/31\/svetovy-unikat-prinesl-i-bolehlav\/"]}]},{"@type":"ImageObject","inLanguage":"cs","@id":"https:\/\/www.welovecycling.com\/cs\/2025\/10\/31\/svetovy-unikat-prinesl-i-bolehlav\/#primaryimage","url":"https:\/\/d2p6e6u75xmxt8.cloudfront.net\/13\/2025\/07\/20250727TDF1115-scaled.webp","contentUrl":"https:\/\/d2p6e6u75xmxt8.cloudfront.net\/13\/2025\/07\/20250727TDF1115-scaled.webp","width":2560,"height":1707,"caption":"Jonathan Milan p\u0159i z\u00e1v\u011bre\u010dn\u00e9 etap\u011b Tour de France 2025, kde vyhr\u00e1l bodovac\u00ed sout\u011b\u017e"},{"@type":"WebSite","@id":"https:\/\/www.welovecycling.com\/cs\/#website","url":"https:\/\/www.welovecycling.com\/cs\/","name":"\u0160koda We Love Cycling - \u010cesk\u00e1 republika","description":"WeLoveCycling.cz je online magaz\u00edn, kter\u00fd v\u00e1m pravideln\u011b p\u0159in\u00e1\u0161\u00ed rady a tipy, zaj\u00edmav\u00e9 \u010dl\u00e1nky, videa a jedine\u010dn\u00e9 report\u00e1\u017ee ze sv\u011bta cyklistiky.","potentialAction":[{"@type":"SearchAction","target":{"@type":"EntryPoint","urlTemplate":"https:\/\/www.welovecycling.com\/cs\/?s={search_term_string}"},"query-input":{"@type":"PropertyValueSpecification","valueRequired":true,"valueName":"search_term_string"}}],"inLanguage":"cs"},{"@type":"Person","@id":"https:\/\/www.welovecycling.com\/cs\/#\/schema\/person\/d9eeb0a378f3a7e4a6d12d2b536b04b8","name":"radekmalina","image":{"@type":"ImageObject","inLanguage":"cs","@id":"https:\/\/www.welovecycling.com\/cs\/#\/schema\/person\/image\/","url":"https:\/\/secure.gravatar.com\/avatar\/66994b632cb8c39a46b9f54afa3ae07201b678d32a54275b6f1c9ffec356bfc0?s=96&d=mm&r=g","contentUrl":"https:\/\/secure.gravatar.com\/avatar\/66994b632cb8c39a46b9f54afa3ae07201b678d32a54275b6f1c9ffec356bfc0?s=96&d=mm&r=g","caption":"radekmalina"},"url":"https:\/\/www.welovecycling.com\/cs\/author\/radekmalina\/"}]}},"_links":{"self":[{"href":"https:\/\/www.welovecycling.com\/cs\/wp-json\/wp\/v2\/posts\/31432","targetHints":{"allow":["GET"]}}],"collection":[{"href":"https:\/\/www.welovecycling.com\/cs\/wp-json\/wp\/v2\/posts"}],"about":[{"href":"https:\/\/www.welovecycling.com\/cs\/wp-json\/wp\/v2\/types\/post"}],"author":[{"embeddable":true,"href":"https:\/\/www.welovecycling.com\/cs\/wp-json\/wp\/v2\/users\/138"}],"replies":[{"embeddable":true,"href":"https:\/\/www.welovecycling.com\/cs\/wp-json\/wp\/v2\/comments?post=31432"}],"version-history":[{"count":1,"href":"https:\/\/www.welovecycling.com\/cs\/wp-json\/wp\/v2\/posts\/31432\/revisions"}],"predecessor-version":[{"id":31433,"href":"https:\/\/www.welovecycling.com\/cs\/wp-json\/wp\/v2\/posts\/31432\/revisions\/31433"}],"wp:featuredmedia":[{"embeddable":true,"href":"https:\/\/www.welovecycling.com\/cs\/wp-json\/wp\/v2\/media\/30288"}],"wp:attachment":[{"href":"https:\/\/www.welovecycling.com\/cs\/wp-json\/wp\/v2\/media?parent=31432"}],"wp:term":[{"taxonomy":"category","embeddable":true,"href":"https:\/\/www.welovecycling.com\/cs\/wp-json\/wp\/v2\/categories?post=31432"},{"taxonomy":"post_tag","embeddable":true,"href":"https:\/\/www.welovecycling.com\/cs\/wp-json\/wp\/v2\/tags?post=31432"},{"taxonomy":"global-categories","embeddable":true,"href":"https:\/\/www.welovecycling.com\/cs\/wp-json\/wp\/v2\/global-categories?post=31432"}],"curies":[{"name":"wp","href":"https:\/\/api.w.org\/{rel}","templated":true}]}}