{"id":31429,"date":"2025-12-09T15:08:45","date_gmt":"2025-12-09T13:08:45","guid":{"rendered":"https:\/\/www.welovecycling.com\/cs\/?p=31429"},"modified":"2026-01-05T10:13:34","modified_gmt":"2026-01-05T08:13:34","slug":"soutez-jezdete-bezpecne-s-garmin-varia-ut800","status":"publish","type":"post","link":"https:\/\/www.welovecycling.com\/cs\/2025\/12\/09\/soutez-jezdete-bezpecne-s-garmin-varia-ut800\/","title":{"rendered":"Sout\u011b\u017e: jezd\u011bte bezpe\u010dn\u011b s Garmin Varia UT800"},"content":{"rendered":"<p><strong>Cyklistika je v \u010cesku nej\u010dast\u011bji provozovan\u00fdm rekrea\u010dn\u00edm sportem. A u\u017e d\u00e1vno nejde jen o sez\u00f3nn\u00ed z\u00e1le\u017eitost. Jak postupuj\u00ed technologick\u00e9 mo\u017enosti ve v\u0161ech sm\u011brech, je mo\u017en\u00e9 u\u017e\u00edvat si j\u00edzdu v sedle kola prakticky cel\u00fd rok. Aby kilometry i v m\u00e9n\u011b p\u0159\u00edzniv\u00e9m obdob\u00ed z hlediska sv\u011bteln\u00fdch podm\u00ednek byly bezpe\u010dn\u011bj\u0161\u00ed, nab\u00edz\u00ed We Love Cycling cyklist\u016fm mo\u017enost vyhr\u00e1t p\u0159edn\u00ed sv\u00edtilnu Garmin Varia UT800.<\/strong><\/p>\n<p><a href=\"https:\/\/www.garmin.com\/cs-CZ\/p\/550821\/pn\/010-01673-00\/\">Garmin Varia UT 800<\/a> je p\u0159edn\u00ed sv\u00edtilna, kter\u00e1 poskytuje p\u011bt re\u017eim\u016f sv\u00edcen\u00ed podle aktu\u00e1ln\u00edch podm\u00ednek. Po sp\u00e1rov\u00e1n\u00ed s cyklopo\u010d\u00edta\u010dem se intenzita sv\u00edcen\u00ed dok\u00e1\u017ee automaticky p\u0159izp\u016fsobit rychlosti a profilu j\u00edzdy. Sv\u011btlo pak m\u016f\u017eete jednodu\u0161e ovl\u00e1dat z displeje.<\/p>\n<p>Dok\u00e1\u017ee stabiln\u011b sv\u00edtit s intenzitou a\u017e 800 lumen\u016f. V\u00e1\u017e\u00ed pouh\u00fdch 140 gram\u016f, tak\u017ee nijak z\u00e1sadn\u011b nezat\u011b\u017euje v\u00e1\u0161 jednostop\u00fd stroj. Mnoho cyklist\u016f tak v\u00fdrobek <a href=\"https:\/\/www.welovecycling.com\/cs\/2025\/10\/15\/sajni-az-se-plasi-divocaci-i-vysoka-test-gamin-varia-vue\/\">americk\u00e9 spole\u010dnosti<\/a> p\u0159ipev\u0148uje nikoliv na \u0159\u00edd\u00edtka, ale na helmu.<\/p>\n<p>Ve h\u0159e jsou i dv\u011b v\u00fdjime\u010dn\u00e9 publikace Srdcem na kole \u010ceskem. Tak\u017ee a\u017e budete regenerovat po j\u00edzd\u011b, m\u016f\u017eete d\u00e1l z\u016fstat u cyklistiky. Na knize se pod\u00edleli p\u0159edn\u00ed tuzem\u0161t\u00ed cyklist\u00e9, kte\u0159\u00ed nab\u00eddli doporu\u010den\u00ed ze sv\u00fdch tr\u00e9ninkov\u00fdch lokalit.<\/p>\n<p>Sout\u011b\u017e pob\u011b\u017e\u00ed do 31. prosince 2025. Ze spr\u00e1vn\u00fdch odpov\u011bd\u00ed vylosujeme jednoho v\u00fdherce sv\u00edtilny Garmin Varia UT 800, jednoho v\u00fdherce kni\u017en\u00ed publikace Srdcem na kole \u010ceskem 1 a jednoho v\u00fdherce publikace Srdcem na kole \u010ceskem 2.<\/p>\n<p><em>Sout\u011b\u017e byla ukon\u010dena. Vybran\u00ed v\u00fdherci budou kontaktov\u00e1n\u00ed prost\u0159ednictv\u00edm e-mailu.\u00a0<\/em><\/p>\n","protected":false},"excerpt":{"rendered":"<p>Cyklistika je v \u010cesku nej\u010dast\u011bji provozovan\u00fdm rekrea\u010dn\u00edm sportem. A u\u017e d\u00e1vno nejde jen o sez\u00f3nn\u00ed z\u00e1le\u017eitost. Jak postupuj\u00ed technologick\u00e9 mo\u017enosti [&hellip;]<\/p>\n","protected":false},"author":138,"featured_media":31838,"comment_status":"open","ping_status":"open","sticky":false,"template":"","format":"standard","meta":{"footnotes":""},"categories":[660],"tags":[126,4427,2001,56,9,1069,3336],"global-categories":[411],"class_list":["post-31429","post","type-post","status-publish","format-standard","has-post-thumbnail","hentry","category-https-www-welovecycling-com-cs-category-zabava","tag-cyklistika","tag-garmin-varia-ut800","tag-gravel","tag-horska-cyklistika","tag-silnicni-cyklistika","tag-soutez","tag-srdcem-na-kole-ceskem","global-categories-cycling"],"yoast_head":"<!-- This site is optimized with the Yoast SEO Premium plugin v25.3 (Yoast SEO v25.9) - https:\/\/yoast.com\/wordpress\/plugins\/seo\/ -->\n<title>Sout\u011b\u017e: jezd\u011bte bezpe\u010dn\u011b s Garmin Varia UT800 | \u0160koda We Love Cycling - \u010cesk\u00e1 republika<\/title>\n<meta name=\"description\" content=\"Cyklistika je v \u010cesku nej\u010dast\u011bji provozovan\u00fdm rekrea\u010dn\u00edm sportem. A u\u017e d\u00e1vno nejde jen o sez\u00f3nn\u00ed z\u00e1le\u017eitost. Jak postupuj\u00ed technologick\u00e9 mo\u017enosti ve v\u0161ech sm\u011brech, je mo\u017en\u00e9 u\u017e\u00edvat si j\u00edzdu v sedle kola prakticky cel\u00fd rok. Aby kilometry i v m\u00e9n\u011b p\u0159\u00edzniv\u00e9m obdob\u00ed z hlediska sv\u011bteln\u00fdch podm\u00ednek byly bezpe\u010dn\u011bj\u0161\u00ed, nab\u00edz\u00ed We Love Cycling cyklist\u016fm mo\u017enost vyhr\u00e1t p\u0159edn\u00ed sv\u00edtilnu Garmin Varia UT800.\" \/>\n<meta name=\"robots\" content=\"index, follow, max-snippet:-1, max-image-preview:large, max-video-preview:-1\" \/>\n<link rel=\"canonical\" href=\"https:\/\/www.welovecycling.com\/cs\/2025\/12\/09\/soutez-jezdete-bezpecne-s-garmin-varia-ut800\/\" \/>\n<meta property=\"og:locale\" content=\"cs_CZ\" \/>\n<meta property=\"og:type\" content=\"article\" \/>\n<meta property=\"og:title\" content=\"Sout\u011b\u017e: jezd\u011bte bezpe\u010dn\u011b s Garmin Varia UT800\" \/>\n<meta property=\"og:description\" content=\"Cyklistika je v \u010cesku nej\u010dast\u011bji provozovan\u00fdm rekrea\u010dn\u00edm sportem. A u\u017e d\u00e1vno nejde jen o sez\u00f3nn\u00ed z\u00e1le\u017eitost. Jak postupuj\u00ed technologick\u00e9 mo\u017enosti ve v\u0161ech sm\u011brech, je mo\u017en\u00e9 u\u017e\u00edvat si j\u00edzdu v sedle kola prakticky cel\u00fd rok. Aby kilometry i v m\u00e9n\u011b p\u0159\u00edzniv\u00e9m obdob\u00ed z hlediska sv\u011bteln\u00fdch podm\u00ednek byly bezpe\u010dn\u011bj\u0161\u00ed, nab\u00edz\u00ed We Love Cycling cyklist\u016fm mo\u017enost vyhr\u00e1t p\u0159edn\u00ed sv\u00edtilnu Garmin Varia UT800.\" \/>\n<meta property=\"og:url\" content=\"https:\/\/www.welovecycling.com\/cs\/2025\/12\/09\/soutez-jezdete-bezpecne-s-garmin-varia-ut800\/\" \/>\n<meta property=\"og:site_name\" content=\"\u0160koda We Love Cycling - \u010cesk\u00e1 republika\" \/>\n<meta property=\"article:published_time\" content=\"2025-12-09T13:08:45+00:00\" \/>\n<meta property=\"article:modified_time\" content=\"2026-01-05T08:13:34+00:00\" \/>\n<meta property=\"og:image\" content=\"https:\/\/d2p6e6u75xmxt8.cloudfront.net\/13\/2025\/12\/Garmin-vyrez.webp\" \/>\n\t<meta property=\"og:image:width\" content=\"1419\" \/>\n\t<meta property=\"og:image:height\" content=\"748\" \/>\n\t<meta property=\"og:image:type\" content=\"image\/webp\" \/>\n<meta name=\"author\" content=\"radekmalina\" \/>\n<meta name=\"twitter:card\" content=\"summary_large_image\" \/>\n<meta name=\"twitter:label1\" content=\"Written by\" \/>\n\t<meta name=\"twitter:data1\" content=\"We Love Cycling\" \/>\n\t<meta name=\"twitter:label2\" content=\"Est. reading time\" \/>\n\t<meta name=\"twitter:data2\" content=\"4\" \/>\n<script type=\"application\/ld+json\" class=\"yoast-schema-graph\">{\"@context\":\"https:\/\/schema.org\",\"@graph\":[{\"@type\":\"WebPage\",\"@id\":\"https:\/\/www.welovecycling.com\/cs\/2025\/12\/09\/soutez-jezdete-bezpecne-s-garmin-varia-ut800\/\",\"url\":\"https:\/\/www.welovecycling.com\/cs\/2025\/12\/09\/soutez-jezdete-bezpecne-s-garmin-varia-ut800\/\",\"name\":\"Sout\u011b\u017e: jezd\u011bte bezpe\u010dn\u011b s Garmin Varia UT800 | \u0160koda We Love Cycling - \u010cesk\u00e1 republika\",\"isPartOf\":{\"@id\":\"https:\/\/www.welovecycling.com\/cs\/#website\"},\"primaryImageOfPage\":{\"@id\":\"https:\/\/www.welovecycling.com\/cs\/2025\/12\/09\/soutez-jezdete-bezpecne-s-garmin-varia-ut800\/#primaryimage\"},\"image\":{\"@id\":\"https:\/\/www.welovecycling.com\/cs\/2025\/12\/09\/soutez-jezdete-bezpecne-s-garmin-varia-ut800\/#primaryimage\"},\"thumbnailUrl\":\"https:\/\/d2p6e6u75xmxt8.cloudfront.net\/13\/2025\/12\/Garmin-vyrez.webp\",\"datePublished\":\"2025-12-09T13:08:45+00:00\",\"dateModified\":\"2026-01-05T08:13:34+00:00\",\"author\":{\"@id\":\"https:\/\/www.welovecycling.com\/cs\/#\/schema\/person\/d9eeb0a378f3a7e4a6d12d2b536b04b8\"},\"description\":\"Cyklistika je v \u010cesku nej\u010dast\u011bji provozovan\u00fdm rekrea\u010dn\u00edm sportem. A u\u017e d\u00e1vno nejde jen o sez\u00f3nn\u00ed z\u00e1le\u017eitost. Jak postupuj\u00ed technologick\u00e9 mo\u017enosti ve v\u0161ech sm\u011brech, je mo\u017en\u00e9 u\u017e\u00edvat si j\u00edzdu v sedle kola prakticky cel\u00fd rok. Aby kilometry i v m\u00e9n\u011b p\u0159\u00edzniv\u00e9m obdob\u00ed z hlediska sv\u011bteln\u00fdch podm\u00ednek byly bezpe\u010dn\u011bj\u0161\u00ed, nab\u00edz\u00ed We Love Cycling cyklist\u016fm mo\u017enost vyhr\u00e1t p\u0159edn\u00ed sv\u00edtilnu Garmin Varia UT800.\",\"inLanguage\":\"cs\",\"potentialAction\":[{\"@type\":\"ReadAction\",\"target\":[\"https:\/\/www.welovecycling.com\/cs\/2025\/12\/09\/soutez-jezdete-bezpecne-s-garmin-varia-ut800\/\"]}]},{\"@type\":\"ImageObject\",\"inLanguage\":\"cs\",\"@id\":\"https:\/\/www.welovecycling.com\/cs\/2025\/12\/09\/soutez-jezdete-bezpecne-s-garmin-varia-ut800\/#primaryimage\",\"url\":\"https:\/\/d2p6e6u75xmxt8.cloudfront.net\/13\/2025\/12\/Garmin-vyrez.webp\",\"contentUrl\":\"https:\/\/d2p6e6u75xmxt8.cloudfront.net\/13\/2025\/12\/Garmin-vyrez.webp\",\"width\":1419,\"height\":748,\"caption\":\"Garmina Varia UT 800 p\u0159edn\u00ed sv\u011btlo\"},{\"@type\":\"WebSite\",\"@id\":\"https:\/\/www.welovecycling.com\/cs\/#website\",\"url\":\"https:\/\/www.welovecycling.com\/cs\/\",\"name\":\"\u0160koda We Love Cycling - \u010cesk\u00e1 republika\",\"description\":\"WeLoveCycling.cz je online magaz\u00edn, kter\u00fd v\u00e1m pravideln\u011b p\u0159in\u00e1\u0161\u00ed rady a tipy, zaj\u00edmav\u00e9 \u010dl\u00e1nky, videa a jedine\u010dn\u00e9 report\u00e1\u017ee ze sv\u011bta cyklistiky.\",\"potentialAction\":[{\"@type\":\"SearchAction\",\"target\":{\"@type\":\"EntryPoint\",\"urlTemplate\":\"https:\/\/www.welovecycling.com\/cs\/?s={search_term_string}\"},\"query-input\":{\"@type\":\"PropertyValueSpecification\",\"valueRequired\":true,\"valueName\":\"search_term_string\"}}],\"inLanguage\":\"cs\"},{\"@type\":\"Person\",\"@id\":\"https:\/\/www.welovecycling.com\/cs\/#\/schema\/person\/d9eeb0a378f3a7e4a6d12d2b536b04b8\",\"name\":\"radekmalina\",\"image\":{\"@type\":\"ImageObject\",\"inLanguage\":\"cs\",\"@id\":\"https:\/\/www.welovecycling.com\/cs\/#\/schema\/person\/image\/\",\"url\":\"https:\/\/secure.gravatar.com\/avatar\/66994b632cb8c39a46b9f54afa3ae07201b678d32a54275b6f1c9ffec356bfc0?s=96&d=mm&r=g\",\"contentUrl\":\"https:\/\/secure.gravatar.com\/avatar\/66994b632cb8c39a46b9f54afa3ae07201b678d32a54275b6f1c9ffec356bfc0?s=96&d=mm&r=g\",\"caption\":\"radekmalina\"},\"url\":\"https:\/\/www.welovecycling.com\/cs\/author\/radekmalina\/\"}]}<\/script>\n<!-- \/ Yoast SEO Premium plugin. -->","yoast_head_json":{"title":"Sout\u011b\u017e: jezd\u011bte bezpe\u010dn\u011b s Garmin Varia UT800 | \u0160koda We Love Cycling - \u010cesk\u00e1 republika","description":"Cyklistika je v \u010cesku nej\u010dast\u011bji provozovan\u00fdm rekrea\u010dn\u00edm sportem. A u\u017e d\u00e1vno nejde jen o sez\u00f3nn\u00ed z\u00e1le\u017eitost. Jak postupuj\u00ed technologick\u00e9 mo\u017enosti ve v\u0161ech sm\u011brech, je mo\u017en\u00e9 u\u017e\u00edvat si j\u00edzdu v sedle kola prakticky cel\u00fd rok. Aby kilometry i v m\u00e9n\u011b p\u0159\u00edzniv\u00e9m obdob\u00ed z hlediska sv\u011bteln\u00fdch podm\u00ednek byly bezpe\u010dn\u011bj\u0161\u00ed, nab\u00edz\u00ed We Love Cycling cyklist\u016fm mo\u017enost vyhr\u00e1t p\u0159edn\u00ed sv\u00edtilnu Garmin Varia UT800.","robots":{"index":"index","follow":"follow","max-snippet":"max-snippet:-1","max-image-preview":"max-image-preview:large","max-video-preview":"max-video-preview:-1"},"canonical":"https:\/\/www.welovecycling.com\/cs\/2025\/12\/09\/soutez-jezdete-bezpecne-s-garmin-varia-ut800\/","og_locale":"cs_CZ","og_type":"article","og_title":"Sout\u011b\u017e: jezd\u011bte bezpe\u010dn\u011b s Garmin Varia UT800","og_description":"Cyklistika je v \u010cesku nej\u010dast\u011bji provozovan\u00fdm rekrea\u010dn\u00edm sportem. A u\u017e d\u00e1vno nejde jen o sez\u00f3nn\u00ed z\u00e1le\u017eitost. Jak postupuj\u00ed technologick\u00e9 mo\u017enosti ve v\u0161ech sm\u011brech, je mo\u017en\u00e9 u\u017e\u00edvat si j\u00edzdu v sedle kola prakticky cel\u00fd rok. Aby kilometry i v m\u00e9n\u011b p\u0159\u00edzniv\u00e9m obdob\u00ed z hlediska sv\u011bteln\u00fdch podm\u00ednek byly bezpe\u010dn\u011bj\u0161\u00ed, nab\u00edz\u00ed We Love Cycling cyklist\u016fm mo\u017enost vyhr\u00e1t p\u0159edn\u00ed sv\u00edtilnu Garmin Varia UT800.","og_url":"https:\/\/www.welovecycling.com\/cs\/2025\/12\/09\/soutez-jezdete-bezpecne-s-garmin-varia-ut800\/","og_site_name":"\u0160koda We Love Cycling - \u010cesk\u00e1 republika","article_published_time":"2025-12-09T13:08:45+00:00","article_modified_time":"2026-01-05T08:13:34+00:00","og_image":[{"width":1419,"height":748,"url":"https:\/\/d2p6e6u75xmxt8.cloudfront.net\/13\/2025\/12\/Garmin-vyrez.webp","type":"image\/webp"}],"author":"radekmalina","twitter_card":"summary_large_image","twitter_misc":{"Written by":"We Love Cycling","Est. reading time":"4"},"schema":{"@context":"https:\/\/schema.org","@graph":[{"@type":"WebPage","@id":"https:\/\/www.welovecycling.com\/cs\/2025\/12\/09\/soutez-jezdete-bezpecne-s-garmin-varia-ut800\/","url":"https:\/\/www.welovecycling.com\/cs\/2025\/12\/09\/soutez-jezdete-bezpecne-s-garmin-varia-ut800\/","name":"Sout\u011b\u017e: jezd\u011bte bezpe\u010dn\u011b s Garmin Varia UT800 | \u0160koda We Love Cycling - \u010cesk\u00e1 republika","isPartOf":{"@id":"https:\/\/www.welovecycling.com\/cs\/#website"},"primaryImageOfPage":{"@id":"https:\/\/www.welovecycling.com\/cs\/2025\/12\/09\/soutez-jezdete-bezpecne-s-garmin-varia-ut800\/#primaryimage"},"image":{"@id":"https:\/\/www.welovecycling.com\/cs\/2025\/12\/09\/soutez-jezdete-bezpecne-s-garmin-varia-ut800\/#primaryimage"},"thumbnailUrl":"https:\/\/d2p6e6u75xmxt8.cloudfront.net\/13\/2025\/12\/Garmin-vyrez.webp","datePublished":"2025-12-09T13:08:45+00:00","dateModified":"2026-01-05T08:13:34+00:00","author":{"@id":"https:\/\/www.welovecycling.com\/cs\/#\/schema\/person\/d9eeb0a378f3a7e4a6d12d2b536b04b8"},"description":"Cyklistika je v \u010cesku nej\u010dast\u011bji provozovan\u00fdm rekrea\u010dn\u00edm sportem. A u\u017e d\u00e1vno nejde jen o sez\u00f3nn\u00ed z\u00e1le\u017eitost. Jak postupuj\u00ed technologick\u00e9 mo\u017enosti ve v\u0161ech sm\u011brech, je mo\u017en\u00e9 u\u017e\u00edvat si j\u00edzdu v sedle kola prakticky cel\u00fd rok. Aby kilometry i v m\u00e9n\u011b p\u0159\u00edzniv\u00e9m obdob\u00ed z hlediska sv\u011bteln\u00fdch podm\u00ednek byly bezpe\u010dn\u011bj\u0161\u00ed, nab\u00edz\u00ed We Love Cycling cyklist\u016fm mo\u017enost vyhr\u00e1t p\u0159edn\u00ed sv\u00edtilnu Garmin Varia UT800.","inLanguage":"cs","potentialAction":[{"@type":"ReadAction","target":["https:\/\/www.welovecycling.com\/cs\/2025\/12\/09\/soutez-jezdete-bezpecne-s-garmin-varia-ut800\/"]}]},{"@type":"ImageObject","inLanguage":"cs","@id":"https:\/\/www.welovecycling.com\/cs\/2025\/12\/09\/soutez-jezdete-bezpecne-s-garmin-varia-ut800\/#primaryimage","url":"https:\/\/d2p6e6u75xmxt8.cloudfront.net\/13\/2025\/12\/Garmin-vyrez.webp","contentUrl":"https:\/\/d2p6e6u75xmxt8.cloudfront.net\/13\/2025\/12\/Garmin-vyrez.webp","width":1419,"height":748,"caption":"Garmina Varia UT 800 p\u0159edn\u00ed sv\u011btlo"},{"@type":"WebSite","@id":"https:\/\/www.welovecycling.com\/cs\/#website","url":"https:\/\/www.welovecycling.com\/cs\/","name":"\u0160koda We Love Cycling - \u010cesk\u00e1 republika","description":"WeLoveCycling.cz je online magaz\u00edn, kter\u00fd v\u00e1m pravideln\u011b p\u0159in\u00e1\u0161\u00ed rady a tipy, zaj\u00edmav\u00e9 \u010dl\u00e1nky, videa a jedine\u010dn\u00e9 report\u00e1\u017ee ze sv\u011bta cyklistiky.","potentialAction":[{"@type":"SearchAction","target":{"@type":"EntryPoint","urlTemplate":"https:\/\/www.welovecycling.com\/cs\/?s={search_term_string}"},"query-input":{"@type":"PropertyValueSpecification","valueRequired":true,"valueName":"search_term_string"}}],"inLanguage":"cs"},{"@type":"Person","@id":"https:\/\/www.welovecycling.com\/cs\/#\/schema\/person\/d9eeb0a378f3a7e4a6d12d2b536b04b8","name":"radekmalina","image":{"@type":"ImageObject","inLanguage":"cs","@id":"https:\/\/www.welovecycling.com\/cs\/#\/schema\/person\/image\/","url":"https:\/\/secure.gravatar.com\/avatar\/66994b632cb8c39a46b9f54afa3ae07201b678d32a54275b6f1c9ffec356bfc0?s=96&d=mm&r=g","contentUrl":"https:\/\/secure.gravatar.com\/avatar\/66994b632cb8c39a46b9f54afa3ae07201b678d32a54275b6f1c9ffec356bfc0?s=96&d=mm&r=g","caption":"radekmalina"},"url":"https:\/\/www.welovecycling.com\/cs\/author\/radekmalina\/"}]}},"_links":{"self":[{"href":"https:\/\/www.welovecycling.com\/cs\/wp-json\/wp\/v2\/posts\/31429","targetHints":{"allow":["GET"]}}],"collection":[{"href":"https:\/\/www.welovecycling.com\/cs\/wp-json\/wp\/v2\/posts"}],"about":[{"href":"https:\/\/www.welovecycling.com\/cs\/wp-json\/wp\/v2\/types\/post"}],"author":[{"embeddable":true,"href":"https:\/\/www.welovecycling.com\/cs\/wp-json\/wp\/v2\/users\/138"}],"replies":[{"embeddable":true,"href":"https:\/\/www.welovecycling.com\/cs\/wp-json\/wp\/v2\/comments?post=31429"}],"version-history":[{"count":8,"href":"https:\/\/www.welovecycling.com\/cs\/wp-json\/wp\/v2\/posts\/31429\/revisions"}],"predecessor-version":[{"id":32301,"href":"https:\/\/www.welovecycling.com\/cs\/wp-json\/wp\/v2\/posts\/31429\/revisions\/32301"}],"wp:featuredmedia":[{"embeddable":true,"href":"https:\/\/www.welovecycling.com\/cs\/wp-json\/wp\/v2\/media\/31838"}],"wp:attachment":[{"href":"https:\/\/www.welovecycling.com\/cs\/wp-json\/wp\/v2\/media?parent=31429"}],"wp:term":[{"taxonomy":"category","embeddable":true,"href":"https:\/\/www.welovecycling.com\/cs\/wp-json\/wp\/v2\/categories?post=31429"},{"taxonomy":"post_tag","embeddable":true,"href":"https:\/\/www.welovecycling.com\/cs\/wp-json\/wp\/v2\/tags?post=31429"},{"taxonomy":"global-categories","embeddable":true,"href":"https:\/\/www.welovecycling.com\/cs\/wp-json\/wp\/v2\/global-categories?post=31429"}],"curies":[{"name":"wp","href":"https:\/\/api.w.org\/{rel}","templated":true}]}}