{"id":31425,"date":"2025-10-30T15:58:17","date_gmt":"2025-10-30T13:58:17","guid":{"rendered":"https:\/\/www.welovecycling.com\/cs\/?p=31425"},"modified":"2025-11-03T17:24:35","modified_gmt":"2025-11-03T15:24:35","slug":"top-prestupy-kdo-nejvice-sokoval","status":"publish","type":"post","link":"https:\/\/www.welovecycling.com\/cs\/2025\/10\/30\/top-prestupy-kdo-nejvice-sokoval\/","title":{"rendered":"Top p\u0159estupy: kdo nejv\u00edce \u0161okoval?"},"content":{"rendered":"<p><strong>Nejv\u011bt\u0161\u00ed perly trhu u\u017e jsou na sv\u00fdch m\u00edstech! P\u0159esto\u017ee je\u0161t\u011b dva m\u011bs\u00edce zb\u00fdvaj\u00ed do startu nov\u00e9 cyklistick\u00e9 sezony, nejzaj\u00edmav\u011bj\u0161\u00ed transfery u\u017e byly uskute\u010dn\u011bny. Jak\u00e9 p\u0159estupy se v mu\u017esk\u00e9m pelotonu v z\u00e1v\u011bru roku 2025 odehr\u00e1ly?<\/strong><\/p>\n<p>Dva p\u0159estupy rozhodn\u011b maj\u00ed potenci\u00e1l zm\u011bnit dosavadn\u00ed hierarchii velk\u00fdch etapov\u00fdch z\u00e1vod\u016f. Dal\u0161\u00ed pak mohou z\u00e1sadn\u011b zm\u011bnit zab\u011bhnut\u00e9 po\u0159\u00e1dky na stupn\u00edch v\u00edt\u011bz\u016f&#8230;<\/p>\n<h2><strong>P\u0159estupy ovl\u00e1dl Evenepoel a jeho belgick\u00e1 parta<\/strong><\/h2>\n<p>N\u011bmeck\u00e1 sestava Red Bull Bora hansgrohe se chce st\u00e1t jedni\u010dkou nebo alespo\u0148 v r\u00e1mci mo\u017enost\u00ed konkurovat formaci UAE Emirates XRG. Se vstupem partnera v podob\u011b n\u00e1pojov\u00e9ho giganta si mohl Ralph Denk dovolit anga\u017eov\u00e1n\u00ed b\u00fdval\u00e9ho fotbalisty, kter\u00fd by m\u011bl zkompletovat t\u00fdmovou sb\u00edrku v\u00edt\u011bzstv\u00ed z Grand Tour.<\/p>\n<p>Red Bull u\u017e toti\u017e vyhr\u00e1l Giro i Vueltu. A sn\u00ed o Tour de France. <a href=\"https:\/\/www.welovecycling.com\/cs\/2025\/08\/05\/remco-evenepoel-patri-bykum-od-ledna-bude-jezdit-za-red-bull\/\">Remco Evenepoel<\/a> m\u011bl v Quick Stepu v posledn\u00ed sezon\u011b rozhodn\u011b hodn\u011b silnou podporu a argumenty, \u017ee t\u00fdm nebyl dostate\u010dn\u011b kvalitn\u00ed, nejsou opodstatn\u011bn\u00e9. Nicm\u00e9n\u011b Red Bull Bora hansgrohe je rozhodn\u011b ekonomicky siln\u011bj\u0161\u00ed, tak\u017ee si m\u016f\u017ee dovolit je\u0161t\u011b lep\u0161\u00ed z\u00e1vodn\u00edky. Dok\u00e1\u017ee Evenepoel posunout la\u0165ku je\u0161t\u011b d\u00e1le? A bude schopn\u00fd konkurovat nejlep\u0161\u00edm jezdc\u016fm t\u0159eba i na klasik\u00e1ch jako jsou Flandry?<\/p>\n<p>Na nov\u00e9 adrese mu vytv\u00e1\u0159\u00ed maxim\u00e1ln\u00ed podm\u00ednky. T\u00fdm z\u00e1sadn\u011b zm\u011bnil strukturu a prov\u00e1d\u00ed radik\u00e1ln\u00ed p\u0159estavbu. Pad\u00e1ka dostali sportovn\u00ed \u0159editel\u00e9 Rolf Aldag a Enrico Gasparotto, na jejich pozice p\u0159i\u0161li Belgi\u010dan\u00e9 Sven Vanthourenhout a Klaas Lodewyck. Velk\u00e9 zm\u011bny se uskute\u010dnily i v jezdeck\u00e9 sestav\u011b. Zkr\u00e1tka v\u0161e, aby byl <strong>Remco Evenepoel<\/strong> spokojen\u00fd&#8230;<\/p>\n<h2><strong>Juan Ayuso<\/strong><\/h2>\n<p>\u0160pan\u011blsk\u00fd mlad\u00edk se c\u00edtil ve formaci UAE Emirates XRG nedocen\u011bn\u00fd. Snad se b\u00e1l, \u017ee nikdy nedostane po\u0159\u00e1dnou \u0161anci, aby naplno zaz\u00e1\u0159il. Dlouhodob\u00e9 neshody s veden\u00edm t\u00fdmu vy\u00fastily v p\u0159ed\u010dasn\u00e9 ukon\u010den\u00ed kontraktu. V americk\u00e9 formaci bude m\u00edt prostor, aby vyvr\u00e1til zv\u011bsti o nep\u0159\u00edli\u0161 t\u00fdmov\u00e9 povaze a hlavn\u011b realizoval naplno vlastn\u00ed ambice. Je v\u0161ak ot\u00e1zka, zda je na \u00farovni jako Poga\u010dar, Vingegaard \u010di Evenepoel, aby mohl myslet na v\u00edt\u011bzstv\u00ed z Tour de France. Mo\u017en\u00e1 se zam\u011b\u0159\u00ed na dal\u0161\u00ed dv\u011b Grand Tour a bitvu o maillot jaune si bude chystat pro budoucnost.<\/p>\n<h2><strong>Cian Uijtdebroeks<\/strong><\/h2>\n<p>Dvaadvacetilet\u00fd Belgi\u010dan zp\u016fsobil p\u0159ed dv\u011bma lety <a href=\"https:\/\/www.welovecycling.com\/cs\/2023\/12\/14\/milionove-odstupne-ci-statisicove-pokuty-cian-uijtdebroeks-trne-v-nejistote\/\">po\u0159\u00e1dn\u00fd rozruch<\/a>, kdy\u017e p\u0159es platn\u00fd kontrakt v Bora hansgrohe ozn\u00e1mil p\u0159estup do Visma Lease a Bike. Transfer tehdy \u0159e\u0161ili pr\u00e1vn\u00edci. Cian Uijtdebroeks par\u0165\u00e1ky obvinil dokonce z \u0161ikany a maloval si z\u00e1\u0159nou budoucnost v nizozemsk\u00e9 formaci. Tak\u017ee bylo po\u0159\u00e1dn\u00fdm \u0161okem, kdy\u017e na za\u010d\u00e1tku leto\u0161n\u00edho \u0159\u00edjna ozn\u00e1mil podpis \u010dty\u0159let\u00e9ho kontraktu ve \u0161pan\u011blsk\u00e9 sestav\u011b Movistar!<\/p>\n<figure id=\"attachment_30646\" aria-describedby=\"caption-attachment-30646\" style=\"width: 1920px\" class=\"wp-caption alignnone\"><a href=\"https:\/\/d2p6e6u75xmxt8.cloudfront.net\/13\/2025\/08\/CZECH-NTOUR1105717.webp\"><img loading=\"lazy\" decoding=\"async\" class=\"size-extra-large wp-image-30646\" src=\"https:\/\/d2p6e6u75xmxt8.cloudfront.net\/13\/2025\/08\/CZECH-NTOUR1105717-1920x1279.webp\" alt=\"\" width=\"1920\" height=\"1279\" srcset=\"https:\/\/d2p6e6u75xmxt8.cloudfront.net\/13\/2025\/08\/CZECH-NTOUR1105717-1920x1279.webp 1920w, https:\/\/d2p6e6u75xmxt8.cloudfront.net\/13\/2025\/08\/CZECH-NTOUR1105717-300x200.webp 300w, https:\/\/d2p6e6u75xmxt8.cloudfront.net\/13\/2025\/08\/CZECH-NTOUR1105717-1024x682.webp 1024w, https:\/\/d2p6e6u75xmxt8.cloudfront.net\/13\/2025\/08\/CZECH-NTOUR1105717-768x512.webp 768w, https:\/\/d2p6e6u75xmxt8.cloudfront.net\/13\/2025\/08\/CZECH-NTOUR1105717-1536x1023.webp 1536w, https:\/\/d2p6e6u75xmxt8.cloudfront.net\/13\/2025\/08\/CZECH-NTOUR1105717-400x266.webp 400w, https:\/\/d2p6e6u75xmxt8.cloudfront.net\/13\/2025\/08\/CZECH-NTOUR1105717-272x182.webp 272w, https:\/\/d2p6e6u75xmxt8.cloudfront.net\/13\/2025\/08\/CZECH-NTOUR1105717.webp 2048w, https:\/\/d2p6e6u75xmxt8.cloudfront.net\/13\/2025\/08\/CZECH-NTOUR1105717-1920x1279.webp 1920w\" sizes=\"auto, (max-width: 1920px) 100vw, 1920px\" \/><\/a><figcaption id=\"caption-attachment-30646\" class=\"wp-caption-text\"><em>Vy\u010derpan\u00fd Cina Uijtdebroeks na Pustevn\u00e1ch po dojezdu Czech Tour 2025. Foto: Czech Tour<\/em><\/figcaption><\/figure>\n<p>Druh\u00fd mu\u017e Czech Tour 2025 m\u011bl pocit, \u017ee u Visma Lease a Bike nedostane dostatek prostoru naplnit osobn\u00ed ambice. Po m\u011bs\u00edc\u00edch vlekl\u00fdch zdravotn\u00edch probl\u00e9m\u016f jist\u00e1 zn\u00e1mka nevd\u011bku. Ka\u017edop\u00e1dn\u011b ve \u0161pan\u011blsk\u00e9m t\u00fdmu by m\u011bl b\u00fdt jedni\u010dkou pro celkov\u00e9 po\u0159ad\u00ed, proto\u017ee Enric Mas pl\u00e1ny boss\u016f Movistaru nenaplnil.<\/p>\n<h2><strong>Olav Kooij<\/strong><\/h2>\n<p>V pouh\u00fdch \u010dty\u0159iadvaceti letech m\u00e1 nizozemsk\u00fd sprinter na kont\u011b sedma\u010dty\u0159icet v\u00edt\u011bzstv\u00ed. Nejv\u00edce z\u00e1\u0159\u00ed t\u0159i etapov\u00e1 prvenstv\u00ed z italsk\u00e9ho Gira a stejn\u00fd po\u010det triumf\u016f z Pa\u0159\u00ed\u017e-Nice. Ov\u0161em po p\u011bti letech ve Visma Lease a Bike z\u0159ejm\u011b Olav Kooij vytu\u0161il, \u017ee na Tour de France p\u0159i sou\u010dasn\u00e9m nastaven\u00ed sestavy (v\u0161e pro Jonase Vingegaarda) \u010di Vuelt\u011b mnoho par\u00e1dy neud\u011bl\u00e1. A tak s d\u00edky p\u0159ijal nab\u00eddku t\u0159\u00edlet\u00e9ho kontraktu u francouzsk\u00e9 formace Decathlon, kter\u00e1 hledala n\u00e1hradu za Sama Bennetta, v\u00edt\u011bze zelen\u00e9ho trikotu \u0160koda Auto z roku 2020. Dvan\u00e1ct v\u00edt\u011bzstv\u00ed v sezon\u011b jej \u0159ad\u00ed mezi nejatraktivn\u011bj\u0161\u00ed p\u0159estupy a hlavn\u011b d\u00e1v\u00e1 Kooijovi velice slu\u0161nou nad\u011bji, aby naplnil velk\u00e9 ambice siln\u00e9ho francouzsk\u00e9ho t\u00fdmu.<\/p>\n<h2><strong>Jasper Stuyven<\/strong><\/h2>\n<p>Maz\u00e1k py\u0161n\u00edc\u00ed se triumfy z Monumentu Mil\u00e1n-San Remo, belgick\u00fdch klasik Omloop \u010di Kuurne nebo etapy na Vuelt\u011b se rozhodn\u011b je\u0161t\u011b nec\u00edt\u00ed b\u00fdt na odpis. A zjevn\u011b tak sv\u00e9ho krajana nevid\u00ed ani bossov\u00e9 belgick\u00e9ho t\u00fdmu Soudal Quick Step, kte\u0159\u00ed t\u0159iat\u0159icetilet\u00e9mu matadorovi zam\u011b\u0159uj\u00edc\u00edmu se na jednodenn\u00ed z\u00e1vody dali t\u0159\u00edlet\u00fd kontrakt. Vl\u010d\u00ed sme\u010dka se po odchodu Evenepoela vrac\u00ed ke strategii c\u00edl\u00edc\u00ed na d\u00edl\u010d\u00ed v\u00edt\u011bzstv\u00ed a Stuyven m\u00e1 b\u00fdt po dvan\u00e1cti letech v Treku jedn\u00edm z hlavn\u00edch hrdin\u016f&#8230;<\/p>\n<h2><strong>Fred Wright<\/strong><\/h2>\n<p>Rod\u00e1k z Lond\u00fdna po \u0161esti sezon\u00e1ch v dresu Bahrain Victorious douf\u00e1 v napln\u011bn\u00ed potenci\u00e1lu u \u0161v\u00fdcarsk\u00e9ho Q36.5. Britsk\u00fd \u0161ampion ze sezony 2023 sahal po etapov\u00fdch v\u00fdhr\u00e1ch na Tour de France i na Vuelt\u011b, ale v\u017edy se musel sm\u00ed\u0159it s druh\u00fdm \u010di t\u0159et\u00edm m\u00edstem. Po boku krajana Toma Pidcocka dostane prostor, aby naplnil v \u0161estadvaceti letech v\u0161echny sny. B\u011bhem t\u0159\u00ed sezon bude m\u00edt dostatek \u0161anc\u00ed ud\u011blat krok z adepta v\u00edt\u011bzstv\u00ed na skute\u010dn\u00e9ho v\u00edt\u011bze.<\/p>\n<h2><strong>Matthew Riccitello<\/strong><\/h2>\n<p>T\u0159iadvacetilet\u00fd Ameri\u010dan se zaskv\u011bl ziskem b\u00edl\u00e9ho trikotu pro nejlep\u0161\u00edho mlad\u00edka na \u0161pan\u011blsk\u00e9 Vuelt\u011b 2025, kde byl celkov\u011b p\u00e1t\u00fd. T\u0159\u00edlet\u00fd kontrakt jezdce na celkov\u00e9 po\u0159ad\u00ed d\u00e1v\u00e1 tu\u0161it, \u017ee Ameri\u010dan a Paul Seixas, teprve devaten\u00e1ctilet\u00fd Francouz, maj\u00ed solidn\u00ed nad\u011bji zemi galsk\u00e9ho kohouta vr\u00e1tit pat\u0159i\u010dnou hrdost na francouzsk\u00e9 barvy v bitv\u011b p\u0159i Grande Boucle. V\u00edt\u011bz Sibiu Tour 2025 a etapy na Tour de l&#8217;Avenir (2023) m\u00e1 rozhodn\u011b potenci\u00e1l dostat se p\u0159i Grand Tour na stupn\u011b v\u00edt\u011bz\u016f.<\/p>\n<figure id=\"attachment_31426\" aria-describedby=\"caption-attachment-31426\" style=\"width: 1536px\" class=\"wp-caption alignnone\"><a href=\"https:\/\/d2p6e6u75xmxt8.cloudfront.net\/13\/2025\/10\/LV25-E21-CXL-BX8_0739.webp\"><img loading=\"lazy\" decoding=\"async\" class=\"size-extra-large wp-image-31426\" src=\"https:\/\/d2p6e6u75xmxt8.cloudfront.net\/13\/2025\/10\/LV25-E21-CXL-BX8_0739-1536x1920.webp\" alt=\"\" width=\"1536\" height=\"1920\" srcset=\"https:\/\/d2p6e6u75xmxt8.cloudfront.net\/13\/2025\/10\/LV25-E21-CXL-BX8_0739-1536x1920.webp 1536w, https:\/\/d2p6e6u75xmxt8.cloudfront.net\/13\/2025\/10\/LV25-E21-CXL-BX8_0739-240x300.webp 240w, https:\/\/d2p6e6u75xmxt8.cloudfront.net\/13\/2025\/10\/LV25-E21-CXL-BX8_0739-819x1024.webp 819w, https:\/\/d2p6e6u75xmxt8.cloudfront.net\/13\/2025\/10\/LV25-E21-CXL-BX8_0739-768x960.webp 768w, https:\/\/d2p6e6u75xmxt8.cloudfront.net\/13\/2025\/10\/LV25-E21-CXL-BX8_0739-1229x1536.webp 1229w, https:\/\/d2p6e6u75xmxt8.cloudfront.net\/13\/2025\/10\/LV25-E21-CXL-BX8_0739-1639x2048.webp 1639w, https:\/\/d2p6e6u75xmxt8.cloudfront.net\/13\/2025\/10\/LV25-E21-CXL-BX8_0739-320x400.webp 320w, https:\/\/d2p6e6u75xmxt8.cloudfront.net\/13\/2025\/10\/LV25-E21-CXL-BX8_0739.webp 1909w, https:\/\/d2p6e6u75xmxt8.cloudfront.net\/13\/2025\/10\/LV25-E21-CXL-BX8_0739-1536x1920.webp 1536w\" sizes=\"auto, (max-width: 1536px) 100vw, 1536px\" \/><\/a><figcaption id=\"caption-attachment-31426\" class=\"wp-caption-text\"><em>Matthew Riccitello na stupn\u00edch v\u00edt\u011bz\u016f \u0161pan\u011blsk\u00e9 Vuelty 2025.<\/em><\/figcaption><\/figure>\n<h2><strong>Dorian Godon<\/strong><\/h2>\n<p>Francouzsk\u00fd univerz\u00e1l m\u00e1 b\u00fdt dal\u0161\u00edm d\u00edlem mozaiky p\u0159i pokusu Ineos Grenadiers vr\u00e1tit se na vrchol. Po sedmi letech v AG2R La Mondiale, respektive Decathlon AG2R se \u00fa\u0159aduj\u00edc\u00ed francouzsk\u00fd \u0161ampion rozhodl pro zm\u011bnu.<\/p>\n<div class=\"shortcode-ys-post-pinup\"><article class=\"loop-simple post-31396 post type-post status-publish format-standard has-post-thumbnail hentry category-silnicni-cyklistika tag-cyklistika tag-giro-ditalia-2026 tag-jonas-vingegaard tag-remco-evenepoel tag-silnicni-cyklistika tag-tadej-pogacar tag-tour-de-france-2026 tag-vuelta-2026 global-categories-cycling\" data-postid=\"31396\" role=\"article\" data-post-id=\"31396\" data-word-count=\"610\" data-headline-length=\"38\" data-category=\"Silni\u010dn\u00ed cyklistika\" data-global-category=\"Cycling\" data-author=\"We Love Cycling\" data-published=\"2025-10-27T16:03:52+02:00\" data-published-day=\"Monday\">\n    <div class=\"entry-thumbnail article-thumbnail\" content=\"https:\/\/d2p6e6u75xmxt8.cloudfront.net\/13\/2024\/07\/profimedia-0890928696-150x150.webp\"><a href=\"https:\/\/www.welovecycling.com\/cs\/2025\/10\/27\/vynecha-pogacar-tour-de-france-2026\/\" class=\"image-holder\" target=\"_self\"><img decoding=\"async\" loading=\"lazy\" class=\"\" src=\"https:\/\/d2p6e6u75xmxt8.cloudfront.net\/13\/2024\/07\/profimedia-0890928696-1024x683.webp\" srcset=\"https:\/\/d2p6e6u75xmxt8.cloudfront.net\/13\/2024\/07\/profimedia-0890928696.webp 1800w, https:\/\/d2p6e6u75xmxt8.cloudfront.net\/13\/2024\/07\/profimedia-0890928696-300x200.webp 300w, https:\/\/d2p6e6u75xmxt8.cloudfront.net\/13\/2024\/07\/profimedia-0890928696-1024x683.webp 1024w, https:\/\/d2p6e6u75xmxt8.cloudfront.net\/13\/2024\/07\/profimedia-0890928696-768x512.webp 768w, https:\/\/d2p6e6u75xmxt8.cloudfront.net\/13\/2024\/07\/profimedia-0890928696-1536x1024.webp 1536w, https:\/\/d2p6e6u75xmxt8.cloudfront.net\/13\/2024\/07\/profimedia-0890928696-400x267.webp 400w, https:\/\/d2p6e6u75xmxt8.cloudfront.net\/13\/2024\/07\/profimedia-0890928696-272x182.webp 272w\" width=\"1024\" height=\"683\" sizes=\"auto, (min-width: 1200px) 300px, (min-width: 768px) 25vw, 100vw\" alt=\"vynecha-pogacar-tour-de-france-2026\"\/><\/a><\/div>    <div class=\"entry-meta\">\n        <a class=\"label label-secondary post-category\" href=\"https:\/\/www.welovecycling.com\/cs\/category\/silnicni-cyklistika\/\" title=\"Silni\u010dn\u00ed cyklistika\">Silni\u010dn\u00ed cyklistika<\/a>\n    <\/div>\n    <div class=\"entry-details\">\n        <a href=\"https:\/\/www.welovecycling.com\/cs\/2025\/10\/27\/vynecha-pogacar-tour-de-france-2026\/\" class='entry-title-wrapper'>\n            <h3 class=\"entry-title\"><span>Vynech\u00e1 Poga\u010dar Tour de France 2026?<\/span><\/h3>\n        <\/a>\n    <\/div>\n    <\/article>\n<\/div>\n<p>Dok\u00e1\u017ee triumfovat ve zvln\u011bn\u00e9m ter\u00e9nu, um\u00ed sprintovat, v\u00edt\u011bzn\u011b zvl\u00e1d\u00e1 i etapy na men\u0161\u00edch podnic\u00edch (Kolem Romandie, Tour des Alpes Maritimes et du Var) a sou\u010dasn\u011b m\u00e1 na kont\u011b i triumf z klasiky Brabantsk\u00fd \u0161\u00edp 2023, kde porazil Bena Healyho, leto\u0161n\u00ed kometu.<\/p>\n<h2><strong>Bastien Tronchon<\/strong><\/h2>\n<p>Je tro\u0161ku p\u0159ekvapen\u00ed, kdy\u017e opust\u00edte t\u00fdm, co vyhl\u00e1s\u00ed pl\u00e1n vyhr\u00e1t dom\u00e1c\u00ed Grand Tour &#8211; Tour de France. Bastien Tronchon p\u0159esto zam\u00e1val Decathlonu a upsal se sice rovn\u011b\u017e francouzsk\u00e9, nicm\u00e9n\u011b ne tak zaji\u0161t\u011bn\u00e9 a ambici\u00f3zn\u00ed sestav\u011b Groupama FDJ. T\u0159iadvacetilet\u00fd cyklista z Chamb\u00e9ry dok\u00e1\u017ee vyhr\u00e1vat v kopc\u00edch a zvl\u00e1d\u00e1 i jednodenn\u00ed z\u00e1vody, co\u017e potvrdil triumfem ve st\u00e1le presti\u017en\u011bj\u0161\u00ed klasice Tro-Bro L\u00e9on. P\u0159esun hou\u017eevnat\u00e9ho mlad\u00edka rozhodn\u011b pat\u0159\u00ed mezi nejzaj\u00edmav\u011bj\u0161\u00ed p\u0159estupy podzimu.<\/p>\n<h2><strong>Maty\u00e1\u0161 Kopeck\u00fd<\/strong><\/h2>\n<p>Dvaadvacetilet\u00fd \u010desk\u00fd cyklista pro\u017eil v trikotu Novo Nordisk par\u00e1dn\u00ed sezonu. Vyhr\u00e1l sout\u011b\u017e o b\u00edl\u00fd trikot nejlep\u0161\u00edho mlad\u00edka hned na t\u0159ech etapov\u00fdch z\u00e1vodech (Kreiz Breizh Elites, R\u00e9gion Pays de la Loire Tour, Tour of Estonia) a na dom\u00e1c\u00edm \u0161ampion\u00e1tu slavil st\u0159\u00edbro za bezkonkuren\u010dn\u00edm Mathiasem Vackem. I proto se mohl radovat z podpisu dvoulet\u00e9ho kontraktu ve francouzsk\u00e9 sestav\u011b Unibet Rose Rockets, kde se potk\u00e1 s bratrem Tom\u00e1\u0161em a Adamem \u0164oupal\u00edkem, kte\u0159\u00ed maj\u00ed smlouvy do konce roku 2027.<\/p>\n","protected":false},"excerpt":{"rendered":"<p>Nejv\u011bt\u0161\u00ed perly trhu u\u017e jsou na sv\u00fdch m\u00edstech! P\u0159esto\u017ee je\u0161t\u011b dva m\u011bs\u00edce zb\u00fdvaj\u00ed do startu nov\u00e9 cyklistick\u00e9 sezony, nejzaj\u00edmav\u011bj\u0161\u00ed transfery [&hellip;]<\/p>\n","protected":false},"author":138,"featured_media":30568,"comment_status":"open","ping_status":"open","sticky":false,"template":"","format":"standard","meta":{"footnotes":""},"categories":[10],"tags":[3343,126,3529,1520,4194,1866,4425,4426,1072],"global-categories":[411],"class_list":["post-31425","post","type-post","status-publish","format-standard","has-post-thumbnail","hentry","category-silnicni-cyklistika","tag-cian-uijtdebroeks","tag-cyklistika","tag-fred-wright","tag-jasper-stuyven","tag-juan-ayuso","tag-matyas-kopecky","tag-olav-kooij","tag-prestupy-2026","tag-remco-evenepoel","global-categories-cycling"],"yoast_head":"<!-- This site is optimized with the Yoast SEO Premium plugin v25.3 (Yoast SEO v25.9) - https:\/\/yoast.com\/wordpress\/plugins\/seo\/ -->\n<title>Top p\u0159estupy: kdo nejv\u00edce \u0161okoval? | \u0160koda We Love Cycling - \u010cesk\u00e1 republika<\/title>\n<meta name=\"description\" content=\"Nejv\u011bt\u0161\u00ed perly trhu u\u017e jsou na sv\u00fdch m\u00edstech! P\u0159esto\u017ee je\u0161t\u011b dva m\u011bs\u00edce zb\u00fdvaj\u00ed do startu nov\u00e9 cyklistick\u00e9 sezony, nejzaj\u00edmav\u011bj\u0161\u00ed transfery u\u017e byly uskute\u010dn\u011bny. Jak\u00e9 p\u0159estupy se v mu\u017esk\u00e9m pelotonu v z\u00e1v\u011bru roku 2025 uskute\u010dnily?\" \/>\n<meta name=\"robots\" content=\"index, follow, max-snippet:-1, max-image-preview:large, max-video-preview:-1\" \/>\n<link rel=\"canonical\" href=\"https:\/\/www.welovecycling.com\/cs\/2025\/10\/30\/top-prestupy-kdo-nejvice-sokoval\/\" \/>\n<meta property=\"og:locale\" content=\"cs_CZ\" \/>\n<meta property=\"og:type\" content=\"article\" \/>\n<meta property=\"og:title\" content=\"Top p\u0159estupy: kdo nejv\u00edce \u0161okoval?\" \/>\n<meta property=\"og:description\" content=\"Nejv\u011bt\u0161\u00ed perly trhu u\u017e jsou na sv\u00fdch m\u00edstech! P\u0159esto\u017ee je\u0161t\u011b dva m\u011bs\u00edce zb\u00fdvaj\u00ed do startu nov\u00e9 cyklistick\u00e9 sezony, nejzaj\u00edmav\u011bj\u0161\u00ed transfery u\u017e byly uskute\u010dn\u011bny. Jak\u00e9 p\u0159estupy se v mu\u017esk\u00e9m pelotonu v z\u00e1v\u011bru roku 2025 uskute\u010dnily?\" \/>\n<meta property=\"og:url\" content=\"https:\/\/www.welovecycling.com\/cs\/2025\/10\/30\/top-prestupy-kdo-nejvice-sokoval\/\" \/>\n<meta property=\"og:site_name\" content=\"\u0160koda We Love Cycling - \u010cesk\u00e1 republika\" \/>\n<meta property=\"article:published_time\" content=\"2025-10-30T13:58:17+00:00\" \/>\n<meta property=\"article:modified_time\" content=\"2025-11-03T15:24:35+00:00\" \/>\n<meta property=\"og:image\" content=\"https:\/\/d2p6e6u75xmxt8.cloudfront.net\/13\/2025\/08\/profimedia-1027337697.webp\" \/>\n\t<meta property=\"og:image:width\" content=\"1800\" \/>\n\t<meta property=\"og:image:height\" content=\"1199\" \/>\n\t<meta property=\"og:image:type\" content=\"image\/webp\" \/>\n<meta name=\"author\" content=\"radekmalina\" \/>\n<meta name=\"twitter:card\" content=\"summary_large_image\" \/>\n<meta name=\"twitter:label1\" content=\"Written by\" \/>\n\t<meta name=\"twitter:data1\" content=\"We Love Cycling\" \/>\n\t<meta name=\"twitter:label2\" content=\"Est. reading time\" \/>\n\t<meta name=\"twitter:data2\" content=\"6\" \/>\n<script type=\"application\/ld+json\" class=\"yoast-schema-graph\">{\"@context\":\"https:\/\/schema.org\",\"@graph\":[{\"@type\":\"WebPage\",\"@id\":\"https:\/\/www.welovecycling.com\/cs\/2025\/10\/30\/top-prestupy-kdo-nejvice-sokoval\/\",\"url\":\"https:\/\/www.welovecycling.com\/cs\/2025\/10\/30\/top-prestupy-kdo-nejvice-sokoval\/\",\"name\":\"Top p\u0159estupy: kdo nejv\u00edce \u0161okoval? | \u0160koda We Love Cycling - \u010cesk\u00e1 republika\",\"isPartOf\":{\"@id\":\"https:\/\/www.welovecycling.com\/cs\/#website\"},\"primaryImageOfPage\":{\"@id\":\"https:\/\/www.welovecycling.com\/cs\/2025\/10\/30\/top-prestupy-kdo-nejvice-sokoval\/#primaryimage\"},\"image\":{\"@id\":\"https:\/\/www.welovecycling.com\/cs\/2025\/10\/30\/top-prestupy-kdo-nejvice-sokoval\/#primaryimage\"},\"thumbnailUrl\":\"https:\/\/d2p6e6u75xmxt8.cloudfront.net\/13\/2025\/08\/profimedia-1027337697.webp\",\"datePublished\":\"2025-10-30T13:58:17+00:00\",\"dateModified\":\"2025-11-03T15:24:35+00:00\",\"author\":{\"@id\":\"https:\/\/www.welovecycling.com\/cs\/#\/schema\/person\/d9eeb0a378f3a7e4a6d12d2b536b04b8\"},\"description\":\"Nejv\u011bt\u0161\u00ed perly trhu u\u017e jsou na sv\u00fdch m\u00edstech! P\u0159esto\u017ee je\u0161t\u011b dva m\u011bs\u00edce zb\u00fdvaj\u00ed do startu nov\u00e9 cyklistick\u00e9 sezony, nejzaj\u00edmav\u011bj\u0161\u00ed transfery u\u017e byly uskute\u010dn\u011bny. Jak\u00e9 p\u0159estupy se v mu\u017esk\u00e9m pelotonu v z\u00e1v\u011bru roku 2025 uskute\u010dnily?\",\"inLanguage\":\"cs\",\"potentialAction\":[{\"@type\":\"ReadAction\",\"target\":[\"https:\/\/www.welovecycling.com\/cs\/2025\/10\/30\/top-prestupy-kdo-nejvice-sokoval\/\"]}]},{\"@type\":\"ImageObject\",\"inLanguage\":\"cs\",\"@id\":\"https:\/\/www.welovecycling.com\/cs\/2025\/10\/30\/top-prestupy-kdo-nejvice-sokoval\/#primaryimage\",\"url\":\"https:\/\/d2p6e6u75xmxt8.cloudfront.net\/13\/2025\/08\/profimedia-1027337697.webp\",\"contentUrl\":\"https:\/\/d2p6e6u75xmxt8.cloudfront.net\/13\/2025\/08\/profimedia-1027337697.webp\",\"width\":1800,\"height\":1199,\"caption\":\"Cian Uijtdebroeks p\u0159i z\u00e1vod\u011b San Sebastian. P\u0159estupy\"},{\"@type\":\"WebSite\",\"@id\":\"https:\/\/www.welovecycling.com\/cs\/#website\",\"url\":\"https:\/\/www.welovecycling.com\/cs\/\",\"name\":\"\u0160koda We Love Cycling - \u010cesk\u00e1 republika\",\"description\":\"WeLoveCycling.cz je online magaz\u00edn, kter\u00fd v\u00e1m pravideln\u011b p\u0159in\u00e1\u0161\u00ed rady a tipy, zaj\u00edmav\u00e9 \u010dl\u00e1nky, videa a jedine\u010dn\u00e9 report\u00e1\u017ee ze sv\u011bta cyklistiky.\",\"potentialAction\":[{\"@type\":\"SearchAction\",\"target\":{\"@type\":\"EntryPoint\",\"urlTemplate\":\"https:\/\/www.welovecycling.com\/cs\/?s={search_term_string}\"},\"query-input\":{\"@type\":\"PropertyValueSpecification\",\"valueRequired\":true,\"valueName\":\"search_term_string\"}}],\"inLanguage\":\"cs\"},{\"@type\":\"Person\",\"@id\":\"https:\/\/www.welovecycling.com\/cs\/#\/schema\/person\/d9eeb0a378f3a7e4a6d12d2b536b04b8\",\"name\":\"radekmalina\",\"image\":{\"@type\":\"ImageObject\",\"inLanguage\":\"cs\",\"@id\":\"https:\/\/www.welovecycling.com\/cs\/#\/schema\/person\/image\/\",\"url\":\"https:\/\/secure.gravatar.com\/avatar\/66994b632cb8c39a46b9f54afa3ae07201b678d32a54275b6f1c9ffec356bfc0?s=96&d=mm&r=g\",\"contentUrl\":\"https:\/\/secure.gravatar.com\/avatar\/66994b632cb8c39a46b9f54afa3ae07201b678d32a54275b6f1c9ffec356bfc0?s=96&d=mm&r=g\",\"caption\":\"radekmalina\"},\"url\":\"https:\/\/www.welovecycling.com\/cs\/author\/radekmalina\/\"}]}<\/script>\n<!-- \/ Yoast SEO Premium plugin. -->","yoast_head_json":{"title":"Top p\u0159estupy: kdo nejv\u00edce \u0161okoval? | \u0160koda We Love Cycling - \u010cesk\u00e1 republika","description":"Nejv\u011bt\u0161\u00ed perly trhu u\u017e jsou na sv\u00fdch m\u00edstech! P\u0159esto\u017ee je\u0161t\u011b dva m\u011bs\u00edce zb\u00fdvaj\u00ed do startu nov\u00e9 cyklistick\u00e9 sezony, nejzaj\u00edmav\u011bj\u0161\u00ed transfery u\u017e byly uskute\u010dn\u011bny. Jak\u00e9 p\u0159estupy se v mu\u017esk\u00e9m pelotonu v z\u00e1v\u011bru roku 2025 uskute\u010dnily?","robots":{"index":"index","follow":"follow","max-snippet":"max-snippet:-1","max-image-preview":"max-image-preview:large","max-video-preview":"max-video-preview:-1"},"canonical":"https:\/\/www.welovecycling.com\/cs\/2025\/10\/30\/top-prestupy-kdo-nejvice-sokoval\/","og_locale":"cs_CZ","og_type":"article","og_title":"Top p\u0159estupy: kdo nejv\u00edce \u0161okoval?","og_description":"Nejv\u011bt\u0161\u00ed perly trhu u\u017e jsou na sv\u00fdch m\u00edstech! P\u0159esto\u017ee je\u0161t\u011b dva m\u011bs\u00edce zb\u00fdvaj\u00ed do startu nov\u00e9 cyklistick\u00e9 sezony, nejzaj\u00edmav\u011bj\u0161\u00ed transfery u\u017e byly uskute\u010dn\u011bny. Jak\u00e9 p\u0159estupy se v mu\u017esk\u00e9m pelotonu v z\u00e1v\u011bru roku 2025 uskute\u010dnily?","og_url":"https:\/\/www.welovecycling.com\/cs\/2025\/10\/30\/top-prestupy-kdo-nejvice-sokoval\/","og_site_name":"\u0160koda We Love Cycling - \u010cesk\u00e1 republika","article_published_time":"2025-10-30T13:58:17+00:00","article_modified_time":"2025-11-03T15:24:35+00:00","og_image":[{"width":1800,"height":1199,"url":"https:\/\/d2p6e6u75xmxt8.cloudfront.net\/13\/2025\/08\/profimedia-1027337697.webp","type":"image\/webp"}],"author":"radekmalina","twitter_card":"summary_large_image","twitter_misc":{"Written by":"We Love Cycling","Est. reading time":"6"},"schema":{"@context":"https:\/\/schema.org","@graph":[{"@type":"WebPage","@id":"https:\/\/www.welovecycling.com\/cs\/2025\/10\/30\/top-prestupy-kdo-nejvice-sokoval\/","url":"https:\/\/www.welovecycling.com\/cs\/2025\/10\/30\/top-prestupy-kdo-nejvice-sokoval\/","name":"Top p\u0159estupy: kdo nejv\u00edce \u0161okoval? | \u0160koda We Love Cycling - \u010cesk\u00e1 republika","isPartOf":{"@id":"https:\/\/www.welovecycling.com\/cs\/#website"},"primaryImageOfPage":{"@id":"https:\/\/www.welovecycling.com\/cs\/2025\/10\/30\/top-prestupy-kdo-nejvice-sokoval\/#primaryimage"},"image":{"@id":"https:\/\/www.welovecycling.com\/cs\/2025\/10\/30\/top-prestupy-kdo-nejvice-sokoval\/#primaryimage"},"thumbnailUrl":"https:\/\/d2p6e6u75xmxt8.cloudfront.net\/13\/2025\/08\/profimedia-1027337697.webp","datePublished":"2025-10-30T13:58:17+00:00","dateModified":"2025-11-03T15:24:35+00:00","author":{"@id":"https:\/\/www.welovecycling.com\/cs\/#\/schema\/person\/d9eeb0a378f3a7e4a6d12d2b536b04b8"},"description":"Nejv\u011bt\u0161\u00ed perly trhu u\u017e jsou na sv\u00fdch m\u00edstech! P\u0159esto\u017ee je\u0161t\u011b dva m\u011bs\u00edce zb\u00fdvaj\u00ed do startu nov\u00e9 cyklistick\u00e9 sezony, nejzaj\u00edmav\u011bj\u0161\u00ed transfery u\u017e byly uskute\u010dn\u011bny. Jak\u00e9 p\u0159estupy se v mu\u017esk\u00e9m pelotonu v z\u00e1v\u011bru roku 2025 uskute\u010dnily?","inLanguage":"cs","potentialAction":[{"@type":"ReadAction","target":["https:\/\/www.welovecycling.com\/cs\/2025\/10\/30\/top-prestupy-kdo-nejvice-sokoval\/"]}]},{"@type":"ImageObject","inLanguage":"cs","@id":"https:\/\/www.welovecycling.com\/cs\/2025\/10\/30\/top-prestupy-kdo-nejvice-sokoval\/#primaryimage","url":"https:\/\/d2p6e6u75xmxt8.cloudfront.net\/13\/2025\/08\/profimedia-1027337697.webp","contentUrl":"https:\/\/d2p6e6u75xmxt8.cloudfront.net\/13\/2025\/08\/profimedia-1027337697.webp","width":1800,"height":1199,"caption":"Cian Uijtdebroeks p\u0159i z\u00e1vod\u011b San Sebastian. P\u0159estupy"},{"@type":"WebSite","@id":"https:\/\/www.welovecycling.com\/cs\/#website","url":"https:\/\/www.welovecycling.com\/cs\/","name":"\u0160koda We Love Cycling - \u010cesk\u00e1 republika","description":"WeLoveCycling.cz je online magaz\u00edn, kter\u00fd v\u00e1m pravideln\u011b p\u0159in\u00e1\u0161\u00ed rady a tipy, zaj\u00edmav\u00e9 \u010dl\u00e1nky, videa a jedine\u010dn\u00e9 report\u00e1\u017ee ze sv\u011bta cyklistiky.","potentialAction":[{"@type":"SearchAction","target":{"@type":"EntryPoint","urlTemplate":"https:\/\/www.welovecycling.com\/cs\/?s={search_term_string}"},"query-input":{"@type":"PropertyValueSpecification","valueRequired":true,"valueName":"search_term_string"}}],"inLanguage":"cs"},{"@type":"Person","@id":"https:\/\/www.welovecycling.com\/cs\/#\/schema\/person\/d9eeb0a378f3a7e4a6d12d2b536b04b8","name":"radekmalina","image":{"@type":"ImageObject","inLanguage":"cs","@id":"https:\/\/www.welovecycling.com\/cs\/#\/schema\/person\/image\/","url":"https:\/\/secure.gravatar.com\/avatar\/66994b632cb8c39a46b9f54afa3ae07201b678d32a54275b6f1c9ffec356bfc0?s=96&d=mm&r=g","contentUrl":"https:\/\/secure.gravatar.com\/avatar\/66994b632cb8c39a46b9f54afa3ae07201b678d32a54275b6f1c9ffec356bfc0?s=96&d=mm&r=g","caption":"radekmalina"},"url":"https:\/\/www.welovecycling.com\/cs\/author\/radekmalina\/"}]}},"_links":{"self":[{"href":"https:\/\/www.welovecycling.com\/cs\/wp-json\/wp\/v2\/posts\/31425","targetHints":{"allow":["GET"]}}],"collection":[{"href":"https:\/\/www.welovecycling.com\/cs\/wp-json\/wp\/v2\/posts"}],"about":[{"href":"https:\/\/www.welovecycling.com\/cs\/wp-json\/wp\/v2\/types\/post"}],"author":[{"embeddable":true,"href":"https:\/\/www.welovecycling.com\/cs\/wp-json\/wp\/v2\/users\/138"}],"replies":[{"embeddable":true,"href":"https:\/\/www.welovecycling.com\/cs\/wp-json\/wp\/v2\/comments?post=31425"}],"version-history":[{"count":2,"href":"https:\/\/www.welovecycling.com\/cs\/wp-json\/wp\/v2\/posts\/31425\/revisions"}],"predecessor-version":[{"id":31472,"href":"https:\/\/www.welovecycling.com\/cs\/wp-json\/wp\/v2\/posts\/31425\/revisions\/31472"}],"wp:featuredmedia":[{"embeddable":true,"href":"https:\/\/www.welovecycling.com\/cs\/wp-json\/wp\/v2\/media\/30568"}],"wp:attachment":[{"href":"https:\/\/www.welovecycling.com\/cs\/wp-json\/wp\/v2\/media?parent=31425"}],"wp:term":[{"taxonomy":"category","embeddable":true,"href":"https:\/\/www.welovecycling.com\/cs\/wp-json\/wp\/v2\/categories?post=31425"},{"taxonomy":"post_tag","embeddable":true,"href":"https:\/\/www.welovecycling.com\/cs\/wp-json\/wp\/v2\/tags?post=31425"},{"taxonomy":"global-categories","embeddable":true,"href":"https:\/\/www.welovecycling.com\/cs\/wp-json\/wp\/v2\/global-categories?post=31425"}],"curies":[{"name":"wp","href":"https:\/\/api.w.org\/{rel}","templated":true}]}}