{"id":31399,"date":"2025-10-27T16:20:11","date_gmt":"2025-10-27T14:20:11","guid":{"rendered":"https:\/\/www.welovecycling.com\/cs\/?p=31399"},"modified":"2025-10-27T16:22:00","modified_gmt":"2025-10-27T14:22:00","slug":"cyklisticky-skok-do-jine-dimenze","status":"publish","type":"post","link":"https:\/\/www.welovecycling.com\/cs\/2025\/10\/27\/cyklisticky-skok-do-jine-dimenze\/","title":{"rendered":"Cyklistick\u00fd skok do jin\u00e9 dimenze"},"content":{"rendered":"<p><strong>Byl to zb\u011bsil\u00fd kvap\u00edk. Pouh\u00e9 \u010dty\u0159i m\u011bs\u00edce m\u011bli z\u00e1stupci \u0160koda Auto, aby v\u0161e nachystali p\u0159ed prvn\u00edm zapojen\u00edm automobilky do nejv\u011bt\u0161\u00edho cyklistick\u00e9ho z\u00e1vodu planety. Spojen\u00ed s Tour de France v l\u00e9t\u011b 2004 bylo n\u00e1vratem ke ko\u0159en\u016fm. V\u017edy\u0165 na za\u010d\u00e1tku fungov\u00e1n\u00ed mladoboleslavsk\u00e9 spole\u010dnosti byl bicykl&#8230;<\/strong><\/p>\n<p>Druh\u00fd b\u0159eznov\u00fd den na vyhl\u00e1\u0161en\u00e9m autosalonu v \u017denev\u011b \u0160koda Auto odtajnila novou generaci vozu \u0160koda Octavia. Tak trochu v tichosti p\u0159edseda p\u0159edstavenstva automobilky Detlef Wittig a \u0159editel cyklistick\u00e9 Tour de France Jean-Marie Leblanc podepsal kontrakt, kter\u00fd vstoupil v platnost u\u017e od nadch\u00e1zej\u00edc\u00edho ro\u010dn\u00edku a zahrnoval tehdy je\u0161t\u011b dal\u0161\u00edch jeden\u00e1ct cyklistick\u00fdch z\u00e1vod\u016f spadaj\u00edc\u00edch pod po\u0159adatelskou agenturu Amaury Sport Organisation (A.S.O.). Tour de France 2004 p\u0159itom startovala u\u017e 3. \u010dervence!<\/p>\n<p>&#8222;P\u0159es prodejn\u00edho z\u00e1stupce zodpov\u011bdn\u00e9ho za region Francie, Jean-Luc Barbier se jmenoval, jsme v prosinci 2003 z\u00edskali informaci, \u017ee bude voln\u00e1 pozice autopartnera a jednoho z hlavn\u00edch sponzor\u016f Tour de France,&#8220; vypravuje tehdej\u0161\u00ed koordin\u00e1torka kooperac\u00ed a sponzoringu Simona Tomanov\u00e1.<\/p>\n<h2><strong>N\u00e1vrat ke ko\u0159en\u016fm<\/strong><\/h2>\n<p>\u0160koda podporovala hokej. Byla hlavn\u00edm partnerem mistrovstv\u00ed sv\u011bta. Ov\u0161em mo\u017enost spojen\u00ed s cyklistikou p\u0159edstavovalo vstup do \u00fapln\u011b jin\u00e9 dimenze. V\u017edy\u0165 odhady hovo\u0159\u00ed o des\u00edtk\u00e1ch milion\u016f div\u00e1k\u016f pod\u00e9l silnic p\u0159i ka\u017ed\u00e9m ro\u010dn\u00edku Grande Boucle a v roce 2023 u televizn\u00edch obrazovek z\u00e1vod sledovaly 3,5 miliardy div\u00e1k\u016f! Po mistrovstv\u00ed sv\u011bta ve fotbale 2022 a olympijsk\u00fdch hr\u00e1ch v Pa\u0159\u00ed\u017ei 2024 (shodn\u011b p\u011bt miliard sleduj\u00edc\u00edch) p\u0159edstavuje bitva o \u017elut\u00fd trikot t\u0159et\u00ed nejsledovan\u011bj\u0161\u00ed sportovn\u00ed ud\u00e1lost v historii sportu.<\/p>\n<p>Tehdy se m\u00edsto v kolon\u011b Tour de France uvolnilo, proto\u017ee partner zpod Apeninsk\u00e9ho poloostrova u\u017e o pozici nem\u011bl z\u00e1jem. \u201eTour byla velk\u00e1 \u0161ance propojit se s celosv\u011btov\u00fdm sportovn\u00edm podnikem. Byla to cesta dostat se do pov\u011bdom\u00ed Francie, It\u00e1lie, \u0160pan\u011blska, kde zn\u00e1most \u0160kody nebyla takov\u00e1, zato je tam popul\u00e1rn\u00ed cyklistika. Perfektn\u011b to do sebe zapadalo,&#8220; vysv\u011btluje Tomanov\u00e1 s odkazem na glob\u00e1ln\u00ed dosah Tour de France.<\/p>\n<p><a href=\"https:\/\/d2p6e6u75xmxt8.cloudfront.net\/13\/2025\/10\/superb-skoda-Tour.webp\"><img loading=\"lazy\" decoding=\"async\" class=\"alignnone size-full wp-image-31400\" src=\"https:\/\/d2p6e6u75xmxt8.cloudfront.net\/13\/2025\/10\/superb-skoda-Tour.webp\" alt=\"\" width=\"807\" height=\"575\" srcset=\"https:\/\/d2p6e6u75xmxt8.cloudfront.net\/13\/2025\/10\/superb-skoda-Tour.webp 807w, https:\/\/d2p6e6u75xmxt8.cloudfront.net\/13\/2025\/10\/superb-skoda-Tour-300x214.webp 300w, https:\/\/d2p6e6u75xmxt8.cloudfront.net\/13\/2025\/10\/superb-skoda-Tour-768x547.webp 768w, https:\/\/d2p6e6u75xmxt8.cloudfront.net\/13\/2025\/10\/superb-skoda-Tour-400x285.webp 400w\" sizes=\"auto, (max-width: 807px) 100vw, 807px\" \/><\/a><\/p>\n<p>Vidina nav\u00fd\u0161en\u00ed vizibility zna\u010dky \u0160koda Auto a pos\u00edlen\u00ed celosv\u011btov\u00e9 image bylo p\u0159\u00edslibem nav\u00fd\u0161en\u00ed prodej\u016f. Tak\u017ee \u0161\u00e9fov\u00e9 mladoboleslavsk\u00e9 tov\u00e1rny souhlasili s podpisem kontraktu. \u201eP\u0159i zva\u017eov\u00e1n\u00ed vstupu do podobn\u00fdch projekt\u016f ohodnocujete potenci\u00e1ln\u00ed p\u0159\u00ednos a viditelnost zna\u010dky v\u010detn\u011b medi\u00e1ln\u00ed hodnoty prezentace. A ta samoz\u0159ejm\u011b mus\u00ed p\u0159evy\u0161ovat investici,\u201c vysv\u011btluje Tomanov\u00e1 z\u00e1kony reklamy.<\/p>\n<div class=\"shortcode-ys-post-pinup\"><article class=\"loop-simple post-31361 post type-post status-publish format-standard has-post-thumbnail hentry category-silnicni-cyklistika tag-cyklistika tag-paul-magnier tag-silnicni-cyklistika tag-soudal-quick-step tag-tour-of-guangxi tag-vlci-smecka global-categories-cycling\" data-postid=\"31361\" role=\"article\" data-post-id=\"31361\" data-word-count=\"460\" data-headline-length=\"34\" data-category=\"Silni\u010dn\u00ed cyklistika\" data-global-category=\"Cycling\" data-author=\"Radek Malina\" data-published=\"2025-10-23T05:00:53+02:00\" data-published-day=\"Thursday\">\n    <div class=\"entry-thumbnail article-thumbnail\" content=\"https:\/\/d2p6e6u75xmxt8.cloudfront.net\/13\/2025\/10\/paul-magnier-guangxi-stage-2-victory_1760514840-150x150.webp\"><a href=\"https:\/\/www.welovecycling.com\/cs\/2025\/10\/23\/z-kulturisty-klenot-vlci-smecky\/\" class=\"image-holder\" target=\"_self\"><img decoding=\"async\" loading=\"lazy\" class=\"\" src=\"https:\/\/d2p6e6u75xmxt8.cloudfront.net\/13\/2025\/10\/paul-magnier-guangxi-stage-2-victory_1760514840-1024x580.webp\" srcset=\"https:\/\/d2p6e6u75xmxt8.cloudfront.net\/13\/2025\/10\/paul-magnier-guangxi-stage-2-victory_1760514840.webp 1060w, https:\/\/d2p6e6u75xmxt8.cloudfront.net\/13\/2025\/10\/paul-magnier-guangxi-stage-2-victory_1760514840-300x170.webp 300w, https:\/\/d2p6e6u75xmxt8.cloudfront.net\/13\/2025\/10\/paul-magnier-guangxi-stage-2-victory_1760514840-1024x580.webp 1024w, https:\/\/d2p6e6u75xmxt8.cloudfront.net\/13\/2025\/10\/paul-magnier-guangxi-stage-2-victory_1760514840-768x435.webp 768w, https:\/\/d2p6e6u75xmxt8.cloudfront.net\/13\/2025\/10\/paul-magnier-guangxi-stage-2-victory_1760514840-400x226.webp 400w\" width=\"1024\" height=\"580\" sizes=\"auto, (min-width: 1200px) 354px, (min-width: 768px) 30vw, 100vw\" alt=\"z-kulturisty-klenot-vlci-smecky\"\/><\/a><\/div>    <div class=\"entry-meta\">\n        <a class=\"label label-secondary post-category\" href=\"https:\/\/www.welovecycling.com\/cs\/category\/silnicni-cyklistika\/\" title=\"Silni\u010dn\u00ed cyklistika\">Silni\u010dn\u00ed cyklistika<\/a>\n    <\/div>\n    <div class=\"entry-details\">\n        <a href=\"https:\/\/www.welovecycling.com\/cs\/2025\/10\/23\/z-kulturisty-klenot-vlci-smecky\/\" class='entry-title-wrapper'>\n            <h3 class=\"entry-title\"><span>Z kulturisty klenot Vl\u010d\u00ed sme\u010dky<\/span><\/h3>\n        <\/a>\n    <\/div>\n    <\/article>\n<\/div>\n<p>&#8222;Byla to obrovsk\u00e1 v\u00fdzva pro v\u0161echny. V\u017edy\u0165 se jednalo o vrcholnou \u00farove\u0148 cyklistiky. V\u0161e jsme za\u010dali chystat a\u017e n\u011bkdy v dubnu. Navrhovala se podoba banner\u016f, prob\u00edhala jejich v\u00fdroba. Museli jsme p\u0159ichystat hospitality program a n\u00e1\u0161 st\u00e1nek ve vesni\u010dce z\u00e1vodu na startu, kde se denn\u011b setk\u00e1vaj\u00ed nejv\u00fdznamn\u011bj\u0161\u00ed host\u00e9 z\u00e1vodu. Na v\u0161e bylo hodn\u011b m\u00e1lo \u010dasu,&#8220; \u0161\u00e1tr\u00e1 v pam\u011bt\u00ed Tomanov\u00e1. &#8222;V\u0161echno se vym\u00fd\u0161lelo od nuly. Navrhovala se loga, kter\u00e1 jsou um\u00edst\u011bn\u00e1 t\u011bsn\u011b p\u0159ed c\u00edlovou \u010d\u00e1rou i za n\u00ed. \u0158e\u0161ilo se, aby vizibilita byla funk\u010dn\u00ed.&#8220;<\/p>\n<h2><strong>\u0160koda dodala p\u0159i premi\u00e9\u0159e 175 voz\u016f<\/strong><\/h2>\n<p>Kdy\u017e v belgick\u00e9m Lutychu 3. \u010dervence 2004 startoval 91. ro\u010dn\u00edk Tour de France, p\u0159ineslo \u0161est kilometr\u016f prologu mnoho velk\u00fdch premi\u00e9r. Tehdy je\u0161t\u011b nezn\u00e1m\u00fd mlad\u00edk Fabian Cancellara, nyn\u00ed \u010dty\u0159n\u00e1sobn\u00fd mistr sv\u011bta v \u010dasovce a dvojn\u00e1sobn\u00fd olympijsk\u00fd v\u00edt\u011bz, slavil prvn\u00ed z osmi etapov\u00fdch v\u00edt\u011bzstv\u00ed na Tour de France. Vybojoval si pozici vedouc\u00edho z\u00e1vodn\u00edka sout\u011b\u017ee o b\u00edl\u00fd dres pro nejlep\u0161\u00edho cyklistu z\u00e1vodu do 25 let, jej\u00edm\u017e partnerem byla \u0160koda Auto. Ta p\u0159i premi\u00e9\u0159e dod\u00e1vala sto sedmdes\u00e1t p\u011bt voz\u016f prost\u0159ednictv\u00edm francouzsk\u00e9ho zastoupen\u00ed. Pro \u0159editele tehdy nachystali v Mlad\u00e9 Boleslavi \u010derven\u00fd Superb prvn\u00ed generace. O \u010dty\u0159i roky pozd\u011bji jej vyst\u0159\u00eddal Superb druh\u00e9 generace.<\/p>\n<figure id=\"attachment_30085\" aria-describedby=\"caption-attachment-30085\" style=\"width: 1920px\" class=\"wp-caption alignnone\"><a href=\"https:\/\/d2p6e6u75xmxt8.cloudfront.net\/13\/2025\/07\/20250711TDF1068-scaled.webp\"><img loading=\"lazy\" decoding=\"async\" class=\"size-extra-large wp-image-30085\" src=\"https:\/\/d2p6e6u75xmxt8.cloudfront.net\/13\/2025\/07\/20250711TDF1068-1920x1280.webp\" alt=\"\" width=\"1920\" height=\"1280\" srcset=\"https:\/\/d2p6e6u75xmxt8.cloudfront.net\/13\/2025\/07\/20250711TDF1068-1920x1280.webp 1920w, https:\/\/d2p6e6u75xmxt8.cloudfront.net\/13\/2025\/07\/20250711TDF1068-300x200.webp 300w, https:\/\/d2p6e6u75xmxt8.cloudfront.net\/13\/2025\/07\/20250711TDF1068-1024x683.webp 1024w, https:\/\/d2p6e6u75xmxt8.cloudfront.net\/13\/2025\/07\/20250711TDF1068-768x512.webp 768w, https:\/\/d2p6e6u75xmxt8.cloudfront.net\/13\/2025\/07\/20250711TDF1068-1536x1024.webp 1536w, https:\/\/d2p6e6u75xmxt8.cloudfront.net\/13\/2025\/07\/20250711TDF1068-2048x1365.webp 2048w, https:\/\/d2p6e6u75xmxt8.cloudfront.net\/13\/2025\/07\/20250711TDF1068-400x267.webp 400w, https:\/\/d2p6e6u75xmxt8.cloudfront.net\/13\/2025\/07\/20250711TDF1068-272x182.webp 272w, https:\/\/d2p6e6u75xmxt8.cloudfront.net\/13\/2025\/07\/20250711TDF1068-1920x1280.webp 1920w\" sizes=\"auto, (max-width: 1920px) 100vw, 1920px\" \/><\/a><figcaption id=\"caption-attachment-30085\" class=\"wp-caption-text\"><em>\u0160koda Auto je jeden z kl\u00ed\u010dov\u00fdch partner\u016f Tour de France. Foto: A.S.O.\/Charly Lopez<\/em><\/figcaption><\/figure>\n<p>Od l\u00e9ta 2015 se \u0160koda Auto stala partnerem zelen\u00e9ho dresu pro v\u00edt\u011bze bodovac\u00ed sout\u011b\u017ee. Do\u0161lo tak k harmonick\u00e9mu spojen\u00ed s barvou reprezentuj\u00edc\u00ed zna\u010dku. \u201eUsilovali jsme o presti\u017en\u011bj\u0161\u00ed dres,\u201c \u0159\u00edk\u00e1 Tomanov\u00e1. \u201eA proto\u017ee hlavn\u00ed barva \u0160koda Auto je zelen\u00e1, vyu\u017eili jsme p\u0159\u00edle\u017eitosti.\u201c<\/p>\n<div class=\"shortcode-ys-post-pinup\"><article class=\"loop-simple post-31332 post type-post status-publish format-standard has-post-thumbnail hentry category-horska-cyklistika tag-cyklistika tag-horska-cyklistika tag-kolo-pro-zivot tag-skoda-130-let global-categories-cycling\" data-postid=\"31332\" role=\"article\" data-post-id=\"31332\" data-word-count=\"654\" data-headline-length=\"52\" data-category=\"Horsk\u00e1 cyklistika\" data-global-category=\"Cycling\" data-author=\"We Love Cycling\" data-published=\"2025-10-20T16:00:57+02:00\" data-published-day=\"Monday\">\n    <div class=\"entry-thumbnail article-thumbnail\" content=\"https:\/\/d2p6e6u75xmxt8.cloudfront.net\/13\/2025\/10\/profimedia-0261056242-150x150.webp\"><a href=\"https:\/\/www.welovecycling.com\/cs\/2025\/10\/20\/od-korespondaku-k-nejvetsimu-serialu-v-evrope\/\" class=\"image-holder\" target=\"_self\"><img decoding=\"async\" loading=\"lazy\" class=\"\" src=\"https:\/\/d2p6e6u75xmxt8.cloudfront.net\/13\/2025\/10\/profimedia-0261056242-1024x663.webp\" srcset=\"https:\/\/d2p6e6u75xmxt8.cloudfront.net\/13\/2025\/10\/profimedia-0261056242.webp 1800w, https:\/\/d2p6e6u75xmxt8.cloudfront.net\/13\/2025\/10\/profimedia-0261056242-300x194.webp 300w, https:\/\/d2p6e6u75xmxt8.cloudfront.net\/13\/2025\/10\/profimedia-0261056242-1024x663.webp 1024w, https:\/\/d2p6e6u75xmxt8.cloudfront.net\/13\/2025\/10\/profimedia-0261056242-768x497.webp 768w, https:\/\/d2p6e6u75xmxt8.cloudfront.net\/13\/2025\/10\/profimedia-0261056242-1536x994.webp 1536w, https:\/\/d2p6e6u75xmxt8.cloudfront.net\/13\/2025\/10\/profimedia-0261056242-400x259.webp 400w\" width=\"1024\" height=\"663\" sizes=\"auto, (min-width: 1200px) 308px, (min-width: 768px) 26vw, 100vw\" alt=\"od-korespondaku-k-nejvetsimu-serialu-v-evrope\"\/><\/a><\/div>    <div class=\"entry-meta\">\n        <a class=\"label label-secondary post-category\" href=\"https:\/\/www.welovecycling.com\/cs\/category\/horska-cyklistika\/\" title=\"Horsk\u00e1 cyklistika\">Horsk\u00e1 cyklistika<\/a>\n    <\/div>\n    <div class=\"entry-details\">\n        <a href=\"https:\/\/www.welovecycling.com\/cs\/2025\/10\/20\/od-korespondaku-k-nejvetsimu-serialu-v-evrope\/\" class='entry-title-wrapper'>\n            <h3 class=\"entry-title\"><span>Od korespon\u010f\u00e1ku k nejv\u011bt\u0161\u00edmu seri\u00e1lu v Evrop\u011b<\/span><\/h3>\n        <\/a>\n    <\/div>\n    <\/article>\n<\/div>\n<p>Na ja\u0159e 2024 do\u0161lo k prodlou\u017een\u00ed kontraktu do roku 2028. \u0160koda Auto je krom\u011b <a href=\"https:\/\/www.welovecycling.com\/cs\/2025\/10\/23\/tour-2026-snad-i-vrcharum-se-z-bestialniho-finale-toci-hlava\/\">Grande Boucle<\/a> i partnerem dal\u0161\u00edch devaten\u00e1cti mezin\u00e1rodn\u00edch cyklistick\u00fdch akc\u00ed organizovan\u00fdch spole\u010dnost\u00ed A.S.O. Na v\u0161ech je po\u0159adatel\u016fm k dispozici a\u017e 250 pln\u011b elektrick\u00fdch nebo plug-in hybridn\u00edch model\u016f \u0160koda.<\/p>\n<p><em>\u0160koda Auto slav\u00ed 130 let existence. U p\u0159\u00edle\u017eitosti jubilea nachystala sto t\u0159icet sportovn\u00edch p\u0159\u00edb\u011bh\u016f spjat\u00fdch s histori\u00ed mladoboleslavsk\u00e9 automobilky. Vybran\u00e9 cyklistick\u00e9 p\u0159\u00edb\u011bhy naleznete na WeLoveCycling.cz, v\u0161ech sto t\u0159icet kapitol pak\u00a0<a href=\"https:\/\/www.skoda-storyboard.com\/cs\/category\/130let\/?ajax_archive_search=12\" target=\"_blank\" rel=\"noopener\">zde<\/a>.<\/em><\/p>\n","protected":false},"excerpt":{"rendered":"<p>Byl to zb\u011bsil\u00fd kvap\u00edk. Pouh\u00e9 \u010dty\u0159i m\u011bs\u00edce m\u011bli z\u00e1stupci \u0160koda Auto, aby v\u0161e nachystali p\u0159ed prvn\u00edm zapojen\u00edm automobilky do nejv\u011bt\u0161\u00edho [&hellip;]<\/p>\n","protected":false},"author":138,"featured_media":26056,"comment_status":"open","ping_status":"open","sticky":false,"template":"","format":"standard","meta":{"footnotes":""},"categories":[1711,660],"tags":[126,9,4404,578,23],"global-categories":[411],"class_list":["post-31399","post","type-post","status-publish","format-standard","has-post-thumbnail","hentry","category-tour-de-france","category-https-www-welovecycling-com-cs-category-zabava","tag-cyklistika","tag-silnicni-cyklistika","tag-skoda-130-let","tag-skoda-auto","tag-tour-de-france","global-categories-cycling"],"yoast_head":"<!-- This site is optimized with the Yoast SEO Premium plugin v25.3 (Yoast SEO v25.9) - https:\/\/yoast.com\/wordpress\/plugins\/seo\/ -->\n<title>Cyklistick\u00fd skok do jin\u00e9 dimenze | \u0160koda We Love Cycling - \u010cesk\u00e1 republika %<\/title>\n<meta name=\"description\" content=\"Byl to zb\u011bsil\u00fd kvap\u00edk. Pouh\u00e9 \u010dty\u0159i m\u011bs\u00edce m\u011bli z\u00e1stupci \u0160koda Auto, aby v\u0161e nachystali p\u0159ed prvn\u00edm zapojen\u00edm automobilky do nejv\u011bt\u0161\u00edho cyklistick\u00e9ho z\u00e1vodu planety. Spojen\u00ed s Tour de France v l\u00e9t\u011b 2004 bylo n\u00e1vratem ke ko\u0159en\u016fm. V\u017edy\u0165 na za\u010d\u00e1tku fungov\u00e1n\u00ed mladoboleslavsk\u00e9 spole\u010dnosti byl bicykl... %\" \/>\n<meta name=\"robots\" content=\"index, follow, max-snippet:-1, max-image-preview:large, max-video-preview:-1\" \/>\n<link rel=\"canonical\" href=\"https:\/\/www.welovecycling.com\/cs\/2025\/10\/27\/cyklisticky-skok-do-jine-dimenze\/\" \/>\n<meta property=\"og:locale\" content=\"cs_CZ\" \/>\n<meta property=\"og:type\" content=\"article\" \/>\n<meta property=\"og:title\" content=\"Cyklistick\u00fd skok do jin\u00e9 dimenze\" \/>\n<meta property=\"og:description\" content=\"Byl to zb\u011bsil\u00fd kvap\u00edk. Pouh\u00e9 \u010dty\u0159i m\u011bs\u00edce m\u011bli z\u00e1stupci \u0160koda Auto, aby v\u0161e nachystali p\u0159ed prvn\u00edm zapojen\u00edm automobilky do nejv\u011bt\u0161\u00edho cyklistick\u00e9ho z\u00e1vodu planety. Spojen\u00ed s Tour de France v l\u00e9t\u011b 2004 bylo n\u00e1vratem ke ko\u0159en\u016fm. V\u017edy\u0165 na za\u010d\u00e1tku fungov\u00e1n\u00ed mladoboleslavsk\u00e9 spole\u010dnosti byl bicykl... %\" \/>\n<meta property=\"og:url\" content=\"https:\/\/www.welovecycling.com\/cs\/2025\/10\/27\/cyklisticky-skok-do-jine-dimenze\/\" \/>\n<meta property=\"og:site_name\" content=\"\u0160koda We Love Cycling - \u010cesk\u00e1 republika\" \/>\n<meta property=\"article:published_time\" content=\"2025-10-27T14:20:11+00:00\" \/>\n<meta property=\"article:modified_time\" content=\"2025-10-27T14:22:00+00:00\" \/>\n<meta property=\"og:image\" content=\"https:\/\/d2p6e6u75xmxt8.cloudfront.net\/13\/2024\/06\/tdf-2023-skoda-prudhomme.webp\" \/>\n\t<meta property=\"og:image:width\" content=\"2048\" \/>\n\t<meta property=\"og:image:height\" content=\"1365\" \/>\n\t<meta property=\"og:image:type\" content=\"image\/webp\" \/>\n<meta name=\"author\" content=\"radekmalina\" \/>\n<meta name=\"twitter:card\" content=\"summary_large_image\" \/>\n<meta name=\"twitter:label1\" content=\"Written by\" \/>\n\t<meta name=\"twitter:data1\" content=\"We Love Cycling\" \/>\n\t<meta name=\"twitter:label2\" content=\"Est. reading time\" \/>\n\t<meta name=\"twitter:data2\" content=\"5\" \/>\n<script type=\"application\/ld+json\" class=\"yoast-schema-graph\">{\"@context\":\"https:\/\/schema.org\",\"@graph\":[{\"@type\":\"WebPage\",\"@id\":\"https:\/\/www.welovecycling.com\/cs\/2025\/10\/27\/cyklisticky-skok-do-jine-dimenze\/\",\"url\":\"https:\/\/www.welovecycling.com\/cs\/2025\/10\/27\/cyklisticky-skok-do-jine-dimenze\/\",\"name\":\"Cyklistick\u00fd skok do jin\u00e9 dimenze | \u0160koda We Love Cycling - \u010cesk\u00e1 republika %\",\"isPartOf\":{\"@id\":\"https:\/\/www.welovecycling.com\/cs\/#website\"},\"primaryImageOfPage\":{\"@id\":\"https:\/\/www.welovecycling.com\/cs\/2025\/10\/27\/cyklisticky-skok-do-jine-dimenze\/#primaryimage\"},\"image\":{\"@id\":\"https:\/\/www.welovecycling.com\/cs\/2025\/10\/27\/cyklisticky-skok-do-jine-dimenze\/#primaryimage\"},\"thumbnailUrl\":\"https:\/\/d2p6e6u75xmxt8.cloudfront.net\/13\/2024\/06\/tdf-2023-skoda-prudhomme.webp\",\"datePublished\":\"2025-10-27T14:20:11+00:00\",\"dateModified\":\"2025-10-27T14:22:00+00:00\",\"author\":{\"@id\":\"https:\/\/www.welovecycling.com\/cs\/#\/schema\/person\/d9eeb0a378f3a7e4a6d12d2b536b04b8\"},\"description\":\"Byl to zb\u011bsil\u00fd kvap\u00edk. Pouh\u00e9 \u010dty\u0159i m\u011bs\u00edce m\u011bli z\u00e1stupci \u0160koda Auto, aby v\u0161e nachystali p\u0159ed prvn\u00edm zapojen\u00edm automobilky do nejv\u011bt\u0161\u00edho cyklistick\u00e9ho z\u00e1vodu planety. Spojen\u00ed s Tour de France v l\u00e9t\u011b 2004 bylo n\u00e1vratem ke ko\u0159en\u016fm. V\u017edy\u0165 na za\u010d\u00e1tku fungov\u00e1n\u00ed mladoboleslavsk\u00e9 spole\u010dnosti byl bicykl... %\",\"inLanguage\":\"cs\",\"potentialAction\":[{\"@type\":\"ReadAction\",\"target\":[\"https:\/\/www.welovecycling.com\/cs\/2025\/10\/27\/cyklisticky-skok-do-jine-dimenze\/\"]}]},{\"@type\":\"ImageObject\",\"inLanguage\":\"cs\",\"@id\":\"https:\/\/www.welovecycling.com\/cs\/2025\/10\/27\/cyklisticky-skok-do-jine-dimenze\/#primaryimage\",\"url\":\"https:\/\/d2p6e6u75xmxt8.cloudfront.net\/13\/2024\/06\/tdf-2023-skoda-prudhomme.webp\",\"contentUrl\":\"https:\/\/d2p6e6u75xmxt8.cloudfront.net\/13\/2024\/06\/tdf-2023-skoda-prudhomme.webp\",\"width\":2048,\"height\":1365,\"caption\":\"\u0161koda auto\"},{\"@type\":\"WebSite\",\"@id\":\"https:\/\/www.welovecycling.com\/cs\/#website\",\"url\":\"https:\/\/www.welovecycling.com\/cs\/\",\"name\":\"\u0160koda We Love Cycling - \u010cesk\u00e1 republika\",\"description\":\"WeLoveCycling.cz je online magaz\u00edn, kter\u00fd v\u00e1m pravideln\u011b p\u0159in\u00e1\u0161\u00ed rady a tipy, zaj\u00edmav\u00e9 \u010dl\u00e1nky, videa a jedine\u010dn\u00e9 report\u00e1\u017ee ze sv\u011bta cyklistiky.\",\"potentialAction\":[{\"@type\":\"SearchAction\",\"target\":{\"@type\":\"EntryPoint\",\"urlTemplate\":\"https:\/\/www.welovecycling.com\/cs\/?s={search_term_string}\"},\"query-input\":{\"@type\":\"PropertyValueSpecification\",\"valueRequired\":true,\"valueName\":\"search_term_string\"}}],\"inLanguage\":\"cs\"},{\"@type\":\"Person\",\"@id\":\"https:\/\/www.welovecycling.com\/cs\/#\/schema\/person\/d9eeb0a378f3a7e4a6d12d2b536b04b8\",\"name\":\"radekmalina\",\"image\":{\"@type\":\"ImageObject\",\"inLanguage\":\"cs\",\"@id\":\"https:\/\/www.welovecycling.com\/cs\/#\/schema\/person\/image\/\",\"url\":\"https:\/\/secure.gravatar.com\/avatar\/66994b632cb8c39a46b9f54afa3ae07201b678d32a54275b6f1c9ffec356bfc0?s=96&d=mm&r=g\",\"contentUrl\":\"https:\/\/secure.gravatar.com\/avatar\/66994b632cb8c39a46b9f54afa3ae07201b678d32a54275b6f1c9ffec356bfc0?s=96&d=mm&r=g\",\"caption\":\"radekmalina\"},\"url\":\"https:\/\/www.welovecycling.com\/cs\/author\/radekmalina\/\"}]}<\/script>\n<!-- \/ Yoast SEO Premium plugin. -->","yoast_head_json":{"title":"Cyklistick\u00fd skok do jin\u00e9 dimenze | \u0160koda We Love Cycling - \u010cesk\u00e1 republika %","description":"Byl to zb\u011bsil\u00fd kvap\u00edk. Pouh\u00e9 \u010dty\u0159i m\u011bs\u00edce m\u011bli z\u00e1stupci \u0160koda Auto, aby v\u0161e nachystali p\u0159ed prvn\u00edm zapojen\u00edm automobilky do nejv\u011bt\u0161\u00edho cyklistick\u00e9ho z\u00e1vodu planety. Spojen\u00ed s Tour de France v l\u00e9t\u011b 2004 bylo n\u00e1vratem ke ko\u0159en\u016fm. V\u017edy\u0165 na za\u010d\u00e1tku fungov\u00e1n\u00ed mladoboleslavsk\u00e9 spole\u010dnosti byl bicykl... %","robots":{"index":"index","follow":"follow","max-snippet":"max-snippet:-1","max-image-preview":"max-image-preview:large","max-video-preview":"max-video-preview:-1"},"canonical":"https:\/\/www.welovecycling.com\/cs\/2025\/10\/27\/cyklisticky-skok-do-jine-dimenze\/","og_locale":"cs_CZ","og_type":"article","og_title":"Cyklistick\u00fd skok do jin\u00e9 dimenze","og_description":"Byl to zb\u011bsil\u00fd kvap\u00edk. Pouh\u00e9 \u010dty\u0159i m\u011bs\u00edce m\u011bli z\u00e1stupci \u0160koda Auto, aby v\u0161e nachystali p\u0159ed prvn\u00edm zapojen\u00edm automobilky do nejv\u011bt\u0161\u00edho cyklistick\u00e9ho z\u00e1vodu planety. Spojen\u00ed s Tour de France v l\u00e9t\u011b 2004 bylo n\u00e1vratem ke ko\u0159en\u016fm. V\u017edy\u0165 na za\u010d\u00e1tku fungov\u00e1n\u00ed mladoboleslavsk\u00e9 spole\u010dnosti byl bicykl... %","og_url":"https:\/\/www.welovecycling.com\/cs\/2025\/10\/27\/cyklisticky-skok-do-jine-dimenze\/","og_site_name":"\u0160koda We Love Cycling - \u010cesk\u00e1 republika","article_published_time":"2025-10-27T14:20:11+00:00","article_modified_time":"2025-10-27T14:22:00+00:00","og_image":[{"width":2048,"height":1365,"url":"https:\/\/d2p6e6u75xmxt8.cloudfront.net\/13\/2024\/06\/tdf-2023-skoda-prudhomme.webp","type":"image\/webp"}],"author":"radekmalina","twitter_card":"summary_large_image","twitter_misc":{"Written by":"We Love Cycling","Est. reading time":"5"},"schema":{"@context":"https:\/\/schema.org","@graph":[{"@type":"WebPage","@id":"https:\/\/www.welovecycling.com\/cs\/2025\/10\/27\/cyklisticky-skok-do-jine-dimenze\/","url":"https:\/\/www.welovecycling.com\/cs\/2025\/10\/27\/cyklisticky-skok-do-jine-dimenze\/","name":"Cyklistick\u00fd skok do jin\u00e9 dimenze | \u0160koda We Love Cycling - \u010cesk\u00e1 republika %","isPartOf":{"@id":"https:\/\/www.welovecycling.com\/cs\/#website"},"primaryImageOfPage":{"@id":"https:\/\/www.welovecycling.com\/cs\/2025\/10\/27\/cyklisticky-skok-do-jine-dimenze\/#primaryimage"},"image":{"@id":"https:\/\/www.welovecycling.com\/cs\/2025\/10\/27\/cyklisticky-skok-do-jine-dimenze\/#primaryimage"},"thumbnailUrl":"https:\/\/d2p6e6u75xmxt8.cloudfront.net\/13\/2024\/06\/tdf-2023-skoda-prudhomme.webp","datePublished":"2025-10-27T14:20:11+00:00","dateModified":"2025-10-27T14:22:00+00:00","author":{"@id":"https:\/\/www.welovecycling.com\/cs\/#\/schema\/person\/d9eeb0a378f3a7e4a6d12d2b536b04b8"},"description":"Byl to zb\u011bsil\u00fd kvap\u00edk. Pouh\u00e9 \u010dty\u0159i m\u011bs\u00edce m\u011bli z\u00e1stupci \u0160koda Auto, aby v\u0161e nachystali p\u0159ed prvn\u00edm zapojen\u00edm automobilky do nejv\u011bt\u0161\u00edho cyklistick\u00e9ho z\u00e1vodu planety. Spojen\u00ed s Tour de France v l\u00e9t\u011b 2004 bylo n\u00e1vratem ke ko\u0159en\u016fm. V\u017edy\u0165 na za\u010d\u00e1tku fungov\u00e1n\u00ed mladoboleslavsk\u00e9 spole\u010dnosti byl bicykl... %","inLanguage":"cs","potentialAction":[{"@type":"ReadAction","target":["https:\/\/www.welovecycling.com\/cs\/2025\/10\/27\/cyklisticky-skok-do-jine-dimenze\/"]}]},{"@type":"ImageObject","inLanguage":"cs","@id":"https:\/\/www.welovecycling.com\/cs\/2025\/10\/27\/cyklisticky-skok-do-jine-dimenze\/#primaryimage","url":"https:\/\/d2p6e6u75xmxt8.cloudfront.net\/13\/2024\/06\/tdf-2023-skoda-prudhomme.webp","contentUrl":"https:\/\/d2p6e6u75xmxt8.cloudfront.net\/13\/2024\/06\/tdf-2023-skoda-prudhomme.webp","width":2048,"height":1365,"caption":"\u0161koda auto"},{"@type":"WebSite","@id":"https:\/\/www.welovecycling.com\/cs\/#website","url":"https:\/\/www.welovecycling.com\/cs\/","name":"\u0160koda We Love Cycling - \u010cesk\u00e1 republika","description":"WeLoveCycling.cz je online magaz\u00edn, kter\u00fd v\u00e1m pravideln\u011b p\u0159in\u00e1\u0161\u00ed rady a tipy, zaj\u00edmav\u00e9 \u010dl\u00e1nky, videa a jedine\u010dn\u00e9 report\u00e1\u017ee ze sv\u011bta cyklistiky.","potentialAction":[{"@type":"SearchAction","target":{"@type":"EntryPoint","urlTemplate":"https:\/\/www.welovecycling.com\/cs\/?s={search_term_string}"},"query-input":{"@type":"PropertyValueSpecification","valueRequired":true,"valueName":"search_term_string"}}],"inLanguage":"cs"},{"@type":"Person","@id":"https:\/\/www.welovecycling.com\/cs\/#\/schema\/person\/d9eeb0a378f3a7e4a6d12d2b536b04b8","name":"radekmalina","image":{"@type":"ImageObject","inLanguage":"cs","@id":"https:\/\/www.welovecycling.com\/cs\/#\/schema\/person\/image\/","url":"https:\/\/secure.gravatar.com\/avatar\/66994b632cb8c39a46b9f54afa3ae07201b678d32a54275b6f1c9ffec356bfc0?s=96&d=mm&r=g","contentUrl":"https:\/\/secure.gravatar.com\/avatar\/66994b632cb8c39a46b9f54afa3ae07201b678d32a54275b6f1c9ffec356bfc0?s=96&d=mm&r=g","caption":"radekmalina"},"url":"https:\/\/www.welovecycling.com\/cs\/author\/radekmalina\/"}]}},"_links":{"self":[{"href":"https:\/\/www.welovecycling.com\/cs\/wp-json\/wp\/v2\/posts\/31399","targetHints":{"allow":["GET"]}}],"collection":[{"href":"https:\/\/www.welovecycling.com\/cs\/wp-json\/wp\/v2\/posts"}],"about":[{"href":"https:\/\/www.welovecycling.com\/cs\/wp-json\/wp\/v2\/types\/post"}],"author":[{"embeddable":true,"href":"https:\/\/www.welovecycling.com\/cs\/wp-json\/wp\/v2\/users\/138"}],"replies":[{"embeddable":true,"href":"https:\/\/www.welovecycling.com\/cs\/wp-json\/wp\/v2\/comments?post=31399"}],"version-history":[{"count":2,"href":"https:\/\/www.welovecycling.com\/cs\/wp-json\/wp\/v2\/posts\/31399\/revisions"}],"predecessor-version":[{"id":31402,"href":"https:\/\/www.welovecycling.com\/cs\/wp-json\/wp\/v2\/posts\/31399\/revisions\/31402"}],"wp:featuredmedia":[{"embeddable":true,"href":"https:\/\/www.welovecycling.com\/cs\/wp-json\/wp\/v2\/media\/26056"}],"wp:attachment":[{"href":"https:\/\/www.welovecycling.com\/cs\/wp-json\/wp\/v2\/media?parent=31399"}],"wp:term":[{"taxonomy":"category","embeddable":true,"href":"https:\/\/www.welovecycling.com\/cs\/wp-json\/wp\/v2\/categories?post=31399"},{"taxonomy":"post_tag","embeddable":true,"href":"https:\/\/www.welovecycling.com\/cs\/wp-json\/wp\/v2\/tags?post=31399"},{"taxonomy":"global-categories","embeddable":true,"href":"https:\/\/www.welovecycling.com\/cs\/wp-json\/wp\/v2\/global-categories?post=31399"}],"curies":[{"name":"wp","href":"https:\/\/api.w.org\/{rel}","templated":true}]}}