{"id":31288,"date":"2025-10-16T07:00:01","date_gmt":"2025-10-16T05:00:01","guid":{"rendered":"https:\/\/www.welovecycling.com\/cs\/?p=31288"},"modified":"2025-10-17T20:49:35","modified_gmt":"2025-10-17T18:49:35","slug":"cesky-tym-s-licenci-world-tour-verim-ze-sen-se-promeni-v-realitu","status":"publish","type":"post","link":"https:\/\/www.welovecycling.com\/cs\/2025\/10\/16\/cesky-tym-s-licenci-world-tour-verim-ze-sen-se-promeni-v-realitu\/","title":{"rendered":"\u010cesk\u00fd t\u00fdm s licenc\u00ed World Tour? V\u011b\u0159\u00edm, \u017ee sen se prom\u011bn\u00ed v realitu"},"content":{"rendered":"<p><strong>V\u011b\u0161tili mu hv\u011bzdnou budoucnost. Let\u011bl k hv\u011bzdn\u00e9mu cyklistick\u00e9mu nebi jako kometa. A\u010d teprve p\u011btadvacetilet\u00fd, Vojt\u011bch \u0158epa na soupisce \u017e\u00e1dn\u00e9ho elitn\u00edho cyklistick\u00e9ho t\u00fdmu nefiguruje. Peloton v\u0161ak neopustil. V pozici sportovn\u00edho \u0159editele za sebou m\u00e1 prvn\u00ed rok u \u010desk\u00e9ho \u017eensk\u00e9ho t\u00fdmu VIF Cycling, kter\u00fd chce p\u0159ibl\u00ed\u017eit elit\u011b.<\/strong><\/p>\n<p>Douf\u00e1, \u017ee jednou bude sou\u010d\u00e1st\u00ed t\u00fdmu s World Tour licenc\u00ed. Nikoliv v\u0161ak jako z\u00e1vodn\u00edk, kam sm\u011b\u0159oval, n\u00fdbr\u017e jako sportovn\u00ed \u0159editel \u010desk\u00e9ho t\u00fdmu. &#8222;Mysl\u00edm, \u017ee jde o sen, kter\u00fd se m\u016f\u017ee prom\u011bnit v realitu,&#8220; \u0159\u00edk\u00e1 v rozhovoru pro WeLoveCycling.cz Vojt\u011bch \u0158epa.<\/p>\n<h2><strong>Prvn\u00ed sezonu po ukon\u010den\u00ed kari\u00e9ry jste pro\u017eil v pozici sportovn\u00edho \u0159editele mu\u017esk\u00e9ho t\u00fdmu ATT Investments. Nevn\u00edmal jste tro\u0161ku jako hazard p\u0159ijmout na za\u010d\u00e1tku roku 2025 toto\u017enou pozici v \u017eensk\u00e9m t\u00fdmu VIF Cycling, kter\u00fd za\u010d\u00ednal \u00fapln\u011b od nuly?<\/strong><\/h2>\n<p>Cht\u011bl jsem odej\u00edt mimo peloton. M\u011bl jsem mo\u017enost z\u016fstat v cyklistick\u00e9m pr\u016fmyslu, ale zcela mimo z\u00e1vody a t\u00fdmy. Ale nab\u00eddka z VIF Cycling m\u011b oslovila. M\u011bl jsem mo\u017enost t\u00fdm budovat od \u00fapln\u00e9ho za\u010d\u00e1tku, nastavit v\u0161echny procesy a standardy v r\u00e1mci formace. Obohacuje m\u011b, kdy\u017e pouze neobj\u00ed\u017ed\u00edm etapov\u00e9 z\u00e1vody, ale buduji t\u00fdm. Tak\u017ee jsem si \u0159\u00edkal, pro\u010d to nezkusit. A nelitoval jsem jedin\u00fd den. Z\u00edskal jsem v\u00edce \u010dasu pro sebe, pro p\u0159\u00edtelkyni a sou\u010dasn\u011b se mohl realizovat. Ale mus\u00edm zd\u016fraznit, \u017ee jsem hodn\u011b \u010derpal ze zku\u0161enost\u00ed, co jsem nabral b\u011bhem sezony v ATT Investments, kde jsem jezdil zahrani\u010dn\u00ed program. Kdybych p\u0159i\u0161el k VIF Cycling bez ro\u010dn\u00ed zku\u0161enosti u chlap\u016f, byl bych ve zcela jin\u00e9 pozici.<\/p>\n<figure id=\"attachment_31294\" aria-describedby=\"caption-attachment-31294\" style=\"width: 1920px\" class=\"wp-caption alignnone\"><a href=\"https:\/\/d2p6e6u75xmxt8.cloudfront.net\/13\/2025\/10\/MND-Cup-Popelin-CSC-19.4.2025-_-\u00a9Filip-Bezdek-2025-15-scaled.webp\"><img loading=\"lazy\" decoding=\"async\" class=\"size-extra-large wp-image-31294\" src=\"https:\/\/d2p6e6u75xmxt8.cloudfront.net\/13\/2025\/10\/MND-Cup-Popelin-CSC-19.4.2025-_-\u00a9Filip-Bezdek-2025-15-1920x1280.webp\" alt=\"\" width=\"1920\" height=\"1280\" srcset=\"https:\/\/d2p6e6u75xmxt8.cloudfront.net\/13\/2025\/10\/MND-Cup-Popelin-CSC-19.4.2025-_-\u00a9Filip-Bezdek-2025-15-1920x1280.webp 1920w, https:\/\/d2p6e6u75xmxt8.cloudfront.net\/13\/2025\/10\/MND-Cup-Popelin-CSC-19.4.2025-_-\u00a9Filip-Bezdek-2025-15-300x200.webp 300w, https:\/\/d2p6e6u75xmxt8.cloudfront.net\/13\/2025\/10\/MND-Cup-Popelin-CSC-19.4.2025-_-\u00a9Filip-Bezdek-2025-15-1024x683.webp 1024w, https:\/\/d2p6e6u75xmxt8.cloudfront.net\/13\/2025\/10\/MND-Cup-Popelin-CSC-19.4.2025-_-\u00a9Filip-Bezdek-2025-15-768x512.webp 768w, https:\/\/d2p6e6u75xmxt8.cloudfront.net\/13\/2025\/10\/MND-Cup-Popelin-CSC-19.4.2025-_-\u00a9Filip-Bezdek-2025-15-1536x1024.webp 1536w, https:\/\/d2p6e6u75xmxt8.cloudfront.net\/13\/2025\/10\/MND-Cup-Popelin-CSC-19.4.2025-_-\u00a9Filip-Bezdek-2025-15-2048x1365.webp 2048w, https:\/\/d2p6e6u75xmxt8.cloudfront.net\/13\/2025\/10\/MND-Cup-Popelin-CSC-19.4.2025-_-\u00a9Filip-Bezdek-2025-15-400x267.webp 400w, https:\/\/d2p6e6u75xmxt8.cloudfront.net\/13\/2025\/10\/MND-Cup-Popelin-CSC-19.4.2025-_-\u00a9Filip-Bezdek-2025-15-272x182.webp 272w, https:\/\/d2p6e6u75xmxt8.cloudfront.net\/13\/2025\/10\/MND-Cup-Popelin-CSC-19.4.2025-_-\u00a9Filip-Bezdek-2025-15-1920x1280.webp 1920w\" sizes=\"auto, (max-width: 1920px) 100vw, 1920px\" \/><\/a><figcaption id=\"caption-attachment-31294\" class=\"wp-caption-text\"><em>Vojt\u011bch \u0154epa je sportovn\u00edm \u0159editelem VIF Cycling.<\/em><\/figcaption><\/figure>\n<p><strong style=\"color: inherit; font-family: 'SKODA Next', 'Adjusted Arial Fallback', sans-serif; font-size: 1.8em;\">P\u0159\u00edtelkyn\u011b p\u0159ijala bez probl\u00e9m\u016f, \u017ee jste sv\u011bt mu\u017esk\u00e9ho pelotonu vym\u011bnil za \u017eensk\u00fd?<\/strong><\/p>\n<div class=\"mceTemp\">\n<p>Mus\u00edm p\u0159iznat, \u017ee na za\u010d\u00e1tku jsme si museli s p\u0159\u00edtelkyn\u00ed sednout a v\u0161echno d\u016fkladn\u011b rozebrat. Ale moje partnerka je velice tolerantn\u00ed. Sezn\u00e1mili jsme se v obdob\u00ed, kdy jsem se chystal je\u0161t\u011b jako z\u00e1vodn\u00edk na Vueltu a nebyl doma dva m\u011bs\u00edce v kuse. Mysl\u00edm, \u017ee v\u00edce ne\u017e m\u016fj \u010dast\u00fd pobyt v \u010dist\u011b \u017eensk\u00e9m kolektivu mimo domov je problematick\u00e1 pot\u0159eba, abych byl prakticky neust\u00e1le k dispozici na telefonu. Nen\u00ed to jen starost o holky v t\u00fdmu, ale komunikuji s \u010dleny doprovodn\u00e9ho t\u00fdmu a tak\u00e9 s rodi\u010di, kte\u0159\u00ed se samoz\u0159ejm\u011b zaj\u00edmaj\u00ed. Jsme k m\u00e1n\u00ed \u010dty\u0159iadvacet hodin sedm dn\u016f v t\u00fddnu. Po\u0159\u00e1d se n\u011bco \u0159e\u0161\u00ed.<\/p>\n<h2><strong>Kdy\u017e se ohl\u00e9dnete za kon\u010d\u00edc\u00ed sezonou, p\u0159ed\u010dila o\u010dek\u00e1v\u00e1n\u00ed?<\/strong><\/h2>\n<p>\u0160lo o jedno velk\u00e9 p\u0159ekvapen\u00ed. Cel\u00fd projekt jsme budovali od nuly. Kdy\u017e jsem k t\u00fdmu p\u0159i\u0161el, nem\u011bli jsme oble\u010den\u00ed a teprve se \u0159e\u0161il design dres\u016f. Nebyla kola, auta, nic&#8230; Z nuly jsme p\u0159evzali pozici \u010desk\u00e9 jedni\u010dky. Rozhodn\u011b z hlediska v\u00fdsledk\u016f. Z pohledu \u010cesk\u00e9ho poh\u00e1ru nebo mistrovstv\u00ed republiky s \u010dist\u00fdm sv\u011bdom\u00edm takov\u00e9 tvrzen\u00ed obstoj\u00ed. Nejeli jsme zat\u00edm tolik z\u00e1vod\u016f v zahrani\u010d\u00ed, ale venku se chceme uk\u00e1zat v lep\u0161\u00edm sv\u011btle v p\u0159\u00ed\u0161t\u00ed sezon\u011b.<\/p>\n<p><a href=\"https:\/\/d2p6e6u75xmxt8.cloudfront.net\/13\/2025\/10\/BrychtaJan_CP_Kyjov_20250518_120813_D4C_5700-scaled.webp\"><img loading=\"lazy\" decoding=\"async\" class=\"alignnone size-extra-large wp-image-31290\" src=\"https:\/\/d2p6e6u75xmxt8.cloudfront.net\/13\/2025\/10\/BrychtaJan_CP_Kyjov_20250518_120813_D4C_5700-1920x1278.webp\" alt=\"\" width=\"1920\" height=\"1278\" srcset=\"https:\/\/d2p6e6u75xmxt8.cloudfront.net\/13\/2025\/10\/BrychtaJan_CP_Kyjov_20250518_120813_D4C_5700-1920x1278.webp 1920w, https:\/\/d2p6e6u75xmxt8.cloudfront.net\/13\/2025\/10\/BrychtaJan_CP_Kyjov_20250518_120813_D4C_5700-300x200.webp 300w, https:\/\/d2p6e6u75xmxt8.cloudfront.net\/13\/2025\/10\/BrychtaJan_CP_Kyjov_20250518_120813_D4C_5700-1024x682.webp 1024w, https:\/\/d2p6e6u75xmxt8.cloudfront.net\/13\/2025\/10\/BrychtaJan_CP_Kyjov_20250518_120813_D4C_5700-768x511.webp 768w, https:\/\/d2p6e6u75xmxt8.cloudfront.net\/13\/2025\/10\/BrychtaJan_CP_Kyjov_20250518_120813_D4C_5700-1536x1022.webp 1536w, https:\/\/d2p6e6u75xmxt8.cloudfront.net\/13\/2025\/10\/BrychtaJan_CP_Kyjov_20250518_120813_D4C_5700-2048x1363.webp 2048w, https:\/\/d2p6e6u75xmxt8.cloudfront.net\/13\/2025\/10\/BrychtaJan_CP_Kyjov_20250518_120813_D4C_5700-400x266.webp 400w, https:\/\/d2p6e6u75xmxt8.cloudfront.net\/13\/2025\/10\/BrychtaJan_CP_Kyjov_20250518_120813_D4C_5700-272x182.webp 272w, https:\/\/d2p6e6u75xmxt8.cloudfront.net\/13\/2025\/10\/BrychtaJan_CP_Kyjov_20250518_120813_D4C_5700-1920x1278.webp 1920w\" sizes=\"auto, (max-width: 1920px) 100vw, 1920px\" \/><\/a><\/p>\n<h2><strong>Musel Vojt\u011bch \u0158epa hodn\u011b zm\u011bnit p\u0159\u00edstup po p\u0159estupu z mu\u017esk\u00e9ho cyklistick\u00e9ho prost\u0159ed\u00ed do \u017eensk\u00e9ho?<\/strong><\/h2>\n<p>Procesy jsou hodn\u011b podobn\u00e9 jako v p\u0159\u00edpad\u011b mu\u017esk\u00e9ho t\u00fdmu. V ur\u010dit\u00e9m sm\u011bru m\u011b holky u\u010dily, co je p\u0159ijateln\u00e9 a ide\u00e1ln\u00ed. Rovn\u011b\u017e jsem podstoupil ur\u010dit\u00e9 sebevzd\u011bl\u00e1v\u00e1n\u00ed. Nastudoval jsem si \u017eenskou fyziologii pom\u011brn\u011b podrobn\u011b. Na jist\u00e9 v\u011bci se d\u00edv\u00e1m s v\u011bt\u0161\u00edm nadhledem a v\u011bci, kter\u00e9 jsou pro mnoh\u00e9 tabu, mi ned\u011blaj\u00ed p\u0159i komunikaci probl\u00e9m. Z\u00e1le\u017eitosti t\u00fdkaj\u00edc\u00ed se menstruace, p\u00e1nevn\u00edho dna \u010di psychick\u00e9ho rozpolo\u017een\u00ed pro m\u011b p\u0159edstavovaly velk\u00fd krok do nezn\u00e1ma. Mysl\u00edm, \u017ee jistou v\u00fdhodou je m\u016fj n\u00edzk\u00fd v\u011bk. Jen si mus\u00edm d\u00e1vat pozor, jak v\u011bty formuluji. N\u011bkdy je t\u0159eba \u0159\u00edct i negativn\u00ed informace. \u017deny jsou citliv\u011bj\u0161\u00ed a snadno si mohou n\u011bco vylo\u017eit jinak. Ale jinak nejsou velk\u00e9 rozd\u00edly. Kdy\u017e se rozhodnou d\u011blat holky tak brut\u00e1ln\u00ed sport, jak\u00fdm je silni\u010dn\u00ed cyklistika, maj\u00ed hodn\u011b posunut\u00fd pr\u00e1h bolesti a pudu sebez\u00e1chovy.<\/p>\n<h2><strong>Je pro v\u00e1s velkou v\u00fdhodou, \u017ee jste s\u00e1m z\u00e1vodil na nejvy\u0161\u0161\u00ed \u00farovni a tud\u00ed\u017e v\u00edte, co po holk\u00e1ch vy\u017eadujete?<\/strong><\/h2>\n<p>Naprosto nezastupitelnou roli m\u00e1 Tom\u00e1\u0161 Kone\u010dn\u00fd, kter\u00fd z\u00e1vodil na nejvy\u0161\u0161\u00ed \u00farovni a dev\u011bt let byl u reprezentace. Jeho zku\u0161enosti se nedaj\u00ed ni\u010d\u00edm vyv\u00e1\u017eit. J\u00e1 jsem tak\u00e9 p\u0159isp\u011bl sv\u00fdm d\u00edlem. Kdybychom nem\u011bli zku\u0161enosti z elitn\u00edch t\u00fdm\u016f, ur\u010dit\u011b bychom se z nuly neodrazili tak rychle. Napodobujeme, co jsme za\u017eili. M\u011bli jsme sice omezen\u00fd budget, ale i z\u00e1kladn\u00ed v\u011bci jsme d\u011blali na profesion\u00e1ln\u00ed \u00farovni. Necht\u011bli jsme za rok nebo dva \u0159e\u0161it p\u0159enastaven\u00ed z\u00e1kladn\u00edch proces\u016f.<\/p>\n<p><a href=\"https:\/\/d2p6e6u75xmxt8.cloudfront.net\/13\/2025\/10\/BrychtaJan_CP_Jivova_20250914_122450_850_2887-scaled.webp\"><img loading=\"lazy\" decoding=\"async\" class=\"alignnone size-extra-large wp-image-31301\" src=\"https:\/\/d2p6e6u75xmxt8.cloudfront.net\/13\/2025\/10\/BrychtaJan_CP_Jivova_20250914_122450_850_2887-1920x1280.webp\" alt=\"\" width=\"1920\" height=\"1280\" srcset=\"https:\/\/d2p6e6u75xmxt8.cloudfront.net\/13\/2025\/10\/BrychtaJan_CP_Jivova_20250914_122450_850_2887-1920x1280.webp 1920w, https:\/\/d2p6e6u75xmxt8.cloudfront.net\/13\/2025\/10\/BrychtaJan_CP_Jivova_20250914_122450_850_2887-300x200.webp 300w, https:\/\/d2p6e6u75xmxt8.cloudfront.net\/13\/2025\/10\/BrychtaJan_CP_Jivova_20250914_122450_850_2887-1024x683.webp 1024w, https:\/\/d2p6e6u75xmxt8.cloudfront.net\/13\/2025\/10\/BrychtaJan_CP_Jivova_20250914_122450_850_2887-768x512.webp 768w, https:\/\/d2p6e6u75xmxt8.cloudfront.net\/13\/2025\/10\/BrychtaJan_CP_Jivova_20250914_122450_850_2887-1536x1024.webp 1536w, https:\/\/d2p6e6u75xmxt8.cloudfront.net\/13\/2025\/10\/BrychtaJan_CP_Jivova_20250914_122450_850_2887-2048x1365.webp 2048w, https:\/\/d2p6e6u75xmxt8.cloudfront.net\/13\/2025\/10\/BrychtaJan_CP_Jivova_20250914_122450_850_2887-400x267.webp 400w, https:\/\/d2p6e6u75xmxt8.cloudfront.net\/13\/2025\/10\/BrychtaJan_CP_Jivova_20250914_122450_850_2887-272x182.webp 272w, https:\/\/d2p6e6u75xmxt8.cloudfront.net\/13\/2025\/10\/BrychtaJan_CP_Jivova_20250914_122450_850_2887-1920x1280.webp 1920w\" sizes=\"auto, (max-width: 1920px) 100vw, 1920px\" \/><\/a><\/p>\n<h2><strong>Po jedin\u00e9m roce existence se posunete do kategorie kontinent\u00e1ln\u00edch t\u00fdm\u016f. Bude takov\u00fd posun vy\u017eadovat velkou zm\u011bnu sestavy?<\/strong><\/h2>\n<p>Jednou z podm\u00ednek z\u00edsk\u00e1n\u00ed licence je osm elitn\u00edch \u017een pod smlouvou. Rovn\u011b\u017e m\u00e1me podepsan\u00e9 \u010dty\u0159i holky v juniorsk\u00e9 kategorii do na\u0161eho development t\u00fdmu. Mo\u017en\u00e1 p\u0159ivedeme je\u0161t\u011b dal\u0161\u00ed z\u00e1vodnice. Tak\u017ee budeme m\u00edt minim\u00e1ln\u011b dvan\u00e1ct holek v prvn\u00edm a development t\u00fdmu, co\u017e si \u017e\u00e1d\u00e1 v\u011bt\u0161\u00ed ekonomick\u00e9 zaji\u0161t\u011bn\u00ed. Soub\u011b\u017en\u011b budujeme development t\u00fdm, u n\u011bho\u017e se chceme v kooperaci s reprezentac\u00ed zam\u011b\u0159it na Nations Cup, abychom juniork\u00e1m dop\u0159\u00e1li pat\u0159i\u010dn\u00fd program.<\/p>\n<h2><strong>Nebude p\u0159estup o kategorii v\u00fd\u0161e pro z\u00e1vodnice po pouh\u00e9 sezon\u011b na n\u00e1rodn\u00ed \u00farovni velk\u00fdm soustem?<\/strong><\/h2>\n<p>Iniciativa z\u00edskat kontinent\u00e1ln\u00ed licenci vze\u0161la z na\u0161\u00ed strany. Bojovali jsme s t\u00edm, \u017ee \u017eensk\u00fdch z\u00e1vod\u016f nen\u00ed tolik. A kdy\u017e VIF Cycling fungoval jako t\u00fdm s n\u00e1rodn\u00ed licenc\u00ed, tak jsme na spoust\u011b z\u00e1vod\u016f skon\u010dili na tak zvan\u00e9m waiting listu. Z\u00edsk\u00e1n\u00edm kontinent\u00e1ln\u00ed licence chceme uk\u00e1zat, jak v\u00e1\u017en\u011b na\u0161i pr\u00e1ci bereme. M\u011blo by n\u00e1m to otev\u0159\u00edt cestu do zahrani\u010d\u00ed. U\u017e nebudeme z\u00e1vodn\u00ed kalend\u00e1\u0159 stav\u011bt jenom na \u010desk\u00fdch a lok\u00e1ln\u00edch z\u00e1vodech. Budeme se dr\u00e1t mezi evropskou \u0161pi\u010dku. Pro v\u011bt\u0161inu holek to bude ob\u0159\u00ed \u0161kola. Ale nebudeme vyb\u00edrat nesmysln\u011b t\u011b\u017ek\u00e9 z\u00e1vody, kter\u00e9 by holky t\u0159eba nedokon\u010dily. Nebylo by to moc pozitivn\u00ed a mohli bychom holk\u00e1m kolo znechutit. Nic takov\u00e9ho nechceme. Budeme vyb\u00edrat z\u00e1vody, aby holky m\u011bly re\u00e1lnou \u0161anci dojet a sb\u00edrat zku\u0161enosti. Rok 2026 bude ve znamen\u00ed upevn\u011bn\u00ed pozic \u010desk\u00e9 \u017eensk\u00e9 jedni\u010dky, abychom neposlouchali, \u017ee \u0161lo o n\u00e1hodu. A sou\u010dasn\u011b p\u016fjde o sb\u00edr\u00e1n\u00ed zku\u0161enost\u00ed pro rok 2027, kdy u\u017e chceme db\u00e1t i na mezin\u00e1rodn\u00ed sc\u00e9n\u011b hodn\u011b na v\u00fdsledky a st\u00e1t se kontinent\u00e1ln\u00ed jedni\u010dkou.<\/p>\n<p><a href=\"https:\/\/d2p6e6u75xmxt8.cloudfront.net\/13\/2025\/10\/BrychtaJan_CP_Jivova_20250914_151713_850_2959-scaled.webp\"><img loading=\"lazy\" decoding=\"async\" class=\"alignnone size-extra-large wp-image-31298\" src=\"https:\/\/d2p6e6u75xmxt8.cloudfront.net\/13\/2025\/10\/BrychtaJan_CP_Jivova_20250914_151713_850_2959-1920x1280.webp\" alt=\"\" width=\"1920\" height=\"1280\" srcset=\"https:\/\/d2p6e6u75xmxt8.cloudfront.net\/13\/2025\/10\/BrychtaJan_CP_Jivova_20250914_151713_850_2959-1920x1280.webp 1920w, https:\/\/d2p6e6u75xmxt8.cloudfront.net\/13\/2025\/10\/BrychtaJan_CP_Jivova_20250914_151713_850_2959-300x200.webp 300w, https:\/\/d2p6e6u75xmxt8.cloudfront.net\/13\/2025\/10\/BrychtaJan_CP_Jivova_20250914_151713_850_2959-1024x683.webp 1024w, https:\/\/d2p6e6u75xmxt8.cloudfront.net\/13\/2025\/10\/BrychtaJan_CP_Jivova_20250914_151713_850_2959-768x512.webp 768w, https:\/\/d2p6e6u75xmxt8.cloudfront.net\/13\/2025\/10\/BrychtaJan_CP_Jivova_20250914_151713_850_2959-1536x1024.webp 1536w, https:\/\/d2p6e6u75xmxt8.cloudfront.net\/13\/2025\/10\/BrychtaJan_CP_Jivova_20250914_151713_850_2959-2048x1365.webp 2048w, https:\/\/d2p6e6u75xmxt8.cloudfront.net\/13\/2025\/10\/BrychtaJan_CP_Jivova_20250914_151713_850_2959-400x267.webp 400w, https:\/\/d2p6e6u75xmxt8.cloudfront.net\/13\/2025\/10\/BrychtaJan_CP_Jivova_20250914_151713_850_2959-272x182.webp 272w, https:\/\/d2p6e6u75xmxt8.cloudfront.net\/13\/2025\/10\/BrychtaJan_CP_Jivova_20250914_151713_850_2959-1920x1280.webp 1920w\" sizes=\"auto, (max-width: 1920px) 100vw, 1920px\" \/><\/a><\/p>\n<h2><strong>Je v tuzemsku dostatek cyklistek odpov\u00eddaj\u00edc\u00ed \u00farovn\u011b, aby VIF Cycling mohl naplnit ambice?<\/strong><\/h2>\n<p>U\u017e jsme p\u0159edstavili t\u0159i nov\u00e9 z\u00e1vodnice. Budeme m\u00edt i jednu slovenskou cyklistku. Z drtiv\u00e9 v\u011bt\u0161iny chceme sestavu obsadit \u010desk\u00fdmi a slovensk\u00fdmi z\u00e1vodnicemi. Mus\u00edme j\u00edt ale postupn\u00fdmi kroky. Chceme si holky vychovat. V\u0161echny z\u00e1vodnice podepisujeme, proto\u017ee v nich vid\u00edme potenci\u00e1l. V\u011b\u0159\u00edme, \u017ee se zku\u0161enostmi budou p\u0159ich\u00e1zet v\u00fdsledky. Pro development t\u00fdm chceme hodn\u011b kvalitn\u00ed zahrani\u010dn\u00ed program, aby holky rostly. Samoz\u0159ejm\u011b existuje riziko, \u017ee si je vyt\u00e1hnou velk\u00e9 t\u00fdmy. Ale v takov\u00e9m p\u0159\u00edpad\u011b budeme \u0161\u0165astn\u00ed. Proto\u017ee pokud budeme schopn\u00ed dod\u00e1vat z\u00e1vodnice pro nejlep\u0161\u00ed t\u00fdmy, z\u00edsk\u00e1me dobr\u00e9 jm\u00e9no. A otev\u0159e n\u00e1m to cestu na velk\u00e9 z\u00e1vody.<\/p>\n<h2><strong>Vid\u00ed <a href=\"https:\/\/www.welovecycling.com\/cs\/2023\/05\/16\/vojtech-repa-o-sokujicim-konci-kariery-kolo-mam-porad-rad-ale-nemusim-mit-na-zadech-cislo\/\">Vojt\u011bch \u0158epa<\/a> pro VIF Cycling t\u00fdm jako dosa\u017eitelnou licenci World Tour? Nebo jde v \u010desk\u00fdch podm\u00ednk\u00e1ch jen o sen?<\/strong><\/h2>\n<p>Chceme j\u00edt postupn\u00fdm kroky. Nechceme b\u00fdt \u017e\u00e1dn\u00e9 rychlokva\u0161ky. Licence World Tour je sen. Ale mysl\u00edm, \u017ee re\u00e1ln\u00fd. S VIF Cycling m\u016f\u017eeme dos\u00e1hnout n\u011b\u010deho, co se v tuzemsk\u00fdch podm\u00ednk\u00e1ch nepovedlo ani v kategorii mu\u017e\u016f. Kdysi m\u011bl v kr\u00e1tk\u00e9m \u010dasov\u00e9m \u00faseku prokontinent\u00e1ln\u00ed licenci Elkov. Mezi \u017eenami je finan\u010dn\u00ed situace odli\u0161n\u00e1. S budgetem, kter\u00fd moment\u00e1ln\u011b v mu\u017esk\u00e9m pelotonu sta\u010d\u00ed na top kontinent\u00e1ln\u00ed t\u00fdm jako t\u0159eba ATT Investments, budeme v p\u0159\u00edpad\u011b \u017een schopn\u00ed dos\u00e1hnout na prokontinent\u00e1ln\u00ed licenci. A to je rozd\u00edl, kter\u00fd n\u00e1m otv\u00edr\u00e1 dve\u0159e.<\/p>\n<figure id=\"attachment_29582\" aria-describedby=\"caption-attachment-29582\" style=\"width: 1920px\" class=\"wp-caption alignnone\"><a href=\"https:\/\/d2p6e6u75xmxt8.cloudfront.net\/13\/2025\/06\/7VAI2372-scaled.webp\"><img loading=\"lazy\" decoding=\"async\" class=\"size-extra-large wp-image-29582\" src=\"https:\/\/d2p6e6u75xmxt8.cloudfront.net\/13\/2025\/06\/7VAI2372-1920x1280.webp\" alt=\"\" width=\"1920\" height=\"1280\" srcset=\"https:\/\/d2p6e6u75xmxt8.cloudfront.net\/13\/2025\/06\/7VAI2372-1920x1280.webp 1920w, https:\/\/d2p6e6u75xmxt8.cloudfront.net\/13\/2025\/06\/7VAI2372-300x200.webp 300w, https:\/\/d2p6e6u75xmxt8.cloudfront.net\/13\/2025\/06\/7VAI2372-1024x683.webp 1024w, https:\/\/d2p6e6u75xmxt8.cloudfront.net\/13\/2025\/06\/7VAI2372-768x512.webp 768w, https:\/\/d2p6e6u75xmxt8.cloudfront.net\/13\/2025\/06\/7VAI2372-1536x1024.webp 1536w, https:\/\/d2p6e6u75xmxt8.cloudfront.net\/13\/2025\/06\/7VAI2372-2048x1366.webp 2048w, https:\/\/d2p6e6u75xmxt8.cloudfront.net\/13\/2025\/06\/7VAI2372-400x267.webp 400w, https:\/\/d2p6e6u75xmxt8.cloudfront.net\/13\/2025\/06\/7VAI2372-272x182.webp 272w, https:\/\/d2p6e6u75xmxt8.cloudfront.net\/13\/2025\/06\/7VAI2372-1920x1280.webp 1920w\" sizes=\"auto, (max-width: 1920px) 100vw, 1920px\" \/><\/a><figcaption id=\"caption-attachment-29582\" class=\"wp-caption-text\"><em>Krist\u00fdna Zemanov\u00e1 v c\u00edli L\u2019Etape 2025 na pra\u017esk\u00e9m Strahov\u011b.<\/em><\/figcaption><\/figure>\n<h2><strong>Je \u010desk\u00fd \u017eensk\u00fd cyklistick\u00fd t\u00fdm atraktivn\u00ed pro sponzory?<\/strong><\/h2>\n<p>S viz\u00ed, kterou m\u00e1me, ur\u010dit\u011b ano. Hl\u00e1s\u00ed se n\u00e1m potenci\u00e1ln\u00ed sponzo\u0159i. Sami od sebe. N\u011bkte\u0159\u00ed n\u00e1s zaregistrovali na soci\u00e1ln\u00edch s\u00edt\u00edch a cht\u011bj\u00ed podpo\u0159it. Jednoho nov\u00e9ho partnera jsme z\u00edskali na z\u00e1kladn\u011b rozhovoru v ti\u0161t\u011bn\u00fdch m\u00e9di\u00edch. M\u00e1me velkou radost, jak na\u0161e fungov\u00e1n\u00ed pozitivn\u011b rezonuje. U\u017e v pr\u016fb\u011bhu z\u00e1\u0159\u00ed jsme m\u011bli zaplacen\u00e9 soust\u0159ed\u011bn\u00ed na Mallorce v \u00favodu p\u0159\u00ed\u0161t\u00edho roku a tak\u00e9 pozn\u00e1vac\u00ed kemp v z\u00e1v\u011bru leto\u0161n\u00edho ve \u0160pindlerov\u011b Ml\u00fdn\u011b. Bez nov\u00fdch partner\u016f, kte\u0159\u00ed do t\u00fdmu vstoupili, by posun do kontinent\u00e1ln\u00ed \u00farovn\u011b byl mnohem n\u00e1ro\u010dn\u011bj\u0161\u00ed.<\/p>\n<h2><strong>Jak\u00e9 podm\u00ednky v sou\u010dasnosti holk\u00e1m garantujete?<\/strong><\/h2>\n<p>Kontinent\u00e1ln\u00ed licence si \u017e\u00e1d\u00e1 jist\u00e9 finan\u010dn\u00ed z\u00e1ruky v podob\u011b kauce, z kter\u00e9 jsou pak vypl\u00e1ceny v\u00fdplaty p\u0159i p\u0159\u00edpadn\u00e9m krachu t\u00fdmu. Nyn\u00ed jsme holk\u00e1m garantovali z mezin\u00e1rodn\u00edho pohledu standard, ov\u0161em v \u010desk\u00fdch podm\u00ednk\u00e1ch hodn\u011b nev\u0161edn\u00ed. N\u011bkter\u00e9 ze z\u00e1vodnic pak u\u017e nyn\u00ed m\u011bly na \u010desk\u00e9 pom\u011bry nadstandardn\u00ed podm\u00ednky. Holky nemusely nic dotovat. U VIF Cycling maj\u00ed v\u0161echno k dispozici zdarma. Jako v profesion\u00e1ln\u00edch t\u00fdmech. St\u00e1le je mnoho v\u011bc\u00ed, kde m\u00e1me rezervy. Posun z\u00e1vis\u00ed na vst\u0159\u00edcnosti na\u0161ich sponzor\u016f.<\/p>\n<\/div>\n","protected":false},"excerpt":{"rendered":"<p>V\u011b\u0161tili mu hv\u011bzdnou budoucnost. Let\u011bl k hv\u011bzdn\u00e9mu cyklistick\u00e9mu nebi jako kometa. A\u010d teprve p\u011btadvacetilet\u00fd, Vojt\u011bch \u0158epa na soupisce \u017e\u00e1dn\u00e9ho elitn\u00edho [&hellip;]<\/p>\n","protected":false},"author":138,"featured_media":31293,"comment_status":"open","ping_status":"open","sticky":false,"template":"","format":"standard","meta":{"footnotes":""},"categories":[10],"tags":[126,9,4108,1448,43],"global-categories":[411],"class_list":["post-31288","post","type-post","status-publish","format-standard","has-post-thumbnail","hentry","category-silnicni-cyklistika","tag-cyklistika","tag-silnicni-cyklistika","tag-vif-cycling","tag-vojtech-repa","tag-zeny","global-categories-cycling"],"yoast_head":"<!-- This site is optimized with the Yoast SEO Premium plugin v25.3 (Yoast SEO v25.9) - https:\/\/yoast.com\/wordpress\/plugins\/seo\/ -->\n<title>\u010cesk\u00fd t\u00fdm s licenc\u00ed World Tour? V\u011b\u0159\u00edm, \u017ee sen se prom\u011bn\u00ed v realitu | \u0160koda We Love Cycling - \u010cesk\u00e1 republika<\/title>\n<meta name=\"description\" content=\"V\u011b\u0161tili mu hv\u011bzdnou budoucnost. Let\u011bl k hv\u011bzdn\u00e9mu cyklistick\u00e9mu nebi jako kometa. A\u010d teprve p\u011btadvacetilet\u00fd, Vojt\u011bch \u0158epa na soupisce \u017e\u00e1dn\u00e9ho elitn\u00edho cyklistick\u00e9ho t\u00fdmu nefiguruje. Peloton v\u0161ak neopustil. V pozici sportovn\u00edho \u0159editele za sebou m\u00e1 prvn\u00ed rok u \u010desk\u00e9ho \u017eensk\u00e9ho t\u00fdmu VIF Cycling, kter\u00fd chce p\u0159ibl\u00ed\u017eit elit\u011b.\" \/>\n<meta name=\"robots\" content=\"index, follow, max-snippet:-1, max-image-preview:large, max-video-preview:-1\" \/>\n<link rel=\"canonical\" href=\"https:\/\/www.welovecycling.com\/cs\/2025\/10\/16\/cesky-tym-s-licenci-world-tour-verim-ze-sen-se-promeni-v-realitu\/\" \/>\n<meta property=\"og:locale\" content=\"cs_CZ\" \/>\n<meta property=\"og:type\" content=\"article\" \/>\n<meta property=\"og:title\" content=\"\u010cesk\u00fd t\u00fdm s licenc\u00ed World Tour? V\u011b\u0159\u00edm, \u017ee sen se prom\u011bn\u00ed v realitu\" \/>\n<meta property=\"og:description\" content=\"V\u011b\u0161tili mu hv\u011bzdnou budoucnost. Let\u011bl k hv\u011bzdn\u00e9mu cyklistick\u00e9mu nebi jako kometa. A\u010d teprve p\u011btadvacetilet\u00fd, Vojt\u011bch \u0158epa na soupisce \u017e\u00e1dn\u00e9ho elitn\u00edho cyklistick\u00e9ho t\u00fdmu nefiguruje. Peloton v\u0161ak neopustil. V pozici sportovn\u00edho \u0159editele za sebou m\u00e1 prvn\u00ed rok u \u010desk\u00e9ho \u017eensk\u00e9ho t\u00fdmu VIF Cycling, kter\u00fd chce p\u0159ibl\u00ed\u017eit elit\u011b.\" \/>\n<meta property=\"og:url\" content=\"https:\/\/www.welovecycling.com\/cs\/2025\/10\/16\/cesky-tym-s-licenci-world-tour-verim-ze-sen-se-promeni-v-realitu\/\" \/>\n<meta property=\"og:site_name\" content=\"\u0160koda We Love Cycling - \u010cesk\u00e1 republika\" \/>\n<meta property=\"article:published_time\" content=\"2025-10-16T05:00:01+00:00\" \/>\n<meta property=\"article:modified_time\" content=\"2025-10-17T18:49:35+00:00\" \/>\n<meta property=\"og:image\" content=\"https:\/\/d2p6e6u75xmxt8.cloudfront.net\/13\/2025\/10\/MND-Cup-Popelin-CSC-19.4.2025-_-\u00a9Filip-Bezdek-2025-40-scaled.webp\" \/>\n\t<meta property=\"og:image:width\" content=\"2560\" \/>\n\t<meta property=\"og:image:height\" content=\"1707\" \/>\n\t<meta property=\"og:image:type\" content=\"image\/webp\" \/>\n<meta name=\"author\" content=\"radekmalina\" \/>\n<meta name=\"twitter:card\" content=\"summary_large_image\" \/>\n<meta name=\"twitter:label1\" content=\"Written by\" \/>\n\t<meta name=\"twitter:data1\" content=\"Radek Malina\" \/>\n\t<meta name=\"twitter:label2\" content=\"Est. reading time\" \/>\n\t<meta name=\"twitter:data2\" content=\"5\" \/>\n<script type=\"application\/ld+json\" class=\"yoast-schema-graph\">{\"@context\":\"https:\/\/schema.org\",\"@graph\":[{\"@type\":\"WebPage\",\"@id\":\"https:\/\/www.welovecycling.com\/cs\/2025\/10\/16\/cesky-tym-s-licenci-world-tour-verim-ze-sen-se-promeni-v-realitu\/\",\"url\":\"https:\/\/www.welovecycling.com\/cs\/2025\/10\/16\/cesky-tym-s-licenci-world-tour-verim-ze-sen-se-promeni-v-realitu\/\",\"name\":\"\u010cesk\u00fd t\u00fdm s licenc\u00ed World Tour? V\u011b\u0159\u00edm, \u017ee sen se prom\u011bn\u00ed v realitu | \u0160koda We Love Cycling - \u010cesk\u00e1 republika\",\"isPartOf\":{\"@id\":\"https:\/\/www.welovecycling.com\/cs\/#website\"},\"primaryImageOfPage\":{\"@id\":\"https:\/\/www.welovecycling.com\/cs\/2025\/10\/16\/cesky-tym-s-licenci-world-tour-verim-ze-sen-se-promeni-v-realitu\/#primaryimage\"},\"image\":{\"@id\":\"https:\/\/www.welovecycling.com\/cs\/2025\/10\/16\/cesky-tym-s-licenci-world-tour-verim-ze-sen-se-promeni-v-realitu\/#primaryimage\"},\"thumbnailUrl\":\"https:\/\/d2p6e6u75xmxt8.cloudfront.net\/13\/2025\/10\/MND-Cup-Popelin-CSC-19.4.2025-_-\u00a9Filip-Bezdek-2025-40-scaled.webp\",\"datePublished\":\"2025-10-16T05:00:01+00:00\",\"dateModified\":\"2025-10-17T18:49:35+00:00\",\"author\":{\"@id\":\"https:\/\/www.welovecycling.com\/cs\/#\/schema\/person\/d9eeb0a378f3a7e4a6d12d2b536b04b8\"},\"description\":\"V\u011b\u0161tili mu hv\u011bzdnou budoucnost. Let\u011bl k hv\u011bzdn\u00e9mu cyklistick\u00e9mu nebi jako kometa. A\u010d teprve p\u011btadvacetilet\u00fd, Vojt\u011bch \u0158epa na soupisce \u017e\u00e1dn\u00e9ho elitn\u00edho cyklistick\u00e9ho t\u00fdmu nefiguruje. Peloton v\u0161ak neopustil. V pozici sportovn\u00edho \u0159editele za sebou m\u00e1 prvn\u00ed rok u \u010desk\u00e9ho \u017eensk\u00e9ho t\u00fdmu VIF Cycling, kter\u00fd chce p\u0159ibl\u00ed\u017eit elit\u011b.\",\"inLanguage\":\"cs\",\"potentialAction\":[{\"@type\":\"ReadAction\",\"target\":[\"https:\/\/www.welovecycling.com\/cs\/2025\/10\/16\/cesky-tym-s-licenci-world-tour-verim-ze-sen-se-promeni-v-realitu\/\"]}]},{\"@type\":\"ImageObject\",\"inLanguage\":\"cs\",\"@id\":\"https:\/\/www.welovecycling.com\/cs\/2025\/10\/16\/cesky-tym-s-licenci-world-tour-verim-ze-sen-se-promeni-v-realitu\/#primaryimage\",\"url\":\"https:\/\/d2p6e6u75xmxt8.cloudfront.net\/13\/2025\/10\/MND-Cup-Popelin-CSC-19.4.2025-_-\u00a9Filip-Bezdek-2025-40-scaled.webp\",\"contentUrl\":\"https:\/\/d2p6e6u75xmxt8.cloudfront.net\/13\/2025\/10\/MND-Cup-Popelin-CSC-19.4.2025-_-\u00a9Filip-Bezdek-2025-40-scaled.webp\",\"width\":2560,\"height\":1707,\"caption\":\"Vojt\u011bch \u0158epa je sportovn\u00edm \u0159editelem t\u00fdmu VIF Cycling\"},{\"@type\":\"WebSite\",\"@id\":\"https:\/\/www.welovecycling.com\/cs\/#website\",\"url\":\"https:\/\/www.welovecycling.com\/cs\/\",\"name\":\"\u0160koda We Love Cycling - \u010cesk\u00e1 republika\",\"description\":\"WeLoveCycling.cz je online magaz\u00edn, kter\u00fd v\u00e1m pravideln\u011b p\u0159in\u00e1\u0161\u00ed rady a tipy, zaj\u00edmav\u00e9 \u010dl\u00e1nky, videa a jedine\u010dn\u00e9 report\u00e1\u017ee ze sv\u011bta cyklistiky.\",\"potentialAction\":[{\"@type\":\"SearchAction\",\"target\":{\"@type\":\"EntryPoint\",\"urlTemplate\":\"https:\/\/www.welovecycling.com\/cs\/?s={search_term_string}\"},\"query-input\":{\"@type\":\"PropertyValueSpecification\",\"valueRequired\":true,\"valueName\":\"search_term_string\"}}],\"inLanguage\":\"cs\"},{\"@type\":\"Person\",\"@id\":\"https:\/\/www.welovecycling.com\/cs\/#\/schema\/person\/d9eeb0a378f3a7e4a6d12d2b536b04b8\",\"name\":\"radekmalina\",\"image\":{\"@type\":\"ImageObject\",\"inLanguage\":\"cs\",\"@id\":\"https:\/\/www.welovecycling.com\/cs\/#\/schema\/person\/image\/\",\"url\":\"https:\/\/secure.gravatar.com\/avatar\/66994b632cb8c39a46b9f54afa3ae07201b678d32a54275b6f1c9ffec356bfc0?s=96&d=mm&r=g\",\"contentUrl\":\"https:\/\/secure.gravatar.com\/avatar\/66994b632cb8c39a46b9f54afa3ae07201b678d32a54275b6f1c9ffec356bfc0?s=96&d=mm&r=g\",\"caption\":\"radekmalina\"},\"url\":\"https:\/\/www.welovecycling.com\/cs\/author\/radekmalina\/\"}]}<\/script>\n<!-- \/ Yoast SEO Premium plugin. -->","yoast_head_json":{"title":"\u010cesk\u00fd t\u00fdm s licenc\u00ed World Tour? V\u011b\u0159\u00edm, \u017ee sen se prom\u011bn\u00ed v realitu | \u0160koda We Love Cycling - \u010cesk\u00e1 republika","description":"V\u011b\u0161tili mu hv\u011bzdnou budoucnost. Let\u011bl k hv\u011bzdn\u00e9mu cyklistick\u00e9mu nebi jako kometa. A\u010d teprve p\u011btadvacetilet\u00fd, Vojt\u011bch \u0158epa na soupisce \u017e\u00e1dn\u00e9ho elitn\u00edho cyklistick\u00e9ho t\u00fdmu nefiguruje. Peloton v\u0161ak neopustil. V pozici sportovn\u00edho \u0159editele za sebou m\u00e1 prvn\u00ed rok u \u010desk\u00e9ho \u017eensk\u00e9ho t\u00fdmu VIF Cycling, kter\u00fd chce p\u0159ibl\u00ed\u017eit elit\u011b.","robots":{"index":"index","follow":"follow","max-snippet":"max-snippet:-1","max-image-preview":"max-image-preview:large","max-video-preview":"max-video-preview:-1"},"canonical":"https:\/\/www.welovecycling.com\/cs\/2025\/10\/16\/cesky-tym-s-licenci-world-tour-verim-ze-sen-se-promeni-v-realitu\/","og_locale":"cs_CZ","og_type":"article","og_title":"\u010cesk\u00fd t\u00fdm s licenc\u00ed World Tour? V\u011b\u0159\u00edm, \u017ee sen se prom\u011bn\u00ed v realitu","og_description":"V\u011b\u0161tili mu hv\u011bzdnou budoucnost. Let\u011bl k hv\u011bzdn\u00e9mu cyklistick\u00e9mu nebi jako kometa. A\u010d teprve p\u011btadvacetilet\u00fd, Vojt\u011bch \u0158epa na soupisce \u017e\u00e1dn\u00e9ho elitn\u00edho cyklistick\u00e9ho t\u00fdmu nefiguruje. Peloton v\u0161ak neopustil. V pozici sportovn\u00edho \u0159editele za sebou m\u00e1 prvn\u00ed rok u \u010desk\u00e9ho \u017eensk\u00e9ho t\u00fdmu VIF Cycling, kter\u00fd chce p\u0159ibl\u00ed\u017eit elit\u011b.","og_url":"https:\/\/www.welovecycling.com\/cs\/2025\/10\/16\/cesky-tym-s-licenci-world-tour-verim-ze-sen-se-promeni-v-realitu\/","og_site_name":"\u0160koda We Love Cycling - \u010cesk\u00e1 republika","article_published_time":"2025-10-16T05:00:01+00:00","article_modified_time":"2025-10-17T18:49:35+00:00","og_image":[{"width":2560,"height":1707,"url":"https:\/\/d2p6e6u75xmxt8.cloudfront.net\/13\/2025\/10\/MND-Cup-Popelin-CSC-19.4.2025-_-\u00a9Filip-Bezdek-2025-40-scaled.webp","type":"image\/webp"}],"author":"radekmalina","twitter_card":"summary_large_image","twitter_misc":{"Written by":"Radek Malina","Est. reading time":"5"},"schema":{"@context":"https:\/\/schema.org","@graph":[{"@type":"WebPage","@id":"https:\/\/www.welovecycling.com\/cs\/2025\/10\/16\/cesky-tym-s-licenci-world-tour-verim-ze-sen-se-promeni-v-realitu\/","url":"https:\/\/www.welovecycling.com\/cs\/2025\/10\/16\/cesky-tym-s-licenci-world-tour-verim-ze-sen-se-promeni-v-realitu\/","name":"\u010cesk\u00fd t\u00fdm s licenc\u00ed World Tour? V\u011b\u0159\u00edm, \u017ee sen se prom\u011bn\u00ed v realitu | \u0160koda We Love Cycling - \u010cesk\u00e1 republika","isPartOf":{"@id":"https:\/\/www.welovecycling.com\/cs\/#website"},"primaryImageOfPage":{"@id":"https:\/\/www.welovecycling.com\/cs\/2025\/10\/16\/cesky-tym-s-licenci-world-tour-verim-ze-sen-se-promeni-v-realitu\/#primaryimage"},"image":{"@id":"https:\/\/www.welovecycling.com\/cs\/2025\/10\/16\/cesky-tym-s-licenci-world-tour-verim-ze-sen-se-promeni-v-realitu\/#primaryimage"},"thumbnailUrl":"https:\/\/d2p6e6u75xmxt8.cloudfront.net\/13\/2025\/10\/MND-Cup-Popelin-CSC-19.4.2025-_-\u00a9Filip-Bezdek-2025-40-scaled.webp","datePublished":"2025-10-16T05:00:01+00:00","dateModified":"2025-10-17T18:49:35+00:00","author":{"@id":"https:\/\/www.welovecycling.com\/cs\/#\/schema\/person\/d9eeb0a378f3a7e4a6d12d2b536b04b8"},"description":"V\u011b\u0161tili mu hv\u011bzdnou budoucnost. Let\u011bl k hv\u011bzdn\u00e9mu cyklistick\u00e9mu nebi jako kometa. A\u010d teprve p\u011btadvacetilet\u00fd, Vojt\u011bch \u0158epa na soupisce \u017e\u00e1dn\u00e9ho elitn\u00edho cyklistick\u00e9ho t\u00fdmu nefiguruje. Peloton v\u0161ak neopustil. V pozici sportovn\u00edho \u0159editele za sebou m\u00e1 prvn\u00ed rok u \u010desk\u00e9ho \u017eensk\u00e9ho t\u00fdmu VIF Cycling, kter\u00fd chce p\u0159ibl\u00ed\u017eit elit\u011b.","inLanguage":"cs","potentialAction":[{"@type":"ReadAction","target":["https:\/\/www.welovecycling.com\/cs\/2025\/10\/16\/cesky-tym-s-licenci-world-tour-verim-ze-sen-se-promeni-v-realitu\/"]}]},{"@type":"ImageObject","inLanguage":"cs","@id":"https:\/\/www.welovecycling.com\/cs\/2025\/10\/16\/cesky-tym-s-licenci-world-tour-verim-ze-sen-se-promeni-v-realitu\/#primaryimage","url":"https:\/\/d2p6e6u75xmxt8.cloudfront.net\/13\/2025\/10\/MND-Cup-Popelin-CSC-19.4.2025-_-\u00a9Filip-Bezdek-2025-40-scaled.webp","contentUrl":"https:\/\/d2p6e6u75xmxt8.cloudfront.net\/13\/2025\/10\/MND-Cup-Popelin-CSC-19.4.2025-_-\u00a9Filip-Bezdek-2025-40-scaled.webp","width":2560,"height":1707,"caption":"Vojt\u011bch \u0158epa je sportovn\u00edm \u0159editelem t\u00fdmu VIF Cycling"},{"@type":"WebSite","@id":"https:\/\/www.welovecycling.com\/cs\/#website","url":"https:\/\/www.welovecycling.com\/cs\/","name":"\u0160koda We Love Cycling - \u010cesk\u00e1 republika","description":"WeLoveCycling.cz je online magaz\u00edn, kter\u00fd v\u00e1m pravideln\u011b p\u0159in\u00e1\u0161\u00ed rady a tipy, zaj\u00edmav\u00e9 \u010dl\u00e1nky, videa a jedine\u010dn\u00e9 report\u00e1\u017ee ze sv\u011bta cyklistiky.","potentialAction":[{"@type":"SearchAction","target":{"@type":"EntryPoint","urlTemplate":"https:\/\/www.welovecycling.com\/cs\/?s={search_term_string}"},"query-input":{"@type":"PropertyValueSpecification","valueRequired":true,"valueName":"search_term_string"}}],"inLanguage":"cs"},{"@type":"Person","@id":"https:\/\/www.welovecycling.com\/cs\/#\/schema\/person\/d9eeb0a378f3a7e4a6d12d2b536b04b8","name":"radekmalina","image":{"@type":"ImageObject","inLanguage":"cs","@id":"https:\/\/www.welovecycling.com\/cs\/#\/schema\/person\/image\/","url":"https:\/\/secure.gravatar.com\/avatar\/66994b632cb8c39a46b9f54afa3ae07201b678d32a54275b6f1c9ffec356bfc0?s=96&d=mm&r=g","contentUrl":"https:\/\/secure.gravatar.com\/avatar\/66994b632cb8c39a46b9f54afa3ae07201b678d32a54275b6f1c9ffec356bfc0?s=96&d=mm&r=g","caption":"radekmalina"},"url":"https:\/\/www.welovecycling.com\/cs\/author\/radekmalina\/"}]}},"_links":{"self":[{"href":"https:\/\/www.welovecycling.com\/cs\/wp-json\/wp\/v2\/posts\/31288","targetHints":{"allow":["GET"]}}],"collection":[{"href":"https:\/\/www.welovecycling.com\/cs\/wp-json\/wp\/v2\/posts"}],"about":[{"href":"https:\/\/www.welovecycling.com\/cs\/wp-json\/wp\/v2\/types\/post"}],"author":[{"embeddable":true,"href":"https:\/\/www.welovecycling.com\/cs\/wp-json\/wp\/v2\/users\/138"}],"replies":[{"embeddable":true,"href":"https:\/\/www.welovecycling.com\/cs\/wp-json\/wp\/v2\/comments?post=31288"}],"version-history":[{"count":8,"href":"https:\/\/www.welovecycling.com\/cs\/wp-json\/wp\/v2\/posts\/31288\/revisions"}],"predecessor-version":[{"id":31328,"href":"https:\/\/www.welovecycling.com\/cs\/wp-json\/wp\/v2\/posts\/31288\/revisions\/31328"}],"wp:featuredmedia":[{"embeddable":true,"href":"https:\/\/www.welovecycling.com\/cs\/wp-json\/wp\/v2\/media\/31293"}],"wp:attachment":[{"href":"https:\/\/www.welovecycling.com\/cs\/wp-json\/wp\/v2\/media?parent=31288"}],"wp:term":[{"taxonomy":"category","embeddable":true,"href":"https:\/\/www.welovecycling.com\/cs\/wp-json\/wp\/v2\/categories?post=31288"},{"taxonomy":"post_tag","embeddable":true,"href":"https:\/\/www.welovecycling.com\/cs\/wp-json\/wp\/v2\/tags?post=31288"},{"taxonomy":"global-categories","embeddable":true,"href":"https:\/\/www.welovecycling.com\/cs\/wp-json\/wp\/v2\/global-categories?post=31288"}],"curies":[{"name":"wp","href":"https:\/\/api.w.org\/{rel}","templated":true}]}}