{"id":31245,"date":"2025-10-12T08:56:37","date_gmt":"2025-10-12T06:56:37","guid":{"rendered":"https:\/\/www.welovecycling.com\/cs\/?p=31245"},"modified":"2025-10-12T08:58:20","modified_gmt":"2025-10-12T06:58:20","slug":"nejlepsi-den-na-kole-v-zivote-a-kopecky-slavila-dvakrat","status":"publish","type":"post","link":"https:\/\/www.welovecycling.com\/cs\/2025\/10\/12\/nejlepsi-den-na-kole-v-zivote-a-kopecky-slavila-dvakrat\/","title":{"rendered":"Nejlep\u0161\u00ed den na kole v \u017eivot\u011b! A Kopeck\u00fd slavila dvakr\u00e1t"},"content":{"rendered":"<p><strong>Fantastick\u00fd v\u00fdkon p\u0159edvedla Julia Kopeck\u00fd na mistrovstv\u00ed sv\u011bta v gravelu v nizozemsk\u00e9 provincii Limburg. \u010cesk\u00e1 reprezentantka vybojovala \u0161est\u00e9 m\u00edsto, co\u017e je nejlep\u0161\u00ed v\u00fdsledek n\u011bkter\u00e9ho z reprezentant\u016f v historii. Nav\u00edc pomohla k titulu st\u00e1jov\u00e9 kolegyni z t\u00fdmu SD Worx \u2013 Protime Loren\u011b Wiebesov\u00e9.<\/strong><\/p>\n<p>\u201eByl to m\u016fj nejlep\u0161\u00ed den na kole v \u017eivot\u011b,\u201c \u0159ekla \u0161\u0165astn\u00e1 Julia Kopeck\u00fd po z\u00e1vod\u011b dlouh\u00e9m 131 km s c\u00edlem v Maastrichtu.<\/p>\n<p>Jednadvacetilet\u00e1 Kopeck\u00fd, pro kterou je Nizozemsko druh\u00fdm domovem, si cel\u00fd z\u00e1vod po\u010d\u00ednala skv\u011ble. Kdy\u017e zhruba p\u011btat\u0159icet kilometr\u016f p\u0159ed c\u00edlem odjela z \u010deln\u00edho pole \u0161esti\u010dlenn\u00e1 skupina s n\u011bkter\u00fdmi favoritkami, z druh\u00e9 skupiny Julia Kopeck\u00fd s dal\u0161\u00edmi z\u00e1vodnicemi uprchlice dojely. A na \u010dele pokra\u010dovalo jeden\u00e1ct z\u00e1vodnic.<\/p>\n<figure id=\"attachment_31254\" aria-describedby=\"caption-attachment-31254\" style=\"width: 1920px\" class=\"wp-caption alignnone\"><a href=\"https:\/\/d2p6e6u75xmxt8.cloudfront.net\/13\/2025\/10\/BrychtaJan_UCI_Gravel-World_Champs_20251011_145901_DSC_6352-scaled.webp\"><img loading=\"lazy\" decoding=\"async\" class=\"size-extra-large wp-image-31254\" src=\"https:\/\/d2p6e6u75xmxt8.cloudfront.net\/13\/2025\/10\/BrychtaJan_UCI_Gravel-World_Champs_20251011_145901_DSC_6352-1920x1280.webp\" alt=\"\" width=\"1920\" height=\"1280\" srcset=\"https:\/\/d2p6e6u75xmxt8.cloudfront.net\/13\/2025\/10\/BrychtaJan_UCI_Gravel-World_Champs_20251011_145901_DSC_6352-1920x1280.webp 1920w, https:\/\/d2p6e6u75xmxt8.cloudfront.net\/13\/2025\/10\/BrychtaJan_UCI_Gravel-World_Champs_20251011_145901_DSC_6352-300x200.webp 300w, https:\/\/d2p6e6u75xmxt8.cloudfront.net\/13\/2025\/10\/BrychtaJan_UCI_Gravel-World_Champs_20251011_145901_DSC_6352-1024x683.webp 1024w, https:\/\/d2p6e6u75xmxt8.cloudfront.net\/13\/2025\/10\/BrychtaJan_UCI_Gravel-World_Champs_20251011_145901_DSC_6352-768x512.webp 768w, https:\/\/d2p6e6u75xmxt8.cloudfront.net\/13\/2025\/10\/BrychtaJan_UCI_Gravel-World_Champs_20251011_145901_DSC_6352-1536x1024.webp 1536w, https:\/\/d2p6e6u75xmxt8.cloudfront.net\/13\/2025\/10\/BrychtaJan_UCI_Gravel-World_Champs_20251011_145901_DSC_6352-2048x1366.webp 2048w, https:\/\/d2p6e6u75xmxt8.cloudfront.net\/13\/2025\/10\/BrychtaJan_UCI_Gravel-World_Champs_20251011_145901_DSC_6352-400x267.webp 400w, https:\/\/d2p6e6u75xmxt8.cloudfront.net\/13\/2025\/10\/BrychtaJan_UCI_Gravel-World_Champs_20251011_145901_DSC_6352-272x182.webp 272w, https:\/\/d2p6e6u75xmxt8.cloudfront.net\/13\/2025\/10\/BrychtaJan_UCI_Gravel-World_Champs_20251011_145901_DSC_6352-1920x1280.webp 1920w\" sizes=\"auto, (max-width: 1920px) 100vw, 1920px\" \/><\/a><figcaption id=\"caption-attachment-31254\" class=\"wp-caption-text\"><em>Julia Kopeck\u00fd v c\u00edli MS v gravelu 2025. Vybojovala nejlep\u0161\u00ed \u010desk\u00fd v\u00fdsledek a pomohla kamar\u00e1dce k titulu.<\/em><\/figcaption><\/figure>\n<p>\u201eJak odjely, tak jsem si \u0159\u00edkala, \u017ee jsem ud\u011blala chybu, proto\u017ee jsem m\u011bla fakt dobr\u00e9 nohy. Ale na\u0161t\u011bst\u00ed na\u0161e skupina nep\u0159estala jet a poda\u0159ilo se n\u00e1m dojet zp\u00e1tky dop\u0159edu. Pak p\u0159i\u0161el t\u011b\u017ek\u00fd kopec, kde jsem to n\u011bjak udr\u017eela,\u201c l\u00ed\u010dila Kopeck\u00fd.<\/p>\n<h2><strong>Kopeck\u00fd vybojovala nejlep\u0161\u00ed \u010desk\u00fd v\u00fdsledek<\/strong><\/h2>\n<p>Nakonec nastoupila nizozemsk\u00e1 z\u00e1vodnice Shirin van Anrooijov\u00e1 a dr\u017eela si n\u00e1skok kolem 15-20 vte\u0159in na skupinu s \u010deskou z\u00e1vodnic\u00ed. <a href=\"https:\/\/www.welovecycling.com\/cs\/2024\/12\/22\/julia-kopecky-a-jeji-svatky-stedy-den-v-calpe-novy-rok-se-skripty\/\">Kopeck\u00fd<\/a> t\u00e1hla skupinku p\u011bti z\u00e1vodnic asi deset kilometr\u016f, prakticky st\u00e1le se dr\u017eela na \u010dele. \u201eZeptala jsem se Loreny: vyhraje\u0161 spurt? A ona \u017ee jo. Tak jsem jela \u00fapln\u00fd \u0161rot, co to \u0161lo,\u201c \u0159\u00edkala.<\/p>\n<p>Zejm\u00e9na d\u00edky \u00fasil\u00ed \u010desk\u00e9 z\u00e1vodnice se v sam\u00e9m z\u00e1v\u011bru poda\u0159ilo skupin\u011b van Anrooijovou dojet a ve spurtu potvrdila pov\u011bst nejrychlej\u0161\u00ed \u017eeny sou\u010dasnosti Wiebesov\u00e1, kter\u00e1 udolala krajanku Marianne Vosovou a slavila 26. v\u00edt\u011bzstv\u00ed v sezon\u011b. Bronz brala Italka Persicov\u00e1.<\/p>\n<figure id=\"attachment_31253\" aria-describedby=\"caption-attachment-31253\" style=\"width: 1920px\" class=\"wp-caption alignnone\"><a href=\"https:\/\/d2p6e6u75xmxt8.cloudfront.net\/13\/2025\/10\/BrychtaJan_UCI_Gravel-World_Champs_20251011_150013_850_7496-scaled.webp\"><img loading=\"lazy\" decoding=\"async\" class=\"size-extra-large wp-image-31253\" src=\"https:\/\/d2p6e6u75xmxt8.cloudfront.net\/13\/2025\/10\/BrychtaJan_UCI_Gravel-World_Champs_20251011_150013_850_7496-1920x1280.webp\" alt=\"\" width=\"1920\" height=\"1280\" srcset=\"https:\/\/d2p6e6u75xmxt8.cloudfront.net\/13\/2025\/10\/BrychtaJan_UCI_Gravel-World_Champs_20251011_150013_850_7496-1920x1280.webp 1920w, https:\/\/d2p6e6u75xmxt8.cloudfront.net\/13\/2025\/10\/BrychtaJan_UCI_Gravel-World_Champs_20251011_150013_850_7496-300x200.webp 300w, https:\/\/d2p6e6u75xmxt8.cloudfront.net\/13\/2025\/10\/BrychtaJan_UCI_Gravel-World_Champs_20251011_150013_850_7496-1024x683.webp 1024w, https:\/\/d2p6e6u75xmxt8.cloudfront.net\/13\/2025\/10\/BrychtaJan_UCI_Gravel-World_Champs_20251011_150013_850_7496-768x512.webp 768w, https:\/\/d2p6e6u75xmxt8.cloudfront.net\/13\/2025\/10\/BrychtaJan_UCI_Gravel-World_Champs_20251011_150013_850_7496-1536x1024.webp 1536w, https:\/\/d2p6e6u75xmxt8.cloudfront.net\/13\/2025\/10\/BrychtaJan_UCI_Gravel-World_Champs_20251011_150013_850_7496-2048x1366.webp 2048w, https:\/\/d2p6e6u75xmxt8.cloudfront.net\/13\/2025\/10\/BrychtaJan_UCI_Gravel-World_Champs_20251011_150013_850_7496-400x267.webp 400w, https:\/\/d2p6e6u75xmxt8.cloudfront.net\/13\/2025\/10\/BrychtaJan_UCI_Gravel-World_Champs_20251011_150013_850_7496-272x182.webp 272w, https:\/\/d2p6e6u75xmxt8.cloudfront.net\/13\/2025\/10\/BrychtaJan_UCI_Gravel-World_Champs_20251011_150013_850_7496-1920x1280.webp 1920w\" sizes=\"auto, (max-width: 1920px) 100vw, 1920px\" \/><\/a><figcaption id=\"caption-attachment-31253\" class=\"wp-caption-text\"><em>Julia Kopeck\u00fd a Lorena Wiebesov\u00e1 v c\u00edli gravelov\u00e9ho MS 2025.<\/em><\/figcaption><\/figure>\n<p>\u201eJak holky za\u010daly spurtovat, u\u017e jsem v\u016fbec na nic nem\u011bla s\u00edlu. Ale Lorena vyhr\u00e1la, j\u00e1 skon\u010dila \u0161est\u00e1, tak\u017ee m\u016f\u017eeme b\u00fdt maxim\u00e1ln\u011b spokojen\u00e9,\u201c dodala Kopeck\u00fd, kterou hned po dojezdu nizozemsk\u00e1 mistryn\u011b sv\u011bta obj\u00edmala a d\u011bkovala j\u00ed.<\/p>\n<p><a href=\"https:\/\/d2p6e6u75xmxt8.cloudfront.net\/13\/2025\/10\/BrychtaJan_UCI_Gravel-World_Champs_20251011_150529_850_7532-scaled.webp\"><img loading=\"lazy\" decoding=\"async\" class=\"size-extra-large wp-image-31251\" src=\"https:\/\/d2p6e6u75xmxt8.cloudfront.net\/13\/2025\/10\/BrychtaJan_UCI_Gravel-World_Champs_20251011_150529_850_7532-1920x1280.webp\" alt=\"\" width=\"1920\" height=\"1280\" srcset=\"https:\/\/d2p6e6u75xmxt8.cloudfront.net\/13\/2025\/10\/BrychtaJan_UCI_Gravel-World_Champs_20251011_150529_850_7532-1920x1280.webp 1920w, https:\/\/d2p6e6u75xmxt8.cloudfront.net\/13\/2025\/10\/BrychtaJan_UCI_Gravel-World_Champs_20251011_150529_850_7532-300x200.webp 300w, https:\/\/d2p6e6u75xmxt8.cloudfront.net\/13\/2025\/10\/BrychtaJan_UCI_Gravel-World_Champs_20251011_150529_850_7532-1024x683.webp 1024w, https:\/\/d2p6e6u75xmxt8.cloudfront.net\/13\/2025\/10\/BrychtaJan_UCI_Gravel-World_Champs_20251011_150529_850_7532-768x512.webp 768w, https:\/\/d2p6e6u75xmxt8.cloudfront.net\/13\/2025\/10\/BrychtaJan_UCI_Gravel-World_Champs_20251011_150529_850_7532-1536x1024.webp 1536w, https:\/\/d2p6e6u75xmxt8.cloudfront.net\/13\/2025\/10\/BrychtaJan_UCI_Gravel-World_Champs_20251011_150529_850_7532-2048x1366.webp 2048w, https:\/\/d2p6e6u75xmxt8.cloudfront.net\/13\/2025\/10\/BrychtaJan_UCI_Gravel-World_Champs_20251011_150529_850_7532-400x267.webp 400w, https:\/\/d2p6e6u75xmxt8.cloudfront.net\/13\/2025\/10\/BrychtaJan_UCI_Gravel-World_Champs_20251011_150529_850_7532-272x182.webp 272w, https:\/\/d2p6e6u75xmxt8.cloudfront.net\/13\/2025\/10\/BrychtaJan_UCI_Gravel-World_Champs_20251011_150529_850_7532-1920x1280.webp 1920w\" sizes=\"auto, (max-width: 1920px) 100vw, 1920px\" \/><\/a><\/p>\n<p>Kopeck\u00fd se postarala o nejlep\u0161\u00ed \u010desk\u00fd v\u00fdsledek na MS v t\u00e9to discipl\u00edn\u011b, dosavadn\u00edm maximem bylo 8. m\u00edsto Zde\u0148ka \u0160tybara z roku 2022. Dok\u00e1zala vybojovat skv\u011bl\u00fd v\u00fdsledek i p\u0159es nesm\u00edrn\u011b n\u00e1ro\u010dn\u00fd program v z\u00e1v\u011bru sezony, kdy\u017e b\u011bhem necel\u00fdch t\u0159\u00ed t\u00fddn\u016f absolvovala na MS ve Rwand\u011b \u010dasovku i silni\u010dn\u00ed z\u00e1vod, minul\u00fd v\u00edkend jela z\u00e1vod s hromadn\u00fdm startem na mistrovstv\u00ed Evropy ve Francii a v te\u010f v t\u00fddnu je\u0161t\u011b jednor\u00e1zovku Binche Chimay Binche v Belgii.<\/p>\n<p><em>Foto: Jan Brychta\/\u010cesk\u00fd cyklistick\u00fd svaz (4x)<\/em><\/p>\n","protected":false},"excerpt":{"rendered":"<p>Fantastick\u00fd v\u00fdkon p\u0159edvedla Julia Kopeck\u00fd na mistrovstv\u00ed sv\u011bta v gravelu v nizozemsk\u00e9 provincii Limburg. \u010cesk\u00e1 reprezentantka vybojovala \u0161est\u00e9 m\u00edsto, co\u017e [&hellip;]<\/p>\n","protected":false},"author":138,"featured_media":31252,"comment_status":"open","ping_status":"open","sticky":false,"template":"","format":"standard","meta":{"footnotes":""},"categories":[5],"tags":[126,2001,1867,1154,4034,43],"global-categories":[411],"class_list":["post-31245","post","type-post","status-publish","format-standard","has-post-thumbnail","hentry","category-zeny","tag-cyklistika","tag-gravel","tag-julia-kopecky","tag-mistrovstvi-sveta","tag-ms-2025","tag-zeny","global-categories-cycling"],"yoast_head":"<!-- This site is optimized with the Yoast SEO Premium plugin v25.3 (Yoast SEO v25.9) - https:\/\/yoast.com\/wordpress\/plugins\/seo\/ -->\n<title>Nejlep\u0161\u00ed den na kole v \u017eivot\u011b! A Kopeck\u00fd slavila dvakr\u00e1t | \u0160koda We Love Cycling - \u010cesk\u00e1 republika<\/title>\n<meta name=\"description\" content=\"Fantastick\u00fd v\u00fdkon p\u0159edvedla Julia Kopeck\u00fd na mistrovstv\u00ed sv\u011bta v gravelu v nizozemsk\u00e9 provincii Limburg. \u010cesk\u00e1 reprezentantka vybojovala \u0161est\u00e9 m\u00edsto, co\u017e je nejlep\u0161\u00ed v\u00fdsledek n\u011bkter\u00e9ho z reprezentant\u016f v historii. Nav\u00edc pomohla k titulu st\u00e1jov\u00e9 kolegyni z t\u00fdmu SD Worx \u2013 Protime Loren\u011b Wiebesov\u00e9.\" \/>\n<meta name=\"robots\" content=\"index, follow, max-snippet:-1, max-image-preview:large, max-video-preview:-1\" \/>\n<link rel=\"canonical\" href=\"https:\/\/www.welovecycling.com\/cs\/2025\/10\/12\/nejlepsi-den-na-kole-v-zivote-a-kopecky-slavila-dvakrat\/\" \/>\n<meta property=\"og:locale\" content=\"cs_CZ\" \/>\n<meta property=\"og:type\" content=\"article\" \/>\n<meta property=\"og:title\" content=\"Nejlep\u0161\u00ed den na kole v \u017eivot\u011b! A Kopeck\u00fd slavila dvakr\u00e1t\" \/>\n<meta property=\"og:description\" content=\"Fantastick\u00fd v\u00fdkon p\u0159edvedla Julia Kopeck\u00fd na mistrovstv\u00ed sv\u011bta v gravelu v nizozemsk\u00e9 provincii Limburg. \u010cesk\u00e1 reprezentantka vybojovala \u0161est\u00e9 m\u00edsto, co\u017e je nejlep\u0161\u00ed v\u00fdsledek n\u011bkter\u00e9ho z reprezentant\u016f v historii. Nav\u00edc pomohla k titulu st\u00e1jov\u00e9 kolegyni z t\u00fdmu SD Worx \u2013 Protime Loren\u011b Wiebesov\u00e9.\" \/>\n<meta property=\"og:url\" content=\"https:\/\/www.welovecycling.com\/cs\/2025\/10\/12\/nejlepsi-den-na-kole-v-zivote-a-kopecky-slavila-dvakrat\/\" \/>\n<meta property=\"og:site_name\" content=\"\u0160koda We Love Cycling - \u010cesk\u00e1 republika\" \/>\n<meta property=\"article:published_time\" content=\"2025-10-12T06:56:37+00:00\" \/>\n<meta property=\"article:modified_time\" content=\"2025-10-12T06:58:20+00:00\" \/>\n<meta property=\"og:image\" content=\"https:\/\/d2p6e6u75xmxt8.cloudfront.net\/13\/2025\/10\/BrychtaJan_UCI_Gravel-World_Champs_20251011_150520_DSC_6451-scaled.webp\" \/>\n\t<meta property=\"og:image:width\" content=\"2560\" \/>\n\t<meta property=\"og:image:height\" content=\"1707\" \/>\n\t<meta property=\"og:image:type\" content=\"image\/webp\" \/>\n<meta name=\"author\" content=\"radekmalina\" \/>\n<meta name=\"twitter:card\" content=\"summary_large_image\" \/>\n<meta name=\"twitter:label1\" content=\"Written by\" \/>\n\t<meta name=\"twitter:data1\" content=\"We Love Cycling\" \/>\n\t<meta name=\"twitter:label2\" content=\"Est. reading time\" \/>\n\t<meta name=\"twitter:data2\" content=\"5\" \/>\n<script type=\"application\/ld+json\" class=\"yoast-schema-graph\">{\"@context\":\"https:\/\/schema.org\",\"@graph\":[{\"@type\":\"WebPage\",\"@id\":\"https:\/\/www.welovecycling.com\/cs\/2025\/10\/12\/nejlepsi-den-na-kole-v-zivote-a-kopecky-slavila-dvakrat\/\",\"url\":\"https:\/\/www.welovecycling.com\/cs\/2025\/10\/12\/nejlepsi-den-na-kole-v-zivote-a-kopecky-slavila-dvakrat\/\",\"name\":\"Nejlep\u0161\u00ed den na kole v \u017eivot\u011b! A Kopeck\u00fd slavila dvakr\u00e1t | \u0160koda We Love Cycling - \u010cesk\u00e1 republika\",\"isPartOf\":{\"@id\":\"https:\/\/www.welovecycling.com\/cs\/#website\"},\"primaryImageOfPage\":{\"@id\":\"https:\/\/www.welovecycling.com\/cs\/2025\/10\/12\/nejlepsi-den-na-kole-v-zivote-a-kopecky-slavila-dvakrat\/#primaryimage\"},\"image\":{\"@id\":\"https:\/\/www.welovecycling.com\/cs\/2025\/10\/12\/nejlepsi-den-na-kole-v-zivote-a-kopecky-slavila-dvakrat\/#primaryimage\"},\"thumbnailUrl\":\"https:\/\/d2p6e6u75xmxt8.cloudfront.net\/13\/2025\/10\/BrychtaJan_UCI_Gravel-World_Champs_20251011_150520_DSC_6451-scaled.webp\",\"datePublished\":\"2025-10-12T06:56:37+00:00\",\"dateModified\":\"2025-10-12T06:58:20+00:00\",\"author\":{\"@id\":\"https:\/\/www.welovecycling.com\/cs\/#\/schema\/person\/d9eeb0a378f3a7e4a6d12d2b536b04b8\"},\"description\":\"Fantastick\u00fd v\u00fdkon p\u0159edvedla Julia Kopeck\u00fd na mistrovstv\u00ed sv\u011bta v gravelu v nizozemsk\u00e9 provincii Limburg. \u010cesk\u00e1 reprezentantka vybojovala \u0161est\u00e9 m\u00edsto, co\u017e je nejlep\u0161\u00ed v\u00fdsledek n\u011bkter\u00e9ho z reprezentant\u016f v historii. Nav\u00edc pomohla k titulu st\u00e1jov\u00e9 kolegyni z t\u00fdmu SD Worx \u2013 Protime Loren\u011b Wiebesov\u00e9.\",\"inLanguage\":\"cs\",\"potentialAction\":[{\"@type\":\"ReadAction\",\"target\":[\"https:\/\/www.welovecycling.com\/cs\/2025\/10\/12\/nejlepsi-den-na-kole-v-zivote-a-kopecky-slavila-dvakrat\/\"]}]},{\"@type\":\"ImageObject\",\"inLanguage\":\"cs\",\"@id\":\"https:\/\/www.welovecycling.com\/cs\/2025\/10\/12\/nejlepsi-den-na-kole-v-zivote-a-kopecky-slavila-dvakrat\/#primaryimage\",\"url\":\"https:\/\/d2p6e6u75xmxt8.cloudfront.net\/13\/2025\/10\/BrychtaJan_UCI_Gravel-World_Champs_20251011_150520_DSC_6451-scaled.webp\",\"contentUrl\":\"https:\/\/d2p6e6u75xmxt8.cloudfront.net\/13\/2025\/10\/BrychtaJan_UCI_Gravel-World_Champs_20251011_150520_DSC_6451-scaled.webp\",\"width\":2560,\"height\":1707,\"caption\":\"kopeck\u00fd\"},{\"@type\":\"WebSite\",\"@id\":\"https:\/\/www.welovecycling.com\/cs\/#website\",\"url\":\"https:\/\/www.welovecycling.com\/cs\/\",\"name\":\"\u0160koda We Love Cycling - \u010cesk\u00e1 republika\",\"description\":\"WeLoveCycling.cz je online magaz\u00edn, kter\u00fd v\u00e1m pravideln\u011b p\u0159in\u00e1\u0161\u00ed rady a tipy, zaj\u00edmav\u00e9 \u010dl\u00e1nky, videa a jedine\u010dn\u00e9 report\u00e1\u017ee ze sv\u011bta cyklistiky.\",\"potentialAction\":[{\"@type\":\"SearchAction\",\"target\":{\"@type\":\"EntryPoint\",\"urlTemplate\":\"https:\/\/www.welovecycling.com\/cs\/?s={search_term_string}\"},\"query-input\":{\"@type\":\"PropertyValueSpecification\",\"valueRequired\":true,\"valueName\":\"search_term_string\"}}],\"inLanguage\":\"cs\"},{\"@type\":\"Person\",\"@id\":\"https:\/\/www.welovecycling.com\/cs\/#\/schema\/person\/d9eeb0a378f3a7e4a6d12d2b536b04b8\",\"name\":\"radekmalina\",\"image\":{\"@type\":\"ImageObject\",\"inLanguage\":\"cs\",\"@id\":\"https:\/\/www.welovecycling.com\/cs\/#\/schema\/person\/image\/\",\"url\":\"https:\/\/secure.gravatar.com\/avatar\/66994b632cb8c39a46b9f54afa3ae07201b678d32a54275b6f1c9ffec356bfc0?s=96&d=mm&r=g\",\"contentUrl\":\"https:\/\/secure.gravatar.com\/avatar\/66994b632cb8c39a46b9f54afa3ae07201b678d32a54275b6f1c9ffec356bfc0?s=96&d=mm&r=g\",\"caption\":\"radekmalina\"},\"url\":\"https:\/\/www.welovecycling.com\/cs\/author\/radekmalina\/\"}]}<\/script>\n<!-- \/ Yoast SEO Premium plugin. -->","yoast_head_json":{"title":"Nejlep\u0161\u00ed den na kole v \u017eivot\u011b! A Kopeck\u00fd slavila dvakr\u00e1t | \u0160koda We Love Cycling - \u010cesk\u00e1 republika","description":"Fantastick\u00fd v\u00fdkon p\u0159edvedla Julia Kopeck\u00fd na mistrovstv\u00ed sv\u011bta v gravelu v nizozemsk\u00e9 provincii Limburg. \u010cesk\u00e1 reprezentantka vybojovala \u0161est\u00e9 m\u00edsto, co\u017e je nejlep\u0161\u00ed v\u00fdsledek n\u011bkter\u00e9ho z reprezentant\u016f v historii. Nav\u00edc pomohla k titulu st\u00e1jov\u00e9 kolegyni z t\u00fdmu SD Worx \u2013 Protime Loren\u011b Wiebesov\u00e9.","robots":{"index":"index","follow":"follow","max-snippet":"max-snippet:-1","max-image-preview":"max-image-preview:large","max-video-preview":"max-video-preview:-1"},"canonical":"https:\/\/www.welovecycling.com\/cs\/2025\/10\/12\/nejlepsi-den-na-kole-v-zivote-a-kopecky-slavila-dvakrat\/","og_locale":"cs_CZ","og_type":"article","og_title":"Nejlep\u0161\u00ed den na kole v \u017eivot\u011b! A Kopeck\u00fd slavila dvakr\u00e1t","og_description":"Fantastick\u00fd v\u00fdkon p\u0159edvedla Julia Kopeck\u00fd na mistrovstv\u00ed sv\u011bta v gravelu v nizozemsk\u00e9 provincii Limburg. \u010cesk\u00e1 reprezentantka vybojovala \u0161est\u00e9 m\u00edsto, co\u017e je nejlep\u0161\u00ed v\u00fdsledek n\u011bkter\u00e9ho z reprezentant\u016f v historii. Nav\u00edc pomohla k titulu st\u00e1jov\u00e9 kolegyni z t\u00fdmu SD Worx \u2013 Protime Loren\u011b Wiebesov\u00e9.","og_url":"https:\/\/www.welovecycling.com\/cs\/2025\/10\/12\/nejlepsi-den-na-kole-v-zivote-a-kopecky-slavila-dvakrat\/","og_site_name":"\u0160koda We Love Cycling - \u010cesk\u00e1 republika","article_published_time":"2025-10-12T06:56:37+00:00","article_modified_time":"2025-10-12T06:58:20+00:00","og_image":[{"width":2560,"height":1707,"url":"https:\/\/d2p6e6u75xmxt8.cloudfront.net\/13\/2025\/10\/BrychtaJan_UCI_Gravel-World_Champs_20251011_150520_DSC_6451-scaled.webp","type":"image\/webp"}],"author":"radekmalina","twitter_card":"summary_large_image","twitter_misc":{"Written by":"We Love Cycling","Est. reading time":"5"},"schema":{"@context":"https:\/\/schema.org","@graph":[{"@type":"WebPage","@id":"https:\/\/www.welovecycling.com\/cs\/2025\/10\/12\/nejlepsi-den-na-kole-v-zivote-a-kopecky-slavila-dvakrat\/","url":"https:\/\/www.welovecycling.com\/cs\/2025\/10\/12\/nejlepsi-den-na-kole-v-zivote-a-kopecky-slavila-dvakrat\/","name":"Nejlep\u0161\u00ed den na kole v \u017eivot\u011b! A Kopeck\u00fd slavila dvakr\u00e1t | \u0160koda We Love Cycling - \u010cesk\u00e1 republika","isPartOf":{"@id":"https:\/\/www.welovecycling.com\/cs\/#website"},"primaryImageOfPage":{"@id":"https:\/\/www.welovecycling.com\/cs\/2025\/10\/12\/nejlepsi-den-na-kole-v-zivote-a-kopecky-slavila-dvakrat\/#primaryimage"},"image":{"@id":"https:\/\/www.welovecycling.com\/cs\/2025\/10\/12\/nejlepsi-den-na-kole-v-zivote-a-kopecky-slavila-dvakrat\/#primaryimage"},"thumbnailUrl":"https:\/\/d2p6e6u75xmxt8.cloudfront.net\/13\/2025\/10\/BrychtaJan_UCI_Gravel-World_Champs_20251011_150520_DSC_6451-scaled.webp","datePublished":"2025-10-12T06:56:37+00:00","dateModified":"2025-10-12T06:58:20+00:00","author":{"@id":"https:\/\/www.welovecycling.com\/cs\/#\/schema\/person\/d9eeb0a378f3a7e4a6d12d2b536b04b8"},"description":"Fantastick\u00fd v\u00fdkon p\u0159edvedla Julia Kopeck\u00fd na mistrovstv\u00ed sv\u011bta v gravelu v nizozemsk\u00e9 provincii Limburg. \u010cesk\u00e1 reprezentantka vybojovala \u0161est\u00e9 m\u00edsto, co\u017e je nejlep\u0161\u00ed v\u00fdsledek n\u011bkter\u00e9ho z reprezentant\u016f v historii. Nav\u00edc pomohla k titulu st\u00e1jov\u00e9 kolegyni z t\u00fdmu SD Worx \u2013 Protime Loren\u011b Wiebesov\u00e9.","inLanguage":"cs","potentialAction":[{"@type":"ReadAction","target":["https:\/\/www.welovecycling.com\/cs\/2025\/10\/12\/nejlepsi-den-na-kole-v-zivote-a-kopecky-slavila-dvakrat\/"]}]},{"@type":"ImageObject","inLanguage":"cs","@id":"https:\/\/www.welovecycling.com\/cs\/2025\/10\/12\/nejlepsi-den-na-kole-v-zivote-a-kopecky-slavila-dvakrat\/#primaryimage","url":"https:\/\/d2p6e6u75xmxt8.cloudfront.net\/13\/2025\/10\/BrychtaJan_UCI_Gravel-World_Champs_20251011_150520_DSC_6451-scaled.webp","contentUrl":"https:\/\/d2p6e6u75xmxt8.cloudfront.net\/13\/2025\/10\/BrychtaJan_UCI_Gravel-World_Champs_20251011_150520_DSC_6451-scaled.webp","width":2560,"height":1707,"caption":"kopeck\u00fd"},{"@type":"WebSite","@id":"https:\/\/www.welovecycling.com\/cs\/#website","url":"https:\/\/www.welovecycling.com\/cs\/","name":"\u0160koda We Love Cycling - \u010cesk\u00e1 republika","description":"WeLoveCycling.cz je online magaz\u00edn, kter\u00fd v\u00e1m pravideln\u011b p\u0159in\u00e1\u0161\u00ed rady a tipy, zaj\u00edmav\u00e9 \u010dl\u00e1nky, videa a jedine\u010dn\u00e9 report\u00e1\u017ee ze sv\u011bta cyklistiky.","potentialAction":[{"@type":"SearchAction","target":{"@type":"EntryPoint","urlTemplate":"https:\/\/www.welovecycling.com\/cs\/?s={search_term_string}"},"query-input":{"@type":"PropertyValueSpecification","valueRequired":true,"valueName":"search_term_string"}}],"inLanguage":"cs"},{"@type":"Person","@id":"https:\/\/www.welovecycling.com\/cs\/#\/schema\/person\/d9eeb0a378f3a7e4a6d12d2b536b04b8","name":"radekmalina","image":{"@type":"ImageObject","inLanguage":"cs","@id":"https:\/\/www.welovecycling.com\/cs\/#\/schema\/person\/image\/","url":"https:\/\/secure.gravatar.com\/avatar\/66994b632cb8c39a46b9f54afa3ae07201b678d32a54275b6f1c9ffec356bfc0?s=96&d=mm&r=g","contentUrl":"https:\/\/secure.gravatar.com\/avatar\/66994b632cb8c39a46b9f54afa3ae07201b678d32a54275b6f1c9ffec356bfc0?s=96&d=mm&r=g","caption":"radekmalina"},"url":"https:\/\/www.welovecycling.com\/cs\/author\/radekmalina\/"}]}},"_links":{"self":[{"href":"https:\/\/www.welovecycling.com\/cs\/wp-json\/wp\/v2\/posts\/31245","targetHints":{"allow":["GET"]}}],"collection":[{"href":"https:\/\/www.welovecycling.com\/cs\/wp-json\/wp\/v2\/posts"}],"about":[{"href":"https:\/\/www.welovecycling.com\/cs\/wp-json\/wp\/v2\/types\/post"}],"author":[{"embeddable":true,"href":"https:\/\/www.welovecycling.com\/cs\/wp-json\/wp\/v2\/users\/138"}],"replies":[{"embeddable":true,"href":"https:\/\/www.welovecycling.com\/cs\/wp-json\/wp\/v2\/comments?post=31245"}],"version-history":[{"count":3,"href":"https:\/\/www.welovecycling.com\/cs\/wp-json\/wp\/v2\/posts\/31245\/revisions"}],"predecessor-version":[{"id":31257,"href":"https:\/\/www.welovecycling.com\/cs\/wp-json\/wp\/v2\/posts\/31245\/revisions\/31257"}],"wp:featuredmedia":[{"embeddable":true,"href":"https:\/\/www.welovecycling.com\/cs\/wp-json\/wp\/v2\/media\/31252"}],"wp:attachment":[{"href":"https:\/\/www.welovecycling.com\/cs\/wp-json\/wp\/v2\/media?parent=31245"}],"wp:term":[{"taxonomy":"category","embeddable":true,"href":"https:\/\/www.welovecycling.com\/cs\/wp-json\/wp\/v2\/categories?post=31245"},{"taxonomy":"post_tag","embeddable":true,"href":"https:\/\/www.welovecycling.com\/cs\/wp-json\/wp\/v2\/tags?post=31245"},{"taxonomy":"global-categories","embeddable":true,"href":"https:\/\/www.welovecycling.com\/cs\/wp-json\/wp\/v2\/global-categories?post=31245"}],"curies":[{"name":"wp","href":"https:\/\/api.w.org\/{rel}","templated":true}]}}