{"id":31216,"date":"2025-10-06T20:14:55","date_gmt":"2025-10-06T18:14:55","guid":{"rendered":"https:\/\/www.welovecycling.com\/cs\/?p=31216"},"modified":"2025-10-06T20:16:50","modified_gmt":"2025-10-06T18:16:50","slug":"czech-tour-miri-do-kalendare-uci-proseries","status":"publish","type":"post","link":"https:\/\/www.welovecycling.com\/cs\/2025\/10\/06\/czech-tour-miri-do-kalendare-uci-proseries\/","title":{"rendered":"Czech Tour m\u00ed\u0159\u00ed do kalend\u00e1\u0159e UCI ProSeries!"},"content":{"rendered":"<p><strong>Etapov\u00fd cyklistick\u00fd z\u00e1vod Czech Tour se v hierarchii Mezin\u00e1rodn\u00ed cyklistick\u00e9 unie (UCI) posune o \u00farove\u0148 v\u00fd\u0161 a v roce 2026 bude figurovat v term\u00ednu 12.\u201316. srpna v kalend\u00e1\u0159i UCI ProSeries.<\/strong><\/p>\n<p>\u201ePosun Czech Tour zavr\u0161uje nesm\u00edrn\u00e9 \u00fasil\u00ed cel\u00e9ho organiza\u010dn\u00edho t\u00fdmu v uplynul\u00fdch t\u0159ech letech. A sou\u010dasn\u011b mus\u00edm p\u0159ipojit pod\u011bkov\u00e1n\u00ed v\u0161em sponzor\u016fm, bez jejich\u017e podpory by nebylo mo\u017en\u00e9 z\u00e1vod na tak vysok\u00e9 \u00farovni uspo\u0159\u00e1dat. V\u011b\u0159\u00edm, \u017ee nav\u00fd\u0161en\u00ed presti\u017ee Czech Tour bude dal\u0161\u00edm krokem k popularizaci cyklistiky v na\u0161\u00ed zemi a \u017ee p\u0159ivedeme ke sportu i v\u00edce d\u011bt\u00ed,\u201c \u0159\u00edk\u00e1 prezident z\u00e1vodu Robert Kol\u00e1\u0159.<\/p>\n<p>D\u00edky posunu do ProSeries se Czech Tour dost\u00e1v\u00e1 do rodiny z\u00e1vod\u016f, kde v pr\u016fb\u011bhu roku vyhr\u00e1vaj\u00ed ty nejv\u011bt\u0161\u00ed hv\u011bzdy sou\u010dasn\u00e9ho sv\u011btov\u00e9ho pelotonu jako nap\u0159\u00edklad Jonas Vingegaard (celkov\u00e9 v\u00edt\u011bzstv\u00ed v z\u00e1vodu Kolem Algarve), Adam Yates (Kolem Om\u00e1nu), Mads Pedersen (Kolem D\u00e1nska) \u010di Isaac Del Toro (Kolem Burgosu). Do kategorie ProSeries mj. pat\u0159\u00ed i z\u00e1vody Kolem Alp, Kolem N\u011bmecka \u010di Kolem Brit\u00e1nie.<\/p>\n<h2><strong>Czech Tour z\u00edsk\u00e1 lep\u0161\u00ed vyjedn\u00e1vac\u00ed pozici<\/strong><\/h2>\n<p>P\u0159\u00edtomnost z\u00e1vodu v kalend\u00e1\u0159i vy\u0161\u0161\u00ed kategorie p\u0159edstavuje v\u011bt\u0161\u00ed l\u00e1kadlo pro elitn\u00ed t\u00fdmy v podob\u011b lep\u0161\u00edho bodov\u00e9ho ocen\u011bn\u00ed do \u017eeb\u0159\u00ed\u010dku UCI \u2013 kl\u00ed\u010dov\u00e9ho parametru, kter\u00fd rozhoduje o byt\u00ed a nebyt\u00ed mezi t\u011bmi nejlep\u0161\u00edmi. Nap\u0159. za celkov\u00e9 v\u00edt\u011bzstv\u00ed v z\u00e1vodu kategorie 2.1 bere z\u00e1vodn\u00edk 125 bod\u016f, v kategorii 2.Pro je to rovn\u00fdch 200.<\/p>\n<figure id=\"attachment_30646\" aria-describedby=\"caption-attachment-30646\" style=\"width: 1920px\" class=\"wp-caption alignnone\"><a href=\"https:\/\/d2p6e6u75xmxt8.cloudfront.net\/13\/2025\/08\/CZECH-NTOUR1105717.webp\"><img loading=\"lazy\" decoding=\"async\" class=\"size-extra-large wp-image-30646\" src=\"https:\/\/d2p6e6u75xmxt8.cloudfront.net\/13\/2025\/08\/CZECH-NTOUR1105717-1920x1279.webp\" alt=\"\" width=\"1920\" height=\"1279\" srcset=\"https:\/\/d2p6e6u75xmxt8.cloudfront.net\/13\/2025\/08\/CZECH-NTOUR1105717-1920x1279.webp 1920w, https:\/\/d2p6e6u75xmxt8.cloudfront.net\/13\/2025\/08\/CZECH-NTOUR1105717-300x200.webp 300w, https:\/\/d2p6e6u75xmxt8.cloudfront.net\/13\/2025\/08\/CZECH-NTOUR1105717-1024x682.webp 1024w, https:\/\/d2p6e6u75xmxt8.cloudfront.net\/13\/2025\/08\/CZECH-NTOUR1105717-768x512.webp 768w, https:\/\/d2p6e6u75xmxt8.cloudfront.net\/13\/2025\/08\/CZECH-NTOUR1105717-1536x1023.webp 1536w, https:\/\/d2p6e6u75xmxt8.cloudfront.net\/13\/2025\/08\/CZECH-NTOUR1105717-400x266.webp 400w, https:\/\/d2p6e6u75xmxt8.cloudfront.net\/13\/2025\/08\/CZECH-NTOUR1105717-272x182.webp 272w, https:\/\/d2p6e6u75xmxt8.cloudfront.net\/13\/2025\/08\/CZECH-NTOUR1105717.webp 2048w, https:\/\/d2p6e6u75xmxt8.cloudfront.net\/13\/2025\/08\/CZECH-NTOUR1105717-1920x1279.webp 1920w\" sizes=\"auto, (max-width: 1920px) 100vw, 1920px\" \/><\/a><figcaption id=\"caption-attachment-30646\" class=\"wp-caption-text\"><em>Vy\u010derpan\u00fd Cian Uijtdebroeks na Pustevn\u00e1ch.\u00a0<\/em><\/figcaption><\/figure>\n<p>\u201eZ\u00e1vod kategorie ProSeries m\u00e1 p\u0159edev\u0161\u00edm sm\u011brem k t\u00fdm\u016fm z elitn\u00ed kategorie WorldTour mnohem lep\u0161\u00ed vyjedn\u00e1vac\u00ed pozici. V\u011b\u0159\u00edm, \u017ee posun n\u00e1m op\u011bt o kousek v\u00edc pootev\u0159e dve\u0159e k nejlep\u0161\u00edm t\u00fdm\u016fm a bude se n\u00e1m da\u0159it z\u00edsk\u00e1vat v\u00edc a v\u00edc jejich hv\u011bzd,\u201c potvrzuje \u0159editel Czech Tour a n\u011bkdej\u0161\u00ed profesion\u00e1ln\u00ed cyklista Leopold K\u00f6nig.<\/p>\n<p>Czech Tour zn\u00e1 i term\u00edn kon\u00e1n\u00ed 18. ro\u010dn\u00edku. Z\u00e1vod se pojede od 12. do 16. srpna a ji\u017e nyn\u00ed je jist\u00e9, \u017ee slavnostn\u00ed zah\u00e1jen\u00ed prob\u011bhne stejn\u011b jako letos v Praze. D\u00e1l peloton op\u011bt zam\u00ed\u0159\u00ed nap\u0159\u00ed\u010d \u010ceskem, konkr\u00e9tn\u00ed podobu etap po\u0159adatel\u00e9 ji\u017e nyn\u00ed aktivn\u011b vyla\u010fuj\u00ed.<\/p>\n<p>\u201eDetaily je\u0161t\u011b neprozrad\u00edm, ale op\u011bt m\u016f\u017eeme sl\u00edbit atraktivn\u00ed trasy pro jezdce i pro div\u00e1ky. Czech Tour zav\u00edt\u00e1 jak na tradi\u010dn\u00ed m\u00edsta, tak do nov\u00fdch lokalit a v\u011b\u0159\u00edm, \u017ee z\u00e1vodn\u00edci znovu pojedou ve fantastick\u00e9 div\u00e1ck\u00e9 kulise, jakou jsme t\u0159eba letos vid\u011bli v dramatick\u00e9m fin\u00e1le na Pustevn\u00e1ch,\u201c dod\u00e1v\u00e1 Leopold K\u00f6nig.<\/p>\n<p><a href=\"https:\/\/d2p6e6u75xmxt8.cloudfront.net\/13\/2025\/08\/brychtajan_czech_tour_20250814_121444_dsc_4271.webp\"><img loading=\"lazy\" decoding=\"async\" class=\"alignnone size-extra-large wp-image-30667\" src=\"https:\/\/d2p6e6u75xmxt8.cloudfront.net\/13\/2025\/08\/brychtajan_czech_tour_20250814_121444_dsc_4271-1920x1279.webp\" alt=\"\" width=\"1920\" height=\"1279\" srcset=\"https:\/\/d2p6e6u75xmxt8.cloudfront.net\/13\/2025\/08\/brychtajan_czech_tour_20250814_121444_dsc_4271-1920x1279.webp 1920w, https:\/\/d2p6e6u75xmxt8.cloudfront.net\/13\/2025\/08\/brychtajan_czech_tour_20250814_121444_dsc_4271-300x200.webp 300w, https:\/\/d2p6e6u75xmxt8.cloudfront.net\/13\/2025\/08\/brychtajan_czech_tour_20250814_121444_dsc_4271-1024x682.webp 1024w, https:\/\/d2p6e6u75xmxt8.cloudfront.net\/13\/2025\/08\/brychtajan_czech_tour_20250814_121444_dsc_4271-768x511.webp 768w, https:\/\/d2p6e6u75xmxt8.cloudfront.net\/13\/2025\/08\/brychtajan_czech_tour_20250814_121444_dsc_4271-1536x1023.webp 1536w, https:\/\/d2p6e6u75xmxt8.cloudfront.net\/13\/2025\/08\/brychtajan_czech_tour_20250814_121444_dsc_4271-400x266.webp 400w, https:\/\/d2p6e6u75xmxt8.cloudfront.net\/13\/2025\/08\/brychtajan_czech_tour_20250814_121444_dsc_4271-272x182.webp 272w, https:\/\/d2p6e6u75xmxt8.cloudfront.net\/13\/2025\/08\/brychtajan_czech_tour_20250814_121444_dsc_4271.webp 2000w, https:\/\/d2p6e6u75xmxt8.cloudfront.net\/13\/2025\/08\/brychtajan_czech_tour_20250814_121444_dsc_4271-1920x1279.webp 1920w\" sizes=\"auto, (max-width: 1920px) 100vw, 1920px\" \/><\/a><\/p>\n<p>Organiz\u00e1to\u0159i Czech Tour vn\u00edmaj\u00ed sou\u010dasn\u00fd p\u0159estup do vy\u0161\u0161\u00ed t\u0159\u00eddy UCI jako d\u00edl\u010d\u00ed \u00fasp\u011bch. Hlavn\u00edm c\u00edlem je dal\u0161\u00ed rozvoj z\u00e1vodu a aspirace na pozici v nejvy\u0161\u0161\u00ed kategorii WorldTour.<\/p>\n<p>\u201eKa\u017ed\u00fd rok se sna\u017e\u00edme zvy\u0161ovat kvalitu. V uplynul\u00fdch dvou letech b\u011b\u017eely p\u0159\u00edm\u00e9 p\u0159enosy v televizi, letos jsme se d\u00edky Eurosportu a zapojen\u00ed spole\u010dnosti A.S.O. dostali doslova na obrazovky cel\u00e9ho sv\u011bta. Za t\u0159i roky chceme po\u017e\u00e1dat o za\u0159azen\u00ed do kategorie World Tour, aby se v roce 2029 mohl konat v \u010cesk\u00e9 republice cyklistick\u00fd podnik t\u00e9 nejvy\u0161\u0161\u00ed \u00farovn\u011b,\u201c dod\u00e1v\u00e1 Robert Kol\u00e1\u0159.<\/p>\n","protected":false},"excerpt":{"rendered":"<p>Etapov\u00fd cyklistick\u00fd z\u00e1vod Czech Tour se v hierarchii Mezin\u00e1rodn\u00ed cyklistick\u00e9 unie (UCI) posune o \u00farove\u0148 v\u00fd\u0161 a v roce 2026 [&hellip;]<\/p>\n","protected":false},"author":138,"featured_media":30664,"comment_status":"open","ping_status":"open","sticky":false,"template":"","format":"standard","meta":{"footnotes":""},"categories":[10],"tags":[126,2963,9,809],"global-categories":[411],"class_list":["post-31216","post","type-post","status-publish","format-standard","has-post-thumbnail","hentry","category-silnicni-cyklistika","tag-cyklistika","tag-czech-tour","tag-silnicni-cyklistika","tag-uci-proseries","global-categories-cycling"],"yoast_head":"<!-- This site is optimized with the Yoast SEO Premium plugin v25.3 (Yoast SEO v25.9) - https:\/\/yoast.com\/wordpress\/plugins\/seo\/ -->\n<title>Czech Tour m\u00ed\u0159\u00ed do kalend\u00e1\u0159e UCI ProSeries! | \u0160koda We Love Cycling - \u010cesk\u00e1 republika<\/title>\n<meta name=\"description\" content=\"Etapov\u00fd cyklistick\u00fd z\u00e1vod Czech Tour se v hierarchii Mezin\u00e1rodn\u00ed cyklistick\u00e9 unie (UCI) posune o \u00farove\u0148 v\u00fd\u0161 a v roce 2026 bude figurovat v term\u00ednu 12.\u201316. srpna v kalend\u00e1\u0159i UCI ProSeries.\" \/>\n<meta name=\"robots\" content=\"index, follow, max-snippet:-1, max-image-preview:large, max-video-preview:-1\" \/>\n<link rel=\"canonical\" href=\"https:\/\/www.welovecycling.com\/cs\/2025\/10\/06\/czech-tour-miri-do-kalendare-uci-proseries\/\" \/>\n<meta property=\"og:locale\" content=\"cs_CZ\" \/>\n<meta property=\"og:type\" content=\"article\" \/>\n<meta property=\"og:title\" content=\"Czech Tour m\u00ed\u0159\u00ed do kalend\u00e1\u0159e UCI ProSeries!\" \/>\n<meta property=\"og:description\" content=\"Etapov\u00fd cyklistick\u00fd z\u00e1vod Czech Tour se v hierarchii Mezin\u00e1rodn\u00ed cyklistick\u00e9 unie (UCI) posune o \u00farove\u0148 v\u00fd\u0161 a v roce 2026 bude figurovat v term\u00ednu 12.\u201316. srpna v kalend\u00e1\u0159i UCI ProSeries.\" \/>\n<meta property=\"og:url\" content=\"https:\/\/www.welovecycling.com\/cs\/2025\/10\/06\/czech-tour-miri-do-kalendare-uci-proseries\/\" \/>\n<meta property=\"og:site_name\" content=\"\u0160koda We Love Cycling - \u010cesk\u00e1 republika\" \/>\n<meta property=\"article:published_time\" content=\"2025-10-06T18:14:55+00:00\" \/>\n<meta property=\"article:modified_time\" content=\"2025-10-06T18:16:50+00:00\" \/>\n<meta property=\"og:image\" content=\"https:\/\/d2p6e6u75xmxt8.cloudfront.net\/13\/2025\/08\/lw_250816_czech_tour_prostejov_cz_lq_0015.webp\" \/>\n\t<meta property=\"og:image:width\" content=\"2000\" \/>\n\t<meta property=\"og:image:height\" content=\"1332\" \/>\n\t<meta property=\"og:image:type\" content=\"image\/webp\" \/>\n<meta name=\"author\" content=\"radekmalina\" \/>\n<meta name=\"twitter:card\" content=\"summary_large_image\" \/>\n<meta name=\"twitter:label1\" content=\"Written by\" \/>\n\t<meta name=\"twitter:data1\" content=\"We Love Cycling\" \/>\n\t<meta name=\"twitter:label2\" content=\"Est. reading time\" \/>\n\t<meta name=\"twitter:data2\" content=\"5\" \/>\n<script type=\"application\/ld+json\" class=\"yoast-schema-graph\">{\"@context\":\"https:\/\/schema.org\",\"@graph\":[{\"@type\":\"WebPage\",\"@id\":\"https:\/\/www.welovecycling.com\/cs\/2025\/10\/06\/czech-tour-miri-do-kalendare-uci-proseries\/\",\"url\":\"https:\/\/www.welovecycling.com\/cs\/2025\/10\/06\/czech-tour-miri-do-kalendare-uci-proseries\/\",\"name\":\"Czech Tour m\u00ed\u0159\u00ed do kalend\u00e1\u0159e UCI ProSeries! | \u0160koda We Love Cycling - \u010cesk\u00e1 republika\",\"isPartOf\":{\"@id\":\"https:\/\/www.welovecycling.com\/cs\/#website\"},\"primaryImageOfPage\":{\"@id\":\"https:\/\/www.welovecycling.com\/cs\/2025\/10\/06\/czech-tour-miri-do-kalendare-uci-proseries\/#primaryimage\"},\"image\":{\"@id\":\"https:\/\/www.welovecycling.com\/cs\/2025\/10\/06\/czech-tour-miri-do-kalendare-uci-proseries\/#primaryimage\"},\"thumbnailUrl\":\"https:\/\/d2p6e6u75xmxt8.cloudfront.net\/13\/2025\/08\/lw_250816_czech_tour_prostejov_cz_lq_0015.webp\",\"datePublished\":\"2025-10-06T18:14:55+00:00\",\"dateModified\":\"2025-10-06T18:16:50+00:00\",\"author\":{\"@id\":\"https:\/\/www.welovecycling.com\/cs\/#\/schema\/person\/d9eeb0a378f3a7e4a6d12d2b536b04b8\"},\"description\":\"Etapov\u00fd cyklistick\u00fd z\u00e1vod Czech Tour se v hierarchii Mezin\u00e1rodn\u00ed cyklistick\u00e9 unie (UCI) posune o \u00farove\u0148 v\u00fd\u0161 a v roce 2026 bude figurovat v term\u00ednu 12.\u201316. srpna v kalend\u00e1\u0159i UCI ProSeries.\",\"inLanguage\":\"cs\",\"potentialAction\":[{\"@type\":\"ReadAction\",\"target\":[\"https:\/\/www.welovecycling.com\/cs\/2025\/10\/06\/czech-tour-miri-do-kalendare-uci-proseries\/\"]}]},{\"@type\":\"ImageObject\",\"inLanguage\":\"cs\",\"@id\":\"https:\/\/www.welovecycling.com\/cs\/2025\/10\/06\/czech-tour-miri-do-kalendare-uci-proseries\/#primaryimage\",\"url\":\"https:\/\/d2p6e6u75xmxt8.cloudfront.net\/13\/2025\/08\/lw_250816_czech_tour_prostejov_cz_lq_0015.webp\",\"contentUrl\":\"https:\/\/d2p6e6u75xmxt8.cloudfront.net\/13\/2025\/08\/lw_250816_czech_tour_prostejov_cz_lq_0015.webp\",\"width\":2000,\"height\":1332,\"caption\":\"Czech Tour Junior Lecerf Leopold K\u00f6nig\"},{\"@type\":\"WebSite\",\"@id\":\"https:\/\/www.welovecycling.com\/cs\/#website\",\"url\":\"https:\/\/www.welovecycling.com\/cs\/\",\"name\":\"\u0160koda We Love Cycling - \u010cesk\u00e1 republika\",\"description\":\"WeLoveCycling.cz je online magaz\u00edn, kter\u00fd v\u00e1m pravideln\u011b p\u0159in\u00e1\u0161\u00ed rady a tipy, zaj\u00edmav\u00e9 \u010dl\u00e1nky, videa a jedine\u010dn\u00e9 report\u00e1\u017ee ze sv\u011bta cyklistiky.\",\"potentialAction\":[{\"@type\":\"SearchAction\",\"target\":{\"@type\":\"EntryPoint\",\"urlTemplate\":\"https:\/\/www.welovecycling.com\/cs\/?s={search_term_string}\"},\"query-input\":{\"@type\":\"PropertyValueSpecification\",\"valueRequired\":true,\"valueName\":\"search_term_string\"}}],\"inLanguage\":\"cs\"},{\"@type\":\"Person\",\"@id\":\"https:\/\/www.welovecycling.com\/cs\/#\/schema\/person\/d9eeb0a378f3a7e4a6d12d2b536b04b8\",\"name\":\"radekmalina\",\"image\":{\"@type\":\"ImageObject\",\"inLanguage\":\"cs\",\"@id\":\"https:\/\/www.welovecycling.com\/cs\/#\/schema\/person\/image\/\",\"url\":\"https:\/\/secure.gravatar.com\/avatar\/66994b632cb8c39a46b9f54afa3ae07201b678d32a54275b6f1c9ffec356bfc0?s=96&d=mm&r=g\",\"contentUrl\":\"https:\/\/secure.gravatar.com\/avatar\/66994b632cb8c39a46b9f54afa3ae07201b678d32a54275b6f1c9ffec356bfc0?s=96&d=mm&r=g\",\"caption\":\"radekmalina\"},\"url\":\"https:\/\/www.welovecycling.com\/cs\/author\/radekmalina\/\"}]}<\/script>\n<!-- \/ Yoast SEO Premium plugin. -->","yoast_head_json":{"title":"Czech Tour m\u00ed\u0159\u00ed do kalend\u00e1\u0159e UCI ProSeries! | \u0160koda We Love Cycling - \u010cesk\u00e1 republika","description":"Etapov\u00fd cyklistick\u00fd z\u00e1vod Czech Tour se v hierarchii Mezin\u00e1rodn\u00ed cyklistick\u00e9 unie (UCI) posune o \u00farove\u0148 v\u00fd\u0161 a v roce 2026 bude figurovat v term\u00ednu 12.\u201316. srpna v kalend\u00e1\u0159i UCI ProSeries.","robots":{"index":"index","follow":"follow","max-snippet":"max-snippet:-1","max-image-preview":"max-image-preview:large","max-video-preview":"max-video-preview:-1"},"canonical":"https:\/\/www.welovecycling.com\/cs\/2025\/10\/06\/czech-tour-miri-do-kalendare-uci-proseries\/","og_locale":"cs_CZ","og_type":"article","og_title":"Czech Tour m\u00ed\u0159\u00ed do kalend\u00e1\u0159e UCI ProSeries!","og_description":"Etapov\u00fd cyklistick\u00fd z\u00e1vod Czech Tour se v hierarchii Mezin\u00e1rodn\u00ed cyklistick\u00e9 unie (UCI) posune o \u00farove\u0148 v\u00fd\u0161 a v roce 2026 bude figurovat v term\u00ednu 12.\u201316. srpna v kalend\u00e1\u0159i UCI ProSeries.","og_url":"https:\/\/www.welovecycling.com\/cs\/2025\/10\/06\/czech-tour-miri-do-kalendare-uci-proseries\/","og_site_name":"\u0160koda We Love Cycling - \u010cesk\u00e1 republika","article_published_time":"2025-10-06T18:14:55+00:00","article_modified_time":"2025-10-06T18:16:50+00:00","og_image":[{"width":2000,"height":1332,"url":"https:\/\/d2p6e6u75xmxt8.cloudfront.net\/13\/2025\/08\/lw_250816_czech_tour_prostejov_cz_lq_0015.webp","type":"image\/webp"}],"author":"radekmalina","twitter_card":"summary_large_image","twitter_misc":{"Written by":"We Love Cycling","Est. reading time":"5"},"schema":{"@context":"https:\/\/schema.org","@graph":[{"@type":"WebPage","@id":"https:\/\/www.welovecycling.com\/cs\/2025\/10\/06\/czech-tour-miri-do-kalendare-uci-proseries\/","url":"https:\/\/www.welovecycling.com\/cs\/2025\/10\/06\/czech-tour-miri-do-kalendare-uci-proseries\/","name":"Czech Tour m\u00ed\u0159\u00ed do kalend\u00e1\u0159e UCI ProSeries! | \u0160koda We Love Cycling - \u010cesk\u00e1 republika","isPartOf":{"@id":"https:\/\/www.welovecycling.com\/cs\/#website"},"primaryImageOfPage":{"@id":"https:\/\/www.welovecycling.com\/cs\/2025\/10\/06\/czech-tour-miri-do-kalendare-uci-proseries\/#primaryimage"},"image":{"@id":"https:\/\/www.welovecycling.com\/cs\/2025\/10\/06\/czech-tour-miri-do-kalendare-uci-proseries\/#primaryimage"},"thumbnailUrl":"https:\/\/d2p6e6u75xmxt8.cloudfront.net\/13\/2025\/08\/lw_250816_czech_tour_prostejov_cz_lq_0015.webp","datePublished":"2025-10-06T18:14:55+00:00","dateModified":"2025-10-06T18:16:50+00:00","author":{"@id":"https:\/\/www.welovecycling.com\/cs\/#\/schema\/person\/d9eeb0a378f3a7e4a6d12d2b536b04b8"},"description":"Etapov\u00fd cyklistick\u00fd z\u00e1vod Czech Tour se v hierarchii Mezin\u00e1rodn\u00ed cyklistick\u00e9 unie (UCI) posune o \u00farove\u0148 v\u00fd\u0161 a v roce 2026 bude figurovat v term\u00ednu 12.\u201316. srpna v kalend\u00e1\u0159i UCI ProSeries.","inLanguage":"cs","potentialAction":[{"@type":"ReadAction","target":["https:\/\/www.welovecycling.com\/cs\/2025\/10\/06\/czech-tour-miri-do-kalendare-uci-proseries\/"]}]},{"@type":"ImageObject","inLanguage":"cs","@id":"https:\/\/www.welovecycling.com\/cs\/2025\/10\/06\/czech-tour-miri-do-kalendare-uci-proseries\/#primaryimage","url":"https:\/\/d2p6e6u75xmxt8.cloudfront.net\/13\/2025\/08\/lw_250816_czech_tour_prostejov_cz_lq_0015.webp","contentUrl":"https:\/\/d2p6e6u75xmxt8.cloudfront.net\/13\/2025\/08\/lw_250816_czech_tour_prostejov_cz_lq_0015.webp","width":2000,"height":1332,"caption":"Czech Tour Junior Lecerf Leopold K\u00f6nig"},{"@type":"WebSite","@id":"https:\/\/www.welovecycling.com\/cs\/#website","url":"https:\/\/www.welovecycling.com\/cs\/","name":"\u0160koda We Love Cycling - \u010cesk\u00e1 republika","description":"WeLoveCycling.cz je online magaz\u00edn, kter\u00fd v\u00e1m pravideln\u011b p\u0159in\u00e1\u0161\u00ed rady a tipy, zaj\u00edmav\u00e9 \u010dl\u00e1nky, videa a jedine\u010dn\u00e9 report\u00e1\u017ee ze sv\u011bta cyklistiky.","potentialAction":[{"@type":"SearchAction","target":{"@type":"EntryPoint","urlTemplate":"https:\/\/www.welovecycling.com\/cs\/?s={search_term_string}"},"query-input":{"@type":"PropertyValueSpecification","valueRequired":true,"valueName":"search_term_string"}}],"inLanguage":"cs"},{"@type":"Person","@id":"https:\/\/www.welovecycling.com\/cs\/#\/schema\/person\/d9eeb0a378f3a7e4a6d12d2b536b04b8","name":"radekmalina","image":{"@type":"ImageObject","inLanguage":"cs","@id":"https:\/\/www.welovecycling.com\/cs\/#\/schema\/person\/image\/","url":"https:\/\/secure.gravatar.com\/avatar\/66994b632cb8c39a46b9f54afa3ae07201b678d32a54275b6f1c9ffec356bfc0?s=96&d=mm&r=g","contentUrl":"https:\/\/secure.gravatar.com\/avatar\/66994b632cb8c39a46b9f54afa3ae07201b678d32a54275b6f1c9ffec356bfc0?s=96&d=mm&r=g","caption":"radekmalina"},"url":"https:\/\/www.welovecycling.com\/cs\/author\/radekmalina\/"}]}},"_links":{"self":[{"href":"https:\/\/www.welovecycling.com\/cs\/wp-json\/wp\/v2\/posts\/31216","targetHints":{"allow":["GET"]}}],"collection":[{"href":"https:\/\/www.welovecycling.com\/cs\/wp-json\/wp\/v2\/posts"}],"about":[{"href":"https:\/\/www.welovecycling.com\/cs\/wp-json\/wp\/v2\/types\/post"}],"author":[{"embeddable":true,"href":"https:\/\/www.welovecycling.com\/cs\/wp-json\/wp\/v2\/users\/138"}],"replies":[{"embeddable":true,"href":"https:\/\/www.welovecycling.com\/cs\/wp-json\/wp\/v2\/comments?post=31216"}],"version-history":[{"count":2,"href":"https:\/\/www.welovecycling.com\/cs\/wp-json\/wp\/v2\/posts\/31216\/revisions"}],"predecessor-version":[{"id":31218,"href":"https:\/\/www.welovecycling.com\/cs\/wp-json\/wp\/v2\/posts\/31216\/revisions\/31218"}],"wp:featuredmedia":[{"embeddable":true,"href":"https:\/\/www.welovecycling.com\/cs\/wp-json\/wp\/v2\/media\/30664"}],"wp:attachment":[{"href":"https:\/\/www.welovecycling.com\/cs\/wp-json\/wp\/v2\/media?parent=31216"}],"wp:term":[{"taxonomy":"category","embeddable":true,"href":"https:\/\/www.welovecycling.com\/cs\/wp-json\/wp\/v2\/categories?post=31216"},{"taxonomy":"post_tag","embeddable":true,"href":"https:\/\/www.welovecycling.com\/cs\/wp-json\/wp\/v2\/tags?post=31216"},{"taxonomy":"global-categories","embeddable":true,"href":"https:\/\/www.welovecycling.com\/cs\/wp-json\/wp\/v2\/global-categories?post=31216"}],"curies":[{"name":"wp","href":"https:\/\/api.w.org\/{rel}","templated":true}]}}