{"id":31200,"date":"2025-10-03T13:00:06","date_gmt":"2025-10-03T11:00:06","guid":{"rendered":"https:\/\/www.welovecycling.com\/cs\/?p=31200"},"modified":"2025-10-03T15:11:26","modified_gmt":"2025-10-03T13:11:26","slug":"vingegaard-nevi-jak-vyhrat-jednodenni-zavod","status":"publish","type":"post","link":"https:\/\/www.welovecycling.com\/cs\/2025\/10\/03\/vingegaard-nevi-jak-vyhrat-jednodenni-zavod\/","title":{"rendered":"Vingegaard nev\u00ed, jak vyhr\u00e1t jednodenn\u00ed z\u00e1vod"},"content":{"rendered":"<p><strong>Je nezpochybniteln\u00fdm \u0161ampionem. Vyhr\u00e1l dv\u011b Tour de France, ovl\u00e1dl \u0161pan\u011blskou Vueltu, py\u0161n\u00ed se celkov\u00fdmi triumfy ze sedmi men\u0161\u00edch etapov\u00fdch z\u00e1vod\u016f. Jonas Vingegaard v\u0161ak nikdy nevyhr\u00e1l \u017e\u00e1dn\u00fd presti\u017en\u00ed jednodenn\u00ed z\u00e1vod, dokonce p\u0159i n\u011bm nebyl ani na stupn\u00edch v\u00edt\u011bz\u016f. Nikdy nejel mistrovstv\u00ed sv\u011bta ani mistrovstv\u00ed Evropy. Kontinent\u00e1ln\u00ed \u0161ampion\u00e1t ve Francii druhou \u0159\u00edjnovou ned\u011bli bude jeho premi\u00e9rou.<\/strong><\/p>\n<p>&#8222;Nikdy jsem nena\u0161el spr\u00e1vn\u00fd p\u0159\u00edstup k jednodenn\u00edm z\u00e1vod\u016f. Prost\u011b nev\u00edm, jak v nich b\u00fdt dobr\u00fd,&#8220; p\u0159izn\u00e1v\u00e1 Jonas Vingegaard, d\u00e1nsk\u00fd reprezentant a cyklista formace Visma Lease a Bike. &#8222;Vlastn\u011b nev\u00edm, jak nejl\u00e9pe na takov\u00fd z\u00e1vod tr\u00e9novat. N\u011bkdo den p\u0159ed jednor\u00e1zovkou sedne na kolo a jede t\u0159i hodiny, jako kdyby absolvoval z\u00e1vod. Mo\u017en\u00e1 to zkus\u00edm,&#8220; prohl\u00e1sil Jonas Vingegaard.<\/p>\n<h2><strong>Vingegaard pojede poprv\u00e9 mistrovstv\u00ed Evropy<\/strong><\/h2>\n<p>Jen \u0161estkr\u00e1t jel n\u011bkter\u00fd z Monument\u016f. V\u0161echny starty se p\u0159itom odehr\u00e1ly v letech 2020 a\u017e 2022. T\u0159ikr\u00e1t absolvoval Lutych-Bastogne-Lutych, t\u0159ikr\u00e1t Kolem Lombardie. Nikdy se nedostal mezi nejlep\u0161\u00edch deset. Nejlep\u0161\u00edmi v\u00fdsledky jsou \u010dtrn\u00e1ct\u00e9 a \u0161estn\u00e1ct\u00e9 m\u00edsto z Lombardie v letech 2021, respektive 2022.<\/p>\n<p>Jedin\u00fd triumf z jednodenn\u00edho z\u00e1vodu slavil p\u0159i Dr\u00f4me Classic v \u00fanoru 2022. Shodou okolnost\u00ed v lokalit\u011b, kde se jede mistrovstv\u00ed Evropy.<\/p>\n<figure id=\"attachment_29870\" aria-describedby=\"caption-attachment-29870\" style=\"width: 1920px\" class=\"wp-caption alignnone\"><a href=\"https:\/\/d2p6e6u75xmxt8.cloudfront.net\/13\/2025\/07\/20250705TDF1060-scaled.webp\"><img loading=\"lazy\" decoding=\"async\" class=\"size-extra-large wp-image-29870\" src=\"https:\/\/d2p6e6u75xmxt8.cloudfront.net\/13\/2025\/07\/20250705TDF1060-1920x1280.webp\" alt=\"\" width=\"1920\" height=\"1280\" srcset=\"https:\/\/d2p6e6u75xmxt8.cloudfront.net\/13\/2025\/07\/20250705TDF1060-1920x1280.webp 1920w, https:\/\/d2p6e6u75xmxt8.cloudfront.net\/13\/2025\/07\/20250705TDF1060-300x200.webp 300w, https:\/\/d2p6e6u75xmxt8.cloudfront.net\/13\/2025\/07\/20250705TDF1060-1024x683.webp 1024w, https:\/\/d2p6e6u75xmxt8.cloudfront.net\/13\/2025\/07\/20250705TDF1060-768x512.webp 768w, https:\/\/d2p6e6u75xmxt8.cloudfront.net\/13\/2025\/07\/20250705TDF1060-1536x1024.webp 1536w, https:\/\/d2p6e6u75xmxt8.cloudfront.net\/13\/2025\/07\/20250705TDF1060-2048x1365.webp 2048w, https:\/\/d2p6e6u75xmxt8.cloudfront.net\/13\/2025\/07\/20250705TDF1060-400x267.webp 400w, https:\/\/d2p6e6u75xmxt8.cloudfront.net\/13\/2025\/07\/20250705TDF1060-272x182.webp 272w, https:\/\/d2p6e6u75xmxt8.cloudfront.net\/13\/2025\/07\/20250705TDF1060-1920x1280.webp 1920w\" sizes=\"auto, (max-width: 1920px) 100vw, 1920px\" \/><\/a><figcaption id=\"caption-attachment-29870\" class=\"wp-caption-text\"><em>\u00a0Jonas Vingegaard si v porovn\u00e1n\u00ed s Tadejem Poga\u010darem p\u0159i v\u00fd\u010dtu \u00fasp\u011bchu z jednodenn\u00edch z\u00e1vod\u016f mus\u00ed p\u0159ipadat jako skute\u010dn\u00fd chu\u010fas. Foto: A.S.O.\/Charly Lopez<\/em><\/figcaption><\/figure>\n<p>Prost\u011b prav\u00fd opak dvou nejv\u011bt\u0161\u00edch rival\u016f Tadeje Poga\u010dara, Slovince z UAE Emirates, a Remco Evenepoela, Belgi\u010dana ze Soudal Quick Step. Slovinec vyhr\u00e1l dvakr\u00e1t mistrovstv\u00ed sv\u011bta, \u010dty\u0159ikr\u00e1t Kolem Lombaride, t\u0159ikr\u00e1t Lutych-Bastogne-Lutych, dvakr\u00e1t Kolem Flander a opakovan\u011b jednor\u00e1zovky Strade Bianche \u010di Valonsk\u00fd \u0161\u00edp. Belgi\u010dan slavil dvakr\u00e1t prvenstv\u00ed p\u0159i Lutych-Bastogne-Lutych, vyhr\u00e1l olympijsk\u00e9 hry i titul mistra sv\u011bta v hromadn\u00e9m z\u00e1vod\u011b i v \u010dasovce, t\u0159ikr\u00e1t ovl\u00e1dl presti\u017en\u00ed jednor\u00e1zovku San Sebastian.<\/p>\n<div class=\"shortcode-ys-post-pinup\"><article class=\"loop-simple post-31144 post type-post status-publish format-standard has-post-thumbnail hentry category-silnicni-cyklistika tag-cyklistika tag-mistrovstvi-sveta tag-ms-2025 tag-ms-kigali tag-remco-evenepoel tag-silnicni-cyklistika tag-tadej-pogacar tag-zdenek-stybar global-categories-cycling\" data-postid=\"31144\" role=\"article\" data-post-id=\"31144\" data-word-count=\"658\" data-headline-length=\"49\" data-category=\"Silni\u010dn\u00ed cyklistika\" data-global-category=\"Cycling\" data-author=\"We Love Cycling\" data-published=\"2025-09-29T05:30:28+02:00\" data-published-day=\"Monday\">\n    <div class=\"entry-thumbnail article-thumbnail\" content=\"https:\/\/d2p6e6u75xmxt8.cloudfront.net\/13\/2024\/07\/1800-x-1200-velky-150x150.webp\"><a href=\"https:\/\/www.welovecycling.com\/cs\/2025\/09\/29\/s-vysilackami-by-se-ve-rwande-jel-jiny-zavod\/\" class=\"image-holder\" target=\"_self\"><img decoding=\"async\" loading=\"lazy\" class=\"\" src=\"https:\/\/d2p6e6u75xmxt8.cloudfront.net\/13\/2024\/07\/1800-x-1200-velky-1024x683.webp\" srcset=\"https:\/\/d2p6e6u75xmxt8.cloudfront.net\/13\/2024\/07\/1800-x-1200-velky.webp 1800w, https:\/\/d2p6e6u75xmxt8.cloudfront.net\/13\/2024\/07\/1800-x-1200-velky-300x200.webp 300w, https:\/\/d2p6e6u75xmxt8.cloudfront.net\/13\/2024\/07\/1800-x-1200-velky-1024x683.webp 1024w, https:\/\/d2p6e6u75xmxt8.cloudfront.net\/13\/2024\/07\/1800-x-1200-velky-768x512.webp 768w, https:\/\/d2p6e6u75xmxt8.cloudfront.net\/13\/2024\/07\/1800-x-1200-velky-1536x1024.webp 1536w, https:\/\/d2p6e6u75xmxt8.cloudfront.net\/13\/2024\/07\/1800-x-1200-velky-400x267.webp 400w, https:\/\/d2p6e6u75xmxt8.cloudfront.net\/13\/2024\/07\/1800-x-1200-velky-272x182.webp 272w\" width=\"1024\" height=\"683\" sizes=\"auto, (min-width: 1200px) 300px, (min-width: 768px) 25vw, 100vw\" alt=\"s-vysilackami-by-se-ve-rwande-jel-jiny-zavod\"\/><\/a><\/div>    <div class=\"entry-meta\">\n        <a class=\"label label-secondary post-category\" href=\"https:\/\/www.welovecycling.com\/cs\/category\/silnicni-cyklistika\/\" title=\"Silni\u010dn\u00ed cyklistika\">Silni\u010dn\u00ed cyklistika<\/a>\n    <\/div>\n    <div class=\"entry-details\">\n        <a href=\"https:\/\/www.welovecycling.com\/cs\/2025\/09\/29\/s-vysilackami-by-se-ve-rwande-jel-jiny-zavod\/\" class='entry-title-wrapper'>\n            <h3 class=\"entry-title\"><span>S vys\u00edla\u010dkami by se ve Rwand\u011b jel jin\u00fd z\u00e1vod<\/span><\/h3>\n        <\/a>\n    <\/div>\n    <\/article>\n<\/div>\n<p>Jonas Vingegaard nikdy nevyhr\u00e1l d\u00e1nsk\u00fd \u0161ampion\u00e1t. Nikdy nejel mistrovstv\u00ed Evropy, nikdy nestartoval na mistrovstv\u00ed sv\u011bta mezi elitou. Pouze v sezon\u011b 2018 absolvoval bitvu o duhov\u00fd trikot pro z\u00e1vodn\u00edky do 23 let a dojel osma\u0161edes\u00e1t\u00fd.<\/p>\n<h2><strong>3401 v\u00fd\u0161kov\u00fdch metr\u016f a dv\u011b n\u00e1ro\u010dn\u00e1 stoup\u00e1n\u00ed<\/strong><\/h2>\n<p>Za deset let kari\u00e9ry absolvoval jen 25 jednodenn\u00edch z\u00e1vod\u016f. Ano, mistrovstv\u00ed Evropy ve Francii bude teprve \u0161estadvac\u00e1t\u00fdm p\u0159edstaven\u00edm Jonase Vingegaarda v z\u00e1vod\u011b odehr\u00e1vaj\u00edc\u00edm se v jedin\u00e9m dni. Naproti tomu Tadej Poga\u010dar absolvoval 84 jednodenn\u00edch z\u00e1vod\u016f, Remco Evenepoel 61.<\/p>\n<figure id=\"attachment_31015\" aria-describedby=\"caption-attachment-31015\" style=\"width: 1920px\" class=\"wp-caption alignnone\"><a href=\"https:\/\/d2p6e6u75xmxt8.cloudfront.net\/13\/2025\/09\/20250914LV1029-scaled.webp\"><img loading=\"lazy\" decoding=\"async\" class=\"size-extra-large wp-image-31015\" src=\"https:\/\/d2p6e6u75xmxt8.cloudfront.net\/13\/2025\/09\/20250914LV1029-1920x1280.webp\" alt=\"\" width=\"1920\" height=\"1280\" srcset=\"https:\/\/d2p6e6u75xmxt8.cloudfront.net\/13\/2025\/09\/20250914LV1029-1920x1280.webp 1920w, https:\/\/d2p6e6u75xmxt8.cloudfront.net\/13\/2025\/09\/20250914LV1029-300x200.webp 300w, https:\/\/d2p6e6u75xmxt8.cloudfront.net\/13\/2025\/09\/20250914LV1029-1024x683.webp 1024w, https:\/\/d2p6e6u75xmxt8.cloudfront.net\/13\/2025\/09\/20250914LV1029-768x512.webp 768w, https:\/\/d2p6e6u75xmxt8.cloudfront.net\/13\/2025\/09\/20250914LV1029-1536x1024.webp 1536w, https:\/\/d2p6e6u75xmxt8.cloudfront.net\/13\/2025\/09\/20250914LV1029-2048x1365.webp 2048w, https:\/\/d2p6e6u75xmxt8.cloudfront.net\/13\/2025\/09\/20250914LV1029-400x267.webp 400w, https:\/\/d2p6e6u75xmxt8.cloudfront.net\/13\/2025\/09\/20250914LV1029-272x182.webp 272w, https:\/\/d2p6e6u75xmxt8.cloudfront.net\/13\/2025\/09\/20250914LV1029-1920x1280.webp 1920w\" sizes=\"auto, (max-width: 1920px) 100vw, 1920px\" \/><\/a><figcaption id=\"caption-attachment-31015\" class=\"wp-caption-text\"><em>Jonas Vingegaard vyhr\u00e1l Vueltu, ale n\u00e1sledn\u011b p\u0159es m\u011bs\u00edc neabsolvoval \u017e\u00e1dn\u00fd z\u00e1vod. Foto: A.S.O.\/Unipublic (3x)<\/em><\/figcaption><\/figure>\n<p>Na leto\u0161n\u00ed Tour de France v\u0161ak p\u0159i m\u011b\u0159en\u00edch s Poga\u010darem i Evenepoelem uk\u00e1zal, \u017ee je explozivn\u011bj\u0161\u00ed a agresivn\u011bj\u0161\u00ed ne\u017e v minulosti. Trasa mistrovstv\u00ed Evropy zahrnuje dv\u011b n\u00e1ro\u010dn\u00e1 stoup\u00e1n\u00ed. Na 202 kilometrech mus\u00ed cyklist\u00e9 poko\u0159it 3401 v\u00fd\u0161kov\u00fdch metr\u016f. Profilov\u011b je \u0161ampion\u00e1t vhodn\u00fd pro lehk\u00e9 a v\u00fdbu\u0161n\u00e9 jezdce.<\/p>\n<div class=\"shortcode-ys-post-pinup\"><article class=\"loop-simple post-30944 post type-post status-publish format-standard has-post-thumbnail hentry category-silnicni-cyklistika tag-chris-froome tag-cyklistika tag-konec-kariery tag-silnicni-cyklistika tag-tour-de-france tag-zdenek-stybar tag-zraneni global-categories-cycling\" data-postid=\"30944\" role=\"article\" data-post-id=\"30944\" data-word-count=\"482\" data-headline-length=\"33\" data-category=\"Silni\u010dn\u00ed cyklistika\" data-global-category=\"Cycling\" data-author=\"We Love Cycling\" data-published=\"2025-09-09T15:30:35+02:00\" data-published-day=\"Tuesday\">\n    <div class=\"entry-thumbnail article-thumbnail\" content=\"https:\/\/d2p6e6u75xmxt8.cloudfront.net\/13\/2024\/07\/1800-x-1200-velky-150x150.webp\"><a href=\"https:\/\/www.welovecycling.com\/cs\/2025\/09\/09\/froome-a-jeho-konec-nedustojne\/\" class=\"image-holder\" target=\"_self\"><img decoding=\"async\" loading=\"lazy\" class=\"\" src=\"https:\/\/d2p6e6u75xmxt8.cloudfront.net\/13\/2024\/07\/1800-x-1200-velky-1024x683.webp\" srcset=\"https:\/\/d2p6e6u75xmxt8.cloudfront.net\/13\/2024\/07\/1800-x-1200-velky.webp 1800w, https:\/\/d2p6e6u75xmxt8.cloudfront.net\/13\/2024\/07\/1800-x-1200-velky-300x200.webp 300w, https:\/\/d2p6e6u75xmxt8.cloudfront.net\/13\/2024\/07\/1800-x-1200-velky-1024x683.webp 1024w, https:\/\/d2p6e6u75xmxt8.cloudfront.net\/13\/2024\/07\/1800-x-1200-velky-768x512.webp 768w, https:\/\/d2p6e6u75xmxt8.cloudfront.net\/13\/2024\/07\/1800-x-1200-velky-1536x1024.webp 1536w, https:\/\/d2p6e6u75xmxt8.cloudfront.net\/13\/2024\/07\/1800-x-1200-velky-400x267.webp 400w, https:\/\/d2p6e6u75xmxt8.cloudfront.net\/13\/2024\/07\/1800-x-1200-velky-272x182.webp 272w\" width=\"1024\" height=\"683\" sizes=\"auto, (min-width: 1200px) 300px, (min-width: 768px) 25vw, 100vw\" alt=\"froome-a-jeho-konec-nedustojne\"\/><\/a><\/div>    <div class=\"entry-meta\">\n        <a class=\"label label-secondary post-category\" href=\"https:\/\/www.welovecycling.com\/cs\/category\/silnicni-cyklistika\/\" title=\"Silni\u010dn\u00ed cyklistika\">Silni\u010dn\u00ed cyklistika<\/a>\n    <\/div>\n    <div class=\"entry-details\">\n        <a href=\"https:\/\/www.welovecycling.com\/cs\/2025\/09\/09\/froome-a-jeho-konec-nedustojne\/\" class='entry-title-wrapper'>\n            <h3 class=\"entry-title\"><span>Froome a jeho konec? Ned\u016fstojn\u00e9<\/span><\/h3>\n        <\/a>\n    <\/div>\n    <\/article>\n<\/div>\n<p>Ot\u00e1zkou tak z\u016fst\u00e1v\u00e1 jen v\u00fdkonnost, kterou si <a href=\"https:\/\/www.welovecycling.com\/cs\/2025\/06\/19\/tadej-kontra-jonas-sledujeme-nejvetsi-rivalitu-v-historii-cyklistiky\/\">Jonas Vingegaard<\/a> do Francie p\u0159ivezl. &#8222;M\u00e1m v noh\u00e1ch Tour de France a Vueltu. Moc nedok\u00e1\u017eu vyhodnotit, jakou budu m\u00edt formu. Sna\u017eil jsem se udr\u017eet formu z Vueltu a\u017e do evropsk\u00e9ho \u0161ampion\u00e1tu,&#8220; uvedl. P\u0159es m\u011bs\u00edc nez\u00e1vodil. Na druhou stranu nemusel absolvovat vy\u010derp\u00e1vaj\u00edc\u00ed p\u0159elet do Rwandy a zp\u011bt, kde Evenepoel i Poga\u010dar z\u00e1vodili na mistrovstv\u00ed sv\u011bta. &#8222;Netu\u0161\u00edm, jestli budu dobr\u00fd nebo \u0161patn\u00fd. Ale nem\u00e1m co ztratit.&#8220;<\/p>\n","protected":false},"excerpt":{"rendered":"<p>Je nezpochybniteln\u00fdm \u0161ampionem. Vyhr\u00e1l dv\u011b Tour de France, ovl\u00e1dl \u0161pan\u011blskou Vueltu, py\u0161n\u00ed se celkov\u00fdmi triumfy ze sedmi men\u0161\u00edch etapov\u00fdch z\u00e1vod\u016f. [&hellip;]<\/p>\n","protected":false},"author":138,"featured_media":31013,"comment_status":"open","ping_status":"open","sticky":false,"template":"","format":"standard","meta":{"footnotes":""},"categories":[10],"tags":[126,1601,4393,1290,1072,9,502],"global-categories":[411],"class_list":["post-31200","post","type-post","status-publish","format-standard","has-post-thumbnail","hentry","category-silnicni-cyklistika","tag-cyklistika","tag-jonas-vingegaard","tag-me-2025","tag-mistrovstvi-evropy","tag-remco-evenepoel","tag-silnicni-cyklistika","tag-tadej-pogacar","global-categories-cycling"],"yoast_head":"<!-- This site is optimized with the Yoast SEO Premium plugin v25.3 (Yoast SEO v25.9) - https:\/\/yoast.com\/wordpress\/plugins\/seo\/ -->\n<title>Vingegaard nev\u00ed, jak vyhr\u00e1t jednodenn\u00ed z\u00e1vod | \u0160koda We Love Cycling - \u010cesk\u00e1 republika<\/title>\n<meta name=\"description\" content=\"Je nezpochybniteln\u00fdm \u0161ampionem. Vyhr\u00e1l dv\u011b Tour de France, ovl\u00e1dl \u0161pan\u011blskou Vueltu, py\u0161n\u00ed se celkov\u00fdmi triumfy ze sedmi men\u0161\u00edch etapov\u00fdch z\u00e1vod\u016f. Jonas Vingegaard v\u0161ak nikdy nevyhr\u00e1l \u017e\u00e1dn\u00fd presti\u017en\u00ed jednodenn\u00ed z\u00e1vod, dokonce p\u0159i n\u011bm nebyl ani na stupn\u00edch v\u00edt\u011bz\u016f. Nikdy nejel mistrovstv\u00ed sv\u011bta ani mistrovstv\u00ed Evropy. Kontinent\u00e1ln\u00ed \u0161ampion\u00e1t ve Francii druhou \u0159\u00edjnovou ned\u011bli bude jeho premi\u00e9rou.\" \/>\n<meta name=\"robots\" content=\"index, follow, max-snippet:-1, max-image-preview:large, max-video-preview:-1\" \/>\n<link rel=\"canonical\" href=\"https:\/\/www.welovecycling.com\/cs\/2025\/10\/03\/vingegaard-nevi-jak-vyhrat-jednodenni-zavod\/\" \/>\n<meta property=\"og:locale\" content=\"cs_CZ\" \/>\n<meta property=\"og:type\" content=\"article\" \/>\n<meta property=\"og:title\" content=\"Vingegaard nev\u00ed, jak vyhr\u00e1t jednodenn\u00ed z\u00e1vod\" \/>\n<meta property=\"og:description\" content=\"Je nezpochybniteln\u00fdm \u0161ampionem. Vyhr\u00e1l dv\u011b Tour de France, ovl\u00e1dl \u0161pan\u011blskou Vueltu, py\u0161n\u00ed se celkov\u00fdmi triumfy ze sedmi men\u0161\u00edch etapov\u00fdch z\u00e1vod\u016f. Jonas Vingegaard v\u0161ak nikdy nevyhr\u00e1l \u017e\u00e1dn\u00fd presti\u017en\u00ed jednodenn\u00ed z\u00e1vod, dokonce p\u0159i n\u011bm nebyl ani na stupn\u00edch v\u00edt\u011bz\u016f. Nikdy nejel mistrovstv\u00ed sv\u011bta ani mistrovstv\u00ed Evropy. Kontinent\u00e1ln\u00ed \u0161ampion\u00e1t ve Francii druhou \u0159\u00edjnovou ned\u011bli bude jeho premi\u00e9rou.\" \/>\n<meta property=\"og:url\" content=\"https:\/\/www.welovecycling.com\/cs\/2025\/10\/03\/vingegaard-nevi-jak-vyhrat-jednodenni-zavod\/\" \/>\n<meta property=\"og:site_name\" content=\"\u0160koda We Love Cycling - \u010cesk\u00e1 republika\" \/>\n<meta property=\"article:published_time\" content=\"2025-10-03T11:00:06+00:00\" \/>\n<meta property=\"article:modified_time\" content=\"2025-10-03T13:11:26+00:00\" \/>\n<meta property=\"og:image\" content=\"https:\/\/d2p6e6u75xmxt8.cloudfront.net\/13\/2025\/09\/20250831LV4001-scaled.webp\" \/>\n\t<meta property=\"og:image:width\" content=\"2560\" \/>\n\t<meta property=\"og:image:height\" content=\"1707\" \/>\n\t<meta property=\"og:image:type\" content=\"image\/webp\" \/>\n<meta name=\"author\" content=\"radekmalina\" \/>\n<meta name=\"twitter:card\" content=\"summary_large_image\" \/>\n<meta name=\"twitter:label1\" content=\"Written by\" \/>\n\t<meta name=\"twitter:data1\" content=\"We Love Cycling\" \/>\n\t<meta name=\"twitter:label2\" content=\"Est. reading time\" \/>\n\t<meta name=\"twitter:data2\" content=\"5\" \/>\n<script type=\"application\/ld+json\" class=\"yoast-schema-graph\">{\"@context\":\"https:\/\/schema.org\",\"@graph\":[{\"@type\":\"WebPage\",\"@id\":\"https:\/\/www.welovecycling.com\/cs\/2025\/10\/03\/vingegaard-nevi-jak-vyhrat-jednodenni-zavod\/\",\"url\":\"https:\/\/www.welovecycling.com\/cs\/2025\/10\/03\/vingegaard-nevi-jak-vyhrat-jednodenni-zavod\/\",\"name\":\"Vingegaard nev\u00ed, jak vyhr\u00e1t jednodenn\u00ed z\u00e1vod | \u0160koda We Love Cycling - \u010cesk\u00e1 republika\",\"isPartOf\":{\"@id\":\"https:\/\/www.welovecycling.com\/cs\/#website\"},\"primaryImageOfPage\":{\"@id\":\"https:\/\/www.welovecycling.com\/cs\/2025\/10\/03\/vingegaard-nevi-jak-vyhrat-jednodenni-zavod\/#primaryimage\"},\"image\":{\"@id\":\"https:\/\/www.welovecycling.com\/cs\/2025\/10\/03\/vingegaard-nevi-jak-vyhrat-jednodenni-zavod\/#primaryimage\"},\"thumbnailUrl\":\"https:\/\/d2p6e6u75xmxt8.cloudfront.net\/13\/2025\/09\/20250831LV4001-scaled.webp\",\"datePublished\":\"2025-10-03T11:00:06+00:00\",\"dateModified\":\"2025-10-03T13:11:26+00:00\",\"author\":{\"@id\":\"https:\/\/www.welovecycling.com\/cs\/#\/schema\/person\/d9eeb0a378f3a7e4a6d12d2b536b04b8\"},\"description\":\"Je nezpochybniteln\u00fdm \u0161ampionem. Vyhr\u00e1l dv\u011b Tour de France, ovl\u00e1dl \u0161pan\u011blskou Vueltu, py\u0161n\u00ed se celkov\u00fdmi triumfy ze sedmi men\u0161\u00edch etapov\u00fdch z\u00e1vod\u016f. Jonas Vingegaard v\u0161ak nikdy nevyhr\u00e1l \u017e\u00e1dn\u00fd presti\u017en\u00ed jednodenn\u00ed z\u00e1vod, dokonce p\u0159i n\u011bm nebyl ani na stupn\u00edch v\u00edt\u011bz\u016f. Nikdy nejel mistrovstv\u00ed sv\u011bta ani mistrovstv\u00ed Evropy. Kontinent\u00e1ln\u00ed \u0161ampion\u00e1t ve Francii druhou \u0159\u00edjnovou ned\u011bli bude jeho premi\u00e9rou.\",\"inLanguage\":\"cs\",\"potentialAction\":[{\"@type\":\"ReadAction\",\"target\":[\"https:\/\/www.welovecycling.com\/cs\/2025\/10\/03\/vingegaard-nevi-jak-vyhrat-jednodenni-zavod\/\"]}]},{\"@type\":\"ImageObject\",\"inLanguage\":\"cs\",\"@id\":\"https:\/\/www.welovecycling.com\/cs\/2025\/10\/03\/vingegaard-nevi-jak-vyhrat-jednodenni-zavod\/#primaryimage\",\"url\":\"https:\/\/d2p6e6u75xmxt8.cloudfront.net\/13\/2025\/09\/20250831LV4001-scaled.webp\",\"contentUrl\":\"https:\/\/d2p6e6u75xmxt8.cloudfront.net\/13\/2025\/09\/20250831LV4001-scaled.webp\",\"width\":2560,\"height\":1707,\"caption\":\"Jonas Vingegaard Vuelta 2025 rozpo\u010det cyklistika Visma Lease a Bike World Tour\"},{\"@type\":\"WebSite\",\"@id\":\"https:\/\/www.welovecycling.com\/cs\/#website\",\"url\":\"https:\/\/www.welovecycling.com\/cs\/\",\"name\":\"\u0160koda We Love Cycling - \u010cesk\u00e1 republika\",\"description\":\"WeLoveCycling.cz je online magaz\u00edn, kter\u00fd v\u00e1m pravideln\u011b p\u0159in\u00e1\u0161\u00ed rady a tipy, zaj\u00edmav\u00e9 \u010dl\u00e1nky, videa a jedine\u010dn\u00e9 report\u00e1\u017ee ze sv\u011bta cyklistiky.\",\"potentialAction\":[{\"@type\":\"SearchAction\",\"target\":{\"@type\":\"EntryPoint\",\"urlTemplate\":\"https:\/\/www.welovecycling.com\/cs\/?s={search_term_string}\"},\"query-input\":{\"@type\":\"PropertyValueSpecification\",\"valueRequired\":true,\"valueName\":\"search_term_string\"}}],\"inLanguage\":\"cs\"},{\"@type\":\"Person\",\"@id\":\"https:\/\/www.welovecycling.com\/cs\/#\/schema\/person\/d9eeb0a378f3a7e4a6d12d2b536b04b8\",\"name\":\"radekmalina\",\"image\":{\"@type\":\"ImageObject\",\"inLanguage\":\"cs\",\"@id\":\"https:\/\/www.welovecycling.com\/cs\/#\/schema\/person\/image\/\",\"url\":\"https:\/\/secure.gravatar.com\/avatar\/66994b632cb8c39a46b9f54afa3ae07201b678d32a54275b6f1c9ffec356bfc0?s=96&d=mm&r=g\",\"contentUrl\":\"https:\/\/secure.gravatar.com\/avatar\/66994b632cb8c39a46b9f54afa3ae07201b678d32a54275b6f1c9ffec356bfc0?s=96&d=mm&r=g\",\"caption\":\"radekmalina\"},\"url\":\"https:\/\/www.welovecycling.com\/cs\/author\/radekmalina\/\"}]}<\/script>\n<!-- \/ Yoast SEO Premium plugin. -->","yoast_head_json":{"title":"Vingegaard nev\u00ed, jak vyhr\u00e1t jednodenn\u00ed z\u00e1vod | \u0160koda We Love Cycling - \u010cesk\u00e1 republika","description":"Je nezpochybniteln\u00fdm \u0161ampionem. Vyhr\u00e1l dv\u011b Tour de France, ovl\u00e1dl \u0161pan\u011blskou Vueltu, py\u0161n\u00ed se celkov\u00fdmi triumfy ze sedmi men\u0161\u00edch etapov\u00fdch z\u00e1vod\u016f. Jonas Vingegaard v\u0161ak nikdy nevyhr\u00e1l \u017e\u00e1dn\u00fd presti\u017en\u00ed jednodenn\u00ed z\u00e1vod, dokonce p\u0159i n\u011bm nebyl ani na stupn\u00edch v\u00edt\u011bz\u016f. Nikdy nejel mistrovstv\u00ed sv\u011bta ani mistrovstv\u00ed Evropy. Kontinent\u00e1ln\u00ed \u0161ampion\u00e1t ve Francii druhou \u0159\u00edjnovou ned\u011bli bude jeho premi\u00e9rou.","robots":{"index":"index","follow":"follow","max-snippet":"max-snippet:-1","max-image-preview":"max-image-preview:large","max-video-preview":"max-video-preview:-1"},"canonical":"https:\/\/www.welovecycling.com\/cs\/2025\/10\/03\/vingegaard-nevi-jak-vyhrat-jednodenni-zavod\/","og_locale":"cs_CZ","og_type":"article","og_title":"Vingegaard nev\u00ed, jak vyhr\u00e1t jednodenn\u00ed z\u00e1vod","og_description":"Je nezpochybniteln\u00fdm \u0161ampionem. Vyhr\u00e1l dv\u011b Tour de France, ovl\u00e1dl \u0161pan\u011blskou Vueltu, py\u0161n\u00ed se celkov\u00fdmi triumfy ze sedmi men\u0161\u00edch etapov\u00fdch z\u00e1vod\u016f. Jonas Vingegaard v\u0161ak nikdy nevyhr\u00e1l \u017e\u00e1dn\u00fd presti\u017en\u00ed jednodenn\u00ed z\u00e1vod, dokonce p\u0159i n\u011bm nebyl ani na stupn\u00edch v\u00edt\u011bz\u016f. Nikdy nejel mistrovstv\u00ed sv\u011bta ani mistrovstv\u00ed Evropy. Kontinent\u00e1ln\u00ed \u0161ampion\u00e1t ve Francii druhou \u0159\u00edjnovou ned\u011bli bude jeho premi\u00e9rou.","og_url":"https:\/\/www.welovecycling.com\/cs\/2025\/10\/03\/vingegaard-nevi-jak-vyhrat-jednodenni-zavod\/","og_site_name":"\u0160koda We Love Cycling - \u010cesk\u00e1 republika","article_published_time":"2025-10-03T11:00:06+00:00","article_modified_time":"2025-10-03T13:11:26+00:00","og_image":[{"width":2560,"height":1707,"url":"https:\/\/d2p6e6u75xmxt8.cloudfront.net\/13\/2025\/09\/20250831LV4001-scaled.webp","type":"image\/webp"}],"author":"radekmalina","twitter_card":"summary_large_image","twitter_misc":{"Written by":"We Love Cycling","Est. reading time":"5"},"schema":{"@context":"https:\/\/schema.org","@graph":[{"@type":"WebPage","@id":"https:\/\/www.welovecycling.com\/cs\/2025\/10\/03\/vingegaard-nevi-jak-vyhrat-jednodenni-zavod\/","url":"https:\/\/www.welovecycling.com\/cs\/2025\/10\/03\/vingegaard-nevi-jak-vyhrat-jednodenni-zavod\/","name":"Vingegaard nev\u00ed, jak vyhr\u00e1t jednodenn\u00ed z\u00e1vod | \u0160koda We Love Cycling - \u010cesk\u00e1 republika","isPartOf":{"@id":"https:\/\/www.welovecycling.com\/cs\/#website"},"primaryImageOfPage":{"@id":"https:\/\/www.welovecycling.com\/cs\/2025\/10\/03\/vingegaard-nevi-jak-vyhrat-jednodenni-zavod\/#primaryimage"},"image":{"@id":"https:\/\/www.welovecycling.com\/cs\/2025\/10\/03\/vingegaard-nevi-jak-vyhrat-jednodenni-zavod\/#primaryimage"},"thumbnailUrl":"https:\/\/d2p6e6u75xmxt8.cloudfront.net\/13\/2025\/09\/20250831LV4001-scaled.webp","datePublished":"2025-10-03T11:00:06+00:00","dateModified":"2025-10-03T13:11:26+00:00","author":{"@id":"https:\/\/www.welovecycling.com\/cs\/#\/schema\/person\/d9eeb0a378f3a7e4a6d12d2b536b04b8"},"description":"Je nezpochybniteln\u00fdm \u0161ampionem. Vyhr\u00e1l dv\u011b Tour de France, ovl\u00e1dl \u0161pan\u011blskou Vueltu, py\u0161n\u00ed se celkov\u00fdmi triumfy ze sedmi men\u0161\u00edch etapov\u00fdch z\u00e1vod\u016f. Jonas Vingegaard v\u0161ak nikdy nevyhr\u00e1l \u017e\u00e1dn\u00fd presti\u017en\u00ed jednodenn\u00ed z\u00e1vod, dokonce p\u0159i n\u011bm nebyl ani na stupn\u00edch v\u00edt\u011bz\u016f. Nikdy nejel mistrovstv\u00ed sv\u011bta ani mistrovstv\u00ed Evropy. Kontinent\u00e1ln\u00ed \u0161ampion\u00e1t ve Francii druhou \u0159\u00edjnovou ned\u011bli bude jeho premi\u00e9rou.","inLanguage":"cs","potentialAction":[{"@type":"ReadAction","target":["https:\/\/www.welovecycling.com\/cs\/2025\/10\/03\/vingegaard-nevi-jak-vyhrat-jednodenni-zavod\/"]}]},{"@type":"ImageObject","inLanguage":"cs","@id":"https:\/\/www.welovecycling.com\/cs\/2025\/10\/03\/vingegaard-nevi-jak-vyhrat-jednodenni-zavod\/#primaryimage","url":"https:\/\/d2p6e6u75xmxt8.cloudfront.net\/13\/2025\/09\/20250831LV4001-scaled.webp","contentUrl":"https:\/\/d2p6e6u75xmxt8.cloudfront.net\/13\/2025\/09\/20250831LV4001-scaled.webp","width":2560,"height":1707,"caption":"Jonas Vingegaard Vuelta 2025 rozpo\u010det cyklistika Visma Lease a Bike World Tour"},{"@type":"WebSite","@id":"https:\/\/www.welovecycling.com\/cs\/#website","url":"https:\/\/www.welovecycling.com\/cs\/","name":"\u0160koda We Love Cycling - \u010cesk\u00e1 republika","description":"WeLoveCycling.cz je online magaz\u00edn, kter\u00fd v\u00e1m pravideln\u011b p\u0159in\u00e1\u0161\u00ed rady a tipy, zaj\u00edmav\u00e9 \u010dl\u00e1nky, videa a jedine\u010dn\u00e9 report\u00e1\u017ee ze sv\u011bta cyklistiky.","potentialAction":[{"@type":"SearchAction","target":{"@type":"EntryPoint","urlTemplate":"https:\/\/www.welovecycling.com\/cs\/?s={search_term_string}"},"query-input":{"@type":"PropertyValueSpecification","valueRequired":true,"valueName":"search_term_string"}}],"inLanguage":"cs"},{"@type":"Person","@id":"https:\/\/www.welovecycling.com\/cs\/#\/schema\/person\/d9eeb0a378f3a7e4a6d12d2b536b04b8","name":"radekmalina","image":{"@type":"ImageObject","inLanguage":"cs","@id":"https:\/\/www.welovecycling.com\/cs\/#\/schema\/person\/image\/","url":"https:\/\/secure.gravatar.com\/avatar\/66994b632cb8c39a46b9f54afa3ae07201b678d32a54275b6f1c9ffec356bfc0?s=96&d=mm&r=g","contentUrl":"https:\/\/secure.gravatar.com\/avatar\/66994b632cb8c39a46b9f54afa3ae07201b678d32a54275b6f1c9ffec356bfc0?s=96&d=mm&r=g","caption":"radekmalina"},"url":"https:\/\/www.welovecycling.com\/cs\/author\/radekmalina\/"}]}},"_links":{"self":[{"href":"https:\/\/www.welovecycling.com\/cs\/wp-json\/wp\/v2\/posts\/31200","targetHints":{"allow":["GET"]}}],"collection":[{"href":"https:\/\/www.welovecycling.com\/cs\/wp-json\/wp\/v2\/posts"}],"about":[{"href":"https:\/\/www.welovecycling.com\/cs\/wp-json\/wp\/v2\/types\/post"}],"author":[{"embeddable":true,"href":"https:\/\/www.welovecycling.com\/cs\/wp-json\/wp\/v2\/users\/138"}],"replies":[{"embeddable":true,"href":"https:\/\/www.welovecycling.com\/cs\/wp-json\/wp\/v2\/comments?post=31200"}],"version-history":[{"count":4,"href":"https:\/\/www.welovecycling.com\/cs\/wp-json\/wp\/v2\/posts\/31200\/revisions"}],"predecessor-version":[{"id":31204,"href":"https:\/\/www.welovecycling.com\/cs\/wp-json\/wp\/v2\/posts\/31200\/revisions\/31204"}],"wp:featuredmedia":[{"embeddable":true,"href":"https:\/\/www.welovecycling.com\/cs\/wp-json\/wp\/v2\/media\/31013"}],"wp:attachment":[{"href":"https:\/\/www.welovecycling.com\/cs\/wp-json\/wp\/v2\/media?parent=31200"}],"wp:term":[{"taxonomy":"category","embeddable":true,"href":"https:\/\/www.welovecycling.com\/cs\/wp-json\/wp\/v2\/categories?post=31200"},{"taxonomy":"post_tag","embeddable":true,"href":"https:\/\/www.welovecycling.com\/cs\/wp-json\/wp\/v2\/tags?post=31200"},{"taxonomy":"global-categories","embeddable":true,"href":"https:\/\/www.welovecycling.com\/cs\/wp-json\/wp\/v2\/global-categories?post=31200"}],"curies":[{"name":"wp","href":"https:\/\/api.w.org\/{rel}","templated":true}]}}