{"id":3115,"date":"2019-07-22T19:58:37","date_gmt":"2019-07-22T18:58:37","guid":{"rendered":"https:\/\/www.welovecycling.com\/cs\/?p=3115"},"modified":"2019-07-24T10:37:20","modified_gmt":"2019-07-24T09:37:20","slug":"vitezove-a-porazeni-tour-de-france","status":"publish","type":"post","link":"https:\/\/www.welovecycling.com\/cs\/2019\/07\/22\/vitezove-a-porazeni-tour-de-france\/","title":{"rendered":"V\u00edt\u011bzov\u00e9 a pora\u017een\u00ed Tour de France v \u010dase"},"content":{"rendered":"<p><strong>Zvl\u00e1dnete vyjmenovat v\u0161echny \u010dty\u0159i p\u011btin\u00e1sobn\u00e9 v\u00edt\u011bze <a href=\"https:\/\/www.letour.fr\/en\/\">Tour de France<\/a>? V\u00edte, komu z\u00a0nich se to povedlo poprv\u00e9 a komu naposledy? Sly\u0161eli jste u\u017e o Lantern Rouge? V\u00a0\u010dl\u00e1nku se dozv\u00edte, co to byla Operaci\u00f3n Puerto i co se stalo se st\u00e1j\u00ed Festina. A co na to Lance Armstrong?<\/strong><\/p>\n<p><!--more--><\/p>\n<p>\u0160ampi\u00f3nem \u010d\u00edslo 1 je pochopiteln\u011b samotn\u00e1 Tour de France. Nejv\u011bt\u0161\u00ed, nejzn\u00e1m\u011bj\u0161\u00ed a nejsledovan\u011bj\u0161\u00ed cyklistick\u00fd etapov\u00fd z\u00e1vod na sv\u011bt\u011b, za\u0159azen\u00fd do World Tour. Ka\u017ed\u00fd rok v\u00a0\u010dervenci vid\u00edme ty nejlep\u0161\u00ed cyklisty sv\u011bta rozehr\u00e1vat sv\u00e9 taktick\u00e9 hry b\u011bhem dlouh\u00fdch t\u0159ech t\u00fddn\u016f z\u00e1vod\u011bn\u00ed ve Francii. Kdo z\u00a0nich ale zanechal nejv\u011bt\u0161\u00ed stopu v\u00a0bohat\u00e9 historii tohoto z\u00e1vodu?<\/p>\n<h2><strong>Legendy Tour<\/strong><\/h2>\n<p>Zejm\u00e9na jsou to p\u00e1nov\u00e9 Jacques Anquetil, Eddy Merckx, Bernard Hinault a Miguel Indurain. V\u0161em se jim povedlo vyhr\u00e1t Tour p\u011btkr\u00e1t, prvn\u00edmu Jacquesu Anquetilovi v\u00a0letech 1957\u20131964. N\u00e1sledoval Eddy Merckx, kter\u00fd sv\u00fdch p\u011bt v\u00edt\u011bzstv\u00ed zaznamenal v\u00a0letech 1969\u20131974. Bernard Hinault vyhr\u00e1val mezi roky 1978\u20131985 a pouze Miguel Indurain zvl\u00e1dl vyhr\u00e1t Tour p\u011btkr\u00e1t v\u00a0\u0159ad\u011b, a to v\u00a0letech 1991\u20131995.<\/p>\n<figure id=\"attachment_2878\" aria-describedby=\"caption-attachment-2878\" style=\"width: 850px\" class=\"wp-caption alignnone\"><a href=\"https:\/\/d2p6e6u75xmxt8.cloudfront.net\/13\/2019\/07\/1969.jpg\"><img loading=\"lazy\" decoding=\"async\" class=\"size-full wp-image-2878\" src=\"https:\/\/d2p6e6u75xmxt8.cloudfront.net\/13\/2019\/07\/1969.jpg\" alt=\"\" width=\"850\" height=\"849\" \/><\/a><figcaption id=\"caption-attachment-2878\" class=\"wp-caption-text\">1969:\u00a0Eddie Merckx.<\/figcaption><\/figure>\n<h2><strong>Zran\u011bn\u00fd Chris<\/strong><\/h2>\n<p>Jedin\u00fd, kdo by se mohl do t\u00e9to vybran\u00e9 spole\u010dnosti v\u00a0dohledn\u00e9 dob\u011b za\u0159adit, je Chris Froome. Pr\u00e1v\u011b on m\u00e1 z\u00a0posledn\u00edch let \u010dty\u0159i v\u00edt\u011bzstv\u00ed (2013, 2015, 2016, 2017) a je jedin\u00fdm cyklistou historie s t\u00edmto po\u010dtem v\u00edt\u011bzstv\u00ed na kont\u011b. Ale vhledem k\u00a0nehod\u011b, kterou m\u011bl p\u0159ed startem \u010dasovky na Crit\u00e9rium du Dauphin\u00e9, nen\u00ed jist\u00e9, zda se zvl\u00e1dne vr\u00e1tit a b\u00fdt t\u00edm nejlep\u0161\u00edm cyklistou Tour je\u0161t\u011b pop\u00e1t\u00e9. V\u00edt\u011bz, nebo pora\u017een\u00fd? Je\u0161t\u011b ne\u0159ekl posledn\u00ed slovo.<\/p>\n<p>https:\/\/www.instagram.com\/p\/Byu9OvsHTL0\/<\/p>\n<h2><strong>Lanterne Rouge<\/strong><\/h2>\n<p>Takzvan\u00e1 \u010cerven\u00e1 lucerna pat\u0159\u00ed posledn\u00edmu z\u00e1vodn\u00edkovi celkov\u00e9 klasifikace. Historicky byla \u010derven\u00e1 lucerna na konci vlaku, kde slou\u017eila strojvedouc\u00edm jako signalizace, \u017ee se jim \u017e\u00e1dn\u00e9 vag\u00f3ny po cest\u011b neodpojily. M\u016f\u017ee se zd\u00e1t podl\u00e9 specificky ozna\u010dovat posledn\u00edho jezdce, \u010dasto se toti\u017e jedn\u00e1 o z\u00e1vodn\u00edky zran\u011bn\u00e9 nebo nemocn\u00e9. Ale i o tento status se d\u0159\u00edve z\u00e1vodilo. Nikdo si toti\u017e nebude pamatovat p\u0159edposledn\u00edho z\u00e1vodn\u00edka nebo toho des\u00e1t\u00e9ho od konce. S\u00a0posledn\u00edm m\u00edstem je ale spojen\u00e1 medializace, a t\u00edm i prezentace sponzor\u016f, proto v\u00a0d\u0159\u00edv\u011bj\u0161\u00edch dob\u00e1ch z\u00e1vodn\u00edci soupe\u0159ili i o toto um\u00edst\u011bn\u00ed.<\/p>\n<figure id=\"attachment_3117\" aria-describedby=\"caption-attachment-3117\" style=\"width: 951px\" class=\"wp-caption alignnone\"><a href=\"https:\/\/d2p6e6u75xmxt8.cloudfront.net\/13\/2019\/07\/Bernard-Hinault-gives-Gerhard-Schonbacher-a-red-lantern-for-taking.JPG.jpg\"><img loading=\"lazy\" decoding=\"async\" class=\"size-full wp-image-3117\" src=\"https:\/\/d2p6e6u75xmxt8.cloudfront.net\/13\/2019\/07\/Bernard-Hinault-gives-Gerhard-Schonbacher-a-red-lantern-for-taking.JPG.jpg\" alt=\"\" width=\"951\" height=\"536\" \/><\/a><figcaption id=\"caption-attachment-3117\" class=\"wp-caption-text\">Bernard Hinault p\u0159ed\u00e1v\u00e1 \u010dervenou lucernu posledn\u00edho z\u00e1vodn\u00edka Gerhardu Sch\u00f6nbacherovi. 1979. Tradice \u010derven\u00fdch luceren, kter\u00e1 byla oslavou posledn\u00edch mu\u017e\u016f, je v\u0161ak dnes minulost\u00ed. Tour de France je hlavn\u011b t\u00fdmovou z\u00e1le\u017eitost\u00ed, ve kter\u00e9 nen\u00ed prostor pro boj o posledn\u00ed m\u00edsto.<\/figcaption><\/figure>\n<p>Jejich po\u010d\u00edn\u00e1n\u00ed bylo komplikovan\u00e9 t\u00edm, \u017ee ka\u017edou etapu museli dokon\u010dit v\u00a0\u010dasov\u00e9m limitu, aby p\u0159ede\u0161li vylou\u010den\u00ed. Organiz\u00e1tor\u016fm se to pochopiteln\u011b nel\u00edbilo a r\u016fzn\u011b upravovali pravidla, aby bylo slo\u017eit\u011bj\u0161\u00ed st\u00e1t se Lanterne Rouge pl\u00e1novan\u011b.<\/p>\n<h2><strong>Kanibal a Rake\u0165\u00e1k z\u00a0ostrova Man<\/strong><\/h2>\n<p>Nejv\u00edce etapov\u00fdch v\u00edt\u011bzstv\u00ed pat\u0159\u00ed Eddymu Merckxovi, kter\u00fd jich vyhr\u00e1l 34. Druh\u00fd v\u00a0po\u0159ad\u00ed je Mark Cavendish se 30 triumfy. Ten svou sb\u00edrku letos neroz\u0161\u00ed\u0159\u00ed, jeho t\u00fdm Dimension Data ho toti\u017e na leto\u0161n\u00ed Tour nenasadil.<\/p>\n<h2><strong>Francie<\/strong><\/h2>\n<p>Ze zem\u011b, kter\u00e1 z\u00e1vod ka\u017edoro\u010dn\u011b host\u00ed, poch\u00e1z\u00ed i nejv\u00edce v\u00edt\u011bz\u016f Tour. 34x dom\u00e1c\u00ed jezdci ovl\u00e1dli Grande Boucle, naposledy ale v\u00a0roce 1985. Zvl\u00e1dne to letos Julian Alaphilippe? Francie bude dlouho slavit, pokud dojede ve \u017elut\u00e9m a\u017e do Pa\u0159\u00ed\u017ee.<\/p>\n<figure id=\"attachment_3125\" aria-describedby=\"caption-attachment-3125\" style=\"width: 1024px\" class=\"wp-caption alignnone\"><a href=\"https:\/\/d2p6e6u75xmxt8.cloudfront.net\/13\/2019\/07\/Alaphilippe-CVR-profimedia-0460070833.jpg\"><img loading=\"lazy\" decoding=\"async\" class=\"wp-image-3125 size-large\" src=\"https:\/\/d2p6e6u75xmxt8.cloudfront.net\/13\/2019\/07\/Alaphilippe-CVR-profimedia-0460070833-1024x450.jpg\" alt=\"\" width=\"1024\" height=\"450\" \/><\/a><figcaption id=\"caption-attachment-3125\" class=\"wp-caption-text\">Tour de France 2019: Julian Alaphilippe.<\/figcaption><\/figure>\n<h2><strong>Festina<\/strong><\/h2>\n<p>Prvn\u00ed ze dvou obrovsk\u00fdch dopingov\u00fdch skand\u00e1l\u016f. V\u00a0doprovodn\u00e9m voze st\u00e1je Festina na\u0161li celn\u00edci stovky ampul\u00ed s\u00a0l\u00e1tkami dopingov\u00e9ho charakteru, p\u0159edev\u0161\u00edm mezi nimi bylo EPO. Po kontrole v\u00a0kancel\u00e1\u0159\u00edch st\u00e1je Festina vy\u0161lo najevo, \u017ee se jednalo o \u0159\u00edzen\u00fd doping. N\u00e1sledovaly razie na pokoj\u00edch i v\u00a0z\u00e1zem\u00edch ostatn\u00edch t\u00fdm\u016f. Krom\u011b Festiny bylo ze z\u00e1vodu vylou\u010deno dal\u0161\u00edch p\u011bt t\u00fdm\u016f, n\u011bkter\u00e9 z\u00a0nich odstoupily samy.<\/p>\n<figure id=\"attachment_2805\" aria-describedby=\"caption-attachment-2805\" style=\"width: 1024px\" class=\"wp-caption alignnone\"><a href=\"https:\/\/d2p6e6u75xmxt8.cloudfront.net\/13\/2019\/07\/profimedia-0068662703-1.jpg\"><img loading=\"lazy\" decoding=\"async\" class=\"size-large wp-image-2805\" src=\"https:\/\/d2p6e6u75xmxt8.cloudfront.net\/13\/2019\/07\/profimedia-0068662703-1-1024x745.jpg\" alt=\"\" width=\"1024\" height=\"745\" \/><\/a><figcaption id=\"caption-attachment-2805\" class=\"wp-caption-text\">Jezdci st\u00e1je Festina b\u011bhem dopingov\u00e9 af\u00e9ry p\u0159i Tour de France v roce 1998. Foto: Profimedia, AFP<\/figcaption><\/figure>\n<p>Z\u00a0celkov\u00e9ho po\u010dtu 189 z\u00e1vodn\u00edku dojelo do Pa\u0159\u00ed\u017ee v\u00a0roce 1998 n\u00e1sledkem vylu\u010dov\u00e1n\u00ed kv\u016fli dopingu pouze 96 jezdc\u016f.<\/p>\n<h2><strong>Operaci\u00f3n Puerto<\/strong><\/h2>\n<p>Doktor Eufemiano Fuentes zaji\u0161\u0165oval zak\u00e1zan\u00e9 l\u00e1tky i metody pro n\u011bkolik cyklist\u016f i st\u00e1j\u00ed, ale i pro sportovce mimo cyklistiku. Byl t\u00fdmov\u00fdm doktorem st\u00e1je Kelme, jej\u00ed\u017e z\u00e1vodn\u00edk Jes\u00fas Manzano se po ukon\u010den\u00ed kari\u00e9ry p\u0159iznal k\u00a0dopingu. To vedlo k\u00a0vy\u0161et\u0159ov\u00e1n\u00ed, b\u011bhem kter\u00e9ho na\u0161li u Dr. Fuentese na dv\u011b st\u011b krevn\u00edch vak\u016f popsan\u00fdch kryc\u00edmi jm\u00e9ny jednotliv\u00fdch sportovc\u016f. Krom\u011b krevn\u00edch vak\u016f zajistila \u0161pan\u011blsk\u00e1 policie i tis\u00edce d\u00e1vek anabolick\u00fdch steroid\u016f a r\u016fstov\u00fd hormon. Mezi cyklisty, kte\u0159\u00ed jsou spojov\u00e1ni s\u00a0Dr. Fuentesem, pat\u0159\u00ed nap\u0159\u00edklad Jan Ullrich, Alberto Contador, Ivan Basso, Alejandro Valverde, Marco Pantani nebo Mario Cipollini.<\/p>\n<h2><strong>Lance Armstrong<\/strong><\/h2>\n<p>V\u00a0tomto \u010dl\u00e1nku nem\u016f\u017eeme Lance opomenout. Sedmin\u00e1sobn\u00fd v\u00edt\u011bz Tour de France mezi roky 1999\u20132005 o sv\u00e1 v\u00edt\u011bzstv\u00ed p\u0159i\u0161el pot\u00e9, co byl exempl\u00e1rn\u011b potrest\u00e1n na z\u00e1klad\u011b p\u0159izn\u00e1n\u00ed pou\u017e\u00edv\u00e1n\u00ed zak\u00e1zan\u00fdch l\u00e1tek i metod pro zvy\u0161ov\u00e1n\u00ed v\u00fdkonnosti. Jak je z\u00a0p\u0159edchoz\u00edho odstavce patrn\u00e9, mnoho zn\u00e1m\u00fdch cyklist\u016f bylo v\u00a0t\u00e9 dob\u011b s\u00a0dopingem spojov\u00e1no, proto\u017ee to bylo v\u00a0pelotonu \u201enormou\u201c. Lance v\u00a0t\u011bchto podm\u00ednk\u00e1ch pat\u0159il mezi nejlep\u0161\u00ed a Tour vyhr\u00e1l sedmkr\u00e1t v\u00a0\u0159ad\u011b. Pro n\u011bkoho v\u00edt\u011bz, pro n\u011bkoho pora\u017een\u00fd.<\/p>\n<figure id=\"attachment_2806\" aria-describedby=\"caption-attachment-2806\" style=\"width: 1024px\" class=\"wp-caption alignnone\"><a href=\"https:\/\/d2p6e6u75xmxt8.cloudfront.net\/13\/2019\/07\/profimedia-0151308974-1.jpg\"><img loading=\"lazy\" decoding=\"async\" class=\"size-large wp-image-2806\" src=\"https:\/\/d2p6e6u75xmxt8.cloudfront.net\/13\/2019\/07\/profimedia-0151308974-1-1024x576.jpg\" alt=\"\" width=\"1024\" height=\"576\" \/><\/a><figcaption id=\"caption-attachment-2806\" class=\"wp-caption-text\">Lance Armstrong v televizn\u00ed show Oprah Winfreyov\u00e9. Profimedia, Backgrid UK<\/figcaption><\/figure>\n","protected":false},"excerpt":{"rendered":"<p>Zvl\u00e1dnete vyjmenovat v\u0161echny \u010dty\u0159i p\u011btin\u00e1sobn\u00e9 v\u00edt\u011bze Tour de France? V\u00edte, komu z\u00a0nich se to povedlo poprv\u00e9 a komu naposledy? Sly\u0161eli [&hellip;]<\/p>\n","protected":false},"author":95,"featured_media":3131,"comment_status":"open","ping_status":"open","sticky":false,"template":"","format":"standard","meta":{"footnotes":""},"categories":[243],"tags":[318,360,19,310,321,344,358,242,361,359,362,23,357],"global-categories":[],"class_list":["post-3115","post","type-post","status-publish","format-standard","has-post-thumbnail","hentry","category-welovecycling-com-cs-tdf","tag-bernard-hinault","tag-cervena-lucerna","tag-chris-froome","tag-eddy-merckx","tag-festina","tag-historie-tour-de-france","tag-jacques-anquetil","tag-lance-armstrong","tag-mark-cavendish","tag-miguel-indurain","tag-operacion-puerto","tag-tour-de-france","tag-vitezove-a-porazeni"],"yoast_head":"<!-- This site is optimized with the Yoast SEO Premium plugin v25.3 (Yoast SEO v25.9) - https:\/\/yoast.com\/wordpress\/plugins\/seo\/ -->\n<title>V\u00edt\u011bzov\u00e9 a pora\u017een\u00ed Tour de France v \u010dase | \u0160koda We Love Cycling - \u010cesk\u00e1 republika<\/title>\n<meta name=\"robots\" content=\"index, follow, max-snippet:-1, max-image-preview:large, max-video-preview:-1\" \/>\n<link rel=\"canonical\" href=\"https:\/\/www.welovecycling.com\/cs\/2019\/07\/22\/vitezove-a-porazeni-tour-de-france\/\" \/>\n<meta property=\"og:locale\" content=\"cs_CZ\" \/>\n<meta property=\"og:type\" content=\"article\" \/>\n<meta property=\"og:title\" content=\"V\u00edt\u011bzov\u00e9 a pora\u017een\u00ed Tour de France v \u010dase\" \/>\n<meta property=\"og:description\" content=\"Zvl\u00e1dnete vyjmenovat v\u0161echny \u010dty\u0159i p\u011btin\u00e1sobn\u00e9 v\u00edt\u011bze Tour de France? V\u00edte, komu z\u00a0nich se to povedlo poprv\u00e9 a komu naposledy? Sly\u0161eli [&hellip;]\" \/>\n<meta property=\"og:url\" content=\"https:\/\/www.welovecycling.com\/cs\/2019\/07\/22\/vitezove-a-porazeni-tour-de-france\/\" \/>\n<meta property=\"og:site_name\" content=\"\u0160koda We Love Cycling - \u010cesk\u00e1 republika\" \/>\n<meta property=\"article:published_time\" content=\"2019-07-22T18:58:37+00:00\" \/>\n<meta property=\"article:modified_time\" content=\"2019-07-24T09:37:20+00:00\" \/>\n<meta property=\"og:image\" content=\"https:\/\/d2p6e6u75xmxt8.cloudfront.net\/13\/2019\/07\/profimedia-0377525341-1.webp\" \/>\n\t<meta property=\"og:image:width\" content=\"1366\" \/>\n\t<meta property=\"og:image:height\" content=\"600\" \/>\n\t<meta property=\"og:image:type\" content=\"image\/webp\" \/>\n<meta name=\"twitter:card\" content=\"summary_large_image\" \/>\n<meta name=\"twitter:label1\" content=\"Written by\" \/>\n\t<meta name=\"twitter:data1\" content=\"V\u00e1clav \u0160\u0148up\u00e1rek\" \/>\n\t<meta name=\"twitter:label2\" content=\"Est. reading time\" \/>\n\t<meta name=\"twitter:data2\" content=\"6\" \/>\n<script type=\"application\/ld+json\" class=\"yoast-schema-graph\">{\"@context\":\"https:\/\/schema.org\",\"@graph\":[{\"@type\":\"WebPage\",\"@id\":\"https:\/\/www.welovecycling.com\/cs\/2019\/07\/22\/vitezove-a-porazeni-tour-de-france\/\",\"url\":\"https:\/\/www.welovecycling.com\/cs\/2019\/07\/22\/vitezove-a-porazeni-tour-de-france\/\",\"name\":\"V\u00edt\u011bzov\u00e9 a pora\u017een\u00ed Tour de France v \u010dase | \u0160koda We Love Cycling - \u010cesk\u00e1 republika\",\"isPartOf\":{\"@id\":\"https:\/\/www.welovecycling.com\/cs\/#website\"},\"primaryImageOfPage\":{\"@id\":\"https:\/\/www.welovecycling.com\/cs\/2019\/07\/22\/vitezove-a-porazeni-tour-de-france\/#primaryimage\"},\"image\":{\"@id\":\"https:\/\/www.welovecycling.com\/cs\/2019\/07\/22\/vitezove-a-porazeni-tour-de-france\/#primaryimage\"},\"thumbnailUrl\":\"https:\/\/d2p6e6u75xmxt8.cloudfront.net\/13\/2019\/07\/profimedia-0377525341-1.webp\",\"datePublished\":\"2019-07-22T18:58:37+00:00\",\"dateModified\":\"2019-07-24T09:37:20+00:00\",\"author\":{\"@id\":\"\"},\"inLanguage\":\"cs\",\"potentialAction\":[{\"@type\":\"ReadAction\",\"target\":[\"https:\/\/www.welovecycling.com\/cs\/2019\/07\/22\/vitezove-a-porazeni-tour-de-france\/\"]}]},{\"@type\":\"ImageObject\",\"inLanguage\":\"cs\",\"@id\":\"https:\/\/www.welovecycling.com\/cs\/2019\/07\/22\/vitezove-a-porazeni-tour-de-france\/#primaryimage\",\"url\":\"https:\/\/d2p6e6u75xmxt8.cloudfront.net\/13\/2019\/07\/profimedia-0377525341-1.webp\",\"contentUrl\":\"https:\/\/d2p6e6u75xmxt8.cloudfront.net\/13\/2019\/07\/profimedia-0377525341-1.webp\",\"width\":1366,\"height\":600},{\"@type\":\"WebSite\",\"@id\":\"https:\/\/www.welovecycling.com\/cs\/#website\",\"url\":\"https:\/\/www.welovecycling.com\/cs\/\",\"name\":\"\u0160koda We Love Cycling - \u010cesk\u00e1 republika\",\"description\":\"WeLoveCycling.cz je online magaz\u00edn, kter\u00fd v\u00e1m pravideln\u011b p\u0159in\u00e1\u0161\u00ed rady a tipy, zaj\u00edmav\u00e9 \u010dl\u00e1nky, videa a jedine\u010dn\u00e9 report\u00e1\u017ee ze sv\u011bta cyklistiky.\",\"potentialAction\":[{\"@type\":\"SearchAction\",\"target\":{\"@type\":\"EntryPoint\",\"urlTemplate\":\"https:\/\/www.welovecycling.com\/cs\/?s={search_term_string}\"},\"query-input\":{\"@type\":\"PropertyValueSpecification\",\"valueRequired\":true,\"valueName\":\"search_term_string\"}}],\"inLanguage\":\"cs\"},{\"@type\":\"Person\",\"@id\":\"\",\"url\":\"https:\/\/www.welovecycling.com\/cs\/author\/\"}]}<\/script>\n<!-- \/ Yoast SEO Premium plugin. -->","yoast_head_json":{"title":"V\u00edt\u011bzov\u00e9 a pora\u017een\u00ed Tour de France v \u010dase | \u0160koda We Love Cycling - \u010cesk\u00e1 republika","robots":{"index":"index","follow":"follow","max-snippet":"max-snippet:-1","max-image-preview":"max-image-preview:large","max-video-preview":"max-video-preview:-1"},"canonical":"https:\/\/www.welovecycling.com\/cs\/2019\/07\/22\/vitezove-a-porazeni-tour-de-france\/","og_locale":"cs_CZ","og_type":"article","og_title":"V\u00edt\u011bzov\u00e9 a pora\u017een\u00ed Tour de France v \u010dase","og_description":"Zvl\u00e1dnete vyjmenovat v\u0161echny \u010dty\u0159i p\u011btin\u00e1sobn\u00e9 v\u00edt\u011bze Tour de France? V\u00edte, komu z\u00a0nich se to povedlo poprv\u00e9 a komu naposledy? Sly\u0161eli [&hellip;]","og_url":"https:\/\/www.welovecycling.com\/cs\/2019\/07\/22\/vitezove-a-porazeni-tour-de-france\/","og_site_name":"\u0160koda We Love Cycling - \u010cesk\u00e1 republika","article_published_time":"2019-07-22T18:58:37+00:00","article_modified_time":"2019-07-24T09:37:20+00:00","og_image":[{"width":1366,"height":600,"url":"https:\/\/d2p6e6u75xmxt8.cloudfront.net\/13\/2019\/07\/profimedia-0377525341-1.webp","type":"image\/webp"}],"twitter_card":"summary_large_image","twitter_misc":{"Written by":"V\u00e1clav \u0160\u0148up\u00e1rek","Est. reading time":"6"},"schema":{"@context":"https:\/\/schema.org","@graph":[{"@type":"WebPage","@id":"https:\/\/www.welovecycling.com\/cs\/2019\/07\/22\/vitezove-a-porazeni-tour-de-france\/","url":"https:\/\/www.welovecycling.com\/cs\/2019\/07\/22\/vitezove-a-porazeni-tour-de-france\/","name":"V\u00edt\u011bzov\u00e9 a pora\u017een\u00ed Tour de France v \u010dase | \u0160koda We Love Cycling - \u010cesk\u00e1 republika","isPartOf":{"@id":"https:\/\/www.welovecycling.com\/cs\/#website"},"primaryImageOfPage":{"@id":"https:\/\/www.welovecycling.com\/cs\/2019\/07\/22\/vitezove-a-porazeni-tour-de-france\/#primaryimage"},"image":{"@id":"https:\/\/www.welovecycling.com\/cs\/2019\/07\/22\/vitezove-a-porazeni-tour-de-france\/#primaryimage"},"thumbnailUrl":"https:\/\/d2p6e6u75xmxt8.cloudfront.net\/13\/2019\/07\/profimedia-0377525341-1.webp","datePublished":"2019-07-22T18:58:37+00:00","dateModified":"2019-07-24T09:37:20+00:00","author":{"@id":""},"inLanguage":"cs","potentialAction":[{"@type":"ReadAction","target":["https:\/\/www.welovecycling.com\/cs\/2019\/07\/22\/vitezove-a-porazeni-tour-de-france\/"]}]},{"@type":"ImageObject","inLanguage":"cs","@id":"https:\/\/www.welovecycling.com\/cs\/2019\/07\/22\/vitezove-a-porazeni-tour-de-france\/#primaryimage","url":"https:\/\/d2p6e6u75xmxt8.cloudfront.net\/13\/2019\/07\/profimedia-0377525341-1.webp","contentUrl":"https:\/\/d2p6e6u75xmxt8.cloudfront.net\/13\/2019\/07\/profimedia-0377525341-1.webp","width":1366,"height":600},{"@type":"WebSite","@id":"https:\/\/www.welovecycling.com\/cs\/#website","url":"https:\/\/www.welovecycling.com\/cs\/","name":"\u0160koda We Love Cycling - \u010cesk\u00e1 republika","description":"WeLoveCycling.cz je online magaz\u00edn, kter\u00fd v\u00e1m pravideln\u011b p\u0159in\u00e1\u0161\u00ed rady a tipy, zaj\u00edmav\u00e9 \u010dl\u00e1nky, videa a jedine\u010dn\u00e9 report\u00e1\u017ee ze sv\u011bta cyklistiky.","potentialAction":[{"@type":"SearchAction","target":{"@type":"EntryPoint","urlTemplate":"https:\/\/www.welovecycling.com\/cs\/?s={search_term_string}"},"query-input":{"@type":"PropertyValueSpecification","valueRequired":true,"valueName":"search_term_string"}}],"inLanguage":"cs"},{"@type":"Person","@id":"","url":"https:\/\/www.welovecycling.com\/cs\/author\/"}]}},"_links":{"self":[{"href":"https:\/\/www.welovecycling.com\/cs\/wp-json\/wp\/v2\/posts\/3115","targetHints":{"allow":["GET"]}}],"collection":[{"href":"https:\/\/www.welovecycling.com\/cs\/wp-json\/wp\/v2\/posts"}],"about":[{"href":"https:\/\/www.welovecycling.com\/cs\/wp-json\/wp\/v2\/types\/post"}],"author":[{"embeddable":true,"href":"https:\/\/www.welovecycling.com\/cs\/wp-json\/wp\/v2\/users\/95"}],"replies":[{"embeddable":true,"href":"https:\/\/www.welovecycling.com\/cs\/wp-json\/wp\/v2\/comments?post=3115"}],"version-history":[{"count":2,"href":"https:\/\/www.welovecycling.com\/cs\/wp-json\/wp\/v2\/posts\/3115\/revisions"}],"predecessor-version":[{"id":3180,"href":"https:\/\/www.welovecycling.com\/cs\/wp-json\/wp\/v2\/posts\/3115\/revisions\/3180"}],"wp:featuredmedia":[{"embeddable":true,"href":"https:\/\/www.welovecycling.com\/cs\/wp-json\/wp\/v2\/media\/3131"}],"wp:attachment":[{"href":"https:\/\/www.welovecycling.com\/cs\/wp-json\/wp\/v2\/media?parent=3115"}],"wp:term":[{"taxonomy":"category","embeddable":true,"href":"https:\/\/www.welovecycling.com\/cs\/wp-json\/wp\/v2\/categories?post=3115"},{"taxonomy":"post_tag","embeddable":true,"href":"https:\/\/www.welovecycling.com\/cs\/wp-json\/wp\/v2\/tags?post=3115"},{"taxonomy":"global-categories","embeddable":true,"href":"https:\/\/www.welovecycling.com\/cs\/wp-json\/wp\/v2\/global-categories?post=3115"}],"curies":[{"name":"wp","href":"https:\/\/api.w.org\/{rel}","templated":true}]}}