{"id":31144,"date":"2025-09-29T05:30:28","date_gmt":"2025-09-29T03:30:28","guid":{"rendered":"https:\/\/www.welovecycling.com\/cs\/?p=31144"},"modified":"2025-09-28T23:01:11","modified_gmt":"2025-09-28T21:01:11","slug":"s-vysilackami-by-se-ve-rwande-jel-jiny-zavod","status":"publish","type":"post","link":"https:\/\/www.welovecycling.com\/cs\/2025\/09\/29\/s-vysilackami-by-se-ve-rwande-jel-jiny-zavod\/","title":{"rendered":"S vys\u00edla\u010dkami by se ve Rwand\u011b jel jin\u00fd z\u00e1vod"},"content":{"rendered":"<p><strong>Nevych\u00e1z\u00ed z \u00fadivu. Py\u0161n\u00ed se druh\u00fdm nejlep\u0161\u00edm v\u00fdsledkem \u010desk\u00e9 reprezentace z mistrovstv\u00ed sv\u011bta. V roce 2021 vybojoval Zden\u011bk \u0160tybar v z\u00e1vod\u011b o duhov\u00fd trikot na belgick\u00e9m \u00fazem\u00ed sedmou p\u0159\u00ed\u010dku. U\u017e b\u00fdval\u00fd profesion\u00e1l sledoval s \u00fa\u017easem p\u0159edstaven\u00ed v Kigali, kdy Tadej Poga\u010dar po \u00fatoku v\u00edce ne\u017e sto kilometr\u016f p\u0159ed c\u00edlem z\u00edskal druh\u00fd titul v \u0159ad\u011b.<\/strong><\/p>\n<p>Na kont\u011b m\u00e1 deset start\u016f z mistrovstv\u00ed sv\u011bta. Za\u017eil triumfy Alaphilippa, Sagana, Gilberta \u010di Evenepoela. Slovincovu vl\u00e1du nad pelotonem u\u017e sleduje jen v roli div\u00e1ka. A poka\u017ed\u00e9 zcela ohromen&#8230;<\/p>\n<h2><strong>Je to jako F1 bez radiov\u00e9 komunikace<\/strong><\/h2>\n<p>&#8222;Hodn\u011b z\u00e1sadn\u00edm bodem bitvy o zlato je fakt, \u017ee se mistrovstv\u00ed sv\u011bta jako jedin\u00fd z\u00e1vod profesion\u00e1l\u016f na nejvy\u0161\u0161\u00ed \u00farovni v cel\u00e9m roce jede bez vys\u00edla\u010dek. Kdyby je kluci sm\u011bli pou\u017e\u00edvat stejn\u011b jako v pr\u016fb\u011bhu cel\u00e9ho roku, Remco Evenepoel by byl ve zcela jin\u00e9 situaci. P\u0159i druh\u00e9 v\u00fdm\u011bn\u011b kola by ur\u010dit\u011b jel d\u00e1l a ztratil by t\u0159eba deset sekund m\u00edsto \u010dty\u0159iceti. Bitva o titul by pak mohla vypadat jinak. Netvrd\u00edm, \u017ee by se dot\u00e1hl na \u010delo. Ale rozhodn\u011b by byl Tadej Poga\u010dar pod tlakem.<\/p>\n<figure id=\"attachment_31145\" aria-describedby=\"caption-attachment-31145\" style=\"width: 1800px\" class=\"wp-caption alignnone\"><a href=\"https:\/\/d2p6e6u75xmxt8.cloudfront.net\/13\/2025\/09\/profimedia-1041349478.webp\"><img loading=\"lazy\" decoding=\"async\" class=\"size-full wp-image-31145\" src=\"https:\/\/d2p6e6u75xmxt8.cloudfront.net\/13\/2025\/09\/profimedia-1041349478.webp\" alt=\"\" width=\"1800\" height=\"1200\" srcset=\"https:\/\/d2p6e6u75xmxt8.cloudfront.net\/13\/2025\/09\/profimedia-1041349478.webp 1800w, https:\/\/d2p6e6u75xmxt8.cloudfront.net\/13\/2025\/09\/profimedia-1041349478-300x200.webp 300w, https:\/\/d2p6e6u75xmxt8.cloudfront.net\/13\/2025\/09\/profimedia-1041349478-1024x683.webp 1024w, https:\/\/d2p6e6u75xmxt8.cloudfront.net\/13\/2025\/09\/profimedia-1041349478-768x512.webp 768w, https:\/\/d2p6e6u75xmxt8.cloudfront.net\/13\/2025\/09\/profimedia-1041349478-1536x1024.webp 1536w, https:\/\/d2p6e6u75xmxt8.cloudfront.net\/13\/2025\/09\/profimedia-1041349478-400x267.webp 400w, https:\/\/d2p6e6u75xmxt8.cloudfront.net\/13\/2025\/09\/profimedia-1041349478-272x182.webp 272w\" sizes=\"auto, (max-width: 1800px) 100vw, 1800px\" \/><\/a><figcaption id=\"caption-attachment-31145\" class=\"wp-caption-text\"><em>Kl\u00ed\u010dov\u00fd okam\u017eik MS 2025. Tadej Poga\u010dar \u00fato\u010d\u00ed, Remco Evenepoel couv\u00e1 skupinou na \u010dele z\u00e1vodu p\u0159i v\u00fdstupu na Mount Kigali.<\/em><\/figcaption><\/figure>\n<p>Absence vys\u00edla\u010dek ur\u010dit\u011b nahr\u00e1la Tadejovi. Je slo\u017eit\u011bj\u0161\u00ed se v z\u00e1vod\u011b orientovat. V jednom okam\u017eiku byly v z\u00e1vod\u011b \u010dty\u0159i skupiny a nikdo po\u0159\u00e1dn\u011b nev\u00ed, kde m\u00e1 t\u00fdmov\u00e9ho kolegu. Nech\u00e1pu, pro\u010d Mezin\u00e1rodn\u00ed cyklistick\u00e1 federace trv\u00e1 na \u0161ampion\u00e1tu bez vys\u00edla\u010dek, kdy\u017e se cel\u00fd rok pou\u017e\u00edvaj\u00ed. Bav\u00edme se o z\u00e1vod\u011b nejlep\u0161\u00edch cyklist\u016f planety. Je to jako kdyby ve formuli jedna \u0159ekli p\u0159ed rozhoduj\u00edc\u00edm z\u00e1vodem sezony, \u017ee se pojede bez t\u00fdmov\u00e9ho r\u00e1dia.<\/p>\n<figure id=\"attachment_31140\" aria-describedby=\"caption-attachment-31140\" style=\"width: 1800px\" class=\"wp-caption alignnone\"><a href=\"https:\/\/d2p6e6u75xmxt8.cloudfront.net\/13\/2025\/09\/profimedia-1041360614.webp\"><img loading=\"lazy\" decoding=\"async\" class=\"size-full wp-image-31140\" src=\"https:\/\/d2p6e6u75xmxt8.cloudfront.net\/13\/2025\/09\/profimedia-1041360614.webp\" alt=\"\" width=\"1800\" height=\"1200\" srcset=\"https:\/\/d2p6e6u75xmxt8.cloudfront.net\/13\/2025\/09\/profimedia-1041360614.webp 1800w, https:\/\/d2p6e6u75xmxt8.cloudfront.net\/13\/2025\/09\/profimedia-1041360614-300x200.webp 300w, https:\/\/d2p6e6u75xmxt8.cloudfront.net\/13\/2025\/09\/profimedia-1041360614-1024x683.webp 1024w, https:\/\/d2p6e6u75xmxt8.cloudfront.net\/13\/2025\/09\/profimedia-1041360614-768x512.webp 768w, https:\/\/d2p6e6u75xmxt8.cloudfront.net\/13\/2025\/09\/profimedia-1041360614-1536x1024.webp 1536w, https:\/\/d2p6e6u75xmxt8.cloudfront.net\/13\/2025\/09\/profimedia-1041360614-400x267.webp 400w, https:\/\/d2p6e6u75xmxt8.cloudfront.net\/13\/2025\/09\/profimedia-1041360614-272x182.webp 272w\" sizes=\"auto, (max-width: 1800px) 100vw, 1800px\" \/><\/a><figcaption id=\"caption-attachment-31140\" class=\"wp-caption-text\">Tadej Poga\u010dar jel v s\u00f3lov\u00e9m \u00faniku 66 kilometr\u016f.<\/figcaption><\/figure>\n<p>P\u0159itom z hlediska taktiky by se moc nezm\u011bnilo. Ve Rwand\u011b by ur\u010dit\u011b pou\u017eit\u00ed vys\u00edla\u010dek p\u0159isp\u011blo k v\u011bt\u0161\u00ed atraktivit\u011b. Remco Evenepoel toti\u017e p\u0159ed druhou v\u00fdm\u011bnou kola byl p\u0159esv\u011bd\u010den\u00fd, \u017ee jeho t\u00fdmov\u00e9 auto bude hned za neutr\u00e1ln\u00edm vozem. Proto zastavil. Jen\u017ee netu\u0161il, \u017ee rozhod\u010d\u00ed mezi t\u00edm kolonu rozd\u011blili, a tak tam vznikla mezera t\u0159icet mo\u017en\u00e1 \u010dty\u0159icet sekund. Sou\u010dasn\u011b zase v aut\u011b asi netu\u0161ili, \u017ee Remco bude cht\u00edt m\u011bnit kolo. Mysl\u00edm, \u017ee i p\u0159es druh\u00e9 m\u00edsto m\u016f\u017ee b\u00fdt nadm\u00edru spokojen\u00fd. Z prohran\u00e9ho z\u00e1vodu ud\u011blal skv\u011bl\u00fd v\u00fdsledek.<\/p>\n<div class=\"shortcode-ys-post-pinup\"><article class=\"loop-simple post-31137 post type-post status-publish format-standard has-post-thumbnail hentry category-silnicni-cyklistika tag-cyklistika tag-kigali tag-mistrovstvi-sveta-2025 tag-ms-2025 tag-ms-rwanda tag-remco-evenepoel tag-silnicni-cyklistika tag-tadej-pogacar global-categories-cycling\" data-postid=\"31137\" role=\"article\" data-post-id=\"31137\" data-word-count=\"378\" data-headline-length=\"50\" data-category=\"Silni\u010dn\u00ed cyklistika\" data-global-category=\"Cycling\" data-author=\"Radek Malina\" data-published=\"2025-09-28T22:16:39+02:00\" data-published-day=\"Sunday\">\n    <div class=\"entry-thumbnail article-thumbnail\" content=\"https:\/\/d2p6e6u75xmxt8.cloudfront.net\/13\/2025\/09\/profimedia-1041400435-150x150.webp\"><a href=\"https:\/\/www.welovecycling.com\/cs\/2025\/09\/28\/exhibice-tadej-pogacar-dal-pecet-nadrazenosti\/\" class=\"image-holder\" target=\"_self\"><img decoding=\"async\" loading=\"lazy\" class=\"\" src=\"https:\/\/d2p6e6u75xmxt8.cloudfront.net\/13\/2025\/09\/profimedia-1041400435-1024x683.webp\" srcset=\"https:\/\/d2p6e6u75xmxt8.cloudfront.net\/13\/2025\/09\/profimedia-1041400435.webp 1800w, https:\/\/d2p6e6u75xmxt8.cloudfront.net\/13\/2025\/09\/profimedia-1041400435-300x200.webp 300w, https:\/\/d2p6e6u75xmxt8.cloudfront.net\/13\/2025\/09\/profimedia-1041400435-1024x683.webp 1024w, https:\/\/d2p6e6u75xmxt8.cloudfront.net\/13\/2025\/09\/profimedia-1041400435-768x512.webp 768w, https:\/\/d2p6e6u75xmxt8.cloudfront.net\/13\/2025\/09\/profimedia-1041400435-1536x1024.webp 1536w, https:\/\/d2p6e6u75xmxt8.cloudfront.net\/13\/2025\/09\/profimedia-1041400435-400x267.webp 400w, https:\/\/d2p6e6u75xmxt8.cloudfront.net\/13\/2025\/09\/profimedia-1041400435-272x182.webp 272w\" width=\"1024\" height=\"683\" sizes=\"auto, (min-width: 1200px) 300px, (min-width: 768px) 25vw, 100vw\" alt=\"exhibice-tadej-pogacar-dal-pecet-nadrazenosti\"\/><\/a><\/div>    <div class=\"entry-meta\">\n        <a class=\"label label-secondary post-category\" href=\"https:\/\/www.welovecycling.com\/cs\/category\/silnicni-cyklistika\/\" title=\"Silni\u010dn\u00ed cyklistika\">Silni\u010dn\u00ed cyklistika<\/a>\n    <\/div>\n    <div class=\"entry-details\">\n        <a href=\"https:\/\/www.welovecycling.com\/cs\/2025\/09\/28\/exhibice-tadej-pogacar-dal-pecet-nadrazenosti\/\" class='entry-title-wrapper'>\n            <h3 class=\"entry-title\"><span>Exhibice! Tadej Poga\u010dar dal pe\u010de\u0165 nad\u0159azenosti<\/span><\/h3>\n        <\/a>\n    <\/div>\n    <\/article>\n<\/div>\n<p>Up\u0159\u00edmn\u011b si mysl\u00edm, \u017ee Tadej Poga\u010dar byl z hlediska v\u00fdkonnosti jinde. P\u0159edvedl v\u00fdkon z jin\u00e9ho vesm\u00edru. Bylo neuv\u011b\u0159iteln\u00e9 sledovat, \u017ee po sto kilometrech v \u00faniku a \u0161esta\u0161edes\u00e1ti kilometrech s\u00f3lov\u00e9 j\u00edzdy je\u0161t\u011b v z\u00e1v\u011bru zrychlil a zv\u00fd\u0161il rozestupy. V c\u00edli m\u011bl pr\u016fm\u011br po \u0161esti hodin\u00e1ch a p\u0159ev\u00fd\u0161en\u00ed t\u00e9m\u011b\u0159 \u0161est tis\u00edc metr\u016f pr\u016fm\u011br dvaa\u010dty\u0159icet kilometr\u016f. To je naprosto \u0161\u00edlen\u00e9! Des\u00e1t\u00fd Tom Pidcock z Velk\u00e9 Brit\u00e1nie ztratil t\u00e9m\u011b\u0159 deset minut, co\u017e je obrovsk\u00fd rozd\u00edl. P\u0159i\u0161lo mi, \u017ee p\u0159itom jel po\u0159\u00e1d s jistou rezervou a kdyby pot\u0159eboval zrychlit, tak je\u0161t\u011b zrychlil.<\/p>\n<figure id=\"attachment_31146\" aria-describedby=\"caption-attachment-31146\" style=\"width: 1800px\" class=\"wp-caption alignnone\"><a href=\"https:\/\/d2p6e6u75xmxt8.cloudfront.net\/13\/2025\/09\/profimedia-1041351822.webp\"><img loading=\"lazy\" decoding=\"async\" class=\"size-full wp-image-31146\" src=\"https:\/\/d2p6e6u75xmxt8.cloudfront.net\/13\/2025\/09\/profimedia-1041351822.webp\" alt=\"\" width=\"1800\" height=\"1200\" srcset=\"https:\/\/d2p6e6u75xmxt8.cloudfront.net\/13\/2025\/09\/profimedia-1041351822.webp 1800w, https:\/\/d2p6e6u75xmxt8.cloudfront.net\/13\/2025\/09\/profimedia-1041351822-300x200.webp 300w, https:\/\/d2p6e6u75xmxt8.cloudfront.net\/13\/2025\/09\/profimedia-1041351822-1024x683.webp 1024w, https:\/\/d2p6e6u75xmxt8.cloudfront.net\/13\/2025\/09\/profimedia-1041351822-768x512.webp 768w, https:\/\/d2p6e6u75xmxt8.cloudfront.net\/13\/2025\/09\/profimedia-1041351822-1536x1024.webp 1536w, https:\/\/d2p6e6u75xmxt8.cloudfront.net\/13\/2025\/09\/profimedia-1041351822-400x267.webp 400w, https:\/\/d2p6e6u75xmxt8.cloudfront.net\/13\/2025\/09\/profimedia-1041351822-272x182.webp 272w\" sizes=\"auto, (max-width: 1800px) 100vw, 1800px\" \/><\/a><figcaption id=\"caption-attachment-31146\" class=\"wp-caption-text\"><em>Remco Evenepoel se vztek\u00e1 p\u0159i \u010dek\u00e1n\u00ed na t\u00fdmov\u00e9 auto.<\/em><\/figcaption><\/figure>\n<p>Kdy\u017e jsem vid\u011bl \u010dasovku na mistrovstv\u00ed sv\u011bta, tak Remco Evenepoel let\u011bl. \u0158\u00edkal jsem si, \u017ee mo\u017en\u00e1 Tadej Poga\u010dar nebude m\u00edt ve Rwand\u011b ide\u00e1ln\u00ed formu. Nicm\u00e9n\u011b bylo t\u0159eba si uv\u011bdomit, \u017ee Remco je na \u010dasovku prost\u011b expert a po nevyda\u0159en\u00e9 Tour de France pro n\u011bj byla bitva s chronometrem vrcholem zbytku sezony. V\u017edy\u0165 kv\u016fli \u0161ampion\u00e1tu absolvoval na rozd\u00edl od Poga\u010dara i vysokohorsk\u00e9 soust\u0159ed\u011bn\u00ed.<\/p>\n<div class=\"shortcode-ys-post-pinup\"><article class=\"loop-simple post-30916 post type-post status-publish format-standard has-post-thumbnail hentry category-silnicni-cyklistika tag-cyklistika tag-la-vuelta-2025 tag-rekord tag-silnicni-cyklistika tag-uae-emirates-xrg tag-vuelta-2025 global-categories-cycling\" data-postid=\"30916\" role=\"article\" data-post-id=\"30916\" data-word-count=\"302\" data-headline-length=\"36\" data-category=\"Silni\u010dn\u00ed cyklistika\" data-global-category=\"Cycling\" data-author=\"We Love Cycling\" data-published=\"2025-09-06T22:06:18+02:00\" data-published-day=\"Saturday\">\n    <div class=\"entry-thumbnail article-thumbnail\" content=\"https:\/\/d2p6e6u75xmxt8.cloudfront.net\/13\/2025\/09\/20250906LV4002-150x150.webp\"><a href=\"https:\/\/www.welovecycling.com\/cs\/2025\/09\/06\/chamtivi-partaci-tadeje-pogacara\/\" class=\"image-holder\" target=\"_self\"><img decoding=\"async\" loading=\"lazy\" class=\"\" src=\"https:\/\/d2p6e6u75xmxt8.cloudfront.net\/13\/2025\/09\/20250906LV4002-1024x683.webp\" srcset=\"https:\/\/d2p6e6u75xmxt8.cloudfront.net\/13\/2025\/09\/20250906LV4002-scaled.webp 2560w, https:\/\/d2p6e6u75xmxt8.cloudfront.net\/13\/2025\/09\/20250906LV4002-300x200.webp 300w, https:\/\/d2p6e6u75xmxt8.cloudfront.net\/13\/2025\/09\/20250906LV4002-1024x683.webp 1024w, https:\/\/d2p6e6u75xmxt8.cloudfront.net\/13\/2025\/09\/20250906LV4002-768x512.webp 768w, https:\/\/d2p6e6u75xmxt8.cloudfront.net\/13\/2025\/09\/20250906LV4002-1536x1024.webp 1536w, https:\/\/d2p6e6u75xmxt8.cloudfront.net\/13\/2025\/09\/20250906LV4002-2048x1365.webp 2048w, https:\/\/d2p6e6u75xmxt8.cloudfront.net\/13\/2025\/09\/20250906LV4002-1920x1280.webp 1920w, https:\/\/d2p6e6u75xmxt8.cloudfront.net\/13\/2025\/09\/20250906LV4002-400x267.webp 400w, https:\/\/d2p6e6u75xmxt8.cloudfront.net\/13\/2025\/09\/20250906LV4002-272x182.webp 272w, https:\/\/d2p6e6u75xmxt8.cloudfront.net\/13\/2025\/09\/20250906LV4002-1920x1280.webp 1920w\" width=\"1024\" height=\"683\" sizes=\"auto, (min-width: 1200px) 300px, (min-width: 768px) 25vw, 100vw\" alt=\"chamtivi-partaci-tadeje-pogacara\"\/><\/a><\/div>    <div class=\"entry-meta\">\n        <a class=\"label label-secondary post-category\" href=\"https:\/\/www.welovecycling.com\/cs\/category\/silnicni-cyklistika\/\" title=\"Silni\u010dn\u00ed cyklistika\">Silni\u010dn\u00ed cyklistika<\/a>\n    <\/div>\n    <div class=\"entry-details\">\n        <a href=\"https:\/\/www.welovecycling.com\/cs\/2025\/09\/06\/chamtivi-partaci-tadeje-pogacara\/\" class='entry-title-wrapper'>\n            <h3 class=\"entry-title\"><span>Chamtiv\u00ed par\u0165\u00e1ci Tadeje Poga\u010dara<\/span><\/h3>\n        <\/a>\n    <\/div>\n    <\/article>\n<\/div>\n<p>Nikdo nev\u011b\u0159il, \u017ee by Tadej Poga\u010dar mohl za\u00fato\u010dit v\u00edce ne\u017e sto kilometr\u016f p\u0159ed c\u00edlem. P\u0159ed rokem v Curychu sice vyrazil sto kilometr\u016f p\u0159ed fini\u0161em, a pak jel jednapades\u00e1t kilometr\u016f osamocen, ale to byl jin\u00fd okruh. V Kigali byl z\u00e1vod mnohem n\u00e1ro\u010dn\u011bj\u0161\u00ed. Jen\u017ee kdy\u017e si Tadej \u0159ekne, \u017ee odjede, tak prost\u011b odjede. V okam\u017eiku \u00fatoku m\u011bl ide\u00e1ln\u00ed konstelaci. N\u00e1sledovali ho Ayuso a Del Toro, co\u017e jsou nejsiln\u011bj\u0161\u00ed kluci posledn\u00edch t\u00fddn\u016f a sou\u010dasn\u011b t\u00fdmov\u00ed kolegov\u00e9. Nav\u00edc Remco Evenepoel m\u011bl probl\u00e9my se sedlem.<\/p>\n<h2><strong>Tadej Poga\u010dar vyrovn\u00e1 Sagana<\/strong><\/h2>\n<p>Kdy\u017e v\u0161ak z\u016fstal \u0161esta\u0161edes\u00e1t kilometr\u016f p\u0159ed c\u00edlem osamocen, bylo to velk\u00e9 riziko. Jen\u017ee Tadej Poga\u010dar jel neuv\u011b\u0159iteln\u00fdm tempem. V\u016fbec neztratil odstup od pron\u00e1sledovatel\u016f. Ur\u010dit\u011b m\u011bl spo\u010d\u00edtan\u00e9, jak\u00fd pot\u0159ebuje v\u00fdkon v posledn\u00edch dvou hodin\u00e1ch z\u00e1vodu pro p\u0159\u00edpad, \u017ee bude v\u00fdvoj, jak jsme vid\u011bli. Jde o nejlep\u0161\u00edho cyklistu v\u0161ech dob. P\u0159esto\u017ee ho Remco Evenepoel v \u010dasovce deklasoval, v\u016fbec slovinsk\u00fd l\u00eddr nev\u011b\u0161el hlavu. Uk\u00e1zal odvahu a sebev\u011bdom\u00ed. P\u0159itom nen\u00ed nijak nafoukan\u00fd, nerozhla\u0161oval v p\u0159edstihu, \u017ee si jde pro odplatu.<\/p>\n<figure id=\"attachment_31147\" aria-describedby=\"caption-attachment-31147\" style=\"width: 1800px\" class=\"wp-caption alignnone\"><a href=\"https:\/\/d2p6e6u75xmxt8.cloudfront.net\/13\/2025\/09\/profimedia-1041400262-1.webp\"><img loading=\"lazy\" decoding=\"async\" class=\"size-full wp-image-31147\" src=\"https:\/\/d2p6e6u75xmxt8.cloudfront.net\/13\/2025\/09\/profimedia-1041400262-1.webp\" alt=\"\" width=\"1800\" height=\"1200\" srcset=\"https:\/\/d2p6e6u75xmxt8.cloudfront.net\/13\/2025\/09\/profimedia-1041400262-1.webp 1800w, https:\/\/d2p6e6u75xmxt8.cloudfront.net\/13\/2025\/09\/profimedia-1041400262-1-300x200.webp 300w, https:\/\/d2p6e6u75xmxt8.cloudfront.net\/13\/2025\/09\/profimedia-1041400262-1-1024x683.webp 1024w, https:\/\/d2p6e6u75xmxt8.cloudfront.net\/13\/2025\/09\/profimedia-1041400262-1-768x512.webp 768w, https:\/\/d2p6e6u75xmxt8.cloudfront.net\/13\/2025\/09\/profimedia-1041400262-1-1536x1024.webp 1536w, https:\/\/d2p6e6u75xmxt8.cloudfront.net\/13\/2025\/09\/profimedia-1041400262-1-400x267.webp 400w, https:\/\/d2p6e6u75xmxt8.cloudfront.net\/13\/2025\/09\/profimedia-1041400262-1-272x182.webp 272w\" sizes=\"auto, (max-width: 1800px) 100vw, 1800px\" \/><\/a><figcaption id=\"caption-attachment-31147\" class=\"wp-caption-text\"><em>Remco Evenepoel na stupn\u00edch v\u00edt\u011bz\u016f p\u0159i MS v Kigali, kde z\u00edskal zlato Tadej Poga\u010dar.<\/em><\/figcaption><\/figure>\n<p>Naopak Remco Evenepoel ud\u011blal velkou hloupost, kdy\u017e p\u0159ed druhou v\u00fdm\u011bnou \u010dekal na auto. M\u011bl jet d\u00e1l a rozhodn\u011b nem\u011bl sesedat. Nechal se rozhodit. Sice se n\u00e1sledn\u011b dotahoval na \u010delo a p\u0159edj\u00ed\u017ed\u011bl kluky ze skupin p\u0159ed sebou, jen\u017ee u\u017e bylo pozd\u011b. Nestalo se mu poprv\u00e9, \u017ee mu Poga\u010dar na mistrovstv\u00ed sv\u011bta odjel takhle daleko p\u0159ed c\u00edlem. Jeho frustrace byla obrovsk\u00e1. Na Tour m\u00e1val na televizn\u00ed motorku, aby jela pry\u010d a nenat\u00e1\u010dela ho. Tady rozhazoval rukama a kopal kolem sebe. Kdy\u017e se mu neda\u0159\u00ed, je agresivn\u00ed. Klobouk dol\u016f, \u017ee si dok\u00e1zal dojet pro medaili, proto\u017ee po dvoj\u00ed v\u00fdm\u011bn\u011b kola mohl klidn\u011b zajet do depa a sl\u00e9zt z kola. Ment\u00e1ln\u011b zvl\u00e1dl z\u00e1v\u011br skv\u011ble.<\/p>\n<figure id=\"attachment_31139\" aria-describedby=\"caption-attachment-31139\" style=\"width: 1200px\" class=\"wp-caption alignnone\"><a href=\"https:\/\/d2p6e6u75xmxt8.cloudfront.net\/13\/2025\/09\/profimedia-1041389217.webp\"><img loading=\"lazy\" decoding=\"async\" class=\"size-full wp-image-31139\" src=\"https:\/\/d2p6e6u75xmxt8.cloudfront.net\/13\/2025\/09\/profimedia-1041389217.webp\" alt=\"\" width=\"1200\" height=\"1800\" srcset=\"https:\/\/d2p6e6u75xmxt8.cloudfront.net\/13\/2025\/09\/profimedia-1041389217.webp 1200w, https:\/\/d2p6e6u75xmxt8.cloudfront.net\/13\/2025\/09\/profimedia-1041389217-200x300.webp 200w, https:\/\/d2p6e6u75xmxt8.cloudfront.net\/13\/2025\/09\/profimedia-1041389217-683x1024.webp 683w, https:\/\/d2p6e6u75xmxt8.cloudfront.net\/13\/2025\/09\/profimedia-1041389217-768x1152.webp 768w, https:\/\/d2p6e6u75xmxt8.cloudfront.net\/13\/2025\/09\/profimedia-1041389217-1024x1536.webp 1024w, https:\/\/d2p6e6u75xmxt8.cloudfront.net\/13\/2025\/09\/profimedia-1041389217-267x400.webp 267w\" sizes=\"auto, (max-width: 1200px) 100vw, 1200px\" \/><\/a><figcaption id=\"caption-attachment-31139\" class=\"wp-caption-text\"><em>Zlat\u00fd Tadej Poga\u010dar po v\u00edt\u011bzstv\u00ed na MS v Kigali.<\/em><\/figcaption><\/figure>\n<p><a href=\"https:\/\/www.welovecycling.com\/cs\/2025\/09\/25\/pogacar-jako-outsider\/\">Tadej Poga\u010dar<\/a> dostane p\u0159\u00edle\u017eitost vyrovnat Sagana. Za rok se jede mistrovstv\u00ed sv\u011bta v Kanad\u011b na okruhu v Montrealu, kter\u00fd bude tak\u00e9 pro vrcha\u0159e. Mysl\u00edm, \u017ee pokud bude zdrav\u00fd, vyhraje t\u0159et\u00ed titul v \u0159ad\u011b. Proto\u017ee kdy\u017e si \u0159ekne, \u017ee chce zv\u00edt\u011bzit, prost\u011b zv\u00edt\u011bz\u00ed. S jeho n\u00e1stupy sto kilometr\u016f p\u0159ed c\u00edlem je t\u011b\u017ek\u00e9 vymyslet, jak ho ohrozit.<\/p>\n<p>Z \u010desk\u00e9ho pohledu m\u011b mrzelo, \u017ee \u017e\u00e1dn\u00fd z na\u0161ich reprezentant\u016f ne\u0161el do \u00faniku. Museli v\u011bd\u011bt, \u017ee se z\u00e1vod bude odv\u00edjet p\u0159esn\u011b takhle. Proto si mysl\u00edm, \u017ee m\u011bli v \u00favodu uk\u00e1zat \u010desk\u00fd dres p\u0159ed hlavn\u00edm polem.&#8220;<\/p>\n","protected":false},"excerpt":{"rendered":"<p>Nevych\u00e1z\u00ed z \u00fadivu. Py\u0161n\u00ed se druh\u00fdm nejlep\u0161\u00edm v\u00fdsledkem \u010desk\u00e9 reprezentace z mistrovstv\u00ed sv\u011bta. V roce 2021 vybojoval Zden\u011bk \u0160tybar v [&hellip;]<\/p>\n","protected":false},"author":138,"featured_media":26669,"comment_status":"open","ping_status":"open","sticky":false,"template":"","format":"standard","meta":{"footnotes":""},"categories":[10],"tags":[126,1154,4034,4387,1072,9,502,73],"global-categories":[411],"class_list":["post-31144","post","type-post","status-publish","format-standard","has-post-thumbnail","hentry","category-silnicni-cyklistika","tag-cyklistika","tag-mistrovstvi-sveta","tag-ms-2025","tag-ms-kigali","tag-remco-evenepoel","tag-silnicni-cyklistika","tag-tadej-pogacar","tag-zdenek-stybar","global-categories-cycling"],"yoast_head":"<!-- This site is optimized with the Yoast SEO Premium plugin v25.3 (Yoast SEO v25.9) - https:\/\/yoast.com\/wordpress\/plugins\/seo\/ -->\n<title>S vys\u00edla\u010dkami by se ve Rwand\u011b jel jin\u00fd z\u00e1vod | \u0160koda We Love Cycling - \u010cesk\u00e1 republika<\/title>\n<meta name=\"description\" content=\"Nevych\u00e1z\u00ed z \u00fadivu. Py\u0161n\u00ed se druh\u00fdm nejlep\u0161\u00edm v\u00fdsledkem \u010desk\u00e9 reprezentace z mistrovstv\u00ed sv\u011bta. V roce 2021 vybojoval Zden\u011bk \u0160tybar v z\u00e1vod\u011b o duhov\u00fd trikot na belgick\u00e9m \u00fazem\u00ed sedmou p\u0159\u00ed\u010dku. U\u017e b\u00fdval\u00fd profesion\u00e1l sledoval s \u00fa\u017easem p\u0159edstaven\u00ed v Kigali, kdy Tadej Poga\u010dar po \u00fatoku v\u00edce ne\u017e sto kilometr\u016f p\u0159ed c\u00edlem z\u00edskal druh\u00fd titul v \u0159ad\u011b.\" \/>\n<meta name=\"robots\" content=\"index, follow, max-snippet:-1, max-image-preview:large, max-video-preview:-1\" \/>\n<link rel=\"canonical\" href=\"https:\/\/www.welovecycling.com\/cs\/2025\/09\/29\/s-vysilackami-by-se-ve-rwande-jel-jiny-zavod\/\" \/>\n<meta property=\"og:locale\" content=\"cs_CZ\" \/>\n<meta property=\"og:type\" content=\"article\" \/>\n<meta property=\"og:title\" content=\"S vys\u00edla\u010dkami by se ve Rwand\u011b jel jin\u00fd z\u00e1vod\" \/>\n<meta property=\"og:description\" content=\"Nevych\u00e1z\u00ed z \u00fadivu. Py\u0161n\u00ed se druh\u00fdm nejlep\u0161\u00edm v\u00fdsledkem \u010desk\u00e9 reprezentace z mistrovstv\u00ed sv\u011bta. V roce 2021 vybojoval Zden\u011bk \u0160tybar v z\u00e1vod\u011b o duhov\u00fd trikot na belgick\u00e9m \u00fazem\u00ed sedmou p\u0159\u00ed\u010dku. U\u017e b\u00fdval\u00fd profesion\u00e1l sledoval s \u00fa\u017easem p\u0159edstaven\u00ed v Kigali, kdy Tadej Poga\u010dar po \u00fatoku v\u00edce ne\u017e sto kilometr\u016f p\u0159ed c\u00edlem z\u00edskal druh\u00fd titul v \u0159ad\u011b.\" \/>\n<meta property=\"og:url\" content=\"https:\/\/www.welovecycling.com\/cs\/2025\/09\/29\/s-vysilackami-by-se-ve-rwande-jel-jiny-zavod\/\" \/>\n<meta property=\"og:site_name\" content=\"\u0160koda We Love Cycling - \u010cesk\u00e1 republika\" \/>\n<meta property=\"article:published_time\" content=\"2025-09-29T03:30:28+00:00\" \/>\n<meta property=\"og:image\" content=\"https:\/\/d2p6e6u75xmxt8.cloudfront.net\/13\/2024\/07\/1800-x-1200-velky.webp\" \/>\n\t<meta property=\"og:image:width\" content=\"1800\" \/>\n\t<meta property=\"og:image:height\" content=\"1200\" \/>\n\t<meta property=\"og:image:type\" content=\"image\/webp\" \/>\n<meta name=\"author\" content=\"radekmalina\" \/>\n<meta name=\"twitter:card\" content=\"summary_large_image\" \/>\n<meta name=\"twitter:label1\" content=\"Written by\" \/>\n\t<meta name=\"twitter:data1\" content=\"We Love Cycling\" \/>\n\t<meta name=\"twitter:label2\" content=\"Est. reading time\" \/>\n\t<meta name=\"twitter:data2\" content=\"5\" \/>\n<script type=\"application\/ld+json\" class=\"yoast-schema-graph\">{\"@context\":\"https:\/\/schema.org\",\"@graph\":[{\"@type\":\"WebPage\",\"@id\":\"https:\/\/www.welovecycling.com\/cs\/2025\/09\/29\/s-vysilackami-by-se-ve-rwande-jel-jiny-zavod\/\",\"url\":\"https:\/\/www.welovecycling.com\/cs\/2025\/09\/29\/s-vysilackami-by-se-ve-rwande-jel-jiny-zavod\/\",\"name\":\"S vys\u00edla\u010dkami by se ve Rwand\u011b jel jin\u00fd z\u00e1vod | \u0160koda We Love Cycling - \u010cesk\u00e1 republika\",\"isPartOf\":{\"@id\":\"https:\/\/www.welovecycling.com\/cs\/#website\"},\"primaryImageOfPage\":{\"@id\":\"https:\/\/www.welovecycling.com\/cs\/2025\/09\/29\/s-vysilackami-by-se-ve-rwande-jel-jiny-zavod\/#primaryimage\"},\"image\":{\"@id\":\"https:\/\/www.welovecycling.com\/cs\/2025\/09\/29\/s-vysilackami-by-se-ve-rwande-jel-jiny-zavod\/#primaryimage\"},\"thumbnailUrl\":\"https:\/\/d2p6e6u75xmxt8.cloudfront.net\/13\/2024\/07\/1800-x-1200-velky.webp\",\"datePublished\":\"2025-09-29T03:30:28+00:00\",\"author\":{\"@id\":\"https:\/\/www.welovecycling.com\/cs\/#\/schema\/person\/d9eeb0a378f3a7e4a6d12d2b536b04b8\"},\"description\":\"Nevych\u00e1z\u00ed z \u00fadivu. Py\u0161n\u00ed se druh\u00fdm nejlep\u0161\u00edm v\u00fdsledkem \u010desk\u00e9 reprezentace z mistrovstv\u00ed sv\u011bta. V roce 2021 vybojoval Zden\u011bk \u0160tybar v z\u00e1vod\u011b o duhov\u00fd trikot na belgick\u00e9m \u00fazem\u00ed sedmou p\u0159\u00ed\u010dku. U\u017e b\u00fdval\u00fd profesion\u00e1l sledoval s \u00fa\u017easem p\u0159edstaven\u00ed v Kigali, kdy Tadej Poga\u010dar po \u00fatoku v\u00edce ne\u017e sto kilometr\u016f p\u0159ed c\u00edlem z\u00edskal druh\u00fd titul v \u0159ad\u011b.\",\"inLanguage\":\"cs\",\"potentialAction\":[{\"@type\":\"ReadAction\",\"target\":[\"https:\/\/www.welovecycling.com\/cs\/2025\/09\/29\/s-vysilackami-by-se-ve-rwande-jel-jiny-zavod\/\"]}]},{\"@type\":\"ImageObject\",\"inLanguage\":\"cs\",\"@id\":\"https:\/\/www.welovecycling.com\/cs\/2025\/09\/29\/s-vysilackami-by-se-ve-rwande-jel-jiny-zavod\/#primaryimage\",\"url\":\"https:\/\/d2p6e6u75xmxt8.cloudfront.net\/13\/2024\/07\/1800-x-1200-velky.webp\",\"contentUrl\":\"https:\/\/d2p6e6u75xmxt8.cloudfront.net\/13\/2024\/07\/1800-x-1200-velky.webp\",\"width\":1800,\"height\":1200,\"caption\":\"Zden\u011bk \u0160tybar Roubaix Wout van Aert Mathias Vacek Tadej Poga\u010dar Remco Evenepoel Mathieu van der Poel\"},{\"@type\":\"WebSite\",\"@id\":\"https:\/\/www.welovecycling.com\/cs\/#website\",\"url\":\"https:\/\/www.welovecycling.com\/cs\/\",\"name\":\"\u0160koda We Love Cycling - \u010cesk\u00e1 republika\",\"description\":\"WeLoveCycling.cz je online magaz\u00edn, kter\u00fd v\u00e1m pravideln\u011b p\u0159in\u00e1\u0161\u00ed rady a tipy, zaj\u00edmav\u00e9 \u010dl\u00e1nky, videa a jedine\u010dn\u00e9 report\u00e1\u017ee ze sv\u011bta cyklistiky.\",\"potentialAction\":[{\"@type\":\"SearchAction\",\"target\":{\"@type\":\"EntryPoint\",\"urlTemplate\":\"https:\/\/www.welovecycling.com\/cs\/?s={search_term_string}\"},\"query-input\":{\"@type\":\"PropertyValueSpecification\",\"valueRequired\":true,\"valueName\":\"search_term_string\"}}],\"inLanguage\":\"cs\"},{\"@type\":\"Person\",\"@id\":\"https:\/\/www.welovecycling.com\/cs\/#\/schema\/person\/d9eeb0a378f3a7e4a6d12d2b536b04b8\",\"name\":\"radekmalina\",\"image\":{\"@type\":\"ImageObject\",\"inLanguage\":\"cs\",\"@id\":\"https:\/\/www.welovecycling.com\/cs\/#\/schema\/person\/image\/\",\"url\":\"https:\/\/secure.gravatar.com\/avatar\/66994b632cb8c39a46b9f54afa3ae07201b678d32a54275b6f1c9ffec356bfc0?s=96&d=mm&r=g\",\"contentUrl\":\"https:\/\/secure.gravatar.com\/avatar\/66994b632cb8c39a46b9f54afa3ae07201b678d32a54275b6f1c9ffec356bfc0?s=96&d=mm&r=g\",\"caption\":\"radekmalina\"},\"url\":\"https:\/\/www.welovecycling.com\/cs\/author\/radekmalina\/\"}]}<\/script>\n<!-- \/ Yoast SEO Premium plugin. -->","yoast_head_json":{"title":"S vys\u00edla\u010dkami by se ve Rwand\u011b jel jin\u00fd z\u00e1vod | \u0160koda We Love Cycling - \u010cesk\u00e1 republika","description":"Nevych\u00e1z\u00ed z \u00fadivu. Py\u0161n\u00ed se druh\u00fdm nejlep\u0161\u00edm v\u00fdsledkem \u010desk\u00e9 reprezentace z mistrovstv\u00ed sv\u011bta. V roce 2021 vybojoval Zden\u011bk \u0160tybar v z\u00e1vod\u011b o duhov\u00fd trikot na belgick\u00e9m \u00fazem\u00ed sedmou p\u0159\u00ed\u010dku. U\u017e b\u00fdval\u00fd profesion\u00e1l sledoval s \u00fa\u017easem p\u0159edstaven\u00ed v Kigali, kdy Tadej Poga\u010dar po \u00fatoku v\u00edce ne\u017e sto kilometr\u016f p\u0159ed c\u00edlem z\u00edskal druh\u00fd titul v \u0159ad\u011b.","robots":{"index":"index","follow":"follow","max-snippet":"max-snippet:-1","max-image-preview":"max-image-preview:large","max-video-preview":"max-video-preview:-1"},"canonical":"https:\/\/www.welovecycling.com\/cs\/2025\/09\/29\/s-vysilackami-by-se-ve-rwande-jel-jiny-zavod\/","og_locale":"cs_CZ","og_type":"article","og_title":"S vys\u00edla\u010dkami by se ve Rwand\u011b jel jin\u00fd z\u00e1vod","og_description":"Nevych\u00e1z\u00ed z \u00fadivu. Py\u0161n\u00ed se druh\u00fdm nejlep\u0161\u00edm v\u00fdsledkem \u010desk\u00e9 reprezentace z mistrovstv\u00ed sv\u011bta. V roce 2021 vybojoval Zden\u011bk \u0160tybar v z\u00e1vod\u011b o duhov\u00fd trikot na belgick\u00e9m \u00fazem\u00ed sedmou p\u0159\u00ed\u010dku. U\u017e b\u00fdval\u00fd profesion\u00e1l sledoval s \u00fa\u017easem p\u0159edstaven\u00ed v Kigali, kdy Tadej Poga\u010dar po \u00fatoku v\u00edce ne\u017e sto kilometr\u016f p\u0159ed c\u00edlem z\u00edskal druh\u00fd titul v \u0159ad\u011b.","og_url":"https:\/\/www.welovecycling.com\/cs\/2025\/09\/29\/s-vysilackami-by-se-ve-rwande-jel-jiny-zavod\/","og_site_name":"\u0160koda We Love Cycling - \u010cesk\u00e1 republika","article_published_time":"2025-09-29T03:30:28+00:00","og_image":[{"width":1800,"height":1200,"url":"https:\/\/d2p6e6u75xmxt8.cloudfront.net\/13\/2024\/07\/1800-x-1200-velky.webp","type":"image\/webp"}],"author":"radekmalina","twitter_card":"summary_large_image","twitter_misc":{"Written by":"We Love Cycling","Est. reading time":"5"},"schema":{"@context":"https:\/\/schema.org","@graph":[{"@type":"WebPage","@id":"https:\/\/www.welovecycling.com\/cs\/2025\/09\/29\/s-vysilackami-by-se-ve-rwande-jel-jiny-zavod\/","url":"https:\/\/www.welovecycling.com\/cs\/2025\/09\/29\/s-vysilackami-by-se-ve-rwande-jel-jiny-zavod\/","name":"S vys\u00edla\u010dkami by se ve Rwand\u011b jel jin\u00fd z\u00e1vod | \u0160koda We Love Cycling - \u010cesk\u00e1 republika","isPartOf":{"@id":"https:\/\/www.welovecycling.com\/cs\/#website"},"primaryImageOfPage":{"@id":"https:\/\/www.welovecycling.com\/cs\/2025\/09\/29\/s-vysilackami-by-se-ve-rwande-jel-jiny-zavod\/#primaryimage"},"image":{"@id":"https:\/\/www.welovecycling.com\/cs\/2025\/09\/29\/s-vysilackami-by-se-ve-rwande-jel-jiny-zavod\/#primaryimage"},"thumbnailUrl":"https:\/\/d2p6e6u75xmxt8.cloudfront.net\/13\/2024\/07\/1800-x-1200-velky.webp","datePublished":"2025-09-29T03:30:28+00:00","author":{"@id":"https:\/\/www.welovecycling.com\/cs\/#\/schema\/person\/d9eeb0a378f3a7e4a6d12d2b536b04b8"},"description":"Nevych\u00e1z\u00ed z \u00fadivu. Py\u0161n\u00ed se druh\u00fdm nejlep\u0161\u00edm v\u00fdsledkem \u010desk\u00e9 reprezentace z mistrovstv\u00ed sv\u011bta. V roce 2021 vybojoval Zden\u011bk \u0160tybar v z\u00e1vod\u011b o duhov\u00fd trikot na belgick\u00e9m \u00fazem\u00ed sedmou p\u0159\u00ed\u010dku. U\u017e b\u00fdval\u00fd profesion\u00e1l sledoval s \u00fa\u017easem p\u0159edstaven\u00ed v Kigali, kdy Tadej Poga\u010dar po \u00fatoku v\u00edce ne\u017e sto kilometr\u016f p\u0159ed c\u00edlem z\u00edskal druh\u00fd titul v \u0159ad\u011b.","inLanguage":"cs","potentialAction":[{"@type":"ReadAction","target":["https:\/\/www.welovecycling.com\/cs\/2025\/09\/29\/s-vysilackami-by-se-ve-rwande-jel-jiny-zavod\/"]}]},{"@type":"ImageObject","inLanguage":"cs","@id":"https:\/\/www.welovecycling.com\/cs\/2025\/09\/29\/s-vysilackami-by-se-ve-rwande-jel-jiny-zavod\/#primaryimage","url":"https:\/\/d2p6e6u75xmxt8.cloudfront.net\/13\/2024\/07\/1800-x-1200-velky.webp","contentUrl":"https:\/\/d2p6e6u75xmxt8.cloudfront.net\/13\/2024\/07\/1800-x-1200-velky.webp","width":1800,"height":1200,"caption":"Zden\u011bk \u0160tybar Roubaix Wout van Aert Mathias Vacek Tadej Poga\u010dar Remco Evenepoel Mathieu van der Poel"},{"@type":"WebSite","@id":"https:\/\/www.welovecycling.com\/cs\/#website","url":"https:\/\/www.welovecycling.com\/cs\/","name":"\u0160koda We Love Cycling - \u010cesk\u00e1 republika","description":"WeLoveCycling.cz je online magaz\u00edn, kter\u00fd v\u00e1m pravideln\u011b p\u0159in\u00e1\u0161\u00ed rady a tipy, zaj\u00edmav\u00e9 \u010dl\u00e1nky, videa a jedine\u010dn\u00e9 report\u00e1\u017ee ze sv\u011bta cyklistiky.","potentialAction":[{"@type":"SearchAction","target":{"@type":"EntryPoint","urlTemplate":"https:\/\/www.welovecycling.com\/cs\/?s={search_term_string}"},"query-input":{"@type":"PropertyValueSpecification","valueRequired":true,"valueName":"search_term_string"}}],"inLanguage":"cs"},{"@type":"Person","@id":"https:\/\/www.welovecycling.com\/cs\/#\/schema\/person\/d9eeb0a378f3a7e4a6d12d2b536b04b8","name":"radekmalina","image":{"@type":"ImageObject","inLanguage":"cs","@id":"https:\/\/www.welovecycling.com\/cs\/#\/schema\/person\/image\/","url":"https:\/\/secure.gravatar.com\/avatar\/66994b632cb8c39a46b9f54afa3ae07201b678d32a54275b6f1c9ffec356bfc0?s=96&d=mm&r=g","contentUrl":"https:\/\/secure.gravatar.com\/avatar\/66994b632cb8c39a46b9f54afa3ae07201b678d32a54275b6f1c9ffec356bfc0?s=96&d=mm&r=g","caption":"radekmalina"},"url":"https:\/\/www.welovecycling.com\/cs\/author\/radekmalina\/"}]}},"_links":{"self":[{"href":"https:\/\/www.welovecycling.com\/cs\/wp-json\/wp\/v2\/posts\/31144","targetHints":{"allow":["GET"]}}],"collection":[{"href":"https:\/\/www.welovecycling.com\/cs\/wp-json\/wp\/v2\/posts"}],"about":[{"href":"https:\/\/www.welovecycling.com\/cs\/wp-json\/wp\/v2\/types\/post"}],"author":[{"embeddable":true,"href":"https:\/\/www.welovecycling.com\/cs\/wp-json\/wp\/v2\/users\/138"}],"replies":[{"embeddable":true,"href":"https:\/\/www.welovecycling.com\/cs\/wp-json\/wp\/v2\/comments?post=31144"}],"version-history":[{"count":3,"href":"https:\/\/www.welovecycling.com\/cs\/wp-json\/wp\/v2\/posts\/31144\/revisions"}],"predecessor-version":[{"id":31149,"href":"https:\/\/www.welovecycling.com\/cs\/wp-json\/wp\/v2\/posts\/31144\/revisions\/31149"}],"wp:featuredmedia":[{"embeddable":true,"href":"https:\/\/www.welovecycling.com\/cs\/wp-json\/wp\/v2\/media\/26669"}],"wp:attachment":[{"href":"https:\/\/www.welovecycling.com\/cs\/wp-json\/wp\/v2\/media?parent=31144"}],"wp:term":[{"taxonomy":"category","embeddable":true,"href":"https:\/\/www.welovecycling.com\/cs\/wp-json\/wp\/v2\/categories?post=31144"},{"taxonomy":"post_tag","embeddable":true,"href":"https:\/\/www.welovecycling.com\/cs\/wp-json\/wp\/v2\/tags?post=31144"},{"taxonomy":"global-categories","embeddable":true,"href":"https:\/\/www.welovecycling.com\/cs\/wp-json\/wp\/v2\/global-categories?post=31144"}],"curies":[{"name":"wp","href":"https:\/\/api.w.org\/{rel}","templated":true}]}}