{"id":31115,"date":"2025-09-25T11:17:50","date_gmt":"2025-09-25T09:17:50","guid":{"rendered":"https:\/\/www.welovecycling.com\/cs\/?p=31115"},"modified":"2025-09-25T11:31:23","modified_gmt":"2025-09-25T09:31:23","slug":"pogacar-jako-outsider","status":"publish","type":"post","link":"https:\/\/www.welovecycling.com\/cs\/2025\/09\/25\/pogacar-jako-outsider\/","title":{"rendered":"Poga\u010dar jako outsider?"},"content":{"rendered":"<p><strong>Aura neporaziteln\u00e9ho \u0161ampiona je fu\u010d. Uk\u00e1zal Tadej Poga\u010dar p\u0159i \u010dasovce na mistrovstv\u00ed sv\u011bta, \u017ee je jen \u010dlov\u011bk z masa a kost\u00ed? P\u0159ijde slovinsk\u00fd fenom\u00e9n o n\u00e1lepku nad\u010dlov\u011bka p\u0159i ned\u011bln\u00edm hromadn\u00e9m z\u00e1vod\u011b na mistrovstv\u00ed sv\u011bta v Kigali?<\/strong><\/p>\n<p>Byl to \u0161ok. <strong>Tadej Poga\u010dar<\/strong> v den sedmadvac\u00e1t\u00fdch narozenin pl\u00e1noval \u00fatok na zlato z \u010dasovky, aby n\u00e1sledn\u011b p\u0159i \u00fatoku na obhajobu titulu mistra sv\u011bta v hromadn\u00e9m z\u00e1vod\u011b mohl jako prvn\u00ed v d\u011bjin\u00e1ch cyklistiky slavit vz\u00e1cn\u00e9 double. Ale slovinsk\u00fd borec z\u016fstal bez medaile.<\/p>\n<p>&#8222;Je to ho\u0159k\u00e1 pilulka, kterou mus\u00edm polknout,&#8220; pronesl po \u010dasovce. Takov\u00e1 slova od Slovince sly\u0161\u00edte jen vz\u00e1cn\u011b. V\u011bt\u0161inou toti\u017e vyhr\u00e1v\u00e1. A kdy\u017e ne, padne po v\u00fdkonu, kter\u00fd bere dech. Jen\u017ee p\u0159i \u010dasovce jeho v\u00fdkon rozhodn\u011b nebyl dokonal\u00fd.<\/p>\n<h2><strong>Poga\u010dar zajel nejlep\u0161\u00ed \u010dasovku na MS<\/strong><\/h2>\n<p>Ve skute\u010dnosti \u0161lo o nejlep\u0161\u00ed v\u00fdsledek, jeho\u017e Tadej Poga\u010dar p\u0159i \u010dasovce na mistrovstv\u00ed sv\u011bta dos\u00e1hnul. V roce 2023 ve Velk\u00e9 Brit\u00e1nii byl jednadvac\u00e1t\u00fd. O rok d\u0159\u00edve v Austr\u00e1lii \u0161est\u00fd a v roce 2021 v Belgii des\u00e1t\u00fd.<\/p>\n<figure id=\"attachment_31047\" aria-describedby=\"caption-attachment-31047\" style=\"width: 1800px\" class=\"wp-caption alignnone\"><a href=\"https:\/\/d2p6e6u75xmxt8.cloudfront.net\/13\/2025\/09\/profimedia-1039146582.webp\"><img loading=\"lazy\" decoding=\"async\" class=\"size-full wp-image-31047\" src=\"https:\/\/d2p6e6u75xmxt8.cloudfront.net\/13\/2025\/09\/profimedia-1039146582.webp\" alt=\"\" width=\"1800\" height=\"1199\" srcset=\"https:\/\/d2p6e6u75xmxt8.cloudfront.net\/13\/2025\/09\/profimedia-1039146582.webp 1800w, https:\/\/d2p6e6u75xmxt8.cloudfront.net\/13\/2025\/09\/profimedia-1039146582-300x200.webp 300w, https:\/\/d2p6e6u75xmxt8.cloudfront.net\/13\/2025\/09\/profimedia-1039146582-1024x682.webp 1024w, https:\/\/d2p6e6u75xmxt8.cloudfront.net\/13\/2025\/09\/profimedia-1039146582-768x512.webp 768w, https:\/\/d2p6e6u75xmxt8.cloudfront.net\/13\/2025\/09\/profimedia-1039146582-1536x1023.webp 1536w, https:\/\/d2p6e6u75xmxt8.cloudfront.net\/13\/2025\/09\/profimedia-1039146582-400x266.webp 400w, https:\/\/d2p6e6u75xmxt8.cloudfront.net\/13\/2025\/09\/profimedia-1039146582-272x182.webp 272w\" sizes=\"auto, (max-width: 1800px) 100vw, 1800px\" \/><\/a><figcaption id=\"caption-attachment-31047\" class=\"wp-caption-text\"><em>Remco Evenepoel p\u0159edj\u00ed\u017ed\u00ed Tadeje Poga\u010dara p\u0159i \u010dasovce na mistrovstv\u00ed sv\u011bta v Kigali.<\/em><\/figcaption><\/figure>\n<p>Slovinec rozhodn\u011b nebyl p\u0159i \u010dasovce v nejlep\u0161\u00ed kondici. Z objektivn\u00edch d\u016fvod\u016f. &#8222;Nemohl jsem absolvovat tr\u00e9ninkov\u00fd blok na \u010dasovk\u00e1\u0159sk\u00e9m kole, proto\u017ee jsem p\u0159ed odletem na z\u00e1vody do Kanady onemocn\u011bl,&#8220; pokr\u010dil rameny.<\/p>\n<div class=\"shortcode-ys-post-pinup\"><article class=\"loop-simple post-30957 post type-post status-publish format-standard has-post-thumbnail hentry category-silnicni-cyklistika tag-cyklistika tag-mistrovstvi-sveta tag-silnicni-cyklistika tag-tadej-pogacar tag-tour-de-france tag-trenink tag-unava global-categories-cycling\" data-postid=\"30957\" role=\"article\" data-post-id=\"30957\" data-word-count=\"458\" data-headline-length=\"68\" data-category=\"Silni\u010dn\u00ed cyklistika\" data-global-category=\"Cycling\" data-author=\"Radek Malina\" data-published=\"2025-09-11T15:36:20+02:00\" data-published-day=\"Thursday\">\n    <div class=\"entry-thumbnail article-thumbnail\" content=\"https:\/\/d2p6e6u75xmxt8.cloudfront.net\/13\/2025\/09\/20250720TDF2041-150x150.webp\"><a href=\"https:\/\/www.welovecycling.com\/cs\/2025\/09\/11\/pogacar-bojujici-s-draky-volno-jsem-si-uzil-smeje-se-slovinec\/\" class=\"image-holder\" target=\"_self\"><img decoding=\"async\" loading=\"lazy\" class=\"\" src=\"https:\/\/d2p6e6u75xmxt8.cloudfront.net\/13\/2025\/09\/20250720TDF2041-1024x683.webp\" srcset=\"https:\/\/d2p6e6u75xmxt8.cloudfront.net\/13\/2025\/09\/20250720TDF2041-scaled.webp 2560w, https:\/\/d2p6e6u75xmxt8.cloudfront.net\/13\/2025\/09\/20250720TDF2041-300x200.webp 300w, https:\/\/d2p6e6u75xmxt8.cloudfront.net\/13\/2025\/09\/20250720TDF2041-1024x683.webp 1024w, https:\/\/d2p6e6u75xmxt8.cloudfront.net\/13\/2025\/09\/20250720TDF2041-768x512.webp 768w, https:\/\/d2p6e6u75xmxt8.cloudfront.net\/13\/2025\/09\/20250720TDF2041-1536x1024.webp 1536w, https:\/\/d2p6e6u75xmxt8.cloudfront.net\/13\/2025\/09\/20250720TDF2041-2048x1365.webp 2048w, https:\/\/d2p6e6u75xmxt8.cloudfront.net\/13\/2025\/09\/20250720TDF2041-1920x1280.webp 1920w, https:\/\/d2p6e6u75xmxt8.cloudfront.net\/13\/2025\/09\/20250720TDF2041-400x267.webp 400w, https:\/\/d2p6e6u75xmxt8.cloudfront.net\/13\/2025\/09\/20250720TDF2041-272x182.webp 272w, https:\/\/d2p6e6u75xmxt8.cloudfront.net\/13\/2025\/09\/20250720TDF2041-1920x1280.webp 1920w\" width=\"1024\" height=\"683\" sizes=\"auto, (min-width: 1200px) 300px, (min-width: 768px) 25vw, 100vw\" alt=\"pogacar-bojujici-s-draky-volno-jsem-si-uzil-smeje-se-slovinec\"\/><\/a><\/div>    <div class=\"entry-meta\">\n        <a class=\"label label-secondary post-category\" href=\"https:\/\/www.welovecycling.com\/cs\/category\/silnicni-cyklistika\/\" title=\"Silni\u010dn\u00ed cyklistika\">Silni\u010dn\u00ed cyklistika<\/a>\n    <\/div>\n    <div class=\"entry-details\">\n        <a href=\"https:\/\/www.welovecycling.com\/cs\/2025\/09\/11\/pogacar-bojujici-s-draky-volno-jsem-si-uzil-smeje-se-slovinec\/\" class='entry-title-wrapper'>\n            <h3 class=\"entry-title\"><span>Poga\u010dar bojuj\u00edc\u00ed s draky? Volno jsem si u\u017eil, sm\u011bje se Slovinec<\/span><\/h3>\n        <\/a>\n    <\/div>\n    <\/article>\n<\/div>\n<p>Logicky se nab\u00edz\u00ed ot\u00e1zka, pro\u010d prost\u011b Tadej Poga\u010dar dv\u011b jednor\u00e1zovky v Kanad\u011b nevynechal. &#8222;Sm\u011brem k \u010dasovce mi to nepomohlo. Ale pot\u0159eboval jsem oba z\u00e1vody jet, abych byl stoprocentn\u00ed pro hromadn\u00fd z\u00e1vod,&#8220; vysv\u011btlil.<\/p>\n<p><a href=\"https:\/\/d2p6e6u75xmxt8.cloudfront.net\/13\/2025\/09\/profimedia-1039820960.webp\"><img loading=\"lazy\" decoding=\"async\" class=\"alignnone size-full wp-image-31117\" src=\"https:\/\/d2p6e6u75xmxt8.cloudfront.net\/13\/2025\/09\/profimedia-1039820960.webp\" alt=\"\" width=\"1800\" height=\"1200\" srcset=\"https:\/\/d2p6e6u75xmxt8.cloudfront.net\/13\/2025\/09\/profimedia-1039820960.webp 1800w, https:\/\/d2p6e6u75xmxt8.cloudfront.net\/13\/2025\/09\/profimedia-1039820960-300x200.webp 300w, https:\/\/d2p6e6u75xmxt8.cloudfront.net\/13\/2025\/09\/profimedia-1039820960-1024x683.webp 1024w, https:\/\/d2p6e6u75xmxt8.cloudfront.net\/13\/2025\/09\/profimedia-1039820960-768x512.webp 768w, https:\/\/d2p6e6u75xmxt8.cloudfront.net\/13\/2025\/09\/profimedia-1039820960-1536x1024.webp 1536w, https:\/\/d2p6e6u75xmxt8.cloudfront.net\/13\/2025\/09\/profimedia-1039820960-400x267.webp 400w, https:\/\/d2p6e6u75xmxt8.cloudfront.net\/13\/2025\/09\/profimedia-1039820960-272x182.webp 272w\" sizes=\"auto, (max-width: 1800px) 100vw, 1800px\" \/><\/a><\/p>\n<p>Kdyby za oce\u00e1n neodlet\u011bl a neabsolvoval Grand Prix Qu\u00e9becu a Grand Prix Montrealu, vstupoval by do mistrovstv\u00ed sv\u011bta bez jedin\u00e9ho z\u00e1vodn\u00edho dne od Tour de France. V\u00edce ne\u017e \u0161edes\u00e1t dn\u016f bez ostr\u00e9ho startu? A\u017e p\u0159\u00edli\u0161 velk\u00fd risk. Jen\u017ee vy\u010derpan\u00e9mu t\u011blu zjevn\u011b p\u0159elet oce\u00e1nu zasadil dal\u0161\u00ed r\u00e1nu. Druhou z\u00e1\u0159ijovou ned\u011bli z\u00e1vodil Tadej Poga\u010dar v Kanad\u011b, ve \u010dtvrtek u\u017e byl ve Rwand\u011b.<\/p>\n<h2><strong>Poznamenal \u0161ampiona jet lag?<\/strong><\/h2>\n<p>V\u00fdkon Slovince v \u010dasovce tak velmi pravd\u011bpodobn\u011b poznamenal jet lag. P\u0159i z\u00e1vod\u011bn\u00ed v nadmo\u0159sk\u00e9 v\u00fd\u0161ce p\u0159esahuj\u00edc\u00ed patn\u00e1ct set metr\u016f je &#8222;p\u00e1smov\u00e1 nemoc&#8220; nep\u0159ekonateln\u00fd soupe\u0159. Kdo nebyl na startu \u010dasovky \u010derstv\u00fd, nem\u011bl nad\u011bji.<\/p>\n<div class=\"shortcode-ys-post-pinup\"><article class=\"loop-simple post-30508 post type-post status-publish format-standard has-post-thumbnail hentry category-tour-de-france tag-cyklistika tag-doping tag-silnicni-cyklistika tag-tadej-pogacar tag-tour-de-france tag-zakazane-latky tag-zdravi-a-trenink global-categories-cycling\" data-postid=\"30508\" role=\"article\" data-post-id=\"30508\" data-word-count=\"559\" data-headline-length=\"54\" data-category=\"Tour de France\" data-global-category=\"Cycling\" data-author=\"Radek Malina\" data-published=\"2025-08-11T05:00:26+02:00\" data-published-day=\"Monday\">\n    <div class=\"entry-thumbnail article-thumbnail\" content=\"https:\/\/d2p6e6u75xmxt8.cloudfront.net\/13\/2025\/07\/profimedia-1022878062-150x150.webp\"><a href=\"https:\/\/www.welovecycling.com\/cs\/2025\/08\/11\/tadej-pogacar-o-dopingu-neexistuje-zadna-duvera\/\" class=\"image-holder\" target=\"_self\"><img decoding=\"async\" loading=\"lazy\" class=\"\" src=\"https:\/\/d2p6e6u75xmxt8.cloudfront.net\/13\/2025\/07\/profimedia-1022878062-1024x683.webp\" srcset=\"https:\/\/d2p6e6u75xmxt8.cloudfront.net\/13\/2025\/07\/profimedia-1022878062.webp 1800w, https:\/\/d2p6e6u75xmxt8.cloudfront.net\/13\/2025\/07\/profimedia-1022878062-300x200.webp 300w, https:\/\/d2p6e6u75xmxt8.cloudfront.net\/13\/2025\/07\/profimedia-1022878062-1024x683.webp 1024w, https:\/\/d2p6e6u75xmxt8.cloudfront.net\/13\/2025\/07\/profimedia-1022878062-768x512.webp 768w, https:\/\/d2p6e6u75xmxt8.cloudfront.net\/13\/2025\/07\/profimedia-1022878062-1536x1024.webp 1536w, https:\/\/d2p6e6u75xmxt8.cloudfront.net\/13\/2025\/07\/profimedia-1022878062-400x267.webp 400w, https:\/\/d2p6e6u75xmxt8.cloudfront.net\/13\/2025\/07\/profimedia-1022878062-272x182.webp 272w\" width=\"1024\" height=\"683\" sizes=\"auto, (min-width: 1200px) 300px, (min-width: 768px) 25vw, 100vw\" alt=\"tadej-pogacar-o-dopingu-neexistuje-zadna-duvera\"\/><\/a><\/div>    <div class=\"entry-meta\">\n        <a class=\"label label-secondary post-category\" href=\"https:\/\/www.welovecycling.com\/cs\/category\/tour-de-france\/\" title=\"Tour de France\">Tour de France<\/a>\n    <\/div>\n    <div class=\"entry-details\">\n        <a href=\"https:\/\/www.welovecycling.com\/cs\/2025\/08\/11\/tadej-pogacar-o-dopingu-neexistuje-zadna-duvera\/\" class='entry-title-wrapper'>\n            <h3 class=\"entry-title\"><span>Tadej Poga\u010dar o dopingu: Neexistuje \u017e\u00e1dn\u00e1 d\u016fv\u011bra<\/span><\/h3>\n        <\/a>\n    <\/div>\n    <\/article>\n<\/div>\n<p>Tak\u017ee pokud Tadej Poga\u010dar nebyl na startu bitvy s chronometrem dostate\u010dn\u011b aklimatizovan\u00fd, m\u016f\u017ee b\u00fdt pro obhajobu duhov\u00e9ho trikotu relativn\u011b klidn\u00fd. U\u017e d\u00e1vno pry\u010d jsou doby, kdy na Tour de France 2022 a 2023 bojoval nejen s Vingegaardem, ale i s vysokou nadmo\u0159skou v\u00fd\u0161kou a p\u0159\u00edli\u0161n\u00fdm vedrem. Posledn\u00ed dv\u011b sezony Slovinec ni\u010dil soupe\u0159e bez ohledu na podm\u00ednky. A\u017e do \u010dasovky v Kigali.<\/p>\n<figure id=\"attachment_31116\" aria-describedby=\"caption-attachment-31116\" style=\"width: 1800px\" class=\"wp-caption alignnone\"><a href=\"https:\/\/d2p6e6u75xmxt8.cloudfront.net\/13\/2025\/09\/profimedia-1039815452.webp\"><img loading=\"lazy\" decoding=\"async\" class=\"size-full wp-image-31116\" src=\"https:\/\/d2p6e6u75xmxt8.cloudfront.net\/13\/2025\/09\/profimedia-1039815452.webp\" alt=\"\" width=\"1800\" height=\"1200\" srcset=\"https:\/\/d2p6e6u75xmxt8.cloudfront.net\/13\/2025\/09\/profimedia-1039815452.webp 1800w, https:\/\/d2p6e6u75xmxt8.cloudfront.net\/13\/2025\/09\/profimedia-1039815452-300x200.webp 300w, https:\/\/d2p6e6u75xmxt8.cloudfront.net\/13\/2025\/09\/profimedia-1039815452-1024x683.webp 1024w, https:\/\/d2p6e6u75xmxt8.cloudfront.net\/13\/2025\/09\/profimedia-1039815452-768x512.webp 768w, https:\/\/d2p6e6u75xmxt8.cloudfront.net\/13\/2025\/09\/profimedia-1039815452-1536x1024.webp 1536w, https:\/\/d2p6e6u75xmxt8.cloudfront.net\/13\/2025\/09\/profimedia-1039815452-400x267.webp 400w, https:\/\/d2p6e6u75xmxt8.cloudfront.net\/13\/2025\/09\/profimedia-1039815452-272x182.webp 272w\" sizes=\"auto, (max-width: 1800px) 100vw, 1800px\" \/><\/a><figcaption id=\"caption-attachment-31116\" class=\"wp-caption-text\"><em>Tadej Poga\u010dar a Isaac del Toro p\u0159i prohl\u00eddce okruhu na MS v Kigali.<\/em><\/figcaption><\/figure>\n<p>Remco Evenepoel, olympijsk\u00fd \u0161ampion z \u010dasovky i hromadn\u00e9ho z\u00e1vodu, musel odstoupit z Tour de France, kterou ovl\u00e1dl Tadej Poga\u010dar. \u010casovka, respektive t\u0159et\u00ed triumf na mistrovstv\u00ed sv\u011bta v \u0159ad\u011b, byl pro p\u011btadvacetilet\u00e9ho <a href=\"https:\/\/www.instagram.com\/p\/DO_Ko8uiLLQ\/?hl=cs\">Belgi\u010dana<\/a> prvn\u00ed \u010d\u00e1st\u00ed pomsty. V ned\u011bli bude cht\u00edt d\u00edlo dokonat. Ov\u0161em Slovinec rozhodn\u011b nem\u00e1 ve zvyku ukazovat slabost. V Kigali bude cht\u00edt potvrdit nad\u0159azenost.<\/p>\n<p>Kdy\u017e vybojoval titul mistra sv\u011bta p\u0159ed rokem ve \u0160v\u00fdcarsku, za\u00fato\u010dil jednapades\u00e1t kilometr\u016f p\u0159ed c\u00edlem. Uk\u00e1\u017ee Tadej Poga\u010dar dal\u0161\u00ed spektakul\u00e1rn\u00ed p\u0159edstaven\u00ed? Nebo p\u0159i druh\u00e9m nejt\u011b\u017e\u0161\u00edm z\u00e1vod\u011b v historii sv\u011btov\u00fdch \u0161ampion\u00e1t\u016f poprv\u00e9 v historii z\u00edsk\u00e1 jedin\u00fd cyklista &#8211; <a href=\"https:\/\/www.welovecycling.com\/cs\/2025\/09\/21\/duhovy-hattrick-a-jako-bonus-evenepoel-ponizil-pogacara\/\">Remco Evenepoel<\/a> &#8211; oba duhov\u00e9 trikoty? Bez ur\u00e1\u017eky ostatn\u00edch \u00fa\u010dastn\u00edk\u016f, triumf kohokoliv dal\u0161\u00edho by byl tot\u00e1ln\u00ed senzac\u00ed. Leda \u017ee by \u00fa\u0159adoval Poga\u010dar\u016fv n\u00e1stupce v UAE Emirates Mexi\u010dan Isaac del Toro&#8230;<\/p>\n","protected":false},"excerpt":{"rendered":"<p>Aura neporaziteln\u00e9ho \u0161ampiona je fu\u010d. Uk\u00e1zal Tadej Poga\u010dar p\u0159i \u010dasovce na mistrovstv\u00ed sv\u011bta, \u017ee je jen \u010dlov\u011bk z masa a [&hellip;]<\/p>\n","protected":false},"author":138,"featured_media":31118,"comment_status":"open","ping_status":"open","sticky":false,"template":"","format":"standard","meta":{"footnotes":""},"categories":[10],"tags":[126,1154,4034,4387,1072,2261,9,502],"global-categories":[411],"class_list":["post-31115","post","type-post","status-publish","format-standard","has-post-thumbnail","hentry","category-silnicni-cyklistika","tag-cyklistika","tag-mistrovstvi-sveta","tag-ms-2025","tag-ms-kigali","tag-remco-evenepoel","tag-rwanda","tag-silnicni-cyklistika","tag-tadej-pogacar","global-categories-cycling"],"yoast_head":"<!-- This site is optimized with the Yoast SEO Premium plugin v25.3 (Yoast SEO v25.9) - https:\/\/yoast.com\/wordpress\/plugins\/seo\/ -->\n<title>Poga\u010dar jako outsider? | \u0160koda We Love Cycling - \u010cesk\u00e1 republika<\/title>\n<meta name=\"description\" content=\"Aura neporaziteln\u00e9ho \u0161ampiona je fu\u010d. Uk\u00e1zal Tadej Poga\u010dar p\u0159i \u010dasovce na mistrovstv\u00ed sv\u011bta, \u017ee je jen \u010dlov\u011bk z masa a kost\u00ed? P\u0159ijde slovinsk\u00fd fenom\u00e9n o n\u00e1lepku nad\u010dlov\u011bka p\u0159i ned\u011bln\u00edm hromadn\u00e9m z\u00e1vod\u011b na mistrovstv\u00ed sv\u011bta v Kigali?\" \/>\n<meta name=\"robots\" content=\"index, follow, max-snippet:-1, max-image-preview:large, max-video-preview:-1\" \/>\n<link rel=\"canonical\" href=\"https:\/\/www.welovecycling.com\/cs\/2025\/09\/25\/pogacar-jako-outsider\/\" \/>\n<meta property=\"og:locale\" content=\"cs_CZ\" \/>\n<meta property=\"og:type\" content=\"article\" \/>\n<meta property=\"og:title\" content=\"Poga\u010dar jako outsider?\" \/>\n<meta property=\"og:description\" content=\"Aura neporaziteln\u00e9ho \u0161ampiona je fu\u010d. Uk\u00e1zal Tadej Poga\u010dar p\u0159i \u010dasovce na mistrovstv\u00ed sv\u011bta, \u017ee je jen \u010dlov\u011bk z masa a kost\u00ed? P\u0159ijde slovinsk\u00fd fenom\u00e9n o n\u00e1lepku nad\u010dlov\u011bka p\u0159i ned\u011bln\u00edm hromadn\u00e9m z\u00e1vod\u011b na mistrovstv\u00ed sv\u011bta v Kigali?\" \/>\n<meta property=\"og:url\" content=\"https:\/\/www.welovecycling.com\/cs\/2025\/09\/25\/pogacar-jako-outsider\/\" \/>\n<meta property=\"og:site_name\" content=\"\u0160koda We Love Cycling - \u010cesk\u00e1 republika\" \/>\n<meta property=\"article:published_time\" content=\"2025-09-25T09:17:50+00:00\" \/>\n<meta property=\"article:modified_time\" content=\"2025-09-25T09:31:23+00:00\" \/>\n<meta property=\"og:image\" content=\"https:\/\/d2p6e6u75xmxt8.cloudfront.net\/13\/2025\/09\/profimedia-1039303710.webp\" \/>\n\t<meta property=\"og:image:width\" content=\"1800\" \/>\n\t<meta property=\"og:image:height\" content=\"1200\" \/>\n\t<meta property=\"og:image:type\" content=\"image\/webp\" \/>\n<meta name=\"author\" content=\"radekmalina\" \/>\n<meta name=\"twitter:card\" content=\"summary_large_image\" \/>\n<meta name=\"twitter:label1\" content=\"Written by\" \/>\n\t<meta name=\"twitter:data1\" content=\"Radek Malina\" \/>\n\t<meta name=\"twitter:label2\" content=\"Est. reading time\" \/>\n\t<meta name=\"twitter:data2\" content=\"5\" \/>\n<script type=\"application\/ld+json\" class=\"yoast-schema-graph\">{\"@context\":\"https:\/\/schema.org\",\"@graph\":[{\"@type\":\"WebPage\",\"@id\":\"https:\/\/www.welovecycling.com\/cs\/2025\/09\/25\/pogacar-jako-outsider\/\",\"url\":\"https:\/\/www.welovecycling.com\/cs\/2025\/09\/25\/pogacar-jako-outsider\/\",\"name\":\"Poga\u010dar jako outsider? | \u0160koda We Love Cycling - \u010cesk\u00e1 republika\",\"isPartOf\":{\"@id\":\"https:\/\/www.welovecycling.com\/cs\/#website\"},\"primaryImageOfPage\":{\"@id\":\"https:\/\/www.welovecycling.com\/cs\/2025\/09\/25\/pogacar-jako-outsider\/#primaryimage\"},\"image\":{\"@id\":\"https:\/\/www.welovecycling.com\/cs\/2025\/09\/25\/pogacar-jako-outsider\/#primaryimage\"},\"thumbnailUrl\":\"https:\/\/d2p6e6u75xmxt8.cloudfront.net\/13\/2025\/09\/profimedia-1039303710.webp\",\"datePublished\":\"2025-09-25T09:17:50+00:00\",\"dateModified\":\"2025-09-25T09:31:23+00:00\",\"author\":{\"@id\":\"https:\/\/www.welovecycling.com\/cs\/#\/schema\/person\/d9eeb0a378f3a7e4a6d12d2b536b04b8\"},\"description\":\"Aura neporaziteln\u00e9ho \u0161ampiona je fu\u010d. Uk\u00e1zal Tadej Poga\u010dar p\u0159i \u010dasovce na mistrovstv\u00ed sv\u011bta, \u017ee je jen \u010dlov\u011bk z masa a kost\u00ed? P\u0159ijde slovinsk\u00fd fenom\u00e9n o n\u00e1lepku nad\u010dlov\u011bka p\u0159i ned\u011bln\u00edm hromadn\u00e9m z\u00e1vod\u011b na mistrovstv\u00ed sv\u011bta v Kigali?\",\"inLanguage\":\"cs\",\"potentialAction\":[{\"@type\":\"ReadAction\",\"target\":[\"https:\/\/www.welovecycling.com\/cs\/2025\/09\/25\/pogacar-jako-outsider\/\"]}]},{\"@type\":\"ImageObject\",\"inLanguage\":\"cs\",\"@id\":\"https:\/\/www.welovecycling.com\/cs\/2025\/09\/25\/pogacar-jako-outsider\/#primaryimage\",\"url\":\"https:\/\/d2p6e6u75xmxt8.cloudfront.net\/13\/2025\/09\/profimedia-1039303710.webp\",\"contentUrl\":\"https:\/\/d2p6e6u75xmxt8.cloudfront.net\/13\/2025\/09\/profimedia-1039303710.webp\",\"width\":1800,\"height\":1200,\"caption\":\"Tadej Poga\u010dar Kigali MS\"},{\"@type\":\"WebSite\",\"@id\":\"https:\/\/www.welovecycling.com\/cs\/#website\",\"url\":\"https:\/\/www.welovecycling.com\/cs\/\",\"name\":\"\u0160koda We Love Cycling - \u010cesk\u00e1 republika\",\"description\":\"WeLoveCycling.cz je online magaz\u00edn, kter\u00fd v\u00e1m pravideln\u011b p\u0159in\u00e1\u0161\u00ed rady a tipy, zaj\u00edmav\u00e9 \u010dl\u00e1nky, videa a jedine\u010dn\u00e9 report\u00e1\u017ee ze sv\u011bta cyklistiky.\",\"potentialAction\":[{\"@type\":\"SearchAction\",\"target\":{\"@type\":\"EntryPoint\",\"urlTemplate\":\"https:\/\/www.welovecycling.com\/cs\/?s={search_term_string}\"},\"query-input\":{\"@type\":\"PropertyValueSpecification\",\"valueRequired\":true,\"valueName\":\"search_term_string\"}}],\"inLanguage\":\"cs\"},{\"@type\":\"Person\",\"@id\":\"https:\/\/www.welovecycling.com\/cs\/#\/schema\/person\/d9eeb0a378f3a7e4a6d12d2b536b04b8\",\"name\":\"radekmalina\",\"image\":{\"@type\":\"ImageObject\",\"inLanguage\":\"cs\",\"@id\":\"https:\/\/www.welovecycling.com\/cs\/#\/schema\/person\/image\/\",\"url\":\"https:\/\/secure.gravatar.com\/avatar\/66994b632cb8c39a46b9f54afa3ae07201b678d32a54275b6f1c9ffec356bfc0?s=96&d=mm&r=g\",\"contentUrl\":\"https:\/\/secure.gravatar.com\/avatar\/66994b632cb8c39a46b9f54afa3ae07201b678d32a54275b6f1c9ffec356bfc0?s=96&d=mm&r=g\",\"caption\":\"radekmalina\"},\"url\":\"https:\/\/www.welovecycling.com\/cs\/author\/radekmalina\/\"}]}<\/script>\n<!-- \/ Yoast SEO Premium plugin. -->","yoast_head_json":{"title":"Poga\u010dar jako outsider? | \u0160koda We Love Cycling - \u010cesk\u00e1 republika","description":"Aura neporaziteln\u00e9ho \u0161ampiona je fu\u010d. Uk\u00e1zal Tadej Poga\u010dar p\u0159i \u010dasovce na mistrovstv\u00ed sv\u011bta, \u017ee je jen \u010dlov\u011bk z masa a kost\u00ed? P\u0159ijde slovinsk\u00fd fenom\u00e9n o n\u00e1lepku nad\u010dlov\u011bka p\u0159i ned\u011bln\u00edm hromadn\u00e9m z\u00e1vod\u011b na mistrovstv\u00ed sv\u011bta v Kigali?","robots":{"index":"index","follow":"follow","max-snippet":"max-snippet:-1","max-image-preview":"max-image-preview:large","max-video-preview":"max-video-preview:-1"},"canonical":"https:\/\/www.welovecycling.com\/cs\/2025\/09\/25\/pogacar-jako-outsider\/","og_locale":"cs_CZ","og_type":"article","og_title":"Poga\u010dar jako outsider?","og_description":"Aura neporaziteln\u00e9ho \u0161ampiona je fu\u010d. Uk\u00e1zal Tadej Poga\u010dar p\u0159i \u010dasovce na mistrovstv\u00ed sv\u011bta, \u017ee je jen \u010dlov\u011bk z masa a kost\u00ed? P\u0159ijde slovinsk\u00fd fenom\u00e9n o n\u00e1lepku nad\u010dlov\u011bka p\u0159i ned\u011bln\u00edm hromadn\u00e9m z\u00e1vod\u011b na mistrovstv\u00ed sv\u011bta v Kigali?","og_url":"https:\/\/www.welovecycling.com\/cs\/2025\/09\/25\/pogacar-jako-outsider\/","og_site_name":"\u0160koda We Love Cycling - \u010cesk\u00e1 republika","article_published_time":"2025-09-25T09:17:50+00:00","article_modified_time":"2025-09-25T09:31:23+00:00","og_image":[{"width":1800,"height":1200,"url":"https:\/\/d2p6e6u75xmxt8.cloudfront.net\/13\/2025\/09\/profimedia-1039303710.webp","type":"image\/webp"}],"author":"radekmalina","twitter_card":"summary_large_image","twitter_misc":{"Written by":"Radek Malina","Est. reading time":"5"},"schema":{"@context":"https:\/\/schema.org","@graph":[{"@type":"WebPage","@id":"https:\/\/www.welovecycling.com\/cs\/2025\/09\/25\/pogacar-jako-outsider\/","url":"https:\/\/www.welovecycling.com\/cs\/2025\/09\/25\/pogacar-jako-outsider\/","name":"Poga\u010dar jako outsider? | \u0160koda We Love Cycling - \u010cesk\u00e1 republika","isPartOf":{"@id":"https:\/\/www.welovecycling.com\/cs\/#website"},"primaryImageOfPage":{"@id":"https:\/\/www.welovecycling.com\/cs\/2025\/09\/25\/pogacar-jako-outsider\/#primaryimage"},"image":{"@id":"https:\/\/www.welovecycling.com\/cs\/2025\/09\/25\/pogacar-jako-outsider\/#primaryimage"},"thumbnailUrl":"https:\/\/d2p6e6u75xmxt8.cloudfront.net\/13\/2025\/09\/profimedia-1039303710.webp","datePublished":"2025-09-25T09:17:50+00:00","dateModified":"2025-09-25T09:31:23+00:00","author":{"@id":"https:\/\/www.welovecycling.com\/cs\/#\/schema\/person\/d9eeb0a378f3a7e4a6d12d2b536b04b8"},"description":"Aura neporaziteln\u00e9ho \u0161ampiona je fu\u010d. Uk\u00e1zal Tadej Poga\u010dar p\u0159i \u010dasovce na mistrovstv\u00ed sv\u011bta, \u017ee je jen \u010dlov\u011bk z masa a kost\u00ed? P\u0159ijde slovinsk\u00fd fenom\u00e9n o n\u00e1lepku nad\u010dlov\u011bka p\u0159i ned\u011bln\u00edm hromadn\u00e9m z\u00e1vod\u011b na mistrovstv\u00ed sv\u011bta v Kigali?","inLanguage":"cs","potentialAction":[{"@type":"ReadAction","target":["https:\/\/www.welovecycling.com\/cs\/2025\/09\/25\/pogacar-jako-outsider\/"]}]},{"@type":"ImageObject","inLanguage":"cs","@id":"https:\/\/www.welovecycling.com\/cs\/2025\/09\/25\/pogacar-jako-outsider\/#primaryimage","url":"https:\/\/d2p6e6u75xmxt8.cloudfront.net\/13\/2025\/09\/profimedia-1039303710.webp","contentUrl":"https:\/\/d2p6e6u75xmxt8.cloudfront.net\/13\/2025\/09\/profimedia-1039303710.webp","width":1800,"height":1200,"caption":"Tadej Poga\u010dar Kigali MS"},{"@type":"WebSite","@id":"https:\/\/www.welovecycling.com\/cs\/#website","url":"https:\/\/www.welovecycling.com\/cs\/","name":"\u0160koda We Love Cycling - \u010cesk\u00e1 republika","description":"WeLoveCycling.cz je online magaz\u00edn, kter\u00fd v\u00e1m pravideln\u011b p\u0159in\u00e1\u0161\u00ed rady a tipy, zaj\u00edmav\u00e9 \u010dl\u00e1nky, videa a jedine\u010dn\u00e9 report\u00e1\u017ee ze sv\u011bta cyklistiky.","potentialAction":[{"@type":"SearchAction","target":{"@type":"EntryPoint","urlTemplate":"https:\/\/www.welovecycling.com\/cs\/?s={search_term_string}"},"query-input":{"@type":"PropertyValueSpecification","valueRequired":true,"valueName":"search_term_string"}}],"inLanguage":"cs"},{"@type":"Person","@id":"https:\/\/www.welovecycling.com\/cs\/#\/schema\/person\/d9eeb0a378f3a7e4a6d12d2b536b04b8","name":"radekmalina","image":{"@type":"ImageObject","inLanguage":"cs","@id":"https:\/\/www.welovecycling.com\/cs\/#\/schema\/person\/image\/","url":"https:\/\/secure.gravatar.com\/avatar\/66994b632cb8c39a46b9f54afa3ae07201b678d32a54275b6f1c9ffec356bfc0?s=96&d=mm&r=g","contentUrl":"https:\/\/secure.gravatar.com\/avatar\/66994b632cb8c39a46b9f54afa3ae07201b678d32a54275b6f1c9ffec356bfc0?s=96&d=mm&r=g","caption":"radekmalina"},"url":"https:\/\/www.welovecycling.com\/cs\/author\/radekmalina\/"}]}},"_links":{"self":[{"href":"https:\/\/www.welovecycling.com\/cs\/wp-json\/wp\/v2\/posts\/31115","targetHints":{"allow":["GET"]}}],"collection":[{"href":"https:\/\/www.welovecycling.com\/cs\/wp-json\/wp\/v2\/posts"}],"about":[{"href":"https:\/\/www.welovecycling.com\/cs\/wp-json\/wp\/v2\/types\/post"}],"author":[{"embeddable":true,"href":"https:\/\/www.welovecycling.com\/cs\/wp-json\/wp\/v2\/users\/138"}],"replies":[{"embeddable":true,"href":"https:\/\/www.welovecycling.com\/cs\/wp-json\/wp\/v2\/comments?post=31115"}],"version-history":[{"count":4,"href":"https:\/\/www.welovecycling.com\/cs\/wp-json\/wp\/v2\/posts\/31115\/revisions"}],"predecessor-version":[{"id":31122,"href":"https:\/\/www.welovecycling.com\/cs\/wp-json\/wp\/v2\/posts\/31115\/revisions\/31122"}],"wp:featuredmedia":[{"embeddable":true,"href":"https:\/\/www.welovecycling.com\/cs\/wp-json\/wp\/v2\/media\/31118"}],"wp:attachment":[{"href":"https:\/\/www.welovecycling.com\/cs\/wp-json\/wp\/v2\/media?parent=31115"}],"wp:term":[{"taxonomy":"category","embeddable":true,"href":"https:\/\/www.welovecycling.com\/cs\/wp-json\/wp\/v2\/categories?post=31115"},{"taxonomy":"post_tag","embeddable":true,"href":"https:\/\/www.welovecycling.com\/cs\/wp-json\/wp\/v2\/tags?post=31115"},{"taxonomy":"global-categories","embeddable":true,"href":"https:\/\/www.welovecycling.com\/cs\/wp-json\/wp\/v2\/global-categories?post=31115"}],"curies":[{"name":"wp","href":"https:\/\/api.w.org\/{rel}","templated":true}]}}