{"id":31101,"date":"2025-09-24T12:03:56","date_gmt":"2025-09-24T10:03:56","guid":{"rendered":"https:\/\/www.welovecycling.com\/cs\/?p=31101"},"modified":"2025-09-24T12:03:56","modified_gmt":"2025-09-24T10:03:56","slug":"nino-mi-pomohl-k-lepsi-smlouve-vzpomina-kulhavy-na-rivala","status":"publish","type":"post","link":"https:\/\/www.welovecycling.com\/cs\/2025\/09\/24\/nino-mi-pomohl-k-lepsi-smlouve-vzpomina-kulhavy-na-rivala\/","title":{"rendered":"Nino mi pomohl k lep\u0161\u00ed smlouv\u011b, vzpom\u00edn\u00e1 Kulhav\u00fd na rivala"},"content":{"rendered":"<p><strong>Byl jeho hnac\u00edm motorem. Pokud jej nem\u011bl p\u0159ed sebou, strachoval se jeho st\u00ednu za z\u00e1dy. Nino Schurter, excelentn\u00ed \u0161v\u00fdcarsk\u00fd biker, velkou \u010d\u00e1st kari\u00e9ry bojoval s Jaroslavem Kulhav\u00fdm. M\u00e9dia na vrcholu sl\u00e1vy obou borc\u016f psala o nevra\u017eivosti a nesn\u00e1\u0161enlivosti. Jak\u00e1 byla realita?<\/strong><\/p>\n<p>Dev\u011btat\u0159icetilet\u00fd Nino Schurter ukon\u010dil v polovin\u011b z\u00e1\u0159\u00ed v rodn\u00e9m \u0160v\u00fdcarsku p\u0159i z\u00e1vod\u011b sv\u011btov\u00e9ho poh\u00e1ru v Lenzerheide kari\u00e9ru. S deseti tituly sv\u011btov\u00e9ho \u0161ampiona, sedmat\u0159iceti v\u00fdhrami ve sv\u011btov\u00e9m poh\u00e1ru a kompletn\u00ed olympijskou medailovou sb\u00edrkou. Na z\u00e1v\u011bre\u010dn\u00e9 party nechyb\u011bl ani o rok star\u0161\u00ed Jaroslav Kulhav\u00fd. Olympijsk\u00fd \u0161ampion a dal\u0161\u00ed fenom\u00e9n sv\u011btov\u00e9ho bikingu vzpom\u00edn\u00e1 na vz\u00e1jemn\u00e9 soupe\u0159en\u00ed&#8230;<\/p>\n<h2><strong>Prvn\u00ed setk\u00e1n\u00ed<\/strong><\/h2>\n<p>&#8222;Nino a j\u00e1 jsme se prvn\u011b st\u0159etli na mistrovstv\u00ed sv\u011bta junior\u016f v Luganu v roce 2003. J\u00e1 slavil titul, on dojel druh\u00fd. Pak se na\u0161e cesty trochu v\u00fdkonnostn\u011b rozd\u011blily a potkali jsme se na sv\u011btov\u00e9m \u0161ampion\u00e1tu do t\u0159iadvaceti let ve Fort William na podzim 2007. Tehdy bral titul Jakob Fuglsang, Nino byl druh\u00fd a j\u00e1 z\u00edskal bronz. N\u00e1sledn\u011b v elit\u011b se na\u0161e soupe\u0159en\u00ed rozjelo naplno a nab\u00edralo na intenzit\u011b.<\/p>\n<figure id=\"attachment_31109\" aria-describedby=\"caption-attachment-31109\" style=\"width: 1202px\" class=\"wp-caption alignnone\"><a href=\"https:\/\/d2p6e6u75xmxt8.cloudfront.net\/13\/2025\/09\/profimedia-0086091401.webp\"><img loading=\"lazy\" decoding=\"async\" class=\"size-full wp-image-31109\" src=\"https:\/\/d2p6e6u75xmxt8.cloudfront.net\/13\/2025\/09\/profimedia-0086091401.webp\" alt=\"\" width=\"1202\" height=\"1800\" srcset=\"https:\/\/d2p6e6u75xmxt8.cloudfront.net\/13\/2025\/09\/profimedia-0086091401.webp 1202w, https:\/\/d2p6e6u75xmxt8.cloudfront.net\/13\/2025\/09\/profimedia-0086091401-200x300.webp 200w, https:\/\/d2p6e6u75xmxt8.cloudfront.net\/13\/2025\/09\/profimedia-0086091401-684x1024.webp 684w, https:\/\/d2p6e6u75xmxt8.cloudfront.net\/13\/2025\/09\/profimedia-0086091401-768x1150.webp 768w, https:\/\/d2p6e6u75xmxt8.cloudfront.net\/13\/2025\/09\/profimedia-0086091401-1026x1536.webp 1026w, https:\/\/d2p6e6u75xmxt8.cloudfront.net\/13\/2025\/09\/profimedia-0086091401-267x400.webp 267w\" sizes=\"auto, (max-width: 1202px) 100vw, 1202px\" \/><\/a><figcaption id=\"caption-attachment-31109\" class=\"wp-caption-text\"><em>Stupn\u011b v\u00edt\u011bz\u016f na ME 2007. Uprost\u0159ed zlat\u00fd Nino Schurter, vlevo st\u0159\u00edbrn\u00fd Jaroslav Kulhav\u00fd a vpravo bronzov\u00fd Jakob Fuglsang.<\/em><\/figcaption><\/figure>\n<p>Vrchol rivality byl v letech kolem olympijsk\u00e9ho Lond\u00fdna, p\u0159i\u010dem\u017e moje zlato v\u0161e akcelerovalo. Byl jsem pro n\u011bj v z\u00e1vod\u011b n\u011bco jako no\u010dn\u00ed m\u016fra. Byl r\u00e1d, kdy\u017e byl na \u010dele prvn\u00ed skupiny a j\u00e1 nebyl nikde na dohled. Proto\u017ee jakmile jsem byl v polovin\u011b z\u00e1vodu ve skupin\u011b na \u010dele, Nino ve mn\u011b c\u00edtil nebezpe\u010d\u00ed. Rozd\u00edly mezi n\u00e1mi byly minim\u00e1ln\u00ed.&#8220;<\/p>\n<h2><strong>Olympijsk\u00e9 soupe\u0159en\u00ed<\/strong><\/h2>\n<p>&#8222;V Pekingu 2008 bojoval o bronzovou medaili s krajanem a m\u00fdm kamar\u00e1dem Chrisem Sauserem. O dv\u011b sekundy slavil Nino. J\u00e1 dojel osmn\u00e1ct\u00fd, co\u017e nebylo nijak oslniv\u00e9, ale po\u0159\u00e1d \u0161lo o nejlep\u0161\u00ed \u010desk\u00fd v\u00fdsledek v historii. O \u010dty\u0159i roky pozd\u011bji jsme se st\u0159etli v Lond\u00fdn\u011b.<\/p>\n<div class=\"shortcode-ys-post-pinup\"><article class=\"loop-simple post-18847 post type-post status-publish format-standard has-post-thumbnail hentry category-horska-cyklistika tag-cape-epic tag-cyklistika tag-horska-cyklistika tag-jaroslav-kulhavy tag-londyn-2012 tag-mistrovstvi-evropy tag-ms-champery tag-olympijske-hry tag-rio-2016 tag-svetovy-pohar tag-windham global-categories-cycling\" data-postid=\"18847\" role=\"article\" data-post-id=\"18847\" data-word-count=\"1065\" data-headline-length=\"69\" data-category=\"Horsk\u00e1 cyklistika\" data-global-category=\"Cycling\" data-author=\"We Love Cycling\" data-published=\"2022-09-22T15:00:44+02:00\" data-published-day=\"Thursday\">\n    <div class=\"entry-thumbnail article-thumbnail\" content=\"https:\/\/d2p6e6u75xmxt8.cloudfront.net\/13\/2022\/09\/2012_Londyn_3-150x150.webp\"><a href=\"https:\/\/www.welovecycling.com\/cs\/2022\/09\/22\/jaroslav-kulhavy-odchazi-muz-ktery-zmenil-cyklistiku-v-cesku\/\" class=\"image-holder\" target=\"_self\"><img decoding=\"async\" loading=\"lazy\" class=\"\" src=\"https:\/\/d2p6e6u75xmxt8.cloudfront.net\/13\/2022\/09\/2012_Londyn_3-1024x682.webp\" srcset=\"https:\/\/d2p6e6u75xmxt8.cloudfront.net\/13\/2022\/09\/2012_Londyn_3.webp 2000w, https:\/\/d2p6e6u75xmxt8.cloudfront.net\/13\/2022\/09\/2012_Londyn_3-300x200.webp 300w, https:\/\/d2p6e6u75xmxt8.cloudfront.net\/13\/2022\/09\/2012_Londyn_3-1024x682.webp 1024w, https:\/\/d2p6e6u75xmxt8.cloudfront.net\/13\/2022\/09\/2012_Londyn_3-768x512.webp 768w, https:\/\/d2p6e6u75xmxt8.cloudfront.net\/13\/2022\/09\/2012_Londyn_3-1536x1024.webp 1536w, https:\/\/d2p6e6u75xmxt8.cloudfront.net\/13\/2022\/09\/2012_Londyn_3-1920x1280.webp 1920w, https:\/\/d2p6e6u75xmxt8.cloudfront.net\/13\/2022\/09\/2012_Londyn_3-272x182.webp 272w, https:\/\/d2p6e6u75xmxt8.cloudfront.net\/13\/2022\/09\/2012_Londyn_3-1920x1280.webp 1920w\" width=\"1024\" height=\"682\" sizes=\"auto, (min-width: 1200px) 300px, (min-width: 768px) 25vw, 100vw\" alt=\"jaroslav-kulhavy-odchazi-muz-ktery-zmenil-cyklistiku-v-cesku\"\/><\/a><\/div>    <div class=\"entry-meta\">\n        <a class=\"label label-secondary post-category\" href=\"https:\/\/www.welovecycling.com\/cs\/category\/horska-cyklistika\/\" title=\"Horsk\u00e1 cyklistika\">Horsk\u00e1 cyklistika<\/a>\n    <\/div>\n    <div class=\"entry-details\">\n        <a href=\"https:\/\/www.welovecycling.com\/cs\/2022\/09\/22\/jaroslav-kulhavy-odchazi-muz-ktery-zmenil-cyklistiku-v-cesku\/\" class='entry-title-wrapper'>\n            <h3 class=\"entry-title\"><span>Jaroslav Kulhav\u00fd: odch\u00e1z\u00ed mu\u017e, kter\u00fd zm\u011bnil cyklistiku v \u010cesku<\/span><\/h3>\n        <\/a>\n    <\/div>\n    <\/article>\n<\/div>\n<p>V roce 2011 jsem m\u011bl \u017eivotn\u00ed sezonu. Vyhr\u00e1val jsem jako kapela&#8230; Bral jsem p\u011bt triumf\u016f v z\u00e1vodech sv\u011btov\u00e9ho poh\u00e1ru, z\u00edskal titul mistra sv\u011bta i Evropy. Ale prvn\u00ed polovina olympijsk\u00e9ho roku byla nemastn\u00e1 neslan\u00e1. Ne\u0161el jsem do z\u00e1vodu v Hadleigh Farm jako favorit. Nino si nep\u0159ipou\u0161t\u011bl nic jin\u00e9ho ne\u017e v\u00edt\u011bzstv\u00ed. Cel\u00fd jeho t\u00e1bor byl hodn\u011b sebev\u011bdom\u00fd. Ale moje tr\u00e9ninky prob\u00edhaly bez probl\u00e9m\u016f a byl jsem perfektn\u011b p\u0159ipraven\u00fd. M\u011bl jsem ur\u010dit\u00fd pl\u00e1n pro z\u00e1v\u011br z\u00e1vodu v posledn\u00edm t\u011b\u017ek\u00e9m stoup\u00e1n\u00ed, kter\u00fd se nepoda\u0159ilo naplnit. Nakonec jsem Nina na v\u00fdkonnost p\u0159edjel v posledn\u00ed zat\u00e1\u010dce. Byl z toho \u017eivotn\u00ed triumf a pro n\u011bj jedno z \u017eivotn\u00edch zklam\u00e1n\u00ed.<\/p>\n<figure id=\"attachment_11207\" aria-describedby=\"caption-attachment-11207\" style=\"width: 1600px\" class=\"wp-caption alignnone\"><a href=\"https:\/\/d2p6e6u75xmxt8.cloudfront.net\/13\/2020\/12\/WLC-Kulhavy-olympiada.webp\"><img loading=\"lazy\" decoding=\"async\" class=\"size-full wp-image-11207\" src=\"https:\/\/d2p6e6u75xmxt8.cloudfront.net\/13\/2020\/12\/WLC-Kulhavy-olympiada.webp\" alt=\"Jaroslav Kulhav\u00fd a jeho zlat\u00fd fini\u0161 na olympijsk\u00fdch hr\u00e1ch v Lond\u00fdn\u011b 2012. \u0160v\u00fdcar Nino Schurter bojoval marn\u011b... Foto: Michal \u010cerven\u00fd\" width=\"1600\" height=\"1066\" srcset=\"https:\/\/d2p6e6u75xmxt8.cloudfront.net\/13\/2020\/12\/WLC-Kulhavy-olympiada.webp 1600w, https:\/\/d2p6e6u75xmxt8.cloudfront.net\/13\/2020\/12\/WLC-Kulhavy-olympiada-300x200.webp 300w, https:\/\/d2p6e6u75xmxt8.cloudfront.net\/13\/2020\/12\/WLC-Kulhavy-olympiada-1024x682.webp 1024w, https:\/\/d2p6e6u75xmxt8.cloudfront.net\/13\/2020\/12\/WLC-Kulhavy-olympiada-768x512.webp 768w, https:\/\/d2p6e6u75xmxt8.cloudfront.net\/13\/2020\/12\/WLC-Kulhavy-olympiada-1536x1023.webp 1536w, https:\/\/d2p6e6u75xmxt8.cloudfront.net\/13\/2020\/12\/WLC-Kulhavy-olympiada-272x182.webp 272w\" sizes=\"auto, (max-width: 1600px) 100vw, 1600px\" \/><\/a><figcaption id=\"caption-attachment-11207\" class=\"wp-caption-text\"><em>Jaroslav Kulhav\u00fd a jeho zlat\u00fd fini\u0161 na olympijsk\u00fdch hr\u00e1ch v Lond\u00fdn\u011b 2012. \u0160v\u00fdcar Nino Schurter bojoval marn\u011b&#8230; Foto: Michal \u010cerven\u00fd<\/em><\/figcaption><\/figure>\n<p>V\u00edm, \u017ee Nino tu por\u00e1\u017eku z Lond\u00fdna dlouho rozd\u00fdch\u00e1val. O to v\u00edce motivovan\u00fd m\u00ed\u0159il do Ria o \u010dty\u0159i roky pozd\u011bji. J\u00e1 mu cestu za vysn\u011bn\u00fdm zlatem z\u0159ejm\u011b uleh\u010dil, proto\u017ee jsem si v b\u0159eznu na Kypru zlomil ruku a doh\u00e1n\u011bl jsem cel\u00e9 jaro tr\u00e9ninkov\u00fd deficit. U\u017e nikdy se nedozv\u00edme, jak by moje obhajoba dopadla, kdybych byl stoprocentn\u011b fit. Ale je to jen kdyby&#8230;&#8220;<\/p>\n<h2><strong>Vz\u00e1jemn\u00e9 (ne)p\u0159\u00e1telstv\u00ed<\/strong><\/h2>\n<p>&#8222;Za\u010d\u00e1tky na\u0161eho vztahu byly takov\u00e9 slo\u017eit\u011bj\u0161\u00ed. Jednou jsem n\u011bkde \u010detl, \u017ee Nino byl zosobn\u011bn\u00edm jist\u00e9 \u0161v\u00fdcarsk\u00e9 arogance. Ale u div\u00e1k\u016f se postupn\u011b stal obl\u00edbencem. Ze z\u00e1vodn\u00edho hlediska jsme byli velc\u00ed rivalov\u00e9. Hodn\u011b to dramatizovali novin\u00e1\u0159i a mana\u017ee\u0159i. Ale n\u00e1\u0161 vztah byl profesion\u00e1ln\u00ed. Ur\u010dit\u011b jsme si v za\u010d\u00e1tc\u00edch soupe\u0159en\u00ed nevolali, ale sou\u010dasn\u011b bylo p\u0159ehnan\u00e9, kdy\u017e se n\u011bkde objevily zpr\u00e1vy o nen\u00e1visti. Postupem \u010dasu jsme si po velk\u00fdch z\u00e1vodech na konci sezony v\u017edy pokecali u piva. Byli jsme v pohod\u011b.<\/p>\n<p><a href=\"https:\/\/d2p6e6u75xmxt8.cloudfront.net\/13\/2025\/09\/profimedia-0101814332.webp\"><img loading=\"lazy\" decoding=\"async\" class=\"alignnone size-full wp-image-31107\" src=\"https:\/\/d2p6e6u75xmxt8.cloudfront.net\/13\/2025\/09\/profimedia-0101814332.webp\" alt=\"\" width=\"1800\" height=\"1456\" srcset=\"https:\/\/d2p6e6u75xmxt8.cloudfront.net\/13\/2025\/09\/profimedia-0101814332.webp 1800w, https:\/\/d2p6e6u75xmxt8.cloudfront.net\/13\/2025\/09\/profimedia-0101814332-300x243.webp 300w, https:\/\/d2p6e6u75xmxt8.cloudfront.net\/13\/2025\/09\/profimedia-0101814332-1024x828.webp 1024w, https:\/\/d2p6e6u75xmxt8.cloudfront.net\/13\/2025\/09\/profimedia-0101814332-768x621.webp 768w, https:\/\/d2p6e6u75xmxt8.cloudfront.net\/13\/2025\/09\/profimedia-0101814332-1536x1242.webp 1536w, https:\/\/d2p6e6u75xmxt8.cloudfront.net\/13\/2025\/09\/profimedia-0101814332-400x324.webp 400w\" sizes=\"auto, (max-width: 1800px) 100vw, 1800px\" \/><\/a><\/p>\n<p>A paradoxn\u011b jsme si navz\u00e1jem pomohli p\u0159i vyjedn\u00e1v\u00e1n\u00ed o kontraktech. Nino m\u011bl velkou z\u00e1sluhu na jednom z velk\u00fdch vyjedn\u00e1v\u00e1n\u00ed o m\u00e9 smlouv\u011b v t\u00fdmu. Dnes jsou \u010d\u00e1stky, za kter\u00e9 se z\u00e1vod\u00ed, tak trochu ve\u0159ejn\u00fdm tajemstv\u00edm. Ale tehdy se v\u0161e dr\u017eelo v p\u0159\u00edsn\u00e9 tajnosti. J\u00e1, Nino Schurter a Julien Absolon jsme byli top trojka, co ostatn\u00ed v\u00fdrazn\u011b p\u0159evy\u0161ovala. Nino mi \u0159ekl otev\u0159en\u011b, jak vysok\u00fd je jeho kontrakt, abych to mohl pou\u017e\u00edt jako argument p\u0159i vyjedn\u00e1v\u00e1n\u00ed a moje smlouva byla adekv\u00e1tn\u00ed. T\u00fdmov\u00ed mana\u017ee\u0159i byli schopn\u00ed si ov\u011b\u0159it, jestli blufujeme. Kdy\u017e jsem \u0159e\u0161il prvn\u00ed smlouvu, pohyboval jsem se do Ninovi intervence o pades\u00e1t procent minus. D\u00edky n\u011bmu jsem z\u00edskal lep\u0161\u00ed kontrakt. N\u00e1sledn\u011b jsme tyhle informace sd\u00edleli.&#8220;<\/p>\n<h2><strong>O zasl\u00edben\u00fdch trat\u00edch&#8230;<\/strong><\/h2>\n<p>&#8222;N\u011bkter\u00e9 okruhy sed\u011bly v\u00edce mn\u011b, jin\u00e9 byly lep\u0161\u00ed pro Nina. M\u011bli jsme rozd\u00edln\u00e9 styly z\u00e1vod\u011bn\u00ed. Byli jsme rozd\u00edln\u00e9 somatotypy. Nino byl hodn\u011b dynamick\u00fd, j\u00e1 byl sp\u00ed\u0161e diesel s turbem. Nebyl jsem schopn\u00fd nastoupit patn\u00e1ctkr\u00e1t v z\u00e1vod\u011b jako on. Ud\u011blal jsem jeden dva dlouh\u00e9 drtiv\u00e9 n\u00e1stupy. Technicky jsme byli jedni z nejlep\u0161\u00edch ve sv\u011btov\u00e9m poh\u00e1ru ve sjezdech. Nino byl men\u0161\u00ed, a tak se l\u00e9pe skl\u00e1dal na kolo do to\u010dit\u00fdch pas\u00e1\u017e\u00ed. Jinde to zase sed\u011blo v\u00edce mn\u011b s ohledem na moji v\u00fd\u0161ku.<\/p>\n<figure id=\"attachment_10006\" aria-describedby=\"caption-attachment-10006\" style=\"width: 1200px\" class=\"wp-caption alignnone\"><a href=\"https:\/\/d2p6e6u75xmxt8.cloudfront.net\/13\/2020\/09\/nino-schurter-\u010derven\u00fd-3.webp\"><img loading=\"lazy\" decoding=\"async\" class=\"size-full wp-image-10006\" src=\"https:\/\/d2p6e6u75xmxt8.cloudfront.net\/13\/2020\/09\/nino-schurter-\u010derven\u00fd-3.webp\" alt=\"Nino Schurter si s kolem dovol\u00ed i v pln\u00e9m tempu nev\u00eddan\u00e9 par\u00e1di\u010dky. Foto: Michal \u010cerven\u00fd\" width=\"1200\" height=\"1500\" srcset=\"https:\/\/d2p6e6u75xmxt8.cloudfront.net\/13\/2020\/09\/nino-schurter-\u010derven\u00fd-3.webp 1200w, https:\/\/d2p6e6u75xmxt8.cloudfront.net\/13\/2020\/09\/nino-schurter-\u010derven\u00fd-3-240x300.webp 240w, https:\/\/d2p6e6u75xmxt8.cloudfront.net\/13\/2020\/09\/nino-schurter-\u010derven\u00fd-3-819x1024.webp 819w, https:\/\/d2p6e6u75xmxt8.cloudfront.net\/13\/2020\/09\/nino-schurter-\u010derven\u00fd-3-768x960.webp 768w\" sizes=\"auto, (max-width: 1200px) 100vw, 1200px\" \/><\/a><figcaption id=\"caption-attachment-10006\" class=\"wp-caption-text\"><em>Nino Schurter si s kolem dovol\u00ed i v pln\u00e9m tempu nev\u00eddan\u00e9 par\u00e1di\u010dky. Foto: Michal \u010cerven\u00fd<\/em><\/figcaption><\/figure>\n<p>T\u0159eba Nov\u00e9 M\u011bsto na Morav\u011b vyhovovalo Ninovi profilov\u011b v\u00edce ne\u017e mn\u011b. Ale n\u011bkdy jsem mu cestu za v\u00edt\u011bzstv\u00edm uleh\u010dil. Kup\u0159\u00edkladu p\u0159i MS v roce 2016 jsem v\u00edt\u011bzstv\u00ed ztratil v posledn\u00edm v\u00fdjezdu taktickou chybou. Naopak v Lenzerheide na jeho dom\u00e1c\u00ed trati zase okruh sed\u011bl v\u00edce m\u00fdm jezdeck\u00fdm schopnostem. Velk\u00fd vliv m\u011bli i fanou\u0161ci. Obrovsk\u00e9 o\u010dek\u00e1v\u00e1n\u00ed, tlak ve\u0159ejnosti&#8230; P\u0159i dom\u00e1c\u00edch z\u00e1vodech se prost\u0159ed\u00ed paradoxn\u011b mohlo ot\u00e1\u010det proti n\u00e1m.&#8220;<\/p>\n<h2><strong>O p\u0159\u00edvlastku legenda<\/strong><\/h2>\n<p>&#8222;Mysl\u00edm, \u017ee oba m\u00e1me svoje m\u00edsto v historii cyklistiky. J\u00e1 byl prvn\u00ed, kdo prorazil s dev\u011btadvac\u00edtkov\u00fdmi koly ve sv\u011btov\u00e9m poh\u00e1ru a mistrovstv\u00ed sv\u011bta. A zkompletoval jsem triumfy z mistrovstv\u00ed sv\u011bta cross country, mistrovstv\u00ed sv\u011bta v maratonu i nejv\u011bt\u0161\u00edho bikov\u00e9ho etapov\u00e9ho z\u00e1vodu Cape Epic. Na druhou stranu dlouhov\u011bkost a kontinuita, kterou p\u0159edv\u00e1d\u011bl <a href=\"https:\/\/www.welovecycling.com\/cs\/2020\/10\/01\/nino-schurter-exkluzivne-zacal-delat-pilotni-kurz-na-helikopteru-a-porad-ma-velkou-chut-vyhravat\/\">Nino Schurter<\/a>, byla neuv\u011b\u0159iteln\u00e1.<\/p>\n<div class=\"shortcode-ys-post-pinup\"><article class=\"loop-simple post-30948 post type-post status-publish format-standard has-post-thumbnail hentry category-horska-cyklistika tag-cyklistika tag-frantisek-rabon tag-horska-cyklistika tag-penize tag-platy-bikeru tag-silnicni-cyklistika tag-uci-mtb-2025 global-categories-cycling\" data-postid=\"30948\" role=\"article\" data-post-id=\"30948\" data-word-count=\"655\" data-headline-length=\"52\" data-category=\"Horsk\u00e1 cyklistika\" data-global-category=\"Cycling\" data-author=\"Radek Malina\" data-published=\"2025-09-10T10:00:11+02:00\" data-published-day=\"Wednesday\">\n    <div class=\"entry-thumbnail article-thumbnail\" content=\"https:\/\/d2p6e6u75xmxt8.cloudfront.net\/13\/2022\/05\/21_Nino-Schurter-150x150.webp\"><a href=\"https:\/\/www.welovecycling.com\/cs\/2025\/09\/10\/platy-bikeru-zalostne-proti-slechte-na-silnici\/\" class=\"image-holder\" target=\"_self\"><img decoding=\"async\" loading=\"lazy\" class=\"\" src=\"https:\/\/d2p6e6u75xmxt8.cloudfront.net\/13\/2022\/05\/21_Nino-Schurter-1024x683.webp\" srcset=\"https:\/\/d2p6e6u75xmxt8.cloudfront.net\/13\/2022\/05\/21_Nino-Schurter.webp 1600w, https:\/\/d2p6e6u75xmxt8.cloudfront.net\/13\/2022\/05\/21_Nino-Schurter-300x200.webp 300w, https:\/\/d2p6e6u75xmxt8.cloudfront.net\/13\/2022\/05\/21_Nino-Schurter-1024x683.webp 1024w, https:\/\/d2p6e6u75xmxt8.cloudfront.net\/13\/2022\/05\/21_Nino-Schurter-768x512.webp 768w, https:\/\/d2p6e6u75xmxt8.cloudfront.net\/13\/2022\/05\/21_Nino-Schurter-1536x1024.webp 1536w, https:\/\/d2p6e6u75xmxt8.cloudfront.net\/13\/2022\/05\/21_Nino-Schurter-272x182.webp 272w\" width=\"1024\" height=\"683\" sizes=\"auto, (min-width: 1200px) 300px, (min-width: 768px) 25vw, 100vw\" alt=\"platy-bikeru-zalostne-proti-slechte-na-silnici\"\/><\/a><\/div>    <div class=\"entry-meta\">\n        <a class=\"label label-secondary post-category\" href=\"https:\/\/www.welovecycling.com\/cs\/category\/horska-cyklistika\/\" title=\"Horsk\u00e1 cyklistika\">Horsk\u00e1 cyklistika<\/a>\n    <\/div>\n    <div class=\"entry-details\">\n        <a href=\"https:\/\/www.welovecycling.com\/cs\/2025\/09\/10\/platy-bikeru-zalostne-proti-slechte-na-silnici\/\" class='entry-title-wrapper'>\n            <h3 class=\"entry-title\"><span>Platy biker\u016f? \u017dalostn\u00e9 proti \u0161lecht\u011b na silnici<\/span><\/h3>\n        <\/a>\n    <\/div>\n    <\/article>\n<\/div>\n<p>J\u00e1 jsem nedok\u00e1zal na vrcholu z\u016fstal tak dlouho. Kdy\u017e se mi n\u011bco neda\u0159ilo, vybral jsem si jinou v\u00fdzvu. Nino se up\u00ednal hodn\u011b na cross country. Mysl\u00edm, \u017ee i trochu d\u00edky mn\u011b z\u00edskal motivaci pr\u00e1v\u011b pro Cape Epic.&#8220;<\/p>\n<h2><strong>O rozlu\u010dkov\u00e9 party<\/strong><\/h2>\n<p>&#8222;O na\u0161em vztahu tak\u00e9 sv\u011bd\u010d\u00ed fakt, \u017ee m\u011b Nino pozval na sv\u016fj rozlu\u010dkov\u00fd galave\u010der do Lenzerheide. Byl jsem u jeho z\u00e1vodu, kdy si u\u017eil ovace fanou\u0161k\u016f, a pak na party mezi vybran\u00fdmi z\u00e1vodn\u00edky. Je zbyte\u010dn\u00e9 hledat v\u00fdmluvn\u011bj\u0161\u00ed d\u016fkaz vz\u00e1jemn\u00e9 \u00facty a respektu. \u0158ekli jsme si spoustu v\u011bc\u00ed. A proto\u017ee u\u017e ani jednoho z n\u00e1s ne\u010dekal dal\u0161\u00ed z\u00e1vod sv\u011btov\u00e9ho poh\u00e1ru, u\u017eili jsme si party stejn\u011b intenzivn\u011b, jako jsme z\u00e1vodili. U dvou piv nez\u016fstalo&#8230;&#8220;<\/p>\n","protected":false},"excerpt":{"rendered":"<p>Byl jeho hnac\u00edm motorem. Pokud jej nem\u011bl p\u0159ed sebou, strachoval se jeho st\u00ednu za z\u00e1dy. Nino Schurter, excelentn\u00ed \u0161v\u00fdcarsk\u00fd biker, [&hellip;]<\/p>\n","protected":false},"author":138,"featured_media":31108,"comment_status":"open","ping_status":"open","sticky":false,"template":"","format":"standard","meta":{"footnotes":""},"categories":[11],"tags":[126,56,234,1950,4384,1093,4385,4386,3685],"global-categories":[411],"class_list":["post-31101","post","type-post","status-publish","format-standard","has-post-thumbnail","hentry","category-horska-cyklistika","tag-cyklistika","tag-horska-cyklistika","tag-jaroslav-kulhavy","tag-konec-kariery","tag-nepratelstvi","tag-nino-schurter","tag-oh-londyn-2012","tag-oh-rio-2016","tag-rivalita","global-categories-cycling"],"yoast_head":"<!-- This site is optimized with the Yoast SEO Premium plugin v25.3 (Yoast SEO v25.9) - https:\/\/yoast.com\/wordpress\/plugins\/seo\/ -->\n<title>Nino mi pomohl k lep\u0161\u00ed smlouv\u011b, vzpom\u00edn\u00e1 Kulhav\u00fd na rivala | \u0160koda We Love Cycling - \u010cesk\u00e1 republika<\/title>\n<meta name=\"description\" content=\"Byl jeho hnac\u00edm motorem. Pokud jej nem\u011bl p\u0159ed sebou, strachoval se jeho st\u00ednu za z\u00e1dy. Nino Schurter, excelentn\u00ed \u0161v\u00fdcarsk\u00fd biker, velkou \u010d\u00e1st kari\u00e9ry bojoval s Jaroslavem Kulhav\u00fdm. M\u00e9dia na vrcholu sl\u00e1vy obou borc\u016f psala o nevra\u017eivosti a nesn\u00e1\u0161enlivosti. Jak\u00e1 byla realita?\" \/>\n<meta name=\"robots\" content=\"index, follow, max-snippet:-1, max-image-preview:large, max-video-preview:-1\" \/>\n<link rel=\"canonical\" href=\"https:\/\/www.welovecycling.com\/cs\/2025\/09\/24\/nino-mi-pomohl-k-lepsi-smlouve-vzpomina-kulhavy-na-rivala\/\" \/>\n<meta property=\"og:locale\" content=\"cs_CZ\" \/>\n<meta property=\"og:type\" content=\"article\" \/>\n<meta property=\"og:title\" content=\"Nino mi pomohl k lep\u0161\u00ed smlouv\u011b, vzpom\u00edn\u00e1 Kulhav\u00fd na rivala\" \/>\n<meta property=\"og:description\" content=\"Byl jeho hnac\u00edm motorem. Pokud jej nem\u011bl p\u0159ed sebou, strachoval se jeho st\u00ednu za z\u00e1dy. Nino Schurter, excelentn\u00ed \u0161v\u00fdcarsk\u00fd biker, velkou \u010d\u00e1st kari\u00e9ry bojoval s Jaroslavem Kulhav\u00fdm. M\u00e9dia na vrcholu sl\u00e1vy obou borc\u016f psala o nevra\u017eivosti a nesn\u00e1\u0161enlivosti. Jak\u00e1 byla realita?\" \/>\n<meta property=\"og:url\" content=\"https:\/\/www.welovecycling.com\/cs\/2025\/09\/24\/nino-mi-pomohl-k-lepsi-smlouve-vzpomina-kulhavy-na-rivala\/\" \/>\n<meta property=\"og:site_name\" content=\"\u0160koda We Love Cycling - \u010cesk\u00e1 republika\" \/>\n<meta property=\"article:published_time\" content=\"2025-09-24T10:03:56+00:00\" \/>\n<meta property=\"og:image\" content=\"https:\/\/d2p6e6u75xmxt8.cloudfront.net\/13\/2025\/09\/profimedia-0669799837.webp\" \/>\n\t<meta property=\"og:image:width\" content=\"1800\" \/>\n\t<meta property=\"og:image:height\" content=\"1012\" \/>\n\t<meta property=\"og:image:type\" content=\"image\/webp\" \/>\n<meta name=\"author\" content=\"radekmalina\" \/>\n<meta name=\"twitter:card\" content=\"summary_large_image\" \/>\n<meta name=\"twitter:label1\" content=\"Written by\" \/>\n\t<meta name=\"twitter:data1\" content=\"Radek Malina\" \/>\n\t<meta name=\"twitter:label2\" content=\"Est. reading time\" \/>\n\t<meta name=\"twitter:data2\" content=\"5\" \/>\n<script type=\"application\/ld+json\" class=\"yoast-schema-graph\">{\"@context\":\"https:\/\/schema.org\",\"@graph\":[{\"@type\":\"WebPage\",\"@id\":\"https:\/\/www.welovecycling.com\/cs\/2025\/09\/24\/nino-mi-pomohl-k-lepsi-smlouve-vzpomina-kulhavy-na-rivala\/\",\"url\":\"https:\/\/www.welovecycling.com\/cs\/2025\/09\/24\/nino-mi-pomohl-k-lepsi-smlouve-vzpomina-kulhavy-na-rivala\/\",\"name\":\"Nino mi pomohl k lep\u0161\u00ed smlouv\u011b, vzpom\u00edn\u00e1 Kulhav\u00fd na rivala | \u0160koda We Love Cycling - \u010cesk\u00e1 republika\",\"isPartOf\":{\"@id\":\"https:\/\/www.welovecycling.com\/cs\/#website\"},\"primaryImageOfPage\":{\"@id\":\"https:\/\/www.welovecycling.com\/cs\/2025\/09\/24\/nino-mi-pomohl-k-lepsi-smlouve-vzpomina-kulhavy-na-rivala\/#primaryimage\"},\"image\":{\"@id\":\"https:\/\/www.welovecycling.com\/cs\/2025\/09\/24\/nino-mi-pomohl-k-lepsi-smlouve-vzpomina-kulhavy-na-rivala\/#primaryimage\"},\"thumbnailUrl\":\"https:\/\/d2p6e6u75xmxt8.cloudfront.net\/13\/2025\/09\/profimedia-0669799837.webp\",\"datePublished\":\"2025-09-24T10:03:56+00:00\",\"author\":{\"@id\":\"https:\/\/www.welovecycling.com\/cs\/#\/schema\/person\/d9eeb0a378f3a7e4a6d12d2b536b04b8\"},\"description\":\"Byl jeho hnac\u00edm motorem. Pokud jej nem\u011bl p\u0159ed sebou, strachoval se jeho st\u00ednu za z\u00e1dy. Nino Schurter, excelentn\u00ed \u0161v\u00fdcarsk\u00fd biker, velkou \u010d\u00e1st kari\u00e9ry bojoval s Jaroslavem Kulhav\u00fdm. M\u00e9dia na vrcholu sl\u00e1vy obou borc\u016f psala o nevra\u017eivosti a nesn\u00e1\u0161enlivosti. Jak\u00e1 byla realita?\",\"inLanguage\":\"cs\",\"potentialAction\":[{\"@type\":\"ReadAction\",\"target\":[\"https:\/\/www.welovecycling.com\/cs\/2025\/09\/24\/nino-mi-pomohl-k-lepsi-smlouve-vzpomina-kulhavy-na-rivala\/\"]}]},{\"@type\":\"ImageObject\",\"inLanguage\":\"cs\",\"@id\":\"https:\/\/www.welovecycling.com\/cs\/2025\/09\/24\/nino-mi-pomohl-k-lepsi-smlouve-vzpomina-kulhavy-na-rivala\/#primaryimage\",\"url\":\"https:\/\/d2p6e6u75xmxt8.cloudfront.net\/13\/2025\/09\/profimedia-0669799837.webp\",\"contentUrl\":\"https:\/\/d2p6e6u75xmxt8.cloudfront.net\/13\/2025\/09\/profimedia-0669799837.webp\",\"width\":1800,\"height\":1012,\"caption\":\"Nino Schurter a Jaroslav Kulhav\u00fd\"},{\"@type\":\"WebSite\",\"@id\":\"https:\/\/www.welovecycling.com\/cs\/#website\",\"url\":\"https:\/\/www.welovecycling.com\/cs\/\",\"name\":\"\u0160koda We Love Cycling - \u010cesk\u00e1 republika\",\"description\":\"WeLoveCycling.cz je online magaz\u00edn, kter\u00fd v\u00e1m pravideln\u011b p\u0159in\u00e1\u0161\u00ed rady a tipy, zaj\u00edmav\u00e9 \u010dl\u00e1nky, videa a jedine\u010dn\u00e9 report\u00e1\u017ee ze sv\u011bta cyklistiky.\",\"potentialAction\":[{\"@type\":\"SearchAction\",\"target\":{\"@type\":\"EntryPoint\",\"urlTemplate\":\"https:\/\/www.welovecycling.com\/cs\/?s={search_term_string}\"},\"query-input\":{\"@type\":\"PropertyValueSpecification\",\"valueRequired\":true,\"valueName\":\"search_term_string\"}}],\"inLanguage\":\"cs\"},{\"@type\":\"Person\",\"@id\":\"https:\/\/www.welovecycling.com\/cs\/#\/schema\/person\/d9eeb0a378f3a7e4a6d12d2b536b04b8\",\"name\":\"radekmalina\",\"image\":{\"@type\":\"ImageObject\",\"inLanguage\":\"cs\",\"@id\":\"https:\/\/www.welovecycling.com\/cs\/#\/schema\/person\/image\/\",\"url\":\"https:\/\/secure.gravatar.com\/avatar\/66994b632cb8c39a46b9f54afa3ae07201b678d32a54275b6f1c9ffec356bfc0?s=96&d=mm&r=g\",\"contentUrl\":\"https:\/\/secure.gravatar.com\/avatar\/66994b632cb8c39a46b9f54afa3ae07201b678d32a54275b6f1c9ffec356bfc0?s=96&d=mm&r=g\",\"caption\":\"radekmalina\"},\"url\":\"https:\/\/www.welovecycling.com\/cs\/author\/radekmalina\/\"}]}<\/script>\n<!-- \/ Yoast SEO Premium plugin. -->","yoast_head_json":{"title":"Nino mi pomohl k lep\u0161\u00ed smlouv\u011b, vzpom\u00edn\u00e1 Kulhav\u00fd na rivala | \u0160koda We Love Cycling - \u010cesk\u00e1 republika","description":"Byl jeho hnac\u00edm motorem. Pokud jej nem\u011bl p\u0159ed sebou, strachoval se jeho st\u00ednu za z\u00e1dy. Nino Schurter, excelentn\u00ed \u0161v\u00fdcarsk\u00fd biker, velkou \u010d\u00e1st kari\u00e9ry bojoval s Jaroslavem Kulhav\u00fdm. M\u00e9dia na vrcholu sl\u00e1vy obou borc\u016f psala o nevra\u017eivosti a nesn\u00e1\u0161enlivosti. Jak\u00e1 byla realita?","robots":{"index":"index","follow":"follow","max-snippet":"max-snippet:-1","max-image-preview":"max-image-preview:large","max-video-preview":"max-video-preview:-1"},"canonical":"https:\/\/www.welovecycling.com\/cs\/2025\/09\/24\/nino-mi-pomohl-k-lepsi-smlouve-vzpomina-kulhavy-na-rivala\/","og_locale":"cs_CZ","og_type":"article","og_title":"Nino mi pomohl k lep\u0161\u00ed smlouv\u011b, vzpom\u00edn\u00e1 Kulhav\u00fd na rivala","og_description":"Byl jeho hnac\u00edm motorem. Pokud jej nem\u011bl p\u0159ed sebou, strachoval se jeho st\u00ednu za z\u00e1dy. Nino Schurter, excelentn\u00ed \u0161v\u00fdcarsk\u00fd biker, velkou \u010d\u00e1st kari\u00e9ry bojoval s Jaroslavem Kulhav\u00fdm. M\u00e9dia na vrcholu sl\u00e1vy obou borc\u016f psala o nevra\u017eivosti a nesn\u00e1\u0161enlivosti. Jak\u00e1 byla realita?","og_url":"https:\/\/www.welovecycling.com\/cs\/2025\/09\/24\/nino-mi-pomohl-k-lepsi-smlouve-vzpomina-kulhavy-na-rivala\/","og_site_name":"\u0160koda We Love Cycling - \u010cesk\u00e1 republika","article_published_time":"2025-09-24T10:03:56+00:00","og_image":[{"width":1800,"height":1012,"url":"https:\/\/d2p6e6u75xmxt8.cloudfront.net\/13\/2025\/09\/profimedia-0669799837.webp","type":"image\/webp"}],"author":"radekmalina","twitter_card":"summary_large_image","twitter_misc":{"Written by":"Radek Malina","Est. reading time":"5"},"schema":{"@context":"https:\/\/schema.org","@graph":[{"@type":"WebPage","@id":"https:\/\/www.welovecycling.com\/cs\/2025\/09\/24\/nino-mi-pomohl-k-lepsi-smlouve-vzpomina-kulhavy-na-rivala\/","url":"https:\/\/www.welovecycling.com\/cs\/2025\/09\/24\/nino-mi-pomohl-k-lepsi-smlouve-vzpomina-kulhavy-na-rivala\/","name":"Nino mi pomohl k lep\u0161\u00ed smlouv\u011b, vzpom\u00edn\u00e1 Kulhav\u00fd na rivala | \u0160koda We Love Cycling - \u010cesk\u00e1 republika","isPartOf":{"@id":"https:\/\/www.welovecycling.com\/cs\/#website"},"primaryImageOfPage":{"@id":"https:\/\/www.welovecycling.com\/cs\/2025\/09\/24\/nino-mi-pomohl-k-lepsi-smlouve-vzpomina-kulhavy-na-rivala\/#primaryimage"},"image":{"@id":"https:\/\/www.welovecycling.com\/cs\/2025\/09\/24\/nino-mi-pomohl-k-lepsi-smlouve-vzpomina-kulhavy-na-rivala\/#primaryimage"},"thumbnailUrl":"https:\/\/d2p6e6u75xmxt8.cloudfront.net\/13\/2025\/09\/profimedia-0669799837.webp","datePublished":"2025-09-24T10:03:56+00:00","author":{"@id":"https:\/\/www.welovecycling.com\/cs\/#\/schema\/person\/d9eeb0a378f3a7e4a6d12d2b536b04b8"},"description":"Byl jeho hnac\u00edm motorem. Pokud jej nem\u011bl p\u0159ed sebou, strachoval se jeho st\u00ednu za z\u00e1dy. Nino Schurter, excelentn\u00ed \u0161v\u00fdcarsk\u00fd biker, velkou \u010d\u00e1st kari\u00e9ry bojoval s Jaroslavem Kulhav\u00fdm. M\u00e9dia na vrcholu sl\u00e1vy obou borc\u016f psala o nevra\u017eivosti a nesn\u00e1\u0161enlivosti. Jak\u00e1 byla realita?","inLanguage":"cs","potentialAction":[{"@type":"ReadAction","target":["https:\/\/www.welovecycling.com\/cs\/2025\/09\/24\/nino-mi-pomohl-k-lepsi-smlouve-vzpomina-kulhavy-na-rivala\/"]}]},{"@type":"ImageObject","inLanguage":"cs","@id":"https:\/\/www.welovecycling.com\/cs\/2025\/09\/24\/nino-mi-pomohl-k-lepsi-smlouve-vzpomina-kulhavy-na-rivala\/#primaryimage","url":"https:\/\/d2p6e6u75xmxt8.cloudfront.net\/13\/2025\/09\/profimedia-0669799837.webp","contentUrl":"https:\/\/d2p6e6u75xmxt8.cloudfront.net\/13\/2025\/09\/profimedia-0669799837.webp","width":1800,"height":1012,"caption":"Nino Schurter a Jaroslav Kulhav\u00fd"},{"@type":"WebSite","@id":"https:\/\/www.welovecycling.com\/cs\/#website","url":"https:\/\/www.welovecycling.com\/cs\/","name":"\u0160koda We Love Cycling - \u010cesk\u00e1 republika","description":"WeLoveCycling.cz je online magaz\u00edn, kter\u00fd v\u00e1m pravideln\u011b p\u0159in\u00e1\u0161\u00ed rady a tipy, zaj\u00edmav\u00e9 \u010dl\u00e1nky, videa a jedine\u010dn\u00e9 report\u00e1\u017ee ze sv\u011bta cyklistiky.","potentialAction":[{"@type":"SearchAction","target":{"@type":"EntryPoint","urlTemplate":"https:\/\/www.welovecycling.com\/cs\/?s={search_term_string}"},"query-input":{"@type":"PropertyValueSpecification","valueRequired":true,"valueName":"search_term_string"}}],"inLanguage":"cs"},{"@type":"Person","@id":"https:\/\/www.welovecycling.com\/cs\/#\/schema\/person\/d9eeb0a378f3a7e4a6d12d2b536b04b8","name":"radekmalina","image":{"@type":"ImageObject","inLanguage":"cs","@id":"https:\/\/www.welovecycling.com\/cs\/#\/schema\/person\/image\/","url":"https:\/\/secure.gravatar.com\/avatar\/66994b632cb8c39a46b9f54afa3ae07201b678d32a54275b6f1c9ffec356bfc0?s=96&d=mm&r=g","contentUrl":"https:\/\/secure.gravatar.com\/avatar\/66994b632cb8c39a46b9f54afa3ae07201b678d32a54275b6f1c9ffec356bfc0?s=96&d=mm&r=g","caption":"radekmalina"},"url":"https:\/\/www.welovecycling.com\/cs\/author\/radekmalina\/"}]}},"_links":{"self":[{"href":"https:\/\/www.welovecycling.com\/cs\/wp-json\/wp\/v2\/posts\/31101","targetHints":{"allow":["GET"]}}],"collection":[{"href":"https:\/\/www.welovecycling.com\/cs\/wp-json\/wp\/v2\/posts"}],"about":[{"href":"https:\/\/www.welovecycling.com\/cs\/wp-json\/wp\/v2\/types\/post"}],"author":[{"embeddable":true,"href":"https:\/\/www.welovecycling.com\/cs\/wp-json\/wp\/v2\/users\/138"}],"replies":[{"embeddable":true,"href":"https:\/\/www.welovecycling.com\/cs\/wp-json\/wp\/v2\/comments?post=31101"}],"version-history":[{"count":9,"href":"https:\/\/www.welovecycling.com\/cs\/wp-json\/wp\/v2\/posts\/31101\/revisions"}],"predecessor-version":[{"id":31114,"href":"https:\/\/www.welovecycling.com\/cs\/wp-json\/wp\/v2\/posts\/31101\/revisions\/31114"}],"wp:featuredmedia":[{"embeddable":true,"href":"https:\/\/www.welovecycling.com\/cs\/wp-json\/wp\/v2\/media\/31108"}],"wp:attachment":[{"href":"https:\/\/www.welovecycling.com\/cs\/wp-json\/wp\/v2\/media?parent=31101"}],"wp:term":[{"taxonomy":"category","embeddable":true,"href":"https:\/\/www.welovecycling.com\/cs\/wp-json\/wp\/v2\/categories?post=31101"},{"taxonomy":"post_tag","embeddable":true,"href":"https:\/\/www.welovecycling.com\/cs\/wp-json\/wp\/v2\/tags?post=31101"},{"taxonomy":"global-categories","embeddable":true,"href":"https:\/\/www.welovecycling.com\/cs\/wp-json\/wp\/v2\/global-categories?post=31101"}],"curies":[{"name":"wp","href":"https:\/\/api.w.org\/{rel}","templated":true}]}}