{"id":31070,"date":"2025-09-22T15:27:55","date_gmt":"2025-09-22T13:27:55","guid":{"rendered":"https:\/\/www.welovecycling.com\/cs\/?p=31070"},"modified":"2025-09-22T15:28:45","modified_gmt":"2025-09-22T13:28:45","slug":"jidlo-sprcha-jaka-je-dokonala-regenerace","status":"publish","type":"post","link":"https:\/\/www.welovecycling.com\/cs\/2025\/09\/22\/jidlo-sprcha-jaka-je-dokonala-regenerace\/","title":{"rendered":"J\u00eddlo? Sprcha? Jak\u00e1 je dokonal\u00e1 regenerace?"},"content":{"rendered":"<p><strong>Regenerace po tr\u00e9ninku je jedn\u00edm z kl\u00ed\u010d\u016f pro zlep\u0161en\u00ed v\u00fdkonnosti ka\u017ed\u00e9ho cyklisty. Co by m\u011blo b\u00fdt v hierarchii krok\u016f po sesednut\u00ed z kola na prvn\u00edm m\u00edst\u011b? Jak dos\u00e1hnout v dom\u00e1c\u00edch podm\u00ednk\u00e1ch optim\u00e1ln\u00edho zotaven\u00ed?<\/strong><\/p>\n<p>Ruku na srdce: jak vypad\u00e1 va\u0161e rutina, kdy\u017e p\u0159ijedete dom\u016f z vyj\u00ed\u017e\u010fky na kole? Pr\u016fm\u011brn\u00fd cyklista podle pr\u016fzkumu kon\u010d\u00ed tr\u00e9nink ulo\u017een\u00edm j\u00edzdy do computeru, respektive n\u011bkter\u00e9 z aplikac\u00ed jako je Strava, Training Peaks a dal\u0161\u00ed.<\/p>\n<p>Jen\u017ee posun v\u00fdkonnosti nen\u00ed jenom o je\u017ed\u011bn\u00ed. Jde rovn\u011b\u017e o p\u0159\u00edstup k \u010dasu po sesednut\u00ed z kola. Jak vypad\u00e1 ide\u00e1ln\u00ed sc\u00e9n\u00e1\u0159 regenerace, aby druh\u00fd den nebyl cyklista tot\u00e1ln\u011b popraven\u00fd?<\/p>\n<h2><strong>Regenerace za\u010d\u00edn\u00e1 okam\u017eikem sesednut\u00ed z kola<\/strong><\/h2>\n<p>Nen\u00ed n\u00e1hodou, \u017ee v c\u00edli profesion\u00e1ln\u00edch z\u00e1vod\u016f \u010dekaj\u00ed \u010dlenov\u00e9 t\u00fdm\u016f na z\u00e1vodn\u00edky s regenera\u010dn\u00edm koktejlem. Regenerace toti\u017e za\u010d\u00edn\u00e1 p\u0159esn\u011b v ten moment, kdy ukon\u010d\u00edte \u0161vih. Z\u00e1sadn\u00ed rozd\u00edl je pochopiteln\u011b v pot\u0159eb\u011b obstarat si v\u0161echno s\u00e1m, pokud nem\u00e1te doma mimo\u0159\u00e1dn\u011b vst\u0159\u00edcn\u00e9ho partnera.<\/p>\n<figure id=\"attachment_12562\" aria-describedby=\"caption-attachment-12562\" style=\"width: 1600px\" class=\"wp-caption alignnone\"><a href=\"https:\/\/d2p6e6u75xmxt8.cloudfront.net\/13\/2021\/04\/wlc-regenerace-piti-bidon-michal-cerveny.webp\"><img loading=\"lazy\" decoding=\"async\" class=\"size-full wp-image-12562\" src=\"https:\/\/d2p6e6u75xmxt8.cloudfront.net\/13\/2021\/04\/wlc-regenerace-piti-bidon-michal-cerveny.webp\" alt=\"Regeneraci lze pomoci i speci\u00e1ln\u00edmi n\u00e1poji, kter\u00fdch je na trhu nep\u0159ebern\u00e9 mno\u017estv\u00ed.\" width=\"1600\" height=\"1067\" srcset=\"https:\/\/d2p6e6u75xmxt8.cloudfront.net\/13\/2021\/04\/wlc-regenerace-piti-bidon-michal-cerveny.webp 1600w, https:\/\/d2p6e6u75xmxt8.cloudfront.net\/13\/2021\/04\/wlc-regenerace-piti-bidon-michal-cerveny-300x200.webp 300w, https:\/\/d2p6e6u75xmxt8.cloudfront.net\/13\/2021\/04\/wlc-regenerace-piti-bidon-michal-cerveny-1024x683.webp 1024w, https:\/\/d2p6e6u75xmxt8.cloudfront.net\/13\/2021\/04\/wlc-regenerace-piti-bidon-michal-cerveny-768x512.webp 768w, https:\/\/d2p6e6u75xmxt8.cloudfront.net\/13\/2021\/04\/wlc-regenerace-piti-bidon-michal-cerveny-1536x1024.webp 1536w, https:\/\/d2p6e6u75xmxt8.cloudfront.net\/13\/2021\/04\/wlc-regenerace-piti-bidon-michal-cerveny-272x182.webp 272w\" sizes=\"auto, (max-width: 1600px) 100vw, 1600px\" \/><\/a><figcaption id=\"caption-attachment-12562\" class=\"wp-caption-text\"><em>Regeneraci lze pomoci i speci\u00e1ln\u00edmi n\u00e1poji, kter\u00fdch je na trhu nep\u0159ebern\u00e9 mno\u017estv\u00ed. Foto: Michal \u010cerven\u00fd<\/em><\/figcaption><\/figure>\n<p>Hned v prvn\u00edch t\u0159iceti minut\u00e1ch po ukon\u010den\u00ed tr\u00e9ninku se otev\u00edr\u00e1 tzv. metabolick\u00e9 okno. Je pot\u0159eba rychle doplnit z\u00e1soby glykogenu, kter\u00fd jste spot\u0159ebovali b\u011bhem tr\u00e9ninku. Dop\u0159ejte t\u011blu b\u00edlkoviny a aminokyseliny, co\u017e za\u0159\u00edd\u00ed opravu svalov\u00fdch vl\u00e1ken po\u0161kozen\u00fdch v pr\u016fb\u011bhu j\u00edzdy.<\/p>\n<div class=\"shortcode-ys-post-pinup\"><article class=\"loop-simple post-31019 post type-post status-publish format-standard has-post-thumbnail hentry category-silnicni-cyklistika tag-cyklisticke-rekordy tag-cyklistika tag-etapovy-rekord tag-frantisek-rabon tag-htc-columbia tag-mark-cavendish tag-silnicni-cyklistika tag-tadej-pogacar tag-uae-emirates-xrg global-categories-cycling\" data-postid=\"31019\" role=\"article\" data-post-id=\"31019\" data-word-count=\"580\" data-headline-length=\"49\" data-category=\"Silni\u010dn\u00ed cyklistika\" data-global-category=\"Cycling\" data-author=\"Radek Malina\" data-published=\"2025-09-16T14:34:55+02:00\" data-published-day=\"Tuesday\">\n    <div class=\"entry-thumbnail article-thumbnail\" content=\"https:\/\/d2p6e6u75xmxt8.cloudfront.net\/13\/2025\/09\/20250902LV4004-150x150.webp\"><a href=\"https:\/\/www.welovecycling.com\/cs\/2025\/09\/16\/dve-tovarny-na-vitezstvi-ktera-je-lepsi\/\" class=\"image-holder\" target=\"_self\"><img decoding=\"async\" loading=\"lazy\" class=\"\" src=\"https:\/\/d2p6e6u75xmxt8.cloudfront.net\/13\/2025\/09\/20250902LV4004-1024x683.webp\" srcset=\"https:\/\/d2p6e6u75xmxt8.cloudfront.net\/13\/2025\/09\/20250902LV4004-scaled.webp 2560w, https:\/\/d2p6e6u75xmxt8.cloudfront.net\/13\/2025\/09\/20250902LV4004-300x200.webp 300w, https:\/\/d2p6e6u75xmxt8.cloudfront.net\/13\/2025\/09\/20250902LV4004-1024x683.webp 1024w, https:\/\/d2p6e6u75xmxt8.cloudfront.net\/13\/2025\/09\/20250902LV4004-768x512.webp 768w, https:\/\/d2p6e6u75xmxt8.cloudfront.net\/13\/2025\/09\/20250902LV4004-1536x1024.webp 1536w, https:\/\/d2p6e6u75xmxt8.cloudfront.net\/13\/2025\/09\/20250902LV4004-2048x1365.webp 2048w, https:\/\/d2p6e6u75xmxt8.cloudfront.net\/13\/2025\/09\/20250902LV4004-1920x1280.webp 1920w, https:\/\/d2p6e6u75xmxt8.cloudfront.net\/13\/2025\/09\/20250902LV4004-400x267.webp 400w, https:\/\/d2p6e6u75xmxt8.cloudfront.net\/13\/2025\/09\/20250902LV4004-272x182.webp 272w, https:\/\/d2p6e6u75xmxt8.cloudfront.net\/13\/2025\/09\/20250902LV4004-1920x1280.webp 1920w\" width=\"1024\" height=\"683\" sizes=\"auto, (min-width: 1200px) 300px, (min-width: 768px) 25vw, 100vw\" alt=\"dve-tovarny-na-vitezstvi-ktera-je-lepsi\"\/><\/a><\/div>    <div class=\"entry-meta\">\n        <a class=\"label label-secondary post-category\" href=\"https:\/\/www.welovecycling.com\/cs\/category\/silnicni-cyklistika\/\" title=\"Silni\u010dn\u00ed cyklistika\">Silni\u010dn\u00ed cyklistika<\/a>\n    <\/div>\n    <div class=\"entry-details\">\n        <a href=\"https:\/\/www.welovecycling.com\/cs\/2025\/09\/16\/dve-tovarny-na-vitezstvi-ktera-je-lepsi\/\" class='entry-title-wrapper'>\n            <h3 class=\"entry-title\"><span>Dv\u011b tov\u00e1rny na v\u00edt\u011bzstv\u00ed. Kter\u00e1 je lep\u0161\u00ed?<\/span><\/h3>\n        <\/a>\n    <\/div>\n    <\/article>\n<\/div>\n<p>Rozhodn\u011b se nedoporu\u010duje tr\u00e1vit zbyte\u010dn\u00fd \u010das po tr\u00e9ninku v cyklistick\u00e9m oble\u010den\u00ed. By\u0165 m\u00e1te sebelep\u0161\u00ed v\u00fdrobky, stejn\u011b nem\u016f\u017eete zabr\u00e1nit hromad\u011bn\u00ed vlhkosti v oble\u010den\u00ed po dlouh\u00e9 j\u00edzd\u011b. A vlhkost je ide\u00e1ln\u00ed pro \u0161\u00ed\u0159en\u00ed bakteri\u00ed. Tak\u017ee ide\u00e1ln\u00ed je rychl\u00e1 sprcha, kter\u00e1 uvoln\u00ed svaly, zamez\u00ed riziku ko\u017en\u00edch probl\u00e9m\u016f a rozhodn\u011b p\u0159isp\u011bje k jist\u00e9mu pohodl\u00ed.<\/p>\n<p><a href=\"https:\/\/d2p6e6u75xmxt8.cloudfront.net\/13\/2025\/09\/profimedia-0987867039.webp\"><img loading=\"lazy\" decoding=\"async\" class=\"size-full wp-image-31071\" src=\"https:\/\/d2p6e6u75xmxt8.cloudfront.net\/13\/2025\/09\/profimedia-0987867039.webp\" alt=\"\" width=\"1800\" height=\"1200\" srcset=\"https:\/\/d2p6e6u75xmxt8.cloudfront.net\/13\/2025\/09\/profimedia-0987867039.webp 1800w, https:\/\/d2p6e6u75xmxt8.cloudfront.net\/13\/2025\/09\/profimedia-0987867039-300x200.webp 300w, https:\/\/d2p6e6u75xmxt8.cloudfront.net\/13\/2025\/09\/profimedia-0987867039-1024x683.webp 1024w, https:\/\/d2p6e6u75xmxt8.cloudfront.net\/13\/2025\/09\/profimedia-0987867039-768x512.webp 768w, https:\/\/d2p6e6u75xmxt8.cloudfront.net\/13\/2025\/09\/profimedia-0987867039-1536x1024.webp 1536w, https:\/\/d2p6e6u75xmxt8.cloudfront.net\/13\/2025\/09\/profimedia-0987867039-400x267.webp 400w, https:\/\/d2p6e6u75xmxt8.cloudfront.net\/13\/2025\/09\/profimedia-0987867039-272x182.webp 272w\" sizes=\"auto, (max-width: 1800px) 100vw, 1800px\" \/><\/a><\/p>\n<p>Zda je lep\u0161\u00ed za\u010d\u00edt sprchou, a pak dopl\u0148ovat energii? Ide\u00e1ln\u00ed sc\u00e9n\u00e1\u0159 je polknout regenera\u010dn\u00ed drink je\u0161t\u011b p\u0159ed sprchou, ale z\u00e1le\u017e\u00ed na ka\u017ed\u00e9m jedinci. N\u011bkdo si rad\u011bji d\u00e1v\u00e1 p\u00e1r minut odstup od j\u00edzdy. Ka\u017edop\u00e1dn\u011b on\u011bch t\u0159icet minut je skute\u010dn\u011b kl\u00ed\u010dov\u00fdch.<\/p>\n<h2><strong>Hlavn\u011b bez alkoholu<\/strong><\/h2>\n<p>Po za\u0159azen\u00ed t\u011bchto dvou krok\u016f, tankov\u00e1n\u00ed paliva a spr\u0161e, m\u016f\u017eete p\u0159i n\u00e1sledn\u00e9m postupu hodn\u011b improvizovat. Je mo\u017en\u00e9 vyrazit s tr\u00e9ninkov\u00fdmi par\u0165\u00e1ky probrat v\u00fdkony z dan\u00e9ho dne, rozhodn\u011b se v\u0161ak vyvarujte konzumace alkoholu, proto\u017ee ten zpomaluje regeneraci. Klidn\u011b se nat\u00e1hn\u011bte na pohovku a proj\u00ed\u017ed\u011bjte tr\u00e9ninkov\u00e1 data nebo si prost\u011b dejte &#8222;dvacet&#8220; <a href=\"https:\/\/www.welovecycling.com\/cs\/2021\/04\/23\/nejlepsi-regenerace-spanek-a-jidlo\/\">Sp\u00e1nek<\/a> je toti\u017e nejlep\u0161\u00ed regenerace.<\/p>\n<figure id=\"attachment_22477\" aria-describedby=\"caption-attachment-22477\" style=\"width: 1800px\" class=\"wp-caption alignnone\"><a href=\"https:\/\/d2p6e6u75xmxt8.cloudfront.net\/13\/2023\/05\/profimedia-0373024557.webp\"><img loading=\"lazy\" decoding=\"async\" class=\"size-full wp-image-22477\" src=\"https:\/\/d2p6e6u75xmxt8.cloudfront.net\/13\/2023\/05\/profimedia-0373024557.webp\" alt=\"Nealkoholick\u00e9 pivo m\u00e1 skv\u011bl\u00e9 \u00fa\u010dinky pro regeneraci.\" width=\"1800\" height=\"1200\" srcset=\"https:\/\/d2p6e6u75xmxt8.cloudfront.net\/13\/2023\/05\/profimedia-0373024557.webp 1800w, https:\/\/d2p6e6u75xmxt8.cloudfront.net\/13\/2023\/05\/profimedia-0373024557-300x200.webp 300w, https:\/\/d2p6e6u75xmxt8.cloudfront.net\/13\/2023\/05\/profimedia-0373024557-1024x683.webp 1024w, https:\/\/d2p6e6u75xmxt8.cloudfront.net\/13\/2023\/05\/profimedia-0373024557-768x512.webp 768w, https:\/\/d2p6e6u75xmxt8.cloudfront.net\/13\/2023\/05\/profimedia-0373024557-1536x1024.webp 1536w, https:\/\/d2p6e6u75xmxt8.cloudfront.net\/13\/2023\/05\/profimedia-0373024557-400x267.webp 400w, https:\/\/d2p6e6u75xmxt8.cloudfront.net\/13\/2023\/05\/profimedia-0373024557-272x182.webp 272w\" sizes=\"auto, (max-width: 1800px) 100vw, 1800px\" \/><\/a><figcaption id=\"caption-attachment-22477\" class=\"wp-caption-text\"><em>Regenerace si \u017e\u00e1d\u00e1 n\u00e1poje, kter\u00e9 neobsahuj\u00ed alkohol. Tak\u017ee nejr\u016fzn\u011bj\u0161\u00ed koktejly rozhodn\u011b po tr\u00e9ninku nejsou vhodn\u00e9.<\/em><\/figcaption><\/figure>\n<p>Ur\u010dit\u011b by \u017e\u00e1dn\u00fd cyklista nem\u011bl zapom\u00ednat na prota\u017een\u00ed t\u011bla, na n\u011bj\u017e p\u0159itom sta\u010d\u00ed deset a\u017e patn\u00e1ct minut. Jde o svalovou pam\u011b\u0165 a jej\u00ed obnovu po hodin\u00e1ch v sedle. Kdy\u017e se budete m\u00edsto gau\u010de povalovat na p\u011bnov\u00e9m v\u00e1lci, rozhodn\u011b neud\u011bl\u00e1te chybu. A svaly v\u00e1m pod\u011bkuj\u00ed.<\/p>\n<div class=\"shortcode-ys-post-pinup\"><article class=\"loop-simple post-30966 post type-post status-publish format-standard has-post-thumbnail hentry category-https-www-welovecycling-com-cs-category-zabava tag-cyklistika tag-gravel tag-horska-cyklistika tag-kolo tag-kolo-budoucnosti tag-silnicni-cyklistika global-categories-cycling\" data-postid=\"30966\" role=\"article\" data-post-id=\"30966\" data-word-count=\"552\" data-headline-length=\"55\" data-category=\"Z\u00c1BAVA\" data-global-category=\"Cycling\" data-author=\"We Love Cycling\" data-published=\"2025-09-12T11:17:05+02:00\" data-published-day=\"Friday\">\n    <div class=\"entry-thumbnail article-thumbnail\" content=\"https:\/\/d2p6e6u75xmxt8.cloudfront.net\/13\/2025\/09\/20250709TDF1129-150x150.webp\"><a href=\"https:\/\/www.welovecycling.com\/cs\/2025\/09\/12\/jak-vypada-kolo-budoucnosti\/\" class=\"image-holder\" target=\"_self\"><img decoding=\"async\" loading=\"lazy\" class=\"\" src=\"https:\/\/d2p6e6u75xmxt8.cloudfront.net\/13\/2025\/09\/20250709TDF1129-1024x683.webp\" srcset=\"https:\/\/d2p6e6u75xmxt8.cloudfront.net\/13\/2025\/09\/20250709TDF1129-scaled.webp 2560w, https:\/\/d2p6e6u75xmxt8.cloudfront.net\/13\/2025\/09\/20250709TDF1129-300x200.webp 300w, https:\/\/d2p6e6u75xmxt8.cloudfront.net\/13\/2025\/09\/20250709TDF1129-1024x683.webp 1024w, https:\/\/d2p6e6u75xmxt8.cloudfront.net\/13\/2025\/09\/20250709TDF1129-768x512.webp 768w, https:\/\/d2p6e6u75xmxt8.cloudfront.net\/13\/2025\/09\/20250709TDF1129-1536x1024.webp 1536w, https:\/\/d2p6e6u75xmxt8.cloudfront.net\/13\/2025\/09\/20250709TDF1129-2048x1365.webp 2048w, https:\/\/d2p6e6u75xmxt8.cloudfront.net\/13\/2025\/09\/20250709TDF1129-1920x1280.webp 1920w, https:\/\/d2p6e6u75xmxt8.cloudfront.net\/13\/2025\/09\/20250709TDF1129-400x267.webp 400w, https:\/\/d2p6e6u75xmxt8.cloudfront.net\/13\/2025\/09\/20250709TDF1129-272x182.webp 272w, https:\/\/d2p6e6u75xmxt8.cloudfront.net\/13\/2025\/09\/20250709TDF1129-1920x1280.webp 1920w\" width=\"1024\" height=\"683\" sizes=\"auto, (min-width: 1200px) 300px, (min-width: 768px) 25vw, 100vw\" alt=\"jak-vypada-kolo-budoucnosti\"\/><\/a><\/div>    <div class=\"entry-meta\">\n        <a class=\"label label-secondary post-category\" href=\"https:\/\/www.welovecycling.com\/cs\/category\/https-www-welovecycling-com-cs-category-zabava\/\" title=\"Z\u00c1BAVA\">Z\u00c1BAVA<\/a>\n    <\/div>\n    <div class=\"entry-details\">\n        <a href=\"https:\/\/www.welovecycling.com\/cs\/2025\/09\/12\/jak-vypada-kolo-budoucnosti\/\" class='entry-title-wrapper'>\n            <h3 class=\"entry-title\"><span>Jak vypad\u00e1 kolo budoucnosti podle um\u011bl\u00e9 inteligence?<\/span><\/h3>\n        <\/a>\n    <\/div>\n    <\/article>\n<\/div>\n<p>Jakkoliv se v\u00e1m jev\u00ed dan\u00e1 \u010dinnost jako zbyte\u010dn\u00e1, rozhodn\u011b p\u0159isp\u011bje k lep\u0161\u00ed v\u00fdkonnosti. Jde o jeden z margin\u00e1ln\u00edch zisk\u016f. \u017de u\u017e jste to spojen\u00ed n\u011bkde sly\u0161eli. Formaci Ineos Grenadiers vynesly v druh\u00e9 dek\u00e1d\u011b t\u0159et\u00edho tis\u00edcilet\u00ed spanil\u00e9 ta\u017een\u00ed za v\u00fdhrami v Grand Tour. V na\u0161em p\u0159\u00edpad\u011b asi nejde o v\u00edt\u011bzstv\u00ed v z\u00e1vodech, ale o lep\u0161\u00ed pocit z j\u00edzdy. Proto\u017ee i v p\u0159\u00edpad\u011b amat\u00e9rsk\u00e9ho cyklisty plat\u00ed, \u017ee kdy\u017e se nas\u010d\u00edtaj\u00ed drobnosti, budete ohromeni v\u00fdsledn\u00fdm efektem.<\/p>\n","protected":false},"excerpt":{"rendered":"<p>Regenerace po tr\u00e9ninku je jedn\u00edm z kl\u00ed\u010d\u016f pro zlep\u0161en\u00ed v\u00fdkonnosti ka\u017ed\u00e9ho cyklisty. Co by m\u011blo b\u00fdt v hierarchii krok\u016f po [&hellip;]<\/p>\n","protected":false},"author":138,"featured_media":31072,"comment_status":"open","ping_status":"open","sticky":false,"template":"","format":"standard","meta":{"footnotes":""},"categories":[6],"tags":[126,2001,56,21,269,4380,4382,9,754,4381,27,17,67],"global-categories":[411],"class_list":["post-31070","post","type-post","status-publish","format-standard","has-post-thumbnail","hentry","category-zdravi-a-trenink","tag-cyklistika","tag-gravel","tag-horska-cyklistika","tag-jidlo","tag-regenerace","tag-regeneracni-drink","tag-regeneracni-proces","tag-silnicni-cyklistika","tag-spanek","tag-sprcha","tag-trenink","tag-vyziva","tag-zdravi-a-trenink","global-categories-cycling"],"yoast_head":"<!-- This site is optimized with the Yoast SEO Premium plugin v25.3 (Yoast SEO v25.9) - https:\/\/yoast.com\/wordpress\/plugins\/seo\/ -->\n<title>J\u00eddlo? Sprcha? Jak\u00e1 je dokonal\u00e1 regenerace? | \u0160koda We Love Cycling - \u010cesk\u00e1 republika<\/title>\n<meta name=\"description\" content=\"Regenerace po tr\u00e9ninku je jedn\u00edm z kl\u00ed\u010d\u016f pro zlep\u0161en\u00ed v\u00fdkonnosti ka\u017ed\u00e9ho cyklisty. Co by m\u011blo b\u00fdt v hierarchii krok\u016f po sesednut\u00ed z kola na prvn\u00edm m\u00edst\u011b? Jak dos\u00e1hnout v dom\u00e1c\u00edch podm\u00ednk\u00e1ch optim\u00e1ln\u00edho zotaven\u00ed?\" \/>\n<meta name=\"robots\" content=\"index, follow, max-snippet:-1, max-image-preview:large, max-video-preview:-1\" \/>\n<link rel=\"canonical\" href=\"https:\/\/www.welovecycling.com\/cs\/2025\/09\/22\/jidlo-sprcha-jaka-je-dokonala-regenerace\/\" \/>\n<meta property=\"og:locale\" content=\"cs_CZ\" \/>\n<meta property=\"og:type\" content=\"article\" \/>\n<meta property=\"og:title\" content=\"J\u00eddlo? Sprcha? Jak\u00e1 je dokonal\u00e1 regenerace?\" \/>\n<meta property=\"og:description\" content=\"Regenerace po tr\u00e9ninku je jedn\u00edm z kl\u00ed\u010d\u016f pro zlep\u0161en\u00ed v\u00fdkonnosti ka\u017ed\u00e9ho cyklisty. Co by m\u011blo b\u00fdt v hierarchii krok\u016f po sesednut\u00ed z kola na prvn\u00edm m\u00edst\u011b? Jak dos\u00e1hnout v dom\u00e1c\u00edch podm\u00ednk\u00e1ch optim\u00e1ln\u00edho zotaven\u00ed?\" \/>\n<meta property=\"og:url\" content=\"https:\/\/www.welovecycling.com\/cs\/2025\/09\/22\/jidlo-sprcha-jaka-je-dokonala-regenerace\/\" \/>\n<meta property=\"og:site_name\" content=\"\u0160koda We Love Cycling - \u010cesk\u00e1 republika\" \/>\n<meta property=\"article:published_time\" content=\"2025-09-22T13:27:55+00:00\" \/>\n<meta property=\"article:modified_time\" content=\"2025-09-22T13:28:45+00:00\" \/>\n<meta property=\"og:image\" content=\"https:\/\/d2p6e6u75xmxt8.cloudfront.net\/13\/2025\/09\/profimedia-0169363527.webp\" \/>\n\t<meta property=\"og:image:width\" content=\"1800\" \/>\n\t<meta property=\"og:image:height\" content=\"1200\" \/>\n\t<meta property=\"og:image:type\" content=\"image\/webp\" \/>\n<meta name=\"author\" content=\"radekmalina\" \/>\n<meta name=\"twitter:card\" content=\"summary_large_image\" \/>\n<meta name=\"twitter:label1\" content=\"Written by\" \/>\n\t<meta name=\"twitter:data1\" content=\"We Love Cycling\" \/>\n\t<meta name=\"twitter:label2\" content=\"Est. reading time\" \/>\n\t<meta name=\"twitter:data2\" content=\"5\" \/>\n<script type=\"application\/ld+json\" class=\"yoast-schema-graph\">{\"@context\":\"https:\/\/schema.org\",\"@graph\":[{\"@type\":\"WebPage\",\"@id\":\"https:\/\/www.welovecycling.com\/cs\/2025\/09\/22\/jidlo-sprcha-jaka-je-dokonala-regenerace\/\",\"url\":\"https:\/\/www.welovecycling.com\/cs\/2025\/09\/22\/jidlo-sprcha-jaka-je-dokonala-regenerace\/\",\"name\":\"J\u00eddlo? Sprcha? Jak\u00e1 je dokonal\u00e1 regenerace? | \u0160koda We Love Cycling - \u010cesk\u00e1 republika\",\"isPartOf\":{\"@id\":\"https:\/\/www.welovecycling.com\/cs\/#website\"},\"primaryImageOfPage\":{\"@id\":\"https:\/\/www.welovecycling.com\/cs\/2025\/09\/22\/jidlo-sprcha-jaka-je-dokonala-regenerace\/#primaryimage\"},\"image\":{\"@id\":\"https:\/\/www.welovecycling.com\/cs\/2025\/09\/22\/jidlo-sprcha-jaka-je-dokonala-regenerace\/#primaryimage\"},\"thumbnailUrl\":\"https:\/\/d2p6e6u75xmxt8.cloudfront.net\/13\/2025\/09\/profimedia-0169363527.webp\",\"datePublished\":\"2025-09-22T13:27:55+00:00\",\"dateModified\":\"2025-09-22T13:28:45+00:00\",\"author\":{\"@id\":\"https:\/\/www.welovecycling.com\/cs\/#\/schema\/person\/d9eeb0a378f3a7e4a6d12d2b536b04b8\"},\"description\":\"Regenerace po tr\u00e9ninku je jedn\u00edm z kl\u00ed\u010d\u016f pro zlep\u0161en\u00ed v\u00fdkonnosti ka\u017ed\u00e9ho cyklisty. Co by m\u011blo b\u00fdt v hierarchii krok\u016f po sesednut\u00ed z kola na prvn\u00edm m\u00edst\u011b? Jak dos\u00e1hnout v dom\u00e1c\u00edch podm\u00ednk\u00e1ch optim\u00e1ln\u00edho zotaven\u00ed?\",\"inLanguage\":\"cs\",\"potentialAction\":[{\"@type\":\"ReadAction\",\"target\":[\"https:\/\/www.welovecycling.com\/cs\/2025\/09\/22\/jidlo-sprcha-jaka-je-dokonala-regenerace\/\"]}]},{\"@type\":\"ImageObject\",\"inLanguage\":\"cs\",\"@id\":\"https:\/\/www.welovecycling.com\/cs\/2025\/09\/22\/jidlo-sprcha-jaka-je-dokonala-regenerace\/#primaryimage\",\"url\":\"https:\/\/d2p6e6u75xmxt8.cloudfront.net\/13\/2025\/09\/profimedia-0169363527.webp\",\"contentUrl\":\"https:\/\/d2p6e6u75xmxt8.cloudfront.net\/13\/2025\/09\/profimedia-0169363527.webp\",\"width\":1800,\"height\":1200,\"caption\":\"sprcha voda\"},{\"@type\":\"WebSite\",\"@id\":\"https:\/\/www.welovecycling.com\/cs\/#website\",\"url\":\"https:\/\/www.welovecycling.com\/cs\/\",\"name\":\"\u0160koda We Love Cycling - \u010cesk\u00e1 republika\",\"description\":\"WeLoveCycling.cz je online magaz\u00edn, kter\u00fd v\u00e1m pravideln\u011b p\u0159in\u00e1\u0161\u00ed rady a tipy, zaj\u00edmav\u00e9 \u010dl\u00e1nky, videa a jedine\u010dn\u00e9 report\u00e1\u017ee ze sv\u011bta cyklistiky.\",\"potentialAction\":[{\"@type\":\"SearchAction\",\"target\":{\"@type\":\"EntryPoint\",\"urlTemplate\":\"https:\/\/www.welovecycling.com\/cs\/?s={search_term_string}\"},\"query-input\":{\"@type\":\"PropertyValueSpecification\",\"valueRequired\":true,\"valueName\":\"search_term_string\"}}],\"inLanguage\":\"cs\"},{\"@type\":\"Person\",\"@id\":\"https:\/\/www.welovecycling.com\/cs\/#\/schema\/person\/d9eeb0a378f3a7e4a6d12d2b536b04b8\",\"name\":\"radekmalina\",\"image\":{\"@type\":\"ImageObject\",\"inLanguage\":\"cs\",\"@id\":\"https:\/\/www.welovecycling.com\/cs\/#\/schema\/person\/image\/\",\"url\":\"https:\/\/secure.gravatar.com\/avatar\/66994b632cb8c39a46b9f54afa3ae07201b678d32a54275b6f1c9ffec356bfc0?s=96&d=mm&r=g\",\"contentUrl\":\"https:\/\/secure.gravatar.com\/avatar\/66994b632cb8c39a46b9f54afa3ae07201b678d32a54275b6f1c9ffec356bfc0?s=96&d=mm&r=g\",\"caption\":\"radekmalina\"},\"url\":\"https:\/\/www.welovecycling.com\/cs\/author\/radekmalina\/\"}]}<\/script>\n<!-- \/ Yoast SEO Premium plugin. -->","yoast_head_json":{"title":"J\u00eddlo? Sprcha? Jak\u00e1 je dokonal\u00e1 regenerace? | \u0160koda We Love Cycling - \u010cesk\u00e1 republika","description":"Regenerace po tr\u00e9ninku je jedn\u00edm z kl\u00ed\u010d\u016f pro zlep\u0161en\u00ed v\u00fdkonnosti ka\u017ed\u00e9ho cyklisty. Co by m\u011blo b\u00fdt v hierarchii krok\u016f po sesednut\u00ed z kola na prvn\u00edm m\u00edst\u011b? Jak dos\u00e1hnout v dom\u00e1c\u00edch podm\u00ednk\u00e1ch optim\u00e1ln\u00edho zotaven\u00ed?","robots":{"index":"index","follow":"follow","max-snippet":"max-snippet:-1","max-image-preview":"max-image-preview:large","max-video-preview":"max-video-preview:-1"},"canonical":"https:\/\/www.welovecycling.com\/cs\/2025\/09\/22\/jidlo-sprcha-jaka-je-dokonala-regenerace\/","og_locale":"cs_CZ","og_type":"article","og_title":"J\u00eddlo? Sprcha? Jak\u00e1 je dokonal\u00e1 regenerace?","og_description":"Regenerace po tr\u00e9ninku je jedn\u00edm z kl\u00ed\u010d\u016f pro zlep\u0161en\u00ed v\u00fdkonnosti ka\u017ed\u00e9ho cyklisty. Co by m\u011blo b\u00fdt v hierarchii krok\u016f po sesednut\u00ed z kola na prvn\u00edm m\u00edst\u011b? Jak dos\u00e1hnout v dom\u00e1c\u00edch podm\u00ednk\u00e1ch optim\u00e1ln\u00edho zotaven\u00ed?","og_url":"https:\/\/www.welovecycling.com\/cs\/2025\/09\/22\/jidlo-sprcha-jaka-je-dokonala-regenerace\/","og_site_name":"\u0160koda We Love Cycling - \u010cesk\u00e1 republika","article_published_time":"2025-09-22T13:27:55+00:00","article_modified_time":"2025-09-22T13:28:45+00:00","og_image":[{"width":1800,"height":1200,"url":"https:\/\/d2p6e6u75xmxt8.cloudfront.net\/13\/2025\/09\/profimedia-0169363527.webp","type":"image\/webp"}],"author":"radekmalina","twitter_card":"summary_large_image","twitter_misc":{"Written by":"We Love Cycling","Est. reading time":"5"},"schema":{"@context":"https:\/\/schema.org","@graph":[{"@type":"WebPage","@id":"https:\/\/www.welovecycling.com\/cs\/2025\/09\/22\/jidlo-sprcha-jaka-je-dokonala-regenerace\/","url":"https:\/\/www.welovecycling.com\/cs\/2025\/09\/22\/jidlo-sprcha-jaka-je-dokonala-regenerace\/","name":"J\u00eddlo? Sprcha? Jak\u00e1 je dokonal\u00e1 regenerace? | \u0160koda We Love Cycling - \u010cesk\u00e1 republika","isPartOf":{"@id":"https:\/\/www.welovecycling.com\/cs\/#website"},"primaryImageOfPage":{"@id":"https:\/\/www.welovecycling.com\/cs\/2025\/09\/22\/jidlo-sprcha-jaka-je-dokonala-regenerace\/#primaryimage"},"image":{"@id":"https:\/\/www.welovecycling.com\/cs\/2025\/09\/22\/jidlo-sprcha-jaka-je-dokonala-regenerace\/#primaryimage"},"thumbnailUrl":"https:\/\/d2p6e6u75xmxt8.cloudfront.net\/13\/2025\/09\/profimedia-0169363527.webp","datePublished":"2025-09-22T13:27:55+00:00","dateModified":"2025-09-22T13:28:45+00:00","author":{"@id":"https:\/\/www.welovecycling.com\/cs\/#\/schema\/person\/d9eeb0a378f3a7e4a6d12d2b536b04b8"},"description":"Regenerace po tr\u00e9ninku je jedn\u00edm z kl\u00ed\u010d\u016f pro zlep\u0161en\u00ed v\u00fdkonnosti ka\u017ed\u00e9ho cyklisty. Co by m\u011blo b\u00fdt v hierarchii krok\u016f po sesednut\u00ed z kola na prvn\u00edm m\u00edst\u011b? Jak dos\u00e1hnout v dom\u00e1c\u00edch podm\u00ednk\u00e1ch optim\u00e1ln\u00edho zotaven\u00ed?","inLanguage":"cs","potentialAction":[{"@type":"ReadAction","target":["https:\/\/www.welovecycling.com\/cs\/2025\/09\/22\/jidlo-sprcha-jaka-je-dokonala-regenerace\/"]}]},{"@type":"ImageObject","inLanguage":"cs","@id":"https:\/\/www.welovecycling.com\/cs\/2025\/09\/22\/jidlo-sprcha-jaka-je-dokonala-regenerace\/#primaryimage","url":"https:\/\/d2p6e6u75xmxt8.cloudfront.net\/13\/2025\/09\/profimedia-0169363527.webp","contentUrl":"https:\/\/d2p6e6u75xmxt8.cloudfront.net\/13\/2025\/09\/profimedia-0169363527.webp","width":1800,"height":1200,"caption":"sprcha voda"},{"@type":"WebSite","@id":"https:\/\/www.welovecycling.com\/cs\/#website","url":"https:\/\/www.welovecycling.com\/cs\/","name":"\u0160koda We Love Cycling - \u010cesk\u00e1 republika","description":"WeLoveCycling.cz je online magaz\u00edn, kter\u00fd v\u00e1m pravideln\u011b p\u0159in\u00e1\u0161\u00ed rady a tipy, zaj\u00edmav\u00e9 \u010dl\u00e1nky, videa a jedine\u010dn\u00e9 report\u00e1\u017ee ze sv\u011bta cyklistiky.","potentialAction":[{"@type":"SearchAction","target":{"@type":"EntryPoint","urlTemplate":"https:\/\/www.welovecycling.com\/cs\/?s={search_term_string}"},"query-input":{"@type":"PropertyValueSpecification","valueRequired":true,"valueName":"search_term_string"}}],"inLanguage":"cs"},{"@type":"Person","@id":"https:\/\/www.welovecycling.com\/cs\/#\/schema\/person\/d9eeb0a378f3a7e4a6d12d2b536b04b8","name":"radekmalina","image":{"@type":"ImageObject","inLanguage":"cs","@id":"https:\/\/www.welovecycling.com\/cs\/#\/schema\/person\/image\/","url":"https:\/\/secure.gravatar.com\/avatar\/66994b632cb8c39a46b9f54afa3ae07201b678d32a54275b6f1c9ffec356bfc0?s=96&d=mm&r=g","contentUrl":"https:\/\/secure.gravatar.com\/avatar\/66994b632cb8c39a46b9f54afa3ae07201b678d32a54275b6f1c9ffec356bfc0?s=96&d=mm&r=g","caption":"radekmalina"},"url":"https:\/\/www.welovecycling.com\/cs\/author\/radekmalina\/"}]}},"_links":{"self":[{"href":"https:\/\/www.welovecycling.com\/cs\/wp-json\/wp\/v2\/posts\/31070","targetHints":{"allow":["GET"]}}],"collection":[{"href":"https:\/\/www.welovecycling.com\/cs\/wp-json\/wp\/v2\/posts"}],"about":[{"href":"https:\/\/www.welovecycling.com\/cs\/wp-json\/wp\/v2\/types\/post"}],"author":[{"embeddable":true,"href":"https:\/\/www.welovecycling.com\/cs\/wp-json\/wp\/v2\/users\/138"}],"replies":[{"embeddable":true,"href":"https:\/\/www.welovecycling.com\/cs\/wp-json\/wp\/v2\/comments?post=31070"}],"version-history":[{"count":3,"href":"https:\/\/www.welovecycling.com\/cs\/wp-json\/wp\/v2\/posts\/31070\/revisions"}],"predecessor-version":[{"id":31074,"href":"https:\/\/www.welovecycling.com\/cs\/wp-json\/wp\/v2\/posts\/31070\/revisions\/31074"}],"wp:featuredmedia":[{"embeddable":true,"href":"https:\/\/www.welovecycling.com\/cs\/wp-json\/wp\/v2\/media\/31072"}],"wp:attachment":[{"href":"https:\/\/www.welovecycling.com\/cs\/wp-json\/wp\/v2\/media?parent=31070"}],"wp:term":[{"taxonomy":"category","embeddable":true,"href":"https:\/\/www.welovecycling.com\/cs\/wp-json\/wp\/v2\/categories?post=31070"},{"taxonomy":"post_tag","embeddable":true,"href":"https:\/\/www.welovecycling.com\/cs\/wp-json\/wp\/v2\/tags?post=31070"},{"taxonomy":"global-categories","embeddable":true,"href":"https:\/\/www.welovecycling.com\/cs\/wp-json\/wp\/v2\/global-categories?post=31070"}],"curies":[{"name":"wp","href":"https:\/\/api.w.org\/{rel}","templated":true}]}}