{"id":31053,"date":"2025-09-21T09:00:58","date_gmt":"2025-09-21T07:00:58","guid":{"rendered":"https:\/\/www.welovecycling.com\/cs\/?p=31053"},"modified":"2025-09-21T22:12:52","modified_gmt":"2025-09-21T20:12:52","slug":"tip-na-cyklovylet-cesta-na-mars-kolem-venuse","status":"publish","type":"post","link":"https:\/\/www.welovecycling.com\/cs\/2025\/09\/21\/tip-na-cyklovylet-cesta-na-mars-kolem-venuse\/","title":{"rendered":"Tip na cyklov\u00fdlet: cesta na\u00a0Mars kolem Venu\u0161e"},"content":{"rendered":"<p><strong>M\u00e1me tu pro v\u00e1s n\u011bco, \u010d\u00edm ud\u011bl\u00e1te radost d\u011btem (to u\u017e zase mus\u00edme na kolo? no jo, ale tentokr\u00e1t po rovin\u011b). A \u010d\u00edm ud\u011bl\u00e1te radost hlavn\u011b sob\u011b. Proto\u017ee pr\u00e1v\u011b te\u010f to na ji\u017en\u00ed Morav\u011b kvas\u00ed, brzy se za\u010dne st\u00e1\u010det, p\u00edt, chutnat, nakonec zp\u00edvat, tan\u010dit a pak mo\u017en\u00e1\u2026 Ale ne, jsou tu p\u0159ece d\u011bti. Tak je vezm\u011bte na kolo kolem Novoml\u00fdnsk\u00fdch n\u00e1dr\u017e\u00ed.<\/strong><\/p>\n<p>Nehodl\u00e1me v\u00e1m tu diktovat, \u017ee mus\u00edte jet t\u00edm nebo druh\u00fdm sm\u011brem. Nebo \u017ee mus\u00edte v\u016fbec vyrazit. Byla by ale \u0161koda z\u016fstat sed\u011bt doma, proto\u017ee tohle jihomoravsk\u00e9 mo\u0159e um\u00ed v\u0161echno, co m\u00e1me na kole r\u00e1di. Tak\u017ee sta\u010d\u00ed otev\u0159\u00edt mapu a jednu z\u00a0r\u016f\u017eov\u011b \u010derchovan\u00fdch tras v\u00a0kombinaci s\u00a0t\u011bmi turistick\u00fdmi zvolit.<\/p>\n<p>Ta na\u0161e vedla z\u00a0Marsu, minula prvn\u00ed kosmickou rychlost\u00ed Venu\u0161i a zase tam po n\u011bjak\u00fdch 20 kilometrech, t\u0159ech zast\u00e1vk\u00e1ch na lim\u010du a zdol\u00e1n\u00ed jednoho 15metrov\u00e9ho kope\u010dku skon\u010dila. Toti\u017e abyste rozum\u011bli, Mars je autokemp na v\u00fdchodn\u00edm okraji jezera a ten v\u00a0d\u011btsk\u00fdch o\u010d\u00edch krut\u00fd v\u00fdjezd p\u0159edstavovalo stoup\u00e1n\u00ed na jeho hr\u00e1z.<\/p>\n<p><a href=\"https:\/\/d2p6e6u75xmxt8.cloudfront.net\/13\/2025\/09\/IMG_20230708_123930_edit_10886146358754-scaled.webp\"><img loading=\"lazy\" decoding=\"async\" class=\"alignnone size-extra-large wp-image-31056\" src=\"https:\/\/d2p6e6u75xmxt8.cloudfront.net\/13\/2025\/09\/IMG_20230708_123930_edit_10886146358754-1920x1440.webp\" alt=\"\" width=\"1920\" height=\"1440\" srcset=\"https:\/\/d2p6e6u75xmxt8.cloudfront.net\/13\/2025\/09\/IMG_20230708_123930_edit_10886146358754-1920x1440.webp 1920w, https:\/\/d2p6e6u75xmxt8.cloudfront.net\/13\/2025\/09\/IMG_20230708_123930_edit_10886146358754-300x225.webp 300w, https:\/\/d2p6e6u75xmxt8.cloudfront.net\/13\/2025\/09\/IMG_20230708_123930_edit_10886146358754-1024x768.webp 1024w, https:\/\/d2p6e6u75xmxt8.cloudfront.net\/13\/2025\/09\/IMG_20230708_123930_edit_10886146358754-768x576.webp 768w, https:\/\/d2p6e6u75xmxt8.cloudfront.net\/13\/2025\/09\/IMG_20230708_123930_edit_10886146358754-1536x1152.webp 1536w, https:\/\/d2p6e6u75xmxt8.cloudfront.net\/13\/2025\/09\/IMG_20230708_123930_edit_10886146358754-2048x1536.webp 2048w, https:\/\/d2p6e6u75xmxt8.cloudfront.net\/13\/2025\/09\/IMG_20230708_123930_edit_10886146358754-400x300.webp 400w, https:\/\/d2p6e6u75xmxt8.cloudfront.net\/13\/2025\/09\/IMG_20230708_123930_edit_10886146358754-1920x1440.webp 1920w\" sizes=\"auto, (max-width: 1920px) 100vw, 1920px\" \/><\/a><\/p>\n<p>Kdy\u017e si ale tento drobn\u00fd z\u00e1drhel vy\u0159\u00edk\u00e1te a uplat\u00edte ho p\u0159i nejbli\u017e\u0161\u00ed p\u0159\u00edle\u017eitosti zmrzlinou, odm\u011bnou bude p\u0159\u00edjemn\u00fd okruh pro celou rodinu. V\u00fdlet, co prot\u00edn\u00e1 vesni\u010dky, kde pr\u00e1v\u011b te\u010f snad ka\u017ed\u00e9 staven\u00ed zve na bur\u010d\u00e1k nebo snad u\u017e i \u0161\u0165opi\u010dku prvn\u00edho v\u00edna. V\u00edte ale co, po\u0159\u00e1d je to je\u0161t\u011b v\u00a0\u010cesku zak\u00e1zan\u00e9, tak jen na dno.<\/p>\n<p>A ta Venu\u0161e? P\u0159eci zn\u00e1te tu prsatou pan\u00ed, nejslavn\u011bj\u0161\u00ed so\u0161ky, co ji pr\u00e1v\u011b tady v Doln\u00edch V\u011bstonic\u00edch p\u0159ed sto lety objevil t\u00fdm pana Absolona. Cel\u00fdch 30 tis\u00edc let spala v zemi, te\u010f socha Venu\u0161e v nad\u017eivotn\u00ed velikosti i se v\u0161emi t\u011bmi proporcemi stoj\u00ed na b\u0159ehu jezera naproti jednomu z typick\u00fdch vinn\u00fdch skl\u00edpk\u016f.<\/p>\n<h2><strong>Sousedi jako ide\u00e1ln\u00ed zast\u00e1vka<\/strong><\/h2>\n<p>Nad hlavou u\u017e se zdvihaj\u00ed vrstevnice P\u00e1lavy, z\u00a0hr\u00e1dku D\u011bvi\u010dky zb\u00fdvaj\u00ed u\u017e jen trosky a to pr\u00e1v\u011b je akor\u00e1t \u010das na dopln\u011bn\u00ed karbohydr\u00e1t\u016f. Tak my cyklist\u00e9 p\u0159ezd\u00edv\u00e1me cukry, na\u0161e palivo. Pavlov proto bude ide\u00e1ln\u00ed ob\u010derstvovac\u00ed p\u0159est\u00e1vkou, proto\u017ee \u0148aminy od <a href=\"https:\/\/www.sousedipavlov.cz\/\">Soused\u016f<\/a> bodnou mal\u00fdm i velk\u00fdm.<\/p>\n<p><a href=\"https:\/\/d2p6e6u75xmxt8.cloudfront.net\/13\/2025\/09\/IMG_20211002_095006-scaled.webp\"><img loading=\"lazy\" decoding=\"async\" class=\"alignnone size-extra-large wp-image-31054\" src=\"https:\/\/d2p6e6u75xmxt8.cloudfront.net\/13\/2025\/09\/IMG_20211002_095006-1920x1440.webp\" alt=\"\" width=\"1920\" height=\"1440\" srcset=\"https:\/\/d2p6e6u75xmxt8.cloudfront.net\/13\/2025\/09\/IMG_20211002_095006-1920x1440.webp 1920w, https:\/\/d2p6e6u75xmxt8.cloudfront.net\/13\/2025\/09\/IMG_20211002_095006-300x225.webp 300w, https:\/\/d2p6e6u75xmxt8.cloudfront.net\/13\/2025\/09\/IMG_20211002_095006-1024x768.webp 1024w, https:\/\/d2p6e6u75xmxt8.cloudfront.net\/13\/2025\/09\/IMG_20211002_095006-768x576.webp 768w, https:\/\/d2p6e6u75xmxt8.cloudfront.net\/13\/2025\/09\/IMG_20211002_095006-1536x1152.webp 1536w, https:\/\/d2p6e6u75xmxt8.cloudfront.net\/13\/2025\/09\/IMG_20211002_095006-2048x1536.webp 2048w, https:\/\/d2p6e6u75xmxt8.cloudfront.net\/13\/2025\/09\/IMG_20211002_095006-400x300.webp 400w, https:\/\/d2p6e6u75xmxt8.cloudfront.net\/13\/2025\/09\/IMG_20211002_095006-1920x1440.webp 1920w\" sizes=\"auto, (max-width: 1920px) 100vw, 1920px\" \/><\/a><\/p>\n<p>Ne, nejde o gramatickou chybu. <a href=\"https:\/\/www.welovecycling.com\/cs\/2025\/08\/29\/wlc-cz-kavarny-7-sousedi-pavlov-naramne-povedeny-pokus\/\">Sousedi<\/a> s\u00a0velk\u00fdm S\u00a0jsou toti\u017e kav\u00e1rnou, kter\u00e1 von\u00ed po cel\u00e9m ji\u017en\u00edm b\u0159ehu jezera. A jsou cycling friendly. V\u00fdb\u011brov\u00e1 k\u00e1va je samoz\u0159ejmost\u00ed, berou ji z brn\u011bnsk\u00e9 pra\u017e\u00edrny Rebelbean. Z\u00e1kusky vyr\u00e1b\u00ed m\u00edstn\u00ed pan\u00ed cukr\u00e1\u0159ka a kdyby na v\u00e1s neohl\u00e1\u0161en\u011b padla \u00fanava, sta\u010d\u00ed vyb\u011bhnout p\u00e1r schod\u016f do patra a ulehnout. Sou\u010d\u00e1st\u00ed t\u00e9to o\u00e1zy je ubytov\u00e1n\u00ed ve \u010dty\u0159ech apartm\u00e1nech. N\u011bkter\u00e9 i s\u00a0v\u00ed\u0159ivkou.<\/p>\n<p>A te\u010f u\u017e je tu sjezd, proto\u017ee kdy\u017e na hr\u00e1z vy\u0161plh\u00e1te, mus\u00edte z\u00a0n\u00ed i sestoupat. A komu to nesta\u010dilo, a\u0165 si p\u0159ejede v\u011bt\u0161\u00ed kopce, proto\u017ee i ty na Pal\u00e1v\u011b um\u011bj\u00ed. Vyje\u010fte od soused\u016f na horizont v\u00a0Klentnici a napi\u0161te n\u00e1m o sv\u00e9m v\u00fdkonu.<\/p>\n<p><a href=\"https:\/\/d2p6e6u75xmxt8.cloudfront.net\/13\/2025\/09\/IMG_20230707_193338_edit_3235718860963-scaled.webp\"><img loading=\"lazy\" decoding=\"async\" class=\"alignnone size-extra-large wp-image-31058\" src=\"https:\/\/d2p6e6u75xmxt8.cloudfront.net\/13\/2025\/09\/IMG_20230707_193338_edit_3235718860963-1920x839.webp\" alt=\"\" width=\"1920\" height=\"839\" srcset=\"https:\/\/d2p6e6u75xmxt8.cloudfront.net\/13\/2025\/09\/IMG_20230707_193338_edit_3235718860963-1920x839.webp 1920w, https:\/\/d2p6e6u75xmxt8.cloudfront.net\/13\/2025\/09\/IMG_20230707_193338_edit_3235718860963-300x131.webp 300w, https:\/\/d2p6e6u75xmxt8.cloudfront.net\/13\/2025\/09\/IMG_20230707_193338_edit_3235718860963-1024x447.webp 1024w, https:\/\/d2p6e6u75xmxt8.cloudfront.net\/13\/2025\/09\/IMG_20230707_193338_edit_3235718860963-768x335.webp 768w, https:\/\/d2p6e6u75xmxt8.cloudfront.net\/13\/2025\/09\/IMG_20230707_193338_edit_3235718860963-1536x671.webp 1536w, https:\/\/d2p6e6u75xmxt8.cloudfront.net\/13\/2025\/09\/IMG_20230707_193338_edit_3235718860963-2048x894.webp 2048w, https:\/\/d2p6e6u75xmxt8.cloudfront.net\/13\/2025\/09\/IMG_20230707_193338_edit_3235718860963-400x175.webp 400w, https:\/\/d2p6e6u75xmxt8.cloudfront.net\/13\/2025\/09\/IMG_20230707_193338_edit_3235718860963-1920x839.webp 1920w\" sizes=\"auto, (max-width: 1920px) 100vw, 1920px\" \/><\/a><\/p>\n<p>Moc se ale pl\u00e1nov\u00e1n\u00edm a v\u00e1h\u00e1n\u00edm, jestli k\u00a0mo\u0159i Nov\u00fdch Ml\u00fdn\u016f a v\u00edna jet, \u010di nejet, nezdr\u017eujte. Pr\u00e1v\u011b te\u010f je to tam toti\u017e nejbarevn\u011bj\u0161\u00ed a nejchutn\u011bj\u0161\u00ed. A bab\u00ed l\u00e9to nebude trvat v\u011b\u010dn\u011b.<\/p>\n","protected":false},"excerpt":{"rendered":"<p>M\u00e1me tu pro v\u00e1s n\u011bco, \u010d\u00edm ud\u011bl\u00e1te radost d\u011btem (to u\u017e zase mus\u00edme na kolo? no jo, ale tentokr\u00e1t po [&hellip;]<\/p>\n","protected":false},"author":138,"featured_media":31055,"comment_status":"open","ping_status":"open","sticky":false,"template":"","format":"standard","meta":{"footnotes":""},"categories":[167],"tags":[126,2001,56,9,393],"global-categories":[411],"class_list":["post-31053","post","type-post","status-publish","format-standard","has-post-thumbnail","hentry","category-tipy-na-vylet","tag-cyklistika","tag-gravel","tag-horska-cyklistika","tag-silnicni-cyklistika","tag-tip-na-vylet","global-categories-cycling"],"yoast_head":"<!-- This site is optimized with the Yoast SEO Premium plugin v25.3 (Yoast SEO v25.9) - https:\/\/yoast.com\/wordpress\/plugins\/seo\/ -->\n<title>Tip na cyklov\u00fdlet: cesta na\u00a0Mars kolem Venu\u0161e | \u0160koda We Love Cycling - \u010cesk\u00e1 republika<\/title>\n<meta name=\"description\" content=\"M\u00e1me tu pro v\u00e1s n\u011bco, \u010d\u00edm ud\u011bl\u00e1te radost d\u011btem (to u\u017e zase mus\u00edme na kolo? no jo, ale tentokr\u00e1t po rovin\u011b). A \u010d\u00edm ud\u011bl\u00e1te radost hlavn\u011b sob\u011b. Proto\u017ee pr\u00e1v\u011b te\u010f to na ji\u017en\u00ed Morav\u011b kvas\u00ed, brzy se za\u010dne st\u00e1\u010det, p\u00edt, chutnat, nakonec zp\u00edvat, tan\u010dit a pak mo\u017en\u00e1\u2026 Ale ne, jsou tu p\u0159ece d\u011bti. Tak je vezm\u011bte na kolo kolem Novoml\u00fdnsk\u00fdch n\u00e1dr\u017e\u00ed.\" \/>\n<meta name=\"robots\" content=\"index, follow, max-snippet:-1, max-image-preview:large, max-video-preview:-1\" \/>\n<link rel=\"canonical\" href=\"https:\/\/www.welovecycling.com\/cs\/2025\/09\/21\/tip-na-cyklovylet-cesta-na-mars-kolem-venuse\/\" \/>\n<meta property=\"og:locale\" content=\"cs_CZ\" \/>\n<meta property=\"og:type\" content=\"article\" \/>\n<meta property=\"og:title\" content=\"Tip na cyklov\u00fdlet: cesta na\u00a0Mars kolem Venu\u0161e\" \/>\n<meta property=\"og:description\" content=\"M\u00e1me tu pro v\u00e1s n\u011bco, \u010d\u00edm ud\u011bl\u00e1te radost d\u011btem (to u\u017e zase mus\u00edme na kolo? no jo, ale tentokr\u00e1t po rovin\u011b). A \u010d\u00edm ud\u011bl\u00e1te radost hlavn\u011b sob\u011b. Proto\u017ee pr\u00e1v\u011b te\u010f to na ji\u017en\u00ed Morav\u011b kvas\u00ed, brzy se za\u010dne st\u00e1\u010det, p\u00edt, chutnat, nakonec zp\u00edvat, tan\u010dit a pak mo\u017en\u00e1\u2026 Ale ne, jsou tu p\u0159ece d\u011bti. Tak je vezm\u011bte na kolo kolem Novoml\u00fdnsk\u00fdch n\u00e1dr\u017e\u00ed.\" \/>\n<meta property=\"og:url\" content=\"https:\/\/www.welovecycling.com\/cs\/2025\/09\/21\/tip-na-cyklovylet-cesta-na-mars-kolem-venuse\/\" \/>\n<meta property=\"og:site_name\" content=\"\u0160koda We Love Cycling - \u010cesk\u00e1 republika\" \/>\n<meta property=\"article:published_time\" content=\"2025-09-21T07:00:58+00:00\" \/>\n<meta property=\"article:modified_time\" content=\"2025-09-21T20:12:52+00:00\" \/>\n<meta property=\"og:image\" content=\"https:\/\/d2p6e6u75xmxt8.cloudfront.net\/13\/2025\/09\/IMG_20230708_203626_edit_21322142277995-scaled.webp\" \/>\n\t<meta property=\"og:image:width\" content=\"2560\" \/>\n\t<meta property=\"og:image:height\" content=\"1920\" \/>\n\t<meta property=\"og:image:type\" content=\"image\/webp\" \/>\n<meta name=\"author\" content=\"radekmalina\" \/>\n<meta name=\"twitter:card\" content=\"summary_large_image\" \/>\n<meta name=\"twitter:label1\" content=\"Written by\" \/>\n\t<meta name=\"twitter:data1\" content=\"We Love Cycling\" \/>\n\t<meta name=\"twitter:label2\" content=\"Est. reading time\" \/>\n\t<meta name=\"twitter:data2\" content=\"5\" \/>\n<script type=\"application\/ld+json\" class=\"yoast-schema-graph\">{\"@context\":\"https:\/\/schema.org\",\"@graph\":[{\"@type\":\"WebPage\",\"@id\":\"https:\/\/www.welovecycling.com\/cs\/2025\/09\/21\/tip-na-cyklovylet-cesta-na-mars-kolem-venuse\/\",\"url\":\"https:\/\/www.welovecycling.com\/cs\/2025\/09\/21\/tip-na-cyklovylet-cesta-na-mars-kolem-venuse\/\",\"name\":\"Tip na cyklov\u00fdlet: cesta na\u00a0Mars kolem Venu\u0161e | \u0160koda We Love Cycling - \u010cesk\u00e1 republika\",\"isPartOf\":{\"@id\":\"https:\/\/www.welovecycling.com\/cs\/#website\"},\"primaryImageOfPage\":{\"@id\":\"https:\/\/www.welovecycling.com\/cs\/2025\/09\/21\/tip-na-cyklovylet-cesta-na-mars-kolem-venuse\/#primaryimage\"},\"image\":{\"@id\":\"https:\/\/www.welovecycling.com\/cs\/2025\/09\/21\/tip-na-cyklovylet-cesta-na-mars-kolem-venuse\/#primaryimage\"},\"thumbnailUrl\":\"https:\/\/d2p6e6u75xmxt8.cloudfront.net\/13\/2025\/09\/IMG_20230708_203626_edit_21322142277995-scaled.webp\",\"datePublished\":\"2025-09-21T07:00:58+00:00\",\"dateModified\":\"2025-09-21T20:12:52+00:00\",\"author\":{\"@id\":\"https:\/\/www.welovecycling.com\/cs\/#\/schema\/person\/d9eeb0a378f3a7e4a6d12d2b536b04b8\"},\"description\":\"M\u00e1me tu pro v\u00e1s n\u011bco, \u010d\u00edm ud\u011bl\u00e1te radost d\u011btem (to u\u017e zase mus\u00edme na kolo? no jo, ale tentokr\u00e1t po rovin\u011b). A \u010d\u00edm ud\u011bl\u00e1te radost hlavn\u011b sob\u011b. Proto\u017ee pr\u00e1v\u011b te\u010f to na ji\u017en\u00ed Morav\u011b kvas\u00ed, brzy se za\u010dne st\u00e1\u010det, p\u00edt, chutnat, nakonec zp\u00edvat, tan\u010dit a pak mo\u017en\u00e1\u2026 Ale ne, jsou tu p\u0159ece d\u011bti. Tak je vezm\u011bte na kolo kolem Novoml\u00fdnsk\u00fdch n\u00e1dr\u017e\u00ed.\",\"inLanguage\":\"cs\",\"potentialAction\":[{\"@type\":\"ReadAction\",\"target\":[\"https:\/\/www.welovecycling.com\/cs\/2025\/09\/21\/tip-na-cyklovylet-cesta-na-mars-kolem-venuse\/\"]}]},{\"@type\":\"ImageObject\",\"inLanguage\":\"cs\",\"@id\":\"https:\/\/www.welovecycling.com\/cs\/2025\/09\/21\/tip-na-cyklovylet-cesta-na-mars-kolem-venuse\/#primaryimage\",\"url\":\"https:\/\/d2p6e6u75xmxt8.cloudfront.net\/13\/2025\/09\/IMG_20230708_203626_edit_21322142277995-scaled.webp\",\"contentUrl\":\"https:\/\/d2p6e6u75xmxt8.cloudfront.net\/13\/2025\/09\/IMG_20230708_203626_edit_21322142277995-scaled.webp\",\"width\":2560,\"height\":1920,\"caption\":\"Tip na v\u00fdlet: P\u00e1lava, Venu\u0161e\"},{\"@type\":\"WebSite\",\"@id\":\"https:\/\/www.welovecycling.com\/cs\/#website\",\"url\":\"https:\/\/www.welovecycling.com\/cs\/\",\"name\":\"\u0160koda We Love Cycling - \u010cesk\u00e1 republika\",\"description\":\"WeLoveCycling.cz je online magaz\u00edn, kter\u00fd v\u00e1m pravideln\u011b p\u0159in\u00e1\u0161\u00ed rady a tipy, zaj\u00edmav\u00e9 \u010dl\u00e1nky, videa a jedine\u010dn\u00e9 report\u00e1\u017ee ze sv\u011bta cyklistiky.\",\"potentialAction\":[{\"@type\":\"SearchAction\",\"target\":{\"@type\":\"EntryPoint\",\"urlTemplate\":\"https:\/\/www.welovecycling.com\/cs\/?s={search_term_string}\"},\"query-input\":{\"@type\":\"PropertyValueSpecification\",\"valueRequired\":true,\"valueName\":\"search_term_string\"}}],\"inLanguage\":\"cs\"},{\"@type\":\"Person\",\"@id\":\"https:\/\/www.welovecycling.com\/cs\/#\/schema\/person\/d9eeb0a378f3a7e4a6d12d2b536b04b8\",\"name\":\"radekmalina\",\"image\":{\"@type\":\"ImageObject\",\"inLanguage\":\"cs\",\"@id\":\"https:\/\/www.welovecycling.com\/cs\/#\/schema\/person\/image\/\",\"url\":\"https:\/\/secure.gravatar.com\/avatar\/66994b632cb8c39a46b9f54afa3ae07201b678d32a54275b6f1c9ffec356bfc0?s=96&d=mm&r=g\",\"contentUrl\":\"https:\/\/secure.gravatar.com\/avatar\/66994b632cb8c39a46b9f54afa3ae07201b678d32a54275b6f1c9ffec356bfc0?s=96&d=mm&r=g\",\"caption\":\"radekmalina\"},\"url\":\"https:\/\/www.welovecycling.com\/cs\/author\/radekmalina\/\"}]}<\/script>\n<!-- \/ Yoast SEO Premium plugin. -->","yoast_head_json":{"title":"Tip na cyklov\u00fdlet: cesta na\u00a0Mars kolem Venu\u0161e | \u0160koda We Love Cycling - \u010cesk\u00e1 republika","description":"M\u00e1me tu pro v\u00e1s n\u011bco, \u010d\u00edm ud\u011bl\u00e1te radost d\u011btem (to u\u017e zase mus\u00edme na kolo? no jo, ale tentokr\u00e1t po rovin\u011b). A \u010d\u00edm ud\u011bl\u00e1te radost hlavn\u011b sob\u011b. Proto\u017ee pr\u00e1v\u011b te\u010f to na ji\u017en\u00ed Morav\u011b kvas\u00ed, brzy se za\u010dne st\u00e1\u010det, p\u00edt, chutnat, nakonec zp\u00edvat, tan\u010dit a pak mo\u017en\u00e1\u2026 Ale ne, jsou tu p\u0159ece d\u011bti. Tak je vezm\u011bte na kolo kolem Novoml\u00fdnsk\u00fdch n\u00e1dr\u017e\u00ed.","robots":{"index":"index","follow":"follow","max-snippet":"max-snippet:-1","max-image-preview":"max-image-preview:large","max-video-preview":"max-video-preview:-1"},"canonical":"https:\/\/www.welovecycling.com\/cs\/2025\/09\/21\/tip-na-cyklovylet-cesta-na-mars-kolem-venuse\/","og_locale":"cs_CZ","og_type":"article","og_title":"Tip na cyklov\u00fdlet: cesta na\u00a0Mars kolem Venu\u0161e","og_description":"M\u00e1me tu pro v\u00e1s n\u011bco, \u010d\u00edm ud\u011bl\u00e1te radost d\u011btem (to u\u017e zase mus\u00edme na kolo? no jo, ale tentokr\u00e1t po rovin\u011b). A \u010d\u00edm ud\u011bl\u00e1te radost hlavn\u011b sob\u011b. Proto\u017ee pr\u00e1v\u011b te\u010f to na ji\u017en\u00ed Morav\u011b kvas\u00ed, brzy se za\u010dne st\u00e1\u010det, p\u00edt, chutnat, nakonec zp\u00edvat, tan\u010dit a pak mo\u017en\u00e1\u2026 Ale ne, jsou tu p\u0159ece d\u011bti. Tak je vezm\u011bte na kolo kolem Novoml\u00fdnsk\u00fdch n\u00e1dr\u017e\u00ed.","og_url":"https:\/\/www.welovecycling.com\/cs\/2025\/09\/21\/tip-na-cyklovylet-cesta-na-mars-kolem-venuse\/","og_site_name":"\u0160koda We Love Cycling - \u010cesk\u00e1 republika","article_published_time":"2025-09-21T07:00:58+00:00","article_modified_time":"2025-09-21T20:12:52+00:00","og_image":[{"width":2560,"height":1920,"url":"https:\/\/d2p6e6u75xmxt8.cloudfront.net\/13\/2025\/09\/IMG_20230708_203626_edit_21322142277995-scaled.webp","type":"image\/webp"}],"author":"radekmalina","twitter_card":"summary_large_image","twitter_misc":{"Written by":"We Love Cycling","Est. reading time":"5"},"schema":{"@context":"https:\/\/schema.org","@graph":[{"@type":"WebPage","@id":"https:\/\/www.welovecycling.com\/cs\/2025\/09\/21\/tip-na-cyklovylet-cesta-na-mars-kolem-venuse\/","url":"https:\/\/www.welovecycling.com\/cs\/2025\/09\/21\/tip-na-cyklovylet-cesta-na-mars-kolem-venuse\/","name":"Tip na cyklov\u00fdlet: cesta na\u00a0Mars kolem Venu\u0161e | \u0160koda We Love Cycling - \u010cesk\u00e1 republika","isPartOf":{"@id":"https:\/\/www.welovecycling.com\/cs\/#website"},"primaryImageOfPage":{"@id":"https:\/\/www.welovecycling.com\/cs\/2025\/09\/21\/tip-na-cyklovylet-cesta-na-mars-kolem-venuse\/#primaryimage"},"image":{"@id":"https:\/\/www.welovecycling.com\/cs\/2025\/09\/21\/tip-na-cyklovylet-cesta-na-mars-kolem-venuse\/#primaryimage"},"thumbnailUrl":"https:\/\/d2p6e6u75xmxt8.cloudfront.net\/13\/2025\/09\/IMG_20230708_203626_edit_21322142277995-scaled.webp","datePublished":"2025-09-21T07:00:58+00:00","dateModified":"2025-09-21T20:12:52+00:00","author":{"@id":"https:\/\/www.welovecycling.com\/cs\/#\/schema\/person\/d9eeb0a378f3a7e4a6d12d2b536b04b8"},"description":"M\u00e1me tu pro v\u00e1s n\u011bco, \u010d\u00edm ud\u011bl\u00e1te radost d\u011btem (to u\u017e zase mus\u00edme na kolo? no jo, ale tentokr\u00e1t po rovin\u011b). A \u010d\u00edm ud\u011bl\u00e1te radost hlavn\u011b sob\u011b. Proto\u017ee pr\u00e1v\u011b te\u010f to na ji\u017en\u00ed Morav\u011b kvas\u00ed, brzy se za\u010dne st\u00e1\u010det, p\u00edt, chutnat, nakonec zp\u00edvat, tan\u010dit a pak mo\u017en\u00e1\u2026 Ale ne, jsou tu p\u0159ece d\u011bti. Tak je vezm\u011bte na kolo kolem Novoml\u00fdnsk\u00fdch n\u00e1dr\u017e\u00ed.","inLanguage":"cs","potentialAction":[{"@type":"ReadAction","target":["https:\/\/www.welovecycling.com\/cs\/2025\/09\/21\/tip-na-cyklovylet-cesta-na-mars-kolem-venuse\/"]}]},{"@type":"ImageObject","inLanguage":"cs","@id":"https:\/\/www.welovecycling.com\/cs\/2025\/09\/21\/tip-na-cyklovylet-cesta-na-mars-kolem-venuse\/#primaryimage","url":"https:\/\/d2p6e6u75xmxt8.cloudfront.net\/13\/2025\/09\/IMG_20230708_203626_edit_21322142277995-scaled.webp","contentUrl":"https:\/\/d2p6e6u75xmxt8.cloudfront.net\/13\/2025\/09\/IMG_20230708_203626_edit_21322142277995-scaled.webp","width":2560,"height":1920,"caption":"Tip na v\u00fdlet: P\u00e1lava, Venu\u0161e"},{"@type":"WebSite","@id":"https:\/\/www.welovecycling.com\/cs\/#website","url":"https:\/\/www.welovecycling.com\/cs\/","name":"\u0160koda We Love Cycling - \u010cesk\u00e1 republika","description":"WeLoveCycling.cz je online magaz\u00edn, kter\u00fd v\u00e1m pravideln\u011b p\u0159in\u00e1\u0161\u00ed rady a tipy, zaj\u00edmav\u00e9 \u010dl\u00e1nky, videa a jedine\u010dn\u00e9 report\u00e1\u017ee ze sv\u011bta cyklistiky.","potentialAction":[{"@type":"SearchAction","target":{"@type":"EntryPoint","urlTemplate":"https:\/\/www.welovecycling.com\/cs\/?s={search_term_string}"},"query-input":{"@type":"PropertyValueSpecification","valueRequired":true,"valueName":"search_term_string"}}],"inLanguage":"cs"},{"@type":"Person","@id":"https:\/\/www.welovecycling.com\/cs\/#\/schema\/person\/d9eeb0a378f3a7e4a6d12d2b536b04b8","name":"radekmalina","image":{"@type":"ImageObject","inLanguage":"cs","@id":"https:\/\/www.welovecycling.com\/cs\/#\/schema\/person\/image\/","url":"https:\/\/secure.gravatar.com\/avatar\/66994b632cb8c39a46b9f54afa3ae07201b678d32a54275b6f1c9ffec356bfc0?s=96&d=mm&r=g","contentUrl":"https:\/\/secure.gravatar.com\/avatar\/66994b632cb8c39a46b9f54afa3ae07201b678d32a54275b6f1c9ffec356bfc0?s=96&d=mm&r=g","caption":"radekmalina"},"url":"https:\/\/www.welovecycling.com\/cs\/author\/radekmalina\/"}]}},"_links":{"self":[{"href":"https:\/\/www.welovecycling.com\/cs\/wp-json\/wp\/v2\/posts\/31053","targetHints":{"allow":["GET"]}}],"collection":[{"href":"https:\/\/www.welovecycling.com\/cs\/wp-json\/wp\/v2\/posts"}],"about":[{"href":"https:\/\/www.welovecycling.com\/cs\/wp-json\/wp\/v2\/types\/post"}],"author":[{"embeddable":true,"href":"https:\/\/www.welovecycling.com\/cs\/wp-json\/wp\/v2\/users\/138"}],"replies":[{"embeddable":true,"href":"https:\/\/www.welovecycling.com\/cs\/wp-json\/wp\/v2\/comments?post=31053"}],"version-history":[{"count":1,"href":"https:\/\/www.welovecycling.com\/cs\/wp-json\/wp\/v2\/posts\/31053\/revisions"}],"predecessor-version":[{"id":31060,"href":"https:\/\/www.welovecycling.com\/cs\/wp-json\/wp\/v2\/posts\/31053\/revisions\/31060"}],"wp:featuredmedia":[{"embeddable":true,"href":"https:\/\/www.welovecycling.com\/cs\/wp-json\/wp\/v2\/media\/31055"}],"wp:attachment":[{"href":"https:\/\/www.welovecycling.com\/cs\/wp-json\/wp\/v2\/media?parent=31053"}],"wp:term":[{"taxonomy":"category","embeddable":true,"href":"https:\/\/www.welovecycling.com\/cs\/wp-json\/wp\/v2\/categories?post=31053"},{"taxonomy":"post_tag","embeddable":true,"href":"https:\/\/www.welovecycling.com\/cs\/wp-json\/wp\/v2\/tags?post=31053"},{"taxonomy":"global-categories","embeddable":true,"href":"https:\/\/www.welovecycling.com\/cs\/wp-json\/wp\/v2\/global-categories?post=31053"}],"curies":[{"name":"wp","href":"https:\/\/api.w.org\/{rel}","templated":true}]}}