{"id":31046,"date":"2025-09-21T21:53:50","date_gmt":"2025-09-21T19:53:50","guid":{"rendered":"https:\/\/www.welovecycling.com\/cs\/?p=31046"},"modified":"2025-09-21T21:53:50","modified_gmt":"2025-09-21T19:53:50","slug":"duhovy-hattrick-a-jako-bonus-evenepoel-ponizil-pogacara","status":"publish","type":"post","link":"https:\/\/www.welovecycling.com\/cs\/2025\/09\/21\/duhovy-hattrick-a-jako-bonus-evenepoel-ponizil-pogacara\/","title":{"rendered":"Duhov\u00fd hattrick. A jako bonus Evenepoel pon\u00ed\u017eil Poga\u010dara"},"content":{"rendered":"<p><strong>Let\u011bl jako st\u00edha\u010dka. Byla to spanil\u00e1 j\u00edzda. Belgi\u010dan Remco Evenepoel je pot\u0159et\u00ed v \u0159ad\u011b mistrem sv\u011bta v \u010dasovce. P\u0159i bitv\u011b o druhov\u00fd trikot v Kigali rozdrtil startovn\u00ed pole a \u00fahlavn\u00edho rivala Tadeje Poga\u010dara ze Slovinska dokonce na trati p\u0159edjel!<\/strong><\/p>\n<p>&#8222;\u010casovka pro m\u011b byla jedn\u00edm z vrchol\u016f sezony. A je kr\u00e1sn\u00e9, \u017ee jsem vyhr\u00e1l takov\u00fdm zp\u016fsobem. Hned od startu jsem se c\u00edtil dob\u0159e. Jel jsem ve vlastn\u00edm tempu a c\u00edtil, jak se moje nohy skv\u011ble ot\u00e1\u010d\u00ed. P\u0159itom jsem se v\u016fbec nedostal do \u010derven\u00fdch \u010d\u00edsel. Na prvn\u00edm mezi\u010dase jsem m\u011bl velk\u00fd odstup na Tadeje a p\u0159itom jsem dok\u00e1zal stejn\u00e9 tempo dr\u017eet a\u017e do c\u00edle,&#8220; hodnotil Remco Evenepoel vystoupen\u00ed na \u0161ampion\u00e1tu ve Rwand\u011b.<\/p>\n<h2><strong>Remco Evenepoel drtil soupe\u0159e od startu<\/strong><\/h2>\n<p>V jednom z nejn\u00e1ro\u010dn\u011bj\u0161\u00edch \u010dasovk\u00e1\u0159sk\u00fdch z\u00e1vod\u016f historie mistrovstv\u00ed sv\u011bta p\u011btadvacetilet\u00fd Remco Evenepoel ohromil spektakul\u00e1rn\u00edm p\u0159edstaven\u00edm. Vzd\u00e1lenost 40,6 kilometr\u016f s p\u0159ev\u00fd\u0161en\u00edm 758 metr\u016f prolet\u011bl pr\u016fm\u011brnou rychlost\u00ed 48,9 kilometr\u016f v hodin\u011b.<\/p>\n<p>U\u017e na prvn\u00edm mezi\u010dase, deset kilometr\u016f od startu, byl belgick\u00fd cyklista prvn\u00ed s n\u00e1skokem \u010dty\u0159ia\u010dty\u0159icet sekund na Isaaca Del Tora z Mexika a p\u011bta\u010dty\u0159icet sekund na Tadeje Poga\u010dara. V dal\u0161\u00edm pr\u016fb\u011bhu u\u017e se rozd\u00edl jen zv\u011bt\u0161oval.<\/p>\n<figure id=\"attachment_31047\" aria-describedby=\"caption-attachment-31047\" style=\"width: 1800px\" class=\"wp-caption alignnone\"><a href=\"https:\/\/d2p6e6u75xmxt8.cloudfront.net\/13\/2025\/09\/profimedia-1039146582.webp\"><img loading=\"lazy\" decoding=\"async\" class=\"size-full wp-image-31047\" src=\"https:\/\/d2p6e6u75xmxt8.cloudfront.net\/13\/2025\/09\/profimedia-1039146582.webp\" alt=\"\" width=\"1800\" height=\"1199\" srcset=\"https:\/\/d2p6e6u75xmxt8.cloudfront.net\/13\/2025\/09\/profimedia-1039146582.webp 1800w, https:\/\/d2p6e6u75xmxt8.cloudfront.net\/13\/2025\/09\/profimedia-1039146582-300x200.webp 300w, https:\/\/d2p6e6u75xmxt8.cloudfront.net\/13\/2025\/09\/profimedia-1039146582-1024x682.webp 1024w, https:\/\/d2p6e6u75xmxt8.cloudfront.net\/13\/2025\/09\/profimedia-1039146582-768x512.webp 768w, https:\/\/d2p6e6u75xmxt8.cloudfront.net\/13\/2025\/09\/profimedia-1039146582-1536x1023.webp 1536w, https:\/\/d2p6e6u75xmxt8.cloudfront.net\/13\/2025\/09\/profimedia-1039146582-400x266.webp 400w, https:\/\/d2p6e6u75xmxt8.cloudfront.net\/13\/2025\/09\/profimedia-1039146582-272x182.webp 272w\" sizes=\"auto, (max-width: 1800px) 100vw, 1800px\" \/><\/a><figcaption id=\"caption-attachment-31047\" class=\"wp-caption-text\"><em>Remco Evenepoel p\u0159edj\u00ed\u017ed\u00ed Tadeje Poga\u010dara p\u0159i \u010dasovce na mistrovstv\u00ed sv\u011bta.<\/em><\/figcaption><\/figure>\n<p>Po \u010dty\u0159iadvaceti kilometrech byl n\u00e1skok 1:17 minuty, o dal\u0161\u00edch sedm kilometr\u016f pozd\u011bji u\u017e 1:25 minuty. Celou trasu zvl\u00e1dl Remco Evenepoel za 49:46 minuty, druh\u00fd Jay Vine z Austr\u00e1lie bral st\u0159\u00edbro s odstupem 1:14 minuty, t\u0159et\u00ed Ilan van Wilder z Belgie zaostal za v\u00edt\u011bzem 2:36 minuty. \u010ctvrt\u00fd Tadej Poga\u010dar z\u016fstal za stupni v\u00edt\u011bz\u016f jedinou sekundu.<\/p>\n<div class=\"shortcode-ys-post-pinup\"><article class=\"loop-simple post-30944 post type-post status-publish format-standard has-post-thumbnail hentry category-silnicni-cyklistika tag-chris-froome tag-cyklistika tag-konec-kariery tag-silnicni-cyklistika tag-tour-de-france tag-zdenek-stybar tag-zraneni global-categories-cycling\" data-postid=\"30944\" role=\"article\" data-post-id=\"30944\" data-word-count=\"482\" data-headline-length=\"33\" data-category=\"Silni\u010dn\u00ed cyklistika\" data-global-category=\"Cycling\" data-author=\"We Love Cycling\" data-published=\"2025-09-09T15:30:35+02:00\" data-published-day=\"Tuesday\">\n    <div class=\"entry-thumbnail article-thumbnail\" content=\"https:\/\/d2p6e6u75xmxt8.cloudfront.net\/13\/2024\/07\/1800-x-1200-velky-150x150.webp\"><a href=\"https:\/\/www.welovecycling.com\/cs\/2025\/09\/09\/froome-a-jeho-konec-nedustojne\/\" class=\"image-holder\" target=\"_self\"><img decoding=\"async\" loading=\"lazy\" class=\"\" src=\"https:\/\/d2p6e6u75xmxt8.cloudfront.net\/13\/2024\/07\/1800-x-1200-velky-1024x683.webp\" srcset=\"https:\/\/d2p6e6u75xmxt8.cloudfront.net\/13\/2024\/07\/1800-x-1200-velky.webp 1800w, https:\/\/d2p6e6u75xmxt8.cloudfront.net\/13\/2024\/07\/1800-x-1200-velky-300x200.webp 300w, https:\/\/d2p6e6u75xmxt8.cloudfront.net\/13\/2024\/07\/1800-x-1200-velky-1024x683.webp 1024w, https:\/\/d2p6e6u75xmxt8.cloudfront.net\/13\/2024\/07\/1800-x-1200-velky-768x512.webp 768w, https:\/\/d2p6e6u75xmxt8.cloudfront.net\/13\/2024\/07\/1800-x-1200-velky-1536x1024.webp 1536w, https:\/\/d2p6e6u75xmxt8.cloudfront.net\/13\/2024\/07\/1800-x-1200-velky-400x267.webp 400w, https:\/\/d2p6e6u75xmxt8.cloudfront.net\/13\/2024\/07\/1800-x-1200-velky-272x182.webp 272w\" width=\"1024\" height=\"683\" sizes=\"auto, (min-width: 1200px) 300px, (min-width: 768px) 25vw, 100vw\" alt=\"froome-a-jeho-konec-nedustojne\"\/><\/a><\/div>    <div class=\"entry-meta\">\n        <a class=\"label label-secondary post-category\" href=\"https:\/\/www.welovecycling.com\/cs\/category\/silnicni-cyklistika\/\" title=\"Silni\u010dn\u00ed cyklistika\">Silni\u010dn\u00ed cyklistika<\/a>\n    <\/div>\n    <div class=\"entry-details\">\n        <a href=\"https:\/\/www.welovecycling.com\/cs\/2025\/09\/09\/froome-a-jeho-konec-nedustojne\/\" class='entry-title-wrapper'>\n            <h3 class=\"entry-title\"><span>Froome a jeho konec? Ned\u016fstojn\u00e9<\/span><\/h3>\n        <\/a>\n    <\/div>\n    <\/article>\n<\/div>\n<p>&#8222;Dal jsem do z\u00e1vodu \u00fapln\u011b v\u0161echno. Posledn\u00edch \u010dty\u0159i sta metr\u016f bylo v\u00e1\u017en\u011b t\u011b\u017ek\u00fdch. V\u011bd\u011bl jsem, \u017ee se p\u0159ibli\u017euji k Tadejovi. Ale v den, jako byl tento, nez\u00e1le\u017e\u00ed na soupe\u0159\u00edch. M\u011bl jsem opravdu dobr\u00fd den,&#8220; vysv\u011btlil belgick\u00fd cyklista.<\/p>\n<h2><strong>\u017dene jej vidina \u010dty\u0159 titul\u016f<\/strong><\/h2>\n<p>Remco Evenepoel se p\u0159ipojil po bok legend. N\u011bmec Tony Martin v letech 2011 a\u017e 2013 a Australan Michael Rogers v sezon\u00e1ch 2003 a\u017e 2005 rovn\u011b\u017e vyhr\u00e1li sv\u011btov\u00fd titul t\u0159ikr\u00e1t v \u0159ad\u011b.<\/p>\n<p>&#8222;Okouzluj\u00edc\u00ed spole\u010dnost. Je pro m\u011b \u010dest, \u017ee jsem se dostal na \u00farove\u0148 Martina a Rogerse. Za rok se vr\u00e1t\u00edm, abych byl prvn\u00edm, kdo vyhr\u00e1l \u010dty\u0159ikr\u00e1t v \u0159ad\u011b. \u0160el jsem s t\u00edmhle v\u011bdom\u00edm do z\u00e1vodu u\u017e tady v Kigali,&#8220; usm\u00e1l se Remco Evenepoel, kter\u00fd je nejmlad\u0161\u00edm mistrem sv\u011bta v \u010dasovce, kdy\u017e na podzim 2023 vyhr\u00e1l ve v\u011bku 23 let a 198 dn\u016f.<\/p>\n<figure id=\"attachment_31048\" aria-describedby=\"caption-attachment-31048\" style=\"width: 1800px\" class=\"wp-caption alignnone\"><a href=\"https:\/\/d2p6e6u75xmxt8.cloudfront.net\/13\/2025\/09\/profimedia-1039168148.webp\"><img loading=\"lazy\" decoding=\"async\" class=\"size-full wp-image-31048\" src=\"https:\/\/d2p6e6u75xmxt8.cloudfront.net\/13\/2025\/09\/profimedia-1039168148.webp\" alt=\"\" width=\"1800\" height=\"1199\" srcset=\"https:\/\/d2p6e6u75xmxt8.cloudfront.net\/13\/2025\/09\/profimedia-1039168148.webp 1800w, https:\/\/d2p6e6u75xmxt8.cloudfront.net\/13\/2025\/09\/profimedia-1039168148-300x200.webp 300w, https:\/\/d2p6e6u75xmxt8.cloudfront.net\/13\/2025\/09\/profimedia-1039168148-1024x682.webp 1024w, https:\/\/d2p6e6u75xmxt8.cloudfront.net\/13\/2025\/09\/profimedia-1039168148-768x512.webp 768w, https:\/\/d2p6e6u75xmxt8.cloudfront.net\/13\/2025\/09\/profimedia-1039168148-1536x1023.webp 1536w, https:\/\/d2p6e6u75xmxt8.cloudfront.net\/13\/2025\/09\/profimedia-1039168148-400x266.webp 400w, https:\/\/d2p6e6u75xmxt8.cloudfront.net\/13\/2025\/09\/profimedia-1039168148-272x182.webp 272w\" sizes=\"auto, (max-width: 1800px) 100vw, 1800px\" \/><\/a><figcaption id=\"caption-attachment-31048\" class=\"wp-caption-text\"><em>Remco Evenepoel vyhr\u00e1l na MS \u010dasovku t\u0159ikr\u00e1t v \u0159ad\u011b. Foto: profimedia (3x)<\/em><\/figcaption><\/figure>\n<p>Rekordmany \u010dasovky na mistrovstv\u00ed sv\u011bta jsou se \u010dty\u0159mi tituly Fabian Cancelara (2006, 2007, 2009 a 2010) a Tony Martin (2011, 2012, 2013 a 2016)<\/p>\n<p>Jestli\u017ee SlovinecTadej Poga\u010dar snil o historicky prvn\u00edm double v podob\u011b \u010dasovsk\u00e1\u0159sk\u00e9ho titulu a zlata z mistrovstv\u00ed sv\u011bta v hromadn\u00e9m z\u00e1vod\u011b z jedin\u00e9ho \u0161ampion\u00e1tu, pak jeho pl\u00e1n dostal dramatickou trhlinu. Nejen\u017ee v \u010dasovce z\u016fstal bez medaile. Ale jeho sebev\u011bdom\u00ed ur\u010dit\u011b nep\u0159idal okam\u017eik, kdy jej dvojn\u00e1sobn\u00fd olympijsk\u00fd \u0161ampion na trase p\u0159edstihl.<\/p>\n<p>&#8222;Nabral jsem sebev\u011bdom\u00ed pro hromadn\u00fd z\u00e1vod na \u0161ampion\u00e1tu i Monument Kolem Lombardie,&#8220; neskr\u00fdval Remco Evenepoel.<\/p>\n<p>Zato <a href=\"https:\/\/www.welovecycling.com\/cs\/2025\/07\/28\/tadej-pogacar-vyhoreni-vsechno-je-mozne\/\">Tadej Poga\u010dar<\/a> v den sedmadvac\u00e1t\u00fdch narozenin musel p\u0159ijmout ho\u0159kou pilulku. &#8222;Kv\u016fli nemoci jsem p\u0159i\u0161el o d\u016fle\u017eit\u00fd tr\u00e9ninkov\u00fd blok na \u010dasovk\u00e1\u0159sk\u00e9m kole. Ale nevymlouv\u00e1m se. Remco byl fantastick\u00fd. A jestli jel na sto procent, douf\u00e1m, \u017ee p\u0159i hromadn\u00e9m z\u00e1vod\u011b bude o procento slab\u0161\u00ed,&#8220; usm\u00e1l se slovinsk\u00fd obh\u00e1jce titulu z hromadn\u00e9ho z\u00e1vodu.<\/p>\n","protected":false},"excerpt":{"rendered":"<p>Let\u011bl jako st\u00edha\u010dka. Byla to spanil\u00e1 j\u00edzda. Belgi\u010dan Remco Evenepoel je pot\u0159et\u00ed v \u0159ad\u011b mistrem sv\u011bta v \u010dasovce. P\u0159i bitv\u011b [&hellip;]<\/p>\n","protected":false},"author":138,"featured_media":31049,"comment_status":"open","ping_status":"open","sticky":false,"template":"","format":"standard","meta":{"footnotes":""},"categories":[10],"tags":[1781,4378,1154,1072,502],"global-categories":[411],"class_list":["post-31046","post","type-post","status-publish","format-standard","has-post-thumbnail","hentry","category-silnicni-cyklistika","tag-casovka","tag-kigali","tag-mistrovstvi-sveta","tag-remco-evenepoel","tag-tadej-pogacar","global-categories-cycling"],"yoast_head":"<!-- This site is optimized with the Yoast SEO Premium plugin v25.3 (Yoast SEO v25.9) - https:\/\/yoast.com\/wordpress\/plugins\/seo\/ -->\n<title>Duhov\u00fd hattrick. A jako bonus Evenepoel pon\u00ed\u017eil Poga\u010dara | \u0160koda We Love Cycling - \u010cesk\u00e1 republika<\/title>\n<meta name=\"description\" content=\"Let\u011bl jako st\u00edha\u010dka. Byla to spanil\u00e1 j\u00edzda. Belgi\u010dan Remco Evenepoel je pot\u0159et\u00ed v \u0159ad\u011b mistrem sv\u011bta v \u010dasovce. P\u0159i bitv\u011b o druhov\u00fd trikot v Kigali rozdrtil startovn\u00ed pole a \u00fahlavn\u00edho rivala Tadeje Poga\u010dara ze Slovinska dokonce na trati p\u0159edjel!\" \/>\n<meta name=\"robots\" content=\"index, follow, max-snippet:-1, max-image-preview:large, max-video-preview:-1\" \/>\n<link rel=\"canonical\" href=\"https:\/\/www.welovecycling.com\/cs\/2025\/09\/21\/duhovy-hattrick-a-jako-bonus-evenepoel-ponizil-pogacara\/\" \/>\n<meta property=\"og:locale\" content=\"cs_CZ\" \/>\n<meta property=\"og:type\" content=\"article\" \/>\n<meta property=\"og:title\" content=\"Duhov\u00fd hattrick. A jako bonus Evenepoel pon\u00ed\u017eil Poga\u010dara\" \/>\n<meta property=\"og:description\" content=\"Let\u011bl jako st\u00edha\u010dka. Byla to spanil\u00e1 j\u00edzda. Belgi\u010dan Remco Evenepoel je pot\u0159et\u00ed v \u0159ad\u011b mistrem sv\u011bta v \u010dasovce. P\u0159i bitv\u011b o druhov\u00fd trikot v Kigali rozdrtil startovn\u00ed pole a \u00fahlavn\u00edho rivala Tadeje Poga\u010dara ze Slovinska dokonce na trati p\u0159edjel!\" \/>\n<meta property=\"og:url\" content=\"https:\/\/www.welovecycling.com\/cs\/2025\/09\/21\/duhovy-hattrick-a-jako-bonus-evenepoel-ponizil-pogacara\/\" \/>\n<meta property=\"og:site_name\" content=\"\u0160koda We Love Cycling - \u010cesk\u00e1 republika\" \/>\n<meta property=\"article:published_time\" content=\"2025-09-21T19:53:50+00:00\" \/>\n<meta property=\"og:image\" content=\"https:\/\/d2p6e6u75xmxt8.cloudfront.net\/13\/2025\/09\/profimedia-1039180391.webp\" \/>\n\t<meta property=\"og:image:width\" content=\"1800\" \/>\n\t<meta property=\"og:image:height\" content=\"1200\" \/>\n\t<meta property=\"og:image:type\" content=\"image\/webp\" \/>\n<meta name=\"author\" content=\"radekmalina\" \/>\n<meta name=\"twitter:card\" content=\"summary_large_image\" \/>\n<meta name=\"twitter:label1\" content=\"Written by\" \/>\n\t<meta name=\"twitter:data1\" content=\"We Love Cycling\" \/>\n\t<meta name=\"twitter:label2\" content=\"Est. reading time\" \/>\n\t<meta name=\"twitter:data2\" content=\"5\" \/>\n<script type=\"application\/ld+json\" class=\"yoast-schema-graph\">{\"@context\":\"https:\/\/schema.org\",\"@graph\":[{\"@type\":\"WebPage\",\"@id\":\"https:\/\/www.welovecycling.com\/cs\/2025\/09\/21\/duhovy-hattrick-a-jako-bonus-evenepoel-ponizil-pogacara\/\",\"url\":\"https:\/\/www.welovecycling.com\/cs\/2025\/09\/21\/duhovy-hattrick-a-jako-bonus-evenepoel-ponizil-pogacara\/\",\"name\":\"Duhov\u00fd hattrick. A jako bonus Evenepoel pon\u00ed\u017eil Poga\u010dara | \u0160koda We Love Cycling - \u010cesk\u00e1 republika\",\"isPartOf\":{\"@id\":\"https:\/\/www.welovecycling.com\/cs\/#website\"},\"primaryImageOfPage\":{\"@id\":\"https:\/\/www.welovecycling.com\/cs\/2025\/09\/21\/duhovy-hattrick-a-jako-bonus-evenepoel-ponizil-pogacara\/#primaryimage\"},\"image\":{\"@id\":\"https:\/\/www.welovecycling.com\/cs\/2025\/09\/21\/duhovy-hattrick-a-jako-bonus-evenepoel-ponizil-pogacara\/#primaryimage\"},\"thumbnailUrl\":\"https:\/\/d2p6e6u75xmxt8.cloudfront.net\/13\/2025\/09\/profimedia-1039180391.webp\",\"datePublished\":\"2025-09-21T19:53:50+00:00\",\"author\":{\"@id\":\"https:\/\/www.welovecycling.com\/cs\/#\/schema\/person\/d9eeb0a378f3a7e4a6d12d2b536b04b8\"},\"description\":\"Let\u011bl jako st\u00edha\u010dka. Byla to spanil\u00e1 j\u00edzda. Belgi\u010dan Remco Evenepoel je pot\u0159et\u00ed v \u0159ad\u011b mistrem sv\u011bta v \u010dasovce. P\u0159i bitv\u011b o druhov\u00fd trikot v Kigali rozdrtil startovn\u00ed pole a \u00fahlavn\u00edho rivala Tadeje Poga\u010dara ze Slovinska dokonce na trati p\u0159edjel!\",\"inLanguage\":\"cs\",\"potentialAction\":[{\"@type\":\"ReadAction\",\"target\":[\"https:\/\/www.welovecycling.com\/cs\/2025\/09\/21\/duhovy-hattrick-a-jako-bonus-evenepoel-ponizil-pogacara\/\"]}]},{\"@type\":\"ImageObject\",\"inLanguage\":\"cs\",\"@id\":\"https:\/\/www.welovecycling.com\/cs\/2025\/09\/21\/duhovy-hattrick-a-jako-bonus-evenepoel-ponizil-pogacara\/#primaryimage\",\"url\":\"https:\/\/d2p6e6u75xmxt8.cloudfront.net\/13\/2025\/09\/profimedia-1039180391.webp\",\"contentUrl\":\"https:\/\/d2p6e6u75xmxt8.cloudfront.net\/13\/2025\/09\/profimedia-1039180391.webp\",\"width\":1800,\"height\":1200,\"caption\":\"Remco Evenepoel \u010dasovka\"},{\"@type\":\"WebSite\",\"@id\":\"https:\/\/www.welovecycling.com\/cs\/#website\",\"url\":\"https:\/\/www.welovecycling.com\/cs\/\",\"name\":\"\u0160koda We Love Cycling - \u010cesk\u00e1 republika\",\"description\":\"WeLoveCycling.cz je online magaz\u00edn, kter\u00fd v\u00e1m pravideln\u011b p\u0159in\u00e1\u0161\u00ed rady a tipy, zaj\u00edmav\u00e9 \u010dl\u00e1nky, videa a jedine\u010dn\u00e9 report\u00e1\u017ee ze sv\u011bta cyklistiky.\",\"potentialAction\":[{\"@type\":\"SearchAction\",\"target\":{\"@type\":\"EntryPoint\",\"urlTemplate\":\"https:\/\/www.welovecycling.com\/cs\/?s={search_term_string}\"},\"query-input\":{\"@type\":\"PropertyValueSpecification\",\"valueRequired\":true,\"valueName\":\"search_term_string\"}}],\"inLanguage\":\"cs\"},{\"@type\":\"Person\",\"@id\":\"https:\/\/www.welovecycling.com\/cs\/#\/schema\/person\/d9eeb0a378f3a7e4a6d12d2b536b04b8\",\"name\":\"radekmalina\",\"image\":{\"@type\":\"ImageObject\",\"inLanguage\":\"cs\",\"@id\":\"https:\/\/www.welovecycling.com\/cs\/#\/schema\/person\/image\/\",\"url\":\"https:\/\/secure.gravatar.com\/avatar\/66994b632cb8c39a46b9f54afa3ae07201b678d32a54275b6f1c9ffec356bfc0?s=96&d=mm&r=g\",\"contentUrl\":\"https:\/\/secure.gravatar.com\/avatar\/66994b632cb8c39a46b9f54afa3ae07201b678d32a54275b6f1c9ffec356bfc0?s=96&d=mm&r=g\",\"caption\":\"radekmalina\"},\"url\":\"https:\/\/www.welovecycling.com\/cs\/author\/radekmalina\/\"}]}<\/script>\n<!-- \/ Yoast SEO Premium plugin. -->","yoast_head_json":{"title":"Duhov\u00fd hattrick. A jako bonus Evenepoel pon\u00ed\u017eil Poga\u010dara | \u0160koda We Love Cycling - \u010cesk\u00e1 republika","description":"Let\u011bl jako st\u00edha\u010dka. Byla to spanil\u00e1 j\u00edzda. Belgi\u010dan Remco Evenepoel je pot\u0159et\u00ed v \u0159ad\u011b mistrem sv\u011bta v \u010dasovce. P\u0159i bitv\u011b o druhov\u00fd trikot v Kigali rozdrtil startovn\u00ed pole a \u00fahlavn\u00edho rivala Tadeje Poga\u010dara ze Slovinska dokonce na trati p\u0159edjel!","robots":{"index":"index","follow":"follow","max-snippet":"max-snippet:-1","max-image-preview":"max-image-preview:large","max-video-preview":"max-video-preview:-1"},"canonical":"https:\/\/www.welovecycling.com\/cs\/2025\/09\/21\/duhovy-hattrick-a-jako-bonus-evenepoel-ponizil-pogacara\/","og_locale":"cs_CZ","og_type":"article","og_title":"Duhov\u00fd hattrick. A jako bonus Evenepoel pon\u00ed\u017eil Poga\u010dara","og_description":"Let\u011bl jako st\u00edha\u010dka. Byla to spanil\u00e1 j\u00edzda. Belgi\u010dan Remco Evenepoel je pot\u0159et\u00ed v \u0159ad\u011b mistrem sv\u011bta v \u010dasovce. P\u0159i bitv\u011b o druhov\u00fd trikot v Kigali rozdrtil startovn\u00ed pole a \u00fahlavn\u00edho rivala Tadeje Poga\u010dara ze Slovinska dokonce na trati p\u0159edjel!","og_url":"https:\/\/www.welovecycling.com\/cs\/2025\/09\/21\/duhovy-hattrick-a-jako-bonus-evenepoel-ponizil-pogacara\/","og_site_name":"\u0160koda We Love Cycling - \u010cesk\u00e1 republika","article_published_time":"2025-09-21T19:53:50+00:00","og_image":[{"width":1800,"height":1200,"url":"https:\/\/d2p6e6u75xmxt8.cloudfront.net\/13\/2025\/09\/profimedia-1039180391.webp","type":"image\/webp"}],"author":"radekmalina","twitter_card":"summary_large_image","twitter_misc":{"Written by":"We Love Cycling","Est. reading time":"5"},"schema":{"@context":"https:\/\/schema.org","@graph":[{"@type":"WebPage","@id":"https:\/\/www.welovecycling.com\/cs\/2025\/09\/21\/duhovy-hattrick-a-jako-bonus-evenepoel-ponizil-pogacara\/","url":"https:\/\/www.welovecycling.com\/cs\/2025\/09\/21\/duhovy-hattrick-a-jako-bonus-evenepoel-ponizil-pogacara\/","name":"Duhov\u00fd hattrick. A jako bonus Evenepoel pon\u00ed\u017eil Poga\u010dara | \u0160koda We Love Cycling - \u010cesk\u00e1 republika","isPartOf":{"@id":"https:\/\/www.welovecycling.com\/cs\/#website"},"primaryImageOfPage":{"@id":"https:\/\/www.welovecycling.com\/cs\/2025\/09\/21\/duhovy-hattrick-a-jako-bonus-evenepoel-ponizil-pogacara\/#primaryimage"},"image":{"@id":"https:\/\/www.welovecycling.com\/cs\/2025\/09\/21\/duhovy-hattrick-a-jako-bonus-evenepoel-ponizil-pogacara\/#primaryimage"},"thumbnailUrl":"https:\/\/d2p6e6u75xmxt8.cloudfront.net\/13\/2025\/09\/profimedia-1039180391.webp","datePublished":"2025-09-21T19:53:50+00:00","author":{"@id":"https:\/\/www.welovecycling.com\/cs\/#\/schema\/person\/d9eeb0a378f3a7e4a6d12d2b536b04b8"},"description":"Let\u011bl jako st\u00edha\u010dka. Byla to spanil\u00e1 j\u00edzda. Belgi\u010dan Remco Evenepoel je pot\u0159et\u00ed v \u0159ad\u011b mistrem sv\u011bta v \u010dasovce. P\u0159i bitv\u011b o druhov\u00fd trikot v Kigali rozdrtil startovn\u00ed pole a \u00fahlavn\u00edho rivala Tadeje Poga\u010dara ze Slovinska dokonce na trati p\u0159edjel!","inLanguage":"cs","potentialAction":[{"@type":"ReadAction","target":["https:\/\/www.welovecycling.com\/cs\/2025\/09\/21\/duhovy-hattrick-a-jako-bonus-evenepoel-ponizil-pogacara\/"]}]},{"@type":"ImageObject","inLanguage":"cs","@id":"https:\/\/www.welovecycling.com\/cs\/2025\/09\/21\/duhovy-hattrick-a-jako-bonus-evenepoel-ponizil-pogacara\/#primaryimage","url":"https:\/\/d2p6e6u75xmxt8.cloudfront.net\/13\/2025\/09\/profimedia-1039180391.webp","contentUrl":"https:\/\/d2p6e6u75xmxt8.cloudfront.net\/13\/2025\/09\/profimedia-1039180391.webp","width":1800,"height":1200,"caption":"Remco Evenepoel \u010dasovka"},{"@type":"WebSite","@id":"https:\/\/www.welovecycling.com\/cs\/#website","url":"https:\/\/www.welovecycling.com\/cs\/","name":"\u0160koda We Love Cycling - \u010cesk\u00e1 republika","description":"WeLoveCycling.cz je online magaz\u00edn, kter\u00fd v\u00e1m pravideln\u011b p\u0159in\u00e1\u0161\u00ed rady a tipy, zaj\u00edmav\u00e9 \u010dl\u00e1nky, videa a jedine\u010dn\u00e9 report\u00e1\u017ee ze sv\u011bta cyklistiky.","potentialAction":[{"@type":"SearchAction","target":{"@type":"EntryPoint","urlTemplate":"https:\/\/www.welovecycling.com\/cs\/?s={search_term_string}"},"query-input":{"@type":"PropertyValueSpecification","valueRequired":true,"valueName":"search_term_string"}}],"inLanguage":"cs"},{"@type":"Person","@id":"https:\/\/www.welovecycling.com\/cs\/#\/schema\/person\/d9eeb0a378f3a7e4a6d12d2b536b04b8","name":"radekmalina","image":{"@type":"ImageObject","inLanguage":"cs","@id":"https:\/\/www.welovecycling.com\/cs\/#\/schema\/person\/image\/","url":"https:\/\/secure.gravatar.com\/avatar\/66994b632cb8c39a46b9f54afa3ae07201b678d32a54275b6f1c9ffec356bfc0?s=96&d=mm&r=g","contentUrl":"https:\/\/secure.gravatar.com\/avatar\/66994b632cb8c39a46b9f54afa3ae07201b678d32a54275b6f1c9ffec356bfc0?s=96&d=mm&r=g","caption":"radekmalina"},"url":"https:\/\/www.welovecycling.com\/cs\/author\/radekmalina\/"}]}},"_links":{"self":[{"href":"https:\/\/www.welovecycling.com\/cs\/wp-json\/wp\/v2\/posts\/31046","targetHints":{"allow":["GET"]}}],"collection":[{"href":"https:\/\/www.welovecycling.com\/cs\/wp-json\/wp\/v2\/posts"}],"about":[{"href":"https:\/\/www.welovecycling.com\/cs\/wp-json\/wp\/v2\/types\/post"}],"author":[{"embeddable":true,"href":"https:\/\/www.welovecycling.com\/cs\/wp-json\/wp\/v2\/users\/138"}],"replies":[{"embeddable":true,"href":"https:\/\/www.welovecycling.com\/cs\/wp-json\/wp\/v2\/comments?post=31046"}],"version-history":[{"count":2,"href":"https:\/\/www.welovecycling.com\/cs\/wp-json\/wp\/v2\/posts\/31046\/revisions"}],"predecessor-version":[{"id":31051,"href":"https:\/\/www.welovecycling.com\/cs\/wp-json\/wp\/v2\/posts\/31046\/revisions\/31051"}],"wp:featuredmedia":[{"embeddable":true,"href":"https:\/\/www.welovecycling.com\/cs\/wp-json\/wp\/v2\/media\/31049"}],"wp:attachment":[{"href":"https:\/\/www.welovecycling.com\/cs\/wp-json\/wp\/v2\/media?parent=31046"}],"wp:term":[{"taxonomy":"category","embeddable":true,"href":"https:\/\/www.welovecycling.com\/cs\/wp-json\/wp\/v2\/categories?post=31046"},{"taxonomy":"post_tag","embeddable":true,"href":"https:\/\/www.welovecycling.com\/cs\/wp-json\/wp\/v2\/tags?post=31046"},{"taxonomy":"global-categories","embeddable":true,"href":"https:\/\/www.welovecycling.com\/cs\/wp-json\/wp\/v2\/global-categories?post=31046"}],"curies":[{"name":"wp","href":"https:\/\/api.w.org\/{rel}","templated":true}]}}