{"id":3104,"date":"2019-07-22T15:14:33","date_gmt":"2019-07-22T14:14:33","guid":{"rendered":"https:\/\/www.welovecycling.com\/cs\/?p=3104"},"modified":"2019-07-22T15:56:06","modified_gmt":"2019-07-22T14:56:06","slug":"legenda-nezklamala-letape-du-tour-tleskala-legendarni-slavii","status":"publish","type":"post","link":"https:\/\/www.welovecycling.com\/cs\/2019\/07\/22\/legenda-nezklamala-letape-du-tour-tleskala-legendarni-slavii\/","title":{"rendered":"Legenda nezklamala. L\u2019\u00c9tape du Tour tleskala Slavii a Vladim\u00edrovi!"},"content":{"rendered":"<p><strong>P\u016fl roku pr\u00e1ce, tr\u00e9nink a 17 hodin k tomu. Cyklonad\u0161enec Vladim\u00edr Vidim to dok\u00e1zal! Na replice historick\u00e9ho kola Slavia z\u00a0roku 1896 absolvoval jedinou etapu slavn\u00e9 <a href=\"https:\/\/www.letour.fr\/en\/\">Tour de France<\/a> otev\u0159enou ve\u0159ejnosti. Po 17 hodin\u00e1ch a 17 minut\u00e1ch dorazil p\u016fl hodiny po sobotn\u00ed p\u016flnoci do c\u00edle ve Val Thorens. Vys\u00edlen\u00fd, ale \u0161\u0165astn\u00fd. Na kole bez brzd a p\u0159evodu zvl\u00e1dl 135 kilometr\u016f dlouhou horskou etapu slavn\u00e9 <a href=\"https:\/\/www.letapedutour.com\/en\">L&#8217;\u00c9tape du Tour<\/a>.<\/strong><\/p>\n<p><!--more--><\/p>\n<p><strong>V\u00a0tuto chv\u00edli uplynulo zhruba deset hodin od va\u0161eho dojezdu. Jak\u00e9 se ve v\u00e1s m\u00eds\u00ed pocity?<\/strong><\/p>\n<p>Proch\u00e1z\u00edm se. Bylo to kr\u00e1sn\u00e9, n\u00e1dhern\u00e9, dojel jsem v\u00a0p\u016fl jedn\u00e9 r\u00e1no, trvalo mi to 17 hodin a 17 minut. V\u00a0pr\u016fb\u011bhu trasy jsem \u010das v\u016fbec nesledoval, pro m\u011b bylo d\u016fle\u017eit\u00e9 to nevzd\u00e1t a dokon\u010dit cel\u00fd tento p\u0159\u00edb\u011bh, kter\u00fd pro m\u011b za\u010dal p\u0159ed p\u016fl rokem.<\/p>\n<figure id=\"attachment_3101\" aria-describedby=\"caption-attachment-3101\" style=\"width: 1024px\" class=\"wp-caption alignnone\"><a href=\"https:\/\/d2p6e6u75xmxt8.cloudfront.net\/13\/2019\/07\/2B5A4917-1.jpg\"><img loading=\"lazy\" decoding=\"async\" class=\"size-large wp-image-3101\" src=\"https:\/\/d2p6e6u75xmxt8.cloudfront.net\/13\/2019\/07\/2B5A4917-1-1024x683.jpg\" alt=\"\" width=\"1024\" height=\"683\" \/><\/a><figcaption id=\"caption-attachment-3101\" class=\"wp-caption-text\">Dok\u00e1zal to. Cyklistick\u00fd nad\u0161enec Vladim\u00edr Vidim sestavil repliku slavn\u00e9 Slavie a odjel na n\u00ed leto\u0161n\u00ed L&#8217;\u00c9tape du Tour.<\/figcaption><\/figure>\n<p><em>(O tom, jak prob\u00edhaly p\u0159\u00edpravy, stavba a testov\u00e1n\u00ed kola si m\u016f\u017eete p\u0159e\u010d\u00edst v na\u0161em \u010dl\u00e1nku<\/em> <a href=\"https:\/\/www.welovecycling.com\/cs\/2019\/07\/16\/legendarni-slavia-zazije-tour-de-france-welovecycling-ct\/\">Legend\u00e1rn\u00ed Slavia za\u017eije atmosf\u00e9ru slavn\u00e9 Tour de France<\/a><em>).<\/em><\/p>\n<p><strong>Popi\u0161te pr\u016fb\u011bh cesty z\u00a0va\u0161eho pohledu \u2013 s\u00edly, emoce, odhodl\u00e1n\u00ed<\/strong><\/p>\n<p>\u017de bych m\u011bl skon\u010dit d\u0159\u00edv ne\u017e v\u00a0c\u00edli, to jsem si nep\u0159ipou\u0161t\u011bl. Vlastn\u011b m\u011b ta my\u0161lenka v\u016fbec nenapadla. V\u00edte, s\u00a0ve\u0161kerou pokorou a bez p\u0159ehnan\u00e9ho sebev\u011bdom\u00ed, j\u00e1 u\u017e m\u00e1m p\u00e1r rekord\u016f a extr\u00e9mn\u00edch z\u00e1vod\u016f za sebou. D\u00edky tomu to m\u00e1m v\u00a0hlav\u011b nastaven\u00e9 tak, \u017ee pochybnosti vypou\u0161t\u00edm u\u017e na startu. Co se t\u00fd\u010de dojm\u016f, bylo to neskute\u010dn\u00e9. Replika kola Slavia m\u011bla tak obrovsk\u00fd \u00fasp\u011bch! Vlastn\u011b nebyl \u010dlov\u011bk, kter\u00fd by nedal najevo obdiv, podporu, radost. Lidi m\u011b pl\u00e1cali, jako bych byl z\u00e1vodn\u00edk Tour de France a vyhr\u00e1l etapu. To m\u011b obrovsky motivovalo. V\u00a0jednom kopcovit\u00e9m \u00faseku m\u011b dokonce jist\u00fd fanou\u0161ek, byl to Angli\u010dan, tla\u010dil, jen aby mi pomohl. Mo\u017en\u00e1 cht\u011bl b\u00fdt se mnou a pro\u017e\u00edt si ten okam\u017eik s\u00a0legendou, kterou kolo Slavia bezesporu je. Nezapomenu na t\u011bch p\u00e1r moment\u016f, kdy jsem doj\u00ed\u017ed\u011bl na vrchol kopce a za\u010dal obrovsk\u00fd aplaus. Cyklisti, kte\u0159\u00ed byli p\u0159ede mnou, si mysleli, \u017ee pat\u0159\u00ed jim, ale kdy\u017e se oto\u010dili a vid\u011bli m\u011b, bylo jim jasn\u00e9, \u017ee potlesk je asi ur\u010den\u00fd pro m\u011b, a tak zastavili a za\u010dali tleskat taky. To bylo dojemn\u00e9.<\/p>\n<div id='gallery-1' class='gallery galleryid-3104 gallery-columns-3 gallery-size-medium'><figure class='gallery-item'>\n\t\t\t<div class='gallery-icon portrait'>\n\t\t\t\t<a href='https:\/\/d2p6e6u75xmxt8.cloudfront.net\/13\/2019\/07\/20190721_041110110_iOS-e1563801754343.webp'><img loading=\"lazy\" decoding=\"async\" width=\"200\" height=\"300\" src=\"https:\/\/d2p6e6u75xmxt8.cloudfront.net\/13\/2019\/07\/20190721_041110110_iOS-e1563801754343-200x300.webp\" class=\"attachment-medium size-medium\" alt=\"\" srcset=\"https:\/\/d2p6e6u75xmxt8.cloudfront.net\/13\/2019\/07\/20190721_041110110_iOS-e1563801754343-200x300.webp 200w, https:\/\/d2p6e6u75xmxt8.cloudfront.net\/13\/2019\/07\/20190721_041110110_iOS-e1563801754343-683x1024.webp 683w, https:\/\/d2p6e6u75xmxt8.cloudfront.net\/13\/2019\/07\/20190721_041110110_iOS-e1563801754343-768x1152.webp 768w, https:\/\/d2p6e6u75xmxt8.cloudfront.net\/13\/2019\/07\/20190721_041110110_iOS-e1563801754343-1024x1536.webp 1024w, https:\/\/d2p6e6u75xmxt8.cloudfront.net\/13\/2019\/07\/20190721_041110110_iOS-e1563801754343.webp 1080w\" sizes=\"auto, (max-width: 200px) 100vw, 200px\" \/><\/a>\n\t\t\t<\/div><\/figure><figure class='gallery-item'>\n\t\t\t<div class='gallery-icon portrait'>\n\t\t\t\t<a href='https:\/\/d2p6e6u75xmxt8.cloudfront.net\/13\/2019\/07\/20190721_180830680_iOS-e1563801808145.webp'><img loading=\"lazy\" decoding=\"async\" width=\"200\" height=\"300\" src=\"https:\/\/d2p6e6u75xmxt8.cloudfront.net\/13\/2019\/07\/20190721_180830680_iOS-e1563801808145-200x300.webp\" class=\"attachment-medium size-medium\" alt=\"\" srcset=\"https:\/\/d2p6e6u75xmxt8.cloudfront.net\/13\/2019\/07\/20190721_180830680_iOS-e1563801808145-200x300.webp 200w, https:\/\/d2p6e6u75xmxt8.cloudfront.net\/13\/2019\/07\/20190721_180830680_iOS-e1563801808145-683x1024.webp 683w, https:\/\/d2p6e6u75xmxt8.cloudfront.net\/13\/2019\/07\/20190721_180830680_iOS-e1563801808145-768x1152.webp 768w, https:\/\/d2p6e6u75xmxt8.cloudfront.net\/13\/2019\/07\/20190721_180830680_iOS-e1563801808145-1024x1536.webp 1024w, https:\/\/d2p6e6u75xmxt8.cloudfront.net\/13\/2019\/07\/20190721_180830680_iOS-e1563801808145.webp 1080w\" sizes=\"auto, (max-width: 200px) 100vw, 200px\" \/><\/a>\n\t\t\t<\/div><\/figure><figure class='gallery-item'>\n\t\t\t<div class='gallery-icon portrait'>\n\t\t\t\t<a href='https:\/\/d2p6e6u75xmxt8.cloudfront.net\/13\/2019\/07\/20190721_182339832_iOS-e1563801793150-scaled.webp'><img loading=\"lazy\" decoding=\"async\" width=\"225\" height=\"300\" src=\"https:\/\/d2p6e6u75xmxt8.cloudfront.net\/13\/2019\/07\/20190721_182339832_iOS-e1563801793150-225x300.webp\" class=\"attachment-medium size-medium\" alt=\"\" srcset=\"https:\/\/d2p6e6u75xmxt8.cloudfront.net\/13\/2019\/07\/20190721_182339832_iOS-e1563801793150-225x300.webp 225w, https:\/\/d2p6e6u75xmxt8.cloudfront.net\/13\/2019\/07\/20190721_182339832_iOS-e1563801793150-768x1024.webp 768w, https:\/\/d2p6e6u75xmxt8.cloudfront.net\/13\/2019\/07\/20190721_182339832_iOS-e1563801793150-1152x1536.webp 1152w, https:\/\/d2p6e6u75xmxt8.cloudfront.net\/13\/2019\/07\/20190721_182339832_iOS-e1563801793150-1536x2048.webp 1536w, https:\/\/d2p6e6u75xmxt8.cloudfront.net\/13\/2019\/07\/20190721_182339832_iOS-e1563801793150-1440x1920.webp 1440w, https:\/\/d2p6e6u75xmxt8.cloudfront.net\/13\/2019\/07\/20190721_182339832_iOS-e1563801793150-scaled.webp 1920w, https:\/\/d2p6e6u75xmxt8.cloudfront.net\/13\/2019\/07\/20190721_182339832_iOS-e1563801793150-1440x1920.webp 1440w\" sizes=\"auto, (max-width: 225px) 100vw, 225px\" \/><\/a>\n\t\t\t<\/div><\/figure>\n\t\t<\/div>\n\n<p><strong>Zapochyboval jste v\u00a0pr\u016fb\u011bhu etapy?<\/strong><\/p>\n<p>Abych se p\u0159iznal, nepochyboval jsem o sv\u00e9 kondici a odhodl\u00e1n\u00ed. Jedin\u00e9 obavy, kter\u00e9 jsem m\u011bl, byly technick\u00e9ho r\u00e1zu. Aby vydr\u017eel \u0159et\u011bz a ped\u00e1ly, proto\u017ee kopce tady jsou neskute\u010dn\u00e9, p\u0159ev\u00fd\u0161en\u00ed a d\u00e9lka \u00faseku v\u00a0p\u0159ev\u00fd\u0161en\u00ed je tady mnohem n\u00e1ro\u010dn\u011bj\u0161\u00ed ne\u017e v\u00a0\u010cech\u00e1ch, kde jsem testoval. My pro takovou trasu, pro tr\u00e9nink na ni, podm\u00ednky nem\u00e1me, tedy jedin\u00e1 nejistota byla v\u00a0tom, zda to kolo zvl\u00e1dne. Kolo ale fungovalo neskute\u010dn\u011b, nebyla jedin\u00e1 z\u00e1vada, vlastn\u011b \u017e\u00e1dn\u00fd probl\u00e9m. Nepot\u0159eboval jsem jedin\u00fd kl\u00ed\u010d a jedinou opravu. Technick\u00e9 probl\u00e9my \u0159e\u0161ili jezdci kolem m\u011b, j\u00e1 v\u0161ak ne. S\u00a0kamar\u00e1dy a s Honzou Proch\u00e1zkou jsme to zvl\u00e1dli skv\u011ble. S\u00a0Honzou jsme d\u00e1vali dohromady p\u0159evod, v\u00fdrobu klik, ozuben\u00e9ho kola. Pr\u00e1v\u011b s\u00a0n\u00edm jsme hodn\u011b propo\u010d\u00edt\u00e1vali, jak to ud\u011blat, aby v\u00fdsledek odpov\u00eddal origin\u00e1lu.<\/p>\n<p><strong>Jak se jede horsk\u00e1 etapa bez brzd a p\u0159ehozu?<\/strong><\/p>\n<p>Byl jsem tady s\u00a0kamar\u00e1dem Milanem, kter\u00fd mi d\u011blal podporu. M\u011bli jsme domluveno a natr\u00e9nov\u00e1no, \u017ee kdy\u017e se kopec hodn\u011b rozjede, p\u0159isko\u010d\u00ed, chytne m\u011b za sv\u011btlo a bude m\u011b dr\u017eet. To se ale mohlo prov\u00e9st jen dvakr\u00e1t, kdy\u017e jsem kolem sebe nem\u011bl hrozen dal\u0161\u00edch jezdc\u016f. Kdyby mezi peloton n\u011bkdo vb\u011bhnul, bylo by to nebezpe\u010dn\u00e9. To jsme necht\u011bli dopustit. Tak jsem kolo z\u00a0\u0159ady prudk\u00fdch\u00a0kopc\u016f vedl a ze sv\u00fdch cyklobot, kter\u00e9 byly taky dobov\u00e9 stejn\u011b jako retrodres, jsem ud\u011blal nap\u016fl turistick\u00e9 boty. Nachodil jsem v\u00a0nich p\u0159es 40 kilometr\u016f.<\/p>\n<p><strong>Kter\u00e9 pas\u00e1\u017ee na trase byly nejhor\u0161\u00ed?<\/strong><\/p>\n<p>Jak\u00e1koliv pas\u00e1\u017e, kdy \u0161el kopec nad 8,5 %, byla t\u011b\u017ek\u00e1. Je jedno, zda to bylo do kopce nebo z\u00a0kopce. Na Slavii jsem si ov\u011b\u0159il, \u017ee ka\u017ed\u00fd kopec, kter\u00fd dok\u00e1\u017eu vyjet, dok\u00e1\u017eu i sjet. Na trase byla spousta n\u00e1dhern\u00fdch \u00fasek\u016f, kr\u00e1sn\u00e1 krajina. Naivn\u011b jsem si myslel, \u017ee si po cest\u011b u\u017eiju kr\u00e1sn\u00e9 v\u00fdhledy, budu se kochat p\u0159\u00edrodou, ale nebyl na to \u010das. Na prvn\u00edm m\u00edst\u011b byla bezpe\u010dnost, nem\u011bl jsem \u010das se tolik rozhl\u00ed\u017eet. Co se t\u00fd\u010de zaji\u0161t\u011bn\u00ed z\u00e1vodu, zna\u010den\u00ed bylo \u0161pi\u010dkov\u00e9, nedalo se zabloudit, byl jsem ale trochu zklaman\u00fd z\u00a0ob\u010derstvovac\u00edch stanic. Celou etapu jsem jel na jednu ob\u010derstvova\u010dku na trati. Kdy\u017e jsem byl na n\u011bjak\u00e9m osmdes\u00e1t\u00e9m kilometru, p\u0159ijeli jsme pozd\u011b a \u00fasek u\u017e byl zav\u0159en\u00fd. V\u00a0tomto ohledu na n\u00e1s organiz\u00e1to\u0159i tolik nemysleli a nebyli ochotni n\u00e1m d\u00e1t nap\u00edt, proto\u017ee m\u011bli v\u0161e zabaleno. Pozitivn\u00ed ale bylo, \u017ee dvacet kilometr\u016f p\u0159ed t\u00edmto bufetem vypadla n\u011bjak\u00e9mu jezdci p\u0159ede mnou ty\u010dinka, asi jak jel rychle. P\u0159i\u0161lo mi blb\u00e9 ji tam nechat, sebral jsem ji jako odpad. O p\u00e1r hodin pozd\u011bji jsem ji s\u00a0chut\u00ed z\u00a0odpadu pov\u00fd\u0161il na sva\u010dinu a sn\u011bdl. To v\u00edte, nouze. N\u00e1dhern\u00e9 bylo, kdy\u017e jsem potom proj\u00ed\u017ed\u011bl pr\u016fsmyky, kde byly karavany a fanou\u0161ci \u010dekaj\u00edc\u00ed na pr\u016fjezd. Bez mrknut\u00ed oka jsem uk\u00e1zal, \u017ee pot\u0159ebuji vodu, n\u011bjak\u00fd Francouz p\u0159isko\u010dil, do\u010depoval mi vodu a pomohl. V\u00edte, ono v\u0161echny tyto \u201elidsk\u00e9 z\u00e1\u017eitky\u201c jsou pro m\u011b asi v\u00edc ne\u017e adrenalin z\u00a0cesty, dojezdu, \u00fasp\u011bchu.<\/p>\n<figure id=\"attachment_3099\" aria-describedby=\"caption-attachment-3099\" style=\"width: 1024px\" class=\"wp-caption alignnone\"><a href=\"https:\/\/d2p6e6u75xmxt8.cloudfront.net\/13\/2019\/07\/2899f.jpeg\"><img loading=\"lazy\" decoding=\"async\" class=\"size-large wp-image-3099\" src=\"https:\/\/d2p6e6u75xmxt8.cloudfront.net\/13\/2019\/07\/2899f-1024x683.jpeg\" alt=\"\" width=\"1024\" height=\"683\" \/><\/a><figcaption id=\"caption-attachment-3099\" class=\"wp-caption-text\">Tra\u0165 L&#8217;\u00c9tape du Tour 2019 vedla z Albertville do horsk\u00e9 oblasti Val Thorens. Foto: ASO \/ A.VIALATTE<\/figcaption><\/figure>\n<p><strong>V\u00a0kolik hodin jste dojel a jak jste si u\u017eil dojezd do c\u00edle?<\/strong><\/p>\n<p>C\u00edl byl vylo\u017een\u011b a\u017e na vrcholu hory, tam jsem p\u0159esn\u011b dojel, \u010dekal na m\u011b t\u00fdm. Byli tam kameramani, dali mi medaili, \u010dekala tam rodina, kter\u00e1 m\u011b hodn\u011b podporovala t\u00edm, \u017ee sv\u00edtila autem v\u00a0z\u00e1v\u011bru cesty, kdy jsem doj\u00ed\u017ed\u011bl za hlubok\u00e9 tmy. Kdy\u017e jsme p\u0159ijeli do Val Thorens, tak u\u017e na za\u010d\u00e1tku m\u011bsta jsou z\u00e1brany, naho\u0159e jsem vid\u011bl velk\u00fd plak\u00e1t, myslel jsem, \u017ee je to c\u00edl, ale ten byl a\u017e p\u016fl kilometru za t\u00edm. Do toho spr\u00e1vn\u00e9ho c\u00edle u\u017e jsem p\u0159ijel na hran\u011b sv\u00fdch sil. P\u0159ep\u00e1lil jsem toti\u017e fini\u0161 do Val Thorens, proto\u017ee jsem myslel, \u017ee kon\u010d\u00edm p\u0159\u00edmo tam. Ten p\u016flkilometr nav\u00edc, kter\u00fd jsem je\u0161t\u011b musel u\u0161lapat, m\u011b u\u0161kva\u0159il. Byl jsem posledn\u00ed z\u00e1vodn\u00edk, kter\u00fd z\u00e1vod dojel do c\u00edle, ale byl jsem \u0161\u0165astn\u00fd.<\/p>\n<figure id=\"attachment_3103\" aria-describedby=\"caption-attachment-3103\" style=\"width: 1024px\" class=\"wp-caption alignnone\"><a href=\"https:\/\/d2p6e6u75xmxt8.cloudfront.net\/13\/2019\/07\/2B5A9299.jpg\"><img loading=\"lazy\" decoding=\"async\" class=\"size-large wp-image-3103\" src=\"https:\/\/d2p6e6u75xmxt8.cloudfront.net\/13\/2019\/07\/2B5A9299-1024x683.jpg\" alt=\"\" width=\"1024\" height=\"683\" \/><\/a><figcaption id=\"caption-attachment-3103\" class=\"wp-caption-text\">Vladim\u00edr Vidim v c\u00edli z\u00e1vodu. &#8222;Byl jsem posledn\u00ed z\u00e1vodn\u00edk, kter\u00fd tra\u0165 letos dokon\u010dil.&#8220;<\/figcaption><\/figure>\n<p><strong>Na co jste te\u010f, deset hodin po dojezdu, nejv\u00edc py\u0161n\u00fd.<\/strong><\/p>\n<p>\u017de jsem spojil zna\u010dku Laurin &amp; Klement se slavnou\u00a0Tour de France. \u017de jsem to dok\u00e1zal, dov\u00e9zt sem kolo, uk\u00e1zat jej lidem a dojet etapu.<\/p>\n<p><strong>Jak se c\u00edt\u00edte?<\/strong><\/p>\n<p>Te\u010f teprve asi bude p\u0159ich\u00e1zet pocit t\u00e9 opravdov\u00e9 \u00fanavy. Zat\u00edm jsem si neuv\u011bdomil, co jsem dok\u00e1zal. Pro\u017eitky v\u00a0c\u00edli byly utlumen\u00e9 \u00fanavou a zimou. Asi mi a\u017e te\u010f za\u010d\u00edn\u00e1 doch\u00e1zet, jakou \u0161\u00edlenost jsem zvl\u00e1dnul. Troufnu si \u0159\u00edct, \u017ee jsem asi jedin\u00fd \u201emagor\u201c, kter\u00fd se pustil do takov\u00e9 akce, ter\u00e9nu, stoup\u00e1n\u00ed na kole bez p\u0159ehazova\u010dky a do prudk\u00fdch sjezd\u016f bez brzd.<\/p>\n<p><strong>\u0160el byste do toho znovu?<\/strong><\/p>\n<p>\u0160el, ale asi bych ud\u011blal jin\u00e9 p\u0159evody. Jin\u00fd po\u010det zub\u016f. V\u00a0itiner\u00e1\u0159i jsem n\u00e1ro\u010dnost trasy trochu neodhadl, myslel jsem, \u017ee stoup\u00e1n\u00ed bude rozt\u00e1hl\u00e9 do v\u00edce kilometr\u016f, takto to bylo jednor\u00e1zov\u00e9 stoup\u00e1n\u00ed, na kter\u00e9 je t\u0159eba se jinak p\u0159ipravit v\u00a0technick\u00e9 specifikaci kola.<\/p>\n<p><strong>Jak se po t\u00e9to zku\u0161enosti zp\u011btn\u011b d\u00edv\u00e1te na Tour de France a jej\u00ed borce v\u00a0za\u010d\u00e1tc\u00edch slavn\u00e9ho z\u00e1vodu?<\/strong><\/p>\n<p>Byli to bl\u00e1zni. Jinak se to ned\u00e1 \u0159\u00edct. Smek\u00e1m p\u0159ed borci z\u00a0historie z\u00e1vodu, jezdili del\u0161\u00ed etapy ne\u017e j\u00e1, cesty vypadaly jinak, nem\u011bli doprovod, nem\u011bli z\u00e1zem\u00ed, opravovali si kola sami, byli sami sob\u011b t\u00fdmem. Uk\u00e1zali, \u017ee tehdy to nebylo jen o um\u011bn\u00ed jezdit a m\u00edt v\u016fli. Nechci se dotknout prof\u00edk\u016f, v\u00e1\u017e\u00edm si jich, ale \u0159ada z\u00a0nich moc nev\u00ed, z\u00a0\u010deho se kolo skl\u00e1d\u00e1. Nicm\u00e9n\u011b nepot\u0159ebuj\u00ed to, maj\u00ed t\u00fdm za sebou, a ti tam od toho jsou.<\/p>\n<p><a href=\"https:\/\/d2p6e6u75xmxt8.cloudfront.net\/13\/2019\/07\/2B5A5180.jpg\"><img loading=\"lazy\" decoding=\"async\" class=\"alignnone size-large wp-image-3102\" src=\"https:\/\/d2p6e6u75xmxt8.cloudfront.net\/13\/2019\/07\/2B5A5180-1024x683.jpg\" alt=\"\" width=\"1024\" height=\"683\" \/><\/a><\/p>\n<p><strong>Co v\u00e1s te\u010f \u010dek\u00e1 za program?<\/strong><\/p>\n<p>Dnes chci relaxovat u baz\u00e9nu, z\u00edtra si chci zkusit n\u011bjak\u00e9 kope\u010dky na norm\u00e1ln\u00edm kole. D\u00e1m si relaxa\u010dn\u00ed vyj\u00ed\u017e\u010fku. Co se t\u00fd\u010de fyzi\u010dky, nohy m\u011b bol\u00ed, ale nen\u00ed to tak, \u017ee bych nebyl schopn\u00fd chodit.<\/p>\n<p><strong>Sb\u00edr\u00e1te u\u017e gratulace za v\u00e1\u0161 v\u00fdkon?<\/strong><\/p>\n<p>J\u00e1 jsem na mobil je\u0161t\u011b v\u016fbec nevlezl. Jsem z\u00a0toho vlastn\u011b s\u00e1m po\u0159\u00e1d tak mimo, \u017ee si to mus\u00edm srovnat nejprve v\u00a0sob\u011b. M\u00e1m asi zpr\u00e1vy od v\u0161ech kamar\u00e1d\u016f, kte\u0159\u00ed se mnou d\u011blali p\u0159ede\u0161l\u00e9 rekordy, tady mi gratulovali ze \u0160kodovky, dostal jsem gratulaci od Muzea \u0160kodovky, gratulac\u00ed m\u00e1m moc, ale za\u010dnu se jimi prob\u00edrat a\u017e dnes ve\u010der.<\/p>\n<p><strong>D\u011bkujeme za rozhovor a gratulujeme!<\/strong><\/p>\n<p><a href=\"https:\/\/d2p6e6u75xmxt8.cloudfront.net\/13\/2019\/07\/2B5A9187.jpg\"><img loading=\"lazy\" decoding=\"async\" class=\"alignnone size-large wp-image-3090\" src=\"https:\/\/d2p6e6u75xmxt8.cloudfront.net\/13\/2019\/07\/2B5A9187-683x1024.jpg\" alt=\"\" width=\"683\" height=\"1024\" \/><\/a><\/p>\n<p>Kompletn\u00ed v\u00fdsledky leto\u0161n\u00edho ro\u010dn\u00edku L&#8217;Etape du Tour, na kter\u00e9 startoval tak\u00e9 t\u00fdm \u0160koda We Love Cycling v\u010detn\u011b legend\u00e1rn\u00edho paralympijsk\u00e9ho v\u00edt\u011bze a ambasadora na\u0161\u00ed platformy Ji\u0159\u00edho Je\u017eka, si m\u016f\u017eete prostudovat <a href=\"https:\/\/resultscui.active.com\/events\/LetapeduTour2019\">zde.<\/a><\/p>\n<figure id=\"attachment_3095\" aria-describedby=\"caption-attachment-3095\" style=\"width: 1024px\" class=\"wp-caption alignnone\"><a href=\"https:\/\/d2p6e6u75xmxt8.cloudfront.net\/13\/2019\/07\/20190721_044956220_iOS.jpg\"><img loading=\"lazy\" decoding=\"async\" class=\"wp-image-3095 size-large\" src=\"https:\/\/d2p6e6u75xmxt8.cloudfront.net\/13\/2019\/07\/20190721_044956220_iOS-1024x683.jpg\" alt=\"\" width=\"1024\" height=\"683\" \/><\/a><figcaption id=\"caption-attachment-3095\" class=\"wp-caption-text\">T\u00fdm \u0160koda We Love Cycling a Ji\u0159\u00ed Je\u017eek (vpravo) na startu L&#8217;\u00c9tape du Tour 2019.<\/figcaption><\/figure>\n","protected":false},"excerpt":{"rendered":"<p>P\u016fl roku pr\u00e1ce, tr\u00e9nink a 17 hodin k tomu. Cyklonad\u0161enec Vladim\u00edr Vidim to dok\u00e1zal! Na replice historick\u00e9ho kola Slavia z\u00a0roku [&hellip;]<\/p>\n","protected":false},"author":95,"featured_media":3091,"comment_status":"open","ping_status":"open","sticky":false,"template":"","format":"standard","meta":{"footnotes":""},"categories":[243],"tags":[130,339,338,23,341],"global-categories":[],"class_list":["post-3104","post","type-post","status-publish","format-standard","has-post-thumbnail","hentry","category-welovecycling-com-cs-tdf","tag-jiri-jezek","tag-kolo-slavia","tag-letape-du-tour","tag-tour-de-france","tag-vladimir-vidim"],"yoast_head":"<!-- This site is optimized with the Yoast SEO Premium plugin v25.3 (Yoast SEO v25.9) - https:\/\/yoast.com\/wordpress\/plugins\/seo\/ -->\n<title>Legenda nezklamala. L\u2019\u00c9tape du Tour tleskala Slavii a Vladim\u00edrovi! | \u0160koda We Love Cycling - \u010cesk\u00e1 republika<\/title>\n<meta name=\"description\" content=\"Cyklonad\u0161enec Vladim\u00edr Vidim to dok\u00e1zal! Na replice historick\u00e9ho kola Slavia z\u00a0roku 1896 absolvoval jedinou etapu slavn\u00e9 Tour de France pro ve\u0159ejnost.\" \/>\n<meta name=\"robots\" content=\"index, follow, max-snippet:-1, max-image-preview:large, max-video-preview:-1\" \/>\n<link rel=\"canonical\" href=\"https:\/\/www.welovecycling.com\/cs\/2019\/07\/22\/legenda-nezklamala-letape-du-tour-tleskala-legendarni-slavii\/\" \/>\n<meta property=\"og:locale\" content=\"cs_CZ\" \/>\n<meta property=\"og:type\" content=\"article\" \/>\n<meta property=\"og:title\" content=\"Legenda nezklamala. L\u2019\u00c9tape du Tour tleskala Slavii a Vladim\u00edrovi!\" \/>\n<meta property=\"og:description\" content=\"Cyklonad\u0161enec Vladim\u00edr Vidim to dok\u00e1zal! Na replice historick\u00e9ho kola Slavia z\u00a0roku 1896 absolvoval jedinou etapu slavn\u00e9 Tour de France pro ve\u0159ejnost.\" \/>\n<meta property=\"og:url\" content=\"https:\/\/www.welovecycling.com\/cs\/2019\/07\/22\/legenda-nezklamala-letape-du-tour-tleskala-legendarni-slavii\/\" \/>\n<meta property=\"og:site_name\" content=\"\u0160koda We Love Cycling - \u010cesk\u00e1 republika\" \/>\n<meta property=\"article:published_time\" content=\"2019-07-22T14:14:33+00:00\" \/>\n<meta property=\"article:modified_time\" content=\"2019-07-22T14:56:06+00:00\" \/>\n<meta property=\"og:image\" content=\"https:\/\/d2p6e6u75xmxt8.cloudfront.net\/13\/2019\/07\/2B5A9268-scaled.webp\" \/>\n\t<meta property=\"og:image:width\" content=\"2560\" \/>\n\t<meta property=\"og:image:height\" content=\"1707\" \/>\n\t<meta property=\"og:image:type\" content=\"image\/webp\" \/>\n<meta name=\"twitter:card\" content=\"summary_large_image\" \/>\n<meta name=\"twitter:label1\" content=\"Written by\" \/>\n\t<meta name=\"twitter:data1\" content=\"We Love Cycling \u010cR\" \/>\n\t<meta name=\"twitter:label2\" content=\"Est. reading time\" \/>\n\t<meta name=\"twitter:data2\" content=\"8\" \/>\n<script type=\"application\/ld+json\" class=\"yoast-schema-graph\">{\"@context\":\"https:\/\/schema.org\",\"@graph\":[{\"@type\":\"WebPage\",\"@id\":\"https:\/\/www.welovecycling.com\/cs\/2019\/07\/22\/legenda-nezklamala-letape-du-tour-tleskala-legendarni-slavii\/\",\"url\":\"https:\/\/www.welovecycling.com\/cs\/2019\/07\/22\/legenda-nezklamala-letape-du-tour-tleskala-legendarni-slavii\/\",\"name\":\"Legenda nezklamala. L\u2019\u00c9tape du Tour tleskala Slavii a Vladim\u00edrovi! | \u0160koda We Love Cycling - \u010cesk\u00e1 republika\",\"isPartOf\":{\"@id\":\"https:\/\/www.welovecycling.com\/cs\/#website\"},\"primaryImageOfPage\":{\"@id\":\"https:\/\/www.welovecycling.com\/cs\/2019\/07\/22\/legenda-nezklamala-letape-du-tour-tleskala-legendarni-slavii\/#primaryimage\"},\"image\":{\"@id\":\"https:\/\/www.welovecycling.com\/cs\/2019\/07\/22\/legenda-nezklamala-letape-du-tour-tleskala-legendarni-slavii\/#primaryimage\"},\"thumbnailUrl\":\"https:\/\/d2p6e6u75xmxt8.cloudfront.net\/13\/2019\/07\/2B5A9268-scaled.webp\",\"datePublished\":\"2019-07-22T14:14:33+00:00\",\"dateModified\":\"2019-07-22T14:56:06+00:00\",\"author\":{\"@id\":\"\"},\"description\":\"Cyklonad\u0161enec Vladim\u00edr Vidim to dok\u00e1zal! Na replice historick\u00e9ho kola Slavia z\u00a0roku 1896 absolvoval jedinou etapu slavn\u00e9 Tour de France pro ve\u0159ejnost.\",\"inLanguage\":\"cs\",\"potentialAction\":[{\"@type\":\"ReadAction\",\"target\":[\"https:\/\/www.welovecycling.com\/cs\/2019\/07\/22\/legenda-nezklamala-letape-du-tour-tleskala-legendarni-slavii\/\"]}]},{\"@type\":\"ImageObject\",\"inLanguage\":\"cs\",\"@id\":\"https:\/\/www.welovecycling.com\/cs\/2019\/07\/22\/legenda-nezklamala-letape-du-tour-tleskala-legendarni-slavii\/#primaryimage\",\"url\":\"https:\/\/d2p6e6u75xmxt8.cloudfront.net\/13\/2019\/07\/2B5A9268-scaled.webp\",\"contentUrl\":\"https:\/\/d2p6e6u75xmxt8.cloudfront.net\/13\/2019\/07\/2B5A9268-scaled.webp\",\"width\":2560,\"height\":1707},{\"@type\":\"WebSite\",\"@id\":\"https:\/\/www.welovecycling.com\/cs\/#website\",\"url\":\"https:\/\/www.welovecycling.com\/cs\/\",\"name\":\"\u0160koda We Love Cycling - \u010cesk\u00e1 republika\",\"description\":\"WeLoveCycling.cz je online magaz\u00edn, kter\u00fd v\u00e1m pravideln\u011b p\u0159in\u00e1\u0161\u00ed rady a tipy, zaj\u00edmav\u00e9 \u010dl\u00e1nky, videa a jedine\u010dn\u00e9 report\u00e1\u017ee ze sv\u011bta cyklistiky.\",\"potentialAction\":[{\"@type\":\"SearchAction\",\"target\":{\"@type\":\"EntryPoint\",\"urlTemplate\":\"https:\/\/www.welovecycling.com\/cs\/?s={search_term_string}\"},\"query-input\":{\"@type\":\"PropertyValueSpecification\",\"valueRequired\":true,\"valueName\":\"search_term_string\"}}],\"inLanguage\":\"cs\"},{\"@type\":\"Person\",\"@id\":\"\",\"url\":\"https:\/\/www.welovecycling.com\/cs\/author\/\"}]}<\/script>\n<!-- \/ Yoast SEO Premium plugin. -->","yoast_head_json":{"title":"Legenda nezklamala. L\u2019\u00c9tape du Tour tleskala Slavii a Vladim\u00edrovi! | \u0160koda We Love Cycling - \u010cesk\u00e1 republika","description":"Cyklonad\u0161enec Vladim\u00edr Vidim to dok\u00e1zal! Na replice historick\u00e9ho kola Slavia z\u00a0roku 1896 absolvoval jedinou etapu slavn\u00e9 Tour de France pro ve\u0159ejnost.","robots":{"index":"index","follow":"follow","max-snippet":"max-snippet:-1","max-image-preview":"max-image-preview:large","max-video-preview":"max-video-preview:-1"},"canonical":"https:\/\/www.welovecycling.com\/cs\/2019\/07\/22\/legenda-nezklamala-letape-du-tour-tleskala-legendarni-slavii\/","og_locale":"cs_CZ","og_type":"article","og_title":"Legenda nezklamala. L\u2019\u00c9tape du Tour tleskala Slavii a Vladim\u00edrovi!","og_description":"Cyklonad\u0161enec Vladim\u00edr Vidim to dok\u00e1zal! Na replice historick\u00e9ho kola Slavia z\u00a0roku 1896 absolvoval jedinou etapu slavn\u00e9 Tour de France pro ve\u0159ejnost.","og_url":"https:\/\/www.welovecycling.com\/cs\/2019\/07\/22\/legenda-nezklamala-letape-du-tour-tleskala-legendarni-slavii\/","og_site_name":"\u0160koda We Love Cycling - \u010cesk\u00e1 republika","article_published_time":"2019-07-22T14:14:33+00:00","article_modified_time":"2019-07-22T14:56:06+00:00","og_image":[{"width":2560,"height":1707,"url":"https:\/\/d2p6e6u75xmxt8.cloudfront.net\/13\/2019\/07\/2B5A9268-scaled.webp","type":"image\/webp"}],"twitter_card":"summary_large_image","twitter_misc":{"Written by":"We Love Cycling \u010cR","Est. reading time":"8"},"schema":{"@context":"https:\/\/schema.org","@graph":[{"@type":"WebPage","@id":"https:\/\/www.welovecycling.com\/cs\/2019\/07\/22\/legenda-nezklamala-letape-du-tour-tleskala-legendarni-slavii\/","url":"https:\/\/www.welovecycling.com\/cs\/2019\/07\/22\/legenda-nezklamala-letape-du-tour-tleskala-legendarni-slavii\/","name":"Legenda nezklamala. L\u2019\u00c9tape du Tour tleskala Slavii a Vladim\u00edrovi! | \u0160koda We Love Cycling - \u010cesk\u00e1 republika","isPartOf":{"@id":"https:\/\/www.welovecycling.com\/cs\/#website"},"primaryImageOfPage":{"@id":"https:\/\/www.welovecycling.com\/cs\/2019\/07\/22\/legenda-nezklamala-letape-du-tour-tleskala-legendarni-slavii\/#primaryimage"},"image":{"@id":"https:\/\/www.welovecycling.com\/cs\/2019\/07\/22\/legenda-nezklamala-letape-du-tour-tleskala-legendarni-slavii\/#primaryimage"},"thumbnailUrl":"https:\/\/d2p6e6u75xmxt8.cloudfront.net\/13\/2019\/07\/2B5A9268-scaled.webp","datePublished":"2019-07-22T14:14:33+00:00","dateModified":"2019-07-22T14:56:06+00:00","author":{"@id":""},"description":"Cyklonad\u0161enec Vladim\u00edr Vidim to dok\u00e1zal! Na replice historick\u00e9ho kola Slavia z\u00a0roku 1896 absolvoval jedinou etapu slavn\u00e9 Tour de France pro ve\u0159ejnost.","inLanguage":"cs","potentialAction":[{"@type":"ReadAction","target":["https:\/\/www.welovecycling.com\/cs\/2019\/07\/22\/legenda-nezklamala-letape-du-tour-tleskala-legendarni-slavii\/"]}]},{"@type":"ImageObject","inLanguage":"cs","@id":"https:\/\/www.welovecycling.com\/cs\/2019\/07\/22\/legenda-nezklamala-letape-du-tour-tleskala-legendarni-slavii\/#primaryimage","url":"https:\/\/d2p6e6u75xmxt8.cloudfront.net\/13\/2019\/07\/2B5A9268-scaled.webp","contentUrl":"https:\/\/d2p6e6u75xmxt8.cloudfront.net\/13\/2019\/07\/2B5A9268-scaled.webp","width":2560,"height":1707},{"@type":"WebSite","@id":"https:\/\/www.welovecycling.com\/cs\/#website","url":"https:\/\/www.welovecycling.com\/cs\/","name":"\u0160koda We Love Cycling - \u010cesk\u00e1 republika","description":"WeLoveCycling.cz je online magaz\u00edn, kter\u00fd v\u00e1m pravideln\u011b p\u0159in\u00e1\u0161\u00ed rady a tipy, zaj\u00edmav\u00e9 \u010dl\u00e1nky, videa a jedine\u010dn\u00e9 report\u00e1\u017ee ze sv\u011bta cyklistiky.","potentialAction":[{"@type":"SearchAction","target":{"@type":"EntryPoint","urlTemplate":"https:\/\/www.welovecycling.com\/cs\/?s={search_term_string}"},"query-input":{"@type":"PropertyValueSpecification","valueRequired":true,"valueName":"search_term_string"}}],"inLanguage":"cs"},{"@type":"Person","@id":"","url":"https:\/\/www.welovecycling.com\/cs\/author\/"}]}},"_links":{"self":[{"href":"https:\/\/www.welovecycling.com\/cs\/wp-json\/wp\/v2\/posts\/3104","targetHints":{"allow":["GET"]}}],"collection":[{"href":"https:\/\/www.welovecycling.com\/cs\/wp-json\/wp\/v2\/posts"}],"about":[{"href":"https:\/\/www.welovecycling.com\/cs\/wp-json\/wp\/v2\/types\/post"}],"author":[{"embeddable":true,"href":"https:\/\/www.welovecycling.com\/cs\/wp-json\/wp\/v2\/users\/95"}],"replies":[{"embeddable":true,"href":"https:\/\/www.welovecycling.com\/cs\/wp-json\/wp\/v2\/comments?post=3104"}],"version-history":[{"count":2,"href":"https:\/\/www.welovecycling.com\/cs\/wp-json\/wp\/v2\/posts\/3104\/revisions"}],"predecessor-version":[{"id":3114,"href":"https:\/\/www.welovecycling.com\/cs\/wp-json\/wp\/v2\/posts\/3104\/revisions\/3114"}],"wp:featuredmedia":[{"embeddable":true,"href":"https:\/\/www.welovecycling.com\/cs\/wp-json\/wp\/v2\/media\/3091"}],"wp:attachment":[{"href":"https:\/\/www.welovecycling.com\/cs\/wp-json\/wp\/v2\/media?parent=3104"}],"wp:term":[{"taxonomy":"category","embeddable":true,"href":"https:\/\/www.welovecycling.com\/cs\/wp-json\/wp\/v2\/categories?post=3104"},{"taxonomy":"post_tag","embeddable":true,"href":"https:\/\/www.welovecycling.com\/cs\/wp-json\/wp\/v2\/tags?post=3104"},{"taxonomy":"global-categories","embeddable":true,"href":"https:\/\/www.welovecycling.com\/cs\/wp-json\/wp\/v2\/global-categories?post=3104"}],"curies":[{"name":"wp","href":"https:\/\/api.w.org\/{rel}","templated":true}]}}